{"id":64190,"date":"2024-08-21T12:57:21","date_gmt":"2024-08-21T10:57:21","guid":{"rendered":"https:\/\/dorogimedence.hu\/?p=64190"},"modified":"2024-08-21T12:57:21","modified_gmt":"2024-08-21T10:57:21","slug":"a-kormany-2038-ra-esztergom-szentkiraly-nevu-varosreszet-nemzeti-emlekhellye-kivanja-fejleszteni","status":"publish","type":"post","link":"https:\/\/dorogimedence.hu\/index.php\/2024\/08\/21\/a-kormany-2038-ra-esztergom-szentkiraly-nevu-varosreszet-nemzeti-emlekhellye-kivanja-fejleszteni\/","title":{"rendered":"A korm\u00e1ny 2038-ra Esztergom Szentkir\u00e1ly nev\u0171 v\u00e1rosr\u00e9sz\u00e9t nemzeti eml\u00e9khelly\u00e9 k\u00edv\u00e1nja fejleszteni"},"content":{"rendered":"<p><strong>A korm\u00e1ny 2038-ra Esztergom Szentkir\u00e1ly nev\u0171 v\u00e1rosr\u00e9sz\u00e9t nemzeti eml\u00e9khelly\u00e9 k\u00edv\u00e1nja fejleszteni, amely m\u00e9lt\u00f3k\u00e9ppen szolg\u00e1lja a m\u00faltat \u00e9s az elj\u00f6vend\u0151t<\/strong> <em>&#8211; mondta a kult\u00far\u00e1\u00e9rt \u00e9s innov\u00e1ci\u00f3\u00e9rt felel\u0151s miniszter augusztus 20-\u00e1n, kedden, Esztergomban.<\/em><\/p>\n<p>Hank\u00f3 Bal\u00e1zs az augusztus 20-i nemzeti \u00fcnnep alkalm\u00e1b\u00f3l az Erzs\u00e9bet parkban megtartott \u00fcnneps\u00e9gen arr\u00f3l besz\u00e9lt, hogy a mai nap, az 1000 \u00e9ves \u00e1llamis\u00e1g \u00fcnnepe, eml\u00e9keztet arra, hogy mi, magyarok, az \u00fagynevezett bar\u00e1taink j\u00f3tan\u00e1csa n\u00e9lk\u00fcl is el tudjuk d\u00f6nteni, hogy mely \u00e9rt\u00e9keket vallunk magunk\u00e9nak, ahogyan eld\u00f6nt\u00f6tt\u00fck azt Szent Istv\u00e1n kir\u00e1ly kor\u00e1ban is. Ezek a nemzetet form\u00e1l\u00f3, nemzetet er\u0151s\u00edt\u0151 kereszt\u00e9ny hit\u00fcnk\u00f6n alapul\u00f3 \u00e9rt\u00e9kek, amelyeket tov\u00e1bbra is vallunk, \u0151rz\u00fcnk, s\u0151t er\u0151s\u00edt\u00fcnk &#8211; tette hozz\u00e1. A magyar nemzetnek nincs sz\u00fcks\u00e9ge ir\u00e1nymutat\u00e1sra, mert tudjuk, hogy kik vagyunk, honnan j\u00f6tt\u00fcnk \u00e9s hol van a hely\u00fcnk a vil\u00e1gban, mi otthon vagyunk Eur\u00f3p\u00e1ban &#8211; mondta a miniszter. Hank\u00f3 Bal\u00e1zs hangs\u00falyozta: &#8222;Szent Istv\u00e1n kir\u00e1lyunk uralkod\u00e1sa \u00f3ta, \u00e9s m\u00e1sokkal ellent\u00e9tben, itthon k\u00edv\u00e1nunk maradni \u00e9s mi akarunk itthon maradni&#8221;. Hozz\u00e1tette, hogy a magyars\u00e1g v\u00e1lasza, imm\u00e1r t\u00f6bb mint ezer \u00e9ve, a t\u00f6rt\u00e9nelem viharaiban megedz\u0151dve, ugyanaz, \u00e1llhatatos \u00e9rt\u00e9k\u0151rz\u00e9s, b\u00e1tor \u00e9rt\u00e9kteremt\u00e9s.<\/p>\n<p>A miniszter \u00fagy fogalmazott, hogy \u00e9rt\u00e9k\u0151rz\u00e9s \u00e9s \u00e9rt\u00e9kteremt\u00e9s, amely egyszerre jelenti kereszt\u00e9ny kult\u00far\u00e1nkat, j\u00f6v\u0151t ad\u00f3 csal\u00e1djainkat, jelenti tud\u00e1sunkat, hivat\u00e1sunkat, amelyeknek \u00fagy kell versenyk\u00e9pesnek lenni\u00fck, hogy k\u00f6zben megtartjuk magyar identit\u00e1sunkat. \u00c9rt\u00e9k n\u00e9lk\u00fcl a tud\u00e1s, a hivat\u00e1s, a kult\u00fara mit sem \u00e9r &#8211; f\u0171zte hozz\u00e1.<br \/>\nHank\u00f3 Bal\u00e1zs eml\u00e9keztetett Mindszenty J\u00f3zsef hercegpr\u00edm\u00e1s \u00fczenet\u00e9re, miszerint egykoron az erd\u00e9lyi fejedelmek is M\u00e1ria k\u00e9p\u00e9t verett\u00e9k p\u00e9nzeikre, mivel annyira kit\u00f6r\u00f6lhetetlen\u00fcl bele volt v\u00e9sve a k\u00f6ztudatba, hogy Magyarorsz\u00e1g M\u00e1ria orsz\u00e1ga. Szent Istv\u00e1n sz\u00f6vets\u00e9ge \u00e9rv\u00e9nyben van ma is &#8211; tette hozz\u00e1. Hank\u00f3 Bal\u00e1zs azt mondta, hogy nek\u00fcnk magyaroknak 2024-ben is k\u00f6teless\u00e9g\u00fcnk minden k\u00f6r\u00fclm\u00e9nyek k\u00f6z\u00f6tt kitartani \u00e9s k\u00fcldet\u00e9studatunkkal jobb\u00e1 \u00e9s igazabb\u00e1 tenni a vil\u00e1got. &#8222;K\u00e9rem, adj\u00e1k tov\u00e1bb gyermekeiknek, unok\u00e1iknak ezt a hitet, ezt a l\u00e1ngot, ezt a meggy\u0151z\u0151d\u00e9st&#8221; &#8211; mondta a miniszter.<\/p>\n<p><em>Forr\u00e1s: MTI<\/em><\/p>\n","protected":false},"excerpt":{"rendered":"<p>A korm\u00e1ny 2038-ra Esztergom Szentkir\u00e1ly nev\u0171 v\u00e1rosr\u00e9sz\u00e9t nemzeti eml\u00e9khelly\u00e9 k\u00edv\u00e1nja fejleszteni, amely m\u00e9lt\u00f3k\u00e9ppen szolg\u00e1lja a m\u00faltat \u00e9s az elj\u00f6vend\u0151t &#8211; mondta a kult\u00far\u00e1\u00e9rt \u00e9s innov\u00e1ci\u00f3\u00e9rt felel\u0151s miniszter augusztus 20-\u00e1n, kedden, Esztergomban. Hank\u00f3 Bal\u00e1zs az augusztus 20-i nemzeti \u00fcnnep alkalm\u00e1b\u00f3l az Erzs\u00e9bet parkban megtartott \u00fcnneps\u00e9gen arr\u00f3l besz\u00e9lt, hogy a mai nap, az 1000 \u00e9ves \u00e1llamis\u00e1g \u00fcnnepe,<\/p>\n","protected":false},"author":1,"featured_media":0,"comment_status":"closed","ping_status":"closed","sticky":false,"template":"","format":"standard","meta":{"ngg_post_thumbnail":0,"footnotes":""},"categories":[38,3],"tags":[1260,42,5624],"class_list":{"0":"post-64190","1":"post","2":"type-post","3":"status-publish","4":"format-standard","6":"category-esztergom","7":"category-hirek","8":"tag-augusztus-20","9":"tag-esztergom","10":"tag-featured"},"yoast_head":"<!-- This site is optimized with the Yoast SEO plugin v27.4 - https:\/\/yoast.com\/product\/yoast-seo-wordpress\/ -->\n<title>A korm\u00e1ny 2038-ra Esztergom Szentkir\u00e1ly nev\u0171 v\u00e1rosr\u00e9sz\u00e9t nemzeti eml\u00e9khelly\u00e9 k\u00edv\u00e1nja fejleszteni<\/title>\n<meta name=\"robots\" content=\"index, follow, max-snippet:-1, max-image-preview:large, max-video-preview:-1\" \/>\n<link rel=\"canonical\" href=\"https:\/\/dorogimedence.hu\/index.php\/2024\/08\/21\/a-kormany-2038-ra-esztergom-szentkiraly-nevu-varosreszet-nemzeti-emlekhellye-kivanja-fejleszteni\/\" class=\"yoast-seo-meta-tag\" \/>\n<meta property=\"og:locale\" content=\"hu_HU\" class=\"yoast-seo-meta-tag\" \/>\n<meta property=\"og:type\" content=\"article\" class=\"yoast-seo-meta-tag\" \/>\n<meta property=\"og:title\" content=\"A korm\u00e1ny 2038-ra Esztergom Szentkir\u00e1ly nev\u0171 v\u00e1rosr\u00e9sz\u00e9t nemzeti eml\u00e9khelly\u00e9 k\u00edv\u00e1nja fejleszteni\" class=\"yoast-seo-meta-tag\" \/>\n<meta property=\"og:description\" content=\"A korm\u00e1ny 2038-ra Esztergom Szentkir\u00e1ly nev\u0171 v\u00e1rosr\u00e9sz\u00e9t nemzeti eml\u00e9khelly\u00e9 k\u00edv\u00e1nja fejleszteni, amely m\u00e9lt\u00f3k\u00e9ppen szolg\u00e1lja a m\u00faltat \u00e9s az elj\u00f6vend\u0151t &#8211; mondta a kult\u00far\u00e1\u00e9rt \u00e9s innov\u00e1ci\u00f3\u00e9rt felel\u0151s miniszter augusztus 20-\u00e1n, kedden, Esztergomban. Hank\u00f3 Bal\u00e1zs az augusztus 20-i nemzeti \u00fcnnep alkalm\u00e1b\u00f3l az Erzs\u00e9bet parkban megtartott \u00fcnneps\u00e9gen arr\u00f3l besz\u00e9lt, hogy a mai nap, az 1000 \u00e9ves \u00e1llamis\u00e1g \u00fcnnepe,\" class=\"yoast-seo-meta-tag\" \/>\n<meta property=\"og:url\" content=\"https:\/\/dorogimedence.hu\/index.php\/2024\/08\/21\/a-kormany-2038-ra-esztergom-szentkiraly-nevu-varosreszet-nemzeti-emlekhellye-kivanja-fejleszteni\/\" class=\"yoast-seo-meta-tag\" \/>\n<meta property=\"og:site_name\" content=\"Dorogi-medence Region\u00e1lis H\u00edrport\u00e1l\" class=\"yoast-seo-meta-tag\" \/>\n<meta property=\"article:publisher\" content=\"https:\/\/www.facebook.com\/dorogimedence\/\" class=\"yoast-seo-meta-tag\" \/>\n<meta property=\"article:published_time\" content=\"2024-08-21T10:57:21+00:00\" class=\"yoast-seo-meta-tag\" \/>\n<meta property=\"og:image\" content=\"https:\/\/dorogimedence.hu\/wp-content\/uploads\/2024\/08\/hanko-balazs.jpg\" class=\"yoast-seo-meta-tag\" \/>\n\t<meta property=\"og:image:width\" content=\"1920\" class=\"yoast-seo-meta-tag\" \/>\n\t<meta property=\"og:image:height\" content=\"1227\" class=\"yoast-seo-meta-tag\" \/>\n\t<meta property=\"og:image:type\" content=\"image\/jpeg\" class=\"yoast-seo-meta-tag\" \/>\n<meta name=\"author\" content=\"dorogimedence.hu\" class=\"yoast-seo-meta-tag\" \/>\n<meta name=\"twitter:card\" content=\"summary_large_image\" class=\"yoast-seo-meta-tag\" \/>\n<meta name=\"twitter:label1\" content=\"Szerz\u0151:\" class=\"yoast-seo-meta-tag\" \/>\n\t<meta name=\"twitter:data1\" content=\"dorogimedence.hu\" class=\"yoast-seo-meta-tag\" \/>\n\t<meta name=\"twitter:label2\" content=\"Becs\u00fclt olvas\u00e1si id\u0151\" class=\"yoast-seo-meta-tag\" \/>\n\t<meta name=\"twitter:data2\" content=\"2 perc\" class=\"yoast-seo-meta-tag\" \/>\n<script type=\"application\/ld+json\" class=\"yoast-schema-graph\">{\"@context\":\"https:\\\/\\\/schema.org\",\"@graph\":[{\"@type\":\"Article\",\"@id\":\"https:\\\/\\\/dorogimedence.hu\\\/index.php\\\/2024\\\/08\\\/21\\\/a-kormany-2038-ra-esztergom-szentkiraly-nevu-varosreszet-nemzeti-emlekhellye-kivanja-fejleszteni\\\/#article\",\"isPartOf\":{\"@id\":\"https:\\\/\\\/dorogimedence.hu\\\/index.php\\\/2024\\\/08\\\/21\\\/a-kormany-2038-ra-esztergom-szentkiraly-nevu-varosreszet-nemzeti-emlekhellye-kivanja-fejleszteni\\\/\"},\"author\":{\"name\":\"dorogimedence.hu\",\"@id\":\"https:\\\/\\\/dorogimedence.hu\\\/#\\\/schema\\\/person\\\/ce6091eeb7e95ecdc87890d6aa8e0fd4\"},\"headline\":\"A korm\u00e1ny 2038-ra Esztergom Szentkir\u00e1ly nev\u0171 v\u00e1rosr\u00e9sz\u00e9t nemzeti eml\u00e9khelly\u00e9 k\u00edv\u00e1nja fejleszteni\",\"datePublished\":\"2024-08-21T10:57:21+00:00\",\"mainEntityOfPage\":{\"@id\":\"https:\\\/\\\/dorogimedence.hu\\\/index.php\\\/2024\\\/08\\\/21\\\/a-kormany-2038-ra-esztergom-szentkiraly-nevu-varosreszet-nemzeti-emlekhellye-kivanja-fejleszteni\\\/\"},\"wordCount\":470,\"publisher\":{\"@id\":\"https:\\\/\\\/dorogimedence.hu\\\/#organization\"},\"keywords\":[\"augusztus 20.\",\"esztergom\",\"featured\"],\"articleSection\":[\"Esztergom\",\"H\u00edrek\"],\"inLanguage\":\"hu\"},{\"@type\":\"WebPage\",\"@id\":\"https:\\\/\\\/dorogimedence.hu\\\/index.php\\\/2024\\\/08\\\/21\\\/a-kormany-2038-ra-esztergom-szentkiraly-nevu-varosreszet-nemzeti-emlekhellye-kivanja-fejleszteni\\\/\",\"url\":\"https:\\\/\\\/dorogimedence.hu\\\/index.php\\\/2024\\\/08\\\/21\\\/a-kormany-2038-ra-esztergom-szentkiraly-nevu-varosreszet-nemzeti-emlekhellye-kivanja-fejleszteni\\\/\",\"name\":\"A korm\u00e1ny 2038-ra Esztergom Szentkir\u00e1ly nev\u0171 v\u00e1rosr\u00e9sz\u00e9t nemzeti eml\u00e9khelly\u00e9 k\u00edv\u00e1nja fejleszteni\",\"isPartOf\":{\"@id\":\"https:\\\/\\\/dorogimedence.hu\\\/#website\"},\"datePublished\":\"2024-08-21T10:57:21+00:00\",\"breadcrumb\":{\"@id\":\"https:\\\/\\\/dorogimedence.hu\\\/index.php\\\/2024\\\/08\\\/21\\\/a-kormany-2038-ra-esztergom-szentkiraly-nevu-varosreszet-nemzeti-emlekhellye-kivanja-fejleszteni\\\/#breadcrumb\"},\"inLanguage\":\"hu\",\"potentialAction\":[{\"@type\":\"ReadAction\",\"target\":[\"https:\\\/\\\/dorogimedence.hu\\\/index.php\\\/2024\\\/08\\\/21\\\/a-kormany-2038-ra-esztergom-szentkiraly-nevu-varosreszet-nemzeti-emlekhellye-kivanja-fejleszteni\\\/\"]}]},{\"@type\":\"BreadcrumbList\",\"@id\":\"https:\\\/\\\/dorogimedence.hu\\\/index.php\\\/2024\\\/08\\\/21\\\/a-kormany-2038-ra-esztergom-szentkiraly-nevu-varosreszet-nemzeti-emlekhellye-kivanja-fejleszteni\\\/#breadcrumb\",\"itemListElement\":[{\"@type\":\"ListItem\",\"position\":1,\"name\":\"Kezd\u0151lap\",\"item\":\"https:\\\/\\\/dorogimedence.hu\\\/\"},{\"@type\":\"ListItem\",\"position\":2,\"name\":\"A korm\u00e1ny 2038-ra Esztergom Szentkir\u00e1ly nev\u0171 v\u00e1rosr\u00e9sz\u00e9t nemzeti eml\u00e9khelly\u00e9 k\u00edv\u00e1nja fejleszteni\"}]},{\"@type\":\"WebSite\",\"@id\":\"https:\\\/\\\/dorogimedence.hu\\\/#website\",\"url\":\"https:\\\/\\\/dorogimedence.hu\\\/\",\"name\":\"Dorogi-medence Region\u00e1lis H\u00edrport\u00e1l\",\"description\":\"Dorog, Keszt\u00f6lc, Le\u00e1nyv\u00e1r, Piliscs\u00e9v, Tokod, Tokodalt\u00e1r\u00f3, Csolnok, Esztergom-kertv\u00e1ros: h\u00edrek, programok\",\"publisher\":{\"@id\":\"https:\\\/\\\/dorogimedence.hu\\\/#organization\"},\"potentialAction\":[{\"@type\":\"SearchAction\",\"target\":{\"@type\":\"EntryPoint\",\"urlTemplate\":\"https:\\\/\\\/dorogimedence.hu\\\/?s={search_term_string}\"},\"query-input\":{\"@type\":\"PropertyValueSpecification\",\"valueRequired\":true,\"valueName\":\"search_term_string\"}}],\"inLanguage\":\"hu\"},{\"@type\":\"Organization\",\"@id\":\"https:\\\/\\\/dorogimedence.hu\\\/#organization\",\"name\":\"Dorogi-medence Region\u00e1lis H\u00edrport\u00e1l\",\"url\":\"https:\\\/\\\/dorogimedence.hu\\\/\",\"logo\":{\"@type\":\"ImageObject\",\"inLanguage\":\"hu\",\"@id\":\"https:\\\/\\\/dorogimedence.hu\\\/#\\\/schema\\\/logo\\\/image\\\/\",\"url\":\"https:\\\/\\\/dorogimedence.hu\\\/wp-content\\\/uploads\\\/2021\\\/04\\\/logo-feher-600.png\",\"contentUrl\":\"https:\\\/\\\/dorogimedence.hu\\\/wp-content\\\/uploads\\\/2021\\\/04\\\/logo-feher-600.png\",\"width\":600,\"height\":100,\"caption\":\"Dorogi-medence Region\u00e1lis H\u00edrport\u00e1l\"},\"image\":{\"@id\":\"https:\\\/\\\/dorogimedence.hu\\\/#\\\/schema\\\/logo\\\/image\\\/\"},\"sameAs\":[\"https:\\\/\\\/www.facebook.com\\\/dorogimedence\\\/\"]},{\"@type\":\"Person\",\"@id\":\"https:\\\/\\\/dorogimedence.hu\\\/#\\\/schema\\\/person\\\/ce6091eeb7e95ecdc87890d6aa8e0fd4\",\"name\":\"dorogimedence.hu\",\"image\":{\"@type\":\"ImageObject\",\"inLanguage\":\"hu\",\"@id\":\"\\\/\\\/www.gravatar.com\\\/avatar\\\/d8d45f8901aadff40a4af72c0b826f1d?s=96&#038;r=g&#038;d=mm\",\"url\":\"\\\/\\\/www.gravatar.com\\\/avatar\\\/d8d45f8901aadff40a4af72c0b826f1d?s=96&#038;r=g&#038;d=mm\",\"contentUrl\":\"\\\/\\\/www.gravatar.com\\\/avatar\\\/d8d45f8901aadff40a4af72c0b826f1d?s=96&#038;r=g&#038;d=mm\",\"caption\":\"dorogimedence.hu\"}}]}<\/script>\n<!-- \/ Yoast SEO plugin. -->","yoast_head_json":{"title":"A korm\u00e1ny 2038-ra Esztergom Szentkir\u00e1ly nev\u0171 v\u00e1rosr\u00e9sz\u00e9t nemzeti eml\u00e9khelly\u00e9 k\u00edv\u00e1nja fejleszteni","robots":{"index":"index","follow":"follow","max-snippet":"max-snippet:-1","max-image-preview":"max-image-preview:large","max-video-preview":"max-video-preview:-1"},"canonical":"https:\/\/dorogimedence.hu\/index.php\/2024\/08\/21\/a-kormany-2038-ra-esztergom-szentkiraly-nevu-varosreszet-nemzeti-emlekhellye-kivanja-fejleszteni\/","og_locale":"hu_HU","og_type":"article","og_title":"A korm\u00e1ny 2038-ra Esztergom Szentkir\u00e1ly nev\u0171 v\u00e1rosr\u00e9sz\u00e9t nemzeti eml\u00e9khelly\u00e9 k\u00edv\u00e1nja fejleszteni","og_description":"A korm\u00e1ny 2038-ra Esztergom Szentkir\u00e1ly nev\u0171 v\u00e1rosr\u00e9sz\u00e9t nemzeti eml\u00e9khelly\u00e9 k\u00edv\u00e1nja fejleszteni, amely m\u00e9lt\u00f3k\u00e9ppen szolg\u00e1lja a m\u00faltat \u00e9s az elj\u00f6vend\u0151t &#8211; mondta a kult\u00far\u00e1\u00e9rt \u00e9s innov\u00e1ci\u00f3\u00e9rt felel\u0151s miniszter augusztus 20-\u00e1n, kedden, Esztergomban. Hank\u00f3 Bal\u00e1zs az augusztus 20-i nemzeti \u00fcnnep alkalm\u00e1b\u00f3l az Erzs\u00e9bet parkban megtartott \u00fcnneps\u00e9gen arr\u00f3l besz\u00e9lt, hogy a mai nap, az 1000 \u00e9ves \u00e1llamis\u00e1g \u00fcnnepe,","og_url":"https:\/\/dorogimedence.hu\/index.php\/2024\/08\/21\/a-kormany-2038-ra-esztergom-szentkiraly-nevu-varosreszet-nemzeti-emlekhellye-kivanja-fejleszteni\/","og_site_name":"Dorogi-medence Region\u00e1lis H\u00edrport\u00e1l","article_publisher":"https:\/\/www.facebook.com\/dorogimedence\/","article_published_time":"2024-08-21T10:57:21+00:00","og_image":[{"width":1920,"height":1227,"url":"https:\/\/dorogimedence.hu\/wp-content\/uploads\/2024\/08\/hanko-balazs.jpg","type":"image\/jpeg"}],"author":"dorogimedence.hu","twitter_card":"summary_large_image","twitter_misc":{"Szerz\u0151:":"dorogimedence.hu","Becs\u00fclt olvas\u00e1si id\u0151":"2 perc"},"schema":{"@context":"https:\/\/schema.org","@graph":[{"@type":"Article","@id":"https:\/\/dorogimedence.hu\/index.php\/2024\/08\/21\/a-kormany-2038-ra-esztergom-szentkiraly-nevu-varosreszet-nemzeti-emlekhellye-kivanja-fejleszteni\/#article","isPartOf":{"@id":"https:\/\/dorogimedence.hu\/index.php\/2024\/08\/21\/a-kormany-2038-ra-esztergom-szentkiraly-nevu-varosreszet-nemzeti-emlekhellye-kivanja-fejleszteni\/"},"author":{"name":"dorogimedence.hu","@id":"https:\/\/dorogimedence.hu\/#\/schema\/person\/ce6091eeb7e95ecdc87890d6aa8e0fd4"},"headline":"A korm\u00e1ny 2038-ra Esztergom Szentkir\u00e1ly nev\u0171 v\u00e1rosr\u00e9sz\u00e9t nemzeti eml\u00e9khelly\u00e9 k\u00edv\u00e1nja fejleszteni","datePublished":"2024-08-21T10:57:21+00:00","mainEntityOfPage":{"@id":"https:\/\/dorogimedence.hu\/index.php\/2024\/08\/21\/a-kormany-2038-ra-esztergom-szentkiraly-nevu-varosreszet-nemzeti-emlekhellye-kivanja-fejleszteni\/"},"wordCount":470,"publisher":{"@id":"https:\/\/dorogimedence.hu\/#organization"},"keywords":["augusztus 20.","esztergom","featured"],"articleSection":["Esztergom","H\u00edrek"],"inLanguage":"hu"},{"@type":"WebPage","@id":"https:\/\/dorogimedence.hu\/index.php\/2024\/08\/21\/a-kormany-2038-ra-esztergom-szentkiraly-nevu-varosreszet-nemzeti-emlekhellye-kivanja-fejleszteni\/","url":"https:\/\/dorogimedence.hu\/index.php\/2024\/08\/21\/a-kormany-2038-ra-esztergom-szentkiraly-nevu-varosreszet-nemzeti-emlekhellye-kivanja-fejleszteni\/","name":"A korm\u00e1ny 2038-ra Esztergom Szentkir\u00e1ly nev\u0171 v\u00e1rosr\u00e9sz\u00e9t nemzeti eml\u00e9khelly\u00e9 k\u00edv\u00e1nja fejleszteni","isPartOf":{"@id":"https:\/\/dorogimedence.hu\/#website"},"datePublished":"2024-08-21T10:57:21+00:00","breadcrumb":{"@id":"https:\/\/dorogimedence.hu\/index.php\/2024\/08\/21\/a-kormany-2038-ra-esztergom-szentkiraly-nevu-varosreszet-nemzeti-emlekhellye-kivanja-fejleszteni\/#breadcrumb"},"inLanguage":"hu","potentialAction":[{"@type":"ReadAction","target":["https:\/\/dorogimedence.hu\/index.php\/2024\/08\/21\/a-kormany-2038-ra-esztergom-szentkiraly-nevu-varosreszet-nemzeti-emlekhellye-kivanja-fejleszteni\/"]}]},{"@type":"BreadcrumbList","@id":"https:\/\/dorogimedence.hu\/index.php\/2024\/08\/21\/a-kormany-2038-ra-esztergom-szentkiraly-nevu-varosreszet-nemzeti-emlekhellye-kivanja-fejleszteni\/#breadcrumb","itemListElement":[{"@type":"ListItem","position":1,"name":"Kezd\u0151lap","item":"https:\/\/dorogimedence.hu\/"},{"@type":"ListItem","position":2,"name":"A korm\u00e1ny 2038-ra Esztergom Szentkir\u00e1ly nev\u0171 v\u00e1rosr\u00e9sz\u00e9t nemzeti eml\u00e9khelly\u00e9 k\u00edv\u00e1nja fejleszteni"}]},{"@type":"WebSite","@id":"https:\/\/dorogimedence.hu\/#website","url":"https:\/\/dorogimedence.hu\/","name":"Dorogi-medence Region\u00e1lis H\u00edrport\u00e1l","description":"Dorog, Keszt\u00f6lc, Le\u00e1nyv\u00e1r, Piliscs\u00e9v, Tokod, Tokodalt\u00e1r\u00f3, Csolnok, Esztergom-kertv\u00e1ros: h\u00edrek, programok","publisher":{"@id":"https:\/\/dorogimedence.hu\/#organization"},"potentialAction":[{"@type":"SearchAction","target":{"@type":"EntryPoint","urlTemplate":"https:\/\/dorogimedence.hu\/?s={search_term_string}"},"query-input":{"@type":"PropertyValueSpecification","valueRequired":true,"valueName":"search_term_string"}}],"inLanguage":"hu"},{"@type":"Organization","@id":"https:\/\/dorogimedence.hu\/#organization","name":"Dorogi-medence Region\u00e1lis H\u00edrport\u00e1l","url":"https:\/\/dorogimedence.hu\/","logo":{"@type":"ImageObject","inLanguage":"hu","@id":"https:\/\/dorogimedence.hu\/#\/schema\/logo\/image\/","url":"https:\/\/dorogimedence.hu\/wp-content\/uploads\/2021\/04\/logo-feher-600.png","contentUrl":"https:\/\/dorogimedence.hu\/wp-content\/uploads\/2021\/04\/logo-feher-600.png","width":600,"height":100,"caption":"Dorogi-medence Region\u00e1lis H\u00edrport\u00e1l"},"image":{"@id":"https:\/\/dorogimedence.hu\/#\/schema\/logo\/image\/"},"sameAs":["https:\/\/www.facebook.com\/dorogimedence\/"]},{"@type":"Person","@id":"https:\/\/dorogimedence.hu\/#\/schema\/person\/ce6091eeb7e95ecdc87890d6aa8e0fd4","name":"dorogimedence.hu","image":{"@type":"ImageObject","inLanguage":"hu","@id":"\/\/www.gravatar.com\/avatar\/d8d45f8901aadff40a4af72c0b826f1d?s=96&#038;r=g&#038;d=mm","url":"\/\/www.gravatar.com\/avatar\/d8d45f8901aadff40a4af72c0b826f1d?s=96&#038;r=g&#038;d=mm","contentUrl":"\/\/www.gravatar.com\/avatar\/d8d45f8901aadff40a4af72c0b826f1d?s=96&#038;r=g&#038;d=mm","caption":"dorogimedence.hu"}}]}},"_links":{"self":[{"href":"https:\/\/dorogimedence.hu\/index.php\/wp-json\/wp\/v2\/posts\/64190","targetHints":{"allow":["GET"]}}],"collection":[{"href":"https:\/\/dorogimedence.hu\/index.php\/wp-json\/wp\/v2\/posts"}],"about":[{"href":"https:\/\/dorogimedence.hu\/index.php\/wp-json\/wp\/v2\/types\/post"}],"author":[{"embeddable":true,"href":"https:\/\/dorogimedence.hu\/index.php\/wp-json\/wp\/v2\/users\/1"}],"replies":[{"embeddable":true,"href":"https:\/\/dorogimedence.hu\/index.php\/wp-json\/wp\/v2\/comments?post=64190"}],"version-history":[{"count":0,"href":"https:\/\/dorogimedence.hu\/index.php\/wp-json\/wp\/v2\/posts\/64190\/revisions"}],"wp:attachment":[{"href":"https:\/\/dorogimedence.hu\/index.php\/wp-json\/wp\/v2\/media?parent=64190"}],"wp:term":[{"taxonomy":"category","embeddable":true,"href":"https:\/\/dorogimedence.hu\/index.php\/wp-json\/wp\/v2\/categories?post=64190"},{"taxonomy":"post_tag","embeddable":true,"href":"https:\/\/dorogimedence.hu\/index.php\/wp-json\/wp\/v2\/tags?post=64190"}],"curies":[{"name":"wp","href":"https:\/\/api.w.org\/{rel}","templated":true}]}}