{"id":64179,"date":"2024-08-20T09:50:38","date_gmt":"2024-08-20T07:50:38","guid":{"rendered":"https:\/\/dorogimedence.hu\/?p=64179"},"modified":"2024-08-20T09:50:38","modified_gmt":"2024-08-20T07:50:38","slug":"halaval-es-koszonettel-tartozunk-az-uj-kenyerert","status":"publish","type":"post","link":"https:\/\/dorogimedence.hu\/index.php\/2024\/08\/20\/halaval-es-koszonettel-tartozunk-az-uj-kenyerert\/","title":{"rendered":"H\u00e1l\u00e1val \u00e9s k\u00f6sz\u00f6nettel tartozunk az \u00faj keny\u00e9r\u00e9rt"},"content":{"rendered":"<p><strong>A keny\u00e9r mindig az \u00e9let \u00e9s a megmarad\u00e1s \u00fczenet\u00e9t hordozza, \u00e9ppen ez\u00e9rt h\u00e1l\u00e1val tartozunk a gazd\u00e1knak, akik munk\u00e1j\u00e1nak \u00e9s kitart\u00e1s\u00e1nak k\u00f6sz\u00f6nhet\u0151en augusztus 20-\u00e1n megszeghetj\u00fck az \u00faj kenyeret <\/strong><em>\u2013 jelentette ki k\u00f6z\u00f6ss\u00e9gi oldal\u00e1n, vide\u00f3\u00fczenet\u00e9ben Nagy Istv\u00e1n agr\u00e1rminiszter.<\/em><\/p>\n<p>A t\u00e1rcavezet\u0151 arra eml\u00e9keztetett, hogy augusztus 20-\u00e1n nemcsak az \u00e1llamalap\u00edt\u00e1st \u00fcnneplej\u00fck \u00e9s Szent Istv\u00e1n kir\u00e1lyunkra eml\u00e9kez\u00fcnk, hanem h\u00e1l\u00e1t adunk \u00e9s k\u00f6sz\u00f6netet mondunk az \u00faj keny\u00e9r\u00e9rt is. Nek\u00fcnk, magyaroknak, a b\u00faza \u00e9s a bel\u0151le s\u00fct\u00f6tt keny\u00e9r az \u00e9letet jelk\u00e9pezi.&nbsp; A magyar agr\u00e1riumban dolgoz\u00f3knak h\u00e1la sikerrel lezajlott az arat\u00e1s, az orsz\u00e1g kenyere biztos\u00edtott, ami\u00e9rt k\u00f6sz\u00f6nettel tartozunk. A keny\u00e9rben benne van a gazd\u00e1lkod\u00f3k f\u00e1rads\u00e1ga, verejt\u00e9ke \u00e9s a kih\u00edv\u00e1sokkal szembeni kitart\u00e1sa is \u2013 tette hozz\u00e1 Nagy Istv\u00e1n.<\/p>\n<p>A miniszter kit\u00e9rt arra is, hogy a ny\u00e1ri arat\u00e1s\u00fa n\u00f6v\u00e9nyek tekintet\u00e9ben a saj\u00e1t sz\u00fcks\u00e9gleteinken t\u00fal jelent\u0151s, t\u00f6bb milli\u00f3 tonn\u00e1s export \u00e1rualap is k\u00e9pz\u0151d\u00f6tt. Az \u0151szi b\u00faza idei, t\u00f6bb mint 864 ezer hekt\u00e1ros ter\u00fclet\u00e9n az orsz\u00e1gos term\u00e9s\u00e1tlag el\u00e9rte az 5,8 tonna\/hekt\u00e1rt. Ez az \u00e9rt\u00e9k kis m\u00e9rt\u00e9kben meghaladja a tavalyi \u00e9s az elm\u00falt \u00f6t \u00e9v term\u00e9s\u00e1tlagait is. A hekt\u00e1ronk\u00e9nti hozamok \u00e9s a ter\u00fclet alapj\u00e1n id\u00e9n \u00f6sszesen csaknem 5 milli\u00f3 tonna b\u00faza termett, ami b\u0151ven fedezi a 3 milli\u00f3 tonna k\u00f6r\u00fcli \u00e9ves hazai felhaszn\u00e1l\u00e1st. Az \u00e9tkez\u00e9si min\u0151s\u00e9g\u0171 kateg\u00f3ri\u00e1ba sorolhat\u00f3 term\u00e9s is elegend\u0151 az 1,1 milli\u00f3 tonna k\u00f6r\u00fcli hazai \u00e9ves \u0151rl\u00e9si sz\u00fcks\u00e9glet kiel\u00e9g\u00edt\u00e9s\u00e9hez \u2013 emelte ki az agr\u00e1rt\u00e1rca vezet\u0151je.<\/p>\n<p>Nagy Istv\u00e1n hangs\u00falyozta, amikor megszegj\u00fck az \u00faj kenyeret, akkor mindig jusson esz\u00fcnkbe a gazd\u00e1k szorgalma a f\u00f6ldeken, a moln\u00e1rok er\u0151fesz\u00edt\u00e9se a malmokban \u00e9s a p\u00e9kek verejt\u00e9kes munk\u00e1ja a kemenc\u00e9k el\u0151tt, amire minden nap n\u00e9lk\u00fcl\u00f6zhetetlen sz\u00fcks\u00e9g\u00fcnk van. Gondoljunk r\u00e1juk tisztelettel \u00e9s megbecs\u00fcl\u00e9ssel!<\/p>\n<p>https:\/\/www.facebook.com\/watch?v=1016767289937174<\/p>\n<p><em>Forr\u00e1s: Agr\u00e1rminiszt\u00e9rium Sajt\u00f3iroda<\/em><\/p>\n","protected":false},"excerpt":{"rendered":"<p>A keny\u00e9r mindig az \u00e9let \u00e9s a megmarad\u00e1s \u00fczenet\u00e9t hordozza, \u00e9ppen ez\u00e9rt h\u00e1l\u00e1val tartozunk a gazd\u00e1knak, akik munk\u00e1j\u00e1nak \u00e9s kitart\u00e1s\u00e1nak k\u00f6sz\u00f6nhet\u0151en augusztus 20-\u00e1n megszeghetj\u00fck az \u00faj kenyeret \u2013 jelentette ki k\u00f6z\u00f6ss\u00e9gi oldal\u00e1n, vide\u00f3\u00fczenet\u00e9ben Nagy Istv\u00e1n agr\u00e1rminiszter. A t\u00e1rcavezet\u0151 arra eml\u00e9keztetett, hogy augusztus 20-\u00e1n nemcsak az \u00e1llamalap\u00edt\u00e1st \u00fcnneplej\u00fck \u00e9s Szent Istv\u00e1n kir\u00e1lyunkra eml\u00e9kez\u00fcnk, hanem h\u00e1l\u00e1t adunk<\/p>\n","protected":false},"author":1,"featured_media":0,"comment_status":"closed","ping_status":"closed","sticky":false,"template":"","format":"standard","meta":{"ngg_post_thumbnail":0,"footnotes":""},"categories":[6934,3],"tags":[1260,7978],"class_list":{"0":"post-64179","1":"post","2":"type-post","3":"status-publish","4":"format-standard","6":"category-belfold","7":"category-hirek","8":"tag-augusztus-20","9":"tag-uj-kenyer"},"yoast_head":"<!-- This site is optimized with the Yoast SEO plugin v27.4 - https:\/\/yoast.com\/product\/yoast-seo-wordpress\/ -->\n<title>H\u00e1l\u00e1val \u00e9s k\u00f6sz\u00f6nettel tartozunk az \u00faj keny\u00e9r\u00e9rt<\/title>\n<meta name=\"robots\" content=\"index, follow, max-snippet:-1, max-image-preview:large, max-video-preview:-1\" \/>\n<link rel=\"canonical\" href=\"https:\/\/dorogimedence.hu\/index.php\/2024\/08\/20\/halaval-es-koszonettel-tartozunk-az-uj-kenyerert\/\" class=\"yoast-seo-meta-tag\" \/>\n<meta property=\"og:locale\" content=\"hu_HU\" class=\"yoast-seo-meta-tag\" \/>\n<meta property=\"og:type\" content=\"article\" class=\"yoast-seo-meta-tag\" \/>\n<meta property=\"og:title\" content=\"H\u00e1l\u00e1val \u00e9s k\u00f6sz\u00f6nettel tartozunk az \u00faj keny\u00e9r\u00e9rt\" class=\"yoast-seo-meta-tag\" \/>\n<meta property=\"og:description\" content=\"A keny\u00e9r mindig az \u00e9let \u00e9s a megmarad\u00e1s \u00fczenet\u00e9t hordozza, \u00e9ppen ez\u00e9rt h\u00e1l\u00e1val tartozunk a gazd\u00e1knak, akik munk\u00e1j\u00e1nak \u00e9s kitart\u00e1s\u00e1nak k\u00f6sz\u00f6nhet\u0151en augusztus 20-\u00e1n megszeghetj\u00fck az \u00faj kenyeret \u2013 jelentette ki k\u00f6z\u00f6ss\u00e9gi oldal\u00e1n, vide\u00f3\u00fczenet\u00e9ben Nagy Istv\u00e1n agr\u00e1rminiszter. A t\u00e1rcavezet\u0151 arra eml\u00e9keztetett, hogy augusztus 20-\u00e1n nemcsak az \u00e1llamalap\u00edt\u00e1st \u00fcnneplej\u00fck \u00e9s Szent Istv\u00e1n kir\u00e1lyunkra eml\u00e9kez\u00fcnk, hanem h\u00e1l\u00e1t adunk\" class=\"yoast-seo-meta-tag\" \/>\n<meta property=\"og:url\" content=\"https:\/\/dorogimedence.hu\/index.php\/2024\/08\/20\/halaval-es-koszonettel-tartozunk-az-uj-kenyerert\/\" class=\"yoast-seo-meta-tag\" \/>\n<meta property=\"og:site_name\" content=\"Dorogi-medence Region\u00e1lis H\u00edrport\u00e1l\" class=\"yoast-seo-meta-tag\" \/>\n<meta property=\"article:publisher\" content=\"https:\/\/www.facebook.com\/dorogimedence\/\" class=\"yoast-seo-meta-tag\" \/>\n<meta property=\"article:published_time\" content=\"2024-08-20T07:50:38+00:00\" class=\"yoast-seo-meta-tag\" \/>\n<meta property=\"og:image\" content=\"https:\/\/dorogimedence.hu\/wp-content\/uploads\/2024\/08\/39289313_1817411611628499_6910649422040793088_n.jpg\" class=\"yoast-seo-meta-tag\" \/>\n\t<meta property=\"og:image:width\" content=\"1009\" class=\"yoast-seo-meta-tag\" \/>\n\t<meta property=\"og:image:height\" content=\"538\" class=\"yoast-seo-meta-tag\" \/>\n\t<meta property=\"og:image:type\" content=\"image\/jpeg\" class=\"yoast-seo-meta-tag\" \/>\n<meta name=\"author\" content=\"dorogimedence.hu\" class=\"yoast-seo-meta-tag\" \/>\n<meta name=\"twitter:card\" content=\"summary_large_image\" class=\"yoast-seo-meta-tag\" \/>\n<meta name=\"twitter:label1\" content=\"Szerz\u0151:\" class=\"yoast-seo-meta-tag\" \/>\n\t<meta name=\"twitter:data1\" content=\"dorogimedence.hu\" class=\"yoast-seo-meta-tag\" \/>\n\t<meta name=\"twitter:label2\" content=\"Becs\u00fclt olvas\u00e1si id\u0151\" class=\"yoast-seo-meta-tag\" \/>\n\t<meta name=\"twitter:data2\" content=\"2 perc\" class=\"yoast-seo-meta-tag\" \/>\n<script type=\"application\/ld+json\" class=\"yoast-schema-graph\">{\"@context\":\"https:\\\/\\\/schema.org\",\"@graph\":[{\"@type\":\"Article\",\"@id\":\"https:\\\/\\\/dorogimedence.hu\\\/index.php\\\/2024\\\/08\\\/20\\\/halaval-es-koszonettel-tartozunk-az-uj-kenyerert\\\/#article\",\"isPartOf\":{\"@id\":\"https:\\\/\\\/dorogimedence.hu\\\/index.php\\\/2024\\\/08\\\/20\\\/halaval-es-koszonettel-tartozunk-az-uj-kenyerert\\\/\"},\"author\":{\"name\":\"dorogimedence.hu\",\"@id\":\"https:\\\/\\\/dorogimedence.hu\\\/#\\\/schema\\\/person\\\/ce6091eeb7e95ecdc87890d6aa8e0fd4\"},\"headline\":\"H\u00e1l\u00e1val \u00e9s k\u00f6sz\u00f6nettel tartozunk az \u00faj keny\u00e9r\u00e9rt\",\"datePublished\":\"2024-08-20T07:50:38+00:00\",\"mainEntityOfPage\":{\"@id\":\"https:\\\/\\\/dorogimedence.hu\\\/index.php\\\/2024\\\/08\\\/20\\\/halaval-es-koszonettel-tartozunk-az-uj-kenyerert\\\/\"},\"wordCount\":426,\"publisher\":{\"@id\":\"https:\\\/\\\/dorogimedence.hu\\\/#organization\"},\"keywords\":[\"augusztus 20.\",\"\u00faj keny\u00e9r\"],\"articleSection\":[\"Belf\u00f6ld, Gazdas\u00e1g\",\"H\u00edrek\"],\"inLanguage\":\"hu\"},{\"@type\":\"WebPage\",\"@id\":\"https:\\\/\\\/dorogimedence.hu\\\/index.php\\\/2024\\\/08\\\/20\\\/halaval-es-koszonettel-tartozunk-az-uj-kenyerert\\\/\",\"url\":\"https:\\\/\\\/dorogimedence.hu\\\/index.php\\\/2024\\\/08\\\/20\\\/halaval-es-koszonettel-tartozunk-az-uj-kenyerert\\\/\",\"name\":\"H\u00e1l\u00e1val \u00e9s k\u00f6sz\u00f6nettel tartozunk az \u00faj keny\u00e9r\u00e9rt\",\"isPartOf\":{\"@id\":\"https:\\\/\\\/dorogimedence.hu\\\/#website\"},\"datePublished\":\"2024-08-20T07:50:38+00:00\",\"breadcrumb\":{\"@id\":\"https:\\\/\\\/dorogimedence.hu\\\/index.php\\\/2024\\\/08\\\/20\\\/halaval-es-koszonettel-tartozunk-az-uj-kenyerert\\\/#breadcrumb\"},\"inLanguage\":\"hu\",\"potentialAction\":[{\"@type\":\"ReadAction\",\"target\":[\"https:\\\/\\\/dorogimedence.hu\\\/index.php\\\/2024\\\/08\\\/20\\\/halaval-es-koszonettel-tartozunk-az-uj-kenyerert\\\/\"]}]},{\"@type\":\"BreadcrumbList\",\"@id\":\"https:\\\/\\\/dorogimedence.hu\\\/index.php\\\/2024\\\/08\\\/20\\\/halaval-es-koszonettel-tartozunk-az-uj-kenyerert\\\/#breadcrumb\",\"itemListElement\":[{\"@type\":\"ListItem\",\"position\":1,\"name\":\"Kezd\u0151lap\",\"item\":\"https:\\\/\\\/dorogimedence.hu\\\/\"},{\"@type\":\"ListItem\",\"position\":2,\"name\":\"H\u00e1l\u00e1val \u00e9s k\u00f6sz\u00f6nettel tartozunk az \u00faj keny\u00e9r\u00e9rt\"}]},{\"@type\":\"WebSite\",\"@id\":\"https:\\\/\\\/dorogimedence.hu\\\/#website\",\"url\":\"https:\\\/\\\/dorogimedence.hu\\\/\",\"name\":\"Dorogi-medence Region\u00e1lis H\u00edrport\u00e1l\",\"description\":\"Dorog, Keszt\u00f6lc, Le\u00e1nyv\u00e1r, Piliscs\u00e9v, Tokod, Tokodalt\u00e1r\u00f3, Csolnok, Esztergom-kertv\u00e1ros: h\u00edrek, programok\",\"publisher\":{\"@id\":\"https:\\\/\\\/dorogimedence.hu\\\/#organization\"},\"potentialAction\":[{\"@type\":\"SearchAction\",\"target\":{\"@type\":\"EntryPoint\",\"urlTemplate\":\"https:\\\/\\\/dorogimedence.hu\\\/?s={search_term_string}\"},\"query-input\":{\"@type\":\"PropertyValueSpecification\",\"valueRequired\":true,\"valueName\":\"search_term_string\"}}],\"inLanguage\":\"hu\"},{\"@type\":\"Organization\",\"@id\":\"https:\\\/\\\/dorogimedence.hu\\\/#organization\",\"name\":\"Dorogi-medence Region\u00e1lis H\u00edrport\u00e1l\",\"url\":\"https:\\\/\\\/dorogimedence.hu\\\/\",\"logo\":{\"@type\":\"ImageObject\",\"inLanguage\":\"hu\",\"@id\":\"https:\\\/\\\/dorogimedence.hu\\\/#\\\/schema\\\/logo\\\/image\\\/\",\"url\":\"https:\\\/\\\/dorogimedence.hu\\\/wp-content\\\/uploads\\\/2021\\\/04\\\/logo-feher-600.png\",\"contentUrl\":\"https:\\\/\\\/dorogimedence.hu\\\/wp-content\\\/uploads\\\/2021\\\/04\\\/logo-feher-600.png\",\"width\":600,\"height\":100,\"caption\":\"Dorogi-medence Region\u00e1lis H\u00edrport\u00e1l\"},\"image\":{\"@id\":\"https:\\\/\\\/dorogimedence.hu\\\/#\\\/schema\\\/logo\\\/image\\\/\"},\"sameAs\":[\"https:\\\/\\\/www.facebook.com\\\/dorogimedence\\\/\"]},{\"@type\":\"Person\",\"@id\":\"https:\\\/\\\/dorogimedence.hu\\\/#\\\/schema\\\/person\\\/ce6091eeb7e95ecdc87890d6aa8e0fd4\",\"name\":\"dorogimedence.hu\",\"image\":{\"@type\":\"ImageObject\",\"inLanguage\":\"hu\",\"@id\":\"\\\/\\\/www.gravatar.com\\\/avatar\\\/d8d45f8901aadff40a4af72c0b826f1d?s=96&#038;r=g&#038;d=mm\",\"url\":\"\\\/\\\/www.gravatar.com\\\/avatar\\\/d8d45f8901aadff40a4af72c0b826f1d?s=96&#038;r=g&#038;d=mm\",\"contentUrl\":\"\\\/\\\/www.gravatar.com\\\/avatar\\\/d8d45f8901aadff40a4af72c0b826f1d?s=96&#038;r=g&#038;d=mm\",\"caption\":\"dorogimedence.hu\"}}]}<\/script>\n<!-- \/ Yoast SEO plugin. -->","yoast_head_json":{"title":"H\u00e1l\u00e1val \u00e9s k\u00f6sz\u00f6nettel tartozunk az \u00faj keny\u00e9r\u00e9rt","robots":{"index":"index","follow":"follow","max-snippet":"max-snippet:-1","max-image-preview":"max-image-preview:large","max-video-preview":"max-video-preview:-1"},"canonical":"https:\/\/dorogimedence.hu\/index.php\/2024\/08\/20\/halaval-es-koszonettel-tartozunk-az-uj-kenyerert\/","og_locale":"hu_HU","og_type":"article","og_title":"H\u00e1l\u00e1val \u00e9s k\u00f6sz\u00f6nettel tartozunk az \u00faj keny\u00e9r\u00e9rt","og_description":"A keny\u00e9r mindig az \u00e9let \u00e9s a megmarad\u00e1s \u00fczenet\u00e9t hordozza, \u00e9ppen ez\u00e9rt h\u00e1l\u00e1val tartozunk a gazd\u00e1knak, akik munk\u00e1j\u00e1nak \u00e9s kitart\u00e1s\u00e1nak k\u00f6sz\u00f6nhet\u0151en augusztus 20-\u00e1n megszeghetj\u00fck az \u00faj kenyeret \u2013 jelentette ki k\u00f6z\u00f6ss\u00e9gi oldal\u00e1n, vide\u00f3\u00fczenet\u00e9ben Nagy Istv\u00e1n agr\u00e1rminiszter. A t\u00e1rcavezet\u0151 arra eml\u00e9keztetett, hogy augusztus 20-\u00e1n nemcsak az \u00e1llamalap\u00edt\u00e1st \u00fcnneplej\u00fck \u00e9s Szent Istv\u00e1n kir\u00e1lyunkra eml\u00e9kez\u00fcnk, hanem h\u00e1l\u00e1t adunk","og_url":"https:\/\/dorogimedence.hu\/index.php\/2024\/08\/20\/halaval-es-koszonettel-tartozunk-az-uj-kenyerert\/","og_site_name":"Dorogi-medence Region\u00e1lis H\u00edrport\u00e1l","article_publisher":"https:\/\/www.facebook.com\/dorogimedence\/","article_published_time":"2024-08-20T07:50:38+00:00","og_image":[{"width":1009,"height":538,"url":"https:\/\/dorogimedence.hu\/wp-content\/uploads\/2024\/08\/39289313_1817411611628499_6910649422040793088_n.jpg","type":"image\/jpeg"}],"author":"dorogimedence.hu","twitter_card":"summary_large_image","twitter_misc":{"Szerz\u0151:":"dorogimedence.hu","Becs\u00fclt olvas\u00e1si id\u0151":"2 perc"},"schema":{"@context":"https:\/\/schema.org","@graph":[{"@type":"Article","@id":"https:\/\/dorogimedence.hu\/index.php\/2024\/08\/20\/halaval-es-koszonettel-tartozunk-az-uj-kenyerert\/#article","isPartOf":{"@id":"https:\/\/dorogimedence.hu\/index.php\/2024\/08\/20\/halaval-es-koszonettel-tartozunk-az-uj-kenyerert\/"},"author":{"name":"dorogimedence.hu","@id":"https:\/\/dorogimedence.hu\/#\/schema\/person\/ce6091eeb7e95ecdc87890d6aa8e0fd4"},"headline":"H\u00e1l\u00e1val \u00e9s k\u00f6sz\u00f6nettel tartozunk az \u00faj keny\u00e9r\u00e9rt","datePublished":"2024-08-20T07:50:38+00:00","mainEntityOfPage":{"@id":"https:\/\/dorogimedence.hu\/index.php\/2024\/08\/20\/halaval-es-koszonettel-tartozunk-az-uj-kenyerert\/"},"wordCount":426,"publisher":{"@id":"https:\/\/dorogimedence.hu\/#organization"},"keywords":["augusztus 20.","\u00faj keny\u00e9r"],"articleSection":["Belf\u00f6ld, Gazdas\u00e1g","H\u00edrek"],"inLanguage":"hu"},{"@type":"WebPage","@id":"https:\/\/dorogimedence.hu\/index.php\/2024\/08\/20\/halaval-es-koszonettel-tartozunk-az-uj-kenyerert\/","url":"https:\/\/dorogimedence.hu\/index.php\/2024\/08\/20\/halaval-es-koszonettel-tartozunk-az-uj-kenyerert\/","name":"H\u00e1l\u00e1val \u00e9s k\u00f6sz\u00f6nettel tartozunk az \u00faj keny\u00e9r\u00e9rt","isPartOf":{"@id":"https:\/\/dorogimedence.hu\/#website"},"datePublished":"2024-08-20T07:50:38+00:00","breadcrumb":{"@id":"https:\/\/dorogimedence.hu\/index.php\/2024\/08\/20\/halaval-es-koszonettel-tartozunk-az-uj-kenyerert\/#breadcrumb"},"inLanguage":"hu","potentialAction":[{"@type":"ReadAction","target":["https:\/\/dorogimedence.hu\/index.php\/2024\/08\/20\/halaval-es-koszonettel-tartozunk-az-uj-kenyerert\/"]}]},{"@type":"BreadcrumbList","@id":"https:\/\/dorogimedence.hu\/index.php\/2024\/08\/20\/halaval-es-koszonettel-tartozunk-az-uj-kenyerert\/#breadcrumb","itemListElement":[{"@type":"ListItem","position":1,"name":"Kezd\u0151lap","item":"https:\/\/dorogimedence.hu\/"},{"@type":"ListItem","position":2,"name":"H\u00e1l\u00e1val \u00e9s k\u00f6sz\u00f6nettel tartozunk az \u00faj keny\u00e9r\u00e9rt"}]},{"@type":"WebSite","@id":"https:\/\/dorogimedence.hu\/#website","url":"https:\/\/dorogimedence.hu\/","name":"Dorogi-medence Region\u00e1lis H\u00edrport\u00e1l","description":"Dorog, Keszt\u00f6lc, Le\u00e1nyv\u00e1r, Piliscs\u00e9v, Tokod, Tokodalt\u00e1r\u00f3, Csolnok, Esztergom-kertv\u00e1ros: h\u00edrek, programok","publisher":{"@id":"https:\/\/dorogimedence.hu\/#organization"},"potentialAction":[{"@type":"SearchAction","target":{"@type":"EntryPoint","urlTemplate":"https:\/\/dorogimedence.hu\/?s={search_term_string}"},"query-input":{"@type":"PropertyValueSpecification","valueRequired":true,"valueName":"search_term_string"}}],"inLanguage":"hu"},{"@type":"Organization","@id":"https:\/\/dorogimedence.hu\/#organization","name":"Dorogi-medence Region\u00e1lis H\u00edrport\u00e1l","url":"https:\/\/dorogimedence.hu\/","logo":{"@type":"ImageObject","inLanguage":"hu","@id":"https:\/\/dorogimedence.hu\/#\/schema\/logo\/image\/","url":"https:\/\/dorogimedence.hu\/wp-content\/uploads\/2021\/04\/logo-feher-600.png","contentUrl":"https:\/\/dorogimedence.hu\/wp-content\/uploads\/2021\/04\/logo-feher-600.png","width":600,"height":100,"caption":"Dorogi-medence Region\u00e1lis H\u00edrport\u00e1l"},"image":{"@id":"https:\/\/dorogimedence.hu\/#\/schema\/logo\/image\/"},"sameAs":["https:\/\/www.facebook.com\/dorogimedence\/"]},{"@type":"Person","@id":"https:\/\/dorogimedence.hu\/#\/schema\/person\/ce6091eeb7e95ecdc87890d6aa8e0fd4","name":"dorogimedence.hu","image":{"@type":"ImageObject","inLanguage":"hu","@id":"\/\/www.gravatar.com\/avatar\/d8d45f8901aadff40a4af72c0b826f1d?s=96&#038;r=g&#038;d=mm","url":"\/\/www.gravatar.com\/avatar\/d8d45f8901aadff40a4af72c0b826f1d?s=96&#038;r=g&#038;d=mm","contentUrl":"\/\/www.gravatar.com\/avatar\/d8d45f8901aadff40a4af72c0b826f1d?s=96&#038;r=g&#038;d=mm","caption":"dorogimedence.hu"}}]}},"_links":{"self":[{"href":"https:\/\/dorogimedence.hu\/index.php\/wp-json\/wp\/v2\/posts\/64179","targetHints":{"allow":["GET"]}}],"collection":[{"href":"https:\/\/dorogimedence.hu\/index.php\/wp-json\/wp\/v2\/posts"}],"about":[{"href":"https:\/\/dorogimedence.hu\/index.php\/wp-json\/wp\/v2\/types\/post"}],"author":[{"embeddable":true,"href":"https:\/\/dorogimedence.hu\/index.php\/wp-json\/wp\/v2\/users\/1"}],"replies":[{"embeddable":true,"href":"https:\/\/dorogimedence.hu\/index.php\/wp-json\/wp\/v2\/comments?post=64179"}],"version-history":[{"count":0,"href":"https:\/\/dorogimedence.hu\/index.php\/wp-json\/wp\/v2\/posts\/64179\/revisions"}],"wp:attachment":[{"href":"https:\/\/dorogimedence.hu\/index.php\/wp-json\/wp\/v2\/media?parent=64179"}],"wp:term":[{"taxonomy":"category","embeddable":true,"href":"https:\/\/dorogimedence.hu\/index.php\/wp-json\/wp\/v2\/categories?post=64179"},{"taxonomy":"post_tag","embeddable":true,"href":"https:\/\/dorogimedence.hu\/index.php\/wp-json\/wp\/v2\/tags?post=64179"}],"curies":[{"name":"wp","href":"https:\/\/api.w.org\/{rel}","templated":true}]}}