{"id":64080,"date":"2024-08-15T09:57:13","date_gmt":"2024-08-15T07:57:13","guid":{"rendered":"https:\/\/dorogimedence.hu\/?p=64080"},"modified":"2024-08-15T09:57:51","modified_gmt":"2024-08-15T07:57:51","slug":"az-unnepi-hosszu-hetvegen-valtozik-a-kozlekedesi-rend-a-mav-volan-csoportnal","status":"publish","type":"post","link":"https:\/\/dorogimedence.hu\/index.php\/2024\/08\/15\/az-unnepi-hosszu-hetvegen-valtozik-a-kozlekedesi-rend-a-mav-volan-csoportnal\/","title":{"rendered":"Az \u00fcnnepi, hossz\u00fa h\u00e9tv\u00e9g\u00e9n v\u00e1ltozik a k\u00f6zleked\u00e9si rend a M\u00c1V-VOL\u00c1N-csoportn\u00e1l"},"content":{"rendered":"<p><strong>Az el\u0151tt\u00fcnk \u00e1ll\u00f3 hossz\u00fa h\u00e9tv\u00e9g\u00e9n \u00e9s az \u00fcnnepen v<\/strong><strong>\u00e1rhat\u00f3an sokkal t\u00f6bben utaznak a vonatokon \u00e9s a t\u00e1vols\u00e1gi buszokon, mint egy \u00e1tlagos h\u00e9tv\u00e9g\u00e9n. Erre k\u00e9sz\u00fclve a M\u00c1V-START figyeli az utasforgalmat, \u00e9s ha kell, <\/strong><strong>t\u00f6bb kocsival ind\u00edtj\u00e1k az InterCity-vonatokat.<\/strong><\/p>\n<p>A f\u0151v\u00e1rosi t\u0171zij\u00e1t\u00e9k ut\u00e1n vonattal hazat\u00e9r\u0151k k\u00e9nyelmesebb eljut\u00e1sa \u00e9rdek\u00e9ben az el\u0151v\u00e1rosi esti vonatok hosszabb szerelv\u00e9nyekkel, k\u00e9t vagy h\u00e1rom FLIRT motorvonat-egys\u00e9ggel \u00e9s KISS emeletes motorvonatokkal indulnak a budapesti p\u00e1lyaudvarokr\u00f3l, a M\u00c1V-H\u00c9V pedig nagyobb kapacit\u00e1s\u00fa j\u00e1rm\u0171veket k\u00f6zlekedtet egyes H\u00c9V-vonalakon. A M\u00c1V \u00e9s a Vol\u00e1nbusz azt k\u00e9ri, hogy id\u0151ben tervezz\u00e9k meg utaz\u00e1sukat, indul\u00e1s el\u0151tt t\u00e1j\u00e9koz\u00f3djanak az \u00fcnnepnapi \u00e9s h\u00e9tv\u00e9gi k\u00f6zleked\u00e9si rendr\u0151l, haszn\u00e1lj\u00e1k a tervez\u00e9sn\u00e9l az <span style=\"text-decoration: underline; color: #0000ff;\"><a style=\"color: #0000ff; text-decoration: underline;\" tabindex=\"0\" href=\"https:\/\/emma.mav.hu\/#\/\" target=\"_blank\" rel=\"noopener\">emma.mav.hu<\/a><\/span> oldalt. \u00c9rdemes min\u00e9l el\u0151bb el\u0151v\u00e9telben megv\u00e1ltani a menetjegyeket, vagy haszn\u00e1lni&nbsp;az automat\u00e1kat, az&nbsp;<a tabindex=\"0\" href=\"https:\/\/www.mavcsoport.hu\/mav-start\/belfoldi-utazas\/vegye-meg-interneten-vonatjegyet\" target=\"_blank\" rel=\"noopener\"><span style=\"text-decoration: underline; color: #0000ff;\">online jegyv\u00e1s\u00e1rl\u00e1st<\/span><\/a>&nbsp;az&nbsp;<a tabindex=\"0\" href=\"https:\/\/jegy.mav.hu\/\" target=\"_blank\" rel=\"noopener\"><span style=\"text-decoration: underline; color: #0000ff;\">Elvir\u00e1n<\/span><\/a>&nbsp;vagy a&nbsp;<a tabindex=\"0\" href=\"https:\/\/www.mavcsoport.hu\/mav-start\/belfoldi-utazas\/mav-applikacio-mindent-tudo-vasuti-utazastervezo\" target=\"_blank\" rel=\"noopener\"><span style=\"text-decoration: underline; color: #0000ff;\">M\u00c1V applik\u00e1ci\u00f3ban<\/span><\/a>&nbsp;is, ahol m\u00e1r a Vol\u00e1nbusz j\u00e1rataira is megv\u00e1lthat\u00f3k a <a tabindex=\"0\" href=\"https:\/\/www.mavcsoport.hu\/mav-csoport\/buszjegyet-mav-appbol-igen-frissitsen-es-sporoljon\" target=\"_blank\" rel=\"noopener\"><span style=\"text-decoration: underline; color: #0000ff;\">helyk\u00f6zi menetjegyek<\/span><\/a> \u00e9s <span style=\"text-decoration: underline; color: #0000ff;\"><a style=\"color: #0000ff; text-decoration: underline;\" tabindex=\"0\" href=\"https:\/\/www.mavcsoport.hu\/mav-csoport\/egyseges-helyjegy-uj-helyfoglalasi-lehetoseg-volannal\" target=\"_blank\" rel=\"noopener\">helyjegyek<\/a><\/span>.<\/p>\n<h3><strong>M\u00c1V-START <\/strong><\/h3>\n<p><strong>A vonatk\u00f6zleked\u00e9sben a k\u00f6vetkez\u0151 v\u00e1ltoz\u00e1sok lesznek: <\/strong><\/p>\n<ul>\n<li><strong>augusztus 18-\u00e1n \u00e9s 19-\u00e9n az \u00fcnnepnapi, &nbsp;<\/strong><\/li>\n<li><strong>20-\u00e1n a vas\u00e1rnapi, &nbsp;<\/strong><\/li>\n<li><strong>21-\u00e9n pedig m\u00e1r megszokott munkanapi menetrend szerint j\u00e1rnak a vonatok. &nbsp;<\/strong><\/li>\n<\/ul>\n<p>Augusztus 16-t\u00f3l 21-ig az utasforgalom szempontj\u00e1b\u00f3l frekvent\u00e1lt napokon a kihaszn\u00e1ltabb reggeli \u00e9s d\u00e9lut\u00e1ni InterCity vonatok szerelv\u00e9nyei az \u00e1ltal\u00e1nos h\u00e9tv\u00e9g\u00e9ken szok\u00e1sosn\u00e1l t\u00f6bb kocsival k\u00f6zlekednek. A helyjegyek el\u0151v\u00e9teli v\u00e1s\u00e1rl\u00e1s\u00e1t\u00f3l f\u00fcgg\u0151en a lehet\u0151s\u00e9gekhez k\u00e9pest, a Budapest\u2013Debrecen\u2013Ny\u00edregyh\u00e1za viszonylat\u00fa Ny\u00edrs\u00e9g, a Budapest\u2013Miskolc\u2013Ny\u00edregyh\u00e1za\u2013Debrecen\u2013Szolnok\u2013Budapest viszonylat\u00fa Tokaj, a Budapest\u2013Nagykanizsa viszonylat\u00fa T\u00f3part, a Budapest\u2013Keszthely viszonylat\u00fa Balaton, a Budapest\u2013Cegl\u00e9d\u2013Szeged viszonylat\u00fa Napf\u00e9ny, a Budapest-Veszpr\u00e9m-Szombathely, illetve Zalaegerszeg viszonylat\u00fa Bakony \u00e9s G\u00f6csej, tov\u00e1bb\u00e1 a Budapest-P\u00e9cs viszonylat\u00fa Mecsek InterCity vonatokat t\u00f6bb kocsival meger\u0151s\u00edtve k\u00f6zlekedteti a M\u00c1V-START.<\/p>\n<h3><strong>A f\u0151v\u00e1rosi t\u0171zij\u00e1t\u00e9k ut\u00e1n vonattal hazat\u00e9r\u0151k figyelm\u00e9be<\/strong><\/h3>\n<p>A Budapest\u2014Szob vonalon \u00e9rdemes a Nyugati p\u00e1lyaudvarr\u00f3l Szobra 22:37-kor indul\u00f3 S70-es vonatot ig\u00e9nybe venni, a Budapest\u2014Szolnok vonalon pedig a Nyugati p\u00e1lyaudvarr\u00f3l Szolnokra 22:35-kor indul\u00f3 Z50-es vonatot. A Budapest\u2014Cegl\u00e9d\u2014Szeged vonalon a Nyugati p\u00e1lyaudvarr\u00f3l Szegedre 23 \u00f3rakor indul\u00f3 gyorsvonattal utazhatnak.<\/p>\n<p>A Budapest\u2014Sz\u00e9kesfeh\u00e9rv\u00e1r\u2014Nagykanizsa, Keszthely vonalon az \u00e9jszakai Bagolyvonatok is ig\u00e9nybe vehet\u0151k. A Budapest\u2014Sz\u00e9kesfeh\u00e9rv\u00e1r\u2014Balatonf\u00fcred viszonylatban az eljut\u00e1s a D\u00e9li p\u00e1lyaudvarr\u00f3l Fony\u00f3dra a 22:05-kor indul\u00f3 Bagolyvonat sz\u00e9kesfeh\u00e9rv\u00e1ri \u00e1tsz\u00e1ll\u00e1sa mellett a Sz\u00e9kesfeh\u00e9rv\u00e1rr\u00f3l Balatonf\u00fcredre 22:56-kor indul\u00f3 Bagolyvonattal lehets\u00e9ges.<\/p>\n<p>Az esti t\u0171zij\u00e1t\u00e9kr\u00f3l hazautaz\u00f3k k\u00e9nyelmesebb eljut\u00e1sa \u00e9rdek\u00e9ben a M\u00c1V-START a vonatokat a lehet\u0151s\u00e9gekhez k\u00e9pest t\u00f6bb kocsival, k\u00e9t vagy h\u00e1rom FLIRT motorvonat-egys\u00e9ggel \u00e9s KISS emeletes motorvonatokkal ind\u00edtja el. A t\u0171zij\u00e1t\u00e9k ut\u00e1n nagyobb kapacit\u00e1ssal k\u00f6zleked\u0151 vonatok, t\u00f6bbletj\u00e1ratok:<\/p>\n<p>\u2022&nbsp;&nbsp;&nbsp;&nbsp;&nbsp;&nbsp;&nbsp;&nbsp;&nbsp;&nbsp;&nbsp;&nbsp; a D\u00e9li p\u00e1lyaudvarr\u00f3l Gy\u0151rbe 22:25-kor \u00e9s 23:25-kor indul\u00f3 S10-es vonat 3 FLIRT motorvonattal k\u00f6zlekedik,<\/p>\n<p>\u2022&nbsp;&nbsp;&nbsp;&nbsp;&nbsp;&nbsp;&nbsp;&nbsp;&nbsp;&nbsp;&nbsp;&nbsp; a Nyugati p\u00e1lyaudvarr\u00f3l Esztergomba 22:21-kor \u00e9s 23:15-kor indul\u00f3 S72-es vonatok 1 KISS, illetve 2 FLIRT motorvonattal k\u00f6zlekedik,<\/p>\n<p>\u2022&nbsp;&nbsp;&nbsp;&nbsp;&nbsp;&nbsp;&nbsp;&nbsp;&nbsp;&nbsp;&nbsp;&nbsp; a D\u00e9li p\u00e1lyaudvarr\u00f3l Sz\u00e9kesfeh\u00e9rv\u00e1r-Si\u00f3fok\u2013Fony\u00f3d \u00e9rint\u00e9s\u00e9vel Keszthelyre 23 \u00f3rakor indul\u00f3 Bagolyvonat 2 FLIRT motorvonattal k\u00f6zlekedik, tov\u00e1bb\u00e1 Sz\u00e9kesfeh\u00e9rv\u00e1r\u2013Si\u00f3fok \u00e9rint\u00e9s\u00e9vel Fony\u00f3dra \u00e9jf\u00e9lkor indul\u00f3 Bagolyvonat is 2 Flirt motorvonattal k\u00f6zlekedik,<\/p>\n<p>\u2022&nbsp;&nbsp;&nbsp;&nbsp;&nbsp;&nbsp;&nbsp;&nbsp;&nbsp;&nbsp;&nbsp;&nbsp; a D\u00e9li p\u00e1lyaudvarr\u00f3l Sz\u00e9kesfeh\u00e9rv\u00e1rra 22:20-kor \u00e9s 23:20-kor indul\u00f3 G44-es vonat 3, illetve 2 FLIRT motorvonattal k\u00f6zlekedik,<\/p>\n<p>\u2022&nbsp;&nbsp;&nbsp;&nbsp;&nbsp;&nbsp;&nbsp;&nbsp;&nbsp;&nbsp;&nbsp;&nbsp; a D\u00e9li p\u00e1lyaudvarr\u00f3l Sz\u00e9kesfeh\u00e9rv\u00e1r \u00e9rint\u00e9s\u00e9vel Veszpr\u00e9mbe 22:45-kor indul\u00f3 szem\u00e9lyvonat t\u00f6bb kocsival k\u00f6zlekedik, &nbsp;<\/p>\n<p>\u2022&nbsp;&nbsp;&nbsp;&nbsp;&nbsp;&nbsp;&nbsp;&nbsp;&nbsp;&nbsp;&nbsp;&nbsp; a Nyugati p\u00e1lyaudvarr\u00f3l Szobra 22:37-kor Z70-es mentes\u00edt\u0151vonat indul KISS motorvonattal,<\/p>\n<p>\u2022&nbsp;&nbsp;&nbsp;&nbsp;&nbsp;&nbsp;&nbsp;&nbsp;&nbsp;&nbsp;&nbsp;&nbsp; a Nyugati p\u00e1lyaudvarr\u00f3l Veresegyh\u00e1z, V\u00e1c fel\u00e9 22 \u00f3rakor \u00e9s 23:05-kor indul\u00f3 S71-es vonat 2 FLIRT motorvonattal k\u00f6zlekedik,<\/p>\n<p>\u2022&nbsp;&nbsp;&nbsp;&nbsp;&nbsp;&nbsp;&nbsp;&nbsp;&nbsp;&nbsp;&nbsp;&nbsp; a Keleti p\u00e1lyaudvarr\u00f3l Miskolcra 22 \u00f3rakor, G\u00f6d\u00f6ll\u0151re 22:05-kor, F\u00fczesabonyba 22:55-kor, Hatvanba 23:55-kor indul\u00f3 S80-as vonat jellemz\u0151en 1-1 KISS vagy 2 FLIRT motorvonattal k\u00f6zlekedik,<\/p>\n<p>\u2022&nbsp;&nbsp;&nbsp;&nbsp;&nbsp;&nbsp;&nbsp;&nbsp;&nbsp;&nbsp;&nbsp;&nbsp; a Nyugati p\u00e1lyaudvarr\u00f3l Monorra 22:10-kor indul\u00f3 S50-es \u00e9s a Cegl\u00e9den \u00e1t Szolnokra 22:35-kor indul\u00f3 Z50-es vonat 2 FLIRT motorvonattal, illetve 9 kocsis szerelv\u00e9nnyel k\u00f6zlekedik,<\/p>\n<p>\u2022&nbsp;&nbsp;&nbsp;&nbsp;&nbsp;&nbsp;&nbsp;&nbsp;&nbsp;&nbsp;&nbsp;&nbsp; a Nyugati p\u00e1lyaudvarr\u00f3l Debrecenbe 22:25-kor indul\u00f3 C\u00edvis InterR\u00e9gi\u00f3 1 KISS motorvonattal k\u00f6zlekedik,<\/p>\n<p>\u2022&nbsp;&nbsp;&nbsp;&nbsp;&nbsp;&nbsp;&nbsp;&nbsp;&nbsp;&nbsp;&nbsp;&nbsp; a Nyugati p\u00e1lyaudvarr\u00f3l Kecskem\u00e9tre 22 \u00f3rakor indul\u00f3 szem\u00e9ly- \u00e9s Szegedre 23 \u00f3rakor indul\u00f3 gyorsvonat 1 KISS motorvonattal k\u00f6zlekedik,<\/p>\n<p>\u2022&nbsp;&nbsp;&nbsp;&nbsp;&nbsp;&nbsp;&nbsp;&nbsp;&nbsp;&nbsp;&nbsp;&nbsp; a Keleti p\u00e1lyaudvarr\u00f3l Szolnokra 21:50-kor, 22:50-kor \u00e9s 23:50-kor indul\u00f3, valamint Nagyk\u00e1t\u00e1ra 22:20-kor indul\u00f3 S60-as vonat KISS \u00e9s FLIRT motorvonatokkal, illetve t\u00f6bb kocsival k\u00f6zlekedik. &nbsp;<\/p>\n<h3><strong>A Vol\u00e1nbusz j\u00e1ratainak k\u00f6zleked\u00e9si rendje is v\u00e1ltozik <\/strong><\/h3>\n<p><strong>A nemzeti \u00fcnnep k\u00f6rny\u00e9k\u00e9n a Vol\u00e1nbusz j\u00e1ratainak k\u00f6zleked\u00e9si rendje is m\u00f3dosul: augusztus 18-\u00e1n vas\u00e1rnap munkasz\u00fcneti napon, 19-\u00e9n h\u00e9tf\u0151n szabadnapon, 20-\u00e1n kedden munkasz\u00fcneti napon \u00e9s a h\u00e9t els\u0151 munkanapj\u00e1t megel\u0151z\u0151 napon (nemzeti \u00fcnnepen), 21-\u00e9n szerd\u00e1n ny\u00e1ri tan\u00edt\u00e1si sz\u00fcnetes munkanapon, a h\u00e9t els\u0151 munkanapj\u00e1n \u00e9rv\u00e9nyes menetrend szerint indulnak az aut\u00f3buszok. <\/strong>Egyes telep\u00fcl\u00e9seken a helyij\u00e1ratok&nbsp;az \u00e1ltal\u00e1nos k\u00f6zleked\u00e9si rendt\u0151l elt\u00e9r\u0151en k\u00f6zlekedhetnek. Az \u00fcnnepi rendezv\u00e9nyek miatt forgalmi v\u00e1ltoz\u00e1sokra, terel\u00e9sekre is sz\u00e1m\u00edtani lehet.<\/p>\n<p>Az \u00e1ruh\u00e1zak \u00e9s bev\u00e1s\u00e1rl\u00f3k\u00f6zpontok augusztus 20-\u00e1n z\u00e1rva tartanak, ez\u00e9rt az \u00e1ruh\u00e1zakat \u00e9rint\u0151 j\u00e1ratok az \u00fcnnepnapi menetrendj\u00fck&nbsp;szerint k\u00f6zlekednek.&nbsp;<\/p>\n<p><strong>A p\u00e9nzt\u00e1rak augusztus 19-\u00e9n szombati, 20-\u00e1n munkasz\u00fcneti napi (\u00fcnnepnapi) nyitvatart\u00e1si rend szerint \u00fczemelnek.<\/strong><\/p>\n<p>A r\u00e9szletes inform\u00e1ci\u00f3k a Vol\u00e1nbusz honlapj\u00e1n \u00e9rhet\u0151k el: <a tabindex=\"0\" href=\"https:\/\/www.volanbusz.hu\/hu\/hirek\/hir\/42799\" target=\"_blank\" rel=\"noopener\"><span style=\"text-decoration: underline; color: #0000ff;\">www.volanbusz.hu\/hu\/hirek\/hir\/42799<\/span><\/a><\/p>\n<p>A Vol\u00e1nbusz azt k\u00e9ri utasait\u00f3l, hogy a k\u00e9nyelmetlens\u00e9gek elker\u00fcl\u00e9se \u00e9rdek\u00e9ben utaz\u00e1sukat lehet\u0151s\u00e9g szerint el\u0151re tervezz\u00e9k meg az <a tabindex=\"0\" href=\"https:\/\/emma.mav.hu\/#\/\" target=\"_blank\" rel=\"noopener\"><span style=\"text-decoration: underline; color: #0000ff;\">emma.mav.hu<\/span><\/a> oldalon.<\/p>\n<h3><strong>M\u00c1V-H\u00c9V<\/strong><\/h3>\n<p>Augusztus 19-\u00e9n valamennyi H\u00c9V-vonalon a szombati, 20-\u00e1n napk\u00f6zben a munkasz\u00fcneti napi menetrend \u00e9rv\u00e9nyes. Az \u00fcnnepnapon d\u00e9lut\u00e1n \u00e9s este minden vonalon jelent\u0151s s\u0171r\u00edt\u00e9st \u00e9s b\u0151v\u00edtett kapacit\u00e1st biztos\u00edt a vas\u00fatt\u00e1rsas\u00e1g.<\/p>\n<p>A H7-es H\u00c9V m\u00e1r d\u00e9lt\u0151l, a H8-as H\u00c9V pedig 17 \u00f3r\u00e1t\u00f3l megn\u00f6velt kapacit\u00e1ssal, az alapmenetrend szerint k\u00f6zlekedik. A Bor\u00e1ros t\u00e9rt\u0151l Csepel fel\u00e9 21:37-t\u0151l 23:07-ig 7-8 percenk\u00e9nt, 23:07-t\u0151l 23:27-ig 10 percenk\u00e9nt indulnak vonatok.<\/p>\n<p>B\u0151v\u00edtett f\u00e9r\u0151helyk\u00edn\u00e1latot biztos\u00edt a H6-os H\u00c9V is, a k\u00e9nyelmesebb utaz\u00e1s \u00e9rdek\u00e9ben megn\u00f6velt kapacit\u00e1ssal indulnak:<\/p>\n<ul>\n<li>a R\u00e1ckev\u00e9t\u0151l a K\u00f6zv\u00e1g\u00f3h\u00edd fel\u00e9 18:14-kor, 19:15-kor, 21:15-kor \u00e9s 22:14-kor indul\u00f3 vonatok;<\/li>\n<li>a T\u00f6k\u00f6lt\u0151l a K\u00f6zv\u00e1g\u00f3h\u00edd fel\u00e9 19:09-kor \u00e9s 20:09-kor indul\u00f3 vonatok Dunaharaszti k\u00fcls\u0151t\u0151l;<\/li>\n<li>a K\u00f6zv\u00e1g\u00f3h\u00eddt\u00f3l R\u00e1ckeve fel\u00e9 19:35-kor, 20:35-kor, 22:35-kor \u00e9s 23:35-kor indul\u00f3 vonatok;<\/li>\n<li>a K\u00f6zv\u00e1g\u00f3h\u00edr\u00f3l T\u00f6k\u00f6lre 20:05-kor, 21:05-kor indul\u00f3 vonatok.<\/li>\n<\/ul>\n<p>A T\u00f6k\u00f6lt\u0151l 21:09-kor \u00e9s 22:09-kor eredetileg Dunaharaszti k\u00fcls\u0151re indul\u00f3 vonatok hosszabb \u00fatvonalon, eg\u00e9szen a K\u00f6zv\u00e1g\u00f3h\u00eddig k\u00f6zlekednek, megn\u00f6velt kapacit\u00e1ssal.<\/p>\n<p>T\u00f6bbletvonatok indulnak a K\u00f6zv\u00e1g\u00f3h\u00eddt\u00f3l R\u00e1ckev\u00e9re 22:05-kor \u00e9s 23:05-kor (a K\u00e9n utc\u00e1n\u00e1l, Szigetszentmikl\u00f3s als\u00f3n\u00e1l, Horg\u00e1sztany\u00e1kn\u00e1l \u00e9s Angyaliszigetn\u00e9l nem \u00e1llnak meg).<\/p>\n<p>A legnagyobb utasforgalm\u00fa H5-\u00f6s H\u00c9V-en a Batthy\u00e1ny t\u00e9r \u00e9s B\u00e9k\u00e1smegyer k\u00f6z\u00f6tt k\u00f6zleked\u0151 bet\u00e9tj\u00e1ratok augusztus 20-\u00e1n eg\u00e9sz nap megn\u00f6velt kapacit\u00e1st biztos\u00edtanak. A Batthy\u00e1ny t\u00e9rt\u0151l B\u00e9k\u00e1smegyerre 21:18 \u00e9s 22:48 k\u00f6z\u00f6tt 6-7 percenk\u00e9nt, 22:48 \u00e9s 23:28 k\u00f6z\u00f6tt 10 percenk\u00e9nt; Szentendr\u00e9re 21:36 \u00e9s 23:28 k\u00f6z\u00f6tt 6-12 percenk\u00e9nt indulnak vonatok.<\/p>\n<p>A r\u00e9szletes menetrendek el\u00e9rhet\u0151k a <span style=\"text-decoration: underline; color: #0000ff;\"><a style=\"color: #0000ff; text-decoration: underline;\" tabindex=\"0\" href=\"https:\/\/bkk.hu\/menetrendek\/\" target=\"_blank\" rel=\"noopener\">BKK<\/a><\/span> \u00e9s a <span style=\"text-decoration: underline; color: #0000ff;\"><a style=\"color: #0000ff; text-decoration: underline;\" tabindex=\"0\" href=\"https:\/\/www.mav-hev.hu\/hu\/menetrendek\" target=\"_blank\" rel=\"noopener\">M\u00c1V-<\/a><\/span><a tabindex=\"0\" href=\"https:\/\/www.mav-hev.hu\/hu\/menetrendek\"><span style=\"text-decoration: underline; color: #0000ff;\">H\u00c9V honlapj\u00e1n<\/span><\/a>.<\/p>\n<p><em>Forr\u00e1s: M\u00c1V Zrt. Kommunik\u00e1ci\u00f3s Igazgat\u00f3s\u00e1g<\/em><\/p>\n","protected":false},"excerpt":{"rendered":"<p>Az el\u0151tt\u00fcnk \u00e1ll\u00f3 hossz\u00fa h\u00e9tv\u00e9g\u00e9n \u00e9s az \u00fcnnepen v\u00e1rhat\u00f3an sokkal t\u00f6bben utaznak a vonatokon \u00e9s a t\u00e1vols\u00e1gi buszokon, mint egy \u00e1tlagos h\u00e9tv\u00e9g\u00e9n. Erre k\u00e9sz\u00fclve a M\u00c1V-START figyeli az utasforgalmat, \u00e9s ha kell, t\u00f6bb kocsival ind\u00edtj\u00e1k az InterCity-vonatokat. A f\u0151v\u00e1rosi t\u0171zij\u00e1t\u00e9k ut\u00e1n vonattal hazat\u00e9r\u0151k k\u00e9nyelmesebb eljut\u00e1sa \u00e9rdek\u00e9ben az el\u0151v\u00e1rosi esti vonatok hosszabb szerelv\u00e9nyekkel, k\u00e9t vagy h\u00e1rom<\/p>\n","protected":false},"author":1,"featured_media":64081,"comment_status":"closed","ping_status":"closed","sticky":false,"template":"","format":"standard","meta":{"ngg_post_thumbnail":0,"footnotes":""},"categories":[3],"tags":[458,1043,5624,292,381,1015,291],"class_list":{"0":"post-64080","1":"post","2":"type-post","3":"status-publish","4":"format-standard","5":"has-post-thumbnail","7":"category-hirek","8":"tag-autobusz","9":"tag-busz","10":"tag-featured","11":"tag-mav","12":"tag-vasut","13":"tag-volanbusz","14":"tag-vonat"},"yoast_head":"<!-- This site is optimized with the Yoast SEO plugin v27.5 - https:\/\/yoast.com\/product\/yoast-seo-wordpress\/ -->\n<title>Az \u00fcnnepi, hossz\u00fa h\u00e9tv\u00e9g\u00e9n v\u00e1ltozik a k\u00f6zleked\u00e9si rend a M\u00c1V-VOL\u00c1N-csoportn\u00e1l<\/title>\n<meta name=\"robots\" content=\"index, follow, max-snippet:-1, max-image-preview:large, max-video-preview:-1\" \/>\n<link rel=\"canonical\" href=\"https:\/\/dorogimedence.hu\/index.php\/2024\/08\/15\/az-unnepi-hosszu-hetvegen-valtozik-a-kozlekedesi-rend-a-mav-volan-csoportnal\/\" class=\"yoast-seo-meta-tag\" \/>\n<meta property=\"og:locale\" content=\"hu_HU\" class=\"yoast-seo-meta-tag\" \/>\n<meta property=\"og:type\" content=\"article\" class=\"yoast-seo-meta-tag\" \/>\n<meta property=\"og:title\" content=\"Az \u00fcnnepi, hossz\u00fa h\u00e9tv\u00e9g\u00e9n v\u00e1ltozik a k\u00f6zleked\u00e9si rend a M\u00c1V-VOL\u00c1N-csoportn\u00e1l\" class=\"yoast-seo-meta-tag\" \/>\n<meta property=\"og:description\" content=\"Az el\u0151tt\u00fcnk \u00e1ll\u00f3 hossz\u00fa h\u00e9tv\u00e9g\u00e9n \u00e9s az \u00fcnnepen v\u00e1rhat\u00f3an sokkal t\u00f6bben utaznak a vonatokon \u00e9s a t\u00e1vols\u00e1gi buszokon, mint egy \u00e1tlagos h\u00e9tv\u00e9g\u00e9n. Erre k\u00e9sz\u00fclve a M\u00c1V-START figyeli az utasforgalmat, \u00e9s ha kell, t\u00f6bb kocsival ind\u00edtj\u00e1k az InterCity-vonatokat. A f\u0151v\u00e1rosi t\u0171zij\u00e1t\u00e9k ut\u00e1n vonattal hazat\u00e9r\u0151k k\u00e9nyelmesebb eljut\u00e1sa \u00e9rdek\u00e9ben az el\u0151v\u00e1rosi esti vonatok hosszabb szerelv\u00e9nyekkel, k\u00e9t vagy h\u00e1rom\" class=\"yoast-seo-meta-tag\" \/>\n<meta property=\"og:url\" content=\"https:\/\/dorogimedence.hu\/index.php\/2024\/08\/15\/az-unnepi-hosszu-hetvegen-valtozik-a-kozlekedesi-rend-a-mav-volan-csoportnal\/\" class=\"yoast-seo-meta-tag\" \/>\n<meta property=\"og:site_name\" content=\"Dorogi-medence Region\u00e1lis H\u00edrport\u00e1l\" class=\"yoast-seo-meta-tag\" \/>\n<meta property=\"article:publisher\" content=\"https:\/\/www.facebook.com\/dorogimedence\/\" class=\"yoast-seo-meta-tag\" \/>\n<meta property=\"article:published_time\" content=\"2024-08-15T07:57:13+00:00\" class=\"yoast-seo-meta-tag\" \/>\n<meta property=\"article:modified_time\" content=\"2024-08-15T07:57:51+00:00\" class=\"yoast-seo-meta-tag\" \/>\n<meta property=\"og:image\" content=\"https:\/\/dorogimedence.hu\/wp-content\/uploads\/2024\/08\/busz-vasut.jpg\" class=\"yoast-seo-meta-tag\" \/>\n\t<meta property=\"og:image:width\" content=\"1920\" class=\"yoast-seo-meta-tag\" \/>\n\t<meta property=\"og:image:height\" content=\"1202\" class=\"yoast-seo-meta-tag\" \/>\n\t<meta property=\"og:image:type\" content=\"image\/jpeg\" class=\"yoast-seo-meta-tag\" \/>\n<meta name=\"author\" content=\"dorogimedence.hu\" class=\"yoast-seo-meta-tag\" \/>\n<meta name=\"twitter:card\" content=\"summary_large_image\" class=\"yoast-seo-meta-tag\" \/>\n<meta name=\"twitter:label1\" content=\"Szerz\u0151:\" class=\"yoast-seo-meta-tag\" \/>\n\t<meta name=\"twitter:data1\" content=\"dorogimedence.hu\" class=\"yoast-seo-meta-tag\" \/>\n\t<meta name=\"twitter:label2\" content=\"Becs\u00fclt olvas\u00e1si id\u0151\" class=\"yoast-seo-meta-tag\" \/>\n\t<meta name=\"twitter:data2\" content=\"8 perc\" class=\"yoast-seo-meta-tag\" \/>\n<script type=\"application\/ld+json\" class=\"yoast-schema-graph\">{\"@context\":\"https:\\\/\\\/schema.org\",\"@graph\":[{\"@type\":\"Article\",\"@id\":\"https:\\\/\\\/dorogimedence.hu\\\/index.php\\\/2024\\\/08\\\/15\\\/az-unnepi-hosszu-hetvegen-valtozik-a-kozlekedesi-rend-a-mav-volan-csoportnal\\\/#article\",\"isPartOf\":{\"@id\":\"https:\\\/\\\/dorogimedence.hu\\\/index.php\\\/2024\\\/08\\\/15\\\/az-unnepi-hosszu-hetvegen-valtozik-a-kozlekedesi-rend-a-mav-volan-csoportnal\\\/\"},\"author\":{\"name\":\"dorogimedence.hu\",\"@id\":\"https:\\\/\\\/dorogimedence.hu\\\/#\\\/schema\\\/person\\\/ce6091eeb7e95ecdc87890d6aa8e0fd4\"},\"headline\":\"Az \u00fcnnepi, hossz\u00fa h\u00e9tv\u00e9g\u00e9n v\u00e1ltozik a k\u00f6zleked\u00e9si rend a M\u00c1V-VOL\u00c1N-csoportn\u00e1l\",\"datePublished\":\"2024-08-15T07:57:13+00:00\",\"dateModified\":\"2024-08-15T07:57:51+00:00\",\"mainEntityOfPage\":{\"@id\":\"https:\\\/\\\/dorogimedence.hu\\\/index.php\\\/2024\\\/08\\\/15\\\/az-unnepi-hosszu-hetvegen-valtozik-a-kozlekedesi-rend-a-mav-volan-csoportnal\\\/\"},\"wordCount\":1640,\"publisher\":{\"@id\":\"https:\\\/\\\/dorogimedence.hu\\\/#organization\"},\"image\":{\"@id\":\"https:\\\/\\\/dorogimedence.hu\\\/index.php\\\/2024\\\/08\\\/15\\\/az-unnepi-hosszu-hetvegen-valtozik-a-kozlekedesi-rend-a-mav-volan-csoportnal\\\/#primaryimage\"},\"thumbnailUrl\":\"https:\\\/\\\/dorogimedence.hu\\\/wp-content\\\/uploads\\\/2024\\\/08\\\/busz-vasut.jpg\",\"keywords\":[\"aut\u00f3busz\",\"busz\",\"featured\",\"m\u00e1v\",\"vas\u00fat\",\"vol\u00e1nbusz\",\"vonat\"],\"articleSection\":[\"H\u00edrek\"],\"inLanguage\":\"hu\"},{\"@type\":\"WebPage\",\"@id\":\"https:\\\/\\\/dorogimedence.hu\\\/index.php\\\/2024\\\/08\\\/15\\\/az-unnepi-hosszu-hetvegen-valtozik-a-kozlekedesi-rend-a-mav-volan-csoportnal\\\/\",\"url\":\"https:\\\/\\\/dorogimedence.hu\\\/index.php\\\/2024\\\/08\\\/15\\\/az-unnepi-hosszu-hetvegen-valtozik-a-kozlekedesi-rend-a-mav-volan-csoportnal\\\/\",\"name\":\"Az \u00fcnnepi, hossz\u00fa h\u00e9tv\u00e9g\u00e9n v\u00e1ltozik a k\u00f6zleked\u00e9si rend a M\u00c1V-VOL\u00c1N-csoportn\u00e1l\",\"isPartOf\":{\"@id\":\"https:\\\/\\\/dorogimedence.hu\\\/#website\"},\"primaryImageOfPage\":{\"@id\":\"https:\\\/\\\/dorogimedence.hu\\\/index.php\\\/2024\\\/08\\\/15\\\/az-unnepi-hosszu-hetvegen-valtozik-a-kozlekedesi-rend-a-mav-volan-csoportnal\\\/#primaryimage\"},\"image\":{\"@id\":\"https:\\\/\\\/dorogimedence.hu\\\/index.php\\\/2024\\\/08\\\/15\\\/az-unnepi-hosszu-hetvegen-valtozik-a-kozlekedesi-rend-a-mav-volan-csoportnal\\\/#primaryimage\"},\"thumbnailUrl\":\"https:\\\/\\\/dorogimedence.hu\\\/wp-content\\\/uploads\\\/2024\\\/08\\\/busz-vasut.jpg\",\"datePublished\":\"2024-08-15T07:57:13+00:00\",\"dateModified\":\"2024-08-15T07:57:51+00:00\",\"breadcrumb\":{\"@id\":\"https:\\\/\\\/dorogimedence.hu\\\/index.php\\\/2024\\\/08\\\/15\\\/az-unnepi-hosszu-hetvegen-valtozik-a-kozlekedesi-rend-a-mav-volan-csoportnal\\\/#breadcrumb\"},\"inLanguage\":\"hu\",\"potentialAction\":[{\"@type\":\"ReadAction\",\"target\":[\"https:\\\/\\\/dorogimedence.hu\\\/index.php\\\/2024\\\/08\\\/15\\\/az-unnepi-hosszu-hetvegen-valtozik-a-kozlekedesi-rend-a-mav-volan-csoportnal\\\/\"]}]},{\"@type\":\"ImageObject\",\"inLanguage\":\"hu\",\"@id\":\"https:\\\/\\\/dorogimedence.hu\\\/index.php\\\/2024\\\/08\\\/15\\\/az-unnepi-hosszu-hetvegen-valtozik-a-kozlekedesi-rend-a-mav-volan-csoportnal\\\/#primaryimage\",\"url\":\"https:\\\/\\\/dorogimedence.hu\\\/wp-content\\\/uploads\\\/2024\\\/08\\\/busz-vasut.jpg\",\"contentUrl\":\"https:\\\/\\\/dorogimedence.hu\\\/wp-content\\\/uploads\\\/2024\\\/08\\\/busz-vasut.jpg\",\"width\":1920,\"height\":1202},{\"@type\":\"BreadcrumbList\",\"@id\":\"https:\\\/\\\/dorogimedence.hu\\\/index.php\\\/2024\\\/08\\\/15\\\/az-unnepi-hosszu-hetvegen-valtozik-a-kozlekedesi-rend-a-mav-volan-csoportnal\\\/#breadcrumb\",\"itemListElement\":[{\"@type\":\"ListItem\",\"position\":1,\"name\":\"Kezd\u0151lap\",\"item\":\"https:\\\/\\\/dorogimedence.hu\\\/\"},{\"@type\":\"ListItem\",\"position\":2,\"name\":\"Az \u00fcnnepi, hossz\u00fa h\u00e9tv\u00e9g\u00e9n v\u00e1ltozik a k\u00f6zleked\u00e9si rend a M\u00c1V-VOL\u00c1N-csoportn\u00e1l\"}]},{\"@type\":\"WebSite\",\"@id\":\"https:\\\/\\\/dorogimedence.hu\\\/#website\",\"url\":\"https:\\\/\\\/dorogimedence.hu\\\/\",\"name\":\"Dorogi-medence Region\u00e1lis H\u00edrport\u00e1l\",\"description\":\"Dorog, Keszt\u00f6lc, Le\u00e1nyv\u00e1r, Piliscs\u00e9v, Tokod, Tokodalt\u00e1r\u00f3, Csolnok, Esztergom-kertv\u00e1ros: h\u00edrek, programok\",\"publisher\":{\"@id\":\"https:\\\/\\\/dorogimedence.hu\\\/#organization\"},\"potentialAction\":[{\"@type\":\"SearchAction\",\"target\":{\"@type\":\"EntryPoint\",\"urlTemplate\":\"https:\\\/\\\/dorogimedence.hu\\\/?s={search_term_string}\"},\"query-input\":{\"@type\":\"PropertyValueSpecification\",\"valueRequired\":true,\"valueName\":\"search_term_string\"}}],\"inLanguage\":\"hu\"},{\"@type\":\"Organization\",\"@id\":\"https:\\\/\\\/dorogimedence.hu\\\/#organization\",\"name\":\"Dorogi-medence Region\u00e1lis H\u00edrport\u00e1l\",\"url\":\"https:\\\/\\\/dorogimedence.hu\\\/\",\"logo\":{\"@type\":\"ImageObject\",\"inLanguage\":\"hu\",\"@id\":\"https:\\\/\\\/dorogimedence.hu\\\/#\\\/schema\\\/logo\\\/image\\\/\",\"url\":\"https:\\\/\\\/dorogimedence.hu\\\/wp-content\\\/uploads\\\/2021\\\/04\\\/logo-feher-600.png\",\"contentUrl\":\"https:\\\/\\\/dorogimedence.hu\\\/wp-content\\\/uploads\\\/2021\\\/04\\\/logo-feher-600.png\",\"width\":600,\"height\":100,\"caption\":\"Dorogi-medence Region\u00e1lis H\u00edrport\u00e1l\"},\"image\":{\"@id\":\"https:\\\/\\\/dorogimedence.hu\\\/#\\\/schema\\\/logo\\\/image\\\/\"},\"sameAs\":[\"https:\\\/\\\/www.facebook.com\\\/dorogimedence\\\/\"]},{\"@type\":\"Person\",\"@id\":\"https:\\\/\\\/dorogimedence.hu\\\/#\\\/schema\\\/person\\\/ce6091eeb7e95ecdc87890d6aa8e0fd4\",\"name\":\"dorogimedence.hu\",\"image\":{\"@type\":\"ImageObject\",\"inLanguage\":\"hu\",\"@id\":\"\\\/\\\/www.gravatar.com\\\/avatar\\\/d8d45f8901aadff40a4af72c0b826f1d?s=96&#038;r=g&#038;d=mm\",\"url\":\"\\\/\\\/www.gravatar.com\\\/avatar\\\/d8d45f8901aadff40a4af72c0b826f1d?s=96&#038;r=g&#038;d=mm\",\"contentUrl\":\"\\\/\\\/www.gravatar.com\\\/avatar\\\/d8d45f8901aadff40a4af72c0b826f1d?s=96&#038;r=g&#038;d=mm\",\"caption\":\"dorogimedence.hu\"}}]}<\/script>\n<!-- \/ Yoast SEO plugin. -->","yoast_head_json":{"title":"Az \u00fcnnepi, hossz\u00fa h\u00e9tv\u00e9g\u00e9n v\u00e1ltozik a k\u00f6zleked\u00e9si rend a M\u00c1V-VOL\u00c1N-csoportn\u00e1l","robots":{"index":"index","follow":"follow","max-snippet":"max-snippet:-1","max-image-preview":"max-image-preview:large","max-video-preview":"max-video-preview:-1"},"canonical":"https:\/\/dorogimedence.hu\/index.php\/2024\/08\/15\/az-unnepi-hosszu-hetvegen-valtozik-a-kozlekedesi-rend-a-mav-volan-csoportnal\/","og_locale":"hu_HU","og_type":"article","og_title":"Az \u00fcnnepi, hossz\u00fa h\u00e9tv\u00e9g\u00e9n v\u00e1ltozik a k\u00f6zleked\u00e9si rend a M\u00c1V-VOL\u00c1N-csoportn\u00e1l","og_description":"Az el\u0151tt\u00fcnk \u00e1ll\u00f3 hossz\u00fa h\u00e9tv\u00e9g\u00e9n \u00e9s az \u00fcnnepen v\u00e1rhat\u00f3an sokkal t\u00f6bben utaznak a vonatokon \u00e9s a t\u00e1vols\u00e1gi buszokon, mint egy \u00e1tlagos h\u00e9tv\u00e9g\u00e9n. Erre k\u00e9sz\u00fclve a M\u00c1V-START figyeli az utasforgalmat, \u00e9s ha kell, t\u00f6bb kocsival ind\u00edtj\u00e1k az InterCity-vonatokat. A f\u0151v\u00e1rosi t\u0171zij\u00e1t\u00e9k ut\u00e1n vonattal hazat\u00e9r\u0151k k\u00e9nyelmesebb eljut\u00e1sa \u00e9rdek\u00e9ben az el\u0151v\u00e1rosi esti vonatok hosszabb szerelv\u00e9nyekkel, k\u00e9t vagy h\u00e1rom","og_url":"https:\/\/dorogimedence.hu\/index.php\/2024\/08\/15\/az-unnepi-hosszu-hetvegen-valtozik-a-kozlekedesi-rend-a-mav-volan-csoportnal\/","og_site_name":"Dorogi-medence Region\u00e1lis H\u00edrport\u00e1l","article_publisher":"https:\/\/www.facebook.com\/dorogimedence\/","article_published_time":"2024-08-15T07:57:13+00:00","article_modified_time":"2024-08-15T07:57:51+00:00","og_image":[{"width":1920,"height":1202,"url":"https:\/\/dorogimedence.hu\/wp-content\/uploads\/2024\/08\/busz-vasut.jpg","type":"image\/jpeg"}],"author":"dorogimedence.hu","twitter_card":"summary_large_image","twitter_misc":{"Szerz\u0151:":"dorogimedence.hu","Becs\u00fclt olvas\u00e1si id\u0151":"8 perc"},"schema":{"@context":"https:\/\/schema.org","@graph":[{"@type":"Article","@id":"https:\/\/dorogimedence.hu\/index.php\/2024\/08\/15\/az-unnepi-hosszu-hetvegen-valtozik-a-kozlekedesi-rend-a-mav-volan-csoportnal\/#article","isPartOf":{"@id":"https:\/\/dorogimedence.hu\/index.php\/2024\/08\/15\/az-unnepi-hosszu-hetvegen-valtozik-a-kozlekedesi-rend-a-mav-volan-csoportnal\/"},"author":{"name":"dorogimedence.hu","@id":"https:\/\/dorogimedence.hu\/#\/schema\/person\/ce6091eeb7e95ecdc87890d6aa8e0fd4"},"headline":"Az \u00fcnnepi, hossz\u00fa h\u00e9tv\u00e9g\u00e9n v\u00e1ltozik a k\u00f6zleked\u00e9si rend a M\u00c1V-VOL\u00c1N-csoportn\u00e1l","datePublished":"2024-08-15T07:57:13+00:00","dateModified":"2024-08-15T07:57:51+00:00","mainEntityOfPage":{"@id":"https:\/\/dorogimedence.hu\/index.php\/2024\/08\/15\/az-unnepi-hosszu-hetvegen-valtozik-a-kozlekedesi-rend-a-mav-volan-csoportnal\/"},"wordCount":1640,"publisher":{"@id":"https:\/\/dorogimedence.hu\/#organization"},"image":{"@id":"https:\/\/dorogimedence.hu\/index.php\/2024\/08\/15\/az-unnepi-hosszu-hetvegen-valtozik-a-kozlekedesi-rend-a-mav-volan-csoportnal\/#primaryimage"},"thumbnailUrl":"https:\/\/dorogimedence.hu\/wp-content\/uploads\/2024\/08\/busz-vasut.jpg","keywords":["aut\u00f3busz","busz","featured","m\u00e1v","vas\u00fat","vol\u00e1nbusz","vonat"],"articleSection":["H\u00edrek"],"inLanguage":"hu"},{"@type":"WebPage","@id":"https:\/\/dorogimedence.hu\/index.php\/2024\/08\/15\/az-unnepi-hosszu-hetvegen-valtozik-a-kozlekedesi-rend-a-mav-volan-csoportnal\/","url":"https:\/\/dorogimedence.hu\/index.php\/2024\/08\/15\/az-unnepi-hosszu-hetvegen-valtozik-a-kozlekedesi-rend-a-mav-volan-csoportnal\/","name":"Az \u00fcnnepi, hossz\u00fa h\u00e9tv\u00e9g\u00e9n v\u00e1ltozik a k\u00f6zleked\u00e9si rend a M\u00c1V-VOL\u00c1N-csoportn\u00e1l","isPartOf":{"@id":"https:\/\/dorogimedence.hu\/#website"},"primaryImageOfPage":{"@id":"https:\/\/dorogimedence.hu\/index.php\/2024\/08\/15\/az-unnepi-hosszu-hetvegen-valtozik-a-kozlekedesi-rend-a-mav-volan-csoportnal\/#primaryimage"},"image":{"@id":"https:\/\/dorogimedence.hu\/index.php\/2024\/08\/15\/az-unnepi-hosszu-hetvegen-valtozik-a-kozlekedesi-rend-a-mav-volan-csoportnal\/#primaryimage"},"thumbnailUrl":"https:\/\/dorogimedence.hu\/wp-content\/uploads\/2024\/08\/busz-vasut.jpg","datePublished":"2024-08-15T07:57:13+00:00","dateModified":"2024-08-15T07:57:51+00:00","breadcrumb":{"@id":"https:\/\/dorogimedence.hu\/index.php\/2024\/08\/15\/az-unnepi-hosszu-hetvegen-valtozik-a-kozlekedesi-rend-a-mav-volan-csoportnal\/#breadcrumb"},"inLanguage":"hu","potentialAction":[{"@type":"ReadAction","target":["https:\/\/dorogimedence.hu\/index.php\/2024\/08\/15\/az-unnepi-hosszu-hetvegen-valtozik-a-kozlekedesi-rend-a-mav-volan-csoportnal\/"]}]},{"@type":"ImageObject","inLanguage":"hu","@id":"https:\/\/dorogimedence.hu\/index.php\/2024\/08\/15\/az-unnepi-hosszu-hetvegen-valtozik-a-kozlekedesi-rend-a-mav-volan-csoportnal\/#primaryimage","url":"https:\/\/dorogimedence.hu\/wp-content\/uploads\/2024\/08\/busz-vasut.jpg","contentUrl":"https:\/\/dorogimedence.hu\/wp-content\/uploads\/2024\/08\/busz-vasut.jpg","width":1920,"height":1202},{"@type":"BreadcrumbList","@id":"https:\/\/dorogimedence.hu\/index.php\/2024\/08\/15\/az-unnepi-hosszu-hetvegen-valtozik-a-kozlekedesi-rend-a-mav-volan-csoportnal\/#breadcrumb","itemListElement":[{"@type":"ListItem","position":1,"name":"Kezd\u0151lap","item":"https:\/\/dorogimedence.hu\/"},{"@type":"ListItem","position":2,"name":"Az \u00fcnnepi, hossz\u00fa h\u00e9tv\u00e9g\u00e9n v\u00e1ltozik a k\u00f6zleked\u00e9si rend a M\u00c1V-VOL\u00c1N-csoportn\u00e1l"}]},{"@type":"WebSite","@id":"https:\/\/dorogimedence.hu\/#website","url":"https:\/\/dorogimedence.hu\/","name":"Dorogi-medence Region\u00e1lis H\u00edrport\u00e1l","description":"Dorog, Keszt\u00f6lc, Le\u00e1nyv\u00e1r, Piliscs\u00e9v, Tokod, Tokodalt\u00e1r\u00f3, Csolnok, Esztergom-kertv\u00e1ros: h\u00edrek, programok","publisher":{"@id":"https:\/\/dorogimedence.hu\/#organization"},"potentialAction":[{"@type":"SearchAction","target":{"@type":"EntryPoint","urlTemplate":"https:\/\/dorogimedence.hu\/?s={search_term_string}"},"query-input":{"@type":"PropertyValueSpecification","valueRequired":true,"valueName":"search_term_string"}}],"inLanguage":"hu"},{"@type":"Organization","@id":"https:\/\/dorogimedence.hu\/#organization","name":"Dorogi-medence Region\u00e1lis H\u00edrport\u00e1l","url":"https:\/\/dorogimedence.hu\/","logo":{"@type":"ImageObject","inLanguage":"hu","@id":"https:\/\/dorogimedence.hu\/#\/schema\/logo\/image\/","url":"https:\/\/dorogimedence.hu\/wp-content\/uploads\/2021\/04\/logo-feher-600.png","contentUrl":"https:\/\/dorogimedence.hu\/wp-content\/uploads\/2021\/04\/logo-feher-600.png","width":600,"height":100,"caption":"Dorogi-medence Region\u00e1lis H\u00edrport\u00e1l"},"image":{"@id":"https:\/\/dorogimedence.hu\/#\/schema\/logo\/image\/"},"sameAs":["https:\/\/www.facebook.com\/dorogimedence\/"]},{"@type":"Person","@id":"https:\/\/dorogimedence.hu\/#\/schema\/person\/ce6091eeb7e95ecdc87890d6aa8e0fd4","name":"dorogimedence.hu","image":{"@type":"ImageObject","inLanguage":"hu","@id":"\/\/www.gravatar.com\/avatar\/d8d45f8901aadff40a4af72c0b826f1d?s=96&#038;r=g&#038;d=mm","url":"\/\/www.gravatar.com\/avatar\/d8d45f8901aadff40a4af72c0b826f1d?s=96&#038;r=g&#038;d=mm","contentUrl":"\/\/www.gravatar.com\/avatar\/d8d45f8901aadff40a4af72c0b826f1d?s=96&#038;r=g&#038;d=mm","caption":"dorogimedence.hu"}}]}},"_links":{"self":[{"href":"https:\/\/dorogimedence.hu\/index.php\/wp-json\/wp\/v2\/posts\/64080","targetHints":{"allow":["GET"]}}],"collection":[{"href":"https:\/\/dorogimedence.hu\/index.php\/wp-json\/wp\/v2\/posts"}],"about":[{"href":"https:\/\/dorogimedence.hu\/index.php\/wp-json\/wp\/v2\/types\/post"}],"author":[{"embeddable":true,"href":"https:\/\/dorogimedence.hu\/index.php\/wp-json\/wp\/v2\/users\/1"}],"replies":[{"embeddable":true,"href":"https:\/\/dorogimedence.hu\/index.php\/wp-json\/wp\/v2\/comments?post=64080"}],"version-history":[{"count":0,"href":"https:\/\/dorogimedence.hu\/index.php\/wp-json\/wp\/v2\/posts\/64080\/revisions"}],"wp:featuredmedia":[{"embeddable":true,"href":"https:\/\/dorogimedence.hu\/index.php\/wp-json\/wp\/v2\/media\/64081"}],"wp:attachment":[{"href":"https:\/\/dorogimedence.hu\/index.php\/wp-json\/wp\/v2\/media?parent=64080"}],"wp:term":[{"taxonomy":"category","embeddable":true,"href":"https:\/\/dorogimedence.hu\/index.php\/wp-json\/wp\/v2\/categories?post=64080"},{"taxonomy":"post_tag","embeddable":true,"href":"https:\/\/dorogimedence.hu\/index.php\/wp-json\/wp\/v2\/tags?post=64080"}],"curies":[{"name":"wp","href":"https:\/\/api.w.org\/{rel}","templated":true}]}}