{"id":64056,"date":"2024-08-14T10:05:54","date_gmt":"2024-08-14T08:05:54","guid":{"rendered":"https:\/\/dorogimedence.hu\/?p=64056"},"modified":"2024-08-14T10:05:54","modified_gmt":"2024-08-14T08:05:54","slug":"nyolcadik-alkalommal-vegeznek-latogatofelmerest-a-pilisi-bioszfera-rezervatumban","status":"publish","type":"post","link":"https:\/\/dorogimedence.hu\/index.php\/2024\/08\/14\/nyolcadik-alkalommal-vegeznek-latogatofelmerest-a-pilisi-bioszfera-rezervatumban\/","title":{"rendered":"Nyolcadik alkalommal v\u00e9geznek l\u00e1togat\u00f3felm\u00e9r\u00e9st a Pilisi bioszf\u00e9ra-rezerv\u00e1tumban"},"content":{"rendered":"<p><strong>Van olyan amit, m\u00e9g nem tudsz a Pilisr\u0151l, de mindig meg akartad k\u00e9rdezni? Okt\u00f3ber 4-6. k\u00f6z\u00f6tt szervezik meg a bioszf\u00e9ra-rezerv\u00e1tum szok\u00e1sos l\u00e1togat\u00f3felm\u00e9r\u00e9s\u00e9t. Erd\u00e9szek \u00e9s term\u00e9szetv\u00e9delmi szakemberek is r\u00e9szt vesznek a sz\u00e1ml\u00e1l\u00e1sban.<\/strong><\/p>\n<p><span class=\"OYPEnA font-feature-liga-off font-feature-clig-off font-feature-calt-off text-decoration-none text-strikethrough-none\">Ha \u00e9rdekel a <\/span><span class=\"OYPEnA font-feature-liga-off font-feature-clig-off font-feature-calt-off text-decoration-none text-strikethrough-none\">term\u00e9szetv\u00e9delem<\/span><span class=\"OYPEnA font-feature-liga-off font-feature-clig-off font-feature-calt-off text-decoration-none text-strikethrough-none\"> \u00e9s sz\u00edvesen besz\u00e9lgetsz Hozz\u00e1d hasonl\u00f3 emberekkel, akkor csatlakozz a csapathoz <\/span><span class=\"OYPEnA font-feature-liga-off font-feature-clig-off font-feature-calt-off text-decoration-none text-strikethrough-none\">l\u00e1togat\u00f3sz\u00e1ml\u00e1l\u00f3k\u00e9nt<\/span><span class=\"OYPEnA font-feature-liga-off font-feature-clig-off font-feature-calt-off text-decoration-none text-strikethrough-none\"> a Pilisben!<\/span><\/p>\n<p><strong>Mi a feladat?<\/strong><\/p>\n<p><span class=\"OYPEnA font-feature-liga-off font-feature-clig-off font-feature-calt-off text-decoration-none text-strikethrough-none\">Ahhoz, hogy nyomon tudj\u00e1k k\u00f6vetni, mekkora a Pilis hegys\u00e9g l\u00e1togatotts\u00e1ga, \u00e9vr\u0151l-\u00e9vre megsz\u00e1molj\u00e1k a l\u00e1togat\u00f3kat, t\u00far\u00e1z\u00f3kat egy okt\u00f3ber elejei h\u00e9tv\u00e9g\u00e9n \u00e9s r\u00f6vid interj\u00fakat k\u00e9sz\u00edtenek vel\u00fck.<\/span><\/p>\n<p><strong>Mi az a bioszf\u00e9ra-rezerv\u00e1tum?<\/strong><\/p>\n<p><span class=\"OYPEnA font-feature-liga-off font-feature-clig-off font-feature-calt-off text-decoration-none text-strikethrough-none\">Az UNESCO v\u00e9detts\u00e9gi kateg\u00f3ri\u00e1ja, ami az ember \u00e9s term\u00e9szet egy\u00fctt\u00e9l\u00e9s\u00e9t, a helyi k\u00f6z\u00f6ss\u00e9gek egy\u00fcttm\u0171k\u00f6d\u00e9s\u00e9t \u00e1ll\u00edtja a k\u00f6zpontba. Erd\u00e9szek, term\u00e9szetv\u00e9d\u0151k, helyi civilek \u00e9s \u00f6nkorm\u00e1nyzatok k\u00f6z\u00f6s platformja, aminek c\u00e9lja, hogy a term\u00e9szetv\u00e9delmi c\u00e9lok \u00fagy val\u00f3suljanak meg, hogy az az itt \u00e9l\u0151knek is j\u00f3 legyen.<\/span><\/p>\n<p><strong>Kik a sz\u00e1ml\u00e1l\u00f3k?<\/strong><\/p>\n<p><span class=\"OYPEnA font-feature-liga-off font-feature-clig-off font-feature-calt-off text-decoration-none text-strikethrough-none\">A Pilisi Parkerd\u0151, a Duna-Ipoly Nemzeti Park \u00e9s a Debreceni Egyetem szakemberei mellett h\u00e9t \u00e9ve form\u00e1l\u00f3d\u00f3, jelenleg kb. 100 f\u0151s, lelkes \u00f6nk\u00e9ntesekb\u0151l \u00e1ll\u00f3 csapat. Fiatalok \u00e9s r\u00e9gebb \u00f3ta fiatalok, egyetemist\u00e1k \u00e9s v\u00e1llalkoz\u00f3k, tan\u00e1rok \u00e9s egy\u00e9b szakm\u00e1k k\u00e9pvisel\u0151i. V\u00e1ltozatos, vid\u00e1m \u00e9s elk\u00f6telezett t\u00e1rsas\u00e1g \u2013 kiv\u00e9tel n\u00e9lk\u00fcl \u00e9rdekes emberek!<\/span><\/p>\n<p><strong>Miben \u00e1ll a munk\u00e1juk l\u00e9nyege?<\/strong><\/p>\n<p><span class=\"OYPEnA font-feature-liga-off font-feature-clig-off font-feature-calt-off text-decoration-none text-strikethrough-none\">A hegys\u00e9g egyes pontjain, sz\u00e9p term\u00e9szeti k\u00f6rnyezetben besz\u00e9lgethetsz izgalmas emberekkel, mik\u00f6zben \u00faj dolgokat tanulhatsz a term\u00e9szetv\u00e9delemr\u0151l \u00e9s \u00f6koturizmusr\u00f3l. Aki \u00e9vek \u00f3ta visszaj\u00e1r, az m\u00e1r tudja: ez egy mini nyaral\u00e1s j\u00f3 t\u00e1rsas\u00e1gban, r\u00e1ad\u00e1sul \u00fagy, hogy a sz\u00e1ll\u00e1s \u00e9s \u00e9tkez\u00e9s k\u00f6lts\u00e9geit is a szervez\u0151k \u00e1llj\u00e1k!<br \/>\n<\/span><\/p>\n<p><strong>Milyennek k\u00e9pzelnek el T\u00e9ged?<\/strong><\/p>\n<p><span class=\"OYPEnA font-feature-liga-off font-feature-clig-off font-feature-calt-off text-decoration-none text-strikethrough-none\">Szereted a term\u00e9szetet, az id\u0151det szereted a term\u00e9szetben t\u00f6lteni &#8211; gomb\u00e1szol, biciklizel, t\u00far\u00e1zol, vagy \u00e9pp lovagolsz. Fontos sz\u00e1modra a term\u00e9szetv\u00e9delem, ami\u00e9rt sz\u00edvesen teszel is. Sz\u00edvesen besz\u00e9lgetsz emberekkel, nem j\u00f6ssz zavarba att\u00f3l, ha idegeneket kell megsz\u00f3l\u00edtanod.<\/span><\/p>\n<p><strong>Mire sz\u00e1m\u00edthatsz a k\u00e9t \u00e9s f\u00e9l nap alatt?<\/strong><\/p>\n<p class=\"cvGsUA direction-ltr align-justify para-style-body\"><span class=\"OYPEnA font-feature-liga-off font-feature-clig-off font-feature-calt-off text-decoration-none text-strikethrough-none\">Okt\u00f3ber 4-e p\u00e9ntek est\u00e9re v\u00e1rnak a visegr\u00e1di Mogyor\u00f3-hegyre, ahol el\u0151ad\u00e1sok \u00e9s m\u00f3dszertani eligaz\u00edt\u00e1s v\u00e1r, a k\u00f6vetkez\u0151 k\u00e9t napot pedig kettes\u00e9vel kint t\u00f6ltitek a hegys\u00e9g sz\u00e1ml\u00e1l\u00f3pontjain. Az\u00e9rt <\/span><span class=\"OYPEnA font-feature-liga-off font-feature-clig-off font-feature-calt-off text-decoration-none text-strikethrough-none\">persze nemcsak munka lesz! \u00c9rdekes el\u0151ad\u00e1sokat hallhatsz, finomakat ehetsz \u00e9s ihatsz, lesz meglepet\u00e9s program, de megtudhatod azt is, mi az a Cinc\u00e9r busz, amivel m\u00e9g utazhatsz is. J\u00f3 lesz, megl\u00e1tod!<\/span><\/p>\n<p><strong>Hogyan jelentkezhetsz?<\/strong><\/p>\n<p><span class=\"OYPEnA font-feature-liga-off font-feature-clig-off font-feature-calt-off text-decoration-none text-strikethrough-none\">\u00cdrj egy e-mailt az <\/span><a href=\"mailto:info@pilisibr.hu\" target=\"_blank\" rel=\"noopener\"><span style=\"text-decoration: underline; color: #0000ff;\"><strong><span class=\"OYPEnA font-feature-liga-off font-feature-clig-off font-feature-calt-off text-decoration-none text-strikethrough-none\">info@pilisibr.hu<\/span><\/strong><\/span><\/a><span class=\"OYPEnA font-feature-liga-off font-feature-clig-off font-feature-calt-off text-decoration-none text-strikethrough-none\">-ra a kutat\u00e1s vezet\u0151j\u00e9nek, aki minden k\u00e9rd\u00e9sedre v\u00e1laszt ad! <\/span><span class=\"OYPEnA font-feature-liga-off font-feature-clig-off font-feature-calt-off text-decoration-none text-strikethrough-none\">Jelentkez\u00e9si hat\u00e1rid\u0151: 2024. szeptember 20.<\/span><\/p>\n<p>Az elm\u00falt 7 \u00e9v kutat\u00e1si jelent\u00e9sei <span style=\"text-decoration: underline; color: #0000ff;\"><strong><a style=\"color: #0000ff; text-decoration: underline;\" href=\"https:\/\/pilisibr.hu\/okoturizmus\/termeszetjarok\/\" target=\"_blank\" rel=\"noopener\">itt<\/a><\/strong><\/span> el\u00e9rhet\u0151k.<\/p>\n<p><a href=\"https:\/\/www.facebook.com\/events\/511771388186837\" target=\"_blank\" rel=\"noopener\"><span style=\"text-decoration: underline; color: #0000ff;\">Facebook esem\u00e9ny&gt;&gt;<\/span><\/a><\/p>\n<p><img fetchpriority=\"high\" decoding=\"async\" class=\"alignnone size-full wp-image-64057\" src=\"https:\/\/dorogimedence.hu\/wp-content\/uploads\/2024\/08\/455140157_526179856426882_900542435342475827_n.jpg\" alt=\"\" width=\"1414\" height=\"2000\" srcset=\"https:\/\/dorogimedence.hu\/wp-content\/uploads\/2024\/08\/455140157_526179856426882_900542435342475827_n.jpg 1414w, https:\/\/dorogimedence.hu\/wp-content\/uploads\/2024\/08\/455140157_526179856426882_900542435342475827_n-424x600.jpg 424w, https:\/\/dorogimedence.hu\/wp-content\/uploads\/2024\/08\/455140157_526179856426882_900542435342475827_n-1357x1920.jpg 1357w, https:\/\/dorogimedence.hu\/wp-content\/uploads\/2024\/08\/455140157_526179856426882_900542435342475827_n-768x1086.jpg 768w, https:\/\/dorogimedence.hu\/wp-content\/uploads\/2024\/08\/455140157_526179856426882_900542435342475827_n-1086x1536.jpg 1086w, https:\/\/dorogimedence.hu\/wp-content\/uploads\/2024\/08\/455140157_526179856426882_900542435342475827_n-150x212.jpg 150w, https:\/\/dorogimedence.hu\/wp-content\/uploads\/2024\/08\/455140157_526179856426882_900542435342475827_n-450x636.jpg 450w, https:\/\/dorogimedence.hu\/wp-content\/uploads\/2024\/08\/455140157_526179856426882_900542435342475827_n-1200x1697.jpg 1200w\" sizes=\"(max-width: 1414px) 100vw, 1414px\" \/><\/p>\n","protected":false},"excerpt":{"rendered":"<p>Van olyan amit, m\u00e9g nem tudsz a Pilisr\u0151l, de mindig meg akartad k\u00e9rdezni? Okt\u00f3ber 4-6. k\u00f6z\u00f6tt szervezik meg a bioszf\u00e9ra-rezerv\u00e1tum szok\u00e1sos l\u00e1togat\u00f3felm\u00e9r\u00e9s\u00e9t. Erd\u00e9szek \u00e9s term\u00e9szetv\u00e9delmi szakemberek is r\u00e9szt vesznek a sz\u00e1ml\u00e1l\u00e1sban. Ha \u00e9rdekel a term\u00e9szetv\u00e9delem \u00e9s sz\u00edvesen besz\u00e9lgetsz Hozz\u00e1d hasonl\u00f3 emberekkel, akkor csatlakozz a csapathoz l\u00e1togat\u00f3sz\u00e1ml\u00e1l\u00f3k\u00e9nt a Pilisben! Mi a feladat? Ahhoz, hogy nyomon tudj\u00e1k<\/p>\n","protected":false},"author":1,"featured_media":64058,"comment_status":"closed","ping_status":"closed","sticky":false,"template":"","format":"standard","meta":{"ngg_post_thumbnail":0,"footnotes":""},"categories":[3,6948],"tags":[7970,7969],"class_list":{"0":"post-64056","1":"post","2":"type-post","3":"status-publish","4":"format-standard","5":"has-post-thumbnail","7":"category-hirek","8":"category-szines","9":"tag-latogatofelmeres","10":"tag-pilisi-bioszfera-rezervatum"},"yoast_head":"<!-- This site is optimized with the Yoast SEO plugin v27.5 - https:\/\/yoast.com\/product\/yoast-seo-wordpress\/ -->\n<title>Nyolcadik alkalommal v\u00e9geznek l\u00e1togat\u00f3felm\u00e9r\u00e9st a Pilisi bioszf\u00e9ra-rezerv\u00e1tumban<\/title>\n<meta name=\"robots\" content=\"index, follow, max-snippet:-1, max-image-preview:large, max-video-preview:-1\" \/>\n<link rel=\"canonical\" href=\"https:\/\/dorogimedence.hu\/index.php\/2024\/08\/14\/nyolcadik-alkalommal-vegeznek-latogatofelmerest-a-pilisi-bioszfera-rezervatumban\/\" class=\"yoast-seo-meta-tag\" \/>\n<meta property=\"og:locale\" content=\"hu_HU\" class=\"yoast-seo-meta-tag\" \/>\n<meta property=\"og:type\" content=\"article\" class=\"yoast-seo-meta-tag\" \/>\n<meta property=\"og:title\" content=\"Nyolcadik alkalommal v\u00e9geznek l\u00e1togat\u00f3felm\u00e9r\u00e9st a Pilisi bioszf\u00e9ra-rezerv\u00e1tumban\" class=\"yoast-seo-meta-tag\" \/>\n<meta property=\"og:description\" content=\"Van olyan amit, m\u00e9g nem tudsz a Pilisr\u0151l, de mindig meg akartad k\u00e9rdezni? Okt\u00f3ber 4-6. k\u00f6z\u00f6tt szervezik meg a bioszf\u00e9ra-rezerv\u00e1tum szok\u00e1sos l\u00e1togat\u00f3felm\u00e9r\u00e9s\u00e9t. Erd\u00e9szek \u00e9s term\u00e9szetv\u00e9delmi szakemberek is r\u00e9szt vesznek a sz\u00e1ml\u00e1l\u00e1sban. Ha \u00e9rdekel a term\u00e9szetv\u00e9delem \u00e9s sz\u00edvesen besz\u00e9lgetsz Hozz\u00e1d hasonl\u00f3 emberekkel, akkor csatlakozz a csapathoz l\u00e1togat\u00f3sz\u00e1ml\u00e1l\u00f3k\u00e9nt a Pilisben! Mi a feladat? Ahhoz, hogy nyomon tudj\u00e1k\" class=\"yoast-seo-meta-tag\" \/>\n<meta property=\"og:url\" content=\"https:\/\/dorogimedence.hu\/index.php\/2024\/08\/14\/nyolcadik-alkalommal-vegeznek-latogatofelmerest-a-pilisi-bioszfera-rezervatumban\/\" class=\"yoast-seo-meta-tag\" \/>\n<meta property=\"og:site_name\" content=\"Dorogi-medence Region\u00e1lis H\u00edrport\u00e1l\" class=\"yoast-seo-meta-tag\" \/>\n<meta property=\"article:publisher\" content=\"https:\/\/www.facebook.com\/dorogimedence\/\" class=\"yoast-seo-meta-tag\" \/>\n<meta property=\"article:published_time\" content=\"2024-08-14T08:05:54+00:00\" class=\"yoast-seo-meta-tag\" \/>\n<meta property=\"og:image\" content=\"https:\/\/dorogimedence.hu\/wp-content\/uploads\/2024\/08\/pilisi.jpg\" class=\"yoast-seo-meta-tag\" \/>\n\t<meta property=\"og:image:width\" content=\"1920\" class=\"yoast-seo-meta-tag\" \/>\n\t<meta property=\"og:image:height\" content=\"970\" class=\"yoast-seo-meta-tag\" \/>\n\t<meta property=\"og:image:type\" content=\"image\/jpeg\" class=\"yoast-seo-meta-tag\" \/>\n<meta name=\"author\" content=\"dorogimedence.hu\" class=\"yoast-seo-meta-tag\" \/>\n<meta name=\"twitter:card\" content=\"summary_large_image\" class=\"yoast-seo-meta-tag\" \/>\n<meta name=\"twitter:label1\" content=\"Szerz\u0151:\" class=\"yoast-seo-meta-tag\" \/>\n\t<meta name=\"twitter:data1\" content=\"dorogimedence.hu\" class=\"yoast-seo-meta-tag\" \/>\n\t<meta name=\"twitter:label2\" content=\"Becs\u00fclt olvas\u00e1si id\u0151\" class=\"yoast-seo-meta-tag\" \/>\n\t<meta name=\"twitter:data2\" content=\"3 perc\" class=\"yoast-seo-meta-tag\" \/>\n<script type=\"application\/ld+json\" class=\"yoast-schema-graph\">{\"@context\":\"https:\\\/\\\/schema.org\",\"@graph\":[{\"@type\":\"Article\",\"@id\":\"https:\\\/\\\/dorogimedence.hu\\\/index.php\\\/2024\\\/08\\\/14\\\/nyolcadik-alkalommal-vegeznek-latogatofelmerest-a-pilisi-bioszfera-rezervatumban\\\/#article\",\"isPartOf\":{\"@id\":\"https:\\\/\\\/dorogimedence.hu\\\/index.php\\\/2024\\\/08\\\/14\\\/nyolcadik-alkalommal-vegeznek-latogatofelmerest-a-pilisi-bioszfera-rezervatumban\\\/\"},\"author\":{\"name\":\"dorogimedence.hu\",\"@id\":\"https:\\\/\\\/dorogimedence.hu\\\/#\\\/schema\\\/person\\\/ce6091eeb7e95ecdc87890d6aa8e0fd4\"},\"headline\":\"Nyolcadik alkalommal v\u00e9geznek l\u00e1togat\u00f3felm\u00e9r\u00e9st a Pilisi bioszf\u00e9ra-rezerv\u00e1tumban\",\"datePublished\":\"2024-08-14T08:05:54+00:00\",\"mainEntityOfPage\":{\"@id\":\"https:\\\/\\\/dorogimedence.hu\\\/index.php\\\/2024\\\/08\\\/14\\\/nyolcadik-alkalommal-vegeznek-latogatofelmerest-a-pilisi-bioszfera-rezervatumban\\\/\"},\"wordCount\":572,\"publisher\":{\"@id\":\"https:\\\/\\\/dorogimedence.hu\\\/#organization\"},\"image\":{\"@id\":\"https:\\\/\\\/dorogimedence.hu\\\/index.php\\\/2024\\\/08\\\/14\\\/nyolcadik-alkalommal-vegeznek-latogatofelmerest-a-pilisi-bioszfera-rezervatumban\\\/#primaryimage\"},\"thumbnailUrl\":\"https:\\\/\\\/dorogimedence.hu\\\/wp-content\\\/uploads\\\/2024\\\/08\\\/pilisi.jpg\",\"keywords\":[\"l\u00e1togat\u00f3felm\u00e9r\u00e9s\",\"Pilisi bioszf\u00e9ra-rezerv\u00e1tum\"],\"articleSection\":[\"H\u00edrek\",\"Sz\u00ednes\"],\"inLanguage\":\"hu\"},{\"@type\":\"WebPage\",\"@id\":\"https:\\\/\\\/dorogimedence.hu\\\/index.php\\\/2024\\\/08\\\/14\\\/nyolcadik-alkalommal-vegeznek-latogatofelmerest-a-pilisi-bioszfera-rezervatumban\\\/\",\"url\":\"https:\\\/\\\/dorogimedence.hu\\\/index.php\\\/2024\\\/08\\\/14\\\/nyolcadik-alkalommal-vegeznek-latogatofelmerest-a-pilisi-bioszfera-rezervatumban\\\/\",\"name\":\"Nyolcadik alkalommal v\u00e9geznek l\u00e1togat\u00f3felm\u00e9r\u00e9st a Pilisi bioszf\u00e9ra-rezerv\u00e1tumban\",\"isPartOf\":{\"@id\":\"https:\\\/\\\/dorogimedence.hu\\\/#website\"},\"primaryImageOfPage\":{\"@id\":\"https:\\\/\\\/dorogimedence.hu\\\/index.php\\\/2024\\\/08\\\/14\\\/nyolcadik-alkalommal-vegeznek-latogatofelmerest-a-pilisi-bioszfera-rezervatumban\\\/#primaryimage\"},\"image\":{\"@id\":\"https:\\\/\\\/dorogimedence.hu\\\/index.php\\\/2024\\\/08\\\/14\\\/nyolcadik-alkalommal-vegeznek-latogatofelmerest-a-pilisi-bioszfera-rezervatumban\\\/#primaryimage\"},\"thumbnailUrl\":\"https:\\\/\\\/dorogimedence.hu\\\/wp-content\\\/uploads\\\/2024\\\/08\\\/pilisi.jpg\",\"datePublished\":\"2024-08-14T08:05:54+00:00\",\"breadcrumb\":{\"@id\":\"https:\\\/\\\/dorogimedence.hu\\\/index.php\\\/2024\\\/08\\\/14\\\/nyolcadik-alkalommal-vegeznek-latogatofelmerest-a-pilisi-bioszfera-rezervatumban\\\/#breadcrumb\"},\"inLanguage\":\"hu\",\"potentialAction\":[{\"@type\":\"ReadAction\",\"target\":[\"https:\\\/\\\/dorogimedence.hu\\\/index.php\\\/2024\\\/08\\\/14\\\/nyolcadik-alkalommal-vegeznek-latogatofelmerest-a-pilisi-bioszfera-rezervatumban\\\/\"]}]},{\"@type\":\"ImageObject\",\"inLanguage\":\"hu\",\"@id\":\"https:\\\/\\\/dorogimedence.hu\\\/index.php\\\/2024\\\/08\\\/14\\\/nyolcadik-alkalommal-vegeznek-latogatofelmerest-a-pilisi-bioszfera-rezervatumban\\\/#primaryimage\",\"url\":\"https:\\\/\\\/dorogimedence.hu\\\/wp-content\\\/uploads\\\/2024\\\/08\\\/pilisi.jpg\",\"contentUrl\":\"https:\\\/\\\/dorogimedence.hu\\\/wp-content\\\/uploads\\\/2024\\\/08\\\/pilisi.jpg\",\"width\":1920,\"height\":970},{\"@type\":\"BreadcrumbList\",\"@id\":\"https:\\\/\\\/dorogimedence.hu\\\/index.php\\\/2024\\\/08\\\/14\\\/nyolcadik-alkalommal-vegeznek-latogatofelmerest-a-pilisi-bioszfera-rezervatumban\\\/#breadcrumb\",\"itemListElement\":[{\"@type\":\"ListItem\",\"position\":1,\"name\":\"Kezd\u0151lap\",\"item\":\"https:\\\/\\\/dorogimedence.hu\\\/\"},{\"@type\":\"ListItem\",\"position\":2,\"name\":\"Nyolcadik alkalommal v\u00e9geznek l\u00e1togat\u00f3felm\u00e9r\u00e9st a Pilisi bioszf\u00e9ra-rezerv\u00e1tumban\"}]},{\"@type\":\"WebSite\",\"@id\":\"https:\\\/\\\/dorogimedence.hu\\\/#website\",\"url\":\"https:\\\/\\\/dorogimedence.hu\\\/\",\"name\":\"Dorogi-medence Region\u00e1lis H\u00edrport\u00e1l\",\"description\":\"Dorog, Keszt\u00f6lc, Le\u00e1nyv\u00e1r, Piliscs\u00e9v, Tokod, Tokodalt\u00e1r\u00f3, Csolnok, Esztergom-kertv\u00e1ros: h\u00edrek, programok\",\"publisher\":{\"@id\":\"https:\\\/\\\/dorogimedence.hu\\\/#organization\"},\"potentialAction\":[{\"@type\":\"SearchAction\",\"target\":{\"@type\":\"EntryPoint\",\"urlTemplate\":\"https:\\\/\\\/dorogimedence.hu\\\/?s={search_term_string}\"},\"query-input\":{\"@type\":\"PropertyValueSpecification\",\"valueRequired\":true,\"valueName\":\"search_term_string\"}}],\"inLanguage\":\"hu\"},{\"@type\":\"Organization\",\"@id\":\"https:\\\/\\\/dorogimedence.hu\\\/#organization\",\"name\":\"Dorogi-medence Region\u00e1lis H\u00edrport\u00e1l\",\"url\":\"https:\\\/\\\/dorogimedence.hu\\\/\",\"logo\":{\"@type\":\"ImageObject\",\"inLanguage\":\"hu\",\"@id\":\"https:\\\/\\\/dorogimedence.hu\\\/#\\\/schema\\\/logo\\\/image\\\/\",\"url\":\"https:\\\/\\\/dorogimedence.hu\\\/wp-content\\\/uploads\\\/2021\\\/04\\\/logo-feher-600.png\",\"contentUrl\":\"https:\\\/\\\/dorogimedence.hu\\\/wp-content\\\/uploads\\\/2021\\\/04\\\/logo-feher-600.png\",\"width\":600,\"height\":100,\"caption\":\"Dorogi-medence Region\u00e1lis H\u00edrport\u00e1l\"},\"image\":{\"@id\":\"https:\\\/\\\/dorogimedence.hu\\\/#\\\/schema\\\/logo\\\/image\\\/\"},\"sameAs\":[\"https:\\\/\\\/www.facebook.com\\\/dorogimedence\\\/\"]},{\"@type\":\"Person\",\"@id\":\"https:\\\/\\\/dorogimedence.hu\\\/#\\\/schema\\\/person\\\/ce6091eeb7e95ecdc87890d6aa8e0fd4\",\"name\":\"dorogimedence.hu\",\"image\":{\"@type\":\"ImageObject\",\"inLanguage\":\"hu\",\"@id\":\"\\\/\\\/www.gravatar.com\\\/avatar\\\/d8d45f8901aadff40a4af72c0b826f1d?s=96&#038;r=g&#038;d=mm\",\"url\":\"\\\/\\\/www.gravatar.com\\\/avatar\\\/d8d45f8901aadff40a4af72c0b826f1d?s=96&#038;r=g&#038;d=mm\",\"contentUrl\":\"\\\/\\\/www.gravatar.com\\\/avatar\\\/d8d45f8901aadff40a4af72c0b826f1d?s=96&#038;r=g&#038;d=mm\",\"caption\":\"dorogimedence.hu\"}}]}<\/script>\n<!-- \/ Yoast SEO plugin. -->","yoast_head_json":{"title":"Nyolcadik alkalommal v\u00e9geznek l\u00e1togat\u00f3felm\u00e9r\u00e9st a Pilisi bioszf\u00e9ra-rezerv\u00e1tumban","robots":{"index":"index","follow":"follow","max-snippet":"max-snippet:-1","max-image-preview":"max-image-preview:large","max-video-preview":"max-video-preview:-1"},"canonical":"https:\/\/dorogimedence.hu\/index.php\/2024\/08\/14\/nyolcadik-alkalommal-vegeznek-latogatofelmerest-a-pilisi-bioszfera-rezervatumban\/","og_locale":"hu_HU","og_type":"article","og_title":"Nyolcadik alkalommal v\u00e9geznek l\u00e1togat\u00f3felm\u00e9r\u00e9st a Pilisi bioszf\u00e9ra-rezerv\u00e1tumban","og_description":"Van olyan amit, m\u00e9g nem tudsz a Pilisr\u0151l, de mindig meg akartad k\u00e9rdezni? Okt\u00f3ber 4-6. k\u00f6z\u00f6tt szervezik meg a bioszf\u00e9ra-rezerv\u00e1tum szok\u00e1sos l\u00e1togat\u00f3felm\u00e9r\u00e9s\u00e9t. Erd\u00e9szek \u00e9s term\u00e9szetv\u00e9delmi szakemberek is r\u00e9szt vesznek a sz\u00e1ml\u00e1l\u00e1sban. Ha \u00e9rdekel a term\u00e9szetv\u00e9delem \u00e9s sz\u00edvesen besz\u00e9lgetsz Hozz\u00e1d hasonl\u00f3 emberekkel, akkor csatlakozz a csapathoz l\u00e1togat\u00f3sz\u00e1ml\u00e1l\u00f3k\u00e9nt a Pilisben! Mi a feladat? Ahhoz, hogy nyomon tudj\u00e1k","og_url":"https:\/\/dorogimedence.hu\/index.php\/2024\/08\/14\/nyolcadik-alkalommal-vegeznek-latogatofelmerest-a-pilisi-bioszfera-rezervatumban\/","og_site_name":"Dorogi-medence Region\u00e1lis H\u00edrport\u00e1l","article_publisher":"https:\/\/www.facebook.com\/dorogimedence\/","article_published_time":"2024-08-14T08:05:54+00:00","og_image":[{"width":1920,"height":970,"url":"https:\/\/dorogimedence.hu\/wp-content\/uploads\/2024\/08\/pilisi.jpg","type":"image\/jpeg"}],"author":"dorogimedence.hu","twitter_card":"summary_large_image","twitter_misc":{"Szerz\u0151:":"dorogimedence.hu","Becs\u00fclt olvas\u00e1si id\u0151":"3 perc"},"schema":{"@context":"https:\/\/schema.org","@graph":[{"@type":"Article","@id":"https:\/\/dorogimedence.hu\/index.php\/2024\/08\/14\/nyolcadik-alkalommal-vegeznek-latogatofelmerest-a-pilisi-bioszfera-rezervatumban\/#article","isPartOf":{"@id":"https:\/\/dorogimedence.hu\/index.php\/2024\/08\/14\/nyolcadik-alkalommal-vegeznek-latogatofelmerest-a-pilisi-bioszfera-rezervatumban\/"},"author":{"name":"dorogimedence.hu","@id":"https:\/\/dorogimedence.hu\/#\/schema\/person\/ce6091eeb7e95ecdc87890d6aa8e0fd4"},"headline":"Nyolcadik alkalommal v\u00e9geznek l\u00e1togat\u00f3felm\u00e9r\u00e9st a Pilisi bioszf\u00e9ra-rezerv\u00e1tumban","datePublished":"2024-08-14T08:05:54+00:00","mainEntityOfPage":{"@id":"https:\/\/dorogimedence.hu\/index.php\/2024\/08\/14\/nyolcadik-alkalommal-vegeznek-latogatofelmerest-a-pilisi-bioszfera-rezervatumban\/"},"wordCount":572,"publisher":{"@id":"https:\/\/dorogimedence.hu\/#organization"},"image":{"@id":"https:\/\/dorogimedence.hu\/index.php\/2024\/08\/14\/nyolcadik-alkalommal-vegeznek-latogatofelmerest-a-pilisi-bioszfera-rezervatumban\/#primaryimage"},"thumbnailUrl":"https:\/\/dorogimedence.hu\/wp-content\/uploads\/2024\/08\/pilisi.jpg","keywords":["l\u00e1togat\u00f3felm\u00e9r\u00e9s","Pilisi bioszf\u00e9ra-rezerv\u00e1tum"],"articleSection":["H\u00edrek","Sz\u00ednes"],"inLanguage":"hu"},{"@type":"WebPage","@id":"https:\/\/dorogimedence.hu\/index.php\/2024\/08\/14\/nyolcadik-alkalommal-vegeznek-latogatofelmerest-a-pilisi-bioszfera-rezervatumban\/","url":"https:\/\/dorogimedence.hu\/index.php\/2024\/08\/14\/nyolcadik-alkalommal-vegeznek-latogatofelmerest-a-pilisi-bioszfera-rezervatumban\/","name":"Nyolcadik alkalommal v\u00e9geznek l\u00e1togat\u00f3felm\u00e9r\u00e9st a Pilisi bioszf\u00e9ra-rezerv\u00e1tumban","isPartOf":{"@id":"https:\/\/dorogimedence.hu\/#website"},"primaryImageOfPage":{"@id":"https:\/\/dorogimedence.hu\/index.php\/2024\/08\/14\/nyolcadik-alkalommal-vegeznek-latogatofelmerest-a-pilisi-bioszfera-rezervatumban\/#primaryimage"},"image":{"@id":"https:\/\/dorogimedence.hu\/index.php\/2024\/08\/14\/nyolcadik-alkalommal-vegeznek-latogatofelmerest-a-pilisi-bioszfera-rezervatumban\/#primaryimage"},"thumbnailUrl":"https:\/\/dorogimedence.hu\/wp-content\/uploads\/2024\/08\/pilisi.jpg","datePublished":"2024-08-14T08:05:54+00:00","breadcrumb":{"@id":"https:\/\/dorogimedence.hu\/index.php\/2024\/08\/14\/nyolcadik-alkalommal-vegeznek-latogatofelmerest-a-pilisi-bioszfera-rezervatumban\/#breadcrumb"},"inLanguage":"hu","potentialAction":[{"@type":"ReadAction","target":["https:\/\/dorogimedence.hu\/index.php\/2024\/08\/14\/nyolcadik-alkalommal-vegeznek-latogatofelmerest-a-pilisi-bioszfera-rezervatumban\/"]}]},{"@type":"ImageObject","inLanguage":"hu","@id":"https:\/\/dorogimedence.hu\/index.php\/2024\/08\/14\/nyolcadik-alkalommal-vegeznek-latogatofelmerest-a-pilisi-bioszfera-rezervatumban\/#primaryimage","url":"https:\/\/dorogimedence.hu\/wp-content\/uploads\/2024\/08\/pilisi.jpg","contentUrl":"https:\/\/dorogimedence.hu\/wp-content\/uploads\/2024\/08\/pilisi.jpg","width":1920,"height":970},{"@type":"BreadcrumbList","@id":"https:\/\/dorogimedence.hu\/index.php\/2024\/08\/14\/nyolcadik-alkalommal-vegeznek-latogatofelmerest-a-pilisi-bioszfera-rezervatumban\/#breadcrumb","itemListElement":[{"@type":"ListItem","position":1,"name":"Kezd\u0151lap","item":"https:\/\/dorogimedence.hu\/"},{"@type":"ListItem","position":2,"name":"Nyolcadik alkalommal v\u00e9geznek l\u00e1togat\u00f3felm\u00e9r\u00e9st a Pilisi bioszf\u00e9ra-rezerv\u00e1tumban"}]},{"@type":"WebSite","@id":"https:\/\/dorogimedence.hu\/#website","url":"https:\/\/dorogimedence.hu\/","name":"Dorogi-medence Region\u00e1lis H\u00edrport\u00e1l","description":"Dorog, Keszt\u00f6lc, Le\u00e1nyv\u00e1r, Piliscs\u00e9v, Tokod, Tokodalt\u00e1r\u00f3, Csolnok, Esztergom-kertv\u00e1ros: h\u00edrek, programok","publisher":{"@id":"https:\/\/dorogimedence.hu\/#organization"},"potentialAction":[{"@type":"SearchAction","target":{"@type":"EntryPoint","urlTemplate":"https:\/\/dorogimedence.hu\/?s={search_term_string}"},"query-input":{"@type":"PropertyValueSpecification","valueRequired":true,"valueName":"search_term_string"}}],"inLanguage":"hu"},{"@type":"Organization","@id":"https:\/\/dorogimedence.hu\/#organization","name":"Dorogi-medence Region\u00e1lis H\u00edrport\u00e1l","url":"https:\/\/dorogimedence.hu\/","logo":{"@type":"ImageObject","inLanguage":"hu","@id":"https:\/\/dorogimedence.hu\/#\/schema\/logo\/image\/","url":"https:\/\/dorogimedence.hu\/wp-content\/uploads\/2021\/04\/logo-feher-600.png","contentUrl":"https:\/\/dorogimedence.hu\/wp-content\/uploads\/2021\/04\/logo-feher-600.png","width":600,"height":100,"caption":"Dorogi-medence Region\u00e1lis H\u00edrport\u00e1l"},"image":{"@id":"https:\/\/dorogimedence.hu\/#\/schema\/logo\/image\/"},"sameAs":["https:\/\/www.facebook.com\/dorogimedence\/"]},{"@type":"Person","@id":"https:\/\/dorogimedence.hu\/#\/schema\/person\/ce6091eeb7e95ecdc87890d6aa8e0fd4","name":"dorogimedence.hu","image":{"@type":"ImageObject","inLanguage":"hu","@id":"\/\/www.gravatar.com\/avatar\/d8d45f8901aadff40a4af72c0b826f1d?s=96&#038;r=g&#038;d=mm","url":"\/\/www.gravatar.com\/avatar\/d8d45f8901aadff40a4af72c0b826f1d?s=96&#038;r=g&#038;d=mm","contentUrl":"\/\/www.gravatar.com\/avatar\/d8d45f8901aadff40a4af72c0b826f1d?s=96&#038;r=g&#038;d=mm","caption":"dorogimedence.hu"}}]}},"_links":{"self":[{"href":"https:\/\/dorogimedence.hu\/index.php\/wp-json\/wp\/v2\/posts\/64056","targetHints":{"allow":["GET"]}}],"collection":[{"href":"https:\/\/dorogimedence.hu\/index.php\/wp-json\/wp\/v2\/posts"}],"about":[{"href":"https:\/\/dorogimedence.hu\/index.php\/wp-json\/wp\/v2\/types\/post"}],"author":[{"embeddable":true,"href":"https:\/\/dorogimedence.hu\/index.php\/wp-json\/wp\/v2\/users\/1"}],"replies":[{"embeddable":true,"href":"https:\/\/dorogimedence.hu\/index.php\/wp-json\/wp\/v2\/comments?post=64056"}],"version-history":[{"count":0,"href":"https:\/\/dorogimedence.hu\/index.php\/wp-json\/wp\/v2\/posts\/64056\/revisions"}],"wp:featuredmedia":[{"embeddable":true,"href":"https:\/\/dorogimedence.hu\/index.php\/wp-json\/wp\/v2\/media\/64058"}],"wp:attachment":[{"href":"https:\/\/dorogimedence.hu\/index.php\/wp-json\/wp\/v2\/media?parent=64056"}],"wp:term":[{"taxonomy":"category","embeddable":true,"href":"https:\/\/dorogimedence.hu\/index.php\/wp-json\/wp\/v2\/categories?post=64056"},{"taxonomy":"post_tag","embeddable":true,"href":"https:\/\/dorogimedence.hu\/index.php\/wp-json\/wp\/v2\/tags?post=64056"}],"curies":[{"name":"wp","href":"https:\/\/api.w.org\/{rel}","templated":true}]}}