{"id":63981,"date":"2024-08-10T12:38:47","date_gmt":"2024-08-10T10:38:47","guid":{"rendered":"https:\/\/dorogimedence.hu\/?p=63981"},"modified":"2024-08-10T12:38:47","modified_gmt":"2024-08-10T10:38:47","slug":"rendorkezen-a-kifoszto","status":"publish","type":"post","link":"https:\/\/dorogimedence.hu\/index.php\/2024\/08\/10\/rendorkezen-a-kifoszto\/","title":{"rendered":"Rend\u0151rk\u00e9zen a kifoszt\u00f3"},"content":{"rendered":"<div class=\"lead-text\">\n<p><strong>A nyomoz\u00f3k \u0151rizetbe vettek egy nyerges\u00fajfalui lakost, aki egy alv\u00f3 f\u00e9rfit, illetve egy v\u00e9dekez\u00e9sre k\u00e9ptelen, id\u0151s n\u0151t szemelt ki arra, hogy elvegye az \u00e9rt\u00e9keiket.<\/strong><\/p>\n<div class=\"body-text\">\n<p>Az Esztergomi Rend\u0151rkapit\u00e1nys\u00e1g kifoszt\u00e1s \u00e9s lop\u00e1s miatt folytat elj\u00e1r\u00e1st egy 41 \u00e9ves f\u00e9rfi ellen, aki augusztus 2-\u00e1n hajnalban az esztergomi vas\u00fat\u00e1llom\u00e1s utasv\u00e1r\u00f3j\u00e1ban beleny\u00falt egy alv\u00f3 f\u00e9rfi nadr\u00e1gzseb\u00e9be, hogy kivegye mobiltelefonj\u00e1t. A s\u00e9rtett \u00e9szrevette ezt, majd hangosan r\u00e1sz\u00f3lt az elk\u00f6vet\u0151re, \u00e9s ezzel megakad\u00e1lyozta a lop\u00e1st. Ezut\u00e1n az elk\u00f6vet\u0151 egy kital\u00e1lt t\u00f6rt\u00e9nettel elk\u00e9rte a telefont, \u00e9s J. Istv\u00e1n az \u00f6nk\u00e9ntes \u00e1tad\u00e1s ut\u00e1n a telefonnal t\u00e1vozott.<\/p>\n<p>\u00d6t nappal k\u00e9s\u0151bb egy esztergomi t\u00e1rsash\u00e1zn\u00e1l szemelte ki \u00fajabb \u00e1ldozat\u00e1t, egy roll\u00e1torral k\u00f6zleked\u0151 id\u0151s asszonyt. J. Istv\u00e1n p\u00e9nzt k\u00e9rt t\u0151le, de a n\u0151 elutas\u00edtotta. Ezt k\u00f6vet\u0151en a f\u00e9rfi megfogta a t\u00e1rsash\u00e1z ajtaj\u00e1t, hogy seg\u00edtsen a n\u0151nek. Ehelyett azonban a j\u00e1r\u00e1st seg\u00edt\u0151 kocsiban l\u00e9v\u0151 t\u00e1sk\u00e1ra kapott r\u00e1. A s\u00e9rtett megl\u00e1tta ezt, \u00e9s b\u00e1r megakad\u00e1lyozta, hogy elvigye, azonban elesett, melynek k\u00f6vetkezt\u00e9ben megs\u00e9r\u00fclt.<\/p>\n<p>A rend\u0151r\u00f6k sz\u00e9les k\u00f6r\u0171 adatgy\u0171jt\u00e9ssel azonos\u00edtott\u00e1k a felt\u00e9telezett elk\u00f6vet\u0151t, \u00e9s augusztus 8-\u00e1n elfogt\u00e1k. Az Esztergomi Rend\u0151rkapit\u00e1nys\u00e1g lop\u00e1s \u00e9s kifoszt\u00e1s miatt b\u0171n\u00fcgyi \u0151rizetbe vette a 41 \u00e9ves J. Istv\u00e1nt, aki kihallgat\u00e1s\u00e1n ezeken k\u00edv\u00fcl beismert m\u00e9g egy lop\u00e1st, egy g\u00e9pj\u00e1rm\u0171b\u0151l is vitt el \u00e9rt\u00e9keket. A nyomoz\u00f3k vizsg\u00e1lj\u00e1k, hogy gyan\u00fas\u00edthat\u00f3-e tov\u00e1bbi b\u0171ncselekm\u00e9nyekkel.<\/p>\n<p><em>Forr\u00e1s: police.hu<\/em><\/p>\n<\/div>\n<\/div>\n","protected":false},"excerpt":{"rendered":"<p>A nyomoz\u00f3k \u0151rizetbe vettek egy nyerges\u00fajfalui lakost, aki egy alv\u00f3 f\u00e9rfit, illetve egy v\u00e9dekez\u00e9sre k\u00e9ptelen, id\u0151s n\u0151t szemelt ki arra, hogy elvegye az \u00e9rt\u00e9keiket. Az Esztergomi Rend\u0151rkapit\u00e1nys\u00e1g kifoszt\u00e1s \u00e9s lop\u00e1s miatt folytat elj\u00e1r\u00e1st egy 41 \u00e9ves f\u00e9rfi ellen, aki augusztus 2-\u00e1n hajnalban az esztergomi vas\u00fat\u00e1llom\u00e1s utasv\u00e1r\u00f3j\u00e1ban beleny\u00falt egy alv\u00f3 f\u00e9rfi nadr\u00e1gzseb\u00e9be, hogy kivegye mobiltelefonj\u00e1t. A<\/p>\n","protected":false},"author":1,"featured_media":33064,"comment_status":"closed","ping_status":"closed","sticky":false,"template":"","format":"standard","meta":{"ngg_post_thumbnail":0,"footnotes":""},"categories":[38,3,39],"tags":[63,42,61],"class_list":{"0":"post-63981","1":"post","2":"type-post","3":"status-publish","4":"format-standard","5":"has-post-thumbnail","7":"category-esztergom","8":"category-hirek","9":"category-kek-hirek","10":"tag-buncselekmeny","11":"tag-esztergom","12":"tag-rendorsegi-hirek"},"yoast_head":"<!-- This site is optimized with the Yoast SEO plugin v27.4 - https:\/\/yoast.com\/product\/yoast-seo-wordpress\/ -->\n<title>Rend\u0151rk\u00e9zen a kifoszt\u00f3<\/title>\n<meta name=\"robots\" content=\"index, follow, max-snippet:-1, max-image-preview:large, max-video-preview:-1\" \/>\n<link rel=\"canonical\" href=\"https:\/\/dorogimedence.hu\/index.php\/2024\/08\/10\/rendorkezen-a-kifoszto\/\" class=\"yoast-seo-meta-tag\" \/>\n<meta property=\"og:locale\" content=\"hu_HU\" class=\"yoast-seo-meta-tag\" \/>\n<meta property=\"og:type\" content=\"article\" class=\"yoast-seo-meta-tag\" \/>\n<meta property=\"og:title\" content=\"Rend\u0151rk\u00e9zen a kifoszt\u00f3\" class=\"yoast-seo-meta-tag\" \/>\n<meta property=\"og:description\" content=\"A nyomoz\u00f3k \u0151rizetbe vettek egy nyerges\u00fajfalui lakost, aki egy alv\u00f3 f\u00e9rfit, illetve egy v\u00e9dekez\u00e9sre k\u00e9ptelen, id\u0151s n\u0151t szemelt ki arra, hogy elvegye az \u00e9rt\u00e9keiket. Az Esztergomi Rend\u0151rkapit\u00e1nys\u00e1g kifoszt\u00e1s \u00e9s lop\u00e1s miatt folytat elj\u00e1r\u00e1st egy 41 \u00e9ves f\u00e9rfi ellen, aki augusztus 2-\u00e1n hajnalban az esztergomi vas\u00fat\u00e1llom\u00e1s utasv\u00e1r\u00f3j\u00e1ban beleny\u00falt egy alv\u00f3 f\u00e9rfi nadr\u00e1gzseb\u00e9be, hogy kivegye mobiltelefonj\u00e1t. A\" class=\"yoast-seo-meta-tag\" \/>\n<meta property=\"og:url\" content=\"https:\/\/dorogimedence.hu\/index.php\/2024\/08\/10\/rendorkezen-a-kifoszto\/\" class=\"yoast-seo-meta-tag\" \/>\n<meta property=\"og:site_name\" content=\"Dorogi-medence Region\u00e1lis H\u00edrport\u00e1l\" class=\"yoast-seo-meta-tag\" \/>\n<meta property=\"article:publisher\" content=\"https:\/\/www.facebook.com\/dorogimedence\/\" class=\"yoast-seo-meta-tag\" \/>\n<meta property=\"article:published_time\" content=\"2024-08-10T10:38:47+00:00\" class=\"yoast-seo-meta-tag\" \/>\n<meta property=\"og:image\" content=\"https:\/\/dorogimedence.hu\/wp-content\/uploads\/2021\/05\/bilincs-07.jpg\" class=\"yoast-seo-meta-tag\" \/>\n\t<meta property=\"og:image:width\" content=\"1920\" class=\"yoast-seo-meta-tag\" \/>\n\t<meta property=\"og:image:height\" content=\"1280\" class=\"yoast-seo-meta-tag\" \/>\n\t<meta property=\"og:image:type\" content=\"image\/jpeg\" class=\"yoast-seo-meta-tag\" \/>\n<meta name=\"author\" content=\"dorogimedence.hu\" class=\"yoast-seo-meta-tag\" \/>\n<meta name=\"twitter:card\" content=\"summary_large_image\" class=\"yoast-seo-meta-tag\" \/>\n<meta name=\"twitter:label1\" content=\"Szerz\u0151:\" class=\"yoast-seo-meta-tag\" \/>\n\t<meta name=\"twitter:data1\" content=\"dorogimedence.hu\" class=\"yoast-seo-meta-tag\" \/>\n\t<meta name=\"twitter:label2\" content=\"Becs\u00fclt olvas\u00e1si id\u0151\" class=\"yoast-seo-meta-tag\" \/>\n\t<meta name=\"twitter:data2\" content=\"2 perc\" class=\"yoast-seo-meta-tag\" \/>\n<script type=\"application\/ld+json\" class=\"yoast-schema-graph\">{\"@context\":\"https:\\\/\\\/schema.org\",\"@graph\":[{\"@type\":\"Article\",\"@id\":\"https:\\\/\\\/dorogimedence.hu\\\/index.php\\\/2024\\\/08\\\/10\\\/rendorkezen-a-kifoszto\\\/#article\",\"isPartOf\":{\"@id\":\"https:\\\/\\\/dorogimedence.hu\\\/index.php\\\/2024\\\/08\\\/10\\\/rendorkezen-a-kifoszto\\\/\"},\"author\":{\"name\":\"dorogimedence.hu\",\"@id\":\"https:\\\/\\\/dorogimedence.hu\\\/#\\\/schema\\\/person\\\/ce6091eeb7e95ecdc87890d6aa8e0fd4\"},\"headline\":\"Rend\u0151rk\u00e9zen a kifoszt\u00f3\",\"datePublished\":\"2024-08-10T10:38:47+00:00\",\"mainEntityOfPage\":{\"@id\":\"https:\\\/\\\/dorogimedence.hu\\\/index.php\\\/2024\\\/08\\\/10\\\/rendorkezen-a-kifoszto\\\/\"},\"wordCount\":327,\"publisher\":{\"@id\":\"https:\\\/\\\/dorogimedence.hu\\\/#organization\"},\"image\":{\"@id\":\"https:\\\/\\\/dorogimedence.hu\\\/index.php\\\/2024\\\/08\\\/10\\\/rendorkezen-a-kifoszto\\\/#primaryimage\"},\"thumbnailUrl\":\"https:\\\/\\\/dorogimedence.hu\\\/wp-content\\\/uploads\\\/2021\\\/05\\\/bilincs-07.jpg\",\"keywords\":[\"b\u0171ncselekm\u00e9ny\",\"esztergom\",\"rend\u0151rs\u00e9gi h\u00edrek\"],\"articleSection\":[\"Esztergom\",\"H\u00edrek\",\"K\u00e9k h\u00edrek\"],\"inLanguage\":\"hu\"},{\"@type\":\"WebPage\",\"@id\":\"https:\\\/\\\/dorogimedence.hu\\\/index.php\\\/2024\\\/08\\\/10\\\/rendorkezen-a-kifoszto\\\/\",\"url\":\"https:\\\/\\\/dorogimedence.hu\\\/index.php\\\/2024\\\/08\\\/10\\\/rendorkezen-a-kifoszto\\\/\",\"name\":\"Rend\u0151rk\u00e9zen a kifoszt\u00f3\",\"isPartOf\":{\"@id\":\"https:\\\/\\\/dorogimedence.hu\\\/#website\"},\"primaryImageOfPage\":{\"@id\":\"https:\\\/\\\/dorogimedence.hu\\\/index.php\\\/2024\\\/08\\\/10\\\/rendorkezen-a-kifoszto\\\/#primaryimage\"},\"image\":{\"@id\":\"https:\\\/\\\/dorogimedence.hu\\\/index.php\\\/2024\\\/08\\\/10\\\/rendorkezen-a-kifoszto\\\/#primaryimage\"},\"thumbnailUrl\":\"https:\\\/\\\/dorogimedence.hu\\\/wp-content\\\/uploads\\\/2021\\\/05\\\/bilincs-07.jpg\",\"datePublished\":\"2024-08-10T10:38:47+00:00\",\"breadcrumb\":{\"@id\":\"https:\\\/\\\/dorogimedence.hu\\\/index.php\\\/2024\\\/08\\\/10\\\/rendorkezen-a-kifoszto\\\/#breadcrumb\"},\"inLanguage\":\"hu\",\"potentialAction\":[{\"@type\":\"ReadAction\",\"target\":[\"https:\\\/\\\/dorogimedence.hu\\\/index.php\\\/2024\\\/08\\\/10\\\/rendorkezen-a-kifoszto\\\/\"]}]},{\"@type\":\"ImageObject\",\"inLanguage\":\"hu\",\"@id\":\"https:\\\/\\\/dorogimedence.hu\\\/index.php\\\/2024\\\/08\\\/10\\\/rendorkezen-a-kifoszto\\\/#primaryimage\",\"url\":\"https:\\\/\\\/dorogimedence.hu\\\/wp-content\\\/uploads\\\/2021\\\/05\\\/bilincs-07.jpg\",\"contentUrl\":\"https:\\\/\\\/dorogimedence.hu\\\/wp-content\\\/uploads\\\/2021\\\/05\\\/bilincs-07.jpg\",\"width\":1920,\"height\":1280},{\"@type\":\"BreadcrumbList\",\"@id\":\"https:\\\/\\\/dorogimedence.hu\\\/index.php\\\/2024\\\/08\\\/10\\\/rendorkezen-a-kifoszto\\\/#breadcrumb\",\"itemListElement\":[{\"@type\":\"ListItem\",\"position\":1,\"name\":\"Kezd\u0151lap\",\"item\":\"https:\\\/\\\/dorogimedence.hu\\\/\"},{\"@type\":\"ListItem\",\"position\":2,\"name\":\"Rend\u0151rk\u00e9zen a kifoszt\u00f3\"}]},{\"@type\":\"WebSite\",\"@id\":\"https:\\\/\\\/dorogimedence.hu\\\/#website\",\"url\":\"https:\\\/\\\/dorogimedence.hu\\\/\",\"name\":\"Dorogi-medence Region\u00e1lis H\u00edrport\u00e1l\",\"description\":\"Dorog, Keszt\u00f6lc, Le\u00e1nyv\u00e1r, Piliscs\u00e9v, Tokod, Tokodalt\u00e1r\u00f3, Csolnok, Esztergom-kertv\u00e1ros: h\u00edrek, programok\",\"publisher\":{\"@id\":\"https:\\\/\\\/dorogimedence.hu\\\/#organization\"},\"potentialAction\":[{\"@type\":\"SearchAction\",\"target\":{\"@type\":\"EntryPoint\",\"urlTemplate\":\"https:\\\/\\\/dorogimedence.hu\\\/?s={search_term_string}\"},\"query-input\":{\"@type\":\"PropertyValueSpecification\",\"valueRequired\":true,\"valueName\":\"search_term_string\"}}],\"inLanguage\":\"hu\"},{\"@type\":\"Organization\",\"@id\":\"https:\\\/\\\/dorogimedence.hu\\\/#organization\",\"name\":\"Dorogi-medence Region\u00e1lis H\u00edrport\u00e1l\",\"url\":\"https:\\\/\\\/dorogimedence.hu\\\/\",\"logo\":{\"@type\":\"ImageObject\",\"inLanguage\":\"hu\",\"@id\":\"https:\\\/\\\/dorogimedence.hu\\\/#\\\/schema\\\/logo\\\/image\\\/\",\"url\":\"https:\\\/\\\/dorogimedence.hu\\\/wp-content\\\/uploads\\\/2021\\\/04\\\/logo-feher-600.png\",\"contentUrl\":\"https:\\\/\\\/dorogimedence.hu\\\/wp-content\\\/uploads\\\/2021\\\/04\\\/logo-feher-600.png\",\"width\":600,\"height\":100,\"caption\":\"Dorogi-medence Region\u00e1lis H\u00edrport\u00e1l\"},\"image\":{\"@id\":\"https:\\\/\\\/dorogimedence.hu\\\/#\\\/schema\\\/logo\\\/image\\\/\"},\"sameAs\":[\"https:\\\/\\\/www.facebook.com\\\/dorogimedence\\\/\"]},{\"@type\":\"Person\",\"@id\":\"https:\\\/\\\/dorogimedence.hu\\\/#\\\/schema\\\/person\\\/ce6091eeb7e95ecdc87890d6aa8e0fd4\",\"name\":\"dorogimedence.hu\",\"image\":{\"@type\":\"ImageObject\",\"inLanguage\":\"hu\",\"@id\":\"\\\/\\\/www.gravatar.com\\\/avatar\\\/d8d45f8901aadff40a4af72c0b826f1d?s=96&#038;r=g&#038;d=mm\",\"url\":\"\\\/\\\/www.gravatar.com\\\/avatar\\\/d8d45f8901aadff40a4af72c0b826f1d?s=96&#038;r=g&#038;d=mm\",\"contentUrl\":\"\\\/\\\/www.gravatar.com\\\/avatar\\\/d8d45f8901aadff40a4af72c0b826f1d?s=96&#038;r=g&#038;d=mm\",\"caption\":\"dorogimedence.hu\"}}]}<\/script>\n<!-- \/ Yoast SEO plugin. -->","yoast_head_json":{"title":"Rend\u0151rk\u00e9zen a kifoszt\u00f3","robots":{"index":"index","follow":"follow","max-snippet":"max-snippet:-1","max-image-preview":"max-image-preview:large","max-video-preview":"max-video-preview:-1"},"canonical":"https:\/\/dorogimedence.hu\/index.php\/2024\/08\/10\/rendorkezen-a-kifoszto\/","og_locale":"hu_HU","og_type":"article","og_title":"Rend\u0151rk\u00e9zen a kifoszt\u00f3","og_description":"A nyomoz\u00f3k \u0151rizetbe vettek egy nyerges\u00fajfalui lakost, aki egy alv\u00f3 f\u00e9rfit, illetve egy v\u00e9dekez\u00e9sre k\u00e9ptelen, id\u0151s n\u0151t szemelt ki arra, hogy elvegye az \u00e9rt\u00e9keiket. Az Esztergomi Rend\u0151rkapit\u00e1nys\u00e1g kifoszt\u00e1s \u00e9s lop\u00e1s miatt folytat elj\u00e1r\u00e1st egy 41 \u00e9ves f\u00e9rfi ellen, aki augusztus 2-\u00e1n hajnalban az esztergomi vas\u00fat\u00e1llom\u00e1s utasv\u00e1r\u00f3j\u00e1ban beleny\u00falt egy alv\u00f3 f\u00e9rfi nadr\u00e1gzseb\u00e9be, hogy kivegye mobiltelefonj\u00e1t. A","og_url":"https:\/\/dorogimedence.hu\/index.php\/2024\/08\/10\/rendorkezen-a-kifoszto\/","og_site_name":"Dorogi-medence Region\u00e1lis H\u00edrport\u00e1l","article_publisher":"https:\/\/www.facebook.com\/dorogimedence\/","article_published_time":"2024-08-10T10:38:47+00:00","og_image":[{"width":1920,"height":1280,"url":"https:\/\/dorogimedence.hu\/wp-content\/uploads\/2021\/05\/bilincs-07.jpg","type":"image\/jpeg"}],"author":"dorogimedence.hu","twitter_card":"summary_large_image","twitter_misc":{"Szerz\u0151:":"dorogimedence.hu","Becs\u00fclt olvas\u00e1si id\u0151":"2 perc"},"schema":{"@context":"https:\/\/schema.org","@graph":[{"@type":"Article","@id":"https:\/\/dorogimedence.hu\/index.php\/2024\/08\/10\/rendorkezen-a-kifoszto\/#article","isPartOf":{"@id":"https:\/\/dorogimedence.hu\/index.php\/2024\/08\/10\/rendorkezen-a-kifoszto\/"},"author":{"name":"dorogimedence.hu","@id":"https:\/\/dorogimedence.hu\/#\/schema\/person\/ce6091eeb7e95ecdc87890d6aa8e0fd4"},"headline":"Rend\u0151rk\u00e9zen a kifoszt\u00f3","datePublished":"2024-08-10T10:38:47+00:00","mainEntityOfPage":{"@id":"https:\/\/dorogimedence.hu\/index.php\/2024\/08\/10\/rendorkezen-a-kifoszto\/"},"wordCount":327,"publisher":{"@id":"https:\/\/dorogimedence.hu\/#organization"},"image":{"@id":"https:\/\/dorogimedence.hu\/index.php\/2024\/08\/10\/rendorkezen-a-kifoszto\/#primaryimage"},"thumbnailUrl":"https:\/\/dorogimedence.hu\/wp-content\/uploads\/2021\/05\/bilincs-07.jpg","keywords":["b\u0171ncselekm\u00e9ny","esztergom","rend\u0151rs\u00e9gi h\u00edrek"],"articleSection":["Esztergom","H\u00edrek","K\u00e9k h\u00edrek"],"inLanguage":"hu"},{"@type":"WebPage","@id":"https:\/\/dorogimedence.hu\/index.php\/2024\/08\/10\/rendorkezen-a-kifoszto\/","url":"https:\/\/dorogimedence.hu\/index.php\/2024\/08\/10\/rendorkezen-a-kifoszto\/","name":"Rend\u0151rk\u00e9zen a kifoszt\u00f3","isPartOf":{"@id":"https:\/\/dorogimedence.hu\/#website"},"primaryImageOfPage":{"@id":"https:\/\/dorogimedence.hu\/index.php\/2024\/08\/10\/rendorkezen-a-kifoszto\/#primaryimage"},"image":{"@id":"https:\/\/dorogimedence.hu\/index.php\/2024\/08\/10\/rendorkezen-a-kifoszto\/#primaryimage"},"thumbnailUrl":"https:\/\/dorogimedence.hu\/wp-content\/uploads\/2021\/05\/bilincs-07.jpg","datePublished":"2024-08-10T10:38:47+00:00","breadcrumb":{"@id":"https:\/\/dorogimedence.hu\/index.php\/2024\/08\/10\/rendorkezen-a-kifoszto\/#breadcrumb"},"inLanguage":"hu","potentialAction":[{"@type":"ReadAction","target":["https:\/\/dorogimedence.hu\/index.php\/2024\/08\/10\/rendorkezen-a-kifoszto\/"]}]},{"@type":"ImageObject","inLanguage":"hu","@id":"https:\/\/dorogimedence.hu\/index.php\/2024\/08\/10\/rendorkezen-a-kifoszto\/#primaryimage","url":"https:\/\/dorogimedence.hu\/wp-content\/uploads\/2021\/05\/bilincs-07.jpg","contentUrl":"https:\/\/dorogimedence.hu\/wp-content\/uploads\/2021\/05\/bilincs-07.jpg","width":1920,"height":1280},{"@type":"BreadcrumbList","@id":"https:\/\/dorogimedence.hu\/index.php\/2024\/08\/10\/rendorkezen-a-kifoszto\/#breadcrumb","itemListElement":[{"@type":"ListItem","position":1,"name":"Kezd\u0151lap","item":"https:\/\/dorogimedence.hu\/"},{"@type":"ListItem","position":2,"name":"Rend\u0151rk\u00e9zen a kifoszt\u00f3"}]},{"@type":"WebSite","@id":"https:\/\/dorogimedence.hu\/#website","url":"https:\/\/dorogimedence.hu\/","name":"Dorogi-medence Region\u00e1lis H\u00edrport\u00e1l","description":"Dorog, Keszt\u00f6lc, Le\u00e1nyv\u00e1r, Piliscs\u00e9v, Tokod, Tokodalt\u00e1r\u00f3, Csolnok, Esztergom-kertv\u00e1ros: h\u00edrek, programok","publisher":{"@id":"https:\/\/dorogimedence.hu\/#organization"},"potentialAction":[{"@type":"SearchAction","target":{"@type":"EntryPoint","urlTemplate":"https:\/\/dorogimedence.hu\/?s={search_term_string}"},"query-input":{"@type":"PropertyValueSpecification","valueRequired":true,"valueName":"search_term_string"}}],"inLanguage":"hu"},{"@type":"Organization","@id":"https:\/\/dorogimedence.hu\/#organization","name":"Dorogi-medence Region\u00e1lis H\u00edrport\u00e1l","url":"https:\/\/dorogimedence.hu\/","logo":{"@type":"ImageObject","inLanguage":"hu","@id":"https:\/\/dorogimedence.hu\/#\/schema\/logo\/image\/","url":"https:\/\/dorogimedence.hu\/wp-content\/uploads\/2021\/04\/logo-feher-600.png","contentUrl":"https:\/\/dorogimedence.hu\/wp-content\/uploads\/2021\/04\/logo-feher-600.png","width":600,"height":100,"caption":"Dorogi-medence Region\u00e1lis H\u00edrport\u00e1l"},"image":{"@id":"https:\/\/dorogimedence.hu\/#\/schema\/logo\/image\/"},"sameAs":["https:\/\/www.facebook.com\/dorogimedence\/"]},{"@type":"Person","@id":"https:\/\/dorogimedence.hu\/#\/schema\/person\/ce6091eeb7e95ecdc87890d6aa8e0fd4","name":"dorogimedence.hu","image":{"@type":"ImageObject","inLanguage":"hu","@id":"\/\/www.gravatar.com\/avatar\/d8d45f8901aadff40a4af72c0b826f1d?s=96&#038;r=g&#038;d=mm","url":"\/\/www.gravatar.com\/avatar\/d8d45f8901aadff40a4af72c0b826f1d?s=96&#038;r=g&#038;d=mm","contentUrl":"\/\/www.gravatar.com\/avatar\/d8d45f8901aadff40a4af72c0b826f1d?s=96&#038;r=g&#038;d=mm","caption":"dorogimedence.hu"}}]}},"_links":{"self":[{"href":"https:\/\/dorogimedence.hu\/index.php\/wp-json\/wp\/v2\/posts\/63981","targetHints":{"allow":["GET"]}}],"collection":[{"href":"https:\/\/dorogimedence.hu\/index.php\/wp-json\/wp\/v2\/posts"}],"about":[{"href":"https:\/\/dorogimedence.hu\/index.php\/wp-json\/wp\/v2\/types\/post"}],"author":[{"embeddable":true,"href":"https:\/\/dorogimedence.hu\/index.php\/wp-json\/wp\/v2\/users\/1"}],"replies":[{"embeddable":true,"href":"https:\/\/dorogimedence.hu\/index.php\/wp-json\/wp\/v2\/comments?post=63981"}],"version-history":[{"count":0,"href":"https:\/\/dorogimedence.hu\/index.php\/wp-json\/wp\/v2\/posts\/63981\/revisions"}],"wp:featuredmedia":[{"embeddable":true,"href":"https:\/\/dorogimedence.hu\/index.php\/wp-json\/wp\/v2\/media\/33064"}],"wp:attachment":[{"href":"https:\/\/dorogimedence.hu\/index.php\/wp-json\/wp\/v2\/media?parent=63981"}],"wp:term":[{"taxonomy":"category","embeddable":true,"href":"https:\/\/dorogimedence.hu\/index.php\/wp-json\/wp\/v2\/categories?post=63981"},{"taxonomy":"post_tag","embeddable":true,"href":"https:\/\/dorogimedence.hu\/index.php\/wp-json\/wp\/v2\/tags?post=63981"}],"curies":[{"name":"wp","href":"https:\/\/api.w.org\/{rel}","templated":true}]}}