{"id":63976,"date":"2024-08-10T11:44:21","date_gmt":"2024-08-10T09:44:21","guid":{"rendered":"https:\/\/dorogimedence.hu\/?p=63976"},"modified":"2024-08-10T11:44:21","modified_gmt":"2024-08-10T09:44:21","slug":"vallfajdalom-es-derekfajdalom-gyotri-ortopedia-szakrendeles-esztergomban","status":"publish","type":"post","link":"https:\/\/dorogimedence.hu\/index.php\/2024\/08\/10\/vallfajdalom-es-derekfajdalom-gyotri-ortopedia-szakrendeles-esztergomban\/","title":{"rendered":"V\u00e1llf\u00e1jdalom, \u00e9s der\u00e9kf\u00e1jdalom gy\u00f6tri? &#8211; Ortop\u00e9dia szakrendel\u00e9s Esztergomban"},"content":{"rendered":"<p><strong>A v\u00e1llf\u00e1jdalom, \u00e9s a der\u00e9kf\u00e1jdalom kezel\u00e9s\u00e9re, illetve a f\u00e1jdalmak cs\u00f6kkent\u00e9s\u00e9re ma m\u00e1r t\u00f6bb hat\u00e9kony m\u00f3dszer is el\u00e9rhet\u0151. Az esztergomi Markomplex eg\u00e9szs\u00e9gk\u00f6zpontban az ortop\u00e9d szakrendel\u00e9s\u00e9hez kapcsol\u00f3dva MD orvosi kollag\u00e9n ter\u00e1pia, l\u00f6k\u00e9shull\u00e1m, \u00e9s Safe Laser kezel\u00e9s is ig\u00e9nybe vehet\u0151.<\/strong><\/p>\n<p>Ortop\u00e9d szakorvosunk a csontok, \u00edz\u00fcletek \u00e9s az ezekhez kapcsol\u00f3d\u00f3 sz\u00f6vetek diagnosztiz\u00e1l\u00e1s\u00e1val \u00e9s kezel\u00e9s\u00e9vel foglalkozik. A vizsg\u00e1lati folyamat a k\u00f3rt\u00f6rt\u00e9net felv\u00e9tel\u00e9vel kezd\u0151dik, majd fizik\u00e1lis vizsg\u00e1latok k\u00f6vetkeznek, ahol a szakorvos a probl\u00e9m\u00e1s ter\u00fcletet megvizsg\u00e1lja, \u00e9s sz\u00fcks\u00e9g eset\u00e9n tov\u00e1bbi vizsg\u00e1latokat rendelhet el.<\/p>\n<p>Szakrendel\u00e9s\u00fcnk\u00f6n kiemelten foglalkozunk sports\u00e9r\u00fcl\u00e9sekkel \u00e9s mozg\u00e1sszervi f\u00e1jdalmakkal, bele\u00e9rtve a kop\u00e1sokat, gyullad\u00e1sokat \u00e9s k\u00fcl\u00f6nb\u00f6z\u0151 \u00edz\u00fcleti probl\u00e9m\u00e1kat, valamint helyi \u00e9rz\u00e9stelen\u00edt\u00e9sben v\u00e9gzett k\u00e9zseb\u00e9szeti m\u0171t\u00e9ti beavatkoz\u00e1sokat is v\u00e1llalunk.<\/p>\n<p>VIDE\u00d3:<\/p>\n<p>https:\/\/www.facebook.com\/markomplexmedical\/videos\/708244181202903\/<\/p>\n<p><strong>Orvosi kollag\u00e9n ter\u00e1pia t\u00e9nyleg hat\u00e9kony?<\/strong><\/p>\n<p>Az MD orvosi kollag\u00e9n ter\u00e1pia egy olyan \u00fajszer\u0171, innovat\u00edv megold\u00e1s mozg\u00e1sszervi probl\u00e9m\u00e1kra, amely a k\u00e1rosodott sz\u00f6vetek helyre\u00e1ll\u00edt\u00e1s\u00e1t c\u00e9lozza.<\/p>\n<p>A sz\u00f6veti regener\u00e1ci\u00f3 t\u00e1mogat\u00e1s\u00e1val er\u0151s\u00edti a mozg\u00e1sszervrendszer elemeit, ez\u00e9rt haszn\u00e1lat\u00e1val nem csak a f\u00e1jdalmat tudjuk cs\u00f6kkenteni, hanem a panaszok ok\u00e1t is tudjuk kezelni.<\/p>\n<p><strong>A kollag\u00e9n injekci\u00f3 cs\u00f6kkenti az iz\u00fcleti f\u00e1jdalmat \u00e9s sok esetben megsz\u00fcnteti.<\/strong><\/p>\n<p>Kollag\u00e9n vide\u00f3:<\/p>\n<p>https:\/\/www.facebook.com\/markomplexmedical\/videos\/1480850355838226\/<\/p>\n<p>Tudjon meg t\u00f6bbet. Foglaljon id\u0151pontot miel\u0151bb: <a href=\"https:\/\/markomplex.hu\/ortopedia\/\" target=\"_blank\" rel=\"noopener\">https:\/\/markomplex.hu\/ortopedia\/<\/a><\/p>\n","protected":false},"excerpt":{"rendered":"<p>A v\u00e1llf\u00e1jdalom, \u00e9s a der\u00e9kf\u00e1jdalom kezel\u00e9s\u00e9re, illetve a f\u00e1jdalmak cs\u00f6kkent\u00e9s\u00e9re ma m\u00e1r t\u00f6bb hat\u00e9kony m\u00f3dszer is el\u00e9rhet\u0151. Az esztergomi Markomplex eg\u00e9szs\u00e9gk\u00f6zpontban az ortop\u00e9d szakrendel\u00e9s\u00e9hez kapcsol\u00f3dva MD orvosi kollag\u00e9n ter\u00e1pia, l\u00f6k\u00e9shull\u00e1m, \u00e9s Safe Laser kezel\u00e9s is ig\u00e9nybe vehet\u0151. Ortop\u00e9d szakorvosunk a csontok, \u00edz\u00fcletek \u00e9s az ezekhez kapcsol\u00f3d\u00f3 sz\u00f6vetek diagnosztiz\u00e1l\u00e1s\u00e1val \u00e9s kezel\u00e9s\u00e9vel foglalkozik. A vizsg\u00e1lati folyamat a<\/p>\n","protected":false},"author":1,"featured_media":0,"comment_status":"closed","ping_status":"closed","sticky":false,"template":"","format":"standard","meta":{"ngg_post_thumbnail":0,"footnotes":""},"categories":[38,3],"tags":[7225,49,42,7638,581],"class_list":{"0":"post-63976","1":"post","2":"type-post","3":"status-publish","4":"format-standard","6":"category-esztergom","7":"category-hirek","8":"tag-egeszsegkozpont","9":"tag-egeszsegugy","10":"tag-esztergom","11":"tag-markomplex","12":"tag-orvos"},"yoast_head":"<!-- This site is optimized with the Yoast SEO plugin v27.4 - https:\/\/yoast.com\/product\/yoast-seo-wordpress\/ -->\n<title>V\u00e1llf\u00e1jdalom, \u00e9s der\u00e9kf\u00e1jdalom gy\u00f6tri? - Ortop\u00e9dia szakrendel\u00e9s Esztergomban<\/title>\n<meta name=\"robots\" content=\"index, follow, max-snippet:-1, max-image-preview:large, max-video-preview:-1\" \/>\n<link rel=\"canonical\" href=\"https:\/\/dorogimedence.hu\/index.php\/2024\/08\/10\/vallfajdalom-es-derekfajdalom-gyotri-ortopedia-szakrendeles-esztergomban\/\" class=\"yoast-seo-meta-tag\" \/>\n<meta property=\"og:locale\" content=\"hu_HU\" class=\"yoast-seo-meta-tag\" \/>\n<meta property=\"og:type\" content=\"article\" class=\"yoast-seo-meta-tag\" \/>\n<meta property=\"og:title\" content=\"V\u00e1llf\u00e1jdalom, \u00e9s der\u00e9kf\u00e1jdalom gy\u00f6tri? - Ortop\u00e9dia szakrendel\u00e9s Esztergomban\" class=\"yoast-seo-meta-tag\" \/>\n<meta property=\"og:description\" content=\"A v\u00e1llf\u00e1jdalom, \u00e9s a der\u00e9kf\u00e1jdalom kezel\u00e9s\u00e9re, illetve a f\u00e1jdalmak cs\u00f6kkent\u00e9s\u00e9re ma m\u00e1r t\u00f6bb hat\u00e9kony m\u00f3dszer is el\u00e9rhet\u0151. Az esztergomi Markomplex eg\u00e9szs\u00e9gk\u00f6zpontban az ortop\u00e9d szakrendel\u00e9s\u00e9hez kapcsol\u00f3dva MD orvosi kollag\u00e9n ter\u00e1pia, l\u00f6k\u00e9shull\u00e1m, \u00e9s Safe Laser kezel\u00e9s is ig\u00e9nybe vehet\u0151. Ortop\u00e9d szakorvosunk a csontok, \u00edz\u00fcletek \u00e9s az ezekhez kapcsol\u00f3d\u00f3 sz\u00f6vetek diagnosztiz\u00e1l\u00e1s\u00e1val \u00e9s kezel\u00e9s\u00e9vel foglalkozik. A vizsg\u00e1lati folyamat a\" class=\"yoast-seo-meta-tag\" \/>\n<meta property=\"og:url\" content=\"https:\/\/dorogimedence.hu\/index.php\/2024\/08\/10\/vallfajdalom-es-derekfajdalom-gyotri-ortopedia-szakrendeles-esztergomban\/\" class=\"yoast-seo-meta-tag\" \/>\n<meta property=\"og:site_name\" content=\"Dorogi-medence Region\u00e1lis H\u00edrport\u00e1l\" class=\"yoast-seo-meta-tag\" \/>\n<meta property=\"article:publisher\" content=\"https:\/\/www.facebook.com\/dorogimedence\/\" class=\"yoast-seo-meta-tag\" \/>\n<meta property=\"article:published_time\" content=\"2024-08-10T09:44:21+00:00\" class=\"yoast-seo-meta-tag\" \/>\n<meta property=\"og:image\" content=\"https:\/\/dorogimedence.hu\/wp-content\/uploads\/2024\/08\/iStock-865844418.jpg\" class=\"yoast-seo-meta-tag\" \/>\n\t<meta property=\"og:image:width\" content=\"1254\" class=\"yoast-seo-meta-tag\" \/>\n\t<meta property=\"og:image:height\" content=\"836\" class=\"yoast-seo-meta-tag\" \/>\n\t<meta property=\"og:image:type\" content=\"image\/jpeg\" class=\"yoast-seo-meta-tag\" \/>\n<meta name=\"author\" content=\"dorogimedence.hu\" class=\"yoast-seo-meta-tag\" \/>\n<meta name=\"twitter:card\" content=\"summary_large_image\" class=\"yoast-seo-meta-tag\" \/>\n<meta name=\"twitter:label1\" content=\"Szerz\u0151:\" class=\"yoast-seo-meta-tag\" \/>\n\t<meta name=\"twitter:data1\" content=\"dorogimedence.hu\" class=\"yoast-seo-meta-tag\" \/>\n\t<meta name=\"twitter:label2\" content=\"Becs\u00fclt olvas\u00e1si id\u0151\" class=\"yoast-seo-meta-tag\" \/>\n\t<meta name=\"twitter:data2\" content=\"2 perc\" class=\"yoast-seo-meta-tag\" \/>\n<script type=\"application\/ld+json\" class=\"yoast-schema-graph\">{\"@context\":\"https:\\\/\\\/schema.org\",\"@graph\":[{\"@type\":\"Article\",\"@id\":\"https:\\\/\\\/dorogimedence.hu\\\/index.php\\\/2024\\\/08\\\/10\\\/vallfajdalom-es-derekfajdalom-gyotri-ortopedia-szakrendeles-esztergomban\\\/#article\",\"isPartOf\":{\"@id\":\"https:\\\/\\\/dorogimedence.hu\\\/index.php\\\/2024\\\/08\\\/10\\\/vallfajdalom-es-derekfajdalom-gyotri-ortopedia-szakrendeles-esztergomban\\\/\"},\"author\":{\"name\":\"dorogimedence.hu\",\"@id\":\"https:\\\/\\\/dorogimedence.hu\\\/#\\\/schema\\\/person\\\/ce6091eeb7e95ecdc87890d6aa8e0fd4\"},\"headline\":\"V\u00e1llf\u00e1jdalom, \u00e9s der\u00e9kf\u00e1jdalom gy\u00f6tri? &#8211; Ortop\u00e9dia szakrendel\u00e9s Esztergomban\",\"datePublished\":\"2024-08-10T09:44:21+00:00\",\"mainEntityOfPage\":{\"@id\":\"https:\\\/\\\/dorogimedence.hu\\\/index.php\\\/2024\\\/08\\\/10\\\/vallfajdalom-es-derekfajdalom-gyotri-ortopedia-szakrendeles-esztergomban\\\/\"},\"wordCount\":322,\"publisher\":{\"@id\":\"https:\\\/\\\/dorogimedence.hu\\\/#organization\"},\"keywords\":[\"eg\u00e9szs\u00e9gk\u00f6zpont\",\"eg\u00e9szs\u00e9g\u00fcgy\",\"esztergom\",\"markomplex\",\"orvos\"],\"articleSection\":[\"Esztergom\",\"H\u00edrek\"],\"inLanguage\":\"hu\"},{\"@type\":\"WebPage\",\"@id\":\"https:\\\/\\\/dorogimedence.hu\\\/index.php\\\/2024\\\/08\\\/10\\\/vallfajdalom-es-derekfajdalom-gyotri-ortopedia-szakrendeles-esztergomban\\\/\",\"url\":\"https:\\\/\\\/dorogimedence.hu\\\/index.php\\\/2024\\\/08\\\/10\\\/vallfajdalom-es-derekfajdalom-gyotri-ortopedia-szakrendeles-esztergomban\\\/\",\"name\":\"V\u00e1llf\u00e1jdalom, \u00e9s der\u00e9kf\u00e1jdalom gy\u00f6tri? - Ortop\u00e9dia szakrendel\u00e9s Esztergomban\",\"isPartOf\":{\"@id\":\"https:\\\/\\\/dorogimedence.hu\\\/#website\"},\"datePublished\":\"2024-08-10T09:44:21+00:00\",\"breadcrumb\":{\"@id\":\"https:\\\/\\\/dorogimedence.hu\\\/index.php\\\/2024\\\/08\\\/10\\\/vallfajdalom-es-derekfajdalom-gyotri-ortopedia-szakrendeles-esztergomban\\\/#breadcrumb\"},\"inLanguage\":\"hu\",\"potentialAction\":[{\"@type\":\"ReadAction\",\"target\":[\"https:\\\/\\\/dorogimedence.hu\\\/index.php\\\/2024\\\/08\\\/10\\\/vallfajdalom-es-derekfajdalom-gyotri-ortopedia-szakrendeles-esztergomban\\\/\"]}]},{\"@type\":\"BreadcrumbList\",\"@id\":\"https:\\\/\\\/dorogimedence.hu\\\/index.php\\\/2024\\\/08\\\/10\\\/vallfajdalom-es-derekfajdalom-gyotri-ortopedia-szakrendeles-esztergomban\\\/#breadcrumb\",\"itemListElement\":[{\"@type\":\"ListItem\",\"position\":1,\"name\":\"Kezd\u0151lap\",\"item\":\"https:\\\/\\\/dorogimedence.hu\\\/\"},{\"@type\":\"ListItem\",\"position\":2,\"name\":\"V\u00e1llf\u00e1jdalom, \u00e9s der\u00e9kf\u00e1jdalom gy\u00f6tri? &#8211; Ortop\u00e9dia szakrendel\u00e9s Esztergomban\"}]},{\"@type\":\"WebSite\",\"@id\":\"https:\\\/\\\/dorogimedence.hu\\\/#website\",\"url\":\"https:\\\/\\\/dorogimedence.hu\\\/\",\"name\":\"Dorogi-medence Region\u00e1lis H\u00edrport\u00e1l\",\"description\":\"Dorog, Keszt\u00f6lc, Le\u00e1nyv\u00e1r, Piliscs\u00e9v, Tokod, Tokodalt\u00e1r\u00f3, Csolnok, Esztergom-kertv\u00e1ros: h\u00edrek, programok\",\"publisher\":{\"@id\":\"https:\\\/\\\/dorogimedence.hu\\\/#organization\"},\"potentialAction\":[{\"@type\":\"SearchAction\",\"target\":{\"@type\":\"EntryPoint\",\"urlTemplate\":\"https:\\\/\\\/dorogimedence.hu\\\/?s={search_term_string}\"},\"query-input\":{\"@type\":\"PropertyValueSpecification\",\"valueRequired\":true,\"valueName\":\"search_term_string\"}}],\"inLanguage\":\"hu\"},{\"@type\":\"Organization\",\"@id\":\"https:\\\/\\\/dorogimedence.hu\\\/#organization\",\"name\":\"Dorogi-medence Region\u00e1lis H\u00edrport\u00e1l\",\"url\":\"https:\\\/\\\/dorogimedence.hu\\\/\",\"logo\":{\"@type\":\"ImageObject\",\"inLanguage\":\"hu\",\"@id\":\"https:\\\/\\\/dorogimedence.hu\\\/#\\\/schema\\\/logo\\\/image\\\/\",\"url\":\"https:\\\/\\\/dorogimedence.hu\\\/wp-content\\\/uploads\\\/2021\\\/04\\\/logo-feher-600.png\",\"contentUrl\":\"https:\\\/\\\/dorogimedence.hu\\\/wp-content\\\/uploads\\\/2021\\\/04\\\/logo-feher-600.png\",\"width\":600,\"height\":100,\"caption\":\"Dorogi-medence Region\u00e1lis H\u00edrport\u00e1l\"},\"image\":{\"@id\":\"https:\\\/\\\/dorogimedence.hu\\\/#\\\/schema\\\/logo\\\/image\\\/\"},\"sameAs\":[\"https:\\\/\\\/www.facebook.com\\\/dorogimedence\\\/\"]},{\"@type\":\"Person\",\"@id\":\"https:\\\/\\\/dorogimedence.hu\\\/#\\\/schema\\\/person\\\/ce6091eeb7e95ecdc87890d6aa8e0fd4\",\"name\":\"dorogimedence.hu\",\"image\":{\"@type\":\"ImageObject\",\"inLanguage\":\"hu\",\"@id\":\"\\\/\\\/www.gravatar.com\\\/avatar\\\/d8d45f8901aadff40a4af72c0b826f1d?s=96&#038;r=g&#038;d=mm\",\"url\":\"\\\/\\\/www.gravatar.com\\\/avatar\\\/d8d45f8901aadff40a4af72c0b826f1d?s=96&#038;r=g&#038;d=mm\",\"contentUrl\":\"\\\/\\\/www.gravatar.com\\\/avatar\\\/d8d45f8901aadff40a4af72c0b826f1d?s=96&#038;r=g&#038;d=mm\",\"caption\":\"dorogimedence.hu\"}}]}<\/script>\n<!-- \/ Yoast SEO plugin. -->","yoast_head_json":{"title":"V\u00e1llf\u00e1jdalom, \u00e9s der\u00e9kf\u00e1jdalom gy\u00f6tri? - Ortop\u00e9dia szakrendel\u00e9s Esztergomban","robots":{"index":"index","follow":"follow","max-snippet":"max-snippet:-1","max-image-preview":"max-image-preview:large","max-video-preview":"max-video-preview:-1"},"canonical":"https:\/\/dorogimedence.hu\/index.php\/2024\/08\/10\/vallfajdalom-es-derekfajdalom-gyotri-ortopedia-szakrendeles-esztergomban\/","og_locale":"hu_HU","og_type":"article","og_title":"V\u00e1llf\u00e1jdalom, \u00e9s der\u00e9kf\u00e1jdalom gy\u00f6tri? - Ortop\u00e9dia szakrendel\u00e9s Esztergomban","og_description":"A v\u00e1llf\u00e1jdalom, \u00e9s a der\u00e9kf\u00e1jdalom kezel\u00e9s\u00e9re, illetve a f\u00e1jdalmak cs\u00f6kkent\u00e9s\u00e9re ma m\u00e1r t\u00f6bb hat\u00e9kony m\u00f3dszer is el\u00e9rhet\u0151. Az esztergomi Markomplex eg\u00e9szs\u00e9gk\u00f6zpontban az ortop\u00e9d szakrendel\u00e9s\u00e9hez kapcsol\u00f3dva MD orvosi kollag\u00e9n ter\u00e1pia, l\u00f6k\u00e9shull\u00e1m, \u00e9s Safe Laser kezel\u00e9s is ig\u00e9nybe vehet\u0151. Ortop\u00e9d szakorvosunk a csontok, \u00edz\u00fcletek \u00e9s az ezekhez kapcsol\u00f3d\u00f3 sz\u00f6vetek diagnosztiz\u00e1l\u00e1s\u00e1val \u00e9s kezel\u00e9s\u00e9vel foglalkozik. A vizsg\u00e1lati folyamat a","og_url":"https:\/\/dorogimedence.hu\/index.php\/2024\/08\/10\/vallfajdalom-es-derekfajdalom-gyotri-ortopedia-szakrendeles-esztergomban\/","og_site_name":"Dorogi-medence Region\u00e1lis H\u00edrport\u00e1l","article_publisher":"https:\/\/www.facebook.com\/dorogimedence\/","article_published_time":"2024-08-10T09:44:21+00:00","og_image":[{"width":1254,"height":836,"url":"https:\/\/dorogimedence.hu\/wp-content\/uploads\/2024\/08\/iStock-865844418.jpg","type":"image\/jpeg"}],"author":"dorogimedence.hu","twitter_card":"summary_large_image","twitter_misc":{"Szerz\u0151:":"dorogimedence.hu","Becs\u00fclt olvas\u00e1si id\u0151":"2 perc"},"schema":{"@context":"https:\/\/schema.org","@graph":[{"@type":"Article","@id":"https:\/\/dorogimedence.hu\/index.php\/2024\/08\/10\/vallfajdalom-es-derekfajdalom-gyotri-ortopedia-szakrendeles-esztergomban\/#article","isPartOf":{"@id":"https:\/\/dorogimedence.hu\/index.php\/2024\/08\/10\/vallfajdalom-es-derekfajdalom-gyotri-ortopedia-szakrendeles-esztergomban\/"},"author":{"name":"dorogimedence.hu","@id":"https:\/\/dorogimedence.hu\/#\/schema\/person\/ce6091eeb7e95ecdc87890d6aa8e0fd4"},"headline":"V\u00e1llf\u00e1jdalom, \u00e9s der\u00e9kf\u00e1jdalom gy\u00f6tri? &#8211; Ortop\u00e9dia szakrendel\u00e9s Esztergomban","datePublished":"2024-08-10T09:44:21+00:00","mainEntityOfPage":{"@id":"https:\/\/dorogimedence.hu\/index.php\/2024\/08\/10\/vallfajdalom-es-derekfajdalom-gyotri-ortopedia-szakrendeles-esztergomban\/"},"wordCount":322,"publisher":{"@id":"https:\/\/dorogimedence.hu\/#organization"},"keywords":["eg\u00e9szs\u00e9gk\u00f6zpont","eg\u00e9szs\u00e9g\u00fcgy","esztergom","markomplex","orvos"],"articleSection":["Esztergom","H\u00edrek"],"inLanguage":"hu"},{"@type":"WebPage","@id":"https:\/\/dorogimedence.hu\/index.php\/2024\/08\/10\/vallfajdalom-es-derekfajdalom-gyotri-ortopedia-szakrendeles-esztergomban\/","url":"https:\/\/dorogimedence.hu\/index.php\/2024\/08\/10\/vallfajdalom-es-derekfajdalom-gyotri-ortopedia-szakrendeles-esztergomban\/","name":"V\u00e1llf\u00e1jdalom, \u00e9s der\u00e9kf\u00e1jdalom gy\u00f6tri? - Ortop\u00e9dia szakrendel\u00e9s Esztergomban","isPartOf":{"@id":"https:\/\/dorogimedence.hu\/#website"},"datePublished":"2024-08-10T09:44:21+00:00","breadcrumb":{"@id":"https:\/\/dorogimedence.hu\/index.php\/2024\/08\/10\/vallfajdalom-es-derekfajdalom-gyotri-ortopedia-szakrendeles-esztergomban\/#breadcrumb"},"inLanguage":"hu","potentialAction":[{"@type":"ReadAction","target":["https:\/\/dorogimedence.hu\/index.php\/2024\/08\/10\/vallfajdalom-es-derekfajdalom-gyotri-ortopedia-szakrendeles-esztergomban\/"]}]},{"@type":"BreadcrumbList","@id":"https:\/\/dorogimedence.hu\/index.php\/2024\/08\/10\/vallfajdalom-es-derekfajdalom-gyotri-ortopedia-szakrendeles-esztergomban\/#breadcrumb","itemListElement":[{"@type":"ListItem","position":1,"name":"Kezd\u0151lap","item":"https:\/\/dorogimedence.hu\/"},{"@type":"ListItem","position":2,"name":"V\u00e1llf\u00e1jdalom, \u00e9s der\u00e9kf\u00e1jdalom gy\u00f6tri? &#8211; Ortop\u00e9dia szakrendel\u00e9s Esztergomban"}]},{"@type":"WebSite","@id":"https:\/\/dorogimedence.hu\/#website","url":"https:\/\/dorogimedence.hu\/","name":"Dorogi-medence Region\u00e1lis H\u00edrport\u00e1l","description":"Dorog, Keszt\u00f6lc, Le\u00e1nyv\u00e1r, Piliscs\u00e9v, Tokod, Tokodalt\u00e1r\u00f3, Csolnok, Esztergom-kertv\u00e1ros: h\u00edrek, programok","publisher":{"@id":"https:\/\/dorogimedence.hu\/#organization"},"potentialAction":[{"@type":"SearchAction","target":{"@type":"EntryPoint","urlTemplate":"https:\/\/dorogimedence.hu\/?s={search_term_string}"},"query-input":{"@type":"PropertyValueSpecification","valueRequired":true,"valueName":"search_term_string"}}],"inLanguage":"hu"},{"@type":"Organization","@id":"https:\/\/dorogimedence.hu\/#organization","name":"Dorogi-medence Region\u00e1lis H\u00edrport\u00e1l","url":"https:\/\/dorogimedence.hu\/","logo":{"@type":"ImageObject","inLanguage":"hu","@id":"https:\/\/dorogimedence.hu\/#\/schema\/logo\/image\/","url":"https:\/\/dorogimedence.hu\/wp-content\/uploads\/2021\/04\/logo-feher-600.png","contentUrl":"https:\/\/dorogimedence.hu\/wp-content\/uploads\/2021\/04\/logo-feher-600.png","width":600,"height":100,"caption":"Dorogi-medence Region\u00e1lis H\u00edrport\u00e1l"},"image":{"@id":"https:\/\/dorogimedence.hu\/#\/schema\/logo\/image\/"},"sameAs":["https:\/\/www.facebook.com\/dorogimedence\/"]},{"@type":"Person","@id":"https:\/\/dorogimedence.hu\/#\/schema\/person\/ce6091eeb7e95ecdc87890d6aa8e0fd4","name":"dorogimedence.hu","image":{"@type":"ImageObject","inLanguage":"hu","@id":"\/\/www.gravatar.com\/avatar\/d8d45f8901aadff40a4af72c0b826f1d?s=96&#038;r=g&#038;d=mm","url":"\/\/www.gravatar.com\/avatar\/d8d45f8901aadff40a4af72c0b826f1d?s=96&#038;r=g&#038;d=mm","contentUrl":"\/\/www.gravatar.com\/avatar\/d8d45f8901aadff40a4af72c0b826f1d?s=96&#038;r=g&#038;d=mm","caption":"dorogimedence.hu"}}]}},"_links":{"self":[{"href":"https:\/\/dorogimedence.hu\/index.php\/wp-json\/wp\/v2\/posts\/63976","targetHints":{"allow":["GET"]}}],"collection":[{"href":"https:\/\/dorogimedence.hu\/index.php\/wp-json\/wp\/v2\/posts"}],"about":[{"href":"https:\/\/dorogimedence.hu\/index.php\/wp-json\/wp\/v2\/types\/post"}],"author":[{"embeddable":true,"href":"https:\/\/dorogimedence.hu\/index.php\/wp-json\/wp\/v2\/users\/1"}],"replies":[{"embeddable":true,"href":"https:\/\/dorogimedence.hu\/index.php\/wp-json\/wp\/v2\/comments?post=63976"}],"version-history":[{"count":0,"href":"https:\/\/dorogimedence.hu\/index.php\/wp-json\/wp\/v2\/posts\/63976\/revisions"}],"wp:attachment":[{"href":"https:\/\/dorogimedence.hu\/index.php\/wp-json\/wp\/v2\/media?parent=63976"}],"wp:term":[{"taxonomy":"category","embeddable":true,"href":"https:\/\/dorogimedence.hu\/index.php\/wp-json\/wp\/v2\/categories?post=63976"},{"taxonomy":"post_tag","embeddable":true,"href":"https:\/\/dorogimedence.hu\/index.php\/wp-json\/wp\/v2\/tags?post=63976"}],"curies":[{"name":"wp","href":"https:\/\/api.w.org\/{rel}","templated":true}]}}