{"id":63917,"date":"2024-08-07T15:16:18","date_gmt":"2024-08-07T13:16:18","guid":{"rendered":"https:\/\/dorogimedence.hu\/?p=63917"},"modified":"2024-08-07T15:16:18","modified_gmt":"2024-08-07T13:16:18","slug":"az-esztergomi-varszinhaz-nagykoncertjei","status":"publish","type":"post","link":"https:\/\/dorogimedence.hu\/index.php\/2024\/08\/07\/az-esztergomi-varszinhaz-nagykoncertjei\/","title":{"rendered":"Az Esztergomi V\u00e1rsz\u00ednh\u00e1z nagykoncertjei"},"content":{"rendered":"<p><strong>Id\u00e9n megalakul\u00e1s\u00e1nak 35. jubileum\u00e1t \u00fcnnepli az Esztergomi V\u00e1rsz\u00ednh\u00e1z, a te\u00e1trum ny\u00e1ri programsorozat\u00e1nak kiemelked\u0151 r\u00e9sze a Bazilika el\u0151tti t\u00e9ren megval\u00f3sul\u00f3 k\u00e9t nagykoncert: augusztus 9-\u00e9n Kozma Orsi \u00e9s a Mendelssohn Kamarazenekar a <em>Barbra Streisand \u00e9s \u00e9n?<\/em> c\u00edm\u0171 estje, majd m\u00e1snap Bog\u00e1nyi Gergely zongoram\u0171v\u00e9sz \u00e9s vend\u00e9gei \u00e9rkeznek a szakr\u00e1lis helysz\u00ednre.<\/strong><\/p>\n<p>Az Esztergomi V\u00e1rsz\u00ednh\u00e1z az elm\u00falt h\u00e1rom \u00e9s f\u00e9l \u00e9vtized alatt meghat\u00e1roz\u00f3 tagj\u00e1v\u00e1 v\u00e1lt a hazai \u00e9s nemzetk\u00f6zi szabadt\u00e9ri sz\u00ednh\u00e1zak mez\u0151ny\u00e9nek. Mintegy 19 ezer el\u0151ad\u00f3m\u0171v\u00e9sz k\u00f6zel 1300 el\u0151ad\u00e1st vitt sz\u00ednre \u2013 85 saj\u00e1t, illetve koprodukci\u00f3s premierre ker\u00fclt sor, ebb\u0151l 18 \u0151sbemutat\u00f3 sz\u00fcletett, \u00e9ves \u00e1tlagban 10 ezer k\u00f6r\u00fcli n\u00e9z\u0151sz\u00e1m mellett. Az idei programb\u00f3l sem hi\u00e1nyozhatnak a nagykoncertek, amelyek minden \u00e9vben emelik a ny\u00e1ri reperto\u00e1r sz\u00ednvonal\u00e1t.<\/p>\n<p>Augusztus 9-\u00e9n \u2013 az Esztergomban m\u00e1r visszat\u00e9r\u0151 vend\u00e9gnek sz\u00e1m\u00edt\u00f3 \u2013 Kozma Orsi az id\u00e9n nyolcvanegy \u00e9ves Barbra Streisand karakter\u00e9t id\u00e9zi meg, amelyben saj\u00e1t zenekara mellett a veszpr\u00e9mi Mendelssohn Kamarazenekar lesz seg\u00edts\u00e9g\u00e9re. Az esten elhangoznak a legnagyobb sl\u00e1gerek \u00e9s korai ritkas\u00e1gok \u00e9pp\u00fagy, mint a legend\u00e1s partnerekkel el\u0151adott duettek, amelyekben a szt\u00e1rvend\u00e9g, Szab\u00f3 Kimmel Tam\u00e1s m\u0171k\u00f6dik k\u00f6zre \u2013 mindezt a jazz ir\u00e1ny\u00e1b\u00f3l megk\u00f6zel\u00edtve.<\/p>\n<p>Augusztus 10-\u00e9n az Esztergomi V\u00e1rsz\u00ednh\u00e1z \u00e9s a Forr\u00e1s Produkci\u00f3 k\u00f6z\u00f6s estjek\u00e9nt val\u00f3sul meg Bog\u00e1nyi Gergely koncertje, a Kossuth-d\u00edjas zongoram\u0171v\u00e9sz vend\u00e9geivel (gondoskodik majd a feledhetetlen \u00e9lm\u00e9nyr\u0151l. <em>\u201eNem kell, hogy egy zeneszerz\u0151 nagyon k\u00fcl\u00f6nleges legyen, el\u00e9g, ha \u0151 a legjobb. Lisztet nem megtal\u00e1lni, hanem elker\u00fclni m\u0171v\u00e9szet. A remekm\u0171vek hordozz\u00e1k az igazs\u00e1gtartalmat. A zene min\u0151s\u00e9ge, \u00e9letem min\u0151s\u00e9g\u00e9t a<\/em><em>dta<\/em><em>\u201e<\/em> \u2013 fogalmaz Bog\u00e1nyi, aki mellett sz\u00ednpadra l\u00e9p Boros Misi,&nbsp;Junior Prima d\u00edjas, a Magyar Klasszikus Zene Ifj\u00fa Nagyk\u00f6vete d\u00edjas zongoram\u0171v\u00e9sz, csodagyerek, Binder K\u00e1roly&nbsp;Erkel Ferenc-d\u00edjas magyar zongoram\u0171v\u00e9sz,&nbsp;Magyarorsz\u00e1g \u00c9rdemes M\u0171v\u00e9sze \u00e9s Varga G\u00e1bor&nbsp;zongoram\u0171v\u00e9sz, Binder K\u00e1roly tan\u00edtv\u00e1nya.<\/p>\n<p><em>Forr\u00e1s: <a href=\"https:\/\/deszkavizio.hu\/nagykoncertek-az-esztergomi-varszinhaz\/\" target=\"_blank\" rel=\"noopener\"><span style=\"text-decoration: underline; color: #0000ff;\">deszkavizio.hu<\/span><\/a><\/em><\/p>\n","protected":false},"excerpt":{"rendered":"<p>Id\u00e9n megalakul\u00e1s\u00e1nak 35. jubileum\u00e1t \u00fcnnepli az Esztergomi V\u00e1rsz\u00ednh\u00e1z, a te\u00e1trum ny\u00e1ri programsorozat\u00e1nak kiemelked\u0151 r\u00e9sze a Bazilika el\u0151tti t\u00e9ren megval\u00f3sul\u00f3 k\u00e9t nagykoncert: augusztus 9-\u00e9n Kozma Orsi \u00e9s a Mendelssohn Kamarazenekar a Barbra Streisand \u00e9s \u00e9n? c\u00edm\u0171 estje, majd m\u00e1snap Bog\u00e1nyi Gergely zongoram\u0171v\u00e9sz \u00e9s vend\u00e9gei \u00e9rkeznek a szakr\u00e1lis helysz\u00ednre. Az Esztergomi V\u00e1rsz\u00ednh\u00e1z az elm\u00falt h\u00e1rom \u00e9s f\u00e9l<\/p>\n","protected":false},"author":1,"featured_media":0,"comment_status":"closed","ping_status":"closed","sticky":false,"template":"","format":"standard","meta":{"ngg_post_thumbnail":0,"footnotes":""},"categories":[38,3,3561],"tags":[42,4947,101,116],"class_list":{"0":"post-63917","1":"post","2":"type-post","3":"status-publish","4":"format-standard","6":"category-esztergom","7":"category-hirek","8":"category-programok","9":"tag-esztergom","10":"tag-esztergomi-varszinhaz","11":"tag-program","12":"tag-programok"},"yoast_head":"<!-- This site is optimized with the Yoast SEO plugin v27.4 - https:\/\/yoast.com\/product\/yoast-seo-wordpress\/ -->\n<title>Az Esztergomi V\u00e1rsz\u00ednh\u00e1z nagykoncertjei<\/title>\n<meta name=\"robots\" content=\"index, follow, max-snippet:-1, max-image-preview:large, max-video-preview:-1\" \/>\n<link rel=\"canonical\" href=\"https:\/\/dorogimedence.hu\/index.php\/2024\/08\/07\/az-esztergomi-varszinhaz-nagykoncertjei\/\" class=\"yoast-seo-meta-tag\" \/>\n<meta property=\"og:locale\" content=\"hu_HU\" class=\"yoast-seo-meta-tag\" \/>\n<meta property=\"og:type\" content=\"article\" class=\"yoast-seo-meta-tag\" \/>\n<meta property=\"og:title\" content=\"Az Esztergomi V\u00e1rsz\u00ednh\u00e1z nagykoncertjei\" class=\"yoast-seo-meta-tag\" \/>\n<meta property=\"og:description\" content=\"Id\u00e9n megalakul\u00e1s\u00e1nak 35. jubileum\u00e1t \u00fcnnepli az Esztergomi V\u00e1rsz\u00ednh\u00e1z, a te\u00e1trum ny\u00e1ri programsorozat\u00e1nak kiemelked\u0151 r\u00e9sze a Bazilika el\u0151tti t\u00e9ren megval\u00f3sul\u00f3 k\u00e9t nagykoncert: augusztus 9-\u00e9n Kozma Orsi \u00e9s a Mendelssohn Kamarazenekar a Barbra Streisand \u00e9s \u00e9n? c\u00edm\u0171 estje, majd m\u00e1snap Bog\u00e1nyi Gergely zongoram\u0171v\u00e9sz \u00e9s vend\u00e9gei \u00e9rkeznek a szakr\u00e1lis helysz\u00ednre. Az Esztergomi V\u00e1rsz\u00ednh\u00e1z az elm\u00falt h\u00e1rom \u00e9s f\u00e9l\" class=\"yoast-seo-meta-tag\" \/>\n<meta property=\"og:url\" content=\"https:\/\/dorogimedence.hu\/index.php\/2024\/08\/07\/az-esztergomi-varszinhaz-nagykoncertjei\/\" class=\"yoast-seo-meta-tag\" \/>\n<meta property=\"og:site_name\" content=\"Dorogi-medence Region\u00e1lis H\u00edrport\u00e1l\" class=\"yoast-seo-meta-tag\" \/>\n<meta property=\"article:publisher\" content=\"https:\/\/www.facebook.com\/dorogimedence\/\" class=\"yoast-seo-meta-tag\" \/>\n<meta property=\"article:published_time\" content=\"2024-08-07T13:16:18+00:00\" class=\"yoast-seo-meta-tag\" \/>\n<meta property=\"og:image\" content=\"https:\/\/dorogimedence.hu\/wp-content\/uploads\/2024\/08\/kamarazenekar.jpg\" class=\"yoast-seo-meta-tag\" \/>\n\t<meta property=\"og:image:width\" content=\"1920\" class=\"yoast-seo-meta-tag\" \/>\n\t<meta property=\"og:image:height\" content=\"970\" class=\"yoast-seo-meta-tag\" \/>\n\t<meta property=\"og:image:type\" content=\"image\/jpeg\" class=\"yoast-seo-meta-tag\" \/>\n<meta name=\"author\" content=\"dorogimedence.hu\" class=\"yoast-seo-meta-tag\" \/>\n<meta name=\"twitter:card\" content=\"summary_large_image\" class=\"yoast-seo-meta-tag\" \/>\n<meta name=\"twitter:label1\" content=\"Szerz\u0151:\" class=\"yoast-seo-meta-tag\" \/>\n\t<meta name=\"twitter:data1\" content=\"dorogimedence.hu\" class=\"yoast-seo-meta-tag\" \/>\n\t<meta name=\"twitter:label2\" content=\"Becs\u00fclt olvas\u00e1si id\u0151\" class=\"yoast-seo-meta-tag\" \/>\n\t<meta name=\"twitter:data2\" content=\"2 perc\" class=\"yoast-seo-meta-tag\" \/>\n<script type=\"application\/ld+json\" class=\"yoast-schema-graph\">{\"@context\":\"https:\\\/\\\/schema.org\",\"@graph\":[{\"@type\":\"Article\",\"@id\":\"https:\\\/\\\/dorogimedence.hu\\\/index.php\\\/2024\\\/08\\\/07\\\/az-esztergomi-varszinhaz-nagykoncertjei\\\/#article\",\"isPartOf\":{\"@id\":\"https:\\\/\\\/dorogimedence.hu\\\/index.php\\\/2024\\\/08\\\/07\\\/az-esztergomi-varszinhaz-nagykoncertjei\\\/\"},\"author\":{\"name\":\"dorogimedence.hu\",\"@id\":\"https:\\\/\\\/dorogimedence.hu\\\/#\\\/schema\\\/person\\\/ce6091eeb7e95ecdc87890d6aa8e0fd4\"},\"headline\":\"Az Esztergomi V\u00e1rsz\u00ednh\u00e1z nagykoncertjei\",\"datePublished\":\"2024-08-07T13:16:18+00:00\",\"mainEntityOfPage\":{\"@id\":\"https:\\\/\\\/dorogimedence.hu\\\/index.php\\\/2024\\\/08\\\/07\\\/az-esztergomi-varszinhaz-nagykoncertjei\\\/\"},\"wordCount\":412,\"publisher\":{\"@id\":\"https:\\\/\\\/dorogimedence.hu\\\/#organization\"},\"keywords\":[\"esztergom\",\"Esztergomi V\u00e1rsz\u00ednh\u00e1z\",\"program\",\"programok\"],\"articleSection\":[\"Esztergom\",\"H\u00edrek\",\"Programok\"],\"inLanguage\":\"hu\"},{\"@type\":\"WebPage\",\"@id\":\"https:\\\/\\\/dorogimedence.hu\\\/index.php\\\/2024\\\/08\\\/07\\\/az-esztergomi-varszinhaz-nagykoncertjei\\\/\",\"url\":\"https:\\\/\\\/dorogimedence.hu\\\/index.php\\\/2024\\\/08\\\/07\\\/az-esztergomi-varszinhaz-nagykoncertjei\\\/\",\"name\":\"Az Esztergomi V\u00e1rsz\u00ednh\u00e1z nagykoncertjei\",\"isPartOf\":{\"@id\":\"https:\\\/\\\/dorogimedence.hu\\\/#website\"},\"datePublished\":\"2024-08-07T13:16:18+00:00\",\"breadcrumb\":{\"@id\":\"https:\\\/\\\/dorogimedence.hu\\\/index.php\\\/2024\\\/08\\\/07\\\/az-esztergomi-varszinhaz-nagykoncertjei\\\/#breadcrumb\"},\"inLanguage\":\"hu\",\"potentialAction\":[{\"@type\":\"ReadAction\",\"target\":[\"https:\\\/\\\/dorogimedence.hu\\\/index.php\\\/2024\\\/08\\\/07\\\/az-esztergomi-varszinhaz-nagykoncertjei\\\/\"]}]},{\"@type\":\"BreadcrumbList\",\"@id\":\"https:\\\/\\\/dorogimedence.hu\\\/index.php\\\/2024\\\/08\\\/07\\\/az-esztergomi-varszinhaz-nagykoncertjei\\\/#breadcrumb\",\"itemListElement\":[{\"@type\":\"ListItem\",\"position\":1,\"name\":\"Kezd\u0151lap\",\"item\":\"https:\\\/\\\/dorogimedence.hu\\\/\"},{\"@type\":\"ListItem\",\"position\":2,\"name\":\"Az Esztergomi V\u00e1rsz\u00ednh\u00e1z nagykoncertjei\"}]},{\"@type\":\"WebSite\",\"@id\":\"https:\\\/\\\/dorogimedence.hu\\\/#website\",\"url\":\"https:\\\/\\\/dorogimedence.hu\\\/\",\"name\":\"Dorogi-medence Region\u00e1lis H\u00edrport\u00e1l\",\"description\":\"Dorog, Keszt\u00f6lc, Le\u00e1nyv\u00e1r, Piliscs\u00e9v, Tokod, Tokodalt\u00e1r\u00f3, Csolnok, Esztergom-kertv\u00e1ros: h\u00edrek, programok\",\"publisher\":{\"@id\":\"https:\\\/\\\/dorogimedence.hu\\\/#organization\"},\"potentialAction\":[{\"@type\":\"SearchAction\",\"target\":{\"@type\":\"EntryPoint\",\"urlTemplate\":\"https:\\\/\\\/dorogimedence.hu\\\/?s={search_term_string}\"},\"query-input\":{\"@type\":\"PropertyValueSpecification\",\"valueRequired\":true,\"valueName\":\"search_term_string\"}}],\"inLanguage\":\"hu\"},{\"@type\":\"Organization\",\"@id\":\"https:\\\/\\\/dorogimedence.hu\\\/#organization\",\"name\":\"Dorogi-medence Region\u00e1lis H\u00edrport\u00e1l\",\"url\":\"https:\\\/\\\/dorogimedence.hu\\\/\",\"logo\":{\"@type\":\"ImageObject\",\"inLanguage\":\"hu\",\"@id\":\"https:\\\/\\\/dorogimedence.hu\\\/#\\\/schema\\\/logo\\\/image\\\/\",\"url\":\"https:\\\/\\\/dorogimedence.hu\\\/wp-content\\\/uploads\\\/2021\\\/04\\\/logo-feher-600.png\",\"contentUrl\":\"https:\\\/\\\/dorogimedence.hu\\\/wp-content\\\/uploads\\\/2021\\\/04\\\/logo-feher-600.png\",\"width\":600,\"height\":100,\"caption\":\"Dorogi-medence Region\u00e1lis H\u00edrport\u00e1l\"},\"image\":{\"@id\":\"https:\\\/\\\/dorogimedence.hu\\\/#\\\/schema\\\/logo\\\/image\\\/\"},\"sameAs\":[\"https:\\\/\\\/www.facebook.com\\\/dorogimedence\\\/\"]},{\"@type\":\"Person\",\"@id\":\"https:\\\/\\\/dorogimedence.hu\\\/#\\\/schema\\\/person\\\/ce6091eeb7e95ecdc87890d6aa8e0fd4\",\"name\":\"dorogimedence.hu\",\"image\":{\"@type\":\"ImageObject\",\"inLanguage\":\"hu\",\"@id\":\"\\\/\\\/www.gravatar.com\\\/avatar\\\/d8d45f8901aadff40a4af72c0b826f1d?s=96&#038;r=g&#038;d=mm\",\"url\":\"\\\/\\\/www.gravatar.com\\\/avatar\\\/d8d45f8901aadff40a4af72c0b826f1d?s=96&#038;r=g&#038;d=mm\",\"contentUrl\":\"\\\/\\\/www.gravatar.com\\\/avatar\\\/d8d45f8901aadff40a4af72c0b826f1d?s=96&#038;r=g&#038;d=mm\",\"caption\":\"dorogimedence.hu\"}}]}<\/script>\n<!-- \/ Yoast SEO plugin. -->","yoast_head_json":{"title":"Az Esztergomi V\u00e1rsz\u00ednh\u00e1z nagykoncertjei","robots":{"index":"index","follow":"follow","max-snippet":"max-snippet:-1","max-image-preview":"max-image-preview:large","max-video-preview":"max-video-preview:-1"},"canonical":"https:\/\/dorogimedence.hu\/index.php\/2024\/08\/07\/az-esztergomi-varszinhaz-nagykoncertjei\/","og_locale":"hu_HU","og_type":"article","og_title":"Az Esztergomi V\u00e1rsz\u00ednh\u00e1z nagykoncertjei","og_description":"Id\u00e9n megalakul\u00e1s\u00e1nak 35. jubileum\u00e1t \u00fcnnepli az Esztergomi V\u00e1rsz\u00ednh\u00e1z, a te\u00e1trum ny\u00e1ri programsorozat\u00e1nak kiemelked\u0151 r\u00e9sze a Bazilika el\u0151tti t\u00e9ren megval\u00f3sul\u00f3 k\u00e9t nagykoncert: augusztus 9-\u00e9n Kozma Orsi \u00e9s a Mendelssohn Kamarazenekar a Barbra Streisand \u00e9s \u00e9n? c\u00edm\u0171 estje, majd m\u00e1snap Bog\u00e1nyi Gergely zongoram\u0171v\u00e9sz \u00e9s vend\u00e9gei \u00e9rkeznek a szakr\u00e1lis helysz\u00ednre. Az Esztergomi V\u00e1rsz\u00ednh\u00e1z az elm\u00falt h\u00e1rom \u00e9s f\u00e9l","og_url":"https:\/\/dorogimedence.hu\/index.php\/2024\/08\/07\/az-esztergomi-varszinhaz-nagykoncertjei\/","og_site_name":"Dorogi-medence Region\u00e1lis H\u00edrport\u00e1l","article_publisher":"https:\/\/www.facebook.com\/dorogimedence\/","article_published_time":"2024-08-07T13:16:18+00:00","og_image":[{"width":1920,"height":970,"url":"https:\/\/dorogimedence.hu\/wp-content\/uploads\/2024\/08\/kamarazenekar.jpg","type":"image\/jpeg"}],"author":"dorogimedence.hu","twitter_card":"summary_large_image","twitter_misc":{"Szerz\u0151:":"dorogimedence.hu","Becs\u00fclt olvas\u00e1si id\u0151":"2 perc"},"schema":{"@context":"https:\/\/schema.org","@graph":[{"@type":"Article","@id":"https:\/\/dorogimedence.hu\/index.php\/2024\/08\/07\/az-esztergomi-varszinhaz-nagykoncertjei\/#article","isPartOf":{"@id":"https:\/\/dorogimedence.hu\/index.php\/2024\/08\/07\/az-esztergomi-varszinhaz-nagykoncertjei\/"},"author":{"name":"dorogimedence.hu","@id":"https:\/\/dorogimedence.hu\/#\/schema\/person\/ce6091eeb7e95ecdc87890d6aa8e0fd4"},"headline":"Az Esztergomi V\u00e1rsz\u00ednh\u00e1z nagykoncertjei","datePublished":"2024-08-07T13:16:18+00:00","mainEntityOfPage":{"@id":"https:\/\/dorogimedence.hu\/index.php\/2024\/08\/07\/az-esztergomi-varszinhaz-nagykoncertjei\/"},"wordCount":412,"publisher":{"@id":"https:\/\/dorogimedence.hu\/#organization"},"keywords":["esztergom","Esztergomi V\u00e1rsz\u00ednh\u00e1z","program","programok"],"articleSection":["Esztergom","H\u00edrek","Programok"],"inLanguage":"hu"},{"@type":"WebPage","@id":"https:\/\/dorogimedence.hu\/index.php\/2024\/08\/07\/az-esztergomi-varszinhaz-nagykoncertjei\/","url":"https:\/\/dorogimedence.hu\/index.php\/2024\/08\/07\/az-esztergomi-varszinhaz-nagykoncertjei\/","name":"Az Esztergomi V\u00e1rsz\u00ednh\u00e1z nagykoncertjei","isPartOf":{"@id":"https:\/\/dorogimedence.hu\/#website"},"datePublished":"2024-08-07T13:16:18+00:00","breadcrumb":{"@id":"https:\/\/dorogimedence.hu\/index.php\/2024\/08\/07\/az-esztergomi-varszinhaz-nagykoncertjei\/#breadcrumb"},"inLanguage":"hu","potentialAction":[{"@type":"ReadAction","target":["https:\/\/dorogimedence.hu\/index.php\/2024\/08\/07\/az-esztergomi-varszinhaz-nagykoncertjei\/"]}]},{"@type":"BreadcrumbList","@id":"https:\/\/dorogimedence.hu\/index.php\/2024\/08\/07\/az-esztergomi-varszinhaz-nagykoncertjei\/#breadcrumb","itemListElement":[{"@type":"ListItem","position":1,"name":"Kezd\u0151lap","item":"https:\/\/dorogimedence.hu\/"},{"@type":"ListItem","position":2,"name":"Az Esztergomi V\u00e1rsz\u00ednh\u00e1z nagykoncertjei"}]},{"@type":"WebSite","@id":"https:\/\/dorogimedence.hu\/#website","url":"https:\/\/dorogimedence.hu\/","name":"Dorogi-medence Region\u00e1lis H\u00edrport\u00e1l","description":"Dorog, Keszt\u00f6lc, Le\u00e1nyv\u00e1r, Piliscs\u00e9v, Tokod, Tokodalt\u00e1r\u00f3, Csolnok, Esztergom-kertv\u00e1ros: h\u00edrek, programok","publisher":{"@id":"https:\/\/dorogimedence.hu\/#organization"},"potentialAction":[{"@type":"SearchAction","target":{"@type":"EntryPoint","urlTemplate":"https:\/\/dorogimedence.hu\/?s={search_term_string}"},"query-input":{"@type":"PropertyValueSpecification","valueRequired":true,"valueName":"search_term_string"}}],"inLanguage":"hu"},{"@type":"Organization","@id":"https:\/\/dorogimedence.hu\/#organization","name":"Dorogi-medence Region\u00e1lis H\u00edrport\u00e1l","url":"https:\/\/dorogimedence.hu\/","logo":{"@type":"ImageObject","inLanguage":"hu","@id":"https:\/\/dorogimedence.hu\/#\/schema\/logo\/image\/","url":"https:\/\/dorogimedence.hu\/wp-content\/uploads\/2021\/04\/logo-feher-600.png","contentUrl":"https:\/\/dorogimedence.hu\/wp-content\/uploads\/2021\/04\/logo-feher-600.png","width":600,"height":100,"caption":"Dorogi-medence Region\u00e1lis H\u00edrport\u00e1l"},"image":{"@id":"https:\/\/dorogimedence.hu\/#\/schema\/logo\/image\/"},"sameAs":["https:\/\/www.facebook.com\/dorogimedence\/"]},{"@type":"Person","@id":"https:\/\/dorogimedence.hu\/#\/schema\/person\/ce6091eeb7e95ecdc87890d6aa8e0fd4","name":"dorogimedence.hu","image":{"@type":"ImageObject","inLanguage":"hu","@id":"\/\/www.gravatar.com\/avatar\/d8d45f8901aadff40a4af72c0b826f1d?s=96&#038;r=g&#038;d=mm","url":"\/\/www.gravatar.com\/avatar\/d8d45f8901aadff40a4af72c0b826f1d?s=96&#038;r=g&#038;d=mm","contentUrl":"\/\/www.gravatar.com\/avatar\/d8d45f8901aadff40a4af72c0b826f1d?s=96&#038;r=g&#038;d=mm","caption":"dorogimedence.hu"}}]}},"_links":{"self":[{"href":"https:\/\/dorogimedence.hu\/index.php\/wp-json\/wp\/v2\/posts\/63917","targetHints":{"allow":["GET"]}}],"collection":[{"href":"https:\/\/dorogimedence.hu\/index.php\/wp-json\/wp\/v2\/posts"}],"about":[{"href":"https:\/\/dorogimedence.hu\/index.php\/wp-json\/wp\/v2\/types\/post"}],"author":[{"embeddable":true,"href":"https:\/\/dorogimedence.hu\/index.php\/wp-json\/wp\/v2\/users\/1"}],"replies":[{"embeddable":true,"href":"https:\/\/dorogimedence.hu\/index.php\/wp-json\/wp\/v2\/comments?post=63917"}],"version-history":[{"count":0,"href":"https:\/\/dorogimedence.hu\/index.php\/wp-json\/wp\/v2\/posts\/63917\/revisions"}],"wp:attachment":[{"href":"https:\/\/dorogimedence.hu\/index.php\/wp-json\/wp\/v2\/media?parent=63917"}],"wp:term":[{"taxonomy":"category","embeddable":true,"href":"https:\/\/dorogimedence.hu\/index.php\/wp-json\/wp\/v2\/categories?post=63917"},{"taxonomy":"post_tag","embeddable":true,"href":"https:\/\/dorogimedence.hu\/index.php\/wp-json\/wp\/v2\/tags?post=63917"}],"curies":[{"name":"wp","href":"https:\/\/api.w.org\/{rel}","templated":true}]}}