{"id":63848,"date":"2024-08-03T15:53:42","date_gmt":"2024-08-03T13:53:42","guid":{"rendered":"https:\/\/dorogimedence.hu\/?p=63848"},"modified":"2024-08-03T15:53:42","modified_gmt":"2024-08-03T13:53:42","slug":"ittasan-vezettek-eliteltek-oket","status":"publish","type":"post","link":"https:\/\/dorogimedence.hu\/index.php\/2024\/08\/03\/ittasan-vezettek-eliteltek-oket\/","title":{"rendered":"Ittasan vezettek, el\u00edt\u00e9lt\u00e9k \u0151ket"},"content":{"rendered":"<p><strong>Az Esztergomi J\u00e1r\u00e1si \u00dcgy\u00e9szs\u00e9g n\u00e9gy \u00fcgyben gyors\u00edtott elj\u00e1r\u00e1sban \u00e1ll\u00edtotta az Esztergomi J\u00e1r\u00e1sb\u00edr\u00f3s\u00e1g el\u00e9 az ittas j\u00e1rm\u0171vezet\u00e9s elk\u00f6vet\u0151it. A b\u00edr\u00f3s\u00e1g \u00edt\u00e9leteit az \u00fcgy\u00e9sz, elk\u00f6vet\u0151k, v\u00e9d\u0151k tudom\u00e1sul vett\u00e9k, \u00edgy mindegyik joger\u0151ss\u00e9 v\u00e1lt.<\/strong><\/p>\n<p>Az egyik \u00fcgyben a f\u00e9rfi&nbsp;2024. j\u00fanius 5-\u00e9n d\u00e9lben Esztergom lakott ter\u00fclet\u00e9n, a Visegr\u00e1di \u00faton a F\u00f6ldm\u0171ves utca ir\u00e1ny\u00e1b\u00f3l vezette k\u00f6zepes fok\u00fa ittas \u00e1llapotban a szem\u00e9lyg\u00e9pkocsit, amelyben egy utast is sz\u00e1ll\u00edtott. Az \u00fcgy\u00e9szs\u00e9g ind\u00edtv\u00e1ny\u00e1ra a b\u00edr\u00f3s\u00e1g a b\u00fcntetett el\u0151\u00e9let\u0171 f\u00e9rfit 375.000 p\u00e9nzb\u00fcntet\u00e9sre \u00e9s 1 \u00e9v k\u00f6z\u00fati j\u00e1rm\u0171vezet\u00e9st\u0151l eltilt\u00e1sra \u00edt\u00e9lte.<\/p>\n<p>A m\u00e1sodik \u00fcgyben az \u00e9rv\u00e9nyes vezet\u0151i enged\u00e9llyel nem rendelkez\u0151, b\u00fcntetlen f\u00e9rfi 2024. j\u00fanius 4-\u00e9n d\u00e9lut\u00e1n Esztergom-Kertv\u00e1rosban, a 117-es \u00faton enyhe fok\u00fa ittas \u00e1llapotban vezette a szem\u00e9lyg\u00e9pkocsit. Az \u00fcgy\u00e9szs\u00e9g ind\u00edtv\u00e1ny\u00e1ra a b\u00edr\u00f3s\u00e1g a f\u00e9rfit 360.000 p\u00e9nzb\u00fcntet\u00e9sre \u00e9s 1 \u00e9v k\u00f6z\u00fati j\u00e1rm\u0171vezet\u00e9st\u0151l eltilt\u00e1sra \u00edt\u00e9lte.<\/p>\n<p>A harmadik \u00fcgyben&nbsp;a f\u00e9rfit a b\u00edr\u00f3s\u00e1g 2022-ben eltilt\u00e1s hat\u00e1lya alatt elk\u00f6vetett j\u00e1rm\u0171vezet\u00e9s b\u0171ntette \u00e9s ittas j\u00e1rm\u0171vezet\u00e9s v\u00e9ts\u00e9ge miatt 1 \u00e9v-v\u00e9grehajt\u00e1s\u00e1ban 2 \u00e9vi pr\u00f3baid\u0151re felf\u00fcggesztett b\u00f6rt\u00f6nb\u00fcntet\u00e9sre \u00e9s 3 \u00e9v k\u00f6z\u00fati j\u00e1rm\u0171vezet\u00e9st\u0151l eltilt\u00e1sra \u00edt\u00e9lte. Ennek ellen\u00e9re az elk\u00f6vet\u0151 2024. j\u00fanius 15. napj\u00e1n 19 \u00f3ra 50 perckor Esztergomban, a B\u00e1nomi \u00faton k\u00f6zepes fok\u00fa ittas \u00e1llapotban vezette a tulajdon\u00e1t k\u00e9pez\u0151 seg\u00e9dmotoros-ker\u00e9kp\u00e1rt. Az \u00fcgy\u00e9szs\u00e9g ind\u00edtv\u00e1ny\u00e1ra a b\u00edr\u00f3s\u00e1g a b\u00fcntetett el\u0151\u00e9let\u0171 f\u00e9rfit&nbsp;90 nap elz\u00e1r\u00e1sra \u00e9s 5 \u00e9v k\u00f6z\u00fati j\u00e1rm\u0171vezet\u00e9st\u0151l eltilt\u00e1sra \u00edt\u00e9lte.<\/p>\n<p>A negyedik \u00fcgyben a b\u00fcntetlen n\u0151 2024. j\u00fanius 17-\u00e9n d\u00e9lel\u0151tt Esztergom lakott ter\u00fclet\u00e9n, a B\u00e1nomi \u00faton a Basa \u00fat keresztez\u0151d\u00e9s\u00e9n\u00e9l k\u00f6zepes fok\u00fa ittas \u00e1llapotban vezette a&nbsp;szem\u00e9lyg\u00e9pkocsit. Az \u00fcgy\u00e9szs\u00e9g ind\u00edtv\u00e1ny\u00e1ra a b\u00edr\u00f3s\u00e1g a n\u0151t 300.000 Ft p\u00e9nzb\u00fcntet\u00e9sre \u00e9s&nbsp;1 \u00e9v k\u00f6z\u00fati j\u00e1rm\u0171vezet\u00e9st\u0151l eltilt\u00e1sra \u00edt\u00e9lte.<\/p>\n<p><em>Forr\u00e1s: Kom\u00e1rom-Esztergom V\u00e1rmegyei F\u0151\u00fcgy\u00e9szs\u00e9g<\/em><\/p>\n","protected":false},"excerpt":{"rendered":"<p>Az Esztergomi J\u00e1r\u00e1si \u00dcgy\u00e9szs\u00e9g n\u00e9gy \u00fcgyben gyors\u00edtott elj\u00e1r\u00e1sban \u00e1ll\u00edtotta az Esztergomi J\u00e1r\u00e1sb\u00edr\u00f3s\u00e1g el\u00e9 az ittas j\u00e1rm\u0171vezet\u00e9s elk\u00f6vet\u0151it. A b\u00edr\u00f3s\u00e1g \u00edt\u00e9leteit az \u00fcgy\u00e9sz, elk\u00f6vet\u0151k, v\u00e9d\u0151k tudom\u00e1sul vett\u00e9k, \u00edgy mindegyik joger\u0151ss\u00e9 v\u00e1lt. Az egyik \u00fcgyben a f\u00e9rfi&nbsp;2024. j\u00fanius 5-\u00e9n d\u00e9lben Esztergom lakott ter\u00fclet\u00e9n, a Visegr\u00e1di \u00faton a F\u00f6ldm\u0171ves utca ir\u00e1ny\u00e1b\u00f3l vezette k\u00f6zepes fok\u00fa ittas \u00e1llapotban a szem\u00e9lyg\u00e9pkocsit,<\/p>\n","protected":false},"author":1,"featured_media":0,"comment_status":"closed","ping_status":"closed","sticky":false,"template":"","format":"standard","meta":{"ngg_post_thumbnail":0,"footnotes":""},"categories":[38,7,3,39],"tags":[1042,42,169,164,61,326],"class_list":{"0":"post-63848","1":"post","2":"type-post","3":"status-publish","4":"format-standard","6":"category-esztergom","7":"category-esztergom_kertvaros","8":"category-hirek","9":"category-kek-hirek","10":"tag-birosag","11":"tag-esztergom","12":"tag-esztergom-kertvaros","13":"tag-ittas-vezetes","14":"tag-rendorsegi-hirek","15":"tag-ugyeszseg"},"yoast_head":"<!-- This site is optimized with the Yoast SEO plugin v27.5 - https:\/\/yoast.com\/product\/yoast-seo-wordpress\/ -->\n<title>Ittasan vezettek, el\u00edt\u00e9lt\u00e9k \u0151ket<\/title>\n<meta name=\"robots\" content=\"index, follow, max-snippet:-1, max-image-preview:large, max-video-preview:-1\" \/>\n<link rel=\"canonical\" href=\"https:\/\/dorogimedence.hu\/index.php\/2024\/08\/03\/ittasan-vezettek-eliteltek-oket\/\" class=\"yoast-seo-meta-tag\" \/>\n<meta property=\"og:locale\" content=\"hu_HU\" class=\"yoast-seo-meta-tag\" \/>\n<meta property=\"og:type\" content=\"article\" class=\"yoast-seo-meta-tag\" \/>\n<meta property=\"og:title\" content=\"Ittasan vezettek, el\u00edt\u00e9lt\u00e9k \u0151ket\" class=\"yoast-seo-meta-tag\" \/>\n<meta property=\"og:description\" content=\"Az Esztergomi J\u00e1r\u00e1si \u00dcgy\u00e9szs\u00e9g n\u00e9gy \u00fcgyben gyors\u00edtott elj\u00e1r\u00e1sban \u00e1ll\u00edtotta az Esztergomi J\u00e1r\u00e1sb\u00edr\u00f3s\u00e1g el\u00e9 az ittas j\u00e1rm\u0171vezet\u00e9s elk\u00f6vet\u0151it. A b\u00edr\u00f3s\u00e1g \u00edt\u00e9leteit az \u00fcgy\u00e9sz, elk\u00f6vet\u0151k, v\u00e9d\u0151k tudom\u00e1sul vett\u00e9k, \u00edgy mindegyik joger\u0151ss\u00e9 v\u00e1lt. Az egyik \u00fcgyben a f\u00e9rfi&nbsp;2024. j\u00fanius 5-\u00e9n d\u00e9lben Esztergom lakott ter\u00fclet\u00e9n, a Visegr\u00e1di \u00faton a F\u00f6ldm\u0171ves utca ir\u00e1ny\u00e1b\u00f3l vezette k\u00f6zepes fok\u00fa ittas \u00e1llapotban a szem\u00e9lyg\u00e9pkocsit,\" class=\"yoast-seo-meta-tag\" \/>\n<meta property=\"og:url\" content=\"https:\/\/dorogimedence.hu\/index.php\/2024\/08\/03\/ittasan-vezettek-eliteltek-oket\/\" class=\"yoast-seo-meta-tag\" \/>\n<meta property=\"og:site_name\" content=\"Dorogi-medence Region\u00e1lis H\u00edrport\u00e1l\" class=\"yoast-seo-meta-tag\" \/>\n<meta property=\"article:publisher\" content=\"https:\/\/www.facebook.com\/dorogimedence\/\" class=\"yoast-seo-meta-tag\" \/>\n<meta property=\"article:published_time\" content=\"2024-08-03T13:53:42+00:00\" class=\"yoast-seo-meta-tag\" \/>\n<meta property=\"og:image\" content=\"https:\/\/dorogimedence.hu\/wp-content\/uploads\/2023\/03\/ittas-vezetes.jpg\" class=\"yoast-seo-meta-tag\" \/>\n\t<meta property=\"og:image:width\" content=\"1280\" class=\"yoast-seo-meta-tag\" \/>\n\t<meta property=\"og:image:height\" content=\"960\" class=\"yoast-seo-meta-tag\" \/>\n\t<meta property=\"og:image:type\" content=\"image\/jpeg\" class=\"yoast-seo-meta-tag\" \/>\n<meta name=\"author\" content=\"dorogimedence.hu\" class=\"yoast-seo-meta-tag\" \/>\n<meta name=\"twitter:card\" content=\"summary_large_image\" class=\"yoast-seo-meta-tag\" \/>\n<meta name=\"twitter:label1\" content=\"Szerz\u0151:\" class=\"yoast-seo-meta-tag\" \/>\n\t<meta name=\"twitter:data1\" content=\"dorogimedence.hu\" class=\"yoast-seo-meta-tag\" \/>\n\t<meta name=\"twitter:label2\" content=\"Becs\u00fclt olvas\u00e1si id\u0151\" class=\"yoast-seo-meta-tag\" \/>\n\t<meta name=\"twitter:data2\" content=\"2 perc\" class=\"yoast-seo-meta-tag\" \/>\n<script type=\"application\/ld+json\" class=\"yoast-schema-graph\">{\"@context\":\"https:\\\/\\\/schema.org\",\"@graph\":[{\"@type\":\"Article\",\"@id\":\"https:\\\/\\\/dorogimedence.hu\\\/index.php\\\/2024\\\/08\\\/03\\\/ittasan-vezettek-eliteltek-oket\\\/#article\",\"isPartOf\":{\"@id\":\"https:\\\/\\\/dorogimedence.hu\\\/index.php\\\/2024\\\/08\\\/03\\\/ittasan-vezettek-eliteltek-oket\\\/\"},\"author\":{\"name\":\"dorogimedence.hu\",\"@id\":\"https:\\\/\\\/dorogimedence.hu\\\/#\\\/schema\\\/person\\\/ce6091eeb7e95ecdc87890d6aa8e0fd4\"},\"headline\":\"Ittasan vezettek, el\u00edt\u00e9lt\u00e9k \u0151ket\",\"datePublished\":\"2024-08-03T13:53:42+00:00\",\"mainEntityOfPage\":{\"@id\":\"https:\\\/\\\/dorogimedence.hu\\\/index.php\\\/2024\\\/08\\\/03\\\/ittasan-vezettek-eliteltek-oket\\\/\"},\"wordCount\":451,\"publisher\":{\"@id\":\"https:\\\/\\\/dorogimedence.hu\\\/#organization\"},\"keywords\":[\"b\u00edr\u00f3s\u00e1g\",\"esztergom\",\"Esztergom-kertv\u00e1ros\",\"ittas vezet\u00e9s\",\"rend\u0151rs\u00e9gi h\u00edrek\",\"\u00fcgy\u00e9szs\u00e9g\"],\"articleSection\":[\"Esztergom\",\"Esztergom-kertv\u00e1ros\",\"H\u00edrek\",\"K\u00e9k h\u00edrek\"],\"inLanguage\":\"hu\"},{\"@type\":\"WebPage\",\"@id\":\"https:\\\/\\\/dorogimedence.hu\\\/index.php\\\/2024\\\/08\\\/03\\\/ittasan-vezettek-eliteltek-oket\\\/\",\"url\":\"https:\\\/\\\/dorogimedence.hu\\\/index.php\\\/2024\\\/08\\\/03\\\/ittasan-vezettek-eliteltek-oket\\\/\",\"name\":\"Ittasan vezettek, el\u00edt\u00e9lt\u00e9k \u0151ket\",\"isPartOf\":{\"@id\":\"https:\\\/\\\/dorogimedence.hu\\\/#website\"},\"datePublished\":\"2024-08-03T13:53:42+00:00\",\"breadcrumb\":{\"@id\":\"https:\\\/\\\/dorogimedence.hu\\\/index.php\\\/2024\\\/08\\\/03\\\/ittasan-vezettek-eliteltek-oket\\\/#breadcrumb\"},\"inLanguage\":\"hu\",\"potentialAction\":[{\"@type\":\"ReadAction\",\"target\":[\"https:\\\/\\\/dorogimedence.hu\\\/index.php\\\/2024\\\/08\\\/03\\\/ittasan-vezettek-eliteltek-oket\\\/\"]}]},{\"@type\":\"BreadcrumbList\",\"@id\":\"https:\\\/\\\/dorogimedence.hu\\\/index.php\\\/2024\\\/08\\\/03\\\/ittasan-vezettek-eliteltek-oket\\\/#breadcrumb\",\"itemListElement\":[{\"@type\":\"ListItem\",\"position\":1,\"name\":\"Kezd\u0151lap\",\"item\":\"https:\\\/\\\/dorogimedence.hu\\\/\"},{\"@type\":\"ListItem\",\"position\":2,\"name\":\"Ittasan vezettek, el\u00edt\u00e9lt\u00e9k \u0151ket\"}]},{\"@type\":\"WebSite\",\"@id\":\"https:\\\/\\\/dorogimedence.hu\\\/#website\",\"url\":\"https:\\\/\\\/dorogimedence.hu\\\/\",\"name\":\"Dorogi-medence Region\u00e1lis H\u00edrport\u00e1l\",\"description\":\"Dorog, Keszt\u00f6lc, Le\u00e1nyv\u00e1r, Piliscs\u00e9v, Tokod, Tokodalt\u00e1r\u00f3, Csolnok, Esztergom-kertv\u00e1ros: h\u00edrek, programok\",\"publisher\":{\"@id\":\"https:\\\/\\\/dorogimedence.hu\\\/#organization\"},\"potentialAction\":[{\"@type\":\"SearchAction\",\"target\":{\"@type\":\"EntryPoint\",\"urlTemplate\":\"https:\\\/\\\/dorogimedence.hu\\\/?s={search_term_string}\"},\"query-input\":{\"@type\":\"PropertyValueSpecification\",\"valueRequired\":true,\"valueName\":\"search_term_string\"}}],\"inLanguage\":\"hu\"},{\"@type\":\"Organization\",\"@id\":\"https:\\\/\\\/dorogimedence.hu\\\/#organization\",\"name\":\"Dorogi-medence Region\u00e1lis H\u00edrport\u00e1l\",\"url\":\"https:\\\/\\\/dorogimedence.hu\\\/\",\"logo\":{\"@type\":\"ImageObject\",\"inLanguage\":\"hu\",\"@id\":\"https:\\\/\\\/dorogimedence.hu\\\/#\\\/schema\\\/logo\\\/image\\\/\",\"url\":\"https:\\\/\\\/dorogimedence.hu\\\/wp-content\\\/uploads\\\/2021\\\/04\\\/logo-feher-600.png\",\"contentUrl\":\"https:\\\/\\\/dorogimedence.hu\\\/wp-content\\\/uploads\\\/2021\\\/04\\\/logo-feher-600.png\",\"width\":600,\"height\":100,\"caption\":\"Dorogi-medence Region\u00e1lis H\u00edrport\u00e1l\"},\"image\":{\"@id\":\"https:\\\/\\\/dorogimedence.hu\\\/#\\\/schema\\\/logo\\\/image\\\/\"},\"sameAs\":[\"https:\\\/\\\/www.facebook.com\\\/dorogimedence\\\/\"]},{\"@type\":\"Person\",\"@id\":\"https:\\\/\\\/dorogimedence.hu\\\/#\\\/schema\\\/person\\\/ce6091eeb7e95ecdc87890d6aa8e0fd4\",\"name\":\"dorogimedence.hu\",\"image\":{\"@type\":\"ImageObject\",\"inLanguage\":\"hu\",\"@id\":\"\\\/\\\/www.gravatar.com\\\/avatar\\\/d8d45f8901aadff40a4af72c0b826f1d?s=96&#038;r=g&#038;d=mm\",\"url\":\"\\\/\\\/www.gravatar.com\\\/avatar\\\/d8d45f8901aadff40a4af72c0b826f1d?s=96&#038;r=g&#038;d=mm\",\"contentUrl\":\"\\\/\\\/www.gravatar.com\\\/avatar\\\/d8d45f8901aadff40a4af72c0b826f1d?s=96&#038;r=g&#038;d=mm\",\"caption\":\"dorogimedence.hu\"}}]}<\/script>\n<!-- \/ Yoast SEO plugin. -->","yoast_head_json":{"title":"Ittasan vezettek, el\u00edt\u00e9lt\u00e9k \u0151ket","robots":{"index":"index","follow":"follow","max-snippet":"max-snippet:-1","max-image-preview":"max-image-preview:large","max-video-preview":"max-video-preview:-1"},"canonical":"https:\/\/dorogimedence.hu\/index.php\/2024\/08\/03\/ittasan-vezettek-eliteltek-oket\/","og_locale":"hu_HU","og_type":"article","og_title":"Ittasan vezettek, el\u00edt\u00e9lt\u00e9k \u0151ket","og_description":"Az Esztergomi J\u00e1r\u00e1si \u00dcgy\u00e9szs\u00e9g n\u00e9gy \u00fcgyben gyors\u00edtott elj\u00e1r\u00e1sban \u00e1ll\u00edtotta az Esztergomi J\u00e1r\u00e1sb\u00edr\u00f3s\u00e1g el\u00e9 az ittas j\u00e1rm\u0171vezet\u00e9s elk\u00f6vet\u0151it. A b\u00edr\u00f3s\u00e1g \u00edt\u00e9leteit az \u00fcgy\u00e9sz, elk\u00f6vet\u0151k, v\u00e9d\u0151k tudom\u00e1sul vett\u00e9k, \u00edgy mindegyik joger\u0151ss\u00e9 v\u00e1lt. Az egyik \u00fcgyben a f\u00e9rfi&nbsp;2024. j\u00fanius 5-\u00e9n d\u00e9lben Esztergom lakott ter\u00fclet\u00e9n, a Visegr\u00e1di \u00faton a F\u00f6ldm\u0171ves utca ir\u00e1ny\u00e1b\u00f3l vezette k\u00f6zepes fok\u00fa ittas \u00e1llapotban a szem\u00e9lyg\u00e9pkocsit,","og_url":"https:\/\/dorogimedence.hu\/index.php\/2024\/08\/03\/ittasan-vezettek-eliteltek-oket\/","og_site_name":"Dorogi-medence Region\u00e1lis H\u00edrport\u00e1l","article_publisher":"https:\/\/www.facebook.com\/dorogimedence\/","article_published_time":"2024-08-03T13:53:42+00:00","og_image":[{"width":1280,"height":960,"url":"https:\/\/dorogimedence.hu\/wp-content\/uploads\/2023\/03\/ittas-vezetes.jpg","type":"image\/jpeg"}],"author":"dorogimedence.hu","twitter_card":"summary_large_image","twitter_misc":{"Szerz\u0151:":"dorogimedence.hu","Becs\u00fclt olvas\u00e1si id\u0151":"2 perc"},"schema":{"@context":"https:\/\/schema.org","@graph":[{"@type":"Article","@id":"https:\/\/dorogimedence.hu\/index.php\/2024\/08\/03\/ittasan-vezettek-eliteltek-oket\/#article","isPartOf":{"@id":"https:\/\/dorogimedence.hu\/index.php\/2024\/08\/03\/ittasan-vezettek-eliteltek-oket\/"},"author":{"name":"dorogimedence.hu","@id":"https:\/\/dorogimedence.hu\/#\/schema\/person\/ce6091eeb7e95ecdc87890d6aa8e0fd4"},"headline":"Ittasan vezettek, el\u00edt\u00e9lt\u00e9k \u0151ket","datePublished":"2024-08-03T13:53:42+00:00","mainEntityOfPage":{"@id":"https:\/\/dorogimedence.hu\/index.php\/2024\/08\/03\/ittasan-vezettek-eliteltek-oket\/"},"wordCount":451,"publisher":{"@id":"https:\/\/dorogimedence.hu\/#organization"},"keywords":["b\u00edr\u00f3s\u00e1g","esztergom","Esztergom-kertv\u00e1ros","ittas vezet\u00e9s","rend\u0151rs\u00e9gi h\u00edrek","\u00fcgy\u00e9szs\u00e9g"],"articleSection":["Esztergom","Esztergom-kertv\u00e1ros","H\u00edrek","K\u00e9k h\u00edrek"],"inLanguage":"hu"},{"@type":"WebPage","@id":"https:\/\/dorogimedence.hu\/index.php\/2024\/08\/03\/ittasan-vezettek-eliteltek-oket\/","url":"https:\/\/dorogimedence.hu\/index.php\/2024\/08\/03\/ittasan-vezettek-eliteltek-oket\/","name":"Ittasan vezettek, el\u00edt\u00e9lt\u00e9k \u0151ket","isPartOf":{"@id":"https:\/\/dorogimedence.hu\/#website"},"datePublished":"2024-08-03T13:53:42+00:00","breadcrumb":{"@id":"https:\/\/dorogimedence.hu\/index.php\/2024\/08\/03\/ittasan-vezettek-eliteltek-oket\/#breadcrumb"},"inLanguage":"hu","potentialAction":[{"@type":"ReadAction","target":["https:\/\/dorogimedence.hu\/index.php\/2024\/08\/03\/ittasan-vezettek-eliteltek-oket\/"]}]},{"@type":"BreadcrumbList","@id":"https:\/\/dorogimedence.hu\/index.php\/2024\/08\/03\/ittasan-vezettek-eliteltek-oket\/#breadcrumb","itemListElement":[{"@type":"ListItem","position":1,"name":"Kezd\u0151lap","item":"https:\/\/dorogimedence.hu\/"},{"@type":"ListItem","position":2,"name":"Ittasan vezettek, el\u00edt\u00e9lt\u00e9k \u0151ket"}]},{"@type":"WebSite","@id":"https:\/\/dorogimedence.hu\/#website","url":"https:\/\/dorogimedence.hu\/","name":"Dorogi-medence Region\u00e1lis H\u00edrport\u00e1l","description":"Dorog, Keszt\u00f6lc, Le\u00e1nyv\u00e1r, Piliscs\u00e9v, Tokod, Tokodalt\u00e1r\u00f3, Csolnok, Esztergom-kertv\u00e1ros: h\u00edrek, programok","publisher":{"@id":"https:\/\/dorogimedence.hu\/#organization"},"potentialAction":[{"@type":"SearchAction","target":{"@type":"EntryPoint","urlTemplate":"https:\/\/dorogimedence.hu\/?s={search_term_string}"},"query-input":{"@type":"PropertyValueSpecification","valueRequired":true,"valueName":"search_term_string"}}],"inLanguage":"hu"},{"@type":"Organization","@id":"https:\/\/dorogimedence.hu\/#organization","name":"Dorogi-medence Region\u00e1lis H\u00edrport\u00e1l","url":"https:\/\/dorogimedence.hu\/","logo":{"@type":"ImageObject","inLanguage":"hu","@id":"https:\/\/dorogimedence.hu\/#\/schema\/logo\/image\/","url":"https:\/\/dorogimedence.hu\/wp-content\/uploads\/2021\/04\/logo-feher-600.png","contentUrl":"https:\/\/dorogimedence.hu\/wp-content\/uploads\/2021\/04\/logo-feher-600.png","width":600,"height":100,"caption":"Dorogi-medence Region\u00e1lis H\u00edrport\u00e1l"},"image":{"@id":"https:\/\/dorogimedence.hu\/#\/schema\/logo\/image\/"},"sameAs":["https:\/\/www.facebook.com\/dorogimedence\/"]},{"@type":"Person","@id":"https:\/\/dorogimedence.hu\/#\/schema\/person\/ce6091eeb7e95ecdc87890d6aa8e0fd4","name":"dorogimedence.hu","image":{"@type":"ImageObject","inLanguage":"hu","@id":"\/\/www.gravatar.com\/avatar\/d8d45f8901aadff40a4af72c0b826f1d?s=96&#038;r=g&#038;d=mm","url":"\/\/www.gravatar.com\/avatar\/d8d45f8901aadff40a4af72c0b826f1d?s=96&#038;r=g&#038;d=mm","contentUrl":"\/\/www.gravatar.com\/avatar\/d8d45f8901aadff40a4af72c0b826f1d?s=96&#038;r=g&#038;d=mm","caption":"dorogimedence.hu"}}]}},"_links":{"self":[{"href":"https:\/\/dorogimedence.hu\/index.php\/wp-json\/wp\/v2\/posts\/63848","targetHints":{"allow":["GET"]}}],"collection":[{"href":"https:\/\/dorogimedence.hu\/index.php\/wp-json\/wp\/v2\/posts"}],"about":[{"href":"https:\/\/dorogimedence.hu\/index.php\/wp-json\/wp\/v2\/types\/post"}],"author":[{"embeddable":true,"href":"https:\/\/dorogimedence.hu\/index.php\/wp-json\/wp\/v2\/users\/1"}],"replies":[{"embeddable":true,"href":"https:\/\/dorogimedence.hu\/index.php\/wp-json\/wp\/v2\/comments?post=63848"}],"version-history":[{"count":0,"href":"https:\/\/dorogimedence.hu\/index.php\/wp-json\/wp\/v2\/posts\/63848\/revisions"}],"wp:attachment":[{"href":"https:\/\/dorogimedence.hu\/index.php\/wp-json\/wp\/v2\/media?parent=63848"}],"wp:term":[{"taxonomy":"category","embeddable":true,"href":"https:\/\/dorogimedence.hu\/index.php\/wp-json\/wp\/v2\/categories?post=63848"},{"taxonomy":"post_tag","embeddable":true,"href":"https:\/\/dorogimedence.hu\/index.php\/wp-json\/wp\/v2\/tags?post=63848"}],"curies":[{"name":"wp","href":"https:\/\/api.w.org\/{rel}","templated":true}]}}