{"id":63831,"date":"2024-08-02T16:59:53","date_gmt":"2024-08-02T14:59:53","guid":{"rendered":"https:\/\/dorogimedence.hu\/?p=63831"},"modified":"2024-08-03T13:51:13","modified_gmt":"2024-08-03T11:51:13","slug":"eszaki-kalandok","status":"publish","type":"post","link":"https:\/\/dorogimedence.hu\/index.php\/2024\/08\/02\/eszaki-kalandok\/","title":{"rendered":"\u00c9szaki kalandok"},"content":{"rendered":"<p><strong>A \u201enev\u00e9ben\u201d z\u00f6ld \u00e9s egy \u201eval\u00f3di\u201d z\u00f6ld sziget, pontosabban szigetek felfedez\u00e9se felejthetetlen \u00e9lm\u00e9nnyel szolg\u00e1lhat minden kalandor sz\u00e1m\u00e1ra. Lieber Tam\u00e1s tartalmas utaz\u00e1s keret\u00e9ben j\u00e1rta be D\u00e9lnyugat-Gr\u00f6nlandot \u00e9s a Fer\u00f6er-szigeteket. Besz\u00e1mol\u00f3.<\/strong><\/p>\n<p>Mi a k\u00f6z\u00f6s T\u00e1dzsikiszt\u00e1nban, Norv\u00e9gi\u00e1ban \u00e9s a Gr\u00f6nlandban? L\u00e1tsz\u00f3lag semmi, de ha k\u00f6vetj\u00fck Lieber Tam\u00e1snak, a Benedek Endre Barlangkutat\u00f3 \u00e9s Term\u00e9szetv\u00e9delmi Egyes\u00fclet (BEBTE) eln\u00f6k\u00e9nek besz\u00e1mol\u00f3it, akkor l\u00e1thatjuk, hogy a dorogi barlang\u00e1sz rendre k\u00fcl\u00f6nleges helyeket keres fel a nagyvil\u00e1gban.<\/p>\n<figure id=\"attachment_63834\" aria-describedby=\"caption-attachment-63834\" style=\"width: 1920px\" class=\"wp-caption alignnone\"><img fetchpriority=\"high\" decoding=\"async\" class=\"size-full wp-image-63834\" src=\"https:\/\/dorogimedence.hu\/wp-content\/uploads\/2024\/08\/lieber-02.jpg\" alt=\"\" width=\"1920\" height=\"865\" srcset=\"https:\/\/dorogimedence.hu\/wp-content\/uploads\/2024\/08\/lieber-02.jpg 1920w, https:\/\/dorogimedence.hu\/wp-content\/uploads\/2024\/08\/lieber-02-600x270.jpg 600w, https:\/\/dorogimedence.hu\/wp-content\/uploads\/2024\/08\/lieber-02-768x346.jpg 768w, https:\/\/dorogimedence.hu\/wp-content\/uploads\/2024\/08\/lieber-02-1536x692.jpg 1536w, https:\/\/dorogimedence.hu\/wp-content\/uploads\/2024\/08\/lieber-02-150x68.jpg 150w, https:\/\/dorogimedence.hu\/wp-content\/uploads\/2024\/08\/lieber-02-450x203.jpg 450w, https:\/\/dorogimedence.hu\/wp-content\/uploads\/2024\/08\/lieber-02-1200x541.jpg 1200w\" sizes=\"(max-width: 1920px) 100vw, 1920px\" \/><figcaption id=\"caption-attachment-63834\" class=\"wp-caption-text\">\u00dasz\u00f3 j\u00e9ghegy a Disko-\u00f6b\u00f6lben. A k\u00e9pz\u0151dm\u00e9nynek csup\u00e1n 10%-a van a v\u00edz felett!<\/figcaption><\/figure>\n<p>A legut\u00f3bbi, gr\u00f6nlandi \u00e9s fer\u00f6er-szigeteki t\u00far\u00e1j\u00e1ra egy bar\u00e1tja r\u00e9v\u00e9n jutott el, aki bakancsos utaz\u00e1sokat szervez\u0151 irod\u00e1t m\u0171k\u00f6dtet. Mivel ez nem egy megszokott \u00e9s felkapott utaz\u00e1si c\u00e9l, a szervez\u00e9s is mondhatni t\u00f6bb odafigyel\u00e9st, energi\u00e1t ig\u00e9nyelt. Lieber Tam\u00e1s szerint az viszont mindenk\u00e9ppen el\u0151ny\u00f6s volt, hogy a gr\u00f6nlandi l\u00e1togat\u00e1s ut\u00e1nra tervezt\u00e9k a fer\u00f6eri kiruccan\u00e1st, \u00edgy nem kellett hazaj\u00f6nni \u00e9s itthonr\u00f3l visszat\u00e9rni a v\u00e9gtelen z\u00f6ld t\u00e1jair\u00f3l h\u00edres szigetekre, hanem r\u00f6gt\u00f6n be tudt\u00e1k v\u00e1llalni a m\u00e1sodik kalandot is.<\/p>\n<p>Lieber Tam\u00e1s az utaz\u00e1s sor\u00e1n folyamatosan jelentkezett a k\u00f6z\u00f6ss\u00e9gi oldal\u00e1n k\u00e9pekkel, vide\u00f3kkal, r\u00f6vid besz\u00e1mol\u00f3kkal. Aki k\u00f6vette az \u00edr\u00e1sokat, gyakorlatilag \u00fagy \u00e9rezte, mintha \u0151 maga is a csapattal tartott volna a messzi \u00e9szakra.<\/p>\n<p>Az els\u0151 gr\u00f6nlandi napjukon a Kangerlussuaq-t\u00f3l 30 km-re tal\u00e1lhat\u00f3 Russel-gleccsert n\u00e9zt\u00e9k meg, ahov\u00e1 terepj\u00e1r\u00f3 buszokkal vitt\u00e9k ki az utaz\u00f3kat. Elk\u00e9peszt\u0151 \u00e9lm\u00e9nyk\u00e9nt \u00edrta le azt, ahogy r\u00e1mer\u00e9szkedtek a 800-1000 kilom\u00e9ter sz\u00e9les belf\u00f6ldi j\u00e9gtakar\u00f3 ny\u00falv\u00e1nyak\u00e9nt \u201el\u00e9tez\u0151\u201d gleccser sz\u00e9l\u00e9re.<\/p>\n<figure id=\"attachment_63835\" aria-describedby=\"caption-attachment-63835\" style=\"width: 1920px\" class=\"wp-caption alignnone\"><img decoding=\"async\" class=\"size-full wp-image-63835\" src=\"https:\/\/dorogimedence.hu\/wp-content\/uploads\/2024\/08\/lieber-03.jpg\" alt=\"\" width=\"1920\" height=\"865\" srcset=\"https:\/\/dorogimedence.hu\/wp-content\/uploads\/2024\/08\/lieber-03.jpg 1920w, https:\/\/dorogimedence.hu\/wp-content\/uploads\/2024\/08\/lieber-03-600x270.jpg 600w, https:\/\/dorogimedence.hu\/wp-content\/uploads\/2024\/08\/lieber-03-768x346.jpg 768w, https:\/\/dorogimedence.hu\/wp-content\/uploads\/2024\/08\/lieber-03-1536x692.jpg 1536w, https:\/\/dorogimedence.hu\/wp-content\/uploads\/2024\/08\/lieber-03-150x68.jpg 150w, https:\/\/dorogimedence.hu\/wp-content\/uploads\/2024\/08\/lieber-03-450x203.jpg 450w, https:\/\/dorogimedence.hu\/wp-content\/uploads\/2024\/08\/lieber-03-1200x541.jpg 1200w\" sizes=\"(max-width: 1920px) 100vw, 1920px\" \/><figcaption id=\"caption-attachment-63835\" class=\"wp-caption-text\">A Russel-gleccser perem\u00e9n. Gr\u00f6nland belf\u00f6ldi j\u00e9gtakar\u00f3j\u00e1nak vastags\u00e1ga 1500-3000 m\u00e9ter is lehet! A m\u00e9ly hasad\u00e9kokkal szabdalt j\u00e9gfelsz\u00ednnek biztos\u00edt\u00f3eszk\u00f6z\u00f6k n\u00e9lk\u00fcl csup\u00e1n a sz\u00e9l\u00e9re mer\u00e9szkedhet\u00fcnk.<\/figcaption><\/figure>\n<p>A BEBTE vezet\u0151je sz\u00e1mos \u00e9rdekess\u00e9get el\u00e1rult lapunknak, mint p\u00e9ld\u00e1ul, hogy a Gr\u00f6nlandon csak a nyugati parti s\u00e1vban vannak telep\u00fcl\u00e9sek, aut\u00f3val j\u00e1rhat\u00f3 utak csak a telep\u00fcl\u00e9seken l\u00e9teznek, \u00edgy kiz\u00e1r\u00f3lag haj\u00f3val \u00e9s rep\u00fcl\u0151vel lehet eljutni egyik helyr\u0151l a m\u00e1sikra. Ottj\u00e1rtukkor az id\u0151j\u00e1r\u00e1s annak ellen\u00e9re is kegyes volt hozz\u00e1juk, hogy a ny\u00e1r igen v\u00e1ltoz\u00e9kony a szigeten. Volt, hogy gy\u00f6ny\u00f6r\u0171 naps\u00fct\u00e9sben t\u00far\u00e1ztak, de p\u00e9ld\u00e1ul a der\u00fclt id\u0151ben is meg\u00e9rezt\u00e9k a hideg szeleket, amelyek a majd 2 milli\u00f3 n\u00e9gyzetkilom\u00e9rt bor\u00edt\u00f3 j\u00e9gtakar\u00f3 fel\u0151l \u00e9rkeztek. <em>\u2013 Olyan \u00e9rz\u00e9s ez, mint ha magunkra nyitn\u00e1nk egy h\u0171t\u0151h\u00e1z ajtaj\u00e1t<\/em> \u2013 mondta. Arra viszont tal\u00e1n \u0151k sem gondoltak, hogy olyan sz\u00fanyoginv\u00e1zi\u00f3val tal\u00e1lkozhatnak ott, mint itthon, a j\u00faniusi dunai \u00e1rhull\u00e1m ut\u00e1n\u2026<\/p>\n<p>Lieber Tam\u00e1s megosztotta k\u00f6vet\u0151ivel egy bolti \u00e9lm\u00e9ny\u00e9t is. Sisimiut telep\u00fcl\u00e9sen bet\u00e9rt egy SPAR-ba, ami ink\u00e1bb egy klasszikus vid\u00e9ki \u00fczletre hajazott. Az alap\u00e9lelmiszereken t\u00fal a motorolajok mellett horg\u00e1sz- \u00e9s vad\u00e1sz kell\u00e9kekig mindent be lehetett ott szerezni. Egy\u00e9bk\u00e9nt felejthetetlen pillanatokban nem volt hi\u00e1ny, a b\u00e1lnaszafari \u00e9s az \u00fasz\u00f3 j\u00e9ghegyek l\u00e1tv\u00e1nya \u00f6r\u00f6kre be\u00edr\u00f3dott az eml\u00e9kezet\u00fckbe. P\u00e9ld\u00e1ul hossz\u00fasz\u00e1rny\u00fa b\u00e1ln\u00e1t is l\u00e1thattak.<\/p>\n<figure id=\"attachment_63836\" aria-describedby=\"caption-attachment-63836\" style=\"width: 1920px\" class=\"wp-caption alignnone\"><img decoding=\"async\" class=\"size-full wp-image-63836\" src=\"https:\/\/dorogimedence.hu\/wp-content\/uploads\/2024\/08\/lieber-04.jpg\" alt=\"\" width=\"1920\" height=\"970\" srcset=\"https:\/\/dorogimedence.hu\/wp-content\/uploads\/2024\/08\/lieber-04.jpg 1920w, https:\/\/dorogimedence.hu\/wp-content\/uploads\/2024\/08\/lieber-04-600x303.jpg 600w, https:\/\/dorogimedence.hu\/wp-content\/uploads\/2024\/08\/lieber-04-768x388.jpg 768w, https:\/\/dorogimedence.hu\/wp-content\/uploads\/2024\/08\/lieber-04-1536x776.jpg 1536w, https:\/\/dorogimedence.hu\/wp-content\/uploads\/2024\/08\/lieber-04-150x76.jpg 150w, https:\/\/dorogimedence.hu\/wp-content\/uploads\/2024\/08\/lieber-04-450x227.jpg 450w, https:\/\/dorogimedence.hu\/wp-content\/uploads\/2024\/08\/lieber-04-1200x606.jpg 1200w\" sizes=\"(max-width: 1920px) 100vw, 1920px\" \/><figcaption id=\"caption-attachment-63836\" class=\"wp-caption-text\">Az \u00fagynevezett Lebeg\u0151-t\u00f3 a Fer\u00f6er-szigetek legl\u00e1togatottabb k\u00e9pz\u0151dm\u00e9nyeinek egyike. A sziklaszirt innens\u0151 oldal\u00e1n az Atlanti-\u00f3ce\u00e1n vize h\u00e1borog.<\/figcaption><\/figure>\n<p>Gr\u00f6nland ut\u00e1n k\u00f6vetkezett Fer\u00f6er-szigetek, ami \u201emisztikuss\u00e1ga\u201d miatt m\u00e1r puszt\u00e1n az elhelyezked\u00e9se miatt felkelti az utaz\u00f3k \u00e9rdekl\u0151d\u00e9s\u00e9t. Lieber Tam\u00e1s \u00e9s t\u00e1rsai felkerest\u00e9k a vulkanikus szigetcsoport egyik legr\u00e9gebben lakott telep\u00fcl\u00e9s\u00e9t, Tj\u00f8rnuv\u00edkot, ahol jelenleg nagyj\u00e1b\u00f3l hetvenen \u00e9lnek.<\/p>\n<p>A v\u00e9gel\u00e1thatatlan z\u00f6ld mez\u0151k, a hegyek, \u00e9s a szikl\u00e1kat k\u00f6r\u00fclvev\u0151 \u201ezord\u201d tenger alapj\u00e1n ak\u00e1r bar\u00e1ts\u00e1gtalannak is v\u00e9lhetn\u00e9nk a ter\u00fcletet. Bizony, az\u00e9rt magyar embernek furcsa ez a hely, de ahogy Gr\u00f6nlandon, \u00fagy itt is alkalmazkodni lehet a k\u00f6r\u00fclm\u00e9nyekhez.<\/p>\n<p>Lieber Tam\u00e1s\u00e9k v\u00edzes\u00e9seket is felkerestek, sz\u00e1mos cs\u00facsot megm\u00e1sztak, s\u0151t Kalsoy sziget\u00e9n lund\u00e1kat \u00e9s m\u00e1r egy\u00e9b fajokat is siker\u00fclt meg\u00f6r\u00f6k\u00edteni\u00fck. Az \u00fagynevezett \u201eLebeg\u0151-t\u00f3\u201d \u00e9s James Bond s\u00edrj\u00e1n\u00e1l nem <em>(az utols\u00f3 filmj\u00e9ben Kalsoy sziget\u00e9n forgatt\u00e1k az omin\u00f3zus jelentet, amelyben meghalt a f\u0151h\u0151s, ennek pedig eml\u00e9ket \u00e1ll\u00edtott a szigetorsz\u00e1g korm\u00e1nya)<\/em> hi\u00e1nyozhatott a programok k\u00f6z\u00fcl, ami Fer\u00f6er-szigetek egyik kiemelked\u0151 l\u00e1tv\u00e1nyoss\u00e1ga. No de besz\u00e9ljenek ink\u00e1bb a k\u00e9pek, melyek ak\u00e1r minket is egy kellemes utaz\u00e1sra sarkallhatnak.<\/p>\n<p>Lieber Tam\u00e1s besz\u00e1mol\u00f3i a t\u00far\u00e1kr\u00f3l <a href=\"https:\/\/bebte.hu\/barlangkutato-es-termeszetvedelmi-egyes%C3%BClet\/expedicios-turak\/\" target=\"_blank\" rel=\"noopener\"><span style=\"text-decoration: underline; color: #0000ff;\">ide kattintva<\/span><\/a> tekinthet\u0151k meg! Szeptember 26-\u00e1n, cs\u00fct\u00f6rt\u00f6k\u00f6n 18 \u00f3r\u00e1t\u00f3l pedig a dorogi m\u0171vel\u0151d\u00e9si h\u00e1zban tart vet\u00edtettk\u00e9pes el\u0151ad\u00e1st. <a href=\"https:\/\/www.facebook.com\/events\/456151144011062\/\" target=\"_blank\" rel=\"noopener\"><span style=\"text-decoration: underline; color: #0000ff;\">Facebook esem\u00e9ny&gt;&gt;<\/span><\/a><\/p>\n<figure id=\"attachment_63837\" aria-describedby=\"caption-attachment-63837\" style=\"width: 1920px\" class=\"wp-caption alignnone\"><img loading=\"lazy\" decoding=\"async\" class=\"size-full wp-image-63837\" src=\"https:\/\/dorogimedence.hu\/wp-content\/uploads\/2024\/08\/lieber-05.jpg\" alt=\"\" width=\"1920\" height=\"865\" srcset=\"https:\/\/dorogimedence.hu\/wp-content\/uploads\/2024\/08\/lieber-05.jpg 1920w, https:\/\/dorogimedence.hu\/wp-content\/uploads\/2024\/08\/lieber-05-600x270.jpg 600w, https:\/\/dorogimedence.hu\/wp-content\/uploads\/2024\/08\/lieber-05-768x346.jpg 768w, https:\/\/dorogimedence.hu\/wp-content\/uploads\/2024\/08\/lieber-05-1536x692.jpg 1536w, https:\/\/dorogimedence.hu\/wp-content\/uploads\/2024\/08\/lieber-05-150x68.jpg 150w, https:\/\/dorogimedence.hu\/wp-content\/uploads\/2024\/08\/lieber-05-450x203.jpg 450w, https:\/\/dorogimedence.hu\/wp-content\/uploads\/2024\/08\/lieber-05-1200x541.jpg 1200w\" sizes=\"(max-width: 1920px) 100vw, 1920px\" \/><figcaption id=\"caption-attachment-63837\" class=\"wp-caption-text\">A fer\u00f6eri Vi\u00f0oy-sziget leg\u00e9szakibb pontj\u00e1n, a Nakkurin-cs\u00facs k\u00f6zel\u00e9ben, k\u00f6r\u00fclbel\u00fcl 700 m\u00e9teres magass\u00e1gban.<\/figcaption><\/figure>\n","protected":false},"excerpt":{"rendered":"<p>A \u201enev\u00e9ben\u201d z\u00f6ld \u00e9s egy \u201eval\u00f3di\u201d z\u00f6ld sziget, pontosabban szigetek felfedez\u00e9se felejthetetlen \u00e9lm\u00e9nnyel szolg\u00e1lhat minden kalandor sz\u00e1m\u00e1ra. Lieber Tam\u00e1s tartalmas utaz\u00e1s keret\u00e9ben j\u00e1rta be D\u00e9lnyugat-Gr\u00f6nlandot \u00e9s a Fer\u00f6er-szigeteket. Besz\u00e1mol\u00f3. Mi a k\u00f6z\u00f6s T\u00e1dzsikiszt\u00e1nban, Norv\u00e9gi\u00e1ban \u00e9s a Gr\u00f6nlandban? L\u00e1tsz\u00f3lag semmi, de ha k\u00f6vetj\u00fck Lieber Tam\u00e1snak, a Benedek Endre Barlangkutat\u00f3 \u00e9s Term\u00e9szetv\u00e9delmi Egyes\u00fclet (BEBTE) eln\u00f6k\u00e9nek besz\u00e1mol\u00f3it, akkor<\/p>\n","protected":false},"author":1,"featured_media":63832,"comment_status":"closed","ping_status":"closed","sticky":false,"template":"","format":"standard","meta":{"ngg_post_thumbnail":0,"footnotes":""},"categories":[3,6948],"tags":[5624,3474,308],"class_list":{"0":"post-63831","1":"post","2":"type-post","3":"status-publish","4":"format-standard","5":"has-post-thumbnail","7":"category-hirek","8":"category-szines","9":"tag-featured","10":"tag-lieber-tamas","11":"tag-tura"},"yoast_head":"<!-- This site is optimized with the Yoast SEO plugin v27.4 - https:\/\/yoast.com\/product\/yoast-seo-wordpress\/ -->\n<title>\u00c9szaki kalandok<\/title>\n<meta name=\"robots\" content=\"index, follow, max-snippet:-1, max-image-preview:large, max-video-preview:-1\" \/>\n<link rel=\"canonical\" href=\"https:\/\/dorogimedence.hu\/index.php\/2024\/08\/02\/eszaki-kalandok\/\" class=\"yoast-seo-meta-tag\" \/>\n<meta property=\"og:locale\" content=\"hu_HU\" class=\"yoast-seo-meta-tag\" \/>\n<meta property=\"og:type\" content=\"article\" class=\"yoast-seo-meta-tag\" \/>\n<meta property=\"og:title\" content=\"\u00c9szaki kalandok\" class=\"yoast-seo-meta-tag\" \/>\n<meta property=\"og:description\" content=\"A \u201enev\u00e9ben\u201d z\u00f6ld \u00e9s egy \u201eval\u00f3di\u201d z\u00f6ld sziget, pontosabban szigetek felfedez\u00e9se felejthetetlen \u00e9lm\u00e9nnyel szolg\u00e1lhat minden kalandor sz\u00e1m\u00e1ra. Lieber Tam\u00e1s tartalmas utaz\u00e1s keret\u00e9ben j\u00e1rta be D\u00e9lnyugat-Gr\u00f6nlandot \u00e9s a Fer\u00f6er-szigeteket. Besz\u00e1mol\u00f3. Mi a k\u00f6z\u00f6s T\u00e1dzsikiszt\u00e1nban, Norv\u00e9gi\u00e1ban \u00e9s a Gr\u00f6nlandban? L\u00e1tsz\u00f3lag semmi, de ha k\u00f6vetj\u00fck Lieber Tam\u00e1snak, a Benedek Endre Barlangkutat\u00f3 \u00e9s Term\u00e9szetv\u00e9delmi Egyes\u00fclet (BEBTE) eln\u00f6k\u00e9nek besz\u00e1mol\u00f3it, akkor\" class=\"yoast-seo-meta-tag\" \/>\n<meta property=\"og:url\" content=\"https:\/\/dorogimedence.hu\/index.php\/2024\/08\/02\/eszaki-kalandok\/\" class=\"yoast-seo-meta-tag\" \/>\n<meta property=\"og:site_name\" content=\"Dorogi-medence Region\u00e1lis H\u00edrport\u00e1l\" class=\"yoast-seo-meta-tag\" \/>\n<meta property=\"article:publisher\" content=\"https:\/\/www.facebook.com\/dorogimedence\/\" class=\"yoast-seo-meta-tag\" \/>\n<meta property=\"article:published_time\" content=\"2024-08-02T14:59:53+00:00\" class=\"yoast-seo-meta-tag\" \/>\n<meta property=\"article:modified_time\" content=\"2024-08-03T11:51:13+00:00\" class=\"yoast-seo-meta-tag\" \/>\n<meta property=\"og:image\" content=\"https:\/\/dorogimedence.hu\/wp-content\/uploads\/2024\/08\/lieber-01.jpg\" class=\"yoast-seo-meta-tag\" \/>\n\t<meta property=\"og:image:width\" content=\"1920\" class=\"yoast-seo-meta-tag\" \/>\n\t<meta property=\"og:image:height\" content=\"865\" class=\"yoast-seo-meta-tag\" \/>\n\t<meta property=\"og:image:type\" content=\"image\/jpeg\" class=\"yoast-seo-meta-tag\" \/>\n<meta name=\"author\" content=\"dorogimedence.hu\" class=\"yoast-seo-meta-tag\" \/>\n<meta name=\"twitter:card\" content=\"summary_large_image\" class=\"yoast-seo-meta-tag\" \/>\n<meta name=\"twitter:label1\" content=\"Szerz\u0151:\" class=\"yoast-seo-meta-tag\" \/>\n\t<meta name=\"twitter:data1\" content=\"dorogimedence.hu\" class=\"yoast-seo-meta-tag\" \/>\n\t<meta name=\"twitter:label2\" content=\"Becs\u00fclt olvas\u00e1si id\u0151\" class=\"yoast-seo-meta-tag\" \/>\n\t<meta name=\"twitter:data2\" content=\"5 perc\" class=\"yoast-seo-meta-tag\" \/>\n<script type=\"application\/ld+json\" class=\"yoast-schema-graph\">{\"@context\":\"https:\\\/\\\/schema.org\",\"@graph\":[{\"@type\":\"Article\",\"@id\":\"https:\\\/\\\/dorogimedence.hu\\\/index.php\\\/2024\\\/08\\\/02\\\/eszaki-kalandok\\\/#article\",\"isPartOf\":{\"@id\":\"https:\\\/\\\/dorogimedence.hu\\\/index.php\\\/2024\\\/08\\\/02\\\/eszaki-kalandok\\\/\"},\"author\":{\"name\":\"dorogimedence.hu\",\"@id\":\"https:\\\/\\\/dorogimedence.hu\\\/#\\\/schema\\\/person\\\/ce6091eeb7e95ecdc87890d6aa8e0fd4\"},\"headline\":\"\u00c9szaki kalandok\",\"datePublished\":\"2024-08-02T14:59:53+00:00\",\"dateModified\":\"2024-08-03T11:51:13+00:00\",\"mainEntityOfPage\":{\"@id\":\"https:\\\/\\\/dorogimedence.hu\\\/index.php\\\/2024\\\/08\\\/02\\\/eszaki-kalandok\\\/\"},\"wordCount\":1005,\"publisher\":{\"@id\":\"https:\\\/\\\/dorogimedence.hu\\\/#organization\"},\"image\":{\"@id\":\"https:\\\/\\\/dorogimedence.hu\\\/index.php\\\/2024\\\/08\\\/02\\\/eszaki-kalandok\\\/#primaryimage\"},\"thumbnailUrl\":\"https:\\\/\\\/dorogimedence.hu\\\/wp-content\\\/uploads\\\/2024\\\/08\\\/lieber-01.jpg\",\"keywords\":[\"featured\",\"Lieber Tam\u00e1s\",\"t\u00fara\"],\"articleSection\":[\"H\u00edrek\",\"Sz\u00ednes\"],\"inLanguage\":\"hu\"},{\"@type\":\"WebPage\",\"@id\":\"https:\\\/\\\/dorogimedence.hu\\\/index.php\\\/2024\\\/08\\\/02\\\/eszaki-kalandok\\\/\",\"url\":\"https:\\\/\\\/dorogimedence.hu\\\/index.php\\\/2024\\\/08\\\/02\\\/eszaki-kalandok\\\/\",\"name\":\"\u00c9szaki kalandok\",\"isPartOf\":{\"@id\":\"https:\\\/\\\/dorogimedence.hu\\\/#website\"},\"primaryImageOfPage\":{\"@id\":\"https:\\\/\\\/dorogimedence.hu\\\/index.php\\\/2024\\\/08\\\/02\\\/eszaki-kalandok\\\/#primaryimage\"},\"image\":{\"@id\":\"https:\\\/\\\/dorogimedence.hu\\\/index.php\\\/2024\\\/08\\\/02\\\/eszaki-kalandok\\\/#primaryimage\"},\"thumbnailUrl\":\"https:\\\/\\\/dorogimedence.hu\\\/wp-content\\\/uploads\\\/2024\\\/08\\\/lieber-01.jpg\",\"datePublished\":\"2024-08-02T14:59:53+00:00\",\"dateModified\":\"2024-08-03T11:51:13+00:00\",\"breadcrumb\":{\"@id\":\"https:\\\/\\\/dorogimedence.hu\\\/index.php\\\/2024\\\/08\\\/02\\\/eszaki-kalandok\\\/#breadcrumb\"},\"inLanguage\":\"hu\",\"potentialAction\":[{\"@type\":\"ReadAction\",\"target\":[\"https:\\\/\\\/dorogimedence.hu\\\/index.php\\\/2024\\\/08\\\/02\\\/eszaki-kalandok\\\/\"]}]},{\"@type\":\"ImageObject\",\"inLanguage\":\"hu\",\"@id\":\"https:\\\/\\\/dorogimedence.hu\\\/index.php\\\/2024\\\/08\\\/02\\\/eszaki-kalandok\\\/#primaryimage\",\"url\":\"https:\\\/\\\/dorogimedence.hu\\\/wp-content\\\/uploads\\\/2024\\\/08\\\/lieber-01.jpg\",\"contentUrl\":\"https:\\\/\\\/dorogimedence.hu\\\/wp-content\\\/uploads\\\/2024\\\/08\\\/lieber-01.jpg\",\"width\":1920,\"height\":865,\"caption\":\"Az Ilulissat-j\u00e9gfjord \u00e9vente 1400 kisebb-nagyobb j\u00e9ghegyet k\u00fcld ki az Atlanti-\u00f3ce\u00e1nra\"},{\"@type\":\"BreadcrumbList\",\"@id\":\"https:\\\/\\\/dorogimedence.hu\\\/index.php\\\/2024\\\/08\\\/02\\\/eszaki-kalandok\\\/#breadcrumb\",\"itemListElement\":[{\"@type\":\"ListItem\",\"position\":1,\"name\":\"Kezd\u0151lap\",\"item\":\"https:\\\/\\\/dorogimedence.hu\\\/\"},{\"@type\":\"ListItem\",\"position\":2,\"name\":\"\u00c9szaki kalandok\"}]},{\"@type\":\"WebSite\",\"@id\":\"https:\\\/\\\/dorogimedence.hu\\\/#website\",\"url\":\"https:\\\/\\\/dorogimedence.hu\\\/\",\"name\":\"Dorogi-medence Region\u00e1lis H\u00edrport\u00e1l\",\"description\":\"Dorog, Keszt\u00f6lc, Le\u00e1nyv\u00e1r, Piliscs\u00e9v, Tokod, Tokodalt\u00e1r\u00f3, Csolnok, Esztergom-kertv\u00e1ros: h\u00edrek, programok\",\"publisher\":{\"@id\":\"https:\\\/\\\/dorogimedence.hu\\\/#organization\"},\"potentialAction\":[{\"@type\":\"SearchAction\",\"target\":{\"@type\":\"EntryPoint\",\"urlTemplate\":\"https:\\\/\\\/dorogimedence.hu\\\/?s={search_term_string}\"},\"query-input\":{\"@type\":\"PropertyValueSpecification\",\"valueRequired\":true,\"valueName\":\"search_term_string\"}}],\"inLanguage\":\"hu\"},{\"@type\":\"Organization\",\"@id\":\"https:\\\/\\\/dorogimedence.hu\\\/#organization\",\"name\":\"Dorogi-medence Region\u00e1lis H\u00edrport\u00e1l\",\"url\":\"https:\\\/\\\/dorogimedence.hu\\\/\",\"logo\":{\"@type\":\"ImageObject\",\"inLanguage\":\"hu\",\"@id\":\"https:\\\/\\\/dorogimedence.hu\\\/#\\\/schema\\\/logo\\\/image\\\/\",\"url\":\"https:\\\/\\\/dorogimedence.hu\\\/wp-content\\\/uploads\\\/2021\\\/04\\\/logo-feher-600.png\",\"contentUrl\":\"https:\\\/\\\/dorogimedence.hu\\\/wp-content\\\/uploads\\\/2021\\\/04\\\/logo-feher-600.png\",\"width\":600,\"height\":100,\"caption\":\"Dorogi-medence Region\u00e1lis H\u00edrport\u00e1l\"},\"image\":{\"@id\":\"https:\\\/\\\/dorogimedence.hu\\\/#\\\/schema\\\/logo\\\/image\\\/\"},\"sameAs\":[\"https:\\\/\\\/www.facebook.com\\\/dorogimedence\\\/\"]},{\"@type\":\"Person\",\"@id\":\"https:\\\/\\\/dorogimedence.hu\\\/#\\\/schema\\\/person\\\/ce6091eeb7e95ecdc87890d6aa8e0fd4\",\"name\":\"dorogimedence.hu\",\"image\":{\"@type\":\"ImageObject\",\"inLanguage\":\"hu\",\"@id\":\"\\\/\\\/www.gravatar.com\\\/avatar\\\/d8d45f8901aadff40a4af72c0b826f1d?s=96&#038;r=g&#038;d=mm\",\"url\":\"\\\/\\\/www.gravatar.com\\\/avatar\\\/d8d45f8901aadff40a4af72c0b826f1d?s=96&#038;r=g&#038;d=mm\",\"contentUrl\":\"\\\/\\\/www.gravatar.com\\\/avatar\\\/d8d45f8901aadff40a4af72c0b826f1d?s=96&#038;r=g&#038;d=mm\",\"caption\":\"dorogimedence.hu\"}}]}<\/script>\n<!-- \/ Yoast SEO plugin. -->","yoast_head_json":{"title":"\u00c9szaki kalandok","robots":{"index":"index","follow":"follow","max-snippet":"max-snippet:-1","max-image-preview":"max-image-preview:large","max-video-preview":"max-video-preview:-1"},"canonical":"https:\/\/dorogimedence.hu\/index.php\/2024\/08\/02\/eszaki-kalandok\/","og_locale":"hu_HU","og_type":"article","og_title":"\u00c9szaki kalandok","og_description":"A \u201enev\u00e9ben\u201d z\u00f6ld \u00e9s egy \u201eval\u00f3di\u201d z\u00f6ld sziget, pontosabban szigetek felfedez\u00e9se felejthetetlen \u00e9lm\u00e9nnyel szolg\u00e1lhat minden kalandor sz\u00e1m\u00e1ra. Lieber Tam\u00e1s tartalmas utaz\u00e1s keret\u00e9ben j\u00e1rta be D\u00e9lnyugat-Gr\u00f6nlandot \u00e9s a Fer\u00f6er-szigeteket. Besz\u00e1mol\u00f3. Mi a k\u00f6z\u00f6s T\u00e1dzsikiszt\u00e1nban, Norv\u00e9gi\u00e1ban \u00e9s a Gr\u00f6nlandban? L\u00e1tsz\u00f3lag semmi, de ha k\u00f6vetj\u00fck Lieber Tam\u00e1snak, a Benedek Endre Barlangkutat\u00f3 \u00e9s Term\u00e9szetv\u00e9delmi Egyes\u00fclet (BEBTE) eln\u00f6k\u00e9nek besz\u00e1mol\u00f3it, akkor","og_url":"https:\/\/dorogimedence.hu\/index.php\/2024\/08\/02\/eszaki-kalandok\/","og_site_name":"Dorogi-medence Region\u00e1lis H\u00edrport\u00e1l","article_publisher":"https:\/\/www.facebook.com\/dorogimedence\/","article_published_time":"2024-08-02T14:59:53+00:00","article_modified_time":"2024-08-03T11:51:13+00:00","og_image":[{"width":1920,"height":865,"url":"https:\/\/dorogimedence.hu\/wp-content\/uploads\/2024\/08\/lieber-01.jpg","type":"image\/jpeg"}],"author":"dorogimedence.hu","twitter_card":"summary_large_image","twitter_misc":{"Szerz\u0151:":"dorogimedence.hu","Becs\u00fclt olvas\u00e1si id\u0151":"5 perc"},"schema":{"@context":"https:\/\/schema.org","@graph":[{"@type":"Article","@id":"https:\/\/dorogimedence.hu\/index.php\/2024\/08\/02\/eszaki-kalandok\/#article","isPartOf":{"@id":"https:\/\/dorogimedence.hu\/index.php\/2024\/08\/02\/eszaki-kalandok\/"},"author":{"name":"dorogimedence.hu","@id":"https:\/\/dorogimedence.hu\/#\/schema\/person\/ce6091eeb7e95ecdc87890d6aa8e0fd4"},"headline":"\u00c9szaki kalandok","datePublished":"2024-08-02T14:59:53+00:00","dateModified":"2024-08-03T11:51:13+00:00","mainEntityOfPage":{"@id":"https:\/\/dorogimedence.hu\/index.php\/2024\/08\/02\/eszaki-kalandok\/"},"wordCount":1005,"publisher":{"@id":"https:\/\/dorogimedence.hu\/#organization"},"image":{"@id":"https:\/\/dorogimedence.hu\/index.php\/2024\/08\/02\/eszaki-kalandok\/#primaryimage"},"thumbnailUrl":"https:\/\/dorogimedence.hu\/wp-content\/uploads\/2024\/08\/lieber-01.jpg","keywords":["featured","Lieber Tam\u00e1s","t\u00fara"],"articleSection":["H\u00edrek","Sz\u00ednes"],"inLanguage":"hu"},{"@type":"WebPage","@id":"https:\/\/dorogimedence.hu\/index.php\/2024\/08\/02\/eszaki-kalandok\/","url":"https:\/\/dorogimedence.hu\/index.php\/2024\/08\/02\/eszaki-kalandok\/","name":"\u00c9szaki kalandok","isPartOf":{"@id":"https:\/\/dorogimedence.hu\/#website"},"primaryImageOfPage":{"@id":"https:\/\/dorogimedence.hu\/index.php\/2024\/08\/02\/eszaki-kalandok\/#primaryimage"},"image":{"@id":"https:\/\/dorogimedence.hu\/index.php\/2024\/08\/02\/eszaki-kalandok\/#primaryimage"},"thumbnailUrl":"https:\/\/dorogimedence.hu\/wp-content\/uploads\/2024\/08\/lieber-01.jpg","datePublished":"2024-08-02T14:59:53+00:00","dateModified":"2024-08-03T11:51:13+00:00","breadcrumb":{"@id":"https:\/\/dorogimedence.hu\/index.php\/2024\/08\/02\/eszaki-kalandok\/#breadcrumb"},"inLanguage":"hu","potentialAction":[{"@type":"ReadAction","target":["https:\/\/dorogimedence.hu\/index.php\/2024\/08\/02\/eszaki-kalandok\/"]}]},{"@type":"ImageObject","inLanguage":"hu","@id":"https:\/\/dorogimedence.hu\/index.php\/2024\/08\/02\/eszaki-kalandok\/#primaryimage","url":"https:\/\/dorogimedence.hu\/wp-content\/uploads\/2024\/08\/lieber-01.jpg","contentUrl":"https:\/\/dorogimedence.hu\/wp-content\/uploads\/2024\/08\/lieber-01.jpg","width":1920,"height":865,"caption":"Az Ilulissat-j\u00e9gfjord \u00e9vente 1400 kisebb-nagyobb j\u00e9ghegyet k\u00fcld ki az Atlanti-\u00f3ce\u00e1nra"},{"@type":"BreadcrumbList","@id":"https:\/\/dorogimedence.hu\/index.php\/2024\/08\/02\/eszaki-kalandok\/#breadcrumb","itemListElement":[{"@type":"ListItem","position":1,"name":"Kezd\u0151lap","item":"https:\/\/dorogimedence.hu\/"},{"@type":"ListItem","position":2,"name":"\u00c9szaki kalandok"}]},{"@type":"WebSite","@id":"https:\/\/dorogimedence.hu\/#website","url":"https:\/\/dorogimedence.hu\/","name":"Dorogi-medence Region\u00e1lis H\u00edrport\u00e1l","description":"Dorog, Keszt\u00f6lc, Le\u00e1nyv\u00e1r, Piliscs\u00e9v, Tokod, Tokodalt\u00e1r\u00f3, Csolnok, Esztergom-kertv\u00e1ros: h\u00edrek, programok","publisher":{"@id":"https:\/\/dorogimedence.hu\/#organization"},"potentialAction":[{"@type":"SearchAction","target":{"@type":"EntryPoint","urlTemplate":"https:\/\/dorogimedence.hu\/?s={search_term_string}"},"query-input":{"@type":"PropertyValueSpecification","valueRequired":true,"valueName":"search_term_string"}}],"inLanguage":"hu"},{"@type":"Organization","@id":"https:\/\/dorogimedence.hu\/#organization","name":"Dorogi-medence Region\u00e1lis H\u00edrport\u00e1l","url":"https:\/\/dorogimedence.hu\/","logo":{"@type":"ImageObject","inLanguage":"hu","@id":"https:\/\/dorogimedence.hu\/#\/schema\/logo\/image\/","url":"https:\/\/dorogimedence.hu\/wp-content\/uploads\/2021\/04\/logo-feher-600.png","contentUrl":"https:\/\/dorogimedence.hu\/wp-content\/uploads\/2021\/04\/logo-feher-600.png","width":600,"height":100,"caption":"Dorogi-medence Region\u00e1lis H\u00edrport\u00e1l"},"image":{"@id":"https:\/\/dorogimedence.hu\/#\/schema\/logo\/image\/"},"sameAs":["https:\/\/www.facebook.com\/dorogimedence\/"]},{"@type":"Person","@id":"https:\/\/dorogimedence.hu\/#\/schema\/person\/ce6091eeb7e95ecdc87890d6aa8e0fd4","name":"dorogimedence.hu","image":{"@type":"ImageObject","inLanguage":"hu","@id":"\/\/www.gravatar.com\/avatar\/d8d45f8901aadff40a4af72c0b826f1d?s=96&#038;r=g&#038;d=mm","url":"\/\/www.gravatar.com\/avatar\/d8d45f8901aadff40a4af72c0b826f1d?s=96&#038;r=g&#038;d=mm","contentUrl":"\/\/www.gravatar.com\/avatar\/d8d45f8901aadff40a4af72c0b826f1d?s=96&#038;r=g&#038;d=mm","caption":"dorogimedence.hu"}}]}},"_links":{"self":[{"href":"https:\/\/dorogimedence.hu\/index.php\/wp-json\/wp\/v2\/posts\/63831","targetHints":{"allow":["GET"]}}],"collection":[{"href":"https:\/\/dorogimedence.hu\/index.php\/wp-json\/wp\/v2\/posts"}],"about":[{"href":"https:\/\/dorogimedence.hu\/index.php\/wp-json\/wp\/v2\/types\/post"}],"author":[{"embeddable":true,"href":"https:\/\/dorogimedence.hu\/index.php\/wp-json\/wp\/v2\/users\/1"}],"replies":[{"embeddable":true,"href":"https:\/\/dorogimedence.hu\/index.php\/wp-json\/wp\/v2\/comments?post=63831"}],"version-history":[{"count":0,"href":"https:\/\/dorogimedence.hu\/index.php\/wp-json\/wp\/v2\/posts\/63831\/revisions"}],"wp:featuredmedia":[{"embeddable":true,"href":"https:\/\/dorogimedence.hu\/index.php\/wp-json\/wp\/v2\/media\/63832"}],"wp:attachment":[{"href":"https:\/\/dorogimedence.hu\/index.php\/wp-json\/wp\/v2\/media?parent=63831"}],"wp:term":[{"taxonomy":"category","embeddable":true,"href":"https:\/\/dorogimedence.hu\/index.php\/wp-json\/wp\/v2\/categories?post=63831"},{"taxonomy":"post_tag","embeddable":true,"href":"https:\/\/dorogimedence.hu\/index.php\/wp-json\/wp\/v2\/tags?post=63831"}],"curies":[{"name":"wp","href":"https:\/\/api.w.org\/{rel}","templated":true}]}}