{"id":63817,"date":"2024-08-02T15:57:13","date_gmt":"2024-08-02T13:57:13","guid":{"rendered":"https:\/\/dorogimedence.hu\/?p=63817"},"modified":"2024-08-02T15:57:13","modified_gmt":"2024-08-02T13:57:13","slug":"kerekparverseny-miatt-ideiglenes-forgalomkorlatozas-lesz-tersegunkben","status":"publish","type":"post","link":"https:\/\/dorogimedence.hu\/index.php\/2024\/08\/02\/kerekparverseny-miatt-ideiglenes-forgalomkorlatozas-lesz-tersegunkben\/","title":{"rendered":"Ker\u00e9kp\u00e1rverseny miatt ideiglenes forgalomkorl\u00e1toz\u00e1s lesz t\u00e9rs\u00e9g\u00fcnkben"},"content":{"rendered":"<div dir=\"auto\"><strong>A Brigetio Ker\u00e9kp\u00e1ros Sportegyes\u00fclet 2024. augusztus 4-\u00e9n, vas\u00e1rnap 9 \u00e9s 14 \u00f3ra k\u00f6z\u00f6tt rendezi meg a X. Brigetio Orsz\u00e1g\u00fati Mez\u0151nyversenyt. Az esem\u00e9ny ideje alatt ideiglenes forgalomkorl\u00e1toz\u00e1sra lehet sz\u00e1m\u00edtani P\u00e9lif\u00f6ldszentkereszt-Baj\u00f3t-Bajna-Nagys\u00e1p k\u00f6z\u00f6tt.<\/strong><\/div>\n<div dir=\"auto\">A verseny P\u00e9lif\u00f6ldszentkeresztr\u0151l indul, a ker\u00e9kp\u00e1rosok Baj\u00f3t ir\u00e1ny\u00e1ba kanyarodva indulnak el az 1124-es sz\u00e1m\u00fa \u00faton. Baj\u00f3t Pet\u0151fi S\u00e1ndor \u00fatr\u00f3l a Kossuth Lajos \u00fatra fordulnak, \u00e9s haladnak a 1125-\u00f6s sz\u00e1m\u00fa \u00faton Bajna fel\u00e9. Bajna hat\u00e1r\u00e1ban a Tatab\u00e1ny\u00e1t T\u00e1ttal \u00f6sszek\u00f6t\u0151 1119-es sz\u00e1m\u00fa \u00fatra T\u00e1t ir\u00e1ny\u00e1ba kanyarodnak, majd Nagys\u00e1p k\u00fclter\u00fclet\u00e9nek \u00e9rint\u00e9s\u00e9vel az 1119-es sz\u00e1m\u00fa \u00fatr\u00f3l P\u00e9lif\u00f6ldszentkereszt fel\u00e9 t\u00e9rnek le.<\/div>\n<div dir=\"auto\">A Kom\u00e1rom-Esztergom V\u00e1rmegyei Rend\u0151r-f\u0151kapit\u00e1nys\u00e1g k\u00e9ri, hogy a forgalomkorl\u00e1toz\u00e1sokat figyelembe v\u00e9ve, fokozott \u00f3vatoss\u00e1ggal k\u00f6zlekedjenek!<\/div>\n<div dir=\"auto\"><img fetchpriority=\"high\" decoding=\"async\" class=\"alignnone size-full wp-image-63818\" src=\"https:\/\/dorogimedence.hu\/wp-content\/uploads\/2024\/08\/forgalomkorlatozas.jpg\" alt=\"\" width=\"940\" height=\"788\" srcset=\"https:\/\/dorogimedence.hu\/wp-content\/uploads\/2024\/08\/forgalomkorlatozas.jpg 940w, https:\/\/dorogimedence.hu\/wp-content\/uploads\/2024\/08\/forgalomkorlatozas-600x503.jpg 600w, https:\/\/dorogimedence.hu\/wp-content\/uploads\/2024\/08\/forgalomkorlatozas-768x644.jpg 768w, https:\/\/dorogimedence.hu\/wp-content\/uploads\/2024\/08\/forgalomkorlatozas-150x126.jpg 150w, https:\/\/dorogimedence.hu\/wp-content\/uploads\/2024\/08\/forgalomkorlatozas-450x377.jpg 450w\" sizes=\"(max-width: 940px) 100vw, 940px\" \/><\/div>\n<div dir=\"auto\"><em>Forr\u00e1s: Kom\u00e1rom-Esztergom V\u00e1rmegyei Rend\u0151r-f\u0151kapit\u00e1nys\u00e1g<\/em><\/div>\n","protected":false},"excerpt":{"rendered":"<p>A Brigetio Ker\u00e9kp\u00e1ros Sportegyes\u00fclet 2024. augusztus 4-\u00e9n, vas\u00e1rnap 9 \u00e9s 14 \u00f3ra k\u00f6z\u00f6tt rendezi meg a X. Brigetio Orsz\u00e1g\u00fati Mez\u0151nyversenyt. Az esem\u00e9ny ideje alatt ideiglenes forgalomkorl\u00e1toz\u00e1sra lehet sz\u00e1m\u00edtani P\u00e9lif\u00f6ldszentkereszt-Baj\u00f3t-Bajna-Nagys\u00e1p k\u00f6z\u00f6tt. A verseny P\u00e9lif\u00f6ldszentkeresztr\u0151l indul, a ker\u00e9kp\u00e1rosok Baj\u00f3t ir\u00e1ny\u00e1ba kanyarodva indulnak el az 1124-es sz\u00e1m\u00fa \u00faton. Baj\u00f3t Pet\u0151fi S\u00e1ndor \u00fatr\u00f3l a Kossuth Lajos \u00fatra fordulnak, \u00e9s<\/p>\n","protected":false},"author":1,"featured_media":63819,"comment_status":"closed","ping_status":"closed","sticky":false,"template":"","format":"standard","meta":{"ngg_post_thumbnail":0,"footnotes":""},"categories":[3],"tags":[738,1240,61],"class_list":{"0":"post-63817","1":"post","2":"type-post","3":"status-publish","4":"format-standard","5":"has-post-thumbnail","7":"category-hirek","8":"tag-forgalomkorlatozas","9":"tag-kerekparverseny","10":"tag-rendorsegi-hirek"},"yoast_head":"<!-- This site is optimized with the Yoast SEO plugin v27.4 - https:\/\/yoast.com\/product\/yoast-seo-wordpress\/ -->\n<title>Ker\u00e9kp\u00e1rverseny miatt ideiglenes forgalomkorl\u00e1toz\u00e1s lesz t\u00e9rs\u00e9g\u00fcnkben<\/title>\n<meta name=\"robots\" content=\"index, follow, max-snippet:-1, max-image-preview:large, max-video-preview:-1\" \/>\n<link rel=\"canonical\" href=\"https:\/\/dorogimedence.hu\/index.php\/2024\/08\/02\/kerekparverseny-miatt-ideiglenes-forgalomkorlatozas-lesz-tersegunkben\/\" class=\"yoast-seo-meta-tag\" \/>\n<meta property=\"og:locale\" content=\"hu_HU\" class=\"yoast-seo-meta-tag\" \/>\n<meta property=\"og:type\" content=\"article\" class=\"yoast-seo-meta-tag\" \/>\n<meta property=\"og:title\" content=\"Ker\u00e9kp\u00e1rverseny miatt ideiglenes forgalomkorl\u00e1toz\u00e1s lesz t\u00e9rs\u00e9g\u00fcnkben\" class=\"yoast-seo-meta-tag\" \/>\n<meta property=\"og:description\" content=\"A Brigetio Ker\u00e9kp\u00e1ros Sportegyes\u00fclet 2024. augusztus 4-\u00e9n, vas\u00e1rnap 9 \u00e9s 14 \u00f3ra k\u00f6z\u00f6tt rendezi meg a X. Brigetio Orsz\u00e1g\u00fati Mez\u0151nyversenyt. Az esem\u00e9ny ideje alatt ideiglenes forgalomkorl\u00e1toz\u00e1sra lehet sz\u00e1m\u00edtani P\u00e9lif\u00f6ldszentkereszt-Baj\u00f3t-Bajna-Nagys\u00e1p k\u00f6z\u00f6tt. A verseny P\u00e9lif\u00f6ldszentkeresztr\u0151l indul, a ker\u00e9kp\u00e1rosok Baj\u00f3t ir\u00e1ny\u00e1ba kanyarodva indulnak el az 1124-es sz\u00e1m\u00fa \u00faton. Baj\u00f3t Pet\u0151fi S\u00e1ndor \u00fatr\u00f3l a Kossuth Lajos \u00fatra fordulnak, \u00e9s\" class=\"yoast-seo-meta-tag\" \/>\n<meta property=\"og:url\" content=\"https:\/\/dorogimedence.hu\/index.php\/2024\/08\/02\/kerekparverseny-miatt-ideiglenes-forgalomkorlatozas-lesz-tersegunkben\/\" class=\"yoast-seo-meta-tag\" \/>\n<meta property=\"og:site_name\" content=\"Dorogi-medence Region\u00e1lis H\u00edrport\u00e1l\" class=\"yoast-seo-meta-tag\" \/>\n<meta property=\"article:publisher\" content=\"https:\/\/www.facebook.com\/dorogimedence\/\" class=\"yoast-seo-meta-tag\" \/>\n<meta property=\"article:published_time\" content=\"2024-08-02T13:57:13+00:00\" class=\"yoast-seo-meta-tag\" \/>\n<meta property=\"og:image\" content=\"https:\/\/dorogimedence.hu\/wp-content\/uploads\/2024\/08\/brigetio.jpg\" class=\"yoast-seo-meta-tag\" \/>\n\t<meta property=\"og:image:width\" content=\"1920\" class=\"yoast-seo-meta-tag\" \/>\n\t<meta property=\"og:image:height\" content=\"970\" class=\"yoast-seo-meta-tag\" \/>\n\t<meta property=\"og:image:type\" content=\"image\/jpeg\" class=\"yoast-seo-meta-tag\" \/>\n<meta name=\"author\" content=\"dorogimedence.hu\" class=\"yoast-seo-meta-tag\" \/>\n<meta name=\"twitter:card\" content=\"summary_large_image\" class=\"yoast-seo-meta-tag\" \/>\n<meta name=\"twitter:label1\" content=\"Szerz\u0151:\" class=\"yoast-seo-meta-tag\" \/>\n\t<meta name=\"twitter:data1\" content=\"dorogimedence.hu\" class=\"yoast-seo-meta-tag\" \/>\n\t<meta name=\"twitter:label2\" content=\"Becs\u00fclt olvas\u00e1si id\u0151\" class=\"yoast-seo-meta-tag\" \/>\n\t<meta name=\"twitter:data2\" content=\"1 perc\" class=\"yoast-seo-meta-tag\" \/>\n<script type=\"application\/ld+json\" class=\"yoast-schema-graph\">{\"@context\":\"https:\\\/\\\/schema.org\",\"@graph\":[{\"@type\":\"Article\",\"@id\":\"https:\\\/\\\/dorogimedence.hu\\\/index.php\\\/2024\\\/08\\\/02\\\/kerekparverseny-miatt-ideiglenes-forgalomkorlatozas-lesz-tersegunkben\\\/#article\",\"isPartOf\":{\"@id\":\"https:\\\/\\\/dorogimedence.hu\\\/index.php\\\/2024\\\/08\\\/02\\\/kerekparverseny-miatt-ideiglenes-forgalomkorlatozas-lesz-tersegunkben\\\/\"},\"author\":{\"name\":\"dorogimedence.hu\",\"@id\":\"https:\\\/\\\/dorogimedence.hu\\\/#\\\/schema\\\/person\\\/ce6091eeb7e95ecdc87890d6aa8e0fd4\"},\"headline\":\"Ker\u00e9kp\u00e1rverseny miatt ideiglenes forgalomkorl\u00e1toz\u00e1s lesz t\u00e9rs\u00e9g\u00fcnkben\",\"datePublished\":\"2024-08-02T13:57:13+00:00\",\"mainEntityOfPage\":{\"@id\":\"https:\\\/\\\/dorogimedence.hu\\\/index.php\\\/2024\\\/08\\\/02\\\/kerekparverseny-miatt-ideiglenes-forgalomkorlatozas-lesz-tersegunkben\\\/\"},\"wordCount\":189,\"publisher\":{\"@id\":\"https:\\\/\\\/dorogimedence.hu\\\/#organization\"},\"image\":{\"@id\":\"https:\\\/\\\/dorogimedence.hu\\\/index.php\\\/2024\\\/08\\\/02\\\/kerekparverseny-miatt-ideiglenes-forgalomkorlatozas-lesz-tersegunkben\\\/#primaryimage\"},\"thumbnailUrl\":\"https:\\\/\\\/dorogimedence.hu\\\/wp-content\\\/uploads\\\/2024\\\/08\\\/brigetio.jpg\",\"keywords\":[\"forgalomkorl\u00e1toz\u00e1s\",\"ker\u00e9kp\u00e1rverseny\",\"rend\u0151rs\u00e9gi h\u00edrek\"],\"articleSection\":[\"H\u00edrek\"],\"inLanguage\":\"hu\"},{\"@type\":\"WebPage\",\"@id\":\"https:\\\/\\\/dorogimedence.hu\\\/index.php\\\/2024\\\/08\\\/02\\\/kerekparverseny-miatt-ideiglenes-forgalomkorlatozas-lesz-tersegunkben\\\/\",\"url\":\"https:\\\/\\\/dorogimedence.hu\\\/index.php\\\/2024\\\/08\\\/02\\\/kerekparverseny-miatt-ideiglenes-forgalomkorlatozas-lesz-tersegunkben\\\/\",\"name\":\"Ker\u00e9kp\u00e1rverseny miatt ideiglenes forgalomkorl\u00e1toz\u00e1s lesz t\u00e9rs\u00e9g\u00fcnkben\",\"isPartOf\":{\"@id\":\"https:\\\/\\\/dorogimedence.hu\\\/#website\"},\"primaryImageOfPage\":{\"@id\":\"https:\\\/\\\/dorogimedence.hu\\\/index.php\\\/2024\\\/08\\\/02\\\/kerekparverseny-miatt-ideiglenes-forgalomkorlatozas-lesz-tersegunkben\\\/#primaryimage\"},\"image\":{\"@id\":\"https:\\\/\\\/dorogimedence.hu\\\/index.php\\\/2024\\\/08\\\/02\\\/kerekparverseny-miatt-ideiglenes-forgalomkorlatozas-lesz-tersegunkben\\\/#primaryimage\"},\"thumbnailUrl\":\"https:\\\/\\\/dorogimedence.hu\\\/wp-content\\\/uploads\\\/2024\\\/08\\\/brigetio.jpg\",\"datePublished\":\"2024-08-02T13:57:13+00:00\",\"breadcrumb\":{\"@id\":\"https:\\\/\\\/dorogimedence.hu\\\/index.php\\\/2024\\\/08\\\/02\\\/kerekparverseny-miatt-ideiglenes-forgalomkorlatozas-lesz-tersegunkben\\\/#breadcrumb\"},\"inLanguage\":\"hu\",\"potentialAction\":[{\"@type\":\"ReadAction\",\"target\":[\"https:\\\/\\\/dorogimedence.hu\\\/index.php\\\/2024\\\/08\\\/02\\\/kerekparverseny-miatt-ideiglenes-forgalomkorlatozas-lesz-tersegunkben\\\/\"]}]},{\"@type\":\"ImageObject\",\"inLanguage\":\"hu\",\"@id\":\"https:\\\/\\\/dorogimedence.hu\\\/index.php\\\/2024\\\/08\\\/02\\\/kerekparverseny-miatt-ideiglenes-forgalomkorlatozas-lesz-tersegunkben\\\/#primaryimage\",\"url\":\"https:\\\/\\\/dorogimedence.hu\\\/wp-content\\\/uploads\\\/2024\\\/08\\\/brigetio.jpg\",\"contentUrl\":\"https:\\\/\\\/dorogimedence.hu\\\/wp-content\\\/uploads\\\/2024\\\/08\\\/brigetio.jpg\",\"width\":1920,\"height\":970},{\"@type\":\"BreadcrumbList\",\"@id\":\"https:\\\/\\\/dorogimedence.hu\\\/index.php\\\/2024\\\/08\\\/02\\\/kerekparverseny-miatt-ideiglenes-forgalomkorlatozas-lesz-tersegunkben\\\/#breadcrumb\",\"itemListElement\":[{\"@type\":\"ListItem\",\"position\":1,\"name\":\"Kezd\u0151lap\",\"item\":\"https:\\\/\\\/dorogimedence.hu\\\/\"},{\"@type\":\"ListItem\",\"position\":2,\"name\":\"Ker\u00e9kp\u00e1rverseny miatt ideiglenes forgalomkorl\u00e1toz\u00e1s lesz t\u00e9rs\u00e9g\u00fcnkben\"}]},{\"@type\":\"WebSite\",\"@id\":\"https:\\\/\\\/dorogimedence.hu\\\/#website\",\"url\":\"https:\\\/\\\/dorogimedence.hu\\\/\",\"name\":\"Dorogi-medence Region\u00e1lis H\u00edrport\u00e1l\",\"description\":\"Dorog, Keszt\u00f6lc, Le\u00e1nyv\u00e1r, Piliscs\u00e9v, Tokod, Tokodalt\u00e1r\u00f3, Csolnok, Esztergom-kertv\u00e1ros: h\u00edrek, programok\",\"publisher\":{\"@id\":\"https:\\\/\\\/dorogimedence.hu\\\/#organization\"},\"potentialAction\":[{\"@type\":\"SearchAction\",\"target\":{\"@type\":\"EntryPoint\",\"urlTemplate\":\"https:\\\/\\\/dorogimedence.hu\\\/?s={search_term_string}\"},\"query-input\":{\"@type\":\"PropertyValueSpecification\",\"valueRequired\":true,\"valueName\":\"search_term_string\"}}],\"inLanguage\":\"hu\"},{\"@type\":\"Organization\",\"@id\":\"https:\\\/\\\/dorogimedence.hu\\\/#organization\",\"name\":\"Dorogi-medence Region\u00e1lis H\u00edrport\u00e1l\",\"url\":\"https:\\\/\\\/dorogimedence.hu\\\/\",\"logo\":{\"@type\":\"ImageObject\",\"inLanguage\":\"hu\",\"@id\":\"https:\\\/\\\/dorogimedence.hu\\\/#\\\/schema\\\/logo\\\/image\\\/\",\"url\":\"https:\\\/\\\/dorogimedence.hu\\\/wp-content\\\/uploads\\\/2021\\\/04\\\/logo-feher-600.png\",\"contentUrl\":\"https:\\\/\\\/dorogimedence.hu\\\/wp-content\\\/uploads\\\/2021\\\/04\\\/logo-feher-600.png\",\"width\":600,\"height\":100,\"caption\":\"Dorogi-medence Region\u00e1lis H\u00edrport\u00e1l\"},\"image\":{\"@id\":\"https:\\\/\\\/dorogimedence.hu\\\/#\\\/schema\\\/logo\\\/image\\\/\"},\"sameAs\":[\"https:\\\/\\\/www.facebook.com\\\/dorogimedence\\\/\"]},{\"@type\":\"Person\",\"@id\":\"https:\\\/\\\/dorogimedence.hu\\\/#\\\/schema\\\/person\\\/ce6091eeb7e95ecdc87890d6aa8e0fd4\",\"name\":\"dorogimedence.hu\",\"image\":{\"@type\":\"ImageObject\",\"inLanguage\":\"hu\",\"@id\":\"\\\/\\\/www.gravatar.com\\\/avatar\\\/d8d45f8901aadff40a4af72c0b826f1d?s=96&#038;r=g&#038;d=mm\",\"url\":\"\\\/\\\/www.gravatar.com\\\/avatar\\\/d8d45f8901aadff40a4af72c0b826f1d?s=96&#038;r=g&#038;d=mm\",\"contentUrl\":\"\\\/\\\/www.gravatar.com\\\/avatar\\\/d8d45f8901aadff40a4af72c0b826f1d?s=96&#038;r=g&#038;d=mm\",\"caption\":\"dorogimedence.hu\"}}]}<\/script>\n<!-- \/ Yoast SEO plugin. -->","yoast_head_json":{"title":"Ker\u00e9kp\u00e1rverseny miatt ideiglenes forgalomkorl\u00e1toz\u00e1s lesz t\u00e9rs\u00e9g\u00fcnkben","robots":{"index":"index","follow":"follow","max-snippet":"max-snippet:-1","max-image-preview":"max-image-preview:large","max-video-preview":"max-video-preview:-1"},"canonical":"https:\/\/dorogimedence.hu\/index.php\/2024\/08\/02\/kerekparverseny-miatt-ideiglenes-forgalomkorlatozas-lesz-tersegunkben\/","og_locale":"hu_HU","og_type":"article","og_title":"Ker\u00e9kp\u00e1rverseny miatt ideiglenes forgalomkorl\u00e1toz\u00e1s lesz t\u00e9rs\u00e9g\u00fcnkben","og_description":"A Brigetio Ker\u00e9kp\u00e1ros Sportegyes\u00fclet 2024. augusztus 4-\u00e9n, vas\u00e1rnap 9 \u00e9s 14 \u00f3ra k\u00f6z\u00f6tt rendezi meg a X. Brigetio Orsz\u00e1g\u00fati Mez\u0151nyversenyt. Az esem\u00e9ny ideje alatt ideiglenes forgalomkorl\u00e1toz\u00e1sra lehet sz\u00e1m\u00edtani P\u00e9lif\u00f6ldszentkereszt-Baj\u00f3t-Bajna-Nagys\u00e1p k\u00f6z\u00f6tt. A verseny P\u00e9lif\u00f6ldszentkeresztr\u0151l indul, a ker\u00e9kp\u00e1rosok Baj\u00f3t ir\u00e1ny\u00e1ba kanyarodva indulnak el az 1124-es sz\u00e1m\u00fa \u00faton. Baj\u00f3t Pet\u0151fi S\u00e1ndor \u00fatr\u00f3l a Kossuth Lajos \u00fatra fordulnak, \u00e9s","og_url":"https:\/\/dorogimedence.hu\/index.php\/2024\/08\/02\/kerekparverseny-miatt-ideiglenes-forgalomkorlatozas-lesz-tersegunkben\/","og_site_name":"Dorogi-medence Region\u00e1lis H\u00edrport\u00e1l","article_publisher":"https:\/\/www.facebook.com\/dorogimedence\/","article_published_time":"2024-08-02T13:57:13+00:00","og_image":[{"width":1920,"height":970,"url":"https:\/\/dorogimedence.hu\/wp-content\/uploads\/2024\/08\/brigetio.jpg","type":"image\/jpeg"}],"author":"dorogimedence.hu","twitter_card":"summary_large_image","twitter_misc":{"Szerz\u0151:":"dorogimedence.hu","Becs\u00fclt olvas\u00e1si id\u0151":"1 perc"},"schema":{"@context":"https:\/\/schema.org","@graph":[{"@type":"Article","@id":"https:\/\/dorogimedence.hu\/index.php\/2024\/08\/02\/kerekparverseny-miatt-ideiglenes-forgalomkorlatozas-lesz-tersegunkben\/#article","isPartOf":{"@id":"https:\/\/dorogimedence.hu\/index.php\/2024\/08\/02\/kerekparverseny-miatt-ideiglenes-forgalomkorlatozas-lesz-tersegunkben\/"},"author":{"name":"dorogimedence.hu","@id":"https:\/\/dorogimedence.hu\/#\/schema\/person\/ce6091eeb7e95ecdc87890d6aa8e0fd4"},"headline":"Ker\u00e9kp\u00e1rverseny miatt ideiglenes forgalomkorl\u00e1toz\u00e1s lesz t\u00e9rs\u00e9g\u00fcnkben","datePublished":"2024-08-02T13:57:13+00:00","mainEntityOfPage":{"@id":"https:\/\/dorogimedence.hu\/index.php\/2024\/08\/02\/kerekparverseny-miatt-ideiglenes-forgalomkorlatozas-lesz-tersegunkben\/"},"wordCount":189,"publisher":{"@id":"https:\/\/dorogimedence.hu\/#organization"},"image":{"@id":"https:\/\/dorogimedence.hu\/index.php\/2024\/08\/02\/kerekparverseny-miatt-ideiglenes-forgalomkorlatozas-lesz-tersegunkben\/#primaryimage"},"thumbnailUrl":"https:\/\/dorogimedence.hu\/wp-content\/uploads\/2024\/08\/brigetio.jpg","keywords":["forgalomkorl\u00e1toz\u00e1s","ker\u00e9kp\u00e1rverseny","rend\u0151rs\u00e9gi h\u00edrek"],"articleSection":["H\u00edrek"],"inLanguage":"hu"},{"@type":"WebPage","@id":"https:\/\/dorogimedence.hu\/index.php\/2024\/08\/02\/kerekparverseny-miatt-ideiglenes-forgalomkorlatozas-lesz-tersegunkben\/","url":"https:\/\/dorogimedence.hu\/index.php\/2024\/08\/02\/kerekparverseny-miatt-ideiglenes-forgalomkorlatozas-lesz-tersegunkben\/","name":"Ker\u00e9kp\u00e1rverseny miatt ideiglenes forgalomkorl\u00e1toz\u00e1s lesz t\u00e9rs\u00e9g\u00fcnkben","isPartOf":{"@id":"https:\/\/dorogimedence.hu\/#website"},"primaryImageOfPage":{"@id":"https:\/\/dorogimedence.hu\/index.php\/2024\/08\/02\/kerekparverseny-miatt-ideiglenes-forgalomkorlatozas-lesz-tersegunkben\/#primaryimage"},"image":{"@id":"https:\/\/dorogimedence.hu\/index.php\/2024\/08\/02\/kerekparverseny-miatt-ideiglenes-forgalomkorlatozas-lesz-tersegunkben\/#primaryimage"},"thumbnailUrl":"https:\/\/dorogimedence.hu\/wp-content\/uploads\/2024\/08\/brigetio.jpg","datePublished":"2024-08-02T13:57:13+00:00","breadcrumb":{"@id":"https:\/\/dorogimedence.hu\/index.php\/2024\/08\/02\/kerekparverseny-miatt-ideiglenes-forgalomkorlatozas-lesz-tersegunkben\/#breadcrumb"},"inLanguage":"hu","potentialAction":[{"@type":"ReadAction","target":["https:\/\/dorogimedence.hu\/index.php\/2024\/08\/02\/kerekparverseny-miatt-ideiglenes-forgalomkorlatozas-lesz-tersegunkben\/"]}]},{"@type":"ImageObject","inLanguage":"hu","@id":"https:\/\/dorogimedence.hu\/index.php\/2024\/08\/02\/kerekparverseny-miatt-ideiglenes-forgalomkorlatozas-lesz-tersegunkben\/#primaryimage","url":"https:\/\/dorogimedence.hu\/wp-content\/uploads\/2024\/08\/brigetio.jpg","contentUrl":"https:\/\/dorogimedence.hu\/wp-content\/uploads\/2024\/08\/brigetio.jpg","width":1920,"height":970},{"@type":"BreadcrumbList","@id":"https:\/\/dorogimedence.hu\/index.php\/2024\/08\/02\/kerekparverseny-miatt-ideiglenes-forgalomkorlatozas-lesz-tersegunkben\/#breadcrumb","itemListElement":[{"@type":"ListItem","position":1,"name":"Kezd\u0151lap","item":"https:\/\/dorogimedence.hu\/"},{"@type":"ListItem","position":2,"name":"Ker\u00e9kp\u00e1rverseny miatt ideiglenes forgalomkorl\u00e1toz\u00e1s lesz t\u00e9rs\u00e9g\u00fcnkben"}]},{"@type":"WebSite","@id":"https:\/\/dorogimedence.hu\/#website","url":"https:\/\/dorogimedence.hu\/","name":"Dorogi-medence Region\u00e1lis H\u00edrport\u00e1l","description":"Dorog, Keszt\u00f6lc, Le\u00e1nyv\u00e1r, Piliscs\u00e9v, Tokod, Tokodalt\u00e1r\u00f3, Csolnok, Esztergom-kertv\u00e1ros: h\u00edrek, programok","publisher":{"@id":"https:\/\/dorogimedence.hu\/#organization"},"potentialAction":[{"@type":"SearchAction","target":{"@type":"EntryPoint","urlTemplate":"https:\/\/dorogimedence.hu\/?s={search_term_string}"},"query-input":{"@type":"PropertyValueSpecification","valueRequired":true,"valueName":"search_term_string"}}],"inLanguage":"hu"},{"@type":"Organization","@id":"https:\/\/dorogimedence.hu\/#organization","name":"Dorogi-medence Region\u00e1lis H\u00edrport\u00e1l","url":"https:\/\/dorogimedence.hu\/","logo":{"@type":"ImageObject","inLanguage":"hu","@id":"https:\/\/dorogimedence.hu\/#\/schema\/logo\/image\/","url":"https:\/\/dorogimedence.hu\/wp-content\/uploads\/2021\/04\/logo-feher-600.png","contentUrl":"https:\/\/dorogimedence.hu\/wp-content\/uploads\/2021\/04\/logo-feher-600.png","width":600,"height":100,"caption":"Dorogi-medence Region\u00e1lis H\u00edrport\u00e1l"},"image":{"@id":"https:\/\/dorogimedence.hu\/#\/schema\/logo\/image\/"},"sameAs":["https:\/\/www.facebook.com\/dorogimedence\/"]},{"@type":"Person","@id":"https:\/\/dorogimedence.hu\/#\/schema\/person\/ce6091eeb7e95ecdc87890d6aa8e0fd4","name":"dorogimedence.hu","image":{"@type":"ImageObject","inLanguage":"hu","@id":"\/\/www.gravatar.com\/avatar\/d8d45f8901aadff40a4af72c0b826f1d?s=96&#038;r=g&#038;d=mm","url":"\/\/www.gravatar.com\/avatar\/d8d45f8901aadff40a4af72c0b826f1d?s=96&#038;r=g&#038;d=mm","contentUrl":"\/\/www.gravatar.com\/avatar\/d8d45f8901aadff40a4af72c0b826f1d?s=96&#038;r=g&#038;d=mm","caption":"dorogimedence.hu"}}]}},"_links":{"self":[{"href":"https:\/\/dorogimedence.hu\/index.php\/wp-json\/wp\/v2\/posts\/63817","targetHints":{"allow":["GET"]}}],"collection":[{"href":"https:\/\/dorogimedence.hu\/index.php\/wp-json\/wp\/v2\/posts"}],"about":[{"href":"https:\/\/dorogimedence.hu\/index.php\/wp-json\/wp\/v2\/types\/post"}],"author":[{"embeddable":true,"href":"https:\/\/dorogimedence.hu\/index.php\/wp-json\/wp\/v2\/users\/1"}],"replies":[{"embeddable":true,"href":"https:\/\/dorogimedence.hu\/index.php\/wp-json\/wp\/v2\/comments?post=63817"}],"version-history":[{"count":0,"href":"https:\/\/dorogimedence.hu\/index.php\/wp-json\/wp\/v2\/posts\/63817\/revisions"}],"wp:featuredmedia":[{"embeddable":true,"href":"https:\/\/dorogimedence.hu\/index.php\/wp-json\/wp\/v2\/media\/63819"}],"wp:attachment":[{"href":"https:\/\/dorogimedence.hu\/index.php\/wp-json\/wp\/v2\/media?parent=63817"}],"wp:term":[{"taxonomy":"category","embeddable":true,"href":"https:\/\/dorogimedence.hu\/index.php\/wp-json\/wp\/v2\/categories?post=63817"},{"taxonomy":"post_tag","embeddable":true,"href":"https:\/\/dorogimedence.hu\/index.php\/wp-json\/wp\/v2\/tags?post=63817"}],"curies":[{"name":"wp","href":"https:\/\/api.w.org\/{rel}","templated":true}]}}