{"id":63700,"date":"2024-08-03T09:16:22","date_gmt":"2024-08-03T07:16:22","guid":{"rendered":"https:\/\/dorogimedence.hu\/?p=63700"},"modified":"2025-04-02T17:20:51","modified_gmt":"2025-04-02T15:20:51","slug":"100-eve-nyilt-meg-a-korona-kavehaz-dorogon","status":"publish","type":"post","link":"https:\/\/dorogimedence.hu\/index.php\/2024\/08\/03\/100-eve-nyilt-meg-a-korona-kavehaz-dorogon\/","title":{"rendered":"100 \u00e9ve ny\u00edlt meg a Korona K\u00e1v\u00e9h\u00e1z Dorogon"},"content":{"rendered":"<p style=\"text-align: justify;\"><strong><em>Kerek egy \u00e9vsz\u00e1zada nyitotta meg kapuit Dorog \u00faj sz\u00ednfoltja, a Korona K\u00e1v\u00e9h\u00e1z, m\u00e9gpedig a telep\u00fcl\u00e9s legfrekvent\u00e1ltabb r\u00e9sz\u00e9n. Az eleg\u00e1ns szalon n\u00e9h\u00e1nyszor gazd\u00e1t cser\u00e9lt \u00e9s tov\u00e1bbi fejleszt\u00e9sre ker\u00fclt, id\u0151vel pedig el\u0151bb Eiler, majd Hoffmann Vend\u00e9gl\u0151 \u00e9s Fogad\u00f3 n\u00e9ven m\u0171k\u00f6d\u00f6tt. A p\u00e1rtrendszer \u00e9vtizedeiben T\u00e1rna \u00c9tterem \u00e9s Sz\u00e1lloda n\u00e9ven \u00fczemelt az ezeredfordul\u00f3 k\u00f6r\u00fcli megsz\u0171n\u00e9s\u00e9ig.\u00a0<\/em><\/strong><\/p>\n<p style=\"text-align: justify;\">Szinte egyid\u0151ben az egykori Puchner Vend\u00e9gl\u0151 megnyit\u00e1s\u00e1val, \u00fajabb n\u00edv\u00f3s vend\u00e9gl\u00e1t\u00f3ipari egys\u00e9ggel gazdagodott Dorog 1924 nyar\u00e1n. Ez\u00fattal egy eleg\u00e1ns \u00e9s minden ig\u00e9nyt kiel\u00e9g\u00edt\u0151 k\u00e1v\u00e9h\u00e1z ny\u00edlt a telep\u00fcl\u00e9s legjelent\u0151sebb forgalmi keresztez\u0151d\u00e9s\u00e9n\u00e9l, a B\u00e9csi \u00fat (akkoriban Pet\u0151fi \u00fat) &#8211; Esztergomi \u00fat &#8211; K\u00e1lv\u00e1ria \u00fat kisz\u00f6gel\u00e9s\u00e9ben, a B\u00e9csi \u00e9s K\u00e1lv\u00e1ria \u00fat bal oldali sark\u00e1n. Han\u00e1k K\u00e1roly \u00fczletember elhat\u00e1rozta, hogy az egyre v\u00e1rosiasod\u00f3 form\u00e1t mutat\u00f3 Dorogon megnyitja \u00fajdons\u00fclt v\u00e1llalkoz\u00e1sak\u00e9nt k\u00e1v\u00e9h\u00e1z\u00e1t. Han\u00e1k \u00far kor\u00e1bban az esztergomi szigeten m\u0171k\u00f6d\u00f6tt \u00c1rp\u00e1d-kert tulajdonosa volt. A meg\u00e1lmodott \u00e9s sikeresen kivitelezett k\u00e1v\u00e9z\u00f3 a Korona K\u00e1v\u00e9h\u00e1z nevet kapta.<\/p>\n<p><img fetchpriority=\"high\" decoding=\"async\" class=\"aligncenter wp-image-63705 size-full\" src=\"https:\/\/dorogimedence.hu\/wp-content\/uploads\/2024\/07\/Korona_1.jpg\" alt=\"\" width=\"2240\" height=\"1528\" srcset=\"https:\/\/dorogimedence.hu\/wp-content\/uploads\/2024\/07\/Korona_1.jpg 2240w, https:\/\/dorogimedence.hu\/wp-content\/uploads\/2024\/07\/Korona_1-600x409.jpg 600w, https:\/\/dorogimedence.hu\/wp-content\/uploads\/2024\/07\/Korona_1-1920x1310.jpg 1920w, https:\/\/dorogimedence.hu\/wp-content\/uploads\/2024\/07\/Korona_1-768x524.jpg 768w, https:\/\/dorogimedence.hu\/wp-content\/uploads\/2024\/07\/Korona_1-1536x1048.jpg 1536w, https:\/\/dorogimedence.hu\/wp-content\/uploads\/2024\/07\/Korona_1-2048x1397.jpg 2048w, https:\/\/dorogimedence.hu\/wp-content\/uploads\/2024\/07\/Korona_1-150x102.jpg 150w, https:\/\/dorogimedence.hu\/wp-content\/uploads\/2024\/07\/Korona_1-450x307.jpg 450w, https:\/\/dorogimedence.hu\/wp-content\/uploads\/2024\/07\/Korona_1-1200x819.jpg 1200w\" sizes=\"(max-width: 2240px) 100vw, 2240px\" \/><\/p>\n<p style=\"text-align: center;\"><span style=\"font-size: 10pt;\"><em>A megnyit\u00e1s beharangoz\u00f3ja az Esztergom \u00e9s Vid\u00e9ke \u00fajs\u00e1g 1924. augusztus 3-i sz\u00e1m\u00e1ban<\/em><\/span><\/p>\n<p style=\"text-align: justify;\">A szomsz\u00e9dos Esztergomban akkoriban m\u00e1r m\u0171k\u00f6d\u00f6tt ugyancsak Korona K\u00e1v\u00e9h\u00e1z n\u00e9ven egy igen n\u00e9pszer\u0171 vend\u00e9gl\u0151, m\u00e9gpedig a L\u0151rinc utc\u00e1ban l\u00e9v\u0151 B\u00e9rpalota Kis-Duna s\u00e9t\u00e1ny fel\u00f6li oldal\u00e1n, az \u00e9p\u00fcletegy\u00fcttes Botty\u00e1n h\u00edddal (akkoriban L\u0151rinc h\u00edd) szemk\u00f6zti sark\u00e1n. A n\u00e9vad\u00e1sban minden bizonnyal p\u00e9ld\u00e1val is szolg\u00e1lhatott a kir\u00e1lyv\u00e1rosi k\u00e1v\u00e9h\u00e1z elnevez\u00e9se is, azonban nagyban meghat\u00e1rozta a n\u00e9vv\u00e1laszt\u00e1st az akkori uralkod\u00f3 korszellem. N\u00e9h\u00e1ny \u00e9vvel a trianoni sokk ut\u00e1n az \u00f6sszeroppan\u00e1s \u00e9s az \u00f6sszn\u00e9pi m\u00e9ly gy\u00e1sz helyett a magyar nemzet b\u00fcszke daccal \u00e9s tettrek\u00e9szen v\u00e1laszolt. Hihetetlen er\u0151vel \u00e9s elsz\u00e1nts\u00e1ggal a talponmarad\u00e1s \u00e9s a t\u00fal\u00e9l\u00e9s v\u00e1gya jellemezte az orsz\u00e1g vezet\u00e9s\u00e9t \u00e9s lakoss\u00e1g\u00e1t.<\/p>\n<p><span style=\"font-size: 10pt;\"><em><img decoding=\"async\" class=\"wp-image-63713 size-full aligncenter\" src=\"https:\/\/dorogimedence.hu\/wp-content\/uploads\/2024\/07\/BUEK-Hanak.jpg\" alt=\"\" width=\"1750\" height=\"522\" srcset=\"https:\/\/dorogimedence.hu\/wp-content\/uploads\/2024\/07\/BUEK-Hanak.jpg 1750w, https:\/\/dorogimedence.hu\/wp-content\/uploads\/2024\/07\/BUEK-Hanak-600x179.jpg 600w, https:\/\/dorogimedence.hu\/wp-content\/uploads\/2024\/07\/BUEK-Hanak-768x229.jpg 768w, https:\/\/dorogimedence.hu\/wp-content\/uploads\/2024\/07\/BUEK-Hanak-1536x458.jpg 1536w, https:\/\/dorogimedence.hu\/wp-content\/uploads\/2024\/07\/BUEK-Hanak-150x45.jpg 150w, https:\/\/dorogimedence.hu\/wp-content\/uploads\/2024\/07\/BUEK-Hanak-450x134.jpg 450w, https:\/\/dorogimedence.hu\/wp-content\/uploads\/2024\/07\/BUEK-Hanak-1200x358.jpg 1200w\" sizes=\"(max-width: 1750px) 100vw, 1750px\" \/><\/em><\/span><\/p>\n<p style=\"text-align: center;\"><span style=\"font-size: 10pt;\"><em>Egy kedves gesztus Han\u00e1k \u00fart\u00f3l (Esztergom \u00e9s VId\u00e9ke, 1925. janu\u00e1r 1. sz\u00e1m)<\/em><\/span><\/p>\n<p style=\"text-align: justify;\">Ennek egyik alappillerek\u00e9nt a nemzettudat er\u0151s\u00f6d\u00e9s\u00e9t, elm\u00e9ly\u00fcl\u00e9s\u00e9t szorgalmazt\u00e1k \u00e9s b\u00fcszke magyar habitus hatotta \u00e1t a mindennapokat. A Szent Korona tisztelete \u00e9s szimbolikus tartalma, kifejez\u0151d\u00e9se miatt is igen n\u00e9pszer\u0171 lett a k\u00f6z\u00fcleti n\u00e9vad\u00e1s sor\u00e1n is. Esztergom \u00e9s Dorog viszonylat\u00e1ban k\u00fcl\u00f6n\u00f6s\u00f6en \u00e9rthet\u0151 is a szoros t\u00f6rt\u00e9nelmi \u00f6sszefon\u00f3d\u00e1s \u00e1ltali szerves kapcsol\u00f3d\u00e1s, hiszen Esztergom \u00e9s vonz\u00e1sk\u00f6rzete a kir\u00e1lyaink k\u00f6zpontja volt \u00e9vsz\u00e1zadokon \u00e1t. Ezen fel\u00fcl az I. J\u00f3zsef cs\u00e1sz\u00e1r \u00e1ltali rendelet v\u00e9gett a koron\u00e1nkat idegen f\u00f6ldre vitett\u00e9k \u00e9s amikor v\u00e9gre visszakaptuk, d\u00edszes pomp\u00e1val \u00e9rkezett haza. A hazat\u00e9r\u00e9se sor\u00e1n \u00fatja Dorogon \u00e1t vezetett \u00e9s t\u00f6bbek k\u00f6z\u00f6tt k\u00f6zvetlen\u00fcl elhaladt a leend\u0151 k\u00e1v\u00e9h\u00e1zn\u00e1l is.<\/p>\n<p><img decoding=\"async\" class=\"aligncenter wp-image-63707 size-full\" src=\"https:\/\/dorogimedence.hu\/wp-content\/uploads\/2024\/07\/Korona_3.jpg\" alt=\"\" width=\"2288\" height=\"1838\" srcset=\"https:\/\/dorogimedence.hu\/wp-content\/uploads\/2024\/07\/Korona_3.jpg 2288w, https:\/\/dorogimedence.hu\/wp-content\/uploads\/2024\/07\/Korona_3-600x482.jpg 600w, https:\/\/dorogimedence.hu\/wp-content\/uploads\/2024\/07\/Korona_3-1920x1542.jpg 1920w, https:\/\/dorogimedence.hu\/wp-content\/uploads\/2024\/07\/Korona_3-768x617.jpg 768w, https:\/\/dorogimedence.hu\/wp-content\/uploads\/2024\/07\/Korona_3-1536x1234.jpg 1536w, https:\/\/dorogimedence.hu\/wp-content\/uploads\/2024\/07\/Korona_3-2048x1645.jpg 2048w, https:\/\/dorogimedence.hu\/wp-content\/uploads\/2024\/07\/Korona_3-150x120.jpg 150w, https:\/\/dorogimedence.hu\/wp-content\/uploads\/2024\/07\/Korona_3-450x361.jpg 450w, https:\/\/dorogimedence.hu\/wp-content\/uploads\/2024\/07\/Korona_3-1200x964.jpg 1200w\" sizes=\"(max-width: 2288px) 100vw, 2288px\" \/><\/p>\n<p style=\"text-align: center;\"><span style=\"font-size: 10pt;\"><em>A tulajdonosv\u00e1lt\u00e1sr\u00f3l sz\u00f3l\u00f3 k\u00f6zlem\u00e9ny az Esztergom \u00e9s Vid\u00e9ke \u00fajs\u00e1g 1928. okt\u00f3ber 25.-i sz\u00e1m\u00e1ban<\/em><\/span><\/p>\n<p style=\"text-align: justify;\">A dorogi k\u00e1v\u00e9h\u00e1z els\u0151 eml\u00edtett \u00edr\u00e1sos dokumentuma 1924. augusztus 3-\u00e1n keltez\u0151d\u00f6tt. A megny\u00edlt szalon mindennel rendelkezett, amelyek a klasszikus k\u00e1v\u00e9h\u00e1zakat jellemzik. \u00cdzl\u00e9ses \u00e9s eleg\u00e1ns b\u00fatorzat, a thonet sz\u00e9kek \u00e9s a dekor\u00e1ci\u00f3 hamis\u00edthatatlan, egyben kellemes k\u00f6rnyezetet var\u00e1zsolt. Az igazi j\u00f3 pressz\u00f3 k\u00e1v\u00e9, tea- \u00e9s k\u00e1v\u00e9k\u00fcl\u00f6nlegess\u00e9gek, desszertek \u00e9s s\u00fctem\u00e9nyek mellett egy\u00e9b finoms\u00e1gokkal is v\u00e1rt\u00e1k a vend\u00e9geket. Ezen fel\u00fcl \u00e9l\u0151zene, vid\u00e1m el\u0151ad\u00e1sok f\u0171szerezt\u00e9k a m\u0171sort, tov\u00e1bb\u00e1 bili\u00e1rdasztal, olvas\u00f3, s k\u00e1rtya is a rendelkez\u00e9sre \u00e1llt. A Kaszin\u00f3 mellett megsz\u00fcletett Dorog m\u00e1sik elit k\u00f6z\u00f6ss\u00e9gi tere is, ahov\u00e1 nem csak az \u00e9rtelmis\u00e9gieket v\u00e1rt\u00e1k sz\u00edvesen, de nyitva \u00e1llt valamennyi t\u00e1rsadalmi r\u00e9teg el\u0151tt. Ezzel a telep\u00fcl\u00e9s belter\u00fcleti k\u00f6zpontj\u00e1ban kialakult egy er\u0151s vend\u00e9gl\u0151l\u00e1nc tengely. A B\u00e9csi \u00fat &#8211; Csolnoki \u00fat keresztez\u0151d\u00e9s\u00e9ben, a Puchner Vend\u00e9gl\u0151t\u0151l kezd\u0151d\u0151en a f\u0151teret jelent\u0151 Templom teret hat\u00e1rolva balr\u00f3l a Kaszin\u00f3n, jobbr\u00f3l pedig Nagyvend\u00e9gl\u0151n \u00e1t a B\u00e9csi \u00fat &#8211; K\u00e1lv\u00e1ria \u00fat keresztez\u0151d\u00e9sn\u00e9l l\u00e9v\u0151 Korona K\u00e1v\u00e9h\u00e1z z\u00e1rta a sort \u00e9s adta a szab\u00e1lyos keretet.<\/p>\n<p><img loading=\"lazy\" decoding=\"async\" class=\"aligncenter wp-image-63708 size-full\" src=\"https:\/\/dorogimedence.hu\/wp-content\/uploads\/2024\/07\/Korona_4.jpg\" alt=\"\" width=\"2262\" height=\"1926\" srcset=\"https:\/\/dorogimedence.hu\/wp-content\/uploads\/2024\/07\/Korona_4.jpg 2262w, https:\/\/dorogimedence.hu\/wp-content\/uploads\/2024\/07\/Korona_4-600x511.jpg 600w, https:\/\/dorogimedence.hu\/wp-content\/uploads\/2024\/07\/Korona_4-1920x1635.jpg 1920w, https:\/\/dorogimedence.hu\/wp-content\/uploads\/2024\/07\/Korona_4-768x654.jpg 768w, https:\/\/dorogimedence.hu\/wp-content\/uploads\/2024\/07\/Korona_4-1536x1308.jpg 1536w, https:\/\/dorogimedence.hu\/wp-content\/uploads\/2024\/07\/Korona_4-2048x1744.jpg 2048w, https:\/\/dorogimedence.hu\/wp-content\/uploads\/2024\/07\/Korona_4-150x128.jpg 150w, https:\/\/dorogimedence.hu\/wp-content\/uploads\/2024\/07\/Korona_4-450x383.jpg 450w, https:\/\/dorogimedence.hu\/wp-content\/uploads\/2024\/07\/Korona_4-1200x1022.jpg 1200w\" sizes=\"(max-width: 2262px) 100vw, 2262px\" \/><\/p>\n<p style=\"text-align: center;\"><span style=\"font-size: 10pt;\"><em>A k\u00e1v\u00e9h\u00e1z m\u00e1r az \u00faj b\u00e9rl\u0151 \u00e1ltal \u00fczemelt tov\u00e1bb (forr\u00e1s: Esztergom \u00e9s Vid\u00e9ke, 1928. november 11.-i sz\u00e1m)<\/em><\/span><\/p>\n<p style=\"text-align: justify;\">K\u00e9s\u0151bb a k\u00e1v\u00e9h\u00e1z Walitsch J\u00f3zsef tulajdon\u00e1ba ker\u00fclt, nem sokkal ut\u00e1na pedig Schmidt J\u00f3zsef\u00e9 lett. 1928-ban b\u00e9rl\u0151 jelentkezett, m\u00e9gpedig Bogn\u00e1r F\u00fcl\u00f6p szem\u00e9ly\u00e9ben, aki kor\u00e1bban Esztergom m\u00e1sik neves szalonj\u00e1nak, a K\u00f6zponti K\u00e1v\u00e9h\u00e1z\u00e1nak volt a f\u0151pinc\u00e9re. Bogn\u00e1r \u00far teljes \u00e1talak\u00edt\u00e1st is v\u00e9gzett, s az \u00e1ltala eszk\u00f6z\u00f6lt meg\u00fajul\u00e1s november 11-\u00e9n k\u00e9sz\u00fclt el. Az \u00fajdons\u00fclt b\u00e9rl\u0151 meglehet\u0151sen amb\u00edci\u00f3zus v\u00e1llalkoz\u00f3 volt \u00e9s igen j\u00f3l ment az \u00fczlet. Ennek megfelel\u0151en alig f\u00e9l \u00e9v eltelt\u00e9vel b\u0151v\u00edt\u00e9ssel \u00e9s tov\u00e1bbi fejleszt\u00e9ssel rukkolt el\u0151.<\/p>\n<p><img loading=\"lazy\" decoding=\"async\" class=\"aligncenter wp-image-63709 size-full\" src=\"https:\/\/dorogimedence.hu\/wp-content\/uploads\/2024\/07\/Korona_5.jpg\" alt=\"\" width=\"2129\" height=\"1969\" srcset=\"https:\/\/dorogimedence.hu\/wp-content\/uploads\/2024\/07\/Korona_5.jpg 2129w, https:\/\/dorogimedence.hu\/wp-content\/uploads\/2024\/07\/Korona_5-600x555.jpg 600w, https:\/\/dorogimedence.hu\/wp-content\/uploads\/2024\/07\/Korona_5-1920x1776.jpg 1920w, https:\/\/dorogimedence.hu\/wp-content\/uploads\/2024\/07\/Korona_5-768x710.jpg 768w, https:\/\/dorogimedence.hu\/wp-content\/uploads\/2024\/07\/Korona_5-1536x1421.jpg 1536w, https:\/\/dorogimedence.hu\/wp-content\/uploads\/2024\/07\/Korona_5-2048x1894.jpg 2048w, https:\/\/dorogimedence.hu\/wp-content\/uploads\/2024\/07\/Korona_5-150x139.jpg 150w, https:\/\/dorogimedence.hu\/wp-content\/uploads\/2024\/07\/Korona_5-450x416.jpg 450w, https:\/\/dorogimedence.hu\/wp-content\/uploads\/2024\/07\/Korona_5-1200x1110.jpg 1200w\" sizes=\"(max-width: 2129px) 100vw, 2129px\" \/><\/p>\n<p style=\"text-align: center;\"><span style=\"font-size: 10pt;\"><em>A szolg\u00e1ltat\u00e1s \u00e9s profil b\u0151v\u00fcl\u00e9s\u00e9r\u0151l sz\u00f3l\u00f3 inform\u00e1ci\u00f3 az Esztergom \u00e9s Vid\u00e9ke 1929. j\u00fanius 29.-i sz\u00e1m\u00e1ban<\/em><\/span><\/p>\n<p style=\"text-align: justify;\">1929 j\u00fanius v\u00e9g\u00e9n a k\u00e1v\u00e9h\u00e1zhoz kapcsol\u00f3dva sz\u00e1llod\u00e1t is nyitott az \u00e9p\u00fcletegy\u00fcttesben. A sz\u00e9prem\u00e9ny\u0171 \u00e9s k\u00f6zkedvelt k\u00e1v\u00e9h\u00e1z azonban \u00e1talakulni k\u00e9nyszer\u00fclt. Perd\u00f6nt\u0151 dokumentum, vagy forr\u00e1s sajnos nem \u00e1ll rendelkez\u00e9sre, de k\u00f6vetkeztetni lehet arra, hogy minden bizonnyal a nagy gazdas\u00e1gi vil\u00e1gv\u00e1ls\u00e1g \u00e9rz\u00e9kenyen \u00e9rinthette a k\u00e1v\u00e9z\u00f3 b\u00e9rl\u0151j\u00e9t, ugyanis a harmincas \u00e9vek els\u0151 fel\u00e9ben vette \u00e1t az \u00e9p\u00fcletet a t\u0151sgy\u00f6keres dorogi Eiler Ferenc v\u00e1llakoz\u00f3, aki egy ragyog\u00f3 vend\u00e9gl\u0151t \u00e9s fogad\u00f3t kezdett \u00fczemeltetni. A bels\u0151 termek \u00e9s a hotelr\u00e9szen k\u00edv\u00fcl kerthelyis\u00e9ge is volt. Eiler \u00far 1946-ban a kitelep\u00edt\u00e9s \u00e1ldozata lett, miut\u00e1n a II. vil\u00e1gh\u00e1bor\u00fat k\u00f6vet\u0151 bossz\u00fahadj\u00e1rat sz\u00e1mos sorst\u00e1rs\u00e1val egy\u00fctt N\u00e9metorsz\u00e1gba sz\u00e1m\u0171zte.<\/p>\n<p><img loading=\"lazy\" decoding=\"async\" class=\"aligncenter wp-image-63703 size-full\" src=\"https:\/\/dorogimedence.hu\/wp-content\/uploads\/2024\/07\/Eiler-vendeglo.jpg\" alt=\"\" width=\"1032\" height=\"660\" srcset=\"https:\/\/dorogimedence.hu\/wp-content\/uploads\/2024\/07\/Eiler-vendeglo.jpg 1032w, https:\/\/dorogimedence.hu\/wp-content\/uploads\/2024\/07\/Eiler-vendeglo-600x384.jpg 600w, https:\/\/dorogimedence.hu\/wp-content\/uploads\/2024\/07\/Eiler-vendeglo-768x491.jpg 768w, https:\/\/dorogimedence.hu\/wp-content\/uploads\/2024\/07\/Eiler-vendeglo-150x96.jpg 150w, https:\/\/dorogimedence.hu\/wp-content\/uploads\/2024\/07\/Eiler-vendeglo-450x288.jpg 450w\" sizes=\"(max-width: 1032px) 100vw, 1032px\" \/><\/p>\n<p style=\"text-align: center;\"><span style=\"font-size: 10pt;\"><em>Imm\u00e1r Eiler Vend\u00e9gl\u0151k\u00e9nt\u00a0<\/em><\/span><\/p>\n<p style=\"text-align: justify;\">A vend\u00e9gl\u0151 legal\u00e1bb nem sz\u0171nt meg \u00e9s egy m\u00e1sik jeles dorogi vend\u00e9gl\u0151s, Hoffmann S\u00e1ndor lett a tulajdonosa, aki kor\u00e1bban a Kaszin\u00f3 f\u0151b\u00e9rl\u0151je volt. A Kaszin\u00f3t megsz\u0171ntett\u00e9k \u00e9s \u00e9p\u00fclet\u00e9ben kapott helyet a dorogi rend\u0151rkapit\u00e1nys\u00e1g. Id\u0151vel a Hoffmann Vend\u00e9gl\u0151 is az \u00e1llamos\u00edt\u00e1s sors\u00e1ra jutott, azonban az \u00e1tkosban is meg\u0151rizte eredeti funkci\u00f3j\u00e1t, csak az elnevez\u00e9s v\u00e1ltozott. Innen kezdve T\u00e1rna \u00c9tteremnek \u00e9s Sz\u00e1llod\u00e1nak h\u00edvt\u00e1k. Itt indult Korda Gy\u00f6rgy el\u0151ad\u00f3i, \u00e9nekesi karrierje 1958-ban. Az akkor m\u00e9g szinte alig ismert \u00e9nekest a T\u00e1rn\u00e1ban rendezett szilveszteri mulats\u00e1gra h\u00edvt\u00e1k fell\u00e9p\u0151nek. Az \u00fczemeltet\u0151nek nagyon megtetszett az ifj\u00fa \u00e9nekes \u00e9s m\u00e1ris egy hosszabb szerz\u0151d\u00e9st k\u00edn\u00e1ltak a sz\u00e1m\u00e1ra, \u00edgy j\u00f3 ideig bek\u00f6lt\u00f6z\u00f6tt az egyik hotelszob\u00e1ba, est\u00e9nk\u00e9nt pedig a nagy\u00e9rdem\u0171t sz\u00f3rakoztatta. Err\u0151l maga a m\u0171v\u00e9sz is b\u00fcszk\u00e9n \u00e9s \u00f6r\u00f6mmel eml\u00e9kezik a mai napig is.<\/p>\n<p><span style=\"font-size: 10pt;\"><em><img loading=\"lazy\" decoding=\"async\" class=\"wp-image-63711 size-full aligncenter\" src=\"https:\/\/dorogimedence.hu\/wp-content\/uploads\/2024\/07\/Tarna-szalloda-es-vendeglo.jpg\" alt=\"\" width=\"899\" height=\"867\" srcset=\"https:\/\/dorogimedence.hu\/wp-content\/uploads\/2024\/07\/Tarna-szalloda-es-vendeglo.jpg 899w, https:\/\/dorogimedence.hu\/wp-content\/uploads\/2024\/07\/Tarna-szalloda-es-vendeglo-600x579.jpg 600w, https:\/\/dorogimedence.hu\/wp-content\/uploads\/2024\/07\/Tarna-szalloda-es-vendeglo-768x741.jpg 768w, https:\/\/dorogimedence.hu\/wp-content\/uploads\/2024\/07\/Tarna-szalloda-es-vendeglo-150x145.jpg 150w, https:\/\/dorogimedence.hu\/wp-content\/uploads\/2024\/07\/Tarna-szalloda-es-vendeglo-450x434.jpg 450w\" sizes=\"(max-width: 899px) 100vw, 899px\" \/><\/em><\/span><\/p>\n<p style=\"text-align: center;\"><span style=\"font-size: 10pt;\"><em>A T\u00e1rna \u00c9tterem \u00e9s Sz\u00e1lloda az 1960-as \u00e9vek els\u0151 fel\u00e9ben\u00a0<\/em><\/span><\/p>\n<p style=\"text-align: justify;\">A T\u00e1rna \u00fczletvezet\u0151je Per\u00e9nyi J\u00e1nos lett \u00e9s \u00e9vtizedeken \u00e1t k\u00f6zkedvelt helynek sz\u00e1m\u00edtott, ahol gyakran rendeztek lakodalmakat is. M\u00e9retein\u00e9l fogva komolyabb sz\u00e1m\u00fa vend\u00e9gsereget is k\u00e9pes volt fogadni. Id\u0151vel tov\u00e1bbi szolg\u00e1ltat\u00e1ssal b\u0151v\u00fclt, miut\u00e1n a pincer\u00e9szt ki\u00e9p\u00edtve megnyitott\u00e1k a T\u00e1rna Boroz\u00f3t, amely vetekedett az \u00e9tterem n\u00e9pszer\u0171s\u00e9g\u00e9vel. A h\u00e1zt\u00e1ji borok \u00e9s egy\u00e9b italok sz\u00e9les k\u00edn\u00e1lata mellett a men\u00fcj\u00e9ben ragyog\u00f3 reszteltm\u00e1j, r\u00e1ntottsajt \u00e9s g\u00f6mbap\u00f6rk\u00f6lt sz\u00e1m\u00edtott k\u00fcl\u00f6n kedvencnek. A kilencvenes \u00e9vek fordul\u00f3j\u00e1n \u00e1tmenetileg sz\u00fcnetelt a boroz\u00f3, majd az \u00e1talak\u00edt\u00e1s\u00e1t k\u00f6vet\u0151en meg\u00fajulva vett lend\u00fcletet 1994-ben. Az ezrefordul\u00f3ra lassan lecsengett mind az \u00e9tterem, mind a boroz\u00f3, majd v\u00e9gleg megsz\u0171nt.<\/p>\n<p><img loading=\"lazy\" decoding=\"async\" class=\"aligncenter wp-image-63710 size-full\" src=\"https:\/\/dorogimedence.hu\/wp-content\/uploads\/2024\/07\/Tarna-etterem.jpg\" alt=\"\" width=\"1042\" height=\"752\" srcset=\"https:\/\/dorogimedence.hu\/wp-content\/uploads\/2024\/07\/Tarna-etterem.jpg 1042w, https:\/\/dorogimedence.hu\/wp-content\/uploads\/2024\/07\/Tarna-etterem-600x433.jpg 600w, https:\/\/dorogimedence.hu\/wp-content\/uploads\/2024\/07\/Tarna-etterem-768x554.jpg 768w, https:\/\/dorogimedence.hu\/wp-content\/uploads\/2024\/07\/Tarna-etterem-150x108.jpg 150w, https:\/\/dorogimedence.hu\/wp-content\/uploads\/2024\/07\/Tarna-etterem-450x325.jpg 450w\" sizes=\"(max-width: 1042px) 100vw, 1042px\" \/><\/p>\n<p style=\"text-align: center;\"><span style=\"font-size: 10pt;\"><em>A T\u00e1rna \u00c9tterem \u00e9s S\u00f6r\u00f6z\u0151 az 1980-as \u00e9vekben<\/em><\/span><\/p>\n<p style=\"text-align: justify;\">J\u00f3darabig kihaszn\u00e1latlanul \u00e1llt, majd profilt v\u00e1ltva b\u00fatorboltk\u00e9nt \u00fczemelt. K\u00e9s\u0151bb egy komolyabb \u00e1talak\u00edt\u00e1son esett \u00e1t a teljes \u00e9p\u00fcletblokk. Jelleg\u00e9t bizonyos fokig meg\u0151rizve \u00fajult meg \u00e9s kiv\u00e1l\u00f3an illeszkedik a v\u00e1rosr\u00e9szhez. Az \u00e9p\u00fcletegy\u00fcttesben lak\u00e1sok \u00e9s \u00fczletek kaptak helyet. Az egykori \u00e9tterem front\u00e1lis r\u00e9szleg\u00e9n bank ny\u00edlt. A fel\u00faj\u00edt\u00e1ssal \u00e9s \u00e1talak\u00edt\u00e1ssal leszerel\u00e9sre ker\u00fcltek a k\u00f6zleked\u00e9si l\u00e1mp\u00e1k \u00e9s a tov\u00e1bbra is a legjelent\u0151sebbnek sz\u00e1m\u00edt\u00f3 keresztez\u0151d\u00e9s k\u00f6rforglamat kapott.<\/p>\n<figure id=\"attachment_63704\" aria-describedby=\"caption-attachment-63704\" style=\"width: 2270px\" class=\"wp-caption aligncenter\"><img loading=\"lazy\" decoding=\"async\" class=\"wp-image-63704 size-full\" src=\"https:\/\/dorogimedence.hu\/wp-content\/uploads\/2024\/07\/Korforgalom.jpg\" alt=\"\" width=\"2270\" height=\"1525\" srcset=\"https:\/\/dorogimedence.hu\/wp-content\/uploads\/2024\/07\/Korforgalom.jpg 2270w, https:\/\/dorogimedence.hu\/wp-content\/uploads\/2024\/07\/Korforgalom-600x403.jpg 600w, https:\/\/dorogimedence.hu\/wp-content\/uploads\/2024\/07\/Korforgalom-1920x1290.jpg 1920w, https:\/\/dorogimedence.hu\/wp-content\/uploads\/2024\/07\/Korforgalom-768x516.jpg 768w, https:\/\/dorogimedence.hu\/wp-content\/uploads\/2024\/07\/Korforgalom-1536x1032.jpg 1536w, https:\/\/dorogimedence.hu\/wp-content\/uploads\/2024\/07\/Korforgalom-2048x1376.jpg 2048w, https:\/\/dorogimedence.hu\/wp-content\/uploads\/2024\/07\/Korforgalom-150x101.jpg 150w, https:\/\/dorogimedence.hu\/wp-content\/uploads\/2024\/07\/Korforgalom-450x302.jpg 450w, https:\/\/dorogimedence.hu\/wp-content\/uploads\/2024\/07\/Korforgalom-1200x806.jpg 1200w, https:\/\/dorogimedence.hu\/wp-content\/uploads\/2024\/07\/Korforgalom-272x182.jpg 272w\" sizes=\"(max-width: 2270px) 100vw, 2270px\" \/><figcaption id=\"caption-attachment-63704\" class=\"wp-caption-text\"><em><span style=\"font-size: 10pt;\">Az egykori sz\u00e9peml\u00e9k\u0171 k\u00e1v\u00e9h\u00e1z, majd vend\u00e9gl\u0151 \u00e9s sz\u00e1lloda meg\u00fajult \u00e9p\u00fclete napjainkban\u00a0<\/span><\/em><\/figcaption><\/figure>\n<p style=\"text-align: justify;\">Megjegyz\u00e9s: A gazdag Geiszler-gy\u0171jtem\u00e9nyben tal\u00e1lhat\u00f3 korabeli felv\u00e9tel a Korona K\u00e1v\u00e9h\u00e1zr\u00f3l, azonban a hagyat\u00e9k bedobozolva, rendszerez\u00e9sre v\u00e1r. Ez\u00e9rt jelenleg nem kutathat\u00f3, \u00edgy sajnos nem \u00e1ll m\u00f3domban k\u00e9pmell\u00e9kletben szerepeltetni.<\/p>\n<p><img loading=\"lazy\" decoding=\"async\" class=\"aligncenter wp-image-63706 size-full\" src=\"https:\/\/dorogimedence.hu\/wp-content\/uploads\/2024\/07\/Korona_2.jpg\" alt=\"\" width=\"2197\" height=\"1730\" srcset=\"https:\/\/dorogimedence.hu\/wp-content\/uploads\/2024\/07\/Korona_2.jpg 2197w, https:\/\/dorogimedence.hu\/wp-content\/uploads\/2024\/07\/Korona_2-600x472.jpg 600w, https:\/\/dorogimedence.hu\/wp-content\/uploads\/2024\/07\/Korona_2-1920x1512.jpg 1920w, https:\/\/dorogimedence.hu\/wp-content\/uploads\/2024\/07\/Korona_2-768x605.jpg 768w, https:\/\/dorogimedence.hu\/wp-content\/uploads\/2024\/07\/Korona_2-1536x1210.jpg 1536w, https:\/\/dorogimedence.hu\/wp-content\/uploads\/2024\/07\/Korona_2-2048x1613.jpg 2048w, https:\/\/dorogimedence.hu\/wp-content\/uploads\/2024\/07\/Korona_2-150x118.jpg 150w, https:\/\/dorogimedence.hu\/wp-content\/uploads\/2024\/07\/Korona_2-450x354.jpg 450w, https:\/\/dorogimedence.hu\/wp-content\/uploads\/2024\/07\/Korona_2-1200x945.jpg 1200w\" sizes=\"(max-width: 2197px) 100vw, 2197px\" \/><\/p>\n<p style=\"text-align: center;\"><span style=\"font-size: 10pt;\"><em>K\u00e1v\u00e9h\u00e1zi h\u00edrdet\u0151 az 1920-as \u00e9vekb\u0151l (forr\u00e1s: Esztergom \u00e9s VId\u00e9ke \u00fajs\u00e1g)<\/em><\/span><\/p>\n<p><span style=\"text-decoration: underline;\">Bor\u00edt\u00f3k\u00e9p:<\/span> A k\u00e1v\u00e9h\u00e1z megnyit\u00f3j\u00e1r\u00f3l sz\u00f3l\u00f3 \u00e9rtes\u00edt\u0151 felhaszn\u00e1l\u00e1s\u00e1val k\u00e9sz\u00fclt mont\u00e1zs.<\/p>\n<p><em><strong>Szab\u00f3 Gyula<\/strong><\/em><\/p>\n<p>&nbsp;<\/p>\n","protected":false},"excerpt":{"rendered":"<p>Kerek egy \u00e9vsz\u00e1zada nyitotta meg kapuit Dorog \u00faj sz\u00ednfoltja, a Korona K\u00e1v\u00e9h\u00e1z, m\u00e9gpedig a telep\u00fcl\u00e9s legfrekvent\u00e1ltabb r\u00e9sz\u00e9n. Az eleg\u00e1ns szalon n\u00e9h\u00e1nyszor gazd\u00e1t cser\u00e9lt \u00e9s tov\u00e1bbi fejleszt\u00e9sre ker\u00fclt, id\u0151vel pedig el\u0151bb Eiler, majd Hoffmann Vend\u00e9gl\u0151 \u00e9s Fogad\u00f3 n\u00e9ven m\u0171k\u00f6d\u00f6tt. A p\u00e1rtrendszer \u00e9vtizedeiben T\u00e1rna \u00c9tterem \u00e9s Sz\u00e1lloda n\u00e9ven \u00fczemelt az ezeredfordul\u00f3 k\u00f6r\u00fcli megsz\u0171n\u00e9s\u00e9ig.\u00a0 Szinte egyid\u0151ben az egykori<\/p>\n","protected":false},"author":4,"featured_media":63702,"comment_status":"closed","ping_status":"closed","sticky":false,"template":"","format":"standard","meta":{"ngg_post_thumbnail":0,"footnotes":""},"categories":[2,3,6031],"tags":[],"class_list":{"0":"post-63700","1":"post","2":"type-post","3":"status-publish","4":"format-standard","5":"has-post-thumbnail","7":"category-dorog","8":"category-hirek","9":"category-kerek-evfordulok"},"yoast_head":"<!-- This site is optimized with the Yoast SEO plugin v27.5 - https:\/\/yoast.com\/product\/yoast-seo-wordpress\/ -->\n<title>100 \u00e9ve ny\u00edlt meg a Korona K\u00e1v\u00e9h\u00e1z Dorogon<\/title>\n<meta name=\"robots\" content=\"index, follow, max-snippet:-1, max-image-preview:large, max-video-preview:-1\" \/>\n<link rel=\"canonical\" href=\"https:\/\/dorogimedence.hu\/index.php\/2024\/08\/03\/100-eve-nyilt-meg-a-korona-kavehaz-dorogon\/\" class=\"yoast-seo-meta-tag\" \/>\n<meta property=\"og:locale\" content=\"hu_HU\" class=\"yoast-seo-meta-tag\" \/>\n<meta property=\"og:type\" content=\"article\" class=\"yoast-seo-meta-tag\" \/>\n<meta property=\"og:title\" content=\"100 \u00e9ve ny\u00edlt meg a Korona K\u00e1v\u00e9h\u00e1z Dorogon\" class=\"yoast-seo-meta-tag\" \/>\n<meta property=\"og:description\" content=\"Kerek egy \u00e9vsz\u00e1zada nyitotta meg kapuit Dorog \u00faj sz\u00ednfoltja, a Korona K\u00e1v\u00e9h\u00e1z, m\u00e9gpedig a telep\u00fcl\u00e9s legfrekvent\u00e1ltabb r\u00e9sz\u00e9n. Az eleg\u00e1ns szalon n\u00e9h\u00e1nyszor gazd\u00e1t cser\u00e9lt \u00e9s tov\u00e1bbi fejleszt\u00e9sre ker\u00fclt, id\u0151vel pedig el\u0151bb Eiler, majd Hoffmann Vend\u00e9gl\u0151 \u00e9s Fogad\u00f3 n\u00e9ven m\u0171k\u00f6d\u00f6tt. A p\u00e1rtrendszer \u00e9vtizedeiben T\u00e1rna \u00c9tterem \u00e9s Sz\u00e1lloda n\u00e9ven \u00fczemelt az ezeredfordul\u00f3 k\u00f6r\u00fcli megsz\u0171n\u00e9s\u00e9ig.\u00a0 Szinte egyid\u0151ben az egykori\" class=\"yoast-seo-meta-tag\" \/>\n<meta property=\"og:url\" content=\"https:\/\/dorogimedence.hu\/index.php\/2024\/08\/03\/100-eve-nyilt-meg-a-korona-kavehaz-dorogon\/\" class=\"yoast-seo-meta-tag\" \/>\n<meta property=\"og:site_name\" content=\"Dorogi-medence Region\u00e1lis H\u00edrport\u00e1l\" class=\"yoast-seo-meta-tag\" \/>\n<meta property=\"article:publisher\" content=\"https:\/\/www.facebook.com\/dorogimedence\/\" class=\"yoast-seo-meta-tag\" \/>\n<meta property=\"article:published_time\" content=\"2024-08-03T07:16:22+00:00\" class=\"yoast-seo-meta-tag\" \/>\n<meta property=\"article:modified_time\" content=\"2025-04-02T15:20:51+00:00\" class=\"yoast-seo-meta-tag\" \/>\n<meta property=\"og:image\" content=\"https:\/\/dorogimedence.hu\/wp-content\/uploads\/2024\/07\/Boritokvhaz.jpg\" class=\"yoast-seo-meta-tag\" \/>\n\t<meta property=\"og:image:width\" content=\"2430\" class=\"yoast-seo-meta-tag\" \/>\n\t<meta property=\"og:image:height\" content=\"2130\" class=\"yoast-seo-meta-tag\" \/>\n\t<meta property=\"og:image:type\" content=\"image\/jpeg\" class=\"yoast-seo-meta-tag\" \/>\n<meta name=\"author\" content=\"Szab\u00f3 Gyula\" class=\"yoast-seo-meta-tag\" \/>\n<meta name=\"twitter:card\" content=\"summary_large_image\" class=\"yoast-seo-meta-tag\" \/>\n<meta name=\"twitter:label1\" content=\"Szerz\u0151:\" class=\"yoast-seo-meta-tag\" \/>\n\t<meta name=\"twitter:data1\" content=\"Szab\u00f3 Gyula\" class=\"yoast-seo-meta-tag\" \/>\n\t<meta name=\"twitter:label2\" content=\"Becs\u00fclt olvas\u00e1si id\u0151\" class=\"yoast-seo-meta-tag\" \/>\n\t<meta name=\"twitter:data2\" content=\"9 perc\" class=\"yoast-seo-meta-tag\" \/>\n<script type=\"application\/ld+json\" class=\"yoast-schema-graph\">{\"@context\":\"https:\\\/\\\/schema.org\",\"@graph\":[{\"@type\":\"Article\",\"@id\":\"https:\\\/\\\/dorogimedence.hu\\\/index.php\\\/2024\\\/08\\\/03\\\/100-eve-nyilt-meg-a-korona-kavehaz-dorogon\\\/#article\",\"isPartOf\":{\"@id\":\"https:\\\/\\\/dorogimedence.hu\\\/index.php\\\/2024\\\/08\\\/03\\\/100-eve-nyilt-meg-a-korona-kavehaz-dorogon\\\/\"},\"author\":{\"name\":\"Szab\u00f3 Gyula\",\"@id\":\"https:\\\/\\\/dorogimedence.hu\\\/#\\\/schema\\\/person\\\/76605e8151ec1b7376385cd184ede973\"},\"headline\":\"100 \u00e9ve ny\u00edlt meg a Korona K\u00e1v\u00e9h\u00e1z Dorogon\",\"datePublished\":\"2024-08-03T07:16:22+00:00\",\"dateModified\":\"2025-04-02T15:20:51+00:00\",\"mainEntityOfPage\":{\"@id\":\"https:\\\/\\\/dorogimedence.hu\\\/index.php\\\/2024\\\/08\\\/03\\\/100-eve-nyilt-meg-a-korona-kavehaz-dorogon\\\/\"},\"wordCount\":1777,\"publisher\":{\"@id\":\"https:\\\/\\\/dorogimedence.hu\\\/#organization\"},\"image\":{\"@id\":\"https:\\\/\\\/dorogimedence.hu\\\/index.php\\\/2024\\\/08\\\/03\\\/100-eve-nyilt-meg-a-korona-kavehaz-dorogon\\\/#primaryimage\"},\"thumbnailUrl\":\"https:\\\/\\\/dorogimedence.hu\\\/wp-content\\\/uploads\\\/2024\\\/07\\\/Boritokvhaz.jpg\",\"articleSection\":[\"Dorog\",\"H\u00edrek\",\"Kerek \u00e9vfordul\u00f3k\"],\"inLanguage\":\"hu\"},{\"@type\":\"WebPage\",\"@id\":\"https:\\\/\\\/dorogimedence.hu\\\/index.php\\\/2024\\\/08\\\/03\\\/100-eve-nyilt-meg-a-korona-kavehaz-dorogon\\\/\",\"url\":\"https:\\\/\\\/dorogimedence.hu\\\/index.php\\\/2024\\\/08\\\/03\\\/100-eve-nyilt-meg-a-korona-kavehaz-dorogon\\\/\",\"name\":\"100 \u00e9ve ny\u00edlt meg a Korona K\u00e1v\u00e9h\u00e1z Dorogon\",\"isPartOf\":{\"@id\":\"https:\\\/\\\/dorogimedence.hu\\\/#website\"},\"primaryImageOfPage\":{\"@id\":\"https:\\\/\\\/dorogimedence.hu\\\/index.php\\\/2024\\\/08\\\/03\\\/100-eve-nyilt-meg-a-korona-kavehaz-dorogon\\\/#primaryimage\"},\"image\":{\"@id\":\"https:\\\/\\\/dorogimedence.hu\\\/index.php\\\/2024\\\/08\\\/03\\\/100-eve-nyilt-meg-a-korona-kavehaz-dorogon\\\/#primaryimage\"},\"thumbnailUrl\":\"https:\\\/\\\/dorogimedence.hu\\\/wp-content\\\/uploads\\\/2024\\\/07\\\/Boritokvhaz.jpg\",\"datePublished\":\"2024-08-03T07:16:22+00:00\",\"dateModified\":\"2025-04-02T15:20:51+00:00\",\"breadcrumb\":{\"@id\":\"https:\\\/\\\/dorogimedence.hu\\\/index.php\\\/2024\\\/08\\\/03\\\/100-eve-nyilt-meg-a-korona-kavehaz-dorogon\\\/#breadcrumb\"},\"inLanguage\":\"hu\",\"potentialAction\":[{\"@type\":\"ReadAction\",\"target\":[\"https:\\\/\\\/dorogimedence.hu\\\/index.php\\\/2024\\\/08\\\/03\\\/100-eve-nyilt-meg-a-korona-kavehaz-dorogon\\\/\"]}]},{\"@type\":\"ImageObject\",\"inLanguage\":\"hu\",\"@id\":\"https:\\\/\\\/dorogimedence.hu\\\/index.php\\\/2024\\\/08\\\/03\\\/100-eve-nyilt-meg-a-korona-kavehaz-dorogon\\\/#primaryimage\",\"url\":\"https:\\\/\\\/dorogimedence.hu\\\/wp-content\\\/uploads\\\/2024\\\/07\\\/Boritokvhaz.jpg\",\"contentUrl\":\"https:\\\/\\\/dorogimedence.hu\\\/wp-content\\\/uploads\\\/2024\\\/07\\\/Boritokvhaz.jpg\",\"width\":2430,\"height\":2130},{\"@type\":\"BreadcrumbList\",\"@id\":\"https:\\\/\\\/dorogimedence.hu\\\/index.php\\\/2024\\\/08\\\/03\\\/100-eve-nyilt-meg-a-korona-kavehaz-dorogon\\\/#breadcrumb\",\"itemListElement\":[{\"@type\":\"ListItem\",\"position\":1,\"name\":\"Kezd\u0151lap\",\"item\":\"https:\\\/\\\/dorogimedence.hu\\\/\"},{\"@type\":\"ListItem\",\"position\":2,\"name\":\"100 \u00e9ve ny\u00edlt meg a Korona K\u00e1v\u00e9h\u00e1z Dorogon\"}]},{\"@type\":\"WebSite\",\"@id\":\"https:\\\/\\\/dorogimedence.hu\\\/#website\",\"url\":\"https:\\\/\\\/dorogimedence.hu\\\/\",\"name\":\"Dorogi-medence Region\u00e1lis H\u00edrport\u00e1l\",\"description\":\"Dorog, Keszt\u00f6lc, Le\u00e1nyv\u00e1r, Piliscs\u00e9v, Tokod, Tokodalt\u00e1r\u00f3, Csolnok, Esztergom-kertv\u00e1ros: h\u00edrek, programok\",\"publisher\":{\"@id\":\"https:\\\/\\\/dorogimedence.hu\\\/#organization\"},\"potentialAction\":[{\"@type\":\"SearchAction\",\"target\":{\"@type\":\"EntryPoint\",\"urlTemplate\":\"https:\\\/\\\/dorogimedence.hu\\\/?s={search_term_string}\"},\"query-input\":{\"@type\":\"PropertyValueSpecification\",\"valueRequired\":true,\"valueName\":\"search_term_string\"}}],\"inLanguage\":\"hu\"},{\"@type\":\"Organization\",\"@id\":\"https:\\\/\\\/dorogimedence.hu\\\/#organization\",\"name\":\"Dorogi-medence Region\u00e1lis H\u00edrport\u00e1l\",\"url\":\"https:\\\/\\\/dorogimedence.hu\\\/\",\"logo\":{\"@type\":\"ImageObject\",\"inLanguage\":\"hu\",\"@id\":\"https:\\\/\\\/dorogimedence.hu\\\/#\\\/schema\\\/logo\\\/image\\\/\",\"url\":\"https:\\\/\\\/dorogimedence.hu\\\/wp-content\\\/uploads\\\/2021\\\/04\\\/logo-feher-600.png\",\"contentUrl\":\"https:\\\/\\\/dorogimedence.hu\\\/wp-content\\\/uploads\\\/2021\\\/04\\\/logo-feher-600.png\",\"width\":600,\"height\":100,\"caption\":\"Dorogi-medence Region\u00e1lis H\u00edrport\u00e1l\"},\"image\":{\"@id\":\"https:\\\/\\\/dorogimedence.hu\\\/#\\\/schema\\\/logo\\\/image\\\/\"},\"sameAs\":[\"https:\\\/\\\/www.facebook.com\\\/dorogimedence\\\/\"]},{\"@type\":\"Person\",\"@id\":\"https:\\\/\\\/dorogimedence.hu\\\/#\\\/schema\\\/person\\\/76605e8151ec1b7376385cd184ede973\",\"name\":\"Szab\u00f3 Gyula\",\"image\":{\"@type\":\"ImageObject\",\"inLanguage\":\"hu\",\"@id\":\"\\\/\\\/www.gravatar.com\\\/avatar\\\/3e44b6fb2ef9bcea3639958cc2a587cb?s=96&#038;r=g&#038;d=mm\",\"url\":\"\\\/\\\/www.gravatar.com\\\/avatar\\\/3e44b6fb2ef9bcea3639958cc2a587cb?s=96&#038;r=g&#038;d=mm\",\"contentUrl\":\"\\\/\\\/www.gravatar.com\\\/avatar\\\/3e44b6fb2ef9bcea3639958cc2a587cb?s=96&#038;r=g&#038;d=mm\",\"caption\":\"Szab\u00f3 Gyula\"}}]}<\/script>\n<!-- \/ Yoast SEO plugin. -->","yoast_head_json":{"title":"100 \u00e9ve ny\u00edlt meg a Korona K\u00e1v\u00e9h\u00e1z Dorogon","robots":{"index":"index","follow":"follow","max-snippet":"max-snippet:-1","max-image-preview":"max-image-preview:large","max-video-preview":"max-video-preview:-1"},"canonical":"https:\/\/dorogimedence.hu\/index.php\/2024\/08\/03\/100-eve-nyilt-meg-a-korona-kavehaz-dorogon\/","og_locale":"hu_HU","og_type":"article","og_title":"100 \u00e9ve ny\u00edlt meg a Korona K\u00e1v\u00e9h\u00e1z Dorogon","og_description":"Kerek egy \u00e9vsz\u00e1zada nyitotta meg kapuit Dorog \u00faj sz\u00ednfoltja, a Korona K\u00e1v\u00e9h\u00e1z, m\u00e9gpedig a telep\u00fcl\u00e9s legfrekvent\u00e1ltabb r\u00e9sz\u00e9n. Az eleg\u00e1ns szalon n\u00e9h\u00e1nyszor gazd\u00e1t cser\u00e9lt \u00e9s tov\u00e1bbi fejleszt\u00e9sre ker\u00fclt, id\u0151vel pedig el\u0151bb Eiler, majd Hoffmann Vend\u00e9gl\u0151 \u00e9s Fogad\u00f3 n\u00e9ven m\u0171k\u00f6d\u00f6tt. A p\u00e1rtrendszer \u00e9vtizedeiben T\u00e1rna \u00c9tterem \u00e9s Sz\u00e1lloda n\u00e9ven \u00fczemelt az ezeredfordul\u00f3 k\u00f6r\u00fcli megsz\u0171n\u00e9s\u00e9ig.\u00a0 Szinte egyid\u0151ben az egykori","og_url":"https:\/\/dorogimedence.hu\/index.php\/2024\/08\/03\/100-eve-nyilt-meg-a-korona-kavehaz-dorogon\/","og_site_name":"Dorogi-medence Region\u00e1lis H\u00edrport\u00e1l","article_publisher":"https:\/\/www.facebook.com\/dorogimedence\/","article_published_time":"2024-08-03T07:16:22+00:00","article_modified_time":"2025-04-02T15:20:51+00:00","og_image":[{"width":2430,"height":2130,"url":"https:\/\/dorogimedence.hu\/wp-content\/uploads\/2024\/07\/Boritokvhaz.jpg","type":"image\/jpeg"}],"author":"Szab\u00f3 Gyula","twitter_card":"summary_large_image","twitter_misc":{"Szerz\u0151:":"Szab\u00f3 Gyula","Becs\u00fclt olvas\u00e1si id\u0151":"9 perc"},"schema":{"@context":"https:\/\/schema.org","@graph":[{"@type":"Article","@id":"https:\/\/dorogimedence.hu\/index.php\/2024\/08\/03\/100-eve-nyilt-meg-a-korona-kavehaz-dorogon\/#article","isPartOf":{"@id":"https:\/\/dorogimedence.hu\/index.php\/2024\/08\/03\/100-eve-nyilt-meg-a-korona-kavehaz-dorogon\/"},"author":{"name":"Szab\u00f3 Gyula","@id":"https:\/\/dorogimedence.hu\/#\/schema\/person\/76605e8151ec1b7376385cd184ede973"},"headline":"100 \u00e9ve ny\u00edlt meg a Korona K\u00e1v\u00e9h\u00e1z Dorogon","datePublished":"2024-08-03T07:16:22+00:00","dateModified":"2025-04-02T15:20:51+00:00","mainEntityOfPage":{"@id":"https:\/\/dorogimedence.hu\/index.php\/2024\/08\/03\/100-eve-nyilt-meg-a-korona-kavehaz-dorogon\/"},"wordCount":1777,"publisher":{"@id":"https:\/\/dorogimedence.hu\/#organization"},"image":{"@id":"https:\/\/dorogimedence.hu\/index.php\/2024\/08\/03\/100-eve-nyilt-meg-a-korona-kavehaz-dorogon\/#primaryimage"},"thumbnailUrl":"https:\/\/dorogimedence.hu\/wp-content\/uploads\/2024\/07\/Boritokvhaz.jpg","articleSection":["Dorog","H\u00edrek","Kerek \u00e9vfordul\u00f3k"],"inLanguage":"hu"},{"@type":"WebPage","@id":"https:\/\/dorogimedence.hu\/index.php\/2024\/08\/03\/100-eve-nyilt-meg-a-korona-kavehaz-dorogon\/","url":"https:\/\/dorogimedence.hu\/index.php\/2024\/08\/03\/100-eve-nyilt-meg-a-korona-kavehaz-dorogon\/","name":"100 \u00e9ve ny\u00edlt meg a Korona K\u00e1v\u00e9h\u00e1z Dorogon","isPartOf":{"@id":"https:\/\/dorogimedence.hu\/#website"},"primaryImageOfPage":{"@id":"https:\/\/dorogimedence.hu\/index.php\/2024\/08\/03\/100-eve-nyilt-meg-a-korona-kavehaz-dorogon\/#primaryimage"},"image":{"@id":"https:\/\/dorogimedence.hu\/index.php\/2024\/08\/03\/100-eve-nyilt-meg-a-korona-kavehaz-dorogon\/#primaryimage"},"thumbnailUrl":"https:\/\/dorogimedence.hu\/wp-content\/uploads\/2024\/07\/Boritokvhaz.jpg","datePublished":"2024-08-03T07:16:22+00:00","dateModified":"2025-04-02T15:20:51+00:00","breadcrumb":{"@id":"https:\/\/dorogimedence.hu\/index.php\/2024\/08\/03\/100-eve-nyilt-meg-a-korona-kavehaz-dorogon\/#breadcrumb"},"inLanguage":"hu","potentialAction":[{"@type":"ReadAction","target":["https:\/\/dorogimedence.hu\/index.php\/2024\/08\/03\/100-eve-nyilt-meg-a-korona-kavehaz-dorogon\/"]}]},{"@type":"ImageObject","inLanguage":"hu","@id":"https:\/\/dorogimedence.hu\/index.php\/2024\/08\/03\/100-eve-nyilt-meg-a-korona-kavehaz-dorogon\/#primaryimage","url":"https:\/\/dorogimedence.hu\/wp-content\/uploads\/2024\/07\/Boritokvhaz.jpg","contentUrl":"https:\/\/dorogimedence.hu\/wp-content\/uploads\/2024\/07\/Boritokvhaz.jpg","width":2430,"height":2130},{"@type":"BreadcrumbList","@id":"https:\/\/dorogimedence.hu\/index.php\/2024\/08\/03\/100-eve-nyilt-meg-a-korona-kavehaz-dorogon\/#breadcrumb","itemListElement":[{"@type":"ListItem","position":1,"name":"Kezd\u0151lap","item":"https:\/\/dorogimedence.hu\/"},{"@type":"ListItem","position":2,"name":"100 \u00e9ve ny\u00edlt meg a Korona K\u00e1v\u00e9h\u00e1z Dorogon"}]},{"@type":"WebSite","@id":"https:\/\/dorogimedence.hu\/#website","url":"https:\/\/dorogimedence.hu\/","name":"Dorogi-medence Region\u00e1lis H\u00edrport\u00e1l","description":"Dorog, Keszt\u00f6lc, Le\u00e1nyv\u00e1r, Piliscs\u00e9v, Tokod, Tokodalt\u00e1r\u00f3, Csolnok, Esztergom-kertv\u00e1ros: h\u00edrek, programok","publisher":{"@id":"https:\/\/dorogimedence.hu\/#organization"},"potentialAction":[{"@type":"SearchAction","target":{"@type":"EntryPoint","urlTemplate":"https:\/\/dorogimedence.hu\/?s={search_term_string}"},"query-input":{"@type":"PropertyValueSpecification","valueRequired":true,"valueName":"search_term_string"}}],"inLanguage":"hu"},{"@type":"Organization","@id":"https:\/\/dorogimedence.hu\/#organization","name":"Dorogi-medence Region\u00e1lis H\u00edrport\u00e1l","url":"https:\/\/dorogimedence.hu\/","logo":{"@type":"ImageObject","inLanguage":"hu","@id":"https:\/\/dorogimedence.hu\/#\/schema\/logo\/image\/","url":"https:\/\/dorogimedence.hu\/wp-content\/uploads\/2021\/04\/logo-feher-600.png","contentUrl":"https:\/\/dorogimedence.hu\/wp-content\/uploads\/2021\/04\/logo-feher-600.png","width":600,"height":100,"caption":"Dorogi-medence Region\u00e1lis H\u00edrport\u00e1l"},"image":{"@id":"https:\/\/dorogimedence.hu\/#\/schema\/logo\/image\/"},"sameAs":["https:\/\/www.facebook.com\/dorogimedence\/"]},{"@type":"Person","@id":"https:\/\/dorogimedence.hu\/#\/schema\/person\/76605e8151ec1b7376385cd184ede973","name":"Szab\u00f3 Gyula","image":{"@type":"ImageObject","inLanguage":"hu","@id":"\/\/www.gravatar.com\/avatar\/3e44b6fb2ef9bcea3639958cc2a587cb?s=96&#038;r=g&#038;d=mm","url":"\/\/www.gravatar.com\/avatar\/3e44b6fb2ef9bcea3639958cc2a587cb?s=96&#038;r=g&#038;d=mm","contentUrl":"\/\/www.gravatar.com\/avatar\/3e44b6fb2ef9bcea3639958cc2a587cb?s=96&#038;r=g&#038;d=mm","caption":"Szab\u00f3 Gyula"}}]}},"_links":{"self":[{"href":"https:\/\/dorogimedence.hu\/index.php\/wp-json\/wp\/v2\/posts\/63700","targetHints":{"allow":["GET"]}}],"collection":[{"href":"https:\/\/dorogimedence.hu\/index.php\/wp-json\/wp\/v2\/posts"}],"about":[{"href":"https:\/\/dorogimedence.hu\/index.php\/wp-json\/wp\/v2\/types\/post"}],"author":[{"embeddable":true,"href":"https:\/\/dorogimedence.hu\/index.php\/wp-json\/wp\/v2\/users\/4"}],"replies":[{"embeddable":true,"href":"https:\/\/dorogimedence.hu\/index.php\/wp-json\/wp\/v2\/comments?post=63700"}],"version-history":[{"count":0,"href":"https:\/\/dorogimedence.hu\/index.php\/wp-json\/wp\/v2\/posts\/63700\/revisions"}],"wp:featuredmedia":[{"embeddable":true,"href":"https:\/\/dorogimedence.hu\/index.php\/wp-json\/wp\/v2\/media\/63702"}],"wp:attachment":[{"href":"https:\/\/dorogimedence.hu\/index.php\/wp-json\/wp\/v2\/media?parent=63700"}],"wp:term":[{"taxonomy":"category","embeddable":true,"href":"https:\/\/dorogimedence.hu\/index.php\/wp-json\/wp\/v2\/categories?post=63700"},{"taxonomy":"post_tag","embeddable":true,"href":"https:\/\/dorogimedence.hu\/index.php\/wp-json\/wp\/v2\/tags?post=63700"}],"curies":[{"name":"wp","href":"https:\/\/api.w.org\/{rel}","templated":true}]}}