{"id":63386,"date":"2024-07-11T15:08:47","date_gmt":"2024-07-11T13:08:47","guid":{"rendered":"https:\/\/dorogimedence.hu\/?p=63386"},"modified":"2024-07-11T15:08:47","modified_gmt":"2024-07-11T13:08:47","slug":"jol-szerepeltek-a-futball-eb-szurkoloi-zonas-vendeglatoi-a-nyari-szezonalis-ellenorzesen","status":"publish","type":"post","link":"https:\/\/dorogimedence.hu\/index.php\/2024\/07\/11\/jol-szerepeltek-a-futball-eb-szurkoloi-zonas-vendeglatoi-a-nyari-szezonalis-ellenorzesen\/","title":{"rendered":"J\u00f3l szerepeltek a Futball EB szurkol\u00f3i z\u00f3n\u00e1s vend\u00e9gl\u00e1t\u00f3i a ny\u00e1ri szezon\u00e1lis ellen\u0151rz\u00e9sen"},"content":{"rendered":"<p><strong>A Futball EB els\u0151 k\u00e9t het\u00e9ben 133 vend\u00e9gl\u00e1t\u00f3 egys\u00e9get \u00e9s t\u00f6bb mint 500 alkoholos italt ellen\u0151riztek a szurkol\u00f3i rendezv\u00e9nyeken az \u00e9lelmiszerl\u00e1nc-fel\u00fcgyeleti szakemberek. Az ellen\u0151rz\u00e9sek d\u00f6nt\u0151 t\u00f6bbs\u00e9ge pozit\u00edv eredm\u00e9nnyel z\u00e1rult. A hat\u00f3s\u00e1gok <\/strong><strong>mind\u00f6ssze 6 esetben ind\u00edtottak elj\u00e1r\u00e1st \u00e9s 255&nbsp;000 Ft b\u00edrs\u00e1got szabtak ki, a vizsg\u00e1lt alkoholos italok k\u00f6z\u00fcl pedig csup\u00e1n 10 liter lej\u00e1rt min\u0151s\u00e9gmeg\u0151rz\u00e9si idej\u0171, hib\u00e1s bor\u00e1szati term\u00e9ket<\/strong><strong> vontak ki a forgalomb\u00f3l. <\/strong><\/p>\n<p>A ny\u00e1ri szezon\u00e1lis ellen\u0151rz\u00e9s kiemelt t\u00e9mak\u00f6rei k\u00f6z\u00f6tt szerepel a Futball EB-re fel\u00e1ll\u00edtott s\u00e1tras szurkol\u00f3i z\u00f3n\u00e1k vend\u00e9gl\u00e1t\u00f3inak vizsg\u00e1lata, kiemelten f\u00f3kusz\u00e1lva az alkoholos italk\u00edn\u00e1latra is. Az EB els\u0151 k\u00e9t het\u00e9ben, j\u00fanius 14-30. k\u00f6z\u00f6tt \u00f6sszesen 133 egys\u00e9gben j\u00e1rtak a N\u00e9bih, valamint a v\u00e1rmegyei \u00e9s j\u00e1r\u00e1si hivatalok \u00e9lelmiszerl\u00e1nc-fel\u00fcgyel\u0151i.<\/p>\n<p>A szakemberek orsz\u00e1gszerte 66 helysz\u00ednen vizsg\u00e1lt\u00e1k a vend\u00e9gl\u00e1t\u00e1sra vonatkoz\u00f3 \u00e9lelmiszerhigi\u00e9niai szab\u00e1lyok betart\u00e1s\u00e1t. Az ellen\u0151rz\u00e9sek t\u00f6bbs\u00e9ge j\u00f3 eredm\u00e9nnyel z\u00e1rult: a tisztas\u00e1g, a szakos\u00edtott t\u00e1rol\u00e1s \u00e9s a hullad\u00e9kgy\u0171jt\u00e9s egyar\u00e1nt megfelel\u0151nek bizonyult az ellen\u0151rz\u00f6tt egys\u00e9gekben. \u00c9rdekes tapasztalat, hogy a Futball EB vend\u00e9gl\u00e1t\u00f3sainak t\u00f6bbs\u00e9ge nem haszn\u00e1lt Re-poharakat, helyett\u00fck az egyszer haszn\u00e1latos poharakat, valamint \u2013 ahol biztos\u00edtott volt a fert\u0151tlen\u00edt\u0151szeres-mosogat\u00e1s \u2013 az \u00fcvegpoharakat r\u00e9szes\u00edtett\u00e9k el\u0151nyben. Gyakori hibak\u00e9nt az alkalmazottak \u00e9rv\u00e9nyes eg\u00e9szs\u00e9g\u00fcgyi kisk\u00f6nyv\u00e9nek hi\u00e1ny\u00e1t tapasztalt\u00e1k a szakemberek. Az els\u0151 k\u00e9t h\u00e9tben \u00f6sszesen 4 esetben ind\u00edtottak elj\u00e1r\u00e1st, a kiszabott b\u00edrs\u00e1gok \u00f6ssz\u00e9rt\u00e9ke: 255&nbsp;000 Ft.<\/p>\n<p>Az alkoholos italk\u00edn\u00e1lat ter\u00e9n is j\u00f3l vizsg\u00e1ztak a szurkol\u00f3i z\u00f3n\u00e1k. Az ellen\u0151rz\u00f6tt 67 vend\u00e9gl\u00e1t\u00f3egys\u00e9gben kiz\u00e1r\u00f3lag N\u00e9bih azonos\u00edt\u00f3val rendelkez\u0151 borokat \u00e1rultak, \u00e9s a helysz\u00ednen be is tudt\u00e1k mutatni a nyomonk\u00f6vethet\u0151s\u00e9get igazol\u00f3 sz\u00e1ml\u00e1kat \u00e9s bork\u00eds\u00e9r\u0151 okm\u00e1nyokat. S\u00f6r\u00f6k \u00e9s egy\u00e9b szeszes italok eset\u00e9ben nem t\u00e1rtak fel jogs\u00e9rt\u00e9st a fel\u00fcgyel\u0151k, \u00e9s a bor\u00e1szati term\u00e9kek k\u00f6z\u00fcl is mind\u00f6sszesen 10 liter lej\u00e1rt min\u0151s\u00e9gmeg\u0151rz\u00e9si idej\u0171 hib\u00e1s term\u00e9ket kellett kivonniuk a forgalomb\u00f3l. A legt\u00f6bb vend\u00e9gl\u00e1t\u00f3helyen az alkoholos italok felszolg\u00e1l\u00e1s\u00e1hoz sz\u00fcks\u00e9ges felt\u00e9telek biztos\u00edtottak voltak. Nem megfelel\u0151 higi\u00e9nia miatt az ellen\u0151rz\u00f6tt 67-b\u0151l csak 2 helysz\u00ednen kezdem\u00e9nyeztek elj\u00e1r\u00e1st, \u00e9s a dolgoz\u00f3k eg\u00e9szs\u00e9g\u00fcgyi kisk\u00f6nyveit is csup\u00e1n 1 esetben nem tal\u00e1lt\u00e1k megfelel\u0151nek.<\/p>\n<p>Az alkoholos italok min\u0151s\u00e9gvizsg\u00e1lata sor\u00e1n t\u00f6bb mint 500 term\u00e9k (252 hazai \u00e9s 256 k\u00fclf\u00f6ldi) eset\u00e9ben v\u00e9geztek helysz\u00edni alkoholm\u00e9r\u00e9st, valamint adminisztrat\u00edv nyomonk\u00f6vet\u00e9si ellen\u0151rz\u00e9st. A helysz\u00ednen vizsg\u00e1lt analitikai jellemz\u0151kben, p\u00e9ld\u00e1ul az alkoholtartalomban, nem \u00e1llap\u00edtottak meg hib\u00e1t a szakemberek.<\/p>\n<p>A ny\u00e1ri szezon\u00e1lis ellen\u0151rz\u00e9s-sorozat augusztus 15-ig tart szerte az orsz\u00e1gban. A korm\u00e1ny- \u00e9s j\u00e1r\u00e1si hivatalok, valamint a N\u00e9bih szakemberei a fesztiv\u00e1lokat, a Balaton-k\u00f6rny\u00e9ki vend\u00e9gl\u00f3thelyeket, a ny\u00e1ri t\u00e1borokat, a street foodokat \u00e9s a strandb\u00fcf\u00e9ket is ellen\u0151rzik. A grillsajtok, a n\u00f6v\u00e9nyv\u00e9d\u0151szerek, a macsk\u00e1k sz\u00e1m\u00e1ra enged\u00e9lyezett k\u00fcls\u0151 \u00e9l\u0151sk\u00f6d\u0151k elleni k\u00e9sz\u00edtm\u00e9nyek, az \u0151stermel\u0151k szab\u00e1lyszer\u0171 m\u0171k\u00f6d\u00e9se, a szezon\u00e1lis gy\u00fcm\u00f6lcs\u00f6k \u00e9s z\u00f6lds\u00e9gek (p\u00e9ld\u00e1ul g\u00f6r\u00f6gdinnye), valamint az \u00e9l\u0151\u00e1llat-sz\u00e1ll\u00edtm\u00e1nyok is a hat\u00f3s\u00e1gok figyelm\u00e9nek k\u00f6z\u00e9ppontj\u00e1ban lesznek.<\/p>\n<p><em>Forr\u00e1s: Agr\u00e1rminiszt\u00e9rium Sajt\u00f3iroda<\/em><\/p>\n","protected":false},"excerpt":{"rendered":"<p>A Futball EB els\u0151 k\u00e9t het\u00e9ben 133 vend\u00e9gl\u00e1t\u00f3 egys\u00e9get \u00e9s t\u00f6bb mint 500 alkoholos italt ellen\u0151riztek a szurkol\u00f3i rendezv\u00e9nyeken az \u00e9lelmiszerl\u00e1nc-fel\u00fcgyeleti szakemberek. Az ellen\u0151rz\u00e9sek d\u00f6nt\u0151 t\u00f6bbs\u00e9ge pozit\u00edv eredm\u00e9nnyel z\u00e1rult. A hat\u00f3s\u00e1gok mind\u00f6ssze 6 esetben ind\u00edtottak elj\u00e1r\u00e1st \u00e9s 255&nbsp;000 Ft b\u00edrs\u00e1got szabtak ki, a vizsg\u00e1lt alkoholos italok k\u00f6z\u00fcl pedig csup\u00e1n 10 liter lej\u00e1rt min\u0151s\u00e9gmeg\u0151rz\u00e9si idej\u0171, hib\u00e1s<\/p>\n","protected":false},"author":1,"featured_media":63387,"comment_status":"closed","ping_status":"closed","sticky":false,"template":"","format":"standard","meta":{"ngg_post_thumbnail":0,"footnotes":""},"categories":[6934,3],"tags":[515,757],"class_list":{"0":"post-63386","1":"post","2":"type-post","3":"status-publish","4":"format-standard","5":"has-post-thumbnail","7":"category-belfold","8":"category-hirek","9":"tag-ellenorzes","10":"tag-nebih"},"yoast_head":"<!-- This site is optimized with the Yoast SEO plugin v27.5 - https:\/\/yoast.com\/product\/yoast-seo-wordpress\/ -->\n<title>J\u00f3l szerepeltek a Futball EB szurkol\u00f3i z\u00f3n\u00e1s vend\u00e9gl\u00e1t\u00f3i a ny\u00e1ri szezon\u00e1lis ellen\u0151rz\u00e9sen<\/title>\n<meta name=\"robots\" content=\"index, follow, max-snippet:-1, max-image-preview:large, max-video-preview:-1\" \/>\n<link rel=\"canonical\" href=\"https:\/\/dorogimedence.hu\/index.php\/2024\/07\/11\/jol-szerepeltek-a-futball-eb-szurkoloi-zonas-vendeglatoi-a-nyari-szezonalis-ellenorzesen\/\" class=\"yoast-seo-meta-tag\" \/>\n<meta property=\"og:locale\" content=\"hu_HU\" class=\"yoast-seo-meta-tag\" \/>\n<meta property=\"og:type\" content=\"article\" class=\"yoast-seo-meta-tag\" \/>\n<meta property=\"og:title\" content=\"J\u00f3l szerepeltek a Futball EB szurkol\u00f3i z\u00f3n\u00e1s vend\u00e9gl\u00e1t\u00f3i a ny\u00e1ri szezon\u00e1lis ellen\u0151rz\u00e9sen\" class=\"yoast-seo-meta-tag\" \/>\n<meta property=\"og:description\" content=\"A Futball EB els\u0151 k\u00e9t het\u00e9ben 133 vend\u00e9gl\u00e1t\u00f3 egys\u00e9get \u00e9s t\u00f6bb mint 500 alkoholos italt ellen\u0151riztek a szurkol\u00f3i rendezv\u00e9nyeken az \u00e9lelmiszerl\u00e1nc-fel\u00fcgyeleti szakemberek. Az ellen\u0151rz\u00e9sek d\u00f6nt\u0151 t\u00f6bbs\u00e9ge pozit\u00edv eredm\u00e9nnyel z\u00e1rult. A hat\u00f3s\u00e1gok mind\u00f6ssze 6 esetben ind\u00edtottak elj\u00e1r\u00e1st \u00e9s 255&nbsp;000 Ft b\u00edrs\u00e1got szabtak ki, a vizsg\u00e1lt alkoholos italok k\u00f6z\u00fcl pedig csup\u00e1n 10 liter lej\u00e1rt min\u0151s\u00e9gmeg\u0151rz\u00e9si idej\u0171, hib\u00e1s\" class=\"yoast-seo-meta-tag\" \/>\n<meta property=\"og:url\" content=\"https:\/\/dorogimedence.hu\/index.php\/2024\/07\/11\/jol-szerepeltek-a-futball-eb-szurkoloi-zonas-vendeglatoi-a-nyari-szezonalis-ellenorzesen\/\" class=\"yoast-seo-meta-tag\" \/>\n<meta property=\"og:site_name\" content=\"Dorogi-medence Region\u00e1lis H\u00edrport\u00e1l\" class=\"yoast-seo-meta-tag\" \/>\n<meta property=\"article:publisher\" content=\"https:\/\/www.facebook.com\/dorogimedence\/\" class=\"yoast-seo-meta-tag\" \/>\n<meta property=\"article:published_time\" content=\"2024-07-11T13:08:47+00:00\" class=\"yoast-seo-meta-tag\" \/>\n<meta property=\"og:image\" content=\"https:\/\/dorogimedence.hu\/wp-content\/uploads\/2024\/07\/beer-2218900_1920.jpg\" class=\"yoast-seo-meta-tag\" \/>\n\t<meta property=\"og:image:width\" content=\"1920\" class=\"yoast-seo-meta-tag\" \/>\n\t<meta property=\"og:image:height\" content=\"1280\" class=\"yoast-seo-meta-tag\" \/>\n\t<meta property=\"og:image:type\" content=\"image\/jpeg\" class=\"yoast-seo-meta-tag\" \/>\n<meta name=\"author\" content=\"dorogimedence.hu\" class=\"yoast-seo-meta-tag\" \/>\n<meta name=\"twitter:card\" content=\"summary_large_image\" class=\"yoast-seo-meta-tag\" \/>\n<meta name=\"twitter:label1\" content=\"Szerz\u0151:\" class=\"yoast-seo-meta-tag\" \/>\n\t<meta name=\"twitter:data1\" content=\"dorogimedence.hu\" class=\"yoast-seo-meta-tag\" \/>\n\t<meta name=\"twitter:label2\" content=\"Becs\u00fclt olvas\u00e1si id\u0151\" class=\"yoast-seo-meta-tag\" \/>\n\t<meta name=\"twitter:data2\" content=\"3 perc\" class=\"yoast-seo-meta-tag\" \/>\n<script type=\"application\/ld+json\" class=\"yoast-schema-graph\">{\"@context\":\"https:\\\/\\\/schema.org\",\"@graph\":[{\"@type\":\"Article\",\"@id\":\"https:\\\/\\\/dorogimedence.hu\\\/index.php\\\/2024\\\/07\\\/11\\\/jol-szerepeltek-a-futball-eb-szurkoloi-zonas-vendeglatoi-a-nyari-szezonalis-ellenorzesen\\\/#article\",\"isPartOf\":{\"@id\":\"https:\\\/\\\/dorogimedence.hu\\\/index.php\\\/2024\\\/07\\\/11\\\/jol-szerepeltek-a-futball-eb-szurkoloi-zonas-vendeglatoi-a-nyari-szezonalis-ellenorzesen\\\/\"},\"author\":{\"name\":\"dorogimedence.hu\",\"@id\":\"https:\\\/\\\/dorogimedence.hu\\\/#\\\/schema\\\/person\\\/ce6091eeb7e95ecdc87890d6aa8e0fd4\"},\"headline\":\"J\u00f3l szerepeltek a Futball EB szurkol\u00f3i z\u00f3n\u00e1s vend\u00e9gl\u00e1t\u00f3i a ny\u00e1ri szezon\u00e1lis ellen\u0151rz\u00e9sen\",\"datePublished\":\"2024-07-11T13:08:47+00:00\",\"mainEntityOfPage\":{\"@id\":\"https:\\\/\\\/dorogimedence.hu\\\/index.php\\\/2024\\\/07\\\/11\\\/jol-szerepeltek-a-futball-eb-szurkoloi-zonas-vendeglatoi-a-nyari-szezonalis-ellenorzesen\\\/\"},\"wordCount\":711,\"publisher\":{\"@id\":\"https:\\\/\\\/dorogimedence.hu\\\/#organization\"},\"image\":{\"@id\":\"https:\\\/\\\/dorogimedence.hu\\\/index.php\\\/2024\\\/07\\\/11\\\/jol-szerepeltek-a-futball-eb-szurkoloi-zonas-vendeglatoi-a-nyari-szezonalis-ellenorzesen\\\/#primaryimage\"},\"thumbnailUrl\":\"https:\\\/\\\/dorogimedence.hu\\\/wp-content\\\/uploads\\\/2024\\\/07\\\/beer-2218900_1920.jpg\",\"keywords\":[\"ellen\u0151rz\u00e9s\",\"n\u00e9bih\"],\"articleSection\":[\"Belf\u00f6ld, Gazdas\u00e1g\",\"H\u00edrek\"],\"inLanguage\":\"hu\"},{\"@type\":\"WebPage\",\"@id\":\"https:\\\/\\\/dorogimedence.hu\\\/index.php\\\/2024\\\/07\\\/11\\\/jol-szerepeltek-a-futball-eb-szurkoloi-zonas-vendeglatoi-a-nyari-szezonalis-ellenorzesen\\\/\",\"url\":\"https:\\\/\\\/dorogimedence.hu\\\/index.php\\\/2024\\\/07\\\/11\\\/jol-szerepeltek-a-futball-eb-szurkoloi-zonas-vendeglatoi-a-nyari-szezonalis-ellenorzesen\\\/\",\"name\":\"J\u00f3l szerepeltek a Futball EB szurkol\u00f3i z\u00f3n\u00e1s vend\u00e9gl\u00e1t\u00f3i a ny\u00e1ri szezon\u00e1lis ellen\u0151rz\u00e9sen\",\"isPartOf\":{\"@id\":\"https:\\\/\\\/dorogimedence.hu\\\/#website\"},\"primaryImageOfPage\":{\"@id\":\"https:\\\/\\\/dorogimedence.hu\\\/index.php\\\/2024\\\/07\\\/11\\\/jol-szerepeltek-a-futball-eb-szurkoloi-zonas-vendeglatoi-a-nyari-szezonalis-ellenorzesen\\\/#primaryimage\"},\"image\":{\"@id\":\"https:\\\/\\\/dorogimedence.hu\\\/index.php\\\/2024\\\/07\\\/11\\\/jol-szerepeltek-a-futball-eb-szurkoloi-zonas-vendeglatoi-a-nyari-szezonalis-ellenorzesen\\\/#primaryimage\"},\"thumbnailUrl\":\"https:\\\/\\\/dorogimedence.hu\\\/wp-content\\\/uploads\\\/2024\\\/07\\\/beer-2218900_1920.jpg\",\"datePublished\":\"2024-07-11T13:08:47+00:00\",\"breadcrumb\":{\"@id\":\"https:\\\/\\\/dorogimedence.hu\\\/index.php\\\/2024\\\/07\\\/11\\\/jol-szerepeltek-a-futball-eb-szurkoloi-zonas-vendeglatoi-a-nyari-szezonalis-ellenorzesen\\\/#breadcrumb\"},\"inLanguage\":\"hu\",\"potentialAction\":[{\"@type\":\"ReadAction\",\"target\":[\"https:\\\/\\\/dorogimedence.hu\\\/index.php\\\/2024\\\/07\\\/11\\\/jol-szerepeltek-a-futball-eb-szurkoloi-zonas-vendeglatoi-a-nyari-szezonalis-ellenorzesen\\\/\"]}]},{\"@type\":\"ImageObject\",\"inLanguage\":\"hu\",\"@id\":\"https:\\\/\\\/dorogimedence.hu\\\/index.php\\\/2024\\\/07\\\/11\\\/jol-szerepeltek-a-futball-eb-szurkoloi-zonas-vendeglatoi-a-nyari-szezonalis-ellenorzesen\\\/#primaryimage\",\"url\":\"https:\\\/\\\/dorogimedence.hu\\\/wp-content\\\/uploads\\\/2024\\\/07\\\/beer-2218900_1920.jpg\",\"contentUrl\":\"https:\\\/\\\/dorogimedence.hu\\\/wp-content\\\/uploads\\\/2024\\\/07\\\/beer-2218900_1920.jpg\",\"width\":1920,\"height\":1280},{\"@type\":\"BreadcrumbList\",\"@id\":\"https:\\\/\\\/dorogimedence.hu\\\/index.php\\\/2024\\\/07\\\/11\\\/jol-szerepeltek-a-futball-eb-szurkoloi-zonas-vendeglatoi-a-nyari-szezonalis-ellenorzesen\\\/#breadcrumb\",\"itemListElement\":[{\"@type\":\"ListItem\",\"position\":1,\"name\":\"Kezd\u0151lap\",\"item\":\"https:\\\/\\\/dorogimedence.hu\\\/\"},{\"@type\":\"ListItem\",\"position\":2,\"name\":\"J\u00f3l szerepeltek a Futball EB szurkol\u00f3i z\u00f3n\u00e1s vend\u00e9gl\u00e1t\u00f3i a ny\u00e1ri szezon\u00e1lis ellen\u0151rz\u00e9sen\"}]},{\"@type\":\"WebSite\",\"@id\":\"https:\\\/\\\/dorogimedence.hu\\\/#website\",\"url\":\"https:\\\/\\\/dorogimedence.hu\\\/\",\"name\":\"Dorogi-medence Region\u00e1lis H\u00edrport\u00e1l\",\"description\":\"Dorog, Keszt\u00f6lc, Le\u00e1nyv\u00e1r, Piliscs\u00e9v, Tokod, Tokodalt\u00e1r\u00f3, Csolnok, Esztergom-kertv\u00e1ros: h\u00edrek, programok\",\"publisher\":{\"@id\":\"https:\\\/\\\/dorogimedence.hu\\\/#organization\"},\"potentialAction\":[{\"@type\":\"SearchAction\",\"target\":{\"@type\":\"EntryPoint\",\"urlTemplate\":\"https:\\\/\\\/dorogimedence.hu\\\/?s={search_term_string}\"},\"query-input\":{\"@type\":\"PropertyValueSpecification\",\"valueRequired\":true,\"valueName\":\"search_term_string\"}}],\"inLanguage\":\"hu\"},{\"@type\":\"Organization\",\"@id\":\"https:\\\/\\\/dorogimedence.hu\\\/#organization\",\"name\":\"Dorogi-medence Region\u00e1lis H\u00edrport\u00e1l\",\"url\":\"https:\\\/\\\/dorogimedence.hu\\\/\",\"logo\":{\"@type\":\"ImageObject\",\"inLanguage\":\"hu\",\"@id\":\"https:\\\/\\\/dorogimedence.hu\\\/#\\\/schema\\\/logo\\\/image\\\/\",\"url\":\"https:\\\/\\\/dorogimedence.hu\\\/wp-content\\\/uploads\\\/2021\\\/04\\\/logo-feher-600.png\",\"contentUrl\":\"https:\\\/\\\/dorogimedence.hu\\\/wp-content\\\/uploads\\\/2021\\\/04\\\/logo-feher-600.png\",\"width\":600,\"height\":100,\"caption\":\"Dorogi-medence Region\u00e1lis H\u00edrport\u00e1l\"},\"image\":{\"@id\":\"https:\\\/\\\/dorogimedence.hu\\\/#\\\/schema\\\/logo\\\/image\\\/\"},\"sameAs\":[\"https:\\\/\\\/www.facebook.com\\\/dorogimedence\\\/\"]},{\"@type\":\"Person\",\"@id\":\"https:\\\/\\\/dorogimedence.hu\\\/#\\\/schema\\\/person\\\/ce6091eeb7e95ecdc87890d6aa8e0fd4\",\"name\":\"dorogimedence.hu\",\"image\":{\"@type\":\"ImageObject\",\"inLanguage\":\"hu\",\"@id\":\"\\\/\\\/www.gravatar.com\\\/avatar\\\/d8d45f8901aadff40a4af72c0b826f1d?s=96&#038;r=g&#038;d=mm\",\"url\":\"\\\/\\\/www.gravatar.com\\\/avatar\\\/d8d45f8901aadff40a4af72c0b826f1d?s=96&#038;r=g&#038;d=mm\",\"contentUrl\":\"\\\/\\\/www.gravatar.com\\\/avatar\\\/d8d45f8901aadff40a4af72c0b826f1d?s=96&#038;r=g&#038;d=mm\",\"caption\":\"dorogimedence.hu\"}}]}<\/script>\n<!-- \/ Yoast SEO plugin. -->","yoast_head_json":{"title":"J\u00f3l szerepeltek a Futball EB szurkol\u00f3i z\u00f3n\u00e1s vend\u00e9gl\u00e1t\u00f3i a ny\u00e1ri szezon\u00e1lis ellen\u0151rz\u00e9sen","robots":{"index":"index","follow":"follow","max-snippet":"max-snippet:-1","max-image-preview":"max-image-preview:large","max-video-preview":"max-video-preview:-1"},"canonical":"https:\/\/dorogimedence.hu\/index.php\/2024\/07\/11\/jol-szerepeltek-a-futball-eb-szurkoloi-zonas-vendeglatoi-a-nyari-szezonalis-ellenorzesen\/","og_locale":"hu_HU","og_type":"article","og_title":"J\u00f3l szerepeltek a Futball EB szurkol\u00f3i z\u00f3n\u00e1s vend\u00e9gl\u00e1t\u00f3i a ny\u00e1ri szezon\u00e1lis ellen\u0151rz\u00e9sen","og_description":"A Futball EB els\u0151 k\u00e9t het\u00e9ben 133 vend\u00e9gl\u00e1t\u00f3 egys\u00e9get \u00e9s t\u00f6bb mint 500 alkoholos italt ellen\u0151riztek a szurkol\u00f3i rendezv\u00e9nyeken az \u00e9lelmiszerl\u00e1nc-fel\u00fcgyeleti szakemberek. Az ellen\u0151rz\u00e9sek d\u00f6nt\u0151 t\u00f6bbs\u00e9ge pozit\u00edv eredm\u00e9nnyel z\u00e1rult. A hat\u00f3s\u00e1gok mind\u00f6ssze 6 esetben ind\u00edtottak elj\u00e1r\u00e1st \u00e9s 255&nbsp;000 Ft b\u00edrs\u00e1got szabtak ki, a vizsg\u00e1lt alkoholos italok k\u00f6z\u00fcl pedig csup\u00e1n 10 liter lej\u00e1rt min\u0151s\u00e9gmeg\u0151rz\u00e9si idej\u0171, hib\u00e1s","og_url":"https:\/\/dorogimedence.hu\/index.php\/2024\/07\/11\/jol-szerepeltek-a-futball-eb-szurkoloi-zonas-vendeglatoi-a-nyari-szezonalis-ellenorzesen\/","og_site_name":"Dorogi-medence Region\u00e1lis H\u00edrport\u00e1l","article_publisher":"https:\/\/www.facebook.com\/dorogimedence\/","article_published_time":"2024-07-11T13:08:47+00:00","og_image":[{"width":1920,"height":1280,"url":"https:\/\/dorogimedence.hu\/wp-content\/uploads\/2024\/07\/beer-2218900_1920.jpg","type":"image\/jpeg"}],"author":"dorogimedence.hu","twitter_card":"summary_large_image","twitter_misc":{"Szerz\u0151:":"dorogimedence.hu","Becs\u00fclt olvas\u00e1si id\u0151":"3 perc"},"schema":{"@context":"https:\/\/schema.org","@graph":[{"@type":"Article","@id":"https:\/\/dorogimedence.hu\/index.php\/2024\/07\/11\/jol-szerepeltek-a-futball-eb-szurkoloi-zonas-vendeglatoi-a-nyari-szezonalis-ellenorzesen\/#article","isPartOf":{"@id":"https:\/\/dorogimedence.hu\/index.php\/2024\/07\/11\/jol-szerepeltek-a-futball-eb-szurkoloi-zonas-vendeglatoi-a-nyari-szezonalis-ellenorzesen\/"},"author":{"name":"dorogimedence.hu","@id":"https:\/\/dorogimedence.hu\/#\/schema\/person\/ce6091eeb7e95ecdc87890d6aa8e0fd4"},"headline":"J\u00f3l szerepeltek a Futball EB szurkol\u00f3i z\u00f3n\u00e1s vend\u00e9gl\u00e1t\u00f3i a ny\u00e1ri szezon\u00e1lis ellen\u0151rz\u00e9sen","datePublished":"2024-07-11T13:08:47+00:00","mainEntityOfPage":{"@id":"https:\/\/dorogimedence.hu\/index.php\/2024\/07\/11\/jol-szerepeltek-a-futball-eb-szurkoloi-zonas-vendeglatoi-a-nyari-szezonalis-ellenorzesen\/"},"wordCount":711,"publisher":{"@id":"https:\/\/dorogimedence.hu\/#organization"},"image":{"@id":"https:\/\/dorogimedence.hu\/index.php\/2024\/07\/11\/jol-szerepeltek-a-futball-eb-szurkoloi-zonas-vendeglatoi-a-nyari-szezonalis-ellenorzesen\/#primaryimage"},"thumbnailUrl":"https:\/\/dorogimedence.hu\/wp-content\/uploads\/2024\/07\/beer-2218900_1920.jpg","keywords":["ellen\u0151rz\u00e9s","n\u00e9bih"],"articleSection":["Belf\u00f6ld, Gazdas\u00e1g","H\u00edrek"],"inLanguage":"hu"},{"@type":"WebPage","@id":"https:\/\/dorogimedence.hu\/index.php\/2024\/07\/11\/jol-szerepeltek-a-futball-eb-szurkoloi-zonas-vendeglatoi-a-nyari-szezonalis-ellenorzesen\/","url":"https:\/\/dorogimedence.hu\/index.php\/2024\/07\/11\/jol-szerepeltek-a-futball-eb-szurkoloi-zonas-vendeglatoi-a-nyari-szezonalis-ellenorzesen\/","name":"J\u00f3l szerepeltek a Futball EB szurkol\u00f3i z\u00f3n\u00e1s vend\u00e9gl\u00e1t\u00f3i a ny\u00e1ri szezon\u00e1lis ellen\u0151rz\u00e9sen","isPartOf":{"@id":"https:\/\/dorogimedence.hu\/#website"},"primaryImageOfPage":{"@id":"https:\/\/dorogimedence.hu\/index.php\/2024\/07\/11\/jol-szerepeltek-a-futball-eb-szurkoloi-zonas-vendeglatoi-a-nyari-szezonalis-ellenorzesen\/#primaryimage"},"image":{"@id":"https:\/\/dorogimedence.hu\/index.php\/2024\/07\/11\/jol-szerepeltek-a-futball-eb-szurkoloi-zonas-vendeglatoi-a-nyari-szezonalis-ellenorzesen\/#primaryimage"},"thumbnailUrl":"https:\/\/dorogimedence.hu\/wp-content\/uploads\/2024\/07\/beer-2218900_1920.jpg","datePublished":"2024-07-11T13:08:47+00:00","breadcrumb":{"@id":"https:\/\/dorogimedence.hu\/index.php\/2024\/07\/11\/jol-szerepeltek-a-futball-eb-szurkoloi-zonas-vendeglatoi-a-nyari-szezonalis-ellenorzesen\/#breadcrumb"},"inLanguage":"hu","potentialAction":[{"@type":"ReadAction","target":["https:\/\/dorogimedence.hu\/index.php\/2024\/07\/11\/jol-szerepeltek-a-futball-eb-szurkoloi-zonas-vendeglatoi-a-nyari-szezonalis-ellenorzesen\/"]}]},{"@type":"ImageObject","inLanguage":"hu","@id":"https:\/\/dorogimedence.hu\/index.php\/2024\/07\/11\/jol-szerepeltek-a-futball-eb-szurkoloi-zonas-vendeglatoi-a-nyari-szezonalis-ellenorzesen\/#primaryimage","url":"https:\/\/dorogimedence.hu\/wp-content\/uploads\/2024\/07\/beer-2218900_1920.jpg","contentUrl":"https:\/\/dorogimedence.hu\/wp-content\/uploads\/2024\/07\/beer-2218900_1920.jpg","width":1920,"height":1280},{"@type":"BreadcrumbList","@id":"https:\/\/dorogimedence.hu\/index.php\/2024\/07\/11\/jol-szerepeltek-a-futball-eb-szurkoloi-zonas-vendeglatoi-a-nyari-szezonalis-ellenorzesen\/#breadcrumb","itemListElement":[{"@type":"ListItem","position":1,"name":"Kezd\u0151lap","item":"https:\/\/dorogimedence.hu\/"},{"@type":"ListItem","position":2,"name":"J\u00f3l szerepeltek a Futball EB szurkol\u00f3i z\u00f3n\u00e1s vend\u00e9gl\u00e1t\u00f3i a ny\u00e1ri szezon\u00e1lis ellen\u0151rz\u00e9sen"}]},{"@type":"WebSite","@id":"https:\/\/dorogimedence.hu\/#website","url":"https:\/\/dorogimedence.hu\/","name":"Dorogi-medence Region\u00e1lis H\u00edrport\u00e1l","description":"Dorog, Keszt\u00f6lc, Le\u00e1nyv\u00e1r, Piliscs\u00e9v, Tokod, Tokodalt\u00e1r\u00f3, Csolnok, Esztergom-kertv\u00e1ros: h\u00edrek, programok","publisher":{"@id":"https:\/\/dorogimedence.hu\/#organization"},"potentialAction":[{"@type":"SearchAction","target":{"@type":"EntryPoint","urlTemplate":"https:\/\/dorogimedence.hu\/?s={search_term_string}"},"query-input":{"@type":"PropertyValueSpecification","valueRequired":true,"valueName":"search_term_string"}}],"inLanguage":"hu"},{"@type":"Organization","@id":"https:\/\/dorogimedence.hu\/#organization","name":"Dorogi-medence Region\u00e1lis H\u00edrport\u00e1l","url":"https:\/\/dorogimedence.hu\/","logo":{"@type":"ImageObject","inLanguage":"hu","@id":"https:\/\/dorogimedence.hu\/#\/schema\/logo\/image\/","url":"https:\/\/dorogimedence.hu\/wp-content\/uploads\/2021\/04\/logo-feher-600.png","contentUrl":"https:\/\/dorogimedence.hu\/wp-content\/uploads\/2021\/04\/logo-feher-600.png","width":600,"height":100,"caption":"Dorogi-medence Region\u00e1lis H\u00edrport\u00e1l"},"image":{"@id":"https:\/\/dorogimedence.hu\/#\/schema\/logo\/image\/"},"sameAs":["https:\/\/www.facebook.com\/dorogimedence\/"]},{"@type":"Person","@id":"https:\/\/dorogimedence.hu\/#\/schema\/person\/ce6091eeb7e95ecdc87890d6aa8e0fd4","name":"dorogimedence.hu","image":{"@type":"ImageObject","inLanguage":"hu","@id":"\/\/www.gravatar.com\/avatar\/d8d45f8901aadff40a4af72c0b826f1d?s=96&#038;r=g&#038;d=mm","url":"\/\/www.gravatar.com\/avatar\/d8d45f8901aadff40a4af72c0b826f1d?s=96&#038;r=g&#038;d=mm","contentUrl":"\/\/www.gravatar.com\/avatar\/d8d45f8901aadff40a4af72c0b826f1d?s=96&#038;r=g&#038;d=mm","caption":"dorogimedence.hu"}}]}},"_links":{"self":[{"href":"https:\/\/dorogimedence.hu\/index.php\/wp-json\/wp\/v2\/posts\/63386","targetHints":{"allow":["GET"]}}],"collection":[{"href":"https:\/\/dorogimedence.hu\/index.php\/wp-json\/wp\/v2\/posts"}],"about":[{"href":"https:\/\/dorogimedence.hu\/index.php\/wp-json\/wp\/v2\/types\/post"}],"author":[{"embeddable":true,"href":"https:\/\/dorogimedence.hu\/index.php\/wp-json\/wp\/v2\/users\/1"}],"replies":[{"embeddable":true,"href":"https:\/\/dorogimedence.hu\/index.php\/wp-json\/wp\/v2\/comments?post=63386"}],"version-history":[{"count":0,"href":"https:\/\/dorogimedence.hu\/index.php\/wp-json\/wp\/v2\/posts\/63386\/revisions"}],"wp:featuredmedia":[{"embeddable":true,"href":"https:\/\/dorogimedence.hu\/index.php\/wp-json\/wp\/v2\/media\/63387"}],"wp:attachment":[{"href":"https:\/\/dorogimedence.hu\/index.php\/wp-json\/wp\/v2\/media?parent=63386"}],"wp:term":[{"taxonomy":"category","embeddable":true,"href":"https:\/\/dorogimedence.hu\/index.php\/wp-json\/wp\/v2\/categories?post=63386"},{"taxonomy":"post_tag","embeddable":true,"href":"https:\/\/dorogimedence.hu\/index.php\/wp-json\/wp\/v2\/tags?post=63386"}],"curies":[{"name":"wp","href":"https:\/\/api.w.org\/{rel}","templated":true}]}}