{"id":63300,"date":"2024-07-05T16:50:51","date_gmt":"2024-07-05T14:50:51","guid":{"rendered":"https:\/\/dorogimedence.hu\/?p=63300"},"modified":"2024-07-05T16:51:42","modified_gmt":"2024-07-05T14:51:42","slug":"fekete-hettel-zarult-a-junius-a-vasuton","status":"publish","type":"post","link":"https:\/\/dorogimedence.hu\/index.php\/2024\/07\/05\/fekete-hettel-zarult-a-junius-a-vasuton\/","title":{"rendered":"Fekete h\u00e9ttel z\u00e1rult a j\u00fanius a vas\u00faton"},"content":{"rendered":"<div class=\"field-lead\">\n<p><strong>Tov\u00e1bb romlott a baleseti statisztika a M\u00c1V h\u00e1l\u00f3zat\u00e1n: id\u00e9n eddig 36 baleset t\u00f6rt\u00e9nt vas\u00fati \u00e1tj\u00e1r\u00f3ban a KRESZ megszeg\u00e9se vagy figyelmetlens\u00e9g miatt, 7 esettel t\u00f6bb, mint az elm\u00falt \u00e9v azonos id\u0151szak\u00e1ban. Csak j\u00fanius utols\u00f3 het\u00e9ben 5 baleset t\u00f6rt\u00e9nt, amelyek k\u00f6z\u00fcl az egyik h\u00e1rom ember\u00e9letet k\u00f6vetelt. A balesetek megel\u0151z\u00e9se \u00e9rdek\u00e9ben a ny\u00e1ri id\u0151szakban a M\u00c1V id\u00e9n is vas\u00fatbiztons\u00e1gi kitelep\u00fcl\u00e9sekkel er\u0151s\u00edti figyelemfelkelt\u0151 kamp\u00e1ny\u00e1t a Balaton ment\u00e9n \u00e9s a Velencei-t\u00f3n\u00e1l.<\/strong><\/p>\n<\/div>\n<div class=\"field-body\">\n<p>A balesetek visszaszor\u00edt\u00e1sa \u00e9rdek\u00e9ben a M\u00c1V 2022 \u00e1prilis\u00e1ban, <a tabindex=\"0\" href=\"https:\/\/www.mavcsoport.hu\/mav-csoport\/bemutatkozas\/vasutbiztonsag\" target=\"_blank\" rel=\"noopener\"><span style=\"text-decoration: underline;\"><span style=\"color: #0000ff; text-decoration: underline;\">\u00c9rj haza biztons\u00e1gban<\/span><\/span><\/a>! c\u00edmmel elind\u00edtotta orsz\u00e1gos balesetmegel\u0151z\u0151 kamp\u00e1ny\u00e1t, amely a lakoss\u00e1g \u00e1ltal\u00e1nos eduk\u00e1l\u00e1s\u00e1t, a probl\u00e9m\u00e1ra val\u00f3 r\u00e1vil\u00e1g\u00edt\u00e1st t\u0171zte ki c\u00e9lul, els\u0151sorban a figyelemfelkelt\u00e9s \u00e9s a k\u00f6zleked\u00e9si mor\u00e1l jav\u00edt\u00e1sa \u00e9rdek\u00e9ben. A kamp\u00e1nyt a ny\u00e1ri id\u0151szakban id\u00e9n is vas\u00fatbiztons\u00e1gi kitelep\u00fcl\u00e9s-sorozattal er\u0151s\u00edti a vas\u00fatt\u00e1rsas\u00e1g, amelynek az els\u0151 helysz\u00edne a mai napon Balatonlelle volt. A ny\u00e1r folyam\u00e1n Zam\u00e1rdiban, Als\u00f3\u00f6rs\u00f6n, Balatonalm\u00e1diban, Ag\u00e1rdon \u00e9s az Erzs\u00e9bet t\u00e1borban is balesetmegel\u0151z\u00e9si kitelep\u00fcl\u00e9seken h\u00edvj\u00e1k fel a figyelmet a szab\u00e1lyk\u00f6vet\u0151 k\u00f6zleked\u00e9s fontoss\u00e1g\u00e1ra.<\/p>\n<p>A M\u00c1V az eddigiek mellett \u00fajabb elemekkel b\u0151v\u00edti intenz\u00edv vas\u00fatbiztons\u00e1gi kamp\u00e1ny\u00e1t a vas\u00fati \u00e1tj\u00e1r\u00f3kban t\u00f6rt\u00e9nt balesetek sz\u00e1m\u00e1nak cs\u00f6kkent\u00e9se \u00e9rdek\u00e9ben. A vas\u00fatt\u00e1rsas\u00e1g H\u00e4rtlein K\u00e1rolynak, a BME Fizikai Int\u00e9zet mesteroktat\u00f3j\u00e1nak a k\u00f6zrem\u0171k\u00f6d\u00e9s\u00e9vel S\u00cdN-T\u00c9R c\u00edmmel ismeretterjeszt\u0151 filmekben h\u00edvja fel a figyelmet a szab\u00e1lyk\u00f6vet\u0151 k\u00f6zleked\u00e9s fontoss\u00e1g\u00e1ra.<\/p>\n<p>A filmsorozat k\u00f6vetkez\u0151 epiz\u00f3dja az elsodr\u00e1si hat\u00e1r t\u00e9mak\u00f6r\u00e9t dolgozza fel:<\/p>\n<div class=\"video-filter\"><iframe class=\"video-filter video-youtube vf-ukdm6meoys\" src=\"https:\/\/www.youtube.com\/embed\/ukDm_6meoYs?modestbranding=0&amp;html5=1&amp;rel=0&amp;autoplay=0&amp;wmode=opaque&amp;loop=0&amp;controls=1&amp;autohide=0&amp;showinfo=0&amp;theme=dark&amp;color=red&amp;enablejsapi=0\" width=\"700\" height=\"394\" frameborder=\"0\" allowfullscreen=\"allowfullscreen\" data-mce-fragment=\"1\"><\/iframe><\/div>\n<div>&nbsp;<\/div>\n<p>A ny\u00e1ri sz\u00fcnet idej\u00e9n \u00e1ltal\u00e1ban megemelkedik a balesetek sz\u00e1ma, ez\u00e9rt felh\u00edvj\u00e1k a figyelmet az al\u00e1bbiakra:<\/p>\n<ul>\n<li>Vas\u00fat\u00fczemi ter\u00fcleten tart\u00f3zkodni \u00e9letvesz\u00e9lyes \u00e9s tilos! Csak a kijel\u00f6lt vas\u00fati \u00e1tj\u00e1r\u00f3ban szabad \u00e1tmenni a s\u00edneken. A vas\u00fati \u00e1tj\u00e1r\u00f3t mindig kiemelt k\u00f6r\u00fcltekint\u00e9ssel kell megk\u00f6zel\u00edteni!<\/li>\n<li>A f\u00e9nysoromp\u00f3 felv\u00e1ltva villog\u00f3 piros f\u00e9nye azt jelenti, hogy nem szabad \u00e1tmenni a s\u00edneken, mert j\u00f6n a vonat. Ha a vonat elhaladt, v\u00e1rjuk meg a f\u00e9nysoromp\u00f3 feh\u00e9r villog\u00f3 jelz\u00e9s\u00e9t. Miel\u0151tt a s\u00ednekre l\u00e9p\u00fcnk, mindig gy\u0151z\u0151dj\u00fcnk meg r\u00f3la, hogy egyik ir\u00e1nyb\u00f3l sem \u00e9rkezik vonat!<\/li>\n<li>Nem szabad k\u00f6zleked\u00e9s k\u00f6zben f\u00fclhallgat\u00f3t haszn\u00e1lni, vagy a telefont nyomkodni, mert ez elvonja a figyelmet a vesz\u00e9lyekr\u0151l.<\/li>\n<li>Tilos \u00e9s \u00e9letvesz\u00e9lyes felm\u00e1szni a vas\u00fati kocsikra vagy a fels\u0151vezet\u00e9k tart\u00f3oszlop\u00e1ra! A villamos fels\u0151vezet\u00e9k megk\u00f6zel\u00edt\u00e9se is \u00e9letvesz\u00e9lyes, m\u00e1r 2 m\u00e9teres t\u00e1vols\u00e1gt\u00f3l \u00e1ram\u00fct\u00e9st, s\u00falyos vagy \u00e9letvesz\u00e9lyes \u00e9g\u00e9st okozhat. M\u00e1r \u00f6nmag\u00e1ban az 5-6 m\u00e9ter magas j\u00e1rm\u0171 tetej\u00e9r\u0151l val\u00f3 lecs\u00fasz\u00e1s is s\u00falyos s\u00e9r\u00fcl\u00e9seket okozhat, vagy ak\u00e1r hal\u00e1los k\u00f6vetkezm\u00e9nnyel is j\u00e1rhat. Szigor\u00faan tilos a j\u00e1rm\u0171vek al\u00e1 menni, alattuk \u00e1tb\u00fajni, illetve azok tetej\u00e9re felm\u00e1szni.<\/li>\n<li>Az \u00e9let\u00fckkel j\u00e1tszanak azok a fiatalok, akik sz\u00f3rakoz\u00e1sb\u00f3l a vonat el\u00e9 szaladnak, majd elugranak az \u00e9rkez\u0151 j\u00e1rm\u0171 el\u0151l. A vonat val\u00f3s sebess\u00e9g\u00e9t nagyon neh\u00e9z \u00e9rz\u00e9kelni, r\u00e1ad\u00e1sul a vas\u00fati szerelv\u00e9ny f\u00e9kt\u00e1vols\u00e1ga is t\u00f6bbsz\u00e1z m\u00e9ter, ez\u00e9rt a hirtelen meg\u00e1ll\u00edt\u00e1sa es\u00e9lytelen!&nbsp;<\/li>\n<li>A vas\u00fati s\u00ednre k\u00f6veket, idegen anyagokat helyezni, a vonatot megdob\u00e1lni szigor\u00faan tilos! Ezek a cselekedetek s\u00falyosan vesz\u00e9lyeztetik a k\u00f6zleked\u0151 vonatok biztons\u00e1g\u00e1t, hiszen azok szolg\u00e1latk\u00e9ptelens\u00e9g\u00e9t, sz\u00e9ls\u0151s\u00e9ges esetben sikl\u00e1s\u00e1t is okozhatj\u00e1k. A s\u00ednre helyezett t\u00e1rgy \u00e9szlel\u00e9s\u00e9t k\u00f6vet\u0151 v\u00e9szf\u00e9kez\u00e9s k\u00f6vetkezm\u00e9nyek\u00e9nt az utasok \u00e9s a vonat szem\u00e9lyzete is megs\u00e9r\u00fclhet. Az ilyen jelleg\u0171 cselekm\u00e9nyeket minden esetben feljelent\u00e9s k\u00f6vet.<\/li>\n<\/ul>\n<p>A balesetek sz\u00e1m\u00e1nak visszaszor\u00edt\u00e1sa valamennyi\u00fcnk k\u00f6z\u00f6s \u00fcgye, ez\u00e9rt arra k\u00e9rik a k\u00f6zleked\u0151ket, hogy minden k\u00f6r\u00fclm\u00e9nyek k\u00f6z\u00f6tt k\u00f6zlekedjenek k\u00f6r\u00fcltekint\u0151en, hiszen j\u00e1rm\u0171vel vagy gyalogosan is \u00e9let-hal\u00e1l k\u00e9rd\u00e9se lehet a KRESZ szab\u00e1lyok betart\u00e1sa!<\/p>\n<p>Tov\u00e1bbi r\u00e9szletek <a href=\"https:\/\/www.mavcsoport.hu\/mav\/fekete-hettel-zarult-junius-vasuton\" target=\"_blank\" rel=\"noopener\"><span style=\"text-decoration: underline; color: #0000ff;\">ide kattintva<\/span><\/a> olvashat\u00f3k!<\/p>\n<p><em>Bor\u00edt\u00f3k\u00e9p, forr\u00e1s: M\u00c1V Zrt. Kommunik\u00e1ci\u00f3s Igazgat\u00f3s\u00e1g<\/em><\/p>\n<\/div>\n","protected":false},"excerpt":{"rendered":"<p>Tov\u00e1bb romlott a baleseti statisztika a M\u00c1V h\u00e1l\u00f3zat\u00e1n: id\u00e9n eddig 36 baleset t\u00f6rt\u00e9nt vas\u00fati \u00e1tj\u00e1r\u00f3ban a KRESZ megszeg\u00e9se vagy figyelmetlens\u00e9g miatt, 7 esettel t\u00f6bb, mint az elm\u00falt \u00e9v azonos id\u0151szak\u00e1ban. Csak j\u00fanius utols\u00f3 het\u00e9ben 5 baleset t\u00f6rt\u00e9nt, amelyek k\u00f6z\u00fcl az egyik h\u00e1rom ember\u00e9letet k\u00f6vetelt. A balesetek megel\u0151z\u00e9se \u00e9rdek\u00e9ben a ny\u00e1ri id\u0151szakban a M\u00c1V id\u00e9n is<\/p>\n","protected":false},"author":1,"featured_media":63302,"comment_status":"closed","ping_status":"closed","sticky":false,"template":"","format":"standard","meta":{"ngg_post_thumbnail":0,"footnotes":""},"categories":[6934,3],"tags":[292,381,291],"class_list":{"0":"post-63300","1":"post","2":"type-post","3":"status-publish","4":"format-standard","5":"has-post-thumbnail","7":"category-belfold","8":"category-hirek","9":"tag-mav","10":"tag-vasut","11":"tag-vonat"},"yoast_head":"<!-- This site is optimized with the Yoast SEO plugin v27.5 - https:\/\/yoast.com\/product\/yoast-seo-wordpress\/ -->\n<title>Fekete h\u00e9ttel z\u00e1rult a j\u00fanius a vas\u00faton<\/title>\n<meta name=\"robots\" content=\"index, follow, max-snippet:-1, max-image-preview:large, max-video-preview:-1\" \/>\n<link rel=\"canonical\" href=\"https:\/\/dorogimedence.hu\/index.php\/2024\/07\/05\/fekete-hettel-zarult-a-junius-a-vasuton\/\" class=\"yoast-seo-meta-tag\" \/>\n<meta property=\"og:locale\" content=\"hu_HU\" class=\"yoast-seo-meta-tag\" \/>\n<meta property=\"og:type\" content=\"article\" class=\"yoast-seo-meta-tag\" \/>\n<meta property=\"og:title\" content=\"Fekete h\u00e9ttel z\u00e1rult a j\u00fanius a vas\u00faton\" class=\"yoast-seo-meta-tag\" \/>\n<meta property=\"og:description\" content=\"Tov\u00e1bb romlott a baleseti statisztika a M\u00c1V h\u00e1l\u00f3zat\u00e1n: id\u00e9n eddig 36 baleset t\u00f6rt\u00e9nt vas\u00fati \u00e1tj\u00e1r\u00f3ban a KRESZ megszeg\u00e9se vagy figyelmetlens\u00e9g miatt, 7 esettel t\u00f6bb, mint az elm\u00falt \u00e9v azonos id\u0151szak\u00e1ban. Csak j\u00fanius utols\u00f3 het\u00e9ben 5 baleset t\u00f6rt\u00e9nt, amelyek k\u00f6z\u00fcl az egyik h\u00e1rom ember\u00e9letet k\u00f6vetelt. A balesetek megel\u0151z\u00e9se \u00e9rdek\u00e9ben a ny\u00e1ri id\u0151szakban a M\u00c1V id\u00e9n is\" class=\"yoast-seo-meta-tag\" \/>\n<meta property=\"og:url\" content=\"https:\/\/dorogimedence.hu\/index.php\/2024\/07\/05\/fekete-hettel-zarult-a-junius-a-vasuton\/\" class=\"yoast-seo-meta-tag\" \/>\n<meta property=\"og:site_name\" content=\"Dorogi-medence Region\u00e1lis H\u00edrport\u00e1l\" class=\"yoast-seo-meta-tag\" \/>\n<meta property=\"article:publisher\" content=\"https:\/\/www.facebook.com\/dorogimedence\/\" class=\"yoast-seo-meta-tag\" \/>\n<meta property=\"article:published_time\" content=\"2024-07-05T14:50:51+00:00\" class=\"yoast-seo-meta-tag\" \/>\n<meta property=\"article:modified_time\" content=\"2024-07-05T14:51:42+00:00\" class=\"yoast-seo-meta-tag\" \/>\n<meta property=\"og:image\" content=\"https:\/\/dorogimedence.hu\/wp-content\/uploads\/2024\/07\/maxresdefault.jpg\" class=\"yoast-seo-meta-tag\" \/>\n\t<meta property=\"og:image:width\" content=\"1280\" class=\"yoast-seo-meta-tag\" \/>\n\t<meta property=\"og:image:height\" content=\"720\" class=\"yoast-seo-meta-tag\" \/>\n\t<meta property=\"og:image:type\" content=\"image\/jpeg\" class=\"yoast-seo-meta-tag\" \/>\n<meta name=\"author\" content=\"dorogimedence.hu\" class=\"yoast-seo-meta-tag\" \/>\n<meta name=\"twitter:card\" content=\"summary_large_image\" class=\"yoast-seo-meta-tag\" \/>\n<meta name=\"twitter:label1\" content=\"Szerz\u0151:\" class=\"yoast-seo-meta-tag\" \/>\n\t<meta name=\"twitter:data1\" content=\"dorogimedence.hu\" class=\"yoast-seo-meta-tag\" \/>\n\t<meta name=\"twitter:label2\" content=\"Becs\u00fclt olvas\u00e1si id\u0151\" class=\"yoast-seo-meta-tag\" \/>\n\t<meta name=\"twitter:data2\" content=\"4 perc\" class=\"yoast-seo-meta-tag\" \/>\n<script type=\"application\/ld+json\" class=\"yoast-schema-graph\">{\"@context\":\"https:\\\/\\\/schema.org\",\"@graph\":[{\"@type\":\"Article\",\"@id\":\"https:\\\/\\\/dorogimedence.hu\\\/index.php\\\/2024\\\/07\\\/05\\\/fekete-hettel-zarult-a-junius-a-vasuton\\\/#article\",\"isPartOf\":{\"@id\":\"https:\\\/\\\/dorogimedence.hu\\\/index.php\\\/2024\\\/07\\\/05\\\/fekete-hettel-zarult-a-junius-a-vasuton\\\/\"},\"author\":{\"name\":\"dorogimedence.hu\",\"@id\":\"https:\\\/\\\/dorogimedence.hu\\\/#\\\/schema\\\/person\\\/ce6091eeb7e95ecdc87890d6aa8e0fd4\"},\"headline\":\"Fekete h\u00e9ttel z\u00e1rult a j\u00fanius a vas\u00faton\",\"datePublished\":\"2024-07-05T14:50:51+00:00\",\"dateModified\":\"2024-07-05T14:51:42+00:00\",\"mainEntityOfPage\":{\"@id\":\"https:\\\/\\\/dorogimedence.hu\\\/index.php\\\/2024\\\/07\\\/05\\\/fekete-hettel-zarult-a-junius-a-vasuton\\\/\"},\"wordCount\":859,\"publisher\":{\"@id\":\"https:\\\/\\\/dorogimedence.hu\\\/#organization\"},\"image\":{\"@id\":\"https:\\\/\\\/dorogimedence.hu\\\/index.php\\\/2024\\\/07\\\/05\\\/fekete-hettel-zarult-a-junius-a-vasuton\\\/#primaryimage\"},\"thumbnailUrl\":\"https:\\\/\\\/dorogimedence.hu\\\/wp-content\\\/uploads\\\/2024\\\/07\\\/maxresdefault.jpg\",\"keywords\":[\"m\u00e1v\",\"vas\u00fat\",\"vonat\"],\"articleSection\":[\"Belf\u00f6ld, Gazdas\u00e1g\",\"H\u00edrek\"],\"inLanguage\":\"hu\"},{\"@type\":\"WebPage\",\"@id\":\"https:\\\/\\\/dorogimedence.hu\\\/index.php\\\/2024\\\/07\\\/05\\\/fekete-hettel-zarult-a-junius-a-vasuton\\\/\",\"url\":\"https:\\\/\\\/dorogimedence.hu\\\/index.php\\\/2024\\\/07\\\/05\\\/fekete-hettel-zarult-a-junius-a-vasuton\\\/\",\"name\":\"Fekete h\u00e9ttel z\u00e1rult a j\u00fanius a vas\u00faton\",\"isPartOf\":{\"@id\":\"https:\\\/\\\/dorogimedence.hu\\\/#website\"},\"primaryImageOfPage\":{\"@id\":\"https:\\\/\\\/dorogimedence.hu\\\/index.php\\\/2024\\\/07\\\/05\\\/fekete-hettel-zarult-a-junius-a-vasuton\\\/#primaryimage\"},\"image\":{\"@id\":\"https:\\\/\\\/dorogimedence.hu\\\/index.php\\\/2024\\\/07\\\/05\\\/fekete-hettel-zarult-a-junius-a-vasuton\\\/#primaryimage\"},\"thumbnailUrl\":\"https:\\\/\\\/dorogimedence.hu\\\/wp-content\\\/uploads\\\/2024\\\/07\\\/maxresdefault.jpg\",\"datePublished\":\"2024-07-05T14:50:51+00:00\",\"dateModified\":\"2024-07-05T14:51:42+00:00\",\"breadcrumb\":{\"@id\":\"https:\\\/\\\/dorogimedence.hu\\\/index.php\\\/2024\\\/07\\\/05\\\/fekete-hettel-zarult-a-junius-a-vasuton\\\/#breadcrumb\"},\"inLanguage\":\"hu\",\"potentialAction\":[{\"@type\":\"ReadAction\",\"target\":[\"https:\\\/\\\/dorogimedence.hu\\\/index.php\\\/2024\\\/07\\\/05\\\/fekete-hettel-zarult-a-junius-a-vasuton\\\/\"]}]},{\"@type\":\"ImageObject\",\"inLanguage\":\"hu\",\"@id\":\"https:\\\/\\\/dorogimedence.hu\\\/index.php\\\/2024\\\/07\\\/05\\\/fekete-hettel-zarult-a-junius-a-vasuton\\\/#primaryimage\",\"url\":\"https:\\\/\\\/dorogimedence.hu\\\/wp-content\\\/uploads\\\/2024\\\/07\\\/maxresdefault.jpg\",\"contentUrl\":\"https:\\\/\\\/dorogimedence.hu\\\/wp-content\\\/uploads\\\/2024\\\/07\\\/maxresdefault.jpg\",\"width\":1280,\"height\":720},{\"@type\":\"BreadcrumbList\",\"@id\":\"https:\\\/\\\/dorogimedence.hu\\\/index.php\\\/2024\\\/07\\\/05\\\/fekete-hettel-zarult-a-junius-a-vasuton\\\/#breadcrumb\",\"itemListElement\":[{\"@type\":\"ListItem\",\"position\":1,\"name\":\"Kezd\u0151lap\",\"item\":\"https:\\\/\\\/dorogimedence.hu\\\/\"},{\"@type\":\"ListItem\",\"position\":2,\"name\":\"Fekete h\u00e9ttel z\u00e1rult a j\u00fanius a vas\u00faton\"}]},{\"@type\":\"WebSite\",\"@id\":\"https:\\\/\\\/dorogimedence.hu\\\/#website\",\"url\":\"https:\\\/\\\/dorogimedence.hu\\\/\",\"name\":\"Dorogi-medence Region\u00e1lis H\u00edrport\u00e1l\",\"description\":\"Dorog, Keszt\u00f6lc, Le\u00e1nyv\u00e1r, Piliscs\u00e9v, Tokod, Tokodalt\u00e1r\u00f3, Csolnok, Esztergom-kertv\u00e1ros: h\u00edrek, programok\",\"publisher\":{\"@id\":\"https:\\\/\\\/dorogimedence.hu\\\/#organization\"},\"potentialAction\":[{\"@type\":\"SearchAction\",\"target\":{\"@type\":\"EntryPoint\",\"urlTemplate\":\"https:\\\/\\\/dorogimedence.hu\\\/?s={search_term_string}\"},\"query-input\":{\"@type\":\"PropertyValueSpecification\",\"valueRequired\":true,\"valueName\":\"search_term_string\"}}],\"inLanguage\":\"hu\"},{\"@type\":\"Organization\",\"@id\":\"https:\\\/\\\/dorogimedence.hu\\\/#organization\",\"name\":\"Dorogi-medence Region\u00e1lis H\u00edrport\u00e1l\",\"url\":\"https:\\\/\\\/dorogimedence.hu\\\/\",\"logo\":{\"@type\":\"ImageObject\",\"inLanguage\":\"hu\",\"@id\":\"https:\\\/\\\/dorogimedence.hu\\\/#\\\/schema\\\/logo\\\/image\\\/\",\"url\":\"https:\\\/\\\/dorogimedence.hu\\\/wp-content\\\/uploads\\\/2021\\\/04\\\/logo-feher-600.png\",\"contentUrl\":\"https:\\\/\\\/dorogimedence.hu\\\/wp-content\\\/uploads\\\/2021\\\/04\\\/logo-feher-600.png\",\"width\":600,\"height\":100,\"caption\":\"Dorogi-medence Region\u00e1lis H\u00edrport\u00e1l\"},\"image\":{\"@id\":\"https:\\\/\\\/dorogimedence.hu\\\/#\\\/schema\\\/logo\\\/image\\\/\"},\"sameAs\":[\"https:\\\/\\\/www.facebook.com\\\/dorogimedence\\\/\"]},{\"@type\":\"Person\",\"@id\":\"https:\\\/\\\/dorogimedence.hu\\\/#\\\/schema\\\/person\\\/ce6091eeb7e95ecdc87890d6aa8e0fd4\",\"name\":\"dorogimedence.hu\",\"image\":{\"@type\":\"ImageObject\",\"inLanguage\":\"hu\",\"@id\":\"\\\/\\\/www.gravatar.com\\\/avatar\\\/d8d45f8901aadff40a4af72c0b826f1d?s=96&#038;r=g&#038;d=mm\",\"url\":\"\\\/\\\/www.gravatar.com\\\/avatar\\\/d8d45f8901aadff40a4af72c0b826f1d?s=96&#038;r=g&#038;d=mm\",\"contentUrl\":\"\\\/\\\/www.gravatar.com\\\/avatar\\\/d8d45f8901aadff40a4af72c0b826f1d?s=96&#038;r=g&#038;d=mm\",\"caption\":\"dorogimedence.hu\"}}]}<\/script>\n<!-- \/ Yoast SEO plugin. -->","yoast_head_json":{"title":"Fekete h\u00e9ttel z\u00e1rult a j\u00fanius a vas\u00faton","robots":{"index":"index","follow":"follow","max-snippet":"max-snippet:-1","max-image-preview":"max-image-preview:large","max-video-preview":"max-video-preview:-1"},"canonical":"https:\/\/dorogimedence.hu\/index.php\/2024\/07\/05\/fekete-hettel-zarult-a-junius-a-vasuton\/","og_locale":"hu_HU","og_type":"article","og_title":"Fekete h\u00e9ttel z\u00e1rult a j\u00fanius a vas\u00faton","og_description":"Tov\u00e1bb romlott a baleseti statisztika a M\u00c1V h\u00e1l\u00f3zat\u00e1n: id\u00e9n eddig 36 baleset t\u00f6rt\u00e9nt vas\u00fati \u00e1tj\u00e1r\u00f3ban a KRESZ megszeg\u00e9se vagy figyelmetlens\u00e9g miatt, 7 esettel t\u00f6bb, mint az elm\u00falt \u00e9v azonos id\u0151szak\u00e1ban. Csak j\u00fanius utols\u00f3 het\u00e9ben 5 baleset t\u00f6rt\u00e9nt, amelyek k\u00f6z\u00fcl az egyik h\u00e1rom ember\u00e9letet k\u00f6vetelt. A balesetek megel\u0151z\u00e9se \u00e9rdek\u00e9ben a ny\u00e1ri id\u0151szakban a M\u00c1V id\u00e9n is","og_url":"https:\/\/dorogimedence.hu\/index.php\/2024\/07\/05\/fekete-hettel-zarult-a-junius-a-vasuton\/","og_site_name":"Dorogi-medence Region\u00e1lis H\u00edrport\u00e1l","article_publisher":"https:\/\/www.facebook.com\/dorogimedence\/","article_published_time":"2024-07-05T14:50:51+00:00","article_modified_time":"2024-07-05T14:51:42+00:00","og_image":[{"width":1280,"height":720,"url":"https:\/\/dorogimedence.hu\/wp-content\/uploads\/2024\/07\/maxresdefault.jpg","type":"image\/jpeg"}],"author":"dorogimedence.hu","twitter_card":"summary_large_image","twitter_misc":{"Szerz\u0151:":"dorogimedence.hu","Becs\u00fclt olvas\u00e1si id\u0151":"4 perc"},"schema":{"@context":"https:\/\/schema.org","@graph":[{"@type":"Article","@id":"https:\/\/dorogimedence.hu\/index.php\/2024\/07\/05\/fekete-hettel-zarult-a-junius-a-vasuton\/#article","isPartOf":{"@id":"https:\/\/dorogimedence.hu\/index.php\/2024\/07\/05\/fekete-hettel-zarult-a-junius-a-vasuton\/"},"author":{"name":"dorogimedence.hu","@id":"https:\/\/dorogimedence.hu\/#\/schema\/person\/ce6091eeb7e95ecdc87890d6aa8e0fd4"},"headline":"Fekete h\u00e9ttel z\u00e1rult a j\u00fanius a vas\u00faton","datePublished":"2024-07-05T14:50:51+00:00","dateModified":"2024-07-05T14:51:42+00:00","mainEntityOfPage":{"@id":"https:\/\/dorogimedence.hu\/index.php\/2024\/07\/05\/fekete-hettel-zarult-a-junius-a-vasuton\/"},"wordCount":859,"publisher":{"@id":"https:\/\/dorogimedence.hu\/#organization"},"image":{"@id":"https:\/\/dorogimedence.hu\/index.php\/2024\/07\/05\/fekete-hettel-zarult-a-junius-a-vasuton\/#primaryimage"},"thumbnailUrl":"https:\/\/dorogimedence.hu\/wp-content\/uploads\/2024\/07\/maxresdefault.jpg","keywords":["m\u00e1v","vas\u00fat","vonat"],"articleSection":["Belf\u00f6ld, Gazdas\u00e1g","H\u00edrek"],"inLanguage":"hu"},{"@type":"WebPage","@id":"https:\/\/dorogimedence.hu\/index.php\/2024\/07\/05\/fekete-hettel-zarult-a-junius-a-vasuton\/","url":"https:\/\/dorogimedence.hu\/index.php\/2024\/07\/05\/fekete-hettel-zarult-a-junius-a-vasuton\/","name":"Fekete h\u00e9ttel z\u00e1rult a j\u00fanius a vas\u00faton","isPartOf":{"@id":"https:\/\/dorogimedence.hu\/#website"},"primaryImageOfPage":{"@id":"https:\/\/dorogimedence.hu\/index.php\/2024\/07\/05\/fekete-hettel-zarult-a-junius-a-vasuton\/#primaryimage"},"image":{"@id":"https:\/\/dorogimedence.hu\/index.php\/2024\/07\/05\/fekete-hettel-zarult-a-junius-a-vasuton\/#primaryimage"},"thumbnailUrl":"https:\/\/dorogimedence.hu\/wp-content\/uploads\/2024\/07\/maxresdefault.jpg","datePublished":"2024-07-05T14:50:51+00:00","dateModified":"2024-07-05T14:51:42+00:00","breadcrumb":{"@id":"https:\/\/dorogimedence.hu\/index.php\/2024\/07\/05\/fekete-hettel-zarult-a-junius-a-vasuton\/#breadcrumb"},"inLanguage":"hu","potentialAction":[{"@type":"ReadAction","target":["https:\/\/dorogimedence.hu\/index.php\/2024\/07\/05\/fekete-hettel-zarult-a-junius-a-vasuton\/"]}]},{"@type":"ImageObject","inLanguage":"hu","@id":"https:\/\/dorogimedence.hu\/index.php\/2024\/07\/05\/fekete-hettel-zarult-a-junius-a-vasuton\/#primaryimage","url":"https:\/\/dorogimedence.hu\/wp-content\/uploads\/2024\/07\/maxresdefault.jpg","contentUrl":"https:\/\/dorogimedence.hu\/wp-content\/uploads\/2024\/07\/maxresdefault.jpg","width":1280,"height":720},{"@type":"BreadcrumbList","@id":"https:\/\/dorogimedence.hu\/index.php\/2024\/07\/05\/fekete-hettel-zarult-a-junius-a-vasuton\/#breadcrumb","itemListElement":[{"@type":"ListItem","position":1,"name":"Kezd\u0151lap","item":"https:\/\/dorogimedence.hu\/"},{"@type":"ListItem","position":2,"name":"Fekete h\u00e9ttel z\u00e1rult a j\u00fanius a vas\u00faton"}]},{"@type":"WebSite","@id":"https:\/\/dorogimedence.hu\/#website","url":"https:\/\/dorogimedence.hu\/","name":"Dorogi-medence Region\u00e1lis H\u00edrport\u00e1l","description":"Dorog, Keszt\u00f6lc, Le\u00e1nyv\u00e1r, Piliscs\u00e9v, Tokod, Tokodalt\u00e1r\u00f3, Csolnok, Esztergom-kertv\u00e1ros: h\u00edrek, programok","publisher":{"@id":"https:\/\/dorogimedence.hu\/#organization"},"potentialAction":[{"@type":"SearchAction","target":{"@type":"EntryPoint","urlTemplate":"https:\/\/dorogimedence.hu\/?s={search_term_string}"},"query-input":{"@type":"PropertyValueSpecification","valueRequired":true,"valueName":"search_term_string"}}],"inLanguage":"hu"},{"@type":"Organization","@id":"https:\/\/dorogimedence.hu\/#organization","name":"Dorogi-medence Region\u00e1lis H\u00edrport\u00e1l","url":"https:\/\/dorogimedence.hu\/","logo":{"@type":"ImageObject","inLanguage":"hu","@id":"https:\/\/dorogimedence.hu\/#\/schema\/logo\/image\/","url":"https:\/\/dorogimedence.hu\/wp-content\/uploads\/2021\/04\/logo-feher-600.png","contentUrl":"https:\/\/dorogimedence.hu\/wp-content\/uploads\/2021\/04\/logo-feher-600.png","width":600,"height":100,"caption":"Dorogi-medence Region\u00e1lis H\u00edrport\u00e1l"},"image":{"@id":"https:\/\/dorogimedence.hu\/#\/schema\/logo\/image\/"},"sameAs":["https:\/\/www.facebook.com\/dorogimedence\/"]},{"@type":"Person","@id":"https:\/\/dorogimedence.hu\/#\/schema\/person\/ce6091eeb7e95ecdc87890d6aa8e0fd4","name":"dorogimedence.hu","image":{"@type":"ImageObject","inLanguage":"hu","@id":"\/\/www.gravatar.com\/avatar\/d8d45f8901aadff40a4af72c0b826f1d?s=96&#038;r=g&#038;d=mm","url":"\/\/www.gravatar.com\/avatar\/d8d45f8901aadff40a4af72c0b826f1d?s=96&#038;r=g&#038;d=mm","contentUrl":"\/\/www.gravatar.com\/avatar\/d8d45f8901aadff40a4af72c0b826f1d?s=96&#038;r=g&#038;d=mm","caption":"dorogimedence.hu"}}]}},"_links":{"self":[{"href":"https:\/\/dorogimedence.hu\/index.php\/wp-json\/wp\/v2\/posts\/63300","targetHints":{"allow":["GET"]}}],"collection":[{"href":"https:\/\/dorogimedence.hu\/index.php\/wp-json\/wp\/v2\/posts"}],"about":[{"href":"https:\/\/dorogimedence.hu\/index.php\/wp-json\/wp\/v2\/types\/post"}],"author":[{"embeddable":true,"href":"https:\/\/dorogimedence.hu\/index.php\/wp-json\/wp\/v2\/users\/1"}],"replies":[{"embeddable":true,"href":"https:\/\/dorogimedence.hu\/index.php\/wp-json\/wp\/v2\/comments?post=63300"}],"version-history":[{"count":0,"href":"https:\/\/dorogimedence.hu\/index.php\/wp-json\/wp\/v2\/posts\/63300\/revisions"}],"wp:featuredmedia":[{"embeddable":true,"href":"https:\/\/dorogimedence.hu\/index.php\/wp-json\/wp\/v2\/media\/63302"}],"wp:attachment":[{"href":"https:\/\/dorogimedence.hu\/index.php\/wp-json\/wp\/v2\/media?parent=63300"}],"wp:term":[{"taxonomy":"category","embeddable":true,"href":"https:\/\/dorogimedence.hu\/index.php\/wp-json\/wp\/v2\/categories?post=63300"},{"taxonomy":"post_tag","embeddable":true,"href":"https:\/\/dorogimedence.hu\/index.php\/wp-json\/wp\/v2\/tags?post=63300"}],"curies":[{"name":"wp","href":"https:\/\/api.w.org\/{rel}","templated":true}]}}