{"id":63282,"date":"2024-07-04T09:33:43","date_gmt":"2024-07-04T07:33:43","guid":{"rendered":"https:\/\/dorogimedence.hu\/?p=63282"},"modified":"2024-07-04T09:33:43","modified_gmt":"2024-07-04T07:33:43","slug":"internetes-lakossagi-szavazas-2025-ev-madararol","status":"publish","type":"post","link":"https:\/\/dorogimedence.hu\/index.php\/2024\/07\/04\/internetes-lakossagi-szavazas-2025-ev-madararol\/","title":{"rendered":"Internetes lakoss\u00e1gi szavaz\u00e1s 2025 \u00e9v madar\u00e1r\u00f3l"},"content":{"rendered":"<p><strong>A Magyar Mad\u00e1rtani \u00e9s Term\u00e9szetv\u00e9delmi Egyes\u00fclet (MME) 1979-\u00f3ta v\u00e1lasztja meg az \u00e9v madar\u00e1t. 2025-re, mintegy a kl\u00edmav\u00e1ltoz\u00e1ssal is fenyegetett tavak \u00e9s mocsarak nagyk\u00f6vetek\u00e9nt, h\u00e1rom r\u00e9cefaj: a b\u00f6jti r\u00e9ce, a kanalas r\u00e9ce \u00e9s ny\u00edlfark\u00fa r\u00e9ce k\u00f6z\u00fcl v\u00e1laszthat a lakoss\u00e1g az egyes\u00fclet honlapj\u00e1n 2024. j\u00falius 25-\u00e9n 12 \u00f3r\u00e1ig.<\/strong><\/p>\n<h3>B\u00f6jti r\u00e9ce<\/h3>\n<p>Eur\u00e1zsi\u00e1ban f\u00e9szkel, D\u00e9lnyugat-Angli\u00e1t\u00f3l eg\u00e9szen a Csendes-\u00f3ce\u00e1nig, els\u0151sorban az eur\u00f3pai lomb- \u00e9s elegyes erd\u0151k, tov\u00e1bb\u00e1 az \u00e1zsiai erd\u0151ssztyepp- \u00e9s sztyeppr\u00e9gi\u00f3kban. F\u00e9szkel\u00e9skor el\u0151nyben r\u00e9szes\u00edti a s\u00edk vid\u00e9ki ny\u00edlt v\u00edzfel\u00fclettel rendelkez\u0151 mocsarakat \u00e9s mocs\u00e1rr\u00e9teket, szikes tavakat, nedves r\u00e9teket, a halastavi k\u00f6lt\u00e9se ritka. El\u0151szeretettel t\u00e1pl\u00e1lkozik sek\u00e9ly tocsog\u00f3kon, f\u0151leg magokat, z\u00f6ld n\u00f6v\u00e9nyi r\u00e9szeket \u00e9s gerincteleneket fogyaszt. Vonul\u00f3, a telet Afrik\u00e1ban, a Sz\u00e1hel-\u00f6vezetben, valamint \u00c1zsi\u00e1ban t\u00f6lti. Fokozottan v\u00e9dett, term\u00e9szetv\u00e9delmi \u00e9rt\u00e9ke 100 000 Ft. A vil\u00e1g\u00e1llom\u00e1nya, eur\u00f3pai \u00e9s hazai \u00e1llom\u00e1ny is cs\u00f6kken.<\/p>\n<h3>Kanalas r\u00e9ce<\/h3>\n<p>Eur\u00f3pa, \u00c1zsia \u00e9s \u00c9szak-Amerika sarkk\u00f6rt\u0151l d\u00e9lre fekv\u0151 ter\u00fcletein k\u00f6lt. F\u00e9szkel\u00e9s sor\u00e1n kifejezetten keresi a sek\u00e9ly tavakat, szikes tavakat \u00e9s r\u00e9teket, mocs\u00e1rr\u00e9teket, els\u0151sorban ott, ahol szigeteket is tal\u00e1l.&nbsp;Valamennyi r\u00e9ce k\u00f6z\u00fcl ennek a fajnak alkalmazkodott a cs\u0151re legink\u00e1bb a v\u00edzfelsz\u00edni sz\u0171r\u00f6get\u0151 t\u00e1pl\u00e1lkoz\u00e1shoz. Vonul\u00f3, K\u00f6z\u00e9p- \u00e9s Nyugat-Eur\u00f3p\u00e1ban, \u00c9szak-Afrik\u00e1ban, D\u00e9l-\u00c1zsi\u00e1ban, \u00c9szak-Amerika d\u00e9li ter\u00fcletein \u00e9s K\u00f6z\u00e9p-Amerik\u00e1ban telel.&nbsp;<br \/>\nFokozottan v\u00e9dett, term\u00e9szetv\u00e9delmi \u00e9rt\u00e9ke 100 000 Ft. A vil\u00e1g\u00e1llom\u00e1nya cs\u00f6kken\u0151, az eur\u00f3pai \u00e1llom\u00e1ny stabil, m\u00edg a hazai cs\u00f6kken\u0151 tendenci\u00e1t mutat.<\/p>\n<h3>Ny\u00edlfark\u00fa r\u00e9ce<\/h3>\n<p>Az \u00e9szaki f\u00e9lteke m\u00e9rs\u00e9kelt \u00f6vi r\u00e9gi\u00f3j\u00e1nak f\u00e9szkel\u0151je. F\u00e9szkel\u00e9s sor\u00e1n k\u00f6t\u0151dik a szikes tavakhoz \u00e9s mocsarakhoz. A v\u00edzben \u00e9s a v\u00edzparton parti n\u00f6v\u00e9nyzettel, magokkal \u00e9s kisebb gerinctelenekkel (rovarok, r\u00e1kok, kagyl\u00f3k) t\u00e1pl\u00e1lkozik. Vonul\u00f3, Afrik\u00e1ban, D\u00e9l- \u00e9s Kelet-\u00c1zsi\u00e1ban, \u00c9szak-Amerika d\u00e9li ter\u00fcletein, K\u00f6z\u00e9p-Amerik\u00e1ban \u00e9s D\u00e9l-Amerika \u00e9szaki perem\u00e9n telel. V\u00e9dett, term\u00e9szetv\u00e9delmi \u00e9rt\u00e9ke 50 000 Ft.<\/p>\n<p><span style=\"text-decoration: underline; color: #0000ff;\"><a style=\"color: #0000ff;\" href=\"https:\/\/mme.hu\/hirek\/2024\/07\/02\/mi_legyen_2025_ev_madara_lakossagi_szavazas_2024-07-25_12_h-ig\" target=\"_blank\" rel=\"noopener\">Tov\u00e1bbi r\u00e9szletek \u00e9s szavaz\u00e1s az MME honlapj\u00e1n &gt;&gt;<\/a>&nbsp;<\/span><\/p>\n","protected":false},"excerpt":{"rendered":"<p>A Magyar Mad\u00e1rtani \u00e9s Term\u00e9szetv\u00e9delmi Egyes\u00fclet (MME) 1979-\u00f3ta v\u00e1lasztja meg az \u00e9v madar\u00e1t. 2025-re, mintegy a kl\u00edmav\u00e1ltoz\u00e1ssal is fenyegetett tavak \u00e9s mocsarak nagyk\u00f6vetek\u00e9nt, h\u00e1rom r\u00e9cefaj: a b\u00f6jti r\u00e9ce, a kanalas r\u00e9ce \u00e9s ny\u00edlfark\u00fa r\u00e9ce k\u00f6z\u00fcl v\u00e1laszthat a lakoss\u00e1g az egyes\u00fclet honlapj\u00e1n 2024. j\u00falius 25-\u00e9n 12 \u00f3r\u00e1ig. B\u00f6jti r\u00e9ce Eur\u00e1zsi\u00e1ban f\u00e9szkel, D\u00e9lnyugat-Angli\u00e1t\u00f3l eg\u00e9szen a Csendes-\u00f3ce\u00e1nig, els\u0151sorban<\/p>\n","protected":false},"author":1,"featured_media":63283,"comment_status":"closed","ping_status":"closed","sticky":false,"template":"","format":"standard","meta":{"ngg_post_thumbnail":0,"footnotes":""},"categories":[3,6948],"tags":[6905],"class_list":{"0":"post-63282","1":"post","2":"type-post","3":"status-publish","4":"format-standard","5":"has-post-thumbnail","7":"category-hirek","8":"category-szines","9":"tag-ev-madara"},"yoast_head":"<!-- This site is optimized with the Yoast SEO plugin v27.5 - https:\/\/yoast.com\/product\/yoast-seo-wordpress\/ -->\n<title>Internetes lakoss\u00e1gi szavaz\u00e1s 2025 \u00e9v madar\u00e1r\u00f3l<\/title>\n<meta name=\"robots\" content=\"index, follow, max-snippet:-1, max-image-preview:large, max-video-preview:-1\" \/>\n<link rel=\"canonical\" href=\"https:\/\/dorogimedence.hu\/index.php\/2024\/07\/04\/internetes-lakossagi-szavazas-2025-ev-madararol\/\" class=\"yoast-seo-meta-tag\" \/>\n<meta property=\"og:locale\" content=\"hu_HU\" class=\"yoast-seo-meta-tag\" \/>\n<meta property=\"og:type\" content=\"article\" class=\"yoast-seo-meta-tag\" \/>\n<meta property=\"og:title\" content=\"Internetes lakoss\u00e1gi szavaz\u00e1s 2025 \u00e9v madar\u00e1r\u00f3l\" class=\"yoast-seo-meta-tag\" \/>\n<meta property=\"og:description\" content=\"A Magyar Mad\u00e1rtani \u00e9s Term\u00e9szetv\u00e9delmi Egyes\u00fclet (MME) 1979-\u00f3ta v\u00e1lasztja meg az \u00e9v madar\u00e1t. 2025-re, mintegy a kl\u00edmav\u00e1ltoz\u00e1ssal is fenyegetett tavak \u00e9s mocsarak nagyk\u00f6vetek\u00e9nt, h\u00e1rom r\u00e9cefaj: a b\u00f6jti r\u00e9ce, a kanalas r\u00e9ce \u00e9s ny\u00edlfark\u00fa r\u00e9ce k\u00f6z\u00fcl v\u00e1laszthat a lakoss\u00e1g az egyes\u00fclet honlapj\u00e1n 2024. j\u00falius 25-\u00e9n 12 \u00f3r\u00e1ig. B\u00f6jti r\u00e9ce Eur\u00e1zsi\u00e1ban f\u00e9szkel, D\u00e9lnyugat-Angli\u00e1t\u00f3l eg\u00e9szen a Csendes-\u00f3ce\u00e1nig, els\u0151sorban\" class=\"yoast-seo-meta-tag\" \/>\n<meta property=\"og:url\" content=\"https:\/\/dorogimedence.hu\/index.php\/2024\/07\/04\/internetes-lakossagi-szavazas-2025-ev-madararol\/\" class=\"yoast-seo-meta-tag\" \/>\n<meta property=\"og:site_name\" content=\"Dorogi-medence Region\u00e1lis H\u00edrport\u00e1l\" class=\"yoast-seo-meta-tag\" \/>\n<meta property=\"article:publisher\" content=\"https:\/\/www.facebook.com\/dorogimedence\/\" class=\"yoast-seo-meta-tag\" \/>\n<meta property=\"article:published_time\" content=\"2024-07-04T07:33:43+00:00\" class=\"yoast-seo-meta-tag\" \/>\n<meta property=\"og:image\" content=\"https:\/\/dorogimedence.hu\/wp-content\/uploads\/2024\/07\/ev-madara-01.jpg\" class=\"yoast-seo-meta-tag\" \/>\n\t<meta property=\"og:image:width\" content=\"1920\" class=\"yoast-seo-meta-tag\" \/>\n\t<meta property=\"og:image:height\" content=\"970\" class=\"yoast-seo-meta-tag\" \/>\n\t<meta property=\"og:image:type\" content=\"image\/jpeg\" class=\"yoast-seo-meta-tag\" \/>\n<meta name=\"author\" content=\"dorogimedence.hu\" class=\"yoast-seo-meta-tag\" \/>\n<meta name=\"twitter:card\" content=\"summary_large_image\" class=\"yoast-seo-meta-tag\" \/>\n<meta name=\"twitter:label1\" content=\"Szerz\u0151:\" class=\"yoast-seo-meta-tag\" \/>\n\t<meta name=\"twitter:data1\" content=\"dorogimedence.hu\" class=\"yoast-seo-meta-tag\" \/>\n\t<meta name=\"twitter:label2\" content=\"Becs\u00fclt olvas\u00e1si id\u0151\" class=\"yoast-seo-meta-tag\" \/>\n\t<meta name=\"twitter:data2\" content=\"2 perc\" class=\"yoast-seo-meta-tag\" \/>\n<script type=\"application\/ld+json\" class=\"yoast-schema-graph\">{\"@context\":\"https:\\\/\\\/schema.org\",\"@graph\":[{\"@type\":\"Article\",\"@id\":\"https:\\\/\\\/dorogimedence.hu\\\/index.php\\\/2024\\\/07\\\/04\\\/internetes-lakossagi-szavazas-2025-ev-madararol\\\/#article\",\"isPartOf\":{\"@id\":\"https:\\\/\\\/dorogimedence.hu\\\/index.php\\\/2024\\\/07\\\/04\\\/internetes-lakossagi-szavazas-2025-ev-madararol\\\/\"},\"author\":{\"name\":\"dorogimedence.hu\",\"@id\":\"https:\\\/\\\/dorogimedence.hu\\\/#\\\/schema\\\/person\\\/ce6091eeb7e95ecdc87890d6aa8e0fd4\"},\"headline\":\"Internetes lakoss\u00e1gi szavaz\u00e1s 2025 \u00e9v madar\u00e1r\u00f3l\",\"datePublished\":\"2024-07-04T07:33:43+00:00\",\"mainEntityOfPage\":{\"@id\":\"https:\\\/\\\/dorogimedence.hu\\\/index.php\\\/2024\\\/07\\\/04\\\/internetes-lakossagi-szavazas-2025-ev-madararol\\\/\"},\"wordCount\":445,\"publisher\":{\"@id\":\"https:\\\/\\\/dorogimedence.hu\\\/#organization\"},\"image\":{\"@id\":\"https:\\\/\\\/dorogimedence.hu\\\/index.php\\\/2024\\\/07\\\/04\\\/internetes-lakossagi-szavazas-2025-ev-madararol\\\/#primaryimage\"},\"thumbnailUrl\":\"https:\\\/\\\/dorogimedence.hu\\\/wp-content\\\/uploads\\\/2024\\\/07\\\/ev-madara-01.jpg\",\"keywords\":[\"\u00e9v madara\"],\"articleSection\":[\"H\u00edrek\",\"Sz\u00ednes\"],\"inLanguage\":\"hu\"},{\"@type\":\"WebPage\",\"@id\":\"https:\\\/\\\/dorogimedence.hu\\\/index.php\\\/2024\\\/07\\\/04\\\/internetes-lakossagi-szavazas-2025-ev-madararol\\\/\",\"url\":\"https:\\\/\\\/dorogimedence.hu\\\/index.php\\\/2024\\\/07\\\/04\\\/internetes-lakossagi-szavazas-2025-ev-madararol\\\/\",\"name\":\"Internetes lakoss\u00e1gi szavaz\u00e1s 2025 \u00e9v madar\u00e1r\u00f3l\",\"isPartOf\":{\"@id\":\"https:\\\/\\\/dorogimedence.hu\\\/#website\"},\"primaryImageOfPage\":{\"@id\":\"https:\\\/\\\/dorogimedence.hu\\\/index.php\\\/2024\\\/07\\\/04\\\/internetes-lakossagi-szavazas-2025-ev-madararol\\\/#primaryimage\"},\"image\":{\"@id\":\"https:\\\/\\\/dorogimedence.hu\\\/index.php\\\/2024\\\/07\\\/04\\\/internetes-lakossagi-szavazas-2025-ev-madararol\\\/#primaryimage\"},\"thumbnailUrl\":\"https:\\\/\\\/dorogimedence.hu\\\/wp-content\\\/uploads\\\/2024\\\/07\\\/ev-madara-01.jpg\",\"datePublished\":\"2024-07-04T07:33:43+00:00\",\"breadcrumb\":{\"@id\":\"https:\\\/\\\/dorogimedence.hu\\\/index.php\\\/2024\\\/07\\\/04\\\/internetes-lakossagi-szavazas-2025-ev-madararol\\\/#breadcrumb\"},\"inLanguage\":\"hu\",\"potentialAction\":[{\"@type\":\"ReadAction\",\"target\":[\"https:\\\/\\\/dorogimedence.hu\\\/index.php\\\/2024\\\/07\\\/04\\\/internetes-lakossagi-szavazas-2025-ev-madararol\\\/\"]}]},{\"@type\":\"ImageObject\",\"inLanguage\":\"hu\",\"@id\":\"https:\\\/\\\/dorogimedence.hu\\\/index.php\\\/2024\\\/07\\\/04\\\/internetes-lakossagi-szavazas-2025-ev-madararol\\\/#primaryimage\",\"url\":\"https:\\\/\\\/dorogimedence.hu\\\/wp-content\\\/uploads\\\/2024\\\/07\\\/ev-madara-01.jpg\",\"contentUrl\":\"https:\\\/\\\/dorogimedence.hu\\\/wp-content\\\/uploads\\\/2024\\\/07\\\/ev-madara-01.jpg\",\"width\":1920,\"height\":970},{\"@type\":\"BreadcrumbList\",\"@id\":\"https:\\\/\\\/dorogimedence.hu\\\/index.php\\\/2024\\\/07\\\/04\\\/internetes-lakossagi-szavazas-2025-ev-madararol\\\/#breadcrumb\",\"itemListElement\":[{\"@type\":\"ListItem\",\"position\":1,\"name\":\"Kezd\u0151lap\",\"item\":\"https:\\\/\\\/dorogimedence.hu\\\/\"},{\"@type\":\"ListItem\",\"position\":2,\"name\":\"Internetes lakoss\u00e1gi szavaz\u00e1s 2025 \u00e9v madar\u00e1r\u00f3l\"}]},{\"@type\":\"WebSite\",\"@id\":\"https:\\\/\\\/dorogimedence.hu\\\/#website\",\"url\":\"https:\\\/\\\/dorogimedence.hu\\\/\",\"name\":\"Dorogi-medence Region\u00e1lis H\u00edrport\u00e1l\",\"description\":\"Dorog, Keszt\u00f6lc, Le\u00e1nyv\u00e1r, Piliscs\u00e9v, Tokod, Tokodalt\u00e1r\u00f3, Csolnok, Esztergom-kertv\u00e1ros: h\u00edrek, programok\",\"publisher\":{\"@id\":\"https:\\\/\\\/dorogimedence.hu\\\/#organization\"},\"potentialAction\":[{\"@type\":\"SearchAction\",\"target\":{\"@type\":\"EntryPoint\",\"urlTemplate\":\"https:\\\/\\\/dorogimedence.hu\\\/?s={search_term_string}\"},\"query-input\":{\"@type\":\"PropertyValueSpecification\",\"valueRequired\":true,\"valueName\":\"search_term_string\"}}],\"inLanguage\":\"hu\"},{\"@type\":\"Organization\",\"@id\":\"https:\\\/\\\/dorogimedence.hu\\\/#organization\",\"name\":\"Dorogi-medence Region\u00e1lis H\u00edrport\u00e1l\",\"url\":\"https:\\\/\\\/dorogimedence.hu\\\/\",\"logo\":{\"@type\":\"ImageObject\",\"inLanguage\":\"hu\",\"@id\":\"https:\\\/\\\/dorogimedence.hu\\\/#\\\/schema\\\/logo\\\/image\\\/\",\"url\":\"https:\\\/\\\/dorogimedence.hu\\\/wp-content\\\/uploads\\\/2021\\\/04\\\/logo-feher-600.png\",\"contentUrl\":\"https:\\\/\\\/dorogimedence.hu\\\/wp-content\\\/uploads\\\/2021\\\/04\\\/logo-feher-600.png\",\"width\":600,\"height\":100,\"caption\":\"Dorogi-medence Region\u00e1lis H\u00edrport\u00e1l\"},\"image\":{\"@id\":\"https:\\\/\\\/dorogimedence.hu\\\/#\\\/schema\\\/logo\\\/image\\\/\"},\"sameAs\":[\"https:\\\/\\\/www.facebook.com\\\/dorogimedence\\\/\"]},{\"@type\":\"Person\",\"@id\":\"https:\\\/\\\/dorogimedence.hu\\\/#\\\/schema\\\/person\\\/ce6091eeb7e95ecdc87890d6aa8e0fd4\",\"name\":\"dorogimedence.hu\",\"image\":{\"@type\":\"ImageObject\",\"inLanguage\":\"hu\",\"@id\":\"\\\/\\\/www.gravatar.com\\\/avatar\\\/d8d45f8901aadff40a4af72c0b826f1d?s=96&#038;r=g&#038;d=mm\",\"url\":\"\\\/\\\/www.gravatar.com\\\/avatar\\\/d8d45f8901aadff40a4af72c0b826f1d?s=96&#038;r=g&#038;d=mm\",\"contentUrl\":\"\\\/\\\/www.gravatar.com\\\/avatar\\\/d8d45f8901aadff40a4af72c0b826f1d?s=96&#038;r=g&#038;d=mm\",\"caption\":\"dorogimedence.hu\"}}]}<\/script>\n<!-- \/ Yoast SEO plugin. -->","yoast_head_json":{"title":"Internetes lakoss\u00e1gi szavaz\u00e1s 2025 \u00e9v madar\u00e1r\u00f3l","robots":{"index":"index","follow":"follow","max-snippet":"max-snippet:-1","max-image-preview":"max-image-preview:large","max-video-preview":"max-video-preview:-1"},"canonical":"https:\/\/dorogimedence.hu\/index.php\/2024\/07\/04\/internetes-lakossagi-szavazas-2025-ev-madararol\/","og_locale":"hu_HU","og_type":"article","og_title":"Internetes lakoss\u00e1gi szavaz\u00e1s 2025 \u00e9v madar\u00e1r\u00f3l","og_description":"A Magyar Mad\u00e1rtani \u00e9s Term\u00e9szetv\u00e9delmi Egyes\u00fclet (MME) 1979-\u00f3ta v\u00e1lasztja meg az \u00e9v madar\u00e1t. 2025-re, mintegy a kl\u00edmav\u00e1ltoz\u00e1ssal is fenyegetett tavak \u00e9s mocsarak nagyk\u00f6vetek\u00e9nt, h\u00e1rom r\u00e9cefaj: a b\u00f6jti r\u00e9ce, a kanalas r\u00e9ce \u00e9s ny\u00edlfark\u00fa r\u00e9ce k\u00f6z\u00fcl v\u00e1laszthat a lakoss\u00e1g az egyes\u00fclet honlapj\u00e1n 2024. j\u00falius 25-\u00e9n 12 \u00f3r\u00e1ig. B\u00f6jti r\u00e9ce Eur\u00e1zsi\u00e1ban f\u00e9szkel, D\u00e9lnyugat-Angli\u00e1t\u00f3l eg\u00e9szen a Csendes-\u00f3ce\u00e1nig, els\u0151sorban","og_url":"https:\/\/dorogimedence.hu\/index.php\/2024\/07\/04\/internetes-lakossagi-szavazas-2025-ev-madararol\/","og_site_name":"Dorogi-medence Region\u00e1lis H\u00edrport\u00e1l","article_publisher":"https:\/\/www.facebook.com\/dorogimedence\/","article_published_time":"2024-07-04T07:33:43+00:00","og_image":[{"width":1920,"height":970,"url":"https:\/\/dorogimedence.hu\/wp-content\/uploads\/2024\/07\/ev-madara-01.jpg","type":"image\/jpeg"}],"author":"dorogimedence.hu","twitter_card":"summary_large_image","twitter_misc":{"Szerz\u0151:":"dorogimedence.hu","Becs\u00fclt olvas\u00e1si id\u0151":"2 perc"},"schema":{"@context":"https:\/\/schema.org","@graph":[{"@type":"Article","@id":"https:\/\/dorogimedence.hu\/index.php\/2024\/07\/04\/internetes-lakossagi-szavazas-2025-ev-madararol\/#article","isPartOf":{"@id":"https:\/\/dorogimedence.hu\/index.php\/2024\/07\/04\/internetes-lakossagi-szavazas-2025-ev-madararol\/"},"author":{"name":"dorogimedence.hu","@id":"https:\/\/dorogimedence.hu\/#\/schema\/person\/ce6091eeb7e95ecdc87890d6aa8e0fd4"},"headline":"Internetes lakoss\u00e1gi szavaz\u00e1s 2025 \u00e9v madar\u00e1r\u00f3l","datePublished":"2024-07-04T07:33:43+00:00","mainEntityOfPage":{"@id":"https:\/\/dorogimedence.hu\/index.php\/2024\/07\/04\/internetes-lakossagi-szavazas-2025-ev-madararol\/"},"wordCount":445,"publisher":{"@id":"https:\/\/dorogimedence.hu\/#organization"},"image":{"@id":"https:\/\/dorogimedence.hu\/index.php\/2024\/07\/04\/internetes-lakossagi-szavazas-2025-ev-madararol\/#primaryimage"},"thumbnailUrl":"https:\/\/dorogimedence.hu\/wp-content\/uploads\/2024\/07\/ev-madara-01.jpg","keywords":["\u00e9v madara"],"articleSection":["H\u00edrek","Sz\u00ednes"],"inLanguage":"hu"},{"@type":"WebPage","@id":"https:\/\/dorogimedence.hu\/index.php\/2024\/07\/04\/internetes-lakossagi-szavazas-2025-ev-madararol\/","url":"https:\/\/dorogimedence.hu\/index.php\/2024\/07\/04\/internetes-lakossagi-szavazas-2025-ev-madararol\/","name":"Internetes lakoss\u00e1gi szavaz\u00e1s 2025 \u00e9v madar\u00e1r\u00f3l","isPartOf":{"@id":"https:\/\/dorogimedence.hu\/#website"},"primaryImageOfPage":{"@id":"https:\/\/dorogimedence.hu\/index.php\/2024\/07\/04\/internetes-lakossagi-szavazas-2025-ev-madararol\/#primaryimage"},"image":{"@id":"https:\/\/dorogimedence.hu\/index.php\/2024\/07\/04\/internetes-lakossagi-szavazas-2025-ev-madararol\/#primaryimage"},"thumbnailUrl":"https:\/\/dorogimedence.hu\/wp-content\/uploads\/2024\/07\/ev-madara-01.jpg","datePublished":"2024-07-04T07:33:43+00:00","breadcrumb":{"@id":"https:\/\/dorogimedence.hu\/index.php\/2024\/07\/04\/internetes-lakossagi-szavazas-2025-ev-madararol\/#breadcrumb"},"inLanguage":"hu","potentialAction":[{"@type":"ReadAction","target":["https:\/\/dorogimedence.hu\/index.php\/2024\/07\/04\/internetes-lakossagi-szavazas-2025-ev-madararol\/"]}]},{"@type":"ImageObject","inLanguage":"hu","@id":"https:\/\/dorogimedence.hu\/index.php\/2024\/07\/04\/internetes-lakossagi-szavazas-2025-ev-madararol\/#primaryimage","url":"https:\/\/dorogimedence.hu\/wp-content\/uploads\/2024\/07\/ev-madara-01.jpg","contentUrl":"https:\/\/dorogimedence.hu\/wp-content\/uploads\/2024\/07\/ev-madara-01.jpg","width":1920,"height":970},{"@type":"BreadcrumbList","@id":"https:\/\/dorogimedence.hu\/index.php\/2024\/07\/04\/internetes-lakossagi-szavazas-2025-ev-madararol\/#breadcrumb","itemListElement":[{"@type":"ListItem","position":1,"name":"Kezd\u0151lap","item":"https:\/\/dorogimedence.hu\/"},{"@type":"ListItem","position":2,"name":"Internetes lakoss\u00e1gi szavaz\u00e1s 2025 \u00e9v madar\u00e1r\u00f3l"}]},{"@type":"WebSite","@id":"https:\/\/dorogimedence.hu\/#website","url":"https:\/\/dorogimedence.hu\/","name":"Dorogi-medence Region\u00e1lis H\u00edrport\u00e1l","description":"Dorog, Keszt\u00f6lc, Le\u00e1nyv\u00e1r, Piliscs\u00e9v, Tokod, Tokodalt\u00e1r\u00f3, Csolnok, Esztergom-kertv\u00e1ros: h\u00edrek, programok","publisher":{"@id":"https:\/\/dorogimedence.hu\/#organization"},"potentialAction":[{"@type":"SearchAction","target":{"@type":"EntryPoint","urlTemplate":"https:\/\/dorogimedence.hu\/?s={search_term_string}"},"query-input":{"@type":"PropertyValueSpecification","valueRequired":true,"valueName":"search_term_string"}}],"inLanguage":"hu"},{"@type":"Organization","@id":"https:\/\/dorogimedence.hu\/#organization","name":"Dorogi-medence Region\u00e1lis H\u00edrport\u00e1l","url":"https:\/\/dorogimedence.hu\/","logo":{"@type":"ImageObject","inLanguage":"hu","@id":"https:\/\/dorogimedence.hu\/#\/schema\/logo\/image\/","url":"https:\/\/dorogimedence.hu\/wp-content\/uploads\/2021\/04\/logo-feher-600.png","contentUrl":"https:\/\/dorogimedence.hu\/wp-content\/uploads\/2021\/04\/logo-feher-600.png","width":600,"height":100,"caption":"Dorogi-medence Region\u00e1lis H\u00edrport\u00e1l"},"image":{"@id":"https:\/\/dorogimedence.hu\/#\/schema\/logo\/image\/"},"sameAs":["https:\/\/www.facebook.com\/dorogimedence\/"]},{"@type":"Person","@id":"https:\/\/dorogimedence.hu\/#\/schema\/person\/ce6091eeb7e95ecdc87890d6aa8e0fd4","name":"dorogimedence.hu","image":{"@type":"ImageObject","inLanguage":"hu","@id":"\/\/www.gravatar.com\/avatar\/d8d45f8901aadff40a4af72c0b826f1d?s=96&#038;r=g&#038;d=mm","url":"\/\/www.gravatar.com\/avatar\/d8d45f8901aadff40a4af72c0b826f1d?s=96&#038;r=g&#038;d=mm","contentUrl":"\/\/www.gravatar.com\/avatar\/d8d45f8901aadff40a4af72c0b826f1d?s=96&#038;r=g&#038;d=mm","caption":"dorogimedence.hu"}}]}},"_links":{"self":[{"href":"https:\/\/dorogimedence.hu\/index.php\/wp-json\/wp\/v2\/posts\/63282","targetHints":{"allow":["GET"]}}],"collection":[{"href":"https:\/\/dorogimedence.hu\/index.php\/wp-json\/wp\/v2\/posts"}],"about":[{"href":"https:\/\/dorogimedence.hu\/index.php\/wp-json\/wp\/v2\/types\/post"}],"author":[{"embeddable":true,"href":"https:\/\/dorogimedence.hu\/index.php\/wp-json\/wp\/v2\/users\/1"}],"replies":[{"embeddable":true,"href":"https:\/\/dorogimedence.hu\/index.php\/wp-json\/wp\/v2\/comments?post=63282"}],"version-history":[{"count":0,"href":"https:\/\/dorogimedence.hu\/index.php\/wp-json\/wp\/v2\/posts\/63282\/revisions"}],"wp:featuredmedia":[{"embeddable":true,"href":"https:\/\/dorogimedence.hu\/index.php\/wp-json\/wp\/v2\/media\/63283"}],"wp:attachment":[{"href":"https:\/\/dorogimedence.hu\/index.php\/wp-json\/wp\/v2\/media?parent=63282"}],"wp:term":[{"taxonomy":"category","embeddable":true,"href":"https:\/\/dorogimedence.hu\/index.php\/wp-json\/wp\/v2\/categories?post=63282"},{"taxonomy":"post_tag","embeddable":true,"href":"https:\/\/dorogimedence.hu\/index.php\/wp-json\/wp\/v2\/tags?post=63282"}],"curies":[{"name":"wp","href":"https:\/\/api.w.org\/{rel}","templated":true}]}}