{"id":6322,"date":"2017-10-18T14:22:36","date_gmt":"2017-10-18T12:22:36","guid":{"rendered":"http:\/\/dorogimedence.hu\/?p=6322"},"modified":"2017-10-18T14:22:36","modified_gmt":"2017-10-18T12:22:36","slug":"fekete-miklos-vihette-haza-az-aranyat","status":"publish","type":"post","link":"https:\/\/dorogimedence.hu\/index.php\/2017\/10\/18\/fekete-miklos-vihette-haza-az-aranyat\/","title":{"rendered":"Fekete Mikl\u00f3s vihette haza az aranyat"},"content":{"rendered":"<p><strong>Okt\u00f3ber 14-\u00e9n, szombaton, megrendez\u00e9sre ker\u00fclt a Nat\u00far Vil\u00e1g Leger\u0151sebb Emberei Vil\u00e1gbajnoks\u00e1g V\u00e1rpalot\u00e1n, ahol t\u00e9rs\u00e9g\u00fcnket \u00e9s egyben az orsz\u00e1got Fekete Mikl\u00f3s k\u00e9pviselte.<\/strong><\/p>\n<p>Az esem\u00e9nyen \u00f6t versenysz\u00e1m volt: k\u0151goly\u00f3emel\u00e9s, sziklacipel\u00e9s, s\u00falyok l\u00e9pcs\u0151n val\u00f3 cipel\u00e9se, leng\u0151s\u00faly cipel\u00e9s, t\u00e1rgyak fej f\u00f6l\u00e9 nyom\u00e1sa.<\/p>\n<p>A megm\u00e9rettet\u00e9sre 25 orsz\u00e1gb\u00f3l \u00e9rkeztek versenyz\u0151k, Magyarorsz\u00e1got Fekete Mikl\u00f3s k\u00e9pviselte, aki kem\u00e9ny k\u00fczdelem \u00e1r\u00e1n meg is nyerte a versenyt. A t\u00f6bbi csapat is j\u00f3l teljes\u00edtett, m\u00e1sodik helyezett Finnorsz\u00e1g lett, harmadik pedig Barbados.<\/p>\n<p>Az egy\u00e9ni Vil\u00e1gbajnoks\u00e1gon Ifj. Fekete L\u00e1szl\u00f3 is indult volna, de sajnos egy komolyabb s\u00e9r\u00fcl\u00e9s \u00e9rte, ami miatt t\u00f6bb versenyt, \u00edgy az eml\u00edtett bajnoks\u00e1got is ki kellett hagynia. Egy\u00e9bk\u00e9nt az id\u00e9n m\u00e1rciusban\u00a0megrendezett Csapat Vil\u00e1gbajnoks\u00e1got Ifj. Fekete L\u00e1szl\u00f3 \u00e9s Fekete Mikl\u00f3s nyerte meg.<\/p>\n<p><em>dorogimedence.hu<\/em><\/p>\n","protected":false},"excerpt":{"rendered":"<p>Okt\u00f3ber 14-\u00e9n, szombaton, megrendez\u00e9sre ker\u00fclt a Nat\u00far Vil\u00e1g Leger\u0151sebb Emberei Vil\u00e1gbajnoks\u00e1g V\u00e1rpalot\u00e1n, ahol t\u00e9rs\u00e9g\u00fcnket \u00e9s egyben az orsz\u00e1got Fekete Mikl\u00f3s k\u00e9pviselte. Az esem\u00e9nyen \u00f6t versenysz\u00e1m volt: k\u0151goly\u00f3emel\u00e9s, sziklacipel\u00e9s, s\u00falyok l\u00e9pcs\u0151n val\u00f3 cipel\u00e9se, leng\u0151s\u00faly cipel\u00e9s, t\u00e1rgyak fej f\u00f6l\u00e9 nyom\u00e1sa. A megm\u00e9rettet\u00e9sre 25 orsz\u00e1gb\u00f3l \u00e9rkeztek versenyz\u0151k, Magyarorsz\u00e1got Fekete Mikl\u00f3s k\u00e9pviselte, aki kem\u00e9ny k\u00fczdelem \u00e1r\u00e1n meg is nyerte<\/p>\n","protected":false},"author":1,"featured_media":6323,"comment_status":"closed","ping_status":"closed","sticky":false,"template":"","format":"standard","meta":{"ngg_post_thumbnail":0,"footnotes":""},"categories":[64,2,3,5],"tags":[607,551,410,16,411],"class_list":{"0":"post-6322","1":"post","2":"type-post","3":"status-publish","4":"format-standard","5":"has-post-thumbnail","7":"category-csolnok","8":"category-dorog","9":"category-hirek","10":"category-sport","11":"tag-erosemberek","12":"tag-fekete-laci","13":"tag-fekete-miklos","14":"tag-sport","15":"tag-vilagbajnoksag"},"yoast_head":"<!-- This site is optimized with the Yoast SEO plugin v27.4 - https:\/\/yoast.com\/product\/yoast-seo-wordpress\/ -->\n<title>Fekete Mikl\u00f3s vihette haza az aranyat<\/title>\n<meta name=\"robots\" content=\"index, follow, max-snippet:-1, max-image-preview:large, max-video-preview:-1\" \/>\n<link rel=\"canonical\" href=\"https:\/\/dorogimedence.hu\/index.php\/2017\/10\/18\/fekete-miklos-vihette-haza-az-aranyat\/\" class=\"yoast-seo-meta-tag\" \/>\n<meta property=\"og:locale\" content=\"hu_HU\" class=\"yoast-seo-meta-tag\" \/>\n<meta property=\"og:type\" content=\"article\" class=\"yoast-seo-meta-tag\" \/>\n<meta property=\"og:title\" content=\"Fekete Mikl\u00f3s vihette haza az aranyat\" class=\"yoast-seo-meta-tag\" \/>\n<meta property=\"og:description\" content=\"Okt\u00f3ber 14-\u00e9n, szombaton, megrendez\u00e9sre ker\u00fclt a Nat\u00far Vil\u00e1g Leger\u0151sebb Emberei Vil\u00e1gbajnoks\u00e1g V\u00e1rpalot\u00e1n, ahol t\u00e9rs\u00e9g\u00fcnket \u00e9s egyben az orsz\u00e1got Fekete Mikl\u00f3s k\u00e9pviselte. Az esem\u00e9nyen \u00f6t versenysz\u00e1m volt: k\u0151goly\u00f3emel\u00e9s, sziklacipel\u00e9s, s\u00falyok l\u00e9pcs\u0151n val\u00f3 cipel\u00e9se, leng\u0151s\u00faly cipel\u00e9s, t\u00e1rgyak fej f\u00f6l\u00e9 nyom\u00e1sa. A megm\u00e9rettet\u00e9sre 25 orsz\u00e1gb\u00f3l \u00e9rkeztek versenyz\u0151k, Magyarorsz\u00e1got Fekete Mikl\u00f3s k\u00e9pviselte, aki kem\u00e9ny k\u00fczdelem \u00e1r\u00e1n meg is nyerte\" class=\"yoast-seo-meta-tag\" \/>\n<meta property=\"og:url\" content=\"https:\/\/dorogimedence.hu\/index.php\/2017\/10\/18\/fekete-miklos-vihette-haza-az-aranyat\/\" class=\"yoast-seo-meta-tag\" \/>\n<meta property=\"og:site_name\" content=\"Dorogi-medence Region\u00e1lis H\u00edrport\u00e1l\" class=\"yoast-seo-meta-tag\" \/>\n<meta property=\"article:publisher\" content=\"https:\/\/www.facebook.com\/dorogimedence\/\" class=\"yoast-seo-meta-tag\" \/>\n<meta property=\"article:published_time\" content=\"2017-10-18T12:22:36+00:00\" class=\"yoast-seo-meta-tag\" \/>\n<meta property=\"og:image\" content=\"https:\/\/i0.wp.com\/dorogimedence.hu\/wp-content\/uploads\/2017\/10\/erosemberek-01.jpg?fit=670%2C365&ssl=1\" class=\"yoast-seo-meta-tag\" \/>\n\t<meta property=\"og:image:width\" content=\"670\" class=\"yoast-seo-meta-tag\" \/>\n\t<meta property=\"og:image:height\" content=\"365\" class=\"yoast-seo-meta-tag\" \/>\n\t<meta property=\"og:image:type\" content=\"image\/jpeg\" class=\"yoast-seo-meta-tag\" \/>\n<meta name=\"author\" content=\"dorogimedence.hu\" class=\"yoast-seo-meta-tag\" \/>\n<meta name=\"twitter:card\" content=\"summary_large_image\" class=\"yoast-seo-meta-tag\" \/>\n<meta name=\"twitter:label1\" content=\"Szerz\u0151:\" class=\"yoast-seo-meta-tag\" \/>\n\t<meta name=\"twitter:data1\" content=\"dorogimedence.hu\" class=\"yoast-seo-meta-tag\" \/>\n\t<meta name=\"twitter:label2\" content=\"Becs\u00fclt olvas\u00e1si id\u0151\" class=\"yoast-seo-meta-tag\" \/>\n\t<meta name=\"twitter:data2\" content=\"1 perc\" class=\"yoast-seo-meta-tag\" \/>\n<script type=\"application\/ld+json\" class=\"yoast-schema-graph\">{\"@context\":\"https:\\\/\\\/schema.org\",\"@graph\":[{\"@type\":\"Article\",\"@id\":\"https:\\\/\\\/dorogimedence.hu\\\/index.php\\\/2017\\\/10\\\/18\\\/fekete-miklos-vihette-haza-az-aranyat\\\/#article\",\"isPartOf\":{\"@id\":\"https:\\\/\\\/dorogimedence.hu\\\/index.php\\\/2017\\\/10\\\/18\\\/fekete-miklos-vihette-haza-az-aranyat\\\/\"},\"author\":{\"name\":\"dorogimedence.hu\",\"@id\":\"https:\\\/\\\/dorogimedence.hu\\\/#\\\/schema\\\/person\\\/ce6091eeb7e95ecdc87890d6aa8e0fd4\"},\"headline\":\"Fekete Mikl\u00f3s vihette haza az aranyat\",\"datePublished\":\"2017-10-18T12:22:36+00:00\",\"mainEntityOfPage\":{\"@id\":\"https:\\\/\\\/dorogimedence.hu\\\/index.php\\\/2017\\\/10\\\/18\\\/fekete-miklos-vihette-haza-az-aranyat\\\/\"},\"wordCount\":187,\"publisher\":{\"@id\":\"https:\\\/\\\/dorogimedence.hu\\\/#organization\"},\"image\":{\"@id\":\"https:\\\/\\\/dorogimedence.hu\\\/index.php\\\/2017\\\/10\\\/18\\\/fekete-miklos-vihette-haza-az-aranyat\\\/#primaryimage\"},\"thumbnailUrl\":\"https:\\\/\\\/dorogimedence.hu\\\/wp-content\\\/uploads\\\/2017\\\/10\\\/erosemberek-01.jpg\",\"keywords\":[\"er\u0151semberek\",\"Fekete Laci\",\"Fekete Mikl\u00f3s\",\"sport\",\"vil\u00e1gbajnoks\u00e1g\"],\"articleSection\":[\"Csolnok\",\"Dorog\",\"H\u00edrek\",\"Sport\"],\"inLanguage\":\"hu\"},{\"@type\":\"WebPage\",\"@id\":\"https:\\\/\\\/dorogimedence.hu\\\/index.php\\\/2017\\\/10\\\/18\\\/fekete-miklos-vihette-haza-az-aranyat\\\/\",\"url\":\"https:\\\/\\\/dorogimedence.hu\\\/index.php\\\/2017\\\/10\\\/18\\\/fekete-miklos-vihette-haza-az-aranyat\\\/\",\"name\":\"Fekete Mikl\u00f3s vihette haza az aranyat\",\"isPartOf\":{\"@id\":\"https:\\\/\\\/dorogimedence.hu\\\/#website\"},\"primaryImageOfPage\":{\"@id\":\"https:\\\/\\\/dorogimedence.hu\\\/index.php\\\/2017\\\/10\\\/18\\\/fekete-miklos-vihette-haza-az-aranyat\\\/#primaryimage\"},\"image\":{\"@id\":\"https:\\\/\\\/dorogimedence.hu\\\/index.php\\\/2017\\\/10\\\/18\\\/fekete-miklos-vihette-haza-az-aranyat\\\/#primaryimage\"},\"thumbnailUrl\":\"https:\\\/\\\/dorogimedence.hu\\\/wp-content\\\/uploads\\\/2017\\\/10\\\/erosemberek-01.jpg\",\"datePublished\":\"2017-10-18T12:22:36+00:00\",\"breadcrumb\":{\"@id\":\"https:\\\/\\\/dorogimedence.hu\\\/index.php\\\/2017\\\/10\\\/18\\\/fekete-miklos-vihette-haza-az-aranyat\\\/#breadcrumb\"},\"inLanguage\":\"hu\",\"potentialAction\":[{\"@type\":\"ReadAction\",\"target\":[\"https:\\\/\\\/dorogimedence.hu\\\/index.php\\\/2017\\\/10\\\/18\\\/fekete-miklos-vihette-haza-az-aranyat\\\/\"]}]},{\"@type\":\"ImageObject\",\"inLanguage\":\"hu\",\"@id\":\"https:\\\/\\\/dorogimedence.hu\\\/index.php\\\/2017\\\/10\\\/18\\\/fekete-miklos-vihette-haza-az-aranyat\\\/#primaryimage\",\"url\":\"https:\\\/\\\/dorogimedence.hu\\\/wp-content\\\/uploads\\\/2017\\\/10\\\/erosemberek-01.jpg\",\"contentUrl\":\"https:\\\/\\\/dorogimedence.hu\\\/wp-content\\\/uploads\\\/2017\\\/10\\\/erosemberek-01.jpg\",\"width\":670,\"height\":365},{\"@type\":\"BreadcrumbList\",\"@id\":\"https:\\\/\\\/dorogimedence.hu\\\/index.php\\\/2017\\\/10\\\/18\\\/fekete-miklos-vihette-haza-az-aranyat\\\/#breadcrumb\",\"itemListElement\":[{\"@type\":\"ListItem\",\"position\":1,\"name\":\"Kezd\u0151lap\",\"item\":\"https:\\\/\\\/dorogimedence.hu\\\/\"},{\"@type\":\"ListItem\",\"position\":2,\"name\":\"Fekete Mikl\u00f3s vihette haza az aranyat\"}]},{\"@type\":\"WebSite\",\"@id\":\"https:\\\/\\\/dorogimedence.hu\\\/#website\",\"url\":\"https:\\\/\\\/dorogimedence.hu\\\/\",\"name\":\"Dorogi-medence Region\u00e1lis H\u00edrport\u00e1l\",\"description\":\"Dorog, Keszt\u00f6lc, Le\u00e1nyv\u00e1r, Piliscs\u00e9v, Tokod, Tokodalt\u00e1r\u00f3, Csolnok, Esztergom-kertv\u00e1ros: h\u00edrek, programok\",\"publisher\":{\"@id\":\"https:\\\/\\\/dorogimedence.hu\\\/#organization\"},\"potentialAction\":[{\"@type\":\"SearchAction\",\"target\":{\"@type\":\"EntryPoint\",\"urlTemplate\":\"https:\\\/\\\/dorogimedence.hu\\\/?s={search_term_string}\"},\"query-input\":{\"@type\":\"PropertyValueSpecification\",\"valueRequired\":true,\"valueName\":\"search_term_string\"}}],\"inLanguage\":\"hu\"},{\"@type\":\"Organization\",\"@id\":\"https:\\\/\\\/dorogimedence.hu\\\/#organization\",\"name\":\"Dorogi-medence Region\u00e1lis H\u00edrport\u00e1l\",\"url\":\"https:\\\/\\\/dorogimedence.hu\\\/\",\"logo\":{\"@type\":\"ImageObject\",\"inLanguage\":\"hu\",\"@id\":\"https:\\\/\\\/dorogimedence.hu\\\/#\\\/schema\\\/logo\\\/image\\\/\",\"url\":\"https:\\\/\\\/dorogimedence.hu\\\/wp-content\\\/uploads\\\/2021\\\/04\\\/logo-feher-600.png\",\"contentUrl\":\"https:\\\/\\\/dorogimedence.hu\\\/wp-content\\\/uploads\\\/2021\\\/04\\\/logo-feher-600.png\",\"width\":600,\"height\":100,\"caption\":\"Dorogi-medence Region\u00e1lis H\u00edrport\u00e1l\"},\"image\":{\"@id\":\"https:\\\/\\\/dorogimedence.hu\\\/#\\\/schema\\\/logo\\\/image\\\/\"},\"sameAs\":[\"https:\\\/\\\/www.facebook.com\\\/dorogimedence\\\/\"]},{\"@type\":\"Person\",\"@id\":\"https:\\\/\\\/dorogimedence.hu\\\/#\\\/schema\\\/person\\\/ce6091eeb7e95ecdc87890d6aa8e0fd4\",\"name\":\"dorogimedence.hu\",\"image\":{\"@type\":\"ImageObject\",\"inLanguage\":\"hu\",\"@id\":\"\\\/\\\/www.gravatar.com\\\/avatar\\\/d8d45f8901aadff40a4af72c0b826f1d?s=96&#038;r=g&#038;d=mm\",\"url\":\"\\\/\\\/www.gravatar.com\\\/avatar\\\/d8d45f8901aadff40a4af72c0b826f1d?s=96&#038;r=g&#038;d=mm\",\"contentUrl\":\"\\\/\\\/www.gravatar.com\\\/avatar\\\/d8d45f8901aadff40a4af72c0b826f1d?s=96&#038;r=g&#038;d=mm\",\"caption\":\"dorogimedence.hu\"}}]}<\/script>\n<!-- \/ Yoast SEO plugin. -->","yoast_head_json":{"title":"Fekete Mikl\u00f3s vihette haza az aranyat","robots":{"index":"index","follow":"follow","max-snippet":"max-snippet:-1","max-image-preview":"max-image-preview:large","max-video-preview":"max-video-preview:-1"},"canonical":"https:\/\/dorogimedence.hu\/index.php\/2017\/10\/18\/fekete-miklos-vihette-haza-az-aranyat\/","og_locale":"hu_HU","og_type":"article","og_title":"Fekete Mikl\u00f3s vihette haza az aranyat","og_description":"Okt\u00f3ber 14-\u00e9n, szombaton, megrendez\u00e9sre ker\u00fclt a Nat\u00far Vil\u00e1g Leger\u0151sebb Emberei Vil\u00e1gbajnoks\u00e1g V\u00e1rpalot\u00e1n, ahol t\u00e9rs\u00e9g\u00fcnket \u00e9s egyben az orsz\u00e1got Fekete Mikl\u00f3s k\u00e9pviselte. Az esem\u00e9nyen \u00f6t versenysz\u00e1m volt: k\u0151goly\u00f3emel\u00e9s, sziklacipel\u00e9s, s\u00falyok l\u00e9pcs\u0151n val\u00f3 cipel\u00e9se, leng\u0151s\u00faly cipel\u00e9s, t\u00e1rgyak fej f\u00f6l\u00e9 nyom\u00e1sa. A megm\u00e9rettet\u00e9sre 25 orsz\u00e1gb\u00f3l \u00e9rkeztek versenyz\u0151k, Magyarorsz\u00e1got Fekete Mikl\u00f3s k\u00e9pviselte, aki kem\u00e9ny k\u00fczdelem \u00e1r\u00e1n meg is nyerte","og_url":"https:\/\/dorogimedence.hu\/index.php\/2017\/10\/18\/fekete-miklos-vihette-haza-az-aranyat\/","og_site_name":"Dorogi-medence Region\u00e1lis H\u00edrport\u00e1l","article_publisher":"https:\/\/www.facebook.com\/dorogimedence\/","article_published_time":"2017-10-18T12:22:36+00:00","og_image":[{"width":670,"height":365,"url":"https:\/\/i0.wp.com\/dorogimedence.hu\/wp-content\/uploads\/2017\/10\/erosemberek-01.jpg?fit=670%2C365&ssl=1","type":"image\/jpeg"}],"author":"dorogimedence.hu","twitter_card":"summary_large_image","twitter_misc":{"Szerz\u0151:":"dorogimedence.hu","Becs\u00fclt olvas\u00e1si id\u0151":"1 perc"},"schema":{"@context":"https:\/\/schema.org","@graph":[{"@type":"Article","@id":"https:\/\/dorogimedence.hu\/index.php\/2017\/10\/18\/fekete-miklos-vihette-haza-az-aranyat\/#article","isPartOf":{"@id":"https:\/\/dorogimedence.hu\/index.php\/2017\/10\/18\/fekete-miklos-vihette-haza-az-aranyat\/"},"author":{"name":"dorogimedence.hu","@id":"https:\/\/dorogimedence.hu\/#\/schema\/person\/ce6091eeb7e95ecdc87890d6aa8e0fd4"},"headline":"Fekete Mikl\u00f3s vihette haza az aranyat","datePublished":"2017-10-18T12:22:36+00:00","mainEntityOfPage":{"@id":"https:\/\/dorogimedence.hu\/index.php\/2017\/10\/18\/fekete-miklos-vihette-haza-az-aranyat\/"},"wordCount":187,"publisher":{"@id":"https:\/\/dorogimedence.hu\/#organization"},"image":{"@id":"https:\/\/dorogimedence.hu\/index.php\/2017\/10\/18\/fekete-miklos-vihette-haza-az-aranyat\/#primaryimage"},"thumbnailUrl":"https:\/\/dorogimedence.hu\/wp-content\/uploads\/2017\/10\/erosemberek-01.jpg","keywords":["er\u0151semberek","Fekete Laci","Fekete Mikl\u00f3s","sport","vil\u00e1gbajnoks\u00e1g"],"articleSection":["Csolnok","Dorog","H\u00edrek","Sport"],"inLanguage":"hu"},{"@type":"WebPage","@id":"https:\/\/dorogimedence.hu\/index.php\/2017\/10\/18\/fekete-miklos-vihette-haza-az-aranyat\/","url":"https:\/\/dorogimedence.hu\/index.php\/2017\/10\/18\/fekete-miklos-vihette-haza-az-aranyat\/","name":"Fekete Mikl\u00f3s vihette haza az aranyat","isPartOf":{"@id":"https:\/\/dorogimedence.hu\/#website"},"primaryImageOfPage":{"@id":"https:\/\/dorogimedence.hu\/index.php\/2017\/10\/18\/fekete-miklos-vihette-haza-az-aranyat\/#primaryimage"},"image":{"@id":"https:\/\/dorogimedence.hu\/index.php\/2017\/10\/18\/fekete-miklos-vihette-haza-az-aranyat\/#primaryimage"},"thumbnailUrl":"https:\/\/dorogimedence.hu\/wp-content\/uploads\/2017\/10\/erosemberek-01.jpg","datePublished":"2017-10-18T12:22:36+00:00","breadcrumb":{"@id":"https:\/\/dorogimedence.hu\/index.php\/2017\/10\/18\/fekete-miklos-vihette-haza-az-aranyat\/#breadcrumb"},"inLanguage":"hu","potentialAction":[{"@type":"ReadAction","target":["https:\/\/dorogimedence.hu\/index.php\/2017\/10\/18\/fekete-miklos-vihette-haza-az-aranyat\/"]}]},{"@type":"ImageObject","inLanguage":"hu","@id":"https:\/\/dorogimedence.hu\/index.php\/2017\/10\/18\/fekete-miklos-vihette-haza-az-aranyat\/#primaryimage","url":"https:\/\/dorogimedence.hu\/wp-content\/uploads\/2017\/10\/erosemberek-01.jpg","contentUrl":"https:\/\/dorogimedence.hu\/wp-content\/uploads\/2017\/10\/erosemberek-01.jpg","width":670,"height":365},{"@type":"BreadcrumbList","@id":"https:\/\/dorogimedence.hu\/index.php\/2017\/10\/18\/fekete-miklos-vihette-haza-az-aranyat\/#breadcrumb","itemListElement":[{"@type":"ListItem","position":1,"name":"Kezd\u0151lap","item":"https:\/\/dorogimedence.hu\/"},{"@type":"ListItem","position":2,"name":"Fekete Mikl\u00f3s vihette haza az aranyat"}]},{"@type":"WebSite","@id":"https:\/\/dorogimedence.hu\/#website","url":"https:\/\/dorogimedence.hu\/","name":"Dorogi-medence Region\u00e1lis H\u00edrport\u00e1l","description":"Dorog, Keszt\u00f6lc, Le\u00e1nyv\u00e1r, Piliscs\u00e9v, Tokod, Tokodalt\u00e1r\u00f3, Csolnok, Esztergom-kertv\u00e1ros: h\u00edrek, programok","publisher":{"@id":"https:\/\/dorogimedence.hu\/#organization"},"potentialAction":[{"@type":"SearchAction","target":{"@type":"EntryPoint","urlTemplate":"https:\/\/dorogimedence.hu\/?s={search_term_string}"},"query-input":{"@type":"PropertyValueSpecification","valueRequired":true,"valueName":"search_term_string"}}],"inLanguage":"hu"},{"@type":"Organization","@id":"https:\/\/dorogimedence.hu\/#organization","name":"Dorogi-medence Region\u00e1lis H\u00edrport\u00e1l","url":"https:\/\/dorogimedence.hu\/","logo":{"@type":"ImageObject","inLanguage":"hu","@id":"https:\/\/dorogimedence.hu\/#\/schema\/logo\/image\/","url":"https:\/\/dorogimedence.hu\/wp-content\/uploads\/2021\/04\/logo-feher-600.png","contentUrl":"https:\/\/dorogimedence.hu\/wp-content\/uploads\/2021\/04\/logo-feher-600.png","width":600,"height":100,"caption":"Dorogi-medence Region\u00e1lis H\u00edrport\u00e1l"},"image":{"@id":"https:\/\/dorogimedence.hu\/#\/schema\/logo\/image\/"},"sameAs":["https:\/\/www.facebook.com\/dorogimedence\/"]},{"@type":"Person","@id":"https:\/\/dorogimedence.hu\/#\/schema\/person\/ce6091eeb7e95ecdc87890d6aa8e0fd4","name":"dorogimedence.hu","image":{"@type":"ImageObject","inLanguage":"hu","@id":"\/\/www.gravatar.com\/avatar\/d8d45f8901aadff40a4af72c0b826f1d?s=96&#038;r=g&#038;d=mm","url":"\/\/www.gravatar.com\/avatar\/d8d45f8901aadff40a4af72c0b826f1d?s=96&#038;r=g&#038;d=mm","contentUrl":"\/\/www.gravatar.com\/avatar\/d8d45f8901aadff40a4af72c0b826f1d?s=96&#038;r=g&#038;d=mm","caption":"dorogimedence.hu"}}]}},"_links":{"self":[{"href":"https:\/\/dorogimedence.hu\/index.php\/wp-json\/wp\/v2\/posts\/6322","targetHints":{"allow":["GET"]}}],"collection":[{"href":"https:\/\/dorogimedence.hu\/index.php\/wp-json\/wp\/v2\/posts"}],"about":[{"href":"https:\/\/dorogimedence.hu\/index.php\/wp-json\/wp\/v2\/types\/post"}],"author":[{"embeddable":true,"href":"https:\/\/dorogimedence.hu\/index.php\/wp-json\/wp\/v2\/users\/1"}],"replies":[{"embeddable":true,"href":"https:\/\/dorogimedence.hu\/index.php\/wp-json\/wp\/v2\/comments?post=6322"}],"version-history":[{"count":0,"href":"https:\/\/dorogimedence.hu\/index.php\/wp-json\/wp\/v2\/posts\/6322\/revisions"}],"wp:featuredmedia":[{"embeddable":true,"href":"https:\/\/dorogimedence.hu\/index.php\/wp-json\/wp\/v2\/media\/6323"}],"wp:attachment":[{"href":"https:\/\/dorogimedence.hu\/index.php\/wp-json\/wp\/v2\/media?parent=6322"}],"wp:term":[{"taxonomy":"category","embeddable":true,"href":"https:\/\/dorogimedence.hu\/index.php\/wp-json\/wp\/v2\/categories?post=6322"},{"taxonomy":"post_tag","embeddable":true,"href":"https:\/\/dorogimedence.hu\/index.php\/wp-json\/wp\/v2\/tags?post=6322"}],"curies":[{"name":"wp","href":"https:\/\/api.w.org\/{rel}","templated":true}]}}