{"id":63183,"date":"2024-07-02T11:01:40","date_gmt":"2024-07-02T09:01:40","guid":{"rendered":"https:\/\/dorogimedence.hu\/?p=63183"},"modified":"2024-07-02T11:01:40","modified_gmt":"2024-07-02T09:01:40","slug":"aramszunetek-juliusban","status":"publish","type":"post","link":"https:\/\/dorogimedence.hu\/index.php\/2024\/07\/02\/aramszunetek-juliusban\/","title":{"rendered":"\u00c1ramsz\u00fcnetek j\u00faliusban"},"content":{"rendered":"<p><strong>T\u00e9rs\u00e9g\u00fcnkben Dorogon, Esztergomban, Nyerges\u00fajfaluban, Csolnokon, Keszt\u00f6lc\u00f6n, Piliscs\u00e9ven \u00e9s L\u00e1batlanon sz\u00e1m\u00edthatunk tervezett \u00e1ramsz\u00fcnetekre 2024 j\u00falius\u00e1ban.<\/strong><\/p>\n<p>Az E.ON Hung\u00e1ria folyamatos korszer\u0171s\u00edt\u00e9st hajt v\u00e9gre h\u00e1l\u00f3zat\u00e1n. A tervszer\u0171 beavatkoz\u00e1sok biztons\u00e1gos elv\u00e9gz\u00e9se \u00e9rdek\u00e9ben elengedhetetlen a vezet\u00e9k id\u0151szakos fesz\u00fclts\u00e9gmentes\u00edt\u00e9se.<\/p>\n<p><strong>Az al\u00e1bbi telep\u00fcl\u00e9seken \u00e9s id\u0151pontokban sz\u00e1m\u00edthatunk \u00e1ramkimarad\u00e1sokra:<\/strong><\/p>\n<p>J\u00falius 4. cs\u00fct\u00f6rt\u00f6k<br \/>\n<strong>Keszt\u00f6lc (08.30-15.30):<\/strong> Ak\u00e1cos utca, B\u00e1ny\u00e1sz utca, B\u00e9ke k\u00f6z, Csereszny\u00e9sh\u00e1t 1. \u00e9s 3-27., Esztergomi utca 110-132. p\u00e1ros, 99-117. p\u00e1ratlan, 52, 1732\/22 hrsz, 052\/10 hrsz, Homoki utca 1-8., J\u00f3szerencs\u00e9t utca, Lencsehegyi utca, Major utca 1, 23-27. p\u00e1ratlan \u00e9s 35-58. p\u00e1ros, Malom k\u00f6z 1-63., Malom utca 1-63., Ny\u00e1r utca. <strong>Csolnok (10.00-14.00):<\/strong> 01\/2\/1 hrsz. <strong>Esztergom (08.00-16.00):<\/strong> Aranyes\u0151 utca, Attila utca, Bajnok utca, B\u00e1nfi Luk\u00e1cs \u00fat 4-10. p\u00e1ros, Becket Tam\u00e1s utca, Borzhegy d\u0171l\u0151, Cig\u00e1nyk\u00fati d\u0171l\u0151, Dobog\u00f3k\u0151i \u00fat 1-25. p\u00e1ratlan \u00e9s 24-72. p\u00e1ros, Einczinger Ferenc k\u00f6z, Esze Tam\u00e1s utca, Fels\u0151-Kenderes d\u0171l\u0151, Galagony\u00e1s \u00fat 1-63. p\u00e1ratlan \u00e9s 2-98 p\u00e1ros, Kenderesi \u00fat, Kir\u00e1lyszive utca, K\u00f6ny\u00f6k utca, L\u00e9pcs\u0151 utca, Magyary L\u00e1szl\u00f3 utca 1., 3-6., 8., 10-13., Mathi\u00e1sz J\u00e1nos utca, M\u00e9ly \u00fat 1-37. p\u00e1ratlan \u00e9s 2-42. p\u00e1ros, Meredek utca, Moh\u00e1csi M\u00e1ty\u00e1s k\u00f6z, Monteverdi utca, Nap utca, Pifk\u00f3 P\u00e9ter utca, Rezeda utca, Siszler \u00fat 13-65. p\u00e1ratlan \u00e9s 4-62. p\u00e1ros, Szent J\u00e1nos k\u00f6z, Szent J\u00e1nos-k\u00fati \u00fat 25.,28.,31.,33.,37.,42., Temet\u0151 utca 1-v\u00e9gig p\u00e1ratlan \u00e9s 42-v\u00e9gig p\u00e1ros, \u00daj utca, Vadr\u00f3zsa utca, Vaskapui \u00fat 20.,27.,31.,35.,41\/B,45, Vasv\u00e1ri P\u00e1l utca, V\u00edztorony utca.<\/p>\n<p>J\u00falius 5. p\u00e9ntek<br \/>\n<strong>L\u00e1batlan (08.00-13.00):<\/strong> Damjanich utca 16-100. p\u00e1ros \u00e9s 23-51. p\u00e1ratlan.<\/p>\n<p>J\u00falius 10. szerda<br \/>\n<strong>Dorog (08.30-16.00):<\/strong> E\u00f6tv\u00f6s utca, Goethe utca 19-33. p\u00e1ratlan \u00e9s 20-34. p\u00e1ros, Heine utca 19-31. p\u00e1ratlan \u00e9s 20-34. p\u00e1ros, Martinovics utca 13. \u00e9s 15., Puskin utca. Radn\u00f3ti Mikl\u00f3s utca 2, 1-39. p\u00e1ratlan \u00e9s 28-52. p\u00e1ros, Schiller utca 21-33. p\u00e1ratlan \u00e9s 22-34. p\u00e1ros. <strong>Piliscs\u00e9v (10.30-15.30):<\/strong> B\u00e9ke utca 108-138. p\u00e1ros \u00e9s 83-115. p\u00e1ratlan, B\u00fazavir\u00e1g utca, D\u00f3zsa Gy\u00f6rgy utca 28-62. p\u00e1ros \u00e9s 45-77. p\u00e1ratlan, Hossz\u00far\u00e9ti utca hrsz.2127,1,5, Jurkovics utca, Nefelejcs utca, R\u00f3zsa k\u00f6z, Vir\u00e1gos utca 1. \u00e9s 3.<\/p>\n<p>J\u00falius 11. cs\u00fct\u00f6rt\u00f6k<br \/>\n<strong>L\u00e1batlan (08.00-16.00):<\/strong> Kanberek utca.<\/p>\n<p>J\u00falius 16. kedd<br \/>\n<strong>Esztergom (08.00-15.00):<\/strong> Besze J\u00e1nos utca 11-37. p\u00e1ratlan \u00e9s 6-36. p\u00e1ros, B\u00edbor utca, Kapu k\u00f6z, K\u00f6ves utca, V\u00f6r\u00f6sk\u0151i utca 5-17. p\u00e1ratlan \u00e9s 6-16. p\u00e1ros.<\/p>\n<p>J\u00falius 17. szerda<br \/>\n<strong>Esztergom (08.00-16.00):<\/strong> Csatai Szab\u00f3 J\u00e1nos utca, Kiss J\u00e1nos vez\u00e9rezredes \u00fat 1-27. p\u00e1ratlan, Knorr J\u00e1nos utca 2., Nefelejcs utca, Petz testv\u00e9rek utca, Szentkir\u00e1lyi utca, T\u00e1ti \u00fat.<\/p>\n<p>J\u00falius 18. cs\u00fct\u00f6rt\u00f6k<br \/>\n<strong>Piliscs\u00e9v (08.00-13.00):<\/strong> Dolina utca, Kadarka sor 53., \u00d6reghegyi d\u0171l\u0151, Pinc\u00e9k-alatti-d\u0171l\u0151k, Pincesor utca.<\/p>\n<p>J\u00falius 22. h\u00e9tf\u0151<br \/>\n<strong>Dorog (08.00-16.30):<\/strong> Alkotm\u00e1ny utca, Derkovits utca, Gar\u00e1zssor, H\u00e1rsfa utca, K\u00e1lvin k\u00f6z 2., Keszt\u00f6lci \u00fat, K\u00f6zt\u00e1rsas\u00e1g utca 1,2,3,4,6,12,16,hrsz:623\/2,hrsz:118\/47\/A, Munk\u00e1csy Mih\u00e1ly utca, Munk\u00e1s utca 1-20., Patak k\u00f6z, Pataksor Als\u00f3 utca 27-55., Szigligeti utca, T\u00e9l utca, Vas\u00fatsor 18. \u00e9s 29. <strong>Keszt\u00f6lc (08.30-15.30):<\/strong> K\u00e9m\u00e9ny utca, Kigy\u00f3 utca 1-25., T\u00f6lgyfa utca 1-15.<\/p>\n<p>J\u00falius 23. kedd<br \/>\n<strong>Dorog (08.00-16.30):<\/strong> Keszt\u00f6lci \u00fat, Pataksor Als\u00f3 utca 27-55. <strong>Keszt\u00f6lc (08.30-15.30):<\/strong> K\u00e9m\u00e9ny utca, Kigy\u00f3 utca 1-25., T\u00f6lgyfa utca 1-15.<\/p>\n<p>J\u00falius 24. szerda<br \/>\n<strong>Keszt\u00f6lc (08.30-15.30):<\/strong> Gertrud utca, K\u00e9m\u00e9ny utca, Kigy\u00f3 utca, Klastrom utca 35., T\u00f6lgyfa utca.<\/p>\n<p>J\u00falius 29. h\u00e9tf\u0151<br \/>\n<strong>Keszt\u00f6lc (08.30-15.30):<\/strong> Gertrud utca, K\u00e9m\u00e9ny utca, Kigy\u00f3 utca, T\u00f6lgyfa utca.<\/p>\n<p>J\u00falius 30. kedd<br \/>\n<strong>Keszt\u00f6lc (08.30-15.30):<\/strong> K\u00e9m\u00e9ny utca, Kigy\u00f3 utca 1-25., T\u00f6lgyfa utca 1-15.<\/p>\n<p>J\u00falius 31. szerda<br \/>\n<strong>Nyerges\u00fajfalu (08.00-16.00):<\/strong> Babits Mih\u00e1ly utca 8., Cs\u0151 utca 1-19. p\u00e1ratlan \u00e9s 2-12. p\u00e1ros, Eternit-\u00d6reg telep, F\u0151 \u00fat 1., Harmat utca, Hull\u00e1m utca 11-15. p\u00e1ratlan \u00e9s 12-14. p\u00e1ros, Idom utca, Kertalja utca, Vadvir\u00e1g utca. <strong>L\u00e1batlan (08.00-16.00):<\/strong> Zr\u00ednyi Mikl\u00f3s lak\u00f3telep.<\/p>\n<p>Augusztus 1. cs\u00fct\u00f6rt\u00f6k<br \/>\n<strong>Esztergom (08.00-16.00):<\/strong> Bajor \u00c1gost utca, L\u00e1z\u00e1r Vilmos utca 17-83 p\u00e1ratlan, P\u00f6ltenberg Ern\u0151 utca, R\u00e9v\u00e9sz B\u00e9la utca, Szent P\u00e1l utca, Szentkir\u00e1lyi utca 56-60. p\u00e1ros \u00e9s 67-v\u00e9gig p\u00e1ratlan, Sz\u00e9r\u0171skert utca, Tartsay Vilmos utca, T\u00f6lt\u00e9s utca, Verseghy Ferenc utca, Zs\u00e1k utca, Zsolt N\u00e1ndor utca.<\/p>\n<p>Augusztus 2. p\u00e9ntek<br \/>\n<strong>Nyerges\u00fajfalu (08.00-16.00):<\/strong> Babits Mih\u00e1ly utca 8., Eternit-\u00d6reg telep, F\u0151 \u00fat 1., Kertalja utca, Idom utca 2-4.,6.,8.,13. \u00e9s 10-18. p\u00e1ros. <strong>Esztergom (08.00-15.00):<\/strong> Di\u00f3sv\u00f6lgyi d\u0171l\u0151, Di\u00f3sv\u00f6lgyi \u00fat, Malonyai pincesor, \u00d6regk\u00faria utca, Szarvashegyi \u00fat.<\/p>\n","protected":false},"excerpt":{"rendered":"<p>T\u00e9rs\u00e9g\u00fcnkben Dorogon, Esztergomban, Nyerges\u00fajfaluban, Csolnokon, Keszt\u00f6lc\u00f6n, Piliscs\u00e9ven \u00e9s L\u00e1batlanon sz\u00e1m\u00edthatunk tervezett \u00e1ramsz\u00fcnetekre 2024 j\u00falius\u00e1ban. Az E.ON Hung\u00e1ria folyamatos korszer\u0171s\u00edt\u00e9st hajt v\u00e9gre h\u00e1l\u00f3zat\u00e1n. A tervszer\u0171 beavatkoz\u00e1sok biztons\u00e1gos elv\u00e9gz\u00e9se \u00e9rdek\u00e9ben elengedhetetlen a vezet\u00e9k id\u0151szakos fesz\u00fclts\u00e9gmentes\u00edt\u00e9se. Az al\u00e1bbi telep\u00fcl\u00e9seken \u00e9s id\u0151pontokban sz\u00e1m\u00edthatunk \u00e1ramkimarad\u00e1sokra: J\u00falius 4. cs\u00fct\u00f6rt\u00f6k Keszt\u00f6lc (08.30-15.30): Ak\u00e1cos utca, B\u00e1ny\u00e1sz utca, B\u00e9ke k\u00f6z, Csereszny\u00e9sh\u00e1t 1. \u00e9s 3-27.,<\/p>\n","protected":false},"author":1,"featured_media":33070,"comment_status":"closed","ping_status":"closed","sticky":false,"template":"","format":"standard","meta":{"ngg_post_thumbnail":0,"footnotes":""},"categories":[64,2,38,3,8,1390,11],"tags":[336,1432],"class_list":{"0":"post-63183","1":"post","2":"type-post","3":"status-publish","4":"format-standard","5":"has-post-thumbnail","7":"category-csolnok","8":"category-dorog","9":"category-esztergom","10":"category-hirek","11":"category-kesztolc","12":"category-nyergesujfalu","13":"category-piliscsev","14":"tag-aramszunet","15":"tag-aramszunetek"},"yoast_head":"<!-- This site is optimized with the Yoast SEO plugin v27.5 - https:\/\/yoast.com\/product\/yoast-seo-wordpress\/ -->\n<title>\u00c1ramsz\u00fcnetek j\u00faliusban<\/title>\n<meta name=\"robots\" content=\"index, follow, max-snippet:-1, max-image-preview:large, max-video-preview:-1\" \/>\n<link rel=\"canonical\" href=\"https:\/\/dorogimedence.hu\/index.php\/2024\/07\/02\/aramszunetek-juliusban\/\" class=\"yoast-seo-meta-tag\" \/>\n<meta property=\"og:locale\" content=\"hu_HU\" class=\"yoast-seo-meta-tag\" \/>\n<meta property=\"og:type\" content=\"article\" class=\"yoast-seo-meta-tag\" \/>\n<meta property=\"og:title\" content=\"\u00c1ramsz\u00fcnetek j\u00faliusban\" class=\"yoast-seo-meta-tag\" \/>\n<meta property=\"og:description\" content=\"T\u00e9rs\u00e9g\u00fcnkben Dorogon, Esztergomban, Nyerges\u00fajfaluban, Csolnokon, Keszt\u00f6lc\u00f6n, Piliscs\u00e9ven \u00e9s L\u00e1batlanon sz\u00e1m\u00edthatunk tervezett \u00e1ramsz\u00fcnetekre 2024 j\u00falius\u00e1ban. Az E.ON Hung\u00e1ria folyamatos korszer\u0171s\u00edt\u00e9st hajt v\u00e9gre h\u00e1l\u00f3zat\u00e1n. A tervszer\u0171 beavatkoz\u00e1sok biztons\u00e1gos elv\u00e9gz\u00e9se \u00e9rdek\u00e9ben elengedhetetlen a vezet\u00e9k id\u0151szakos fesz\u00fclts\u00e9gmentes\u00edt\u00e9se. Az al\u00e1bbi telep\u00fcl\u00e9seken \u00e9s id\u0151pontokban sz\u00e1m\u00edthatunk \u00e1ramkimarad\u00e1sokra: J\u00falius 4. cs\u00fct\u00f6rt\u00f6k Keszt\u00f6lc (08.30-15.30): Ak\u00e1cos utca, B\u00e1ny\u00e1sz utca, B\u00e9ke k\u00f6z, Csereszny\u00e9sh\u00e1t 1. \u00e9s 3-27.,\" class=\"yoast-seo-meta-tag\" \/>\n<meta property=\"og:url\" content=\"https:\/\/dorogimedence.hu\/index.php\/2024\/07\/02\/aramszunetek-juliusban\/\" class=\"yoast-seo-meta-tag\" \/>\n<meta property=\"og:site_name\" content=\"Dorogi-medence Region\u00e1lis H\u00edrport\u00e1l\" class=\"yoast-seo-meta-tag\" \/>\n<meta property=\"article:publisher\" content=\"https:\/\/www.facebook.com\/dorogimedence\/\" class=\"yoast-seo-meta-tag\" \/>\n<meta property=\"article:published_time\" content=\"2024-07-02T09:01:40+00:00\" class=\"yoast-seo-meta-tag\" \/>\n<meta property=\"og:image\" content=\"https:\/\/dorogimedence.hu\/wp-content\/uploads\/2021\/05\/villanyoszlop-06.jpg\" class=\"yoast-seo-meta-tag\" \/>\n\t<meta property=\"og:image:width\" content=\"1920\" class=\"yoast-seo-meta-tag\" \/>\n\t<meta property=\"og:image:height\" content=\"1280\" class=\"yoast-seo-meta-tag\" \/>\n\t<meta property=\"og:image:type\" content=\"image\/jpeg\" class=\"yoast-seo-meta-tag\" \/>\n<meta name=\"author\" content=\"dorogimedence.hu\" class=\"yoast-seo-meta-tag\" \/>\n<meta name=\"twitter:card\" content=\"summary_large_image\" class=\"yoast-seo-meta-tag\" \/>\n<meta name=\"twitter:label1\" content=\"Szerz\u0151:\" class=\"yoast-seo-meta-tag\" \/>\n\t<meta name=\"twitter:data1\" content=\"dorogimedence.hu\" class=\"yoast-seo-meta-tag\" \/>\n\t<meta name=\"twitter:label2\" content=\"Becs\u00fclt olvas\u00e1si id\u0151\" class=\"yoast-seo-meta-tag\" \/>\n\t<meta name=\"twitter:data2\" content=\"4 perc\" class=\"yoast-seo-meta-tag\" \/>\n<script type=\"application\/ld+json\" class=\"yoast-schema-graph\">{\"@context\":\"https:\\\/\\\/schema.org\",\"@graph\":[{\"@type\":\"Article\",\"@id\":\"https:\\\/\\\/dorogimedence.hu\\\/index.php\\\/2024\\\/07\\\/02\\\/aramszunetek-juliusban\\\/#article\",\"isPartOf\":{\"@id\":\"https:\\\/\\\/dorogimedence.hu\\\/index.php\\\/2024\\\/07\\\/02\\\/aramszunetek-juliusban\\\/\"},\"author\":{\"name\":\"dorogimedence.hu\",\"@id\":\"https:\\\/\\\/dorogimedence.hu\\\/#\\\/schema\\\/person\\\/ce6091eeb7e95ecdc87890d6aa8e0fd4\"},\"headline\":\"\u00c1ramsz\u00fcnetek j\u00faliusban\",\"datePublished\":\"2024-07-02T09:01:40+00:00\",\"mainEntityOfPage\":{\"@id\":\"https:\\\/\\\/dorogimedence.hu\\\/index.php\\\/2024\\\/07\\\/02\\\/aramszunetek-juliusban\\\/\"},\"wordCount\":835,\"publisher\":{\"@id\":\"https:\\\/\\\/dorogimedence.hu\\\/#organization\"},\"image\":{\"@id\":\"https:\\\/\\\/dorogimedence.hu\\\/index.php\\\/2024\\\/07\\\/02\\\/aramszunetek-juliusban\\\/#primaryimage\"},\"thumbnailUrl\":\"https:\\\/\\\/dorogimedence.hu\\\/wp-content\\\/uploads\\\/2021\\\/05\\\/villanyoszlop-06.jpg\",\"keywords\":[\"\u00e1ramsz\u00fcnet\",\"\u00e1ramsz\u00fcnetek\"],\"articleSection\":[\"Csolnok\",\"Dorog\",\"Esztergom\",\"H\u00edrek\",\"Keszt\u00f6lc\",\"Nyerges\u00fajfalu\",\"Piliscs\u00e9v\"],\"inLanguage\":\"hu\"},{\"@type\":\"WebPage\",\"@id\":\"https:\\\/\\\/dorogimedence.hu\\\/index.php\\\/2024\\\/07\\\/02\\\/aramszunetek-juliusban\\\/\",\"url\":\"https:\\\/\\\/dorogimedence.hu\\\/index.php\\\/2024\\\/07\\\/02\\\/aramszunetek-juliusban\\\/\",\"name\":\"\u00c1ramsz\u00fcnetek j\u00faliusban\",\"isPartOf\":{\"@id\":\"https:\\\/\\\/dorogimedence.hu\\\/#website\"},\"primaryImageOfPage\":{\"@id\":\"https:\\\/\\\/dorogimedence.hu\\\/index.php\\\/2024\\\/07\\\/02\\\/aramszunetek-juliusban\\\/#primaryimage\"},\"image\":{\"@id\":\"https:\\\/\\\/dorogimedence.hu\\\/index.php\\\/2024\\\/07\\\/02\\\/aramszunetek-juliusban\\\/#primaryimage\"},\"thumbnailUrl\":\"https:\\\/\\\/dorogimedence.hu\\\/wp-content\\\/uploads\\\/2021\\\/05\\\/villanyoszlop-06.jpg\",\"datePublished\":\"2024-07-02T09:01:40+00:00\",\"breadcrumb\":{\"@id\":\"https:\\\/\\\/dorogimedence.hu\\\/index.php\\\/2024\\\/07\\\/02\\\/aramszunetek-juliusban\\\/#breadcrumb\"},\"inLanguage\":\"hu\",\"potentialAction\":[{\"@type\":\"ReadAction\",\"target\":[\"https:\\\/\\\/dorogimedence.hu\\\/index.php\\\/2024\\\/07\\\/02\\\/aramszunetek-juliusban\\\/\"]}]},{\"@type\":\"ImageObject\",\"inLanguage\":\"hu\",\"@id\":\"https:\\\/\\\/dorogimedence.hu\\\/index.php\\\/2024\\\/07\\\/02\\\/aramszunetek-juliusban\\\/#primaryimage\",\"url\":\"https:\\\/\\\/dorogimedence.hu\\\/wp-content\\\/uploads\\\/2021\\\/05\\\/villanyoszlop-06.jpg\",\"contentUrl\":\"https:\\\/\\\/dorogimedence.hu\\\/wp-content\\\/uploads\\\/2021\\\/05\\\/villanyoszlop-06.jpg\",\"width\":1920,\"height\":1280},{\"@type\":\"BreadcrumbList\",\"@id\":\"https:\\\/\\\/dorogimedence.hu\\\/index.php\\\/2024\\\/07\\\/02\\\/aramszunetek-juliusban\\\/#breadcrumb\",\"itemListElement\":[{\"@type\":\"ListItem\",\"position\":1,\"name\":\"Kezd\u0151lap\",\"item\":\"https:\\\/\\\/dorogimedence.hu\\\/\"},{\"@type\":\"ListItem\",\"position\":2,\"name\":\"\u00c1ramsz\u00fcnetek j\u00faliusban\"}]},{\"@type\":\"WebSite\",\"@id\":\"https:\\\/\\\/dorogimedence.hu\\\/#website\",\"url\":\"https:\\\/\\\/dorogimedence.hu\\\/\",\"name\":\"Dorogi-medence Region\u00e1lis H\u00edrport\u00e1l\",\"description\":\"Dorog, Keszt\u00f6lc, Le\u00e1nyv\u00e1r, Piliscs\u00e9v, Tokod, Tokodalt\u00e1r\u00f3, Csolnok, Esztergom-kertv\u00e1ros: h\u00edrek, programok\",\"publisher\":{\"@id\":\"https:\\\/\\\/dorogimedence.hu\\\/#organization\"},\"potentialAction\":[{\"@type\":\"SearchAction\",\"target\":{\"@type\":\"EntryPoint\",\"urlTemplate\":\"https:\\\/\\\/dorogimedence.hu\\\/?s={search_term_string}\"},\"query-input\":{\"@type\":\"PropertyValueSpecification\",\"valueRequired\":true,\"valueName\":\"search_term_string\"}}],\"inLanguage\":\"hu\"},{\"@type\":\"Organization\",\"@id\":\"https:\\\/\\\/dorogimedence.hu\\\/#organization\",\"name\":\"Dorogi-medence Region\u00e1lis H\u00edrport\u00e1l\",\"url\":\"https:\\\/\\\/dorogimedence.hu\\\/\",\"logo\":{\"@type\":\"ImageObject\",\"inLanguage\":\"hu\",\"@id\":\"https:\\\/\\\/dorogimedence.hu\\\/#\\\/schema\\\/logo\\\/image\\\/\",\"url\":\"https:\\\/\\\/dorogimedence.hu\\\/wp-content\\\/uploads\\\/2021\\\/04\\\/logo-feher-600.png\",\"contentUrl\":\"https:\\\/\\\/dorogimedence.hu\\\/wp-content\\\/uploads\\\/2021\\\/04\\\/logo-feher-600.png\",\"width\":600,\"height\":100,\"caption\":\"Dorogi-medence Region\u00e1lis H\u00edrport\u00e1l\"},\"image\":{\"@id\":\"https:\\\/\\\/dorogimedence.hu\\\/#\\\/schema\\\/logo\\\/image\\\/\"},\"sameAs\":[\"https:\\\/\\\/www.facebook.com\\\/dorogimedence\\\/\"]},{\"@type\":\"Person\",\"@id\":\"https:\\\/\\\/dorogimedence.hu\\\/#\\\/schema\\\/person\\\/ce6091eeb7e95ecdc87890d6aa8e0fd4\",\"name\":\"dorogimedence.hu\",\"image\":{\"@type\":\"ImageObject\",\"inLanguage\":\"hu\",\"@id\":\"\\\/\\\/www.gravatar.com\\\/avatar\\\/d8d45f8901aadff40a4af72c0b826f1d?s=96&#038;r=g&#038;d=mm\",\"url\":\"\\\/\\\/www.gravatar.com\\\/avatar\\\/d8d45f8901aadff40a4af72c0b826f1d?s=96&#038;r=g&#038;d=mm\",\"contentUrl\":\"\\\/\\\/www.gravatar.com\\\/avatar\\\/d8d45f8901aadff40a4af72c0b826f1d?s=96&#038;r=g&#038;d=mm\",\"caption\":\"dorogimedence.hu\"}}]}<\/script>\n<!-- \/ Yoast SEO plugin. -->","yoast_head_json":{"title":"\u00c1ramsz\u00fcnetek j\u00faliusban","robots":{"index":"index","follow":"follow","max-snippet":"max-snippet:-1","max-image-preview":"max-image-preview:large","max-video-preview":"max-video-preview:-1"},"canonical":"https:\/\/dorogimedence.hu\/index.php\/2024\/07\/02\/aramszunetek-juliusban\/","og_locale":"hu_HU","og_type":"article","og_title":"\u00c1ramsz\u00fcnetek j\u00faliusban","og_description":"T\u00e9rs\u00e9g\u00fcnkben Dorogon, Esztergomban, Nyerges\u00fajfaluban, Csolnokon, Keszt\u00f6lc\u00f6n, Piliscs\u00e9ven \u00e9s L\u00e1batlanon sz\u00e1m\u00edthatunk tervezett \u00e1ramsz\u00fcnetekre 2024 j\u00falius\u00e1ban. Az E.ON Hung\u00e1ria folyamatos korszer\u0171s\u00edt\u00e9st hajt v\u00e9gre h\u00e1l\u00f3zat\u00e1n. A tervszer\u0171 beavatkoz\u00e1sok biztons\u00e1gos elv\u00e9gz\u00e9se \u00e9rdek\u00e9ben elengedhetetlen a vezet\u00e9k id\u0151szakos fesz\u00fclts\u00e9gmentes\u00edt\u00e9se. Az al\u00e1bbi telep\u00fcl\u00e9seken \u00e9s id\u0151pontokban sz\u00e1m\u00edthatunk \u00e1ramkimarad\u00e1sokra: J\u00falius 4. cs\u00fct\u00f6rt\u00f6k Keszt\u00f6lc (08.30-15.30): Ak\u00e1cos utca, B\u00e1ny\u00e1sz utca, B\u00e9ke k\u00f6z, Csereszny\u00e9sh\u00e1t 1. \u00e9s 3-27.,","og_url":"https:\/\/dorogimedence.hu\/index.php\/2024\/07\/02\/aramszunetek-juliusban\/","og_site_name":"Dorogi-medence Region\u00e1lis H\u00edrport\u00e1l","article_publisher":"https:\/\/www.facebook.com\/dorogimedence\/","article_published_time":"2024-07-02T09:01:40+00:00","og_image":[{"width":1920,"height":1280,"url":"https:\/\/dorogimedence.hu\/wp-content\/uploads\/2021\/05\/villanyoszlop-06.jpg","type":"image\/jpeg"}],"author":"dorogimedence.hu","twitter_card":"summary_large_image","twitter_misc":{"Szerz\u0151:":"dorogimedence.hu","Becs\u00fclt olvas\u00e1si id\u0151":"4 perc"},"schema":{"@context":"https:\/\/schema.org","@graph":[{"@type":"Article","@id":"https:\/\/dorogimedence.hu\/index.php\/2024\/07\/02\/aramszunetek-juliusban\/#article","isPartOf":{"@id":"https:\/\/dorogimedence.hu\/index.php\/2024\/07\/02\/aramszunetek-juliusban\/"},"author":{"name":"dorogimedence.hu","@id":"https:\/\/dorogimedence.hu\/#\/schema\/person\/ce6091eeb7e95ecdc87890d6aa8e0fd4"},"headline":"\u00c1ramsz\u00fcnetek j\u00faliusban","datePublished":"2024-07-02T09:01:40+00:00","mainEntityOfPage":{"@id":"https:\/\/dorogimedence.hu\/index.php\/2024\/07\/02\/aramszunetek-juliusban\/"},"wordCount":835,"publisher":{"@id":"https:\/\/dorogimedence.hu\/#organization"},"image":{"@id":"https:\/\/dorogimedence.hu\/index.php\/2024\/07\/02\/aramszunetek-juliusban\/#primaryimage"},"thumbnailUrl":"https:\/\/dorogimedence.hu\/wp-content\/uploads\/2021\/05\/villanyoszlop-06.jpg","keywords":["\u00e1ramsz\u00fcnet","\u00e1ramsz\u00fcnetek"],"articleSection":["Csolnok","Dorog","Esztergom","H\u00edrek","Keszt\u00f6lc","Nyerges\u00fajfalu","Piliscs\u00e9v"],"inLanguage":"hu"},{"@type":"WebPage","@id":"https:\/\/dorogimedence.hu\/index.php\/2024\/07\/02\/aramszunetek-juliusban\/","url":"https:\/\/dorogimedence.hu\/index.php\/2024\/07\/02\/aramszunetek-juliusban\/","name":"\u00c1ramsz\u00fcnetek j\u00faliusban","isPartOf":{"@id":"https:\/\/dorogimedence.hu\/#website"},"primaryImageOfPage":{"@id":"https:\/\/dorogimedence.hu\/index.php\/2024\/07\/02\/aramszunetek-juliusban\/#primaryimage"},"image":{"@id":"https:\/\/dorogimedence.hu\/index.php\/2024\/07\/02\/aramszunetek-juliusban\/#primaryimage"},"thumbnailUrl":"https:\/\/dorogimedence.hu\/wp-content\/uploads\/2021\/05\/villanyoszlop-06.jpg","datePublished":"2024-07-02T09:01:40+00:00","breadcrumb":{"@id":"https:\/\/dorogimedence.hu\/index.php\/2024\/07\/02\/aramszunetek-juliusban\/#breadcrumb"},"inLanguage":"hu","potentialAction":[{"@type":"ReadAction","target":["https:\/\/dorogimedence.hu\/index.php\/2024\/07\/02\/aramszunetek-juliusban\/"]}]},{"@type":"ImageObject","inLanguage":"hu","@id":"https:\/\/dorogimedence.hu\/index.php\/2024\/07\/02\/aramszunetek-juliusban\/#primaryimage","url":"https:\/\/dorogimedence.hu\/wp-content\/uploads\/2021\/05\/villanyoszlop-06.jpg","contentUrl":"https:\/\/dorogimedence.hu\/wp-content\/uploads\/2021\/05\/villanyoszlop-06.jpg","width":1920,"height":1280},{"@type":"BreadcrumbList","@id":"https:\/\/dorogimedence.hu\/index.php\/2024\/07\/02\/aramszunetek-juliusban\/#breadcrumb","itemListElement":[{"@type":"ListItem","position":1,"name":"Kezd\u0151lap","item":"https:\/\/dorogimedence.hu\/"},{"@type":"ListItem","position":2,"name":"\u00c1ramsz\u00fcnetek j\u00faliusban"}]},{"@type":"WebSite","@id":"https:\/\/dorogimedence.hu\/#website","url":"https:\/\/dorogimedence.hu\/","name":"Dorogi-medence Region\u00e1lis H\u00edrport\u00e1l","description":"Dorog, Keszt\u00f6lc, Le\u00e1nyv\u00e1r, Piliscs\u00e9v, Tokod, Tokodalt\u00e1r\u00f3, Csolnok, Esztergom-kertv\u00e1ros: h\u00edrek, programok","publisher":{"@id":"https:\/\/dorogimedence.hu\/#organization"},"potentialAction":[{"@type":"SearchAction","target":{"@type":"EntryPoint","urlTemplate":"https:\/\/dorogimedence.hu\/?s={search_term_string}"},"query-input":{"@type":"PropertyValueSpecification","valueRequired":true,"valueName":"search_term_string"}}],"inLanguage":"hu"},{"@type":"Organization","@id":"https:\/\/dorogimedence.hu\/#organization","name":"Dorogi-medence Region\u00e1lis H\u00edrport\u00e1l","url":"https:\/\/dorogimedence.hu\/","logo":{"@type":"ImageObject","inLanguage":"hu","@id":"https:\/\/dorogimedence.hu\/#\/schema\/logo\/image\/","url":"https:\/\/dorogimedence.hu\/wp-content\/uploads\/2021\/04\/logo-feher-600.png","contentUrl":"https:\/\/dorogimedence.hu\/wp-content\/uploads\/2021\/04\/logo-feher-600.png","width":600,"height":100,"caption":"Dorogi-medence Region\u00e1lis H\u00edrport\u00e1l"},"image":{"@id":"https:\/\/dorogimedence.hu\/#\/schema\/logo\/image\/"},"sameAs":["https:\/\/www.facebook.com\/dorogimedence\/"]},{"@type":"Person","@id":"https:\/\/dorogimedence.hu\/#\/schema\/person\/ce6091eeb7e95ecdc87890d6aa8e0fd4","name":"dorogimedence.hu","image":{"@type":"ImageObject","inLanguage":"hu","@id":"\/\/www.gravatar.com\/avatar\/d8d45f8901aadff40a4af72c0b826f1d?s=96&#038;r=g&#038;d=mm","url":"\/\/www.gravatar.com\/avatar\/d8d45f8901aadff40a4af72c0b826f1d?s=96&#038;r=g&#038;d=mm","contentUrl":"\/\/www.gravatar.com\/avatar\/d8d45f8901aadff40a4af72c0b826f1d?s=96&#038;r=g&#038;d=mm","caption":"dorogimedence.hu"}}]}},"_links":{"self":[{"href":"https:\/\/dorogimedence.hu\/index.php\/wp-json\/wp\/v2\/posts\/63183","targetHints":{"allow":["GET"]}}],"collection":[{"href":"https:\/\/dorogimedence.hu\/index.php\/wp-json\/wp\/v2\/posts"}],"about":[{"href":"https:\/\/dorogimedence.hu\/index.php\/wp-json\/wp\/v2\/types\/post"}],"author":[{"embeddable":true,"href":"https:\/\/dorogimedence.hu\/index.php\/wp-json\/wp\/v2\/users\/1"}],"replies":[{"embeddable":true,"href":"https:\/\/dorogimedence.hu\/index.php\/wp-json\/wp\/v2\/comments?post=63183"}],"version-history":[{"count":0,"href":"https:\/\/dorogimedence.hu\/index.php\/wp-json\/wp\/v2\/posts\/63183\/revisions"}],"wp:featuredmedia":[{"embeddable":true,"href":"https:\/\/dorogimedence.hu\/index.php\/wp-json\/wp\/v2\/media\/33070"}],"wp:attachment":[{"href":"https:\/\/dorogimedence.hu\/index.php\/wp-json\/wp\/v2\/media?parent=63183"}],"wp:term":[{"taxonomy":"category","embeddable":true,"href":"https:\/\/dorogimedence.hu\/index.php\/wp-json\/wp\/v2\/categories?post=63183"},{"taxonomy":"post_tag","embeddable":true,"href":"https:\/\/dorogimedence.hu\/index.php\/wp-json\/wp\/v2\/tags?post=63183"}],"curies":[{"name":"wp","href":"https:\/\/api.w.org\/{rel}","templated":true}]}}