{"id":63067,"date":"2024-06-27T09:37:20","date_gmt":"2024-06-27T07:37:20","guid":{"rendered":"https:\/\/dorogimedence.hu\/?p=63067"},"modified":"2024-06-27T09:37:20","modified_gmt":"2024-06-27T07:37:20","slug":"julius-16-tol-egyes-mikromobilitasi-eszkozokre-kotelezo-biztositast-kell-kotni","status":"publish","type":"post","link":"https:\/\/dorogimedence.hu\/index.php\/2024\/06\/27\/julius-16-tol-egyes-mikromobilitasi-eszkozokre-kotelezo-biztositast-kell-kotni\/","title":{"rendered":"J\u00falius 16-t\u00f3l egyes mikromobilit\u00e1si eszk\u00f6z\u00f6kre k\u00f6telez\u0151 biztos\u00edt\u00e1st kell k\u00f6tni"},"content":{"rendered":"<p><strong>Egyes mikromobilit\u00e1si eszk\u00f6z\u00f6kre k\u00f6telez\u0151 g\u00e9pj\u00e1rm\u0171-felel\u0151ss\u00e9gbiztos\u00edt\u00e1st (kgfb) kell k\u00f6tni 2024. j\u00falius 16-t\u00f3l. Ilyenek p\u00e9ld\u00e1ul a nagyobb teljes\u00edtm\u00e9ny\u0171, vagy nagyobb t\u00f6meg\u0171 rollerek \u00e9s Seqway-ek. <a href=\"https:\/\/grantis.hu\/kgfb-roller-ar\/\" target=\"_blank\" rel=\"noopener\"><span style=\"text-decoration: underline; color: #0000ff;\">A Grantis \u00f6sszegy\u0171jt\u00f6tte<\/span><\/a>, hogy mennyi\u00e9rt k\u00f6thet\u00fcnk most kgfb-t ezekre az eszk\u00f6z\u00f6kre.<\/strong><\/p>\n<p>Veres Patrik, a Grantis Hungary Zrt. p\u00e9nz\u00fcgyi elemz\u0151je elmondta, hogy egyes biztos\u00edt\u00f3k m\u00e1r megjelentek d\u00edjtarif\u00e1ikkal, m\u00e1sok m\u00e9g a v\u00e9gleges korm\u00e1nyrendeletre v\u00e1rnak. Kiemelte, hogy a kiz\u00e1r\u00f3lag emberi er\u0151vel m\u0171k\u00f6dtetett j\u00e1rm\u0171vekre, \u00edgy az elektromos r\u00e1seg\u00edt\u00e9ssel m\u0171k\u00f6d\u0151 ker\u00e9kp\u00e1rokra vagy a mozg\u00e1skorl\u00e1tozottak \u00e1ltal vezetett e-mopedre nem vonatkozik a szab\u00e1lyoz\u00e1s, hasonl\u00f3k\u00e9ppen a g\u00f6rdeszk\u00e1kra sem. Az olyan nem emberi hajt\u00e1s\u00fa j\u00e1rm\u0171vekre, mint az elektromos roller, az eszk\u00f6z nett\u00f3 t\u00f6mege, illetve tervez\u00e9si sebess\u00e9ge d\u00f6nti el, hogy sz\u00fcks\u00e9ges-e a biztos\u00edt\u00e1s &#8211; emelte ki az elemz\u0151.<\/p>\n<p>A jogszab\u00e1ly szerint kgfb biztos\u00edt\u00e1st kell k\u00f6tni azokra az elektromos rollerekre, amelyek saj\u00e1t t\u00f6mege meghaladja a 25 kilogrammot \u00e9s a tervez\u00e9si sebess\u00e9ge el\u00e9ri a 14 kilom\u00e9ter\/\u00f3r\u00e1t, illetve abban az esetben is, ha az eszk\u00f6z saj\u00e1t t\u00f6mege nem \u00e9ri el a 25 kilogrammot, de a tervez\u00e9si sebess\u00e9ge meghaladja a 25 kilom\u00e9ter\/\u00f3r\u00e1t &#8211; ismertette.<\/p>\n<p>A rendsz\u00e1m n\u00e9lk\u00fcli j\u00e1rm\u0171vek (teh\u00e1t nincs nyilv\u00e1ntart\u00e1sba v\u00e9ve) eset\u00e9n \u2013 ilyen a roller \u00e9s a segway \u2013 a t\u00f6rv\u00e9ny \u00fagy hat\u00e1roz, hogy a haszn\u00e1l\u00f3 is \u00fczembentart\u00f3nak min\u0151s\u00fcl. Teh\u00e1t, ha b\u00e1rmikor felpattanunk egy ilyen j\u00e1rm\u0171re, mindenk\u00e9pp gy\u0151z\u0151dj\u00fcnk meg r\u00f3la, hogy rendelkezik-e k\u00f6telez\u0151 biztos\u00edt\u00e1ssal, hiszen ennek felel\u0151ss\u00e9ge rajtunk lesz &#8211; tette hozz\u00e1, majd kiemelte, hogy a t\u00f6rv\u00e9ny szerint 2024. j\u00falius 16-t\u00f3l kell rendelkezni \u00e9rv\u00e9nyes kgfb-vel, amely hat\u00e1rozott id\u0151szakra sz\u00f3l, jellemz\u0151en 1 \u00e9ves id\u0151tartamra vagy 1 h\u00f3napra, amikor minden megkezdett h\u00f3napban rendezni kell a havi d\u00edjat.<\/p>\n<p>A Grantis \u00f6sszes\u00edt\u00e9se szerint jelenleg az elektromos rollerekre \u00e9rv\u00e9nyes \u00e9ves kgfb tarif\u00e1k p\u00e1r ezer forint \u00e9s t\u00f6bb sz\u00e1zezer forint k\u00f6z\u00f6tt mozognak. A nagy elt\u00e9r\u00e9s oka, hogy t\u00f6bb biztos\u00edt\u00f3 m\u00e9g a v\u00e9gleges p\u00e9nz\u00fcgyminiszt\u00e9riumi rendelet el\u0151tt az egy\u00e9b kateg\u00f3ri\u00e1ba tette \u00e1t a nem emberi hajt\u00e1s\u00fa j\u00e1rm\u0171veket, hasonl\u00f3 kateg\u00f3ri\u00e1ba, mint p\u00e9ld\u00e1ul a tesztvezet\u00e9seken haszn\u00e1lt aut\u00f3kat, amelyek biztos\u00edt\u00e1si d\u00edja j\u00f3val magasabb. Mindemellett t\u00f6bb biztos\u00edt\u00f3n\u00e1l is meghat\u00e1rozza a d\u00edj nagys\u00e1g\u00e1t az \u00fczembentart\u00f3 kora \u00e9s a r\u00e9gi\u00f3, ahol haszn\u00e1lja az eszk\u00f6zt.<\/p>\n<p>A szak\u00e9rt\u0151 szerint a rendelet megjelen\u00e9s\u00e9vel a magas d\u00edjak v\u00e1rhat\u00f3an v\u00e1ltoznak. Tov\u00e1bb\u00e1 az elektromosroller-szolg\u00e1ltat\u00f3k v\u00e1rhat\u00f3an valamilyen flottaszerz\u0151d\u00e9st k\u00f6tnek majd egy biztos\u00edt\u00f3val &#8211; v\u00e9lekedett.<\/p>\n<p><img fetchpriority=\"high\" decoding=\"async\" class=\"alignnone size-full wp-image-63068\" src=\"https:\/\/dorogimedence.hu\/wp-content\/uploads\/2024\/06\/grantis-kfgb-roller-ar.png\" alt=\"\" width=\"1418\" height=\"565\" srcset=\"https:\/\/dorogimedence.hu\/wp-content\/uploads\/2024\/06\/grantis-kfgb-roller-ar.png 1418w, https:\/\/dorogimedence.hu\/wp-content\/uploads\/2024\/06\/grantis-kfgb-roller-ar-600x239.png 600w, https:\/\/dorogimedence.hu\/wp-content\/uploads\/2024\/06\/grantis-kfgb-roller-ar-768x306.png 768w, https:\/\/dorogimedence.hu\/wp-content\/uploads\/2024\/06\/grantis-kfgb-roller-ar-150x60.png 150w, https:\/\/dorogimedence.hu\/wp-content\/uploads\/2024\/06\/grantis-kfgb-roller-ar-450x179.png 450w, https:\/\/dorogimedence.hu\/wp-content\/uploads\/2024\/06\/grantis-kfgb-roller-ar-1200x478.png 1200w\" sizes=\"(max-width: 1418px) 100vw, 1418px\" \/><\/p>\n","protected":false},"excerpt":{"rendered":"<p>Egyes mikromobilit\u00e1si eszk\u00f6z\u00f6kre k\u00f6telez\u0151 g\u00e9pj\u00e1rm\u0171-felel\u0151ss\u00e9gbiztos\u00edt\u00e1st (kgfb) kell k\u00f6tni 2024. j\u00falius 16-t\u00f3l. Ilyenek p\u00e9ld\u00e1ul a nagyobb teljes\u00edtm\u00e9ny\u0171, vagy nagyobb t\u00f6meg\u0171 rollerek \u00e9s Seqway-ek. A Grantis \u00f6sszegy\u0171jt\u00f6tte, hogy mennyi\u00e9rt k\u00f6thet\u00fcnk most kgfb-t ezekre az eszk\u00f6z\u00f6kre. Veres Patrik, a Grantis Hungary Zrt. p\u00e9nz\u00fcgyi elemz\u0151je elmondta, hogy egyes biztos\u00edt\u00f3k m\u00e1r megjelentek d\u00edjtarif\u00e1ikkal, m\u00e1sok m\u00e9g a v\u00e9gleges korm\u00e1nyrendeletre v\u00e1rnak. Kiemelte,<\/p>\n","protected":false},"author":1,"featured_media":63069,"comment_status":"closed","ping_status":"closed","sticky":false,"template":"","format":"standard","meta":{"ngg_post_thumbnail":0,"footnotes":""},"categories":[6934,3],"tags":[7906,5554,7905],"class_list":{"0":"post-63067","1":"post","2":"type-post","3":"status-publish","4":"format-standard","5":"has-post-thumbnail","7":"category-belfold","8":"category-hirek","9":"tag-kotelezo-biztositas","10":"tag-roller","11":"tag-segway"},"yoast_head":"<!-- This site is optimized with the Yoast SEO plugin v27.5 - https:\/\/yoast.com\/product\/yoast-seo-wordpress\/ -->\n<title>J\u00falius 16-t\u00f3l egyes mikromobilit\u00e1si eszk\u00f6z\u00f6kre k\u00f6telez\u0151 biztos\u00edt\u00e1st kell k\u00f6tni<\/title>\n<meta name=\"robots\" content=\"index, follow, max-snippet:-1, max-image-preview:large, max-video-preview:-1\" \/>\n<link rel=\"canonical\" href=\"https:\/\/dorogimedence.hu\/index.php\/2024\/06\/27\/julius-16-tol-egyes-mikromobilitasi-eszkozokre-kotelezo-biztositast-kell-kotni\/\" class=\"yoast-seo-meta-tag\" \/>\n<meta property=\"og:locale\" content=\"hu_HU\" class=\"yoast-seo-meta-tag\" \/>\n<meta property=\"og:type\" content=\"article\" class=\"yoast-seo-meta-tag\" \/>\n<meta property=\"og:title\" content=\"J\u00falius 16-t\u00f3l egyes mikromobilit\u00e1si eszk\u00f6z\u00f6kre k\u00f6telez\u0151 biztos\u00edt\u00e1st kell k\u00f6tni\" class=\"yoast-seo-meta-tag\" \/>\n<meta property=\"og:description\" content=\"Egyes mikromobilit\u00e1si eszk\u00f6z\u00f6kre k\u00f6telez\u0151 g\u00e9pj\u00e1rm\u0171-felel\u0151ss\u00e9gbiztos\u00edt\u00e1st (kgfb) kell k\u00f6tni 2024. j\u00falius 16-t\u00f3l. Ilyenek p\u00e9ld\u00e1ul a nagyobb teljes\u00edtm\u00e9ny\u0171, vagy nagyobb t\u00f6meg\u0171 rollerek \u00e9s Seqway-ek. A Grantis \u00f6sszegy\u0171jt\u00f6tte, hogy mennyi\u00e9rt k\u00f6thet\u00fcnk most kgfb-t ezekre az eszk\u00f6z\u00f6kre. Veres Patrik, a Grantis Hungary Zrt. p\u00e9nz\u00fcgyi elemz\u0151je elmondta, hogy egyes biztos\u00edt\u00f3k m\u00e1r megjelentek d\u00edjtarif\u00e1ikkal, m\u00e1sok m\u00e9g a v\u00e9gleges korm\u00e1nyrendeletre v\u00e1rnak. Kiemelte,\" class=\"yoast-seo-meta-tag\" \/>\n<meta property=\"og:url\" content=\"https:\/\/dorogimedence.hu\/index.php\/2024\/06\/27\/julius-16-tol-egyes-mikromobilitasi-eszkozokre-kotelezo-biztositast-kell-kotni\/\" class=\"yoast-seo-meta-tag\" \/>\n<meta property=\"og:site_name\" content=\"Dorogi-medence Region\u00e1lis H\u00edrport\u00e1l\" class=\"yoast-seo-meta-tag\" \/>\n<meta property=\"article:publisher\" content=\"https:\/\/www.facebook.com\/dorogimedence\/\" class=\"yoast-seo-meta-tag\" \/>\n<meta property=\"article:published_time\" content=\"2024-06-27T07:37:20+00:00\" class=\"yoast-seo-meta-tag\" \/>\n<meta property=\"og:image\" content=\"https:\/\/dorogimedence.hu\/wp-content\/uploads\/2024\/06\/pexels-brett-sayles-1550136.jpg\" class=\"yoast-seo-meta-tag\" \/>\n\t<meta property=\"og:image:width\" content=\"1920\" class=\"yoast-seo-meta-tag\" \/>\n\t<meta property=\"og:image:height\" content=\"1280\" class=\"yoast-seo-meta-tag\" \/>\n\t<meta property=\"og:image:type\" content=\"image\/jpeg\" class=\"yoast-seo-meta-tag\" \/>\n<meta name=\"author\" content=\"dorogimedence.hu\" class=\"yoast-seo-meta-tag\" \/>\n<meta name=\"twitter:card\" content=\"summary_large_image\" class=\"yoast-seo-meta-tag\" \/>\n<meta name=\"twitter:label1\" content=\"Szerz\u0151:\" class=\"yoast-seo-meta-tag\" \/>\n\t<meta name=\"twitter:data1\" content=\"dorogimedence.hu\" class=\"yoast-seo-meta-tag\" \/>\n\t<meta name=\"twitter:label2\" content=\"Becs\u00fclt olvas\u00e1si id\u0151\" class=\"yoast-seo-meta-tag\" \/>\n\t<meta name=\"twitter:data2\" content=\"3 perc\" class=\"yoast-seo-meta-tag\" \/>\n<script type=\"application\/ld+json\" class=\"yoast-schema-graph\">{\"@context\":\"https:\\\/\\\/schema.org\",\"@graph\":[{\"@type\":\"Article\",\"@id\":\"https:\\\/\\\/dorogimedence.hu\\\/index.php\\\/2024\\\/06\\\/27\\\/julius-16-tol-egyes-mikromobilitasi-eszkozokre-kotelezo-biztositast-kell-kotni\\\/#article\",\"isPartOf\":{\"@id\":\"https:\\\/\\\/dorogimedence.hu\\\/index.php\\\/2024\\\/06\\\/27\\\/julius-16-tol-egyes-mikromobilitasi-eszkozokre-kotelezo-biztositast-kell-kotni\\\/\"},\"author\":{\"name\":\"dorogimedence.hu\",\"@id\":\"https:\\\/\\\/dorogimedence.hu\\\/#\\\/schema\\\/person\\\/ce6091eeb7e95ecdc87890d6aa8e0fd4\"},\"headline\":\"J\u00falius 16-t\u00f3l egyes mikromobilit\u00e1si eszk\u00f6z\u00f6kre k\u00f6telez\u0151 biztos\u00edt\u00e1st kell k\u00f6tni\",\"datePublished\":\"2024-06-27T07:37:20+00:00\",\"mainEntityOfPage\":{\"@id\":\"https:\\\/\\\/dorogimedence.hu\\\/index.php\\\/2024\\\/06\\\/27\\\/julius-16-tol-egyes-mikromobilitasi-eszkozokre-kotelezo-biztositast-kell-kotni\\\/\"},\"wordCount\":553,\"publisher\":{\"@id\":\"https:\\\/\\\/dorogimedence.hu\\\/#organization\"},\"image\":{\"@id\":\"https:\\\/\\\/dorogimedence.hu\\\/index.php\\\/2024\\\/06\\\/27\\\/julius-16-tol-egyes-mikromobilitasi-eszkozokre-kotelezo-biztositast-kell-kotni\\\/#primaryimage\"},\"thumbnailUrl\":\"https:\\\/\\\/dorogimedence.hu\\\/wp-content\\\/uploads\\\/2024\\\/06\\\/pexels-brett-sayles-1550136.jpg\",\"keywords\":[\"k\u00f6telez\u0151 biztos\u00edt\u00e1s\",\"roller\",\"segway\"],\"articleSection\":[\"Belf\u00f6ld, Gazdas\u00e1g\",\"H\u00edrek\"],\"inLanguage\":\"hu\"},{\"@type\":\"WebPage\",\"@id\":\"https:\\\/\\\/dorogimedence.hu\\\/index.php\\\/2024\\\/06\\\/27\\\/julius-16-tol-egyes-mikromobilitasi-eszkozokre-kotelezo-biztositast-kell-kotni\\\/\",\"url\":\"https:\\\/\\\/dorogimedence.hu\\\/index.php\\\/2024\\\/06\\\/27\\\/julius-16-tol-egyes-mikromobilitasi-eszkozokre-kotelezo-biztositast-kell-kotni\\\/\",\"name\":\"J\u00falius 16-t\u00f3l egyes mikromobilit\u00e1si eszk\u00f6z\u00f6kre k\u00f6telez\u0151 biztos\u00edt\u00e1st kell k\u00f6tni\",\"isPartOf\":{\"@id\":\"https:\\\/\\\/dorogimedence.hu\\\/#website\"},\"primaryImageOfPage\":{\"@id\":\"https:\\\/\\\/dorogimedence.hu\\\/index.php\\\/2024\\\/06\\\/27\\\/julius-16-tol-egyes-mikromobilitasi-eszkozokre-kotelezo-biztositast-kell-kotni\\\/#primaryimage\"},\"image\":{\"@id\":\"https:\\\/\\\/dorogimedence.hu\\\/index.php\\\/2024\\\/06\\\/27\\\/julius-16-tol-egyes-mikromobilitasi-eszkozokre-kotelezo-biztositast-kell-kotni\\\/#primaryimage\"},\"thumbnailUrl\":\"https:\\\/\\\/dorogimedence.hu\\\/wp-content\\\/uploads\\\/2024\\\/06\\\/pexels-brett-sayles-1550136.jpg\",\"datePublished\":\"2024-06-27T07:37:20+00:00\",\"breadcrumb\":{\"@id\":\"https:\\\/\\\/dorogimedence.hu\\\/index.php\\\/2024\\\/06\\\/27\\\/julius-16-tol-egyes-mikromobilitasi-eszkozokre-kotelezo-biztositast-kell-kotni\\\/#breadcrumb\"},\"inLanguage\":\"hu\",\"potentialAction\":[{\"@type\":\"ReadAction\",\"target\":[\"https:\\\/\\\/dorogimedence.hu\\\/index.php\\\/2024\\\/06\\\/27\\\/julius-16-tol-egyes-mikromobilitasi-eszkozokre-kotelezo-biztositast-kell-kotni\\\/\"]}]},{\"@type\":\"ImageObject\",\"inLanguage\":\"hu\",\"@id\":\"https:\\\/\\\/dorogimedence.hu\\\/index.php\\\/2024\\\/06\\\/27\\\/julius-16-tol-egyes-mikromobilitasi-eszkozokre-kotelezo-biztositast-kell-kotni\\\/#primaryimage\",\"url\":\"https:\\\/\\\/dorogimedence.hu\\\/wp-content\\\/uploads\\\/2024\\\/06\\\/pexels-brett-sayles-1550136.jpg\",\"contentUrl\":\"https:\\\/\\\/dorogimedence.hu\\\/wp-content\\\/uploads\\\/2024\\\/06\\\/pexels-brett-sayles-1550136.jpg\",\"width\":1920,\"height\":1280},{\"@type\":\"BreadcrumbList\",\"@id\":\"https:\\\/\\\/dorogimedence.hu\\\/index.php\\\/2024\\\/06\\\/27\\\/julius-16-tol-egyes-mikromobilitasi-eszkozokre-kotelezo-biztositast-kell-kotni\\\/#breadcrumb\",\"itemListElement\":[{\"@type\":\"ListItem\",\"position\":1,\"name\":\"Kezd\u0151lap\",\"item\":\"https:\\\/\\\/dorogimedence.hu\\\/\"},{\"@type\":\"ListItem\",\"position\":2,\"name\":\"J\u00falius 16-t\u00f3l egyes mikromobilit\u00e1si eszk\u00f6z\u00f6kre k\u00f6telez\u0151 biztos\u00edt\u00e1st kell k\u00f6tni\"}]},{\"@type\":\"WebSite\",\"@id\":\"https:\\\/\\\/dorogimedence.hu\\\/#website\",\"url\":\"https:\\\/\\\/dorogimedence.hu\\\/\",\"name\":\"Dorogi-medence Region\u00e1lis H\u00edrport\u00e1l\",\"description\":\"Dorog, Keszt\u00f6lc, Le\u00e1nyv\u00e1r, Piliscs\u00e9v, Tokod, Tokodalt\u00e1r\u00f3, Csolnok, Esztergom-kertv\u00e1ros: h\u00edrek, programok\",\"publisher\":{\"@id\":\"https:\\\/\\\/dorogimedence.hu\\\/#organization\"},\"potentialAction\":[{\"@type\":\"SearchAction\",\"target\":{\"@type\":\"EntryPoint\",\"urlTemplate\":\"https:\\\/\\\/dorogimedence.hu\\\/?s={search_term_string}\"},\"query-input\":{\"@type\":\"PropertyValueSpecification\",\"valueRequired\":true,\"valueName\":\"search_term_string\"}}],\"inLanguage\":\"hu\"},{\"@type\":\"Organization\",\"@id\":\"https:\\\/\\\/dorogimedence.hu\\\/#organization\",\"name\":\"Dorogi-medence Region\u00e1lis H\u00edrport\u00e1l\",\"url\":\"https:\\\/\\\/dorogimedence.hu\\\/\",\"logo\":{\"@type\":\"ImageObject\",\"inLanguage\":\"hu\",\"@id\":\"https:\\\/\\\/dorogimedence.hu\\\/#\\\/schema\\\/logo\\\/image\\\/\",\"url\":\"https:\\\/\\\/dorogimedence.hu\\\/wp-content\\\/uploads\\\/2021\\\/04\\\/logo-feher-600.png\",\"contentUrl\":\"https:\\\/\\\/dorogimedence.hu\\\/wp-content\\\/uploads\\\/2021\\\/04\\\/logo-feher-600.png\",\"width\":600,\"height\":100,\"caption\":\"Dorogi-medence Region\u00e1lis H\u00edrport\u00e1l\"},\"image\":{\"@id\":\"https:\\\/\\\/dorogimedence.hu\\\/#\\\/schema\\\/logo\\\/image\\\/\"},\"sameAs\":[\"https:\\\/\\\/www.facebook.com\\\/dorogimedence\\\/\"]},{\"@type\":\"Person\",\"@id\":\"https:\\\/\\\/dorogimedence.hu\\\/#\\\/schema\\\/person\\\/ce6091eeb7e95ecdc87890d6aa8e0fd4\",\"name\":\"dorogimedence.hu\",\"image\":{\"@type\":\"ImageObject\",\"inLanguage\":\"hu\",\"@id\":\"\\\/\\\/www.gravatar.com\\\/avatar\\\/d8d45f8901aadff40a4af72c0b826f1d?s=96&#038;r=g&#038;d=mm\",\"url\":\"\\\/\\\/www.gravatar.com\\\/avatar\\\/d8d45f8901aadff40a4af72c0b826f1d?s=96&#038;r=g&#038;d=mm\",\"contentUrl\":\"\\\/\\\/www.gravatar.com\\\/avatar\\\/d8d45f8901aadff40a4af72c0b826f1d?s=96&#038;r=g&#038;d=mm\",\"caption\":\"dorogimedence.hu\"}}]}<\/script>\n<!-- \/ Yoast SEO plugin. -->","yoast_head_json":{"title":"J\u00falius 16-t\u00f3l egyes mikromobilit\u00e1si eszk\u00f6z\u00f6kre k\u00f6telez\u0151 biztos\u00edt\u00e1st kell k\u00f6tni","robots":{"index":"index","follow":"follow","max-snippet":"max-snippet:-1","max-image-preview":"max-image-preview:large","max-video-preview":"max-video-preview:-1"},"canonical":"https:\/\/dorogimedence.hu\/index.php\/2024\/06\/27\/julius-16-tol-egyes-mikromobilitasi-eszkozokre-kotelezo-biztositast-kell-kotni\/","og_locale":"hu_HU","og_type":"article","og_title":"J\u00falius 16-t\u00f3l egyes mikromobilit\u00e1si eszk\u00f6z\u00f6kre k\u00f6telez\u0151 biztos\u00edt\u00e1st kell k\u00f6tni","og_description":"Egyes mikromobilit\u00e1si eszk\u00f6z\u00f6kre k\u00f6telez\u0151 g\u00e9pj\u00e1rm\u0171-felel\u0151ss\u00e9gbiztos\u00edt\u00e1st (kgfb) kell k\u00f6tni 2024. j\u00falius 16-t\u00f3l. Ilyenek p\u00e9ld\u00e1ul a nagyobb teljes\u00edtm\u00e9ny\u0171, vagy nagyobb t\u00f6meg\u0171 rollerek \u00e9s Seqway-ek. A Grantis \u00f6sszegy\u0171jt\u00f6tte, hogy mennyi\u00e9rt k\u00f6thet\u00fcnk most kgfb-t ezekre az eszk\u00f6z\u00f6kre. Veres Patrik, a Grantis Hungary Zrt. p\u00e9nz\u00fcgyi elemz\u0151je elmondta, hogy egyes biztos\u00edt\u00f3k m\u00e1r megjelentek d\u00edjtarif\u00e1ikkal, m\u00e1sok m\u00e9g a v\u00e9gleges korm\u00e1nyrendeletre v\u00e1rnak. Kiemelte,","og_url":"https:\/\/dorogimedence.hu\/index.php\/2024\/06\/27\/julius-16-tol-egyes-mikromobilitasi-eszkozokre-kotelezo-biztositast-kell-kotni\/","og_site_name":"Dorogi-medence Region\u00e1lis H\u00edrport\u00e1l","article_publisher":"https:\/\/www.facebook.com\/dorogimedence\/","article_published_time":"2024-06-27T07:37:20+00:00","og_image":[{"width":1920,"height":1280,"url":"https:\/\/dorogimedence.hu\/wp-content\/uploads\/2024\/06\/pexels-brett-sayles-1550136.jpg","type":"image\/jpeg"}],"author":"dorogimedence.hu","twitter_card":"summary_large_image","twitter_misc":{"Szerz\u0151:":"dorogimedence.hu","Becs\u00fclt olvas\u00e1si id\u0151":"3 perc"},"schema":{"@context":"https:\/\/schema.org","@graph":[{"@type":"Article","@id":"https:\/\/dorogimedence.hu\/index.php\/2024\/06\/27\/julius-16-tol-egyes-mikromobilitasi-eszkozokre-kotelezo-biztositast-kell-kotni\/#article","isPartOf":{"@id":"https:\/\/dorogimedence.hu\/index.php\/2024\/06\/27\/julius-16-tol-egyes-mikromobilitasi-eszkozokre-kotelezo-biztositast-kell-kotni\/"},"author":{"name":"dorogimedence.hu","@id":"https:\/\/dorogimedence.hu\/#\/schema\/person\/ce6091eeb7e95ecdc87890d6aa8e0fd4"},"headline":"J\u00falius 16-t\u00f3l egyes mikromobilit\u00e1si eszk\u00f6z\u00f6kre k\u00f6telez\u0151 biztos\u00edt\u00e1st kell k\u00f6tni","datePublished":"2024-06-27T07:37:20+00:00","mainEntityOfPage":{"@id":"https:\/\/dorogimedence.hu\/index.php\/2024\/06\/27\/julius-16-tol-egyes-mikromobilitasi-eszkozokre-kotelezo-biztositast-kell-kotni\/"},"wordCount":553,"publisher":{"@id":"https:\/\/dorogimedence.hu\/#organization"},"image":{"@id":"https:\/\/dorogimedence.hu\/index.php\/2024\/06\/27\/julius-16-tol-egyes-mikromobilitasi-eszkozokre-kotelezo-biztositast-kell-kotni\/#primaryimage"},"thumbnailUrl":"https:\/\/dorogimedence.hu\/wp-content\/uploads\/2024\/06\/pexels-brett-sayles-1550136.jpg","keywords":["k\u00f6telez\u0151 biztos\u00edt\u00e1s","roller","segway"],"articleSection":["Belf\u00f6ld, Gazdas\u00e1g","H\u00edrek"],"inLanguage":"hu"},{"@type":"WebPage","@id":"https:\/\/dorogimedence.hu\/index.php\/2024\/06\/27\/julius-16-tol-egyes-mikromobilitasi-eszkozokre-kotelezo-biztositast-kell-kotni\/","url":"https:\/\/dorogimedence.hu\/index.php\/2024\/06\/27\/julius-16-tol-egyes-mikromobilitasi-eszkozokre-kotelezo-biztositast-kell-kotni\/","name":"J\u00falius 16-t\u00f3l egyes mikromobilit\u00e1si eszk\u00f6z\u00f6kre k\u00f6telez\u0151 biztos\u00edt\u00e1st kell k\u00f6tni","isPartOf":{"@id":"https:\/\/dorogimedence.hu\/#website"},"primaryImageOfPage":{"@id":"https:\/\/dorogimedence.hu\/index.php\/2024\/06\/27\/julius-16-tol-egyes-mikromobilitasi-eszkozokre-kotelezo-biztositast-kell-kotni\/#primaryimage"},"image":{"@id":"https:\/\/dorogimedence.hu\/index.php\/2024\/06\/27\/julius-16-tol-egyes-mikromobilitasi-eszkozokre-kotelezo-biztositast-kell-kotni\/#primaryimage"},"thumbnailUrl":"https:\/\/dorogimedence.hu\/wp-content\/uploads\/2024\/06\/pexels-brett-sayles-1550136.jpg","datePublished":"2024-06-27T07:37:20+00:00","breadcrumb":{"@id":"https:\/\/dorogimedence.hu\/index.php\/2024\/06\/27\/julius-16-tol-egyes-mikromobilitasi-eszkozokre-kotelezo-biztositast-kell-kotni\/#breadcrumb"},"inLanguage":"hu","potentialAction":[{"@type":"ReadAction","target":["https:\/\/dorogimedence.hu\/index.php\/2024\/06\/27\/julius-16-tol-egyes-mikromobilitasi-eszkozokre-kotelezo-biztositast-kell-kotni\/"]}]},{"@type":"ImageObject","inLanguage":"hu","@id":"https:\/\/dorogimedence.hu\/index.php\/2024\/06\/27\/julius-16-tol-egyes-mikromobilitasi-eszkozokre-kotelezo-biztositast-kell-kotni\/#primaryimage","url":"https:\/\/dorogimedence.hu\/wp-content\/uploads\/2024\/06\/pexels-brett-sayles-1550136.jpg","contentUrl":"https:\/\/dorogimedence.hu\/wp-content\/uploads\/2024\/06\/pexels-brett-sayles-1550136.jpg","width":1920,"height":1280},{"@type":"BreadcrumbList","@id":"https:\/\/dorogimedence.hu\/index.php\/2024\/06\/27\/julius-16-tol-egyes-mikromobilitasi-eszkozokre-kotelezo-biztositast-kell-kotni\/#breadcrumb","itemListElement":[{"@type":"ListItem","position":1,"name":"Kezd\u0151lap","item":"https:\/\/dorogimedence.hu\/"},{"@type":"ListItem","position":2,"name":"J\u00falius 16-t\u00f3l egyes mikromobilit\u00e1si eszk\u00f6z\u00f6kre k\u00f6telez\u0151 biztos\u00edt\u00e1st kell k\u00f6tni"}]},{"@type":"WebSite","@id":"https:\/\/dorogimedence.hu\/#website","url":"https:\/\/dorogimedence.hu\/","name":"Dorogi-medence Region\u00e1lis H\u00edrport\u00e1l","description":"Dorog, Keszt\u00f6lc, Le\u00e1nyv\u00e1r, Piliscs\u00e9v, Tokod, Tokodalt\u00e1r\u00f3, Csolnok, Esztergom-kertv\u00e1ros: h\u00edrek, programok","publisher":{"@id":"https:\/\/dorogimedence.hu\/#organization"},"potentialAction":[{"@type":"SearchAction","target":{"@type":"EntryPoint","urlTemplate":"https:\/\/dorogimedence.hu\/?s={search_term_string}"},"query-input":{"@type":"PropertyValueSpecification","valueRequired":true,"valueName":"search_term_string"}}],"inLanguage":"hu"},{"@type":"Organization","@id":"https:\/\/dorogimedence.hu\/#organization","name":"Dorogi-medence Region\u00e1lis H\u00edrport\u00e1l","url":"https:\/\/dorogimedence.hu\/","logo":{"@type":"ImageObject","inLanguage":"hu","@id":"https:\/\/dorogimedence.hu\/#\/schema\/logo\/image\/","url":"https:\/\/dorogimedence.hu\/wp-content\/uploads\/2021\/04\/logo-feher-600.png","contentUrl":"https:\/\/dorogimedence.hu\/wp-content\/uploads\/2021\/04\/logo-feher-600.png","width":600,"height":100,"caption":"Dorogi-medence Region\u00e1lis H\u00edrport\u00e1l"},"image":{"@id":"https:\/\/dorogimedence.hu\/#\/schema\/logo\/image\/"},"sameAs":["https:\/\/www.facebook.com\/dorogimedence\/"]},{"@type":"Person","@id":"https:\/\/dorogimedence.hu\/#\/schema\/person\/ce6091eeb7e95ecdc87890d6aa8e0fd4","name":"dorogimedence.hu","image":{"@type":"ImageObject","inLanguage":"hu","@id":"\/\/www.gravatar.com\/avatar\/d8d45f8901aadff40a4af72c0b826f1d?s=96&#038;r=g&#038;d=mm","url":"\/\/www.gravatar.com\/avatar\/d8d45f8901aadff40a4af72c0b826f1d?s=96&#038;r=g&#038;d=mm","contentUrl":"\/\/www.gravatar.com\/avatar\/d8d45f8901aadff40a4af72c0b826f1d?s=96&#038;r=g&#038;d=mm","caption":"dorogimedence.hu"}}]}},"_links":{"self":[{"href":"https:\/\/dorogimedence.hu\/index.php\/wp-json\/wp\/v2\/posts\/63067","targetHints":{"allow":["GET"]}}],"collection":[{"href":"https:\/\/dorogimedence.hu\/index.php\/wp-json\/wp\/v2\/posts"}],"about":[{"href":"https:\/\/dorogimedence.hu\/index.php\/wp-json\/wp\/v2\/types\/post"}],"author":[{"embeddable":true,"href":"https:\/\/dorogimedence.hu\/index.php\/wp-json\/wp\/v2\/users\/1"}],"replies":[{"embeddable":true,"href":"https:\/\/dorogimedence.hu\/index.php\/wp-json\/wp\/v2\/comments?post=63067"}],"version-history":[{"count":0,"href":"https:\/\/dorogimedence.hu\/index.php\/wp-json\/wp\/v2\/posts\/63067\/revisions"}],"wp:featuredmedia":[{"embeddable":true,"href":"https:\/\/dorogimedence.hu\/index.php\/wp-json\/wp\/v2\/media\/63069"}],"wp:attachment":[{"href":"https:\/\/dorogimedence.hu\/index.php\/wp-json\/wp\/v2\/media?parent=63067"}],"wp:term":[{"taxonomy":"category","embeddable":true,"href":"https:\/\/dorogimedence.hu\/index.php\/wp-json\/wp\/v2\/categories?post=63067"},{"taxonomy":"post_tag","embeddable":true,"href":"https:\/\/dorogimedence.hu\/index.php\/wp-json\/wp\/v2\/tags?post=63067"}],"curies":[{"name":"wp","href":"https:\/\/api.w.org\/{rel}","templated":true}]}}