{"id":62905,"date":"2024-06-19T14:08:50","date_gmt":"2024-06-19T12:08:50","guid":{"rendered":"https:\/\/dorogimedence.hu\/?p=62905"},"modified":"2024-06-19T14:08:50","modified_gmt":"2024-06-19T12:08:50","slug":"hat-gyereket-csinaltak-de-megfeleloen-ellatni-mar-nem-akartak-oket","status":"publish","type":"post","link":"https:\/\/dorogimedence.hu\/index.php\/2024\/06\/19\/hat-gyereket-csinaltak-de-megfeleloen-ellatni-mar-nem-akartak-oket\/","title":{"rendered":"Hat gyereket csin\u00e1ltak, de megfelel\u0151en ell\u00e1tni m\u00e1r nem akart\u00e1k \u0151ket"},"content":{"rendered":"<p style=\"margin: 0cm 0cm 6.0pt 0cm;\"><strong>El\u00edt\u00e9lt\u00e9k azt a f\u00e9rfit \u00e9s n\u0151t, akik mind a hat gyermek\u00fcket s\u00falyosan elhanyagolt\u00e1k. Nem gondoskodtak a gyerekek megfelel\u0151 \u00e9lelmez\u00e9s\u00e9r\u0151l \u00e9s tiszt\u00e1lkod\u00e1s\u00e1r\u00f3l sem.<\/strong><\/p>\n<p style=\"margin: 0cm 0cm 6.0pt 0cm;\">A meg\u00e1llap\u00edtott t\u00e9ny\u00e1ll\u00e1s szerint a f\u00e9rfi \u00e9s a n\u0151 \u00e9lett\u00e1rsi kapcsolat\u00e1b\u00f3l hat gyermek sz\u00fcletett. Az v\u00e1dlottak 2014-t\u0151l Esztergomban \u00e9ltek, adom\u00e1nyokb\u00f3l \u00e9s a gyermekek ut\u00e1n j\u00e1r\u00f3 \u00e1llami juttat\u00e1sokb\u00f3l tartott\u00e1k fenn magukat, a haszn\u00e1latra kapott ingatlan \u00e1llag\u00e1t le\u00e9lt\u00e9k. Nem gondoskodtak megfelel\u0151en a kiskor\u00fa gyermekek ruh\u00e1zat\u00e1r\u00f3l, a rendszeres tiszt\u00e1lkod\u00e1sukr\u00f3l, megfelel\u0151 \u00e9lelmez\u00e9s\u00fckr\u0151l, a gyermekek rendre piszkosan \u00e9s \u00e1polatlanul j\u00e1rtak \u00f3vod\u00e1ba, iskol\u00e1ba, felszerel\u00e9s\u00fck hi\u00e1nyos volt. Gyermekeik tanulm\u00e1nyait nem k\u00eds\u00e9rt\u00e9k figyelemmel, magas sz\u00e1m\u00fa igazolatlan iskolai \u00e9s \u00f3vodai hi\u00e1nyz\u00e1st halmoztak fel.<\/p>\n<p style=\"margin: 0cm 0cm 6.0pt 0cm;\">A v\u00e1dlottak s\u00falyosan elhanyagol\u00f3 sz\u00fcl\u0151i magatart\u00e1sa \u00e9s a higi\u00e9ni\u00e1s probl\u00e9m\u00e1k miatt a gyermekj\u00f3l\u00e9ti k\u00f6zpont kezdem\u00e9nyezte a kiskor\u00faak csal\u00e1db\u00f3l val\u00f3 kiemel\u00e9s\u00e9t.<\/p>\n<p style=\"margin: 0cm 0cm 6.0pt 0cm;\">A csal\u00e1d ezut\u00e1n Esztergomb\u00f3l Pilismar\u00f3tra, D\u00f6m\u00f6sre, majd Rig\u00e1csra k\u00f6lt\u00f6z\u00f6tt. A v\u00e1dlottak itt is folytatt\u00e1k a kor\u00e1bbi elhanyagol\u00f3 \u00e9letm\u00f3djukat, \u00e1lland\u00f3 munkahellyel, rendszeres j\u00f6vedelemmel nem rendelkeztek.<\/p>\n<p style=\"margin: 0cm 0cm 6.0pt 0cm;\">2020. november 11-\u00e9n a csal\u00e1dseg\u00edt\u0151k l\u00e1togat\u00e1st tartottak, a gyermekeket elhanyagoltan, feln\u0151tt fel\u00fcgyelet n\u00e9lk\u00fcl, balesetvesz\u00e9lyes, lakhatatlan h\u00e1zban, vesz\u00e9lyes eszk\u00f6z\u00f6k \u00e9s berendez\u00e9sek k\u00f6z\u00f6tt tal\u00e1lt\u00e1k, melynek k\u00f6vetkezt\u00e9ben a gyermekeket ideiglenes hat\u00e1llyal nevel\u0151sz\u00fcl\u0151kn\u00e9l helyezt\u00e9k el.<\/p>\n<p style=\"margin: 0cm 0cm 6.0pt 0cm;\">A k\u00e9t v\u00e1dlott \u00e9veken kereszt\u00fcl s\u00falyos m\u00e9rt\u00e9kben elhanyagolta a gyermekeikr\u0151l val\u00f3 gondoskod\u00e1si k\u00f6telezetts\u00e9g\u00e9t, ami a gyermekek testi \u00e9ps\u00e9g\u00e9t vesz\u00e9lyeztette, a testi \u00e9s \u00e9rtelmi fejl\u0151d\u00e9s\u00fcket, szocializ\u00e1ci\u00f3jukat jelent\u0151sen h\u00e1tr\u00e1ltatta.<\/p>\n<p style=\"margin: 0cm 0cm 6.0pt 0cm;\">Az Esztergomi J\u00e1r\u00e1si \u00dcgy\u00e9szs\u00e9g v\u00e1dirata alapj\u00e1n az Esztergomi J\u00e1r\u00e1sb\u00edr\u00f3s\u00e1g kiskor\u00fa vesz\u00e9lyeztet\u00e9s\u00e9nek b\u0171ntette miatt indult \u00fcgyben tartott t\u00e1rgyal\u00e1son hozott \u00edt\u00e9letet a f\u00e9rfivel szemben. A b\u00edr\u00f3s\u00e1g a f\u00e9rfi \u00e9lett\u00e1rs\u00e1t kor\u00e1bban joger\u0151sen 2 \u00e9v b\u00f6rt\u00f6nb\u00fcntet\u00e9sre, 2 \u00e9v k\u00f6z\u00fcgyekt\u0151l eltilt\u00e1sra \u00edt\u00e9lte, valamint 2 \u00e9vre eltiltotta minden olyan tev\u00e9kenys\u00e9gt\u0151l, melynek keret\u00e9ben tizennyolcadik \u00e9let\u00e9v\u00e9t be nem t\u00f6lt\u00f6tt szem\u00e9llyel foglalkozna.<\/p>\n<p style=\"margin: 0cm 0cm 6.0pt 0cm;\">A b\u00edr\u00f3s\u00e1g a 2024. j\u00fanius 19-\u00e9n meghozott \u00edt\u00e9let\u00e9vel a f\u00e9rfit 2 \u00e9v b\u00f6rt\u00f6nb\u00fcntet\u00e9sre, 3 \u00e9v k\u00f6z\u00fcgyekt\u0151l eltilt\u00e1sra \u00edt\u00e9lte, valamint 3 \u00e9vre eltiltotta minden olyan tev\u00e9kenys\u00e9gt\u0151l, melynek keret\u00e9ben tizennyolcadik \u00e9let\u00e9v\u00e9t be nem t\u00f6lt\u00f6tt szem\u00e9llyel foglalkozna. Az \u00edt\u00e9lettel szemben az \u00fcgy\u00e9sz a v\u00e1dlott terh\u00e9re, a szabads\u00e1gveszt\u00e9s s\u00falyos\u00edt\u00e1s\u00e1\u00e9rt, a v\u00e1dlott \u00e9s v\u00e9d\u0151je felment\u00e9s\u00e9rt, illetve enyh\u00edt\u00e9s\u00e9rt jelentett be fellebbez\u00e9st.<\/p>\n<p style=\"margin: 0cm 0cm 6.0pt 0cm;\"><em>Forr\u00e1s: Kom\u00e1rom-Esztergom V\u00e1rmegyei F\u0151\u00fcgy\u00e9szs\u00e9g \/ Tatab\u00e1nyai T\u00f6rv\u00e9nysz\u00e9k<br \/>\nBor\u00edt\u00f3k\u00e9p: illusztr\u00e1ci\u00f3<br \/>\n<\/em><\/p>\n","protected":false},"excerpt":{"rendered":"<p>El\u00edt\u00e9lt\u00e9k azt a f\u00e9rfit \u00e9s n\u0151t, akik mind a hat gyermek\u00fcket s\u00falyosan elhanyagolt\u00e1k. Nem gondoskodtak a gyerekek megfelel\u0151 \u00e9lelmez\u00e9s\u00e9r\u0151l \u00e9s tiszt\u00e1lkod\u00e1s\u00e1r\u00f3l sem. A meg\u00e1llap\u00edtott t\u00e9ny\u00e1ll\u00e1s szerint a f\u00e9rfi \u00e9s a n\u0151 \u00e9lett\u00e1rsi kapcsolat\u00e1b\u00f3l hat gyermek sz\u00fcletett. Az v\u00e1dlottak 2014-t\u0151l Esztergomban \u00e9ltek, adom\u00e1nyokb\u00f3l \u00e9s a gyermekek ut\u00e1n j\u00e1r\u00f3 \u00e1llami juttat\u00e1sokb\u00f3l tartott\u00e1k fenn magukat, a haszn\u00e1latra kapott<\/p>\n","protected":false},"author":1,"featured_media":62906,"comment_status":"closed","ping_status":"closed","sticky":false,"template":"","format":"standard","meta":{"ngg_post_thumbnail":0,"footnotes":""},"categories":[38,3,39],"tags":[1042,42,61,326],"class_list":{"0":"post-62905","1":"post","2":"type-post","3":"status-publish","4":"format-standard","5":"has-post-thumbnail","7":"category-esztergom","8":"category-hirek","9":"category-kek-hirek","10":"tag-birosag","11":"tag-esztergom","12":"tag-rendorsegi-hirek","13":"tag-ugyeszseg"},"yoast_head":"<!-- This site is optimized with the Yoast SEO plugin v27.4 - https:\/\/yoast.com\/product\/yoast-seo-wordpress\/ -->\n<title>Hat gyereket csin\u00e1ltak, de megfelel\u0151en ell\u00e1tni m\u00e1r nem akart\u00e1k \u0151ket<\/title>\n<meta name=\"robots\" content=\"index, follow, max-snippet:-1, max-image-preview:large, max-video-preview:-1\" \/>\n<link rel=\"canonical\" href=\"https:\/\/dorogimedence.hu\/index.php\/2024\/06\/19\/hat-gyereket-csinaltak-de-megfeleloen-ellatni-mar-nem-akartak-oket\/\" class=\"yoast-seo-meta-tag\" \/>\n<meta property=\"og:locale\" content=\"hu_HU\" class=\"yoast-seo-meta-tag\" \/>\n<meta property=\"og:type\" content=\"article\" class=\"yoast-seo-meta-tag\" \/>\n<meta property=\"og:title\" content=\"Hat gyereket csin\u00e1ltak, de megfelel\u0151en ell\u00e1tni m\u00e1r nem akart\u00e1k \u0151ket\" class=\"yoast-seo-meta-tag\" \/>\n<meta property=\"og:description\" content=\"El\u00edt\u00e9lt\u00e9k azt a f\u00e9rfit \u00e9s n\u0151t, akik mind a hat gyermek\u00fcket s\u00falyosan elhanyagolt\u00e1k. Nem gondoskodtak a gyerekek megfelel\u0151 \u00e9lelmez\u00e9s\u00e9r\u0151l \u00e9s tiszt\u00e1lkod\u00e1s\u00e1r\u00f3l sem. A meg\u00e1llap\u00edtott t\u00e9ny\u00e1ll\u00e1s szerint a f\u00e9rfi \u00e9s a n\u0151 \u00e9lett\u00e1rsi kapcsolat\u00e1b\u00f3l hat gyermek sz\u00fcletett. Az v\u00e1dlottak 2014-t\u0151l Esztergomban \u00e9ltek, adom\u00e1nyokb\u00f3l \u00e9s a gyermekek ut\u00e1n j\u00e1r\u00f3 \u00e1llami juttat\u00e1sokb\u00f3l tartott\u00e1k fenn magukat, a haszn\u00e1latra kapott\" class=\"yoast-seo-meta-tag\" \/>\n<meta property=\"og:url\" content=\"https:\/\/dorogimedence.hu\/index.php\/2024\/06\/19\/hat-gyereket-csinaltak-de-megfeleloen-ellatni-mar-nem-akartak-oket\/\" class=\"yoast-seo-meta-tag\" \/>\n<meta property=\"og:site_name\" content=\"Dorogi-medence Region\u00e1lis H\u00edrport\u00e1l\" class=\"yoast-seo-meta-tag\" \/>\n<meta property=\"article:publisher\" content=\"https:\/\/www.facebook.com\/dorogimedence\/\" class=\"yoast-seo-meta-tag\" \/>\n<meta property=\"article:published_time\" content=\"2024-06-19T12:08:50+00:00\" class=\"yoast-seo-meta-tag\" \/>\n<meta property=\"og:image\" content=\"https:\/\/dorogimedence.hu\/wp-content\/uploads\/2024\/06\/pexels-cottonbro-4874400.jpg\" class=\"yoast-seo-meta-tag\" \/>\n\t<meta property=\"og:image:width\" content=\"1920\" class=\"yoast-seo-meta-tag\" \/>\n\t<meta property=\"og:image:height\" content=\"1280\" class=\"yoast-seo-meta-tag\" \/>\n\t<meta property=\"og:image:type\" content=\"image\/jpeg\" class=\"yoast-seo-meta-tag\" \/>\n<meta name=\"author\" content=\"dorogimedence.hu\" class=\"yoast-seo-meta-tag\" \/>\n<meta name=\"twitter:card\" content=\"summary_large_image\" class=\"yoast-seo-meta-tag\" \/>\n<meta name=\"twitter:label1\" content=\"Szerz\u0151:\" class=\"yoast-seo-meta-tag\" \/>\n\t<meta name=\"twitter:data1\" content=\"dorogimedence.hu\" class=\"yoast-seo-meta-tag\" \/>\n\t<meta name=\"twitter:label2\" content=\"Becs\u00fclt olvas\u00e1si id\u0151\" class=\"yoast-seo-meta-tag\" \/>\n\t<meta name=\"twitter:data2\" content=\"3 perc\" class=\"yoast-seo-meta-tag\" \/>\n<script type=\"application\/ld+json\" class=\"yoast-schema-graph\">{\"@context\":\"https:\\\/\\\/schema.org\",\"@graph\":[{\"@type\":\"Article\",\"@id\":\"https:\\\/\\\/dorogimedence.hu\\\/index.php\\\/2024\\\/06\\\/19\\\/hat-gyereket-csinaltak-de-megfeleloen-ellatni-mar-nem-akartak-oket\\\/#article\",\"isPartOf\":{\"@id\":\"https:\\\/\\\/dorogimedence.hu\\\/index.php\\\/2024\\\/06\\\/19\\\/hat-gyereket-csinaltak-de-megfeleloen-ellatni-mar-nem-akartak-oket\\\/\"},\"author\":{\"name\":\"dorogimedence.hu\",\"@id\":\"https:\\\/\\\/dorogimedence.hu\\\/#\\\/schema\\\/person\\\/ce6091eeb7e95ecdc87890d6aa8e0fd4\"},\"headline\":\"Hat gyereket csin\u00e1ltak, de megfelel\u0151en ell\u00e1tni m\u00e1r nem akart\u00e1k \u0151ket\",\"datePublished\":\"2024-06-19T12:08:50+00:00\",\"mainEntityOfPage\":{\"@id\":\"https:\\\/\\\/dorogimedence.hu\\\/index.php\\\/2024\\\/06\\\/19\\\/hat-gyereket-csinaltak-de-megfeleloen-ellatni-mar-nem-akartak-oket\\\/\"},\"wordCount\":569,\"publisher\":{\"@id\":\"https:\\\/\\\/dorogimedence.hu\\\/#organization\"},\"image\":{\"@id\":\"https:\\\/\\\/dorogimedence.hu\\\/index.php\\\/2024\\\/06\\\/19\\\/hat-gyereket-csinaltak-de-megfeleloen-ellatni-mar-nem-akartak-oket\\\/#primaryimage\"},\"thumbnailUrl\":\"https:\\\/\\\/dorogimedence.hu\\\/wp-content\\\/uploads\\\/2024\\\/06\\\/pexels-cottonbro-4874400.jpg\",\"keywords\":[\"b\u00edr\u00f3s\u00e1g\",\"esztergom\",\"rend\u0151rs\u00e9gi h\u00edrek\",\"\u00fcgy\u00e9szs\u00e9g\"],\"articleSection\":[\"Esztergom\",\"H\u00edrek\",\"K\u00e9k h\u00edrek\"],\"inLanguage\":\"hu\"},{\"@type\":\"WebPage\",\"@id\":\"https:\\\/\\\/dorogimedence.hu\\\/index.php\\\/2024\\\/06\\\/19\\\/hat-gyereket-csinaltak-de-megfeleloen-ellatni-mar-nem-akartak-oket\\\/\",\"url\":\"https:\\\/\\\/dorogimedence.hu\\\/index.php\\\/2024\\\/06\\\/19\\\/hat-gyereket-csinaltak-de-megfeleloen-ellatni-mar-nem-akartak-oket\\\/\",\"name\":\"Hat gyereket csin\u00e1ltak, de megfelel\u0151en ell\u00e1tni m\u00e1r nem akart\u00e1k \u0151ket\",\"isPartOf\":{\"@id\":\"https:\\\/\\\/dorogimedence.hu\\\/#website\"},\"primaryImageOfPage\":{\"@id\":\"https:\\\/\\\/dorogimedence.hu\\\/index.php\\\/2024\\\/06\\\/19\\\/hat-gyereket-csinaltak-de-megfeleloen-ellatni-mar-nem-akartak-oket\\\/#primaryimage\"},\"image\":{\"@id\":\"https:\\\/\\\/dorogimedence.hu\\\/index.php\\\/2024\\\/06\\\/19\\\/hat-gyereket-csinaltak-de-megfeleloen-ellatni-mar-nem-akartak-oket\\\/#primaryimage\"},\"thumbnailUrl\":\"https:\\\/\\\/dorogimedence.hu\\\/wp-content\\\/uploads\\\/2024\\\/06\\\/pexels-cottonbro-4874400.jpg\",\"datePublished\":\"2024-06-19T12:08:50+00:00\",\"breadcrumb\":{\"@id\":\"https:\\\/\\\/dorogimedence.hu\\\/index.php\\\/2024\\\/06\\\/19\\\/hat-gyereket-csinaltak-de-megfeleloen-ellatni-mar-nem-akartak-oket\\\/#breadcrumb\"},\"inLanguage\":\"hu\",\"potentialAction\":[{\"@type\":\"ReadAction\",\"target\":[\"https:\\\/\\\/dorogimedence.hu\\\/index.php\\\/2024\\\/06\\\/19\\\/hat-gyereket-csinaltak-de-megfeleloen-ellatni-mar-nem-akartak-oket\\\/\"]}]},{\"@type\":\"ImageObject\",\"inLanguage\":\"hu\",\"@id\":\"https:\\\/\\\/dorogimedence.hu\\\/index.php\\\/2024\\\/06\\\/19\\\/hat-gyereket-csinaltak-de-megfeleloen-ellatni-mar-nem-akartak-oket\\\/#primaryimage\",\"url\":\"https:\\\/\\\/dorogimedence.hu\\\/wp-content\\\/uploads\\\/2024\\\/06\\\/pexels-cottonbro-4874400.jpg\",\"contentUrl\":\"https:\\\/\\\/dorogimedence.hu\\\/wp-content\\\/uploads\\\/2024\\\/06\\\/pexels-cottonbro-4874400.jpg\",\"width\":1920,\"height\":1280},{\"@type\":\"BreadcrumbList\",\"@id\":\"https:\\\/\\\/dorogimedence.hu\\\/index.php\\\/2024\\\/06\\\/19\\\/hat-gyereket-csinaltak-de-megfeleloen-ellatni-mar-nem-akartak-oket\\\/#breadcrumb\",\"itemListElement\":[{\"@type\":\"ListItem\",\"position\":1,\"name\":\"Kezd\u0151lap\",\"item\":\"https:\\\/\\\/dorogimedence.hu\\\/\"},{\"@type\":\"ListItem\",\"position\":2,\"name\":\"Hat gyereket csin\u00e1ltak, de megfelel\u0151en ell\u00e1tni m\u00e1r nem akart\u00e1k \u0151ket\"}]},{\"@type\":\"WebSite\",\"@id\":\"https:\\\/\\\/dorogimedence.hu\\\/#website\",\"url\":\"https:\\\/\\\/dorogimedence.hu\\\/\",\"name\":\"Dorogi-medence Region\u00e1lis H\u00edrport\u00e1l\",\"description\":\"Dorog, Keszt\u00f6lc, Le\u00e1nyv\u00e1r, Piliscs\u00e9v, Tokod, Tokodalt\u00e1r\u00f3, Csolnok, Esztergom-kertv\u00e1ros: h\u00edrek, programok\",\"publisher\":{\"@id\":\"https:\\\/\\\/dorogimedence.hu\\\/#organization\"},\"potentialAction\":[{\"@type\":\"SearchAction\",\"target\":{\"@type\":\"EntryPoint\",\"urlTemplate\":\"https:\\\/\\\/dorogimedence.hu\\\/?s={search_term_string}\"},\"query-input\":{\"@type\":\"PropertyValueSpecification\",\"valueRequired\":true,\"valueName\":\"search_term_string\"}}],\"inLanguage\":\"hu\"},{\"@type\":\"Organization\",\"@id\":\"https:\\\/\\\/dorogimedence.hu\\\/#organization\",\"name\":\"Dorogi-medence Region\u00e1lis H\u00edrport\u00e1l\",\"url\":\"https:\\\/\\\/dorogimedence.hu\\\/\",\"logo\":{\"@type\":\"ImageObject\",\"inLanguage\":\"hu\",\"@id\":\"https:\\\/\\\/dorogimedence.hu\\\/#\\\/schema\\\/logo\\\/image\\\/\",\"url\":\"https:\\\/\\\/dorogimedence.hu\\\/wp-content\\\/uploads\\\/2021\\\/04\\\/logo-feher-600.png\",\"contentUrl\":\"https:\\\/\\\/dorogimedence.hu\\\/wp-content\\\/uploads\\\/2021\\\/04\\\/logo-feher-600.png\",\"width\":600,\"height\":100,\"caption\":\"Dorogi-medence Region\u00e1lis H\u00edrport\u00e1l\"},\"image\":{\"@id\":\"https:\\\/\\\/dorogimedence.hu\\\/#\\\/schema\\\/logo\\\/image\\\/\"},\"sameAs\":[\"https:\\\/\\\/www.facebook.com\\\/dorogimedence\\\/\"]},{\"@type\":\"Person\",\"@id\":\"https:\\\/\\\/dorogimedence.hu\\\/#\\\/schema\\\/person\\\/ce6091eeb7e95ecdc87890d6aa8e0fd4\",\"name\":\"dorogimedence.hu\",\"image\":{\"@type\":\"ImageObject\",\"inLanguage\":\"hu\",\"@id\":\"\\\/\\\/www.gravatar.com\\\/avatar\\\/d8d45f8901aadff40a4af72c0b826f1d?s=96&#038;r=g&#038;d=mm\",\"url\":\"\\\/\\\/www.gravatar.com\\\/avatar\\\/d8d45f8901aadff40a4af72c0b826f1d?s=96&#038;r=g&#038;d=mm\",\"contentUrl\":\"\\\/\\\/www.gravatar.com\\\/avatar\\\/d8d45f8901aadff40a4af72c0b826f1d?s=96&#038;r=g&#038;d=mm\",\"caption\":\"dorogimedence.hu\"}}]}<\/script>\n<!-- \/ Yoast SEO plugin. -->","yoast_head_json":{"title":"Hat gyereket csin\u00e1ltak, de megfelel\u0151en ell\u00e1tni m\u00e1r nem akart\u00e1k \u0151ket","robots":{"index":"index","follow":"follow","max-snippet":"max-snippet:-1","max-image-preview":"max-image-preview:large","max-video-preview":"max-video-preview:-1"},"canonical":"https:\/\/dorogimedence.hu\/index.php\/2024\/06\/19\/hat-gyereket-csinaltak-de-megfeleloen-ellatni-mar-nem-akartak-oket\/","og_locale":"hu_HU","og_type":"article","og_title":"Hat gyereket csin\u00e1ltak, de megfelel\u0151en ell\u00e1tni m\u00e1r nem akart\u00e1k \u0151ket","og_description":"El\u00edt\u00e9lt\u00e9k azt a f\u00e9rfit \u00e9s n\u0151t, akik mind a hat gyermek\u00fcket s\u00falyosan elhanyagolt\u00e1k. Nem gondoskodtak a gyerekek megfelel\u0151 \u00e9lelmez\u00e9s\u00e9r\u0151l \u00e9s tiszt\u00e1lkod\u00e1s\u00e1r\u00f3l sem. A meg\u00e1llap\u00edtott t\u00e9ny\u00e1ll\u00e1s szerint a f\u00e9rfi \u00e9s a n\u0151 \u00e9lett\u00e1rsi kapcsolat\u00e1b\u00f3l hat gyermek sz\u00fcletett. Az v\u00e1dlottak 2014-t\u0151l Esztergomban \u00e9ltek, adom\u00e1nyokb\u00f3l \u00e9s a gyermekek ut\u00e1n j\u00e1r\u00f3 \u00e1llami juttat\u00e1sokb\u00f3l tartott\u00e1k fenn magukat, a haszn\u00e1latra kapott","og_url":"https:\/\/dorogimedence.hu\/index.php\/2024\/06\/19\/hat-gyereket-csinaltak-de-megfeleloen-ellatni-mar-nem-akartak-oket\/","og_site_name":"Dorogi-medence Region\u00e1lis H\u00edrport\u00e1l","article_publisher":"https:\/\/www.facebook.com\/dorogimedence\/","article_published_time":"2024-06-19T12:08:50+00:00","og_image":[{"width":1920,"height":1280,"url":"https:\/\/dorogimedence.hu\/wp-content\/uploads\/2024\/06\/pexels-cottonbro-4874400.jpg","type":"image\/jpeg"}],"author":"dorogimedence.hu","twitter_card":"summary_large_image","twitter_misc":{"Szerz\u0151:":"dorogimedence.hu","Becs\u00fclt olvas\u00e1si id\u0151":"3 perc"},"schema":{"@context":"https:\/\/schema.org","@graph":[{"@type":"Article","@id":"https:\/\/dorogimedence.hu\/index.php\/2024\/06\/19\/hat-gyereket-csinaltak-de-megfeleloen-ellatni-mar-nem-akartak-oket\/#article","isPartOf":{"@id":"https:\/\/dorogimedence.hu\/index.php\/2024\/06\/19\/hat-gyereket-csinaltak-de-megfeleloen-ellatni-mar-nem-akartak-oket\/"},"author":{"name":"dorogimedence.hu","@id":"https:\/\/dorogimedence.hu\/#\/schema\/person\/ce6091eeb7e95ecdc87890d6aa8e0fd4"},"headline":"Hat gyereket csin\u00e1ltak, de megfelel\u0151en ell\u00e1tni m\u00e1r nem akart\u00e1k \u0151ket","datePublished":"2024-06-19T12:08:50+00:00","mainEntityOfPage":{"@id":"https:\/\/dorogimedence.hu\/index.php\/2024\/06\/19\/hat-gyereket-csinaltak-de-megfeleloen-ellatni-mar-nem-akartak-oket\/"},"wordCount":569,"publisher":{"@id":"https:\/\/dorogimedence.hu\/#organization"},"image":{"@id":"https:\/\/dorogimedence.hu\/index.php\/2024\/06\/19\/hat-gyereket-csinaltak-de-megfeleloen-ellatni-mar-nem-akartak-oket\/#primaryimage"},"thumbnailUrl":"https:\/\/dorogimedence.hu\/wp-content\/uploads\/2024\/06\/pexels-cottonbro-4874400.jpg","keywords":["b\u00edr\u00f3s\u00e1g","esztergom","rend\u0151rs\u00e9gi h\u00edrek","\u00fcgy\u00e9szs\u00e9g"],"articleSection":["Esztergom","H\u00edrek","K\u00e9k h\u00edrek"],"inLanguage":"hu"},{"@type":"WebPage","@id":"https:\/\/dorogimedence.hu\/index.php\/2024\/06\/19\/hat-gyereket-csinaltak-de-megfeleloen-ellatni-mar-nem-akartak-oket\/","url":"https:\/\/dorogimedence.hu\/index.php\/2024\/06\/19\/hat-gyereket-csinaltak-de-megfeleloen-ellatni-mar-nem-akartak-oket\/","name":"Hat gyereket csin\u00e1ltak, de megfelel\u0151en ell\u00e1tni m\u00e1r nem akart\u00e1k \u0151ket","isPartOf":{"@id":"https:\/\/dorogimedence.hu\/#website"},"primaryImageOfPage":{"@id":"https:\/\/dorogimedence.hu\/index.php\/2024\/06\/19\/hat-gyereket-csinaltak-de-megfeleloen-ellatni-mar-nem-akartak-oket\/#primaryimage"},"image":{"@id":"https:\/\/dorogimedence.hu\/index.php\/2024\/06\/19\/hat-gyereket-csinaltak-de-megfeleloen-ellatni-mar-nem-akartak-oket\/#primaryimage"},"thumbnailUrl":"https:\/\/dorogimedence.hu\/wp-content\/uploads\/2024\/06\/pexels-cottonbro-4874400.jpg","datePublished":"2024-06-19T12:08:50+00:00","breadcrumb":{"@id":"https:\/\/dorogimedence.hu\/index.php\/2024\/06\/19\/hat-gyereket-csinaltak-de-megfeleloen-ellatni-mar-nem-akartak-oket\/#breadcrumb"},"inLanguage":"hu","potentialAction":[{"@type":"ReadAction","target":["https:\/\/dorogimedence.hu\/index.php\/2024\/06\/19\/hat-gyereket-csinaltak-de-megfeleloen-ellatni-mar-nem-akartak-oket\/"]}]},{"@type":"ImageObject","inLanguage":"hu","@id":"https:\/\/dorogimedence.hu\/index.php\/2024\/06\/19\/hat-gyereket-csinaltak-de-megfeleloen-ellatni-mar-nem-akartak-oket\/#primaryimage","url":"https:\/\/dorogimedence.hu\/wp-content\/uploads\/2024\/06\/pexels-cottonbro-4874400.jpg","contentUrl":"https:\/\/dorogimedence.hu\/wp-content\/uploads\/2024\/06\/pexels-cottonbro-4874400.jpg","width":1920,"height":1280},{"@type":"BreadcrumbList","@id":"https:\/\/dorogimedence.hu\/index.php\/2024\/06\/19\/hat-gyereket-csinaltak-de-megfeleloen-ellatni-mar-nem-akartak-oket\/#breadcrumb","itemListElement":[{"@type":"ListItem","position":1,"name":"Kezd\u0151lap","item":"https:\/\/dorogimedence.hu\/"},{"@type":"ListItem","position":2,"name":"Hat gyereket csin\u00e1ltak, de megfelel\u0151en ell\u00e1tni m\u00e1r nem akart\u00e1k \u0151ket"}]},{"@type":"WebSite","@id":"https:\/\/dorogimedence.hu\/#website","url":"https:\/\/dorogimedence.hu\/","name":"Dorogi-medence Region\u00e1lis H\u00edrport\u00e1l","description":"Dorog, Keszt\u00f6lc, Le\u00e1nyv\u00e1r, Piliscs\u00e9v, Tokod, Tokodalt\u00e1r\u00f3, Csolnok, Esztergom-kertv\u00e1ros: h\u00edrek, programok","publisher":{"@id":"https:\/\/dorogimedence.hu\/#organization"},"potentialAction":[{"@type":"SearchAction","target":{"@type":"EntryPoint","urlTemplate":"https:\/\/dorogimedence.hu\/?s={search_term_string}"},"query-input":{"@type":"PropertyValueSpecification","valueRequired":true,"valueName":"search_term_string"}}],"inLanguage":"hu"},{"@type":"Organization","@id":"https:\/\/dorogimedence.hu\/#organization","name":"Dorogi-medence Region\u00e1lis H\u00edrport\u00e1l","url":"https:\/\/dorogimedence.hu\/","logo":{"@type":"ImageObject","inLanguage":"hu","@id":"https:\/\/dorogimedence.hu\/#\/schema\/logo\/image\/","url":"https:\/\/dorogimedence.hu\/wp-content\/uploads\/2021\/04\/logo-feher-600.png","contentUrl":"https:\/\/dorogimedence.hu\/wp-content\/uploads\/2021\/04\/logo-feher-600.png","width":600,"height":100,"caption":"Dorogi-medence Region\u00e1lis H\u00edrport\u00e1l"},"image":{"@id":"https:\/\/dorogimedence.hu\/#\/schema\/logo\/image\/"},"sameAs":["https:\/\/www.facebook.com\/dorogimedence\/"]},{"@type":"Person","@id":"https:\/\/dorogimedence.hu\/#\/schema\/person\/ce6091eeb7e95ecdc87890d6aa8e0fd4","name":"dorogimedence.hu","image":{"@type":"ImageObject","inLanguage":"hu","@id":"\/\/www.gravatar.com\/avatar\/d8d45f8901aadff40a4af72c0b826f1d?s=96&#038;r=g&#038;d=mm","url":"\/\/www.gravatar.com\/avatar\/d8d45f8901aadff40a4af72c0b826f1d?s=96&#038;r=g&#038;d=mm","contentUrl":"\/\/www.gravatar.com\/avatar\/d8d45f8901aadff40a4af72c0b826f1d?s=96&#038;r=g&#038;d=mm","caption":"dorogimedence.hu"}}]}},"_links":{"self":[{"href":"https:\/\/dorogimedence.hu\/index.php\/wp-json\/wp\/v2\/posts\/62905","targetHints":{"allow":["GET"]}}],"collection":[{"href":"https:\/\/dorogimedence.hu\/index.php\/wp-json\/wp\/v2\/posts"}],"about":[{"href":"https:\/\/dorogimedence.hu\/index.php\/wp-json\/wp\/v2\/types\/post"}],"author":[{"embeddable":true,"href":"https:\/\/dorogimedence.hu\/index.php\/wp-json\/wp\/v2\/users\/1"}],"replies":[{"embeddable":true,"href":"https:\/\/dorogimedence.hu\/index.php\/wp-json\/wp\/v2\/comments?post=62905"}],"version-history":[{"count":0,"href":"https:\/\/dorogimedence.hu\/index.php\/wp-json\/wp\/v2\/posts\/62905\/revisions"}],"wp:featuredmedia":[{"embeddable":true,"href":"https:\/\/dorogimedence.hu\/index.php\/wp-json\/wp\/v2\/media\/62906"}],"wp:attachment":[{"href":"https:\/\/dorogimedence.hu\/index.php\/wp-json\/wp\/v2\/media?parent=62905"}],"wp:term":[{"taxonomy":"category","embeddable":true,"href":"https:\/\/dorogimedence.hu\/index.php\/wp-json\/wp\/v2\/categories?post=62905"},{"taxonomy":"post_tag","embeddable":true,"href":"https:\/\/dorogimedence.hu\/index.php\/wp-json\/wp\/v2\/tags?post=62905"}],"curies":[{"name":"wp","href":"https:\/\/api.w.org\/{rel}","templated":true}]}}