{"id":62747,"date":"2024-06-17T08:18:09","date_gmt":"2024-06-17T06:18:09","guid":{"rendered":"https:\/\/dorogimedence.hu\/?p=62747"},"modified":"2024-06-17T09:06:23","modified_gmt":"2024-06-17T07:06:23","slug":"80-eve-tortent-magyar-kupa-elodontot-jatszott-a-dorog-matyas-kiraly-szulovarosaban","status":"publish","type":"post","link":"https:\/\/dorogimedence.hu\/index.php\/2024\/06\/17\/80-eve-tortent-magyar-kupa-elodontot-jatszott-a-dorog-matyas-kiraly-szulovarosaban\/","title":{"rendered":"80 \u00e9ve t\u00f6rt\u00e9nt: Magyar Kupa el\u0151d\u00f6nt\u0151t j\u00e1tszott a Dorog M\u00e1ty\u00e1s kir\u00e1ly sz\u00fcl\u0151v\u00e1ros\u00e1ban"},"content":{"rendered":"<p style=\"text-align: justify;\"><strong>A dorogi csapat m\u00e1r t\u00f6rt\u00e9net\u00e9nek els\u0151 \u00e9vtizedeiben is sz\u00e9p eredm\u00e9nyeket \u00e9rt el k\u00fcl\u00f6nb\u00f6z\u0151 kupa-sorozatokban. Azonban a legrangosabb honi serleg\u00e9rt foly\u00f3 k\u00fczdelmek sor\u00e1n, az 1943\u201344 \u00e9vi sorozatban jutottak a legtov\u00e1bb addigi fenn\u00e1ll\u00e1suk\u00a0 alatt, egyenesen az el\u0151d\u00f6nt\u0151ig, amelyet az orsz\u00e1g akkori egyik legjobb csapat\u00e1val, egyben\u00a0<\/strong><strong>haz\u00e1nk egyik legr\u00e9gebbi alap\u00edt\u00e1s\u00fa egyes\u00fclet\u00e9vel,<\/strong><strong> a Kolozsv\u00e1ri AC ellen v\u00edvtak meg. Az akkori ki\u00edr\u00e1s \u00e9rtelm\u00e9ben sorsol\u00e1ssal d\u0151lt el, hogy melyik f\u00e9l lehessen a p\u00e1lyav\u00e1laszt\u00f3, s a szerencse a k\u00e9t oszt\u00e1llyal feljebb szerepl\u0151 NB I-es erd\u00e9lyi csapatnak kedvezett. \u00cdgy azt\u00e1n 1944 j\u00fanius\u00e1ban a dorogiakra nem csak hatalmas megm\u00e9rettet\u00e9s, de egy igaz\u00e1n kiad\u00f3s utaz\u00e1s is v\u00e1rt (Az itt olvashat\u00f3 bejegyz\u00e9s az 5 \u00e9vvel ezel\u0151tt megjelent cikkem friss\u00edtett, b\u0151v\u00edtett v\u00e1ltozata).<\/strong><\/p>\n<p style=\"text-align: justify;\">Azonban nem csak a gy\u00f6ny\u00f6r\u0171s\u00e9ges t\u00f6rt\u00e9nelmi v\u00e1rosig vezetett roppant hossz\u00fa \u00fat (Dorog \u00e9s Kolozsv\u00e1r k\u00f6z\u00f6tti t\u00e1vols\u00e1g csek\u00e9ly 500 km, amelynek megt\u00e9tele mai k\u00f6zleked\u00e9si viszonyok k\u00f6z\u00f6tt is mintegy 7 \u00f3ra aut\u00f3val), de az el\u0151d\u00f6nt\u0151ig is sz\u00e1mos akad\u00e1lyt kellett sikeresen vennie a dorogi leg\u00e9nys\u00e9gnek. R\u00e1ad\u00e1sul meglehet\u0151sen neh\u00e9z \u00e1gon meneteltek v\u00e9gig a mieink. A legels\u0151 fordul\u00f3ban a bajnoks\u00e1gban is a dorogiakkal azonos csoportban szerepl\u0151, j\u00f3 er\u0151kb\u0151l \u00e1ll\u00f3 \u00fajpesti Werb\u0151czy SE elleni 6\u20130-\u00e1s gy\u0151zelemmel nyitottak.\u00a0\u00a0A 2. fordul\u00f3ban az a Ker\u00e1mia SC\u00a0 volt az ellenfel\u00fck, akik a dorogiakhoz hasonl\u00f3an a harmadoszt\u00e1lyban szerepeltek, de m\u00e1sik csoportban \u00e9s sz\u00e9khely\u00fck a f\u0151v\u00e1ros X. ker\u00fclet\u00e9ben volt. A sorsol\u00e1s alapj\u00e1n a Dorog j\u00e1tszott idegenben, a Ker\u00e1mia otthon\u00e1ban, akik az els\u0151 k\u00f6rben Gy\u00f6mr\u0151n 10\u20131-re nyerve jutottak sikeresen t\u00fal az els\u0151 akad\u00e1lyon. Er\u0151s, j\u00f3l k\u00e9pzett csapatuk volt, akik a k\u00f6vetkez\u0151 \u00e9vadban m\u00e1r a m\u00e1sodoszt\u00e1lyban folytathatt\u00e1k, azonban a dorogiakat ez mit sem zavarta \u00e9s meg\u00e9rdemelten nyertek 3\u20132-re. A harmadik fordul\u00f3ban a nem r\u00e9g m\u00e9g NB I-es Tokodi \u00dcveggy\u00e1r k\u00f6vetkezett, akik m\u00e9g ekkor is egy oszt\u00e1llyal feljebb szerepeltek. Ez\u00fattal hazai p\u00e1ly\u00e1n 5\u20131-es ki\u00fct\u00e9ses veres\u00e9get m\u00e9rtek a szomsz\u00e9dv\u00e1r g\u00e1rd\u00e1j\u00e1ra. A 4. k\u00f6r \u2013 amely a legjobb 16-k\u00f6z\u00e9 jut\u00e1s\u00e9rt folyt m\u00e1r \u2013 a szint\u00e9n p\u00e1r \u00e9ve m\u00e9g az NB I-ben szerepl\u0151 csapatot, a Lampart Fegyvergy\u00e1r egy\u00fcttes\u00e9t hozta, s b\u00e1r hazai k\u00f6rnyezetben ker\u00fclt megrendez\u00e9sre az \u00f6sszecsap\u00e1s, \u00e1m Turai Lajos fejs\u00e9r\u00fcl\u00e9se miatt sok\u00e1ig emberh\u00e1tr\u00e1nyban k\u00e9nyszer\u00fcltek j\u00e1tszani. A szab\u00e1lyok \u00e9rtelm\u00e9ben akkoriban m\u00e9g nem voltak cserelehet\u0151s\u00e9gek, m\u00e9g s\u00e9r\u00fcl\u00e9s eset\u00e9n sem. A dorogiak viszont hatalmas k\u00fczdelemben 3\u20132-re fel\u00fclkerekedtek a m\u00e1sodoszt\u00e1ly\u00fa ellenfel\u00fck\u00f6n. A m\u00e9rk\u0151z\u00e9s hajr\u00e1j\u00e1ra Turai egy terjedelmes fejk\u00f6t\u00e9ssel ell\u00e1tva \u00fajra be\u00e1llt &#8211; erre viszont volt lehet\u0151s\u00e9g &#8211; \u00e9s siker\u00fclt meg\u0151rizni az el\u0151nyt. A legjobb 8-k\u00f6z\u00e9 a kiv\u00e1l\u00f3 V\u00e1c \u00e9rkezett Dorogra \u00e9s b\u00e1nta is, hogy \u00e9ppen vel\u00fcnk ker\u00fcltek \u00f6ssze, mert magabiztos 3\u20130-\u00e1s dorogi gy\u0151zelem sz\u00fcletett. A negyedd\u00f6nt\u0151ben is meglehet\u0151sen kellemetlen ellenf\u00e9l, a Sz\u00e9kesfeh\u00e9rv\u00e1ri M\u00c1V El\u0151re k\u00f6vetkezett, de dorogiak szinte ki\u00fct\u00f6tt\u00e9k j\u00f3nev\u0171 ellenfel\u00fcket a 4 : 0 ar\u00e1ny\u00fa gy\u0151zelmet hoz\u00f3 tal\u00e1lkoz\u00f3n. \u00cdgy alakult v\u00e9g\u00fcl, hogy az el\u0151d\u00f6nt\u0151ben a mieink egy igazi szt\u00e1rcsapattal n\u00e9ztek farkasszemet. S ez nem aff\u00e9le sz\u00f3fordulat, hanem a sz\u00f3 szoros \u00e9rtelm\u00e9ben is vehet\u0151, hiszen a m\u00e9rk\u0151z\u00e9s beharangoz\u00f3 c\u00edm\u00e9nek nyugodtan adhat\u00f3 lett volna a &#8222;<em>Farkasok viadala&#8221;\u00a0<\/em>elnevez\u00e9s. Ugyanis mindk\u00e9t csapatban szerepelt egy Farkas nev\u0171 j\u00e1t\u00e9kos, mi t\u00f6bb, mindkett\u0151 csapata legjobbjai k\u00f6z\u00e9 tartozott. A kolozsv\u00e1ri Farkas Gyula\u00a0 remek t\u00e1mad\u00f3 h\u00edr\u00e9ben \u00e1llt \u00e9s mint majd az l\u00e1that\u00f3 lesz, a meccs f\u0151h\u0151s\u00e9v\u00e9 is v\u00e1lt, m\u00edg a dorogi Farkas Imre a magyar v\u00e1logatott tagjak\u00e9nt r\u00e9szt vett az 1936-os Berlini olimpi\u00e1n. Az olimpi\u00e1t k\u00f6vet\u0151en a Gy\u0151ri ETO igazolta le, ahol 7 \u00e9vet j\u00e1tszott,\u00a0 majd 1943-ban hazat\u00e9rt Dorogra. Az el\u0151d\u00f6nt\u0151 m\u00e1sik \u00e1g\u00e1n pedig a Ferencv\u00e1ros k\u00fczd\u00f6tt meg az \u00dajpest ellen.<\/p>\n<p><img fetchpriority=\"high\" decoding=\"async\" class=\"aligncenter wp-image-62741 size-full\" src=\"https:\/\/dorogimedence.hu\/wp-content\/uploads\/2024\/06\/MKst.jpg\" alt=\"\" width=\"720\" height=\"447\" srcset=\"https:\/\/dorogimedence.hu\/wp-content\/uploads\/2024\/06\/MKst.jpg 720w, https:\/\/dorogimedence.hu\/wp-content\/uploads\/2024\/06\/MKst-600x373.jpg 600w, https:\/\/dorogimedence.hu\/wp-content\/uploads\/2024\/06\/MKst-150x93.jpg 150w, https:\/\/dorogimedence.hu\/wp-content\/uploads\/2024\/06\/MKst-450x279.jpg 450w\" sizes=\"(max-width: 720px) 100vw, 720px\" \/><\/p>\n<p style=\"text-align: center;\"><span style=\"font-size: 10pt;\"><em>Ahol a m\u00e9rk\u0151z\u00e9st j\u00e1tszott\u00e1k (forr\u00e1s: Magyar Futball.hu)<\/em><\/span><\/p>\n<p style=\"text-align: justify;\">B\u00e1r a pap\u00edrforma hazai gy\u0151zelmet prognosztiz\u00e1lt, azonban mindenki \u00f3va intette a kolozsv\u00e1riakat az elbizakod\u00e1st\u00f3l. A Dorognak komoly h\u00edrneve volt m\u00e1r akkoriban \u00e9s a kit\u0171n\u0151 kupa-sorozata is tiszteletet \u00e9rdemelt. Egy biztos, a mieink nem feltartott k\u00e9zzel futottak ki a gyepre 3 ezer n\u00e9z\u0151 el\u0151tt. A m\u00e9rk\u0151z\u00e9s kezdet\u00e9n \u00fcnnep\u00e9lyesen bemutatt\u00e1k a csapatokat, akik vir\u00e1ggal \u00e9s z\u00e1szl\u00f3cser\u00e9vel k\u00f6sz\u00f6nt\u00f6tt\u00e9k egym\u00e1st.<\/p>\n<p><img decoding=\"async\" class=\"aligncenter wp-image-62740 size-medium\" src=\"https:\/\/dorogimedence.hu\/wp-content\/uploads\/2024\/06\/MKKAC-600x588.jpg\" alt=\"\" width=\"600\" height=\"588\" srcset=\"https:\/\/dorogimedence.hu\/wp-content\/uploads\/2024\/06\/MKKAC-600x588.jpg 600w, https:\/\/dorogimedence.hu\/wp-content\/uploads\/2024\/06\/MKKAC-150x147.jpg 150w, https:\/\/dorogimedence.hu\/wp-content\/uploads\/2024\/06\/MKKAC-450x441.jpg 450w, https:\/\/dorogimedence.hu\/wp-content\/uploads\/2024\/06\/MKKAC.jpg 720w\" sizes=\"(max-width: 600px) 100vw, 600px\" \/><\/p>\n<p style=\"text-align: center;\"><span style=\"font-size: 10pt;\"><em>Eml\u00e9k\u00e9rem a Kolozsv\u00e1ri AC c\u00edmer\u00e9vel<\/em> <\/span><\/p>\n<p>A k\u00e9t f\u00e9l a k\u00f6vetkez\u0151 \u00f6ssze\u00e1ll\u00edt\u00e1sban vetette mag\u00e1t a k\u00fczdelmekbe:<\/p>\n<p>KOLOZSV\u00c1RI AC &#8211; <em>M\u00e1rky, Szaniszl\u00f3, Vass, Radnai, P\u00e1ll, Cs\u00e1k\u00e1ny, Farkas, Kov\u00e1cs IV., F\u00fcst\u00f6s, Werb\u0151czi, Boz\u00f3. Vezet\u0151edz\u0151: Opata Zolt\u00e1n.<\/em><\/p>\n<p>DOROGI AC &#8211; <em>Grosics, Dunai, Cserm\u00e1k, Farkas, Pfluger, Seb\u0151k, Meszes, Turai, Tak\u00e1cs, V\u00e1zsonyi I., V\u00e1zsonyi II. Vezet\u0151edz\u0151: M\u00e9zner Istv\u00e1n<\/em>.<\/p>\n<p style=\"text-align: justify;\">A legnagyobb n\u00e9v a felsoroltak k\u00f6z\u00f6tt egy\u00e9rtelm\u0171en Opata Zolt\u00e1n, a hazaiak mestere, a sokszoros v\u00e1logatott labdar\u00fag\u00f3, aki t\u00f6bbek k\u00f6z\u00f6tt a legend\u00e1s Attila FC, az MTK \u00e9s a Hung\u00e1ria j\u00e1t\u00e9kosa is volt. Teljes p\u00e1lyafut\u00e1s\u00e1t a profi els\u0151 oszt\u00e1lyban t\u00f6lt\u00f6tte, majd egy sor NB I-es csapat \u00e9s a magyar v\u00e1logatott vezet\u0151edz\u0151je is volt. A v\u00e9delem tengely\u00e9ben a v\u00e1logatott Szaniszl\u00f3 Zolt\u00e1nt is ott tal\u00e1ljuk az ellenf\u00e9l soraiban. A kolozsv\u00e1riak nagyon j\u00f3 sz\u00e9ri\u00e1ban voltak, r\u00e1ad\u00e1sul a 3. helyen v\u00e9geztek az NB I-ben, pontazonoss\u00e1gban a 2. helyezett Fradival. Csak g\u00f3lar\u00e1nnyal szorultak a f\u0151v\u00e1rosi z\u00f6ld-feh\u00e9rek m\u00f6g\u00e9 \u00fagy, hogy egy g\u00f3llal kevesebbet kaptak n\u00e1luk. Az NB III-ban szerepelt dorogiakra v\u00e1rt m\u00e9g j\u00f3p\u00e1r bajnoki fordul\u00f3, de vezett\u00e9k a tabell\u00e1t. Azonban nem akartak taktik\u00e1zni, hiszen mindk\u00e9t fronton maxim\u00e1lisan helyt k\u00edv\u00e1ntak \u00e1llni. Ennek ellen\u00e9re m\u00e9gsem a leger\u0151sebb \u00f6ssze\u00e1ll\u00edt\u00e1sban \u00e9rkeztek, ugyanis t\u00f6bben is hi\u00e1nyoztak az \u00e1lland\u00f3 legjobbjai k\u00f6z\u00fcl, k\u00fcl\u00f6n\u00f6sen a hihetetlen\u00fcl g\u00f3ler\u0151s Klausz J\u00f3zsef. R\u00e9szben ennek is tudhat\u00f3 be egy ifista \u00fajonc, Tak\u00e1cs bevet\u00e9se egy ilyen nagyt\u00e9t\u0171 m\u00e9rk\u0151z\u00e9sen.<\/p>\n<p><img decoding=\"async\" class=\"aligncenter wp-image-62738 size-full\" src=\"https:\/\/dorogimedence.hu\/wp-content\/uploads\/2024\/06\/MKcsap.jpg\" alt=\"\" width=\"692\" height=\"186\" srcset=\"https:\/\/dorogimedence.hu\/wp-content\/uploads\/2024\/06\/MKcsap.jpg 692w, https:\/\/dorogimedence.hu\/wp-content\/uploads\/2024\/06\/MKcsap-600x161.jpg 600w, https:\/\/dorogimedence.hu\/wp-content\/uploads\/2024\/06\/MKcsap-150x40.jpg 150w, https:\/\/dorogimedence.hu\/wp-content\/uploads\/2024\/06\/MKcsap-450x121.jpg 450w\" sizes=\"(max-width: 692px) 100vw, 692px\" \/><\/p>\n<p style=\"text-align: center;\"><span style=\"font-size: 10pt;\"><em>Balra: a Kolozsv\u00e1ri AC csapata, jobbra pedig a dorogi csapat<\/em><\/span><\/p>\n<p style=\"text-align: justify;\">A m\u00e9rk\u0151z\u00e9st nagy iramban kezdt\u00e9k a hazaiak, akik nem csak hamar d\u0171l\u0151re k\u00edv\u00e1nt\u00e1k vinni a tov\u00e1bbjut\u00e1st, de meg is akart\u00e1k mutatni, ki az \u00far a h\u00e1zn\u00e1l. Taktik\u00e1juk l\u00e1tsz\u00f3lag bev\u00e1lt \u00e9s a nagy nyom\u00e1suk a 16. pecben g\u00f3ll\u00e1 \u00e9rett. Kov\u00e1cs \u00e1tad\u00e1s\u00e1b\u00f3l Farkas tal\u00e1lt Grosics kapuj\u00e1ba, igaz, les \u00e1ll\u00e1sb\u00f3l. M\u00edg ezt vitatt\u00e1k \u00e9s reklam\u00e1lt\u00e1k a dorogiak, m\u00e1ris \u00fajabb Farkas g\u00f3l z\u00f6rgette meg h\u00e1l\u00f3t. A g\u00f3l\u00e9rz\u00e9keny hazai t\u00e1mad\u00f3 l\u00f6v\u00e9se a kapuf\u00e1r\u00f3l v\u00e1g\u00f3dott a kapuba. A kor\u00e1n szerzett k\u00e9tg\u00f3los h\u00e1tr\u00e1ny, amely r\u00e1ad\u00e1sul szerencs\u00e9tlen k\u00f6r\u00fclm\u00e9nyek k\u00f6z\u00f6tt sz\u00fcletett, nem t\u00f6rte le a dorogiakat \u00e9s a f\u00e9lid\u0151 h\u00e1tral\u00e9v\u0151 r\u00e9sz\u00e9ben kiegyenl\u00edtett j\u00e1t\u00e9k folyt. A mieink szervezetten \u00e9s fegyelmezetten, higadts\u00e1gukat meg\u0151rizve j\u00e1tszottak, s v\u00e9g\u00fcl 2\u20130-\u00e1s \u00e1ll\u00e1ssal fordultak a csapatok.<\/p>\n<p><img loading=\"lazy\" decoding=\"async\" class=\"aligncenter wp-image-62751 \" src=\"https:\/\/dorogimedence.hu\/wp-content\/uploads\/2024\/06\/KOLFar-540x600.jpg\" alt=\"\" width=\"598\" height=\"664\" srcset=\"https:\/\/dorogimedence.hu\/wp-content\/uploads\/2024\/06\/KOLFar-540x600.jpg 540w, https:\/\/dorogimedence.hu\/wp-content\/uploads\/2024\/06\/KOLFar-768x853.jpg 768w, https:\/\/dorogimedence.hu\/wp-content\/uploads\/2024\/06\/KOLFar-150x167.jpg 150w, https:\/\/dorogimedence.hu\/wp-content\/uploads\/2024\/06\/KOLFar-450x500.jpg 450w, https:\/\/dorogimedence.hu\/wp-content\/uploads\/2024\/06\/KOLFar.jpg 811w\" sizes=\"(max-width: 598px) 100vw, 598px\" \/><\/p>\n<p style=\"text-align: center;\"><span style=\"font-size: 10pt;\"><em>A kit\u0171n\u0151 kolozsv\u00e1ri Farkas akci\u00f3ban (K\u00e9pes Sport)<\/em><\/span><\/p>\n<p style=\"text-align: justify;\">A m\u00e1sodik j\u00e1t\u00e9kr\u00e9sz k\u00f6zep\u00e9ig sem a j\u00e1t\u00e9k k\u00e9pe, sem az eredm\u00e9ny nem v\u00e1ltozott, ekkor azonban a hazaiak 11-est kaptak, amit Farkas \u00e9rt\u00e9kes\u00edtett, egyben mesterh\u00e1rmast szerzett. Innent\u0151l fogva sokan csak a g\u00f3lar\u00e1ny m\u00e9rt\u00e9k\u00e9t tartott\u00e1k k\u00e9rd\u00e9sesnek \u00e9s biztosra vett\u00e9k, hogy a kiv\u00e1l\u00f3 er\u0151kb\u0151l \u00e1ll\u00f3, magabiztosan vezet\u0151 KAC lemossa a csal\u00f3dott dorogiakat. Azonban gy\u00f6keres fordulatot vettek az esem\u00e9nyek \u00e9s a mieink egyre nagyobb f\u00f6l\u00e9nybe ker\u00fcltek, mik\u00f6zben Turai sz\u00e9p\u00edtett, majd a fokoz\u00f3d\u00f3 dorogi rohamok mellett a hazaiak kapkodni kezdtek. Nem csak leveg\u0151ben l\u00f3gott az \u00fajabb vend\u00e9g g\u00f3l, de V\u00e1zsonyi I. remek \u00e1tad\u00e1s\u00e1t k\u00f6vet\u0151en, \u00fajfent Turai l\u00e9v\u00e9n siker\u00fclt 3\u20132-re felj\u00f6nni\u00fck. Szorongatott a Dorog, mik\u00f6zben a hazaiak kezdtek sz\u00e9tesni, de \u00fagy t\u0171nt, hogy a szerencse mell\u00e9j\u00fck \u00e1ll, mert a semmib\u0151l egyszercsak megint 11-est kapnak, \u00e1m Grosics brav\u00farral h\u00e1r\u00edtott. Az izgalmak ha lehet m\u00e9gink\u00e1bb fokoz\u00f3dtak. A j\u00e1t\u00e9k hev\u00e9ben \u00e9s a morajl\u00f3 t\u00f6meg \u00e1ltal gerjesztett k\u00f6zegben a dorogiak les \u00e1ll\u00e1s miatt jelezni v\u00e9lt\u00e9k a b\u00edr\u00f3t \u00e9s le\u00e1lltak, viszont a Farkast\u00f3l kapott labd\u00e1t Boz\u00f3 a kapunkba helyezte. A j\u00e1t\u00e9kvezet\u0151 megadta a furcsa k\u00f6r\u00fclm\u00e9nyek k\u00f6z\u00f6tt sz\u00fcletett g\u00f3lt, de m\u00e9g mindig nem volt v\u00e9ge az izgalmaknak, mert hamarosan Pfluger bomb\u00e1zott a hazaiak kapuj\u00e1ba \u00e9s \u00fajra minim\u00e1lisra olvadt a vend\u00e9gl\u00e1t\u00f3k el\u0151nye. \u00c9rett az egyenl\u00edt\u00e9s, k\u00f6zben egym\u00e1s ut\u00e1n k\u00e9t g\u00f3lbatart\u00f3 l\u00f6v\u00e9s is z\u00e1porozott a dorogi kapura, \u00e1m mindk\u00e9tszer Grosics par\u00e1d\u00e9zott. V\u00e9g\u00fcl ilyen pattan\u00e1sig fesz\u00fclt, ki\u00e9lezett helyzetben \u00e9rt v\u00e9get a tal\u00e1lkoz\u00f3, a hazaiak legnagyobb megk\u00f6nnyebb\u00fcl\u00e9s\u00e9re. A dorogiak elismer\u00e9st \u00e9s tiszteletet v\u00e1ltottak ki \u00e9s bizony nem sokon m\u00falott egy vaskosabb meglepet\u00e9s, mert tegy\u00fck hozz\u00e1, bizony ez a 4 : 3 is meglepet\u00e9s, a hazaiaknak pedig kifejezetten kellemetlen percekben volt r\u00e9sz\u00fck. B\u00e1r tud\u00e1sukat \u00e9s j\u00e1t\u00e9kukat nem lehetett k\u00e9ts\u00e9gbe vonni, vagy leh\u00fazni sincs sz\u00e1nd\u00e9k\u00e1ban senkinek, az\u00e9rt \u00e1gr\u00f3l-v\u00e9gr\u0151l mind a n\u00e9gy hazai g\u00f3l igencsak szerencs\u00e9s k\u00f6r\u00fclm\u00e9nyek k\u00f6z\u00f6tt esett. A mieink nagyon belej\u00f6ttek a v\u00e9g\u00e9re \u00e9s alaposan megszorongatt\u00e1k neves ellenfel\u00fcket, akikkel teljesen partiban tudtak lenni. Azt m\u00e1r ne is ecsetelj\u00fck, mi lett volna, ha t\u00f6rt\u00e9netesen Dorogon rendezik a meccset, esetleg a g\u00f3lzs\u00e1k Klausz is j\u00e1tszik. A futball sem szereti a felt\u00e9teles m\u00f3dot \u00e9s magam sem k\u00edv\u00e1nok ezen t\u0171n\u0151dni nyolc \u00e9vtized t\u00e1vlat\u00e1b\u00f3l. Annak viszont felt\u00e9tlen \u00f6r\u00fclni lehet, amit a csapatunk ott \u00e9s akkor el\u00e9rt. Emelt f\u0151vel fejezte be a kupa-szerepl\u00e9s\u00e9t \u00e9s az ut\u00f3kor igaz\u00e1n b\u00fcszke lehet r\u00e1juk.<\/p>\n<p style=\"text-align: center;\"><strong><em>KOLOZSV\u00c1R <\/em><\/strong><strong><em>\u2013\u00a0<\/em><\/strong><strong><em>DOROG 4 : 3 (2 : 0)<\/em><\/strong><\/p>\n<p style=\"text-align: center;\"><strong><em>G\u00f3lszerz\u0151k: Farkas (3), Boz\u00f3, illetve Turai (2), Pfluger.<\/em><\/strong><\/p>\n<p style=\"text-align: center;\"><strong><em>Kolozsv\u00e1r: 3000 n\u00e9z\u0151.<\/em><\/strong><\/p>\n<p><img loading=\"lazy\" decoding=\"async\" class=\"aligncenter wp-image-62739 size-medium\" src=\"https:\/\/dorogimedence.hu\/wp-content\/uploads\/2024\/06\/MKER-600x600.jpg\" alt=\"\" width=\"600\" height=\"600\" srcset=\"https:\/\/dorogimedence.hu\/wp-content\/uploads\/2024\/06\/MKER-600x600.jpg 600w, https:\/\/dorogimedence.hu\/wp-content\/uploads\/2024\/06\/MKER-300x300.jpg 300w, https:\/\/dorogimedence.hu\/wp-content\/uploads\/2024\/06\/MKER-150x150.jpg 150w, https:\/\/dorogimedence.hu\/wp-content\/uploads\/2024\/06\/MKER-450x450.jpg 450w, https:\/\/dorogimedence.hu\/wp-content\/uploads\/2024\/06\/MKER.jpg 648w\" sizes=\"(max-width: 600px) 100vw, 600px\" \/><\/p>\n<p style=\"text-align: center;\"><span style=\"font-size: 10pt;\"><em>A Magyar Kupa \u00e9rme<\/em><\/span><\/p>\n<p style=\"text-align: justify;\">M\u00e9zner edz\u0151 meccs ut\u00e1ni\u00a0nyilatkozata nem csak t\u00e1rgyilagos, de utols\u00f3 sora \u00f6r\u00f6k \u00e9rv\u00e9ny\u0171 \u00e9s megsz\u00edvlelend\u0151: &#8222;<em>Teljesen meg vagyok el\u00e9gedve a csapat j\u00e1t\u00e9k\u00e1val. A fi\u00fak mindent megtettek a gy\u0151zelem\u00e9rt, m\u00e9g a kis Tak\u00e1cs is, aki el\u0151sz\u00f6r j\u00e1tszott az els\u0151 csapatban, <strong>mert mi sohasem csal\u00f3dunk a fiatal ifist\u00e1inkban&#8221;<\/strong><\/em>\u00a0(kiemel\u00e9s t\u0151lem). A szakv\u00e9lem\u00e9nyek \u00e9s a sport\u00fajs\u00e1g alapj\u00e1n is a kolozsv\u00e1ri Farkas volt csapata, egyben a mez\u0151ny legjobbja. Mondhatni, n\u00e9lk\u00fcle neh\u00e9z lett volna a Kolozsv\u00e1r helyzete. \u00c9rdekes m\u00f3don ink\u00e1bb a dorogi j\u00e1t\u00e9kosok kaptak t\u00f6bb d\u00edcs\u00e9retet, k\u00fcl\u00f6n kiemelten Grosics \u00e9s Turai, de a j\u00f3k k\u00f6z\u00f6tt kapott helyet a dorogi Farkas is, valamint Cserm\u00e1k \u00e9s az \u00fajonc Tak\u00e1cs. A hazaiakn\u00e1l Farkas mellett m\u00e9g Szaniszl\u00f3 es Radnai j\u00e1t\u00e9k\u00e1t emelt\u00e9k ki, \u00e1m valahol ez is a mieink d\u00edcs\u00e9rete, ugyanis mindketten v\u00e9d\u0151j\u00e1t\u00e9kosok voltak.<\/p>\n<p style=\"text-align: justify;\">A d\u00f6nt\u0151t a Ferencv\u00e1rossal v\u00edvta a Kolozsv\u00e1r \u00e9s az eredm\u00e9ny tudat\u00e1ban \u00e9rt\u00e9kelhetj\u00fck m\u00e9g ink\u00e1bb a dorogiak teljes\u00edtm\u00e9ny\u00e9t. A d\u00f6nt\u0151t j\u00fanius 25-\u00e9n a f\u0151v\u00e1rosban, az MTK stadionj\u00e1ban 28 ezer n\u00e9z\u0151 el\u0151tt j\u00e1tszott\u00e1k, \u00e1m nem b\u00edrtak egym\u00e1ssal a felek \u00e9s v\u00e9g\u00fcl 2\u20132-es d\u00f6ntetlennel z\u00e1rtak. A szab\u00e1lyok \u00e9rtelm\u00e9ben \u00fajra kellett j\u00e1tszani a d\u00f6nt\u0151t \u00e9s ez\u00fattal Kolozsv\u00e1ron. J\u00falius 2-\u00e9n t\u00edzezer n\u00e9z\u0151 el\u0151tt v\u00e9g\u00fcl az FTC nyert 3\u20131-re \u00e9s h\u00f3d\u00edtotta el a kup\u00e1t.<\/p>\n<p><img loading=\"lazy\" decoding=\"async\" class=\"aligncenter wp-image-62750 size-full\" src=\"https:\/\/dorogimedence.hu\/wp-content\/uploads\/2024\/06\/KKOL.jpg\" alt=\"\" width=\"1062\" height=\"688\" srcset=\"https:\/\/dorogimedence.hu\/wp-content\/uploads\/2024\/06\/KKOL.jpg 1062w, https:\/\/dorogimedence.hu\/wp-content\/uploads\/2024\/06\/KKOL-600x389.jpg 600w, https:\/\/dorogimedence.hu\/wp-content\/uploads\/2024\/06\/KKOL-768x498.jpg 768w, https:\/\/dorogimedence.hu\/wp-content\/uploads\/2024\/06\/KKOL-150x97.jpg 150w, https:\/\/dorogimedence.hu\/wp-content\/uploads\/2024\/06\/KKOL-450x292.jpg 450w\" sizes=\"(max-width: 1062px) 100vw, 1062px\" \/><\/p>\n<p style=\"text-align: center;\"><span style=\"font-size: 10pt;\"><em>Kincses Kolozsv\u00e1r, a mesesz\u00e9p v\u00e1ros az 1940-es \u00e9vekben (forr\u00e1s: R\u00e9gi K\u00e9pek &#8211; x.com online)<\/em><\/span><\/p>\n<p style=\"text-align: justify;\">Mindez az eml\u00e9kezetes esem\u00e9nysor a II. vil\u00e1gh\u00e1bor\u00fa idej\u00e9n zajlott, n\u00e9h\u00e1ny h\u00e9ttel a Normandiai partrasz\u00e1ll\u00e1st k\u00f6vet\u0151en. A megny\u00edlt nyugati front pedig felgyors\u00edtotta az esem\u00e9nyeket, megr\u00f6vid\u00edtve a h\u00e1bor\u00fat \u00e9s el\u0151re vet\u00edtette annak kimenetel\u00e9t. Mindezzel p\u00e1rhuzamban Magyarorsz\u00e1g a Sz\u00f6vets\u00e9gesek \u00e1ltali bomb\u00e1z\u00e1sa szinte \u00e1lland\u00f3v\u00e1 v\u00e1lt. M\u00e1rcsak ez\u00e9rt sem sz\u00e1m\u00edtott vesz\u00e9ly- \u00e9s izgalommentesnek egy ekkora \u00fat megt\u00e9tele a dorogiak sz\u00e1m\u00e1ra. J\u00fanius 2-\u00e1n \u00e9ppen Kolozsv\u00e1rt \u00e9rt jelent\u0151s m\u00e9ret\u0171 bombat\u00e1mad\u00e1s, j\u00fanius 14-\u00e9n pedig Dorog l\u00e9gter\u00e9ben is felt\u00fcnt az a hatalamas m\u00e9ret\u0171 bomb\u00e1z\u00f3k\u00f6tel\u00e9k, amelynek f\u0151 csap\u00e1sa Budapest ellen ir\u00e1nyult, valamint Sz\u0151ny \u00e9s Kecskem\u00e9t vonal\u00e1ban t\u00f6bb c\u00e9lpontra is kiterjedt. Sz\u0171k egy \u00e9vvel k\u00e9s\u0151bb Kolozsv\u00e1rt adminisztrat\u00edv d\u00f6nt\u00e9sek sor\u00e1n, 1920 ut\u00e1n ism\u00e9t idegen orsz\u00e1gba tagozt\u00e1k be. Azonban az\u00f3ta is az egykori kolozsv\u00e1ri klub FC CFR 1907 Cluj n\u00e9ven a rom\u00e1n bajnoks\u00e1g \u00e9lcsapatai k\u00f6z\u00f6tt szerepel. A dorogiak ellen p\u00e1ly\u00e1ra l\u00e9pett j\u00e1t\u00e9kosok k\u00f6z\u00fcl \u00f6ten is az elcsatol\u00e1st k\u00f6vet\u0151en rom\u00e1n v\u00e1logatottak lettek, mint a f\u0151h\u0151s Farkas Gyula, vagy a magyar v\u00e1logatottban is szerepelt \u00e9s fentebb eml\u00edtett Szaniszl\u00f3 Zolt\u00e1n, tov\u00e1bb\u00e1 a kapus M\u00e1rky S\u00e1ndor, P\u00e1ll B\u00e9la \u00e9s Vass M\u00f3zes. Azonban ki gondolta volna akkor, ott 1944 kora nyar\u00e1n, hogy ennyi kiv\u00e1l\u00f3 klasszis k\u00f6z\u00fcl is majd \u00e9ppen a dorogiak kapusa, az akkor 18 \u00e9ves\u00a0\u00a0Grosics Gyula fog a lemagasabbra emelkedni \u00e9s val\u00f3di vil\u00e1gszt\u00e1rr\u00e1 v\u00e1lni?! Tov\u00e1bbi \u00e9rdekess\u00e9g, hogy a legk\u00f6zelebbi kupa-sorozat alkalm\u00e1n a dorogiak \u00fajra el\u0151d\u00f6nt\u0151t j\u00e1tszottak, de akkor sikerrel vett\u00e9k \u00e9s bejutottak a d\u00f6nt\u0151be. Igaz, k\u00f6zte eltelt k\u00f6zel nyolc esztend\u0151, mivel a h\u00e1bor\u00fa utols\u00f3 \u00e9v\u00e9ben \u00e1tmenetileg felf\u00fcggesztett\u00e9k a kupak\u00fczdelmeket \u00e9s majd csak 1951-ben folytat\u00f3dtak \u00fajra.<\/p>\n<p><span style=\"text-decoration: underline;\">Bor\u00edt\u00f3k\u00e9p<\/span>: A k\u00e9t egyes\u00fclet c\u00edmere a Magyar Kupa \u00e9rem h\u00e1toldal\u00e1nak egy r\u00e9szlet\u00e9vel<\/p>\n<p><em><strong>Szab\u00f3 Gyula<\/strong><\/em><\/p>\n","protected":false},"excerpt":{"rendered":"<p>A dorogi csapat m\u00e1r t\u00f6rt\u00e9net\u00e9nek els\u0151 \u00e9vtizedeiben is sz\u00e9p eredm\u00e9nyeket \u00e9rt el k\u00fcl\u00f6nb\u00f6z\u0151 kupa-sorozatokban. Azonban a legrangosabb honi serleg\u00e9rt foly\u00f3 k\u00fczdelmek sor\u00e1n, az 1943\u201344 \u00e9vi sorozatban jutottak a legtov\u00e1bb addigi fenn\u00e1ll\u00e1suk\u00a0 alatt, egyenesen az el\u0151d\u00f6nt\u0151ig, amelyet az orsz\u00e1g akkori egyik legjobb csapat\u00e1val, egyben\u00a0haz\u00e1nk egyik legr\u00e9gebbi alap\u00edt\u00e1s\u00fa egyes\u00fclet\u00e9vel, a Kolozsv\u00e1ri AC ellen v\u00edvtak meg. Az akkori<\/p>\n","protected":false},"author":4,"featured_media":62737,"comment_status":"closed","ping_status":"closed","sticky":false,"template":"","format":"standard","meta":{"ngg_post_thumbnail":0,"footnotes":""},"categories":[2,3,6031,5],"tags":[15,4037,5006,37,70,69,3997,72],"class_list":{"0":"post-62747","1":"post","2":"type-post","3":"status-publish","4":"format-standard","5":"has-post-thumbnail","7":"category-dorog","8":"category-hirek","9":"category-kerek-evfordulok","10":"category-sport","11":"tag-dorog","12":"tag-dorogi-ac","13":"tag-dorogi-banyasz","14":"tag-dorogi-fc","15":"tag-foci","16":"tag-futball","17":"tag-kolozsvar","18":"tag-labdarugas"},"yoast_head":"<!-- This site is optimized with the Yoast SEO plugin v27.5 - https:\/\/yoast.com\/product\/yoast-seo-wordpress\/ -->\n<title>80 \u00e9ve t\u00f6rt\u00e9nt: Magyar Kupa el\u0151d\u00f6nt\u0151t j\u00e1tszott a Dorog M\u00e1ty\u00e1s kir\u00e1ly sz\u00fcl\u0151v\u00e1ros\u00e1ban<\/title>\n<meta name=\"robots\" content=\"index, follow, max-snippet:-1, max-image-preview:large, max-video-preview:-1\" \/>\n<link rel=\"canonical\" href=\"https:\/\/dorogimedence.hu\/index.php\/2024\/06\/17\/80-eve-tortent-magyar-kupa-elodontot-jatszott-a-dorog-matyas-kiraly-szulovarosaban\/\" class=\"yoast-seo-meta-tag\" \/>\n<meta property=\"og:locale\" content=\"hu_HU\" class=\"yoast-seo-meta-tag\" \/>\n<meta property=\"og:type\" content=\"article\" class=\"yoast-seo-meta-tag\" \/>\n<meta property=\"og:title\" content=\"80 \u00e9ve t\u00f6rt\u00e9nt: Magyar Kupa el\u0151d\u00f6nt\u0151t j\u00e1tszott a Dorog M\u00e1ty\u00e1s kir\u00e1ly sz\u00fcl\u0151v\u00e1ros\u00e1ban\" class=\"yoast-seo-meta-tag\" \/>\n<meta property=\"og:description\" content=\"A dorogi csapat m\u00e1r t\u00f6rt\u00e9net\u00e9nek els\u0151 \u00e9vtizedeiben is sz\u00e9p eredm\u00e9nyeket \u00e9rt el k\u00fcl\u00f6nb\u00f6z\u0151 kupa-sorozatokban. Azonban a legrangosabb honi serleg\u00e9rt foly\u00f3 k\u00fczdelmek sor\u00e1n, az 1943\u201344 \u00e9vi sorozatban jutottak a legtov\u00e1bb addigi fenn\u00e1ll\u00e1suk\u00a0 alatt, egyenesen az el\u0151d\u00f6nt\u0151ig, amelyet az orsz\u00e1g akkori egyik legjobb csapat\u00e1val, egyben\u00a0haz\u00e1nk egyik legr\u00e9gebbi alap\u00edt\u00e1s\u00fa egyes\u00fclet\u00e9vel, a Kolozsv\u00e1ri AC ellen v\u00edvtak meg. Az akkori\" class=\"yoast-seo-meta-tag\" \/>\n<meta property=\"og:url\" content=\"https:\/\/dorogimedence.hu\/index.php\/2024\/06\/17\/80-eve-tortent-magyar-kupa-elodontot-jatszott-a-dorog-matyas-kiraly-szulovarosaban\/\" class=\"yoast-seo-meta-tag\" \/>\n<meta property=\"og:site_name\" content=\"Dorogi-medence Region\u00e1lis H\u00edrport\u00e1l\" class=\"yoast-seo-meta-tag\" \/>\n<meta property=\"article:publisher\" content=\"https:\/\/www.facebook.com\/dorogimedence\/\" class=\"yoast-seo-meta-tag\" \/>\n<meta property=\"article:published_time\" content=\"2024-06-17T06:18:09+00:00\" class=\"yoast-seo-meta-tag\" \/>\n<meta property=\"article:modified_time\" content=\"2024-06-17T07:06:23+00:00\" class=\"yoast-seo-meta-tag\" \/>\n<meta property=\"og:image\" content=\"https:\/\/dorogimedence.hu\/wp-content\/uploads\/2024\/06\/MKbor.jpg\" class=\"yoast-seo-meta-tag\" \/>\n\t<meta property=\"og:image:width\" content=\"766\" class=\"yoast-seo-meta-tag\" \/>\n\t<meta property=\"og:image:height\" content=\"461\" class=\"yoast-seo-meta-tag\" \/>\n\t<meta property=\"og:image:type\" content=\"image\/jpeg\" class=\"yoast-seo-meta-tag\" \/>\n<meta name=\"author\" content=\"Szab\u00f3 Gyula\" class=\"yoast-seo-meta-tag\" \/>\n<meta name=\"twitter:card\" content=\"summary_large_image\" class=\"yoast-seo-meta-tag\" \/>\n<meta name=\"twitter:label1\" content=\"Szerz\u0151:\" class=\"yoast-seo-meta-tag\" \/>\n\t<meta name=\"twitter:data1\" content=\"Szab\u00f3 Gyula\" class=\"yoast-seo-meta-tag\" \/>\n\t<meta name=\"twitter:label2\" content=\"Becs\u00fclt olvas\u00e1si id\u0151\" class=\"yoast-seo-meta-tag\" \/>\n\t<meta name=\"twitter:data2\" content=\"13 perc\" class=\"yoast-seo-meta-tag\" \/>\n<script type=\"application\/ld+json\" class=\"yoast-schema-graph\">{\"@context\":\"https:\\\/\\\/schema.org\",\"@graph\":[{\"@type\":\"Article\",\"@id\":\"https:\\\/\\\/dorogimedence.hu\\\/index.php\\\/2024\\\/06\\\/17\\\/80-eve-tortent-magyar-kupa-elodontot-jatszott-a-dorog-matyas-kiraly-szulovarosaban\\\/#article\",\"isPartOf\":{\"@id\":\"https:\\\/\\\/dorogimedence.hu\\\/index.php\\\/2024\\\/06\\\/17\\\/80-eve-tortent-magyar-kupa-elodontot-jatszott-a-dorog-matyas-kiraly-szulovarosaban\\\/\"},\"author\":{\"name\":\"Szab\u00f3 Gyula\",\"@id\":\"https:\\\/\\\/dorogimedence.hu\\\/#\\\/schema\\\/person\\\/76605e8151ec1b7376385cd184ede973\"},\"headline\":\"80 \u00e9ve t\u00f6rt\u00e9nt: Magyar Kupa el\u0151d\u00f6nt\u0151t j\u00e1tszott a Dorog M\u00e1ty\u00e1s kir\u00e1ly sz\u00fcl\u0151v\u00e1ros\u00e1ban\",\"datePublished\":\"2024-06-17T06:18:09+00:00\",\"dateModified\":\"2024-06-17T07:06:23+00:00\",\"mainEntityOfPage\":{\"@id\":\"https:\\\/\\\/dorogimedence.hu\\\/index.php\\\/2024\\\/06\\\/17\\\/80-eve-tortent-magyar-kupa-elodontot-jatszott-a-dorog-matyas-kiraly-szulovarosaban\\\/\"},\"wordCount\":2704,\"publisher\":{\"@id\":\"https:\\\/\\\/dorogimedence.hu\\\/#organization\"},\"image\":{\"@id\":\"https:\\\/\\\/dorogimedence.hu\\\/index.php\\\/2024\\\/06\\\/17\\\/80-eve-tortent-magyar-kupa-elodontot-jatszott-a-dorog-matyas-kiraly-szulovarosaban\\\/#primaryimage\"},\"thumbnailUrl\":\"https:\\\/\\\/dorogimedence.hu\\\/wp-content\\\/uploads\\\/2024\\\/06\\\/MKbor.jpg\",\"keywords\":[\"Dorog\",\"Dorogi AC\",\"Dorogi B\u00e1ny\u00e1sz\",\"Dorogi FC\",\"foci\",\"futball\",\"Kolozsv\u00e1r\",\"labdar\u00fag\u00e1s\"],\"articleSection\":[\"Dorog\",\"H\u00edrek\",\"Kerek \u00e9vfordul\u00f3k\",\"Sport\"],\"inLanguage\":\"hu\"},{\"@type\":\"WebPage\",\"@id\":\"https:\\\/\\\/dorogimedence.hu\\\/index.php\\\/2024\\\/06\\\/17\\\/80-eve-tortent-magyar-kupa-elodontot-jatszott-a-dorog-matyas-kiraly-szulovarosaban\\\/\",\"url\":\"https:\\\/\\\/dorogimedence.hu\\\/index.php\\\/2024\\\/06\\\/17\\\/80-eve-tortent-magyar-kupa-elodontot-jatszott-a-dorog-matyas-kiraly-szulovarosaban\\\/\",\"name\":\"80 \u00e9ve t\u00f6rt\u00e9nt: Magyar Kupa el\u0151d\u00f6nt\u0151t j\u00e1tszott a Dorog M\u00e1ty\u00e1s kir\u00e1ly sz\u00fcl\u0151v\u00e1ros\u00e1ban\",\"isPartOf\":{\"@id\":\"https:\\\/\\\/dorogimedence.hu\\\/#website\"},\"primaryImageOfPage\":{\"@id\":\"https:\\\/\\\/dorogimedence.hu\\\/index.php\\\/2024\\\/06\\\/17\\\/80-eve-tortent-magyar-kupa-elodontot-jatszott-a-dorog-matyas-kiraly-szulovarosaban\\\/#primaryimage\"},\"image\":{\"@id\":\"https:\\\/\\\/dorogimedence.hu\\\/index.php\\\/2024\\\/06\\\/17\\\/80-eve-tortent-magyar-kupa-elodontot-jatszott-a-dorog-matyas-kiraly-szulovarosaban\\\/#primaryimage\"},\"thumbnailUrl\":\"https:\\\/\\\/dorogimedence.hu\\\/wp-content\\\/uploads\\\/2024\\\/06\\\/MKbor.jpg\",\"datePublished\":\"2024-06-17T06:18:09+00:00\",\"dateModified\":\"2024-06-17T07:06:23+00:00\",\"breadcrumb\":{\"@id\":\"https:\\\/\\\/dorogimedence.hu\\\/index.php\\\/2024\\\/06\\\/17\\\/80-eve-tortent-magyar-kupa-elodontot-jatszott-a-dorog-matyas-kiraly-szulovarosaban\\\/#breadcrumb\"},\"inLanguage\":\"hu\",\"potentialAction\":[{\"@type\":\"ReadAction\",\"target\":[\"https:\\\/\\\/dorogimedence.hu\\\/index.php\\\/2024\\\/06\\\/17\\\/80-eve-tortent-magyar-kupa-elodontot-jatszott-a-dorog-matyas-kiraly-szulovarosaban\\\/\"]}]},{\"@type\":\"ImageObject\",\"inLanguage\":\"hu\",\"@id\":\"https:\\\/\\\/dorogimedence.hu\\\/index.php\\\/2024\\\/06\\\/17\\\/80-eve-tortent-magyar-kupa-elodontot-jatszott-a-dorog-matyas-kiraly-szulovarosaban\\\/#primaryimage\",\"url\":\"https:\\\/\\\/dorogimedence.hu\\\/wp-content\\\/uploads\\\/2024\\\/06\\\/MKbor.jpg\",\"contentUrl\":\"https:\\\/\\\/dorogimedence.hu\\\/wp-content\\\/uploads\\\/2024\\\/06\\\/MKbor.jpg\",\"width\":766,\"height\":461},{\"@type\":\"BreadcrumbList\",\"@id\":\"https:\\\/\\\/dorogimedence.hu\\\/index.php\\\/2024\\\/06\\\/17\\\/80-eve-tortent-magyar-kupa-elodontot-jatszott-a-dorog-matyas-kiraly-szulovarosaban\\\/#breadcrumb\",\"itemListElement\":[{\"@type\":\"ListItem\",\"position\":1,\"name\":\"Kezd\u0151lap\",\"item\":\"https:\\\/\\\/dorogimedence.hu\\\/\"},{\"@type\":\"ListItem\",\"position\":2,\"name\":\"80 \u00e9ve t\u00f6rt\u00e9nt: Magyar Kupa el\u0151d\u00f6nt\u0151t j\u00e1tszott a Dorog M\u00e1ty\u00e1s kir\u00e1ly sz\u00fcl\u0151v\u00e1ros\u00e1ban\"}]},{\"@type\":\"WebSite\",\"@id\":\"https:\\\/\\\/dorogimedence.hu\\\/#website\",\"url\":\"https:\\\/\\\/dorogimedence.hu\\\/\",\"name\":\"Dorogi-medence Region\u00e1lis H\u00edrport\u00e1l\",\"description\":\"Dorog, Keszt\u00f6lc, Le\u00e1nyv\u00e1r, Piliscs\u00e9v, Tokod, Tokodalt\u00e1r\u00f3, Csolnok, Esztergom-kertv\u00e1ros: h\u00edrek, programok\",\"publisher\":{\"@id\":\"https:\\\/\\\/dorogimedence.hu\\\/#organization\"},\"potentialAction\":[{\"@type\":\"SearchAction\",\"target\":{\"@type\":\"EntryPoint\",\"urlTemplate\":\"https:\\\/\\\/dorogimedence.hu\\\/?s={search_term_string}\"},\"query-input\":{\"@type\":\"PropertyValueSpecification\",\"valueRequired\":true,\"valueName\":\"search_term_string\"}}],\"inLanguage\":\"hu\"},{\"@type\":\"Organization\",\"@id\":\"https:\\\/\\\/dorogimedence.hu\\\/#organization\",\"name\":\"Dorogi-medence Region\u00e1lis H\u00edrport\u00e1l\",\"url\":\"https:\\\/\\\/dorogimedence.hu\\\/\",\"logo\":{\"@type\":\"ImageObject\",\"inLanguage\":\"hu\",\"@id\":\"https:\\\/\\\/dorogimedence.hu\\\/#\\\/schema\\\/logo\\\/image\\\/\",\"url\":\"https:\\\/\\\/dorogimedence.hu\\\/wp-content\\\/uploads\\\/2021\\\/04\\\/logo-feher-600.png\",\"contentUrl\":\"https:\\\/\\\/dorogimedence.hu\\\/wp-content\\\/uploads\\\/2021\\\/04\\\/logo-feher-600.png\",\"width\":600,\"height\":100,\"caption\":\"Dorogi-medence Region\u00e1lis H\u00edrport\u00e1l\"},\"image\":{\"@id\":\"https:\\\/\\\/dorogimedence.hu\\\/#\\\/schema\\\/logo\\\/image\\\/\"},\"sameAs\":[\"https:\\\/\\\/www.facebook.com\\\/dorogimedence\\\/\"]},{\"@type\":\"Person\",\"@id\":\"https:\\\/\\\/dorogimedence.hu\\\/#\\\/schema\\\/person\\\/76605e8151ec1b7376385cd184ede973\",\"name\":\"Szab\u00f3 Gyula\",\"image\":{\"@type\":\"ImageObject\",\"inLanguage\":\"hu\",\"@id\":\"\\\/\\\/www.gravatar.com\\\/avatar\\\/3e44b6fb2ef9bcea3639958cc2a587cb?s=96&#038;r=g&#038;d=mm\",\"url\":\"\\\/\\\/www.gravatar.com\\\/avatar\\\/3e44b6fb2ef9bcea3639958cc2a587cb?s=96&#038;r=g&#038;d=mm\",\"contentUrl\":\"\\\/\\\/www.gravatar.com\\\/avatar\\\/3e44b6fb2ef9bcea3639958cc2a587cb?s=96&#038;r=g&#038;d=mm\",\"caption\":\"Szab\u00f3 Gyula\"}}]}<\/script>\n<!-- \/ Yoast SEO plugin. -->","yoast_head_json":{"title":"80 \u00e9ve t\u00f6rt\u00e9nt: Magyar Kupa el\u0151d\u00f6nt\u0151t j\u00e1tszott a Dorog M\u00e1ty\u00e1s kir\u00e1ly sz\u00fcl\u0151v\u00e1ros\u00e1ban","robots":{"index":"index","follow":"follow","max-snippet":"max-snippet:-1","max-image-preview":"max-image-preview:large","max-video-preview":"max-video-preview:-1"},"canonical":"https:\/\/dorogimedence.hu\/index.php\/2024\/06\/17\/80-eve-tortent-magyar-kupa-elodontot-jatszott-a-dorog-matyas-kiraly-szulovarosaban\/","og_locale":"hu_HU","og_type":"article","og_title":"80 \u00e9ve t\u00f6rt\u00e9nt: Magyar Kupa el\u0151d\u00f6nt\u0151t j\u00e1tszott a Dorog M\u00e1ty\u00e1s kir\u00e1ly sz\u00fcl\u0151v\u00e1ros\u00e1ban","og_description":"A dorogi csapat m\u00e1r t\u00f6rt\u00e9net\u00e9nek els\u0151 \u00e9vtizedeiben is sz\u00e9p eredm\u00e9nyeket \u00e9rt el k\u00fcl\u00f6nb\u00f6z\u0151 kupa-sorozatokban. Azonban a legrangosabb honi serleg\u00e9rt foly\u00f3 k\u00fczdelmek sor\u00e1n, az 1943\u201344 \u00e9vi sorozatban jutottak a legtov\u00e1bb addigi fenn\u00e1ll\u00e1suk\u00a0 alatt, egyenesen az el\u0151d\u00f6nt\u0151ig, amelyet az orsz\u00e1g akkori egyik legjobb csapat\u00e1val, egyben\u00a0haz\u00e1nk egyik legr\u00e9gebbi alap\u00edt\u00e1s\u00fa egyes\u00fclet\u00e9vel, a Kolozsv\u00e1ri AC ellen v\u00edvtak meg. Az akkori","og_url":"https:\/\/dorogimedence.hu\/index.php\/2024\/06\/17\/80-eve-tortent-magyar-kupa-elodontot-jatszott-a-dorog-matyas-kiraly-szulovarosaban\/","og_site_name":"Dorogi-medence Region\u00e1lis H\u00edrport\u00e1l","article_publisher":"https:\/\/www.facebook.com\/dorogimedence\/","article_published_time":"2024-06-17T06:18:09+00:00","article_modified_time":"2024-06-17T07:06:23+00:00","og_image":[{"width":766,"height":461,"url":"https:\/\/dorogimedence.hu\/wp-content\/uploads\/2024\/06\/MKbor.jpg","type":"image\/jpeg"}],"author":"Szab\u00f3 Gyula","twitter_card":"summary_large_image","twitter_misc":{"Szerz\u0151:":"Szab\u00f3 Gyula","Becs\u00fclt olvas\u00e1si id\u0151":"13 perc"},"schema":{"@context":"https:\/\/schema.org","@graph":[{"@type":"Article","@id":"https:\/\/dorogimedence.hu\/index.php\/2024\/06\/17\/80-eve-tortent-magyar-kupa-elodontot-jatszott-a-dorog-matyas-kiraly-szulovarosaban\/#article","isPartOf":{"@id":"https:\/\/dorogimedence.hu\/index.php\/2024\/06\/17\/80-eve-tortent-magyar-kupa-elodontot-jatszott-a-dorog-matyas-kiraly-szulovarosaban\/"},"author":{"name":"Szab\u00f3 Gyula","@id":"https:\/\/dorogimedence.hu\/#\/schema\/person\/76605e8151ec1b7376385cd184ede973"},"headline":"80 \u00e9ve t\u00f6rt\u00e9nt: Magyar Kupa el\u0151d\u00f6nt\u0151t j\u00e1tszott a Dorog M\u00e1ty\u00e1s kir\u00e1ly sz\u00fcl\u0151v\u00e1ros\u00e1ban","datePublished":"2024-06-17T06:18:09+00:00","dateModified":"2024-06-17T07:06:23+00:00","mainEntityOfPage":{"@id":"https:\/\/dorogimedence.hu\/index.php\/2024\/06\/17\/80-eve-tortent-magyar-kupa-elodontot-jatszott-a-dorog-matyas-kiraly-szulovarosaban\/"},"wordCount":2704,"publisher":{"@id":"https:\/\/dorogimedence.hu\/#organization"},"image":{"@id":"https:\/\/dorogimedence.hu\/index.php\/2024\/06\/17\/80-eve-tortent-magyar-kupa-elodontot-jatszott-a-dorog-matyas-kiraly-szulovarosaban\/#primaryimage"},"thumbnailUrl":"https:\/\/dorogimedence.hu\/wp-content\/uploads\/2024\/06\/MKbor.jpg","keywords":["Dorog","Dorogi AC","Dorogi B\u00e1ny\u00e1sz","Dorogi FC","foci","futball","Kolozsv\u00e1r","labdar\u00fag\u00e1s"],"articleSection":["Dorog","H\u00edrek","Kerek \u00e9vfordul\u00f3k","Sport"],"inLanguage":"hu"},{"@type":"WebPage","@id":"https:\/\/dorogimedence.hu\/index.php\/2024\/06\/17\/80-eve-tortent-magyar-kupa-elodontot-jatszott-a-dorog-matyas-kiraly-szulovarosaban\/","url":"https:\/\/dorogimedence.hu\/index.php\/2024\/06\/17\/80-eve-tortent-magyar-kupa-elodontot-jatszott-a-dorog-matyas-kiraly-szulovarosaban\/","name":"80 \u00e9ve t\u00f6rt\u00e9nt: Magyar Kupa el\u0151d\u00f6nt\u0151t j\u00e1tszott a Dorog M\u00e1ty\u00e1s kir\u00e1ly sz\u00fcl\u0151v\u00e1ros\u00e1ban","isPartOf":{"@id":"https:\/\/dorogimedence.hu\/#website"},"primaryImageOfPage":{"@id":"https:\/\/dorogimedence.hu\/index.php\/2024\/06\/17\/80-eve-tortent-magyar-kupa-elodontot-jatszott-a-dorog-matyas-kiraly-szulovarosaban\/#primaryimage"},"image":{"@id":"https:\/\/dorogimedence.hu\/index.php\/2024\/06\/17\/80-eve-tortent-magyar-kupa-elodontot-jatszott-a-dorog-matyas-kiraly-szulovarosaban\/#primaryimage"},"thumbnailUrl":"https:\/\/dorogimedence.hu\/wp-content\/uploads\/2024\/06\/MKbor.jpg","datePublished":"2024-06-17T06:18:09+00:00","dateModified":"2024-06-17T07:06:23+00:00","breadcrumb":{"@id":"https:\/\/dorogimedence.hu\/index.php\/2024\/06\/17\/80-eve-tortent-magyar-kupa-elodontot-jatszott-a-dorog-matyas-kiraly-szulovarosaban\/#breadcrumb"},"inLanguage":"hu","potentialAction":[{"@type":"ReadAction","target":["https:\/\/dorogimedence.hu\/index.php\/2024\/06\/17\/80-eve-tortent-magyar-kupa-elodontot-jatszott-a-dorog-matyas-kiraly-szulovarosaban\/"]}]},{"@type":"ImageObject","inLanguage":"hu","@id":"https:\/\/dorogimedence.hu\/index.php\/2024\/06\/17\/80-eve-tortent-magyar-kupa-elodontot-jatszott-a-dorog-matyas-kiraly-szulovarosaban\/#primaryimage","url":"https:\/\/dorogimedence.hu\/wp-content\/uploads\/2024\/06\/MKbor.jpg","contentUrl":"https:\/\/dorogimedence.hu\/wp-content\/uploads\/2024\/06\/MKbor.jpg","width":766,"height":461},{"@type":"BreadcrumbList","@id":"https:\/\/dorogimedence.hu\/index.php\/2024\/06\/17\/80-eve-tortent-magyar-kupa-elodontot-jatszott-a-dorog-matyas-kiraly-szulovarosaban\/#breadcrumb","itemListElement":[{"@type":"ListItem","position":1,"name":"Kezd\u0151lap","item":"https:\/\/dorogimedence.hu\/"},{"@type":"ListItem","position":2,"name":"80 \u00e9ve t\u00f6rt\u00e9nt: Magyar Kupa el\u0151d\u00f6nt\u0151t j\u00e1tszott a Dorog M\u00e1ty\u00e1s kir\u00e1ly sz\u00fcl\u0151v\u00e1ros\u00e1ban"}]},{"@type":"WebSite","@id":"https:\/\/dorogimedence.hu\/#website","url":"https:\/\/dorogimedence.hu\/","name":"Dorogi-medence Region\u00e1lis H\u00edrport\u00e1l","description":"Dorog, Keszt\u00f6lc, Le\u00e1nyv\u00e1r, Piliscs\u00e9v, Tokod, Tokodalt\u00e1r\u00f3, Csolnok, Esztergom-kertv\u00e1ros: h\u00edrek, programok","publisher":{"@id":"https:\/\/dorogimedence.hu\/#organization"},"potentialAction":[{"@type":"SearchAction","target":{"@type":"EntryPoint","urlTemplate":"https:\/\/dorogimedence.hu\/?s={search_term_string}"},"query-input":{"@type":"PropertyValueSpecification","valueRequired":true,"valueName":"search_term_string"}}],"inLanguage":"hu"},{"@type":"Organization","@id":"https:\/\/dorogimedence.hu\/#organization","name":"Dorogi-medence Region\u00e1lis H\u00edrport\u00e1l","url":"https:\/\/dorogimedence.hu\/","logo":{"@type":"ImageObject","inLanguage":"hu","@id":"https:\/\/dorogimedence.hu\/#\/schema\/logo\/image\/","url":"https:\/\/dorogimedence.hu\/wp-content\/uploads\/2021\/04\/logo-feher-600.png","contentUrl":"https:\/\/dorogimedence.hu\/wp-content\/uploads\/2021\/04\/logo-feher-600.png","width":600,"height":100,"caption":"Dorogi-medence Region\u00e1lis H\u00edrport\u00e1l"},"image":{"@id":"https:\/\/dorogimedence.hu\/#\/schema\/logo\/image\/"},"sameAs":["https:\/\/www.facebook.com\/dorogimedence\/"]},{"@type":"Person","@id":"https:\/\/dorogimedence.hu\/#\/schema\/person\/76605e8151ec1b7376385cd184ede973","name":"Szab\u00f3 Gyula","image":{"@type":"ImageObject","inLanguage":"hu","@id":"\/\/www.gravatar.com\/avatar\/3e44b6fb2ef9bcea3639958cc2a587cb?s=96&#038;r=g&#038;d=mm","url":"\/\/www.gravatar.com\/avatar\/3e44b6fb2ef9bcea3639958cc2a587cb?s=96&#038;r=g&#038;d=mm","contentUrl":"\/\/www.gravatar.com\/avatar\/3e44b6fb2ef9bcea3639958cc2a587cb?s=96&#038;r=g&#038;d=mm","caption":"Szab\u00f3 Gyula"}}]}},"_links":{"self":[{"href":"https:\/\/dorogimedence.hu\/index.php\/wp-json\/wp\/v2\/posts\/62747","targetHints":{"allow":["GET"]}}],"collection":[{"href":"https:\/\/dorogimedence.hu\/index.php\/wp-json\/wp\/v2\/posts"}],"about":[{"href":"https:\/\/dorogimedence.hu\/index.php\/wp-json\/wp\/v2\/types\/post"}],"author":[{"embeddable":true,"href":"https:\/\/dorogimedence.hu\/index.php\/wp-json\/wp\/v2\/users\/4"}],"replies":[{"embeddable":true,"href":"https:\/\/dorogimedence.hu\/index.php\/wp-json\/wp\/v2\/comments?post=62747"}],"version-history":[{"count":0,"href":"https:\/\/dorogimedence.hu\/index.php\/wp-json\/wp\/v2\/posts\/62747\/revisions"}],"wp:featuredmedia":[{"embeddable":true,"href":"https:\/\/dorogimedence.hu\/index.php\/wp-json\/wp\/v2\/media\/62737"}],"wp:attachment":[{"href":"https:\/\/dorogimedence.hu\/index.php\/wp-json\/wp\/v2\/media?parent=62747"}],"wp:term":[{"taxonomy":"category","embeddable":true,"href":"https:\/\/dorogimedence.hu\/index.php\/wp-json\/wp\/v2\/categories?post=62747"},{"taxonomy":"post_tag","embeddable":true,"href":"https:\/\/dorogimedence.hu\/index.php\/wp-json\/wp\/v2\/tags?post=62747"}],"curies":[{"name":"wp","href":"https:\/\/api.w.org\/{rel}","templated":true}]}}