{"id":62726,"date":"2024-06-14T15:40:57","date_gmt":"2024-06-14T13:40:57","guid":{"rendered":"https:\/\/dorogimedence.hu\/?p=62726"},"modified":"2024-06-14T15:40:57","modified_gmt":"2024-06-14T13:40:57","slug":"business-excellence-dijat-kapott-a-visit-esztergom","status":"publish","type":"post","link":"https:\/\/dorogimedence.hu\/index.php\/2024\/06\/14\/business-excellence-dijat-kapott-a-visit-esztergom\/","title":{"rendered":"Business Excellence d\u00edjat kapott a Visit Esztergom"},"content":{"rendered":"<p><strong>Id\u00e9n 14. alkalommal adta \u00e1t a Turizmus Kft. az \u00fczleti turizmus kiv\u00e1l\u00f3s\u00e1gait elismer\u0151 Business Excellence d\u00edjakat. A Birdie Events \u2013 Continental City Golf Clubban szerd\u00e1n megtartott d\u00edjkioszt\u00f3 \u00fcnneps\u00e9gen t\u00edz kateg\u00f3ri\u00e1ban osztottak szakmai \u00e9s k\u00f6z\u00f6ns\u00e9gd\u00edjakat. A &#8222;Legjobb desztin\u00e1ci\u00f3s marketing &#8211; belf\u00f6ld&#8221; kateg\u00f3ri\u00e1ban a szakmai gy\u0151ztes az Esztergomi Turisztikai Nonprofit Kft. (Visit Esztergom) lett <\/strong><em>\u2013 der\u00fcl ki a <a href=\"https:\/\/turizmus.com\/szallashely-vendeglatas\/business-excellence-2024-dijatado-nyertesek-uzleti-turizmus-1192621\" target=\"_blank\" rel=\"noopener\"><span style=\"text-decoration: underline; color: #0000ff;\">turizmus.com<\/span><\/a> cikk\u00e9b\u0151l.<\/em><\/p>\n<p>Az \u00e1tad\u00f3 \u00fcnneps\u00e9gen els\u0151k\u00e9nt a budai rendezv\u00e9nyhelysz\u00ednt \u00fczemeltet\u0151 Continental Group \u00fcgyvezet\u0151 igazgat\u00f3ja \u00e9s t\u00e1rstulajdonosa, <strong>Flesch Tam\u00e1s <\/strong>k\u00f6sz\u00f6nt\u00f6tte a megh\u00edvott vend\u00e9geket, kiemelve annak fontoss\u00e1g\u00e1t, hogy a j\u00f3 teljes\u00edtm\u00e9nyek, a kiv\u00e1l\u00f3 szolg\u00e1ltat\u00e1sok elismer\u00e9st nyerjenek a szakm\u00e1ban \u00e9s azon k\u00edv\u00fcl is.<\/p>\n<p>A Turizmus Kft. r\u00e9sz\u00e9r\u0151l, <strong>G\u00e1l P\u00e1l Zolt\u00e1n<\/strong> \u00fcgyvezet\u0151 k\u00f6sz\u00f6nt\u0151j\u00e9ben elmondta, id\u00e9n 14. alkalommal rendezt\u00e9k meg az \u00fczleti kiv\u00e1l\u00f3s\u00e1got elismer\u0151 Business Excellence d\u00edj\u00e1tad\u00f3t, amelynek saj\u00e1toss\u00e1ga, hogy mindig \u00faj, exkluz\u00edv rendezv\u00e9nyhelysz\u00ednre invit\u00e1lj\u00e1k az \u00fczleti turizmus szerepl\u0151it. Ez\u00fattal a Birdie Events \u2013 Continental City Golf Clubba.<\/p>\n<p><img fetchpriority=\"high\" decoding=\"async\" class=\"alignnone size-full wp-image-62728\" src=\"https:\/\/dorogimedence.hu\/wp-content\/uploads\/2024\/06\/Gal_Pal_Zoltan.jpg\" alt=\"\" width=\"1920\" height=\"1281\" srcset=\"https:\/\/dorogimedence.hu\/wp-content\/uploads\/2024\/06\/Gal_Pal_Zoltan.jpg 1920w, https:\/\/dorogimedence.hu\/wp-content\/uploads\/2024\/06\/Gal_Pal_Zoltan-600x400.jpg 600w, https:\/\/dorogimedence.hu\/wp-content\/uploads\/2024\/06\/Gal_Pal_Zoltan-768x512.jpg 768w, https:\/\/dorogimedence.hu\/wp-content\/uploads\/2024\/06\/Gal_Pal_Zoltan-1536x1025.jpg 1536w, https:\/\/dorogimedence.hu\/wp-content\/uploads\/2024\/06\/Gal_Pal_Zoltan-150x100.jpg 150w, https:\/\/dorogimedence.hu\/wp-content\/uploads\/2024\/06\/Gal_Pal_Zoltan-450x300.jpg 450w, https:\/\/dorogimedence.hu\/wp-content\/uploads\/2024\/06\/Gal_Pal_Zoltan-1200x801.jpg 1200w, https:\/\/dorogimedence.hu\/wp-content\/uploads\/2024\/06\/Gal_Pal_Zoltan-272x182.jpg 272w\" sizes=\"(max-width: 1920px) 100vw, 1920px\" \/><\/p>\n<p>A Business Excellence d\u00edjat a Turizmus Kft. azoknak a turisztikai szolg\u00e1ltat\u00f3knak az elismer\u00e9s\u00e9re hozta l\u00e9tre, akik a szakma \u00e9s az utaz\u00f3k\u00f6z\u00f6ns\u00e9g szerint kimagasl\u00f3 sz\u00ednvonal\u00fa szolg\u00e1ltat\u00e1sokat ny\u00fajtanak az \u00fczleti turisztikai szektorban.<\/p>\n<p>\u00daj\u00edt\u00e1s a kor\u00e1bbi \u00e9vekhez k\u00e9pest, hogy az \u00e9rt\u00e9kel\u00e9si folyamat nyitottabb\u00e1 t\u00e9tele \u00e9rdek\u00e9ben, 2024-ben a k\u00fcl\u00f6nb\u00f6z\u0151 kateg\u00f3ri\u00e1k d\u00edjait p\u00e1ly\u00e1zat beny\u00fajt\u00e1s\u00e1val lehetett elnyerni. A kateg\u00f3ri\u00e1kat \u00e9vr\u0151l \u00e9vre friss\u00edtik, hogy azok k\u00f6vess\u00e9k a piaci trendeket. A felh\u00edv\u00e1sra id\u00e9n 62 p\u00e1lyamunka \u00e9rkezett \u2013 fejtette ki G\u00e1l P\u00e1l Zolt\u00e1n.<\/p>\n<p>A p\u00e1ly\u00e1zatokat a szakmai szervezetek deleg\u00e1ltjai \u00e9s a szerkeszt\u0151s\u00e9g k\u00e9pvisel\u0151ib\u0151l \u00e1ll\u00f3 szakmai zs\u0171ri \u00e9rt\u00e9kelte, rangsorolta, \u00e9s d\u00f6nt\u00f6tt a szakmai d\u00edjak oda\u00edt\u00e9l\u00e9s\u00e9r\u0151l. Minden kateg\u00f3ri\u00e1ban az els\u0151 h\u00e1rom legjobbnak \u00edt\u00e9lt p\u00e1lyam\u0171vet a Turizmus Kft. egy\u00fattal k\u00f6z\u00f6ns\u00e9gszavaz\u00e1sra is bocs\u00e1totta \u2013 olvas\u00f3ink \u00f6sszesen mintegy 17 000 szavazatot adtak le a shortlistre jutottakra. \u00cdgy a szakmai d\u00edjazottak mellett k\u00f6z\u00f6ns\u00e9gd\u00edjasokat is hirdettek az \u00fcnnep\u00e9lyes d\u00edj\u00e1tad\u00f3n.<\/p>\n<p><img decoding=\"async\" class=\"alignnone size-full wp-image-62730\" src=\"https:\/\/dorogimedence.hu\/wp-content\/uploads\/2024\/06\/Buex_nezok.jpg\" alt=\"\" width=\"1920\" height=\"1281\" srcset=\"https:\/\/dorogimedence.hu\/wp-content\/uploads\/2024\/06\/Buex_nezok.jpg 1920w, https:\/\/dorogimedence.hu\/wp-content\/uploads\/2024\/06\/Buex_nezok-600x400.jpg 600w, https:\/\/dorogimedence.hu\/wp-content\/uploads\/2024\/06\/Buex_nezok-768x512.jpg 768w, https:\/\/dorogimedence.hu\/wp-content\/uploads\/2024\/06\/Buex_nezok-1536x1025.jpg 1536w, https:\/\/dorogimedence.hu\/wp-content\/uploads\/2024\/06\/Buex_nezok-150x100.jpg 150w, https:\/\/dorogimedence.hu\/wp-content\/uploads\/2024\/06\/Buex_nezok-450x300.jpg 450w, https:\/\/dorogimedence.hu\/wp-content\/uploads\/2024\/06\/Buex_nezok-1200x801.jpg 1200w, https:\/\/dorogimedence.hu\/wp-content\/uploads\/2024\/06\/Buex_nezok-272x182.jpg 272w\" sizes=\"(max-width: 1920px) 100vw, 1920px\" \/><\/p>\n<h2>Az \u00fcgyf\u00e9l\u00e9lm\u00e9ny mesterei<\/h2>\n<p>A d\u00edj\u00e1tad\u00f3 cerem\u00f3nia el\u0151tt a megh\u00edvottak egy inspir\u00e1l\u00f3 kerekasztal-besz\u00e9lget\u00e9st hallgathattak meg&nbsp;<em>\u201eAz \u00fcgyf\u00e9l\u00e9lm\u00e9ny mesterei: avagy hogyan ny\u00fajtanak magas sz\u00ednvonal\u00fa szolg\u00e1ltat\u00e1sokat a turisztikai v\u00e1llalkoz\u00e1sok?&#8221;<\/em> c\u00edmmel.&nbsp;<strong>Semsei Rudolfot, <\/strong>a Budapest Party Service, a VakVarj\u00fa \u00c9ttermek \u00e9s a Dobay Cukr\u00e1szd\u00e1k tulajdonos\u00e1t,&nbsp; valamint&nbsp;<strong>Flesch Tam\u00e1st, <\/strong>a Continental Group \u00fcgyvezet\u0151 igazgat\u00f3j\u00e1t&nbsp;<strong>Duca Andrea, <\/strong>a&nbsp;HD Group Kommunik\u00e1ci\u00f3s \u00dcgyn\u00f6ks\u00e9g \u00e9s a Microcosmos Events DMC&nbsp; \u00fcgyvezet\u0151je ez\u00fattal moder\u00e1tori szerepk\u00f6rben k\u00e9rdezte j\u00f3 gyakorlatokr\u00f3l, a vend\u00e9g\u00e9rt\u00e9kel\u00e9sekr\u0151l, a munkat\u00e1rsi attit\u0171dr\u0151l \u00e9s a mesters\u00e9ges intelligencia alkalmazhat\u00f3s\u00e1g\u00e1r\u00f3l a sz\u00e1lloda- \u00e9s vend\u00e9gl\u00e1t\u00f3iparban.<\/p>\n<p>A k\u00f6zel 30 perces, tartalmas besz\u00e9lget\u00e9st, amely egy\u00fattal a Turizmus Caf\u00e9-sorozat leg\u00fajabb epiz\u00f3djak\u00e9nt is szolg\u00e1lt, hamarosan megn\u00e9zhetik a Turizmus.com YouTube-csatorn\u00e1j\u00e1n.<\/p>\n<p><img decoding=\"async\" class=\"alignnone size-full wp-image-62729\" src=\"https:\/\/dorogimedence.hu\/wp-content\/uploads\/2024\/06\/Buex_kerekasztal.jpg\" alt=\"\" width=\"1920\" height=\"1281\" srcset=\"https:\/\/dorogimedence.hu\/wp-content\/uploads\/2024\/06\/Buex_kerekasztal.jpg 1920w, https:\/\/dorogimedence.hu\/wp-content\/uploads\/2024\/06\/Buex_kerekasztal-600x400.jpg 600w, https:\/\/dorogimedence.hu\/wp-content\/uploads\/2024\/06\/Buex_kerekasztal-768x512.jpg 768w, https:\/\/dorogimedence.hu\/wp-content\/uploads\/2024\/06\/Buex_kerekasztal-1536x1025.jpg 1536w, https:\/\/dorogimedence.hu\/wp-content\/uploads\/2024\/06\/Buex_kerekasztal-150x100.jpg 150w, https:\/\/dorogimedence.hu\/wp-content\/uploads\/2024\/06\/Buex_kerekasztal-450x300.jpg 450w, https:\/\/dorogimedence.hu\/wp-content\/uploads\/2024\/06\/Buex_kerekasztal-1200x801.jpg 1200w, https:\/\/dorogimedence.hu\/wp-content\/uploads\/2024\/06\/Buex_kerekasztal-272x182.jpg 272w\" sizes=\"(max-width: 1920px) 100vw, 1920px\" \/><\/p>\n<h2>A Business Excellence 2024 kateg\u00f3riagy\u0151ztesei<\/h2>\n<p>Az est f\u00e9nypontjak\u00e9nt k\u00f6vetkezett a gy\u0151ztesek kil\u00e9t\u00e9t felfed\u0151 d\u00edj\u00e1tad\u00f3. A szakmai \u00e9s k\u00f6z\u00f6ns\u00e9gd\u00edjakat az \u00e1gazat prominens k\u00e9pvisel\u0151i \u00e9s a Turizmus.com vezet\u0151 munkat\u00e1rsai adt\u00e1k \u00e1t a d\u00edjazottaknak.<\/p>\n<h3><strong>1. <\/strong><strong>Legjobb budapesti business hotel <\/strong><\/h3>\n<p>Szakmai gy\u0151ztes:&nbsp;<strong>Mercure Budapest Korona Hotel<br \/>\n<\/strong>K\u00f6z\u00f6ns\u00e9gd\u00edjas:&nbsp;<strong>Mercure Budapest Korona Hotel<\/strong><\/p>\n<h3><strong>2. Legjobb vid\u00e9ki business hotel<\/strong><\/h3>\n<p>Szakmai gy\u0151ztes:&nbsp;<strong>Best Western PLUS Lakeside Hotel<br \/>\n<\/strong>K\u00f6z\u00f6ns\u00e9gd\u00edjas<strong>: Hotel Helikon<\/strong><\/p>\n<h3><strong>3. Legjobb budapesti rendezv\u00e9nyhelysz\u00edn<\/strong><\/h3>\n<p>Szakmai gy\u0151ztes: <strong>\u00d6b\u00f6lH\u00e1z Rendezv\u00e9nyk\u00f6zpont<br \/>\n<\/strong>K\u00f6z\u00f6ns\u00e9gd\u00edjas: <strong>Crowne Plaza Budapest<\/strong><\/p>\n<h3><strong>4. Legjobb vid\u00e9ki rendezv\u00e9nyhelysz\u00edn<\/strong><\/h3>\n<p>Szakmai gy\u0151ztes:<strong> Balatonf\u00fcred Kongresszusi K\u00f6zpont<br \/>\n<\/strong>K\u00f6z\u00f6ns\u00e9gd\u00edjas: <strong>LUA Resort Balatonf\u00fcred<\/strong><\/p>\n<h3><strong> 5. Legjobb mobilit\u00e1si szolg\u00e1ltat\u00f3<\/strong><\/h3>\n<p>Szakmai gy\u0151ztes:<strong> Avalon Rent a Car(e)<br \/>\n<\/strong>K\u00f6z\u00f6ns\u00e9gd\u00edjas<strong>: Avis Magyarorsz\u00e1g Aut\u00f3k\u00f6lcs\u00f6nz\u0151<\/strong><\/p>\n<h3><strong>6. Legjobb desztin\u00e1ci\u00f3s marketing \u2013 k\u00fclf\u00f6ld<\/strong><\/h3>\n<p>Szakmai gy\u0151ztes:<strong> M\u00e1ltai Idegenforgalmi Hivatal (Visit Malta)<br \/>\n<\/strong>Id\u00e9n el\u0151sz\u00f6r holtverseny alakult ki, a k\u00e9t k\u00f6z\u00f6ns\u00e9gd\u00edjas:<strong> Horv\u00e1t Idegenforgalmi K\u00f6z\u00f6ss\u00e9g (CNTB) <\/strong>\u00e9s&nbsp;<strong>H\u00e9v\u00edzi Turisztikai Nonprofit Kft.<\/strong><\/p>\n<h3><strong>7. <\/strong><strong>Legjobb desztin\u00e1ci\u00f3s marketing \u2013 belf\u00f6ld<\/strong><\/h3>\n<p>Szakmai gy\u0151ztes:&nbsp;<strong>Esztergomi Turisztikai Nonprofit Kft. (Visit Esztergom)<br \/>\n<\/strong>K\u00f6z\u00f6ns\u00e9gd\u00edjas: <strong>Etyeki K\u00faria \u2013 <\/strong>Etyek t\u00e9rs\u00e9g\u00e9nek n\u00e9pszer\u0171s\u00edt\u00e9s\u00e9\u00e9rt<\/p>\n<h3><strong>8. <\/strong><strong>Legjobb bleisure utaztat\u00f3<\/strong><\/h3>\n<p>Szakmai gy\u0151ztes:&nbsp;<strong>OTP Travel Kft.<br \/>\n<\/strong>K\u00f6z\u00f6ns\u00e9gd\u00edjas: <strong>Aurora Travel<\/strong><\/p>\n<h3><strong>9. <\/strong><strong>Legjobb \u00faj piaci szerepl\u0151<\/strong><\/h3>\n<p>Szakmai gy\u0151ztes:&nbsp;<strong>Madame Tussauds Budapest<br \/>\n<\/strong>K\u00f6z\u00f6ns\u00e9gd\u00edjas: <strong>Tiszadob-Andr\u00e1ssy-kast\u00e9ly&nbsp;\/ N\u00d6F<\/strong><\/p>\n<h3><strong>10. <\/strong><strong>Leg<\/strong><strong>innovat\u00edvabb turisztikai AI-megold\u00e1s<\/strong><\/h3>\n<p>Szakmai gy\u0151ztes:&nbsp;<strong>iFLYTEK Co., Ltd.<br \/>\n<\/strong>K\u00f6z\u00f6ns\u00e9gd\u00edjas: <strong>Everguest<\/strong><\/p>\n<p>Gratul\u00e1lunk a d\u00edjazottaknak!<\/p>\n<p><em>Fot\u00f3k, forr\u00e1s: turizmus.com<\/em><\/p>\n","protected":false},"excerpt":{"rendered":"<p>Id\u00e9n 14. alkalommal adta \u00e1t a Turizmus Kft. az \u00fczleti turizmus kiv\u00e1l\u00f3s\u00e1gait elismer\u0151 Business Excellence d\u00edjakat. A Birdie Events \u2013 Continental City Golf Clubban szerd\u00e1n megtartott d\u00edjkioszt\u00f3 \u00fcnneps\u00e9gen t\u00edz kateg\u00f3ri\u00e1ban osztottak szakmai \u00e9s k\u00f6z\u00f6ns\u00e9gd\u00edjakat. A &#8222;Legjobb desztin\u00e1ci\u00f3s marketing &#8211; belf\u00f6ld&#8221; kateg\u00f3ri\u00e1ban a szakmai gy\u0151ztes az Esztergomi Turisztikai Nonprofit Kft. (Visit Esztergom) lett \u2013 der\u00fcl ki<\/p>\n","protected":false},"author":1,"featured_media":62727,"comment_status":"closed","ping_status":"closed","sticky":false,"template":"","format":"standard","meta":{"ngg_post_thumbnail":0,"footnotes":""},"categories":[38,3],"tags":[6704,42,5624],"class_list":{"0":"post-62726","1":"post","2":"type-post","3":"status-publish","4":"format-standard","5":"has-post-thumbnail","7":"category-esztergom","8":"category-hirek","9":"tag-business-excellence-dij","10":"tag-esztergom","11":"tag-featured"},"yoast_head":"<!-- This site is optimized with the Yoast SEO plugin v27.5 - https:\/\/yoast.com\/product\/yoast-seo-wordpress\/ -->\n<title>Business Excellence d\u00edjat kapott a Visit Esztergom<\/title>\n<meta name=\"robots\" content=\"index, follow, max-snippet:-1, max-image-preview:large, max-video-preview:-1\" \/>\n<link rel=\"canonical\" href=\"https:\/\/dorogimedence.hu\/index.php\/2024\/06\/14\/business-excellence-dijat-kapott-a-visit-esztergom\/\" class=\"yoast-seo-meta-tag\" \/>\n<meta property=\"og:locale\" content=\"hu_HU\" class=\"yoast-seo-meta-tag\" \/>\n<meta property=\"og:type\" content=\"article\" class=\"yoast-seo-meta-tag\" \/>\n<meta property=\"og:title\" content=\"Business Excellence d\u00edjat kapott a Visit Esztergom\" class=\"yoast-seo-meta-tag\" \/>\n<meta property=\"og:description\" content=\"Id\u00e9n 14. alkalommal adta \u00e1t a Turizmus Kft. az \u00fczleti turizmus kiv\u00e1l\u00f3s\u00e1gait elismer\u0151 Business Excellence d\u00edjakat. A Birdie Events \u2013 Continental City Golf Clubban szerd\u00e1n megtartott d\u00edjkioszt\u00f3 \u00fcnneps\u00e9gen t\u00edz kateg\u00f3ri\u00e1ban osztottak szakmai \u00e9s k\u00f6z\u00f6ns\u00e9gd\u00edjakat. A &#8222;Legjobb desztin\u00e1ci\u00f3s marketing &#8211; belf\u00f6ld&#8221; kateg\u00f3ri\u00e1ban a szakmai gy\u0151ztes az Esztergomi Turisztikai Nonprofit Kft. (Visit Esztergom) lett \u2013 der\u00fcl ki\" class=\"yoast-seo-meta-tag\" \/>\n<meta property=\"og:url\" content=\"https:\/\/dorogimedence.hu\/index.php\/2024\/06\/14\/business-excellence-dijat-kapott-a-visit-esztergom\/\" class=\"yoast-seo-meta-tag\" \/>\n<meta property=\"og:site_name\" content=\"Dorogi-medence Region\u00e1lis H\u00edrport\u00e1l\" class=\"yoast-seo-meta-tag\" \/>\n<meta property=\"article:publisher\" content=\"https:\/\/www.facebook.com\/dorogimedence\/\" class=\"yoast-seo-meta-tag\" \/>\n<meta property=\"article:published_time\" content=\"2024-06-14T13:40:57+00:00\" class=\"yoast-seo-meta-tag\" \/>\n<meta property=\"og:image\" content=\"https:\/\/dorogimedence.hu\/wp-content\/uploads\/2024\/06\/Buex2024_dijazottak.jpg\" class=\"yoast-seo-meta-tag\" \/>\n\t<meta property=\"og:image:width\" content=\"1920\" class=\"yoast-seo-meta-tag\" \/>\n\t<meta property=\"og:image:height\" content=\"1281\" class=\"yoast-seo-meta-tag\" \/>\n\t<meta property=\"og:image:type\" content=\"image\/jpeg\" class=\"yoast-seo-meta-tag\" \/>\n<meta name=\"author\" content=\"dorogimedence.hu\" class=\"yoast-seo-meta-tag\" \/>\n<meta name=\"twitter:card\" content=\"summary_large_image\" class=\"yoast-seo-meta-tag\" \/>\n<meta name=\"twitter:label1\" content=\"Szerz\u0151:\" class=\"yoast-seo-meta-tag\" \/>\n\t<meta name=\"twitter:data1\" content=\"dorogimedence.hu\" class=\"yoast-seo-meta-tag\" \/>\n\t<meta name=\"twitter:label2\" content=\"Becs\u00fclt olvas\u00e1si id\u0151\" class=\"yoast-seo-meta-tag\" \/>\n\t<meta name=\"twitter:data2\" content=\"5 perc\" class=\"yoast-seo-meta-tag\" \/>\n<script type=\"application\/ld+json\" class=\"yoast-schema-graph\">{\"@context\":\"https:\\\/\\\/schema.org\",\"@graph\":[{\"@type\":\"Article\",\"@id\":\"https:\\\/\\\/dorogimedence.hu\\\/index.php\\\/2024\\\/06\\\/14\\\/business-excellence-dijat-kapott-a-visit-esztergom\\\/#article\",\"isPartOf\":{\"@id\":\"https:\\\/\\\/dorogimedence.hu\\\/index.php\\\/2024\\\/06\\\/14\\\/business-excellence-dijat-kapott-a-visit-esztergom\\\/\"},\"author\":{\"name\":\"dorogimedence.hu\",\"@id\":\"https:\\\/\\\/dorogimedence.hu\\\/#\\\/schema\\\/person\\\/ce6091eeb7e95ecdc87890d6aa8e0fd4\"},\"headline\":\"Business Excellence d\u00edjat kapott a Visit Esztergom\",\"datePublished\":\"2024-06-14T13:40:57+00:00\",\"mainEntityOfPage\":{\"@id\":\"https:\\\/\\\/dorogimedence.hu\\\/index.php\\\/2024\\\/06\\\/14\\\/business-excellence-dijat-kapott-a-visit-esztergom\\\/\"},\"wordCount\":924,\"publisher\":{\"@id\":\"https:\\\/\\\/dorogimedence.hu\\\/#organization\"},\"image\":{\"@id\":\"https:\\\/\\\/dorogimedence.hu\\\/index.php\\\/2024\\\/06\\\/14\\\/business-excellence-dijat-kapott-a-visit-esztergom\\\/#primaryimage\"},\"thumbnailUrl\":\"https:\\\/\\\/dorogimedence.hu\\\/wp-content\\\/uploads\\\/2024\\\/06\\\/Buex2024_dijazottak.jpg\",\"keywords\":[\"Business Excellence d\u00edj\",\"esztergom\",\"featured\"],\"articleSection\":[\"Esztergom\",\"H\u00edrek\"],\"inLanguage\":\"hu\"},{\"@type\":\"WebPage\",\"@id\":\"https:\\\/\\\/dorogimedence.hu\\\/index.php\\\/2024\\\/06\\\/14\\\/business-excellence-dijat-kapott-a-visit-esztergom\\\/\",\"url\":\"https:\\\/\\\/dorogimedence.hu\\\/index.php\\\/2024\\\/06\\\/14\\\/business-excellence-dijat-kapott-a-visit-esztergom\\\/\",\"name\":\"Business Excellence d\u00edjat kapott a Visit Esztergom\",\"isPartOf\":{\"@id\":\"https:\\\/\\\/dorogimedence.hu\\\/#website\"},\"primaryImageOfPage\":{\"@id\":\"https:\\\/\\\/dorogimedence.hu\\\/index.php\\\/2024\\\/06\\\/14\\\/business-excellence-dijat-kapott-a-visit-esztergom\\\/#primaryimage\"},\"image\":{\"@id\":\"https:\\\/\\\/dorogimedence.hu\\\/index.php\\\/2024\\\/06\\\/14\\\/business-excellence-dijat-kapott-a-visit-esztergom\\\/#primaryimage\"},\"thumbnailUrl\":\"https:\\\/\\\/dorogimedence.hu\\\/wp-content\\\/uploads\\\/2024\\\/06\\\/Buex2024_dijazottak.jpg\",\"datePublished\":\"2024-06-14T13:40:57+00:00\",\"breadcrumb\":{\"@id\":\"https:\\\/\\\/dorogimedence.hu\\\/index.php\\\/2024\\\/06\\\/14\\\/business-excellence-dijat-kapott-a-visit-esztergom\\\/#breadcrumb\"},\"inLanguage\":\"hu\",\"potentialAction\":[{\"@type\":\"ReadAction\",\"target\":[\"https:\\\/\\\/dorogimedence.hu\\\/index.php\\\/2024\\\/06\\\/14\\\/business-excellence-dijat-kapott-a-visit-esztergom\\\/\"]}]},{\"@type\":\"ImageObject\",\"inLanguage\":\"hu\",\"@id\":\"https:\\\/\\\/dorogimedence.hu\\\/index.php\\\/2024\\\/06\\\/14\\\/business-excellence-dijat-kapott-a-visit-esztergom\\\/#primaryimage\",\"url\":\"https:\\\/\\\/dorogimedence.hu\\\/wp-content\\\/uploads\\\/2024\\\/06\\\/Buex2024_dijazottak.jpg\",\"contentUrl\":\"https:\\\/\\\/dorogimedence.hu\\\/wp-content\\\/uploads\\\/2024\\\/06\\\/Buex2024_dijazottak.jpg\",\"width\":1920,\"height\":1281},{\"@type\":\"BreadcrumbList\",\"@id\":\"https:\\\/\\\/dorogimedence.hu\\\/index.php\\\/2024\\\/06\\\/14\\\/business-excellence-dijat-kapott-a-visit-esztergom\\\/#breadcrumb\",\"itemListElement\":[{\"@type\":\"ListItem\",\"position\":1,\"name\":\"Kezd\u0151lap\",\"item\":\"https:\\\/\\\/dorogimedence.hu\\\/\"},{\"@type\":\"ListItem\",\"position\":2,\"name\":\"Business Excellence d\u00edjat kapott a Visit Esztergom\"}]},{\"@type\":\"WebSite\",\"@id\":\"https:\\\/\\\/dorogimedence.hu\\\/#website\",\"url\":\"https:\\\/\\\/dorogimedence.hu\\\/\",\"name\":\"Dorogi-medence Region\u00e1lis H\u00edrport\u00e1l\",\"description\":\"Dorog, Keszt\u00f6lc, Le\u00e1nyv\u00e1r, Piliscs\u00e9v, Tokod, Tokodalt\u00e1r\u00f3, Csolnok, Esztergom-kertv\u00e1ros: h\u00edrek, programok\",\"publisher\":{\"@id\":\"https:\\\/\\\/dorogimedence.hu\\\/#organization\"},\"potentialAction\":[{\"@type\":\"SearchAction\",\"target\":{\"@type\":\"EntryPoint\",\"urlTemplate\":\"https:\\\/\\\/dorogimedence.hu\\\/?s={search_term_string}\"},\"query-input\":{\"@type\":\"PropertyValueSpecification\",\"valueRequired\":true,\"valueName\":\"search_term_string\"}}],\"inLanguage\":\"hu\"},{\"@type\":\"Organization\",\"@id\":\"https:\\\/\\\/dorogimedence.hu\\\/#organization\",\"name\":\"Dorogi-medence Region\u00e1lis H\u00edrport\u00e1l\",\"url\":\"https:\\\/\\\/dorogimedence.hu\\\/\",\"logo\":{\"@type\":\"ImageObject\",\"inLanguage\":\"hu\",\"@id\":\"https:\\\/\\\/dorogimedence.hu\\\/#\\\/schema\\\/logo\\\/image\\\/\",\"url\":\"https:\\\/\\\/dorogimedence.hu\\\/wp-content\\\/uploads\\\/2021\\\/04\\\/logo-feher-600.png\",\"contentUrl\":\"https:\\\/\\\/dorogimedence.hu\\\/wp-content\\\/uploads\\\/2021\\\/04\\\/logo-feher-600.png\",\"width\":600,\"height\":100,\"caption\":\"Dorogi-medence Region\u00e1lis H\u00edrport\u00e1l\"},\"image\":{\"@id\":\"https:\\\/\\\/dorogimedence.hu\\\/#\\\/schema\\\/logo\\\/image\\\/\"},\"sameAs\":[\"https:\\\/\\\/www.facebook.com\\\/dorogimedence\\\/\"]},{\"@type\":\"Person\",\"@id\":\"https:\\\/\\\/dorogimedence.hu\\\/#\\\/schema\\\/person\\\/ce6091eeb7e95ecdc87890d6aa8e0fd4\",\"name\":\"dorogimedence.hu\",\"image\":{\"@type\":\"ImageObject\",\"inLanguage\":\"hu\",\"@id\":\"\\\/\\\/www.gravatar.com\\\/avatar\\\/d8d45f8901aadff40a4af72c0b826f1d?s=96&#038;r=g&#038;d=mm\",\"url\":\"\\\/\\\/www.gravatar.com\\\/avatar\\\/d8d45f8901aadff40a4af72c0b826f1d?s=96&#038;r=g&#038;d=mm\",\"contentUrl\":\"\\\/\\\/www.gravatar.com\\\/avatar\\\/d8d45f8901aadff40a4af72c0b826f1d?s=96&#038;r=g&#038;d=mm\",\"caption\":\"dorogimedence.hu\"}}]}<\/script>\n<!-- \/ Yoast SEO plugin. -->","yoast_head_json":{"title":"Business Excellence d\u00edjat kapott a Visit Esztergom","robots":{"index":"index","follow":"follow","max-snippet":"max-snippet:-1","max-image-preview":"max-image-preview:large","max-video-preview":"max-video-preview:-1"},"canonical":"https:\/\/dorogimedence.hu\/index.php\/2024\/06\/14\/business-excellence-dijat-kapott-a-visit-esztergom\/","og_locale":"hu_HU","og_type":"article","og_title":"Business Excellence d\u00edjat kapott a Visit Esztergom","og_description":"Id\u00e9n 14. alkalommal adta \u00e1t a Turizmus Kft. az \u00fczleti turizmus kiv\u00e1l\u00f3s\u00e1gait elismer\u0151 Business Excellence d\u00edjakat. A Birdie Events \u2013 Continental City Golf Clubban szerd\u00e1n megtartott d\u00edjkioszt\u00f3 \u00fcnneps\u00e9gen t\u00edz kateg\u00f3ri\u00e1ban osztottak szakmai \u00e9s k\u00f6z\u00f6ns\u00e9gd\u00edjakat. A &#8222;Legjobb desztin\u00e1ci\u00f3s marketing &#8211; belf\u00f6ld&#8221; kateg\u00f3ri\u00e1ban a szakmai gy\u0151ztes az Esztergomi Turisztikai Nonprofit Kft. (Visit Esztergom) lett \u2013 der\u00fcl ki","og_url":"https:\/\/dorogimedence.hu\/index.php\/2024\/06\/14\/business-excellence-dijat-kapott-a-visit-esztergom\/","og_site_name":"Dorogi-medence Region\u00e1lis H\u00edrport\u00e1l","article_publisher":"https:\/\/www.facebook.com\/dorogimedence\/","article_published_time":"2024-06-14T13:40:57+00:00","og_image":[{"width":1920,"height":1281,"url":"https:\/\/dorogimedence.hu\/wp-content\/uploads\/2024\/06\/Buex2024_dijazottak.jpg","type":"image\/jpeg"}],"author":"dorogimedence.hu","twitter_card":"summary_large_image","twitter_misc":{"Szerz\u0151:":"dorogimedence.hu","Becs\u00fclt olvas\u00e1si id\u0151":"5 perc"},"schema":{"@context":"https:\/\/schema.org","@graph":[{"@type":"Article","@id":"https:\/\/dorogimedence.hu\/index.php\/2024\/06\/14\/business-excellence-dijat-kapott-a-visit-esztergom\/#article","isPartOf":{"@id":"https:\/\/dorogimedence.hu\/index.php\/2024\/06\/14\/business-excellence-dijat-kapott-a-visit-esztergom\/"},"author":{"name":"dorogimedence.hu","@id":"https:\/\/dorogimedence.hu\/#\/schema\/person\/ce6091eeb7e95ecdc87890d6aa8e0fd4"},"headline":"Business Excellence d\u00edjat kapott a Visit Esztergom","datePublished":"2024-06-14T13:40:57+00:00","mainEntityOfPage":{"@id":"https:\/\/dorogimedence.hu\/index.php\/2024\/06\/14\/business-excellence-dijat-kapott-a-visit-esztergom\/"},"wordCount":924,"publisher":{"@id":"https:\/\/dorogimedence.hu\/#organization"},"image":{"@id":"https:\/\/dorogimedence.hu\/index.php\/2024\/06\/14\/business-excellence-dijat-kapott-a-visit-esztergom\/#primaryimage"},"thumbnailUrl":"https:\/\/dorogimedence.hu\/wp-content\/uploads\/2024\/06\/Buex2024_dijazottak.jpg","keywords":["Business Excellence d\u00edj","esztergom","featured"],"articleSection":["Esztergom","H\u00edrek"],"inLanguage":"hu"},{"@type":"WebPage","@id":"https:\/\/dorogimedence.hu\/index.php\/2024\/06\/14\/business-excellence-dijat-kapott-a-visit-esztergom\/","url":"https:\/\/dorogimedence.hu\/index.php\/2024\/06\/14\/business-excellence-dijat-kapott-a-visit-esztergom\/","name":"Business Excellence d\u00edjat kapott a Visit Esztergom","isPartOf":{"@id":"https:\/\/dorogimedence.hu\/#website"},"primaryImageOfPage":{"@id":"https:\/\/dorogimedence.hu\/index.php\/2024\/06\/14\/business-excellence-dijat-kapott-a-visit-esztergom\/#primaryimage"},"image":{"@id":"https:\/\/dorogimedence.hu\/index.php\/2024\/06\/14\/business-excellence-dijat-kapott-a-visit-esztergom\/#primaryimage"},"thumbnailUrl":"https:\/\/dorogimedence.hu\/wp-content\/uploads\/2024\/06\/Buex2024_dijazottak.jpg","datePublished":"2024-06-14T13:40:57+00:00","breadcrumb":{"@id":"https:\/\/dorogimedence.hu\/index.php\/2024\/06\/14\/business-excellence-dijat-kapott-a-visit-esztergom\/#breadcrumb"},"inLanguage":"hu","potentialAction":[{"@type":"ReadAction","target":["https:\/\/dorogimedence.hu\/index.php\/2024\/06\/14\/business-excellence-dijat-kapott-a-visit-esztergom\/"]}]},{"@type":"ImageObject","inLanguage":"hu","@id":"https:\/\/dorogimedence.hu\/index.php\/2024\/06\/14\/business-excellence-dijat-kapott-a-visit-esztergom\/#primaryimage","url":"https:\/\/dorogimedence.hu\/wp-content\/uploads\/2024\/06\/Buex2024_dijazottak.jpg","contentUrl":"https:\/\/dorogimedence.hu\/wp-content\/uploads\/2024\/06\/Buex2024_dijazottak.jpg","width":1920,"height":1281},{"@type":"BreadcrumbList","@id":"https:\/\/dorogimedence.hu\/index.php\/2024\/06\/14\/business-excellence-dijat-kapott-a-visit-esztergom\/#breadcrumb","itemListElement":[{"@type":"ListItem","position":1,"name":"Kezd\u0151lap","item":"https:\/\/dorogimedence.hu\/"},{"@type":"ListItem","position":2,"name":"Business Excellence d\u00edjat kapott a Visit Esztergom"}]},{"@type":"WebSite","@id":"https:\/\/dorogimedence.hu\/#website","url":"https:\/\/dorogimedence.hu\/","name":"Dorogi-medence Region\u00e1lis H\u00edrport\u00e1l","description":"Dorog, Keszt\u00f6lc, Le\u00e1nyv\u00e1r, Piliscs\u00e9v, Tokod, Tokodalt\u00e1r\u00f3, Csolnok, Esztergom-kertv\u00e1ros: h\u00edrek, programok","publisher":{"@id":"https:\/\/dorogimedence.hu\/#organization"},"potentialAction":[{"@type":"SearchAction","target":{"@type":"EntryPoint","urlTemplate":"https:\/\/dorogimedence.hu\/?s={search_term_string}"},"query-input":{"@type":"PropertyValueSpecification","valueRequired":true,"valueName":"search_term_string"}}],"inLanguage":"hu"},{"@type":"Organization","@id":"https:\/\/dorogimedence.hu\/#organization","name":"Dorogi-medence Region\u00e1lis H\u00edrport\u00e1l","url":"https:\/\/dorogimedence.hu\/","logo":{"@type":"ImageObject","inLanguage":"hu","@id":"https:\/\/dorogimedence.hu\/#\/schema\/logo\/image\/","url":"https:\/\/dorogimedence.hu\/wp-content\/uploads\/2021\/04\/logo-feher-600.png","contentUrl":"https:\/\/dorogimedence.hu\/wp-content\/uploads\/2021\/04\/logo-feher-600.png","width":600,"height":100,"caption":"Dorogi-medence Region\u00e1lis H\u00edrport\u00e1l"},"image":{"@id":"https:\/\/dorogimedence.hu\/#\/schema\/logo\/image\/"},"sameAs":["https:\/\/www.facebook.com\/dorogimedence\/"]},{"@type":"Person","@id":"https:\/\/dorogimedence.hu\/#\/schema\/person\/ce6091eeb7e95ecdc87890d6aa8e0fd4","name":"dorogimedence.hu","image":{"@type":"ImageObject","inLanguage":"hu","@id":"\/\/www.gravatar.com\/avatar\/d8d45f8901aadff40a4af72c0b826f1d?s=96&#038;r=g&#038;d=mm","url":"\/\/www.gravatar.com\/avatar\/d8d45f8901aadff40a4af72c0b826f1d?s=96&#038;r=g&#038;d=mm","contentUrl":"\/\/www.gravatar.com\/avatar\/d8d45f8901aadff40a4af72c0b826f1d?s=96&#038;r=g&#038;d=mm","caption":"dorogimedence.hu"}}]}},"_links":{"self":[{"href":"https:\/\/dorogimedence.hu\/index.php\/wp-json\/wp\/v2\/posts\/62726","targetHints":{"allow":["GET"]}}],"collection":[{"href":"https:\/\/dorogimedence.hu\/index.php\/wp-json\/wp\/v2\/posts"}],"about":[{"href":"https:\/\/dorogimedence.hu\/index.php\/wp-json\/wp\/v2\/types\/post"}],"author":[{"embeddable":true,"href":"https:\/\/dorogimedence.hu\/index.php\/wp-json\/wp\/v2\/users\/1"}],"replies":[{"embeddable":true,"href":"https:\/\/dorogimedence.hu\/index.php\/wp-json\/wp\/v2\/comments?post=62726"}],"version-history":[{"count":0,"href":"https:\/\/dorogimedence.hu\/index.php\/wp-json\/wp\/v2\/posts\/62726\/revisions"}],"wp:featuredmedia":[{"embeddable":true,"href":"https:\/\/dorogimedence.hu\/index.php\/wp-json\/wp\/v2\/media\/62727"}],"wp:attachment":[{"href":"https:\/\/dorogimedence.hu\/index.php\/wp-json\/wp\/v2\/media?parent=62726"}],"wp:term":[{"taxonomy":"category","embeddable":true,"href":"https:\/\/dorogimedence.hu\/index.php\/wp-json\/wp\/v2\/categories?post=62726"},{"taxonomy":"post_tag","embeddable":true,"href":"https:\/\/dorogimedence.hu\/index.php\/wp-json\/wp\/v2\/tags?post=62726"}],"curies":[{"name":"wp","href":"https:\/\/api.w.org\/{rel}","templated":true}]}}