{"id":62616,"date":"2024-06-12T10:55:15","date_gmt":"2024-06-12T08:55:15","guid":{"rendered":"https:\/\/dorogimedence.hu\/?p=62616"},"modified":"2024-06-12T10:55:15","modified_gmt":"2024-06-12T08:55:15","slug":"esztergomi-berelt-muhelycsarnokban-tarolt-nagy-mennyisegu-veszelyes-hulladekot","status":"publish","type":"post","link":"https:\/\/dorogimedence.hu\/index.php\/2024\/06\/12\/esztergomi-berelt-muhelycsarnokban-tarolt-nagy-mennyisegu-veszelyes-hulladekot\/","title":{"rendered":"Esztergomi b\u00e9relt m\u0171helycsarnokban t\u00e1rolt nagy mennyis\u00e9g\u0171 vesz\u00e9lyes hullad\u00e9kot"},"content":{"rendered":"<p><strong>Felf\u00fcggesztett b\u00f6rt\u00f6nb\u00fcntet\u00e9sre \u00edt\u00e9lt\u00e9k azt a f\u00e9rfit, aki az\u00e9rt b\u00e9relt egy esztergomi m\u0171helycsarnokot, hogy k\u00e1beleket \u00e9gessen, illetve hullad\u00e9kgazd\u00e1lkod\u00e1si tev\u00e9kenys\u00e9get v\u00e9gezzen. A f\u00e9rfi t\u00f6bb mint 12 ezer kilogramm hullad\u00e9kot halmozott fel illeg\u00e1lisan.<\/strong><\/p>\n<p>A meg\u00e1llap\u00edtott t\u00e9ny\u00e1ll\u00e1s szerint a v\u00e1dlott 2021. december 21. napj\u00e1t\u00f3l rakt\u00e1roz\u00e1s \u00e9s villanymotorok fel\u00faj\u00edt\u00e1sa c\u00e9lj\u00e1b\u00f3l b\u00e9relt egy esztergomi m\u0171helycsarnokban helyis\u00e9get. A v\u00e1dlott a fentiekt\u0151l elt\u00e9r\u0151en, amiatt vette b\u00e9rbe a ter\u00fcletet, mert hullad\u00e9kgazd\u00e1lkod\u00e1si tev\u00e9kenys\u00e9get k\u00edv\u00e1nt folytatni, melynek keret\u00e9ben a r\u00e9sz\u00e9re \u00e1tadott hullad\u00e9kokb\u00f3l kinyert nemesf\u00e9met a k\u00f6rnyez\u0151 hullad\u00e9ktelepekre leadta, de a v\u00e1dlott az ehhez sz\u00fcks\u00e9ges enged\u00e9lyekkel nem rendelkezett.<\/p>\n<p>A v\u00e1dlott a hullad\u00e9kgazd\u00e1lkod\u00e1si tev\u00e9kenys\u00e9g keret\u00e9ben \u00e1tvett k\u00e1belekr\u0151l a m\u0171anyag bevonatot \u00e9get\u00e9ssel elt\u00e1vol\u00edtotta el, majd ezt k\u00f6vet\u0151en \u00e9rt\u00e9kes\u00edtette.<\/p>\n<p><img fetchpriority=\"high\" decoding=\"async\" class=\"alignnone size-full wp-image-62618\" src=\"https:\/\/dorogimedence.hu\/wp-content\/uploads\/2024\/06\/hulladek-f2-0612.jpg\" alt=\"\" width=\"809\" height=\"603\" srcset=\"https:\/\/dorogimedence.hu\/wp-content\/uploads\/2024\/06\/hulladek-f2-0612.jpg 809w, https:\/\/dorogimedence.hu\/wp-content\/uploads\/2024\/06\/hulladek-f2-0612-600x447.jpg 600w, https:\/\/dorogimedence.hu\/wp-content\/uploads\/2024\/06\/hulladek-f2-0612-768x572.jpg 768w, https:\/\/dorogimedence.hu\/wp-content\/uploads\/2024\/06\/hulladek-f2-0612-150x112.jpg 150w, https:\/\/dorogimedence.hu\/wp-content\/uploads\/2024\/06\/hulladek-f2-0612-450x335.jpg 450w\" sizes=\"(max-width: 809px) 100vw, 809px\" \/><\/p>\n<p>A v\u00e1dlott 2022. janu\u00e1rt\u00f3l 2022. m\u00e1jus 10-ig 4000 kg vas \u00e9s ac\u00e9lhullad\u00e9kot, 500 kg hullad\u00e9kk\u00e1 v\u00e1lt gumiabroncsot, 1500 kg lom hullad\u00e9kot, 320 kg&nbsp; CFH-t tartalmaz\u00f3 kiselejtezett berendez\u00e9s\u0171 <em>vesz\u00e9lyes hullad\u00e9kot <\/em>(h\u0171t\u0151alkatr\u00e9sz), 1000 kg szennyezett felitat\u00f3 anyagokat, 1000 kg mennyis\u00e9g\u0171 vesz\u00e9lyes anyagokat tartalmaz\u00f3 alkatr\u00e9szeket, 3000 kg k\u00f6zelebbr\u0151l meg nem hat\u00e1rozhat\u00f3 alkatr\u00e9sz hullad\u00e9kokat, 300 kg&nbsp; vesz\u00e9lyes anyagokat tartalmaz\u00f3 kaz\u00e1nhamu \u00e9s salakanyag hullad\u00e9kokat, valamint 500 kg \u00e9getett k\u00e1bel hullad\u00e9kot helyezett el.<\/p>\n<p>Az elk\u00f6vet\u0151 \u00e1ltal \u00e1tvett \u00e9s az ingatlanon t\u00e1rolt 12.120 kilogramm hullad\u00e9k &#8211; amib\u0151l a vesz\u00e9lyes hullad\u00e9k mennyis\u00e9ge 2320 kilogramm &#8211; vesz\u00e9lyeztette a k\u00f6rnyezet elemeit, vesz\u00e9lyt jelentett a talajra, a talajv\u00edzre \u00e9s a leveg\u0151re.<\/p>\n<p><img decoding=\"async\" class=\"alignnone size-full wp-image-62619\" src=\"https:\/\/dorogimedence.hu\/wp-content\/uploads\/2024\/06\/hulladek-f3-0612.jpg\" alt=\"\" width=\"801\" height=\"604\" srcset=\"https:\/\/dorogimedence.hu\/wp-content\/uploads\/2024\/06\/hulladek-f3-0612.jpg 801w, https:\/\/dorogimedence.hu\/wp-content\/uploads\/2024\/06\/hulladek-f3-0612-600x452.jpg 600w, https:\/\/dorogimedence.hu\/wp-content\/uploads\/2024\/06\/hulladek-f3-0612-768x579.jpg 768w, https:\/\/dorogimedence.hu\/wp-content\/uploads\/2024\/06\/hulladek-f3-0612-150x113.jpg 150w, https:\/\/dorogimedence.hu\/wp-content\/uploads\/2024\/06\/hulladek-f3-0612-450x339.jpg 450w\" sizes=\"(max-width: 801px) 100vw, 801px\" \/><\/p>\n<p>A f\u00e9rfi&nbsp;2022. j\u00fanius 17-\u00e9n, 16 \u00f3ra 36 percet megel\u0151z\u0151en az ingatlanon egy f\u00e9mhord\u00f3ban villanymotor alkatr\u00e9szek szigetel\u00e9s\u00e9t \u00e9s az \u00e1tvett k\u00e1belr\u0151l a m\u0171anyag bevonatot \u00e9get\u00e9ssel t\u00e1vol\u00edtotta el, az \u00e9get\u00e9sr\u0151l egy \u00e1llampolg\u00e1r \u00e9rtes\u00edtette a katasztr\u00f3fav\u00e9delmet. A&nbsp;t\u0171zolt\u00f3k a helysz\u00ednre \u00e9rkez\u00e9s\u00fcket k\u00f6vet\u0151en a t\u00fczet egy gyorsbeavatkoz\u00f3 sug\u00e1rral eloltott\u00e1k.<\/p>\n<p>Az <em>Esztergomi J\u00e1r\u00e1si \u00dcgy\u00e9szs\u00e9g v\u00e1dirata alapj\u00e1n az <\/em>Esztergomi J\u00e1r\u00e1sb\u00edr\u00f3s\u00e1g k\u00fcl\u00f6n\u00f6sen jelent\u0151s mennyis\u00e9g\u0171 \u00e9s vesz\u00e9lyes hullad\u00e9kra elk\u00f6vetett hullad\u00e9kgazd\u00e1lkod\u00e1s rendje megs\u00e9rt\u00e9s\u00e9nek b\u0171ntette miatt indult \u00fcgyben, el\u0151k\u00e9sz\u00edt\u0151 \u00fcl\u00e9sen hozott \u00edt\u00e9letet. A b\u00edr\u00f3s\u00e1g a v\u00e1dlottat 2 \u00e9v, v\u00e9grehajt\u00e1s\u00e1ban 2 \u00e9v 6 h\u00f3napra felf\u00fcggesztett b\u00f6rt\u00f6nb\u00fcntet\u00e9sre \u00edt\u00e9lte. Az els\u0151fok\u00fa \u00edt\u00e9let&nbsp;joger\u0151s, azt az \u00fcgy\u00e9sz, v\u00e1dlott \u00e9s v\u00e9d\u0151 is tudom\u00e1sul vette.<\/p>\n<p><em>Fot\u00f3k, forr\u00e1s: Kom\u00e1rom-Esztergom V\u00e1rmegyei F\u0151\u00fcgy\u00e9szs\u00e9g \/ Tatab\u00e1nyai T\u00f6rv\u00e9nysz\u00e9k<\/em><\/p>\n","protected":false},"excerpt":{"rendered":"<p>Felf\u00fcggesztett b\u00f6rt\u00f6nb\u00fcntet\u00e9sre \u00edt\u00e9lt\u00e9k azt a f\u00e9rfit, aki az\u00e9rt b\u00e9relt egy esztergomi m\u0171helycsarnokot, hogy k\u00e1beleket \u00e9gessen, illetve hullad\u00e9kgazd\u00e1lkod\u00e1si tev\u00e9kenys\u00e9get v\u00e9gezzen. A f\u00e9rfi t\u00f6bb mint 12 ezer kilogramm hullad\u00e9kot halmozott fel illeg\u00e1lisan. A meg\u00e1llap\u00edtott t\u00e9ny\u00e1ll\u00e1s szerint a v\u00e1dlott 2021. december 21. napj\u00e1t\u00f3l rakt\u00e1roz\u00e1s \u00e9s villanymotorok fel\u00faj\u00edt\u00e1sa c\u00e9lj\u00e1b\u00f3l b\u00e9relt egy esztergomi m\u0171helycsarnokban helyis\u00e9get. A v\u00e1dlott a fentiekt\u0151l elt\u00e9r\u0151en,<\/p>\n","protected":false},"author":1,"featured_media":62617,"comment_status":"closed","ping_status":"closed","sticky":false,"template":"","format":"standard","meta":{"ngg_post_thumbnail":0,"footnotes":""},"categories":[38,3,39],"tags":[63,42,61],"class_list":{"0":"post-62616","1":"post","2":"type-post","3":"status-publish","4":"format-standard","5":"has-post-thumbnail","7":"category-esztergom","8":"category-hirek","9":"category-kek-hirek","10":"tag-buncselekmeny","11":"tag-esztergom","12":"tag-rendorsegi-hirek"},"yoast_head":"<!-- This site is optimized with the Yoast SEO plugin v27.5 - https:\/\/yoast.com\/product\/yoast-seo-wordpress\/ -->\n<title>Esztergomi b\u00e9relt m\u0171helycsarnokban t\u00e1rolt nagy mennyis\u00e9g\u0171 vesz\u00e9lyes hullad\u00e9kot<\/title>\n<meta name=\"robots\" content=\"index, follow, max-snippet:-1, max-image-preview:large, max-video-preview:-1\" \/>\n<link rel=\"canonical\" href=\"https:\/\/dorogimedence.hu\/index.php\/2024\/06\/12\/esztergomi-berelt-muhelycsarnokban-tarolt-nagy-mennyisegu-veszelyes-hulladekot\/\" class=\"yoast-seo-meta-tag\" \/>\n<meta property=\"og:locale\" content=\"hu_HU\" class=\"yoast-seo-meta-tag\" \/>\n<meta property=\"og:type\" content=\"article\" class=\"yoast-seo-meta-tag\" \/>\n<meta property=\"og:title\" content=\"Esztergomi b\u00e9relt m\u0171helycsarnokban t\u00e1rolt nagy mennyis\u00e9g\u0171 vesz\u00e9lyes hullad\u00e9kot\" class=\"yoast-seo-meta-tag\" \/>\n<meta property=\"og:description\" content=\"Felf\u00fcggesztett b\u00f6rt\u00f6nb\u00fcntet\u00e9sre \u00edt\u00e9lt\u00e9k azt a f\u00e9rfit, aki az\u00e9rt b\u00e9relt egy esztergomi m\u0171helycsarnokot, hogy k\u00e1beleket \u00e9gessen, illetve hullad\u00e9kgazd\u00e1lkod\u00e1si tev\u00e9kenys\u00e9get v\u00e9gezzen. A f\u00e9rfi t\u00f6bb mint 12 ezer kilogramm hullad\u00e9kot halmozott fel illeg\u00e1lisan. A meg\u00e1llap\u00edtott t\u00e9ny\u00e1ll\u00e1s szerint a v\u00e1dlott 2021. december 21. napj\u00e1t\u00f3l rakt\u00e1roz\u00e1s \u00e9s villanymotorok fel\u00faj\u00edt\u00e1sa c\u00e9lj\u00e1b\u00f3l b\u00e9relt egy esztergomi m\u0171helycsarnokban helyis\u00e9get. A v\u00e1dlott a fentiekt\u0151l elt\u00e9r\u0151en,\" class=\"yoast-seo-meta-tag\" \/>\n<meta property=\"og:url\" content=\"https:\/\/dorogimedence.hu\/index.php\/2024\/06\/12\/esztergomi-berelt-muhelycsarnokban-tarolt-nagy-mennyisegu-veszelyes-hulladekot\/\" class=\"yoast-seo-meta-tag\" \/>\n<meta property=\"og:site_name\" content=\"Dorogi-medence Region\u00e1lis H\u00edrport\u00e1l\" class=\"yoast-seo-meta-tag\" \/>\n<meta property=\"article:publisher\" content=\"https:\/\/www.facebook.com\/dorogimedence\/\" class=\"yoast-seo-meta-tag\" \/>\n<meta property=\"article:published_time\" content=\"2024-06-12T08:55:15+00:00\" class=\"yoast-seo-meta-tag\" \/>\n<meta property=\"og:image\" content=\"https:\/\/dorogimedence.hu\/wp-content\/uploads\/2024\/06\/hulladek-f1-0612.jpg\" class=\"yoast-seo-meta-tag\" \/>\n\t<meta property=\"og:image:width\" content=\"815\" class=\"yoast-seo-meta-tag\" \/>\n\t<meta property=\"og:image:height\" content=\"598\" class=\"yoast-seo-meta-tag\" \/>\n\t<meta property=\"og:image:type\" content=\"image\/jpeg\" class=\"yoast-seo-meta-tag\" \/>\n<meta name=\"author\" content=\"dorogimedence.hu\" class=\"yoast-seo-meta-tag\" \/>\n<meta name=\"twitter:card\" content=\"summary_large_image\" class=\"yoast-seo-meta-tag\" \/>\n<meta name=\"twitter:label1\" content=\"Szerz\u0151:\" class=\"yoast-seo-meta-tag\" \/>\n\t<meta name=\"twitter:data1\" content=\"dorogimedence.hu\" class=\"yoast-seo-meta-tag\" \/>\n\t<meta name=\"twitter:label2\" content=\"Becs\u00fclt olvas\u00e1si id\u0151\" class=\"yoast-seo-meta-tag\" \/>\n\t<meta name=\"twitter:data2\" content=\"3 perc\" class=\"yoast-seo-meta-tag\" \/>\n<script type=\"application\/ld+json\" class=\"yoast-schema-graph\">{\"@context\":\"https:\\\/\\\/schema.org\",\"@graph\":[{\"@type\":\"Article\",\"@id\":\"https:\\\/\\\/dorogimedence.hu\\\/index.php\\\/2024\\\/06\\\/12\\\/esztergomi-berelt-muhelycsarnokban-tarolt-nagy-mennyisegu-veszelyes-hulladekot\\\/#article\",\"isPartOf\":{\"@id\":\"https:\\\/\\\/dorogimedence.hu\\\/index.php\\\/2024\\\/06\\\/12\\\/esztergomi-berelt-muhelycsarnokban-tarolt-nagy-mennyisegu-veszelyes-hulladekot\\\/\"},\"author\":{\"name\":\"dorogimedence.hu\",\"@id\":\"https:\\\/\\\/dorogimedence.hu\\\/#\\\/schema\\\/person\\\/ce6091eeb7e95ecdc87890d6aa8e0fd4\"},\"headline\":\"Esztergomi b\u00e9relt m\u0171helycsarnokban t\u00e1rolt nagy mennyis\u00e9g\u0171 vesz\u00e9lyes hullad\u00e9kot\",\"datePublished\":\"2024-06-12T08:55:15+00:00\",\"mainEntityOfPage\":{\"@id\":\"https:\\\/\\\/dorogimedence.hu\\\/index.php\\\/2024\\\/06\\\/12\\\/esztergomi-berelt-muhelycsarnokban-tarolt-nagy-mennyisegu-veszelyes-hulladekot\\\/\"},\"wordCount\":526,\"publisher\":{\"@id\":\"https:\\\/\\\/dorogimedence.hu\\\/#organization\"},\"image\":{\"@id\":\"https:\\\/\\\/dorogimedence.hu\\\/index.php\\\/2024\\\/06\\\/12\\\/esztergomi-berelt-muhelycsarnokban-tarolt-nagy-mennyisegu-veszelyes-hulladekot\\\/#primaryimage\"},\"thumbnailUrl\":\"https:\\\/\\\/dorogimedence.hu\\\/wp-content\\\/uploads\\\/2024\\\/06\\\/hulladek-f1-0612.jpg\",\"keywords\":[\"b\u0171ncselekm\u00e9ny\",\"esztergom\",\"rend\u0151rs\u00e9gi h\u00edrek\"],\"articleSection\":[\"Esztergom\",\"H\u00edrek\",\"K\u00e9k h\u00edrek\"],\"inLanguage\":\"hu\"},{\"@type\":\"WebPage\",\"@id\":\"https:\\\/\\\/dorogimedence.hu\\\/index.php\\\/2024\\\/06\\\/12\\\/esztergomi-berelt-muhelycsarnokban-tarolt-nagy-mennyisegu-veszelyes-hulladekot\\\/\",\"url\":\"https:\\\/\\\/dorogimedence.hu\\\/index.php\\\/2024\\\/06\\\/12\\\/esztergomi-berelt-muhelycsarnokban-tarolt-nagy-mennyisegu-veszelyes-hulladekot\\\/\",\"name\":\"Esztergomi b\u00e9relt m\u0171helycsarnokban t\u00e1rolt nagy mennyis\u00e9g\u0171 vesz\u00e9lyes hullad\u00e9kot\",\"isPartOf\":{\"@id\":\"https:\\\/\\\/dorogimedence.hu\\\/#website\"},\"primaryImageOfPage\":{\"@id\":\"https:\\\/\\\/dorogimedence.hu\\\/index.php\\\/2024\\\/06\\\/12\\\/esztergomi-berelt-muhelycsarnokban-tarolt-nagy-mennyisegu-veszelyes-hulladekot\\\/#primaryimage\"},\"image\":{\"@id\":\"https:\\\/\\\/dorogimedence.hu\\\/index.php\\\/2024\\\/06\\\/12\\\/esztergomi-berelt-muhelycsarnokban-tarolt-nagy-mennyisegu-veszelyes-hulladekot\\\/#primaryimage\"},\"thumbnailUrl\":\"https:\\\/\\\/dorogimedence.hu\\\/wp-content\\\/uploads\\\/2024\\\/06\\\/hulladek-f1-0612.jpg\",\"datePublished\":\"2024-06-12T08:55:15+00:00\",\"breadcrumb\":{\"@id\":\"https:\\\/\\\/dorogimedence.hu\\\/index.php\\\/2024\\\/06\\\/12\\\/esztergomi-berelt-muhelycsarnokban-tarolt-nagy-mennyisegu-veszelyes-hulladekot\\\/#breadcrumb\"},\"inLanguage\":\"hu\",\"potentialAction\":[{\"@type\":\"ReadAction\",\"target\":[\"https:\\\/\\\/dorogimedence.hu\\\/index.php\\\/2024\\\/06\\\/12\\\/esztergomi-berelt-muhelycsarnokban-tarolt-nagy-mennyisegu-veszelyes-hulladekot\\\/\"]}]},{\"@type\":\"ImageObject\",\"inLanguage\":\"hu\",\"@id\":\"https:\\\/\\\/dorogimedence.hu\\\/index.php\\\/2024\\\/06\\\/12\\\/esztergomi-berelt-muhelycsarnokban-tarolt-nagy-mennyisegu-veszelyes-hulladekot\\\/#primaryimage\",\"url\":\"https:\\\/\\\/dorogimedence.hu\\\/wp-content\\\/uploads\\\/2024\\\/06\\\/hulladek-f1-0612.jpg\",\"contentUrl\":\"https:\\\/\\\/dorogimedence.hu\\\/wp-content\\\/uploads\\\/2024\\\/06\\\/hulladek-f1-0612.jpg\",\"width\":815,\"height\":598},{\"@type\":\"BreadcrumbList\",\"@id\":\"https:\\\/\\\/dorogimedence.hu\\\/index.php\\\/2024\\\/06\\\/12\\\/esztergomi-berelt-muhelycsarnokban-tarolt-nagy-mennyisegu-veszelyes-hulladekot\\\/#breadcrumb\",\"itemListElement\":[{\"@type\":\"ListItem\",\"position\":1,\"name\":\"Kezd\u0151lap\",\"item\":\"https:\\\/\\\/dorogimedence.hu\\\/\"},{\"@type\":\"ListItem\",\"position\":2,\"name\":\"Esztergomi b\u00e9relt m\u0171helycsarnokban t\u00e1rolt nagy mennyis\u00e9g\u0171 vesz\u00e9lyes hullad\u00e9kot\"}]},{\"@type\":\"WebSite\",\"@id\":\"https:\\\/\\\/dorogimedence.hu\\\/#website\",\"url\":\"https:\\\/\\\/dorogimedence.hu\\\/\",\"name\":\"Dorogi-medence Region\u00e1lis H\u00edrport\u00e1l\",\"description\":\"Dorog, Keszt\u00f6lc, Le\u00e1nyv\u00e1r, Piliscs\u00e9v, Tokod, Tokodalt\u00e1r\u00f3, Csolnok, Esztergom-kertv\u00e1ros: h\u00edrek, programok\",\"publisher\":{\"@id\":\"https:\\\/\\\/dorogimedence.hu\\\/#organization\"},\"potentialAction\":[{\"@type\":\"SearchAction\",\"target\":{\"@type\":\"EntryPoint\",\"urlTemplate\":\"https:\\\/\\\/dorogimedence.hu\\\/?s={search_term_string}\"},\"query-input\":{\"@type\":\"PropertyValueSpecification\",\"valueRequired\":true,\"valueName\":\"search_term_string\"}}],\"inLanguage\":\"hu\"},{\"@type\":\"Organization\",\"@id\":\"https:\\\/\\\/dorogimedence.hu\\\/#organization\",\"name\":\"Dorogi-medence Region\u00e1lis H\u00edrport\u00e1l\",\"url\":\"https:\\\/\\\/dorogimedence.hu\\\/\",\"logo\":{\"@type\":\"ImageObject\",\"inLanguage\":\"hu\",\"@id\":\"https:\\\/\\\/dorogimedence.hu\\\/#\\\/schema\\\/logo\\\/image\\\/\",\"url\":\"https:\\\/\\\/dorogimedence.hu\\\/wp-content\\\/uploads\\\/2021\\\/04\\\/logo-feher-600.png\",\"contentUrl\":\"https:\\\/\\\/dorogimedence.hu\\\/wp-content\\\/uploads\\\/2021\\\/04\\\/logo-feher-600.png\",\"width\":600,\"height\":100,\"caption\":\"Dorogi-medence Region\u00e1lis H\u00edrport\u00e1l\"},\"image\":{\"@id\":\"https:\\\/\\\/dorogimedence.hu\\\/#\\\/schema\\\/logo\\\/image\\\/\"},\"sameAs\":[\"https:\\\/\\\/www.facebook.com\\\/dorogimedence\\\/\"]},{\"@type\":\"Person\",\"@id\":\"https:\\\/\\\/dorogimedence.hu\\\/#\\\/schema\\\/person\\\/ce6091eeb7e95ecdc87890d6aa8e0fd4\",\"name\":\"dorogimedence.hu\",\"image\":{\"@type\":\"ImageObject\",\"inLanguage\":\"hu\",\"@id\":\"\\\/\\\/www.gravatar.com\\\/avatar\\\/d8d45f8901aadff40a4af72c0b826f1d?s=96&#038;r=g&#038;d=mm\",\"url\":\"\\\/\\\/www.gravatar.com\\\/avatar\\\/d8d45f8901aadff40a4af72c0b826f1d?s=96&#038;r=g&#038;d=mm\",\"contentUrl\":\"\\\/\\\/www.gravatar.com\\\/avatar\\\/d8d45f8901aadff40a4af72c0b826f1d?s=96&#038;r=g&#038;d=mm\",\"caption\":\"dorogimedence.hu\"}}]}<\/script>\n<!-- \/ Yoast SEO plugin. -->","yoast_head_json":{"title":"Esztergomi b\u00e9relt m\u0171helycsarnokban t\u00e1rolt nagy mennyis\u00e9g\u0171 vesz\u00e9lyes hullad\u00e9kot","robots":{"index":"index","follow":"follow","max-snippet":"max-snippet:-1","max-image-preview":"max-image-preview:large","max-video-preview":"max-video-preview:-1"},"canonical":"https:\/\/dorogimedence.hu\/index.php\/2024\/06\/12\/esztergomi-berelt-muhelycsarnokban-tarolt-nagy-mennyisegu-veszelyes-hulladekot\/","og_locale":"hu_HU","og_type":"article","og_title":"Esztergomi b\u00e9relt m\u0171helycsarnokban t\u00e1rolt nagy mennyis\u00e9g\u0171 vesz\u00e9lyes hullad\u00e9kot","og_description":"Felf\u00fcggesztett b\u00f6rt\u00f6nb\u00fcntet\u00e9sre \u00edt\u00e9lt\u00e9k azt a f\u00e9rfit, aki az\u00e9rt b\u00e9relt egy esztergomi m\u0171helycsarnokot, hogy k\u00e1beleket \u00e9gessen, illetve hullad\u00e9kgazd\u00e1lkod\u00e1si tev\u00e9kenys\u00e9get v\u00e9gezzen. A f\u00e9rfi t\u00f6bb mint 12 ezer kilogramm hullad\u00e9kot halmozott fel illeg\u00e1lisan. A meg\u00e1llap\u00edtott t\u00e9ny\u00e1ll\u00e1s szerint a v\u00e1dlott 2021. december 21. napj\u00e1t\u00f3l rakt\u00e1roz\u00e1s \u00e9s villanymotorok fel\u00faj\u00edt\u00e1sa c\u00e9lj\u00e1b\u00f3l b\u00e9relt egy esztergomi m\u0171helycsarnokban helyis\u00e9get. A v\u00e1dlott a fentiekt\u0151l elt\u00e9r\u0151en,","og_url":"https:\/\/dorogimedence.hu\/index.php\/2024\/06\/12\/esztergomi-berelt-muhelycsarnokban-tarolt-nagy-mennyisegu-veszelyes-hulladekot\/","og_site_name":"Dorogi-medence Region\u00e1lis H\u00edrport\u00e1l","article_publisher":"https:\/\/www.facebook.com\/dorogimedence\/","article_published_time":"2024-06-12T08:55:15+00:00","og_image":[{"width":815,"height":598,"url":"https:\/\/dorogimedence.hu\/wp-content\/uploads\/2024\/06\/hulladek-f1-0612.jpg","type":"image\/jpeg"}],"author":"dorogimedence.hu","twitter_card":"summary_large_image","twitter_misc":{"Szerz\u0151:":"dorogimedence.hu","Becs\u00fclt olvas\u00e1si id\u0151":"3 perc"},"schema":{"@context":"https:\/\/schema.org","@graph":[{"@type":"Article","@id":"https:\/\/dorogimedence.hu\/index.php\/2024\/06\/12\/esztergomi-berelt-muhelycsarnokban-tarolt-nagy-mennyisegu-veszelyes-hulladekot\/#article","isPartOf":{"@id":"https:\/\/dorogimedence.hu\/index.php\/2024\/06\/12\/esztergomi-berelt-muhelycsarnokban-tarolt-nagy-mennyisegu-veszelyes-hulladekot\/"},"author":{"name":"dorogimedence.hu","@id":"https:\/\/dorogimedence.hu\/#\/schema\/person\/ce6091eeb7e95ecdc87890d6aa8e0fd4"},"headline":"Esztergomi b\u00e9relt m\u0171helycsarnokban t\u00e1rolt nagy mennyis\u00e9g\u0171 vesz\u00e9lyes hullad\u00e9kot","datePublished":"2024-06-12T08:55:15+00:00","mainEntityOfPage":{"@id":"https:\/\/dorogimedence.hu\/index.php\/2024\/06\/12\/esztergomi-berelt-muhelycsarnokban-tarolt-nagy-mennyisegu-veszelyes-hulladekot\/"},"wordCount":526,"publisher":{"@id":"https:\/\/dorogimedence.hu\/#organization"},"image":{"@id":"https:\/\/dorogimedence.hu\/index.php\/2024\/06\/12\/esztergomi-berelt-muhelycsarnokban-tarolt-nagy-mennyisegu-veszelyes-hulladekot\/#primaryimage"},"thumbnailUrl":"https:\/\/dorogimedence.hu\/wp-content\/uploads\/2024\/06\/hulladek-f1-0612.jpg","keywords":["b\u0171ncselekm\u00e9ny","esztergom","rend\u0151rs\u00e9gi h\u00edrek"],"articleSection":["Esztergom","H\u00edrek","K\u00e9k h\u00edrek"],"inLanguage":"hu"},{"@type":"WebPage","@id":"https:\/\/dorogimedence.hu\/index.php\/2024\/06\/12\/esztergomi-berelt-muhelycsarnokban-tarolt-nagy-mennyisegu-veszelyes-hulladekot\/","url":"https:\/\/dorogimedence.hu\/index.php\/2024\/06\/12\/esztergomi-berelt-muhelycsarnokban-tarolt-nagy-mennyisegu-veszelyes-hulladekot\/","name":"Esztergomi b\u00e9relt m\u0171helycsarnokban t\u00e1rolt nagy mennyis\u00e9g\u0171 vesz\u00e9lyes hullad\u00e9kot","isPartOf":{"@id":"https:\/\/dorogimedence.hu\/#website"},"primaryImageOfPage":{"@id":"https:\/\/dorogimedence.hu\/index.php\/2024\/06\/12\/esztergomi-berelt-muhelycsarnokban-tarolt-nagy-mennyisegu-veszelyes-hulladekot\/#primaryimage"},"image":{"@id":"https:\/\/dorogimedence.hu\/index.php\/2024\/06\/12\/esztergomi-berelt-muhelycsarnokban-tarolt-nagy-mennyisegu-veszelyes-hulladekot\/#primaryimage"},"thumbnailUrl":"https:\/\/dorogimedence.hu\/wp-content\/uploads\/2024\/06\/hulladek-f1-0612.jpg","datePublished":"2024-06-12T08:55:15+00:00","breadcrumb":{"@id":"https:\/\/dorogimedence.hu\/index.php\/2024\/06\/12\/esztergomi-berelt-muhelycsarnokban-tarolt-nagy-mennyisegu-veszelyes-hulladekot\/#breadcrumb"},"inLanguage":"hu","potentialAction":[{"@type":"ReadAction","target":["https:\/\/dorogimedence.hu\/index.php\/2024\/06\/12\/esztergomi-berelt-muhelycsarnokban-tarolt-nagy-mennyisegu-veszelyes-hulladekot\/"]}]},{"@type":"ImageObject","inLanguage":"hu","@id":"https:\/\/dorogimedence.hu\/index.php\/2024\/06\/12\/esztergomi-berelt-muhelycsarnokban-tarolt-nagy-mennyisegu-veszelyes-hulladekot\/#primaryimage","url":"https:\/\/dorogimedence.hu\/wp-content\/uploads\/2024\/06\/hulladek-f1-0612.jpg","contentUrl":"https:\/\/dorogimedence.hu\/wp-content\/uploads\/2024\/06\/hulladek-f1-0612.jpg","width":815,"height":598},{"@type":"BreadcrumbList","@id":"https:\/\/dorogimedence.hu\/index.php\/2024\/06\/12\/esztergomi-berelt-muhelycsarnokban-tarolt-nagy-mennyisegu-veszelyes-hulladekot\/#breadcrumb","itemListElement":[{"@type":"ListItem","position":1,"name":"Kezd\u0151lap","item":"https:\/\/dorogimedence.hu\/"},{"@type":"ListItem","position":2,"name":"Esztergomi b\u00e9relt m\u0171helycsarnokban t\u00e1rolt nagy mennyis\u00e9g\u0171 vesz\u00e9lyes hullad\u00e9kot"}]},{"@type":"WebSite","@id":"https:\/\/dorogimedence.hu\/#website","url":"https:\/\/dorogimedence.hu\/","name":"Dorogi-medence Region\u00e1lis H\u00edrport\u00e1l","description":"Dorog, Keszt\u00f6lc, Le\u00e1nyv\u00e1r, Piliscs\u00e9v, Tokod, Tokodalt\u00e1r\u00f3, Csolnok, Esztergom-kertv\u00e1ros: h\u00edrek, programok","publisher":{"@id":"https:\/\/dorogimedence.hu\/#organization"},"potentialAction":[{"@type":"SearchAction","target":{"@type":"EntryPoint","urlTemplate":"https:\/\/dorogimedence.hu\/?s={search_term_string}"},"query-input":{"@type":"PropertyValueSpecification","valueRequired":true,"valueName":"search_term_string"}}],"inLanguage":"hu"},{"@type":"Organization","@id":"https:\/\/dorogimedence.hu\/#organization","name":"Dorogi-medence Region\u00e1lis H\u00edrport\u00e1l","url":"https:\/\/dorogimedence.hu\/","logo":{"@type":"ImageObject","inLanguage":"hu","@id":"https:\/\/dorogimedence.hu\/#\/schema\/logo\/image\/","url":"https:\/\/dorogimedence.hu\/wp-content\/uploads\/2021\/04\/logo-feher-600.png","contentUrl":"https:\/\/dorogimedence.hu\/wp-content\/uploads\/2021\/04\/logo-feher-600.png","width":600,"height":100,"caption":"Dorogi-medence Region\u00e1lis H\u00edrport\u00e1l"},"image":{"@id":"https:\/\/dorogimedence.hu\/#\/schema\/logo\/image\/"},"sameAs":["https:\/\/www.facebook.com\/dorogimedence\/"]},{"@type":"Person","@id":"https:\/\/dorogimedence.hu\/#\/schema\/person\/ce6091eeb7e95ecdc87890d6aa8e0fd4","name":"dorogimedence.hu","image":{"@type":"ImageObject","inLanguage":"hu","@id":"\/\/www.gravatar.com\/avatar\/d8d45f8901aadff40a4af72c0b826f1d?s=96&#038;r=g&#038;d=mm","url":"\/\/www.gravatar.com\/avatar\/d8d45f8901aadff40a4af72c0b826f1d?s=96&#038;r=g&#038;d=mm","contentUrl":"\/\/www.gravatar.com\/avatar\/d8d45f8901aadff40a4af72c0b826f1d?s=96&#038;r=g&#038;d=mm","caption":"dorogimedence.hu"}}]}},"_links":{"self":[{"href":"https:\/\/dorogimedence.hu\/index.php\/wp-json\/wp\/v2\/posts\/62616","targetHints":{"allow":["GET"]}}],"collection":[{"href":"https:\/\/dorogimedence.hu\/index.php\/wp-json\/wp\/v2\/posts"}],"about":[{"href":"https:\/\/dorogimedence.hu\/index.php\/wp-json\/wp\/v2\/types\/post"}],"author":[{"embeddable":true,"href":"https:\/\/dorogimedence.hu\/index.php\/wp-json\/wp\/v2\/users\/1"}],"replies":[{"embeddable":true,"href":"https:\/\/dorogimedence.hu\/index.php\/wp-json\/wp\/v2\/comments?post=62616"}],"version-history":[{"count":0,"href":"https:\/\/dorogimedence.hu\/index.php\/wp-json\/wp\/v2\/posts\/62616\/revisions"}],"wp:featuredmedia":[{"embeddable":true,"href":"https:\/\/dorogimedence.hu\/index.php\/wp-json\/wp\/v2\/media\/62617"}],"wp:attachment":[{"href":"https:\/\/dorogimedence.hu\/index.php\/wp-json\/wp\/v2\/media?parent=62616"}],"wp:term":[{"taxonomy":"category","embeddable":true,"href":"https:\/\/dorogimedence.hu\/index.php\/wp-json\/wp\/v2\/categories?post=62616"},{"taxonomy":"post_tag","embeddable":true,"href":"https:\/\/dorogimedence.hu\/index.php\/wp-json\/wp\/v2\/tags?post=62616"}],"curies":[{"name":"wp","href":"https:\/\/api.w.org\/{rel}","templated":true}]}}