{"id":62575,"date":"2024-06-10T17:05:31","date_gmt":"2024-06-10T15:05:31","guid":{"rendered":"https:\/\/dorogimedence.hu\/?p=62575"},"modified":"2024-06-10T17:05:31","modified_gmt":"2024-06-10T15:05:31","slug":"arhullam-utan-indul-a-vedekezes-a-szunyogok-ellen","status":"publish","type":"post","link":"https:\/\/dorogimedence.hu\/index.php\/2024\/06\/10\/arhullam-utan-indul-a-vedekezes-a-szunyogok-ellen\/","title":{"rendered":"\u00c1rhull\u00e1m ut\u00e1n indul a v\u00e9dekez\u00e9s a sz\u00fanyogok ellen"},"content":{"rendered":"<div class=\"article-descript\">\n<p><strong>A Dun\u00e1n levonul\u00f3 \u00e1rhull\u00e1m t\u00f6bb, nagy kiterjed\u00e9s\u0171 sz\u00fanyog-teny\u00e9sz\u0151helyet hagy maga ut\u00e1n, ez jelent\u0151s sz\u00fanyog\u00e1rtalomhoz is vezethet. Ennek megel\u0151z\u00e9se \u00e9rdek\u00e9ben a foly\u00f3 ment\u00e9n biol\u00f3giai m\u00f3dszerrel l\u00e9pnek fel a sz\u00fanyogl\u00e1rv\u00e1k ellen. Kom\u00e1rom-Esztergom v\u00e1rmegy\u00e9ben j\u00fanius 10. \u00e9s 16. k\u00f6z\u00f6tt mintegy 400 hekt\u00e1ron v\u00e9geznek biol\u00f3giai kezel\u00e9st a Duna ment\u00e9n.<\/strong><\/p>\n<\/div>\n<div class=\"text\">\n<p>El\u0151sz\u00f6r f\u00f6ldi biol\u00f3giai gy\u00e9r\u00edt\u00e9si m\u00f3dszert alkalmaznak a term\u00e9szetv\u00e9delmi oltalom alatt nem \u00e1ll\u00f3 \u00e1rt\u00e9ri ter\u00fcleteken. Ezt k\u00f6vet\u0151en a n\u00f6v\u00e9nyzettel fedett ter\u00fcleten a leveg\u0151b\u0151l, granul\u00e1tum form\u00e1ban juttatj\u00e1k ki a l\u00e1rv\u00e1kat elpuszt\u00edt\u00f3 biol\u00f3giai k\u00e9sz\u00edtm\u00e9nyt.<\/p>\n<p>A biol\u00f3giai sz\u00fanyoggy\u00e9r\u00edt\u00e9s sor\u00e1n a sz\u00fanyogok teny\u00e9sz\u0151hely\u00e9n egy term\u00e9szetes bakt\u00e9rium \u00e1ltal termelt feh\u00e9rj\u00e9t tartalmaz\u00f3 k\u00e9sz\u00edtm\u00e9nyt juttatnak a v\u00edzbe. Ez a feh\u00e9rje a kijuttatott d\u00f3zisban kiz\u00e1r\u00f3lag a cs\u00edp\u0151sz\u00fanyogok l\u00e1rv\u00e1it puszt\u00edtja el, minden m\u00e1s \u00e9l\u0151l\u00e9nyre, \u00edgy az \u00e1rvasz\u00fanyogokra is teljesen \u00e1rtalmatlan. Ugyanakkor term\u00e9szetv\u00e9delmi ter\u00fcleteken ez a m\u00f3dszer is csak korl\u00e1tozott m\u00e9rt\u00e9kben, k\u00fcl\u00f6n enged\u00e9ly alapj\u00e1n v\u00e9gezhet\u0151.<\/p>\n<p>A melegben a cs\u00edp\u0151sz\u00fanyog-l\u00e1rv\u00e1k fejl\u0151d\u00e9se felgyorsul, ak\u00e1r egy h\u00e9t alatt is kifejl\u0151dhetnek. Ez\u00e9rt is k\u00fcl\u00f6n\u00f6sen fontos, hogy hetente t\u00f6bbsz\u00f6r ki\u00f6nts\u00fck a kertben \u00e9s erk\u00e9lyen l\u00e9v\u0151 t\u00e1rgyakban \u00f6sszegy\u0171lt vizet.<\/p>\n<p><em>Forr\u00e1s: Katasztr\u00f3fav\u00e9delem<\/em><\/p>\n<\/div>\n","protected":false},"excerpt":{"rendered":"<p>A Dun\u00e1n levonul\u00f3 \u00e1rhull\u00e1m t\u00f6bb, nagy kiterjed\u00e9s\u0171 sz\u00fanyog-teny\u00e9sz\u0151helyet hagy maga ut\u00e1n, ez jelent\u0151s sz\u00fanyog\u00e1rtalomhoz is vezethet. Ennek megel\u0151z\u00e9se \u00e9rdek\u00e9ben a foly\u00f3 ment\u00e9n biol\u00f3giai m\u00f3dszerrel l\u00e9pnek fel a sz\u00fanyogl\u00e1rv\u00e1k ellen. Kom\u00e1rom-Esztergom v\u00e1rmegy\u00e9ben j\u00fanius 10. \u00e9s 16. k\u00f6z\u00f6tt mintegy 400 hekt\u00e1ron v\u00e9geznek biol\u00f3giai kezel\u00e9st a Duna ment\u00e9n. El\u0151sz\u00f6r f\u00f6ldi biol\u00f3giai gy\u00e9r\u00edt\u00e9si m\u00f3dszert alkalmaznak a term\u00e9szetv\u00e9delmi oltalom alatt<\/p>\n","protected":false},"author":1,"featured_media":62576,"comment_status":"closed","ping_status":"closed","sticky":false,"template":"","format":"standard","meta":{"ngg_post_thumbnail":0,"footnotes":""},"categories":[3,56],"tags":[175,1084,1085],"class_list":{"0":"post-62575","1":"post","2":"type-post","3":"status-publish","4":"format-standard","5":"has-post-thumbnail","7":"category-hirek","8":"category-komarom-esztergom","9":"tag-katasztrofavedelem","10":"tag-szunyoggyerites","11":"tag-szunyogirtas"},"yoast_head":"<!-- This site is optimized with the Yoast SEO plugin v27.5 - https:\/\/yoast.com\/product\/yoast-seo-wordpress\/ -->\n<title>\u00c1rhull\u00e1m ut\u00e1n indul a v\u00e9dekez\u00e9s a sz\u00fanyogok ellen<\/title>\n<meta name=\"robots\" content=\"index, follow, max-snippet:-1, max-image-preview:large, max-video-preview:-1\" \/>\n<link rel=\"canonical\" href=\"https:\/\/dorogimedence.hu\/index.php\/2024\/06\/10\/arhullam-utan-indul-a-vedekezes-a-szunyogok-ellen\/\" class=\"yoast-seo-meta-tag\" \/>\n<meta property=\"og:locale\" content=\"hu_HU\" class=\"yoast-seo-meta-tag\" \/>\n<meta property=\"og:type\" content=\"article\" class=\"yoast-seo-meta-tag\" \/>\n<meta property=\"og:title\" content=\"\u00c1rhull\u00e1m ut\u00e1n indul a v\u00e9dekez\u00e9s a sz\u00fanyogok ellen\" class=\"yoast-seo-meta-tag\" \/>\n<meta property=\"og:description\" content=\"A Dun\u00e1n levonul\u00f3 \u00e1rhull\u00e1m t\u00f6bb, nagy kiterjed\u00e9s\u0171 sz\u00fanyog-teny\u00e9sz\u0151helyet hagy maga ut\u00e1n, ez jelent\u0151s sz\u00fanyog\u00e1rtalomhoz is vezethet. Ennek megel\u0151z\u00e9se \u00e9rdek\u00e9ben a foly\u00f3 ment\u00e9n biol\u00f3giai m\u00f3dszerrel l\u00e9pnek fel a sz\u00fanyogl\u00e1rv\u00e1k ellen. Kom\u00e1rom-Esztergom v\u00e1rmegy\u00e9ben j\u00fanius 10. \u00e9s 16. k\u00f6z\u00f6tt mintegy 400 hekt\u00e1ron v\u00e9geznek biol\u00f3giai kezel\u00e9st a Duna ment\u00e9n. El\u0151sz\u00f6r f\u00f6ldi biol\u00f3giai gy\u00e9r\u00edt\u00e9si m\u00f3dszert alkalmaznak a term\u00e9szetv\u00e9delmi oltalom alatt\" class=\"yoast-seo-meta-tag\" \/>\n<meta property=\"og:url\" content=\"https:\/\/dorogimedence.hu\/index.php\/2024\/06\/10\/arhullam-utan-indul-a-vedekezes-a-szunyogok-ellen\/\" class=\"yoast-seo-meta-tag\" \/>\n<meta property=\"og:site_name\" content=\"Dorogi-medence Region\u00e1lis H\u00edrport\u00e1l\" class=\"yoast-seo-meta-tag\" \/>\n<meta property=\"article:publisher\" content=\"https:\/\/www.facebook.com\/dorogimedence\/\" class=\"yoast-seo-meta-tag\" \/>\n<meta property=\"article:published_time\" content=\"2024-06-10T15:05:31+00:00\" class=\"yoast-seo-meta-tag\" \/>\n<meta property=\"og:image\" content=\"https:\/\/dorogimedence.hu\/wp-content\/uploads\/2024\/06\/www.katasztrofavedelem.jpg\" class=\"yoast-seo-meta-tag\" \/>\n\t<meta property=\"og:image:width\" content=\"1024\" class=\"yoast-seo-meta-tag\" \/>\n\t<meta property=\"og:image:height\" content=\"682\" class=\"yoast-seo-meta-tag\" \/>\n\t<meta property=\"og:image:type\" content=\"image\/jpeg\" class=\"yoast-seo-meta-tag\" \/>\n<meta name=\"author\" content=\"dorogimedence.hu\" class=\"yoast-seo-meta-tag\" \/>\n<meta name=\"twitter:card\" content=\"summary_large_image\" class=\"yoast-seo-meta-tag\" \/>\n<meta name=\"twitter:label1\" content=\"Szerz\u0151:\" class=\"yoast-seo-meta-tag\" \/>\n\t<meta name=\"twitter:data1\" content=\"dorogimedence.hu\" class=\"yoast-seo-meta-tag\" \/>\n\t<meta name=\"twitter:label2\" content=\"Becs\u00fclt olvas\u00e1si id\u0151\" class=\"yoast-seo-meta-tag\" \/>\n\t<meta name=\"twitter:data2\" content=\"1 perc\" class=\"yoast-seo-meta-tag\" \/>\n<script type=\"application\/ld+json\" class=\"yoast-schema-graph\">{\"@context\":\"https:\\\/\\\/schema.org\",\"@graph\":[{\"@type\":\"Article\",\"@id\":\"https:\\\/\\\/dorogimedence.hu\\\/index.php\\\/2024\\\/06\\\/10\\\/arhullam-utan-indul-a-vedekezes-a-szunyogok-ellen\\\/#article\",\"isPartOf\":{\"@id\":\"https:\\\/\\\/dorogimedence.hu\\\/index.php\\\/2024\\\/06\\\/10\\\/arhullam-utan-indul-a-vedekezes-a-szunyogok-ellen\\\/\"},\"author\":{\"name\":\"dorogimedence.hu\",\"@id\":\"https:\\\/\\\/dorogimedence.hu\\\/#\\\/schema\\\/person\\\/ce6091eeb7e95ecdc87890d6aa8e0fd4\"},\"headline\":\"\u00c1rhull\u00e1m ut\u00e1n indul a v\u00e9dekez\u00e9s a sz\u00fanyogok ellen\",\"datePublished\":\"2024-06-10T15:05:31+00:00\",\"mainEntityOfPage\":{\"@id\":\"https:\\\/\\\/dorogimedence.hu\\\/index.php\\\/2024\\\/06\\\/10\\\/arhullam-utan-indul-a-vedekezes-a-szunyogok-ellen\\\/\"},\"wordCount\":299,\"publisher\":{\"@id\":\"https:\\\/\\\/dorogimedence.hu\\\/#organization\"},\"image\":{\"@id\":\"https:\\\/\\\/dorogimedence.hu\\\/index.php\\\/2024\\\/06\\\/10\\\/arhullam-utan-indul-a-vedekezes-a-szunyogok-ellen\\\/#primaryimage\"},\"thumbnailUrl\":\"https:\\\/\\\/dorogimedence.hu\\\/wp-content\\\/uploads\\\/2024\\\/06\\\/www.katasztrofavedelem.jpg\",\"keywords\":[\"katasztr\u00f3fav\u00e9delem\",\"sz\u00fanyoggy\u00e9r\u00edt\u00e9s\",\"sz\u00fanyog\u00edrt\u00e1s\"],\"articleSection\":[\"H\u00edrek\",\"Kom\u00e1rom-Esztergom\"],\"inLanguage\":\"hu\"},{\"@type\":\"WebPage\",\"@id\":\"https:\\\/\\\/dorogimedence.hu\\\/index.php\\\/2024\\\/06\\\/10\\\/arhullam-utan-indul-a-vedekezes-a-szunyogok-ellen\\\/\",\"url\":\"https:\\\/\\\/dorogimedence.hu\\\/index.php\\\/2024\\\/06\\\/10\\\/arhullam-utan-indul-a-vedekezes-a-szunyogok-ellen\\\/\",\"name\":\"\u00c1rhull\u00e1m ut\u00e1n indul a v\u00e9dekez\u00e9s a sz\u00fanyogok ellen\",\"isPartOf\":{\"@id\":\"https:\\\/\\\/dorogimedence.hu\\\/#website\"},\"primaryImageOfPage\":{\"@id\":\"https:\\\/\\\/dorogimedence.hu\\\/index.php\\\/2024\\\/06\\\/10\\\/arhullam-utan-indul-a-vedekezes-a-szunyogok-ellen\\\/#primaryimage\"},\"image\":{\"@id\":\"https:\\\/\\\/dorogimedence.hu\\\/index.php\\\/2024\\\/06\\\/10\\\/arhullam-utan-indul-a-vedekezes-a-szunyogok-ellen\\\/#primaryimage\"},\"thumbnailUrl\":\"https:\\\/\\\/dorogimedence.hu\\\/wp-content\\\/uploads\\\/2024\\\/06\\\/www.katasztrofavedelem.jpg\",\"datePublished\":\"2024-06-10T15:05:31+00:00\",\"breadcrumb\":{\"@id\":\"https:\\\/\\\/dorogimedence.hu\\\/index.php\\\/2024\\\/06\\\/10\\\/arhullam-utan-indul-a-vedekezes-a-szunyogok-ellen\\\/#breadcrumb\"},\"inLanguage\":\"hu\",\"potentialAction\":[{\"@type\":\"ReadAction\",\"target\":[\"https:\\\/\\\/dorogimedence.hu\\\/index.php\\\/2024\\\/06\\\/10\\\/arhullam-utan-indul-a-vedekezes-a-szunyogok-ellen\\\/\"]}]},{\"@type\":\"ImageObject\",\"inLanguage\":\"hu\",\"@id\":\"https:\\\/\\\/dorogimedence.hu\\\/index.php\\\/2024\\\/06\\\/10\\\/arhullam-utan-indul-a-vedekezes-a-szunyogok-ellen\\\/#primaryimage\",\"url\":\"https:\\\/\\\/dorogimedence.hu\\\/wp-content\\\/uploads\\\/2024\\\/06\\\/www.katasztrofavedelem.jpg\",\"contentUrl\":\"https:\\\/\\\/dorogimedence.hu\\\/wp-content\\\/uploads\\\/2024\\\/06\\\/www.katasztrofavedelem.jpg\",\"width\":1024,\"height\":682},{\"@type\":\"BreadcrumbList\",\"@id\":\"https:\\\/\\\/dorogimedence.hu\\\/index.php\\\/2024\\\/06\\\/10\\\/arhullam-utan-indul-a-vedekezes-a-szunyogok-ellen\\\/#breadcrumb\",\"itemListElement\":[{\"@type\":\"ListItem\",\"position\":1,\"name\":\"Kezd\u0151lap\",\"item\":\"https:\\\/\\\/dorogimedence.hu\\\/\"},{\"@type\":\"ListItem\",\"position\":2,\"name\":\"\u00c1rhull\u00e1m ut\u00e1n indul a v\u00e9dekez\u00e9s a sz\u00fanyogok ellen\"}]},{\"@type\":\"WebSite\",\"@id\":\"https:\\\/\\\/dorogimedence.hu\\\/#website\",\"url\":\"https:\\\/\\\/dorogimedence.hu\\\/\",\"name\":\"Dorogi-medence Region\u00e1lis H\u00edrport\u00e1l\",\"description\":\"Dorog, Keszt\u00f6lc, Le\u00e1nyv\u00e1r, Piliscs\u00e9v, Tokod, Tokodalt\u00e1r\u00f3, Csolnok, Esztergom-kertv\u00e1ros: h\u00edrek, programok\",\"publisher\":{\"@id\":\"https:\\\/\\\/dorogimedence.hu\\\/#organization\"},\"potentialAction\":[{\"@type\":\"SearchAction\",\"target\":{\"@type\":\"EntryPoint\",\"urlTemplate\":\"https:\\\/\\\/dorogimedence.hu\\\/?s={search_term_string}\"},\"query-input\":{\"@type\":\"PropertyValueSpecification\",\"valueRequired\":true,\"valueName\":\"search_term_string\"}}],\"inLanguage\":\"hu\"},{\"@type\":\"Organization\",\"@id\":\"https:\\\/\\\/dorogimedence.hu\\\/#organization\",\"name\":\"Dorogi-medence Region\u00e1lis H\u00edrport\u00e1l\",\"url\":\"https:\\\/\\\/dorogimedence.hu\\\/\",\"logo\":{\"@type\":\"ImageObject\",\"inLanguage\":\"hu\",\"@id\":\"https:\\\/\\\/dorogimedence.hu\\\/#\\\/schema\\\/logo\\\/image\\\/\",\"url\":\"https:\\\/\\\/dorogimedence.hu\\\/wp-content\\\/uploads\\\/2021\\\/04\\\/logo-feher-600.png\",\"contentUrl\":\"https:\\\/\\\/dorogimedence.hu\\\/wp-content\\\/uploads\\\/2021\\\/04\\\/logo-feher-600.png\",\"width\":600,\"height\":100,\"caption\":\"Dorogi-medence Region\u00e1lis H\u00edrport\u00e1l\"},\"image\":{\"@id\":\"https:\\\/\\\/dorogimedence.hu\\\/#\\\/schema\\\/logo\\\/image\\\/\"},\"sameAs\":[\"https:\\\/\\\/www.facebook.com\\\/dorogimedence\\\/\"]},{\"@type\":\"Person\",\"@id\":\"https:\\\/\\\/dorogimedence.hu\\\/#\\\/schema\\\/person\\\/ce6091eeb7e95ecdc87890d6aa8e0fd4\",\"name\":\"dorogimedence.hu\",\"image\":{\"@type\":\"ImageObject\",\"inLanguage\":\"hu\",\"@id\":\"\\\/\\\/www.gravatar.com\\\/avatar\\\/d8d45f8901aadff40a4af72c0b826f1d?s=96&#038;r=g&#038;d=mm\",\"url\":\"\\\/\\\/www.gravatar.com\\\/avatar\\\/d8d45f8901aadff40a4af72c0b826f1d?s=96&#038;r=g&#038;d=mm\",\"contentUrl\":\"\\\/\\\/www.gravatar.com\\\/avatar\\\/d8d45f8901aadff40a4af72c0b826f1d?s=96&#038;r=g&#038;d=mm\",\"caption\":\"dorogimedence.hu\"}}]}<\/script>\n<!-- \/ Yoast SEO plugin. -->","yoast_head_json":{"title":"\u00c1rhull\u00e1m ut\u00e1n indul a v\u00e9dekez\u00e9s a sz\u00fanyogok ellen","robots":{"index":"index","follow":"follow","max-snippet":"max-snippet:-1","max-image-preview":"max-image-preview:large","max-video-preview":"max-video-preview:-1"},"canonical":"https:\/\/dorogimedence.hu\/index.php\/2024\/06\/10\/arhullam-utan-indul-a-vedekezes-a-szunyogok-ellen\/","og_locale":"hu_HU","og_type":"article","og_title":"\u00c1rhull\u00e1m ut\u00e1n indul a v\u00e9dekez\u00e9s a sz\u00fanyogok ellen","og_description":"A Dun\u00e1n levonul\u00f3 \u00e1rhull\u00e1m t\u00f6bb, nagy kiterjed\u00e9s\u0171 sz\u00fanyog-teny\u00e9sz\u0151helyet hagy maga ut\u00e1n, ez jelent\u0151s sz\u00fanyog\u00e1rtalomhoz is vezethet. Ennek megel\u0151z\u00e9se \u00e9rdek\u00e9ben a foly\u00f3 ment\u00e9n biol\u00f3giai m\u00f3dszerrel l\u00e9pnek fel a sz\u00fanyogl\u00e1rv\u00e1k ellen. Kom\u00e1rom-Esztergom v\u00e1rmegy\u00e9ben j\u00fanius 10. \u00e9s 16. k\u00f6z\u00f6tt mintegy 400 hekt\u00e1ron v\u00e9geznek biol\u00f3giai kezel\u00e9st a Duna ment\u00e9n. El\u0151sz\u00f6r f\u00f6ldi biol\u00f3giai gy\u00e9r\u00edt\u00e9si m\u00f3dszert alkalmaznak a term\u00e9szetv\u00e9delmi oltalom alatt","og_url":"https:\/\/dorogimedence.hu\/index.php\/2024\/06\/10\/arhullam-utan-indul-a-vedekezes-a-szunyogok-ellen\/","og_site_name":"Dorogi-medence Region\u00e1lis H\u00edrport\u00e1l","article_publisher":"https:\/\/www.facebook.com\/dorogimedence\/","article_published_time":"2024-06-10T15:05:31+00:00","og_image":[{"width":1024,"height":682,"url":"https:\/\/dorogimedence.hu\/wp-content\/uploads\/2024\/06\/www.katasztrofavedelem.jpg","type":"image\/jpeg"}],"author":"dorogimedence.hu","twitter_card":"summary_large_image","twitter_misc":{"Szerz\u0151:":"dorogimedence.hu","Becs\u00fclt olvas\u00e1si id\u0151":"1 perc"},"schema":{"@context":"https:\/\/schema.org","@graph":[{"@type":"Article","@id":"https:\/\/dorogimedence.hu\/index.php\/2024\/06\/10\/arhullam-utan-indul-a-vedekezes-a-szunyogok-ellen\/#article","isPartOf":{"@id":"https:\/\/dorogimedence.hu\/index.php\/2024\/06\/10\/arhullam-utan-indul-a-vedekezes-a-szunyogok-ellen\/"},"author":{"name":"dorogimedence.hu","@id":"https:\/\/dorogimedence.hu\/#\/schema\/person\/ce6091eeb7e95ecdc87890d6aa8e0fd4"},"headline":"\u00c1rhull\u00e1m ut\u00e1n indul a v\u00e9dekez\u00e9s a sz\u00fanyogok ellen","datePublished":"2024-06-10T15:05:31+00:00","mainEntityOfPage":{"@id":"https:\/\/dorogimedence.hu\/index.php\/2024\/06\/10\/arhullam-utan-indul-a-vedekezes-a-szunyogok-ellen\/"},"wordCount":299,"publisher":{"@id":"https:\/\/dorogimedence.hu\/#organization"},"image":{"@id":"https:\/\/dorogimedence.hu\/index.php\/2024\/06\/10\/arhullam-utan-indul-a-vedekezes-a-szunyogok-ellen\/#primaryimage"},"thumbnailUrl":"https:\/\/dorogimedence.hu\/wp-content\/uploads\/2024\/06\/www.katasztrofavedelem.jpg","keywords":["katasztr\u00f3fav\u00e9delem","sz\u00fanyoggy\u00e9r\u00edt\u00e9s","sz\u00fanyog\u00edrt\u00e1s"],"articleSection":["H\u00edrek","Kom\u00e1rom-Esztergom"],"inLanguage":"hu"},{"@type":"WebPage","@id":"https:\/\/dorogimedence.hu\/index.php\/2024\/06\/10\/arhullam-utan-indul-a-vedekezes-a-szunyogok-ellen\/","url":"https:\/\/dorogimedence.hu\/index.php\/2024\/06\/10\/arhullam-utan-indul-a-vedekezes-a-szunyogok-ellen\/","name":"\u00c1rhull\u00e1m ut\u00e1n indul a v\u00e9dekez\u00e9s a sz\u00fanyogok ellen","isPartOf":{"@id":"https:\/\/dorogimedence.hu\/#website"},"primaryImageOfPage":{"@id":"https:\/\/dorogimedence.hu\/index.php\/2024\/06\/10\/arhullam-utan-indul-a-vedekezes-a-szunyogok-ellen\/#primaryimage"},"image":{"@id":"https:\/\/dorogimedence.hu\/index.php\/2024\/06\/10\/arhullam-utan-indul-a-vedekezes-a-szunyogok-ellen\/#primaryimage"},"thumbnailUrl":"https:\/\/dorogimedence.hu\/wp-content\/uploads\/2024\/06\/www.katasztrofavedelem.jpg","datePublished":"2024-06-10T15:05:31+00:00","breadcrumb":{"@id":"https:\/\/dorogimedence.hu\/index.php\/2024\/06\/10\/arhullam-utan-indul-a-vedekezes-a-szunyogok-ellen\/#breadcrumb"},"inLanguage":"hu","potentialAction":[{"@type":"ReadAction","target":["https:\/\/dorogimedence.hu\/index.php\/2024\/06\/10\/arhullam-utan-indul-a-vedekezes-a-szunyogok-ellen\/"]}]},{"@type":"ImageObject","inLanguage":"hu","@id":"https:\/\/dorogimedence.hu\/index.php\/2024\/06\/10\/arhullam-utan-indul-a-vedekezes-a-szunyogok-ellen\/#primaryimage","url":"https:\/\/dorogimedence.hu\/wp-content\/uploads\/2024\/06\/www.katasztrofavedelem.jpg","contentUrl":"https:\/\/dorogimedence.hu\/wp-content\/uploads\/2024\/06\/www.katasztrofavedelem.jpg","width":1024,"height":682},{"@type":"BreadcrumbList","@id":"https:\/\/dorogimedence.hu\/index.php\/2024\/06\/10\/arhullam-utan-indul-a-vedekezes-a-szunyogok-ellen\/#breadcrumb","itemListElement":[{"@type":"ListItem","position":1,"name":"Kezd\u0151lap","item":"https:\/\/dorogimedence.hu\/"},{"@type":"ListItem","position":2,"name":"\u00c1rhull\u00e1m ut\u00e1n indul a v\u00e9dekez\u00e9s a sz\u00fanyogok ellen"}]},{"@type":"WebSite","@id":"https:\/\/dorogimedence.hu\/#website","url":"https:\/\/dorogimedence.hu\/","name":"Dorogi-medence Region\u00e1lis H\u00edrport\u00e1l","description":"Dorog, Keszt\u00f6lc, Le\u00e1nyv\u00e1r, Piliscs\u00e9v, Tokod, Tokodalt\u00e1r\u00f3, Csolnok, Esztergom-kertv\u00e1ros: h\u00edrek, programok","publisher":{"@id":"https:\/\/dorogimedence.hu\/#organization"},"potentialAction":[{"@type":"SearchAction","target":{"@type":"EntryPoint","urlTemplate":"https:\/\/dorogimedence.hu\/?s={search_term_string}"},"query-input":{"@type":"PropertyValueSpecification","valueRequired":true,"valueName":"search_term_string"}}],"inLanguage":"hu"},{"@type":"Organization","@id":"https:\/\/dorogimedence.hu\/#organization","name":"Dorogi-medence Region\u00e1lis H\u00edrport\u00e1l","url":"https:\/\/dorogimedence.hu\/","logo":{"@type":"ImageObject","inLanguage":"hu","@id":"https:\/\/dorogimedence.hu\/#\/schema\/logo\/image\/","url":"https:\/\/dorogimedence.hu\/wp-content\/uploads\/2021\/04\/logo-feher-600.png","contentUrl":"https:\/\/dorogimedence.hu\/wp-content\/uploads\/2021\/04\/logo-feher-600.png","width":600,"height":100,"caption":"Dorogi-medence Region\u00e1lis H\u00edrport\u00e1l"},"image":{"@id":"https:\/\/dorogimedence.hu\/#\/schema\/logo\/image\/"},"sameAs":["https:\/\/www.facebook.com\/dorogimedence\/"]},{"@type":"Person","@id":"https:\/\/dorogimedence.hu\/#\/schema\/person\/ce6091eeb7e95ecdc87890d6aa8e0fd4","name":"dorogimedence.hu","image":{"@type":"ImageObject","inLanguage":"hu","@id":"\/\/www.gravatar.com\/avatar\/d8d45f8901aadff40a4af72c0b826f1d?s=96&#038;r=g&#038;d=mm","url":"\/\/www.gravatar.com\/avatar\/d8d45f8901aadff40a4af72c0b826f1d?s=96&#038;r=g&#038;d=mm","contentUrl":"\/\/www.gravatar.com\/avatar\/d8d45f8901aadff40a4af72c0b826f1d?s=96&#038;r=g&#038;d=mm","caption":"dorogimedence.hu"}}]}},"_links":{"self":[{"href":"https:\/\/dorogimedence.hu\/index.php\/wp-json\/wp\/v2\/posts\/62575","targetHints":{"allow":["GET"]}}],"collection":[{"href":"https:\/\/dorogimedence.hu\/index.php\/wp-json\/wp\/v2\/posts"}],"about":[{"href":"https:\/\/dorogimedence.hu\/index.php\/wp-json\/wp\/v2\/types\/post"}],"author":[{"embeddable":true,"href":"https:\/\/dorogimedence.hu\/index.php\/wp-json\/wp\/v2\/users\/1"}],"replies":[{"embeddable":true,"href":"https:\/\/dorogimedence.hu\/index.php\/wp-json\/wp\/v2\/comments?post=62575"}],"version-history":[{"count":0,"href":"https:\/\/dorogimedence.hu\/index.php\/wp-json\/wp\/v2\/posts\/62575\/revisions"}],"wp:featuredmedia":[{"embeddable":true,"href":"https:\/\/dorogimedence.hu\/index.php\/wp-json\/wp\/v2\/media\/62576"}],"wp:attachment":[{"href":"https:\/\/dorogimedence.hu\/index.php\/wp-json\/wp\/v2\/media?parent=62575"}],"wp:term":[{"taxonomy":"category","embeddable":true,"href":"https:\/\/dorogimedence.hu\/index.php\/wp-json\/wp\/v2\/categories?post=62575"},{"taxonomy":"post_tag","embeddable":true,"href":"https:\/\/dorogimedence.hu\/index.php\/wp-json\/wp\/v2\/tags?post=62575"}],"curies":[{"name":"wp","href":"https:\/\/api.w.org\/{rel}","templated":true}]}}