{"id":62544,"date":"2024-06-13T08:19:19","date_gmt":"2024-06-13T06:19:19","guid":{"rendered":"https:\/\/dorogimedence.hu\/?p=62544"},"modified":"2024-06-13T19:06:48","modified_gmt":"2024-06-13T17:06:48","slug":"10-eve-tortent-elment-a-fekete-parduc-grosics-gyula-halalanak-egy-evtizedes-evforduloja","status":"publish","type":"post","link":"https:\/\/dorogimedence.hu\/index.php\/2024\/06\/13\/10-eve-tortent-elment-a-fekete-parduc-grosics-gyula-halalanak-egy-evtizedes-evforduloja\/","title":{"rendered":"10 \u00e9ve t\u00f6rt\u00e9nt: Elment a Fekete P\u00e1rduc &#8211; Grosics Gyula hal\u00e1l\u00e1nak egy \u00e9vtizedes \u00e9vfordul\u00f3ja"},"content":{"rendered":"<p style=\"text-align: justify;\"><strong>2014. j\u00fanius 13-\u00e1n, az \u00e9ppen akkor zajl\u00f3 futball vil\u00e1gbajnoks\u00e1g k\u00f6zepette \u00e9rkezett a szomor\u00fa h\u00edr, miszerint \u00e9let\u00e9nek 89. \u00e9v\u00e9ben elhunyt Grosics Gyula vil\u00e1gh\u00edr\u0171 sportol\u00f3, minden id\u0151k egyik legnagyszer\u0171bb kapusa, az Aranycsapat tagja, egyben Dorog v\u00e1ros legismertebb sz\u00fcl\u00f6tte.<\/strong><\/p>\n<p style=\"text-align: justify;\">Grosics Gyula 1926. febru\u00e1r 4-\u00e9n, Dorogon sz\u00fcletett. Sz\u00fclei vall\u00e1sos szellemben nevelt\u00e9k \u00e9s papi p\u00e1ly\u00e1ra sz\u00e1nt\u00e1k. Az \u00d6regkol\u00f3nia negyedben, a III-as utc\u00e1ban \u00e1llt a csal\u00e1di otthonuk \u00e9s a dorogi Pet\u0151fi iskola n\u00f6vend\u00e9ke volt. \u00c9desapja b\u00e1ny\u00e1szk\u00e9nt dolgozott \u00e9s a Dorogi AC labdar\u00fag\u00f3 csapat\u00e1nak lelkes szurkol\u00f3ja volt. A m\u00e9rk\u0151z\u00e9sekre rendszeresen fi\u00e1t is mag\u00e1val vitte. A gyerek Grosicsot eleinte t\u00falzottan nem k\u00f6t\u00f6tte le a meccs n\u00e9z\u00e9se, ink\u00e1bb sz\u00edvesebben focizott maga. Kiv\u00e1l\u00f3 tehets\u00e9ge volt szinte valamennyi sport\u00e1ghoz. Kimagasl\u00f3 volt atl\u00e9tik\u00e1ban, torn\u00e1sz\u00e1sban \u00e9s \u00fasz\u00e1sban is. Gyakran indult hivatalos versenyeken, ahol minden sz\u00e1mban tarolt. A dorogi k\u00f6ly\u00f6k focicsapat igazolt tagja lett \u00e9s legink\u00e1bb csat\u00e1rk\u00e9nt szeretett g\u00f3lokat el\u00e9rni. Az akt\u00edv sportol\u00e1s mellett lekiismeretesen j\u00e1rt istentiszteletre \u00e9s akt\u00edvan vett r\u00e9sz az egyh\u00e1zi \u00e9letben. Az 1940-es \u00e9vek elej\u00e9n ministr\u00e1nsk\u00e9nt szolg\u00e1lt. Kapus p\u00e1lyafut\u00e1sa mes\u00e9be ill\u0151 t\u00f6rt\u00e9nettel vette kezdet\u00e9t, amely egyben teljesen megv\u00e1ltoztatta az \u00e9let\u00e9t. 1941. j\u00fanius 2-\u00e1n a dorogi feln\u0151tt labdar\u00fag\u00f3 csapat Kom\u00e1romban (a felvid\u00e9ki mai Komarnoban) j\u00e1tszott bajnoki m\u00e9rk\u0151z\u00e9st. M\u00e1r indulni k\u00e9sz\u00fcltek a sporttelep el\u0151l, amikor kider\u00fclt, hogy aznap egyik kapusukat sem engedt\u00e9k haza a katonai szolg\u00e1lati hely\u00fckr\u0151l, \u00edgy M\u00e9zner Istv\u00e1n vezet\u0151edz\u0151 a mis\u00e9re igyekv\u0151, de el\u0151tte a p\u00e1ly\u00e1ra kil\u00e1togat\u00f3 Grosicsot megpillantva hat\u00e1rozott arr\u00f3l, hogy az akkor mind\u00f6ssze 15 \u00e9ves ifj\u00fat viszik magukkal \u00e9s nevezik kapusk\u00e9nt a m\u00e9rk\u0151z\u00e9sre. A teljesen meglepett Grosics fel sem foghatta els\u0151re, hogy mi is t\u00f6rt\u00e9nik vele, m\u00e9g \u00fczenni sem tudott csal\u00e1dj\u00e1nak, hogy elvitt\u00e9k Kom\u00e1romba. A bemutatkoz\u00e1sa t\u00f6bb, mint b\u00e1mulatosra sikeredett, s a dorogiak 2 : 1 ar\u00e1nyban gy\u0151ztek. Innent\u0151l kezdve kapusk\u00e9nt sz\u00e1m\u00edtottak r\u00e1 a feln\u0151tt keretn\u00e9l, ahol a h\u00e1bor\u00fas fejlem\u00e9nyek miatt hamarosan els\u0151 sz\u00e1m\u00fa csapattag\u00e1 v\u00e1lt. Ugyanis az akkori k\u00e9t m\u00e1sik kapus, Budav\u00e1ri \u00e9s Papp a keleti frontra lett vez\u00e9nyelve.<\/p>\n<p><img fetchpriority=\"high\" decoding=\"async\" class=\"wp-image-62579 aligncenter\" src=\"https:\/\/dorogimedence.hu\/wp-content\/uploads\/2024\/06\/Pici-Grosics-429x600.jpg\" alt=\"\" width=\"450\" height=\"629\" srcset=\"https:\/\/dorogimedence.hu\/wp-content\/uploads\/2024\/06\/Pici-Grosics-429x600.jpg 429w, https:\/\/dorogimedence.hu\/wp-content\/uploads\/2024\/06\/Pici-Grosics-150x210.jpg 150w, https:\/\/dorogimedence.hu\/wp-content\/uploads\/2024\/06\/Pici-Grosics-450x630.jpg 450w, https:\/\/dorogimedence.hu\/wp-content\/uploads\/2024\/06\/Pici-Grosics.jpg 722w\" sizes=\"(max-width: 450px) 100vw, 450px\" \/><\/p>\n<p style=\"text-align: center;\"><span style=\"font-size: 10pt;\"><em>A kisgyerek Grosics Dorogon az 1920-as \u00e9vek v\u00e9g\u00e9n (forr\u00e1s: A Grosics csal\u00e1d album\u00e1b\u00f3l)<\/em><\/span><\/p>\n<p style=\"text-align: justify;\">N\u00e9h\u00e1ny rem\u00e9nyteljes \u00e9vadot k\u00f6vet\u0151en az 1943\u20131944-es id\u00e9nyben toronymagasan, mind\u00f6ssze egyetlen veres\u00e9get szenvedve bajnoki c\u00edmet nyert csapat\u00e1val a harmadoszt\u00e1lyban, mindezt pedig megfejelve, a Magyar Kup\u00e1ban az el\u0151d\u00f6nt\u0151ig jutottak, ahol az els\u0151 oszt\u00e1ly\u00fa \u00e9s ott bronz\u00e9rmet szerzett Kolozsv\u00e1r elleni idegenbeli m\u00e9rk\u0151z\u00e9sen minim\u00e1lis ar\u00e1ny\u00fa veres\u00e9ggel b\u00facs\u00faztak. A m\u00e1sodoszt\u00e1lyban is kit\u0171n\u0151en szerepeltek, \u00e1m a front magyarorsz\u00e1gi esem\u00e9nyei miatt f\u00e9lbeszakadt a bajnoks\u00e1g \u00e9s az 1944 \u00e9s 1945-\u00f6s \u00e9v fordul\u00f3j\u00e1n Grosicsot t\u00f6bb dorogi sportol\u00f3 t\u00e1rs\u00e1val egy\u00fctt besorozt\u00e1k \u00e9s nyugatra vez\u00e9nyelt\u00e9k frontszolg\u00e1latra. Ausztri\u00e1ban estek amerikai fogs\u00e1gba \u00e9s a h\u00e1bor\u00fa befejezt\u00e9vel hazaker\u00fclhettek. Dorogon egyb\u0151l csatlakozott az \u00fajra indul\u00f3 labdar\u00fag\u00f3 csapathoz, amellyel el\u0151bb az egyfordul\u00f3s ny\u00e1ri bajnoks\u00e1got a csoportjukban hib\u00e1tlan teljes\u00edtm\u00e9nnyel megnyert\u00e9k, majd a Tatab\u00e1nya ellen oszt\u00e1lyoz\u00f3t j\u00e1tszhattak az NB I-be ker\u00fcl\u00e9s\u00e9rt. Ezt is sikerrel vett\u00e9k, \u00edgy az 1945\u20131946-os \u00e9vadban az NB I-be ker\u00fcltek. Grosics tov\u00e1bbi p\u00e1lyafut\u00e1sa innent\u0151l kezdve mindv\u00e9gig az els\u0151 oszt\u00e1lyban zajlott. A dorogi csapattal h\u00e1rom szezont j\u00e1tszott a legjobbak k\u00f6z\u00f6tt, azonban 1947-ben a csapat szerencs\u00e9tlen\u00fcl, csak minim\u00e1lis g\u00f3lar\u00e1ny k\u00fcl\u00f6nbs\u00e9g miatt esett ki, k\u00f6zvetlen\u00fcl a m\u00e9g bentmarad\u00f3 Gy\u0151ri ETO m\u00f6g\u00f6tt v\u00e9gezve. M\u00e9g a Dorog kapusak\u00e9nt kapott megh\u00edv\u00e1st a v\u00e1logatottba, ahol be is mutatkozott. 1947 nyar\u00e1n t\u00f6bb NB I-es csapat is szerette volna leigazolni, v\u00e9g\u00fcl az akkori egyik sztr\u00e1rcsapatnak sz\u00e1m\u00edt\u00f3 MATEOSZ-hoz ker\u00fclt. Az 1940-es \u00e9vek v\u00e9g\u00e9n t\u00f6bb m\u00e1s labdar\u00fag\u00f3val egy\u00fctt disszid\u00e1l\u00e1s v\u00e1dj\u00e1val ker\u00fclt koncepci\u00f3s perbe \u00e9s eltiltott\u00e1k a v\u00e1logatottban val\u00f3 szerepl\u00e9st\u0151l, azonban b\u00fcntet\u00e9se lej\u00e1rta ut\u00e1n visszaker\u00fclhetett a nemzeti csapathoz.<\/p>\n<p><img decoding=\"async\" class=\"aligncenter wp-image-62546 size-full\" src=\"https:\/\/dorogimedence.hu\/wp-content\/uploads\/2024\/06\/Dorog_1942.jpg\" alt=\"\" width=\"965\" height=\"636\" srcset=\"https:\/\/dorogimedence.hu\/wp-content\/uploads\/2024\/06\/Dorog_1942.jpg 965w, https:\/\/dorogimedence.hu\/wp-content\/uploads\/2024\/06\/Dorog_1942-600x395.jpg 600w, https:\/\/dorogimedence.hu\/wp-content\/uploads\/2024\/06\/Dorog_1942-768x506.jpg 768w, https:\/\/dorogimedence.hu\/wp-content\/uploads\/2024\/06\/Dorog_1942-150x99.jpg 150w, https:\/\/dorogimedence.hu\/wp-content\/uploads\/2024\/06\/Dorog_1942-450x297.jpg 450w\" sizes=\"(max-width: 965px) 100vw, 965px\" \/><\/p>\n<p style=\"text-align: center;\"><span style=\"font-size: 10pt;\"><em>A Dorogi AC csapata 1942-ben. Grosics az els\u0151 sorban jobbr\u00f3l a m\u00e1sodik.<\/em><\/span><\/p>\n<p style=\"text-align: justify;\">1950-ben a Honv\u00e9dhoz igazolt, ahol n\u00e9gy \u00e9ven \u00e1t volt a Pusk\u00e1s Ferenc nev\u00e9vel f\u00e9mjelzett vil\u00e1gklasszis csapat els\u0151 sz\u00e1m\u00fa kapusa, egyben az alakul\u00f3 f\u00e9lben l\u00e9v\u0151 Aranycsapat oszlopos tagja. Sikert sikerre halmoztak \u00e9s egy eg\u00e9sz orsz\u00e1g egy emberk\u00e9nt szor\u00edtott \u00e9rt\u00fck. Grosics nem csak kiemelked\u0151 k\u00e9pess\u00e9g\u00e9vel v\u00e1lt a legjobb h\u00e1l\u00f3\u0151r\u00f6k egyik\u00e9v\u00e9, de \u00faj st\u00edlust is teremtett. A j\u00e1t\u00e9kkal mindv\u00e9gig akt\u00edvan egy\u00fctt \u00e9lt \u00e9s hossz\u00fa, mer\u00e9sz kifut\u00e1sokkal szerzett labd\u00e1t \u00e9s akasztotta meg az ellenf\u00e9l t\u00e1mad\u00e1sait. Ezen fel\u00fcl \u0150 hordott el\u0151sz\u00f6r tiszta fekete mezt, amely hamarosan n\u00e9pszer\u0171 viselet lett a vil\u00e1g kapusainak k\u00f6r\u00e9ben. A f\u00e1ma \u00fagy tartja, hogy ez eml\u00e9keztette a papi reverend\u00e1ra, amelyet a versenysport kedv\u00e9\u00e9rt elhagyott, azonban az Isten ir\u00e1nti tisztele \u00e9s kereszt\u00e9ny hite v\u00e1ltozatlan maradt. \u00c9lete sor\u00e1n sokszor t\u0171nt \u00fagy, hogy a Gondvisel\u00e9s a legnehezebb id\u0151szakban mindig a seg\u00edts\u00e9g\u00e9re sietett. Az 1954-es vb-d\u00f6nt\u0151ig val\u00f3 menetel\u00e9sig minden t\u00e9ren egy hihetetlen sikeres korszaka volt, azonban a n\u00e9metek ellen elvesz\u00edtett vil\u00e1gbajnoki c\u00edmet k\u00f6vet\u0151en els\u0151 sz\u00e1m\u00fa b\u0171nbaknak lett kiki\u00e1ltva, egyben \u00fajabb koncepci\u00f3s pereket z\u00fad\u00edtottak r\u00e1. Ez\u00fattal k\u00e9mked\u00e9ssel v\u00e1dolta a p\u00e1rthatalom \u00e9s mind a v\u00e1logatottb\u00f3l, mind a Honv\u00e9db\u00f3l sz\u00e1m\u0171zt\u00e9k. Egyetlen magyar \u00e9lcsapathoz sem enged\u00e9lyezt\u00e9k a leigazol\u00e1s\u00e1t, m\u00edgnem egyed\u00fcli alternat\u00edvak\u00e9nt, Tatab\u00e1ny\u00e1ra elengedt\u00e9k. \u00c9ppen a megyesz\u00e9khely csapat\u00e1nak kapusak\u00e9nt \u00e9rt\u00e9k az 1956-os esem\u00e9nyek. Az Aranycsapat tagjaival k\u00fclf\u00f6ld\u00f6n vettek r\u00e9szt egy t\u00far\u00e1n, majd a magyarorsz\u00e1gi aggaszt\u00f3 fejlem\u00e9nyek h\u00edre sokukat elbizonytalan\u00edtott a hazat\u00e9r\u00e9ssel kapcsolatban.<\/p>\n<p><img decoding=\"async\" class=\"wp-image-62581 size-full\" src=\"https:\/\/dorogimedence.hu\/wp-content\/uploads\/2024\/06\/angol-magyar.jpg\" alt=\"\" width=\"1094\" height=\"701\" srcset=\"https:\/\/dorogimedence.hu\/wp-content\/uploads\/2024\/06\/angol-magyar.jpg 1094w, https:\/\/dorogimedence.hu\/wp-content\/uploads\/2024\/06\/angol-magyar-600x384.jpg 600w, https:\/\/dorogimedence.hu\/wp-content\/uploads\/2024\/06\/angol-magyar-768x492.jpg 768w, https:\/\/dorogimedence.hu\/wp-content\/uploads\/2024\/06\/angol-magyar-150x96.jpg 150w, https:\/\/dorogimedence.hu\/wp-content\/uploads\/2024\/06\/angol-magyar-450x288.jpg 450w\" sizes=\"(max-width: 1094px) 100vw, 1094px\" \/><\/p>\n<p style=\"text-align: center;\"><span style=\"font-size: 10pt;\"><em>Az \u00c9vsz\u00e1zad m\u00e9rk\u0151z\u00e9s\u00e9re kivonul\u00f3 csapatok a londoni Wembley stadionban t\u00f6bb, mint 100 ezer n\u00e9z\u0151 el\u0151tt 1953-ban (forr\u00e1s: Szeretlek Magyarorsz\u00e1g online)<\/em><\/span><\/p>\n<p style=\"text-align: justify;\">T\u00f6bben v\u00e9gleg kintmaradtak, Grosics azonban 1957 els\u0151 h\u00f3napjaiban m\u00e9gis visszaj\u00f6tt. Mindj\u00e1rt a hat\u00e1ron lefogt\u00e1k \u00e9s csal\u00e1dost\u00f3l a gy\u0151ri laktanya katonab\u00f6rt\u00f6n\u00e9be sz\u00e1ll\u00edtott\u00e1k. Szerencs\u00e9j\u00e9re az egyik tiszt dorogi volt, aki seg\u00edtett kiszabadulnia csal\u00e1dj\u00e1val egy\u00fctt. V\u00e9g\u00fcl kegyelmet kapott \u00e9s a v\u00e1logatotthoz is visszah\u00edvt\u00e1k. T\u00f6bb, mint 20 \u00e9vnyi akt\u00edv p\u00e1lyafut\u00e1s\u00e1t 1964-ben fejezte be Tatab\u00e1ny\u00e1n, miut\u00e1n nem engedt\u00e9k a Ferencv\u00e1roshoz igazolni, majd a megyesz\u00e9khely csapat\u00e1nak edz\u0151je lett. K\u00e9s\u0151bb ugyancsak edz\u0151sk\u00f6d\u00f6tt Salg\u00f3t\u00e1rj\u00e1nban, majd a KSI-n\u00e9l \u00e9s Kuwaitban is. Nyugd\u00edjba vonul\u00e1s\u00e1ig pedig a Bp. Vol\u00e1n SC eln\u00f6ke volt. Labdar\u00fag\u00f3k\u00e9nt szinte mindent el\u00e9rt, s\u0151t k\u00e9t abszol\u00fat orsz\u00e1gos rekordot is jegyez: Egyed\u00fcl\u00e9k\u00e9nt h\u00e1rom vil\u00e1gbajnoks\u00e1gon szerepelt, valamint hatszoros vil\u00e1gv\u00e1logatott is volt. Olimpiai bajnok, Eur\u00f3pa-kupagy\u0151ztes \u00e9s vil\u00e1gbajnoki ez\u00fcst\u00e9rmes, tov\u00e1bb\u00e1 az \u00c9vsz\u00e1zad m\u00e9rk\u0151z\u00e9s\u00e9nek nevezett angol\u2013magyar \u00e9s annak visszavag\u00f3j\u00e1n is a gy\u0151ztes csapat kapusa volt a v\u00e1logatottal, klubszinten pedig h\u00e1romszoros bajnok a Honv\u00e9ddal. R\u00e9gi v\u00e1gya is bizonyos fokig teljes\u00fclt, ugyanis a Fradi jelk\u00e9pesen leigazolta 2008-ban \u00e9s a Scheffield\u00a0 United elleni m\u00e9rk\u0151z\u00e9sen kezd\u0151k\u00e9nt p\u00e1ly\u00e1ra is l\u00e9pett. A m\u00e1sik legend\u00e1s dorogival, Buz\u00e1nszky Jen\u0151vel Dorogon 1947-ben csapatt\u00e1rsak voltak, k\u00e9s\u0151bb pedig az Aranycsapatban, ahol m\u00e9g a poszt szerinti sz\u00e1moz\u00e1s alapj\u00e1n is egym\u00e1st k\u00f6vett\u00e9k az \u00f6ssze\u00e1ll\u00edt\u00e1sban.<\/p>\n<p><img loading=\"lazy\" decoding=\"async\" class=\"aligncenter wp-image-62599 size-full\" src=\"https:\/\/dorogimedence.hu\/wp-content\/uploads\/2024\/06\/Dorogi-Oregfiuk.jpg\" alt=\"\" width=\"1682\" height=\"1046\" srcset=\"https:\/\/dorogimedence.hu\/wp-content\/uploads\/2024\/06\/Dorogi-Oregfiuk.jpg 1682w, https:\/\/dorogimedence.hu\/wp-content\/uploads\/2024\/06\/Dorogi-Oregfiuk-600x373.jpg 600w, https:\/\/dorogimedence.hu\/wp-content\/uploads\/2024\/06\/Dorogi-Oregfiuk-768x478.jpg 768w, https:\/\/dorogimedence.hu\/wp-content\/uploads\/2024\/06\/Dorogi-Oregfiuk-1536x955.jpg 1536w, https:\/\/dorogimedence.hu\/wp-content\/uploads\/2024\/06\/Dorogi-Oregfiuk-150x93.jpg 150w, https:\/\/dorogimedence.hu\/wp-content\/uploads\/2024\/06\/Dorogi-Oregfiuk-450x280.jpg 450w, https:\/\/dorogimedence.hu\/wp-content\/uploads\/2024\/06\/Dorogi-Oregfiuk-1200x746.jpg 1200w\" sizes=\"(max-width: 1682px) 100vw, 1682px\" \/><\/p>\n<p style=\"text-align: center;\"><span style=\"font-size: 10pt;\"><em>A Dorogi \u00f6regfi\u00fak csapat\u00e1ban Dorogon<\/em><\/span><\/p>\n<p style=\"text-align: justify;\">Grosics nemzetk\u00f6zi szinten val\u00f3 elismerts\u00e9ge is hat\u00e1rtalan, m\u00e9g napjainkban is sok neves kapus tekinti p\u00e9ldak\u00e9p\u00e9nek. Amikor 2007-ben Buenos Airesben az Argentin Labdar\u00fag\u00f3 Sz\u00f6vets\u00e9g k\u00f6zpontj\u00e1ban tettem l\u00e1togat\u00e1st, a vend\u00e9gl\u00e1t\u00f3immal &#8211; Hugo Cots az int\u00e9zm\u00e9nyi kapcsolatok f\u0151igazgat\u00f3ja \u00e9s Ernesto Wiedrich f\u0151titik\u00e1r &#8211; a k\u00f6lcs\u00f6n\u00f6s \u00fcdv\u00f6zl\u00e9s \u00e9s bemutatkoz\u00e1s alkalm\u00e1n a f\u0151titk\u00e1r egy szuszra sorolta fel az Aranycsapat tagjait. Kedves gesztus\u00e1t megk\u00f6sz\u00f6nve, b\u00fcszk\u00e9n \u00e9s \u00f6r\u00f6mmel t\u00e1j\u00e9koztattam, hogy az eml\u00edtett felsorol\u00e1sban szerepl\u0151 els\u0151 k\u00e9t labdar\u00fag\u00f3 az \u00e9n v\u00e1rosomb\u00f3l val\u00f3. Gyula b\u00e1csi m\u00e1r \u00e9let\u00e9ben is rengeteg magasrang\u00fa kit\u00fcntet\u00e9sben, elismer\u00e9sben r\u00e9szes\u00fclt. T\u00f6bbek k\u00f6z\u00f6tt a Nemzet Sportol\u00f3ja, a Magyar K\u00f6zt\u00e1rsas\u00e1g \u00c9rdemrem k\u00f6z\u00e9pkeresztje, a Magyar N\u00e9pk\u00f6zt\u00e1rsas\u00e1g \u00c9rdemes Sportol\u00f3ja, az \u00c9v Sportol\u00f3ja c\u00edm tulajdonosa volt, tov\u00e1bb\u00e1 Budapest \u00e9s \u00dajbuda d\u00edszpolg\u00e1ra. 2001-ben sz\u00fcl\u0151v\u00e1rosa \u00e9s anyaegyes\u00fclete is kifejezte h\u00e1l\u00e1j\u00e1t \u00e9s megbecs\u00fcl\u00e9s\u00e9t ir\u00e1ny\u00e1ban, miut\u00e1n Dorog v\u00e1ros d\u00edszpolg\u00e1ra \u00e9s a Dorogi FC \u00d6r\u00f6k\u00f6s Tagja c\u00edmet \u00fcnnep\u00e9lyes keretek k\u00f6z\u00f6tt vehette \u00e1t. Az egyp\u00e1rtrendszer megsz\u0171nt\u00e9t k\u00f6vet\u0151en 1990 \u00e9s 1994 k\u00f6z\u00f6tt az MDF-sz\u00edneiben k\u00e9tszer is jel\u00f6lt volt parlamenti k\u00e9pvisel\u0151s\u00e9gre. Eg\u00e9sz \u00e9let\u00e9t meghat\u00e1rozta \u00e9s v\u00e9gig k\u00eds\u00e9rte a gyerekkor\u00e1t\u00f3l gy\u00f6kerez\u0151 kereszt\u00e9ny \u00e9rt\u00e9kek vall\u00e1sa \u00e9s a hazaszeretet. Noha \u00e9lete d\u00f6nt\u0151 r\u00e9sz\u00e9ben a f\u0151v\u00e1rosban lakott, Doroghoz val\u00f3 k\u00f6t\u0151d\u00e9se mindv\u00e9gig megmaradt, ahol gyakran tette tisztelet\u00e9t. Ameddig eg\u00e9szs\u00e9ge engedte, rendszeresen vett r\u00e9sz a dorogi klub \u00e9s a v\u00e1ros rendezv\u00e9nyein, \u00f6sszej\u00f6vetelein \u00e9s ugyancsak gyakran szerepelt a Dorog \u00f6regfi\u00fak csapat\u00e1ban.<\/p>\n<p><img loading=\"lazy\" decoding=\"async\" class=\"aligncenter wp-image-62600 \" src=\"https:\/\/dorogimedence.hu\/wp-content\/uploads\/2024\/06\/Grosics-csalad-Karacsony-386x600.jpg\" alt=\"\" width=\"452\" height=\"702\" srcset=\"https:\/\/dorogimedence.hu\/wp-content\/uploads\/2024\/06\/Grosics-csalad-Karacsony-386x600.jpg 386w, https:\/\/dorogimedence.hu\/wp-content\/uploads\/2024\/06\/Grosics-csalad-Karacsony-150x233.jpg 150w, https:\/\/dorogimedence.hu\/wp-content\/uploads\/2024\/06\/Grosics-csalad-Karacsony-450x699.jpg 450w, https:\/\/dorogimedence.hu\/wp-content\/uploads\/2024\/06\/Grosics-csalad-Karacsony.jpg 598w\" sizes=\"(max-width: 452px) 100vw, 452px\" \/><\/p>\n<p style=\"text-align: center;\"><span style=\"font-size: 10pt;\"><em>R\u00e9gi csal\u00e1di Kar\u00e1csony feles\u00e9g\u00e9vel, Bagoly T\u00fcnd\u00e9vel, valamint Judit \u00e9s T\u00fcnde l\u00e1nyukkal (forr\u00e1s: A Grosics csal\u00e1d album\u00e1b\u00f3l)<\/em><\/span><\/p>\n<p style=\"text-align: justify;\">K\u00e9tszer n\u0151s\u00fclt. Els\u0151 feles\u00e9ge Bagoly T\u00fcnde, akinek \u00e9desapja reform\u00e1tus lelk\u00e9sz volt, s\u00f3gora, Bagoly Bertalan pedig els\u0151 oszt\u00e1ly\u00fa, v\u00e1logatott labdar\u00fag\u00f3, akivel a MATEOSZ csapat\u00e1ban csapatt\u00e1rsak is voltak. H\u00e1zass\u00e1g\u00e1b\u00f3l k\u00e9t le\u00e1ny, T\u00fcnde \u00e9s Judit sz\u00fcletett. M\u00e1sodik feles\u00e9ge Heringer Ilona volt, s k\u00f6z\u00f6s gyermek\u00fck Edina. \u00d6t unok\u00e1ja \u00e9s hat d\u00e9dunok\u00e1ja volt. Le\u00e1nya, Edina f\u00e9rje Kiss Tam\u00e1s ugyancsak neves labdar\u00fag\u00f3 volt, valamint az els\u0151 oszt\u00e1ly\u00fa Paks edz\u0151je. Grosics utols\u00f3 \u00e9veiben gyakran betegeskedett, t\u00fcd\u0151probl\u00e9m\u00e1i miatt meg is m\u0171t\u00f6tt\u00e9k. Hal\u00e1lh\u00edr\u00e9t szomor\u00faan fogadta az orsz\u00e1g \u00e9s a vil\u00e1g k\u00f6zv\u00e9lem\u00e9nye. A sors \u00e9rdekess\u00e9ge, hogy f\u00f6ldi p\u00e1ly\u00e1j\u00e1nak befejez\u00e9sekor \u00e9ppen a Braz\u00edli\u00e1ban rendezett labdar\u00fag\u00f3 vil\u00e1gbajnoks\u00e1g zajlott, annak is a m\u00e1sodik j\u00e1t\u00e9knapja, valamint egyben ez volt a Dorogi FC centen\u00e1riumi \u00e9ve is. B\u00facs\u00faztat\u00e1sa \u00e1llami temet\u00e9s keret\u00e9n bel\u00fcl zajlott a f\u0151v\u00e1rosi Szent Istv\u00e1n Bazilik\u00e1ban \u00e9s \u00f6r\u00f6k nyugalomra is a bazilika altemplom\u00e1ban kialak\u00edtott kegyeleti csarnokba helyezt\u00e9k. Feles\u00e9ge n\u00e9h\u00e1ny h\u00f3nappal k\u00e9s\u0151bb, m\u00e9g ugyanebben az \u00e9vben hunyt el, akit f\u00e9rje mell\u00e9 temettek.<\/p>\n<p><img loading=\"lazy\" decoding=\"async\" class=\"aligncenter wp-image-62547 size-full\" src=\"https:\/\/dorogimedence.hu\/wp-content\/uploads\/2024\/06\/Grosics-sirja.jpg\" alt=\"\" width=\"690\" height=\"530\" srcset=\"https:\/\/dorogimedence.hu\/wp-content\/uploads\/2024\/06\/Grosics-sirja.jpg 690w, https:\/\/dorogimedence.hu\/wp-content\/uploads\/2024\/06\/Grosics-sirja-600x461.jpg 600w, https:\/\/dorogimedence.hu\/wp-content\/uploads\/2024\/06\/Grosics-sirja-150x115.jpg 150w, https:\/\/dorogimedence.hu\/wp-content\/uploads\/2024\/06\/Grosics-sirja-450x346.jpg 450w\" sizes=\"(max-width: 690px) 100vw, 690px\" \/><\/p>\n<p style=\"text-align: center;\"><em><span style=\"font-size: 10pt;\">Nyughelye a budapesti Szent Istv\u00e1n Bazilika kegyeletei helyis\u00e9g\u00e9ben az altemplomban (forr\u00e1s: Szent Istv\u00e1n Bazilika online)<\/span><\/em><\/p>\n<p style=\"text-align: justify;\">Eml\u00e9k\u00e9t sz\u00e1mtalan int\u00e9zm\u00e9ny \u00e1polja. Sporthagyat\u00e9ka a Pusk\u00e1s Int\u00e9zet kezel\u00e9s\u00e9ben \u00e1ll, amely \u00e9ppen ezekben a napokban Dorogon, a J\u00f3zsef Attila M\u0171vel\u0151d\u00e9si K\u00f6zpontban van ki\u00e1ll\u00edtva. Ugyancsak \u0151rzi eml\u00e9k\u00e9t a Dorogi Sportm\u00fazeum t\u00e1rlata is. Nev\u00e9t viseli a tatab\u00e1nyai stadion, tov\u00e1bb\u00e1 sportcsarnok, sportiskola, futball akad\u00e9mia \u00e9s kapusiskola. Orsz\u00e1gszerte t\u00f6bb eml\u00e9km\u0171vet \u00e9s szobrot emeltek a tisztelet\u00e9re \u00e9s sz\u00e1mtalan eml\u00e9kt\u00e1rgyon \u00f6r\u00f6k\u00edtett\u00e9k meg szem\u00e9ly\u00e9t. Azonban sajn\u00e1latos m\u00f3don, mint oly sok kiemelked\u0151 magyar t\u00f6rt\u00e9nelmi \u00e9s k\u00f6z\u00e9leti szem\u00e9ly, Grosics sem ker\u00fclte el a dehoneszt\u00e1l\u00f3, lej\u00e1rat\u00f3 hadj\u00e1ratot. M\u00e1r \u00e9let\u00e9ben is sokszor meggy\u0171lt a baja az \u00e1llami p\u00e1rtrendszerrel \u00e9s b\u00e9rtollnokokkal, azonban nem sokkal hal\u00e1l\u00e1t k\u00f6vet\u0151en az Amerikai N\u00e9pszav\u00e1ban megjelent cikk egyenesen n\u00e1cinak \u00e9s h\u00e1bor\u00fas b\u0171n\u00f6snek b\u00e9lyegezte. Mindezt abb\u00f3l vezett\u00e9k le, hogy Grosics a h\u00e1bor\u00fa utols\u00f3 h\u00f3napjaiban a frontra ker\u00fclt. Miut\u00e1n Dorog v\u00e1ros polg\u00e1rmestere, dr. Tittmann J\u00e1nos \u00e9s az \u00e1ltala vezetett Dorogi K\u00e9pvisel\u0151 Test\u00fclet is \u00e9rtes\u00fclt e gyal\u00e1zatr\u00f3l, fontol\u00f3ra vett\u00e9k, hogy Grosics becs\u00fclet\u00e9t megv\u00e9dend\u0151, el\u00e9gt\u00e9telt k\u00f6veteljenek, el- \u00e9s visszautas\u00edtva a r\u00e1galmakat, de tudom\u00e1som szerint v\u00e9g\u00fcl ez nem t\u00f6rt\u00e9nt meg. Ugyancsak Grosics befeket\u00edt\u00e9s\u00e9t c\u00e9lozta egy r\u00e9gebben felkapott rosszindulat\u00fa mende-monda, miszerint a Fekete P\u00e1rduc mindent elk\u00f6vetetett annak \u00e9rdek\u00e9ben, hogy a m\u00e1sik dorogi kapuslegenda, Ilku Istv\u00e1n ne lehessen a v\u00e1logatott kapuv\u00e9d\u0151je. Maga, Ilku c\u00e1folta mindezt, s\u0151t, Grosicsnak nagyon h\u00e1l\u00e1s volt az \u00e1ltala ny\u00fajtott seg\u00edts\u00e9ge miatt is, akivel \u00e9let\u00fck v\u00e9g\u00e9ig j\u00f3 bar\u00e1ts\u00e1gban voltak. Ebben az esetben pedig azt vett\u00e9k alapul, hogy Grosics visszavonul\u00e1s\u00e1t k\u00f6vet\u0151en nem Ilku lett a v\u00e1logatott els\u0151 sz\u00e1m\u00fa kapusa. Azt a t\u00e9ny viszont b\u00f6lcsen figyelmen k\u00edv\u00fcl hagyt\u00e1k, hogy Ilku \u00e9ppen akkor s\u00falyosan megs\u00e9r\u00fclt egy bajnokin \u00e9s ez\u00e9rt kellett mell\u0151zni a keret \u00f6ssze\u00e1ll\u00edt\u00e1sakor.<\/p>\n<p><img loading=\"lazy\" decoding=\"async\" class=\"aligncenter wp-image-62545 size-full\" src=\"https:\/\/dorogimedence.hu\/wp-content\/uploads\/2024\/06\/aranyvonat.jpg\" alt=\"\" width=\"1024\" height=\"704\" srcset=\"https:\/\/dorogimedence.hu\/wp-content\/uploads\/2024\/06\/aranyvonat.jpg 1024w, https:\/\/dorogimedence.hu\/wp-content\/uploads\/2024\/06\/aranyvonat-600x413.jpg 600w, https:\/\/dorogimedence.hu\/wp-content\/uploads\/2024\/06\/aranyvonat-768x528.jpg 768w, https:\/\/dorogimedence.hu\/wp-content\/uploads\/2024\/06\/aranyvonat-150x103.jpg 150w, https:\/\/dorogimedence.hu\/wp-content\/uploads\/2024\/06\/aranyvonat-450x309.jpg 450w\" sizes=\"(max-width: 1024px) 100vw, 1024px\" \/><\/p>\n<p style=\"text-align: center;\"><span style=\"font-size: 10pt;\"><em>Az Aranycsapat tagjaival d\u00edsz\u00edtett vonat a Nyugati p\u00e1lyaudvar csarnok\u00e1ban (forr\u00e1s: 24.hu)<\/em><\/span><\/p>\n<p style=\"text-align: justify;\">Gyula b\u00e1csi szer\u00e9ny, k\u00f6zvetlen, egyben j\u00f3 humor\u00fa ember volt. Sz\u00e1mos megsz\u00edvlelend\u0151 tan\u00e1csot adott az ut\u00f3kornak, amelyet \u00e9rdemes megsz\u00edvlelni. T\u00f6bbek k\u00f6z\u00f6tt ezt a kijelent\u00e9s\u00e9t kiemelten szeretn\u00e9m id\u00e9zni egyfajta m\u00e9lt\u00f3 z\u00e1r\u00f3 gondolatk\u00e9nt: <strong>&#8222;<em>A j\u00e1t\u00e9kosok m\u00e9g v\u00e9letlen\u00fcl se higgy\u00e9k azt, hogy \u0151ket tiszteli meg a k\u00f6z\u00f6ns\u00e9g, hanem \u00e9ppen ford\u00edtva. A j\u00e1t\u00e9kos \u00e9rezze mag\u00e1t megtisztelve, hogy egy nemzet sz\u00edneit k\u00e9pviselheti a nagyvil\u00e1gban. Ez egy \u00edratlan t\u00f6rv\u00e9nye a k\u00f6z\u00f6ss\u00e9g k\u00e9pviselet\u00e9nek, \u00e9s ez nemcsak a sportra, hanem a vil\u00e1gon minden m\u00e1sra igaz.&#8221;<\/em><\/strong><\/p>\n<p><span style=\"text-decoration: underline;\">Bor\u00edt\u00f3k\u00e9p<\/span>: Az ifj\u00fa v\u00e1logatott \u00e9s az id\u0151s Grosics Gyula portr\u00e9ja<\/p>\n<p><strong><em>Szab\u00f3 Gyula<\/em><\/strong><\/p>\n","protected":false},"excerpt":{"rendered":"<p>2014. j\u00fanius 13-\u00e1n, az \u00e9ppen akkor zajl\u00f3 futball vil\u00e1gbajnoks\u00e1g k\u00f6zepette \u00e9rkezett a szomor\u00fa h\u00edr, miszerint \u00e9let\u00e9nek 89. \u00e9v\u00e9ben elhunyt Grosics Gyula vil\u00e1gh\u00edr\u0171 sportol\u00f3, minden id\u0151k egyik legnagyszer\u0171bb kapusa, az Aranycsapat tagja, egyben Dorog v\u00e1ros legismertebb sz\u00fcl\u00f6tte. Grosics Gyula 1926. febru\u00e1r 4-\u00e9n, Dorogon sz\u00fcletett. Sz\u00fclei vall\u00e1sos szellemben nevelt\u00e9k \u00e9s papi p\u00e1ly\u00e1ra sz\u00e1nt\u00e1k. Az \u00d6regkol\u00f3nia negyedben, a<\/p>\n","protected":false},"author":4,"featured_media":62548,"comment_status":"closed","ping_status":"closed","sticky":false,"template":"","format":"standard","meta":{"ngg_post_thumbnail":0,"footnotes":""},"categories":[2,3,6031,5],"tags":[15,5006,37,70,69,3486,72],"class_list":{"0":"post-62544","1":"post","2":"type-post","3":"status-publish","4":"format-standard","5":"has-post-thumbnail","7":"category-dorog","8":"category-hirek","9":"category-kerek-evfordulok","10":"category-sport","11":"tag-dorog","12":"tag-dorogi-banyasz","13":"tag-dorogi-fc","14":"tag-foci","15":"tag-futball","16":"tag-grosics-gyula","17":"tag-labdarugas"},"yoast_head":"<!-- This site is optimized with the Yoast SEO plugin v27.5 - https:\/\/yoast.com\/product\/yoast-seo-wordpress\/ -->\n<title>10 \u00e9ve t\u00f6rt\u00e9nt: Elment a Fekete P\u00e1rduc - Grosics Gyula hal\u00e1l\u00e1nak egy \u00e9vtizedes \u00e9vfordul\u00f3ja<\/title>\n<meta name=\"robots\" content=\"index, follow, max-snippet:-1, max-image-preview:large, max-video-preview:-1\" \/>\n<link rel=\"canonical\" href=\"https:\/\/dorogimedence.hu\/index.php\/2024\/06\/13\/10-eve-tortent-elment-a-fekete-parduc-grosics-gyula-halalanak-egy-evtizedes-evforduloja\/\" class=\"yoast-seo-meta-tag\" \/>\n<meta property=\"og:locale\" content=\"hu_HU\" class=\"yoast-seo-meta-tag\" \/>\n<meta property=\"og:type\" content=\"article\" class=\"yoast-seo-meta-tag\" \/>\n<meta property=\"og:title\" content=\"10 \u00e9ve t\u00f6rt\u00e9nt: Elment a Fekete P\u00e1rduc - Grosics Gyula hal\u00e1l\u00e1nak egy \u00e9vtizedes \u00e9vfordul\u00f3ja\" class=\"yoast-seo-meta-tag\" \/>\n<meta property=\"og:description\" content=\"2014. j\u00fanius 13-\u00e1n, az \u00e9ppen akkor zajl\u00f3 futball vil\u00e1gbajnoks\u00e1g k\u00f6zepette \u00e9rkezett a szomor\u00fa h\u00edr, miszerint \u00e9let\u00e9nek 89. \u00e9v\u00e9ben elhunyt Grosics Gyula vil\u00e1gh\u00edr\u0171 sportol\u00f3, minden id\u0151k egyik legnagyszer\u0171bb kapusa, az Aranycsapat tagja, egyben Dorog v\u00e1ros legismertebb sz\u00fcl\u00f6tte. Grosics Gyula 1926. febru\u00e1r 4-\u00e9n, Dorogon sz\u00fcletett. Sz\u00fclei vall\u00e1sos szellemben nevelt\u00e9k \u00e9s papi p\u00e1ly\u00e1ra sz\u00e1nt\u00e1k. Az \u00d6regkol\u00f3nia negyedben, a\" class=\"yoast-seo-meta-tag\" \/>\n<meta property=\"og:url\" content=\"https:\/\/dorogimedence.hu\/index.php\/2024\/06\/13\/10-eve-tortent-elment-a-fekete-parduc-grosics-gyula-halalanak-egy-evtizedes-evforduloja\/\" class=\"yoast-seo-meta-tag\" \/>\n<meta property=\"og:site_name\" content=\"Dorogi-medence Region\u00e1lis H\u00edrport\u00e1l\" class=\"yoast-seo-meta-tag\" \/>\n<meta property=\"article:publisher\" content=\"https:\/\/www.facebook.com\/dorogimedence\/\" class=\"yoast-seo-meta-tag\" \/>\n<meta property=\"article:published_time\" content=\"2024-06-13T06:19:19+00:00\" class=\"yoast-seo-meta-tag\" \/>\n<meta property=\"article:modified_time\" content=\"2024-06-13T17:06:48+00:00\" class=\"yoast-seo-meta-tag\" \/>\n<meta property=\"og:image\" content=\"https:\/\/dorogimedence.hu\/wp-content\/uploads\/2024\/06\/grosics-borito.jpg\" class=\"yoast-seo-meta-tag\" \/>\n\t<meta property=\"og:image:width\" content=\"812\" class=\"yoast-seo-meta-tag\" \/>\n\t<meta property=\"og:image:height\" content=\"630\" class=\"yoast-seo-meta-tag\" \/>\n\t<meta property=\"og:image:type\" content=\"image\/jpeg\" class=\"yoast-seo-meta-tag\" \/>\n<meta name=\"author\" content=\"Szab\u00f3 Gyula\" class=\"yoast-seo-meta-tag\" \/>\n<meta name=\"twitter:card\" content=\"summary_large_image\" class=\"yoast-seo-meta-tag\" \/>\n<meta name=\"twitter:label1\" content=\"Szerz\u0151:\" class=\"yoast-seo-meta-tag\" \/>\n\t<meta name=\"twitter:data1\" content=\"Szab\u00f3 Gyula\" class=\"yoast-seo-meta-tag\" \/>\n\t<meta name=\"twitter:label2\" content=\"Becs\u00fclt olvas\u00e1si id\u0151\" class=\"yoast-seo-meta-tag\" \/>\n\t<meta name=\"twitter:data2\" content=\"13 perc\" class=\"yoast-seo-meta-tag\" \/>\n<script type=\"application\/ld+json\" class=\"yoast-schema-graph\">{\"@context\":\"https:\\\/\\\/schema.org\",\"@graph\":[{\"@type\":\"Article\",\"@id\":\"https:\\\/\\\/dorogimedence.hu\\\/index.php\\\/2024\\\/06\\\/13\\\/10-eve-tortent-elment-a-fekete-parduc-grosics-gyula-halalanak-egy-evtizedes-evforduloja\\\/#article\",\"isPartOf\":{\"@id\":\"https:\\\/\\\/dorogimedence.hu\\\/index.php\\\/2024\\\/06\\\/13\\\/10-eve-tortent-elment-a-fekete-parduc-grosics-gyula-halalanak-egy-evtizedes-evforduloja\\\/\"},\"author\":{\"name\":\"Szab\u00f3 Gyula\",\"@id\":\"https:\\\/\\\/dorogimedence.hu\\\/#\\\/schema\\\/person\\\/76605e8151ec1b7376385cd184ede973\"},\"headline\":\"10 \u00e9ve t\u00f6rt\u00e9nt: Elment a Fekete P\u00e1rduc &#8211; Grosics Gyula hal\u00e1l\u00e1nak egy \u00e9vtizedes \u00e9vfordul\u00f3ja\",\"datePublished\":\"2024-06-13T06:19:19+00:00\",\"dateModified\":\"2024-06-13T17:06:48+00:00\",\"mainEntityOfPage\":{\"@id\":\"https:\\\/\\\/dorogimedence.hu\\\/index.php\\\/2024\\\/06\\\/13\\\/10-eve-tortent-elment-a-fekete-parduc-grosics-gyula-halalanak-egy-evtizedes-evforduloja\\\/\"},\"wordCount\":2658,\"publisher\":{\"@id\":\"https:\\\/\\\/dorogimedence.hu\\\/#organization\"},\"image\":{\"@id\":\"https:\\\/\\\/dorogimedence.hu\\\/index.php\\\/2024\\\/06\\\/13\\\/10-eve-tortent-elment-a-fekete-parduc-grosics-gyula-halalanak-egy-evtizedes-evforduloja\\\/#primaryimage\"},\"thumbnailUrl\":\"https:\\\/\\\/dorogimedence.hu\\\/wp-content\\\/uploads\\\/2024\\\/06\\\/grosics-borito.jpg\",\"keywords\":[\"Dorog\",\"Dorogi B\u00e1ny\u00e1sz\",\"Dorogi FC\",\"foci\",\"futball\",\"Grosics Gyula\",\"labdar\u00fag\u00e1s\"],\"articleSection\":[\"Dorog\",\"H\u00edrek\",\"Kerek \u00e9vfordul\u00f3k\",\"Sport\"],\"inLanguage\":\"hu\"},{\"@type\":\"WebPage\",\"@id\":\"https:\\\/\\\/dorogimedence.hu\\\/index.php\\\/2024\\\/06\\\/13\\\/10-eve-tortent-elment-a-fekete-parduc-grosics-gyula-halalanak-egy-evtizedes-evforduloja\\\/\",\"url\":\"https:\\\/\\\/dorogimedence.hu\\\/index.php\\\/2024\\\/06\\\/13\\\/10-eve-tortent-elment-a-fekete-parduc-grosics-gyula-halalanak-egy-evtizedes-evforduloja\\\/\",\"name\":\"10 \u00e9ve t\u00f6rt\u00e9nt: Elment a Fekete P\u00e1rduc - Grosics Gyula hal\u00e1l\u00e1nak egy \u00e9vtizedes \u00e9vfordul\u00f3ja\",\"isPartOf\":{\"@id\":\"https:\\\/\\\/dorogimedence.hu\\\/#website\"},\"primaryImageOfPage\":{\"@id\":\"https:\\\/\\\/dorogimedence.hu\\\/index.php\\\/2024\\\/06\\\/13\\\/10-eve-tortent-elment-a-fekete-parduc-grosics-gyula-halalanak-egy-evtizedes-evforduloja\\\/#primaryimage\"},\"image\":{\"@id\":\"https:\\\/\\\/dorogimedence.hu\\\/index.php\\\/2024\\\/06\\\/13\\\/10-eve-tortent-elment-a-fekete-parduc-grosics-gyula-halalanak-egy-evtizedes-evforduloja\\\/#primaryimage\"},\"thumbnailUrl\":\"https:\\\/\\\/dorogimedence.hu\\\/wp-content\\\/uploads\\\/2024\\\/06\\\/grosics-borito.jpg\",\"datePublished\":\"2024-06-13T06:19:19+00:00\",\"dateModified\":\"2024-06-13T17:06:48+00:00\",\"breadcrumb\":{\"@id\":\"https:\\\/\\\/dorogimedence.hu\\\/index.php\\\/2024\\\/06\\\/13\\\/10-eve-tortent-elment-a-fekete-parduc-grosics-gyula-halalanak-egy-evtizedes-evforduloja\\\/#breadcrumb\"},\"inLanguage\":\"hu\",\"potentialAction\":[{\"@type\":\"ReadAction\",\"target\":[\"https:\\\/\\\/dorogimedence.hu\\\/index.php\\\/2024\\\/06\\\/13\\\/10-eve-tortent-elment-a-fekete-parduc-grosics-gyula-halalanak-egy-evtizedes-evforduloja\\\/\"]}]},{\"@type\":\"ImageObject\",\"inLanguage\":\"hu\",\"@id\":\"https:\\\/\\\/dorogimedence.hu\\\/index.php\\\/2024\\\/06\\\/13\\\/10-eve-tortent-elment-a-fekete-parduc-grosics-gyula-halalanak-egy-evtizedes-evforduloja\\\/#primaryimage\",\"url\":\"https:\\\/\\\/dorogimedence.hu\\\/wp-content\\\/uploads\\\/2024\\\/06\\\/grosics-borito.jpg\",\"contentUrl\":\"https:\\\/\\\/dorogimedence.hu\\\/wp-content\\\/uploads\\\/2024\\\/06\\\/grosics-borito.jpg\",\"width\":812,\"height\":630},{\"@type\":\"BreadcrumbList\",\"@id\":\"https:\\\/\\\/dorogimedence.hu\\\/index.php\\\/2024\\\/06\\\/13\\\/10-eve-tortent-elment-a-fekete-parduc-grosics-gyula-halalanak-egy-evtizedes-evforduloja\\\/#breadcrumb\",\"itemListElement\":[{\"@type\":\"ListItem\",\"position\":1,\"name\":\"Kezd\u0151lap\",\"item\":\"https:\\\/\\\/dorogimedence.hu\\\/\"},{\"@type\":\"ListItem\",\"position\":2,\"name\":\"10 \u00e9ve t\u00f6rt\u00e9nt: Elment a Fekete P\u00e1rduc &#8211; Grosics Gyula hal\u00e1l\u00e1nak egy \u00e9vtizedes \u00e9vfordul\u00f3ja\"}]},{\"@type\":\"WebSite\",\"@id\":\"https:\\\/\\\/dorogimedence.hu\\\/#website\",\"url\":\"https:\\\/\\\/dorogimedence.hu\\\/\",\"name\":\"Dorogi-medence Region\u00e1lis H\u00edrport\u00e1l\",\"description\":\"Dorog, Keszt\u00f6lc, Le\u00e1nyv\u00e1r, Piliscs\u00e9v, Tokod, Tokodalt\u00e1r\u00f3, Csolnok, Esztergom-kertv\u00e1ros: h\u00edrek, programok\",\"publisher\":{\"@id\":\"https:\\\/\\\/dorogimedence.hu\\\/#organization\"},\"potentialAction\":[{\"@type\":\"SearchAction\",\"target\":{\"@type\":\"EntryPoint\",\"urlTemplate\":\"https:\\\/\\\/dorogimedence.hu\\\/?s={search_term_string}\"},\"query-input\":{\"@type\":\"PropertyValueSpecification\",\"valueRequired\":true,\"valueName\":\"search_term_string\"}}],\"inLanguage\":\"hu\"},{\"@type\":\"Organization\",\"@id\":\"https:\\\/\\\/dorogimedence.hu\\\/#organization\",\"name\":\"Dorogi-medence Region\u00e1lis H\u00edrport\u00e1l\",\"url\":\"https:\\\/\\\/dorogimedence.hu\\\/\",\"logo\":{\"@type\":\"ImageObject\",\"inLanguage\":\"hu\",\"@id\":\"https:\\\/\\\/dorogimedence.hu\\\/#\\\/schema\\\/logo\\\/image\\\/\",\"url\":\"https:\\\/\\\/dorogimedence.hu\\\/wp-content\\\/uploads\\\/2021\\\/04\\\/logo-feher-600.png\",\"contentUrl\":\"https:\\\/\\\/dorogimedence.hu\\\/wp-content\\\/uploads\\\/2021\\\/04\\\/logo-feher-600.png\",\"width\":600,\"height\":100,\"caption\":\"Dorogi-medence Region\u00e1lis H\u00edrport\u00e1l\"},\"image\":{\"@id\":\"https:\\\/\\\/dorogimedence.hu\\\/#\\\/schema\\\/logo\\\/image\\\/\"},\"sameAs\":[\"https:\\\/\\\/www.facebook.com\\\/dorogimedence\\\/\"]},{\"@type\":\"Person\",\"@id\":\"https:\\\/\\\/dorogimedence.hu\\\/#\\\/schema\\\/person\\\/76605e8151ec1b7376385cd184ede973\",\"name\":\"Szab\u00f3 Gyula\",\"image\":{\"@type\":\"ImageObject\",\"inLanguage\":\"hu\",\"@id\":\"\\\/\\\/www.gravatar.com\\\/avatar\\\/3e44b6fb2ef9bcea3639958cc2a587cb?s=96&#038;r=g&#038;d=mm\",\"url\":\"\\\/\\\/www.gravatar.com\\\/avatar\\\/3e44b6fb2ef9bcea3639958cc2a587cb?s=96&#038;r=g&#038;d=mm\",\"contentUrl\":\"\\\/\\\/www.gravatar.com\\\/avatar\\\/3e44b6fb2ef9bcea3639958cc2a587cb?s=96&#038;r=g&#038;d=mm\",\"caption\":\"Szab\u00f3 Gyula\"}}]}<\/script>\n<!-- \/ Yoast SEO plugin. -->","yoast_head_json":{"title":"10 \u00e9ve t\u00f6rt\u00e9nt: Elment a Fekete P\u00e1rduc - Grosics Gyula hal\u00e1l\u00e1nak egy \u00e9vtizedes \u00e9vfordul\u00f3ja","robots":{"index":"index","follow":"follow","max-snippet":"max-snippet:-1","max-image-preview":"max-image-preview:large","max-video-preview":"max-video-preview:-1"},"canonical":"https:\/\/dorogimedence.hu\/index.php\/2024\/06\/13\/10-eve-tortent-elment-a-fekete-parduc-grosics-gyula-halalanak-egy-evtizedes-evforduloja\/","og_locale":"hu_HU","og_type":"article","og_title":"10 \u00e9ve t\u00f6rt\u00e9nt: Elment a Fekete P\u00e1rduc - Grosics Gyula hal\u00e1l\u00e1nak egy \u00e9vtizedes \u00e9vfordul\u00f3ja","og_description":"2014. j\u00fanius 13-\u00e1n, az \u00e9ppen akkor zajl\u00f3 futball vil\u00e1gbajnoks\u00e1g k\u00f6zepette \u00e9rkezett a szomor\u00fa h\u00edr, miszerint \u00e9let\u00e9nek 89. \u00e9v\u00e9ben elhunyt Grosics Gyula vil\u00e1gh\u00edr\u0171 sportol\u00f3, minden id\u0151k egyik legnagyszer\u0171bb kapusa, az Aranycsapat tagja, egyben Dorog v\u00e1ros legismertebb sz\u00fcl\u00f6tte. Grosics Gyula 1926. febru\u00e1r 4-\u00e9n, Dorogon sz\u00fcletett. Sz\u00fclei vall\u00e1sos szellemben nevelt\u00e9k \u00e9s papi p\u00e1ly\u00e1ra sz\u00e1nt\u00e1k. Az \u00d6regkol\u00f3nia negyedben, a","og_url":"https:\/\/dorogimedence.hu\/index.php\/2024\/06\/13\/10-eve-tortent-elment-a-fekete-parduc-grosics-gyula-halalanak-egy-evtizedes-evforduloja\/","og_site_name":"Dorogi-medence Region\u00e1lis H\u00edrport\u00e1l","article_publisher":"https:\/\/www.facebook.com\/dorogimedence\/","article_published_time":"2024-06-13T06:19:19+00:00","article_modified_time":"2024-06-13T17:06:48+00:00","og_image":[{"width":812,"height":630,"url":"https:\/\/dorogimedence.hu\/wp-content\/uploads\/2024\/06\/grosics-borito.jpg","type":"image\/jpeg"}],"author":"Szab\u00f3 Gyula","twitter_card":"summary_large_image","twitter_misc":{"Szerz\u0151:":"Szab\u00f3 Gyula","Becs\u00fclt olvas\u00e1si id\u0151":"13 perc"},"schema":{"@context":"https:\/\/schema.org","@graph":[{"@type":"Article","@id":"https:\/\/dorogimedence.hu\/index.php\/2024\/06\/13\/10-eve-tortent-elment-a-fekete-parduc-grosics-gyula-halalanak-egy-evtizedes-evforduloja\/#article","isPartOf":{"@id":"https:\/\/dorogimedence.hu\/index.php\/2024\/06\/13\/10-eve-tortent-elment-a-fekete-parduc-grosics-gyula-halalanak-egy-evtizedes-evforduloja\/"},"author":{"name":"Szab\u00f3 Gyula","@id":"https:\/\/dorogimedence.hu\/#\/schema\/person\/76605e8151ec1b7376385cd184ede973"},"headline":"10 \u00e9ve t\u00f6rt\u00e9nt: Elment a Fekete P\u00e1rduc &#8211; Grosics Gyula hal\u00e1l\u00e1nak egy \u00e9vtizedes \u00e9vfordul\u00f3ja","datePublished":"2024-06-13T06:19:19+00:00","dateModified":"2024-06-13T17:06:48+00:00","mainEntityOfPage":{"@id":"https:\/\/dorogimedence.hu\/index.php\/2024\/06\/13\/10-eve-tortent-elment-a-fekete-parduc-grosics-gyula-halalanak-egy-evtizedes-evforduloja\/"},"wordCount":2658,"publisher":{"@id":"https:\/\/dorogimedence.hu\/#organization"},"image":{"@id":"https:\/\/dorogimedence.hu\/index.php\/2024\/06\/13\/10-eve-tortent-elment-a-fekete-parduc-grosics-gyula-halalanak-egy-evtizedes-evforduloja\/#primaryimage"},"thumbnailUrl":"https:\/\/dorogimedence.hu\/wp-content\/uploads\/2024\/06\/grosics-borito.jpg","keywords":["Dorog","Dorogi B\u00e1ny\u00e1sz","Dorogi FC","foci","futball","Grosics Gyula","labdar\u00fag\u00e1s"],"articleSection":["Dorog","H\u00edrek","Kerek \u00e9vfordul\u00f3k","Sport"],"inLanguage":"hu"},{"@type":"WebPage","@id":"https:\/\/dorogimedence.hu\/index.php\/2024\/06\/13\/10-eve-tortent-elment-a-fekete-parduc-grosics-gyula-halalanak-egy-evtizedes-evforduloja\/","url":"https:\/\/dorogimedence.hu\/index.php\/2024\/06\/13\/10-eve-tortent-elment-a-fekete-parduc-grosics-gyula-halalanak-egy-evtizedes-evforduloja\/","name":"10 \u00e9ve t\u00f6rt\u00e9nt: Elment a Fekete P\u00e1rduc - Grosics Gyula hal\u00e1l\u00e1nak egy \u00e9vtizedes \u00e9vfordul\u00f3ja","isPartOf":{"@id":"https:\/\/dorogimedence.hu\/#website"},"primaryImageOfPage":{"@id":"https:\/\/dorogimedence.hu\/index.php\/2024\/06\/13\/10-eve-tortent-elment-a-fekete-parduc-grosics-gyula-halalanak-egy-evtizedes-evforduloja\/#primaryimage"},"image":{"@id":"https:\/\/dorogimedence.hu\/index.php\/2024\/06\/13\/10-eve-tortent-elment-a-fekete-parduc-grosics-gyula-halalanak-egy-evtizedes-evforduloja\/#primaryimage"},"thumbnailUrl":"https:\/\/dorogimedence.hu\/wp-content\/uploads\/2024\/06\/grosics-borito.jpg","datePublished":"2024-06-13T06:19:19+00:00","dateModified":"2024-06-13T17:06:48+00:00","breadcrumb":{"@id":"https:\/\/dorogimedence.hu\/index.php\/2024\/06\/13\/10-eve-tortent-elment-a-fekete-parduc-grosics-gyula-halalanak-egy-evtizedes-evforduloja\/#breadcrumb"},"inLanguage":"hu","potentialAction":[{"@type":"ReadAction","target":["https:\/\/dorogimedence.hu\/index.php\/2024\/06\/13\/10-eve-tortent-elment-a-fekete-parduc-grosics-gyula-halalanak-egy-evtizedes-evforduloja\/"]}]},{"@type":"ImageObject","inLanguage":"hu","@id":"https:\/\/dorogimedence.hu\/index.php\/2024\/06\/13\/10-eve-tortent-elment-a-fekete-parduc-grosics-gyula-halalanak-egy-evtizedes-evforduloja\/#primaryimage","url":"https:\/\/dorogimedence.hu\/wp-content\/uploads\/2024\/06\/grosics-borito.jpg","contentUrl":"https:\/\/dorogimedence.hu\/wp-content\/uploads\/2024\/06\/grosics-borito.jpg","width":812,"height":630},{"@type":"BreadcrumbList","@id":"https:\/\/dorogimedence.hu\/index.php\/2024\/06\/13\/10-eve-tortent-elment-a-fekete-parduc-grosics-gyula-halalanak-egy-evtizedes-evforduloja\/#breadcrumb","itemListElement":[{"@type":"ListItem","position":1,"name":"Kezd\u0151lap","item":"https:\/\/dorogimedence.hu\/"},{"@type":"ListItem","position":2,"name":"10 \u00e9ve t\u00f6rt\u00e9nt: Elment a Fekete P\u00e1rduc &#8211; Grosics Gyula hal\u00e1l\u00e1nak egy \u00e9vtizedes \u00e9vfordul\u00f3ja"}]},{"@type":"WebSite","@id":"https:\/\/dorogimedence.hu\/#website","url":"https:\/\/dorogimedence.hu\/","name":"Dorogi-medence Region\u00e1lis H\u00edrport\u00e1l","description":"Dorog, Keszt\u00f6lc, Le\u00e1nyv\u00e1r, Piliscs\u00e9v, Tokod, Tokodalt\u00e1r\u00f3, Csolnok, Esztergom-kertv\u00e1ros: h\u00edrek, programok","publisher":{"@id":"https:\/\/dorogimedence.hu\/#organization"},"potentialAction":[{"@type":"SearchAction","target":{"@type":"EntryPoint","urlTemplate":"https:\/\/dorogimedence.hu\/?s={search_term_string}"},"query-input":{"@type":"PropertyValueSpecification","valueRequired":true,"valueName":"search_term_string"}}],"inLanguage":"hu"},{"@type":"Organization","@id":"https:\/\/dorogimedence.hu\/#organization","name":"Dorogi-medence Region\u00e1lis H\u00edrport\u00e1l","url":"https:\/\/dorogimedence.hu\/","logo":{"@type":"ImageObject","inLanguage":"hu","@id":"https:\/\/dorogimedence.hu\/#\/schema\/logo\/image\/","url":"https:\/\/dorogimedence.hu\/wp-content\/uploads\/2021\/04\/logo-feher-600.png","contentUrl":"https:\/\/dorogimedence.hu\/wp-content\/uploads\/2021\/04\/logo-feher-600.png","width":600,"height":100,"caption":"Dorogi-medence Region\u00e1lis H\u00edrport\u00e1l"},"image":{"@id":"https:\/\/dorogimedence.hu\/#\/schema\/logo\/image\/"},"sameAs":["https:\/\/www.facebook.com\/dorogimedence\/"]},{"@type":"Person","@id":"https:\/\/dorogimedence.hu\/#\/schema\/person\/76605e8151ec1b7376385cd184ede973","name":"Szab\u00f3 Gyula","image":{"@type":"ImageObject","inLanguage":"hu","@id":"\/\/www.gravatar.com\/avatar\/3e44b6fb2ef9bcea3639958cc2a587cb?s=96&#038;r=g&#038;d=mm","url":"\/\/www.gravatar.com\/avatar\/3e44b6fb2ef9bcea3639958cc2a587cb?s=96&#038;r=g&#038;d=mm","contentUrl":"\/\/www.gravatar.com\/avatar\/3e44b6fb2ef9bcea3639958cc2a587cb?s=96&#038;r=g&#038;d=mm","caption":"Szab\u00f3 Gyula"}}]}},"_links":{"self":[{"href":"https:\/\/dorogimedence.hu\/index.php\/wp-json\/wp\/v2\/posts\/62544","targetHints":{"allow":["GET"]}}],"collection":[{"href":"https:\/\/dorogimedence.hu\/index.php\/wp-json\/wp\/v2\/posts"}],"about":[{"href":"https:\/\/dorogimedence.hu\/index.php\/wp-json\/wp\/v2\/types\/post"}],"author":[{"embeddable":true,"href":"https:\/\/dorogimedence.hu\/index.php\/wp-json\/wp\/v2\/users\/4"}],"replies":[{"embeddable":true,"href":"https:\/\/dorogimedence.hu\/index.php\/wp-json\/wp\/v2\/comments?post=62544"}],"version-history":[{"count":0,"href":"https:\/\/dorogimedence.hu\/index.php\/wp-json\/wp\/v2\/posts\/62544\/revisions"}],"wp:featuredmedia":[{"embeddable":true,"href":"https:\/\/dorogimedence.hu\/index.php\/wp-json\/wp\/v2\/media\/62548"}],"wp:attachment":[{"href":"https:\/\/dorogimedence.hu\/index.php\/wp-json\/wp\/v2\/media?parent=62544"}],"wp:term":[{"taxonomy":"category","embeddable":true,"href":"https:\/\/dorogimedence.hu\/index.php\/wp-json\/wp\/v2\/categories?post=62544"},{"taxonomy":"post_tag","embeddable":true,"href":"https:\/\/dorogimedence.hu\/index.php\/wp-json\/wp\/v2\/tags?post=62544"}],"curies":[{"name":"wp","href":"https:\/\/api.w.org\/{rel}","templated":true}]}}