{"id":62319,"date":"2024-05-28T15:44:11","date_gmt":"2024-05-28T13:44:11","guid":{"rendered":"https:\/\/dorogimedence.hu\/?p=62319"},"modified":"2024-05-28T15:44:11","modified_gmt":"2024-05-28T13:44:11","slug":"hatrendbeli-balheert-kerult-a-racsok-moge-a-tokodi-besurrano","status":"publish","type":"post","link":"https:\/\/dorogimedence.hu\/index.php\/2024\/05\/28\/hatrendbeli-balheert-kerult-a-racsok-moge-a-tokodi-besurrano\/","title":{"rendered":"Hatrendbeli balh\u00e9\u00e9rt ker\u00fclt a r\u00e1csok m\u00f6g\u00e9 a tokodi besurran\u00f3"},"content":{"rendered":"<p><strong>A dorogi rend\u0151r\u00f6k \u0151rizetbe vett\u00e9k a tettest, aki m\u0171szaki cikkeket \u00e9s p\u00e9nzt lopott \u00e1ldozatait\u00f3l.<\/strong><\/p>\n<p>2023. november 9-\u00e9n kezd\u0151d\u00f6tt a 29 \u00e9ves B. Gy\u00f6rgy sorozata, aki aznap a sz\u00fanyogh\u00e1l\u00f3t let\u00e9pve egy tokodalt\u00e1r\u00f3i h\u00e1zba jutott be. A f\u00e9rfi gyorsan v\u00e1lasztott, \u00e9s egy telev\u00edzi\u00f3val t\u00e1vozott. Egy m\u00e1sik ingatlan tulajdonosa is hasonl\u00f3an j\u00e1rt Tokodon. Az elk\u00f6vet\u0151 december 4-\u00e9n egy laptopot \u00e9s egy konzolt vitt el. A k\u00e9t helyen a tolvaj k\u00f6zel 700 ezer forint lop\u00e1si k\u00e1rt okozott.<\/p>\n<p>December 26-\u00e1n egy j\u00e1tsz\u00f3t\u00e9ren emelte el a s\u00e9rtett h\u00e1tizs\u00e1kj\u00e1t, amiben p\u00e9nz, bankk\u00e1rtya \u00e9s okm\u00e1nyok voltak. A k\u00e1rty\u00e1val n\u00e9gyszer akart p\u00e9nzt felvenni, de egyik tranzakci\u00f3 sem siker\u00fclt. M\u00e1jus 19-\u00e9n Tokod-\u00dcveggy\u00e1r ter\u00fclet\u00e9n egy m\u00e1sik s\u00e9rtett h\u00f3na al\u00f3l h\u00fazott ki egy p\u00e9nzt\u00e1rc\u00e1t, majd elszaladt. A t\u00e1rc\u00e1ban 100 ezer forint \u00e9s 200 eur\u00f3 volt. A nyomoz\u00f3k a feljelent\u00e9sek sor\u00e1n \u00f6sszegy\u0171jt\u00f6tt\u00e9k \u00e9s kielemezt\u00e9k a nyomokat, kamerafelv\u00e9teleket \u00e9s szem\u00e9lyle\u00edr\u00e1sokat. \u00cdgy siker\u00fclt azonos\u00edtani a 29 \u00e9ves elk\u00f6vet\u0151t, akit m\u00e1jus 27-\u00e9n hajnalban fogtak el.<\/p>\n<p>A f\u00e9rfit n\u00e9gyrendbeli lop\u00e1s, egyrendbeli csal\u00e1s b\u0171ntett \u00e9s egyrendbeli lop\u00e1s v\u00e9ts\u00e9g miatt hallgatt\u00e1k ki gyan\u00fas\u00edtottk\u00e9nt. A nyomoz\u00f3k \u0151rizetbe vett\u00e9k, \u00e9s kezdem\u00e9nyezt\u00e9k letart\u00f3ztat\u00e1s\u00e1t <em>&#8211; k\u00f6z\u00f6lte a Kom\u00e1rom-Esztergom V\u00e1rmegyei Rend\u0151r-f\u0151kapit\u00e1nys\u00e1g.<\/em><\/p>\n<p>A Kom\u00e1rom-Esztergom V\u00e1rmegyei F\u0151\u00fcgy\u00e9szs\u00e9g sajt\u00f3sz\u00f3viv\u0151je a dorogimedence.hu-nak elmondta, hogy az Esztergomi J\u00e1r\u00e1si \u00dcgy\u00e9szs\u00e9g ind\u00edtv\u00e1nyozta az elk\u00f6vet\u0151 letart\u00f3ztat\u00e1s\u00e1nak egy h\u00f3napra t\u00f6rt\u00e9n\u0151 elrendel\u00e9s\u00e9t. Az ind\u00edtv\u00e1ny szerint megalapozottan lehet tartani att\u00f3l, hogy a terhelt szabadl\u00e1bon hagy\u00e1sa eset\u00e9n a bizony\u00edt\u00e1st vesz\u00e9lyeztetn\u00e9, valamint a b\u0171nism\u00e9tl\u00e9s vesz\u00e9lye is fenn\u00e1ll. Az ind\u00edtv\u00e1ny alapj\u00e1n a nyomoz\u00e1si b\u00edr\u00f3 2024. m\u00e1jus 29-\u00e9n tart \u00fcl\u00e9st, azon az elk\u00f6vet\u0151t meghallgatja, azt k\u00f6vet\u0151en hozza meg v\u00e9gz\u00e9s\u00e9t.<\/p>\n<p><img fetchpriority=\"high\" decoding=\"async\" class=\"alignnone size-full wp-image-62320\" src=\"https:\/\/dorogimedence.hu\/wp-content\/uploads\/2024\/05\/kep-2_261.jpg\" alt=\"\" width=\"750\" height=\"1125\" srcset=\"https:\/\/dorogimedence.hu\/wp-content\/uploads\/2024\/05\/kep-2_261.jpg 750w, https:\/\/dorogimedence.hu\/wp-content\/uploads\/2024\/05\/kep-2_261-400x600.jpg 400w, https:\/\/dorogimedence.hu\/wp-content\/uploads\/2024\/05\/kep-2_261-150x225.jpg 150w, https:\/\/dorogimedence.hu\/wp-content\/uploads\/2024\/05\/kep-2_261-450x675.jpg 450w\" sizes=\"(max-width: 750px) 100vw, 750px\" \/><\/p>\n<p><em>Fot\u00f3k: police.hu<\/em><\/p>\n","protected":false},"excerpt":{"rendered":"<p>A dorogi rend\u0151r\u00f6k \u0151rizetbe vett\u00e9k a tettest, aki m\u0171szaki cikkeket \u00e9s p\u00e9nzt lopott \u00e1ldozatait\u00f3l. 2023. november 9-\u00e9n kezd\u0151d\u00f6tt a 29 \u00e9ves B. Gy\u00f6rgy sorozata, aki aznap a sz\u00fanyogh\u00e1l\u00f3t let\u00e9pve egy tokodalt\u00e1r\u00f3i h\u00e1zba jutott be. A f\u00e9rfi gyorsan v\u00e1lasztott, \u00e9s egy telev\u00edzi\u00f3val t\u00e1vozott. Egy m\u00e1sik ingatlan tulajdonosa is hasonl\u00f3an j\u00e1rt Tokodon. Az elk\u00f6vet\u0151 december 4-\u00e9n egy<\/p>\n","protected":false},"author":1,"featured_media":62321,"comment_status":"closed","ping_status":"closed","sticky":false,"template":"","format":"standard","meta":{"ngg_post_thumbnail":0,"footnotes":""},"categories":[3,39,6,10],"tags":[1042,63,447,61,12,326],"class_list":{"0":"post-62319","1":"post","2":"type-post","3":"status-publish","4":"format-standard","5":"has-post-thumbnail","7":"category-hirek","8":"category-kek-hirek","9":"category-tokod","10":"category-tokodaltaro","11":"tag-birosag","12":"tag-buncselekmeny","13":"tag-lopas","14":"tag-rendorsegi-hirek","15":"tag-tokod","16":"tag-ugyeszseg"},"yoast_head":"<!-- This site is optimized with the Yoast SEO plugin v27.5 - https:\/\/yoast.com\/product\/yoast-seo-wordpress\/ -->\n<title>Hatrendbeli balh\u00e9\u00e9rt ker\u00fclt a r\u00e1csok m\u00f6g\u00e9 a tokodi besurran\u00f3<\/title>\n<meta name=\"robots\" content=\"index, follow, max-snippet:-1, max-image-preview:large, max-video-preview:-1\" \/>\n<link rel=\"canonical\" href=\"https:\/\/dorogimedence.hu\/index.php\/2024\/05\/28\/hatrendbeli-balheert-kerult-a-racsok-moge-a-tokodi-besurrano\/\" class=\"yoast-seo-meta-tag\" \/>\n<meta property=\"og:locale\" content=\"hu_HU\" class=\"yoast-seo-meta-tag\" \/>\n<meta property=\"og:type\" content=\"article\" class=\"yoast-seo-meta-tag\" \/>\n<meta property=\"og:title\" content=\"Hatrendbeli balh\u00e9\u00e9rt ker\u00fclt a r\u00e1csok m\u00f6g\u00e9 a tokodi besurran\u00f3\" class=\"yoast-seo-meta-tag\" \/>\n<meta property=\"og:description\" content=\"A dorogi rend\u0151r\u00f6k \u0151rizetbe vett\u00e9k a tettest, aki m\u0171szaki cikkeket \u00e9s p\u00e9nzt lopott \u00e1ldozatait\u00f3l. 2023. november 9-\u00e9n kezd\u0151d\u00f6tt a 29 \u00e9ves B. Gy\u00f6rgy sorozata, aki aznap a sz\u00fanyogh\u00e1l\u00f3t let\u00e9pve egy tokodalt\u00e1r\u00f3i h\u00e1zba jutott be. A f\u00e9rfi gyorsan v\u00e1lasztott, \u00e9s egy telev\u00edzi\u00f3val t\u00e1vozott. Egy m\u00e1sik ingatlan tulajdonosa is hasonl\u00f3an j\u00e1rt Tokodon. Az elk\u00f6vet\u0151 december 4-\u00e9n egy\" class=\"yoast-seo-meta-tag\" \/>\n<meta property=\"og:url\" content=\"https:\/\/dorogimedence.hu\/index.php\/2024\/05\/28\/hatrendbeli-balheert-kerult-a-racsok-moge-a-tokodi-besurrano\/\" class=\"yoast-seo-meta-tag\" \/>\n<meta property=\"og:site_name\" content=\"Dorogi-medence Region\u00e1lis H\u00edrport\u00e1l\" class=\"yoast-seo-meta-tag\" \/>\n<meta property=\"article:publisher\" content=\"https:\/\/www.facebook.com\/dorogimedence\/\" class=\"yoast-seo-meta-tag\" \/>\n<meta property=\"article:published_time\" content=\"2024-05-28T13:44:11+00:00\" class=\"yoast-seo-meta-tag\" \/>\n<meta property=\"og:image\" content=\"https:\/\/dorogimedence.hu\/wp-content\/uploads\/2024\/05\/tokod-besurrano-01.jpg\" class=\"yoast-seo-meta-tag\" \/>\n\t<meta property=\"og:image:width\" content=\"1920\" class=\"yoast-seo-meta-tag\" \/>\n\t<meta property=\"og:image:height\" content=\"970\" class=\"yoast-seo-meta-tag\" \/>\n\t<meta property=\"og:image:type\" content=\"image\/jpeg\" class=\"yoast-seo-meta-tag\" \/>\n<meta name=\"author\" content=\"dorogimedence.hu\" class=\"yoast-seo-meta-tag\" \/>\n<meta name=\"twitter:card\" content=\"summary_large_image\" class=\"yoast-seo-meta-tag\" \/>\n<meta name=\"twitter:label1\" content=\"Szerz\u0151:\" class=\"yoast-seo-meta-tag\" \/>\n\t<meta name=\"twitter:data1\" content=\"dorogimedence.hu\" class=\"yoast-seo-meta-tag\" \/>\n\t<meta name=\"twitter:label2\" content=\"Becs\u00fclt olvas\u00e1si id\u0151\" class=\"yoast-seo-meta-tag\" \/>\n\t<meta name=\"twitter:data2\" content=\"2 perc\" class=\"yoast-seo-meta-tag\" \/>\n<script type=\"application\/ld+json\" class=\"yoast-schema-graph\">{\"@context\":\"https:\\\/\\\/schema.org\",\"@graph\":[{\"@type\":\"Article\",\"@id\":\"https:\\\/\\\/dorogimedence.hu\\\/index.php\\\/2024\\\/05\\\/28\\\/hatrendbeli-balheert-kerult-a-racsok-moge-a-tokodi-besurrano\\\/#article\",\"isPartOf\":{\"@id\":\"https:\\\/\\\/dorogimedence.hu\\\/index.php\\\/2024\\\/05\\\/28\\\/hatrendbeli-balheert-kerult-a-racsok-moge-a-tokodi-besurrano\\\/\"},\"author\":{\"name\":\"dorogimedence.hu\",\"@id\":\"https:\\\/\\\/dorogimedence.hu\\\/#\\\/schema\\\/person\\\/ce6091eeb7e95ecdc87890d6aa8e0fd4\"},\"headline\":\"Hatrendbeli balh\u00e9\u00e9rt ker\u00fclt a r\u00e1csok m\u00f6g\u00e9 a tokodi besurran\u00f3\",\"datePublished\":\"2024-05-28T13:44:11+00:00\",\"mainEntityOfPage\":{\"@id\":\"https:\\\/\\\/dorogimedence.hu\\\/index.php\\\/2024\\\/05\\\/28\\\/hatrendbeli-balheert-kerult-a-racsok-moge-a-tokodi-besurrano\\\/\"},\"wordCount\":410,\"publisher\":{\"@id\":\"https:\\\/\\\/dorogimedence.hu\\\/#organization\"},\"image\":{\"@id\":\"https:\\\/\\\/dorogimedence.hu\\\/index.php\\\/2024\\\/05\\\/28\\\/hatrendbeli-balheert-kerult-a-racsok-moge-a-tokodi-besurrano\\\/#primaryimage\"},\"thumbnailUrl\":\"https:\\\/\\\/dorogimedence.hu\\\/wp-content\\\/uploads\\\/2024\\\/05\\\/tokod-besurrano-01.jpg\",\"keywords\":[\"b\u00edr\u00f3s\u00e1g\",\"b\u0171ncselekm\u00e9ny\",\"lop\u00e1s\",\"rend\u0151rs\u00e9gi h\u00edrek\",\"Tokod\",\"\u00fcgy\u00e9szs\u00e9g\"],\"articleSection\":[\"H\u00edrek\",\"K\u00e9k h\u00edrek\",\"Tokod\",\"Tokodalt\u00e1r\u00f3\"],\"inLanguage\":\"hu\"},{\"@type\":\"WebPage\",\"@id\":\"https:\\\/\\\/dorogimedence.hu\\\/index.php\\\/2024\\\/05\\\/28\\\/hatrendbeli-balheert-kerult-a-racsok-moge-a-tokodi-besurrano\\\/\",\"url\":\"https:\\\/\\\/dorogimedence.hu\\\/index.php\\\/2024\\\/05\\\/28\\\/hatrendbeli-balheert-kerult-a-racsok-moge-a-tokodi-besurrano\\\/\",\"name\":\"Hatrendbeli balh\u00e9\u00e9rt ker\u00fclt a r\u00e1csok m\u00f6g\u00e9 a tokodi besurran\u00f3\",\"isPartOf\":{\"@id\":\"https:\\\/\\\/dorogimedence.hu\\\/#website\"},\"primaryImageOfPage\":{\"@id\":\"https:\\\/\\\/dorogimedence.hu\\\/index.php\\\/2024\\\/05\\\/28\\\/hatrendbeli-balheert-kerult-a-racsok-moge-a-tokodi-besurrano\\\/#primaryimage\"},\"image\":{\"@id\":\"https:\\\/\\\/dorogimedence.hu\\\/index.php\\\/2024\\\/05\\\/28\\\/hatrendbeli-balheert-kerult-a-racsok-moge-a-tokodi-besurrano\\\/#primaryimage\"},\"thumbnailUrl\":\"https:\\\/\\\/dorogimedence.hu\\\/wp-content\\\/uploads\\\/2024\\\/05\\\/tokod-besurrano-01.jpg\",\"datePublished\":\"2024-05-28T13:44:11+00:00\",\"breadcrumb\":{\"@id\":\"https:\\\/\\\/dorogimedence.hu\\\/index.php\\\/2024\\\/05\\\/28\\\/hatrendbeli-balheert-kerult-a-racsok-moge-a-tokodi-besurrano\\\/#breadcrumb\"},\"inLanguage\":\"hu\",\"potentialAction\":[{\"@type\":\"ReadAction\",\"target\":[\"https:\\\/\\\/dorogimedence.hu\\\/index.php\\\/2024\\\/05\\\/28\\\/hatrendbeli-balheert-kerult-a-racsok-moge-a-tokodi-besurrano\\\/\"]}]},{\"@type\":\"ImageObject\",\"inLanguage\":\"hu\",\"@id\":\"https:\\\/\\\/dorogimedence.hu\\\/index.php\\\/2024\\\/05\\\/28\\\/hatrendbeli-balheert-kerult-a-racsok-moge-a-tokodi-besurrano\\\/#primaryimage\",\"url\":\"https:\\\/\\\/dorogimedence.hu\\\/wp-content\\\/uploads\\\/2024\\\/05\\\/tokod-besurrano-01.jpg\",\"contentUrl\":\"https:\\\/\\\/dorogimedence.hu\\\/wp-content\\\/uploads\\\/2024\\\/05\\\/tokod-besurrano-01.jpg\",\"width\":1920,\"height\":970},{\"@type\":\"BreadcrumbList\",\"@id\":\"https:\\\/\\\/dorogimedence.hu\\\/index.php\\\/2024\\\/05\\\/28\\\/hatrendbeli-balheert-kerult-a-racsok-moge-a-tokodi-besurrano\\\/#breadcrumb\",\"itemListElement\":[{\"@type\":\"ListItem\",\"position\":1,\"name\":\"Kezd\u0151lap\",\"item\":\"https:\\\/\\\/dorogimedence.hu\\\/\"},{\"@type\":\"ListItem\",\"position\":2,\"name\":\"Hatrendbeli balh\u00e9\u00e9rt ker\u00fclt a r\u00e1csok m\u00f6g\u00e9 a tokodi besurran\u00f3\"}]},{\"@type\":\"WebSite\",\"@id\":\"https:\\\/\\\/dorogimedence.hu\\\/#website\",\"url\":\"https:\\\/\\\/dorogimedence.hu\\\/\",\"name\":\"Dorogi-medence Region\u00e1lis H\u00edrport\u00e1l\",\"description\":\"Dorog, Keszt\u00f6lc, Le\u00e1nyv\u00e1r, Piliscs\u00e9v, Tokod, Tokodalt\u00e1r\u00f3, Csolnok, Esztergom-kertv\u00e1ros: h\u00edrek, programok\",\"publisher\":{\"@id\":\"https:\\\/\\\/dorogimedence.hu\\\/#organization\"},\"potentialAction\":[{\"@type\":\"SearchAction\",\"target\":{\"@type\":\"EntryPoint\",\"urlTemplate\":\"https:\\\/\\\/dorogimedence.hu\\\/?s={search_term_string}\"},\"query-input\":{\"@type\":\"PropertyValueSpecification\",\"valueRequired\":true,\"valueName\":\"search_term_string\"}}],\"inLanguage\":\"hu\"},{\"@type\":\"Organization\",\"@id\":\"https:\\\/\\\/dorogimedence.hu\\\/#organization\",\"name\":\"Dorogi-medence Region\u00e1lis H\u00edrport\u00e1l\",\"url\":\"https:\\\/\\\/dorogimedence.hu\\\/\",\"logo\":{\"@type\":\"ImageObject\",\"inLanguage\":\"hu\",\"@id\":\"https:\\\/\\\/dorogimedence.hu\\\/#\\\/schema\\\/logo\\\/image\\\/\",\"url\":\"https:\\\/\\\/dorogimedence.hu\\\/wp-content\\\/uploads\\\/2021\\\/04\\\/logo-feher-600.png\",\"contentUrl\":\"https:\\\/\\\/dorogimedence.hu\\\/wp-content\\\/uploads\\\/2021\\\/04\\\/logo-feher-600.png\",\"width\":600,\"height\":100,\"caption\":\"Dorogi-medence Region\u00e1lis H\u00edrport\u00e1l\"},\"image\":{\"@id\":\"https:\\\/\\\/dorogimedence.hu\\\/#\\\/schema\\\/logo\\\/image\\\/\"},\"sameAs\":[\"https:\\\/\\\/www.facebook.com\\\/dorogimedence\\\/\"]},{\"@type\":\"Person\",\"@id\":\"https:\\\/\\\/dorogimedence.hu\\\/#\\\/schema\\\/person\\\/ce6091eeb7e95ecdc87890d6aa8e0fd4\",\"name\":\"dorogimedence.hu\",\"image\":{\"@type\":\"ImageObject\",\"inLanguage\":\"hu\",\"@id\":\"\\\/\\\/www.gravatar.com\\\/avatar\\\/d8d45f8901aadff40a4af72c0b826f1d?s=96&#038;r=g&#038;d=mm\",\"url\":\"\\\/\\\/www.gravatar.com\\\/avatar\\\/d8d45f8901aadff40a4af72c0b826f1d?s=96&#038;r=g&#038;d=mm\",\"contentUrl\":\"\\\/\\\/www.gravatar.com\\\/avatar\\\/d8d45f8901aadff40a4af72c0b826f1d?s=96&#038;r=g&#038;d=mm\",\"caption\":\"dorogimedence.hu\"}}]}<\/script>\n<!-- \/ Yoast SEO plugin. -->","yoast_head_json":{"title":"Hatrendbeli balh\u00e9\u00e9rt ker\u00fclt a r\u00e1csok m\u00f6g\u00e9 a tokodi besurran\u00f3","robots":{"index":"index","follow":"follow","max-snippet":"max-snippet:-1","max-image-preview":"max-image-preview:large","max-video-preview":"max-video-preview:-1"},"canonical":"https:\/\/dorogimedence.hu\/index.php\/2024\/05\/28\/hatrendbeli-balheert-kerult-a-racsok-moge-a-tokodi-besurrano\/","og_locale":"hu_HU","og_type":"article","og_title":"Hatrendbeli balh\u00e9\u00e9rt ker\u00fclt a r\u00e1csok m\u00f6g\u00e9 a tokodi besurran\u00f3","og_description":"A dorogi rend\u0151r\u00f6k \u0151rizetbe vett\u00e9k a tettest, aki m\u0171szaki cikkeket \u00e9s p\u00e9nzt lopott \u00e1ldozatait\u00f3l. 2023. november 9-\u00e9n kezd\u0151d\u00f6tt a 29 \u00e9ves B. Gy\u00f6rgy sorozata, aki aznap a sz\u00fanyogh\u00e1l\u00f3t let\u00e9pve egy tokodalt\u00e1r\u00f3i h\u00e1zba jutott be. A f\u00e9rfi gyorsan v\u00e1lasztott, \u00e9s egy telev\u00edzi\u00f3val t\u00e1vozott. Egy m\u00e1sik ingatlan tulajdonosa is hasonl\u00f3an j\u00e1rt Tokodon. Az elk\u00f6vet\u0151 december 4-\u00e9n egy","og_url":"https:\/\/dorogimedence.hu\/index.php\/2024\/05\/28\/hatrendbeli-balheert-kerult-a-racsok-moge-a-tokodi-besurrano\/","og_site_name":"Dorogi-medence Region\u00e1lis H\u00edrport\u00e1l","article_publisher":"https:\/\/www.facebook.com\/dorogimedence\/","article_published_time":"2024-05-28T13:44:11+00:00","og_image":[{"width":1920,"height":970,"url":"https:\/\/dorogimedence.hu\/wp-content\/uploads\/2024\/05\/tokod-besurrano-01.jpg","type":"image\/jpeg"}],"author":"dorogimedence.hu","twitter_card":"summary_large_image","twitter_misc":{"Szerz\u0151:":"dorogimedence.hu","Becs\u00fclt olvas\u00e1si id\u0151":"2 perc"},"schema":{"@context":"https:\/\/schema.org","@graph":[{"@type":"Article","@id":"https:\/\/dorogimedence.hu\/index.php\/2024\/05\/28\/hatrendbeli-balheert-kerult-a-racsok-moge-a-tokodi-besurrano\/#article","isPartOf":{"@id":"https:\/\/dorogimedence.hu\/index.php\/2024\/05\/28\/hatrendbeli-balheert-kerult-a-racsok-moge-a-tokodi-besurrano\/"},"author":{"name":"dorogimedence.hu","@id":"https:\/\/dorogimedence.hu\/#\/schema\/person\/ce6091eeb7e95ecdc87890d6aa8e0fd4"},"headline":"Hatrendbeli balh\u00e9\u00e9rt ker\u00fclt a r\u00e1csok m\u00f6g\u00e9 a tokodi besurran\u00f3","datePublished":"2024-05-28T13:44:11+00:00","mainEntityOfPage":{"@id":"https:\/\/dorogimedence.hu\/index.php\/2024\/05\/28\/hatrendbeli-balheert-kerult-a-racsok-moge-a-tokodi-besurrano\/"},"wordCount":410,"publisher":{"@id":"https:\/\/dorogimedence.hu\/#organization"},"image":{"@id":"https:\/\/dorogimedence.hu\/index.php\/2024\/05\/28\/hatrendbeli-balheert-kerult-a-racsok-moge-a-tokodi-besurrano\/#primaryimage"},"thumbnailUrl":"https:\/\/dorogimedence.hu\/wp-content\/uploads\/2024\/05\/tokod-besurrano-01.jpg","keywords":["b\u00edr\u00f3s\u00e1g","b\u0171ncselekm\u00e9ny","lop\u00e1s","rend\u0151rs\u00e9gi h\u00edrek","Tokod","\u00fcgy\u00e9szs\u00e9g"],"articleSection":["H\u00edrek","K\u00e9k h\u00edrek","Tokod","Tokodalt\u00e1r\u00f3"],"inLanguage":"hu"},{"@type":"WebPage","@id":"https:\/\/dorogimedence.hu\/index.php\/2024\/05\/28\/hatrendbeli-balheert-kerult-a-racsok-moge-a-tokodi-besurrano\/","url":"https:\/\/dorogimedence.hu\/index.php\/2024\/05\/28\/hatrendbeli-balheert-kerult-a-racsok-moge-a-tokodi-besurrano\/","name":"Hatrendbeli balh\u00e9\u00e9rt ker\u00fclt a r\u00e1csok m\u00f6g\u00e9 a tokodi besurran\u00f3","isPartOf":{"@id":"https:\/\/dorogimedence.hu\/#website"},"primaryImageOfPage":{"@id":"https:\/\/dorogimedence.hu\/index.php\/2024\/05\/28\/hatrendbeli-balheert-kerult-a-racsok-moge-a-tokodi-besurrano\/#primaryimage"},"image":{"@id":"https:\/\/dorogimedence.hu\/index.php\/2024\/05\/28\/hatrendbeli-balheert-kerult-a-racsok-moge-a-tokodi-besurrano\/#primaryimage"},"thumbnailUrl":"https:\/\/dorogimedence.hu\/wp-content\/uploads\/2024\/05\/tokod-besurrano-01.jpg","datePublished":"2024-05-28T13:44:11+00:00","breadcrumb":{"@id":"https:\/\/dorogimedence.hu\/index.php\/2024\/05\/28\/hatrendbeli-balheert-kerult-a-racsok-moge-a-tokodi-besurrano\/#breadcrumb"},"inLanguage":"hu","potentialAction":[{"@type":"ReadAction","target":["https:\/\/dorogimedence.hu\/index.php\/2024\/05\/28\/hatrendbeli-balheert-kerult-a-racsok-moge-a-tokodi-besurrano\/"]}]},{"@type":"ImageObject","inLanguage":"hu","@id":"https:\/\/dorogimedence.hu\/index.php\/2024\/05\/28\/hatrendbeli-balheert-kerult-a-racsok-moge-a-tokodi-besurrano\/#primaryimage","url":"https:\/\/dorogimedence.hu\/wp-content\/uploads\/2024\/05\/tokod-besurrano-01.jpg","contentUrl":"https:\/\/dorogimedence.hu\/wp-content\/uploads\/2024\/05\/tokod-besurrano-01.jpg","width":1920,"height":970},{"@type":"BreadcrumbList","@id":"https:\/\/dorogimedence.hu\/index.php\/2024\/05\/28\/hatrendbeli-balheert-kerult-a-racsok-moge-a-tokodi-besurrano\/#breadcrumb","itemListElement":[{"@type":"ListItem","position":1,"name":"Kezd\u0151lap","item":"https:\/\/dorogimedence.hu\/"},{"@type":"ListItem","position":2,"name":"Hatrendbeli balh\u00e9\u00e9rt ker\u00fclt a r\u00e1csok m\u00f6g\u00e9 a tokodi besurran\u00f3"}]},{"@type":"WebSite","@id":"https:\/\/dorogimedence.hu\/#website","url":"https:\/\/dorogimedence.hu\/","name":"Dorogi-medence Region\u00e1lis H\u00edrport\u00e1l","description":"Dorog, Keszt\u00f6lc, Le\u00e1nyv\u00e1r, Piliscs\u00e9v, Tokod, Tokodalt\u00e1r\u00f3, Csolnok, Esztergom-kertv\u00e1ros: h\u00edrek, programok","publisher":{"@id":"https:\/\/dorogimedence.hu\/#organization"},"potentialAction":[{"@type":"SearchAction","target":{"@type":"EntryPoint","urlTemplate":"https:\/\/dorogimedence.hu\/?s={search_term_string}"},"query-input":{"@type":"PropertyValueSpecification","valueRequired":true,"valueName":"search_term_string"}}],"inLanguage":"hu"},{"@type":"Organization","@id":"https:\/\/dorogimedence.hu\/#organization","name":"Dorogi-medence Region\u00e1lis H\u00edrport\u00e1l","url":"https:\/\/dorogimedence.hu\/","logo":{"@type":"ImageObject","inLanguage":"hu","@id":"https:\/\/dorogimedence.hu\/#\/schema\/logo\/image\/","url":"https:\/\/dorogimedence.hu\/wp-content\/uploads\/2021\/04\/logo-feher-600.png","contentUrl":"https:\/\/dorogimedence.hu\/wp-content\/uploads\/2021\/04\/logo-feher-600.png","width":600,"height":100,"caption":"Dorogi-medence Region\u00e1lis H\u00edrport\u00e1l"},"image":{"@id":"https:\/\/dorogimedence.hu\/#\/schema\/logo\/image\/"},"sameAs":["https:\/\/www.facebook.com\/dorogimedence\/"]},{"@type":"Person","@id":"https:\/\/dorogimedence.hu\/#\/schema\/person\/ce6091eeb7e95ecdc87890d6aa8e0fd4","name":"dorogimedence.hu","image":{"@type":"ImageObject","inLanguage":"hu","@id":"\/\/www.gravatar.com\/avatar\/d8d45f8901aadff40a4af72c0b826f1d?s=96&#038;r=g&#038;d=mm","url":"\/\/www.gravatar.com\/avatar\/d8d45f8901aadff40a4af72c0b826f1d?s=96&#038;r=g&#038;d=mm","contentUrl":"\/\/www.gravatar.com\/avatar\/d8d45f8901aadff40a4af72c0b826f1d?s=96&#038;r=g&#038;d=mm","caption":"dorogimedence.hu"}}]}},"_links":{"self":[{"href":"https:\/\/dorogimedence.hu\/index.php\/wp-json\/wp\/v2\/posts\/62319","targetHints":{"allow":["GET"]}}],"collection":[{"href":"https:\/\/dorogimedence.hu\/index.php\/wp-json\/wp\/v2\/posts"}],"about":[{"href":"https:\/\/dorogimedence.hu\/index.php\/wp-json\/wp\/v2\/types\/post"}],"author":[{"embeddable":true,"href":"https:\/\/dorogimedence.hu\/index.php\/wp-json\/wp\/v2\/users\/1"}],"replies":[{"embeddable":true,"href":"https:\/\/dorogimedence.hu\/index.php\/wp-json\/wp\/v2\/comments?post=62319"}],"version-history":[{"count":0,"href":"https:\/\/dorogimedence.hu\/index.php\/wp-json\/wp\/v2\/posts\/62319\/revisions"}],"wp:featuredmedia":[{"embeddable":true,"href":"https:\/\/dorogimedence.hu\/index.php\/wp-json\/wp\/v2\/media\/62321"}],"wp:attachment":[{"href":"https:\/\/dorogimedence.hu\/index.php\/wp-json\/wp\/v2\/media?parent=62319"}],"wp:term":[{"taxonomy":"category","embeddable":true,"href":"https:\/\/dorogimedence.hu\/index.php\/wp-json\/wp\/v2\/categories?post=62319"},{"taxonomy":"post_tag","embeddable":true,"href":"https:\/\/dorogimedence.hu\/index.php\/wp-json\/wp\/v2\/tags?post=62319"}],"curies":[{"name":"wp","href":"https:\/\/api.w.org\/{rel}","templated":true}]}}