{"id":62201,"date":"2024-05-25T10:27:37","date_gmt":"2024-05-25T08:27:37","guid":{"rendered":"https:\/\/dorogimedence.hu\/?p=62201"},"modified":"2024-05-25T10:27:37","modified_gmt":"2024-05-25T08:27:37","slug":"esztergomba-erkezett-a-police-cafe-sorozat","status":"publish","type":"post","link":"https:\/\/dorogimedence.hu\/index.php\/2024\/05\/25\/esztergomba-erkezett-a-police-cafe-sorozat\/","title":{"rendered":"Esztergomba \u00e9rkezett a Police Caf\u00e9 sorozat"},"content":{"rendered":"<div class=\"body-text\">\n<p><strong>A vend\u00e9gmunk\u00e1sok jelenl\u00e9te volt a k\u00f6zponti t\u00e9m\u00e1ja annak a rendezv\u00e9nynek, ahol civilek, a rend\u0151rs\u00e9g munkat\u00e1rsai, a rend\u00e9szeti oktat\u00e1sban r\u00e9sztvev\u0151 iskola, foglalkoztat\u00f3 c\u00e9g, munkaer\u0151k\u00f6lcs\u00f6nz\u0151, a korm\u00e1nyhivatal szakemberei vettek r\u00e9szt. A Police Caf\u00e9 sorozat nem v\u00e9letlen\u00fcl folytat\u00f3dott \u00e9ppen Esztergomban. A Kereskedelmi \u00e9s Iparkamara mint helysz\u00edn is a c\u00e9lzott egy\u00fcttm\u0171k\u00f6d\u00e9s eredm\u00e9nye.<\/strong><\/p>\n<p>A rend\u0151rs\u00e9g az elm\u00falt id\u0151szakban sorosabbra f\u0171zte kapcsolat\u00e1t a foglalkoztat\u00f3kkal. A b\u0171n- \u00e9s balesetmegel\u0151z\u00e9si \u00fczenetek, inform\u00e1ci\u00f3k c\u00e9lbajuttat\u00e1s\u00e1ban v\u00e1llalt partners\u00e9get a kamara. \u00cdgy a k\u00fclf\u00f6ldi munkav\u00e1llal\u00f3kr\u00f3l \u00e9s a jelenl\u00e9t\u00fckr\u0151l sz\u00f3l\u00f3 besz\u00e9lget\u00e9snek is sz\u00edvesen adott helyet Esztergomban.<\/p>\n<p>A t\u00e9m\u00e1k megvitat\u00e1sa sor\u00e1n a m\u00f3dszertannak megfelel\u0151en nem a megold\u00e1s-keres\u00e9st, sokkal ink\u00e1bb a p\u00e1rbesz\u00e9det, az inform\u00e1ci\u00f3cser\u00e9t helyezt\u00e9k f\u00f3kuszba a szervez\u0151k. A Kom\u00e1rom-Esztergom V\u00e1rmegyei Rend\u0151r-f\u0151kapit\u00e1nys\u00e1g a kult\u00far\u00e1k k\u00fcl\u00f6nb\u00f6z\u0151s\u00e9ge, a jog\u00e1ll\u00e1s v\u00e1ltoz\u00e1sa kapcs\u00e1n kezdem\u00e9nyezett p\u00e1rbesz\u00e9det t\u00f6bb \u00e9rintett szervezet k\u00e9pvisel\u0151ivel.<\/p>\n<p><img fetchpriority=\"high\" decoding=\"async\" class=\"alignnone size-full wp-image-62203\" src=\"https:\/\/dorogimedence.hu\/wp-content\/uploads\/2024\/05\/IMG_5781.jpg\" alt=\"\" width=\"750\" height=\"562\" srcset=\"https:\/\/dorogimedence.hu\/wp-content\/uploads\/2024\/05\/IMG_5781.jpg 750w, https:\/\/dorogimedence.hu\/wp-content\/uploads\/2024\/05\/IMG_5781-600x450.jpg 600w, https:\/\/dorogimedence.hu\/wp-content\/uploads\/2024\/05\/IMG_5781-150x112.jpg 150w, https:\/\/dorogimedence.hu\/wp-content\/uploads\/2024\/05\/IMG_5781-450x337.jpg 450w\" sizes=\"(max-width: 750px) 100vw, 750px\" \/><\/p>\n<p>Az \u00f6sszegz\u00e9sben elhangzott: k\u00f6z\u00f6s felel\u0151ss\u00e9ggel tartozunk az\u00e9rt, hogy a munkahelyeken \u00e9s a szabadid\u0151 elt\u00f6lt\u00e9se k\u00f6zben is k\u00f6zeledjenek egym\u00e1shoz a magyarok \u00e9s a k\u00fclf\u00f6ldiek. A felel\u0151s munk\u00e1ltat\u00f3k, munkaer\u0151 k\u00f6lcs\u00f6nz\u0151k felk\u00e9sz\u00edtik a helyi dolgoz\u00f3kat a vend\u00e9gmunk\u00e1sok \u00e9rkez\u00e9s\u00e9re, a kultur\u00e1lis saj\u00e1toss\u00e1gokra, illetve a k\u00fclf\u00f6ldieket is arra, hogy milyen k\u00f6r\u00fclm\u00e9nyek k\u00f6z\u00e9 kell beilleszkedni\u00fck. A t\u00e1rsadalom sz\u00e1m\u00e1ra nem a vend\u00e9gmunk\u00e1sok, sokkal ink\u00e1bb a soksz\u00edn\u0171s\u00e9g\u00fck \u00e9s a magas l\u00e9tsz\u00e1muk jelent \u00fajdons\u00e1got. Meghat\u00e1roz\u00f3 m\u00e9g, hogy melyik orsz\u00e1gb\u00f3l \u00e9rkeznek, hiszen a h\u00e1bor\u00fas \u00f6vezetb\u0151l menek\u00fcl\u0151k nem els\u0151sorban munkav\u00e1llal\u00f3k\u00e9nt, hanem a j\u00f6v\u0151j\u00fcket illet\u0151en bizonytalan \u201clak\u00f3t\u00e1rsk\u00e9nt\u201d jelennek meg a helyiek \u00e9let\u00e9ben. A filipp\u00edn\u00f3 munkav\u00e1llal\u00f3k sz\u00e1m\u00e1ra pedig h\u00e9tk\u00f6znapinak sz\u00e1m\u00edt, ha k\u00e9t esztend\u0151t m\u00e1s orsz\u00e1gban t\u00f6ltenek el, otthonukt\u00f3l t\u00e1vol dolgoznak. \u0150k jellemz\u0151en m\u00e1r t\u00f6bb helyen is megfordultak, \u00edgy az alkalmazkod\u00e1s rutinjukk\u00e1 v\u00e1lt. Itt a k\u00e9t jellegzetes p\u00e9lda mellett tov\u00e1bbi n\u00e9pcsoportok szok\u00e1sair\u00f3l, munkav\u00e1llal\u00f3i jogi k\u00f6rnyezet\u00fckr\u0151l is sz\u00f3 volt, s\u0151t arr\u00f3l is, hogy a nagyobb l\u00e9tsz\u00e1m\u00fa munkaer\u0151k\u00f6lcs\u00f6nz\u00e9s milyen k\u00f6telezetts\u00e9geket, plusz feladatokat r\u00f3 a c\u00e9gekre.<\/p>\n<p><img decoding=\"async\" class=\"alignnone size-full wp-image-62204\" src=\"https:\/\/dorogimedence.hu\/wp-content\/uploads\/2024\/05\/IMG_5809_0.jpg\" alt=\"\" width=\"796\" height=\"500\" srcset=\"https:\/\/dorogimedence.hu\/wp-content\/uploads\/2024\/05\/IMG_5809_0.jpg 796w, https:\/\/dorogimedence.hu\/wp-content\/uploads\/2024\/05\/IMG_5809_0-600x377.jpg 600w, https:\/\/dorogimedence.hu\/wp-content\/uploads\/2024\/05\/IMG_5809_0-768x482.jpg 768w, https:\/\/dorogimedence.hu\/wp-content\/uploads\/2024\/05\/IMG_5809_0-150x94.jpg 150w, https:\/\/dorogimedence.hu\/wp-content\/uploads\/2024\/05\/IMG_5809_0-450x283.jpg 450w\" sizes=\"(max-width: 796px) 100vw, 796px\" \/><\/p>\n<p><em>Fot\u00f3k, forr\u00e1s: police.hu<\/em><\/p>\n<\/div>\n","protected":false},"excerpt":{"rendered":"<p>A vend\u00e9gmunk\u00e1sok jelenl\u00e9te volt a k\u00f6zponti t\u00e9m\u00e1ja annak a rendezv\u00e9nynek, ahol civilek, a rend\u0151rs\u00e9g munkat\u00e1rsai, a rend\u00e9szeti oktat\u00e1sban r\u00e9sztvev\u0151 iskola, foglalkoztat\u00f3 c\u00e9g, munkaer\u0151k\u00f6lcs\u00f6nz\u0151, a korm\u00e1nyhivatal szakemberei vettek r\u00e9szt. A Police Caf\u00e9 sorozat nem v\u00e9letlen\u00fcl folytat\u00f3dott \u00e9ppen Esztergomban. A Kereskedelmi \u00e9s Iparkamara mint helysz\u00edn is a c\u00e9lzott egy\u00fcttm\u0171k\u00f6d\u00e9s eredm\u00e9nye. A rend\u0151rs\u00e9g az elm\u00falt id\u0151szakban sorosabbra f\u0171zte<\/p>\n","protected":false},"author":1,"featured_media":62202,"comment_status":"closed","ping_status":"closed","sticky":false,"template":"","format":"standard","meta":{"ngg_post_thumbnail":0,"footnotes":""},"categories":[38,3],"tags":[42,6668,61],"class_list":{"0":"post-62201","1":"post","2":"type-post","3":"status-publish","4":"format-standard","5":"has-post-thumbnail","7":"category-esztergom","8":"category-hirek","9":"tag-esztergom","10":"tag-police-cafe","11":"tag-rendorsegi-hirek"},"yoast_head":"<!-- This site is optimized with the Yoast SEO plugin v27.5 - https:\/\/yoast.com\/product\/yoast-seo-wordpress\/ -->\n<title>Esztergomba \u00e9rkezett a Police Caf\u00e9 sorozat<\/title>\n<meta name=\"robots\" content=\"index, follow, max-snippet:-1, max-image-preview:large, max-video-preview:-1\" \/>\n<link rel=\"canonical\" href=\"https:\/\/dorogimedence.hu\/index.php\/2024\/05\/25\/esztergomba-erkezett-a-police-cafe-sorozat\/\" class=\"yoast-seo-meta-tag\" \/>\n<meta property=\"og:locale\" content=\"hu_HU\" class=\"yoast-seo-meta-tag\" \/>\n<meta property=\"og:type\" content=\"article\" class=\"yoast-seo-meta-tag\" \/>\n<meta property=\"og:title\" content=\"Esztergomba \u00e9rkezett a Police Caf\u00e9 sorozat\" class=\"yoast-seo-meta-tag\" \/>\n<meta property=\"og:description\" content=\"A vend\u00e9gmunk\u00e1sok jelenl\u00e9te volt a k\u00f6zponti t\u00e9m\u00e1ja annak a rendezv\u00e9nynek, ahol civilek, a rend\u0151rs\u00e9g munkat\u00e1rsai, a rend\u00e9szeti oktat\u00e1sban r\u00e9sztvev\u0151 iskola, foglalkoztat\u00f3 c\u00e9g, munkaer\u0151k\u00f6lcs\u00f6nz\u0151, a korm\u00e1nyhivatal szakemberei vettek r\u00e9szt. A Police Caf\u00e9 sorozat nem v\u00e9letlen\u00fcl folytat\u00f3dott \u00e9ppen Esztergomban. A Kereskedelmi \u00e9s Iparkamara mint helysz\u00edn is a c\u00e9lzott egy\u00fcttm\u0171k\u00f6d\u00e9s eredm\u00e9nye. A rend\u0151rs\u00e9g az elm\u00falt id\u0151szakban sorosabbra f\u0171zte\" class=\"yoast-seo-meta-tag\" \/>\n<meta property=\"og:url\" content=\"https:\/\/dorogimedence.hu\/index.php\/2024\/05\/25\/esztergomba-erkezett-a-police-cafe-sorozat\/\" class=\"yoast-seo-meta-tag\" \/>\n<meta property=\"og:site_name\" content=\"Dorogi-medence Region\u00e1lis H\u00edrport\u00e1l\" class=\"yoast-seo-meta-tag\" \/>\n<meta property=\"article:publisher\" content=\"https:\/\/www.facebook.com\/dorogimedence\/\" class=\"yoast-seo-meta-tag\" \/>\n<meta property=\"article:published_time\" content=\"2024-05-25T08:27:37+00:00\" class=\"yoast-seo-meta-tag\" \/>\n<meta property=\"og:image\" content=\"https:\/\/dorogimedence.hu\/wp-content\/uploads\/2024\/05\/lead_3030.jpg\" class=\"yoast-seo-meta-tag\" \/>\n\t<meta property=\"og:image:width\" content=\"750\" class=\"yoast-seo-meta-tag\" \/>\n\t<meta property=\"og:image:height\" content=\"517\" class=\"yoast-seo-meta-tag\" \/>\n\t<meta property=\"og:image:type\" content=\"image\/jpeg\" class=\"yoast-seo-meta-tag\" \/>\n<meta name=\"author\" content=\"dorogimedence.hu\" class=\"yoast-seo-meta-tag\" \/>\n<meta name=\"twitter:card\" content=\"summary_large_image\" class=\"yoast-seo-meta-tag\" \/>\n<meta name=\"twitter:label1\" content=\"Szerz\u0151:\" class=\"yoast-seo-meta-tag\" \/>\n\t<meta name=\"twitter:data1\" content=\"dorogimedence.hu\" class=\"yoast-seo-meta-tag\" \/>\n\t<meta name=\"twitter:label2\" content=\"Becs\u00fclt olvas\u00e1si id\u0151\" class=\"yoast-seo-meta-tag\" \/>\n\t<meta name=\"twitter:data2\" content=\"2 perc\" class=\"yoast-seo-meta-tag\" \/>\n<script type=\"application\/ld+json\" class=\"yoast-schema-graph\">{\"@context\":\"https:\\\/\\\/schema.org\",\"@graph\":[{\"@type\":\"Article\",\"@id\":\"https:\\\/\\\/dorogimedence.hu\\\/index.php\\\/2024\\\/05\\\/25\\\/esztergomba-erkezett-a-police-cafe-sorozat\\\/#article\",\"isPartOf\":{\"@id\":\"https:\\\/\\\/dorogimedence.hu\\\/index.php\\\/2024\\\/05\\\/25\\\/esztergomba-erkezett-a-police-cafe-sorozat\\\/\"},\"author\":{\"name\":\"dorogimedence.hu\",\"@id\":\"https:\\\/\\\/dorogimedence.hu\\\/#\\\/schema\\\/person\\\/ce6091eeb7e95ecdc87890d6aa8e0fd4\"},\"headline\":\"Esztergomba \u00e9rkezett a Police Caf\u00e9 sorozat\",\"datePublished\":\"2024-05-25T08:27:37+00:00\",\"mainEntityOfPage\":{\"@id\":\"https:\\\/\\\/dorogimedence.hu\\\/index.php\\\/2024\\\/05\\\/25\\\/esztergomba-erkezett-a-police-cafe-sorozat\\\/\"},\"wordCount\":493,\"publisher\":{\"@id\":\"https:\\\/\\\/dorogimedence.hu\\\/#organization\"},\"image\":{\"@id\":\"https:\\\/\\\/dorogimedence.hu\\\/index.php\\\/2024\\\/05\\\/25\\\/esztergomba-erkezett-a-police-cafe-sorozat\\\/#primaryimage\"},\"thumbnailUrl\":\"https:\\\/\\\/dorogimedence.hu\\\/wp-content\\\/uploads\\\/2024\\\/05\\\/lead_3030.jpg\",\"keywords\":[\"esztergom\",\"Police Caf\u00e9\",\"rend\u0151rs\u00e9gi h\u00edrek\"],\"articleSection\":[\"Esztergom\",\"H\u00edrek\"],\"inLanguage\":\"hu\"},{\"@type\":\"WebPage\",\"@id\":\"https:\\\/\\\/dorogimedence.hu\\\/index.php\\\/2024\\\/05\\\/25\\\/esztergomba-erkezett-a-police-cafe-sorozat\\\/\",\"url\":\"https:\\\/\\\/dorogimedence.hu\\\/index.php\\\/2024\\\/05\\\/25\\\/esztergomba-erkezett-a-police-cafe-sorozat\\\/\",\"name\":\"Esztergomba \u00e9rkezett a Police Caf\u00e9 sorozat\",\"isPartOf\":{\"@id\":\"https:\\\/\\\/dorogimedence.hu\\\/#website\"},\"primaryImageOfPage\":{\"@id\":\"https:\\\/\\\/dorogimedence.hu\\\/index.php\\\/2024\\\/05\\\/25\\\/esztergomba-erkezett-a-police-cafe-sorozat\\\/#primaryimage\"},\"image\":{\"@id\":\"https:\\\/\\\/dorogimedence.hu\\\/index.php\\\/2024\\\/05\\\/25\\\/esztergomba-erkezett-a-police-cafe-sorozat\\\/#primaryimage\"},\"thumbnailUrl\":\"https:\\\/\\\/dorogimedence.hu\\\/wp-content\\\/uploads\\\/2024\\\/05\\\/lead_3030.jpg\",\"datePublished\":\"2024-05-25T08:27:37+00:00\",\"breadcrumb\":{\"@id\":\"https:\\\/\\\/dorogimedence.hu\\\/index.php\\\/2024\\\/05\\\/25\\\/esztergomba-erkezett-a-police-cafe-sorozat\\\/#breadcrumb\"},\"inLanguage\":\"hu\",\"potentialAction\":[{\"@type\":\"ReadAction\",\"target\":[\"https:\\\/\\\/dorogimedence.hu\\\/index.php\\\/2024\\\/05\\\/25\\\/esztergomba-erkezett-a-police-cafe-sorozat\\\/\"]}]},{\"@type\":\"ImageObject\",\"inLanguage\":\"hu\",\"@id\":\"https:\\\/\\\/dorogimedence.hu\\\/index.php\\\/2024\\\/05\\\/25\\\/esztergomba-erkezett-a-police-cafe-sorozat\\\/#primaryimage\",\"url\":\"https:\\\/\\\/dorogimedence.hu\\\/wp-content\\\/uploads\\\/2024\\\/05\\\/lead_3030.jpg\",\"contentUrl\":\"https:\\\/\\\/dorogimedence.hu\\\/wp-content\\\/uploads\\\/2024\\\/05\\\/lead_3030.jpg\",\"width\":750,\"height\":517},{\"@type\":\"BreadcrumbList\",\"@id\":\"https:\\\/\\\/dorogimedence.hu\\\/index.php\\\/2024\\\/05\\\/25\\\/esztergomba-erkezett-a-police-cafe-sorozat\\\/#breadcrumb\",\"itemListElement\":[{\"@type\":\"ListItem\",\"position\":1,\"name\":\"Kezd\u0151lap\",\"item\":\"https:\\\/\\\/dorogimedence.hu\\\/\"},{\"@type\":\"ListItem\",\"position\":2,\"name\":\"Esztergomba \u00e9rkezett a Police Caf\u00e9 sorozat\"}]},{\"@type\":\"WebSite\",\"@id\":\"https:\\\/\\\/dorogimedence.hu\\\/#website\",\"url\":\"https:\\\/\\\/dorogimedence.hu\\\/\",\"name\":\"Dorogi-medence Region\u00e1lis H\u00edrport\u00e1l\",\"description\":\"Dorog, Keszt\u00f6lc, Le\u00e1nyv\u00e1r, Piliscs\u00e9v, Tokod, Tokodalt\u00e1r\u00f3, Csolnok, Esztergom-kertv\u00e1ros: h\u00edrek, programok\",\"publisher\":{\"@id\":\"https:\\\/\\\/dorogimedence.hu\\\/#organization\"},\"potentialAction\":[{\"@type\":\"SearchAction\",\"target\":{\"@type\":\"EntryPoint\",\"urlTemplate\":\"https:\\\/\\\/dorogimedence.hu\\\/?s={search_term_string}\"},\"query-input\":{\"@type\":\"PropertyValueSpecification\",\"valueRequired\":true,\"valueName\":\"search_term_string\"}}],\"inLanguage\":\"hu\"},{\"@type\":\"Organization\",\"@id\":\"https:\\\/\\\/dorogimedence.hu\\\/#organization\",\"name\":\"Dorogi-medence Region\u00e1lis H\u00edrport\u00e1l\",\"url\":\"https:\\\/\\\/dorogimedence.hu\\\/\",\"logo\":{\"@type\":\"ImageObject\",\"inLanguage\":\"hu\",\"@id\":\"https:\\\/\\\/dorogimedence.hu\\\/#\\\/schema\\\/logo\\\/image\\\/\",\"url\":\"https:\\\/\\\/dorogimedence.hu\\\/wp-content\\\/uploads\\\/2021\\\/04\\\/logo-feher-600.png\",\"contentUrl\":\"https:\\\/\\\/dorogimedence.hu\\\/wp-content\\\/uploads\\\/2021\\\/04\\\/logo-feher-600.png\",\"width\":600,\"height\":100,\"caption\":\"Dorogi-medence Region\u00e1lis H\u00edrport\u00e1l\"},\"image\":{\"@id\":\"https:\\\/\\\/dorogimedence.hu\\\/#\\\/schema\\\/logo\\\/image\\\/\"},\"sameAs\":[\"https:\\\/\\\/www.facebook.com\\\/dorogimedence\\\/\"]},{\"@type\":\"Person\",\"@id\":\"https:\\\/\\\/dorogimedence.hu\\\/#\\\/schema\\\/person\\\/ce6091eeb7e95ecdc87890d6aa8e0fd4\",\"name\":\"dorogimedence.hu\",\"image\":{\"@type\":\"ImageObject\",\"inLanguage\":\"hu\",\"@id\":\"\\\/\\\/www.gravatar.com\\\/avatar\\\/d8d45f8901aadff40a4af72c0b826f1d?s=96&#038;r=g&#038;d=mm\",\"url\":\"\\\/\\\/www.gravatar.com\\\/avatar\\\/d8d45f8901aadff40a4af72c0b826f1d?s=96&#038;r=g&#038;d=mm\",\"contentUrl\":\"\\\/\\\/www.gravatar.com\\\/avatar\\\/d8d45f8901aadff40a4af72c0b826f1d?s=96&#038;r=g&#038;d=mm\",\"caption\":\"dorogimedence.hu\"}}]}<\/script>\n<!-- \/ Yoast SEO plugin. -->","yoast_head_json":{"title":"Esztergomba \u00e9rkezett a Police Caf\u00e9 sorozat","robots":{"index":"index","follow":"follow","max-snippet":"max-snippet:-1","max-image-preview":"max-image-preview:large","max-video-preview":"max-video-preview:-1"},"canonical":"https:\/\/dorogimedence.hu\/index.php\/2024\/05\/25\/esztergomba-erkezett-a-police-cafe-sorozat\/","og_locale":"hu_HU","og_type":"article","og_title":"Esztergomba \u00e9rkezett a Police Caf\u00e9 sorozat","og_description":"A vend\u00e9gmunk\u00e1sok jelenl\u00e9te volt a k\u00f6zponti t\u00e9m\u00e1ja annak a rendezv\u00e9nynek, ahol civilek, a rend\u0151rs\u00e9g munkat\u00e1rsai, a rend\u00e9szeti oktat\u00e1sban r\u00e9sztvev\u0151 iskola, foglalkoztat\u00f3 c\u00e9g, munkaer\u0151k\u00f6lcs\u00f6nz\u0151, a korm\u00e1nyhivatal szakemberei vettek r\u00e9szt. A Police Caf\u00e9 sorozat nem v\u00e9letlen\u00fcl folytat\u00f3dott \u00e9ppen Esztergomban. A Kereskedelmi \u00e9s Iparkamara mint helysz\u00edn is a c\u00e9lzott egy\u00fcttm\u0171k\u00f6d\u00e9s eredm\u00e9nye. A rend\u0151rs\u00e9g az elm\u00falt id\u0151szakban sorosabbra f\u0171zte","og_url":"https:\/\/dorogimedence.hu\/index.php\/2024\/05\/25\/esztergomba-erkezett-a-police-cafe-sorozat\/","og_site_name":"Dorogi-medence Region\u00e1lis H\u00edrport\u00e1l","article_publisher":"https:\/\/www.facebook.com\/dorogimedence\/","article_published_time":"2024-05-25T08:27:37+00:00","og_image":[{"width":750,"height":517,"url":"https:\/\/dorogimedence.hu\/wp-content\/uploads\/2024\/05\/lead_3030.jpg","type":"image\/jpeg"}],"author":"dorogimedence.hu","twitter_card":"summary_large_image","twitter_misc":{"Szerz\u0151:":"dorogimedence.hu","Becs\u00fclt olvas\u00e1si id\u0151":"2 perc"},"schema":{"@context":"https:\/\/schema.org","@graph":[{"@type":"Article","@id":"https:\/\/dorogimedence.hu\/index.php\/2024\/05\/25\/esztergomba-erkezett-a-police-cafe-sorozat\/#article","isPartOf":{"@id":"https:\/\/dorogimedence.hu\/index.php\/2024\/05\/25\/esztergomba-erkezett-a-police-cafe-sorozat\/"},"author":{"name":"dorogimedence.hu","@id":"https:\/\/dorogimedence.hu\/#\/schema\/person\/ce6091eeb7e95ecdc87890d6aa8e0fd4"},"headline":"Esztergomba \u00e9rkezett a Police Caf\u00e9 sorozat","datePublished":"2024-05-25T08:27:37+00:00","mainEntityOfPage":{"@id":"https:\/\/dorogimedence.hu\/index.php\/2024\/05\/25\/esztergomba-erkezett-a-police-cafe-sorozat\/"},"wordCount":493,"publisher":{"@id":"https:\/\/dorogimedence.hu\/#organization"},"image":{"@id":"https:\/\/dorogimedence.hu\/index.php\/2024\/05\/25\/esztergomba-erkezett-a-police-cafe-sorozat\/#primaryimage"},"thumbnailUrl":"https:\/\/dorogimedence.hu\/wp-content\/uploads\/2024\/05\/lead_3030.jpg","keywords":["esztergom","Police Caf\u00e9","rend\u0151rs\u00e9gi h\u00edrek"],"articleSection":["Esztergom","H\u00edrek"],"inLanguage":"hu"},{"@type":"WebPage","@id":"https:\/\/dorogimedence.hu\/index.php\/2024\/05\/25\/esztergomba-erkezett-a-police-cafe-sorozat\/","url":"https:\/\/dorogimedence.hu\/index.php\/2024\/05\/25\/esztergomba-erkezett-a-police-cafe-sorozat\/","name":"Esztergomba \u00e9rkezett a Police Caf\u00e9 sorozat","isPartOf":{"@id":"https:\/\/dorogimedence.hu\/#website"},"primaryImageOfPage":{"@id":"https:\/\/dorogimedence.hu\/index.php\/2024\/05\/25\/esztergomba-erkezett-a-police-cafe-sorozat\/#primaryimage"},"image":{"@id":"https:\/\/dorogimedence.hu\/index.php\/2024\/05\/25\/esztergomba-erkezett-a-police-cafe-sorozat\/#primaryimage"},"thumbnailUrl":"https:\/\/dorogimedence.hu\/wp-content\/uploads\/2024\/05\/lead_3030.jpg","datePublished":"2024-05-25T08:27:37+00:00","breadcrumb":{"@id":"https:\/\/dorogimedence.hu\/index.php\/2024\/05\/25\/esztergomba-erkezett-a-police-cafe-sorozat\/#breadcrumb"},"inLanguage":"hu","potentialAction":[{"@type":"ReadAction","target":["https:\/\/dorogimedence.hu\/index.php\/2024\/05\/25\/esztergomba-erkezett-a-police-cafe-sorozat\/"]}]},{"@type":"ImageObject","inLanguage":"hu","@id":"https:\/\/dorogimedence.hu\/index.php\/2024\/05\/25\/esztergomba-erkezett-a-police-cafe-sorozat\/#primaryimage","url":"https:\/\/dorogimedence.hu\/wp-content\/uploads\/2024\/05\/lead_3030.jpg","contentUrl":"https:\/\/dorogimedence.hu\/wp-content\/uploads\/2024\/05\/lead_3030.jpg","width":750,"height":517},{"@type":"BreadcrumbList","@id":"https:\/\/dorogimedence.hu\/index.php\/2024\/05\/25\/esztergomba-erkezett-a-police-cafe-sorozat\/#breadcrumb","itemListElement":[{"@type":"ListItem","position":1,"name":"Kezd\u0151lap","item":"https:\/\/dorogimedence.hu\/"},{"@type":"ListItem","position":2,"name":"Esztergomba \u00e9rkezett a Police Caf\u00e9 sorozat"}]},{"@type":"WebSite","@id":"https:\/\/dorogimedence.hu\/#website","url":"https:\/\/dorogimedence.hu\/","name":"Dorogi-medence Region\u00e1lis H\u00edrport\u00e1l","description":"Dorog, Keszt\u00f6lc, Le\u00e1nyv\u00e1r, Piliscs\u00e9v, Tokod, Tokodalt\u00e1r\u00f3, Csolnok, Esztergom-kertv\u00e1ros: h\u00edrek, programok","publisher":{"@id":"https:\/\/dorogimedence.hu\/#organization"},"potentialAction":[{"@type":"SearchAction","target":{"@type":"EntryPoint","urlTemplate":"https:\/\/dorogimedence.hu\/?s={search_term_string}"},"query-input":{"@type":"PropertyValueSpecification","valueRequired":true,"valueName":"search_term_string"}}],"inLanguage":"hu"},{"@type":"Organization","@id":"https:\/\/dorogimedence.hu\/#organization","name":"Dorogi-medence Region\u00e1lis H\u00edrport\u00e1l","url":"https:\/\/dorogimedence.hu\/","logo":{"@type":"ImageObject","inLanguage":"hu","@id":"https:\/\/dorogimedence.hu\/#\/schema\/logo\/image\/","url":"https:\/\/dorogimedence.hu\/wp-content\/uploads\/2021\/04\/logo-feher-600.png","contentUrl":"https:\/\/dorogimedence.hu\/wp-content\/uploads\/2021\/04\/logo-feher-600.png","width":600,"height":100,"caption":"Dorogi-medence Region\u00e1lis H\u00edrport\u00e1l"},"image":{"@id":"https:\/\/dorogimedence.hu\/#\/schema\/logo\/image\/"},"sameAs":["https:\/\/www.facebook.com\/dorogimedence\/"]},{"@type":"Person","@id":"https:\/\/dorogimedence.hu\/#\/schema\/person\/ce6091eeb7e95ecdc87890d6aa8e0fd4","name":"dorogimedence.hu","image":{"@type":"ImageObject","inLanguage":"hu","@id":"\/\/www.gravatar.com\/avatar\/d8d45f8901aadff40a4af72c0b826f1d?s=96&#038;r=g&#038;d=mm","url":"\/\/www.gravatar.com\/avatar\/d8d45f8901aadff40a4af72c0b826f1d?s=96&#038;r=g&#038;d=mm","contentUrl":"\/\/www.gravatar.com\/avatar\/d8d45f8901aadff40a4af72c0b826f1d?s=96&#038;r=g&#038;d=mm","caption":"dorogimedence.hu"}}]}},"_links":{"self":[{"href":"https:\/\/dorogimedence.hu\/index.php\/wp-json\/wp\/v2\/posts\/62201","targetHints":{"allow":["GET"]}}],"collection":[{"href":"https:\/\/dorogimedence.hu\/index.php\/wp-json\/wp\/v2\/posts"}],"about":[{"href":"https:\/\/dorogimedence.hu\/index.php\/wp-json\/wp\/v2\/types\/post"}],"author":[{"embeddable":true,"href":"https:\/\/dorogimedence.hu\/index.php\/wp-json\/wp\/v2\/users\/1"}],"replies":[{"embeddable":true,"href":"https:\/\/dorogimedence.hu\/index.php\/wp-json\/wp\/v2\/comments?post=62201"}],"version-history":[{"count":0,"href":"https:\/\/dorogimedence.hu\/index.php\/wp-json\/wp\/v2\/posts\/62201\/revisions"}],"wp:featuredmedia":[{"embeddable":true,"href":"https:\/\/dorogimedence.hu\/index.php\/wp-json\/wp\/v2\/media\/62202"}],"wp:attachment":[{"href":"https:\/\/dorogimedence.hu\/index.php\/wp-json\/wp\/v2\/media?parent=62201"}],"wp:term":[{"taxonomy":"category","embeddable":true,"href":"https:\/\/dorogimedence.hu\/index.php\/wp-json\/wp\/v2\/categories?post=62201"},{"taxonomy":"post_tag","embeddable":true,"href":"https:\/\/dorogimedence.hu\/index.php\/wp-json\/wp\/v2\/tags?post=62201"}],"curies":[{"name":"wp","href":"https:\/\/api.w.org\/{rel}","templated":true}]}}