{"id":62184,"date":"2024-05-24T16:55:59","date_gmt":"2024-05-24T14:55:59","guid":{"rendered":"https:\/\/dorogimedence.hu\/?p=62184"},"modified":"2024-05-24T16:57:20","modified_gmt":"2024-05-24T14:57:20","slug":"atadtak-a-dorogi-zrinyi-iskola-megujult-jatszoteret","status":"publish","type":"post","link":"https:\/\/dorogimedence.hu\/index.php\/2024\/05\/24\/atadtak-a-dorogi-zrinyi-iskola-megujult-jatszoteret\/","title":{"rendered":"\u00c1tadt\u00e1k a dorogi Zr\u00ednyi iskola meg\u00fajult j\u00e1tsz\u00f3ter\u00e9t"},"content":{"rendered":"<p><strong>R\u00e9gi v\u00e1gya val\u00f3sult meg a zr\u00ednyis di\u00e1koknak. Dorog V\u00e1ros \u00d6nkorm\u00e1nyzata t\u00e1mogat\u00e1s\u00e1val meg\u00fajult a Zr\u00ednyi iskola j\u00e1tsz\u00f3tere.<\/strong><\/p>\n<div>\n<p>A rossz \u00e1llapotban l\u00e9v\u0151 j\u00e1t\u00e9keszk\u00f6z\u00f6ket kicser\u00e9lt\u00e9k a Zr\u00ednyi iskola udvar\u00e1n. Hint\u00e1kat, l\u00e1ncos egyens\u00falyoz\u00f3t, j\u00e1t\u00e9kforg\u00f3t, cs\u00faszd\u00e1s kombin\u00e1lt m\u00e1sz\u00f3eszk\u00f6zt vehetnek birtokba a di\u00e1kok m\u00e1jus 24-\u00e9n, p\u00e9nteken.<\/p>\n<p>&#8222;Es\u00e9scsillap\u00edt\u00f3, \u00fct\u00e9sg\u00e1tl\u00f3 gumiburkolattal l\u00e1tt\u00e1k el az udvart&#8221; &#8211; mondta dr. Tittmann J\u00e1nos, Dorog polg\u00e1rmestere az \u00fcnneps\u00e9gen, majd \u00e1tadta a j\u00e1tsz\u00f3t\u00e9r &#8222;kulcs\u00e1t&#8221; Sitku P\u00e1l igazgat\u00f3nak.<\/p>\n<p>Az esem\u00e9nyen r\u00e9szt vett Er\u0151s G\u00e1bor orsz\u00e1ggy\u0171l\u00e9si k\u00e9pvisel\u0151 \u00e9s Popovics Gy\u00f6rgy, a v\u00e1rmegyei k\u00f6zgy\u0171l\u00e9s eln\u00f6ke is.<\/p>\n<p><img fetchpriority=\"high\" decoding=\"async\" class=\"alignnone size-full wp-image-62186\" src=\"https:\/\/dorogimedence.hu\/wp-content\/uploads\/2024\/05\/jatszoter-02.jpg\" alt=\"\" width=\"1920\" height=\"1280\" srcset=\"https:\/\/dorogimedence.hu\/wp-content\/uploads\/2024\/05\/jatszoter-02.jpg 1920w, https:\/\/dorogimedence.hu\/wp-content\/uploads\/2024\/05\/jatszoter-02-600x400.jpg 600w, https:\/\/dorogimedence.hu\/wp-content\/uploads\/2024\/05\/jatszoter-02-768x512.jpg 768w, https:\/\/dorogimedence.hu\/wp-content\/uploads\/2024\/05\/jatszoter-02-1536x1024.jpg 1536w, https:\/\/dorogimedence.hu\/wp-content\/uploads\/2024\/05\/jatszoter-02-150x100.jpg 150w, https:\/\/dorogimedence.hu\/wp-content\/uploads\/2024\/05\/jatszoter-02-450x300.jpg 450w, https:\/\/dorogimedence.hu\/wp-content\/uploads\/2024\/05\/jatszoter-02-1200x800.jpg 1200w, https:\/\/dorogimedence.hu\/wp-content\/uploads\/2024\/05\/jatszoter-02-272x182.jpg 272w\" sizes=\"(max-width: 1920px) 100vw, 1920px\" \/><\/p>\n<p><em>Fot\u00f3k, forr\u00e1s: dorog.hu<\/em><\/p>\n<\/div>\n","protected":false},"excerpt":{"rendered":"<p>R\u00e9gi v\u00e1gya val\u00f3sult meg a zr\u00ednyis di\u00e1koknak. Dorog V\u00e1ros \u00d6nkorm\u00e1nyzata t\u00e1mogat\u00e1s\u00e1val meg\u00fajult a Zr\u00ednyi iskola j\u00e1tsz\u00f3tere. A rossz \u00e1llapotban l\u00e9v\u0151 j\u00e1t\u00e9keszk\u00f6z\u00f6ket kicser\u00e9lt\u00e9k a Zr\u00ednyi iskola udvar\u00e1n. Hint\u00e1kat, l\u00e1ncos egyens\u00falyoz\u00f3t, j\u00e1t\u00e9kforg\u00f3t, cs\u00faszd\u00e1s kombin\u00e1lt m\u00e1sz\u00f3eszk\u00f6zt vehetnek birtokba a di\u00e1kok m\u00e1jus 24-\u00e9n, p\u00e9nteken. &#8222;Es\u00e9scsillap\u00edt\u00f3, \u00fct\u00e9sg\u00e1tl\u00f3 gumiburkolattal l\u00e1tt\u00e1k el az udvart&#8221; &#8211; mondta dr. Tittmann J\u00e1nos, Dorog polg\u00e1rmestere az<\/p>\n","protected":false},"author":1,"featured_media":62185,"comment_status":"closed","ping_status":"closed","sticky":false,"template":"","format":"standard","meta":{"ngg_post_thumbnail":0,"footnotes":""},"categories":[2,3],"tags":[15,597,1002],"class_list":{"0":"post-62184","1":"post","2":"type-post","3":"status-publish","4":"format-standard","5":"has-post-thumbnail","7":"category-dorog","8":"category-hirek","9":"tag-dorog","10":"tag-jatszoter","11":"tag-zrinyi-iskola"},"yoast_head":"<!-- This site is optimized with the Yoast SEO plugin v27.5 - https:\/\/yoast.com\/product\/yoast-seo-wordpress\/ -->\n<title>\u00c1tadt\u00e1k a dorogi Zr\u00ednyi iskola meg\u00fajult j\u00e1tsz\u00f3ter\u00e9t<\/title>\n<meta name=\"robots\" content=\"index, follow, max-snippet:-1, max-image-preview:large, max-video-preview:-1\" \/>\n<link rel=\"canonical\" href=\"https:\/\/dorogimedence.hu\/index.php\/2024\/05\/24\/atadtak-a-dorogi-zrinyi-iskola-megujult-jatszoteret\/\" class=\"yoast-seo-meta-tag\" \/>\n<meta property=\"og:locale\" content=\"hu_HU\" class=\"yoast-seo-meta-tag\" \/>\n<meta property=\"og:type\" content=\"article\" class=\"yoast-seo-meta-tag\" \/>\n<meta property=\"og:title\" content=\"\u00c1tadt\u00e1k a dorogi Zr\u00ednyi iskola meg\u00fajult j\u00e1tsz\u00f3ter\u00e9t\" class=\"yoast-seo-meta-tag\" \/>\n<meta property=\"og:description\" content=\"R\u00e9gi v\u00e1gya val\u00f3sult meg a zr\u00ednyis di\u00e1koknak. Dorog V\u00e1ros \u00d6nkorm\u00e1nyzata t\u00e1mogat\u00e1s\u00e1val meg\u00fajult a Zr\u00ednyi iskola j\u00e1tsz\u00f3tere. A rossz \u00e1llapotban l\u00e9v\u0151 j\u00e1t\u00e9keszk\u00f6z\u00f6ket kicser\u00e9lt\u00e9k a Zr\u00ednyi iskola udvar\u00e1n. Hint\u00e1kat, l\u00e1ncos egyens\u00falyoz\u00f3t, j\u00e1t\u00e9kforg\u00f3t, cs\u00faszd\u00e1s kombin\u00e1lt m\u00e1sz\u00f3eszk\u00f6zt vehetnek birtokba a di\u00e1kok m\u00e1jus 24-\u00e9n, p\u00e9nteken. &#8222;Es\u00e9scsillap\u00edt\u00f3, \u00fct\u00e9sg\u00e1tl\u00f3 gumiburkolattal l\u00e1tt\u00e1k el az udvart&#8221; &#8211; mondta dr. Tittmann J\u00e1nos, Dorog polg\u00e1rmestere az\" class=\"yoast-seo-meta-tag\" \/>\n<meta property=\"og:url\" content=\"https:\/\/dorogimedence.hu\/index.php\/2024\/05\/24\/atadtak-a-dorogi-zrinyi-iskola-megujult-jatszoteret\/\" class=\"yoast-seo-meta-tag\" \/>\n<meta property=\"og:site_name\" content=\"Dorogi-medence Region\u00e1lis H\u00edrport\u00e1l\" class=\"yoast-seo-meta-tag\" \/>\n<meta property=\"article:publisher\" content=\"https:\/\/www.facebook.com\/dorogimedence\/\" class=\"yoast-seo-meta-tag\" \/>\n<meta property=\"article:published_time\" content=\"2024-05-24T14:55:59+00:00\" class=\"yoast-seo-meta-tag\" \/>\n<meta property=\"article:modified_time\" content=\"2024-05-24T14:57:20+00:00\" class=\"yoast-seo-meta-tag\" \/>\n<meta property=\"og:image\" content=\"https:\/\/dorogimedence.hu\/wp-content\/uploads\/2024\/05\/jatszoter-01.jpg\" class=\"yoast-seo-meta-tag\" \/>\n\t<meta property=\"og:image:width\" content=\"1920\" class=\"yoast-seo-meta-tag\" \/>\n\t<meta property=\"og:image:height\" content=\"1280\" class=\"yoast-seo-meta-tag\" \/>\n\t<meta property=\"og:image:type\" content=\"image\/jpeg\" class=\"yoast-seo-meta-tag\" \/>\n<meta name=\"author\" content=\"dorogimedence.hu\" class=\"yoast-seo-meta-tag\" \/>\n<meta name=\"twitter:card\" content=\"summary_large_image\" class=\"yoast-seo-meta-tag\" \/>\n<meta name=\"twitter:label1\" content=\"Szerz\u0151:\" class=\"yoast-seo-meta-tag\" \/>\n\t<meta name=\"twitter:data1\" content=\"dorogimedence.hu\" class=\"yoast-seo-meta-tag\" \/>\n\t<meta name=\"twitter:label2\" content=\"Becs\u00fclt olvas\u00e1si id\u0151\" class=\"yoast-seo-meta-tag\" \/>\n\t<meta name=\"twitter:data2\" content=\"1 perc\" class=\"yoast-seo-meta-tag\" \/>\n<script type=\"application\/ld+json\" class=\"yoast-schema-graph\">{\"@context\":\"https:\\\/\\\/schema.org\",\"@graph\":[{\"@type\":\"Article\",\"@id\":\"https:\\\/\\\/dorogimedence.hu\\\/index.php\\\/2024\\\/05\\\/24\\\/atadtak-a-dorogi-zrinyi-iskola-megujult-jatszoteret\\\/#article\",\"isPartOf\":{\"@id\":\"https:\\\/\\\/dorogimedence.hu\\\/index.php\\\/2024\\\/05\\\/24\\\/atadtak-a-dorogi-zrinyi-iskola-megujult-jatszoteret\\\/\"},\"author\":{\"name\":\"dorogimedence.hu\",\"@id\":\"https:\\\/\\\/dorogimedence.hu\\\/#\\\/schema\\\/person\\\/ce6091eeb7e95ecdc87890d6aa8e0fd4\"},\"headline\":\"\u00c1tadt\u00e1k a dorogi Zr\u00ednyi iskola meg\u00fajult j\u00e1tsz\u00f3ter\u00e9t\",\"datePublished\":\"2024-05-24T14:55:59+00:00\",\"dateModified\":\"2024-05-24T14:57:20+00:00\",\"mainEntityOfPage\":{\"@id\":\"https:\\\/\\\/dorogimedence.hu\\\/index.php\\\/2024\\\/05\\\/24\\\/atadtak-a-dorogi-zrinyi-iskola-megujult-jatszoteret\\\/\"},\"wordCount\":168,\"publisher\":{\"@id\":\"https:\\\/\\\/dorogimedence.hu\\\/#organization\"},\"image\":{\"@id\":\"https:\\\/\\\/dorogimedence.hu\\\/index.php\\\/2024\\\/05\\\/24\\\/atadtak-a-dorogi-zrinyi-iskola-megujult-jatszoteret\\\/#primaryimage\"},\"thumbnailUrl\":\"https:\\\/\\\/dorogimedence.hu\\\/wp-content\\\/uploads\\\/2024\\\/05\\\/jatszoter-01.jpg\",\"keywords\":[\"Dorog\",\"j\u00e1tsz\u00f3t\u00e9r\",\"Zr\u00ednyi iskola\"],\"articleSection\":[\"Dorog\",\"H\u00edrek\"],\"inLanguage\":\"hu\"},{\"@type\":\"WebPage\",\"@id\":\"https:\\\/\\\/dorogimedence.hu\\\/index.php\\\/2024\\\/05\\\/24\\\/atadtak-a-dorogi-zrinyi-iskola-megujult-jatszoteret\\\/\",\"url\":\"https:\\\/\\\/dorogimedence.hu\\\/index.php\\\/2024\\\/05\\\/24\\\/atadtak-a-dorogi-zrinyi-iskola-megujult-jatszoteret\\\/\",\"name\":\"\u00c1tadt\u00e1k a dorogi Zr\u00ednyi iskola meg\u00fajult j\u00e1tsz\u00f3ter\u00e9t\",\"isPartOf\":{\"@id\":\"https:\\\/\\\/dorogimedence.hu\\\/#website\"},\"primaryImageOfPage\":{\"@id\":\"https:\\\/\\\/dorogimedence.hu\\\/index.php\\\/2024\\\/05\\\/24\\\/atadtak-a-dorogi-zrinyi-iskola-megujult-jatszoteret\\\/#primaryimage\"},\"image\":{\"@id\":\"https:\\\/\\\/dorogimedence.hu\\\/index.php\\\/2024\\\/05\\\/24\\\/atadtak-a-dorogi-zrinyi-iskola-megujult-jatszoteret\\\/#primaryimage\"},\"thumbnailUrl\":\"https:\\\/\\\/dorogimedence.hu\\\/wp-content\\\/uploads\\\/2024\\\/05\\\/jatszoter-01.jpg\",\"datePublished\":\"2024-05-24T14:55:59+00:00\",\"dateModified\":\"2024-05-24T14:57:20+00:00\",\"breadcrumb\":{\"@id\":\"https:\\\/\\\/dorogimedence.hu\\\/index.php\\\/2024\\\/05\\\/24\\\/atadtak-a-dorogi-zrinyi-iskola-megujult-jatszoteret\\\/#breadcrumb\"},\"inLanguage\":\"hu\",\"potentialAction\":[{\"@type\":\"ReadAction\",\"target\":[\"https:\\\/\\\/dorogimedence.hu\\\/index.php\\\/2024\\\/05\\\/24\\\/atadtak-a-dorogi-zrinyi-iskola-megujult-jatszoteret\\\/\"]}]},{\"@type\":\"ImageObject\",\"inLanguage\":\"hu\",\"@id\":\"https:\\\/\\\/dorogimedence.hu\\\/index.php\\\/2024\\\/05\\\/24\\\/atadtak-a-dorogi-zrinyi-iskola-megujult-jatszoteret\\\/#primaryimage\",\"url\":\"https:\\\/\\\/dorogimedence.hu\\\/wp-content\\\/uploads\\\/2024\\\/05\\\/jatszoter-01.jpg\",\"contentUrl\":\"https:\\\/\\\/dorogimedence.hu\\\/wp-content\\\/uploads\\\/2024\\\/05\\\/jatszoter-01.jpg\",\"width\":1920,\"height\":1280},{\"@type\":\"BreadcrumbList\",\"@id\":\"https:\\\/\\\/dorogimedence.hu\\\/index.php\\\/2024\\\/05\\\/24\\\/atadtak-a-dorogi-zrinyi-iskola-megujult-jatszoteret\\\/#breadcrumb\",\"itemListElement\":[{\"@type\":\"ListItem\",\"position\":1,\"name\":\"Kezd\u0151lap\",\"item\":\"https:\\\/\\\/dorogimedence.hu\\\/\"},{\"@type\":\"ListItem\",\"position\":2,\"name\":\"\u00c1tadt\u00e1k a dorogi Zr\u00ednyi iskola meg\u00fajult j\u00e1tsz\u00f3ter\u00e9t\"}]},{\"@type\":\"WebSite\",\"@id\":\"https:\\\/\\\/dorogimedence.hu\\\/#website\",\"url\":\"https:\\\/\\\/dorogimedence.hu\\\/\",\"name\":\"Dorogi-medence Region\u00e1lis H\u00edrport\u00e1l\",\"description\":\"Dorog, Keszt\u00f6lc, Le\u00e1nyv\u00e1r, Piliscs\u00e9v, Tokod, Tokodalt\u00e1r\u00f3, Csolnok, Esztergom-kertv\u00e1ros: h\u00edrek, programok\",\"publisher\":{\"@id\":\"https:\\\/\\\/dorogimedence.hu\\\/#organization\"},\"potentialAction\":[{\"@type\":\"SearchAction\",\"target\":{\"@type\":\"EntryPoint\",\"urlTemplate\":\"https:\\\/\\\/dorogimedence.hu\\\/?s={search_term_string}\"},\"query-input\":{\"@type\":\"PropertyValueSpecification\",\"valueRequired\":true,\"valueName\":\"search_term_string\"}}],\"inLanguage\":\"hu\"},{\"@type\":\"Organization\",\"@id\":\"https:\\\/\\\/dorogimedence.hu\\\/#organization\",\"name\":\"Dorogi-medence Region\u00e1lis H\u00edrport\u00e1l\",\"url\":\"https:\\\/\\\/dorogimedence.hu\\\/\",\"logo\":{\"@type\":\"ImageObject\",\"inLanguage\":\"hu\",\"@id\":\"https:\\\/\\\/dorogimedence.hu\\\/#\\\/schema\\\/logo\\\/image\\\/\",\"url\":\"https:\\\/\\\/dorogimedence.hu\\\/wp-content\\\/uploads\\\/2021\\\/04\\\/logo-feher-600.png\",\"contentUrl\":\"https:\\\/\\\/dorogimedence.hu\\\/wp-content\\\/uploads\\\/2021\\\/04\\\/logo-feher-600.png\",\"width\":600,\"height\":100,\"caption\":\"Dorogi-medence Region\u00e1lis H\u00edrport\u00e1l\"},\"image\":{\"@id\":\"https:\\\/\\\/dorogimedence.hu\\\/#\\\/schema\\\/logo\\\/image\\\/\"},\"sameAs\":[\"https:\\\/\\\/www.facebook.com\\\/dorogimedence\\\/\"]},{\"@type\":\"Person\",\"@id\":\"https:\\\/\\\/dorogimedence.hu\\\/#\\\/schema\\\/person\\\/ce6091eeb7e95ecdc87890d6aa8e0fd4\",\"name\":\"dorogimedence.hu\",\"image\":{\"@type\":\"ImageObject\",\"inLanguage\":\"hu\",\"@id\":\"\\\/\\\/www.gravatar.com\\\/avatar\\\/d8d45f8901aadff40a4af72c0b826f1d?s=96&#038;r=g&#038;d=mm\",\"url\":\"\\\/\\\/www.gravatar.com\\\/avatar\\\/d8d45f8901aadff40a4af72c0b826f1d?s=96&#038;r=g&#038;d=mm\",\"contentUrl\":\"\\\/\\\/www.gravatar.com\\\/avatar\\\/d8d45f8901aadff40a4af72c0b826f1d?s=96&#038;r=g&#038;d=mm\",\"caption\":\"dorogimedence.hu\"}}]}<\/script>\n<!-- \/ Yoast SEO plugin. -->","yoast_head_json":{"title":"\u00c1tadt\u00e1k a dorogi Zr\u00ednyi iskola meg\u00fajult j\u00e1tsz\u00f3ter\u00e9t","robots":{"index":"index","follow":"follow","max-snippet":"max-snippet:-1","max-image-preview":"max-image-preview:large","max-video-preview":"max-video-preview:-1"},"canonical":"https:\/\/dorogimedence.hu\/index.php\/2024\/05\/24\/atadtak-a-dorogi-zrinyi-iskola-megujult-jatszoteret\/","og_locale":"hu_HU","og_type":"article","og_title":"\u00c1tadt\u00e1k a dorogi Zr\u00ednyi iskola meg\u00fajult j\u00e1tsz\u00f3ter\u00e9t","og_description":"R\u00e9gi v\u00e1gya val\u00f3sult meg a zr\u00ednyis di\u00e1koknak. Dorog V\u00e1ros \u00d6nkorm\u00e1nyzata t\u00e1mogat\u00e1s\u00e1val meg\u00fajult a Zr\u00ednyi iskola j\u00e1tsz\u00f3tere. A rossz \u00e1llapotban l\u00e9v\u0151 j\u00e1t\u00e9keszk\u00f6z\u00f6ket kicser\u00e9lt\u00e9k a Zr\u00ednyi iskola udvar\u00e1n. Hint\u00e1kat, l\u00e1ncos egyens\u00falyoz\u00f3t, j\u00e1t\u00e9kforg\u00f3t, cs\u00faszd\u00e1s kombin\u00e1lt m\u00e1sz\u00f3eszk\u00f6zt vehetnek birtokba a di\u00e1kok m\u00e1jus 24-\u00e9n, p\u00e9nteken. &#8222;Es\u00e9scsillap\u00edt\u00f3, \u00fct\u00e9sg\u00e1tl\u00f3 gumiburkolattal l\u00e1tt\u00e1k el az udvart&#8221; &#8211; mondta dr. Tittmann J\u00e1nos, Dorog polg\u00e1rmestere az","og_url":"https:\/\/dorogimedence.hu\/index.php\/2024\/05\/24\/atadtak-a-dorogi-zrinyi-iskola-megujult-jatszoteret\/","og_site_name":"Dorogi-medence Region\u00e1lis H\u00edrport\u00e1l","article_publisher":"https:\/\/www.facebook.com\/dorogimedence\/","article_published_time":"2024-05-24T14:55:59+00:00","article_modified_time":"2024-05-24T14:57:20+00:00","og_image":[{"width":1920,"height":1280,"url":"https:\/\/dorogimedence.hu\/wp-content\/uploads\/2024\/05\/jatszoter-01.jpg","type":"image\/jpeg"}],"author":"dorogimedence.hu","twitter_card":"summary_large_image","twitter_misc":{"Szerz\u0151:":"dorogimedence.hu","Becs\u00fclt olvas\u00e1si id\u0151":"1 perc"},"schema":{"@context":"https:\/\/schema.org","@graph":[{"@type":"Article","@id":"https:\/\/dorogimedence.hu\/index.php\/2024\/05\/24\/atadtak-a-dorogi-zrinyi-iskola-megujult-jatszoteret\/#article","isPartOf":{"@id":"https:\/\/dorogimedence.hu\/index.php\/2024\/05\/24\/atadtak-a-dorogi-zrinyi-iskola-megujult-jatszoteret\/"},"author":{"name":"dorogimedence.hu","@id":"https:\/\/dorogimedence.hu\/#\/schema\/person\/ce6091eeb7e95ecdc87890d6aa8e0fd4"},"headline":"\u00c1tadt\u00e1k a dorogi Zr\u00ednyi iskola meg\u00fajult j\u00e1tsz\u00f3ter\u00e9t","datePublished":"2024-05-24T14:55:59+00:00","dateModified":"2024-05-24T14:57:20+00:00","mainEntityOfPage":{"@id":"https:\/\/dorogimedence.hu\/index.php\/2024\/05\/24\/atadtak-a-dorogi-zrinyi-iskola-megujult-jatszoteret\/"},"wordCount":168,"publisher":{"@id":"https:\/\/dorogimedence.hu\/#organization"},"image":{"@id":"https:\/\/dorogimedence.hu\/index.php\/2024\/05\/24\/atadtak-a-dorogi-zrinyi-iskola-megujult-jatszoteret\/#primaryimage"},"thumbnailUrl":"https:\/\/dorogimedence.hu\/wp-content\/uploads\/2024\/05\/jatszoter-01.jpg","keywords":["Dorog","j\u00e1tsz\u00f3t\u00e9r","Zr\u00ednyi iskola"],"articleSection":["Dorog","H\u00edrek"],"inLanguage":"hu"},{"@type":"WebPage","@id":"https:\/\/dorogimedence.hu\/index.php\/2024\/05\/24\/atadtak-a-dorogi-zrinyi-iskola-megujult-jatszoteret\/","url":"https:\/\/dorogimedence.hu\/index.php\/2024\/05\/24\/atadtak-a-dorogi-zrinyi-iskola-megujult-jatszoteret\/","name":"\u00c1tadt\u00e1k a dorogi Zr\u00ednyi iskola meg\u00fajult j\u00e1tsz\u00f3ter\u00e9t","isPartOf":{"@id":"https:\/\/dorogimedence.hu\/#website"},"primaryImageOfPage":{"@id":"https:\/\/dorogimedence.hu\/index.php\/2024\/05\/24\/atadtak-a-dorogi-zrinyi-iskola-megujult-jatszoteret\/#primaryimage"},"image":{"@id":"https:\/\/dorogimedence.hu\/index.php\/2024\/05\/24\/atadtak-a-dorogi-zrinyi-iskola-megujult-jatszoteret\/#primaryimage"},"thumbnailUrl":"https:\/\/dorogimedence.hu\/wp-content\/uploads\/2024\/05\/jatszoter-01.jpg","datePublished":"2024-05-24T14:55:59+00:00","dateModified":"2024-05-24T14:57:20+00:00","breadcrumb":{"@id":"https:\/\/dorogimedence.hu\/index.php\/2024\/05\/24\/atadtak-a-dorogi-zrinyi-iskola-megujult-jatszoteret\/#breadcrumb"},"inLanguage":"hu","potentialAction":[{"@type":"ReadAction","target":["https:\/\/dorogimedence.hu\/index.php\/2024\/05\/24\/atadtak-a-dorogi-zrinyi-iskola-megujult-jatszoteret\/"]}]},{"@type":"ImageObject","inLanguage":"hu","@id":"https:\/\/dorogimedence.hu\/index.php\/2024\/05\/24\/atadtak-a-dorogi-zrinyi-iskola-megujult-jatszoteret\/#primaryimage","url":"https:\/\/dorogimedence.hu\/wp-content\/uploads\/2024\/05\/jatszoter-01.jpg","contentUrl":"https:\/\/dorogimedence.hu\/wp-content\/uploads\/2024\/05\/jatszoter-01.jpg","width":1920,"height":1280},{"@type":"BreadcrumbList","@id":"https:\/\/dorogimedence.hu\/index.php\/2024\/05\/24\/atadtak-a-dorogi-zrinyi-iskola-megujult-jatszoteret\/#breadcrumb","itemListElement":[{"@type":"ListItem","position":1,"name":"Kezd\u0151lap","item":"https:\/\/dorogimedence.hu\/"},{"@type":"ListItem","position":2,"name":"\u00c1tadt\u00e1k a dorogi Zr\u00ednyi iskola meg\u00fajult j\u00e1tsz\u00f3ter\u00e9t"}]},{"@type":"WebSite","@id":"https:\/\/dorogimedence.hu\/#website","url":"https:\/\/dorogimedence.hu\/","name":"Dorogi-medence Region\u00e1lis H\u00edrport\u00e1l","description":"Dorog, Keszt\u00f6lc, Le\u00e1nyv\u00e1r, Piliscs\u00e9v, Tokod, Tokodalt\u00e1r\u00f3, Csolnok, Esztergom-kertv\u00e1ros: h\u00edrek, programok","publisher":{"@id":"https:\/\/dorogimedence.hu\/#organization"},"potentialAction":[{"@type":"SearchAction","target":{"@type":"EntryPoint","urlTemplate":"https:\/\/dorogimedence.hu\/?s={search_term_string}"},"query-input":{"@type":"PropertyValueSpecification","valueRequired":true,"valueName":"search_term_string"}}],"inLanguage":"hu"},{"@type":"Organization","@id":"https:\/\/dorogimedence.hu\/#organization","name":"Dorogi-medence Region\u00e1lis H\u00edrport\u00e1l","url":"https:\/\/dorogimedence.hu\/","logo":{"@type":"ImageObject","inLanguage":"hu","@id":"https:\/\/dorogimedence.hu\/#\/schema\/logo\/image\/","url":"https:\/\/dorogimedence.hu\/wp-content\/uploads\/2021\/04\/logo-feher-600.png","contentUrl":"https:\/\/dorogimedence.hu\/wp-content\/uploads\/2021\/04\/logo-feher-600.png","width":600,"height":100,"caption":"Dorogi-medence Region\u00e1lis H\u00edrport\u00e1l"},"image":{"@id":"https:\/\/dorogimedence.hu\/#\/schema\/logo\/image\/"},"sameAs":["https:\/\/www.facebook.com\/dorogimedence\/"]},{"@type":"Person","@id":"https:\/\/dorogimedence.hu\/#\/schema\/person\/ce6091eeb7e95ecdc87890d6aa8e0fd4","name":"dorogimedence.hu","image":{"@type":"ImageObject","inLanguage":"hu","@id":"\/\/www.gravatar.com\/avatar\/d8d45f8901aadff40a4af72c0b826f1d?s=96&#038;r=g&#038;d=mm","url":"\/\/www.gravatar.com\/avatar\/d8d45f8901aadff40a4af72c0b826f1d?s=96&#038;r=g&#038;d=mm","contentUrl":"\/\/www.gravatar.com\/avatar\/d8d45f8901aadff40a4af72c0b826f1d?s=96&#038;r=g&#038;d=mm","caption":"dorogimedence.hu"}}]}},"_links":{"self":[{"href":"https:\/\/dorogimedence.hu\/index.php\/wp-json\/wp\/v2\/posts\/62184","targetHints":{"allow":["GET"]}}],"collection":[{"href":"https:\/\/dorogimedence.hu\/index.php\/wp-json\/wp\/v2\/posts"}],"about":[{"href":"https:\/\/dorogimedence.hu\/index.php\/wp-json\/wp\/v2\/types\/post"}],"author":[{"embeddable":true,"href":"https:\/\/dorogimedence.hu\/index.php\/wp-json\/wp\/v2\/users\/1"}],"replies":[{"embeddable":true,"href":"https:\/\/dorogimedence.hu\/index.php\/wp-json\/wp\/v2\/comments?post=62184"}],"version-history":[{"count":0,"href":"https:\/\/dorogimedence.hu\/index.php\/wp-json\/wp\/v2\/posts\/62184\/revisions"}],"wp:featuredmedia":[{"embeddable":true,"href":"https:\/\/dorogimedence.hu\/index.php\/wp-json\/wp\/v2\/media\/62185"}],"wp:attachment":[{"href":"https:\/\/dorogimedence.hu\/index.php\/wp-json\/wp\/v2\/media?parent=62184"}],"wp:term":[{"taxonomy":"category","embeddable":true,"href":"https:\/\/dorogimedence.hu\/index.php\/wp-json\/wp\/v2\/categories?post=62184"},{"taxonomy":"post_tag","embeddable":true,"href":"https:\/\/dorogimedence.hu\/index.php\/wp-json\/wp\/v2\/tags?post=62184"}],"curies":[{"name":"wp","href":"https:\/\/api.w.org\/{rel}","templated":true}]}}