{"id":61868,"date":"2024-05-10T15:42:42","date_gmt":"2024-05-10T13:42:42","guid":{"rendered":"https:\/\/dorogimedence.hu\/?p=61868"},"modified":"2024-05-10T15:42:42","modified_gmt":"2024-05-10T13:42:42","slug":"majus-10-a-madarak-es-fak-napja","status":"publish","type":"post","link":"https:\/\/dorogimedence.hu\/index.php\/2024\/05\/10\/majus-10-a-madarak-es-fak-napja\/","title":{"rendered":"M\u00e1jus 10. a Madarak \u00e9s F\u00e1k Napja"},"content":{"rendered":"<p><strong>A Madarak \u00e9s F\u00e1k Napja orsz\u00e1gos programsorozat term\u00e9szeti k\u00f6rnyezet\u00fcnkre, annak sz\u00e9ps\u00e9g\u00e9re, t\u00e1rsadalmi \u00e9s gazdas\u00e1gi jelent\u0151s\u00e9g\u00e9re valamint vesz\u00e9lyeztetetts\u00e9g\u00e9re h\u00edvja fel a figyelmet. A most indul\u00f3 eur\u00f3pai uni\u00f3s k\u00f6lts\u00e9gvet\u00e9si ciklus sor\u00e1n, az el\u0151z\u0151 ciklusok l\u00e9pt\u00e9k\u00e9hez hasonl\u00f3an \u00fajabb 100 000 hekt\u00e1ron tervezi jav\u00edtani az Agr\u00e1rminiszt\u00e9rium term\u00e9szeti ter\u00fcleteink \u00e1llapot\u00e1t, az erd\u0151kre pedig a kor\u00e1bbiakn\u00e1l h\u00e1romszor akkor forr\u00e1st, mintegy 310 milli\u00e1rd forintot ford\u00edt. Komoly eredm\u00e9ny, hogy 2019 \u00f3ta megfordult a negat\u00edv erd\u0151telep\u00edt\u00e9si tendencia, \u00f6t \u00e9v alatt 184 milli\u00f3 f\u00e1t \u00fcltettek el az \u00e1llami erd\u00e9szeti t\u00e1rsas\u00e1gok \u00e9s a mag\u00e1nerd\u0151 gazd\u00e1lkod\u00f3k.<\/strong><\/p>\n<p>A term\u00e9szetv\u00e9delmi er\u0151fesz\u00edt\u00e9sek egyik eredm\u00e9nye, hogy a vil\u00e1gon egyed\u00fcl\u00e1ll\u00f3an az elm\u00falt k\u00e9t \u00e9vtizedben siker\u00fclt stabiliz\u00e1lni, s\u0151t lass\u00fa n\u00f6veked\u00e9snek ind\u00edtani a hazai t\u00fazok\u00e1llom\u00e1nyt. E glob\u00e1lisan vesz\u00e9lyeztetett faj K\u00f6z\u00e9p-Eur\u00f3p\u00e1n k\u00edv\u00fcli \u00f6sszes \u00e1llom\u00e1nya cs\u00f6kken\u0151 tendenci\u00e1t mutat. Hasonl\u00f3 a helyzet a kerecsens\u00f3lyommal, az idei \u00e9v madar\u00e1val, az 1949-1950-ben csup\u00e1n 28 p\u00e1rosra becs\u00fclt hazai \u00e1llom\u00e1ny a szigor\u00fa v\u00e9delemnek k\u00f6sz\u00f6nhet\u0151en m\u00e1ra megk\u00f6zel\u00edteti a k\u00e9tsz\u00e1z p\u00e1rt, amire K\u00f6z\u00e9p-Eur\u00f3p\u00e1n k\u00edv\u00fcl szint\u00e9n nincs p\u00e9lda m\u00e1shol a vil\u00e1gon. Legismertebb hazai madarunk, a feh\u00e9r g\u00f3lya \u00e1llom\u00e1nycs\u00f6kken\u00e9s\u00e9t szint\u00e9n siker\u00fclt meg\u00e1ll\u00edtani, az elm\u00falt \u00f6t \u00e9vtizedben sz\u00e1muk k\u00f6zel 5 ezer p\u00e1r. Az elm\u00falt sz\u00e1z \u00e9vre visszatekintve a term\u00e9szetv\u00e9delem nagy sikere, hogy a d\u00edsztollai miatt csaknem a kipusztul\u00e1sig \u00fcld\u00f6z\u00f6tt nagy k\u00f3csagot az utols\u00f3 \u00f3r\u00e1ban siker\u00fclt megmenteni, s az akkor csup\u00e1n 10 p\u00e1r k\u00f6r\u00fcli hazai \u00e1llom\u00e1ny m\u00e1ra 4000 p\u00e1rn\u00e1l is t\u00f6bbet sz\u00e1ml\u00e1l, \u00e9s az\u00f3ta a term\u00e9szetv\u00e9delem c\u00edmermadara lett.<\/p>\n<p>Az \u00e1llami term\u00e9szetv\u00e9delem munk\u00e1j\u00e1nak eredm\u00e9nyess\u00e9g\u00e9ben a lakoss\u00e1gi \u00f6sszefog\u00e1snak is jelent\u0151s szerepe van. J\u00f3 p\u00e9lda erre, hogy a fecsk\u00e9k\u00e9rt szinte b\u00e1rki tehet lak\u00f3helye k\u00f6rnyezet\u00e9ben azzal, hogy seg\u00edti megteleped\u00e9s\u00fcket s\u00e1rgy\u0171jt\u0151 helyek kialak\u00edt\u00e1s\u00e1val vagy az eresz alatti f\u00e9szkek meg\u00f3v\u00e1s\u00e1val, m\u0171f\u00e9szkek kihelyez\u00e9s\u00e9vel. A kerttulajdonosok a kert egy sark\u00e1ban az \u00e9l\u0151helyek megtart\u00e1s\u00e1val is seg\u00edthetik az \u00e1llatok fennmarad\u00e1s\u00e1t. Egy odvas gy\u00fcm\u00f6lcsfa, egy vir\u00e1gokban gazdag kertr\u00e9sz sz\u00e1mtalan \u0151shonos \u00e9l\u0151l\u00e9nynek ny\u00fajthat otthont \u00e9s t\u00e1pl\u00e1l\u00e9kot.<\/p>\n<p>Az agr\u00e1rt\u00e1rca \u00fagy tekint az erd\u0151kre,&nbsp; mint az orsz\u00e1g z\u00f6ldvagyon\u00e1nak legfontosabb elem\u00e9re. Az erd\u0151 olyan kiemelt k\u00f6zc\u00e9lokat szolg\u00e1l, mint a kl\u00edmav\u00e9delem, a sz\u00e9nmegk\u00f6t\u00e9s vagy a biodiverzit\u00e1s n\u00f6vel\u00e9se, amelyek megval\u00f3s\u00edt\u00e1s\u00e1ban az \u00e1llami szerepv\u00e1llal\u00e1s k\u00fcl\u00f6n\u00f6sen fontos. Az elm\u00falt id\u0151szakban fel\u00e9rt\u00e9kel\u0151dtek az erd\u0151k \u00f6kosziszt\u00e9ma szolg\u00e1ltat\u00e1sai, k\u00f6zt\u00fck kiemelten a rekre\u00e1ci\u00f3s lehet\u0151s\u00e9gek. Az Agr\u00e1rminiszt\u00e9rium \u00e1ltal ir\u00e1ny\u00edtott 21 \u00e1llami erd\u00e9szeti t\u00e1rsas\u00e1g szakemberei nap mint nap azon dolgoznak, hogy ezt a z\u00f6ldvagyont fenntarts\u00e1k \u00e9s meg\u0151rizz\u00e9k a jelen \u00e9s a j\u00f6v\u0151 nemzed\u00e9kek sz\u00e1m\u00e1ra, hiszen az erd\u0151k hasznaib\u00f3l minden magyar ember r\u00e9szes\u00fcl.<\/p>\n<p>A Nemzeti Szisztematikus Erd\u0151lelt\u00e1r adatai szerint Magyarorsz\u00e1g erdei fa- \u00e9s cserjefajokkal bor\u00edtott ter\u00fclet\u00e9nek ar\u00e1nya t\u00f6bb mint 25 sz\u00e1zal\u00e9k. A kl\u00edmasemlegess\u00e9g el\u00e9r\u00e9se \u00e9rdek\u00e9ben a c\u00e9l az, hogy 2030-ra az orsz\u00e1g f\u00e1val bor\u00edtott ter\u00fcleteinek ar\u00e1nya 27 sz\u00e1zal\u00e9kra emelkedjen, ez\u00e9rt a korm\u00e1nyzat sz\u00e1mos, az erd\u0151telep\u00edt\u00e9shez, f\u00e1s\u00edt\u00e1shoz kapcsol\u00f3d\u00f3 programot t\u00e1mogat. Ilyen p\u00e9ld\u00e1ul az Orsz\u00e1gf\u00e1s\u00edt\u00e1si Program, melynek keret\u00e9ben 2023-ig mintegy 184 milli\u00f3 darab f\u00e1t \u00fcltettek el az \u00e1llami erd\u00e9szeti t\u00e1rsas\u00e1gok \u00e9s a mag\u00e1nerd\u0151 gazd\u00e1lkod\u00f3k. Ezen bel\u00fcl a Vid\u00e9kfejleszt\u00e9si Program keret\u00e9ben 172,3 milli\u00f3 darab fa ker\u00fclt eddig a f\u00f6ldbe. Az \u00dajsz\u00fcl\u00f6ttek erdeje program keret\u00e9ben minden sz\u00fcletend\u0151 gyermek ut\u00e1n legal\u00e1bb 10 facsemet\u00e9t \u00fcltetnek el az \u00e1llami erd\u00e9szeti t\u00e1rsas\u00e1gok. A kezdem\u00e9nyez\u00e9snek k\u00f6sz\u00f6nhet\u0151en napjainkig 4,3 milli\u00f3 facsemet\u00e9vel b\u0151v\u00fclt az orsz\u00e1g z\u00f6ldvagyona. Az \u00e1llami erd\u00e9szeti t\u00e1rsas\u00e1gok mintaf\u00e1s\u00edt\u00e1si programjai tov\u00e1bbi 7 milli\u00f3 darab f\u00e1val, az \u00f6nerd\u0151s\u00fclt ter\u00fcletek erd\u0151v\u00e9 alak\u00edt\u00e1sa sor\u00e1n az \u00e1llami erd\u00e9szetek pedig 430 ezer darab f\u00e1val j\u00e1rultak hozz\u00e1 a kl\u00edmac\u00e9lok el\u00e9r\u00e9s\u00e9hez, az orsz\u00e1g z\u00f6ld\u00edt\u00e9s\u00e9hez. A Telep\u00fcl\u00e9sf\u00e1s\u00edt\u00e1si Program, az Orsz\u00e1gf\u00e1s\u00edt\u00e1s r\u00e9szek\u00e9nt a rendszerv\u00e1lt\u00e1s \u00f3ta megval\u00f3s\u00edtott legnagyobb belter\u00fcletf\u00e1s\u00edt\u00e1si kezdem\u00e9nyez\u00e9s. A program n\u00e9gy \u00fcteme alatt id\u00e9n \u00e9v v\u00e9g\u00e9re \u00f6sszesen 56 ezer sorf\u00e1val sz\u00e9p\u00fcl haz\u00e1nk mintegy 2000 telep\u00fcl\u00e9se.<\/p>\n<p>Haz\u00e1nkban el\u0151sz\u00f6r Chernel Istv\u00e1n a K\u0151szegi \u00c1llatv\u00e9d\u0151 Egyes\u00fclettel k\u00f6z\u00f6sen szervezte meg ezt a rendezv\u00e9nyt 1902-ben, a \u201emez\u0151gazdas\u00e1gra hasznos madarak\u201d v\u00e9delme \u00e9rdek\u00e9ben l\u00e9trej\u00f6tt p\u00e1rizsi egyezm\u00e9ny kapcs\u00e1n. Az oktat\u00e1sba orsz\u00e1gosan Apponyi Albert kultuszminiszter rendelete nyom\u00e1n ker\u00fclt be, \u00e9s az\u00f3ta is minden \u00e9vben edukat\u00edv programokkal h\u00edvj\u00e1k fel a di\u00e1kok \u00e9s \u00f3vod\u00e1sok figyelm\u00e9t a term\u00e9szetv\u00e9delem e jeles napj\u00e1nak \u00fczenet\u00e9re.<\/p>\n<p>A nemzeti park igazgat\u00f3s\u00e1gok \u00e9s az \u00e1llami erd\u00e9szeti t\u00e1rsas\u00e1gok a jeles nap alkalm\u00e1b\u00f3l orsz\u00e1gszerte k\u00fcl\u00f6nleges programokkal v\u00e1rj\u00e1k az \u00e9rdekl\u0151d\u0151ket.<\/p>\n<p><em>Forr\u00e1s: Agr\u00e1rminiszt\u00e9rium Sajt\u00f3iroda<\/em><\/p>\n","protected":false},"excerpt":{"rendered":"<p>A Madarak \u00e9s F\u00e1k Napja orsz\u00e1gos programsorozat term\u00e9szeti k\u00f6rnyezet\u00fcnkre, annak sz\u00e9ps\u00e9g\u00e9re, t\u00e1rsadalmi \u00e9s gazdas\u00e1gi jelent\u0151s\u00e9g\u00e9re valamint vesz\u00e9lyeztetetts\u00e9g\u00e9re h\u00edvja fel a figyelmet. A most indul\u00f3 eur\u00f3pai uni\u00f3s k\u00f6lts\u00e9gvet\u00e9si ciklus sor\u00e1n, az el\u0151z\u0151 ciklusok l\u00e9pt\u00e9k\u00e9hez hasonl\u00f3an \u00fajabb 100 000 hekt\u00e1ron tervezi jav\u00edtani az Agr\u00e1rminiszt\u00e9rium term\u00e9szeti ter\u00fcleteink \u00e1llapot\u00e1t, az erd\u0151kre pedig a kor\u00e1bbiakn\u00e1l h\u00e1romszor akkor forr\u00e1st, mintegy 310<\/p>\n","protected":false},"author":1,"featured_media":61869,"comment_status":"closed","ping_status":"closed","sticky":false,"template":"","format":"standard","meta":{"ngg_post_thumbnail":0,"footnotes":""},"categories":[3,6948],"tags":[6956],"class_list":{"0":"post-61868","1":"post","2":"type-post","3":"status-publish","4":"format-standard","5":"has-post-thumbnail","7":"category-hirek","8":"category-szines","9":"tag-madarak-es-fak-napja"},"yoast_head":"<!-- This site is optimized with the Yoast SEO plugin v27.4 - https:\/\/yoast.com\/product\/yoast-seo-wordpress\/ -->\n<title>M\u00e1jus 10. a Madarak \u00e9s F\u00e1k Napja<\/title>\n<meta name=\"robots\" content=\"index, follow, max-snippet:-1, max-image-preview:large, max-video-preview:-1\" \/>\n<link rel=\"canonical\" href=\"https:\/\/dorogimedence.hu\/index.php\/2024\/05\/10\/majus-10-a-madarak-es-fak-napja\/\" class=\"yoast-seo-meta-tag\" \/>\n<meta property=\"og:locale\" content=\"hu_HU\" class=\"yoast-seo-meta-tag\" \/>\n<meta property=\"og:type\" content=\"article\" class=\"yoast-seo-meta-tag\" \/>\n<meta property=\"og:title\" content=\"M\u00e1jus 10. a Madarak \u00e9s F\u00e1k Napja\" class=\"yoast-seo-meta-tag\" \/>\n<meta property=\"og:description\" content=\"A Madarak \u00e9s F\u00e1k Napja orsz\u00e1gos programsorozat term\u00e9szeti k\u00f6rnyezet\u00fcnkre, annak sz\u00e9ps\u00e9g\u00e9re, t\u00e1rsadalmi \u00e9s gazdas\u00e1gi jelent\u0151s\u00e9g\u00e9re valamint vesz\u00e9lyeztetetts\u00e9g\u00e9re h\u00edvja fel a figyelmet. A most indul\u00f3 eur\u00f3pai uni\u00f3s k\u00f6lts\u00e9gvet\u00e9si ciklus sor\u00e1n, az el\u0151z\u0151 ciklusok l\u00e9pt\u00e9k\u00e9hez hasonl\u00f3an \u00fajabb 100 000 hekt\u00e1ron tervezi jav\u00edtani az Agr\u00e1rminiszt\u00e9rium term\u00e9szeti ter\u00fcleteink \u00e1llapot\u00e1t, az erd\u0151kre pedig a kor\u00e1bbiakn\u00e1l h\u00e1romszor akkor forr\u00e1st, mintegy 310\" class=\"yoast-seo-meta-tag\" \/>\n<meta property=\"og:url\" content=\"https:\/\/dorogimedence.hu\/index.php\/2024\/05\/10\/majus-10-a-madarak-es-fak-napja\/\" class=\"yoast-seo-meta-tag\" \/>\n<meta property=\"og:site_name\" content=\"Dorogi-medence Region\u00e1lis H\u00edrport\u00e1l\" class=\"yoast-seo-meta-tag\" \/>\n<meta property=\"article:publisher\" content=\"https:\/\/www.facebook.com\/dorogimedence\/\" class=\"yoast-seo-meta-tag\" \/>\n<meta property=\"article:published_time\" content=\"2024-05-10T13:42:42+00:00\" class=\"yoast-seo-meta-tag\" \/>\n<meta property=\"og:image\" content=\"https:\/\/dorogimedence.hu\/wp-content\/uploads\/2024\/05\/pexels-phil-mitchell-161192924-19905174.jpg\" class=\"yoast-seo-meta-tag\" \/>\n\t<meta property=\"og:image:width\" content=\"1919\" class=\"yoast-seo-meta-tag\" \/>\n\t<meta property=\"og:image:height\" content=\"1433\" class=\"yoast-seo-meta-tag\" \/>\n\t<meta property=\"og:image:type\" content=\"image\/jpeg\" class=\"yoast-seo-meta-tag\" \/>\n<meta name=\"author\" content=\"dorogimedence.hu\" class=\"yoast-seo-meta-tag\" \/>\n<meta name=\"twitter:card\" content=\"summary_large_image\" class=\"yoast-seo-meta-tag\" \/>\n<meta name=\"twitter:label1\" content=\"Szerz\u0151:\" class=\"yoast-seo-meta-tag\" \/>\n\t<meta name=\"twitter:data1\" content=\"dorogimedence.hu\" class=\"yoast-seo-meta-tag\" \/>\n\t<meta name=\"twitter:label2\" content=\"Becs\u00fclt olvas\u00e1si id\u0151\" class=\"yoast-seo-meta-tag\" \/>\n\t<meta name=\"twitter:data2\" content=\"5 perc\" class=\"yoast-seo-meta-tag\" \/>\n<script type=\"application\/ld+json\" class=\"yoast-schema-graph\">{\"@context\":\"https:\\\/\\\/schema.org\",\"@graph\":[{\"@type\":\"Article\",\"@id\":\"https:\\\/\\\/dorogimedence.hu\\\/index.php\\\/2024\\\/05\\\/10\\\/majus-10-a-madarak-es-fak-napja\\\/#article\",\"isPartOf\":{\"@id\":\"https:\\\/\\\/dorogimedence.hu\\\/index.php\\\/2024\\\/05\\\/10\\\/majus-10-a-madarak-es-fak-napja\\\/\"},\"author\":{\"name\":\"dorogimedence.hu\",\"@id\":\"https:\\\/\\\/dorogimedence.hu\\\/#\\\/schema\\\/person\\\/ce6091eeb7e95ecdc87890d6aa8e0fd4\"},\"headline\":\"M\u00e1jus 10. a Madarak \u00e9s F\u00e1k Napja\",\"datePublished\":\"2024-05-10T13:42:42+00:00\",\"mainEntityOfPage\":{\"@id\":\"https:\\\/\\\/dorogimedence.hu\\\/index.php\\\/2024\\\/05\\\/10\\\/majus-10-a-madarak-es-fak-napja\\\/\"},\"wordCount\":1056,\"publisher\":{\"@id\":\"https:\\\/\\\/dorogimedence.hu\\\/#organization\"},\"image\":{\"@id\":\"https:\\\/\\\/dorogimedence.hu\\\/index.php\\\/2024\\\/05\\\/10\\\/majus-10-a-madarak-es-fak-napja\\\/#primaryimage\"},\"thumbnailUrl\":\"https:\\\/\\\/dorogimedence.hu\\\/wp-content\\\/uploads\\\/2024\\\/05\\\/pexels-phil-mitchell-161192924-19905174.jpg\",\"keywords\":[\"Madarak \u00e9s F\u00e1k Napja\"],\"articleSection\":[\"H\u00edrek\",\"Sz\u00ednes\"],\"inLanguage\":\"hu\"},{\"@type\":\"WebPage\",\"@id\":\"https:\\\/\\\/dorogimedence.hu\\\/index.php\\\/2024\\\/05\\\/10\\\/majus-10-a-madarak-es-fak-napja\\\/\",\"url\":\"https:\\\/\\\/dorogimedence.hu\\\/index.php\\\/2024\\\/05\\\/10\\\/majus-10-a-madarak-es-fak-napja\\\/\",\"name\":\"M\u00e1jus 10. a Madarak \u00e9s F\u00e1k Napja\",\"isPartOf\":{\"@id\":\"https:\\\/\\\/dorogimedence.hu\\\/#website\"},\"primaryImageOfPage\":{\"@id\":\"https:\\\/\\\/dorogimedence.hu\\\/index.php\\\/2024\\\/05\\\/10\\\/majus-10-a-madarak-es-fak-napja\\\/#primaryimage\"},\"image\":{\"@id\":\"https:\\\/\\\/dorogimedence.hu\\\/index.php\\\/2024\\\/05\\\/10\\\/majus-10-a-madarak-es-fak-napja\\\/#primaryimage\"},\"thumbnailUrl\":\"https:\\\/\\\/dorogimedence.hu\\\/wp-content\\\/uploads\\\/2024\\\/05\\\/pexels-phil-mitchell-161192924-19905174.jpg\",\"datePublished\":\"2024-05-10T13:42:42+00:00\",\"breadcrumb\":{\"@id\":\"https:\\\/\\\/dorogimedence.hu\\\/index.php\\\/2024\\\/05\\\/10\\\/majus-10-a-madarak-es-fak-napja\\\/#breadcrumb\"},\"inLanguage\":\"hu\",\"potentialAction\":[{\"@type\":\"ReadAction\",\"target\":[\"https:\\\/\\\/dorogimedence.hu\\\/index.php\\\/2024\\\/05\\\/10\\\/majus-10-a-madarak-es-fak-napja\\\/\"]}]},{\"@type\":\"ImageObject\",\"inLanguage\":\"hu\",\"@id\":\"https:\\\/\\\/dorogimedence.hu\\\/index.php\\\/2024\\\/05\\\/10\\\/majus-10-a-madarak-es-fak-napja\\\/#primaryimage\",\"url\":\"https:\\\/\\\/dorogimedence.hu\\\/wp-content\\\/uploads\\\/2024\\\/05\\\/pexels-phil-mitchell-161192924-19905174.jpg\",\"contentUrl\":\"https:\\\/\\\/dorogimedence.hu\\\/wp-content\\\/uploads\\\/2024\\\/05\\\/pexels-phil-mitchell-161192924-19905174.jpg\",\"width\":1919,\"height\":1433},{\"@type\":\"BreadcrumbList\",\"@id\":\"https:\\\/\\\/dorogimedence.hu\\\/index.php\\\/2024\\\/05\\\/10\\\/majus-10-a-madarak-es-fak-napja\\\/#breadcrumb\",\"itemListElement\":[{\"@type\":\"ListItem\",\"position\":1,\"name\":\"Kezd\u0151lap\",\"item\":\"https:\\\/\\\/dorogimedence.hu\\\/\"},{\"@type\":\"ListItem\",\"position\":2,\"name\":\"M\u00e1jus 10. a Madarak \u00e9s F\u00e1k Napja\"}]},{\"@type\":\"WebSite\",\"@id\":\"https:\\\/\\\/dorogimedence.hu\\\/#website\",\"url\":\"https:\\\/\\\/dorogimedence.hu\\\/\",\"name\":\"Dorogi-medence Region\u00e1lis H\u00edrport\u00e1l\",\"description\":\"Dorog, Keszt\u00f6lc, Le\u00e1nyv\u00e1r, Piliscs\u00e9v, Tokod, Tokodalt\u00e1r\u00f3, Csolnok, Esztergom-kertv\u00e1ros: h\u00edrek, programok\",\"publisher\":{\"@id\":\"https:\\\/\\\/dorogimedence.hu\\\/#organization\"},\"potentialAction\":[{\"@type\":\"SearchAction\",\"target\":{\"@type\":\"EntryPoint\",\"urlTemplate\":\"https:\\\/\\\/dorogimedence.hu\\\/?s={search_term_string}\"},\"query-input\":{\"@type\":\"PropertyValueSpecification\",\"valueRequired\":true,\"valueName\":\"search_term_string\"}}],\"inLanguage\":\"hu\"},{\"@type\":\"Organization\",\"@id\":\"https:\\\/\\\/dorogimedence.hu\\\/#organization\",\"name\":\"Dorogi-medence Region\u00e1lis H\u00edrport\u00e1l\",\"url\":\"https:\\\/\\\/dorogimedence.hu\\\/\",\"logo\":{\"@type\":\"ImageObject\",\"inLanguage\":\"hu\",\"@id\":\"https:\\\/\\\/dorogimedence.hu\\\/#\\\/schema\\\/logo\\\/image\\\/\",\"url\":\"https:\\\/\\\/dorogimedence.hu\\\/wp-content\\\/uploads\\\/2021\\\/04\\\/logo-feher-600.png\",\"contentUrl\":\"https:\\\/\\\/dorogimedence.hu\\\/wp-content\\\/uploads\\\/2021\\\/04\\\/logo-feher-600.png\",\"width\":600,\"height\":100,\"caption\":\"Dorogi-medence Region\u00e1lis H\u00edrport\u00e1l\"},\"image\":{\"@id\":\"https:\\\/\\\/dorogimedence.hu\\\/#\\\/schema\\\/logo\\\/image\\\/\"},\"sameAs\":[\"https:\\\/\\\/www.facebook.com\\\/dorogimedence\\\/\"]},{\"@type\":\"Person\",\"@id\":\"https:\\\/\\\/dorogimedence.hu\\\/#\\\/schema\\\/person\\\/ce6091eeb7e95ecdc87890d6aa8e0fd4\",\"name\":\"dorogimedence.hu\",\"image\":{\"@type\":\"ImageObject\",\"inLanguage\":\"hu\",\"@id\":\"\\\/\\\/www.gravatar.com\\\/avatar\\\/d8d45f8901aadff40a4af72c0b826f1d?s=96&#038;r=g&#038;d=mm\",\"url\":\"\\\/\\\/www.gravatar.com\\\/avatar\\\/d8d45f8901aadff40a4af72c0b826f1d?s=96&#038;r=g&#038;d=mm\",\"contentUrl\":\"\\\/\\\/www.gravatar.com\\\/avatar\\\/d8d45f8901aadff40a4af72c0b826f1d?s=96&#038;r=g&#038;d=mm\",\"caption\":\"dorogimedence.hu\"}}]}<\/script>\n<!-- \/ Yoast SEO plugin. -->","yoast_head_json":{"title":"M\u00e1jus 10. a Madarak \u00e9s F\u00e1k Napja","robots":{"index":"index","follow":"follow","max-snippet":"max-snippet:-1","max-image-preview":"max-image-preview:large","max-video-preview":"max-video-preview:-1"},"canonical":"https:\/\/dorogimedence.hu\/index.php\/2024\/05\/10\/majus-10-a-madarak-es-fak-napja\/","og_locale":"hu_HU","og_type":"article","og_title":"M\u00e1jus 10. a Madarak \u00e9s F\u00e1k Napja","og_description":"A Madarak \u00e9s F\u00e1k Napja orsz\u00e1gos programsorozat term\u00e9szeti k\u00f6rnyezet\u00fcnkre, annak sz\u00e9ps\u00e9g\u00e9re, t\u00e1rsadalmi \u00e9s gazdas\u00e1gi jelent\u0151s\u00e9g\u00e9re valamint vesz\u00e9lyeztetetts\u00e9g\u00e9re h\u00edvja fel a figyelmet. A most indul\u00f3 eur\u00f3pai uni\u00f3s k\u00f6lts\u00e9gvet\u00e9si ciklus sor\u00e1n, az el\u0151z\u0151 ciklusok l\u00e9pt\u00e9k\u00e9hez hasonl\u00f3an \u00fajabb 100 000 hekt\u00e1ron tervezi jav\u00edtani az Agr\u00e1rminiszt\u00e9rium term\u00e9szeti ter\u00fcleteink \u00e1llapot\u00e1t, az erd\u0151kre pedig a kor\u00e1bbiakn\u00e1l h\u00e1romszor akkor forr\u00e1st, mintegy 310","og_url":"https:\/\/dorogimedence.hu\/index.php\/2024\/05\/10\/majus-10-a-madarak-es-fak-napja\/","og_site_name":"Dorogi-medence Region\u00e1lis H\u00edrport\u00e1l","article_publisher":"https:\/\/www.facebook.com\/dorogimedence\/","article_published_time":"2024-05-10T13:42:42+00:00","og_image":[{"width":1919,"height":1433,"url":"https:\/\/dorogimedence.hu\/wp-content\/uploads\/2024\/05\/pexels-phil-mitchell-161192924-19905174.jpg","type":"image\/jpeg"}],"author":"dorogimedence.hu","twitter_card":"summary_large_image","twitter_misc":{"Szerz\u0151:":"dorogimedence.hu","Becs\u00fclt olvas\u00e1si id\u0151":"5 perc"},"schema":{"@context":"https:\/\/schema.org","@graph":[{"@type":"Article","@id":"https:\/\/dorogimedence.hu\/index.php\/2024\/05\/10\/majus-10-a-madarak-es-fak-napja\/#article","isPartOf":{"@id":"https:\/\/dorogimedence.hu\/index.php\/2024\/05\/10\/majus-10-a-madarak-es-fak-napja\/"},"author":{"name":"dorogimedence.hu","@id":"https:\/\/dorogimedence.hu\/#\/schema\/person\/ce6091eeb7e95ecdc87890d6aa8e0fd4"},"headline":"M\u00e1jus 10. a Madarak \u00e9s F\u00e1k Napja","datePublished":"2024-05-10T13:42:42+00:00","mainEntityOfPage":{"@id":"https:\/\/dorogimedence.hu\/index.php\/2024\/05\/10\/majus-10-a-madarak-es-fak-napja\/"},"wordCount":1056,"publisher":{"@id":"https:\/\/dorogimedence.hu\/#organization"},"image":{"@id":"https:\/\/dorogimedence.hu\/index.php\/2024\/05\/10\/majus-10-a-madarak-es-fak-napja\/#primaryimage"},"thumbnailUrl":"https:\/\/dorogimedence.hu\/wp-content\/uploads\/2024\/05\/pexels-phil-mitchell-161192924-19905174.jpg","keywords":["Madarak \u00e9s F\u00e1k Napja"],"articleSection":["H\u00edrek","Sz\u00ednes"],"inLanguage":"hu"},{"@type":"WebPage","@id":"https:\/\/dorogimedence.hu\/index.php\/2024\/05\/10\/majus-10-a-madarak-es-fak-napja\/","url":"https:\/\/dorogimedence.hu\/index.php\/2024\/05\/10\/majus-10-a-madarak-es-fak-napja\/","name":"M\u00e1jus 10. a Madarak \u00e9s F\u00e1k Napja","isPartOf":{"@id":"https:\/\/dorogimedence.hu\/#website"},"primaryImageOfPage":{"@id":"https:\/\/dorogimedence.hu\/index.php\/2024\/05\/10\/majus-10-a-madarak-es-fak-napja\/#primaryimage"},"image":{"@id":"https:\/\/dorogimedence.hu\/index.php\/2024\/05\/10\/majus-10-a-madarak-es-fak-napja\/#primaryimage"},"thumbnailUrl":"https:\/\/dorogimedence.hu\/wp-content\/uploads\/2024\/05\/pexels-phil-mitchell-161192924-19905174.jpg","datePublished":"2024-05-10T13:42:42+00:00","breadcrumb":{"@id":"https:\/\/dorogimedence.hu\/index.php\/2024\/05\/10\/majus-10-a-madarak-es-fak-napja\/#breadcrumb"},"inLanguage":"hu","potentialAction":[{"@type":"ReadAction","target":["https:\/\/dorogimedence.hu\/index.php\/2024\/05\/10\/majus-10-a-madarak-es-fak-napja\/"]}]},{"@type":"ImageObject","inLanguage":"hu","@id":"https:\/\/dorogimedence.hu\/index.php\/2024\/05\/10\/majus-10-a-madarak-es-fak-napja\/#primaryimage","url":"https:\/\/dorogimedence.hu\/wp-content\/uploads\/2024\/05\/pexels-phil-mitchell-161192924-19905174.jpg","contentUrl":"https:\/\/dorogimedence.hu\/wp-content\/uploads\/2024\/05\/pexels-phil-mitchell-161192924-19905174.jpg","width":1919,"height":1433},{"@type":"BreadcrumbList","@id":"https:\/\/dorogimedence.hu\/index.php\/2024\/05\/10\/majus-10-a-madarak-es-fak-napja\/#breadcrumb","itemListElement":[{"@type":"ListItem","position":1,"name":"Kezd\u0151lap","item":"https:\/\/dorogimedence.hu\/"},{"@type":"ListItem","position":2,"name":"M\u00e1jus 10. a Madarak \u00e9s F\u00e1k Napja"}]},{"@type":"WebSite","@id":"https:\/\/dorogimedence.hu\/#website","url":"https:\/\/dorogimedence.hu\/","name":"Dorogi-medence Region\u00e1lis H\u00edrport\u00e1l","description":"Dorog, Keszt\u00f6lc, Le\u00e1nyv\u00e1r, Piliscs\u00e9v, Tokod, Tokodalt\u00e1r\u00f3, Csolnok, Esztergom-kertv\u00e1ros: h\u00edrek, programok","publisher":{"@id":"https:\/\/dorogimedence.hu\/#organization"},"potentialAction":[{"@type":"SearchAction","target":{"@type":"EntryPoint","urlTemplate":"https:\/\/dorogimedence.hu\/?s={search_term_string}"},"query-input":{"@type":"PropertyValueSpecification","valueRequired":true,"valueName":"search_term_string"}}],"inLanguage":"hu"},{"@type":"Organization","@id":"https:\/\/dorogimedence.hu\/#organization","name":"Dorogi-medence Region\u00e1lis H\u00edrport\u00e1l","url":"https:\/\/dorogimedence.hu\/","logo":{"@type":"ImageObject","inLanguage":"hu","@id":"https:\/\/dorogimedence.hu\/#\/schema\/logo\/image\/","url":"https:\/\/dorogimedence.hu\/wp-content\/uploads\/2021\/04\/logo-feher-600.png","contentUrl":"https:\/\/dorogimedence.hu\/wp-content\/uploads\/2021\/04\/logo-feher-600.png","width":600,"height":100,"caption":"Dorogi-medence Region\u00e1lis H\u00edrport\u00e1l"},"image":{"@id":"https:\/\/dorogimedence.hu\/#\/schema\/logo\/image\/"},"sameAs":["https:\/\/www.facebook.com\/dorogimedence\/"]},{"@type":"Person","@id":"https:\/\/dorogimedence.hu\/#\/schema\/person\/ce6091eeb7e95ecdc87890d6aa8e0fd4","name":"dorogimedence.hu","image":{"@type":"ImageObject","inLanguage":"hu","@id":"\/\/www.gravatar.com\/avatar\/d8d45f8901aadff40a4af72c0b826f1d?s=96&#038;r=g&#038;d=mm","url":"\/\/www.gravatar.com\/avatar\/d8d45f8901aadff40a4af72c0b826f1d?s=96&#038;r=g&#038;d=mm","contentUrl":"\/\/www.gravatar.com\/avatar\/d8d45f8901aadff40a4af72c0b826f1d?s=96&#038;r=g&#038;d=mm","caption":"dorogimedence.hu"}}]}},"_links":{"self":[{"href":"https:\/\/dorogimedence.hu\/index.php\/wp-json\/wp\/v2\/posts\/61868","targetHints":{"allow":["GET"]}}],"collection":[{"href":"https:\/\/dorogimedence.hu\/index.php\/wp-json\/wp\/v2\/posts"}],"about":[{"href":"https:\/\/dorogimedence.hu\/index.php\/wp-json\/wp\/v2\/types\/post"}],"author":[{"embeddable":true,"href":"https:\/\/dorogimedence.hu\/index.php\/wp-json\/wp\/v2\/users\/1"}],"replies":[{"embeddable":true,"href":"https:\/\/dorogimedence.hu\/index.php\/wp-json\/wp\/v2\/comments?post=61868"}],"version-history":[{"count":0,"href":"https:\/\/dorogimedence.hu\/index.php\/wp-json\/wp\/v2\/posts\/61868\/revisions"}],"wp:featuredmedia":[{"embeddable":true,"href":"https:\/\/dorogimedence.hu\/index.php\/wp-json\/wp\/v2\/media\/61869"}],"wp:attachment":[{"href":"https:\/\/dorogimedence.hu\/index.php\/wp-json\/wp\/v2\/media?parent=61868"}],"wp:term":[{"taxonomy":"category","embeddable":true,"href":"https:\/\/dorogimedence.hu\/index.php\/wp-json\/wp\/v2\/categories?post=61868"},{"taxonomy":"post_tag","embeddable":true,"href":"https:\/\/dorogimedence.hu\/index.php\/wp-json\/wp\/v2\/tags?post=61868"}],"curies":[{"name":"wp","href":"https:\/\/api.w.org\/{rel}","templated":true}]}}