{"id":61855,"date":"2024-05-10T11:27:00","date_gmt":"2024-05-10T09:27:00","guid":{"rendered":"https:\/\/dorogimedence.hu\/?p=61855"},"modified":"2024-05-10T11:27:00","modified_gmt":"2024-05-10T09:27:00","slug":"xiv-alkalommal-hirdetik-meg-a-komarom-esztergom-varmegyei-fotopalyazatot","status":"publish","type":"post","link":"https:\/\/dorogimedence.hu\/index.php\/2024\/05\/10\/xiv-alkalommal-hirdetik-meg-a-komarom-esztergom-varmegyei-fotopalyazatot\/","title":{"rendered":"XIV. alkalommal hirdetik meg a Kom\u00e1rom-Esztergom V\u00e1rmegyei Fot\u00f3p\u00e1ly\u00e1zatot"},"content":{"rendered":"<div class=\"xdj266r x11i5rnm xat24cr x1mh8g0r x1vvkbs\"><strong>Az esztergom-kertv\u00e1rosi F\u00e9ja G\u00e9za K\u00f6z\u00f6ss\u00e9gi H\u00e1z 2024-ben XIV. alkalommal hirdeti meg a Kom\u00e1rom-Esztergom V\u00e1rmegyei Fot\u00f3p\u00e1ly\u00e1zatot.<\/strong><\/div>\n<div class=\"xdj266r x11i5rnm xat24cr x1mh8g0r x1vvkbs\">Jelentkez\u00e9si hat\u00e1rid\u0151 \u00e9s a munk\u00e1k elk\u00fcld\u00e9s\u00e9nek hat\u00e1rideje: 2024. j\u00falius 14.<\/div>\n<div class=\"x11i5rnm xat24cr x1mh8g0r x1vvkbs xtlvy1s\">A p\u00e1ly\u00e1zat v\u00e9dn\u00f6ke: Popovics Gy\u00f6rgy, a Kom\u00e1rom-Esztergom V\u00e1rmegyei K\u00f6zgy\u0171l\u00e9s eln\u00f6ke<\/div>\n<div class=\"x11i5rnm xat24cr x1mh8g0r x1vvkbs xtlvy1s\">A p\u00e1ly\u00e1zat c\u00e9lja: vizu\u00e1lis seregszemle<\/div>\n<h3 class=\"x11i5rnm xat24cr x1mh8g0r x1vvkbs xtlvy1s\">A p\u00e1ly\u00e1zat kateg\u00f3ri\u00e1i:<\/h3>\n<div class=\"x11i5rnm xat24cr x1mh8g0r x1vvkbs xtlvy1s\"><strong>A. Szabad t\u00e9m\u00e1j\u00fa fekete-feh\u00e9r<\/strong> <br class=\"html-br\">Enged\u00e9lyezett: b\u00e1rmilyen kreat\u00edv k\u00e9pm\u00f3dos\u00edt\u00e1s<\/div>\n<div class=\"x11i5rnm xat24cr x1mh8g0r x1vvkbs xtlvy1s\"><strong>B. Szabad t\u00e9m\u00e1j\u00fa sz\u00ednes<\/strong> <br class=\"html-br\">Enged\u00e9lyezett: b\u00e1rmilyen kreat\u00edv k\u00e9pm\u00f3dos\u00edt\u00e1s<\/div>\n<div class=\"x11i5rnm xat24cr x1mh8g0r x1vvkbs xtlvy1s\"><strong>C. Term\u00e9szet (sz\u00ednes \u00e9s\/vagy fekete-feh\u00e9r)<\/strong><br class=\"html-br\">Nem enged\u00e9lyezett: k\u00e9pr\u00e9szletek hozz\u00e1ad\u00e1sa, elt\u00e1vol\u00edt\u00e1sa; mont\u00e1zs(kompozit); a k\u00e9p r\u00e9szeinek szelekt\u00edv m\u00f3dos\u00edt\u00e1sa (kiv\u00e9ve por, lencsehib\u00e1k korrig\u00e1l\u00e1sa)<br class=\"html-br\">Enged\u00e9lyezett: monokr\u00f3m k\u00e9pp\u00e9 alak\u00edt\u00e1s; kamer\u00e1n bel\u00fcli multiexpo; kamer\u00e1n k\u00edv\u00fcli egyes\u00edt\u00e9ssel k\u00e9sz\u00fclt panor\u00e1mak\u00e9pek, csillagj\u00e1r\u00e1s-fot\u00f3k \u00e9s asztro-t\u00e1jk\u00e9p felv\u00e9telek k\u00e9sz\u00edt\u00e9se.<\/div>\n<div class=\"x11i5rnm xat24cr x1mh8g0r x1vvkbs xtlvy1s\"><strong>D. Portr\u00e9, ember\u00e1br\u00e1zol\u00e1s (sz\u00ednes \u00e9s\/vagy fekete-feh\u00e9r)<\/strong><br class=\"html-br\">Enged\u00e9lyezett: b\u00e1rmilyen kreat\u00edv k\u00e9pm\u00f3dos\u00edt\u00e1s<\/div>\n<div class=\"x11i5rnm xat24cr x1mh8g0r x1vvkbs xtlvy1s\"><strong>E. Andr\u00e9 Kert\u00e9sz esztergomi fot\u00f3i \u00e1ltal inspir\u00e1lt fotogr\u00e1fi\u00e1k (sz\u00ednes \u00e9s\/vagy fekete-feh\u00e9r)<\/strong><br class=\"html-br\">(Inspir\u00e1ci\u00f3: 130 \u00e9ve sz\u00fcletett Andr\u00e9 Kert\u00e9sz)<br class=\"html-br\">Enged\u00e9lyezett: b\u00e1rmilyen kreat\u00edv k\u00e9pm\u00f3dos\u00edt\u00e1s, valamint digitaliz\u00e1lt, hagyom\u00e1nyos elj\u00e1r\u00e1ssal, filmre k\u00e9sz\u00fclt (anal\u00f3g) k\u00e9peket is v\u00e1runk!<\/div>\n<h3 class=\"x11i5rnm xat24cr x1mh8g0r x1vvkbs xtlvy1s\">R\u00e9szv\u00e9teli felt\u00e9telek:<\/h3>\n<div class=\"x11i5rnm xat24cr x1mh8g0r x1vvkbs xtlvy1s\">1., A fot\u00f3p\u00e1ly\u00e1zaton b\u00e1rki r\u00e9szt vehet \u00e9letkort\u00f3l, foglalkoz\u00e1st\u00f3l \u00e9s lak\u00f3helyt\u0151l f\u00fcggetlen\u00fcl.<\/div>\n<div class=\"x11i5rnm xat24cr x1mh8g0r x1vvkbs xtlvy1s\">2., Az el\u0151z\u0151 \u00e9vi p\u00e1ly\u00e1zatokon ki\u00e1ll\u00edtott k\u00e9pekkel p\u00e1ly\u00e1zni nem lehet!<\/div>\n<div class=\"x11i5rnm xat24cr x1mh8g0r x1vvkbs xtlvy1s\">3., Egy p\u00e1ly\u00e1z\u00f3 maximum 10 db digit\u00e1lis, vagy digitaliz\u00e1lt f\u00e9nyk\u00e9pet k\u00fcldhet be e-mailben. Egy kateg\u00f3ri\u00e1ban bek\u00fcldhet\u0151 p\u00e1lyam\u0171vek maxim\u00e1lis sz\u00e1ma: legfeljebb 5 k\u00e9p<\/div>\n<div class=\"x11i5rnm xat24cr x1mh8g0r x1vvkbs xtlvy1s\">4., Bek\u00fcldend\u0151 k\u00e9pf\u00e1jlok: JPEG form\u00e1tum (80-90%-os t\u00f6m\u00f6r\u00edt\u00e9s), hosszabbik oldal minimum 3500 pixel, felbont\u00e1s 300 dpi, sz\u00ednt\u00e9r: sRGB. Technikai inform\u00e1ci\u00f3: A ki\u00e1ll\u00edt\u00e1si paszpartuk bels\u0151, hasznos m\u00e9rete\/oldalar\u00e1nya n\u00e9mi sz\u00f3r\u00e1st mutat, ez\u00e9rt az aj\u00e1nlott v\u00e1g\u00e1s a 2:3 oldalar\u00e1ny, de \u00edgy is sz\u00e1m\u00edtani kell arra, hogy esetlegesen a fot\u00f3 hasznos fel\u00fclete nem teljesen jelenik meg a paszpartuz\u00e1s ut\u00e1n.<\/div>\n<div class=\"x11i5rnm xat24cr x1mh8g0r x1vvkbs xtlvy1s\">5., Csak egyedi k\u00e9peket v\u00e1runk, sorozat nem k\u00fcldhet\u0151 be. V\u00edzjel alkalmaz\u00e1sa tilos.<\/div>\n<div class=\"x11i5rnm xat24cr x1mh8g0r x1vvkbs xtlvy1s\">6., A mesters\u00e9ges intelligencia (MI, AI stb.) \u00e1ltal gener\u00e1lt k\u00e9pek a p\u00e1ly\u00e1zaton nem indulhatnak. Ilyen gyan\u00fa eset\u00e9n a zs\u0171rinek jog\u00e1ban \u00e1ll bek\u00e9rni az eredeti k\u00e9pfile-t.<\/div>\n<div class=\"x11i5rnm xat24cr x1mh8g0r x1vvkbs xtlvy1s\">7., C\u00edm n\u00e9lk\u00fcli k\u00e9pek (pl.&#8221;K\u00e9p c\u00edm n\u00e9lk\u00fcl&#8221;) a versenyben nem vesznek r\u00e9szt.<\/div>\n<div class=\"x11i5rnm xat24cr x1mh8g0r x1vvkbs xtlvy1s\">8., A k\u00e9pf\u00e1jlok elnevez\u00e9se: kateg\u00f3ria (A;B;C;D;E) + kateg\u00f3ri\u00e1n bel\u00fcli sorsz\u00e1m (1, 2, 3, 4, 5) + k\u00e9pc\u00edm. <br class=\"html-br\">(P\u00e9ld\u00e1ul: k\u00e9p c\u00edme: Dunai hal\u00e1szat ; f\u00e1jl neve: A1_Dunai halaszat). A f\u00e1jln\u00e9v semmilyen form\u00e1ban NEM tartalmazhatja a szerz\u0151 nev\u00e9t, \u00e9s \u00e9kezeteket sem!<\/div>\n<div class=\"x11i5rnm xat24cr x1mh8g0r x1vvkbs xtlvy1s\">9., A nevez\u00e9ssel a p\u00e1ly\u00e1z\u00f3 nyilatkozik arr\u00f3l, hogy p\u00e1lyam\u0171vei minden szempontb\u00f3l megfelelnek jelen p\u00e1ly\u00e1zati ki\u00edr\u00e1snak \u00e9s rendelkezik a k\u00e9pek szerz\u0151i jog\u00e1val, az eredeti, m\u00f3dos\u00edtatlan kamera-f\u00e1jlokkal. A szervez\u0151 int\u00e9zm\u00e9ny nem v\u00e1llal felel\u0151ss\u00e9get az ezek hi\u00e1ny\u00e1b\u00f3l ered\u0151 jogvit\u00e1kban! Az esetlegesen felmer\u00fcl\u0151 szem\u00e9lyis\u00e9gi jogi probl\u00e9m\u00e1k\u00e9rt a bek\u00fcld\u0151 (szerz\u0151) teljes felel\u0151ss\u00e9get v\u00e1llal.<\/div>\n<div class=\"x11i5rnm xat24cr x1mh8g0r x1vvkbs xtlvy1s\">10., A r\u00e9sztvev\u0151 a p\u00e1ly\u00e1zati anyag elk\u00fcld\u00e9s\u00e9vel automatikusan elfogadja a p\u00e1ly\u00e1zati felt\u00e9teleket \u00e9s egyben hozz\u00e1j\u00e1rul, hogy a rendez\u0151k a p\u00e1ly\u00e1zattal kapcsolatos publik\u00e1ci\u00f3kban k\u00e9peit t\u00e9r\u00edt\u00e9smentesen felhaszn\u00e1lj\u00e1k.<\/div>\n<div class=\"x11i5rnm xat24cr x1mh8g0r x1vvkbs xtlvy1s\">11., D\u00edjaz\u00e1s: kateg\u00f3ri\u00e1nk\u00e9nt I-II-III. d\u00edj. Egy kateg\u00f3ri\u00e1ban egy szerz\u0151 csak egy d\u00edjat kaphat! <br class=\"html-br\">A zs\u0171ri fenntartja mag\u00e1nak a jogot, hogy d\u00edjakat \u00f6sszevonjon, visszatartson vagy \u00fajabbakat \u00edt\u00e9ljen oda. A zs\u0171ri d\u00f6nt\u00e9se v\u00e9gleges \u00e9s nem vitathat\u00f3.<\/div>\n<div class=\"x11i5rnm xat24cr x1mh8g0r x1vvkbs xtlvy1s\">12., A zs\u0171ri tagjai: M\u00f3nos G\u00e1bor (EFIAP, FUJI X-Photographer-Brand Ambassador) eln\u00f6k, Moln\u00e1r Gyula fot\u00f3riporter, dr. T\u00f3ta Kriszti\u00e1n (EFIAP, A-MAFOSZ\/b), Szekeres J\u00e1nos (E-MAFOSZ-S, IFWP, EMC, OM SYSTEM ambassador, Prima-d\u00edj), Kasz\u00e1s Norbert (EFIAP) fot\u00f3m\u0171v\u00e9szek.<\/div>\n<div class=\"x11i5rnm xat24cr x1mh8g0r x1vvkbs xtlvy1s\">13. A p\u00e1ly\u00e1z\u00f3knak nevez\u00e9si lapot kell kit\u00f6lteni. A nevez\u00e9si lapon szerepl\u0151 inform\u00e1ci\u00f3knak meg kell egyezni\u00fck a f\u00e1jl n\u00e9vben olvashat\u00f3 adatokkal. A nevez\u00e9si lap e-mailben ig\u00e9nyelhet\u0151 a fejafotos@gmail.com c\u00edmen. A nevez\u00e9si lapot e-mailben jpg form\u00e1tumban (al\u00e1\u00edrva, szkennelve) kell bek\u00fcldeni. A nevez\u00e9si lapra \u00edrj\u00e1k r\u00e1 a nevez\u00e9si d\u00edj befizet\u00e9s\u00e9nek napj\u00e1t.<\/div>\n<div class=\"x11i5rnm xat24cr x1mh8g0r x1vvkbs xtlvy1s\">14. A p\u00e1ly\u00e1z\u00f3knak nevez\u00e9si d\u00edjat kell fizetni, amelynek \u00f6sszege: 3000 Ft\/f\u0151, f\u00fcggetlen\u00fcl, hogy h\u00e1ny fot\u00f3t k\u00fcldtek be. A nevez\u00e9si d\u00edjakat a p\u00e1ly\u00e1zattal \u00e9s ki\u00e1ll\u00edt\u00e1ssal kapcsolatos k\u00f6lts\u00e9gek fedez\u00e9s\u00e9re k\u00edv\u00e1nj\u00e1k a szervez\u0151k ford\u00edtani.<\/div>\n<div class=\"x11i5rnm xat24cr x1mh8g0r x1vvkbs xtlvy1s\">A nevez\u00e9si d\u00edj befizet\u00e9s\u00e9nek rendje: kiz\u00e1r\u00f3lag banki utal\u00e1ssal. A nevez\u00e9si d\u00edjat a F\u00e9ja G\u00e9za K\u00f6z\u00f6ss\u00e9gi H\u00e1z 11740054-16762925 p\u00e9nzforgalmi jelz\u0151sz\u00e1m\u00fa sz\u00e1ml\u00e1ra k\u00e9rik teljes\u00edteni. Elektronikus utal\u00e1s \u00e9s p\u00e9nzint\u00e9zetben szem\u00e9lyesen kezdem\u00e9nyezett utal\u00e1si megb\u00edz\u00e1s eset\u00e9n a befizet\u00e9st igazol\u00f3 bizonylat k\u00f6zlem\u00e9ny rovat\u00e1ba k\u00e9rj\u00fck felt\u00fcntetni: \u201eP\u00e1ly\u00e1z\u00f3 neve &#8211; Fot\u00f3p\u00e1ly\u00e1zat Esztergom-kertv\u00e1ros\u201d. A nevez\u00e9si d\u00edj megfizet\u00e9s\u00e9t igazol\u00f3 bizonylatot e-mailben k\u00e9rj\u00fck elk\u00fcldeni a nevez\u00e9si lappal \u00e9s a fot\u00f3kkal egy\u00fctt.<\/div>\n<div class=\"x11i5rnm xat24cr x1mh8g0r x1vvkbs xtlvy1s\">A nevez\u00e9si d\u00edj utal\u00e1s\u00e1hoz az al\u00e1bbi adatok is sz\u00fcks\u00e9gesek lehetnek:<br class=\"html-br\">Kedvezm\u00e9nyezett neve: F\u00e9ja G\u00e9za K\u00f6z\u00f6ss\u00e9gi H\u00e1z<br class=\"html-br\">Kedvezm\u00e9nyezett c\u00edme: 2509 Esztergom-kertv\u00e1ros, Damjanich u. 70.<br class=\"html-br\">Sz\u00e1mlavezet\u0151 neve: OTP Bank<br class=\"html-br\">Sz\u00e1mlavezet\u0151 c\u00edme: 2500 Esztergom, R\u00e1k\u00f3czi t\u00e9r 2-4.<br class=\"html-br\">Orsz\u00e1g k\u00f3d: HU<\/div>\n<div class=\"x11i5rnm xat24cr x1mh8g0r x1vvkbs xtlvy1s\">A F\u00e9ja G\u00e9za K\u00f6z\u00f6ss\u00e9gi H\u00e1z minden befizetett nevez\u00e9si d\u00edjr\u00f3l a p\u00e1ly\u00e1z\u00f3 nev\u00e9re \u00e9s c\u00edm\u00e9re sz\u00f3l\u00f3 nyugt\u00e1t \u00e1ll\u00edt ki (ig\u00e9ny eset\u00e9n sz\u00e1ml\u00e1t), amelyet e-mailben k\u00fcld\u00fcnk el a p\u00e1ly\u00e1z\u00f3 \u00e1ltal megadott c\u00edmre.<\/div>\n<div class=\"x11i5rnm xat24cr x1mh8g0r x1vvkbs xtlvy1s\">15. P\u00e1ly\u00e1zatok lead\u00e1sa:<br class=\"html-br\">Internetes bek\u00fcld\u00e9si c\u00edm (kiz\u00e1r\u00f3lag): fejafotos@gmail.com<br class=\"html-br\">A p\u00e1ly\u00e1zatok szem\u00e9lyes, illetve postai \u00e1tad\u00e1s\u00e1ra nincs lehet\u0151s\u00e9g.<\/div>\n<div class=\"x11i5rnm xat24cr x1mh8g0r x1vvkbs xtlvy1s\">16. Zs\u0171riz\u00e9s tervezett hat\u00e1rideje: j\u00falius 31.<br class=\"html-br\">K\u00f6zz\u00e9t\u00e9tel: a versenyz\u0151ket az eredm\u00e9nyr\u0151l augusztus 22-t\u0151l e-mailben \u00e9rtes\u00edtj\u00fck.<\/div>\n<div class=\"x11i5rnm xat24cr x1mh8g0r x1vvkbs xtlvy1s\">17. Az eredm\u00e9nyhirdet\u00e9s \u00e9s a ki\u00e1ll\u00edt\u00e1s tervezett id\u0151pontja, helysz\u00edne:<br class=\"html-br\">2024. szeptember 12. (cs\u00fct\u00f6rt\u00f6k) 17.00 Esztergom-kertv\u00e1ros, F\u00e9ja G\u00e9za K\u00f6z\u00f6ss\u00e9gi H\u00e1z<br class=\"html-br\">2509 Esztergom-kertv\u00e1ros, Damjanich u. 70.<\/div>\n<div class=\"x11i5rnm xat24cr x1mh8g0r x1vvkbs xtlvy1s\">18. Inform\u00e1ci\u00f3, kapcsolat: fejafotos@gmail.com<\/div>\n<div><a href=\"https:\/\/www.facebook.com\/events\/982342923294927\/\" target=\"_blank\" rel=\"noopener\"><span style=\"text-decoration: underline; color: #0000ff;\"><strong>Facebook esem\u00e9ny&gt;&gt;<\/strong><\/span><\/a><\/div>\n<div><em>Forr\u00e1s: F\u00e9ja G\u00e9za K\u00f6z\u00f6ss\u00e9gi H\u00e1z<\/em><\/div>\n","protected":false},"excerpt":{"rendered":"<p>Az esztergom-kertv\u00e1rosi F\u00e9ja G\u00e9za K\u00f6z\u00f6ss\u00e9gi H\u00e1z 2024-ben XIV. alkalommal hirdeti meg a Kom\u00e1rom-Esztergom V\u00e1rmegyei Fot\u00f3p\u00e1ly\u00e1zatot. Jelentkez\u00e9si hat\u00e1rid\u0151 \u00e9s a munk\u00e1k elk\u00fcld\u00e9s\u00e9nek hat\u00e1rideje: 2024. j\u00falius 14. A p\u00e1ly\u00e1zat v\u00e9dn\u00f6ke: Popovics Gy\u00f6rgy, a Kom\u00e1rom-Esztergom V\u00e1rmegyei K\u00f6zgy\u0171l\u00e9s eln\u00f6ke A p\u00e1ly\u00e1zat c\u00e9lja: vizu\u00e1lis seregszemle A p\u00e1ly\u00e1zat kateg\u00f3ri\u00e1i: A. Szabad t\u00e9m\u00e1j\u00fa fekete-feh\u00e9r Enged\u00e9lyezett: b\u00e1rmilyen kreat\u00edv k\u00e9pm\u00f3dos\u00edt\u00e1s B. Szabad t\u00e9m\u00e1j\u00fa sz\u00ednes<\/p>\n","protected":false},"author":1,"featured_media":61856,"comment_status":"closed","ping_status":"closed","sticky":false,"template":"","format":"standard","meta":{"ngg_post_thumbnail":0,"footnotes":""},"categories":[7,3,56],"tags":[169,1009,6890],"class_list":{"0":"post-61855","1":"post","2":"type-post","3":"status-publish","4":"format-standard","5":"has-post-thumbnail","7":"category-esztergom_kertvaros","8":"category-hirek","9":"category-komarom-esztergom","10":"tag-esztergom-kertvaros","11":"tag-fotopalyazat","12":"tag-komarom-esztergom-varmegye"},"yoast_head":"<!-- This site is optimized with the Yoast SEO plugin v27.4 - https:\/\/yoast.com\/product\/yoast-seo-wordpress\/ -->\n<title>XIV. alkalommal hirdetik meg a Kom\u00e1rom-Esztergom V\u00e1rmegyei Fot\u00f3p\u00e1ly\u00e1zatot<\/title>\n<meta name=\"robots\" content=\"index, follow, max-snippet:-1, max-image-preview:large, max-video-preview:-1\" \/>\n<link rel=\"canonical\" href=\"https:\/\/dorogimedence.hu\/index.php\/2024\/05\/10\/xiv-alkalommal-hirdetik-meg-a-komarom-esztergom-varmegyei-fotopalyazatot\/\" class=\"yoast-seo-meta-tag\" \/>\n<meta property=\"og:locale\" content=\"hu_HU\" class=\"yoast-seo-meta-tag\" \/>\n<meta property=\"og:type\" content=\"article\" class=\"yoast-seo-meta-tag\" \/>\n<meta property=\"og:title\" content=\"XIV. alkalommal hirdetik meg a Kom\u00e1rom-Esztergom V\u00e1rmegyei Fot\u00f3p\u00e1ly\u00e1zatot\" class=\"yoast-seo-meta-tag\" \/>\n<meta property=\"og:description\" content=\"Az esztergom-kertv\u00e1rosi F\u00e9ja G\u00e9za K\u00f6z\u00f6ss\u00e9gi H\u00e1z 2024-ben XIV. alkalommal hirdeti meg a Kom\u00e1rom-Esztergom V\u00e1rmegyei Fot\u00f3p\u00e1ly\u00e1zatot. Jelentkez\u00e9si hat\u00e1rid\u0151 \u00e9s a munk\u00e1k elk\u00fcld\u00e9s\u00e9nek hat\u00e1rideje: 2024. j\u00falius 14. A p\u00e1ly\u00e1zat v\u00e9dn\u00f6ke: Popovics Gy\u00f6rgy, a Kom\u00e1rom-Esztergom V\u00e1rmegyei K\u00f6zgy\u0171l\u00e9s eln\u00f6ke A p\u00e1ly\u00e1zat c\u00e9lja: vizu\u00e1lis seregszemle A p\u00e1ly\u00e1zat kateg\u00f3ri\u00e1i: A. Szabad t\u00e9m\u00e1j\u00fa fekete-feh\u00e9r Enged\u00e9lyezett: b\u00e1rmilyen kreat\u00edv k\u00e9pm\u00f3dos\u00edt\u00e1s B. Szabad t\u00e9m\u00e1j\u00fa sz\u00ednes\" class=\"yoast-seo-meta-tag\" \/>\n<meta property=\"og:url\" content=\"https:\/\/dorogimedence.hu\/index.php\/2024\/05\/10\/xiv-alkalommal-hirdetik-meg-a-komarom-esztergom-varmegyei-fotopalyazatot\/\" class=\"yoast-seo-meta-tag\" \/>\n<meta property=\"og:site_name\" content=\"Dorogi-medence Region\u00e1lis H\u00edrport\u00e1l\" class=\"yoast-seo-meta-tag\" \/>\n<meta property=\"article:publisher\" content=\"https:\/\/www.facebook.com\/dorogimedence\/\" class=\"yoast-seo-meta-tag\" \/>\n<meta property=\"article:published_time\" content=\"2024-05-10T09:27:00+00:00\" class=\"yoast-seo-meta-tag\" \/>\n<meta property=\"og:image\" content=\"https:\/\/dorogimedence.hu\/wp-content\/uploads\/2024\/05\/pexels-wdnet-212372.jpg\" class=\"yoast-seo-meta-tag\" \/>\n\t<meta property=\"og:image:width\" content=\"1920\" class=\"yoast-seo-meta-tag\" \/>\n\t<meta property=\"og:image:height\" content=\"1280\" class=\"yoast-seo-meta-tag\" \/>\n\t<meta property=\"og:image:type\" content=\"image\/jpeg\" class=\"yoast-seo-meta-tag\" \/>\n<meta name=\"author\" content=\"dorogimedence.hu\" class=\"yoast-seo-meta-tag\" \/>\n<meta name=\"twitter:card\" content=\"summary_large_image\" class=\"yoast-seo-meta-tag\" \/>\n<meta name=\"twitter:label1\" content=\"Szerz\u0151:\" class=\"yoast-seo-meta-tag\" \/>\n\t<meta name=\"twitter:data1\" content=\"dorogimedence.hu\" class=\"yoast-seo-meta-tag\" \/>\n\t<meta name=\"twitter:label2\" content=\"Becs\u00fclt olvas\u00e1si id\u0151\" class=\"yoast-seo-meta-tag\" \/>\n\t<meta name=\"twitter:data2\" content=\"6 perc\" class=\"yoast-seo-meta-tag\" \/>\n<script type=\"application\/ld+json\" class=\"yoast-schema-graph\">{\"@context\":\"https:\\\/\\\/schema.org\",\"@graph\":[{\"@type\":\"Article\",\"@id\":\"https:\\\/\\\/dorogimedence.hu\\\/index.php\\\/2024\\\/05\\\/10\\\/xiv-alkalommal-hirdetik-meg-a-komarom-esztergom-varmegyei-fotopalyazatot\\\/#article\",\"isPartOf\":{\"@id\":\"https:\\\/\\\/dorogimedence.hu\\\/index.php\\\/2024\\\/05\\\/10\\\/xiv-alkalommal-hirdetik-meg-a-komarom-esztergom-varmegyei-fotopalyazatot\\\/\"},\"author\":{\"name\":\"dorogimedence.hu\",\"@id\":\"https:\\\/\\\/dorogimedence.hu\\\/#\\\/schema\\\/person\\\/ce6091eeb7e95ecdc87890d6aa8e0fd4\"},\"headline\":\"XIV. alkalommal hirdetik meg a Kom\u00e1rom-Esztergom V\u00e1rmegyei Fot\u00f3p\u00e1ly\u00e1zatot\",\"datePublished\":\"2024-05-10T09:27:00+00:00\",\"mainEntityOfPage\":{\"@id\":\"https:\\\/\\\/dorogimedence.hu\\\/index.php\\\/2024\\\/05\\\/10\\\/xiv-alkalommal-hirdetik-meg-a-komarom-esztergom-varmegyei-fotopalyazatot\\\/\"},\"wordCount\":1279,\"publisher\":{\"@id\":\"https:\\\/\\\/dorogimedence.hu\\\/#organization\"},\"image\":{\"@id\":\"https:\\\/\\\/dorogimedence.hu\\\/index.php\\\/2024\\\/05\\\/10\\\/xiv-alkalommal-hirdetik-meg-a-komarom-esztergom-varmegyei-fotopalyazatot\\\/#primaryimage\"},\"thumbnailUrl\":\"https:\\\/\\\/dorogimedence.hu\\\/wp-content\\\/uploads\\\/2024\\\/05\\\/pexels-wdnet-212372.jpg\",\"keywords\":[\"Esztergom-kertv\u00e1ros\",\"fot\u00f3p\u00e1ly\u00e1zat\",\"Kom\u00e1rom-Esztergom v\u00e1rmegye\"],\"articleSection\":[\"Esztergom-kertv\u00e1ros\",\"H\u00edrek\",\"Kom\u00e1rom-Esztergom\"],\"inLanguage\":\"hu\"},{\"@type\":\"WebPage\",\"@id\":\"https:\\\/\\\/dorogimedence.hu\\\/index.php\\\/2024\\\/05\\\/10\\\/xiv-alkalommal-hirdetik-meg-a-komarom-esztergom-varmegyei-fotopalyazatot\\\/\",\"url\":\"https:\\\/\\\/dorogimedence.hu\\\/index.php\\\/2024\\\/05\\\/10\\\/xiv-alkalommal-hirdetik-meg-a-komarom-esztergom-varmegyei-fotopalyazatot\\\/\",\"name\":\"XIV. alkalommal hirdetik meg a Kom\u00e1rom-Esztergom V\u00e1rmegyei Fot\u00f3p\u00e1ly\u00e1zatot\",\"isPartOf\":{\"@id\":\"https:\\\/\\\/dorogimedence.hu\\\/#website\"},\"primaryImageOfPage\":{\"@id\":\"https:\\\/\\\/dorogimedence.hu\\\/index.php\\\/2024\\\/05\\\/10\\\/xiv-alkalommal-hirdetik-meg-a-komarom-esztergom-varmegyei-fotopalyazatot\\\/#primaryimage\"},\"image\":{\"@id\":\"https:\\\/\\\/dorogimedence.hu\\\/index.php\\\/2024\\\/05\\\/10\\\/xiv-alkalommal-hirdetik-meg-a-komarom-esztergom-varmegyei-fotopalyazatot\\\/#primaryimage\"},\"thumbnailUrl\":\"https:\\\/\\\/dorogimedence.hu\\\/wp-content\\\/uploads\\\/2024\\\/05\\\/pexels-wdnet-212372.jpg\",\"datePublished\":\"2024-05-10T09:27:00+00:00\",\"breadcrumb\":{\"@id\":\"https:\\\/\\\/dorogimedence.hu\\\/index.php\\\/2024\\\/05\\\/10\\\/xiv-alkalommal-hirdetik-meg-a-komarom-esztergom-varmegyei-fotopalyazatot\\\/#breadcrumb\"},\"inLanguage\":\"hu\",\"potentialAction\":[{\"@type\":\"ReadAction\",\"target\":[\"https:\\\/\\\/dorogimedence.hu\\\/index.php\\\/2024\\\/05\\\/10\\\/xiv-alkalommal-hirdetik-meg-a-komarom-esztergom-varmegyei-fotopalyazatot\\\/\"]}]},{\"@type\":\"ImageObject\",\"inLanguage\":\"hu\",\"@id\":\"https:\\\/\\\/dorogimedence.hu\\\/index.php\\\/2024\\\/05\\\/10\\\/xiv-alkalommal-hirdetik-meg-a-komarom-esztergom-varmegyei-fotopalyazatot\\\/#primaryimage\",\"url\":\"https:\\\/\\\/dorogimedence.hu\\\/wp-content\\\/uploads\\\/2024\\\/05\\\/pexels-wdnet-212372.jpg\",\"contentUrl\":\"https:\\\/\\\/dorogimedence.hu\\\/wp-content\\\/uploads\\\/2024\\\/05\\\/pexels-wdnet-212372.jpg\",\"width\":1920,\"height\":1280},{\"@type\":\"BreadcrumbList\",\"@id\":\"https:\\\/\\\/dorogimedence.hu\\\/index.php\\\/2024\\\/05\\\/10\\\/xiv-alkalommal-hirdetik-meg-a-komarom-esztergom-varmegyei-fotopalyazatot\\\/#breadcrumb\",\"itemListElement\":[{\"@type\":\"ListItem\",\"position\":1,\"name\":\"Kezd\u0151lap\",\"item\":\"https:\\\/\\\/dorogimedence.hu\\\/\"},{\"@type\":\"ListItem\",\"position\":2,\"name\":\"XIV. alkalommal hirdetik meg a Kom\u00e1rom-Esztergom V\u00e1rmegyei Fot\u00f3p\u00e1ly\u00e1zatot\"}]},{\"@type\":\"WebSite\",\"@id\":\"https:\\\/\\\/dorogimedence.hu\\\/#website\",\"url\":\"https:\\\/\\\/dorogimedence.hu\\\/\",\"name\":\"Dorogi-medence Region\u00e1lis H\u00edrport\u00e1l\",\"description\":\"Dorog, Keszt\u00f6lc, Le\u00e1nyv\u00e1r, Piliscs\u00e9v, Tokod, Tokodalt\u00e1r\u00f3, Csolnok, Esztergom-kertv\u00e1ros: h\u00edrek, programok\",\"publisher\":{\"@id\":\"https:\\\/\\\/dorogimedence.hu\\\/#organization\"},\"potentialAction\":[{\"@type\":\"SearchAction\",\"target\":{\"@type\":\"EntryPoint\",\"urlTemplate\":\"https:\\\/\\\/dorogimedence.hu\\\/?s={search_term_string}\"},\"query-input\":{\"@type\":\"PropertyValueSpecification\",\"valueRequired\":true,\"valueName\":\"search_term_string\"}}],\"inLanguage\":\"hu\"},{\"@type\":\"Organization\",\"@id\":\"https:\\\/\\\/dorogimedence.hu\\\/#organization\",\"name\":\"Dorogi-medence Region\u00e1lis H\u00edrport\u00e1l\",\"url\":\"https:\\\/\\\/dorogimedence.hu\\\/\",\"logo\":{\"@type\":\"ImageObject\",\"inLanguage\":\"hu\",\"@id\":\"https:\\\/\\\/dorogimedence.hu\\\/#\\\/schema\\\/logo\\\/image\\\/\",\"url\":\"https:\\\/\\\/dorogimedence.hu\\\/wp-content\\\/uploads\\\/2021\\\/04\\\/logo-feher-600.png\",\"contentUrl\":\"https:\\\/\\\/dorogimedence.hu\\\/wp-content\\\/uploads\\\/2021\\\/04\\\/logo-feher-600.png\",\"width\":600,\"height\":100,\"caption\":\"Dorogi-medence Region\u00e1lis H\u00edrport\u00e1l\"},\"image\":{\"@id\":\"https:\\\/\\\/dorogimedence.hu\\\/#\\\/schema\\\/logo\\\/image\\\/\"},\"sameAs\":[\"https:\\\/\\\/www.facebook.com\\\/dorogimedence\\\/\"]},{\"@type\":\"Person\",\"@id\":\"https:\\\/\\\/dorogimedence.hu\\\/#\\\/schema\\\/person\\\/ce6091eeb7e95ecdc87890d6aa8e0fd4\",\"name\":\"dorogimedence.hu\",\"image\":{\"@type\":\"ImageObject\",\"inLanguage\":\"hu\",\"@id\":\"\\\/\\\/www.gravatar.com\\\/avatar\\\/d8d45f8901aadff40a4af72c0b826f1d?s=96&#038;r=g&#038;d=mm\",\"url\":\"\\\/\\\/www.gravatar.com\\\/avatar\\\/d8d45f8901aadff40a4af72c0b826f1d?s=96&#038;r=g&#038;d=mm\",\"contentUrl\":\"\\\/\\\/www.gravatar.com\\\/avatar\\\/d8d45f8901aadff40a4af72c0b826f1d?s=96&#038;r=g&#038;d=mm\",\"caption\":\"dorogimedence.hu\"}}]}<\/script>\n<!-- \/ Yoast SEO plugin. -->","yoast_head_json":{"title":"XIV. alkalommal hirdetik meg a Kom\u00e1rom-Esztergom V\u00e1rmegyei Fot\u00f3p\u00e1ly\u00e1zatot","robots":{"index":"index","follow":"follow","max-snippet":"max-snippet:-1","max-image-preview":"max-image-preview:large","max-video-preview":"max-video-preview:-1"},"canonical":"https:\/\/dorogimedence.hu\/index.php\/2024\/05\/10\/xiv-alkalommal-hirdetik-meg-a-komarom-esztergom-varmegyei-fotopalyazatot\/","og_locale":"hu_HU","og_type":"article","og_title":"XIV. alkalommal hirdetik meg a Kom\u00e1rom-Esztergom V\u00e1rmegyei Fot\u00f3p\u00e1ly\u00e1zatot","og_description":"Az esztergom-kertv\u00e1rosi F\u00e9ja G\u00e9za K\u00f6z\u00f6ss\u00e9gi H\u00e1z 2024-ben XIV. alkalommal hirdeti meg a Kom\u00e1rom-Esztergom V\u00e1rmegyei Fot\u00f3p\u00e1ly\u00e1zatot. Jelentkez\u00e9si hat\u00e1rid\u0151 \u00e9s a munk\u00e1k elk\u00fcld\u00e9s\u00e9nek hat\u00e1rideje: 2024. j\u00falius 14. A p\u00e1ly\u00e1zat v\u00e9dn\u00f6ke: Popovics Gy\u00f6rgy, a Kom\u00e1rom-Esztergom V\u00e1rmegyei K\u00f6zgy\u0171l\u00e9s eln\u00f6ke A p\u00e1ly\u00e1zat c\u00e9lja: vizu\u00e1lis seregszemle A p\u00e1ly\u00e1zat kateg\u00f3ri\u00e1i: A. Szabad t\u00e9m\u00e1j\u00fa fekete-feh\u00e9r Enged\u00e9lyezett: b\u00e1rmilyen kreat\u00edv k\u00e9pm\u00f3dos\u00edt\u00e1s B. Szabad t\u00e9m\u00e1j\u00fa sz\u00ednes","og_url":"https:\/\/dorogimedence.hu\/index.php\/2024\/05\/10\/xiv-alkalommal-hirdetik-meg-a-komarom-esztergom-varmegyei-fotopalyazatot\/","og_site_name":"Dorogi-medence Region\u00e1lis H\u00edrport\u00e1l","article_publisher":"https:\/\/www.facebook.com\/dorogimedence\/","article_published_time":"2024-05-10T09:27:00+00:00","og_image":[{"width":1920,"height":1280,"url":"https:\/\/dorogimedence.hu\/wp-content\/uploads\/2024\/05\/pexels-wdnet-212372.jpg","type":"image\/jpeg"}],"author":"dorogimedence.hu","twitter_card":"summary_large_image","twitter_misc":{"Szerz\u0151:":"dorogimedence.hu","Becs\u00fclt olvas\u00e1si id\u0151":"6 perc"},"schema":{"@context":"https:\/\/schema.org","@graph":[{"@type":"Article","@id":"https:\/\/dorogimedence.hu\/index.php\/2024\/05\/10\/xiv-alkalommal-hirdetik-meg-a-komarom-esztergom-varmegyei-fotopalyazatot\/#article","isPartOf":{"@id":"https:\/\/dorogimedence.hu\/index.php\/2024\/05\/10\/xiv-alkalommal-hirdetik-meg-a-komarom-esztergom-varmegyei-fotopalyazatot\/"},"author":{"name":"dorogimedence.hu","@id":"https:\/\/dorogimedence.hu\/#\/schema\/person\/ce6091eeb7e95ecdc87890d6aa8e0fd4"},"headline":"XIV. alkalommal hirdetik meg a Kom\u00e1rom-Esztergom V\u00e1rmegyei Fot\u00f3p\u00e1ly\u00e1zatot","datePublished":"2024-05-10T09:27:00+00:00","mainEntityOfPage":{"@id":"https:\/\/dorogimedence.hu\/index.php\/2024\/05\/10\/xiv-alkalommal-hirdetik-meg-a-komarom-esztergom-varmegyei-fotopalyazatot\/"},"wordCount":1279,"publisher":{"@id":"https:\/\/dorogimedence.hu\/#organization"},"image":{"@id":"https:\/\/dorogimedence.hu\/index.php\/2024\/05\/10\/xiv-alkalommal-hirdetik-meg-a-komarom-esztergom-varmegyei-fotopalyazatot\/#primaryimage"},"thumbnailUrl":"https:\/\/dorogimedence.hu\/wp-content\/uploads\/2024\/05\/pexels-wdnet-212372.jpg","keywords":["Esztergom-kertv\u00e1ros","fot\u00f3p\u00e1ly\u00e1zat","Kom\u00e1rom-Esztergom v\u00e1rmegye"],"articleSection":["Esztergom-kertv\u00e1ros","H\u00edrek","Kom\u00e1rom-Esztergom"],"inLanguage":"hu"},{"@type":"WebPage","@id":"https:\/\/dorogimedence.hu\/index.php\/2024\/05\/10\/xiv-alkalommal-hirdetik-meg-a-komarom-esztergom-varmegyei-fotopalyazatot\/","url":"https:\/\/dorogimedence.hu\/index.php\/2024\/05\/10\/xiv-alkalommal-hirdetik-meg-a-komarom-esztergom-varmegyei-fotopalyazatot\/","name":"XIV. alkalommal hirdetik meg a Kom\u00e1rom-Esztergom V\u00e1rmegyei Fot\u00f3p\u00e1ly\u00e1zatot","isPartOf":{"@id":"https:\/\/dorogimedence.hu\/#website"},"primaryImageOfPage":{"@id":"https:\/\/dorogimedence.hu\/index.php\/2024\/05\/10\/xiv-alkalommal-hirdetik-meg-a-komarom-esztergom-varmegyei-fotopalyazatot\/#primaryimage"},"image":{"@id":"https:\/\/dorogimedence.hu\/index.php\/2024\/05\/10\/xiv-alkalommal-hirdetik-meg-a-komarom-esztergom-varmegyei-fotopalyazatot\/#primaryimage"},"thumbnailUrl":"https:\/\/dorogimedence.hu\/wp-content\/uploads\/2024\/05\/pexels-wdnet-212372.jpg","datePublished":"2024-05-10T09:27:00+00:00","breadcrumb":{"@id":"https:\/\/dorogimedence.hu\/index.php\/2024\/05\/10\/xiv-alkalommal-hirdetik-meg-a-komarom-esztergom-varmegyei-fotopalyazatot\/#breadcrumb"},"inLanguage":"hu","potentialAction":[{"@type":"ReadAction","target":["https:\/\/dorogimedence.hu\/index.php\/2024\/05\/10\/xiv-alkalommal-hirdetik-meg-a-komarom-esztergom-varmegyei-fotopalyazatot\/"]}]},{"@type":"ImageObject","inLanguage":"hu","@id":"https:\/\/dorogimedence.hu\/index.php\/2024\/05\/10\/xiv-alkalommal-hirdetik-meg-a-komarom-esztergom-varmegyei-fotopalyazatot\/#primaryimage","url":"https:\/\/dorogimedence.hu\/wp-content\/uploads\/2024\/05\/pexels-wdnet-212372.jpg","contentUrl":"https:\/\/dorogimedence.hu\/wp-content\/uploads\/2024\/05\/pexels-wdnet-212372.jpg","width":1920,"height":1280},{"@type":"BreadcrumbList","@id":"https:\/\/dorogimedence.hu\/index.php\/2024\/05\/10\/xiv-alkalommal-hirdetik-meg-a-komarom-esztergom-varmegyei-fotopalyazatot\/#breadcrumb","itemListElement":[{"@type":"ListItem","position":1,"name":"Kezd\u0151lap","item":"https:\/\/dorogimedence.hu\/"},{"@type":"ListItem","position":2,"name":"XIV. alkalommal hirdetik meg a Kom\u00e1rom-Esztergom V\u00e1rmegyei Fot\u00f3p\u00e1ly\u00e1zatot"}]},{"@type":"WebSite","@id":"https:\/\/dorogimedence.hu\/#website","url":"https:\/\/dorogimedence.hu\/","name":"Dorogi-medence Region\u00e1lis H\u00edrport\u00e1l","description":"Dorog, Keszt\u00f6lc, Le\u00e1nyv\u00e1r, Piliscs\u00e9v, Tokod, Tokodalt\u00e1r\u00f3, Csolnok, Esztergom-kertv\u00e1ros: h\u00edrek, programok","publisher":{"@id":"https:\/\/dorogimedence.hu\/#organization"},"potentialAction":[{"@type":"SearchAction","target":{"@type":"EntryPoint","urlTemplate":"https:\/\/dorogimedence.hu\/?s={search_term_string}"},"query-input":{"@type":"PropertyValueSpecification","valueRequired":true,"valueName":"search_term_string"}}],"inLanguage":"hu"},{"@type":"Organization","@id":"https:\/\/dorogimedence.hu\/#organization","name":"Dorogi-medence Region\u00e1lis H\u00edrport\u00e1l","url":"https:\/\/dorogimedence.hu\/","logo":{"@type":"ImageObject","inLanguage":"hu","@id":"https:\/\/dorogimedence.hu\/#\/schema\/logo\/image\/","url":"https:\/\/dorogimedence.hu\/wp-content\/uploads\/2021\/04\/logo-feher-600.png","contentUrl":"https:\/\/dorogimedence.hu\/wp-content\/uploads\/2021\/04\/logo-feher-600.png","width":600,"height":100,"caption":"Dorogi-medence Region\u00e1lis H\u00edrport\u00e1l"},"image":{"@id":"https:\/\/dorogimedence.hu\/#\/schema\/logo\/image\/"},"sameAs":["https:\/\/www.facebook.com\/dorogimedence\/"]},{"@type":"Person","@id":"https:\/\/dorogimedence.hu\/#\/schema\/person\/ce6091eeb7e95ecdc87890d6aa8e0fd4","name":"dorogimedence.hu","image":{"@type":"ImageObject","inLanguage":"hu","@id":"\/\/www.gravatar.com\/avatar\/d8d45f8901aadff40a4af72c0b826f1d?s=96&#038;r=g&#038;d=mm","url":"\/\/www.gravatar.com\/avatar\/d8d45f8901aadff40a4af72c0b826f1d?s=96&#038;r=g&#038;d=mm","contentUrl":"\/\/www.gravatar.com\/avatar\/d8d45f8901aadff40a4af72c0b826f1d?s=96&#038;r=g&#038;d=mm","caption":"dorogimedence.hu"}}]}},"_links":{"self":[{"href":"https:\/\/dorogimedence.hu\/index.php\/wp-json\/wp\/v2\/posts\/61855","targetHints":{"allow":["GET"]}}],"collection":[{"href":"https:\/\/dorogimedence.hu\/index.php\/wp-json\/wp\/v2\/posts"}],"about":[{"href":"https:\/\/dorogimedence.hu\/index.php\/wp-json\/wp\/v2\/types\/post"}],"author":[{"embeddable":true,"href":"https:\/\/dorogimedence.hu\/index.php\/wp-json\/wp\/v2\/users\/1"}],"replies":[{"embeddable":true,"href":"https:\/\/dorogimedence.hu\/index.php\/wp-json\/wp\/v2\/comments?post=61855"}],"version-history":[{"count":0,"href":"https:\/\/dorogimedence.hu\/index.php\/wp-json\/wp\/v2\/posts\/61855\/revisions"}],"wp:featuredmedia":[{"embeddable":true,"href":"https:\/\/dorogimedence.hu\/index.php\/wp-json\/wp\/v2\/media\/61856"}],"wp:attachment":[{"href":"https:\/\/dorogimedence.hu\/index.php\/wp-json\/wp\/v2\/media?parent=61855"}],"wp:term":[{"taxonomy":"category","embeddable":true,"href":"https:\/\/dorogimedence.hu\/index.php\/wp-json\/wp\/v2\/categories?post=61855"},{"taxonomy":"post_tag","embeddable":true,"href":"https:\/\/dorogimedence.hu\/index.php\/wp-json\/wp\/v2\/tags?post=61855"}],"curies":[{"name":"wp","href":"https:\/\/api.w.org\/{rel}","templated":true}]}}