{"id":61752,"date":"2024-05-07T09:13:27","date_gmt":"2024-05-07T07:13:27","guid":{"rendered":"https:\/\/dorogimedence.hu\/?p=61752"},"modified":"2024-05-07T09:13:27","modified_gmt":"2024-05-07T07:13:27","slug":"egymillio-euros-komplex-fejlesztes-indulhat-az-esztergomi-varmuzeumban","status":"publish","type":"post","link":"https:\/\/dorogimedence.hu\/index.php\/2024\/05\/07\/egymillio-euros-komplex-fejlesztes-indulhat-az-esztergomi-varmuzeumban\/","title":{"rendered":"Egymilli\u00f3 eur\u00f3s, komplex fejleszt\u00e9s indulhat az Esztergomi V\u00e1rm\u00fazeumban"},"content":{"rendered":"<div class=\"lead\"><strong>A Magyar Nemzeti M\u00fazeum sikeresen p\u00e1ly\u00e1zott az INTERREG program keret\u00e9ben, \u00edgy a zsel\u00edzi Esterh\u00e1zy-kast\u00e9llyal k\u00f6z\u00f6sen t\u00f6bb mint k\u00e9tmilli\u00f3 eur\u00f3t ford\u00edthat turisztikai fejleszt\u00e9sre, amelyb\u0151l az Eur\u00f3pai Fejleszt\u00e9si Alap t\u00f6bb mint m\u00e1sf\u00e9l milli\u00f3 eur\u00f3val t\u00e1mogatja a projekt megval\u00f3s\u00edt\u00e1s\u00e1t<\/strong> <em>&#8211; tudta meg a turizmus.com<\/em><\/div>\n<div>\n<p>A projekt kiemelt c\u00e9lja az Esztergomi V\u00e1rm\u00fazeum fejleszt\u00e9se, a megromlott \u00e1llapot\u00fa v\u00e1rfal rekonstrukci\u00f3ja szakszer\u0171 szigetel\u00e9s \u00e9s v\u00edzelvezet\u00e9s megold\u00e1s\u00e1val, valamint a v\u00e9lhet\u0151en Botticelli \u00e1ltal festett \u201eEr\u00e9nyek\u201d fresk\u00f3kkal d\u00edsz\u00edtett Studiolo megnyit\u00e1sa \u00e9s m\u00fazeumi bemutat\u00e1sa. <span class=\"kiemelt-szoveg\">A komplex fejleszt\u00e9s eredm\u00e9nye lesz egy, a v\u00e1r 16 helyis\u00e9g\u00e9t \u00e9rint\u0151 \u00faj, egy\u00f3r\u00e1s k\u00f6rt\u00fara is a leg\u00fajabb 3D-s \u00e9s virtu\u00e1lis tartalmakat alkalmaz\u00f3 elemekkel, a l\u00e1togat\u00f3k ig\u00e9nyeit hangs\u00falyozottan figyelembe vev\u0151 tartalmakkal \u00e9s t\u00e9rkialak\u00edt\u00e1ssal.<\/span>A fejleszt\u00e9s \u00e9rt\u00e9ke k\u00f6zel egymilli\u00f3 eur\u00f3.<\/p>\n<p>A projekt m\u00e1sik r\u00e9sze a zsel\u00edzi Esterh\u00e1zy-kast\u00e9ly fel\u00faj\u00edt\u00e1s\u00e1nak folytat\u00e1sa, melynek k\u00f6sz\u00f6nhet\u0151en a helyis\u00e9gek m\u00e1r teljes k\u00f6r\u0171 kultur\u00e1lis \u00e9s oktat\u00e1si k\u00f6zpontk\u00e9nt funkcion\u00e1lhatnak. A t\u00e1mogat\u00e1sb\u00f3l az Esterh\u00e1zy-kast\u00e9ly d\u00e9lkeleti r\u00e9sze is meg\u00fajulhat, ennek tervezett \u00f6sszk\u00f6lts\u00e9ge 950 ezer eur\u00f3, a p\u00e1ly\u00e1zatb\u00f3l 640 ezer eur\u00f3 ford\u00edthat\u00f3 a fel\u00faj\u00edt\u00e1sra.<\/p>\n<p>A projekt keret\u00e9ben a partnerek t\u00e1gabb egy\u00fcttm\u0171k\u00f6d\u00e9s mellett d\u00f6nt\u00f6ttek \u00e9s partnerk\u00e9nt a Szent Jakab-templomot \u00fczemeltet\u0151 katolikus egyh\u00e1z is r\u00e9szt vesz majd a megval\u00f3s\u00edt\u00e1sban.<\/p>\n<p>Az egy\u00fcttm\u0171k\u00f6d\u00e9s r\u00e9sze az is, hogy a zsel\u00edzi kast\u00e9lyban kialak\u00edtani k\u00edv\u00e1nt szolg\u00e1ltat\u00e1sok\u00e9rt felel\u0151s szakembereket a projekt megval\u00f3s\u00edt\u00e1sa sor\u00e1n a Magyar Nemzeti M\u00fazeum k\u00e9pz\u00e9sben r\u00e9szes\u00edti. A Szent Jakab-templom r\u00e9g\u00e9szeti felt\u00e1r\u00e1s\u00e1t, valamint megnyit\u00e1s\u00e1t a nagyk\u00f6z\u00f6ns\u00e9g el\u0151tt az MNM \u00e9s a k\u00f6lts\u00e9gvet\u00e9s n\u00e9lk\u00fcli partnerszervezetek szakemberei fogj\u00e1k v\u00e9gezni.<\/p>\n<p>Zsel\u00edz v\u00e1ros \u00f6nkorm\u00e1nyzata a Norv\u00e9g alapos projekt rendezv\u00e9nyeinek lebonyol\u00edt\u00e1sa sor\u00e1n szerzett tapasztalatait \u00e9s tud\u00e1s\u00e1t fogja \u00e1tadni az MNM-nek a projekt megval\u00f3s\u00edt\u00e1sa folyam\u00e1n. A folyamatos k\u00f6lcs\u00f6n\u00f6s tud\u00e1smegoszt\u00e1s \u00e9s kultur\u00e1lis csereprogram biztos\u00edtj\u00e1k az \u00e9p\u00fcletek hossz\u00fa t\u00e1v\u00fa fenntart\u00e1s\u00e1t \u2013 k\u00f6z\u00f6lte a Magyar Nemzeti M\u00fazeum.<\/p>\n<p>A Magyar Nemzeti M\u00fazeum \u00e9s Zsel\u00edz v\u00e1ros \u00f6nkorm\u00e1nyzata nem el\u0151sz\u00f6r p\u00e1ly\u00e1zik k\u00f6z\u00f6sen: kor\u00e1bban a kast\u00e9ly a Nemzeti M\u00fazeum egy m\u00e1sik tagint\u00e9zm\u00e9ny\u00e9vel, a Balassa B\u00e1lint M\u00fazeummal k\u00f6z\u00f6sen nyert \u00e9s val\u00f3s\u00edtott meg sikeresen turisztikai fejleszt\u00e9st.<\/p>\n<p><em>Forr\u00e1s: turizmus.com<\/em><br \/>\n<em>Bor\u00edt\u00f3k\u00e9p: visitesztergom.hu<\/em><\/p>\n<\/div>\n","protected":false},"excerpt":{"rendered":"<p>A Magyar Nemzeti M\u00fazeum sikeresen p\u00e1ly\u00e1zott az INTERREG program keret\u00e9ben, \u00edgy a zsel\u00edzi Esterh\u00e1zy-kast\u00e9llyal k\u00f6z\u00f6sen t\u00f6bb mint k\u00e9tmilli\u00f3 eur\u00f3t ford\u00edthat turisztikai fejleszt\u00e9sre, amelyb\u0151l az Eur\u00f3pai Fejleszt\u00e9si Alap t\u00f6bb mint m\u00e1sf\u00e9l milli\u00f3 eur\u00f3val t\u00e1mogatja a projekt megval\u00f3s\u00edt\u00e1s\u00e1t &#8211; tudta meg a turizmus.com A projekt kiemelt c\u00e9lja az Esztergomi V\u00e1rm\u00fazeum fejleszt\u00e9se, a megromlott \u00e1llapot\u00fa v\u00e1rfal rekonstrukci\u00f3ja szakszer\u0171<\/p>\n","protected":false},"author":1,"featured_media":61753,"comment_status":"closed","ping_status":"closed","sticky":false,"template":"","format":"standard","meta":{"ngg_post_thumbnail":0,"footnotes":""},"categories":[38,3],"tags":[42,5661,5624,464],"class_list":{"0":"post-61752","1":"post","2":"type-post","3":"status-publish","4":"format-standard","5":"has-post-thumbnail","7":"category-esztergom","8":"category-hirek","9":"tag-esztergom","10":"tag-esztergomi-varmuzeum","11":"tag-featured","12":"tag-felujitas"},"yoast_head":"<!-- This site is optimized with the Yoast SEO plugin v27.5 - https:\/\/yoast.com\/product\/yoast-seo-wordpress\/ -->\n<title>Egymilli\u00f3 eur\u00f3s, komplex fejleszt\u00e9s indulhat az Esztergomi V\u00e1rm\u00fazeumban<\/title>\n<meta name=\"robots\" content=\"index, follow, max-snippet:-1, max-image-preview:large, max-video-preview:-1\" \/>\n<link rel=\"canonical\" href=\"https:\/\/dorogimedence.hu\/index.php\/2024\/05\/07\/egymillio-euros-komplex-fejlesztes-indulhat-az-esztergomi-varmuzeumban\/\" class=\"yoast-seo-meta-tag\" \/>\n<meta property=\"og:locale\" content=\"hu_HU\" class=\"yoast-seo-meta-tag\" \/>\n<meta property=\"og:type\" content=\"article\" class=\"yoast-seo-meta-tag\" \/>\n<meta property=\"og:title\" content=\"Egymilli\u00f3 eur\u00f3s, komplex fejleszt\u00e9s indulhat az Esztergomi V\u00e1rm\u00fazeumban\" class=\"yoast-seo-meta-tag\" \/>\n<meta property=\"og:description\" content=\"A Magyar Nemzeti M\u00fazeum sikeresen p\u00e1ly\u00e1zott az INTERREG program keret\u00e9ben, \u00edgy a zsel\u00edzi Esterh\u00e1zy-kast\u00e9llyal k\u00f6z\u00f6sen t\u00f6bb mint k\u00e9tmilli\u00f3 eur\u00f3t ford\u00edthat turisztikai fejleszt\u00e9sre, amelyb\u0151l az Eur\u00f3pai Fejleszt\u00e9si Alap t\u00f6bb mint m\u00e1sf\u00e9l milli\u00f3 eur\u00f3val t\u00e1mogatja a projekt megval\u00f3s\u00edt\u00e1s\u00e1t &#8211; tudta meg a turizmus.com A projekt kiemelt c\u00e9lja az Esztergomi V\u00e1rm\u00fazeum fejleszt\u00e9se, a megromlott \u00e1llapot\u00fa v\u00e1rfal rekonstrukci\u00f3ja szakszer\u0171\" class=\"yoast-seo-meta-tag\" \/>\n<meta property=\"og:url\" content=\"https:\/\/dorogimedence.hu\/index.php\/2024\/05\/07\/egymillio-euros-komplex-fejlesztes-indulhat-az-esztergomi-varmuzeumban\/\" class=\"yoast-seo-meta-tag\" \/>\n<meta property=\"og:site_name\" content=\"Dorogi-medence Region\u00e1lis H\u00edrport\u00e1l\" class=\"yoast-seo-meta-tag\" \/>\n<meta property=\"article:publisher\" content=\"https:\/\/www.facebook.com\/dorogimedence\/\" class=\"yoast-seo-meta-tag\" \/>\n<meta property=\"article:published_time\" content=\"2024-05-07T07:13:27+00:00\" class=\"yoast-seo-meta-tag\" \/>\n<meta property=\"og:image\" content=\"https:\/\/dorogimedence.hu\/wp-content\/uploads\/2024\/05\/esztergomi-var.jpg\" class=\"yoast-seo-meta-tag\" \/>\n\t<meta property=\"og:image:width\" content=\"1920\" class=\"yoast-seo-meta-tag\" \/>\n\t<meta property=\"og:image:height\" content=\"970\" class=\"yoast-seo-meta-tag\" \/>\n\t<meta property=\"og:image:type\" content=\"image\/jpeg\" class=\"yoast-seo-meta-tag\" \/>\n<meta name=\"author\" content=\"dorogimedence.hu\" class=\"yoast-seo-meta-tag\" \/>\n<meta name=\"twitter:card\" content=\"summary_large_image\" class=\"yoast-seo-meta-tag\" \/>\n<meta name=\"twitter:label1\" content=\"Szerz\u0151:\" class=\"yoast-seo-meta-tag\" \/>\n\t<meta name=\"twitter:data1\" content=\"dorogimedence.hu\" class=\"yoast-seo-meta-tag\" \/>\n\t<meta name=\"twitter:label2\" content=\"Becs\u00fclt olvas\u00e1si id\u0151\" class=\"yoast-seo-meta-tag\" \/>\n\t<meta name=\"twitter:data2\" content=\"3 perc\" class=\"yoast-seo-meta-tag\" \/>\n<script type=\"application\/ld+json\" class=\"yoast-schema-graph\">{\"@context\":\"https:\\\/\\\/schema.org\",\"@graph\":[{\"@type\":\"Article\",\"@id\":\"https:\\\/\\\/dorogimedence.hu\\\/index.php\\\/2024\\\/05\\\/07\\\/egymillio-euros-komplex-fejlesztes-indulhat-az-esztergomi-varmuzeumban\\\/#article\",\"isPartOf\":{\"@id\":\"https:\\\/\\\/dorogimedence.hu\\\/index.php\\\/2024\\\/05\\\/07\\\/egymillio-euros-komplex-fejlesztes-indulhat-az-esztergomi-varmuzeumban\\\/\"},\"author\":{\"name\":\"dorogimedence.hu\",\"@id\":\"https:\\\/\\\/dorogimedence.hu\\\/#\\\/schema\\\/person\\\/ce6091eeb7e95ecdc87890d6aa8e0fd4\"},\"headline\":\"Egymilli\u00f3 eur\u00f3s, komplex fejleszt\u00e9s indulhat az Esztergomi V\u00e1rm\u00fazeumban\",\"datePublished\":\"2024-05-07T07:13:27+00:00\",\"mainEntityOfPage\":{\"@id\":\"https:\\\/\\\/dorogimedence.hu\\\/index.php\\\/2024\\\/05\\\/07\\\/egymillio-euros-komplex-fejlesztes-indulhat-az-esztergomi-varmuzeumban\\\/\"},\"wordCount\":527,\"publisher\":{\"@id\":\"https:\\\/\\\/dorogimedence.hu\\\/#organization\"},\"image\":{\"@id\":\"https:\\\/\\\/dorogimedence.hu\\\/index.php\\\/2024\\\/05\\\/07\\\/egymillio-euros-komplex-fejlesztes-indulhat-az-esztergomi-varmuzeumban\\\/#primaryimage\"},\"thumbnailUrl\":\"https:\\\/\\\/dorogimedence.hu\\\/wp-content\\\/uploads\\\/2024\\\/05\\\/esztergomi-var.jpg\",\"keywords\":[\"esztergom\",\"Esztergomi V\u00e1rm\u00fazeum\",\"featured\",\"fel\u00faj\u00edt\u00e1s\"],\"articleSection\":[\"Esztergom\",\"H\u00edrek\"],\"inLanguage\":\"hu\"},{\"@type\":\"WebPage\",\"@id\":\"https:\\\/\\\/dorogimedence.hu\\\/index.php\\\/2024\\\/05\\\/07\\\/egymillio-euros-komplex-fejlesztes-indulhat-az-esztergomi-varmuzeumban\\\/\",\"url\":\"https:\\\/\\\/dorogimedence.hu\\\/index.php\\\/2024\\\/05\\\/07\\\/egymillio-euros-komplex-fejlesztes-indulhat-az-esztergomi-varmuzeumban\\\/\",\"name\":\"Egymilli\u00f3 eur\u00f3s, komplex fejleszt\u00e9s indulhat az Esztergomi V\u00e1rm\u00fazeumban\",\"isPartOf\":{\"@id\":\"https:\\\/\\\/dorogimedence.hu\\\/#website\"},\"primaryImageOfPage\":{\"@id\":\"https:\\\/\\\/dorogimedence.hu\\\/index.php\\\/2024\\\/05\\\/07\\\/egymillio-euros-komplex-fejlesztes-indulhat-az-esztergomi-varmuzeumban\\\/#primaryimage\"},\"image\":{\"@id\":\"https:\\\/\\\/dorogimedence.hu\\\/index.php\\\/2024\\\/05\\\/07\\\/egymillio-euros-komplex-fejlesztes-indulhat-az-esztergomi-varmuzeumban\\\/#primaryimage\"},\"thumbnailUrl\":\"https:\\\/\\\/dorogimedence.hu\\\/wp-content\\\/uploads\\\/2024\\\/05\\\/esztergomi-var.jpg\",\"datePublished\":\"2024-05-07T07:13:27+00:00\",\"breadcrumb\":{\"@id\":\"https:\\\/\\\/dorogimedence.hu\\\/index.php\\\/2024\\\/05\\\/07\\\/egymillio-euros-komplex-fejlesztes-indulhat-az-esztergomi-varmuzeumban\\\/#breadcrumb\"},\"inLanguage\":\"hu\",\"potentialAction\":[{\"@type\":\"ReadAction\",\"target\":[\"https:\\\/\\\/dorogimedence.hu\\\/index.php\\\/2024\\\/05\\\/07\\\/egymillio-euros-komplex-fejlesztes-indulhat-az-esztergomi-varmuzeumban\\\/\"]}]},{\"@type\":\"ImageObject\",\"inLanguage\":\"hu\",\"@id\":\"https:\\\/\\\/dorogimedence.hu\\\/index.php\\\/2024\\\/05\\\/07\\\/egymillio-euros-komplex-fejlesztes-indulhat-az-esztergomi-varmuzeumban\\\/#primaryimage\",\"url\":\"https:\\\/\\\/dorogimedence.hu\\\/wp-content\\\/uploads\\\/2024\\\/05\\\/esztergomi-var.jpg\",\"contentUrl\":\"https:\\\/\\\/dorogimedence.hu\\\/wp-content\\\/uploads\\\/2024\\\/05\\\/esztergomi-var.jpg\",\"width\":1920,\"height\":970},{\"@type\":\"BreadcrumbList\",\"@id\":\"https:\\\/\\\/dorogimedence.hu\\\/index.php\\\/2024\\\/05\\\/07\\\/egymillio-euros-komplex-fejlesztes-indulhat-az-esztergomi-varmuzeumban\\\/#breadcrumb\",\"itemListElement\":[{\"@type\":\"ListItem\",\"position\":1,\"name\":\"Kezd\u0151lap\",\"item\":\"https:\\\/\\\/dorogimedence.hu\\\/\"},{\"@type\":\"ListItem\",\"position\":2,\"name\":\"Egymilli\u00f3 eur\u00f3s, komplex fejleszt\u00e9s indulhat az Esztergomi V\u00e1rm\u00fazeumban\"}]},{\"@type\":\"WebSite\",\"@id\":\"https:\\\/\\\/dorogimedence.hu\\\/#website\",\"url\":\"https:\\\/\\\/dorogimedence.hu\\\/\",\"name\":\"Dorogi-medence Region\u00e1lis H\u00edrport\u00e1l\",\"description\":\"Dorog, Keszt\u00f6lc, Le\u00e1nyv\u00e1r, Piliscs\u00e9v, Tokod, Tokodalt\u00e1r\u00f3, Csolnok, Esztergom-kertv\u00e1ros: h\u00edrek, programok\",\"publisher\":{\"@id\":\"https:\\\/\\\/dorogimedence.hu\\\/#organization\"},\"potentialAction\":[{\"@type\":\"SearchAction\",\"target\":{\"@type\":\"EntryPoint\",\"urlTemplate\":\"https:\\\/\\\/dorogimedence.hu\\\/?s={search_term_string}\"},\"query-input\":{\"@type\":\"PropertyValueSpecification\",\"valueRequired\":true,\"valueName\":\"search_term_string\"}}],\"inLanguage\":\"hu\"},{\"@type\":\"Organization\",\"@id\":\"https:\\\/\\\/dorogimedence.hu\\\/#organization\",\"name\":\"Dorogi-medence Region\u00e1lis H\u00edrport\u00e1l\",\"url\":\"https:\\\/\\\/dorogimedence.hu\\\/\",\"logo\":{\"@type\":\"ImageObject\",\"inLanguage\":\"hu\",\"@id\":\"https:\\\/\\\/dorogimedence.hu\\\/#\\\/schema\\\/logo\\\/image\\\/\",\"url\":\"https:\\\/\\\/dorogimedence.hu\\\/wp-content\\\/uploads\\\/2021\\\/04\\\/logo-feher-600.png\",\"contentUrl\":\"https:\\\/\\\/dorogimedence.hu\\\/wp-content\\\/uploads\\\/2021\\\/04\\\/logo-feher-600.png\",\"width\":600,\"height\":100,\"caption\":\"Dorogi-medence Region\u00e1lis H\u00edrport\u00e1l\"},\"image\":{\"@id\":\"https:\\\/\\\/dorogimedence.hu\\\/#\\\/schema\\\/logo\\\/image\\\/\"},\"sameAs\":[\"https:\\\/\\\/www.facebook.com\\\/dorogimedence\\\/\"]},{\"@type\":\"Person\",\"@id\":\"https:\\\/\\\/dorogimedence.hu\\\/#\\\/schema\\\/person\\\/ce6091eeb7e95ecdc87890d6aa8e0fd4\",\"name\":\"dorogimedence.hu\",\"image\":{\"@type\":\"ImageObject\",\"inLanguage\":\"hu\",\"@id\":\"\\\/\\\/www.gravatar.com\\\/avatar\\\/d8d45f8901aadff40a4af72c0b826f1d?s=96&#038;r=g&#038;d=mm\",\"url\":\"\\\/\\\/www.gravatar.com\\\/avatar\\\/d8d45f8901aadff40a4af72c0b826f1d?s=96&#038;r=g&#038;d=mm\",\"contentUrl\":\"\\\/\\\/www.gravatar.com\\\/avatar\\\/d8d45f8901aadff40a4af72c0b826f1d?s=96&#038;r=g&#038;d=mm\",\"caption\":\"dorogimedence.hu\"}}]}<\/script>\n<!-- \/ Yoast SEO plugin. -->","yoast_head_json":{"title":"Egymilli\u00f3 eur\u00f3s, komplex fejleszt\u00e9s indulhat az Esztergomi V\u00e1rm\u00fazeumban","robots":{"index":"index","follow":"follow","max-snippet":"max-snippet:-1","max-image-preview":"max-image-preview:large","max-video-preview":"max-video-preview:-1"},"canonical":"https:\/\/dorogimedence.hu\/index.php\/2024\/05\/07\/egymillio-euros-komplex-fejlesztes-indulhat-az-esztergomi-varmuzeumban\/","og_locale":"hu_HU","og_type":"article","og_title":"Egymilli\u00f3 eur\u00f3s, komplex fejleszt\u00e9s indulhat az Esztergomi V\u00e1rm\u00fazeumban","og_description":"A Magyar Nemzeti M\u00fazeum sikeresen p\u00e1ly\u00e1zott az INTERREG program keret\u00e9ben, \u00edgy a zsel\u00edzi Esterh\u00e1zy-kast\u00e9llyal k\u00f6z\u00f6sen t\u00f6bb mint k\u00e9tmilli\u00f3 eur\u00f3t ford\u00edthat turisztikai fejleszt\u00e9sre, amelyb\u0151l az Eur\u00f3pai Fejleszt\u00e9si Alap t\u00f6bb mint m\u00e1sf\u00e9l milli\u00f3 eur\u00f3val t\u00e1mogatja a projekt megval\u00f3s\u00edt\u00e1s\u00e1t &#8211; tudta meg a turizmus.com A projekt kiemelt c\u00e9lja az Esztergomi V\u00e1rm\u00fazeum fejleszt\u00e9se, a megromlott \u00e1llapot\u00fa v\u00e1rfal rekonstrukci\u00f3ja szakszer\u0171","og_url":"https:\/\/dorogimedence.hu\/index.php\/2024\/05\/07\/egymillio-euros-komplex-fejlesztes-indulhat-az-esztergomi-varmuzeumban\/","og_site_name":"Dorogi-medence Region\u00e1lis H\u00edrport\u00e1l","article_publisher":"https:\/\/www.facebook.com\/dorogimedence\/","article_published_time":"2024-05-07T07:13:27+00:00","og_image":[{"width":1920,"height":970,"url":"https:\/\/dorogimedence.hu\/wp-content\/uploads\/2024\/05\/esztergomi-var.jpg","type":"image\/jpeg"}],"author":"dorogimedence.hu","twitter_card":"summary_large_image","twitter_misc":{"Szerz\u0151:":"dorogimedence.hu","Becs\u00fclt olvas\u00e1si id\u0151":"3 perc"},"schema":{"@context":"https:\/\/schema.org","@graph":[{"@type":"Article","@id":"https:\/\/dorogimedence.hu\/index.php\/2024\/05\/07\/egymillio-euros-komplex-fejlesztes-indulhat-az-esztergomi-varmuzeumban\/#article","isPartOf":{"@id":"https:\/\/dorogimedence.hu\/index.php\/2024\/05\/07\/egymillio-euros-komplex-fejlesztes-indulhat-az-esztergomi-varmuzeumban\/"},"author":{"name":"dorogimedence.hu","@id":"https:\/\/dorogimedence.hu\/#\/schema\/person\/ce6091eeb7e95ecdc87890d6aa8e0fd4"},"headline":"Egymilli\u00f3 eur\u00f3s, komplex fejleszt\u00e9s indulhat az Esztergomi V\u00e1rm\u00fazeumban","datePublished":"2024-05-07T07:13:27+00:00","mainEntityOfPage":{"@id":"https:\/\/dorogimedence.hu\/index.php\/2024\/05\/07\/egymillio-euros-komplex-fejlesztes-indulhat-az-esztergomi-varmuzeumban\/"},"wordCount":527,"publisher":{"@id":"https:\/\/dorogimedence.hu\/#organization"},"image":{"@id":"https:\/\/dorogimedence.hu\/index.php\/2024\/05\/07\/egymillio-euros-komplex-fejlesztes-indulhat-az-esztergomi-varmuzeumban\/#primaryimage"},"thumbnailUrl":"https:\/\/dorogimedence.hu\/wp-content\/uploads\/2024\/05\/esztergomi-var.jpg","keywords":["esztergom","Esztergomi V\u00e1rm\u00fazeum","featured","fel\u00faj\u00edt\u00e1s"],"articleSection":["Esztergom","H\u00edrek"],"inLanguage":"hu"},{"@type":"WebPage","@id":"https:\/\/dorogimedence.hu\/index.php\/2024\/05\/07\/egymillio-euros-komplex-fejlesztes-indulhat-az-esztergomi-varmuzeumban\/","url":"https:\/\/dorogimedence.hu\/index.php\/2024\/05\/07\/egymillio-euros-komplex-fejlesztes-indulhat-az-esztergomi-varmuzeumban\/","name":"Egymilli\u00f3 eur\u00f3s, komplex fejleszt\u00e9s indulhat az Esztergomi V\u00e1rm\u00fazeumban","isPartOf":{"@id":"https:\/\/dorogimedence.hu\/#website"},"primaryImageOfPage":{"@id":"https:\/\/dorogimedence.hu\/index.php\/2024\/05\/07\/egymillio-euros-komplex-fejlesztes-indulhat-az-esztergomi-varmuzeumban\/#primaryimage"},"image":{"@id":"https:\/\/dorogimedence.hu\/index.php\/2024\/05\/07\/egymillio-euros-komplex-fejlesztes-indulhat-az-esztergomi-varmuzeumban\/#primaryimage"},"thumbnailUrl":"https:\/\/dorogimedence.hu\/wp-content\/uploads\/2024\/05\/esztergomi-var.jpg","datePublished":"2024-05-07T07:13:27+00:00","breadcrumb":{"@id":"https:\/\/dorogimedence.hu\/index.php\/2024\/05\/07\/egymillio-euros-komplex-fejlesztes-indulhat-az-esztergomi-varmuzeumban\/#breadcrumb"},"inLanguage":"hu","potentialAction":[{"@type":"ReadAction","target":["https:\/\/dorogimedence.hu\/index.php\/2024\/05\/07\/egymillio-euros-komplex-fejlesztes-indulhat-az-esztergomi-varmuzeumban\/"]}]},{"@type":"ImageObject","inLanguage":"hu","@id":"https:\/\/dorogimedence.hu\/index.php\/2024\/05\/07\/egymillio-euros-komplex-fejlesztes-indulhat-az-esztergomi-varmuzeumban\/#primaryimage","url":"https:\/\/dorogimedence.hu\/wp-content\/uploads\/2024\/05\/esztergomi-var.jpg","contentUrl":"https:\/\/dorogimedence.hu\/wp-content\/uploads\/2024\/05\/esztergomi-var.jpg","width":1920,"height":970},{"@type":"BreadcrumbList","@id":"https:\/\/dorogimedence.hu\/index.php\/2024\/05\/07\/egymillio-euros-komplex-fejlesztes-indulhat-az-esztergomi-varmuzeumban\/#breadcrumb","itemListElement":[{"@type":"ListItem","position":1,"name":"Kezd\u0151lap","item":"https:\/\/dorogimedence.hu\/"},{"@type":"ListItem","position":2,"name":"Egymilli\u00f3 eur\u00f3s, komplex fejleszt\u00e9s indulhat az Esztergomi V\u00e1rm\u00fazeumban"}]},{"@type":"WebSite","@id":"https:\/\/dorogimedence.hu\/#website","url":"https:\/\/dorogimedence.hu\/","name":"Dorogi-medence Region\u00e1lis H\u00edrport\u00e1l","description":"Dorog, Keszt\u00f6lc, Le\u00e1nyv\u00e1r, Piliscs\u00e9v, Tokod, Tokodalt\u00e1r\u00f3, Csolnok, Esztergom-kertv\u00e1ros: h\u00edrek, programok","publisher":{"@id":"https:\/\/dorogimedence.hu\/#organization"},"potentialAction":[{"@type":"SearchAction","target":{"@type":"EntryPoint","urlTemplate":"https:\/\/dorogimedence.hu\/?s={search_term_string}"},"query-input":{"@type":"PropertyValueSpecification","valueRequired":true,"valueName":"search_term_string"}}],"inLanguage":"hu"},{"@type":"Organization","@id":"https:\/\/dorogimedence.hu\/#organization","name":"Dorogi-medence Region\u00e1lis H\u00edrport\u00e1l","url":"https:\/\/dorogimedence.hu\/","logo":{"@type":"ImageObject","inLanguage":"hu","@id":"https:\/\/dorogimedence.hu\/#\/schema\/logo\/image\/","url":"https:\/\/dorogimedence.hu\/wp-content\/uploads\/2021\/04\/logo-feher-600.png","contentUrl":"https:\/\/dorogimedence.hu\/wp-content\/uploads\/2021\/04\/logo-feher-600.png","width":600,"height":100,"caption":"Dorogi-medence Region\u00e1lis H\u00edrport\u00e1l"},"image":{"@id":"https:\/\/dorogimedence.hu\/#\/schema\/logo\/image\/"},"sameAs":["https:\/\/www.facebook.com\/dorogimedence\/"]},{"@type":"Person","@id":"https:\/\/dorogimedence.hu\/#\/schema\/person\/ce6091eeb7e95ecdc87890d6aa8e0fd4","name":"dorogimedence.hu","image":{"@type":"ImageObject","inLanguage":"hu","@id":"\/\/www.gravatar.com\/avatar\/d8d45f8901aadff40a4af72c0b826f1d?s=96&#038;r=g&#038;d=mm","url":"\/\/www.gravatar.com\/avatar\/d8d45f8901aadff40a4af72c0b826f1d?s=96&#038;r=g&#038;d=mm","contentUrl":"\/\/www.gravatar.com\/avatar\/d8d45f8901aadff40a4af72c0b826f1d?s=96&#038;r=g&#038;d=mm","caption":"dorogimedence.hu"}}]}},"_links":{"self":[{"href":"https:\/\/dorogimedence.hu\/index.php\/wp-json\/wp\/v2\/posts\/61752","targetHints":{"allow":["GET"]}}],"collection":[{"href":"https:\/\/dorogimedence.hu\/index.php\/wp-json\/wp\/v2\/posts"}],"about":[{"href":"https:\/\/dorogimedence.hu\/index.php\/wp-json\/wp\/v2\/types\/post"}],"author":[{"embeddable":true,"href":"https:\/\/dorogimedence.hu\/index.php\/wp-json\/wp\/v2\/users\/1"}],"replies":[{"embeddable":true,"href":"https:\/\/dorogimedence.hu\/index.php\/wp-json\/wp\/v2\/comments?post=61752"}],"version-history":[{"count":0,"href":"https:\/\/dorogimedence.hu\/index.php\/wp-json\/wp\/v2\/posts\/61752\/revisions"}],"wp:featuredmedia":[{"embeddable":true,"href":"https:\/\/dorogimedence.hu\/index.php\/wp-json\/wp\/v2\/media\/61753"}],"wp:attachment":[{"href":"https:\/\/dorogimedence.hu\/index.php\/wp-json\/wp\/v2\/media?parent=61752"}],"wp:term":[{"taxonomy":"category","embeddable":true,"href":"https:\/\/dorogimedence.hu\/index.php\/wp-json\/wp\/v2\/categories?post=61752"},{"taxonomy":"post_tag","embeddable":true,"href":"https:\/\/dorogimedence.hu\/index.php\/wp-json\/wp\/v2\/tags?post=61752"}],"curies":[{"name":"wp","href":"https:\/\/api.w.org\/{rel}","templated":true}]}}