{"id":61711,"date":"2024-05-20T09:43:45","date_gmt":"2024-05-20T07:43:45","guid":{"rendered":"https:\/\/dorogimedence.hu\/?p=61711"},"modified":"2024-05-20T09:43:45","modified_gmt":"2024-05-20T07:43:45","slug":"75-eve-tortent-a-vilaghiru-dorogi-talalmany-szuletese","status":"publish","type":"post","link":"https:\/\/dorogimedence.hu\/index.php\/2024\/05\/20\/75-eve-tortent-a-vilaghiru-dorogi-talalmany-szuletese\/","title":{"rendered":"75 \u00e9ve t\u00f6rt\u00e9nt: A vil\u00e1gh\u00edr\u0171 dorogi tal\u00e1lm\u00e1ny sz\u00fclet\u00e9se"},"content":{"rendered":"<p style=\"text-align: justify;\"><strong>H\u00e1romnegyed \u00e9vsz\u00e1zada, 1949. m\u00e1jus 20-\u00e1n Ajtay Zolt\u00e1n b\u00e1nyam\u00e9rn\u00f6k \u00e9s munkat\u00e1rsai \u00e1ltal elk\u00e9sz\u00fclt, a b\u00e1nyam\u0171vel\u00e9st forradalmas\u00edt\u00f3 tal\u00e1lm\u00e1ny, az F-t\u00edp\u00fas\u00fa v\u00e1gathajt\u00f3g\u00e9p. Ez hatalmas m\u00e9rf\u00f6ldk\u00f6vet jelentett a magyar \u00e9s az egyetemes b\u00e1ny\u00e1szat t\u00f6rt\u00e9net\u00e9ben. A nagyszer\u0171 tal\u00e1lm\u00e1nyt fokozatosan fejlesztett\u00e9k \u00e9s a vil\u00e1g sz\u00e1mos orsz\u00e1g\u00e1ban is rendszeres\u00edtett\u00e9k. A feltal\u00e1l\u00f3k \u00e9s kivitelez\u0151k vezet\u0151je, dr. Ajtay Zolt\u00e1n alkot\u00e1s\u00e1nak elismer\u00e9sek\u00e9nt Kossuth-d\u00edjat kapott.<\/strong><\/p>\n<p style=\"text-align: justify;\">Az el\u0151v\u00e1j\u00e1sok g\u00e9pes\u00edt\u00e9s\u00e9nek els\u0151 sikeres k\u00eds\u00e9rlete a magyar b\u00e1ny\u00e1k k\u00f6z\u00fcl legel\u0151sz\u00f6r Dorogon t\u00f6rt\u00e9nt 1921-ben. Schmidt S\u00e1ndor vezet\u00e9s\u00e9vel a dorogi b\u00e1nya a sz\u00e9ntermel\u00e9s \u00e9s feldolgoz\u00e1s mellett kiemelt figyelmet ford\u00edtott a fejleszt\u00e9sekre is. Dorogon kiv\u00e1l\u00f3 kutat\u00f3 \u00e9s kis\u00e9rletez\u0151 m\u0171helymunka zajlott, amely a k\u00e9s\u0151bbiekben is t\u00f6retlen maradt. M\u00e9g a II. vil\u00e1gh\u00e1bor\u00fat k\u00f6vet\u0151 \u00e9vek neh\u00e9z id\u0151szaka sem tudta visszavetni ezen t\u00f6rekv\u00e9seket \u00e9s a negyvenes \u00e9vek m\u00e1sodik fel\u00e9ben korszakalkot\u00f3 tal\u00e1lm\u00e1nnyal rukkoltak el\u0151.<\/p>\n<p><img fetchpriority=\"high\" decoding=\"async\" class=\"aligncenter wp-image-61710 \" src=\"https:\/\/dorogimedence.hu\/wp-content\/uploads\/2024\/05\/Ajtay-munkatarsaival.jpg\" alt=\"\" width=\"711\" height=\"488\" srcset=\"https:\/\/dorogimedence.hu\/wp-content\/uploads\/2024\/05\/Ajtay-munkatarsaival.jpg 631w, https:\/\/dorogimedence.hu\/wp-content\/uploads\/2024\/05\/Ajtay-munkatarsaival-600x412.jpg 600w, https:\/\/dorogimedence.hu\/wp-content\/uploads\/2024\/05\/Ajtay-munkatarsaival-150x103.jpg 150w, https:\/\/dorogimedence.hu\/wp-content\/uploads\/2024\/05\/Ajtay-munkatarsaival-450x309.jpg 450w\" sizes=\"(max-width: 711px) 100vw, 711px\" \/><\/p>\n<p style=\"text-align: center;\"><span style=\"font-size: 10pt;\"><em>Ajtay Zolt\u00e1n k\u00f6z\u00e9pen dorogi munkat\u00e1rsai, Albel Ferenc \u00e9s Keszthelyi Gyula k\u00f6r\u00e9ben (forr\u00e1s: Pilisi Sz\u00e9nb\u00e1ny\u00e1k &#8211; lapunk.hu)<\/em><\/span><\/p>\n<p style=\"text-align: justify;\">1949. m\u00e1jus 20-\u00e1n a tervez\u00e9seket \u00e9s kis\u00e9rleteket ir\u00e1ny\u00edt\u00f3 dr. Ajtay Zolt\u00e1n b\u00e1nyam\u00e9rn\u00f6k, a Dorogi Sz\u00e9nb\u00e1ny\u00e1k Nemzeti V\u00e1llalat igazgat\u00f3ja dorogi munkat\u00e1rsaival, Szil\u00e1rd J\u00f3zsef g\u00e9p\u00e9szm\u00e9rn\u00f6kkel \u00e9s Koszor\u00fas Istv\u00e1n g\u00e9pkonstrukt\u0151rrel szabadalmaztatt\u00e1k az F-t\u00edp\u00fas\u00fa v\u00e1gathajt\u00f3g\u00e9p protot\u00edpus\u00e1t. A vil\u00e1gon egyed\u00fcl\u00e1ll\u00f3 tal\u00e1lm\u00e1ny a termel\u00e9s hat\u00e9konys\u00e1g\u00e1nak nagym\u00e9rv\u0171 fokoz\u00e1sa mellett egy\u00fattal a b\u00e1ny\u00e1szok munkav\u00e9gz\u00e9s\u00e9t biztons\u00e1gosabb\u00e1 \u00e9s k\u00edm\u00e9letesebb\u00e9 tette.<\/p>\n<p><img decoding=\"async\" class=\"aligncenter wp-image-61730 \" src=\"https:\/\/dorogimedence.hu\/wp-content\/uploads\/2024\/05\/F-tipusu-gep-tervrajz.jpg\" alt=\"\" width=\"439\" height=\"594\" srcset=\"https:\/\/dorogimedence.hu\/wp-content\/uploads\/2024\/05\/F-tipusu-gep-tervrajz.jpg 261w, https:\/\/dorogimedence.hu\/wp-content\/uploads\/2024\/05\/F-tipusu-gep-tervrajz-150x203.jpg 150w\" sizes=\"(max-width: 439px) 100vw, 439px\" \/><\/p>\n<p style=\"text-align: center;\"><span style=\"font-size: 10pt;\"><em>A szabadalmaztat\u00e1sra k\u00e9sz\u00fclt tervrajz (forr\u00e1s: B\u00e1ny\u00e1szati m\u00fazeum online)<\/em><\/span><\/p>\n<p style=\"text-align: justify;\">Az Orsz\u00e1gos Tal\u00e1lm\u00e1nyi Hivatal az AA188 sz\u00e1m\u00fa hat\u00e1rozattal a 185. lajstromsz\u00e1m\u00fa szerz\u0151i tan\u00fas\u00edtv\u00e1nyt adta ki r\u00e1. A tal\u00e1lm\u00e1ny szerkeszt\u00e9si munk\u00e1lataiban m\u00e9g N\u00e1br\u00e1di \u00c1rp\u00e1d \u00e9s V\u00e1radi L\u00e1szl\u00f3 is r\u00e9szt vettek. Ez kapta az F-1 nevet, majd a feltal\u00e1l\u00f3k m\u00e9g ugyanebben az \u00e9vben el\u0151\u00e1lltak a fejt\u0151g\u00e9p tov\u00e1bbfejlesztett v\u00e1ltozat\u00e1val, az F-2 t\u00edp\u00fas\u00fa l\u00e1nctalpas, \u00f6nj\u00e1r\u00f3 fejt\u0151-rakod\u00f3g\u00e9ppel. A gy\u00e1rt\u00e1s a Dorogi Sz\u00e9nb\u00e1ny\u00e1k V\u00e1llalat Dorogi K\u00f6zponti M\u0171helyben zajlott. Al\u00e1bb sz\u00f3 szerint mell\u00e9kelem a korabeli besz\u00e1mol\u00f3t a nagy esem\u00e9ny visszhangj\u00e1r\u00f3l.<\/p>\n<p><img decoding=\"async\" class=\"aligncenter wp-image-61709 \" src=\"https:\/\/dorogimedence.hu\/wp-content\/uploads\/2024\/05\/Fejtogep-belyegen.jpg\" alt=\"\" width=\"451\" height=\"349\" srcset=\"https:\/\/dorogimedence.hu\/wp-content\/uploads\/2024\/05\/Fejtogep-belyegen.jpg 279w, https:\/\/dorogimedence.hu\/wp-content\/uploads\/2024\/05\/Fejtogep-belyegen-150x116.jpg 150w\" sizes=\"(max-width: 451px) 100vw, 451px\" \/><\/p>\n<p style=\"text-align: center;\"><span style=\"font-size: 10pt;\"><em>Postai b\u00e9lyegen is meg\u00f6r\u00f6k\u00edt\u00e9sre ker\u00fclt<\/em><\/span> <span style=\"font-size: 10pt;\"><em>(forr\u00e1s: B\u00e1ny\u00e1szati m\u00fazeum online)<\/em><\/span><\/p>\n<p style=\"text-align: justify;\">&#8222;Kiemelked\u0151 esem\u00e9ny volt, hogy, Vas Zolt\u00e1n \u00e9s Zsofinecz Mih\u00e1ly miniszterek szem\u00e9lyesen gy\u0151z\u0151dtek meg a fejt\u0151g\u00e9p m\u0171k\u00f6d\u00e9s\u00e9r\u0151l. Az OT rendelet\u00e9re 22 orsz\u00e1gban rendelt\u00e9k el a szabadalmaztat\u00e1st. Vas Zolt\u00e1n miniszternek \u00edrt feljegyz\u00e9s\u00e9ben Hans\u00e1gi Imre t\u00e1j\u00e9koztat\u00e1st adott arr\u00f3l, hogy utas\u00edtott\u00e1k a Dorogi Sz\u00e9nb\u00e1ny\u00e1k Nemzeti V\u00e1llalatot a fejt\u0151g\u00e9p halad\u00e9ktalan kivitelez\u00e9s\u00e9re. A kivitelez\u00e9sre a miniszter \u00far enged\u00e9lye alapj\u00e1n 30.000 Ft.-ot biztos\u00edtottak. Felt\u00e9tlen sz\u00fcks\u00e9gesnek tartotta Hans\u00e1gi, hogy a bev\u00e1lt r\u00e9sel\u0151b\u0151l tov\u00e1bbi 6-6 db ker\u00fclj\u00f6n legy\u00e1rt\u00e1sra, hogy ker\u00fclj\u00f6n alapos ki\u00e9rt\u00e9kel\u00e9sre a r\u00e9sel\u0151g\u00e9p n\u00e9lk\u00fcli \u00e9s a r\u00e9sel\u0151g\u00e9pes termel\u00e9s el\u00e9rt teljes\u00edtm\u00e9nye, figyelembe v\u00e9ve a darabos sz\u00e9ntermel\u00e9s\u00e9nek ig\u00e9ny\u00e9t. Erre a Dorogi Sz\u00e9nb\u00e1ny\u00e1k Nemzeti V\u00e1llalatnak 50.000 \u2013 60.000 forint p\u00f3thitelt javasolt. (1949. okt\u00f3ber 27.) Az F2 t\u00edpus\u00fa fejt\u0151g\u00e9ppel Tatab\u00e1ny\u00e1n is v\u00e9geztek k\u00eds\u00e9rleteket.&#8221;<\/p>\n<p><img loading=\"lazy\" decoding=\"async\" class=\"aligncenter wp-image-61728 size-full\" src=\"https:\/\/dorogimedence.hu\/wp-content\/uploads\/2024\/05\/F6-vagathajtogep-Dorog.jpg\" alt=\"\" width=\"1350\" height=\"1050\" srcset=\"https:\/\/dorogimedence.hu\/wp-content\/uploads\/2024\/05\/F6-vagathajtogep-Dorog.jpg 1350w, https:\/\/dorogimedence.hu\/wp-content\/uploads\/2024\/05\/F6-vagathajtogep-Dorog-600x467.jpg 600w, https:\/\/dorogimedence.hu\/wp-content\/uploads\/2024\/05\/F6-vagathajtogep-Dorog-768x597.jpg 768w, https:\/\/dorogimedence.hu\/wp-content\/uploads\/2024\/05\/F6-vagathajtogep-Dorog-150x117.jpg 150w, https:\/\/dorogimedence.hu\/wp-content\/uploads\/2024\/05\/F6-vagathajtogep-Dorog-450x350.jpg 450w, https:\/\/dorogimedence.hu\/wp-content\/uploads\/2024\/05\/F6-vagathajtogep-Dorog-1200x933.jpg 1200w\" sizes=\"(max-width: 1350px) 100vw, 1350px\" \/><\/p>\n<p style=\"text-align: center;\"><span style=\"font-size: 10pt;\"><em>Eml\u00e9km\u0171 az Otthon t\u00e9ren (forr\u00e1s: Wikimedia Commons)<\/em><\/span><\/p>\n<p style=\"text-align: justify;\">A tal\u00e1lm\u00e1ny elismer\u00e9sek\u00e9nt Ajtay doktort a Kosuth-d\u00edj arany fokozat\u00e1val t\u00fcntett\u00e9k ki 1951-ben. A kiemelked\u0151 szaktekint\u00e9ly sz\u00e1mos egy\u00e9b magasrang\u00fa kit\u00fcntet\u00e9sben r\u00e9szes\u00fclt hossz\u00fa \u00e9s igen tartalmas munk\u00e1ss\u00e1ga sor\u00e1n. H\u00e1romszor is megkapta a Munka \u00c9rdemrend arany fokozat\u00e1t, m\u00e9gpedig 1948-ban, 1966-ban \u00e9s 1979-ben. R\u00f6vid id\u0151n bel\u00fcl az F t\u00edp\u00fas\u00fa v\u00e1gathajt\u00f3g\u00e9p csal\u00e1d sorra b\u0151v\u00fclt \u00e9s sikeresen \u00e1lltak a termel\u00e9s szolg\u00e1lat\u00e1ban az F-3, F-4, F-5 \u00e9s F-6 t\u00edpusokok is. A k\u00e9s\u0151bbiekben eg\u00e9szen az F-9 t\u00edpus\u00fa v\u00e1ltozat is elk\u00e9sz\u00fclt, amely 1978-ban ker\u00fclt bevet\u00e9sre. Gyakorlatilag a vil\u00e1g minden t\u00e1j\u00e1n alkalmazt\u00e1k \u00e9s jelenleg is haszn\u00e1latban van, egyes t\u00edpusainak pedig nyugati c\u00e9gek a gy\u00e1rt\u00e1si \u00e9s forgalmaz\u00e1si jog\u00e1t is megv\u00e1s\u00e1rolt\u00e1k.<\/p>\n<p><img loading=\"lazy\" decoding=\"async\" class=\"aligncenter wp-image-61727 size-full\" src=\"https:\/\/dorogimedence.hu\/wp-content\/uploads\/2024\/05\/Banyaszati_miniverzum.jpg\" alt=\"\" width=\"684\" height=\"483\" srcset=\"https:\/\/dorogimedence.hu\/wp-content\/uploads\/2024\/05\/Banyaszati_miniverzum.jpg 684w, https:\/\/dorogimedence.hu\/wp-content\/uploads\/2024\/05\/Banyaszati_miniverzum-600x424.jpg 600w, https:\/\/dorogimedence.hu\/wp-content\/uploads\/2024\/05\/Banyaszati_miniverzum-150x106.jpg 150w, https:\/\/dorogimedence.hu\/wp-content\/uploads\/2024\/05\/Banyaszati_miniverzum-450x318.jpg 450w\" sizes=\"(max-width: 684px) 100vw, 684px\" \/><\/p>\n<p style=\"text-align: center;\"><span style=\"font-size: 10pt;\"><em>A dorogi Miniverzumban l\u00e1that\u00f3 dior\u00e1ma (forr\u00e1s: Turizmus.com &#8211; B\u00e1ny\u00e1szatt\u00f6rt\u00e9neti Miniverzum ny\u00edlt Dorogon)<\/em><\/span><\/p>\n<p style=\"text-align: justify;\">Telep\u00fcl\u00e9s\u00fcnk is igyekezett nagy becsben tartani \u00e9s m\u00e9lt\u00f3 m\u00f3don \u0151rizni eml\u00e9k\u00e9t. \u00c9vtizedeken kereszt\u00fcl a B\u00e9csi \u00fat ment\u00e9n, a Hat\u00e1r cs\u00e1rda mellett iparm\u0171v\u00e9szeti eml\u00e9km\u0171k\u00e9nt helyezt\u00e9k el az F-6 t\u00edpust, amelyet a szovjet h\u0151si eml\u00e9km\u0171 felsz\u00e1mol\u00e1s\u00e1t k\u00f6vet\u0151en az Otthon t\u00e9ri parkba k\u00f6lt\u00f6ztett\u00e9k, napjainkban pedig a dorogi B\u00e1ny\u00e1szati Miniverzumban van ki\u00e1ll\u00edtva, egyben terepasztalon dior\u00e1ma form\u00e1j\u00e1ban m\u0171k\u00f6d\u00e9s k\u00f6zben is meg lehet csod\u00e1lni.<\/p>\n<p><img loading=\"lazy\" decoding=\"async\" class=\"aligncenter wp-image-62065 size-full\" src=\"https:\/\/dorogimedence.hu\/wp-content\/uploads\/2024\/05\/Dorogi-banyaszerem-1949.jpg\" alt=\"\" width=\"1942\" height=\"1122\" srcset=\"https:\/\/dorogimedence.hu\/wp-content\/uploads\/2024\/05\/Dorogi-banyaszerem-1949.jpg 1942w, https:\/\/dorogimedence.hu\/wp-content\/uploads\/2024\/05\/Dorogi-banyaszerem-1949-600x347.jpg 600w, https:\/\/dorogimedence.hu\/wp-content\/uploads\/2024\/05\/Dorogi-banyaszerem-1949-1920x1109.jpg 1920w, https:\/\/dorogimedence.hu\/wp-content\/uploads\/2024\/05\/Dorogi-banyaszerem-1949-768x444.jpg 768w, https:\/\/dorogimedence.hu\/wp-content\/uploads\/2024\/05\/Dorogi-banyaszerem-1949-1536x887.jpg 1536w, https:\/\/dorogimedence.hu\/wp-content\/uploads\/2024\/05\/Dorogi-banyaszerem-1949-150x87.jpg 150w, https:\/\/dorogimedence.hu\/wp-content\/uploads\/2024\/05\/Dorogi-banyaszerem-1949-450x260.jpg 450w, https:\/\/dorogimedence.hu\/wp-content\/uploads\/2024\/05\/Dorogi-banyaszerem-1949-1200x693.jpg 1200w\" sizes=\"(max-width: 1942px) 100vw, 1942px\" \/><\/p>\n<p style=\"text-align: center;\"><span style=\"font-size: 10pt;\"><em>R\u00e9szben a tal\u00e1lm\u00e1ny szabadalmazt\u00e1s\u00e1hoz kapcsol\u00f3d\u00f3an kibocs\u00e1jtott eml\u00e9k\u00e9rem, 1949. m\u00e1jus 22-i d\u00e1tumoz\u00e1ssal (forr\u00e1s: Vatera.hu).<\/em><\/span><\/p>\n<p style=\"text-align: justify;\"><span style=\"text-decoration: underline;\">Bor\u00edt\u00f3k\u00e9<\/span>p: F-5 t\u00edpus\u00fa fejt\u0151g\u00e9p a Hell J\u00f3zsef K\u00e1roly B\u00e1nyag\u00e9p\u00e9szeti \u00e9s B\u00e1nyavillamoss\u00e1gi Technikum tanm\u0171hely\u00e9ben az 1950-es \u00e9vekben &#8211; forr\u00e1s: Pilisi Sz\u00e9nb\u00e1ny\u00e1k, lapunk.hu)<\/p>\n<p style=\"text-align: center;\"><span style=\"font-size: 12pt;\">Falhaszn\u00e1lt irodalom<\/span><\/p>\n<ul>\n<li style=\"text-align: justify;\">Glevitzky Istv\u00e1n \u2013 dr. Korompay P\u00e9ter: 100 \u00e9ve kezd\u0151d\u00f6tt a v\u00e1gathajt\u00e1s Dorogon \u2013 Orsz\u00e1gos Magyar B\u00e1ny\u00e1szati \u00e9s Koh\u00e1szati Egyes\u00fclet, Dorogi Helyi Szervezete, 2021.<\/li>\n<li style=\"text-align: justify;\">Kov\u00e1cs Lajos \u2013 Solym\u00e1r Judit: Dorogi Lexikon, 2008.<\/li>\n<\/ul>\n<p><em><strong>Szab\u00f3 Gyula<\/strong><\/em><\/p>\n","protected":false},"excerpt":{"rendered":"<p>H\u00e1romnegyed \u00e9vsz\u00e1zada, 1949. m\u00e1jus 20-\u00e1n Ajtay Zolt\u00e1n b\u00e1nyam\u00e9rn\u00f6k \u00e9s munkat\u00e1rsai \u00e1ltal elk\u00e9sz\u00fclt, a b\u00e1nyam\u0171vel\u00e9st forradalmas\u00edt\u00f3 tal\u00e1lm\u00e1ny, az F-t\u00edp\u00fas\u00fa v\u00e1gathajt\u00f3g\u00e9p. Ez hatalmas m\u00e9rf\u00f6ldk\u00f6vet jelentett a magyar \u00e9s az egyetemes b\u00e1ny\u00e1szat t\u00f6rt\u00e9net\u00e9ben. A nagyszer\u0171 tal\u00e1lm\u00e1nyt fokozatosan fejlesztett\u00e9k \u00e9s a vil\u00e1g sz\u00e1mos orsz\u00e1g\u00e1ban is rendszeres\u00edtett\u00e9k. A feltal\u00e1l\u00f3k \u00e9s kivitelez\u0151k vezet\u0151je, dr. Ajtay Zolt\u00e1n alkot\u00e1s\u00e1nak elismer\u00e9sek\u00e9nt Kossuth-d\u00edjat kapott. Az<\/p>\n","protected":false},"author":4,"featured_media":61708,"comment_status":"closed","ping_status":"closed","sticky":false,"template":"","format":"standard","meta":{"ngg_post_thumbnail":0,"footnotes":""},"categories":[2,3,6031],"tags":[15,7850,7849],"class_list":{"0":"post-61711","1":"post","2":"type-post","3":"status-publish","4":"format-standard","5":"has-post-thumbnail","7":"category-dorog","8":"category-hirek","9":"category-kerek-evfordulok","10":"tag-dorog","11":"tag-f-tipusu-vagathajtogep","12":"tag-talalmany"},"yoast_head":"<!-- This site is optimized with the Yoast SEO plugin v27.5 - https:\/\/yoast.com\/product\/yoast-seo-wordpress\/ -->\n<title>75 \u00e9ve t\u00f6rt\u00e9nt: A vil\u00e1gh\u00edr\u0171 dorogi tal\u00e1lm\u00e1ny sz\u00fclet\u00e9se<\/title>\n<meta name=\"robots\" content=\"index, follow, max-snippet:-1, max-image-preview:large, max-video-preview:-1\" \/>\n<link rel=\"canonical\" href=\"https:\/\/dorogimedence.hu\/index.php\/2024\/05\/20\/75-eve-tortent-a-vilaghiru-dorogi-talalmany-szuletese\/\" class=\"yoast-seo-meta-tag\" \/>\n<meta property=\"og:locale\" content=\"hu_HU\" class=\"yoast-seo-meta-tag\" \/>\n<meta property=\"og:type\" content=\"article\" class=\"yoast-seo-meta-tag\" \/>\n<meta property=\"og:title\" content=\"75 \u00e9ve t\u00f6rt\u00e9nt: A vil\u00e1gh\u00edr\u0171 dorogi tal\u00e1lm\u00e1ny sz\u00fclet\u00e9se\" class=\"yoast-seo-meta-tag\" \/>\n<meta property=\"og:description\" content=\"H\u00e1romnegyed \u00e9vsz\u00e1zada, 1949. m\u00e1jus 20-\u00e1n Ajtay Zolt\u00e1n b\u00e1nyam\u00e9rn\u00f6k \u00e9s munkat\u00e1rsai \u00e1ltal elk\u00e9sz\u00fclt, a b\u00e1nyam\u0171vel\u00e9st forradalmas\u00edt\u00f3 tal\u00e1lm\u00e1ny, az F-t\u00edp\u00fas\u00fa v\u00e1gathajt\u00f3g\u00e9p. Ez hatalmas m\u00e9rf\u00f6ldk\u00f6vet jelentett a magyar \u00e9s az egyetemes b\u00e1ny\u00e1szat t\u00f6rt\u00e9net\u00e9ben. A nagyszer\u0171 tal\u00e1lm\u00e1nyt fokozatosan fejlesztett\u00e9k \u00e9s a vil\u00e1g sz\u00e1mos orsz\u00e1g\u00e1ban is rendszeres\u00edtett\u00e9k. A feltal\u00e1l\u00f3k \u00e9s kivitelez\u0151k vezet\u0151je, dr. Ajtay Zolt\u00e1n alkot\u00e1s\u00e1nak elismer\u00e9sek\u00e9nt Kossuth-d\u00edjat kapott. Az\" class=\"yoast-seo-meta-tag\" \/>\n<meta property=\"og:url\" content=\"https:\/\/dorogimedence.hu\/index.php\/2024\/05\/20\/75-eve-tortent-a-vilaghiru-dorogi-talalmany-szuletese\/\" class=\"yoast-seo-meta-tag\" \/>\n<meta property=\"og:site_name\" content=\"Dorogi-medence Region\u00e1lis H\u00edrport\u00e1l\" class=\"yoast-seo-meta-tag\" \/>\n<meta property=\"article:publisher\" content=\"https:\/\/www.facebook.com\/dorogimedence\/\" class=\"yoast-seo-meta-tag\" \/>\n<meta property=\"article:published_time\" content=\"2024-05-20T07:43:45+00:00\" class=\"yoast-seo-meta-tag\" \/>\n<meta property=\"og:image\" content=\"https:\/\/dorogimedence.hu\/wp-content\/uploads\/2024\/05\/F-4-fejtogep.jpg\" class=\"yoast-seo-meta-tag\" \/>\n\t<meta property=\"og:image:width\" content=\"702\" class=\"yoast-seo-meta-tag\" \/>\n\t<meta property=\"og:image:height\" content=\"485\" class=\"yoast-seo-meta-tag\" \/>\n\t<meta property=\"og:image:type\" content=\"image\/jpeg\" class=\"yoast-seo-meta-tag\" \/>\n<meta name=\"author\" content=\"Szab\u00f3 Gyula\" class=\"yoast-seo-meta-tag\" \/>\n<meta name=\"twitter:card\" content=\"summary_large_image\" class=\"yoast-seo-meta-tag\" \/>\n<meta name=\"twitter:label1\" content=\"Szerz\u0151:\" class=\"yoast-seo-meta-tag\" \/>\n\t<meta name=\"twitter:data1\" content=\"Szab\u00f3 Gyula\" class=\"yoast-seo-meta-tag\" \/>\n\t<meta name=\"twitter:label2\" content=\"Becs\u00fclt olvas\u00e1si id\u0151\" class=\"yoast-seo-meta-tag\" \/>\n\t<meta name=\"twitter:data2\" content=\"5 perc\" class=\"yoast-seo-meta-tag\" \/>\n<script type=\"application\/ld+json\" class=\"yoast-schema-graph\">{\"@context\":\"https:\\\/\\\/schema.org\",\"@graph\":[{\"@type\":\"Article\",\"@id\":\"https:\\\/\\\/dorogimedence.hu\\\/index.php\\\/2024\\\/05\\\/20\\\/75-eve-tortent-a-vilaghiru-dorogi-talalmany-szuletese\\\/#article\",\"isPartOf\":{\"@id\":\"https:\\\/\\\/dorogimedence.hu\\\/index.php\\\/2024\\\/05\\\/20\\\/75-eve-tortent-a-vilaghiru-dorogi-talalmany-szuletese\\\/\"},\"author\":{\"name\":\"Szab\u00f3 Gyula\",\"@id\":\"https:\\\/\\\/dorogimedence.hu\\\/#\\\/schema\\\/person\\\/76605e8151ec1b7376385cd184ede973\"},\"headline\":\"75 \u00e9ve t\u00f6rt\u00e9nt: A vil\u00e1gh\u00edr\u0171 dorogi tal\u00e1lm\u00e1ny sz\u00fclet\u00e9se\",\"datePublished\":\"2024-05-20T07:43:45+00:00\",\"mainEntityOfPage\":{\"@id\":\"https:\\\/\\\/dorogimedence.hu\\\/index.php\\\/2024\\\/05\\\/20\\\/75-eve-tortent-a-vilaghiru-dorogi-talalmany-szuletese\\\/\"},\"wordCount\":1112,\"publisher\":{\"@id\":\"https:\\\/\\\/dorogimedence.hu\\\/#organization\"},\"image\":{\"@id\":\"https:\\\/\\\/dorogimedence.hu\\\/index.php\\\/2024\\\/05\\\/20\\\/75-eve-tortent-a-vilaghiru-dorogi-talalmany-szuletese\\\/#primaryimage\"},\"thumbnailUrl\":\"https:\\\/\\\/dorogimedence.hu\\\/wp-content\\\/uploads\\\/2024\\\/05\\\/F-4-fejtogep.jpg\",\"keywords\":[\"Dorog\",\"F-t\u00edp\u00fas\u00fa v\u00e1gathajt\u00f3g\u00e9p\",\"tal\u00e1lm\u00e1ny\"],\"articleSection\":[\"Dorog\",\"H\u00edrek\",\"Kerek \u00e9vfordul\u00f3k\"],\"inLanguage\":\"hu\"},{\"@type\":\"WebPage\",\"@id\":\"https:\\\/\\\/dorogimedence.hu\\\/index.php\\\/2024\\\/05\\\/20\\\/75-eve-tortent-a-vilaghiru-dorogi-talalmany-szuletese\\\/\",\"url\":\"https:\\\/\\\/dorogimedence.hu\\\/index.php\\\/2024\\\/05\\\/20\\\/75-eve-tortent-a-vilaghiru-dorogi-talalmany-szuletese\\\/\",\"name\":\"75 \u00e9ve t\u00f6rt\u00e9nt: A vil\u00e1gh\u00edr\u0171 dorogi tal\u00e1lm\u00e1ny sz\u00fclet\u00e9se\",\"isPartOf\":{\"@id\":\"https:\\\/\\\/dorogimedence.hu\\\/#website\"},\"primaryImageOfPage\":{\"@id\":\"https:\\\/\\\/dorogimedence.hu\\\/index.php\\\/2024\\\/05\\\/20\\\/75-eve-tortent-a-vilaghiru-dorogi-talalmany-szuletese\\\/#primaryimage\"},\"image\":{\"@id\":\"https:\\\/\\\/dorogimedence.hu\\\/index.php\\\/2024\\\/05\\\/20\\\/75-eve-tortent-a-vilaghiru-dorogi-talalmany-szuletese\\\/#primaryimage\"},\"thumbnailUrl\":\"https:\\\/\\\/dorogimedence.hu\\\/wp-content\\\/uploads\\\/2024\\\/05\\\/F-4-fejtogep.jpg\",\"datePublished\":\"2024-05-20T07:43:45+00:00\",\"breadcrumb\":{\"@id\":\"https:\\\/\\\/dorogimedence.hu\\\/index.php\\\/2024\\\/05\\\/20\\\/75-eve-tortent-a-vilaghiru-dorogi-talalmany-szuletese\\\/#breadcrumb\"},\"inLanguage\":\"hu\",\"potentialAction\":[{\"@type\":\"ReadAction\",\"target\":[\"https:\\\/\\\/dorogimedence.hu\\\/index.php\\\/2024\\\/05\\\/20\\\/75-eve-tortent-a-vilaghiru-dorogi-talalmany-szuletese\\\/\"]}]},{\"@type\":\"ImageObject\",\"inLanguage\":\"hu\",\"@id\":\"https:\\\/\\\/dorogimedence.hu\\\/index.php\\\/2024\\\/05\\\/20\\\/75-eve-tortent-a-vilaghiru-dorogi-talalmany-szuletese\\\/#primaryimage\",\"url\":\"https:\\\/\\\/dorogimedence.hu\\\/wp-content\\\/uploads\\\/2024\\\/05\\\/F-4-fejtogep.jpg\",\"contentUrl\":\"https:\\\/\\\/dorogimedence.hu\\\/wp-content\\\/uploads\\\/2024\\\/05\\\/F-4-fejtogep.jpg\",\"width\":702,\"height\":485},{\"@type\":\"BreadcrumbList\",\"@id\":\"https:\\\/\\\/dorogimedence.hu\\\/index.php\\\/2024\\\/05\\\/20\\\/75-eve-tortent-a-vilaghiru-dorogi-talalmany-szuletese\\\/#breadcrumb\",\"itemListElement\":[{\"@type\":\"ListItem\",\"position\":1,\"name\":\"Kezd\u0151lap\",\"item\":\"https:\\\/\\\/dorogimedence.hu\\\/\"},{\"@type\":\"ListItem\",\"position\":2,\"name\":\"75 \u00e9ve t\u00f6rt\u00e9nt: A vil\u00e1gh\u00edr\u0171 dorogi tal\u00e1lm\u00e1ny sz\u00fclet\u00e9se\"}]},{\"@type\":\"WebSite\",\"@id\":\"https:\\\/\\\/dorogimedence.hu\\\/#website\",\"url\":\"https:\\\/\\\/dorogimedence.hu\\\/\",\"name\":\"Dorogi-medence Region\u00e1lis H\u00edrport\u00e1l\",\"description\":\"Dorog, Keszt\u00f6lc, Le\u00e1nyv\u00e1r, Piliscs\u00e9v, Tokod, Tokodalt\u00e1r\u00f3, Csolnok, Esztergom-kertv\u00e1ros: h\u00edrek, programok\",\"publisher\":{\"@id\":\"https:\\\/\\\/dorogimedence.hu\\\/#organization\"},\"potentialAction\":[{\"@type\":\"SearchAction\",\"target\":{\"@type\":\"EntryPoint\",\"urlTemplate\":\"https:\\\/\\\/dorogimedence.hu\\\/?s={search_term_string}\"},\"query-input\":{\"@type\":\"PropertyValueSpecification\",\"valueRequired\":true,\"valueName\":\"search_term_string\"}}],\"inLanguage\":\"hu\"},{\"@type\":\"Organization\",\"@id\":\"https:\\\/\\\/dorogimedence.hu\\\/#organization\",\"name\":\"Dorogi-medence Region\u00e1lis H\u00edrport\u00e1l\",\"url\":\"https:\\\/\\\/dorogimedence.hu\\\/\",\"logo\":{\"@type\":\"ImageObject\",\"inLanguage\":\"hu\",\"@id\":\"https:\\\/\\\/dorogimedence.hu\\\/#\\\/schema\\\/logo\\\/image\\\/\",\"url\":\"https:\\\/\\\/dorogimedence.hu\\\/wp-content\\\/uploads\\\/2021\\\/04\\\/logo-feher-600.png\",\"contentUrl\":\"https:\\\/\\\/dorogimedence.hu\\\/wp-content\\\/uploads\\\/2021\\\/04\\\/logo-feher-600.png\",\"width\":600,\"height\":100,\"caption\":\"Dorogi-medence Region\u00e1lis H\u00edrport\u00e1l\"},\"image\":{\"@id\":\"https:\\\/\\\/dorogimedence.hu\\\/#\\\/schema\\\/logo\\\/image\\\/\"},\"sameAs\":[\"https:\\\/\\\/www.facebook.com\\\/dorogimedence\\\/\"]},{\"@type\":\"Person\",\"@id\":\"https:\\\/\\\/dorogimedence.hu\\\/#\\\/schema\\\/person\\\/76605e8151ec1b7376385cd184ede973\",\"name\":\"Szab\u00f3 Gyula\",\"image\":{\"@type\":\"ImageObject\",\"inLanguage\":\"hu\",\"@id\":\"\\\/\\\/www.gravatar.com\\\/avatar\\\/3e44b6fb2ef9bcea3639958cc2a587cb?s=96&#038;r=g&#038;d=mm\",\"url\":\"\\\/\\\/www.gravatar.com\\\/avatar\\\/3e44b6fb2ef9bcea3639958cc2a587cb?s=96&#038;r=g&#038;d=mm\",\"contentUrl\":\"\\\/\\\/www.gravatar.com\\\/avatar\\\/3e44b6fb2ef9bcea3639958cc2a587cb?s=96&#038;r=g&#038;d=mm\",\"caption\":\"Szab\u00f3 Gyula\"}}]}<\/script>\n<!-- \/ Yoast SEO plugin. -->","yoast_head_json":{"title":"75 \u00e9ve t\u00f6rt\u00e9nt: A vil\u00e1gh\u00edr\u0171 dorogi tal\u00e1lm\u00e1ny sz\u00fclet\u00e9se","robots":{"index":"index","follow":"follow","max-snippet":"max-snippet:-1","max-image-preview":"max-image-preview:large","max-video-preview":"max-video-preview:-1"},"canonical":"https:\/\/dorogimedence.hu\/index.php\/2024\/05\/20\/75-eve-tortent-a-vilaghiru-dorogi-talalmany-szuletese\/","og_locale":"hu_HU","og_type":"article","og_title":"75 \u00e9ve t\u00f6rt\u00e9nt: A vil\u00e1gh\u00edr\u0171 dorogi tal\u00e1lm\u00e1ny sz\u00fclet\u00e9se","og_description":"H\u00e1romnegyed \u00e9vsz\u00e1zada, 1949. m\u00e1jus 20-\u00e1n Ajtay Zolt\u00e1n b\u00e1nyam\u00e9rn\u00f6k \u00e9s munkat\u00e1rsai \u00e1ltal elk\u00e9sz\u00fclt, a b\u00e1nyam\u0171vel\u00e9st forradalmas\u00edt\u00f3 tal\u00e1lm\u00e1ny, az F-t\u00edp\u00fas\u00fa v\u00e1gathajt\u00f3g\u00e9p. Ez hatalmas m\u00e9rf\u00f6ldk\u00f6vet jelentett a magyar \u00e9s az egyetemes b\u00e1ny\u00e1szat t\u00f6rt\u00e9net\u00e9ben. A nagyszer\u0171 tal\u00e1lm\u00e1nyt fokozatosan fejlesztett\u00e9k \u00e9s a vil\u00e1g sz\u00e1mos orsz\u00e1g\u00e1ban is rendszeres\u00edtett\u00e9k. A feltal\u00e1l\u00f3k \u00e9s kivitelez\u0151k vezet\u0151je, dr. Ajtay Zolt\u00e1n alkot\u00e1s\u00e1nak elismer\u00e9sek\u00e9nt Kossuth-d\u00edjat kapott. Az","og_url":"https:\/\/dorogimedence.hu\/index.php\/2024\/05\/20\/75-eve-tortent-a-vilaghiru-dorogi-talalmany-szuletese\/","og_site_name":"Dorogi-medence Region\u00e1lis H\u00edrport\u00e1l","article_publisher":"https:\/\/www.facebook.com\/dorogimedence\/","article_published_time":"2024-05-20T07:43:45+00:00","og_image":[{"width":702,"height":485,"url":"https:\/\/dorogimedence.hu\/wp-content\/uploads\/2024\/05\/F-4-fejtogep.jpg","type":"image\/jpeg"}],"author":"Szab\u00f3 Gyula","twitter_card":"summary_large_image","twitter_misc":{"Szerz\u0151:":"Szab\u00f3 Gyula","Becs\u00fclt olvas\u00e1si id\u0151":"5 perc"},"schema":{"@context":"https:\/\/schema.org","@graph":[{"@type":"Article","@id":"https:\/\/dorogimedence.hu\/index.php\/2024\/05\/20\/75-eve-tortent-a-vilaghiru-dorogi-talalmany-szuletese\/#article","isPartOf":{"@id":"https:\/\/dorogimedence.hu\/index.php\/2024\/05\/20\/75-eve-tortent-a-vilaghiru-dorogi-talalmany-szuletese\/"},"author":{"name":"Szab\u00f3 Gyula","@id":"https:\/\/dorogimedence.hu\/#\/schema\/person\/76605e8151ec1b7376385cd184ede973"},"headline":"75 \u00e9ve t\u00f6rt\u00e9nt: A vil\u00e1gh\u00edr\u0171 dorogi tal\u00e1lm\u00e1ny sz\u00fclet\u00e9se","datePublished":"2024-05-20T07:43:45+00:00","mainEntityOfPage":{"@id":"https:\/\/dorogimedence.hu\/index.php\/2024\/05\/20\/75-eve-tortent-a-vilaghiru-dorogi-talalmany-szuletese\/"},"wordCount":1112,"publisher":{"@id":"https:\/\/dorogimedence.hu\/#organization"},"image":{"@id":"https:\/\/dorogimedence.hu\/index.php\/2024\/05\/20\/75-eve-tortent-a-vilaghiru-dorogi-talalmany-szuletese\/#primaryimage"},"thumbnailUrl":"https:\/\/dorogimedence.hu\/wp-content\/uploads\/2024\/05\/F-4-fejtogep.jpg","keywords":["Dorog","F-t\u00edp\u00fas\u00fa v\u00e1gathajt\u00f3g\u00e9p","tal\u00e1lm\u00e1ny"],"articleSection":["Dorog","H\u00edrek","Kerek \u00e9vfordul\u00f3k"],"inLanguage":"hu"},{"@type":"WebPage","@id":"https:\/\/dorogimedence.hu\/index.php\/2024\/05\/20\/75-eve-tortent-a-vilaghiru-dorogi-talalmany-szuletese\/","url":"https:\/\/dorogimedence.hu\/index.php\/2024\/05\/20\/75-eve-tortent-a-vilaghiru-dorogi-talalmany-szuletese\/","name":"75 \u00e9ve t\u00f6rt\u00e9nt: A vil\u00e1gh\u00edr\u0171 dorogi tal\u00e1lm\u00e1ny sz\u00fclet\u00e9se","isPartOf":{"@id":"https:\/\/dorogimedence.hu\/#website"},"primaryImageOfPage":{"@id":"https:\/\/dorogimedence.hu\/index.php\/2024\/05\/20\/75-eve-tortent-a-vilaghiru-dorogi-talalmany-szuletese\/#primaryimage"},"image":{"@id":"https:\/\/dorogimedence.hu\/index.php\/2024\/05\/20\/75-eve-tortent-a-vilaghiru-dorogi-talalmany-szuletese\/#primaryimage"},"thumbnailUrl":"https:\/\/dorogimedence.hu\/wp-content\/uploads\/2024\/05\/F-4-fejtogep.jpg","datePublished":"2024-05-20T07:43:45+00:00","breadcrumb":{"@id":"https:\/\/dorogimedence.hu\/index.php\/2024\/05\/20\/75-eve-tortent-a-vilaghiru-dorogi-talalmany-szuletese\/#breadcrumb"},"inLanguage":"hu","potentialAction":[{"@type":"ReadAction","target":["https:\/\/dorogimedence.hu\/index.php\/2024\/05\/20\/75-eve-tortent-a-vilaghiru-dorogi-talalmany-szuletese\/"]}]},{"@type":"ImageObject","inLanguage":"hu","@id":"https:\/\/dorogimedence.hu\/index.php\/2024\/05\/20\/75-eve-tortent-a-vilaghiru-dorogi-talalmany-szuletese\/#primaryimage","url":"https:\/\/dorogimedence.hu\/wp-content\/uploads\/2024\/05\/F-4-fejtogep.jpg","contentUrl":"https:\/\/dorogimedence.hu\/wp-content\/uploads\/2024\/05\/F-4-fejtogep.jpg","width":702,"height":485},{"@type":"BreadcrumbList","@id":"https:\/\/dorogimedence.hu\/index.php\/2024\/05\/20\/75-eve-tortent-a-vilaghiru-dorogi-talalmany-szuletese\/#breadcrumb","itemListElement":[{"@type":"ListItem","position":1,"name":"Kezd\u0151lap","item":"https:\/\/dorogimedence.hu\/"},{"@type":"ListItem","position":2,"name":"75 \u00e9ve t\u00f6rt\u00e9nt: A vil\u00e1gh\u00edr\u0171 dorogi tal\u00e1lm\u00e1ny sz\u00fclet\u00e9se"}]},{"@type":"WebSite","@id":"https:\/\/dorogimedence.hu\/#website","url":"https:\/\/dorogimedence.hu\/","name":"Dorogi-medence Region\u00e1lis H\u00edrport\u00e1l","description":"Dorog, Keszt\u00f6lc, Le\u00e1nyv\u00e1r, Piliscs\u00e9v, Tokod, Tokodalt\u00e1r\u00f3, Csolnok, Esztergom-kertv\u00e1ros: h\u00edrek, programok","publisher":{"@id":"https:\/\/dorogimedence.hu\/#organization"},"potentialAction":[{"@type":"SearchAction","target":{"@type":"EntryPoint","urlTemplate":"https:\/\/dorogimedence.hu\/?s={search_term_string}"},"query-input":{"@type":"PropertyValueSpecification","valueRequired":true,"valueName":"search_term_string"}}],"inLanguage":"hu"},{"@type":"Organization","@id":"https:\/\/dorogimedence.hu\/#organization","name":"Dorogi-medence Region\u00e1lis H\u00edrport\u00e1l","url":"https:\/\/dorogimedence.hu\/","logo":{"@type":"ImageObject","inLanguage":"hu","@id":"https:\/\/dorogimedence.hu\/#\/schema\/logo\/image\/","url":"https:\/\/dorogimedence.hu\/wp-content\/uploads\/2021\/04\/logo-feher-600.png","contentUrl":"https:\/\/dorogimedence.hu\/wp-content\/uploads\/2021\/04\/logo-feher-600.png","width":600,"height":100,"caption":"Dorogi-medence Region\u00e1lis H\u00edrport\u00e1l"},"image":{"@id":"https:\/\/dorogimedence.hu\/#\/schema\/logo\/image\/"},"sameAs":["https:\/\/www.facebook.com\/dorogimedence\/"]},{"@type":"Person","@id":"https:\/\/dorogimedence.hu\/#\/schema\/person\/76605e8151ec1b7376385cd184ede973","name":"Szab\u00f3 Gyula","image":{"@type":"ImageObject","inLanguage":"hu","@id":"\/\/www.gravatar.com\/avatar\/3e44b6fb2ef9bcea3639958cc2a587cb?s=96&#038;r=g&#038;d=mm","url":"\/\/www.gravatar.com\/avatar\/3e44b6fb2ef9bcea3639958cc2a587cb?s=96&#038;r=g&#038;d=mm","contentUrl":"\/\/www.gravatar.com\/avatar\/3e44b6fb2ef9bcea3639958cc2a587cb?s=96&#038;r=g&#038;d=mm","caption":"Szab\u00f3 Gyula"}}]}},"_links":{"self":[{"href":"https:\/\/dorogimedence.hu\/index.php\/wp-json\/wp\/v2\/posts\/61711","targetHints":{"allow":["GET"]}}],"collection":[{"href":"https:\/\/dorogimedence.hu\/index.php\/wp-json\/wp\/v2\/posts"}],"about":[{"href":"https:\/\/dorogimedence.hu\/index.php\/wp-json\/wp\/v2\/types\/post"}],"author":[{"embeddable":true,"href":"https:\/\/dorogimedence.hu\/index.php\/wp-json\/wp\/v2\/users\/4"}],"replies":[{"embeddable":true,"href":"https:\/\/dorogimedence.hu\/index.php\/wp-json\/wp\/v2\/comments?post=61711"}],"version-history":[{"count":0,"href":"https:\/\/dorogimedence.hu\/index.php\/wp-json\/wp\/v2\/posts\/61711\/revisions"}],"wp:featuredmedia":[{"embeddable":true,"href":"https:\/\/dorogimedence.hu\/index.php\/wp-json\/wp\/v2\/media\/61708"}],"wp:attachment":[{"href":"https:\/\/dorogimedence.hu\/index.php\/wp-json\/wp\/v2\/media?parent=61711"}],"wp:term":[{"taxonomy":"category","embeddable":true,"href":"https:\/\/dorogimedence.hu\/index.php\/wp-json\/wp\/v2\/categories?post=61711"},{"taxonomy":"post_tag","embeddable":true,"href":"https:\/\/dorogimedence.hu\/index.php\/wp-json\/wp\/v2\/tags?post=61711"}],"curies":[{"name":"wp","href":"https:\/\/api.w.org\/{rel}","templated":true}]}}