{"id":61683,"date":"2024-05-03T13:23:35","date_gmt":"2024-05-03T11:23:35","guid":{"rendered":"https:\/\/dorogimedence.hu\/?p=61683"},"modified":"2024-05-03T13:23:35","modified_gmt":"2024-05-03T11:23:35","slug":"banyaszati-konferenciat-rendeztek-dorogon-2","status":"publish","type":"post","link":"https:\/\/dorogimedence.hu\/index.php\/2024\/05\/03\/banyaszati-konferenciat-rendeztek-dorogon-2\/","title":{"rendered":"B\u00e1ny\u00e1szati konferenci\u00e1t rendeztek Dorogon"},"content":{"rendered":"<div class=\"lead  font-weight-bold\">\n<p><strong>A Reimann B\u00e1ny\u00e1szatt\u00f6rt\u00e9neti Miniverzumban \u00e1prilis 26-\u00e1n t\u00e9rs\u00e9gi konferenci\u00e1t rendeztek B\u00e1ny\u00e1sz \u00c9rt\u00e9keink Nyom\u00e1ban c\u00edmmel.<\/strong><\/p>\n<\/div>\n<div>\n<p>Szab\u00f3-Berghauer Zolt\u00e1n int\u00e9zm\u00e9nyvezet\u0151 k\u00f6sz\u00f6nt\u0151j\u00e9ben feleleven\u00edtette a felh\u00edv\u00e1s szempontjait. Ezek k\u00f6z\u00f6tt szerepelt b\u00e1ny\u00e1sz \u00e9rt\u00e9keink kezel\u00e9se, \u00f3v\u00e1sa \u00e9s gy\u0171jt\u00e9se, valamint azok nyilv\u00e1noss\u00e1, el\u00e9rhet\u0151v\u00e9 t\u00e9tele \u2013 tov\u00e1bb\u00e1 az, hogy a t\u00e9rs\u00e9g telep\u00fcl\u00e9seinek ebben \u00f6ssze kell fognia, s hogy az egy\u00fcttm\u0171k\u00f6d\u00e9sre mind int\u00e9zm\u00e9nyi, mind \u00f6nkorm\u00e1nyzati szinten sz\u00fcks\u00e9g van. A felt\u00e9telrendszer biztos\u00edt\u00e1s\u00e1n t\u00fal a telep\u00fcl\u00e9sek kultur\u00e1lis szakembereire h\u00e1rul az a feladat, hogy a b\u00e1ny\u00e1szati \u00f6r\u00f6ks\u00e9g szakmai gondoz\u00e1s\u00e1val foglalkozzanak, kapcsolatot tartva ak\u00e1r a gy\u0171jt\u0151kkel \u00e9s a helyismereti kutat\u00f3kkal egyetemben. Az int\u00e9zm\u00e9nyvezet\u0151 a Reimann koordin\u00e1l\u00f3 feladat\u00e1t emelte ki, illetve egym\u00e1s seg\u00edt\u00e9s\u00e9re biztatott; k\u00f6z\u00f6s programok tervez\u00e9s\u00e9t, egy k\u00f6z\u00f6s platform, tud\u00e1st\u00e1r kialak\u00edt\u00e1s\u00e1t javasolta.<\/p>\n<p>A rendezv\u00e9nyen jelen voltak: Annav\u00f6lgy, Csolnok, Keszt\u00f6lc, Mogyor\u00f3sb\u00e1nya, S\u00e1ris\u00e1p, Tokod polg\u00e1rmesterei \u00e9s kultur\u00e1lis szakemberei, az OMBKE dorogi szervezet\u00e9nek titk\u00e1ra, tov\u00e1bb\u00e1 a b\u00e1ny\u00e1sz szakma t\u00f6bb k\u00e9pvisel\u0151je. Dr. Tittmann J\u00e1nos polg\u00e1rmester k\u00f6sz\u00f6nt\u0151je ut\u00e1n t\u00f6bb el\u0151ad\u00e1s hangzott el: b\u00e1ny\u00e1sz el\u0151d\u00f6k, akikre b\u00fcszk\u00e9k vagyunk; b\u00e1nyaszerencs\u00e9tlens\u00e9g \u00e9s hagyom\u00e1ny\u0151rz\u00e9s t\u00e9m\u00e1kban.<\/p>\n<p>A r\u00e9sztvev\u0151 felek abban az egyet\u00e9rt\u00e9sben v\u00e1ltak el, hogy a konferencia el\u00e9rte kit\u0171z\u00f6tt c\u00e9lj\u00e1t, s megtett\u00e9k els\u0151 l\u00e9p\u00e9seket egy \u00f6sszefog\u00e1s ir\u00e1ny\u00e1ba. A rendezv\u00e9nyre k\u00f6z\u00f6s ki\u00e1ll\u00edt\u00e1s k\u00e9sz\u00fclt minden telep\u00fcl\u00e9s saj\u00e1t tabl\u00f3j\u00e1val, fontos eml\u00e9keivel, mely m\u00e1jusban a konferenciateremben az \u00e9rdekl\u0151d\u0151k sz\u00e1m\u00e1ra is megtekinthet\u0151 az int\u00e9zm\u00e9ny nyitvatart\u00e1si idej\u00e9ben.<\/p>\n<p><em>Forr\u00e1s: dorog.hu<br \/>\nBor\u00edt\u00f3k\u00e9p: Reimann B\u00e1ny\u00e1szatt\u00f6rt\u00e9neti Miniverzum<\/em><\/p>\n<\/div>\n","protected":false},"excerpt":{"rendered":"<p>A Reimann B\u00e1ny\u00e1szatt\u00f6rt\u00e9neti Miniverzumban \u00e1prilis 26-\u00e1n t\u00e9rs\u00e9gi konferenci\u00e1t rendeztek B\u00e1ny\u00e1sz \u00c9rt\u00e9keink Nyom\u00e1ban c\u00edmmel. Szab\u00f3-Berghauer Zolt\u00e1n int\u00e9zm\u00e9nyvezet\u0151 k\u00f6sz\u00f6nt\u0151j\u00e9ben feleleven\u00edtette a felh\u00edv\u00e1s szempontjait. Ezek k\u00f6z\u00f6tt szerepelt b\u00e1ny\u00e1sz \u00e9rt\u00e9keink kezel\u00e9se, \u00f3v\u00e1sa \u00e9s gy\u0171jt\u00e9se, valamint azok nyilv\u00e1noss\u00e1, el\u00e9rhet\u0151v\u00e9 t\u00e9tele \u2013 tov\u00e1bb\u00e1 az, hogy a t\u00e9rs\u00e9g telep\u00fcl\u00e9seinek ebben \u00f6ssze kell fognia, s hogy az egy\u00fcttm\u0171k\u00f6d\u00e9sre mind int\u00e9zm\u00e9nyi, mind \u00f6nkorm\u00e1nyzati szinten<\/p>\n","protected":false},"author":1,"featured_media":61684,"comment_status":"closed","ping_status":"closed","sticky":false,"template":"","format":"standard","meta":{"ngg_post_thumbnail":0,"footnotes":""},"categories":[2,3],"tags":[729,6716,15,321,3258],"class_list":{"0":"post-61683","1":"post","2":"type-post","3":"status-publish","4":"format-standard","5":"has-post-thumbnail","7":"category-dorog","8":"category-hirek","9":"tag-banyaszat","10":"tag-banyaszati-konferencia","11":"tag-dorog","12":"tag-konferencia","13":"tag-reimann-banyaszattorteneti-miniverzum"},"yoast_head":"<!-- This site is optimized with the Yoast SEO plugin v27.5 - https:\/\/yoast.com\/product\/yoast-seo-wordpress\/ -->\n<title>B\u00e1ny\u00e1szati konferenci\u00e1t rendeztek Dorogon<\/title>\n<meta name=\"robots\" content=\"index, follow, max-snippet:-1, max-image-preview:large, max-video-preview:-1\" \/>\n<link rel=\"canonical\" href=\"https:\/\/dorogimedence.hu\/index.php\/2024\/05\/03\/banyaszati-konferenciat-rendeztek-dorogon-2\/\" class=\"yoast-seo-meta-tag\" \/>\n<meta property=\"og:locale\" content=\"hu_HU\" class=\"yoast-seo-meta-tag\" \/>\n<meta property=\"og:type\" content=\"article\" class=\"yoast-seo-meta-tag\" \/>\n<meta property=\"og:title\" content=\"B\u00e1ny\u00e1szati konferenci\u00e1t rendeztek Dorogon\" class=\"yoast-seo-meta-tag\" \/>\n<meta property=\"og:description\" content=\"A Reimann B\u00e1ny\u00e1szatt\u00f6rt\u00e9neti Miniverzumban \u00e1prilis 26-\u00e1n t\u00e9rs\u00e9gi konferenci\u00e1t rendeztek B\u00e1ny\u00e1sz \u00c9rt\u00e9keink Nyom\u00e1ban c\u00edmmel. Szab\u00f3-Berghauer Zolt\u00e1n int\u00e9zm\u00e9nyvezet\u0151 k\u00f6sz\u00f6nt\u0151j\u00e9ben feleleven\u00edtette a felh\u00edv\u00e1s szempontjait. Ezek k\u00f6z\u00f6tt szerepelt b\u00e1ny\u00e1sz \u00e9rt\u00e9keink kezel\u00e9se, \u00f3v\u00e1sa \u00e9s gy\u0171jt\u00e9se, valamint azok nyilv\u00e1noss\u00e1, el\u00e9rhet\u0151v\u00e9 t\u00e9tele \u2013 tov\u00e1bb\u00e1 az, hogy a t\u00e9rs\u00e9g telep\u00fcl\u00e9seinek ebben \u00f6ssze kell fognia, s hogy az egy\u00fcttm\u0171k\u00f6d\u00e9sre mind int\u00e9zm\u00e9nyi, mind \u00f6nkorm\u00e1nyzati szinten\" class=\"yoast-seo-meta-tag\" \/>\n<meta property=\"og:url\" content=\"https:\/\/dorogimedence.hu\/index.php\/2024\/05\/03\/banyaszati-konferenciat-rendeztek-dorogon-2\/\" class=\"yoast-seo-meta-tag\" \/>\n<meta property=\"og:site_name\" content=\"Dorogi-medence Region\u00e1lis H\u00edrport\u00e1l\" class=\"yoast-seo-meta-tag\" \/>\n<meta property=\"article:publisher\" content=\"https:\/\/www.facebook.com\/dorogimedence\/\" class=\"yoast-seo-meta-tag\" \/>\n<meta property=\"article:published_time\" content=\"2024-05-03T11:23:35+00:00\" class=\"yoast-seo-meta-tag\" \/>\n<meta property=\"og:image\" content=\"https:\/\/dorogimedence.hu\/wp-content\/uploads\/2024\/05\/konferencia.jpg\" class=\"yoast-seo-meta-tag\" \/>\n\t<meta property=\"og:image:width\" content=\"1920\" class=\"yoast-seo-meta-tag\" \/>\n\t<meta property=\"og:image:height\" content=\"970\" class=\"yoast-seo-meta-tag\" \/>\n\t<meta property=\"og:image:type\" content=\"image\/jpeg\" class=\"yoast-seo-meta-tag\" \/>\n<meta name=\"author\" content=\"dorogimedence.hu\" class=\"yoast-seo-meta-tag\" \/>\n<meta name=\"twitter:card\" content=\"summary_large_image\" class=\"yoast-seo-meta-tag\" \/>\n<meta name=\"twitter:label1\" content=\"Szerz\u0151:\" class=\"yoast-seo-meta-tag\" \/>\n\t<meta name=\"twitter:data1\" content=\"dorogimedence.hu\" class=\"yoast-seo-meta-tag\" \/>\n\t<meta name=\"twitter:label2\" content=\"Becs\u00fclt olvas\u00e1si id\u0151\" class=\"yoast-seo-meta-tag\" \/>\n\t<meta name=\"twitter:data2\" content=\"2 perc\" class=\"yoast-seo-meta-tag\" \/>\n<script type=\"application\/ld+json\" class=\"yoast-schema-graph\">{\"@context\":\"https:\\\/\\\/schema.org\",\"@graph\":[{\"@type\":\"Article\",\"@id\":\"https:\\\/\\\/dorogimedence.hu\\\/index.php\\\/2024\\\/05\\\/03\\\/banyaszati-konferenciat-rendeztek-dorogon-2\\\/#article\",\"isPartOf\":{\"@id\":\"https:\\\/\\\/dorogimedence.hu\\\/index.php\\\/2024\\\/05\\\/03\\\/banyaszati-konferenciat-rendeztek-dorogon-2\\\/\"},\"author\":{\"name\":\"dorogimedence.hu\",\"@id\":\"https:\\\/\\\/dorogimedence.hu\\\/#\\\/schema\\\/person\\\/ce6091eeb7e95ecdc87890d6aa8e0fd4\"},\"headline\":\"B\u00e1ny\u00e1szati konferenci\u00e1t rendeztek Dorogon\",\"datePublished\":\"2024-05-03T11:23:35+00:00\",\"mainEntityOfPage\":{\"@id\":\"https:\\\/\\\/dorogimedence.hu\\\/index.php\\\/2024\\\/05\\\/03\\\/banyaszati-konferenciat-rendeztek-dorogon-2\\\/\"},\"wordCount\":384,\"publisher\":{\"@id\":\"https:\\\/\\\/dorogimedence.hu\\\/#organization\"},\"image\":{\"@id\":\"https:\\\/\\\/dorogimedence.hu\\\/index.php\\\/2024\\\/05\\\/03\\\/banyaszati-konferenciat-rendeztek-dorogon-2\\\/#primaryimage\"},\"thumbnailUrl\":\"https:\\\/\\\/dorogimedence.hu\\\/wp-content\\\/uploads\\\/2024\\\/05\\\/konferencia.jpg\",\"keywords\":[\"b\u00e1ny\u00e1szat\",\"b\u00e1ny\u00e1szati konferencia\",\"Dorog\",\"konferencia\",\"Reimann B\u00e1ny\u00e1szatt\u00f6rt\u00e9neti Miniverzum\"],\"articleSection\":[\"Dorog\",\"H\u00edrek\"],\"inLanguage\":\"hu\"},{\"@type\":\"WebPage\",\"@id\":\"https:\\\/\\\/dorogimedence.hu\\\/index.php\\\/2024\\\/05\\\/03\\\/banyaszati-konferenciat-rendeztek-dorogon-2\\\/\",\"url\":\"https:\\\/\\\/dorogimedence.hu\\\/index.php\\\/2024\\\/05\\\/03\\\/banyaszati-konferenciat-rendeztek-dorogon-2\\\/\",\"name\":\"B\u00e1ny\u00e1szati konferenci\u00e1t rendeztek Dorogon\",\"isPartOf\":{\"@id\":\"https:\\\/\\\/dorogimedence.hu\\\/#website\"},\"primaryImageOfPage\":{\"@id\":\"https:\\\/\\\/dorogimedence.hu\\\/index.php\\\/2024\\\/05\\\/03\\\/banyaszati-konferenciat-rendeztek-dorogon-2\\\/#primaryimage\"},\"image\":{\"@id\":\"https:\\\/\\\/dorogimedence.hu\\\/index.php\\\/2024\\\/05\\\/03\\\/banyaszati-konferenciat-rendeztek-dorogon-2\\\/#primaryimage\"},\"thumbnailUrl\":\"https:\\\/\\\/dorogimedence.hu\\\/wp-content\\\/uploads\\\/2024\\\/05\\\/konferencia.jpg\",\"datePublished\":\"2024-05-03T11:23:35+00:00\",\"breadcrumb\":{\"@id\":\"https:\\\/\\\/dorogimedence.hu\\\/index.php\\\/2024\\\/05\\\/03\\\/banyaszati-konferenciat-rendeztek-dorogon-2\\\/#breadcrumb\"},\"inLanguage\":\"hu\",\"potentialAction\":[{\"@type\":\"ReadAction\",\"target\":[\"https:\\\/\\\/dorogimedence.hu\\\/index.php\\\/2024\\\/05\\\/03\\\/banyaszati-konferenciat-rendeztek-dorogon-2\\\/\"]}]},{\"@type\":\"ImageObject\",\"inLanguage\":\"hu\",\"@id\":\"https:\\\/\\\/dorogimedence.hu\\\/index.php\\\/2024\\\/05\\\/03\\\/banyaszati-konferenciat-rendeztek-dorogon-2\\\/#primaryimage\",\"url\":\"https:\\\/\\\/dorogimedence.hu\\\/wp-content\\\/uploads\\\/2024\\\/05\\\/konferencia.jpg\",\"contentUrl\":\"https:\\\/\\\/dorogimedence.hu\\\/wp-content\\\/uploads\\\/2024\\\/05\\\/konferencia.jpg\",\"width\":1920,\"height\":970},{\"@type\":\"BreadcrumbList\",\"@id\":\"https:\\\/\\\/dorogimedence.hu\\\/index.php\\\/2024\\\/05\\\/03\\\/banyaszati-konferenciat-rendeztek-dorogon-2\\\/#breadcrumb\",\"itemListElement\":[{\"@type\":\"ListItem\",\"position\":1,\"name\":\"Kezd\u0151lap\",\"item\":\"https:\\\/\\\/dorogimedence.hu\\\/\"},{\"@type\":\"ListItem\",\"position\":2,\"name\":\"B\u00e1ny\u00e1szati konferenci\u00e1t rendeztek Dorogon\"}]},{\"@type\":\"WebSite\",\"@id\":\"https:\\\/\\\/dorogimedence.hu\\\/#website\",\"url\":\"https:\\\/\\\/dorogimedence.hu\\\/\",\"name\":\"Dorogi-medence Region\u00e1lis H\u00edrport\u00e1l\",\"description\":\"Dorog, Keszt\u00f6lc, Le\u00e1nyv\u00e1r, Piliscs\u00e9v, Tokod, Tokodalt\u00e1r\u00f3, Csolnok, Esztergom-kertv\u00e1ros: h\u00edrek, programok\",\"publisher\":{\"@id\":\"https:\\\/\\\/dorogimedence.hu\\\/#organization\"},\"potentialAction\":[{\"@type\":\"SearchAction\",\"target\":{\"@type\":\"EntryPoint\",\"urlTemplate\":\"https:\\\/\\\/dorogimedence.hu\\\/?s={search_term_string}\"},\"query-input\":{\"@type\":\"PropertyValueSpecification\",\"valueRequired\":true,\"valueName\":\"search_term_string\"}}],\"inLanguage\":\"hu\"},{\"@type\":\"Organization\",\"@id\":\"https:\\\/\\\/dorogimedence.hu\\\/#organization\",\"name\":\"Dorogi-medence Region\u00e1lis H\u00edrport\u00e1l\",\"url\":\"https:\\\/\\\/dorogimedence.hu\\\/\",\"logo\":{\"@type\":\"ImageObject\",\"inLanguage\":\"hu\",\"@id\":\"https:\\\/\\\/dorogimedence.hu\\\/#\\\/schema\\\/logo\\\/image\\\/\",\"url\":\"https:\\\/\\\/dorogimedence.hu\\\/wp-content\\\/uploads\\\/2021\\\/04\\\/logo-feher-600.png\",\"contentUrl\":\"https:\\\/\\\/dorogimedence.hu\\\/wp-content\\\/uploads\\\/2021\\\/04\\\/logo-feher-600.png\",\"width\":600,\"height\":100,\"caption\":\"Dorogi-medence Region\u00e1lis H\u00edrport\u00e1l\"},\"image\":{\"@id\":\"https:\\\/\\\/dorogimedence.hu\\\/#\\\/schema\\\/logo\\\/image\\\/\"},\"sameAs\":[\"https:\\\/\\\/www.facebook.com\\\/dorogimedence\\\/\"]},{\"@type\":\"Person\",\"@id\":\"https:\\\/\\\/dorogimedence.hu\\\/#\\\/schema\\\/person\\\/ce6091eeb7e95ecdc87890d6aa8e0fd4\",\"name\":\"dorogimedence.hu\",\"image\":{\"@type\":\"ImageObject\",\"inLanguage\":\"hu\",\"@id\":\"\\\/\\\/www.gravatar.com\\\/avatar\\\/d8d45f8901aadff40a4af72c0b826f1d?s=96&#038;r=g&#038;d=mm\",\"url\":\"\\\/\\\/www.gravatar.com\\\/avatar\\\/d8d45f8901aadff40a4af72c0b826f1d?s=96&#038;r=g&#038;d=mm\",\"contentUrl\":\"\\\/\\\/www.gravatar.com\\\/avatar\\\/d8d45f8901aadff40a4af72c0b826f1d?s=96&#038;r=g&#038;d=mm\",\"caption\":\"dorogimedence.hu\"}}]}<\/script>\n<!-- \/ Yoast SEO plugin. -->","yoast_head_json":{"title":"B\u00e1ny\u00e1szati konferenci\u00e1t rendeztek Dorogon","robots":{"index":"index","follow":"follow","max-snippet":"max-snippet:-1","max-image-preview":"max-image-preview:large","max-video-preview":"max-video-preview:-1"},"canonical":"https:\/\/dorogimedence.hu\/index.php\/2024\/05\/03\/banyaszati-konferenciat-rendeztek-dorogon-2\/","og_locale":"hu_HU","og_type":"article","og_title":"B\u00e1ny\u00e1szati konferenci\u00e1t rendeztek Dorogon","og_description":"A Reimann B\u00e1ny\u00e1szatt\u00f6rt\u00e9neti Miniverzumban \u00e1prilis 26-\u00e1n t\u00e9rs\u00e9gi konferenci\u00e1t rendeztek B\u00e1ny\u00e1sz \u00c9rt\u00e9keink Nyom\u00e1ban c\u00edmmel. Szab\u00f3-Berghauer Zolt\u00e1n int\u00e9zm\u00e9nyvezet\u0151 k\u00f6sz\u00f6nt\u0151j\u00e9ben feleleven\u00edtette a felh\u00edv\u00e1s szempontjait. Ezek k\u00f6z\u00f6tt szerepelt b\u00e1ny\u00e1sz \u00e9rt\u00e9keink kezel\u00e9se, \u00f3v\u00e1sa \u00e9s gy\u0171jt\u00e9se, valamint azok nyilv\u00e1noss\u00e1, el\u00e9rhet\u0151v\u00e9 t\u00e9tele \u2013 tov\u00e1bb\u00e1 az, hogy a t\u00e9rs\u00e9g telep\u00fcl\u00e9seinek ebben \u00f6ssze kell fognia, s hogy az egy\u00fcttm\u0171k\u00f6d\u00e9sre mind int\u00e9zm\u00e9nyi, mind \u00f6nkorm\u00e1nyzati szinten","og_url":"https:\/\/dorogimedence.hu\/index.php\/2024\/05\/03\/banyaszati-konferenciat-rendeztek-dorogon-2\/","og_site_name":"Dorogi-medence Region\u00e1lis H\u00edrport\u00e1l","article_publisher":"https:\/\/www.facebook.com\/dorogimedence\/","article_published_time":"2024-05-03T11:23:35+00:00","og_image":[{"width":1920,"height":970,"url":"https:\/\/dorogimedence.hu\/wp-content\/uploads\/2024\/05\/konferencia.jpg","type":"image\/jpeg"}],"author":"dorogimedence.hu","twitter_card":"summary_large_image","twitter_misc":{"Szerz\u0151:":"dorogimedence.hu","Becs\u00fclt olvas\u00e1si id\u0151":"2 perc"},"schema":{"@context":"https:\/\/schema.org","@graph":[{"@type":"Article","@id":"https:\/\/dorogimedence.hu\/index.php\/2024\/05\/03\/banyaszati-konferenciat-rendeztek-dorogon-2\/#article","isPartOf":{"@id":"https:\/\/dorogimedence.hu\/index.php\/2024\/05\/03\/banyaszati-konferenciat-rendeztek-dorogon-2\/"},"author":{"name":"dorogimedence.hu","@id":"https:\/\/dorogimedence.hu\/#\/schema\/person\/ce6091eeb7e95ecdc87890d6aa8e0fd4"},"headline":"B\u00e1ny\u00e1szati konferenci\u00e1t rendeztek Dorogon","datePublished":"2024-05-03T11:23:35+00:00","mainEntityOfPage":{"@id":"https:\/\/dorogimedence.hu\/index.php\/2024\/05\/03\/banyaszati-konferenciat-rendeztek-dorogon-2\/"},"wordCount":384,"publisher":{"@id":"https:\/\/dorogimedence.hu\/#organization"},"image":{"@id":"https:\/\/dorogimedence.hu\/index.php\/2024\/05\/03\/banyaszati-konferenciat-rendeztek-dorogon-2\/#primaryimage"},"thumbnailUrl":"https:\/\/dorogimedence.hu\/wp-content\/uploads\/2024\/05\/konferencia.jpg","keywords":["b\u00e1ny\u00e1szat","b\u00e1ny\u00e1szati konferencia","Dorog","konferencia","Reimann B\u00e1ny\u00e1szatt\u00f6rt\u00e9neti Miniverzum"],"articleSection":["Dorog","H\u00edrek"],"inLanguage":"hu"},{"@type":"WebPage","@id":"https:\/\/dorogimedence.hu\/index.php\/2024\/05\/03\/banyaszati-konferenciat-rendeztek-dorogon-2\/","url":"https:\/\/dorogimedence.hu\/index.php\/2024\/05\/03\/banyaszati-konferenciat-rendeztek-dorogon-2\/","name":"B\u00e1ny\u00e1szati konferenci\u00e1t rendeztek Dorogon","isPartOf":{"@id":"https:\/\/dorogimedence.hu\/#website"},"primaryImageOfPage":{"@id":"https:\/\/dorogimedence.hu\/index.php\/2024\/05\/03\/banyaszati-konferenciat-rendeztek-dorogon-2\/#primaryimage"},"image":{"@id":"https:\/\/dorogimedence.hu\/index.php\/2024\/05\/03\/banyaszati-konferenciat-rendeztek-dorogon-2\/#primaryimage"},"thumbnailUrl":"https:\/\/dorogimedence.hu\/wp-content\/uploads\/2024\/05\/konferencia.jpg","datePublished":"2024-05-03T11:23:35+00:00","breadcrumb":{"@id":"https:\/\/dorogimedence.hu\/index.php\/2024\/05\/03\/banyaszati-konferenciat-rendeztek-dorogon-2\/#breadcrumb"},"inLanguage":"hu","potentialAction":[{"@type":"ReadAction","target":["https:\/\/dorogimedence.hu\/index.php\/2024\/05\/03\/banyaszati-konferenciat-rendeztek-dorogon-2\/"]}]},{"@type":"ImageObject","inLanguage":"hu","@id":"https:\/\/dorogimedence.hu\/index.php\/2024\/05\/03\/banyaszati-konferenciat-rendeztek-dorogon-2\/#primaryimage","url":"https:\/\/dorogimedence.hu\/wp-content\/uploads\/2024\/05\/konferencia.jpg","contentUrl":"https:\/\/dorogimedence.hu\/wp-content\/uploads\/2024\/05\/konferencia.jpg","width":1920,"height":970},{"@type":"BreadcrumbList","@id":"https:\/\/dorogimedence.hu\/index.php\/2024\/05\/03\/banyaszati-konferenciat-rendeztek-dorogon-2\/#breadcrumb","itemListElement":[{"@type":"ListItem","position":1,"name":"Kezd\u0151lap","item":"https:\/\/dorogimedence.hu\/"},{"@type":"ListItem","position":2,"name":"B\u00e1ny\u00e1szati konferenci\u00e1t rendeztek Dorogon"}]},{"@type":"WebSite","@id":"https:\/\/dorogimedence.hu\/#website","url":"https:\/\/dorogimedence.hu\/","name":"Dorogi-medence Region\u00e1lis H\u00edrport\u00e1l","description":"Dorog, Keszt\u00f6lc, Le\u00e1nyv\u00e1r, Piliscs\u00e9v, Tokod, Tokodalt\u00e1r\u00f3, Csolnok, Esztergom-kertv\u00e1ros: h\u00edrek, programok","publisher":{"@id":"https:\/\/dorogimedence.hu\/#organization"},"potentialAction":[{"@type":"SearchAction","target":{"@type":"EntryPoint","urlTemplate":"https:\/\/dorogimedence.hu\/?s={search_term_string}"},"query-input":{"@type":"PropertyValueSpecification","valueRequired":true,"valueName":"search_term_string"}}],"inLanguage":"hu"},{"@type":"Organization","@id":"https:\/\/dorogimedence.hu\/#organization","name":"Dorogi-medence Region\u00e1lis H\u00edrport\u00e1l","url":"https:\/\/dorogimedence.hu\/","logo":{"@type":"ImageObject","inLanguage":"hu","@id":"https:\/\/dorogimedence.hu\/#\/schema\/logo\/image\/","url":"https:\/\/dorogimedence.hu\/wp-content\/uploads\/2021\/04\/logo-feher-600.png","contentUrl":"https:\/\/dorogimedence.hu\/wp-content\/uploads\/2021\/04\/logo-feher-600.png","width":600,"height":100,"caption":"Dorogi-medence Region\u00e1lis H\u00edrport\u00e1l"},"image":{"@id":"https:\/\/dorogimedence.hu\/#\/schema\/logo\/image\/"},"sameAs":["https:\/\/www.facebook.com\/dorogimedence\/"]},{"@type":"Person","@id":"https:\/\/dorogimedence.hu\/#\/schema\/person\/ce6091eeb7e95ecdc87890d6aa8e0fd4","name":"dorogimedence.hu","image":{"@type":"ImageObject","inLanguage":"hu","@id":"\/\/www.gravatar.com\/avatar\/d8d45f8901aadff40a4af72c0b826f1d?s=96&#038;r=g&#038;d=mm","url":"\/\/www.gravatar.com\/avatar\/d8d45f8901aadff40a4af72c0b826f1d?s=96&#038;r=g&#038;d=mm","contentUrl":"\/\/www.gravatar.com\/avatar\/d8d45f8901aadff40a4af72c0b826f1d?s=96&#038;r=g&#038;d=mm","caption":"dorogimedence.hu"}}]}},"_links":{"self":[{"href":"https:\/\/dorogimedence.hu\/index.php\/wp-json\/wp\/v2\/posts\/61683","targetHints":{"allow":["GET"]}}],"collection":[{"href":"https:\/\/dorogimedence.hu\/index.php\/wp-json\/wp\/v2\/posts"}],"about":[{"href":"https:\/\/dorogimedence.hu\/index.php\/wp-json\/wp\/v2\/types\/post"}],"author":[{"embeddable":true,"href":"https:\/\/dorogimedence.hu\/index.php\/wp-json\/wp\/v2\/users\/1"}],"replies":[{"embeddable":true,"href":"https:\/\/dorogimedence.hu\/index.php\/wp-json\/wp\/v2\/comments?post=61683"}],"version-history":[{"count":0,"href":"https:\/\/dorogimedence.hu\/index.php\/wp-json\/wp\/v2\/posts\/61683\/revisions"}],"wp:featuredmedia":[{"embeddable":true,"href":"https:\/\/dorogimedence.hu\/index.php\/wp-json\/wp\/v2\/media\/61684"}],"wp:attachment":[{"href":"https:\/\/dorogimedence.hu\/index.php\/wp-json\/wp\/v2\/media?parent=61683"}],"wp:term":[{"taxonomy":"category","embeddable":true,"href":"https:\/\/dorogimedence.hu\/index.php\/wp-json\/wp\/v2\/categories?post=61683"},{"taxonomy":"post_tag","embeddable":true,"href":"https:\/\/dorogimedence.hu\/index.php\/wp-json\/wp\/v2\/tags?post=61683"}],"curies":[{"name":"wp","href":"https:\/\/api.w.org\/{rel}","templated":true}]}}