{"id":6163,"date":"2017-10-10T17:22:34","date_gmt":"2017-10-10T15:22:34","guid":{"rendered":"http:\/\/dorogimedence.hu\/?p=6163"},"modified":"2017-10-10T17:21:11","modified_gmt":"2017-10-10T15:21:11","slug":"elhunyt-kovacs-lajos-dorog-diszpolgara","status":"publish","type":"post","link":"https:\/\/dorogimedence.hu\/index.php\/2017\/10\/10\/elhunyt-kovacs-lajos-dorog-diszpolgara\/","title":{"rendered":"Elhunyt Kov\u00e1cs Lajos, Dorog D\u00edszpolg\u00e1ra"},"content":{"rendered":"<p><strong>Okt\u00f3ber 9-\u00e9n, h\u00e9tf\u0151 este, 67 \u00e9vesen elhunyt Kov\u00e1cs Lajos tan\u00e1r, \u00edr\u00f3, szerkeszt\u0151, helyt\u00f6rt\u00e9neti kutat\u00f3, Dorog V\u00e1ros D\u00edszpolg\u00e1ra. 1982-t\u0151l 2013-ig tan\u00edtott a dorogi Zr\u00ednyi iskol\u00e1ban, valamint 1990-2013-ig igazgat\u00f3ja is volt az int\u00e9zm\u00e9nynek.<\/strong><\/p>\n<p>Olvas\u00f3ink is megismerhett\u00e9k a szenz\u00e1ci\u00f3s kutat\u00e1sait, hiszen a dorogimedence.hu Dorogi Barangol\u00e1sok c\u00edm\u0171 t\u00f6rt\u00e9nelmi sorozat\u00e1nak 33 r\u00e9sz\u00e9b\u0151l 20-at \u0151 \u00edrt. A lelkes kutat\u00e1sa betegs\u00e9ge ellen\u00e9re sem \u00e1ll\u00edtotta meg \u0151t, szerette volna \u00e1tadni az utols\u00f3 pillanatig minden helyi lakosnak a sok \u00e9vtized alatt \u00f6sszegy\u0171jt\u00f6tt tud\u00e1s\u00e1t. Igyekezett minden h\u00e9ten \u00fajabb, a v\u00e1rosunk t\u00f6rt\u00e9nelm\u00e9r\u0151l sz\u00f3l\u00f3 kutat\u00e1sokat \u00edrni. Szorgos, kiv\u00e1l\u00f3 munk\u00e1j\u00e1t az is igazolta, hogy egy-egy \u201ebarangol\u00e1s\u00e1t\u201d sok sz\u00e1zan olvast\u00e1k el n\u00e9h\u00e1ny nap alatt.<\/p>\n<p><span style=\"color: #ff0000;\"><em><strong>Kov\u00e1cs Lajost okt\u00f3ber 14-\u00e9n, szombaton 13 \u00f3rakor k\u00eds\u00e9rik \u00f6r\u00f6k nyugalomra a dorogi temet\u0151ben.<\/strong><\/em><\/span><\/p>\n<p><strong><em>Kutat\u00e1sai \u00f6r\u00f6kk\u00e9 vel\u00fcnk maradnak, nyugodj\u00e9k b\u00e9k\u00e9ben!<\/em><\/strong><\/p>\n<p><strong><u>\u00c9let\u00fatja:<\/u><\/strong><\/p>\n<p>Kov\u00e1cs Lajos 1949. november 3-\u00e1n, Piliscsab\u00e1n sz\u00fcletetett, majd 1956-ban k\u00f6lt\u00f6z\u00f6tt Dorogra. Esztergomban 1971-ben tan\u00edt\u00f3i, P\u00e9csen pedig magyartan\u00e1ri diplom\u00e1t szerzett. 1982-t\u0151l tan\u00edtott Dorogon a Zr\u00ednyi iskol\u00e1ban. 1990-t\u0151l 2013-ig igazgat\u00f3ja volt az int\u00e9zm\u00e9nynek. A Kom\u00e1rom-Esztergom Megyei \u00cdr\u00f3csoport titk\u00e1ra, a megyei irodalomt\u00f6rt\u00e9neti t\u00e1rsas\u00e1g eln\u00f6ke volt.<\/p>\n<p>1973 \u00f3ta foly\u00f3iratokban, \u00f6n\u00e1ll\u00f3 k\u00f6tetekben publik\u00e1lt. Szerkeszt\u0151je volt a Kincskeres\u0151 gyermekirodalmi lapoknak, az \u00daj Forr\u00e1snak, illetve a Kom\u00e1rom-Esztergom Megyei M\u0171v\u00e9szeti M\u0171helynek. Alap\u00edt\u00f3 szerkeszt\u0151je volt a H\u00edrharang gyermekh\u00edrad\u00f3nak, a K\u00f6zh\u00edrr\u00e9 T\u00e9tetik Dorogon v\u00e1rosi lapnak, illetve az 50 feletti r\u00e9sszel b\u00fcszk\u00e9lked\u0151 Dorogi f\u00fczetek helyt\u00f6rt\u00e9neti kiadv\u00e1nysorozatnak. Tov\u00e1bb\u00e1 egyik \u00edr\u00f3ja \u00e9s szerkeszt\u0151je volt a Dorogi lexikonnak. Tan\u00edtv\u00e1nyaival rendszeresen r\u00e9szt vett tanulm\u00e1nyi versenyeken, p\u00e1ly\u00e1zatokon, ahol \u00e9rt\u00e9kes d\u00edjakat nyertek el. <strong><em>Lajos b\u00e1csival kor\u00e1bban interj\u00fat k\u00e9sz\u00edtett\u00fcnk \u00e9let\u00e9r\u0151l, illetve munk\u00e1ss\u00e1g\u00e1r\u00f3l, amit <a href=\"https:\/\/dorogimedence.hu\/index.php\/2017\/07\/07\/a-dorogi-helytortenet-legjobb-ismeroje\/\" target=\"_blank\" rel=\"noopener\"><span style=\"text-decoration: underline; color: #0000ff;\">itt olvashatunk el<\/span><\/a>.<\/em><\/strong><\/p>\n<p><strong>D\u00edjai:<\/strong> M\u00f3ricz Zsigmond \u00f6szt\u00f6nd\u00edj (1980), Mozg\u00f3 vil\u00e1g: irodalmi p\u00e1ly\u00e1zat 3. d\u00edj (1980), Hangj\u00e1t\u00e9kp\u00e1ly\u00e1zat 3. d\u00edj (1981), Kom\u00e1rom megyei irodalmi \u00f6szt\u00f6nd\u00edj (1985), Bihari irodalmi p\u00e1ly\u00e1zat 1. d\u00edj (1987), MTA VEAB p\u00e1ly\u00e1zat k\u00f6z\u00f6s 1. d\u00edj (1991), Kom\u00e1rom-Esztergom megyei Irodalomt\u00f6rt\u00e9neti T\u00e1rsas\u00e1g p\u00e1ly\u00e1zata 1. d\u00edj (1994). Kom\u00e1romi J\u00f3kai M\u00f3r-p\u00e1ly\u00e1zat 2. d\u00edj (2007).<\/p>\n<p><strong>Kit\u00fcntet\u00e9sei:<\/strong> Szocialista kult\u00far\u00e1\u00e9rt kit\u00fcntet\u00e9s (1985); megosztott Pro Urbe D\u00edj (Zr\u00ednyi iskola munkacsoportj\u00e1ban 1998), Dorogiak Dorog\u00e9rt elismer\u0151 oklev\u00e9l (2000), Dorog V\u00e1ros Pro Urbe D\u00edj (2009). Megyei Pr\u00edma D\u00edj (2011), Kom\u00e1rom-Esztergom Megy\u00e9\u00e9rt D\u00edj (2012). Dorog V\u00e1ros D\u00edszpolg\u00e1ra (2017).<\/p>\n<p>&nbsp;<\/p>\n","protected":false},"excerpt":{"rendered":"<p>Okt\u00f3ber 9-\u00e9n, h\u00e9tf\u0151 este, 67 \u00e9vesen elhunyt Kov\u00e1cs Lajos tan\u00e1r, \u00edr\u00f3, szerkeszt\u0151, helyt\u00f6rt\u00e9neti kutat\u00f3, Dorog V\u00e1ros D\u00edszpolg\u00e1ra. 1982-t\u0151l 2013-ig tan\u00edtott a dorogi Zr\u00ednyi iskol\u00e1ban, valamint 1990-2013-ig igazgat\u00f3ja is volt az int\u00e9zm\u00e9nynek. Olvas\u00f3ink is megismerhett\u00e9k a szenz\u00e1ci\u00f3s kutat\u00e1sait, hiszen a dorogimedence.hu Dorogi Barangol\u00e1sok c\u00edm\u0171 t\u00f6rt\u00e9nelmi sorozat\u00e1nak 33 r\u00e9sz\u00e9b\u0151l 20-at \u0151 \u00edrt. A lelkes kutat\u00e1sa betegs\u00e9ge ellen\u00e9re<\/p>\n","protected":false},"author":1,"featured_media":6164,"comment_status":"closed","ping_status":"closed","sticky":false,"template":"","format":"standard","meta":{"ngg_post_thumbnail":0,"footnotes":""},"categories":[2,3],"tags":[15,1691,1249],"class_list":{"0":"post-6163","1":"post","2":"type-post","3":"status-publish","4":"format-standard","5":"has-post-thumbnail","7":"category-dorog","8":"category-hirek","9":"tag-dorog","10":"tag-gyaszhir","11":"tag-kovacs-lajos"},"yoast_head":"<!-- This site is optimized with the Yoast SEO plugin v27.5 - https:\/\/yoast.com\/product\/yoast-seo-wordpress\/ -->\n<title>Elhunyt Kov\u00e1cs Lajos, Dorog D\u00edszpolg\u00e1ra<\/title>\n<meta name=\"robots\" content=\"index, follow, max-snippet:-1, max-image-preview:large, max-video-preview:-1\" \/>\n<link rel=\"canonical\" href=\"https:\/\/dorogimedence.hu\/index.php\/2017\/10\/10\/elhunyt-kovacs-lajos-dorog-diszpolgara\/\" class=\"yoast-seo-meta-tag\" \/>\n<meta property=\"og:locale\" content=\"hu_HU\" class=\"yoast-seo-meta-tag\" \/>\n<meta property=\"og:type\" content=\"article\" class=\"yoast-seo-meta-tag\" \/>\n<meta property=\"og:title\" content=\"Elhunyt Kov\u00e1cs Lajos, Dorog D\u00edszpolg\u00e1ra\" class=\"yoast-seo-meta-tag\" \/>\n<meta property=\"og:description\" content=\"Okt\u00f3ber 9-\u00e9n, h\u00e9tf\u0151 este, 67 \u00e9vesen elhunyt Kov\u00e1cs Lajos tan\u00e1r, \u00edr\u00f3, szerkeszt\u0151, helyt\u00f6rt\u00e9neti kutat\u00f3, Dorog V\u00e1ros D\u00edszpolg\u00e1ra. 1982-t\u0151l 2013-ig tan\u00edtott a dorogi Zr\u00ednyi iskol\u00e1ban, valamint 1990-2013-ig igazgat\u00f3ja is volt az int\u00e9zm\u00e9nynek. Olvas\u00f3ink is megismerhett\u00e9k a szenz\u00e1ci\u00f3s kutat\u00e1sait, hiszen a dorogimedence.hu Dorogi Barangol\u00e1sok c\u00edm\u0171 t\u00f6rt\u00e9nelmi sorozat\u00e1nak 33 r\u00e9sz\u00e9b\u0151l 20-at \u0151 \u00edrt. A lelkes kutat\u00e1sa betegs\u00e9ge ellen\u00e9re\" class=\"yoast-seo-meta-tag\" \/>\n<meta property=\"og:url\" content=\"https:\/\/dorogimedence.hu\/index.php\/2017\/10\/10\/elhunyt-kovacs-lajos-dorog-diszpolgara\/\" class=\"yoast-seo-meta-tag\" \/>\n<meta property=\"og:site_name\" content=\"Dorogi-medence Region\u00e1lis H\u00edrport\u00e1l\" class=\"yoast-seo-meta-tag\" \/>\n<meta property=\"article:publisher\" content=\"https:\/\/www.facebook.com\/dorogimedence\/\" class=\"yoast-seo-meta-tag\" \/>\n<meta property=\"article:published_time\" content=\"2017-10-10T15:22:34+00:00\" class=\"yoast-seo-meta-tag\" \/>\n<meta property=\"og:image\" content=\"https:\/\/i0.wp.com\/dorogimedence.hu\/wp-content\/uploads\/2017\/10\/kovacs-lajos-03.jpg?fit=670%2C365&ssl=1\" class=\"yoast-seo-meta-tag\" \/>\n\t<meta property=\"og:image:width\" content=\"670\" class=\"yoast-seo-meta-tag\" \/>\n\t<meta property=\"og:image:height\" content=\"365\" class=\"yoast-seo-meta-tag\" \/>\n\t<meta property=\"og:image:type\" content=\"image\/jpeg\" class=\"yoast-seo-meta-tag\" \/>\n<meta name=\"author\" content=\"dorogimedence.hu\" class=\"yoast-seo-meta-tag\" \/>\n<meta name=\"twitter:card\" content=\"summary_large_image\" class=\"yoast-seo-meta-tag\" \/>\n<meta name=\"twitter:label1\" content=\"Szerz\u0151:\" class=\"yoast-seo-meta-tag\" \/>\n\t<meta name=\"twitter:data1\" content=\"dorogimedence.hu\" class=\"yoast-seo-meta-tag\" \/>\n\t<meta name=\"twitter:label2\" content=\"Becs\u00fclt olvas\u00e1si id\u0151\" class=\"yoast-seo-meta-tag\" \/>\n\t<meta name=\"twitter:data2\" content=\"3 perc\" class=\"yoast-seo-meta-tag\" \/>\n<script type=\"application\/ld+json\" class=\"yoast-schema-graph\">{\"@context\":\"https:\\\/\\\/schema.org\",\"@graph\":[{\"@type\":\"Article\",\"@id\":\"https:\\\/\\\/dorogimedence.hu\\\/index.php\\\/2017\\\/10\\\/10\\\/elhunyt-kovacs-lajos-dorog-diszpolgara\\\/#article\",\"isPartOf\":{\"@id\":\"https:\\\/\\\/dorogimedence.hu\\\/index.php\\\/2017\\\/10\\\/10\\\/elhunyt-kovacs-lajos-dorog-diszpolgara\\\/\"},\"author\":{\"name\":\"dorogimedence.hu\",\"@id\":\"https:\\\/\\\/dorogimedence.hu\\\/#\\\/schema\\\/person\\\/ce6091eeb7e95ecdc87890d6aa8e0fd4\"},\"headline\":\"Elhunyt Kov\u00e1cs Lajos, Dorog D\u00edszpolg\u00e1ra\",\"datePublished\":\"2017-10-10T15:22:34+00:00\",\"mainEntityOfPage\":{\"@id\":\"https:\\\/\\\/dorogimedence.hu\\\/index.php\\\/2017\\\/10\\\/10\\\/elhunyt-kovacs-lajos-dorog-diszpolgara\\\/\"},\"wordCount\":510,\"publisher\":{\"@id\":\"https:\\\/\\\/dorogimedence.hu\\\/#organization\"},\"image\":{\"@id\":\"https:\\\/\\\/dorogimedence.hu\\\/index.php\\\/2017\\\/10\\\/10\\\/elhunyt-kovacs-lajos-dorog-diszpolgara\\\/#primaryimage\"},\"thumbnailUrl\":\"https:\\\/\\\/dorogimedence.hu\\\/wp-content\\\/uploads\\\/2017\\\/10\\\/kovacs-lajos-03.jpg\",\"keywords\":[\"Dorog\",\"gy\u00e1szh\u00edr\",\"Kov\u00e1cs Lajos\"],\"articleSection\":[\"Dorog\",\"H\u00edrek\"],\"inLanguage\":\"hu\"},{\"@type\":\"WebPage\",\"@id\":\"https:\\\/\\\/dorogimedence.hu\\\/index.php\\\/2017\\\/10\\\/10\\\/elhunyt-kovacs-lajos-dorog-diszpolgara\\\/\",\"url\":\"https:\\\/\\\/dorogimedence.hu\\\/index.php\\\/2017\\\/10\\\/10\\\/elhunyt-kovacs-lajos-dorog-diszpolgara\\\/\",\"name\":\"Elhunyt Kov\u00e1cs Lajos, Dorog D\u00edszpolg\u00e1ra\",\"isPartOf\":{\"@id\":\"https:\\\/\\\/dorogimedence.hu\\\/#website\"},\"primaryImageOfPage\":{\"@id\":\"https:\\\/\\\/dorogimedence.hu\\\/index.php\\\/2017\\\/10\\\/10\\\/elhunyt-kovacs-lajos-dorog-diszpolgara\\\/#primaryimage\"},\"image\":{\"@id\":\"https:\\\/\\\/dorogimedence.hu\\\/index.php\\\/2017\\\/10\\\/10\\\/elhunyt-kovacs-lajos-dorog-diszpolgara\\\/#primaryimage\"},\"thumbnailUrl\":\"https:\\\/\\\/dorogimedence.hu\\\/wp-content\\\/uploads\\\/2017\\\/10\\\/kovacs-lajos-03.jpg\",\"datePublished\":\"2017-10-10T15:22:34+00:00\",\"breadcrumb\":{\"@id\":\"https:\\\/\\\/dorogimedence.hu\\\/index.php\\\/2017\\\/10\\\/10\\\/elhunyt-kovacs-lajos-dorog-diszpolgara\\\/#breadcrumb\"},\"inLanguage\":\"hu\",\"potentialAction\":[{\"@type\":\"ReadAction\",\"target\":[\"https:\\\/\\\/dorogimedence.hu\\\/index.php\\\/2017\\\/10\\\/10\\\/elhunyt-kovacs-lajos-dorog-diszpolgara\\\/\"]}]},{\"@type\":\"ImageObject\",\"inLanguage\":\"hu\",\"@id\":\"https:\\\/\\\/dorogimedence.hu\\\/index.php\\\/2017\\\/10\\\/10\\\/elhunyt-kovacs-lajos-dorog-diszpolgara\\\/#primaryimage\",\"url\":\"https:\\\/\\\/dorogimedence.hu\\\/wp-content\\\/uploads\\\/2017\\\/10\\\/kovacs-lajos-03.jpg\",\"contentUrl\":\"https:\\\/\\\/dorogimedence.hu\\\/wp-content\\\/uploads\\\/2017\\\/10\\\/kovacs-lajos-03.jpg\",\"width\":670,\"height\":365},{\"@type\":\"BreadcrumbList\",\"@id\":\"https:\\\/\\\/dorogimedence.hu\\\/index.php\\\/2017\\\/10\\\/10\\\/elhunyt-kovacs-lajos-dorog-diszpolgara\\\/#breadcrumb\",\"itemListElement\":[{\"@type\":\"ListItem\",\"position\":1,\"name\":\"Kezd\u0151lap\",\"item\":\"https:\\\/\\\/dorogimedence.hu\\\/\"},{\"@type\":\"ListItem\",\"position\":2,\"name\":\"Elhunyt Kov\u00e1cs Lajos, Dorog D\u00edszpolg\u00e1ra\"}]},{\"@type\":\"WebSite\",\"@id\":\"https:\\\/\\\/dorogimedence.hu\\\/#website\",\"url\":\"https:\\\/\\\/dorogimedence.hu\\\/\",\"name\":\"Dorogi-medence Region\u00e1lis H\u00edrport\u00e1l\",\"description\":\"Dorog, Keszt\u00f6lc, Le\u00e1nyv\u00e1r, Piliscs\u00e9v, Tokod, Tokodalt\u00e1r\u00f3, Csolnok, Esztergom-kertv\u00e1ros: h\u00edrek, programok\",\"publisher\":{\"@id\":\"https:\\\/\\\/dorogimedence.hu\\\/#organization\"},\"potentialAction\":[{\"@type\":\"SearchAction\",\"target\":{\"@type\":\"EntryPoint\",\"urlTemplate\":\"https:\\\/\\\/dorogimedence.hu\\\/?s={search_term_string}\"},\"query-input\":{\"@type\":\"PropertyValueSpecification\",\"valueRequired\":true,\"valueName\":\"search_term_string\"}}],\"inLanguage\":\"hu\"},{\"@type\":\"Organization\",\"@id\":\"https:\\\/\\\/dorogimedence.hu\\\/#organization\",\"name\":\"Dorogi-medence Region\u00e1lis H\u00edrport\u00e1l\",\"url\":\"https:\\\/\\\/dorogimedence.hu\\\/\",\"logo\":{\"@type\":\"ImageObject\",\"inLanguage\":\"hu\",\"@id\":\"https:\\\/\\\/dorogimedence.hu\\\/#\\\/schema\\\/logo\\\/image\\\/\",\"url\":\"https:\\\/\\\/dorogimedence.hu\\\/wp-content\\\/uploads\\\/2021\\\/04\\\/logo-feher-600.png\",\"contentUrl\":\"https:\\\/\\\/dorogimedence.hu\\\/wp-content\\\/uploads\\\/2021\\\/04\\\/logo-feher-600.png\",\"width\":600,\"height\":100,\"caption\":\"Dorogi-medence Region\u00e1lis H\u00edrport\u00e1l\"},\"image\":{\"@id\":\"https:\\\/\\\/dorogimedence.hu\\\/#\\\/schema\\\/logo\\\/image\\\/\"},\"sameAs\":[\"https:\\\/\\\/www.facebook.com\\\/dorogimedence\\\/\"]},{\"@type\":\"Person\",\"@id\":\"https:\\\/\\\/dorogimedence.hu\\\/#\\\/schema\\\/person\\\/ce6091eeb7e95ecdc87890d6aa8e0fd4\",\"name\":\"dorogimedence.hu\",\"image\":{\"@type\":\"ImageObject\",\"inLanguage\":\"hu\",\"@id\":\"\\\/\\\/www.gravatar.com\\\/avatar\\\/d8d45f8901aadff40a4af72c0b826f1d?s=96&#038;r=g&#038;d=mm\",\"url\":\"\\\/\\\/www.gravatar.com\\\/avatar\\\/d8d45f8901aadff40a4af72c0b826f1d?s=96&#038;r=g&#038;d=mm\",\"contentUrl\":\"\\\/\\\/www.gravatar.com\\\/avatar\\\/d8d45f8901aadff40a4af72c0b826f1d?s=96&#038;r=g&#038;d=mm\",\"caption\":\"dorogimedence.hu\"}}]}<\/script>\n<!-- \/ Yoast SEO plugin. -->","yoast_head_json":{"title":"Elhunyt Kov\u00e1cs Lajos, Dorog D\u00edszpolg\u00e1ra","robots":{"index":"index","follow":"follow","max-snippet":"max-snippet:-1","max-image-preview":"max-image-preview:large","max-video-preview":"max-video-preview:-1"},"canonical":"https:\/\/dorogimedence.hu\/index.php\/2017\/10\/10\/elhunyt-kovacs-lajos-dorog-diszpolgara\/","og_locale":"hu_HU","og_type":"article","og_title":"Elhunyt Kov\u00e1cs Lajos, Dorog D\u00edszpolg\u00e1ra","og_description":"Okt\u00f3ber 9-\u00e9n, h\u00e9tf\u0151 este, 67 \u00e9vesen elhunyt Kov\u00e1cs Lajos tan\u00e1r, \u00edr\u00f3, szerkeszt\u0151, helyt\u00f6rt\u00e9neti kutat\u00f3, Dorog V\u00e1ros D\u00edszpolg\u00e1ra. 1982-t\u0151l 2013-ig tan\u00edtott a dorogi Zr\u00ednyi iskol\u00e1ban, valamint 1990-2013-ig igazgat\u00f3ja is volt az int\u00e9zm\u00e9nynek. Olvas\u00f3ink is megismerhett\u00e9k a szenz\u00e1ci\u00f3s kutat\u00e1sait, hiszen a dorogimedence.hu Dorogi Barangol\u00e1sok c\u00edm\u0171 t\u00f6rt\u00e9nelmi sorozat\u00e1nak 33 r\u00e9sz\u00e9b\u0151l 20-at \u0151 \u00edrt. A lelkes kutat\u00e1sa betegs\u00e9ge ellen\u00e9re","og_url":"https:\/\/dorogimedence.hu\/index.php\/2017\/10\/10\/elhunyt-kovacs-lajos-dorog-diszpolgara\/","og_site_name":"Dorogi-medence Region\u00e1lis H\u00edrport\u00e1l","article_publisher":"https:\/\/www.facebook.com\/dorogimedence\/","article_published_time":"2017-10-10T15:22:34+00:00","og_image":[{"width":670,"height":365,"url":"https:\/\/i0.wp.com\/dorogimedence.hu\/wp-content\/uploads\/2017\/10\/kovacs-lajos-03.jpg?fit=670%2C365&ssl=1","type":"image\/jpeg"}],"author":"dorogimedence.hu","twitter_card":"summary_large_image","twitter_misc":{"Szerz\u0151:":"dorogimedence.hu","Becs\u00fclt olvas\u00e1si id\u0151":"3 perc"},"schema":{"@context":"https:\/\/schema.org","@graph":[{"@type":"Article","@id":"https:\/\/dorogimedence.hu\/index.php\/2017\/10\/10\/elhunyt-kovacs-lajos-dorog-diszpolgara\/#article","isPartOf":{"@id":"https:\/\/dorogimedence.hu\/index.php\/2017\/10\/10\/elhunyt-kovacs-lajos-dorog-diszpolgara\/"},"author":{"name":"dorogimedence.hu","@id":"https:\/\/dorogimedence.hu\/#\/schema\/person\/ce6091eeb7e95ecdc87890d6aa8e0fd4"},"headline":"Elhunyt Kov\u00e1cs Lajos, Dorog D\u00edszpolg\u00e1ra","datePublished":"2017-10-10T15:22:34+00:00","mainEntityOfPage":{"@id":"https:\/\/dorogimedence.hu\/index.php\/2017\/10\/10\/elhunyt-kovacs-lajos-dorog-diszpolgara\/"},"wordCount":510,"publisher":{"@id":"https:\/\/dorogimedence.hu\/#organization"},"image":{"@id":"https:\/\/dorogimedence.hu\/index.php\/2017\/10\/10\/elhunyt-kovacs-lajos-dorog-diszpolgara\/#primaryimage"},"thumbnailUrl":"https:\/\/dorogimedence.hu\/wp-content\/uploads\/2017\/10\/kovacs-lajos-03.jpg","keywords":["Dorog","gy\u00e1szh\u00edr","Kov\u00e1cs Lajos"],"articleSection":["Dorog","H\u00edrek"],"inLanguage":"hu"},{"@type":"WebPage","@id":"https:\/\/dorogimedence.hu\/index.php\/2017\/10\/10\/elhunyt-kovacs-lajos-dorog-diszpolgara\/","url":"https:\/\/dorogimedence.hu\/index.php\/2017\/10\/10\/elhunyt-kovacs-lajos-dorog-diszpolgara\/","name":"Elhunyt Kov\u00e1cs Lajos, Dorog D\u00edszpolg\u00e1ra","isPartOf":{"@id":"https:\/\/dorogimedence.hu\/#website"},"primaryImageOfPage":{"@id":"https:\/\/dorogimedence.hu\/index.php\/2017\/10\/10\/elhunyt-kovacs-lajos-dorog-diszpolgara\/#primaryimage"},"image":{"@id":"https:\/\/dorogimedence.hu\/index.php\/2017\/10\/10\/elhunyt-kovacs-lajos-dorog-diszpolgara\/#primaryimage"},"thumbnailUrl":"https:\/\/dorogimedence.hu\/wp-content\/uploads\/2017\/10\/kovacs-lajos-03.jpg","datePublished":"2017-10-10T15:22:34+00:00","breadcrumb":{"@id":"https:\/\/dorogimedence.hu\/index.php\/2017\/10\/10\/elhunyt-kovacs-lajos-dorog-diszpolgara\/#breadcrumb"},"inLanguage":"hu","potentialAction":[{"@type":"ReadAction","target":["https:\/\/dorogimedence.hu\/index.php\/2017\/10\/10\/elhunyt-kovacs-lajos-dorog-diszpolgara\/"]}]},{"@type":"ImageObject","inLanguage":"hu","@id":"https:\/\/dorogimedence.hu\/index.php\/2017\/10\/10\/elhunyt-kovacs-lajos-dorog-diszpolgara\/#primaryimage","url":"https:\/\/dorogimedence.hu\/wp-content\/uploads\/2017\/10\/kovacs-lajos-03.jpg","contentUrl":"https:\/\/dorogimedence.hu\/wp-content\/uploads\/2017\/10\/kovacs-lajos-03.jpg","width":670,"height":365},{"@type":"BreadcrumbList","@id":"https:\/\/dorogimedence.hu\/index.php\/2017\/10\/10\/elhunyt-kovacs-lajos-dorog-diszpolgara\/#breadcrumb","itemListElement":[{"@type":"ListItem","position":1,"name":"Kezd\u0151lap","item":"https:\/\/dorogimedence.hu\/"},{"@type":"ListItem","position":2,"name":"Elhunyt Kov\u00e1cs Lajos, Dorog D\u00edszpolg\u00e1ra"}]},{"@type":"WebSite","@id":"https:\/\/dorogimedence.hu\/#website","url":"https:\/\/dorogimedence.hu\/","name":"Dorogi-medence Region\u00e1lis H\u00edrport\u00e1l","description":"Dorog, Keszt\u00f6lc, Le\u00e1nyv\u00e1r, Piliscs\u00e9v, Tokod, Tokodalt\u00e1r\u00f3, Csolnok, Esztergom-kertv\u00e1ros: h\u00edrek, programok","publisher":{"@id":"https:\/\/dorogimedence.hu\/#organization"},"potentialAction":[{"@type":"SearchAction","target":{"@type":"EntryPoint","urlTemplate":"https:\/\/dorogimedence.hu\/?s={search_term_string}"},"query-input":{"@type":"PropertyValueSpecification","valueRequired":true,"valueName":"search_term_string"}}],"inLanguage":"hu"},{"@type":"Organization","@id":"https:\/\/dorogimedence.hu\/#organization","name":"Dorogi-medence Region\u00e1lis H\u00edrport\u00e1l","url":"https:\/\/dorogimedence.hu\/","logo":{"@type":"ImageObject","inLanguage":"hu","@id":"https:\/\/dorogimedence.hu\/#\/schema\/logo\/image\/","url":"https:\/\/dorogimedence.hu\/wp-content\/uploads\/2021\/04\/logo-feher-600.png","contentUrl":"https:\/\/dorogimedence.hu\/wp-content\/uploads\/2021\/04\/logo-feher-600.png","width":600,"height":100,"caption":"Dorogi-medence Region\u00e1lis H\u00edrport\u00e1l"},"image":{"@id":"https:\/\/dorogimedence.hu\/#\/schema\/logo\/image\/"},"sameAs":["https:\/\/www.facebook.com\/dorogimedence\/"]},{"@type":"Person","@id":"https:\/\/dorogimedence.hu\/#\/schema\/person\/ce6091eeb7e95ecdc87890d6aa8e0fd4","name":"dorogimedence.hu","image":{"@type":"ImageObject","inLanguage":"hu","@id":"\/\/www.gravatar.com\/avatar\/d8d45f8901aadff40a4af72c0b826f1d?s=96&#038;r=g&#038;d=mm","url":"\/\/www.gravatar.com\/avatar\/d8d45f8901aadff40a4af72c0b826f1d?s=96&#038;r=g&#038;d=mm","contentUrl":"\/\/www.gravatar.com\/avatar\/d8d45f8901aadff40a4af72c0b826f1d?s=96&#038;r=g&#038;d=mm","caption":"dorogimedence.hu"}}]}},"_links":{"self":[{"href":"https:\/\/dorogimedence.hu\/index.php\/wp-json\/wp\/v2\/posts\/6163","targetHints":{"allow":["GET"]}}],"collection":[{"href":"https:\/\/dorogimedence.hu\/index.php\/wp-json\/wp\/v2\/posts"}],"about":[{"href":"https:\/\/dorogimedence.hu\/index.php\/wp-json\/wp\/v2\/types\/post"}],"author":[{"embeddable":true,"href":"https:\/\/dorogimedence.hu\/index.php\/wp-json\/wp\/v2\/users\/1"}],"replies":[{"embeddable":true,"href":"https:\/\/dorogimedence.hu\/index.php\/wp-json\/wp\/v2\/comments?post=6163"}],"version-history":[{"count":0,"href":"https:\/\/dorogimedence.hu\/index.php\/wp-json\/wp\/v2\/posts\/6163\/revisions"}],"wp:featuredmedia":[{"embeddable":true,"href":"https:\/\/dorogimedence.hu\/index.php\/wp-json\/wp\/v2\/media\/6164"}],"wp:attachment":[{"href":"https:\/\/dorogimedence.hu\/index.php\/wp-json\/wp\/v2\/media?parent=6163"}],"wp:term":[{"taxonomy":"category","embeddable":true,"href":"https:\/\/dorogimedence.hu\/index.php\/wp-json\/wp\/v2\/categories?post=6163"},{"taxonomy":"post_tag","embeddable":true,"href":"https:\/\/dorogimedence.hu\/index.php\/wp-json\/wp\/v2\/tags?post=6163"}],"curies":[{"name":"wp","href":"https:\/\/api.w.org\/{rel}","templated":true}]}}