{"id":61377,"date":"2024-04-22T11:34:51","date_gmt":"2024-04-22T09:34:51","guid":{"rendered":"https:\/\/dorogimedence.hu\/?p=61377"},"modified":"2024-04-22T11:34:51","modified_gmt":"2024-04-22T09:34:51","slug":"iden-is-hetszazmillio-forint-jut-az-onkentesek-tamogatasara","status":"publish","type":"post","link":"https:\/\/dorogimedence.hu\/index.php\/2024\/04\/22\/iden-is-hetszazmillio-forint-jut-az-onkentesek-tamogatasara\/","title":{"rendered":"Id\u00e9n is h\u00e9tsz\u00e1zmilli\u00f3 forint jut az \u00f6nk\u00e9ntesek t\u00e1mogat\u00e1s\u00e1ra"},"content":{"rendered":"<div class=\"article-descript\">\n<p><strong>A k\u00f6zponti k\u00f6lts\u00e9gvet\u00e9sben \u2013 az elm\u00falt \u00e9vekhez hasonl\u00f3an \u2013 id\u00e9n is h\u00e9tsz\u00e1zmilli\u00f3 forint \u00e1ll rendelkez\u00e9sre az \u00f6nk\u00e9ntes t\u0171zolt\u00f3 egyes\u00fcletek \u00e9s az \u00f6nk\u00e9ntes ment\u0151szervezetek t\u00e1mogat\u00e1s\u00e1ra. Ebb\u0151l az \u00f6sszegb\u0151l hatsz\u00e1zmilli\u00f3 forint az \u00f6nk\u00e9ntes t\u0171zolt\u00f3 egyes\u00fcletek, sz\u00e1zmilli\u00f3 pedig a ment\u0151szervezetek fejleszt\u00e9s\u00e9re ford\u00edthat\u00f3. A BM Orsz\u00e1gos Katasztr\u00f3fav\u00e9delmi F\u0151igazgat\u00f3s\u00e1g a Magyar T\u0171zolt\u00f3 Sz\u00f6vets\u00e9g k\u00f6zrem\u0171k\u00f6d\u00e9s\u00e9vel k\u00f6z\u00f6sen p\u00e1ly\u00e1zatot \u00edrt ki, a hivat\u00e1sos t\u0171zolt\u00f3s\u00e1ggal egy\u00fcttm\u0171k\u00f6d\u00e9si meg\u00e1llapod\u00e1ssal rendelkez\u0151 t\u0171zolt\u00f3 egyes\u00fcleteknek m\u00e1jus 17-ig kell eljuttatniuk p\u00e1ly\u00e1zati anyagukat az illet\u00e9kes t\u0171zolt\u00f3s\u00e1gra.<\/strong><\/p>\n<\/div>\n<div class=\"text\">\n<p>A p\u00e1ly\u00e1zati lehet\u0151s\u00e9g \u00e9vr\u0151l \u00e9vre biztos\u00edtja az egyes\u00fcletek kisz\u00e1m\u00edthat\u00f3 fejl\u0151d\u00e9s\u00e9t, jelent\u0151s szerepet j\u00e1tszik abban, hogy folyamatosan er\u0151s\u00f6dni tud a hivat\u00e1sos \u00e9s az \u00f6nk\u00e9ntes szervezetek k\u00f6z\u00f6tti egy\u00fcttm\u0171k\u00f6d\u00e9s. A t\u0171zolt\u00f3 egyes\u00fcletek 2023-ban mintegy 10 ezer esem\u00e9nyn\u00e9l t\u00e1mogatt\u00e1k a katasztr\u00f3fav\u00e9delmi szervek munk\u00e1j\u00e1t.<\/p>\n<p>P\u00e1ly\u00e1zni hagyom\u00e1nyosan t\u0171zolt\u00e1si, m\u0171szaki ment\u00e9si, ifj\u00fas\u00e1gnevel\u00e9si \u00e9s hagyom\u00e1ny\u0151rz\u00e9si tev\u00e9kenys\u00e9ghez kapcsol\u00f3d\u00f3 m\u0171k\u00f6d\u00e9si \u00e9s felhalmoz\u00e1si k\u00f6lts\u00e9gek finansz\u00edroz\u00e1s\u00e1ra, m\u0171szaki, technikai \u00e9s informatikai fejleszt\u00e9sre, valamint az \u00f6nk\u00e9ntesek oktat\u00e1s\u00e1nak t\u00e1mogat\u00e1s\u00e1ra lehet. T\u00e1mogat\u00e1s nyerhet\u0151 a t\u00f6bbi k\u00f6z\u00f6tt alkalmass\u00e1gi vizsg\u00e1latok k\u00f6lts\u00e9geire, szert\u00e1r\u00e9p\u00edt\u00e9sre \u00e9s -fel\u00faj\u00edt\u00e1sra, EDR-r\u00e1di\u00f3kra, v\u00e9d\u0151- \u00e9s technikai eszk\u00f6z\u00f6kre \u00e9pp\u00fagy, mint t\u0171zolt\u00f3technika-kezel\u0151i vizsg\u00e1ra, g\u00e9pj\u00e1rm\u0171 \u00e9s technikai eszk\u00f6z fel\u00faj\u00edt\u00e1s\u00e1ra, vagy ifj\u00fas\u00e1gnevel\u00e9shez kapcsol\u00f3d\u00f3 kiad\u00e1sokra. Az idei p\u00e1ly\u00e1zaton is k\u00e9rhet\u0151 t\u00e1mogat\u00e1s olyan t\u0171zolt\u00f3v\u00e9d\u0151- \u00e9s technikai eszk\u00f6z\u00f6kre, sz\u00edv\u00f3- \u00e9s nyom\u00f3oldali szakfelszerel\u00e9sekre, k\u00e9ziszersz\u00e1mokra \u00e9s egy\u00e9b felszerel\u00e9sekre, amelyek egy\u00e9bk\u00e9nt nem szerepelnek a k\u00f6zponti beszerz\u00e9si k\u00f6rben, emellett tov\u00e1bbra is p\u00e1ly\u00e1zhatnak az egyes\u00fcletek ut\u00e1nfut\u00f3 beszerz\u00e9s\u00e9re is.<\/p>\n<p>A p\u00e1ly\u00e1zat az elm\u00falt \u00e9vihez hasonl\u00f3an tartalmazza a g\u00e9pj\u00e1rm\u0171ad\u00f3 elsz\u00e1mol\u00e1s\u00e1nak lehet\u0151s\u00e9g\u00e9t, a k\u00fcl\u00f6nb\u00f6z\u0151 fel\u00fclvizsg\u00e1latokhoz kapcsol\u00f3d\u00f3 kisz\u00e1ll\u00e1si \u00e9s az egyes\u00fcletek \u00e1ltal megrendelt eszk\u00f6z\u00f6k kisz\u00e1ll\u00edt\u00e1si d\u00edj\u00e1t. A p\u00e1ly\u00e1zhat\u00f3 t\u00e9telek k\u00f6z\u00f6tt szerepel a vagyonbiztos\u00edt\u00e1s, a szert\u00e1rkarbantart\u00e1shoz kapcsol\u00f3d\u00f3 k\u00f6lts\u00e9gek, a t\u0171zolt\u00f3v\u00e9d\u0151-ruha tiszt\u00edt\u00e1s\u00e1nak k\u00f6lts\u00e9ge, valamint a hagyom\u00e1ny\u0151rz\u0151 tev\u00e9kenys\u00e9g k\u00f6r\u00e9ben a kocsifecskend\u0151-fel\u00faj\u00edt\u00e1s \u00e9s a csapatz\u00e1szl\u00f3-beszerz\u00e9s, -fel\u00faj\u00edt\u00e1s is.<\/p>\n<p>P\u00e1ly\u00e1zni lehet term\u00e9szetbeni (BM OKF \u00e1ltal beszerzett t\u0171zolt\u00f3 szakfelszerel\u00e9sek; EDR r\u00e1di\u00f3k) \u00e9s p\u00e9nzbeli (m\u0171k\u00f6d\u00e9si k\u00f6lts\u00e9g; t\u0171zolt\u00f3v\u00e9d\u0151- \u00e9s technikai eszk\u00f6z beszerz\u00e9se; egy\u00e9b eszk\u00f6z beszerz\u00e9se; g\u00e9pj\u00e1rm\u0171 \u00e9s t\u0171zolt\u00f3technikai eszk\u00f6z fel\u00faj\u00edt\u00e1sa, jav\u00edt\u00e1sa; szert\u00e1r\u00e9p\u00edt\u00e9s, -fel\u00faj\u00edt\u00e1s) t\u00e1mogat\u00e1sra. Egy egyes\u00fclet csak egy p\u00e1ly\u00e1zatot ny\u00fajthat be, az elnyerhet\u0151 \u00f6sszeg kateg\u00f3ri\u00e1nk\u00e9nt elt\u00e9r\u0151.<\/p>\n<p>A katasztr\u00f3fav\u00e9delmi szervek az idei \u00e9vben is kiemelt figyelmet ford\u00edtanak a p\u00e1ly\u00e1z\u00f3 szervezetek k\u00e9pviseleti jogosults\u00e1gainak vizsg\u00e1lat\u00e1ra, \u00edgy a p\u00e1ly\u00e1zatok bead\u00e1sa el\u0151tt fontos ellen\u0151rizni a vezet\u0151 tiszts\u00e9gvisel\u0151k b\u00edr\u00f3s\u00e1gi nyilv\u00e1ntart\u00e1s szerinti megb\u00edz\u00e1si id\u0151tartam\u00e1t, \u00e9s sz\u00fcks\u00e9g eset\u00e9n megtenni a megfelel\u0151 int\u00e9zked\u00e9seket azok rendez\u00e9s\u00e9re.&nbsp;<\/p>\n<p>A p\u00e1ly\u00e1zati dokument\u00e1ci\u00f3kat az \u00f6nk\u00e9ntes t\u0171zolt\u00f3 egyes\u00fcleteknek 2024. m\u00e1jus 17-ig kell eljuttatniuk ahhoz a hivat\u00e1sos t\u0171zolt\u00f3s\u00e1ghoz, amellyel az egyes\u00fcletnek egy\u00fcttm\u0171k\u00f6d\u00e9si meg\u00e1llapod\u00e1sa van. A be\u00e9rkezett p\u00e1ly\u00e1zatok elb\u00edr\u00e1l\u00e1sa legk\u00e9s\u0151bb 2024. j\u00falius 16-ig megt\u00f6rt\u00e9nik.<\/p>\n<p>A p\u00e1ly\u00e1zati ki\u00edr\u00e1s \u00e9s a kapcsol\u00f3d\u00f3 dokumentumok <a href=\"https:\/\/komarom.katasztrofavedelem.hu\/24940\/hirek\/282720\/iden-is-hetszazmillio-forint-jut-az-onkentesek-tamogatasara\" target=\"_blank\" rel=\"noopener\"><span style=\"text-decoration: underline; color: #0000ff;\">IDE KATTINTVA<\/span><\/a> \u00e9rhet\u0151k el!<\/p>\n<p><em>Bor\u00edt\u00f3k\u00e9p, forr\u00e1s: Katasztr\u00f3fav\u00e9delem<\/em><\/p>\n<\/div>\n","protected":false},"excerpt":{"rendered":"<p>A k\u00f6zponti k\u00f6lts\u00e9gvet\u00e9sben \u2013 az elm\u00falt \u00e9vekhez hasonl\u00f3an \u2013 id\u00e9n is h\u00e9tsz\u00e1zmilli\u00f3 forint \u00e1ll rendelkez\u00e9sre az \u00f6nk\u00e9ntes t\u0171zolt\u00f3 egyes\u00fcletek \u00e9s az \u00f6nk\u00e9ntes ment\u0151szervezetek t\u00e1mogat\u00e1s\u00e1ra. Ebb\u0151l az \u00f6sszegb\u0151l hatsz\u00e1zmilli\u00f3 forint az \u00f6nk\u00e9ntes t\u0171zolt\u00f3 egyes\u00fcletek, sz\u00e1zmilli\u00f3 pedig a ment\u0151szervezetek fejleszt\u00e9s\u00e9re ford\u00edthat\u00f3. A BM Orsz\u00e1gos Katasztr\u00f3fav\u00e9delmi F\u0151igazgat\u00f3s\u00e1g a Magyar T\u0171zolt\u00f3 Sz\u00f6vets\u00e9g k\u00f6zrem\u0171k\u00f6d\u00e9s\u00e9vel k\u00f6z\u00f6sen p\u00e1ly\u00e1zatot \u00edrt ki, a hivat\u00e1sos<\/p>\n","protected":false},"author":1,"featured_media":61378,"comment_status":"closed","ping_status":"closed","sticky":false,"template":"","format":"standard","meta":{"ngg_post_thumbnail":0,"footnotes":""},"categories":[6934,3],"tags":[175,1030,503,65],"class_list":{"0":"post-61377","1":"post","2":"type-post","3":"status-publish","4":"format-standard","5":"has-post-thumbnail","7":"category-belfold","8":"category-hirek","9":"tag-katasztrofavedelem","10":"tag-onkentes-tuzoltok","11":"tag-tamogatas","12":"tag-tuzoltosag"},"yoast_head":"<!-- This site is optimized with the Yoast SEO plugin v27.4 - https:\/\/yoast.com\/product\/yoast-seo-wordpress\/ -->\n<title>Id\u00e9n is h\u00e9tsz\u00e1zmilli\u00f3 forint jut az \u00f6nk\u00e9ntesek t\u00e1mogat\u00e1s\u00e1ra<\/title>\n<meta name=\"robots\" content=\"index, follow, max-snippet:-1, max-image-preview:large, max-video-preview:-1\" \/>\n<link rel=\"canonical\" href=\"https:\/\/dorogimedence.hu\/index.php\/2024\/04\/22\/iden-is-hetszazmillio-forint-jut-az-onkentesek-tamogatasara\/\" class=\"yoast-seo-meta-tag\" \/>\n<meta property=\"og:locale\" content=\"hu_HU\" class=\"yoast-seo-meta-tag\" \/>\n<meta property=\"og:type\" content=\"article\" class=\"yoast-seo-meta-tag\" \/>\n<meta property=\"og:title\" content=\"Id\u00e9n is h\u00e9tsz\u00e1zmilli\u00f3 forint jut az \u00f6nk\u00e9ntesek t\u00e1mogat\u00e1s\u00e1ra\" class=\"yoast-seo-meta-tag\" \/>\n<meta property=\"og:description\" content=\"A k\u00f6zponti k\u00f6lts\u00e9gvet\u00e9sben \u2013 az elm\u00falt \u00e9vekhez hasonl\u00f3an \u2013 id\u00e9n is h\u00e9tsz\u00e1zmilli\u00f3 forint \u00e1ll rendelkez\u00e9sre az \u00f6nk\u00e9ntes t\u0171zolt\u00f3 egyes\u00fcletek \u00e9s az \u00f6nk\u00e9ntes ment\u0151szervezetek t\u00e1mogat\u00e1s\u00e1ra. Ebb\u0151l az \u00f6sszegb\u0151l hatsz\u00e1zmilli\u00f3 forint az \u00f6nk\u00e9ntes t\u0171zolt\u00f3 egyes\u00fcletek, sz\u00e1zmilli\u00f3 pedig a ment\u0151szervezetek fejleszt\u00e9s\u00e9re ford\u00edthat\u00f3. A BM Orsz\u00e1gos Katasztr\u00f3fav\u00e9delmi F\u0151igazgat\u00f3s\u00e1g a Magyar T\u0171zolt\u00f3 Sz\u00f6vets\u00e9g k\u00f6zrem\u0171k\u00f6d\u00e9s\u00e9vel k\u00f6z\u00f6sen p\u00e1ly\u00e1zatot \u00edrt ki, a hivat\u00e1sos\" class=\"yoast-seo-meta-tag\" \/>\n<meta property=\"og:url\" content=\"https:\/\/dorogimedence.hu\/index.php\/2024\/04\/22\/iden-is-hetszazmillio-forint-jut-az-onkentesek-tamogatasara\/\" class=\"yoast-seo-meta-tag\" \/>\n<meta property=\"og:site_name\" content=\"Dorogi-medence Region\u00e1lis H\u00edrport\u00e1l\" class=\"yoast-seo-meta-tag\" \/>\n<meta property=\"article:publisher\" content=\"https:\/\/www.facebook.com\/dorogimedence\/\" class=\"yoast-seo-meta-tag\" \/>\n<meta property=\"article:published_time\" content=\"2024-04-22T09:34:51+00:00\" class=\"yoast-seo-meta-tag\" \/>\n<meta property=\"og:image\" content=\"https:\/\/dorogimedence.hu\/wp-content\/uploads\/2024\/04\/katved.jpg\" class=\"yoast-seo-meta-tag\" \/>\n\t<meta property=\"og:image:width\" content=\"1024\" class=\"yoast-seo-meta-tag\" \/>\n\t<meta property=\"og:image:height\" content=\"680\" class=\"yoast-seo-meta-tag\" \/>\n\t<meta property=\"og:image:type\" content=\"image\/jpeg\" class=\"yoast-seo-meta-tag\" \/>\n<meta name=\"author\" content=\"dorogimedence.hu\" class=\"yoast-seo-meta-tag\" \/>\n<meta name=\"twitter:card\" content=\"summary_large_image\" class=\"yoast-seo-meta-tag\" \/>\n<meta name=\"twitter:label1\" content=\"Szerz\u0151:\" class=\"yoast-seo-meta-tag\" \/>\n\t<meta name=\"twitter:data1\" content=\"dorogimedence.hu\" class=\"yoast-seo-meta-tag\" \/>\n\t<meta name=\"twitter:label2\" content=\"Becs\u00fclt olvas\u00e1si id\u0151\" class=\"yoast-seo-meta-tag\" \/>\n\t<meta name=\"twitter:data2\" content=\"4 perc\" class=\"yoast-seo-meta-tag\" \/>\n<script type=\"application\/ld+json\" class=\"yoast-schema-graph\">{\"@context\":\"https:\\\/\\\/schema.org\",\"@graph\":[{\"@type\":\"Article\",\"@id\":\"https:\\\/\\\/dorogimedence.hu\\\/index.php\\\/2024\\\/04\\\/22\\\/iden-is-hetszazmillio-forint-jut-az-onkentesek-tamogatasara\\\/#article\",\"isPartOf\":{\"@id\":\"https:\\\/\\\/dorogimedence.hu\\\/index.php\\\/2024\\\/04\\\/22\\\/iden-is-hetszazmillio-forint-jut-az-onkentesek-tamogatasara\\\/\"},\"author\":{\"name\":\"dorogimedence.hu\",\"@id\":\"https:\\\/\\\/dorogimedence.hu\\\/#\\\/schema\\\/person\\\/ce6091eeb7e95ecdc87890d6aa8e0fd4\"},\"headline\":\"Id\u00e9n is h\u00e9tsz\u00e1zmilli\u00f3 forint jut az \u00f6nk\u00e9ntesek t\u00e1mogat\u00e1s\u00e1ra\",\"datePublished\":\"2024-04-22T09:34:51+00:00\",\"mainEntityOfPage\":{\"@id\":\"https:\\\/\\\/dorogimedence.hu\\\/index.php\\\/2024\\\/04\\\/22\\\/iden-is-hetszazmillio-forint-jut-az-onkentesek-tamogatasara\\\/\"},\"wordCount\":783,\"publisher\":{\"@id\":\"https:\\\/\\\/dorogimedence.hu\\\/#organization\"},\"image\":{\"@id\":\"https:\\\/\\\/dorogimedence.hu\\\/index.php\\\/2024\\\/04\\\/22\\\/iden-is-hetszazmillio-forint-jut-az-onkentesek-tamogatasara\\\/#primaryimage\"},\"thumbnailUrl\":\"https:\\\/\\\/dorogimedence.hu\\\/wp-content\\\/uploads\\\/2024\\\/04\\\/katved.jpg\",\"keywords\":[\"katasztr\u00f3fav\u00e9delem\",\"\u00f6nk\u00e9ntes t\u0171zolt\u00f3k\",\"t\u00e1mogat\u00e1s\",\"t\u0171zolt\u00f3s\u00e1g\"],\"articleSection\":[\"Belf\u00f6ld, Gazdas\u00e1g\",\"H\u00edrek\"],\"inLanguage\":\"hu\"},{\"@type\":\"WebPage\",\"@id\":\"https:\\\/\\\/dorogimedence.hu\\\/index.php\\\/2024\\\/04\\\/22\\\/iden-is-hetszazmillio-forint-jut-az-onkentesek-tamogatasara\\\/\",\"url\":\"https:\\\/\\\/dorogimedence.hu\\\/index.php\\\/2024\\\/04\\\/22\\\/iden-is-hetszazmillio-forint-jut-az-onkentesek-tamogatasara\\\/\",\"name\":\"Id\u00e9n is h\u00e9tsz\u00e1zmilli\u00f3 forint jut az \u00f6nk\u00e9ntesek t\u00e1mogat\u00e1s\u00e1ra\",\"isPartOf\":{\"@id\":\"https:\\\/\\\/dorogimedence.hu\\\/#website\"},\"primaryImageOfPage\":{\"@id\":\"https:\\\/\\\/dorogimedence.hu\\\/index.php\\\/2024\\\/04\\\/22\\\/iden-is-hetszazmillio-forint-jut-az-onkentesek-tamogatasara\\\/#primaryimage\"},\"image\":{\"@id\":\"https:\\\/\\\/dorogimedence.hu\\\/index.php\\\/2024\\\/04\\\/22\\\/iden-is-hetszazmillio-forint-jut-az-onkentesek-tamogatasara\\\/#primaryimage\"},\"thumbnailUrl\":\"https:\\\/\\\/dorogimedence.hu\\\/wp-content\\\/uploads\\\/2024\\\/04\\\/katved.jpg\",\"datePublished\":\"2024-04-22T09:34:51+00:00\",\"breadcrumb\":{\"@id\":\"https:\\\/\\\/dorogimedence.hu\\\/index.php\\\/2024\\\/04\\\/22\\\/iden-is-hetszazmillio-forint-jut-az-onkentesek-tamogatasara\\\/#breadcrumb\"},\"inLanguage\":\"hu\",\"potentialAction\":[{\"@type\":\"ReadAction\",\"target\":[\"https:\\\/\\\/dorogimedence.hu\\\/index.php\\\/2024\\\/04\\\/22\\\/iden-is-hetszazmillio-forint-jut-az-onkentesek-tamogatasara\\\/\"]}]},{\"@type\":\"ImageObject\",\"inLanguage\":\"hu\",\"@id\":\"https:\\\/\\\/dorogimedence.hu\\\/index.php\\\/2024\\\/04\\\/22\\\/iden-is-hetszazmillio-forint-jut-az-onkentesek-tamogatasara\\\/#primaryimage\",\"url\":\"https:\\\/\\\/dorogimedence.hu\\\/wp-content\\\/uploads\\\/2024\\\/04\\\/katved.jpg\",\"contentUrl\":\"https:\\\/\\\/dorogimedence.hu\\\/wp-content\\\/uploads\\\/2024\\\/04\\\/katved.jpg\",\"width\":1024,\"height\":680},{\"@type\":\"BreadcrumbList\",\"@id\":\"https:\\\/\\\/dorogimedence.hu\\\/index.php\\\/2024\\\/04\\\/22\\\/iden-is-hetszazmillio-forint-jut-az-onkentesek-tamogatasara\\\/#breadcrumb\",\"itemListElement\":[{\"@type\":\"ListItem\",\"position\":1,\"name\":\"Kezd\u0151lap\",\"item\":\"https:\\\/\\\/dorogimedence.hu\\\/\"},{\"@type\":\"ListItem\",\"position\":2,\"name\":\"Id\u00e9n is h\u00e9tsz\u00e1zmilli\u00f3 forint jut az \u00f6nk\u00e9ntesek t\u00e1mogat\u00e1s\u00e1ra\"}]},{\"@type\":\"WebSite\",\"@id\":\"https:\\\/\\\/dorogimedence.hu\\\/#website\",\"url\":\"https:\\\/\\\/dorogimedence.hu\\\/\",\"name\":\"Dorogi-medence Region\u00e1lis H\u00edrport\u00e1l\",\"description\":\"Dorog, Keszt\u00f6lc, Le\u00e1nyv\u00e1r, Piliscs\u00e9v, Tokod, Tokodalt\u00e1r\u00f3, Csolnok, Esztergom-kertv\u00e1ros: h\u00edrek, programok\",\"publisher\":{\"@id\":\"https:\\\/\\\/dorogimedence.hu\\\/#organization\"},\"potentialAction\":[{\"@type\":\"SearchAction\",\"target\":{\"@type\":\"EntryPoint\",\"urlTemplate\":\"https:\\\/\\\/dorogimedence.hu\\\/?s={search_term_string}\"},\"query-input\":{\"@type\":\"PropertyValueSpecification\",\"valueRequired\":true,\"valueName\":\"search_term_string\"}}],\"inLanguage\":\"hu\"},{\"@type\":\"Organization\",\"@id\":\"https:\\\/\\\/dorogimedence.hu\\\/#organization\",\"name\":\"Dorogi-medence Region\u00e1lis H\u00edrport\u00e1l\",\"url\":\"https:\\\/\\\/dorogimedence.hu\\\/\",\"logo\":{\"@type\":\"ImageObject\",\"inLanguage\":\"hu\",\"@id\":\"https:\\\/\\\/dorogimedence.hu\\\/#\\\/schema\\\/logo\\\/image\\\/\",\"url\":\"https:\\\/\\\/dorogimedence.hu\\\/wp-content\\\/uploads\\\/2021\\\/04\\\/logo-feher-600.png\",\"contentUrl\":\"https:\\\/\\\/dorogimedence.hu\\\/wp-content\\\/uploads\\\/2021\\\/04\\\/logo-feher-600.png\",\"width\":600,\"height\":100,\"caption\":\"Dorogi-medence Region\u00e1lis H\u00edrport\u00e1l\"},\"image\":{\"@id\":\"https:\\\/\\\/dorogimedence.hu\\\/#\\\/schema\\\/logo\\\/image\\\/\"},\"sameAs\":[\"https:\\\/\\\/www.facebook.com\\\/dorogimedence\\\/\"]},{\"@type\":\"Person\",\"@id\":\"https:\\\/\\\/dorogimedence.hu\\\/#\\\/schema\\\/person\\\/ce6091eeb7e95ecdc87890d6aa8e0fd4\",\"name\":\"dorogimedence.hu\",\"image\":{\"@type\":\"ImageObject\",\"inLanguage\":\"hu\",\"@id\":\"\\\/\\\/www.gravatar.com\\\/avatar\\\/d8d45f8901aadff40a4af72c0b826f1d?s=96&#038;r=g&#038;d=mm\",\"url\":\"\\\/\\\/www.gravatar.com\\\/avatar\\\/d8d45f8901aadff40a4af72c0b826f1d?s=96&#038;r=g&#038;d=mm\",\"contentUrl\":\"\\\/\\\/www.gravatar.com\\\/avatar\\\/d8d45f8901aadff40a4af72c0b826f1d?s=96&#038;r=g&#038;d=mm\",\"caption\":\"dorogimedence.hu\"}}]}<\/script>\n<!-- \/ Yoast SEO plugin. -->","yoast_head_json":{"title":"Id\u00e9n is h\u00e9tsz\u00e1zmilli\u00f3 forint jut az \u00f6nk\u00e9ntesek t\u00e1mogat\u00e1s\u00e1ra","robots":{"index":"index","follow":"follow","max-snippet":"max-snippet:-1","max-image-preview":"max-image-preview:large","max-video-preview":"max-video-preview:-1"},"canonical":"https:\/\/dorogimedence.hu\/index.php\/2024\/04\/22\/iden-is-hetszazmillio-forint-jut-az-onkentesek-tamogatasara\/","og_locale":"hu_HU","og_type":"article","og_title":"Id\u00e9n is h\u00e9tsz\u00e1zmilli\u00f3 forint jut az \u00f6nk\u00e9ntesek t\u00e1mogat\u00e1s\u00e1ra","og_description":"A k\u00f6zponti k\u00f6lts\u00e9gvet\u00e9sben \u2013 az elm\u00falt \u00e9vekhez hasonl\u00f3an \u2013 id\u00e9n is h\u00e9tsz\u00e1zmilli\u00f3 forint \u00e1ll rendelkez\u00e9sre az \u00f6nk\u00e9ntes t\u0171zolt\u00f3 egyes\u00fcletek \u00e9s az \u00f6nk\u00e9ntes ment\u0151szervezetek t\u00e1mogat\u00e1s\u00e1ra. Ebb\u0151l az \u00f6sszegb\u0151l hatsz\u00e1zmilli\u00f3 forint az \u00f6nk\u00e9ntes t\u0171zolt\u00f3 egyes\u00fcletek, sz\u00e1zmilli\u00f3 pedig a ment\u0151szervezetek fejleszt\u00e9s\u00e9re ford\u00edthat\u00f3. A BM Orsz\u00e1gos Katasztr\u00f3fav\u00e9delmi F\u0151igazgat\u00f3s\u00e1g a Magyar T\u0171zolt\u00f3 Sz\u00f6vets\u00e9g k\u00f6zrem\u0171k\u00f6d\u00e9s\u00e9vel k\u00f6z\u00f6sen p\u00e1ly\u00e1zatot \u00edrt ki, a hivat\u00e1sos","og_url":"https:\/\/dorogimedence.hu\/index.php\/2024\/04\/22\/iden-is-hetszazmillio-forint-jut-az-onkentesek-tamogatasara\/","og_site_name":"Dorogi-medence Region\u00e1lis H\u00edrport\u00e1l","article_publisher":"https:\/\/www.facebook.com\/dorogimedence\/","article_published_time":"2024-04-22T09:34:51+00:00","og_image":[{"width":1024,"height":680,"url":"https:\/\/dorogimedence.hu\/wp-content\/uploads\/2024\/04\/katved.jpg","type":"image\/jpeg"}],"author":"dorogimedence.hu","twitter_card":"summary_large_image","twitter_misc":{"Szerz\u0151:":"dorogimedence.hu","Becs\u00fclt olvas\u00e1si id\u0151":"4 perc"},"schema":{"@context":"https:\/\/schema.org","@graph":[{"@type":"Article","@id":"https:\/\/dorogimedence.hu\/index.php\/2024\/04\/22\/iden-is-hetszazmillio-forint-jut-az-onkentesek-tamogatasara\/#article","isPartOf":{"@id":"https:\/\/dorogimedence.hu\/index.php\/2024\/04\/22\/iden-is-hetszazmillio-forint-jut-az-onkentesek-tamogatasara\/"},"author":{"name":"dorogimedence.hu","@id":"https:\/\/dorogimedence.hu\/#\/schema\/person\/ce6091eeb7e95ecdc87890d6aa8e0fd4"},"headline":"Id\u00e9n is h\u00e9tsz\u00e1zmilli\u00f3 forint jut az \u00f6nk\u00e9ntesek t\u00e1mogat\u00e1s\u00e1ra","datePublished":"2024-04-22T09:34:51+00:00","mainEntityOfPage":{"@id":"https:\/\/dorogimedence.hu\/index.php\/2024\/04\/22\/iden-is-hetszazmillio-forint-jut-az-onkentesek-tamogatasara\/"},"wordCount":783,"publisher":{"@id":"https:\/\/dorogimedence.hu\/#organization"},"image":{"@id":"https:\/\/dorogimedence.hu\/index.php\/2024\/04\/22\/iden-is-hetszazmillio-forint-jut-az-onkentesek-tamogatasara\/#primaryimage"},"thumbnailUrl":"https:\/\/dorogimedence.hu\/wp-content\/uploads\/2024\/04\/katved.jpg","keywords":["katasztr\u00f3fav\u00e9delem","\u00f6nk\u00e9ntes t\u0171zolt\u00f3k","t\u00e1mogat\u00e1s","t\u0171zolt\u00f3s\u00e1g"],"articleSection":["Belf\u00f6ld, Gazdas\u00e1g","H\u00edrek"],"inLanguage":"hu"},{"@type":"WebPage","@id":"https:\/\/dorogimedence.hu\/index.php\/2024\/04\/22\/iden-is-hetszazmillio-forint-jut-az-onkentesek-tamogatasara\/","url":"https:\/\/dorogimedence.hu\/index.php\/2024\/04\/22\/iden-is-hetszazmillio-forint-jut-az-onkentesek-tamogatasara\/","name":"Id\u00e9n is h\u00e9tsz\u00e1zmilli\u00f3 forint jut az \u00f6nk\u00e9ntesek t\u00e1mogat\u00e1s\u00e1ra","isPartOf":{"@id":"https:\/\/dorogimedence.hu\/#website"},"primaryImageOfPage":{"@id":"https:\/\/dorogimedence.hu\/index.php\/2024\/04\/22\/iden-is-hetszazmillio-forint-jut-az-onkentesek-tamogatasara\/#primaryimage"},"image":{"@id":"https:\/\/dorogimedence.hu\/index.php\/2024\/04\/22\/iden-is-hetszazmillio-forint-jut-az-onkentesek-tamogatasara\/#primaryimage"},"thumbnailUrl":"https:\/\/dorogimedence.hu\/wp-content\/uploads\/2024\/04\/katved.jpg","datePublished":"2024-04-22T09:34:51+00:00","breadcrumb":{"@id":"https:\/\/dorogimedence.hu\/index.php\/2024\/04\/22\/iden-is-hetszazmillio-forint-jut-az-onkentesek-tamogatasara\/#breadcrumb"},"inLanguage":"hu","potentialAction":[{"@type":"ReadAction","target":["https:\/\/dorogimedence.hu\/index.php\/2024\/04\/22\/iden-is-hetszazmillio-forint-jut-az-onkentesek-tamogatasara\/"]}]},{"@type":"ImageObject","inLanguage":"hu","@id":"https:\/\/dorogimedence.hu\/index.php\/2024\/04\/22\/iden-is-hetszazmillio-forint-jut-az-onkentesek-tamogatasara\/#primaryimage","url":"https:\/\/dorogimedence.hu\/wp-content\/uploads\/2024\/04\/katved.jpg","contentUrl":"https:\/\/dorogimedence.hu\/wp-content\/uploads\/2024\/04\/katved.jpg","width":1024,"height":680},{"@type":"BreadcrumbList","@id":"https:\/\/dorogimedence.hu\/index.php\/2024\/04\/22\/iden-is-hetszazmillio-forint-jut-az-onkentesek-tamogatasara\/#breadcrumb","itemListElement":[{"@type":"ListItem","position":1,"name":"Kezd\u0151lap","item":"https:\/\/dorogimedence.hu\/"},{"@type":"ListItem","position":2,"name":"Id\u00e9n is h\u00e9tsz\u00e1zmilli\u00f3 forint jut az \u00f6nk\u00e9ntesek t\u00e1mogat\u00e1s\u00e1ra"}]},{"@type":"WebSite","@id":"https:\/\/dorogimedence.hu\/#website","url":"https:\/\/dorogimedence.hu\/","name":"Dorogi-medence Region\u00e1lis H\u00edrport\u00e1l","description":"Dorog, Keszt\u00f6lc, Le\u00e1nyv\u00e1r, Piliscs\u00e9v, Tokod, Tokodalt\u00e1r\u00f3, Csolnok, Esztergom-kertv\u00e1ros: h\u00edrek, programok","publisher":{"@id":"https:\/\/dorogimedence.hu\/#organization"},"potentialAction":[{"@type":"SearchAction","target":{"@type":"EntryPoint","urlTemplate":"https:\/\/dorogimedence.hu\/?s={search_term_string}"},"query-input":{"@type":"PropertyValueSpecification","valueRequired":true,"valueName":"search_term_string"}}],"inLanguage":"hu"},{"@type":"Organization","@id":"https:\/\/dorogimedence.hu\/#organization","name":"Dorogi-medence Region\u00e1lis H\u00edrport\u00e1l","url":"https:\/\/dorogimedence.hu\/","logo":{"@type":"ImageObject","inLanguage":"hu","@id":"https:\/\/dorogimedence.hu\/#\/schema\/logo\/image\/","url":"https:\/\/dorogimedence.hu\/wp-content\/uploads\/2021\/04\/logo-feher-600.png","contentUrl":"https:\/\/dorogimedence.hu\/wp-content\/uploads\/2021\/04\/logo-feher-600.png","width":600,"height":100,"caption":"Dorogi-medence Region\u00e1lis H\u00edrport\u00e1l"},"image":{"@id":"https:\/\/dorogimedence.hu\/#\/schema\/logo\/image\/"},"sameAs":["https:\/\/www.facebook.com\/dorogimedence\/"]},{"@type":"Person","@id":"https:\/\/dorogimedence.hu\/#\/schema\/person\/ce6091eeb7e95ecdc87890d6aa8e0fd4","name":"dorogimedence.hu","image":{"@type":"ImageObject","inLanguage":"hu","@id":"\/\/www.gravatar.com\/avatar\/d8d45f8901aadff40a4af72c0b826f1d?s=96&#038;r=g&#038;d=mm","url":"\/\/www.gravatar.com\/avatar\/d8d45f8901aadff40a4af72c0b826f1d?s=96&#038;r=g&#038;d=mm","contentUrl":"\/\/www.gravatar.com\/avatar\/d8d45f8901aadff40a4af72c0b826f1d?s=96&#038;r=g&#038;d=mm","caption":"dorogimedence.hu"}}]}},"_links":{"self":[{"href":"https:\/\/dorogimedence.hu\/index.php\/wp-json\/wp\/v2\/posts\/61377","targetHints":{"allow":["GET"]}}],"collection":[{"href":"https:\/\/dorogimedence.hu\/index.php\/wp-json\/wp\/v2\/posts"}],"about":[{"href":"https:\/\/dorogimedence.hu\/index.php\/wp-json\/wp\/v2\/types\/post"}],"author":[{"embeddable":true,"href":"https:\/\/dorogimedence.hu\/index.php\/wp-json\/wp\/v2\/users\/1"}],"replies":[{"embeddable":true,"href":"https:\/\/dorogimedence.hu\/index.php\/wp-json\/wp\/v2\/comments?post=61377"}],"version-history":[{"count":0,"href":"https:\/\/dorogimedence.hu\/index.php\/wp-json\/wp\/v2\/posts\/61377\/revisions"}],"wp:featuredmedia":[{"embeddable":true,"href":"https:\/\/dorogimedence.hu\/index.php\/wp-json\/wp\/v2\/media\/61378"}],"wp:attachment":[{"href":"https:\/\/dorogimedence.hu\/index.php\/wp-json\/wp\/v2\/media?parent=61377"}],"wp:term":[{"taxonomy":"category","embeddable":true,"href":"https:\/\/dorogimedence.hu\/index.php\/wp-json\/wp\/v2\/categories?post=61377"},{"taxonomy":"post_tag","embeddable":true,"href":"https:\/\/dorogimedence.hu\/index.php\/wp-json\/wp\/v2\/tags?post=61377"}],"curies":[{"name":"wp","href":"https:\/\/api.w.org\/{rel}","templated":true}]}}