{"id":61325,"date":"2024-04-19T09:25:58","date_gmt":"2024-04-19T07:25:58","guid":{"rendered":"https:\/\/dorogimedence.hu\/?p=61325"},"modified":"2024-04-19T09:25:58","modified_gmt":"2024-04-19T07:25:58","slug":"kivaloan-szerepeltek-a-dorogi-csolnoki-es-nyergesujfalui-diakok-a-varmegyei-kozlekedesi-versenyeken","status":"publish","type":"post","link":"https:\/\/dorogimedence.hu\/index.php\/2024\/04\/19\/kivaloan-szerepeltek-a-dorogi-csolnoki-es-nyergesujfalui-diakok-a-varmegyei-kozlekedesi-versenyeken\/","title":{"rendered":"Kiv\u00e1l\u00f3an szerepeltek a dorogi, csolnoki \u00e9s nyerges\u00fajfalui di\u00e1kok a v\u00e1rmegyei k\u00f6zleked\u00e9si versenyeken"},"content":{"rendered":"<p><strong>A Kom\u00e1rom-Esztergom V\u00e1rmegyei Balesetmegel\u0151z\u00e9si Bizotts\u00e1g munkat\u00e1rsai 2024. \u00e1prilis 17-\u00e9n, szerd\u00e1n rendezt\u00e9k meg a &#8222;Ki a mester k\u00e9t ker\u00e9ken?&#8221;, illetve a &#8222;Ker\u00e9kp\u00e1ros Iskola Kupa&#8221; elnevez\u00e9s\u0171 k\u00f6zleked\u00e9si versenyek v\u00e1rmegyei d\u00f6nt\u0151it a K\u0151k\u00fati \u00c1ltal\u00e1nos Iskol\u00e1ban, Tat\u00e1n, ahonnan dorogi, csolnoki \u00e9s nyerges\u00fajfalui di\u00e1kok is \u00e9rmekkel t\u00e9rhettek haza.<\/strong><\/p>\n<p>A Ker\u00e9kp\u00e1ros Iskola Kup\u00e1n 5-8. oszt\u00e1lyos di\u00e1kok indulhattak, m\u00edg a Ki a mester k\u00e9t ker\u00e9ken? versenyre 10-12 \u00e9v k\u00f6z\u00f6tti fi\u00fak \u00e9s l\u00e1nyok nevez\u00e9s\u00e9t v\u00e1rt\u00e1k a szervez\u0151k. Az indul\u00f3k r\u00e1termetts\u00e9g\u00fcket egy \u00fcgyess\u00e9gi p\u00e1ly\u00e1n mutathatt\u00e1k be, az elm\u00e9leti tud\u00e1sukat pedig a ker\u00e9kp\u00e1ros k\u00f6zleked\u00e9si szab\u00e1lyok ismeret\u00e9ben tesztelt\u00e9k.<\/p>\n<p>A k\u00f6zleked\u00e9sbiztons\u00e1gi vet\u00e9lked\u0151k\u00f6n 10 \u00e1ltal\u00e1nos iskola k\u00e9pviseltette mag\u00e1t, \u00f6sszesen 28 tanul\u00f3val. A versenyz\u0151k csapatban \u00e9s egy\u00e9nileg is \u00f6sszem\u00e9rt\u00e9k elm\u00e9leti \u00e9s ker\u00e9kp\u00e1ros \u00fcgyess\u00e9gi tud\u00e1sukat, majd a rendez\u0151bizotts\u00e1g k\u00fcl\u00f6n \u00e9rt\u00e9kelte a l\u00e1ny \u00e9s fi\u00fa r\u00e9sztvev\u0151k \u00e1ltal el\u00e9rt eredm\u00e9nyeket.<\/p>\n<p><img fetchpriority=\"high\" decoding=\"async\" class=\"alignnone size-full wp-image-61327\" src=\"https:\/\/dorogimedence.hu\/wp-content\/uploads\/2024\/04\/438696417_737904061851637_3016077236966735421_n.jpg\" alt=\"\" width=\"750\" height=\"500\" srcset=\"https:\/\/dorogimedence.hu\/wp-content\/uploads\/2024\/04\/438696417_737904061851637_3016077236966735421_n.jpg 750w, https:\/\/dorogimedence.hu\/wp-content\/uploads\/2024\/04\/438696417_737904061851637_3016077236966735421_n-600x400.jpg 600w, https:\/\/dorogimedence.hu\/wp-content\/uploads\/2024\/04\/438696417_737904061851637_3016077236966735421_n-150x100.jpg 150w, https:\/\/dorogimedence.hu\/wp-content\/uploads\/2024\/04\/438696417_737904061851637_3016077236966735421_n-450x300.jpg 450w, https:\/\/dorogimedence.hu\/wp-content\/uploads\/2024\/04\/438696417_737904061851637_3016077236966735421_n-272x182.jpg 272w\" sizes=\"(max-width: 750px) 100vw, 750px\" \/><\/p>\n<p>A verseny az al\u00e1bbi eredm\u00e9nyekkel z\u00e1rult:<\/p>\n<p><strong>Ker\u00e9kp\u00e1ros Iskola Kupa:<br \/>\n<\/strong>Fi\u00fa kateg\u00f3ri\u00e1ban:<br \/>\n\u2022 I. helyezett: Kiss Don\u00e1t (Baj)<br \/>\n\u2022 II. helyezett: Keresztes Barnab\u00e1s (Nyerges\u00fajfalu)<br \/>\n\u2022 III. helyezett: Gy\u00f6rgy J\u00e1nos Istv\u00e1n (Dorog)<br \/>\nL\u00e1ny kateg\u00f3ri\u00e1ban:<br \/>\n\u2022 I. helyezett: Vlaicu T\u00edmea (Kom\u00e1rom)<br \/>\n\u2022 II. helyezett: Kiss Ol\u00edvia (Dorog)<br \/>\n\u2022 III. helyezett: R\u00e1tvai Anna (Csolnok)<br \/>\nA k\u00fcl\u00f6nd\u00edjat a legjobb elm\u00e9leti versenyz\u0151 kateg\u00f3ri\u00e1ban Vlaicu T\u00edmea (Kom\u00e1rom) \u00e9rdemelte ki, a legjobb gyakorlati versenyz\u0151 pedig Tark\u00f6vi Dominik (Csolnok) lett.<\/p>\n<p><strong>A &#8222;Ki a mester k\u00e9t ker\u00e9ken?&#8221; ter\u00fcleti d\u00f6nt\u0151j\u00e9n<\/strong><br \/>\nFi\u00fa kateg\u00f3ri\u00e1ban:<br \/>\n\u2022 I. helyezett: Fandl Mil\u00e1n (Dorog)<br \/>\n\u2022 II. helyezett: Juh\u00e1sz Gergely (L\u00e1batlan)<br \/>\n\u2022 III. helyezett: Vincent Fredericksen (Kom\u00e1rom)<br \/>\nL\u00e1ny kateg\u00f3ri\u00e1ban:<br \/>\n\u2022 I. helyezett: Marosi Hanna (Pilismar\u00f3t)<br \/>\n\u2022 II. helyezett: Kocsis Petra (Kisb\u00e9r)<br \/>\n\u2022 III. helyezett: Kaib\u00e1s Petra (Tata)<br \/>\nA legjobb elm\u00e9leti versenyz\u0151nek j\u00e1r\u00f3 k\u00fcl\u00f6nd\u00edjat Juh\u00e1sz Gergely (L\u00e1batlan) kapta, a legjobb gyakorlati versenyz\u0151: Fandl Mil\u00e1n (Dorog) lett.<\/p>\n<p><img decoding=\"async\" class=\"alignnone size-full wp-image-61328\" src=\"https:\/\/dorogimedence.hu\/wp-content\/uploads\/2024\/04\/437759138_737904205184956_2669063190447402816_n.jpg\" alt=\"\" width=\"750\" height=\"500\" srcset=\"https:\/\/dorogimedence.hu\/wp-content\/uploads\/2024\/04\/437759138_737904205184956_2669063190447402816_n.jpg 750w, https:\/\/dorogimedence.hu\/wp-content\/uploads\/2024\/04\/437759138_737904205184956_2669063190447402816_n-600x400.jpg 600w, https:\/\/dorogimedence.hu\/wp-content\/uploads\/2024\/04\/437759138_737904205184956_2669063190447402816_n-150x100.jpg 150w, https:\/\/dorogimedence.hu\/wp-content\/uploads\/2024\/04\/437759138_737904205184956_2669063190447402816_n-450x300.jpg 450w, https:\/\/dorogimedence.hu\/wp-content\/uploads\/2024\/04\/437759138_737904205184956_2669063190447402816_n-272x182.jpg 272w\" sizes=\"(max-width: 750px) 100vw, 750px\" \/><\/p>\n<p><em>Fot\u00f3k, forr\u00e1s: Kom\u00e1rom-Esztergom V\u00e1rmegyei Rend\u0151r-f\u0151kapit\u00e1nys\u00e1g<br \/>\nBor\u00edt\u00f3k\u00e9p: Fandl Mil\u00e1n<\/em><\/p>\n","protected":false},"excerpt":{"rendered":"<p>A Kom\u00e1rom-Esztergom V\u00e1rmegyei Balesetmegel\u0151z\u00e9si Bizotts\u00e1g munkat\u00e1rsai 2024. \u00e1prilis 17-\u00e9n, szerd\u00e1n rendezt\u00e9k meg a &#8222;Ki a mester k\u00e9t ker\u00e9ken?&#8221;, illetve a &#8222;Ker\u00e9kp\u00e1ros Iskola Kupa&#8221; elnevez\u00e9s\u0171 k\u00f6zleked\u00e9si versenyek v\u00e1rmegyei d\u00f6nt\u0151it a K\u0151k\u00fati \u00c1ltal\u00e1nos Iskol\u00e1ban, Tat\u00e1n, ahonnan dorogi, csolnoki \u00e9s nyerges\u00fajfalui di\u00e1kok is \u00e9rmekkel t\u00e9rhettek haza. A Ker\u00e9kp\u00e1ros Iskola Kup\u00e1n 5-8. oszt\u00e1lyos di\u00e1kok indulhattak, m\u00edg a Ki a<\/p>\n","protected":false},"author":1,"featured_media":61326,"comment_status":"closed","ping_status":"closed","sticky":false,"template":"","format":"standard","meta":{"ngg_post_thumbnail":0,"footnotes":""},"categories":[64,2,3,56,1390],"tags":[66,15,6890,140,61,16,451],"class_list":{"0":"post-61325","1":"post","2":"type-post","3":"status-publish","4":"format-standard","5":"has-post-thumbnail","7":"category-csolnok","8":"category-dorog","9":"category-hirek","10":"category-komarom-esztergom","11":"category-nyergesujfalu","12":"tag-csolnok","13":"tag-dorog","14":"tag-komarom-esztergom-varmegye","15":"tag-nyergesujfalu","16":"tag-rendorsegi-hirek","17":"tag-sport","18":"tag-verseny"},"yoast_head":"<!-- This site is optimized with the Yoast SEO plugin v27.4 - https:\/\/yoast.com\/product\/yoast-seo-wordpress\/ -->\n<title>Kiv\u00e1l\u00f3an szerepeltek a dorogi, csolnoki \u00e9s nyerges\u00fajfalui di\u00e1kok a v\u00e1rmegyei k\u00f6zleked\u00e9si versenyeken<\/title>\n<meta name=\"robots\" content=\"index, follow, max-snippet:-1, max-image-preview:large, max-video-preview:-1\" \/>\n<link rel=\"canonical\" href=\"https:\/\/dorogimedence.hu\/index.php\/2024\/04\/19\/kivaloan-szerepeltek-a-dorogi-csolnoki-es-nyergesujfalui-diakok-a-varmegyei-kozlekedesi-versenyeken\/\" class=\"yoast-seo-meta-tag\" \/>\n<meta property=\"og:locale\" content=\"hu_HU\" class=\"yoast-seo-meta-tag\" \/>\n<meta property=\"og:type\" content=\"article\" class=\"yoast-seo-meta-tag\" \/>\n<meta property=\"og:title\" content=\"Kiv\u00e1l\u00f3an szerepeltek a dorogi, csolnoki \u00e9s nyerges\u00fajfalui di\u00e1kok a v\u00e1rmegyei k\u00f6zleked\u00e9si versenyeken\" class=\"yoast-seo-meta-tag\" \/>\n<meta property=\"og:description\" content=\"A Kom\u00e1rom-Esztergom V\u00e1rmegyei Balesetmegel\u0151z\u00e9si Bizotts\u00e1g munkat\u00e1rsai 2024. \u00e1prilis 17-\u00e9n, szerd\u00e1n rendezt\u00e9k meg a &#8222;Ki a mester k\u00e9t ker\u00e9ken?&#8221;, illetve a &#8222;Ker\u00e9kp\u00e1ros Iskola Kupa&#8221; elnevez\u00e9s\u0171 k\u00f6zleked\u00e9si versenyek v\u00e1rmegyei d\u00f6nt\u0151it a K\u0151k\u00fati \u00c1ltal\u00e1nos Iskol\u00e1ban, Tat\u00e1n, ahonnan dorogi, csolnoki \u00e9s nyerges\u00fajfalui di\u00e1kok is \u00e9rmekkel t\u00e9rhettek haza. A Ker\u00e9kp\u00e1ros Iskola Kup\u00e1n 5-8. oszt\u00e1lyos di\u00e1kok indulhattak, m\u00edg a Ki a\" class=\"yoast-seo-meta-tag\" \/>\n<meta property=\"og:url\" content=\"https:\/\/dorogimedence.hu\/index.php\/2024\/04\/19\/kivaloan-szerepeltek-a-dorogi-csolnoki-es-nyergesujfalui-diakok-a-varmegyei-kozlekedesi-versenyeken\/\" class=\"yoast-seo-meta-tag\" \/>\n<meta property=\"og:site_name\" content=\"Dorogi-medence Region\u00e1lis H\u00edrport\u00e1l\" class=\"yoast-seo-meta-tag\" \/>\n<meta property=\"article:publisher\" content=\"https:\/\/www.facebook.com\/dorogimedence\/\" class=\"yoast-seo-meta-tag\" \/>\n<meta property=\"article:published_time\" content=\"2024-04-19T07:25:58+00:00\" class=\"yoast-seo-meta-tag\" \/>\n<meta property=\"og:image\" content=\"https:\/\/dorogimedence.hu\/wp-content\/uploads\/2024\/04\/verseny-01.jpg\" class=\"yoast-seo-meta-tag\" \/>\n\t<meta property=\"og:image:width\" content=\"1920\" class=\"yoast-seo-meta-tag\" \/>\n\t<meta property=\"og:image:height\" content=\"970\" class=\"yoast-seo-meta-tag\" \/>\n\t<meta property=\"og:image:type\" content=\"image\/jpeg\" class=\"yoast-seo-meta-tag\" \/>\n<meta name=\"author\" content=\"dorogimedence.hu\" class=\"yoast-seo-meta-tag\" \/>\n<meta name=\"twitter:card\" content=\"summary_large_image\" class=\"yoast-seo-meta-tag\" \/>\n<meta name=\"twitter:label1\" content=\"Szerz\u0151:\" class=\"yoast-seo-meta-tag\" \/>\n\t<meta name=\"twitter:data1\" content=\"dorogimedence.hu\" class=\"yoast-seo-meta-tag\" \/>\n\t<meta name=\"twitter:label2\" content=\"Becs\u00fclt olvas\u00e1si id\u0151\" class=\"yoast-seo-meta-tag\" \/>\n\t<meta name=\"twitter:data2\" content=\"2 perc\" class=\"yoast-seo-meta-tag\" \/>\n<script type=\"application\/ld+json\" class=\"yoast-schema-graph\">{\"@context\":\"https:\\\/\\\/schema.org\",\"@graph\":[{\"@type\":\"Article\",\"@id\":\"https:\\\/\\\/dorogimedence.hu\\\/index.php\\\/2024\\\/04\\\/19\\\/kivaloan-szerepeltek-a-dorogi-csolnoki-es-nyergesujfalui-diakok-a-varmegyei-kozlekedesi-versenyeken\\\/#article\",\"isPartOf\":{\"@id\":\"https:\\\/\\\/dorogimedence.hu\\\/index.php\\\/2024\\\/04\\\/19\\\/kivaloan-szerepeltek-a-dorogi-csolnoki-es-nyergesujfalui-diakok-a-varmegyei-kozlekedesi-versenyeken\\\/\"},\"author\":{\"name\":\"dorogimedence.hu\",\"@id\":\"https:\\\/\\\/dorogimedence.hu\\\/#\\\/schema\\\/person\\\/ce6091eeb7e95ecdc87890d6aa8e0fd4\"},\"headline\":\"Kiv\u00e1l\u00f3an szerepeltek a dorogi, csolnoki \u00e9s nyerges\u00fajfalui di\u00e1kok a v\u00e1rmegyei k\u00f6zleked\u00e9si versenyeken\",\"datePublished\":\"2024-04-19T07:25:58+00:00\",\"mainEntityOfPage\":{\"@id\":\"https:\\\/\\\/dorogimedence.hu\\\/index.php\\\/2024\\\/04\\\/19\\\/kivaloan-szerepeltek-a-dorogi-csolnoki-es-nyergesujfalui-diakok-a-varmegyei-kozlekedesi-versenyeken\\\/\"},\"wordCount\":430,\"publisher\":{\"@id\":\"https:\\\/\\\/dorogimedence.hu\\\/#organization\"},\"image\":{\"@id\":\"https:\\\/\\\/dorogimedence.hu\\\/index.php\\\/2024\\\/04\\\/19\\\/kivaloan-szerepeltek-a-dorogi-csolnoki-es-nyergesujfalui-diakok-a-varmegyei-kozlekedesi-versenyeken\\\/#primaryimage\"},\"thumbnailUrl\":\"https:\\\/\\\/dorogimedence.hu\\\/wp-content\\\/uploads\\\/2024\\\/04\\\/verseny-01.jpg\",\"keywords\":[\"Csolnok\",\"Dorog\",\"Kom\u00e1rom-Esztergom v\u00e1rmegye\",\"Nyerges\u00fajfalu\",\"rend\u0151rs\u00e9gi h\u00edrek\",\"sport\",\"verseny\"],\"articleSection\":[\"Csolnok\",\"Dorog\",\"H\u00edrek\",\"Kom\u00e1rom-Esztergom\",\"Nyerges\u00fajfalu\"],\"inLanguage\":\"hu\"},{\"@type\":\"WebPage\",\"@id\":\"https:\\\/\\\/dorogimedence.hu\\\/index.php\\\/2024\\\/04\\\/19\\\/kivaloan-szerepeltek-a-dorogi-csolnoki-es-nyergesujfalui-diakok-a-varmegyei-kozlekedesi-versenyeken\\\/\",\"url\":\"https:\\\/\\\/dorogimedence.hu\\\/index.php\\\/2024\\\/04\\\/19\\\/kivaloan-szerepeltek-a-dorogi-csolnoki-es-nyergesujfalui-diakok-a-varmegyei-kozlekedesi-versenyeken\\\/\",\"name\":\"Kiv\u00e1l\u00f3an szerepeltek a dorogi, csolnoki \u00e9s nyerges\u00fajfalui di\u00e1kok a v\u00e1rmegyei k\u00f6zleked\u00e9si versenyeken\",\"isPartOf\":{\"@id\":\"https:\\\/\\\/dorogimedence.hu\\\/#website\"},\"primaryImageOfPage\":{\"@id\":\"https:\\\/\\\/dorogimedence.hu\\\/index.php\\\/2024\\\/04\\\/19\\\/kivaloan-szerepeltek-a-dorogi-csolnoki-es-nyergesujfalui-diakok-a-varmegyei-kozlekedesi-versenyeken\\\/#primaryimage\"},\"image\":{\"@id\":\"https:\\\/\\\/dorogimedence.hu\\\/index.php\\\/2024\\\/04\\\/19\\\/kivaloan-szerepeltek-a-dorogi-csolnoki-es-nyergesujfalui-diakok-a-varmegyei-kozlekedesi-versenyeken\\\/#primaryimage\"},\"thumbnailUrl\":\"https:\\\/\\\/dorogimedence.hu\\\/wp-content\\\/uploads\\\/2024\\\/04\\\/verseny-01.jpg\",\"datePublished\":\"2024-04-19T07:25:58+00:00\",\"breadcrumb\":{\"@id\":\"https:\\\/\\\/dorogimedence.hu\\\/index.php\\\/2024\\\/04\\\/19\\\/kivaloan-szerepeltek-a-dorogi-csolnoki-es-nyergesujfalui-diakok-a-varmegyei-kozlekedesi-versenyeken\\\/#breadcrumb\"},\"inLanguage\":\"hu\",\"potentialAction\":[{\"@type\":\"ReadAction\",\"target\":[\"https:\\\/\\\/dorogimedence.hu\\\/index.php\\\/2024\\\/04\\\/19\\\/kivaloan-szerepeltek-a-dorogi-csolnoki-es-nyergesujfalui-diakok-a-varmegyei-kozlekedesi-versenyeken\\\/\"]}]},{\"@type\":\"ImageObject\",\"inLanguage\":\"hu\",\"@id\":\"https:\\\/\\\/dorogimedence.hu\\\/index.php\\\/2024\\\/04\\\/19\\\/kivaloan-szerepeltek-a-dorogi-csolnoki-es-nyergesujfalui-diakok-a-varmegyei-kozlekedesi-versenyeken\\\/#primaryimage\",\"url\":\"https:\\\/\\\/dorogimedence.hu\\\/wp-content\\\/uploads\\\/2024\\\/04\\\/verseny-01.jpg\",\"contentUrl\":\"https:\\\/\\\/dorogimedence.hu\\\/wp-content\\\/uploads\\\/2024\\\/04\\\/verseny-01.jpg\",\"width\":1920,\"height\":970},{\"@type\":\"BreadcrumbList\",\"@id\":\"https:\\\/\\\/dorogimedence.hu\\\/index.php\\\/2024\\\/04\\\/19\\\/kivaloan-szerepeltek-a-dorogi-csolnoki-es-nyergesujfalui-diakok-a-varmegyei-kozlekedesi-versenyeken\\\/#breadcrumb\",\"itemListElement\":[{\"@type\":\"ListItem\",\"position\":1,\"name\":\"Kezd\u0151lap\",\"item\":\"https:\\\/\\\/dorogimedence.hu\\\/\"},{\"@type\":\"ListItem\",\"position\":2,\"name\":\"Kiv\u00e1l\u00f3an szerepeltek a dorogi, csolnoki \u00e9s nyerges\u00fajfalui di\u00e1kok a v\u00e1rmegyei k\u00f6zleked\u00e9si versenyeken\"}]},{\"@type\":\"WebSite\",\"@id\":\"https:\\\/\\\/dorogimedence.hu\\\/#website\",\"url\":\"https:\\\/\\\/dorogimedence.hu\\\/\",\"name\":\"Dorogi-medence Region\u00e1lis H\u00edrport\u00e1l\",\"description\":\"Dorog, Keszt\u00f6lc, Le\u00e1nyv\u00e1r, Piliscs\u00e9v, Tokod, Tokodalt\u00e1r\u00f3, Csolnok, Esztergom-kertv\u00e1ros: h\u00edrek, programok\",\"publisher\":{\"@id\":\"https:\\\/\\\/dorogimedence.hu\\\/#organization\"},\"potentialAction\":[{\"@type\":\"SearchAction\",\"target\":{\"@type\":\"EntryPoint\",\"urlTemplate\":\"https:\\\/\\\/dorogimedence.hu\\\/?s={search_term_string}\"},\"query-input\":{\"@type\":\"PropertyValueSpecification\",\"valueRequired\":true,\"valueName\":\"search_term_string\"}}],\"inLanguage\":\"hu\"},{\"@type\":\"Organization\",\"@id\":\"https:\\\/\\\/dorogimedence.hu\\\/#organization\",\"name\":\"Dorogi-medence Region\u00e1lis H\u00edrport\u00e1l\",\"url\":\"https:\\\/\\\/dorogimedence.hu\\\/\",\"logo\":{\"@type\":\"ImageObject\",\"inLanguage\":\"hu\",\"@id\":\"https:\\\/\\\/dorogimedence.hu\\\/#\\\/schema\\\/logo\\\/image\\\/\",\"url\":\"https:\\\/\\\/dorogimedence.hu\\\/wp-content\\\/uploads\\\/2021\\\/04\\\/logo-feher-600.png\",\"contentUrl\":\"https:\\\/\\\/dorogimedence.hu\\\/wp-content\\\/uploads\\\/2021\\\/04\\\/logo-feher-600.png\",\"width\":600,\"height\":100,\"caption\":\"Dorogi-medence Region\u00e1lis H\u00edrport\u00e1l\"},\"image\":{\"@id\":\"https:\\\/\\\/dorogimedence.hu\\\/#\\\/schema\\\/logo\\\/image\\\/\"},\"sameAs\":[\"https:\\\/\\\/www.facebook.com\\\/dorogimedence\\\/\"]},{\"@type\":\"Person\",\"@id\":\"https:\\\/\\\/dorogimedence.hu\\\/#\\\/schema\\\/person\\\/ce6091eeb7e95ecdc87890d6aa8e0fd4\",\"name\":\"dorogimedence.hu\",\"image\":{\"@type\":\"ImageObject\",\"inLanguage\":\"hu\",\"@id\":\"\\\/\\\/www.gravatar.com\\\/avatar\\\/d8d45f8901aadff40a4af72c0b826f1d?s=96&#038;r=g&#038;d=mm\",\"url\":\"\\\/\\\/www.gravatar.com\\\/avatar\\\/d8d45f8901aadff40a4af72c0b826f1d?s=96&#038;r=g&#038;d=mm\",\"contentUrl\":\"\\\/\\\/www.gravatar.com\\\/avatar\\\/d8d45f8901aadff40a4af72c0b826f1d?s=96&#038;r=g&#038;d=mm\",\"caption\":\"dorogimedence.hu\"}}]}<\/script>\n<!-- \/ Yoast SEO plugin. -->","yoast_head_json":{"title":"Kiv\u00e1l\u00f3an szerepeltek a dorogi, csolnoki \u00e9s nyerges\u00fajfalui di\u00e1kok a v\u00e1rmegyei k\u00f6zleked\u00e9si versenyeken","robots":{"index":"index","follow":"follow","max-snippet":"max-snippet:-1","max-image-preview":"max-image-preview:large","max-video-preview":"max-video-preview:-1"},"canonical":"https:\/\/dorogimedence.hu\/index.php\/2024\/04\/19\/kivaloan-szerepeltek-a-dorogi-csolnoki-es-nyergesujfalui-diakok-a-varmegyei-kozlekedesi-versenyeken\/","og_locale":"hu_HU","og_type":"article","og_title":"Kiv\u00e1l\u00f3an szerepeltek a dorogi, csolnoki \u00e9s nyerges\u00fajfalui di\u00e1kok a v\u00e1rmegyei k\u00f6zleked\u00e9si versenyeken","og_description":"A Kom\u00e1rom-Esztergom V\u00e1rmegyei Balesetmegel\u0151z\u00e9si Bizotts\u00e1g munkat\u00e1rsai 2024. \u00e1prilis 17-\u00e9n, szerd\u00e1n rendezt\u00e9k meg a &#8222;Ki a mester k\u00e9t ker\u00e9ken?&#8221;, illetve a &#8222;Ker\u00e9kp\u00e1ros Iskola Kupa&#8221; elnevez\u00e9s\u0171 k\u00f6zleked\u00e9si versenyek v\u00e1rmegyei d\u00f6nt\u0151it a K\u0151k\u00fati \u00c1ltal\u00e1nos Iskol\u00e1ban, Tat\u00e1n, ahonnan dorogi, csolnoki \u00e9s nyerges\u00fajfalui di\u00e1kok is \u00e9rmekkel t\u00e9rhettek haza. A Ker\u00e9kp\u00e1ros Iskola Kup\u00e1n 5-8. oszt\u00e1lyos di\u00e1kok indulhattak, m\u00edg a Ki a","og_url":"https:\/\/dorogimedence.hu\/index.php\/2024\/04\/19\/kivaloan-szerepeltek-a-dorogi-csolnoki-es-nyergesujfalui-diakok-a-varmegyei-kozlekedesi-versenyeken\/","og_site_name":"Dorogi-medence Region\u00e1lis H\u00edrport\u00e1l","article_publisher":"https:\/\/www.facebook.com\/dorogimedence\/","article_published_time":"2024-04-19T07:25:58+00:00","og_image":[{"width":1920,"height":970,"url":"https:\/\/dorogimedence.hu\/wp-content\/uploads\/2024\/04\/verseny-01.jpg","type":"image\/jpeg"}],"author":"dorogimedence.hu","twitter_card":"summary_large_image","twitter_misc":{"Szerz\u0151:":"dorogimedence.hu","Becs\u00fclt olvas\u00e1si id\u0151":"2 perc"},"schema":{"@context":"https:\/\/schema.org","@graph":[{"@type":"Article","@id":"https:\/\/dorogimedence.hu\/index.php\/2024\/04\/19\/kivaloan-szerepeltek-a-dorogi-csolnoki-es-nyergesujfalui-diakok-a-varmegyei-kozlekedesi-versenyeken\/#article","isPartOf":{"@id":"https:\/\/dorogimedence.hu\/index.php\/2024\/04\/19\/kivaloan-szerepeltek-a-dorogi-csolnoki-es-nyergesujfalui-diakok-a-varmegyei-kozlekedesi-versenyeken\/"},"author":{"name":"dorogimedence.hu","@id":"https:\/\/dorogimedence.hu\/#\/schema\/person\/ce6091eeb7e95ecdc87890d6aa8e0fd4"},"headline":"Kiv\u00e1l\u00f3an szerepeltek a dorogi, csolnoki \u00e9s nyerges\u00fajfalui di\u00e1kok a v\u00e1rmegyei k\u00f6zleked\u00e9si versenyeken","datePublished":"2024-04-19T07:25:58+00:00","mainEntityOfPage":{"@id":"https:\/\/dorogimedence.hu\/index.php\/2024\/04\/19\/kivaloan-szerepeltek-a-dorogi-csolnoki-es-nyergesujfalui-diakok-a-varmegyei-kozlekedesi-versenyeken\/"},"wordCount":430,"publisher":{"@id":"https:\/\/dorogimedence.hu\/#organization"},"image":{"@id":"https:\/\/dorogimedence.hu\/index.php\/2024\/04\/19\/kivaloan-szerepeltek-a-dorogi-csolnoki-es-nyergesujfalui-diakok-a-varmegyei-kozlekedesi-versenyeken\/#primaryimage"},"thumbnailUrl":"https:\/\/dorogimedence.hu\/wp-content\/uploads\/2024\/04\/verseny-01.jpg","keywords":["Csolnok","Dorog","Kom\u00e1rom-Esztergom v\u00e1rmegye","Nyerges\u00fajfalu","rend\u0151rs\u00e9gi h\u00edrek","sport","verseny"],"articleSection":["Csolnok","Dorog","H\u00edrek","Kom\u00e1rom-Esztergom","Nyerges\u00fajfalu"],"inLanguage":"hu"},{"@type":"WebPage","@id":"https:\/\/dorogimedence.hu\/index.php\/2024\/04\/19\/kivaloan-szerepeltek-a-dorogi-csolnoki-es-nyergesujfalui-diakok-a-varmegyei-kozlekedesi-versenyeken\/","url":"https:\/\/dorogimedence.hu\/index.php\/2024\/04\/19\/kivaloan-szerepeltek-a-dorogi-csolnoki-es-nyergesujfalui-diakok-a-varmegyei-kozlekedesi-versenyeken\/","name":"Kiv\u00e1l\u00f3an szerepeltek a dorogi, csolnoki \u00e9s nyerges\u00fajfalui di\u00e1kok a v\u00e1rmegyei k\u00f6zleked\u00e9si versenyeken","isPartOf":{"@id":"https:\/\/dorogimedence.hu\/#website"},"primaryImageOfPage":{"@id":"https:\/\/dorogimedence.hu\/index.php\/2024\/04\/19\/kivaloan-szerepeltek-a-dorogi-csolnoki-es-nyergesujfalui-diakok-a-varmegyei-kozlekedesi-versenyeken\/#primaryimage"},"image":{"@id":"https:\/\/dorogimedence.hu\/index.php\/2024\/04\/19\/kivaloan-szerepeltek-a-dorogi-csolnoki-es-nyergesujfalui-diakok-a-varmegyei-kozlekedesi-versenyeken\/#primaryimage"},"thumbnailUrl":"https:\/\/dorogimedence.hu\/wp-content\/uploads\/2024\/04\/verseny-01.jpg","datePublished":"2024-04-19T07:25:58+00:00","breadcrumb":{"@id":"https:\/\/dorogimedence.hu\/index.php\/2024\/04\/19\/kivaloan-szerepeltek-a-dorogi-csolnoki-es-nyergesujfalui-diakok-a-varmegyei-kozlekedesi-versenyeken\/#breadcrumb"},"inLanguage":"hu","potentialAction":[{"@type":"ReadAction","target":["https:\/\/dorogimedence.hu\/index.php\/2024\/04\/19\/kivaloan-szerepeltek-a-dorogi-csolnoki-es-nyergesujfalui-diakok-a-varmegyei-kozlekedesi-versenyeken\/"]}]},{"@type":"ImageObject","inLanguage":"hu","@id":"https:\/\/dorogimedence.hu\/index.php\/2024\/04\/19\/kivaloan-szerepeltek-a-dorogi-csolnoki-es-nyergesujfalui-diakok-a-varmegyei-kozlekedesi-versenyeken\/#primaryimage","url":"https:\/\/dorogimedence.hu\/wp-content\/uploads\/2024\/04\/verseny-01.jpg","contentUrl":"https:\/\/dorogimedence.hu\/wp-content\/uploads\/2024\/04\/verseny-01.jpg","width":1920,"height":970},{"@type":"BreadcrumbList","@id":"https:\/\/dorogimedence.hu\/index.php\/2024\/04\/19\/kivaloan-szerepeltek-a-dorogi-csolnoki-es-nyergesujfalui-diakok-a-varmegyei-kozlekedesi-versenyeken\/#breadcrumb","itemListElement":[{"@type":"ListItem","position":1,"name":"Kezd\u0151lap","item":"https:\/\/dorogimedence.hu\/"},{"@type":"ListItem","position":2,"name":"Kiv\u00e1l\u00f3an szerepeltek a dorogi, csolnoki \u00e9s nyerges\u00fajfalui di\u00e1kok a v\u00e1rmegyei k\u00f6zleked\u00e9si versenyeken"}]},{"@type":"WebSite","@id":"https:\/\/dorogimedence.hu\/#website","url":"https:\/\/dorogimedence.hu\/","name":"Dorogi-medence Region\u00e1lis H\u00edrport\u00e1l","description":"Dorog, Keszt\u00f6lc, Le\u00e1nyv\u00e1r, Piliscs\u00e9v, Tokod, Tokodalt\u00e1r\u00f3, Csolnok, Esztergom-kertv\u00e1ros: h\u00edrek, programok","publisher":{"@id":"https:\/\/dorogimedence.hu\/#organization"},"potentialAction":[{"@type":"SearchAction","target":{"@type":"EntryPoint","urlTemplate":"https:\/\/dorogimedence.hu\/?s={search_term_string}"},"query-input":{"@type":"PropertyValueSpecification","valueRequired":true,"valueName":"search_term_string"}}],"inLanguage":"hu"},{"@type":"Organization","@id":"https:\/\/dorogimedence.hu\/#organization","name":"Dorogi-medence Region\u00e1lis H\u00edrport\u00e1l","url":"https:\/\/dorogimedence.hu\/","logo":{"@type":"ImageObject","inLanguage":"hu","@id":"https:\/\/dorogimedence.hu\/#\/schema\/logo\/image\/","url":"https:\/\/dorogimedence.hu\/wp-content\/uploads\/2021\/04\/logo-feher-600.png","contentUrl":"https:\/\/dorogimedence.hu\/wp-content\/uploads\/2021\/04\/logo-feher-600.png","width":600,"height":100,"caption":"Dorogi-medence Region\u00e1lis H\u00edrport\u00e1l"},"image":{"@id":"https:\/\/dorogimedence.hu\/#\/schema\/logo\/image\/"},"sameAs":["https:\/\/www.facebook.com\/dorogimedence\/"]},{"@type":"Person","@id":"https:\/\/dorogimedence.hu\/#\/schema\/person\/ce6091eeb7e95ecdc87890d6aa8e0fd4","name":"dorogimedence.hu","image":{"@type":"ImageObject","inLanguage":"hu","@id":"\/\/www.gravatar.com\/avatar\/d8d45f8901aadff40a4af72c0b826f1d?s=96&#038;r=g&#038;d=mm","url":"\/\/www.gravatar.com\/avatar\/d8d45f8901aadff40a4af72c0b826f1d?s=96&#038;r=g&#038;d=mm","contentUrl":"\/\/www.gravatar.com\/avatar\/d8d45f8901aadff40a4af72c0b826f1d?s=96&#038;r=g&#038;d=mm","caption":"dorogimedence.hu"}}]}},"_links":{"self":[{"href":"https:\/\/dorogimedence.hu\/index.php\/wp-json\/wp\/v2\/posts\/61325","targetHints":{"allow":["GET"]}}],"collection":[{"href":"https:\/\/dorogimedence.hu\/index.php\/wp-json\/wp\/v2\/posts"}],"about":[{"href":"https:\/\/dorogimedence.hu\/index.php\/wp-json\/wp\/v2\/types\/post"}],"author":[{"embeddable":true,"href":"https:\/\/dorogimedence.hu\/index.php\/wp-json\/wp\/v2\/users\/1"}],"replies":[{"embeddable":true,"href":"https:\/\/dorogimedence.hu\/index.php\/wp-json\/wp\/v2\/comments?post=61325"}],"version-history":[{"count":0,"href":"https:\/\/dorogimedence.hu\/index.php\/wp-json\/wp\/v2\/posts\/61325\/revisions"}],"wp:featuredmedia":[{"embeddable":true,"href":"https:\/\/dorogimedence.hu\/index.php\/wp-json\/wp\/v2\/media\/61326"}],"wp:attachment":[{"href":"https:\/\/dorogimedence.hu\/index.php\/wp-json\/wp\/v2\/media?parent=61325"}],"wp:term":[{"taxonomy":"category","embeddable":true,"href":"https:\/\/dorogimedence.hu\/index.php\/wp-json\/wp\/v2\/categories?post=61325"},{"taxonomy":"post_tag","embeddable":true,"href":"https:\/\/dorogimedence.hu\/index.php\/wp-json\/wp\/v2\/tags?post=61325"}],"curies":[{"name":"wp","href":"https:\/\/api.w.org\/{rel}","templated":true}]}}