{"id":61268,"date":"2024-04-17T09:58:26","date_gmt":"2024-04-17T07:58:26","guid":{"rendered":"https:\/\/dorogimedence.hu\/?p=61268"},"modified":"2024-04-17T09:58:26","modified_gmt":"2024-04-17T07:58:26","slug":"12-tanacs-a-vadelutesek-elkerulese-erdekeben","status":"publish","type":"post","link":"https:\/\/dorogimedence.hu\/index.php\/2024\/04\/17\/12-tanacs-a-vadelutesek-elkerulese-erdekeben\/","title":{"rendered":"12 tan\u00e1cs a vadel\u00fct\u00e9sek elker\u00fcl\u00e9se \u00e9rdek\u00e9ben"},"content":{"rendered":"<p><strong>K\u00e9rj\u00fck, fogadj\u00e1k meg a Kom\u00e1rom-Esztergom V\u00e1rmegyei Rend\u0151r-f\u0151kapit\u00e1nys\u00e1g tan\u00e1csait a vadel\u00fct\u00e9sek megel\u0151z\u00e9se \u00e9rdek\u00e9ben.<\/strong><\/p>\n<p>1. Lass\u00edts! A megengedett legnagyobb sebess\u00e9g nem azt jelenti, hogy annyival is kell haladnia. Ha lakott ter\u00fcleten k\u00edv\u00fcl 90 helyett csak 80 km\/\u00f3ra sebess\u00e9ggel m\u00e9sz, j\u00f3val t\u00f6bb id\u0151d lesz reag\u00e1lni egy esetlegesen hirtelen felbukkan\u00f3 vadra.<\/p>\n<p>2. Kapcsold be a biztons\u00e1gi \u00f6vet! M\u00e1r nem lesz r\u00e1 id\u0151d, miel\u0151tt a f\u00e9kre taposol.<\/p>\n<p>3. Kapcsold fel a t\u00e1vols\u00e1gi f\u00e9nysz\u00f3r\u00f3t! \u00cdgy nagyobb ter\u00fcletet l\u00e1thatsz \u00e1t. Szembej\u00f6v\u0151 forgalom eset\u00e9n term\u00e9szetesen kapcsold le a reflektort!<\/p>\n<p>4. Tudj r\u00f3la, hogy szembej\u00f6v\u0151 forgalomn\u00e1l nehezebb \u00e9szrevenni a k\u00f6zelben l\u00e9v\u0151 vad\u00e1llatokat! A sebess\u00e9g cs\u00f6kkent\u00e9se seg\u00edthet.<\/p>\n<p>5. Tarts nagyobb k\u00f6vet\u00e9si t\u00e1vols\u00e1got! Az el\u00f6l halad\u00f3 g\u00e9pkocsi is ugyan\u00fagy b\u00e1rmikor hirtelen f\u00e9kez\u00e9sre k\u00e9nyszer\u00fclhet.<\/p>\n<p>6. Folyamatosan figyeld az \u00fat k\u00e9t oldal\u00e1t is! Vezet\u00e9s k\u00f6zben az ember hajlamos elmerengeni \u2013 k\u00fcl\u00f6n\u00f6sen \u00e9jszaka egy kihalt \u00faton.<\/p>\n<p>7. Ha vadat l\u00e1tsz, lass\u00edts! A vad\u00e1llatok kisz\u00e1m\u00edthatatlanul viselkednek. Van, hogy nem mozdulnak, de az is lehet, hogy megugranak \u00e9s valamelyik ir\u00e1nyba v\u00e1gtatni kezdenek.<\/p>\n<p>8. Ha egy \u0151zet vagy szarvast l\u00e1tott\u00e1l, sz\u00e1m\u00edts t\u00f6bbre is! \u00c1ltal\u00e1ban ezek az \u00e1llatok csoportokba ver\u0151dnek.<\/p>\n<p>9. Dud\u00e1lj, ha vad\u00e1llat van az \u00fattesten! A f\u00e9nysz\u00f3r\u00f3ba n\u00e9zve nem biztos, hogy l\u00e1tj\u00e1k a j\u00e1rm\u0171vet, a hangjelz\u00e9s seg\u00edthet nekik, hogy tudj\u00e1k, merr\u0151l j\u00f6n a vesz\u00e9ly. Vigy\u00e1zz azonban, ha az \u00e1llat nem az \u00faton \u00e1ll \u2013 lehet, hogy a hangt\u00f3l megriad \u00e9s pont a kocsi el\u00e9 ugrik.<\/p>\n<p>10. Lakott ter\u00fcleten bel\u00fcl is tal\u00e1lkozhatunk \u0151zekkel vagy m\u00e1s vad\u00e1llatokkal. \u00c1ltal\u00e1ban s\u00f6t\u00e9ted\u00e9s ut\u00e1n j\u00f6nnek el\u0151, de gyakorlatilag b\u00e1rhol \u00e9s b\u00e1rmikor felbukkanhatnak, ez\u00e9rt legy\u00e9l ezeken a ter\u00fcleteken is nagyon k\u00f6r\u00fcltekint\u0151!<\/p>\n<p>11. Ha hirtelen nagytest\u0171 vad ker\u00fcl a g\u00e9pkocsi el\u00e9, v\u00e9szf\u00e9kezz, adj hangjelz\u00e9st, de ne r\u00e1ntsd f\u00e9lre a korm\u00e1nyt, m\u00e9g ha \u00edgy el is \u00fct\u00f6d az \u00e1llatot! Egy \u00fat menti f\u00e1nak vagy a szemben k\u00f6zleked\u0151 g\u00e9pkocsinak csap\u00f3dva sokkal s\u00falyosabb baleset k\u00f6vetkezhet be.<\/p>\n<p>12. Ha elpusztult vad\u00e1llatot l\u00e1tsz az \u00faton, h\u00edvd a 112 seg\u00e9lyh\u00edv\u00f3 sz\u00e1mot! Ne pr\u00f3b\u00e1ld meg leh\u00fazni az \u00fattestr\u0151l; lehet, hogy m\u00e9g \u00e9letben van, \u00e9s egy r\u00e9m\u00fclt \u00e1llat s\u00falyos s\u00e9r\u00fcl\u00e9st okozhat pat\u00e1ival, agancs\u00e1val vagy harap\u00e1s\u00e1val. Az elpusztult \u00e1llatot ne vidd magaddal, az lop\u00e1snak sz\u00e1m\u00edt!&nbsp;<\/p>\n","protected":false},"excerpt":{"rendered":"<p>K\u00e9rj\u00fck, fogadj\u00e1k meg a Kom\u00e1rom-Esztergom V\u00e1rmegyei Rend\u0151r-f\u0151kapit\u00e1nys\u00e1g tan\u00e1csait a vadel\u00fct\u00e9sek megel\u0151z\u00e9se \u00e9rdek\u00e9ben. 1. Lass\u00edts! A megengedett legnagyobb sebess\u00e9g nem azt jelenti, hogy annyival is kell haladnia. Ha lakott ter\u00fcleten k\u00edv\u00fcl 90 helyett csak 80 km\/\u00f3ra sebess\u00e9ggel m\u00e9sz, j\u00f3val t\u00f6bb id\u0151d lesz reag\u00e1lni egy esetlegesen hirtelen felbukkan\u00f3 vadra. 2. Kapcsold be a biztons\u00e1gi \u00f6vet! M\u00e1r nem<\/p>\n","protected":false},"author":1,"featured_media":61269,"comment_status":"closed","ping_status":"closed","sticky":false,"template":"","format":"standard","meta":{"ngg_post_thumbnail":0,"footnotes":""},"categories":[3],"tags":[279,61,5224,5204],"class_list":{"0":"post-61268","1":"post","2":"type-post","3":"status-publish","4":"format-standard","5":"has-post-thumbnail","7":"category-hirek","8":"tag-kozlekedes","9":"tag-rendorsegi-hirek","10":"tag-tanacs","11":"tag-vadelutes"},"yoast_head":"<!-- This site is optimized with the Yoast SEO plugin v27.4 - https:\/\/yoast.com\/product\/yoast-seo-wordpress\/ -->\n<title>12 tan\u00e1cs a vadel\u00fct\u00e9sek elker\u00fcl\u00e9se \u00e9rdek\u00e9ben<\/title>\n<meta name=\"robots\" content=\"index, follow, max-snippet:-1, max-image-preview:large, max-video-preview:-1\" \/>\n<link rel=\"canonical\" href=\"https:\/\/dorogimedence.hu\/index.php\/2024\/04\/17\/12-tanacs-a-vadelutesek-elkerulese-erdekeben\/\" class=\"yoast-seo-meta-tag\" \/>\n<meta property=\"og:locale\" content=\"hu_HU\" class=\"yoast-seo-meta-tag\" \/>\n<meta property=\"og:type\" content=\"article\" class=\"yoast-seo-meta-tag\" \/>\n<meta property=\"og:title\" content=\"12 tan\u00e1cs a vadel\u00fct\u00e9sek elker\u00fcl\u00e9se \u00e9rdek\u00e9ben\" class=\"yoast-seo-meta-tag\" \/>\n<meta property=\"og:description\" content=\"K\u00e9rj\u00fck, fogadj\u00e1k meg a Kom\u00e1rom-Esztergom V\u00e1rmegyei Rend\u0151r-f\u0151kapit\u00e1nys\u00e1g tan\u00e1csait a vadel\u00fct\u00e9sek megel\u0151z\u00e9se \u00e9rdek\u00e9ben. 1. Lass\u00edts! A megengedett legnagyobb sebess\u00e9g nem azt jelenti, hogy annyival is kell haladnia. Ha lakott ter\u00fcleten k\u00edv\u00fcl 90 helyett csak 80 km\/\u00f3ra sebess\u00e9ggel m\u00e9sz, j\u00f3val t\u00f6bb id\u0151d lesz reag\u00e1lni egy esetlegesen hirtelen felbukkan\u00f3 vadra. 2. Kapcsold be a biztons\u00e1gi \u00f6vet! M\u00e1r nem\" class=\"yoast-seo-meta-tag\" \/>\n<meta property=\"og:url\" content=\"https:\/\/dorogimedence.hu\/index.php\/2024\/04\/17\/12-tanacs-a-vadelutesek-elkerulese-erdekeben\/\" class=\"yoast-seo-meta-tag\" \/>\n<meta property=\"og:site_name\" content=\"Dorogi-medence Region\u00e1lis H\u00edrport\u00e1l\" class=\"yoast-seo-meta-tag\" \/>\n<meta property=\"article:publisher\" content=\"https:\/\/www.facebook.com\/dorogimedence\/\" class=\"yoast-seo-meta-tag\" \/>\n<meta property=\"article:published_time\" content=\"2024-04-17T07:58:26+00:00\" class=\"yoast-seo-meta-tag\" \/>\n<meta property=\"og:image\" content=\"https:\/\/dorogimedence.hu\/wp-content\/uploads\/2024\/04\/vadelutes.jpg\" class=\"yoast-seo-meta-tag\" \/>\n\t<meta property=\"og:image:width\" content=\"1920\" class=\"yoast-seo-meta-tag\" \/>\n\t<meta property=\"og:image:height\" content=\"970\" class=\"yoast-seo-meta-tag\" \/>\n\t<meta property=\"og:image:type\" content=\"image\/jpeg\" class=\"yoast-seo-meta-tag\" \/>\n<meta name=\"author\" content=\"dorogimedence.hu\" class=\"yoast-seo-meta-tag\" \/>\n<meta name=\"twitter:card\" content=\"summary_large_image\" class=\"yoast-seo-meta-tag\" \/>\n<meta name=\"twitter:label1\" content=\"Szerz\u0151:\" class=\"yoast-seo-meta-tag\" \/>\n\t<meta name=\"twitter:data1\" content=\"dorogimedence.hu\" class=\"yoast-seo-meta-tag\" \/>\n\t<meta name=\"twitter:label2\" content=\"Becs\u00fclt olvas\u00e1si id\u0151\" class=\"yoast-seo-meta-tag\" \/>\n\t<meta name=\"twitter:data2\" content=\"2 perc\" class=\"yoast-seo-meta-tag\" \/>\n<script type=\"application\/ld+json\" class=\"yoast-schema-graph\">{\"@context\":\"https:\\\/\\\/schema.org\",\"@graph\":[{\"@type\":\"Article\",\"@id\":\"https:\\\/\\\/dorogimedence.hu\\\/index.php\\\/2024\\\/04\\\/17\\\/12-tanacs-a-vadelutesek-elkerulese-erdekeben\\\/#article\",\"isPartOf\":{\"@id\":\"https:\\\/\\\/dorogimedence.hu\\\/index.php\\\/2024\\\/04\\\/17\\\/12-tanacs-a-vadelutesek-elkerulese-erdekeben\\\/\"},\"author\":{\"name\":\"dorogimedence.hu\",\"@id\":\"https:\\\/\\\/dorogimedence.hu\\\/#\\\/schema\\\/person\\\/ce6091eeb7e95ecdc87890d6aa8e0fd4\"},\"headline\":\"12 tan\u00e1cs a vadel\u00fct\u00e9sek elker\u00fcl\u00e9se \u00e9rdek\u00e9ben\",\"datePublished\":\"2024-04-17T07:58:26+00:00\",\"mainEntityOfPage\":{\"@id\":\"https:\\\/\\\/dorogimedence.hu\\\/index.php\\\/2024\\\/04\\\/17\\\/12-tanacs-a-vadelutesek-elkerulese-erdekeben\\\/\"},\"wordCount\":488,\"publisher\":{\"@id\":\"https:\\\/\\\/dorogimedence.hu\\\/#organization\"},\"image\":{\"@id\":\"https:\\\/\\\/dorogimedence.hu\\\/index.php\\\/2024\\\/04\\\/17\\\/12-tanacs-a-vadelutesek-elkerulese-erdekeben\\\/#primaryimage\"},\"thumbnailUrl\":\"https:\\\/\\\/dorogimedence.hu\\\/wp-content\\\/uploads\\\/2024\\\/04\\\/vadelutes.jpg\",\"keywords\":[\"k\u00f6zleked\u00e9s\",\"rend\u0151rs\u00e9gi h\u00edrek\",\"tan\u00e1cs\",\"vadel\u00fct\u00e9s\"],\"articleSection\":[\"H\u00edrek\"],\"inLanguage\":\"hu\"},{\"@type\":\"WebPage\",\"@id\":\"https:\\\/\\\/dorogimedence.hu\\\/index.php\\\/2024\\\/04\\\/17\\\/12-tanacs-a-vadelutesek-elkerulese-erdekeben\\\/\",\"url\":\"https:\\\/\\\/dorogimedence.hu\\\/index.php\\\/2024\\\/04\\\/17\\\/12-tanacs-a-vadelutesek-elkerulese-erdekeben\\\/\",\"name\":\"12 tan\u00e1cs a vadel\u00fct\u00e9sek elker\u00fcl\u00e9se \u00e9rdek\u00e9ben\",\"isPartOf\":{\"@id\":\"https:\\\/\\\/dorogimedence.hu\\\/#website\"},\"primaryImageOfPage\":{\"@id\":\"https:\\\/\\\/dorogimedence.hu\\\/index.php\\\/2024\\\/04\\\/17\\\/12-tanacs-a-vadelutesek-elkerulese-erdekeben\\\/#primaryimage\"},\"image\":{\"@id\":\"https:\\\/\\\/dorogimedence.hu\\\/index.php\\\/2024\\\/04\\\/17\\\/12-tanacs-a-vadelutesek-elkerulese-erdekeben\\\/#primaryimage\"},\"thumbnailUrl\":\"https:\\\/\\\/dorogimedence.hu\\\/wp-content\\\/uploads\\\/2024\\\/04\\\/vadelutes.jpg\",\"datePublished\":\"2024-04-17T07:58:26+00:00\",\"breadcrumb\":{\"@id\":\"https:\\\/\\\/dorogimedence.hu\\\/index.php\\\/2024\\\/04\\\/17\\\/12-tanacs-a-vadelutesek-elkerulese-erdekeben\\\/#breadcrumb\"},\"inLanguage\":\"hu\",\"potentialAction\":[{\"@type\":\"ReadAction\",\"target\":[\"https:\\\/\\\/dorogimedence.hu\\\/index.php\\\/2024\\\/04\\\/17\\\/12-tanacs-a-vadelutesek-elkerulese-erdekeben\\\/\"]}]},{\"@type\":\"ImageObject\",\"inLanguage\":\"hu\",\"@id\":\"https:\\\/\\\/dorogimedence.hu\\\/index.php\\\/2024\\\/04\\\/17\\\/12-tanacs-a-vadelutesek-elkerulese-erdekeben\\\/#primaryimage\",\"url\":\"https:\\\/\\\/dorogimedence.hu\\\/wp-content\\\/uploads\\\/2024\\\/04\\\/vadelutes.jpg\",\"contentUrl\":\"https:\\\/\\\/dorogimedence.hu\\\/wp-content\\\/uploads\\\/2024\\\/04\\\/vadelutes.jpg\",\"width\":1920,\"height\":970},{\"@type\":\"BreadcrumbList\",\"@id\":\"https:\\\/\\\/dorogimedence.hu\\\/index.php\\\/2024\\\/04\\\/17\\\/12-tanacs-a-vadelutesek-elkerulese-erdekeben\\\/#breadcrumb\",\"itemListElement\":[{\"@type\":\"ListItem\",\"position\":1,\"name\":\"Kezd\u0151lap\",\"item\":\"https:\\\/\\\/dorogimedence.hu\\\/\"},{\"@type\":\"ListItem\",\"position\":2,\"name\":\"12 tan\u00e1cs a vadel\u00fct\u00e9sek elker\u00fcl\u00e9se \u00e9rdek\u00e9ben\"}]},{\"@type\":\"WebSite\",\"@id\":\"https:\\\/\\\/dorogimedence.hu\\\/#website\",\"url\":\"https:\\\/\\\/dorogimedence.hu\\\/\",\"name\":\"Dorogi-medence Region\u00e1lis H\u00edrport\u00e1l\",\"description\":\"Dorog, Keszt\u00f6lc, Le\u00e1nyv\u00e1r, Piliscs\u00e9v, Tokod, Tokodalt\u00e1r\u00f3, Csolnok, Esztergom-kertv\u00e1ros: h\u00edrek, programok\",\"publisher\":{\"@id\":\"https:\\\/\\\/dorogimedence.hu\\\/#organization\"},\"potentialAction\":[{\"@type\":\"SearchAction\",\"target\":{\"@type\":\"EntryPoint\",\"urlTemplate\":\"https:\\\/\\\/dorogimedence.hu\\\/?s={search_term_string}\"},\"query-input\":{\"@type\":\"PropertyValueSpecification\",\"valueRequired\":true,\"valueName\":\"search_term_string\"}}],\"inLanguage\":\"hu\"},{\"@type\":\"Organization\",\"@id\":\"https:\\\/\\\/dorogimedence.hu\\\/#organization\",\"name\":\"Dorogi-medence Region\u00e1lis H\u00edrport\u00e1l\",\"url\":\"https:\\\/\\\/dorogimedence.hu\\\/\",\"logo\":{\"@type\":\"ImageObject\",\"inLanguage\":\"hu\",\"@id\":\"https:\\\/\\\/dorogimedence.hu\\\/#\\\/schema\\\/logo\\\/image\\\/\",\"url\":\"https:\\\/\\\/dorogimedence.hu\\\/wp-content\\\/uploads\\\/2021\\\/04\\\/logo-feher-600.png\",\"contentUrl\":\"https:\\\/\\\/dorogimedence.hu\\\/wp-content\\\/uploads\\\/2021\\\/04\\\/logo-feher-600.png\",\"width\":600,\"height\":100,\"caption\":\"Dorogi-medence Region\u00e1lis H\u00edrport\u00e1l\"},\"image\":{\"@id\":\"https:\\\/\\\/dorogimedence.hu\\\/#\\\/schema\\\/logo\\\/image\\\/\"},\"sameAs\":[\"https:\\\/\\\/www.facebook.com\\\/dorogimedence\\\/\"]},{\"@type\":\"Person\",\"@id\":\"https:\\\/\\\/dorogimedence.hu\\\/#\\\/schema\\\/person\\\/ce6091eeb7e95ecdc87890d6aa8e0fd4\",\"name\":\"dorogimedence.hu\",\"image\":{\"@type\":\"ImageObject\",\"inLanguage\":\"hu\",\"@id\":\"\\\/\\\/www.gravatar.com\\\/avatar\\\/d8d45f8901aadff40a4af72c0b826f1d?s=96&#038;r=g&#038;d=mm\",\"url\":\"\\\/\\\/www.gravatar.com\\\/avatar\\\/d8d45f8901aadff40a4af72c0b826f1d?s=96&#038;r=g&#038;d=mm\",\"contentUrl\":\"\\\/\\\/www.gravatar.com\\\/avatar\\\/d8d45f8901aadff40a4af72c0b826f1d?s=96&#038;r=g&#038;d=mm\",\"caption\":\"dorogimedence.hu\"}}]}<\/script>\n<!-- \/ Yoast SEO plugin. -->","yoast_head_json":{"title":"12 tan\u00e1cs a vadel\u00fct\u00e9sek elker\u00fcl\u00e9se \u00e9rdek\u00e9ben","robots":{"index":"index","follow":"follow","max-snippet":"max-snippet:-1","max-image-preview":"max-image-preview:large","max-video-preview":"max-video-preview:-1"},"canonical":"https:\/\/dorogimedence.hu\/index.php\/2024\/04\/17\/12-tanacs-a-vadelutesek-elkerulese-erdekeben\/","og_locale":"hu_HU","og_type":"article","og_title":"12 tan\u00e1cs a vadel\u00fct\u00e9sek elker\u00fcl\u00e9se \u00e9rdek\u00e9ben","og_description":"K\u00e9rj\u00fck, fogadj\u00e1k meg a Kom\u00e1rom-Esztergom V\u00e1rmegyei Rend\u0151r-f\u0151kapit\u00e1nys\u00e1g tan\u00e1csait a vadel\u00fct\u00e9sek megel\u0151z\u00e9se \u00e9rdek\u00e9ben. 1. Lass\u00edts! A megengedett legnagyobb sebess\u00e9g nem azt jelenti, hogy annyival is kell haladnia. Ha lakott ter\u00fcleten k\u00edv\u00fcl 90 helyett csak 80 km\/\u00f3ra sebess\u00e9ggel m\u00e9sz, j\u00f3val t\u00f6bb id\u0151d lesz reag\u00e1lni egy esetlegesen hirtelen felbukkan\u00f3 vadra. 2. Kapcsold be a biztons\u00e1gi \u00f6vet! M\u00e1r nem","og_url":"https:\/\/dorogimedence.hu\/index.php\/2024\/04\/17\/12-tanacs-a-vadelutesek-elkerulese-erdekeben\/","og_site_name":"Dorogi-medence Region\u00e1lis H\u00edrport\u00e1l","article_publisher":"https:\/\/www.facebook.com\/dorogimedence\/","article_published_time":"2024-04-17T07:58:26+00:00","og_image":[{"width":1920,"height":970,"url":"https:\/\/dorogimedence.hu\/wp-content\/uploads\/2024\/04\/vadelutes.jpg","type":"image\/jpeg"}],"author":"dorogimedence.hu","twitter_card":"summary_large_image","twitter_misc":{"Szerz\u0151:":"dorogimedence.hu","Becs\u00fclt olvas\u00e1si id\u0151":"2 perc"},"schema":{"@context":"https:\/\/schema.org","@graph":[{"@type":"Article","@id":"https:\/\/dorogimedence.hu\/index.php\/2024\/04\/17\/12-tanacs-a-vadelutesek-elkerulese-erdekeben\/#article","isPartOf":{"@id":"https:\/\/dorogimedence.hu\/index.php\/2024\/04\/17\/12-tanacs-a-vadelutesek-elkerulese-erdekeben\/"},"author":{"name":"dorogimedence.hu","@id":"https:\/\/dorogimedence.hu\/#\/schema\/person\/ce6091eeb7e95ecdc87890d6aa8e0fd4"},"headline":"12 tan\u00e1cs a vadel\u00fct\u00e9sek elker\u00fcl\u00e9se \u00e9rdek\u00e9ben","datePublished":"2024-04-17T07:58:26+00:00","mainEntityOfPage":{"@id":"https:\/\/dorogimedence.hu\/index.php\/2024\/04\/17\/12-tanacs-a-vadelutesek-elkerulese-erdekeben\/"},"wordCount":488,"publisher":{"@id":"https:\/\/dorogimedence.hu\/#organization"},"image":{"@id":"https:\/\/dorogimedence.hu\/index.php\/2024\/04\/17\/12-tanacs-a-vadelutesek-elkerulese-erdekeben\/#primaryimage"},"thumbnailUrl":"https:\/\/dorogimedence.hu\/wp-content\/uploads\/2024\/04\/vadelutes.jpg","keywords":["k\u00f6zleked\u00e9s","rend\u0151rs\u00e9gi h\u00edrek","tan\u00e1cs","vadel\u00fct\u00e9s"],"articleSection":["H\u00edrek"],"inLanguage":"hu"},{"@type":"WebPage","@id":"https:\/\/dorogimedence.hu\/index.php\/2024\/04\/17\/12-tanacs-a-vadelutesek-elkerulese-erdekeben\/","url":"https:\/\/dorogimedence.hu\/index.php\/2024\/04\/17\/12-tanacs-a-vadelutesek-elkerulese-erdekeben\/","name":"12 tan\u00e1cs a vadel\u00fct\u00e9sek elker\u00fcl\u00e9se \u00e9rdek\u00e9ben","isPartOf":{"@id":"https:\/\/dorogimedence.hu\/#website"},"primaryImageOfPage":{"@id":"https:\/\/dorogimedence.hu\/index.php\/2024\/04\/17\/12-tanacs-a-vadelutesek-elkerulese-erdekeben\/#primaryimage"},"image":{"@id":"https:\/\/dorogimedence.hu\/index.php\/2024\/04\/17\/12-tanacs-a-vadelutesek-elkerulese-erdekeben\/#primaryimage"},"thumbnailUrl":"https:\/\/dorogimedence.hu\/wp-content\/uploads\/2024\/04\/vadelutes.jpg","datePublished":"2024-04-17T07:58:26+00:00","breadcrumb":{"@id":"https:\/\/dorogimedence.hu\/index.php\/2024\/04\/17\/12-tanacs-a-vadelutesek-elkerulese-erdekeben\/#breadcrumb"},"inLanguage":"hu","potentialAction":[{"@type":"ReadAction","target":["https:\/\/dorogimedence.hu\/index.php\/2024\/04\/17\/12-tanacs-a-vadelutesek-elkerulese-erdekeben\/"]}]},{"@type":"ImageObject","inLanguage":"hu","@id":"https:\/\/dorogimedence.hu\/index.php\/2024\/04\/17\/12-tanacs-a-vadelutesek-elkerulese-erdekeben\/#primaryimage","url":"https:\/\/dorogimedence.hu\/wp-content\/uploads\/2024\/04\/vadelutes.jpg","contentUrl":"https:\/\/dorogimedence.hu\/wp-content\/uploads\/2024\/04\/vadelutes.jpg","width":1920,"height":970},{"@type":"BreadcrumbList","@id":"https:\/\/dorogimedence.hu\/index.php\/2024\/04\/17\/12-tanacs-a-vadelutesek-elkerulese-erdekeben\/#breadcrumb","itemListElement":[{"@type":"ListItem","position":1,"name":"Kezd\u0151lap","item":"https:\/\/dorogimedence.hu\/"},{"@type":"ListItem","position":2,"name":"12 tan\u00e1cs a vadel\u00fct\u00e9sek elker\u00fcl\u00e9se \u00e9rdek\u00e9ben"}]},{"@type":"WebSite","@id":"https:\/\/dorogimedence.hu\/#website","url":"https:\/\/dorogimedence.hu\/","name":"Dorogi-medence Region\u00e1lis H\u00edrport\u00e1l","description":"Dorog, Keszt\u00f6lc, Le\u00e1nyv\u00e1r, Piliscs\u00e9v, Tokod, Tokodalt\u00e1r\u00f3, Csolnok, Esztergom-kertv\u00e1ros: h\u00edrek, programok","publisher":{"@id":"https:\/\/dorogimedence.hu\/#organization"},"potentialAction":[{"@type":"SearchAction","target":{"@type":"EntryPoint","urlTemplate":"https:\/\/dorogimedence.hu\/?s={search_term_string}"},"query-input":{"@type":"PropertyValueSpecification","valueRequired":true,"valueName":"search_term_string"}}],"inLanguage":"hu"},{"@type":"Organization","@id":"https:\/\/dorogimedence.hu\/#organization","name":"Dorogi-medence Region\u00e1lis H\u00edrport\u00e1l","url":"https:\/\/dorogimedence.hu\/","logo":{"@type":"ImageObject","inLanguage":"hu","@id":"https:\/\/dorogimedence.hu\/#\/schema\/logo\/image\/","url":"https:\/\/dorogimedence.hu\/wp-content\/uploads\/2021\/04\/logo-feher-600.png","contentUrl":"https:\/\/dorogimedence.hu\/wp-content\/uploads\/2021\/04\/logo-feher-600.png","width":600,"height":100,"caption":"Dorogi-medence Region\u00e1lis H\u00edrport\u00e1l"},"image":{"@id":"https:\/\/dorogimedence.hu\/#\/schema\/logo\/image\/"},"sameAs":["https:\/\/www.facebook.com\/dorogimedence\/"]},{"@type":"Person","@id":"https:\/\/dorogimedence.hu\/#\/schema\/person\/ce6091eeb7e95ecdc87890d6aa8e0fd4","name":"dorogimedence.hu","image":{"@type":"ImageObject","inLanguage":"hu","@id":"\/\/www.gravatar.com\/avatar\/d8d45f8901aadff40a4af72c0b826f1d?s=96&#038;r=g&#038;d=mm","url":"\/\/www.gravatar.com\/avatar\/d8d45f8901aadff40a4af72c0b826f1d?s=96&#038;r=g&#038;d=mm","contentUrl":"\/\/www.gravatar.com\/avatar\/d8d45f8901aadff40a4af72c0b826f1d?s=96&#038;r=g&#038;d=mm","caption":"dorogimedence.hu"}}]}},"_links":{"self":[{"href":"https:\/\/dorogimedence.hu\/index.php\/wp-json\/wp\/v2\/posts\/61268","targetHints":{"allow":["GET"]}}],"collection":[{"href":"https:\/\/dorogimedence.hu\/index.php\/wp-json\/wp\/v2\/posts"}],"about":[{"href":"https:\/\/dorogimedence.hu\/index.php\/wp-json\/wp\/v2\/types\/post"}],"author":[{"embeddable":true,"href":"https:\/\/dorogimedence.hu\/index.php\/wp-json\/wp\/v2\/users\/1"}],"replies":[{"embeddable":true,"href":"https:\/\/dorogimedence.hu\/index.php\/wp-json\/wp\/v2\/comments?post=61268"}],"version-history":[{"count":0,"href":"https:\/\/dorogimedence.hu\/index.php\/wp-json\/wp\/v2\/posts\/61268\/revisions"}],"wp:featuredmedia":[{"embeddable":true,"href":"https:\/\/dorogimedence.hu\/index.php\/wp-json\/wp\/v2\/media\/61269"}],"wp:attachment":[{"href":"https:\/\/dorogimedence.hu\/index.php\/wp-json\/wp\/v2\/media?parent=61268"}],"wp:term":[{"taxonomy":"category","embeddable":true,"href":"https:\/\/dorogimedence.hu\/index.php\/wp-json\/wp\/v2\/categories?post=61268"},{"taxonomy":"post_tag","embeddable":true,"href":"https:\/\/dorogimedence.hu\/index.php\/wp-json\/wp\/v2\/tags?post=61268"}],"curies":[{"name":"wp","href":"https:\/\/api.w.org\/{rel}","templated":true}]}}