{"id":61241,"date":"2024-04-15T17:51:27","date_gmt":"2024-04-15T15:51:27","guid":{"rendered":"https:\/\/dorogimedence.hu\/?p=61241"},"modified":"2024-04-15T17:51:27","modified_gmt":"2024-04-15T15:51:27","slug":"tobb-mint-tiz-szazalekkal-not-a-regisztralt-buncselekmenyek-szama-varmegyenkben","status":"publish","type":"post","link":"https:\/\/dorogimedence.hu\/index.php\/2024\/04\/15\/tobb-mint-tiz-szazalekkal-not-a-regisztralt-buncselekmenyek-szama-varmegyenkben\/","title":{"rendered":"T\u00f6bb mint t\u00edz sz\u00e1zal\u00e9kkal n\u0151t a regisztr\u00e1lt b\u0171ncselekm\u00e9nyek sz\u00e1ma v\u00e1rmegy\u00e9nkben"},"content":{"rendered":"<p><strong>A Kom\u00e1rom-Esztergom V\u00e1rmegyei F\u0151\u00fcgy\u00e9szs\u00e9g \u00e9v\u00e9rt\u00e9kel\u0151t tartott 2024. \u00e1prilis 12-\u00e9n, amelyet a jelenl\u00e9t\u00e9vel megtisztelt dr. Ibolya Tibor legf\u0151bb \u00fcgy\u00e9sz helyettes \u00far.<\/strong><\/p>\n<p>Dr. Reszl Ildik\u00f3 f\u0151\u00fcgy\u00e9sz k\u00f6sz\u00f6nt\u0151j\u00e9ben kiemelte, hogy az \u00fcgyiratforgalom k\u00f6zel 5 %-os n\u00f6veked\u00e9se mellett az \u00fcgy\u00e9szek id\u0151szer\u0171en, szakszer\u0171en \u00e9s t\u00f6rv\u00e9nyesen l\u00e1tt\u00e1k el a feladataikat, ezen t\u00falmen\u0151en nagy hat\u00e9konys\u00e1ggal alkalmazt\u00e1k a b\u00fcntet\u0151elj\u00e1r\u00e1si t\u00f6rv\u00e9ny elj\u00e1r\u00e1st gyors\u00edt\u00f3 rendelkez\u00e9seit. A f\u0151\u00fcgy\u00e9sz \u00farn\u0151 r\u00f6viden kit\u00e9rt a f\u0151\u00fcgy\u00e9szs\u00e9g szem\u00e9ly\u00fcgyi \u00e9s gazdas\u00e1gi helyzet\u00e9re.<\/p>\n<p>Dr. Sz\u00e9pl\u00e1bi Rezs\u0151 b\u00fcntet\u0151jogi f\u0151\u00fcgy\u00e9szhelyettes a b\u00fcntet\u0151jogi szak\u00e1g tev\u00e9kenys\u00e9g\u00e9t \u00e9rt\u00e9kelve kiemelte, hogy a v\u00e1rmegy\u00e9ben a regisztr\u00e1lt b\u0171ncselekm\u00e9nyek sz\u00e1ma 2023-ban 12,3%-kal t\u00f6bb, mint a megel\u0151z\u0151 \u00e9vben, a n\u00f6veked\u00e9s m\u00e9rt\u00e9ke meghaladta az orsz\u00e1gos \u00e1tlagot. Enn\u00e9l nagyobb m\u00e9rt\u00e9k\u0171, 21,2%-os emelked\u00e9s volt a b\u0171ncselekm\u00e9nyek elk\u00f6vet\u0151i sz\u00e1m\u00e1ban, ez az adat is magasabb az orsz\u00e1gos \u00e1tlagn\u00e1l. Az elm\u00falt \u00e9vben 22,2%-kal emelkedett a b\u0171ncselekm\u00e9nyek fiatalkor\u00fa elk\u00f6vet\u0151inek, \u00e9s 125%-kal a gyermekkor\u00fa elk\u00f6vet\u0151k sz\u00e1ma. Az egyes b\u0171ncselekm\u00e9nyi kateg\u00f3ri\u00e1k k\u00f6z\u00fcl kiemelend\u0151 az inform\u00e1ci\u00f3s rendszer felhaszn\u00e1l\u00e1s\u00e1val elk\u00f6vetett csal\u00e1s \u00e9s az embercsemp\u00e9sz\u00e9s, melyek sz\u00e1ma a t\u00e1rgy\u00e9vben 118,2%-kal, illetve 50%-kal emelkedett.<\/p>\n<p>A m\u00falt \u00e9vben a v\u00e1demel\u00e9sek sz\u00e1ma 6,4%-kal, a megv\u00e1dolt szem\u00e9lyek sz\u00e1ma 6,5%-kal cs\u00f6kkent, az \u00f6sszes megv\u00e1dolt fiatalkor\u00fa elk\u00f6vet\u0151k sz\u00e1ma 21,1%-kal kevesebb volt.<\/p>\n<p>A v\u00e1demel\u00e9sek m\u00f3dj\u00e1t illet\u0151en az elj\u00e1r\u00e1st gyors\u00edt\u00f3 jogint\u00e9zm\u00e9nyek k\u00f6z\u00fcl a b\u00fcntet\u0151v\u00e9gz\u00e9s hozatal\u00e1ra ir\u00e1nyul\u00f3 ind\u00edtv\u00e1nyok \u00e9s a b\u00edr\u00f3s\u00e1g el\u00e9 \u00e1ll\u00edt\u00e1sok egy\u00fcttesen a v\u00e1demel\u00e9sek 73,2%-\u00e1t tett\u00e9k ki. A v\u00e1deredm\u00e9nyess\u00e9g 99,70% volt, amellyel a v\u00e1rmegye az orsz\u00e1gos rangsorban a 4. helyen \u00e1ll. A fiatalkor\u00faak \u00fcgyeiben a v\u00e1deredm\u00e9nyess\u00e9g az el\u0151z\u0151 h\u00e1rom \u00e9vhez hasonl\u00f3an 100%-os volt. A joger\u0151s b\u00edr\u00f3s\u00e1gi hat\u00e1rozatok 93,63%-ban egyeztek meg a v\u00e1ddal.<\/p>\n<p>Hadar\u00f3n\u00e9 dr. Izs\u00e1ki Mariann k\u00f6zjogi f\u0151\u00fcgy\u00e9szhelyettes ismertetet\u00e9st adott az \u00fcgy\u00e9szs\u00e9g k\u00f6z\u00e9rdekv\u00e9delmi, ennek r\u00e9szek\u00e9nt a t\u00f6rv\u00e9nyess\u00e9gi ellen\u0151rz\u00e9si, mag\u00e1njogi, b\u00fcntet\u00e9s-v\u00e9grehajt\u00e1si fel\u00fcgyeleti tev\u00e9kenys\u00e9g\u00e9r\u0151l. A c\u00e9gb\u00edr\u00f3s\u00e1gi t\u00f6rv\u00e9nyess\u00e9gi fel\u00fcgyeleti elj\u00e1r\u00e1s kezdem\u00e9nyez\u00e9sek sz\u00e1ma 50%-kal emelkedett. A fogyaszt\u00f3k v\u00e9delme \u00e9rdek\u00e9ben 9 pert megel\u0151z\u0151 felh\u00edv\u00e1st adott ki a f\u0151\u00fcgy\u00e9szs\u00e9g, k\u00e9t esetben kezdem\u00e9nyezett fogyaszt\u00f3v\u00e9delmi hat\u00f3s\u00e1g elj\u00e1r\u00e1s\u00e1t.<\/p>\n<p>A hozz\u00e1tartoz\u00f3k k\u00f6z\u00f6tti megel\u0151z\u0151 t\u00e1voltart\u00e1s elrendel\u00e9se \u00e9rdek\u00e9ben 68 esetben l\u00e9pett fel a f\u0151\u00fcgy\u00e9szs\u00e9g, majd ezen \u00fcgyek k\u00f6zel nyolcvan sz\u00e1zal\u00e9k\u00e1ban \u00e9lt felh\u00edv\u00e1ssal a jegyz\u0151h\u00f6z a csal\u00e1d figyelemmel k\u00eds\u00e9r\u00e9se \u00e9rdek\u00e9ben; 13 esetben a gyermekek vesz\u00e9lyeztetetts\u00e9ge miatti hat\u00f3s\u00e1gi elj\u00e1r\u00e1st kezdem\u00e9nyezett, \u00e9s 10 jelz\u00e9st ny\u00fajtott be a gyermekj\u00f3l\u00e9ti szolg\u00e1ltat\u00e1st ny\u00fajt\u00f3 szerv fel\u00e9. A szab\u00e1lys\u00e9rt\u00e9si jogter\u00fcleten 46,7%-kal emelkedett a panaszok \u00e9s 27,6%-kal a beny\u00fajtott per\u00faj\u00edt\u00e1si k\u00e9relmek sz\u00e1ma. A b\u00fcntet\u00e9s-v\u00e9grehajt\u00e1s fel\u00fcgyeleti \u00fcgy\u00e9sz 60 alkalommal tartott ellen\u0151rz\u00e9st el\u0151\u00e1ll\u00edt\u00f3 helyis\u00e9gben.<\/p>\n<p><em>Bor\u00edt\u00f3k\u00e9p, forr\u00e1s: Kom\u00e1rom-Esztergom V\u00e1rmegyei F\u0151\u00fcgy\u00e9szs\u00e9g<\/em><\/p>\n","protected":false},"excerpt":{"rendered":"<p>A Kom\u00e1rom-Esztergom V\u00e1rmegyei F\u0151\u00fcgy\u00e9szs\u00e9g \u00e9v\u00e9rt\u00e9kel\u0151t tartott 2024. \u00e1prilis 12-\u00e9n, amelyet a jelenl\u00e9t\u00e9vel megtisztelt dr. Ibolya Tibor legf\u0151bb \u00fcgy\u00e9sz helyettes \u00far. Dr. Reszl Ildik\u00f3 f\u0151\u00fcgy\u00e9sz k\u00f6sz\u00f6nt\u0151j\u00e9ben kiemelte, hogy az \u00fcgyiratforgalom k\u00f6zel 5 %-os n\u00f6veked\u00e9se mellett az \u00fcgy\u00e9szek id\u0151szer\u0171en, szakszer\u0171en \u00e9s t\u00f6rv\u00e9nyesen l\u00e1tt\u00e1k el a feladataikat, ezen t\u00falmen\u0151en nagy hat\u00e9konys\u00e1ggal alkalmazt\u00e1k a b\u00fcntet\u0151elj\u00e1r\u00e1si t\u00f6rv\u00e9ny elj\u00e1r\u00e1st gyors\u00edt\u00f3 rendelkez\u00e9seit.<\/p>\n","protected":false},"author":1,"featured_media":61242,"comment_status":"closed","ping_status":"closed","sticky":false,"template":"","format":"standard","meta":{"ngg_post_thumbnail":0,"footnotes":""},"categories":[3,56],"tags":[1042,63,6890,61,326],"class_list":{"0":"post-61241","1":"post","2":"type-post","3":"status-publish","4":"format-standard","5":"has-post-thumbnail","7":"category-hirek","8":"category-komarom-esztergom","9":"tag-birosag","10":"tag-buncselekmeny","11":"tag-komarom-esztergom-varmegye","12":"tag-rendorsegi-hirek","13":"tag-ugyeszseg"},"yoast_head":"<!-- This site is optimized with the Yoast SEO plugin v27.5 - https:\/\/yoast.com\/product\/yoast-seo-wordpress\/ -->\n<title>T\u00f6bb mint t\u00edz sz\u00e1zal\u00e9kkal n\u0151t a regisztr\u00e1lt b\u0171ncselekm\u00e9nyek sz\u00e1ma v\u00e1rmegy\u00e9nkben<\/title>\n<meta name=\"robots\" content=\"index, follow, max-snippet:-1, max-image-preview:large, max-video-preview:-1\" \/>\n<link rel=\"canonical\" href=\"https:\/\/dorogimedence.hu\/index.php\/2024\/04\/15\/tobb-mint-tiz-szazalekkal-not-a-regisztralt-buncselekmenyek-szama-varmegyenkben\/\" class=\"yoast-seo-meta-tag\" \/>\n<meta property=\"og:locale\" content=\"hu_HU\" class=\"yoast-seo-meta-tag\" \/>\n<meta property=\"og:type\" content=\"article\" class=\"yoast-seo-meta-tag\" \/>\n<meta property=\"og:title\" content=\"T\u00f6bb mint t\u00edz sz\u00e1zal\u00e9kkal n\u0151t a regisztr\u00e1lt b\u0171ncselekm\u00e9nyek sz\u00e1ma v\u00e1rmegy\u00e9nkben\" class=\"yoast-seo-meta-tag\" \/>\n<meta property=\"og:description\" content=\"A Kom\u00e1rom-Esztergom V\u00e1rmegyei F\u0151\u00fcgy\u00e9szs\u00e9g \u00e9v\u00e9rt\u00e9kel\u0151t tartott 2024. \u00e1prilis 12-\u00e9n, amelyet a jelenl\u00e9t\u00e9vel megtisztelt dr. Ibolya Tibor legf\u0151bb \u00fcgy\u00e9sz helyettes \u00far. Dr. Reszl Ildik\u00f3 f\u0151\u00fcgy\u00e9sz k\u00f6sz\u00f6nt\u0151j\u00e9ben kiemelte, hogy az \u00fcgyiratforgalom k\u00f6zel 5 %-os n\u00f6veked\u00e9se mellett az \u00fcgy\u00e9szek id\u0151szer\u0171en, szakszer\u0171en \u00e9s t\u00f6rv\u00e9nyesen l\u00e1tt\u00e1k el a feladataikat, ezen t\u00falmen\u0151en nagy hat\u00e9konys\u00e1ggal alkalmazt\u00e1k a b\u00fcntet\u0151elj\u00e1r\u00e1si t\u00f6rv\u00e9ny elj\u00e1r\u00e1st gyors\u00edt\u00f3 rendelkez\u00e9seit.\" class=\"yoast-seo-meta-tag\" \/>\n<meta property=\"og:url\" content=\"https:\/\/dorogimedence.hu\/index.php\/2024\/04\/15\/tobb-mint-tiz-szazalekkal-not-a-regisztralt-buncselekmenyek-szama-varmegyenkben\/\" class=\"yoast-seo-meta-tag\" \/>\n<meta property=\"og:site_name\" content=\"Dorogi-medence Region\u00e1lis H\u00edrport\u00e1l\" class=\"yoast-seo-meta-tag\" \/>\n<meta property=\"article:publisher\" content=\"https:\/\/www.facebook.com\/dorogimedence\/\" class=\"yoast-seo-meta-tag\" \/>\n<meta property=\"article:published_time\" content=\"2024-04-15T15:51:27+00:00\" class=\"yoast-seo-meta-tag\" \/>\n<meta property=\"og:image\" content=\"https:\/\/dorogimedence.hu\/wp-content\/uploads\/2024\/04\/evertekelo.jpg\" class=\"yoast-seo-meta-tag\" \/>\n\t<meta property=\"og:image:width\" content=\"1920\" class=\"yoast-seo-meta-tag\" \/>\n\t<meta property=\"og:image:height\" content=\"970\" class=\"yoast-seo-meta-tag\" \/>\n\t<meta property=\"og:image:type\" content=\"image\/jpeg\" class=\"yoast-seo-meta-tag\" \/>\n<meta name=\"author\" content=\"dorogimedence.hu\" class=\"yoast-seo-meta-tag\" \/>\n<meta name=\"twitter:card\" content=\"summary_large_image\" class=\"yoast-seo-meta-tag\" \/>\n<meta name=\"twitter:label1\" content=\"Szerz\u0151:\" class=\"yoast-seo-meta-tag\" \/>\n\t<meta name=\"twitter:data1\" content=\"dorogimedence.hu\" class=\"yoast-seo-meta-tag\" \/>\n\t<meta name=\"twitter:label2\" content=\"Becs\u00fclt olvas\u00e1si id\u0151\" class=\"yoast-seo-meta-tag\" \/>\n\t<meta name=\"twitter:data2\" content=\"3 perc\" class=\"yoast-seo-meta-tag\" \/>\n<script type=\"application\/ld+json\" class=\"yoast-schema-graph\">{\"@context\":\"https:\\\/\\\/schema.org\",\"@graph\":[{\"@type\":\"Article\",\"@id\":\"https:\\\/\\\/dorogimedence.hu\\\/index.php\\\/2024\\\/04\\\/15\\\/tobb-mint-tiz-szazalekkal-not-a-regisztralt-buncselekmenyek-szama-varmegyenkben\\\/#article\",\"isPartOf\":{\"@id\":\"https:\\\/\\\/dorogimedence.hu\\\/index.php\\\/2024\\\/04\\\/15\\\/tobb-mint-tiz-szazalekkal-not-a-regisztralt-buncselekmenyek-szama-varmegyenkben\\\/\"},\"author\":{\"name\":\"dorogimedence.hu\",\"@id\":\"https:\\\/\\\/dorogimedence.hu\\\/#\\\/schema\\\/person\\\/ce6091eeb7e95ecdc87890d6aa8e0fd4\"},\"headline\":\"T\u00f6bb mint t\u00edz sz\u00e1zal\u00e9kkal n\u0151t a regisztr\u00e1lt b\u0171ncselekm\u00e9nyek sz\u00e1ma v\u00e1rmegy\u00e9nkben\",\"datePublished\":\"2024-04-15T15:51:27+00:00\",\"mainEntityOfPage\":{\"@id\":\"https:\\\/\\\/dorogimedence.hu\\\/index.php\\\/2024\\\/04\\\/15\\\/tobb-mint-tiz-szazalekkal-not-a-regisztralt-buncselekmenyek-szama-varmegyenkben\\\/\"},\"wordCount\":681,\"publisher\":{\"@id\":\"https:\\\/\\\/dorogimedence.hu\\\/#organization\"},\"image\":{\"@id\":\"https:\\\/\\\/dorogimedence.hu\\\/index.php\\\/2024\\\/04\\\/15\\\/tobb-mint-tiz-szazalekkal-not-a-regisztralt-buncselekmenyek-szama-varmegyenkben\\\/#primaryimage\"},\"thumbnailUrl\":\"https:\\\/\\\/dorogimedence.hu\\\/wp-content\\\/uploads\\\/2024\\\/04\\\/evertekelo.jpg\",\"keywords\":[\"b\u00edr\u00f3s\u00e1g\",\"b\u0171ncselekm\u00e9ny\",\"Kom\u00e1rom-Esztergom v\u00e1rmegye\",\"rend\u0151rs\u00e9gi h\u00edrek\",\"\u00fcgy\u00e9szs\u00e9g\"],\"articleSection\":[\"H\u00edrek\",\"Kom\u00e1rom-Esztergom\"],\"inLanguage\":\"hu\"},{\"@type\":\"WebPage\",\"@id\":\"https:\\\/\\\/dorogimedence.hu\\\/index.php\\\/2024\\\/04\\\/15\\\/tobb-mint-tiz-szazalekkal-not-a-regisztralt-buncselekmenyek-szama-varmegyenkben\\\/\",\"url\":\"https:\\\/\\\/dorogimedence.hu\\\/index.php\\\/2024\\\/04\\\/15\\\/tobb-mint-tiz-szazalekkal-not-a-regisztralt-buncselekmenyek-szama-varmegyenkben\\\/\",\"name\":\"T\u00f6bb mint t\u00edz sz\u00e1zal\u00e9kkal n\u0151t a regisztr\u00e1lt b\u0171ncselekm\u00e9nyek sz\u00e1ma v\u00e1rmegy\u00e9nkben\",\"isPartOf\":{\"@id\":\"https:\\\/\\\/dorogimedence.hu\\\/#website\"},\"primaryImageOfPage\":{\"@id\":\"https:\\\/\\\/dorogimedence.hu\\\/index.php\\\/2024\\\/04\\\/15\\\/tobb-mint-tiz-szazalekkal-not-a-regisztralt-buncselekmenyek-szama-varmegyenkben\\\/#primaryimage\"},\"image\":{\"@id\":\"https:\\\/\\\/dorogimedence.hu\\\/index.php\\\/2024\\\/04\\\/15\\\/tobb-mint-tiz-szazalekkal-not-a-regisztralt-buncselekmenyek-szama-varmegyenkben\\\/#primaryimage\"},\"thumbnailUrl\":\"https:\\\/\\\/dorogimedence.hu\\\/wp-content\\\/uploads\\\/2024\\\/04\\\/evertekelo.jpg\",\"datePublished\":\"2024-04-15T15:51:27+00:00\",\"breadcrumb\":{\"@id\":\"https:\\\/\\\/dorogimedence.hu\\\/index.php\\\/2024\\\/04\\\/15\\\/tobb-mint-tiz-szazalekkal-not-a-regisztralt-buncselekmenyek-szama-varmegyenkben\\\/#breadcrumb\"},\"inLanguage\":\"hu\",\"potentialAction\":[{\"@type\":\"ReadAction\",\"target\":[\"https:\\\/\\\/dorogimedence.hu\\\/index.php\\\/2024\\\/04\\\/15\\\/tobb-mint-tiz-szazalekkal-not-a-regisztralt-buncselekmenyek-szama-varmegyenkben\\\/\"]}]},{\"@type\":\"ImageObject\",\"inLanguage\":\"hu\",\"@id\":\"https:\\\/\\\/dorogimedence.hu\\\/index.php\\\/2024\\\/04\\\/15\\\/tobb-mint-tiz-szazalekkal-not-a-regisztralt-buncselekmenyek-szama-varmegyenkben\\\/#primaryimage\",\"url\":\"https:\\\/\\\/dorogimedence.hu\\\/wp-content\\\/uploads\\\/2024\\\/04\\\/evertekelo.jpg\",\"contentUrl\":\"https:\\\/\\\/dorogimedence.hu\\\/wp-content\\\/uploads\\\/2024\\\/04\\\/evertekelo.jpg\",\"width\":1920,\"height\":970},{\"@type\":\"BreadcrumbList\",\"@id\":\"https:\\\/\\\/dorogimedence.hu\\\/index.php\\\/2024\\\/04\\\/15\\\/tobb-mint-tiz-szazalekkal-not-a-regisztralt-buncselekmenyek-szama-varmegyenkben\\\/#breadcrumb\",\"itemListElement\":[{\"@type\":\"ListItem\",\"position\":1,\"name\":\"Kezd\u0151lap\",\"item\":\"https:\\\/\\\/dorogimedence.hu\\\/\"},{\"@type\":\"ListItem\",\"position\":2,\"name\":\"T\u00f6bb mint t\u00edz sz\u00e1zal\u00e9kkal n\u0151t a regisztr\u00e1lt b\u0171ncselekm\u00e9nyek sz\u00e1ma v\u00e1rmegy\u00e9nkben\"}]},{\"@type\":\"WebSite\",\"@id\":\"https:\\\/\\\/dorogimedence.hu\\\/#website\",\"url\":\"https:\\\/\\\/dorogimedence.hu\\\/\",\"name\":\"Dorogi-medence Region\u00e1lis H\u00edrport\u00e1l\",\"description\":\"Dorog, Keszt\u00f6lc, Le\u00e1nyv\u00e1r, Piliscs\u00e9v, Tokod, Tokodalt\u00e1r\u00f3, Csolnok, Esztergom-kertv\u00e1ros: h\u00edrek, programok\",\"publisher\":{\"@id\":\"https:\\\/\\\/dorogimedence.hu\\\/#organization\"},\"potentialAction\":[{\"@type\":\"SearchAction\",\"target\":{\"@type\":\"EntryPoint\",\"urlTemplate\":\"https:\\\/\\\/dorogimedence.hu\\\/?s={search_term_string}\"},\"query-input\":{\"@type\":\"PropertyValueSpecification\",\"valueRequired\":true,\"valueName\":\"search_term_string\"}}],\"inLanguage\":\"hu\"},{\"@type\":\"Organization\",\"@id\":\"https:\\\/\\\/dorogimedence.hu\\\/#organization\",\"name\":\"Dorogi-medence Region\u00e1lis H\u00edrport\u00e1l\",\"url\":\"https:\\\/\\\/dorogimedence.hu\\\/\",\"logo\":{\"@type\":\"ImageObject\",\"inLanguage\":\"hu\",\"@id\":\"https:\\\/\\\/dorogimedence.hu\\\/#\\\/schema\\\/logo\\\/image\\\/\",\"url\":\"https:\\\/\\\/dorogimedence.hu\\\/wp-content\\\/uploads\\\/2021\\\/04\\\/logo-feher-600.png\",\"contentUrl\":\"https:\\\/\\\/dorogimedence.hu\\\/wp-content\\\/uploads\\\/2021\\\/04\\\/logo-feher-600.png\",\"width\":600,\"height\":100,\"caption\":\"Dorogi-medence Region\u00e1lis H\u00edrport\u00e1l\"},\"image\":{\"@id\":\"https:\\\/\\\/dorogimedence.hu\\\/#\\\/schema\\\/logo\\\/image\\\/\"},\"sameAs\":[\"https:\\\/\\\/www.facebook.com\\\/dorogimedence\\\/\"]},{\"@type\":\"Person\",\"@id\":\"https:\\\/\\\/dorogimedence.hu\\\/#\\\/schema\\\/person\\\/ce6091eeb7e95ecdc87890d6aa8e0fd4\",\"name\":\"dorogimedence.hu\",\"image\":{\"@type\":\"ImageObject\",\"inLanguage\":\"hu\",\"@id\":\"\\\/\\\/www.gravatar.com\\\/avatar\\\/d8d45f8901aadff40a4af72c0b826f1d?s=96&#038;r=g&#038;d=mm\",\"url\":\"\\\/\\\/www.gravatar.com\\\/avatar\\\/d8d45f8901aadff40a4af72c0b826f1d?s=96&#038;r=g&#038;d=mm\",\"contentUrl\":\"\\\/\\\/www.gravatar.com\\\/avatar\\\/d8d45f8901aadff40a4af72c0b826f1d?s=96&#038;r=g&#038;d=mm\",\"caption\":\"dorogimedence.hu\"}}]}<\/script>\n<!-- \/ Yoast SEO plugin. -->","yoast_head_json":{"title":"T\u00f6bb mint t\u00edz sz\u00e1zal\u00e9kkal n\u0151t a regisztr\u00e1lt b\u0171ncselekm\u00e9nyek sz\u00e1ma v\u00e1rmegy\u00e9nkben","robots":{"index":"index","follow":"follow","max-snippet":"max-snippet:-1","max-image-preview":"max-image-preview:large","max-video-preview":"max-video-preview:-1"},"canonical":"https:\/\/dorogimedence.hu\/index.php\/2024\/04\/15\/tobb-mint-tiz-szazalekkal-not-a-regisztralt-buncselekmenyek-szama-varmegyenkben\/","og_locale":"hu_HU","og_type":"article","og_title":"T\u00f6bb mint t\u00edz sz\u00e1zal\u00e9kkal n\u0151t a regisztr\u00e1lt b\u0171ncselekm\u00e9nyek sz\u00e1ma v\u00e1rmegy\u00e9nkben","og_description":"A Kom\u00e1rom-Esztergom V\u00e1rmegyei F\u0151\u00fcgy\u00e9szs\u00e9g \u00e9v\u00e9rt\u00e9kel\u0151t tartott 2024. \u00e1prilis 12-\u00e9n, amelyet a jelenl\u00e9t\u00e9vel megtisztelt dr. Ibolya Tibor legf\u0151bb \u00fcgy\u00e9sz helyettes \u00far. Dr. Reszl Ildik\u00f3 f\u0151\u00fcgy\u00e9sz k\u00f6sz\u00f6nt\u0151j\u00e9ben kiemelte, hogy az \u00fcgyiratforgalom k\u00f6zel 5 %-os n\u00f6veked\u00e9se mellett az \u00fcgy\u00e9szek id\u0151szer\u0171en, szakszer\u0171en \u00e9s t\u00f6rv\u00e9nyesen l\u00e1tt\u00e1k el a feladataikat, ezen t\u00falmen\u0151en nagy hat\u00e9konys\u00e1ggal alkalmazt\u00e1k a b\u00fcntet\u0151elj\u00e1r\u00e1si t\u00f6rv\u00e9ny elj\u00e1r\u00e1st gyors\u00edt\u00f3 rendelkez\u00e9seit.","og_url":"https:\/\/dorogimedence.hu\/index.php\/2024\/04\/15\/tobb-mint-tiz-szazalekkal-not-a-regisztralt-buncselekmenyek-szama-varmegyenkben\/","og_site_name":"Dorogi-medence Region\u00e1lis H\u00edrport\u00e1l","article_publisher":"https:\/\/www.facebook.com\/dorogimedence\/","article_published_time":"2024-04-15T15:51:27+00:00","og_image":[{"width":1920,"height":970,"url":"https:\/\/dorogimedence.hu\/wp-content\/uploads\/2024\/04\/evertekelo.jpg","type":"image\/jpeg"}],"author":"dorogimedence.hu","twitter_card":"summary_large_image","twitter_misc":{"Szerz\u0151:":"dorogimedence.hu","Becs\u00fclt olvas\u00e1si id\u0151":"3 perc"},"schema":{"@context":"https:\/\/schema.org","@graph":[{"@type":"Article","@id":"https:\/\/dorogimedence.hu\/index.php\/2024\/04\/15\/tobb-mint-tiz-szazalekkal-not-a-regisztralt-buncselekmenyek-szama-varmegyenkben\/#article","isPartOf":{"@id":"https:\/\/dorogimedence.hu\/index.php\/2024\/04\/15\/tobb-mint-tiz-szazalekkal-not-a-regisztralt-buncselekmenyek-szama-varmegyenkben\/"},"author":{"name":"dorogimedence.hu","@id":"https:\/\/dorogimedence.hu\/#\/schema\/person\/ce6091eeb7e95ecdc87890d6aa8e0fd4"},"headline":"T\u00f6bb mint t\u00edz sz\u00e1zal\u00e9kkal n\u0151t a regisztr\u00e1lt b\u0171ncselekm\u00e9nyek sz\u00e1ma v\u00e1rmegy\u00e9nkben","datePublished":"2024-04-15T15:51:27+00:00","mainEntityOfPage":{"@id":"https:\/\/dorogimedence.hu\/index.php\/2024\/04\/15\/tobb-mint-tiz-szazalekkal-not-a-regisztralt-buncselekmenyek-szama-varmegyenkben\/"},"wordCount":681,"publisher":{"@id":"https:\/\/dorogimedence.hu\/#organization"},"image":{"@id":"https:\/\/dorogimedence.hu\/index.php\/2024\/04\/15\/tobb-mint-tiz-szazalekkal-not-a-regisztralt-buncselekmenyek-szama-varmegyenkben\/#primaryimage"},"thumbnailUrl":"https:\/\/dorogimedence.hu\/wp-content\/uploads\/2024\/04\/evertekelo.jpg","keywords":["b\u00edr\u00f3s\u00e1g","b\u0171ncselekm\u00e9ny","Kom\u00e1rom-Esztergom v\u00e1rmegye","rend\u0151rs\u00e9gi h\u00edrek","\u00fcgy\u00e9szs\u00e9g"],"articleSection":["H\u00edrek","Kom\u00e1rom-Esztergom"],"inLanguage":"hu"},{"@type":"WebPage","@id":"https:\/\/dorogimedence.hu\/index.php\/2024\/04\/15\/tobb-mint-tiz-szazalekkal-not-a-regisztralt-buncselekmenyek-szama-varmegyenkben\/","url":"https:\/\/dorogimedence.hu\/index.php\/2024\/04\/15\/tobb-mint-tiz-szazalekkal-not-a-regisztralt-buncselekmenyek-szama-varmegyenkben\/","name":"T\u00f6bb mint t\u00edz sz\u00e1zal\u00e9kkal n\u0151t a regisztr\u00e1lt b\u0171ncselekm\u00e9nyek sz\u00e1ma v\u00e1rmegy\u00e9nkben","isPartOf":{"@id":"https:\/\/dorogimedence.hu\/#website"},"primaryImageOfPage":{"@id":"https:\/\/dorogimedence.hu\/index.php\/2024\/04\/15\/tobb-mint-tiz-szazalekkal-not-a-regisztralt-buncselekmenyek-szama-varmegyenkben\/#primaryimage"},"image":{"@id":"https:\/\/dorogimedence.hu\/index.php\/2024\/04\/15\/tobb-mint-tiz-szazalekkal-not-a-regisztralt-buncselekmenyek-szama-varmegyenkben\/#primaryimage"},"thumbnailUrl":"https:\/\/dorogimedence.hu\/wp-content\/uploads\/2024\/04\/evertekelo.jpg","datePublished":"2024-04-15T15:51:27+00:00","breadcrumb":{"@id":"https:\/\/dorogimedence.hu\/index.php\/2024\/04\/15\/tobb-mint-tiz-szazalekkal-not-a-regisztralt-buncselekmenyek-szama-varmegyenkben\/#breadcrumb"},"inLanguage":"hu","potentialAction":[{"@type":"ReadAction","target":["https:\/\/dorogimedence.hu\/index.php\/2024\/04\/15\/tobb-mint-tiz-szazalekkal-not-a-regisztralt-buncselekmenyek-szama-varmegyenkben\/"]}]},{"@type":"ImageObject","inLanguage":"hu","@id":"https:\/\/dorogimedence.hu\/index.php\/2024\/04\/15\/tobb-mint-tiz-szazalekkal-not-a-regisztralt-buncselekmenyek-szama-varmegyenkben\/#primaryimage","url":"https:\/\/dorogimedence.hu\/wp-content\/uploads\/2024\/04\/evertekelo.jpg","contentUrl":"https:\/\/dorogimedence.hu\/wp-content\/uploads\/2024\/04\/evertekelo.jpg","width":1920,"height":970},{"@type":"BreadcrumbList","@id":"https:\/\/dorogimedence.hu\/index.php\/2024\/04\/15\/tobb-mint-tiz-szazalekkal-not-a-regisztralt-buncselekmenyek-szama-varmegyenkben\/#breadcrumb","itemListElement":[{"@type":"ListItem","position":1,"name":"Kezd\u0151lap","item":"https:\/\/dorogimedence.hu\/"},{"@type":"ListItem","position":2,"name":"T\u00f6bb mint t\u00edz sz\u00e1zal\u00e9kkal n\u0151t a regisztr\u00e1lt b\u0171ncselekm\u00e9nyek sz\u00e1ma v\u00e1rmegy\u00e9nkben"}]},{"@type":"WebSite","@id":"https:\/\/dorogimedence.hu\/#website","url":"https:\/\/dorogimedence.hu\/","name":"Dorogi-medence Region\u00e1lis H\u00edrport\u00e1l","description":"Dorog, Keszt\u00f6lc, Le\u00e1nyv\u00e1r, Piliscs\u00e9v, Tokod, Tokodalt\u00e1r\u00f3, Csolnok, Esztergom-kertv\u00e1ros: h\u00edrek, programok","publisher":{"@id":"https:\/\/dorogimedence.hu\/#organization"},"potentialAction":[{"@type":"SearchAction","target":{"@type":"EntryPoint","urlTemplate":"https:\/\/dorogimedence.hu\/?s={search_term_string}"},"query-input":{"@type":"PropertyValueSpecification","valueRequired":true,"valueName":"search_term_string"}}],"inLanguage":"hu"},{"@type":"Organization","@id":"https:\/\/dorogimedence.hu\/#organization","name":"Dorogi-medence Region\u00e1lis H\u00edrport\u00e1l","url":"https:\/\/dorogimedence.hu\/","logo":{"@type":"ImageObject","inLanguage":"hu","@id":"https:\/\/dorogimedence.hu\/#\/schema\/logo\/image\/","url":"https:\/\/dorogimedence.hu\/wp-content\/uploads\/2021\/04\/logo-feher-600.png","contentUrl":"https:\/\/dorogimedence.hu\/wp-content\/uploads\/2021\/04\/logo-feher-600.png","width":600,"height":100,"caption":"Dorogi-medence Region\u00e1lis H\u00edrport\u00e1l"},"image":{"@id":"https:\/\/dorogimedence.hu\/#\/schema\/logo\/image\/"},"sameAs":["https:\/\/www.facebook.com\/dorogimedence\/"]},{"@type":"Person","@id":"https:\/\/dorogimedence.hu\/#\/schema\/person\/ce6091eeb7e95ecdc87890d6aa8e0fd4","name":"dorogimedence.hu","image":{"@type":"ImageObject","inLanguage":"hu","@id":"\/\/www.gravatar.com\/avatar\/d8d45f8901aadff40a4af72c0b826f1d?s=96&#038;r=g&#038;d=mm","url":"\/\/www.gravatar.com\/avatar\/d8d45f8901aadff40a4af72c0b826f1d?s=96&#038;r=g&#038;d=mm","contentUrl":"\/\/www.gravatar.com\/avatar\/d8d45f8901aadff40a4af72c0b826f1d?s=96&#038;r=g&#038;d=mm","caption":"dorogimedence.hu"}}]}},"_links":{"self":[{"href":"https:\/\/dorogimedence.hu\/index.php\/wp-json\/wp\/v2\/posts\/61241","targetHints":{"allow":["GET"]}}],"collection":[{"href":"https:\/\/dorogimedence.hu\/index.php\/wp-json\/wp\/v2\/posts"}],"about":[{"href":"https:\/\/dorogimedence.hu\/index.php\/wp-json\/wp\/v2\/types\/post"}],"author":[{"embeddable":true,"href":"https:\/\/dorogimedence.hu\/index.php\/wp-json\/wp\/v2\/users\/1"}],"replies":[{"embeddable":true,"href":"https:\/\/dorogimedence.hu\/index.php\/wp-json\/wp\/v2\/comments?post=61241"}],"version-history":[{"count":0,"href":"https:\/\/dorogimedence.hu\/index.php\/wp-json\/wp\/v2\/posts\/61241\/revisions"}],"wp:featuredmedia":[{"embeddable":true,"href":"https:\/\/dorogimedence.hu\/index.php\/wp-json\/wp\/v2\/media\/61242"}],"wp:attachment":[{"href":"https:\/\/dorogimedence.hu\/index.php\/wp-json\/wp\/v2\/media?parent=61241"}],"wp:term":[{"taxonomy":"category","embeddable":true,"href":"https:\/\/dorogimedence.hu\/index.php\/wp-json\/wp\/v2\/categories?post=61241"},{"taxonomy":"post_tag","embeddable":true,"href":"https:\/\/dorogimedence.hu\/index.php\/wp-json\/wp\/v2\/tags?post=61241"}],"curies":[{"name":"wp","href":"https:\/\/api.w.org\/{rel}","templated":true}]}}