{"id":61239,"date":"2024-04-15T17:44:39","date_gmt":"2024-04-15T15:44:39","guid":{"rendered":"https:\/\/dorogimedence.hu\/?p=61239"},"modified":"2024-04-15T17:44:39","modified_gmt":"2024-04-15T15:44:39","slug":"orditoztak-es-kotekedtek-a-jarokelokkel-reszegen","status":"publish","type":"post","link":"https:\/\/dorogimedence.hu\/index.php\/2024\/04\/15\/orditoztak-es-kotekedtek-a-jarokelokkel-reszegen\/","title":{"rendered":"Ord\u00edtoztak \u00e9s k\u00f6tekedtek a j\u00e1r\u00f3kel\u0151kkel r\u00e9szegen"},"content":{"rendered":"<p><strong>Italoztak, k\u00f6tekedtek a j\u00e1r\u00f3kel\u0151kkel, majd \u00f6sszevesztek, hogy melyik\u00fck az er\u0151sebb.<\/strong><\/p>\n<p>A meg\u00e1llap\u00edtott t\u00e9ny\u00e1ll\u00e1s szerint k\u00e9t f\u00e9rfi 2022. j\u00fanius 27-\u00e9n este egy\u00fctt italozott Esztergomban, majd \u2013 lakoss\u00e1gi bejelent\u00e9s szerint \u2013 f\u00e9lmeztelen\u00fcl ord\u00edtoztak \u00e9s k\u00f6tekedtek a j\u00e1r\u00f3kel\u0151kkel, ez\u00e9rt vel\u00fck szemben rend\u0151ri int\u00e9zked\u00e9sre ker\u00fclt sor.<\/p>\n<p>Ezt k\u00f6vet\u0151en a k\u00e9t f\u00e9rfi \u00f6sszeveszett azon, hogy melyik\u00fck er\u0151sebb \u00e9s k\u00e9pzettebb a k\u00fczd\u0151sportok ter\u00e9n, kiab\u00e1lni kezdtek \u00e9s vereked\u00e9sre h\u00edvt\u00e1k fel egym\u00e1st.<\/p>\n<p>A v\u00e1dlott \u00f6k\u00f6llel arcon \u00fct\u00f6tte a m\u00e1sik f\u00e9rfit, aki r\u00e9szben az \u00fct\u00e9st\u0151l, r\u00e9szben ittas \u00e1llapota miatt a f\u00f6ldre esett. Ekkor a k\u00f6zelben tart\u00f3zkod\u00f3 rend\u0151r\u00f6k a v\u00e1dlottat lefogt\u00e1k \u00e9s elh\u00fazt\u00e1k a m\u00e1sik f\u00e9rfit\u00f3l.<\/p>\n<p>A gar\u00e1zdas\u00e1g v\u00e9ts\u00e9ge miatt indult \u00fcgyben az <span style=\"font-family: 'Arial',sans-serif;\">Esztergomi J\u00e1r\u00e1si \u00dcgy\u00e9szs\u00e9g \u00e1ltal beny\u00fajtott v\u00e1dirat alapj\u00e1n az <\/span>Esztergomi J\u00e1r\u00e1sb\u00edr\u00f3s\u00e1g a 2024. \u00e1prilis 15-\u00e9n tartott el\u0151k\u00e9sz\u00edt\u0151 \u00fcl\u00e9sen a b\u00fcntetett el\u0151\u00e9let\u0171 v\u00e1dlottat 8 h\u00f3nap b\u00f6rt\u00f6nb\u00fcntet\u00e9sre \u00e9s 1 \u00e9v k\u00f6z\u00fcgyekt\u0151l eltilt\u00e1sra \u00edt\u00e9lte. <span style=\"font-family: 'Arial',sans-serif;\">Az els\u0151fok\u00fa \u00edt\u00e9let joger\u0151s, azt az \u00fcgy\u00e9sz, v\u00e1dlott \u00e9s v\u00e9d\u0151 is tudom\u00e1sul vette.<\/span><\/p>\n<p><em>Forr\u00e1s: Kom\u00e1rom-Esztergom V\u00e1rmegyei F\u0151\u00fcgy\u00e9szs\u00e9g \/ Tatab\u00e1nyai T\u00f6rv\u00e9nysz\u00e9k<\/em><\/p>\n","protected":false},"excerpt":{"rendered":"<p>Italoztak, k\u00f6tekedtek a j\u00e1r\u00f3kel\u0151kkel, majd \u00f6sszevesztek, hogy melyik\u00fck az er\u0151sebb. A meg\u00e1llap\u00edtott t\u00e9ny\u00e1ll\u00e1s szerint k\u00e9t f\u00e9rfi 2022. j\u00fanius 27-\u00e9n este egy\u00fctt italozott Esztergomban, majd \u2013 lakoss\u00e1gi bejelent\u00e9s szerint \u2013 f\u00e9lmeztelen\u00fcl ord\u00edtoztak \u00e9s k\u00f6tekedtek a j\u00e1r\u00f3kel\u0151kkel, ez\u00e9rt vel\u00fck szemben rend\u0151ri int\u00e9zked\u00e9sre ker\u00fclt sor. Ezt k\u00f6vet\u0151en a k\u00e9t f\u00e9rfi \u00f6sszeveszett azon, hogy melyik\u00fck er\u0151sebb \u00e9s k\u00e9pzettebb a<\/p>\n","protected":false},"author":1,"featured_media":4505,"comment_status":"closed","ping_status":"closed","sticky":false,"template":"","format":"standard","meta":{"ngg_post_thumbnail":0,"footnotes":""},"categories":[38,3,39],"tags":[712,1042,63,42,61,326],"class_list":{"0":"post-61239","1":"post","2":"type-post","3":"status-publish","4":"format-standard","5":"has-post-thumbnail","7":"category-esztergom","8":"category-hirek","9":"category-kek-hirek","10":"tag-bantalmazas","11":"tag-birosag","12":"tag-buncselekmeny","13":"tag-esztergom","14":"tag-rendorsegi-hirek","15":"tag-ugyeszseg"},"yoast_head":"<!-- This site is optimized with the Yoast SEO plugin v27.5 - https:\/\/yoast.com\/product\/yoast-seo-wordpress\/ -->\n<title>Ord\u00edtoztak \u00e9s k\u00f6tekedtek a j\u00e1r\u00f3kel\u0151kkel r\u00e9szegen<\/title>\n<meta name=\"robots\" content=\"index, follow, max-snippet:-1, max-image-preview:large, max-video-preview:-1\" \/>\n<link rel=\"canonical\" href=\"https:\/\/dorogimedence.hu\/index.php\/2024\/04\/15\/orditoztak-es-kotekedtek-a-jarokelokkel-reszegen\/\" class=\"yoast-seo-meta-tag\" \/>\n<meta property=\"og:locale\" content=\"hu_HU\" class=\"yoast-seo-meta-tag\" \/>\n<meta property=\"og:type\" content=\"article\" class=\"yoast-seo-meta-tag\" \/>\n<meta property=\"og:title\" content=\"Ord\u00edtoztak \u00e9s k\u00f6tekedtek a j\u00e1r\u00f3kel\u0151kkel r\u00e9szegen\" class=\"yoast-seo-meta-tag\" \/>\n<meta property=\"og:description\" content=\"Italoztak, k\u00f6tekedtek a j\u00e1r\u00f3kel\u0151kkel, majd \u00f6sszevesztek, hogy melyik\u00fck az er\u0151sebb. A meg\u00e1llap\u00edtott t\u00e9ny\u00e1ll\u00e1s szerint k\u00e9t f\u00e9rfi 2022. j\u00fanius 27-\u00e9n este egy\u00fctt italozott Esztergomban, majd \u2013 lakoss\u00e1gi bejelent\u00e9s szerint \u2013 f\u00e9lmeztelen\u00fcl ord\u00edtoztak \u00e9s k\u00f6tekedtek a j\u00e1r\u00f3kel\u0151kkel, ez\u00e9rt vel\u00fck szemben rend\u0151ri int\u00e9zked\u00e9sre ker\u00fclt sor. Ezt k\u00f6vet\u0151en a k\u00e9t f\u00e9rfi \u00f6sszeveszett azon, hogy melyik\u00fck er\u0151sebb \u00e9s k\u00e9pzettebb a\" class=\"yoast-seo-meta-tag\" \/>\n<meta property=\"og:url\" content=\"https:\/\/dorogimedence.hu\/index.php\/2024\/04\/15\/orditoztak-es-kotekedtek-a-jarokelokkel-reszegen\/\" class=\"yoast-seo-meta-tag\" \/>\n<meta property=\"og:site_name\" content=\"Dorogi-medence Region\u00e1lis H\u00edrport\u00e1l\" class=\"yoast-seo-meta-tag\" \/>\n<meta property=\"article:publisher\" content=\"https:\/\/www.facebook.com\/dorogimedence\/\" class=\"yoast-seo-meta-tag\" \/>\n<meta property=\"article:published_time\" content=\"2024-04-15T15:44:39+00:00\" class=\"yoast-seo-meta-tag\" \/>\n<meta property=\"og:image\" content=\"https:\/\/dorogimedence.hu\/wp-content\/uploads\/2017\/07\/bantalmazas-02.jpg\" class=\"yoast-seo-meta-tag\" \/>\n\t<meta property=\"og:image:width\" content=\"670\" class=\"yoast-seo-meta-tag\" \/>\n\t<meta property=\"og:image:height\" content=\"365\" class=\"yoast-seo-meta-tag\" \/>\n\t<meta property=\"og:image:type\" content=\"image\/jpeg\" class=\"yoast-seo-meta-tag\" \/>\n<meta name=\"author\" content=\"dorogimedence.hu\" class=\"yoast-seo-meta-tag\" \/>\n<meta name=\"twitter:card\" content=\"summary_large_image\" class=\"yoast-seo-meta-tag\" \/>\n<meta name=\"twitter:label1\" content=\"Szerz\u0151:\" class=\"yoast-seo-meta-tag\" \/>\n\t<meta name=\"twitter:data1\" content=\"dorogimedence.hu\" class=\"yoast-seo-meta-tag\" \/>\n\t<meta name=\"twitter:label2\" content=\"Becs\u00fclt olvas\u00e1si id\u0151\" class=\"yoast-seo-meta-tag\" \/>\n\t<meta name=\"twitter:data2\" content=\"1 perc\" class=\"yoast-seo-meta-tag\" \/>\n<script type=\"application\/ld+json\" class=\"yoast-schema-graph\">{\"@context\":\"https:\\\/\\\/schema.org\",\"@graph\":[{\"@type\":\"Article\",\"@id\":\"https:\\\/\\\/dorogimedence.hu\\\/index.php\\\/2024\\\/04\\\/15\\\/orditoztak-es-kotekedtek-a-jarokelokkel-reszegen\\\/#article\",\"isPartOf\":{\"@id\":\"https:\\\/\\\/dorogimedence.hu\\\/index.php\\\/2024\\\/04\\\/15\\\/orditoztak-es-kotekedtek-a-jarokelokkel-reszegen\\\/\"},\"author\":{\"name\":\"dorogimedence.hu\",\"@id\":\"https:\\\/\\\/dorogimedence.hu\\\/#\\\/schema\\\/person\\\/ce6091eeb7e95ecdc87890d6aa8e0fd4\"},\"headline\":\"Ord\u00edtoztak \u00e9s k\u00f6tekedtek a j\u00e1r\u00f3kel\u0151kkel r\u00e9szegen\",\"datePublished\":\"2024-04-15T15:44:39+00:00\",\"mainEntityOfPage\":{\"@id\":\"https:\\\/\\\/dorogimedence.hu\\\/index.php\\\/2024\\\/04\\\/15\\\/orditoztak-es-kotekedtek-a-jarokelokkel-reszegen\\\/\"},\"wordCount\":276,\"publisher\":{\"@id\":\"https:\\\/\\\/dorogimedence.hu\\\/#organization\"},\"image\":{\"@id\":\"https:\\\/\\\/dorogimedence.hu\\\/index.php\\\/2024\\\/04\\\/15\\\/orditoztak-es-kotekedtek-a-jarokelokkel-reszegen\\\/#primaryimage\"},\"thumbnailUrl\":\"https:\\\/\\\/dorogimedence.hu\\\/wp-content\\\/uploads\\\/2017\\\/07\\\/bantalmazas-02.jpg\",\"keywords\":[\"b\u00e1ntalmaz\u00e1s\",\"b\u00edr\u00f3s\u00e1g\",\"b\u0171ncselekm\u00e9ny\",\"esztergom\",\"rend\u0151rs\u00e9gi h\u00edrek\",\"\u00fcgy\u00e9szs\u00e9g\"],\"articleSection\":[\"Esztergom\",\"H\u00edrek\",\"K\u00e9k h\u00edrek\"],\"inLanguage\":\"hu\"},{\"@type\":\"WebPage\",\"@id\":\"https:\\\/\\\/dorogimedence.hu\\\/index.php\\\/2024\\\/04\\\/15\\\/orditoztak-es-kotekedtek-a-jarokelokkel-reszegen\\\/\",\"url\":\"https:\\\/\\\/dorogimedence.hu\\\/index.php\\\/2024\\\/04\\\/15\\\/orditoztak-es-kotekedtek-a-jarokelokkel-reszegen\\\/\",\"name\":\"Ord\u00edtoztak \u00e9s k\u00f6tekedtek a j\u00e1r\u00f3kel\u0151kkel r\u00e9szegen\",\"isPartOf\":{\"@id\":\"https:\\\/\\\/dorogimedence.hu\\\/#website\"},\"primaryImageOfPage\":{\"@id\":\"https:\\\/\\\/dorogimedence.hu\\\/index.php\\\/2024\\\/04\\\/15\\\/orditoztak-es-kotekedtek-a-jarokelokkel-reszegen\\\/#primaryimage\"},\"image\":{\"@id\":\"https:\\\/\\\/dorogimedence.hu\\\/index.php\\\/2024\\\/04\\\/15\\\/orditoztak-es-kotekedtek-a-jarokelokkel-reszegen\\\/#primaryimage\"},\"thumbnailUrl\":\"https:\\\/\\\/dorogimedence.hu\\\/wp-content\\\/uploads\\\/2017\\\/07\\\/bantalmazas-02.jpg\",\"datePublished\":\"2024-04-15T15:44:39+00:00\",\"breadcrumb\":{\"@id\":\"https:\\\/\\\/dorogimedence.hu\\\/index.php\\\/2024\\\/04\\\/15\\\/orditoztak-es-kotekedtek-a-jarokelokkel-reszegen\\\/#breadcrumb\"},\"inLanguage\":\"hu\",\"potentialAction\":[{\"@type\":\"ReadAction\",\"target\":[\"https:\\\/\\\/dorogimedence.hu\\\/index.php\\\/2024\\\/04\\\/15\\\/orditoztak-es-kotekedtek-a-jarokelokkel-reszegen\\\/\"]}]},{\"@type\":\"ImageObject\",\"inLanguage\":\"hu\",\"@id\":\"https:\\\/\\\/dorogimedence.hu\\\/index.php\\\/2024\\\/04\\\/15\\\/orditoztak-es-kotekedtek-a-jarokelokkel-reszegen\\\/#primaryimage\",\"url\":\"https:\\\/\\\/dorogimedence.hu\\\/wp-content\\\/uploads\\\/2017\\\/07\\\/bantalmazas-02.jpg\",\"contentUrl\":\"https:\\\/\\\/dorogimedence.hu\\\/wp-content\\\/uploads\\\/2017\\\/07\\\/bantalmazas-02.jpg\",\"width\":670,\"height\":365},{\"@type\":\"BreadcrumbList\",\"@id\":\"https:\\\/\\\/dorogimedence.hu\\\/index.php\\\/2024\\\/04\\\/15\\\/orditoztak-es-kotekedtek-a-jarokelokkel-reszegen\\\/#breadcrumb\",\"itemListElement\":[{\"@type\":\"ListItem\",\"position\":1,\"name\":\"Kezd\u0151lap\",\"item\":\"https:\\\/\\\/dorogimedence.hu\\\/\"},{\"@type\":\"ListItem\",\"position\":2,\"name\":\"Ord\u00edtoztak \u00e9s k\u00f6tekedtek a j\u00e1r\u00f3kel\u0151kkel r\u00e9szegen\"}]},{\"@type\":\"WebSite\",\"@id\":\"https:\\\/\\\/dorogimedence.hu\\\/#website\",\"url\":\"https:\\\/\\\/dorogimedence.hu\\\/\",\"name\":\"Dorogi-medence Region\u00e1lis H\u00edrport\u00e1l\",\"description\":\"Dorog, Keszt\u00f6lc, Le\u00e1nyv\u00e1r, Piliscs\u00e9v, Tokod, Tokodalt\u00e1r\u00f3, Csolnok, Esztergom-kertv\u00e1ros: h\u00edrek, programok\",\"publisher\":{\"@id\":\"https:\\\/\\\/dorogimedence.hu\\\/#organization\"},\"potentialAction\":[{\"@type\":\"SearchAction\",\"target\":{\"@type\":\"EntryPoint\",\"urlTemplate\":\"https:\\\/\\\/dorogimedence.hu\\\/?s={search_term_string}\"},\"query-input\":{\"@type\":\"PropertyValueSpecification\",\"valueRequired\":true,\"valueName\":\"search_term_string\"}}],\"inLanguage\":\"hu\"},{\"@type\":\"Organization\",\"@id\":\"https:\\\/\\\/dorogimedence.hu\\\/#organization\",\"name\":\"Dorogi-medence Region\u00e1lis H\u00edrport\u00e1l\",\"url\":\"https:\\\/\\\/dorogimedence.hu\\\/\",\"logo\":{\"@type\":\"ImageObject\",\"inLanguage\":\"hu\",\"@id\":\"https:\\\/\\\/dorogimedence.hu\\\/#\\\/schema\\\/logo\\\/image\\\/\",\"url\":\"https:\\\/\\\/dorogimedence.hu\\\/wp-content\\\/uploads\\\/2021\\\/04\\\/logo-feher-600.png\",\"contentUrl\":\"https:\\\/\\\/dorogimedence.hu\\\/wp-content\\\/uploads\\\/2021\\\/04\\\/logo-feher-600.png\",\"width\":600,\"height\":100,\"caption\":\"Dorogi-medence Region\u00e1lis H\u00edrport\u00e1l\"},\"image\":{\"@id\":\"https:\\\/\\\/dorogimedence.hu\\\/#\\\/schema\\\/logo\\\/image\\\/\"},\"sameAs\":[\"https:\\\/\\\/www.facebook.com\\\/dorogimedence\\\/\"]},{\"@type\":\"Person\",\"@id\":\"https:\\\/\\\/dorogimedence.hu\\\/#\\\/schema\\\/person\\\/ce6091eeb7e95ecdc87890d6aa8e0fd4\",\"name\":\"dorogimedence.hu\",\"image\":{\"@type\":\"ImageObject\",\"inLanguage\":\"hu\",\"@id\":\"\\\/\\\/www.gravatar.com\\\/avatar\\\/d8d45f8901aadff40a4af72c0b826f1d?s=96&#038;r=g&#038;d=mm\",\"url\":\"\\\/\\\/www.gravatar.com\\\/avatar\\\/d8d45f8901aadff40a4af72c0b826f1d?s=96&#038;r=g&#038;d=mm\",\"contentUrl\":\"\\\/\\\/www.gravatar.com\\\/avatar\\\/d8d45f8901aadff40a4af72c0b826f1d?s=96&#038;r=g&#038;d=mm\",\"caption\":\"dorogimedence.hu\"}}]}<\/script>\n<!-- \/ Yoast SEO plugin. -->","yoast_head_json":{"title":"Ord\u00edtoztak \u00e9s k\u00f6tekedtek a j\u00e1r\u00f3kel\u0151kkel r\u00e9szegen","robots":{"index":"index","follow":"follow","max-snippet":"max-snippet:-1","max-image-preview":"max-image-preview:large","max-video-preview":"max-video-preview:-1"},"canonical":"https:\/\/dorogimedence.hu\/index.php\/2024\/04\/15\/orditoztak-es-kotekedtek-a-jarokelokkel-reszegen\/","og_locale":"hu_HU","og_type":"article","og_title":"Ord\u00edtoztak \u00e9s k\u00f6tekedtek a j\u00e1r\u00f3kel\u0151kkel r\u00e9szegen","og_description":"Italoztak, k\u00f6tekedtek a j\u00e1r\u00f3kel\u0151kkel, majd \u00f6sszevesztek, hogy melyik\u00fck az er\u0151sebb. A meg\u00e1llap\u00edtott t\u00e9ny\u00e1ll\u00e1s szerint k\u00e9t f\u00e9rfi 2022. j\u00fanius 27-\u00e9n este egy\u00fctt italozott Esztergomban, majd \u2013 lakoss\u00e1gi bejelent\u00e9s szerint \u2013 f\u00e9lmeztelen\u00fcl ord\u00edtoztak \u00e9s k\u00f6tekedtek a j\u00e1r\u00f3kel\u0151kkel, ez\u00e9rt vel\u00fck szemben rend\u0151ri int\u00e9zked\u00e9sre ker\u00fclt sor. Ezt k\u00f6vet\u0151en a k\u00e9t f\u00e9rfi \u00f6sszeveszett azon, hogy melyik\u00fck er\u0151sebb \u00e9s k\u00e9pzettebb a","og_url":"https:\/\/dorogimedence.hu\/index.php\/2024\/04\/15\/orditoztak-es-kotekedtek-a-jarokelokkel-reszegen\/","og_site_name":"Dorogi-medence Region\u00e1lis H\u00edrport\u00e1l","article_publisher":"https:\/\/www.facebook.com\/dorogimedence\/","article_published_time":"2024-04-15T15:44:39+00:00","og_image":[{"width":670,"height":365,"url":"https:\/\/dorogimedence.hu\/wp-content\/uploads\/2017\/07\/bantalmazas-02.jpg","type":"image\/jpeg"}],"author":"dorogimedence.hu","twitter_card":"summary_large_image","twitter_misc":{"Szerz\u0151:":"dorogimedence.hu","Becs\u00fclt olvas\u00e1si id\u0151":"1 perc"},"schema":{"@context":"https:\/\/schema.org","@graph":[{"@type":"Article","@id":"https:\/\/dorogimedence.hu\/index.php\/2024\/04\/15\/orditoztak-es-kotekedtek-a-jarokelokkel-reszegen\/#article","isPartOf":{"@id":"https:\/\/dorogimedence.hu\/index.php\/2024\/04\/15\/orditoztak-es-kotekedtek-a-jarokelokkel-reszegen\/"},"author":{"name":"dorogimedence.hu","@id":"https:\/\/dorogimedence.hu\/#\/schema\/person\/ce6091eeb7e95ecdc87890d6aa8e0fd4"},"headline":"Ord\u00edtoztak \u00e9s k\u00f6tekedtek a j\u00e1r\u00f3kel\u0151kkel r\u00e9szegen","datePublished":"2024-04-15T15:44:39+00:00","mainEntityOfPage":{"@id":"https:\/\/dorogimedence.hu\/index.php\/2024\/04\/15\/orditoztak-es-kotekedtek-a-jarokelokkel-reszegen\/"},"wordCount":276,"publisher":{"@id":"https:\/\/dorogimedence.hu\/#organization"},"image":{"@id":"https:\/\/dorogimedence.hu\/index.php\/2024\/04\/15\/orditoztak-es-kotekedtek-a-jarokelokkel-reszegen\/#primaryimage"},"thumbnailUrl":"https:\/\/dorogimedence.hu\/wp-content\/uploads\/2017\/07\/bantalmazas-02.jpg","keywords":["b\u00e1ntalmaz\u00e1s","b\u00edr\u00f3s\u00e1g","b\u0171ncselekm\u00e9ny","esztergom","rend\u0151rs\u00e9gi h\u00edrek","\u00fcgy\u00e9szs\u00e9g"],"articleSection":["Esztergom","H\u00edrek","K\u00e9k h\u00edrek"],"inLanguage":"hu"},{"@type":"WebPage","@id":"https:\/\/dorogimedence.hu\/index.php\/2024\/04\/15\/orditoztak-es-kotekedtek-a-jarokelokkel-reszegen\/","url":"https:\/\/dorogimedence.hu\/index.php\/2024\/04\/15\/orditoztak-es-kotekedtek-a-jarokelokkel-reszegen\/","name":"Ord\u00edtoztak \u00e9s k\u00f6tekedtek a j\u00e1r\u00f3kel\u0151kkel r\u00e9szegen","isPartOf":{"@id":"https:\/\/dorogimedence.hu\/#website"},"primaryImageOfPage":{"@id":"https:\/\/dorogimedence.hu\/index.php\/2024\/04\/15\/orditoztak-es-kotekedtek-a-jarokelokkel-reszegen\/#primaryimage"},"image":{"@id":"https:\/\/dorogimedence.hu\/index.php\/2024\/04\/15\/orditoztak-es-kotekedtek-a-jarokelokkel-reszegen\/#primaryimage"},"thumbnailUrl":"https:\/\/dorogimedence.hu\/wp-content\/uploads\/2017\/07\/bantalmazas-02.jpg","datePublished":"2024-04-15T15:44:39+00:00","breadcrumb":{"@id":"https:\/\/dorogimedence.hu\/index.php\/2024\/04\/15\/orditoztak-es-kotekedtek-a-jarokelokkel-reszegen\/#breadcrumb"},"inLanguage":"hu","potentialAction":[{"@type":"ReadAction","target":["https:\/\/dorogimedence.hu\/index.php\/2024\/04\/15\/orditoztak-es-kotekedtek-a-jarokelokkel-reszegen\/"]}]},{"@type":"ImageObject","inLanguage":"hu","@id":"https:\/\/dorogimedence.hu\/index.php\/2024\/04\/15\/orditoztak-es-kotekedtek-a-jarokelokkel-reszegen\/#primaryimage","url":"https:\/\/dorogimedence.hu\/wp-content\/uploads\/2017\/07\/bantalmazas-02.jpg","contentUrl":"https:\/\/dorogimedence.hu\/wp-content\/uploads\/2017\/07\/bantalmazas-02.jpg","width":670,"height":365},{"@type":"BreadcrumbList","@id":"https:\/\/dorogimedence.hu\/index.php\/2024\/04\/15\/orditoztak-es-kotekedtek-a-jarokelokkel-reszegen\/#breadcrumb","itemListElement":[{"@type":"ListItem","position":1,"name":"Kezd\u0151lap","item":"https:\/\/dorogimedence.hu\/"},{"@type":"ListItem","position":2,"name":"Ord\u00edtoztak \u00e9s k\u00f6tekedtek a j\u00e1r\u00f3kel\u0151kkel r\u00e9szegen"}]},{"@type":"WebSite","@id":"https:\/\/dorogimedence.hu\/#website","url":"https:\/\/dorogimedence.hu\/","name":"Dorogi-medence Region\u00e1lis H\u00edrport\u00e1l","description":"Dorog, Keszt\u00f6lc, Le\u00e1nyv\u00e1r, Piliscs\u00e9v, Tokod, Tokodalt\u00e1r\u00f3, Csolnok, Esztergom-kertv\u00e1ros: h\u00edrek, programok","publisher":{"@id":"https:\/\/dorogimedence.hu\/#organization"},"potentialAction":[{"@type":"SearchAction","target":{"@type":"EntryPoint","urlTemplate":"https:\/\/dorogimedence.hu\/?s={search_term_string}"},"query-input":{"@type":"PropertyValueSpecification","valueRequired":true,"valueName":"search_term_string"}}],"inLanguage":"hu"},{"@type":"Organization","@id":"https:\/\/dorogimedence.hu\/#organization","name":"Dorogi-medence Region\u00e1lis H\u00edrport\u00e1l","url":"https:\/\/dorogimedence.hu\/","logo":{"@type":"ImageObject","inLanguage":"hu","@id":"https:\/\/dorogimedence.hu\/#\/schema\/logo\/image\/","url":"https:\/\/dorogimedence.hu\/wp-content\/uploads\/2021\/04\/logo-feher-600.png","contentUrl":"https:\/\/dorogimedence.hu\/wp-content\/uploads\/2021\/04\/logo-feher-600.png","width":600,"height":100,"caption":"Dorogi-medence Region\u00e1lis H\u00edrport\u00e1l"},"image":{"@id":"https:\/\/dorogimedence.hu\/#\/schema\/logo\/image\/"},"sameAs":["https:\/\/www.facebook.com\/dorogimedence\/"]},{"@type":"Person","@id":"https:\/\/dorogimedence.hu\/#\/schema\/person\/ce6091eeb7e95ecdc87890d6aa8e0fd4","name":"dorogimedence.hu","image":{"@type":"ImageObject","inLanguage":"hu","@id":"\/\/www.gravatar.com\/avatar\/d8d45f8901aadff40a4af72c0b826f1d?s=96&#038;r=g&#038;d=mm","url":"\/\/www.gravatar.com\/avatar\/d8d45f8901aadff40a4af72c0b826f1d?s=96&#038;r=g&#038;d=mm","contentUrl":"\/\/www.gravatar.com\/avatar\/d8d45f8901aadff40a4af72c0b826f1d?s=96&#038;r=g&#038;d=mm","caption":"dorogimedence.hu"}}]}},"_links":{"self":[{"href":"https:\/\/dorogimedence.hu\/index.php\/wp-json\/wp\/v2\/posts\/61239","targetHints":{"allow":["GET"]}}],"collection":[{"href":"https:\/\/dorogimedence.hu\/index.php\/wp-json\/wp\/v2\/posts"}],"about":[{"href":"https:\/\/dorogimedence.hu\/index.php\/wp-json\/wp\/v2\/types\/post"}],"author":[{"embeddable":true,"href":"https:\/\/dorogimedence.hu\/index.php\/wp-json\/wp\/v2\/users\/1"}],"replies":[{"embeddable":true,"href":"https:\/\/dorogimedence.hu\/index.php\/wp-json\/wp\/v2\/comments?post=61239"}],"version-history":[{"count":0,"href":"https:\/\/dorogimedence.hu\/index.php\/wp-json\/wp\/v2\/posts\/61239\/revisions"}],"wp:featuredmedia":[{"embeddable":true,"href":"https:\/\/dorogimedence.hu\/index.php\/wp-json\/wp\/v2\/media\/4505"}],"wp:attachment":[{"href":"https:\/\/dorogimedence.hu\/index.php\/wp-json\/wp\/v2\/media?parent=61239"}],"wp:term":[{"taxonomy":"category","embeddable":true,"href":"https:\/\/dorogimedence.hu\/index.php\/wp-json\/wp\/v2\/categories?post=61239"},{"taxonomy":"post_tag","embeddable":true,"href":"https:\/\/dorogimedence.hu\/index.php\/wp-json\/wp\/v2\/tags?post=61239"}],"curies":[{"name":"wp","href":"https:\/\/api.w.org\/{rel}","templated":true}]}}