{"id":61192,"date":"2024-04-13T13:09:17","date_gmt":"2024-04-13T11:09:17","guid":{"rendered":"https:\/\/dorogimedence.hu\/?p=61192"},"modified":"2024-04-13T13:09:17","modified_gmt":"2024-04-13T11:09:17","slug":"xii-labatlan-karva-kerekparmaraton","status":"publish","type":"post","link":"https:\/\/dorogimedence.hu\/index.php\/2024\/04\/13\/xii-labatlan-karva-kerekparmaraton\/","title":{"rendered":"XII. L\u00e1batlan-Karva Ker\u00e9kp\u00e1rmaraton"},"content":{"rendered":"<p><strong>\u00d6t \u00e9v sz\u00fcnet ut\u00e1n 2024. \u00e1prilis 27-\u00e9n, szombaton tizenkettedik alkalommal ker\u00fcl megrendez\u00e9sre a L\u00e1batlan-Karva Ker\u00e9kp\u00e1rmaraton \u00e9s K\u00f6z\u00f6ss\u00e9gi programsorozat.<\/strong><\/p>\n<p>Alapvet\u0151 c\u00e9lja ennek a napnak, hogy akt\u00edv, mozg\u00e1ssal, sz\u00f3rakoz\u00e1ssal f\u0171szerezett min\u0151s\u00e9gi id\u0151t t\u00f6ltsenek egy\u00fctt a r\u00e9gi\u00f3 csal\u00e1djai. Az eddigi hagyom\u00e1nyokat megtartva \u00e9s azokat jelent\u0151sen kieg\u00e9sz\u00edtve k\u00e9sz\u00fcl a szervez\u0151k csapata. Egy p\u00e1ratlanul informat\u00edv, ugyanakkor sokf\u00e9le \u00e9rdekl\u0151d\u00e9st lek\u00f6t\u0151 Duna-parti nap v\u00e1r mindenkire a fiatalokt\u00f3l, a r\u00e9gebb \u00f3ta fiatalokig!<\/p>\n<p>Ebben az \u00e9vben a szervez\u00e9sre \u00e9s lebonyol\u00edt\u00e1sra a NetMaxx Magyarorsz\u00e1g Kft. lelkes csapata kapott megb\u00edz\u00e1st. A NetMaxx vezet\u0151i k\u00f6zel harminc \u00e9ves szakmai m\u00falttal rendelkeznek a szervezetfejleszt\u00e9s, p\u00e9nz\u00fcgyi tan\u00e1csad\u00e1s ter\u00fclet\u00e9n. A programokat<strong> P\u00e9terek<\/strong> fogj\u00e1k \u00f6ssze. <strong>Hartmann P\u00e9ter<\/strong> \u00e9s <strong>S\u00fctt\u0151 P\u00e9ter<\/strong> v\u00e1llalt\u00e1k magukra ennek a napnak szervez\u00e9s\u00e9t.&nbsp; Komoly tapasztalatuk alakult ki a k\u00f6z\u00f6ss\u00e9gi programok tervez\u00e9s\u00e9ben \u00e9s megval\u00f3s\u00edt\u00e1s\u00e1ban.<\/p>\n<p><img fetchpriority=\"high\" decoding=\"async\" class=\"alignnone size-full wp-image-61193\" src=\"https:\/\/dorogimedence.hu\/wp-content\/uploads\/2024\/04\/Csaladi-nap-plakat1.png\" alt=\"\" width=\"2245\" height=\"1587\" srcset=\"https:\/\/dorogimedence.hu\/wp-content\/uploads\/2024\/04\/Csaladi-nap-plakat1.png 2245w, https:\/\/dorogimedence.hu\/wp-content\/uploads\/2024\/04\/Csaladi-nap-plakat1-600x424.png 600w, https:\/\/dorogimedence.hu\/wp-content\/uploads\/2024\/04\/Csaladi-nap-plakat1-1920x1357.png 1920w, https:\/\/dorogimedence.hu\/wp-content\/uploads\/2024\/04\/Csaladi-nap-plakat1-768x543.png 768w, https:\/\/dorogimedence.hu\/wp-content\/uploads\/2024\/04\/Csaladi-nap-plakat1-1536x1086.png 1536w, https:\/\/dorogimedence.hu\/wp-content\/uploads\/2024\/04\/Csaladi-nap-plakat1-2048x1448.png 2048w, https:\/\/dorogimedence.hu\/wp-content\/uploads\/2024\/04\/Csaladi-nap-plakat1-150x106.png 150w, https:\/\/dorogimedence.hu\/wp-content\/uploads\/2024\/04\/Csaladi-nap-plakat1-450x318.png 450w, https:\/\/dorogimedence.hu\/wp-content\/uploads\/2024\/04\/Csaladi-nap-plakat1-1200x848.png 1200w\" sizes=\"(max-width: 2245px) 100vw, 2245px\" \/><\/p>\n<p>A nap k\u00e9ts\u00e9gk\u00edv\u00fcl f\u0151 attrakci\u00f3ja a \u201eL\u00e1batlan-Karva Ker\u00e9kp\u00e1rmaraton\u201d. T\u00far\u00e1ja \u00faj \u00fatvonalon, 49 kilom\u00e9ter hosszan kacskaring\u00f3zik a szlov\u00e1kiai Karv\u00e1ig, ahonnan komphaj\u00f3val hozzuk vissza a sikeres teljes\u00edt\u0151ket. A P\u00e9terek seg\u00edt\u0151i, a program megval\u00f3s\u00edt\u00e1s\u00e1nak gerinc\u00e9t k\u00e9pez\u0151 <strong>Attil\u00e1k, egyt\u0151l-egyig profik<\/strong> a saj\u00e1t ter\u00fclet\u00fck\u00f6n.&nbsp; <strong>Mizs\u00e9r Attila<\/strong> olimpiai \u00e9s vil\u00e1gbajnok \u00f6ttus\u00e1z\u00f3, csapat\u00e1val egy\u00fctt \u00e9rkezik \u00e9s mutatja be az \u00f6ttusa csod\u00e1latos tus\u00e1it, emberk\u00f6zelire var\u00e1zsolva. <strong>N\u00e9meth Attila<\/strong> a Veszpr\u00e9mi Egyetemi \u00e9s Di\u00e1k Atl\u00e9tikai Klub vezet\u0151je csapat\u00e1val olyan j\u00e1t\u00e9kokat telep\u00edtenek a fest\u0151i k\u00f6rnyezetbe, melyek csal\u00e1dokat, bar\u00e1ti t\u00e1rsas\u00e1gokat mozgatnak meg a nap folyam\u00e1n. Addig am\u00edg az eg\u00e9szs\u00e9gs\u00e1tor kortalanul, a lufihajtogat\u00f3 vil\u00e1gbajnok, k\u00e9zm\u0171veseink, arcfest\u0151ink, az apr\u00f3talp\u00faak k\u00f6r\u00e9ben aratnak osztatlan sikert ez alkalommal. A gyermekek egyik nagy kedvence a <strong>Kiskal\u00e1sz zenekar<\/strong> h\u00fazza a talpal\u00e1val\u00f3t kora d\u00e9lut\u00e1n. A nap folyam\u00e1n k\u00e9tszer is szellemi vet\u00e9lked\u0151re h\u00edvjuk a csal\u00e1dokat. A \u201eKv\u00edz-J\u00e1tszMa\u201d sorozaton bel\u00fcl, k\u00fcl\u00f6n erre a napra \u201eCsal\u00e1di kv\u00edzj\u00e1t\u00e9k\u201d -ot vezet S\u00fctt\u0151 P\u00e9ter j\u00e1t\u00e9kmester. Korunk egyik legnagyobb avi\u00e1tora, a m\u0171rep\u00fcl\u00e9s mestere, <strong>Besenyei P\u00e9ter<\/strong> koron\u00e1zza meg bemutat\u00f3j\u00e1val a d\u00e9lut\u00e1nt. Az esti \u00f3r\u00e1kat pedig kit\u00f6lti a muzsika hangja. A musical par\u00e1d\u00e9 sor\u00e1n megid\u00e9zik Mary Poppins, az Aranyosk\u00e1m dalait, felhangzanak Tina Turner, Barbra Streisand, Whitney Houston, Cserh\u00e1ti Zsuzsa, Chaka Khan, M\u00e1t\u00e9 P\u00e9ter sl\u00e1gerei <strong>Feh\u00e9r Adrienn, J\u00f3n\u00e1s Andrea, S\u00e1nta L\u00e1szl\u00f3<\/strong> sz\u00ednm\u0171v\u00e9szek el\u0151ad\u00e1s\u00e1ban. Az est\u00e9t az <strong>LGT Tribute Zenekar<\/strong> z\u00e1rja egy fergeteges koncerttel.<\/p>\n<p>\u00cdgy a megtisztel\u0151 feladatnak eleget t\u00e9ve 18 programb\u00f3l \u00f6ssze\u00e1ll\u00edtott l\u00e1tv\u00e1nyos \u00e9s egyben \u00e9lm\u00e9nyekben gazdag csal\u00e1di napot k\u00e9sz\u00edtettek a r\u00e9sztvev\u0151k sz\u00e1m\u00e1ra:<\/p>\n<ul>\n<li>08:00-09:20: Startcsomagok oszt\u00e1sa, helysz\u00edni regisztr\u00e1ci\u00f3&nbsp;<\/li>\n<li>09:00-09:40: XII. L\u00e1batlan &#8211; Karva Ker\u00e9kp\u00e1rmaraton | K\u00f6z\u00f6ss\u00e9gi Programsorozat Megnyit\u00e1sa<\/li>\n<li>09:40-09:55:&nbsp; A ker\u00e9kp\u00e1ros mez\u0151ny felvonul\u00e1sa a starthoz<\/li>\n<li>10:00-13:30: XII. L\u00e1batlan &#8211; Karva Ker\u00e9kp\u00e1rmaraton<\/li>\n<li>10:00-17:00: \u201eLaser \u2013 Run \u2013 OCR programsorozat\u201d Mizs\u00e9r Attila vezet\u00e9s\u00e9vel<\/li>\n<li>10:00-17:00: \u00c9l\u0151 csocs\u00f3, Darc foci, Viadal programok, ugr\u00e1l\u00f3 v\u00e1r<\/li>\n<li>11:00-13:00: K\u00e9zm\u0171ves foglalkoz\u00e1s, arcfest\u00e9s<\/li>\n<li>12:00-13:00: \u201eCsal\u00e1di Kv\u00edz-J\u00e1tsz-Ma\u201d els\u0151 fordul\u00f3 J\u00e1t\u00e9kvezet\u0151: S\u00fctt\u0151 P\u00e9ter &nbsp;<\/li>\n<li>12:30-14:30: Ker\u00e9kp\u00e1ros t\u00far\u00e1z\u00f3k k\u00f6z\u00f6s eb\u00e9dje<\/li>\n<li>14:00-14:30:&nbsp; Sorsol\u00e1s, ker\u00e9kp\u00e1r maraton lez\u00e1r\u00e1sa<\/li>\n<li>14:30-17:00: Vil\u00e1gbajnok lufihajtogat\u00f3 m\u0171v\u00e9sz, arcfest\u00e9s<\/li>\n<li>15:00-15:15: L\u00e9gibemutat\u00f3: egy meg\u00e9rdemelten vil\u00e1gh\u00edr\u0171 pil\u00f3t\u00e1nk zavarja \u00f6ssze a Duna feletti oxig\u00e9n \u00e9s nitrog\u00e9n molekul\u00e1kat&nbsp;<\/li>\n<li>15:15-16:00: \u201eCsal\u00e1di Kv\u00edz-J\u00e1tsz-Ma\u201d m\u00e1sodik fordul\u00f3 J\u00e1t\u00e9kvezet\u0151: S\u00fctt\u0151 P\u00e9ter &nbsp;<\/li>\n<li>16:30-17:30: Kiskal\u00e1sz egy\u00fcttes koncertje<\/li>\n<li>18:00-19:30: Musical par\u00e1d\u00e9 Feh\u00e9r Adrienn, J\u00f3n\u00e1s Andrea, S\u00e1nta L\u00e1szl\u00f3<\/li>\n<li>20:00-22:00:&nbsp; LGT Tribute Zenekar koncertje<\/li>\n<\/ul>\n<p>Tov\u00e1bbi r\u00e9szletek a rendezv\u00e9ny <a href=\"https:\/\/labatlan20.ticketninja.io\/\" target=\"_blank\" rel=\"noopener\"><span style=\"text-decoration: underline; color: #0000ff;\">honlapj\u00e1n<\/span><\/a> \u00e9s a <a href=\"https:\/\/www.facebook.com\/Duna.maraton\" target=\"_blank\" rel=\"noopener\"><span style=\"text-decoration: underline; color: #0000ff;\">Facebook-oldal\u00e1n<\/span><\/a>!<\/p>\n","protected":false},"excerpt":{"rendered":"<p>\u00d6t \u00e9v sz\u00fcnet ut\u00e1n 2024. \u00e1prilis 27-\u00e9n, szombaton tizenkettedik alkalommal ker\u00fcl megrendez\u00e9sre a L\u00e1batlan-Karva Ker\u00e9kp\u00e1rmaraton \u00e9s K\u00f6z\u00f6ss\u00e9gi programsorozat. Alapvet\u0151 c\u00e9lja ennek a napnak, hogy akt\u00edv, mozg\u00e1ssal, sz\u00f3rakoz\u00e1ssal f\u0171szerezett min\u0151s\u00e9gi id\u0151t t\u00f6ltsenek egy\u00fctt a r\u00e9gi\u00f3 csal\u00e1djai. Az eddigi hagyom\u00e1nyokat megtartva \u00e9s azokat jelent\u0151sen kieg\u00e9sz\u00edtve k\u00e9sz\u00fcl a szervez\u0151k csapata. Egy p\u00e1ratlanul informat\u00edv, ugyanakkor sokf\u00e9le \u00e9rdekl\u0151d\u00e9st lek\u00f6t\u0151 Duna-parti<\/p>\n","protected":false},"author":1,"featured_media":61194,"comment_status":"closed","ping_status":"closed","sticky":false,"template":"","format":"standard","meta":{"ngg_post_thumbnail":0,"footnotes":""},"categories":[3,3561,5],"tags":[2644,5262,134,7806,489,101,16],"class_list":{"0":"post-61192","1":"post","2":"type-post","3":"status-publish","4":"format-standard","5":"has-post-thumbnail","7":"category-hirek","8":"category-programok","9":"category-sport","10":"tag-csaladi-program","11":"tag-karva","12":"tag-kerekpar","13":"tag-kerekparmaraton","14":"tag-labatlan","15":"tag-program","16":"tag-sport"},"yoast_head":"<!-- This site is optimized with the Yoast SEO plugin v27.5 - https:\/\/yoast.com\/product\/yoast-seo-wordpress\/ -->\n<title>XII. L\u00e1batlan-Karva Ker\u00e9kp\u00e1rmaraton<\/title>\n<meta name=\"robots\" content=\"index, follow, max-snippet:-1, max-image-preview:large, max-video-preview:-1\" \/>\n<link rel=\"canonical\" href=\"https:\/\/dorogimedence.hu\/index.php\/2024\/04\/13\/xii-labatlan-karva-kerekparmaraton\/\" class=\"yoast-seo-meta-tag\" \/>\n<meta property=\"og:locale\" content=\"hu_HU\" class=\"yoast-seo-meta-tag\" \/>\n<meta property=\"og:type\" content=\"article\" class=\"yoast-seo-meta-tag\" \/>\n<meta property=\"og:title\" content=\"XII. L\u00e1batlan-Karva Ker\u00e9kp\u00e1rmaraton\" class=\"yoast-seo-meta-tag\" \/>\n<meta property=\"og:description\" content=\"\u00d6t \u00e9v sz\u00fcnet ut\u00e1n 2024. \u00e1prilis 27-\u00e9n, szombaton tizenkettedik alkalommal ker\u00fcl megrendez\u00e9sre a L\u00e1batlan-Karva Ker\u00e9kp\u00e1rmaraton \u00e9s K\u00f6z\u00f6ss\u00e9gi programsorozat. Alapvet\u0151 c\u00e9lja ennek a napnak, hogy akt\u00edv, mozg\u00e1ssal, sz\u00f3rakoz\u00e1ssal f\u0171szerezett min\u0151s\u00e9gi id\u0151t t\u00f6ltsenek egy\u00fctt a r\u00e9gi\u00f3 csal\u00e1djai. Az eddigi hagyom\u00e1nyokat megtartva \u00e9s azokat jelent\u0151sen kieg\u00e9sz\u00edtve k\u00e9sz\u00fcl a szervez\u0151k csapata. Egy p\u00e1ratlanul informat\u00edv, ugyanakkor sokf\u00e9le \u00e9rdekl\u0151d\u00e9st lek\u00f6t\u0151 Duna-parti\" class=\"yoast-seo-meta-tag\" \/>\n<meta property=\"og:url\" content=\"https:\/\/dorogimedence.hu\/index.php\/2024\/04\/13\/xii-labatlan-karva-kerekparmaraton\/\" class=\"yoast-seo-meta-tag\" \/>\n<meta property=\"og:site_name\" content=\"Dorogi-medence Region\u00e1lis H\u00edrport\u00e1l\" class=\"yoast-seo-meta-tag\" \/>\n<meta property=\"article:publisher\" content=\"https:\/\/www.facebook.com\/dorogimedence\/\" class=\"yoast-seo-meta-tag\" \/>\n<meta property=\"article:published_time\" content=\"2024-04-13T11:09:17+00:00\" class=\"yoast-seo-meta-tag\" \/>\n<meta property=\"og:image\" content=\"https:\/\/dorogimedence.hu\/wp-content\/uploads\/2024\/04\/labatlan-karva.jpg\" class=\"yoast-seo-meta-tag\" \/>\n\t<meta property=\"og:image:width\" content=\"1920\" class=\"yoast-seo-meta-tag\" \/>\n\t<meta property=\"og:image:height\" content=\"970\" class=\"yoast-seo-meta-tag\" \/>\n\t<meta property=\"og:image:type\" content=\"image\/jpeg\" class=\"yoast-seo-meta-tag\" \/>\n<meta name=\"author\" content=\"dorogimedence.hu\" class=\"yoast-seo-meta-tag\" \/>\n<meta name=\"twitter:card\" content=\"summary_large_image\" class=\"yoast-seo-meta-tag\" \/>\n<meta name=\"twitter:label1\" content=\"Szerz\u0151:\" class=\"yoast-seo-meta-tag\" \/>\n\t<meta name=\"twitter:data1\" content=\"dorogimedence.hu\" class=\"yoast-seo-meta-tag\" \/>\n\t<meta name=\"twitter:label2\" content=\"Becs\u00fclt olvas\u00e1si id\u0151\" class=\"yoast-seo-meta-tag\" \/>\n\t<meta name=\"twitter:data2\" content=\"4 perc\" class=\"yoast-seo-meta-tag\" \/>\n<script type=\"application\/ld+json\" class=\"yoast-schema-graph\">{\"@context\":\"https:\\\/\\\/schema.org\",\"@graph\":[{\"@type\":\"Article\",\"@id\":\"https:\\\/\\\/dorogimedence.hu\\\/index.php\\\/2024\\\/04\\\/13\\\/xii-labatlan-karva-kerekparmaraton\\\/#article\",\"isPartOf\":{\"@id\":\"https:\\\/\\\/dorogimedence.hu\\\/index.php\\\/2024\\\/04\\\/13\\\/xii-labatlan-karva-kerekparmaraton\\\/\"},\"author\":{\"name\":\"dorogimedence.hu\",\"@id\":\"https:\\\/\\\/dorogimedence.hu\\\/#\\\/schema\\\/person\\\/ce6091eeb7e95ecdc87890d6aa8e0fd4\"},\"headline\":\"XII. L\u00e1batlan-Karva Ker\u00e9kp\u00e1rmaraton\",\"datePublished\":\"2024-04-13T11:09:17+00:00\",\"mainEntityOfPage\":{\"@id\":\"https:\\\/\\\/dorogimedence.hu\\\/index.php\\\/2024\\\/04\\\/13\\\/xii-labatlan-karva-kerekparmaraton\\\/\"},\"wordCount\":769,\"publisher\":{\"@id\":\"https:\\\/\\\/dorogimedence.hu\\\/#organization\"},\"image\":{\"@id\":\"https:\\\/\\\/dorogimedence.hu\\\/index.php\\\/2024\\\/04\\\/13\\\/xii-labatlan-karva-kerekparmaraton\\\/#primaryimage\"},\"thumbnailUrl\":\"https:\\\/\\\/dorogimedence.hu\\\/wp-content\\\/uploads\\\/2024\\\/04\\\/labatlan-karva.jpg\",\"keywords\":[\"csal\u00e1di program\",\"Karva\",\"ker\u00e9kp\u00e1r\",\"ker\u00e9kp\u00e1rmaraton\",\"L\u00e1batlan\",\"program\",\"sport\"],\"articleSection\":[\"H\u00edrek\",\"Programok\",\"Sport\"],\"inLanguage\":\"hu\"},{\"@type\":\"WebPage\",\"@id\":\"https:\\\/\\\/dorogimedence.hu\\\/index.php\\\/2024\\\/04\\\/13\\\/xii-labatlan-karva-kerekparmaraton\\\/\",\"url\":\"https:\\\/\\\/dorogimedence.hu\\\/index.php\\\/2024\\\/04\\\/13\\\/xii-labatlan-karva-kerekparmaraton\\\/\",\"name\":\"XII. L\u00e1batlan-Karva Ker\u00e9kp\u00e1rmaraton\",\"isPartOf\":{\"@id\":\"https:\\\/\\\/dorogimedence.hu\\\/#website\"},\"primaryImageOfPage\":{\"@id\":\"https:\\\/\\\/dorogimedence.hu\\\/index.php\\\/2024\\\/04\\\/13\\\/xii-labatlan-karva-kerekparmaraton\\\/#primaryimage\"},\"image\":{\"@id\":\"https:\\\/\\\/dorogimedence.hu\\\/index.php\\\/2024\\\/04\\\/13\\\/xii-labatlan-karva-kerekparmaraton\\\/#primaryimage\"},\"thumbnailUrl\":\"https:\\\/\\\/dorogimedence.hu\\\/wp-content\\\/uploads\\\/2024\\\/04\\\/labatlan-karva.jpg\",\"datePublished\":\"2024-04-13T11:09:17+00:00\",\"breadcrumb\":{\"@id\":\"https:\\\/\\\/dorogimedence.hu\\\/index.php\\\/2024\\\/04\\\/13\\\/xii-labatlan-karva-kerekparmaraton\\\/#breadcrumb\"},\"inLanguage\":\"hu\",\"potentialAction\":[{\"@type\":\"ReadAction\",\"target\":[\"https:\\\/\\\/dorogimedence.hu\\\/index.php\\\/2024\\\/04\\\/13\\\/xii-labatlan-karva-kerekparmaraton\\\/\"]}]},{\"@type\":\"ImageObject\",\"inLanguage\":\"hu\",\"@id\":\"https:\\\/\\\/dorogimedence.hu\\\/index.php\\\/2024\\\/04\\\/13\\\/xii-labatlan-karva-kerekparmaraton\\\/#primaryimage\",\"url\":\"https:\\\/\\\/dorogimedence.hu\\\/wp-content\\\/uploads\\\/2024\\\/04\\\/labatlan-karva.jpg\",\"contentUrl\":\"https:\\\/\\\/dorogimedence.hu\\\/wp-content\\\/uploads\\\/2024\\\/04\\\/labatlan-karva.jpg\",\"width\":1920,\"height\":970},{\"@type\":\"BreadcrumbList\",\"@id\":\"https:\\\/\\\/dorogimedence.hu\\\/index.php\\\/2024\\\/04\\\/13\\\/xii-labatlan-karva-kerekparmaraton\\\/#breadcrumb\",\"itemListElement\":[{\"@type\":\"ListItem\",\"position\":1,\"name\":\"Kezd\u0151lap\",\"item\":\"https:\\\/\\\/dorogimedence.hu\\\/\"},{\"@type\":\"ListItem\",\"position\":2,\"name\":\"XII. L\u00e1batlan-Karva Ker\u00e9kp\u00e1rmaraton\"}]},{\"@type\":\"WebSite\",\"@id\":\"https:\\\/\\\/dorogimedence.hu\\\/#website\",\"url\":\"https:\\\/\\\/dorogimedence.hu\\\/\",\"name\":\"Dorogi-medence Region\u00e1lis H\u00edrport\u00e1l\",\"description\":\"Dorog, Keszt\u00f6lc, Le\u00e1nyv\u00e1r, Piliscs\u00e9v, Tokod, Tokodalt\u00e1r\u00f3, Csolnok, Esztergom-kertv\u00e1ros: h\u00edrek, programok\",\"publisher\":{\"@id\":\"https:\\\/\\\/dorogimedence.hu\\\/#organization\"},\"potentialAction\":[{\"@type\":\"SearchAction\",\"target\":{\"@type\":\"EntryPoint\",\"urlTemplate\":\"https:\\\/\\\/dorogimedence.hu\\\/?s={search_term_string}\"},\"query-input\":{\"@type\":\"PropertyValueSpecification\",\"valueRequired\":true,\"valueName\":\"search_term_string\"}}],\"inLanguage\":\"hu\"},{\"@type\":\"Organization\",\"@id\":\"https:\\\/\\\/dorogimedence.hu\\\/#organization\",\"name\":\"Dorogi-medence Region\u00e1lis H\u00edrport\u00e1l\",\"url\":\"https:\\\/\\\/dorogimedence.hu\\\/\",\"logo\":{\"@type\":\"ImageObject\",\"inLanguage\":\"hu\",\"@id\":\"https:\\\/\\\/dorogimedence.hu\\\/#\\\/schema\\\/logo\\\/image\\\/\",\"url\":\"https:\\\/\\\/dorogimedence.hu\\\/wp-content\\\/uploads\\\/2021\\\/04\\\/logo-feher-600.png\",\"contentUrl\":\"https:\\\/\\\/dorogimedence.hu\\\/wp-content\\\/uploads\\\/2021\\\/04\\\/logo-feher-600.png\",\"width\":600,\"height\":100,\"caption\":\"Dorogi-medence Region\u00e1lis H\u00edrport\u00e1l\"},\"image\":{\"@id\":\"https:\\\/\\\/dorogimedence.hu\\\/#\\\/schema\\\/logo\\\/image\\\/\"},\"sameAs\":[\"https:\\\/\\\/www.facebook.com\\\/dorogimedence\\\/\"]},{\"@type\":\"Person\",\"@id\":\"https:\\\/\\\/dorogimedence.hu\\\/#\\\/schema\\\/person\\\/ce6091eeb7e95ecdc87890d6aa8e0fd4\",\"name\":\"dorogimedence.hu\",\"image\":{\"@type\":\"ImageObject\",\"inLanguage\":\"hu\",\"@id\":\"\\\/\\\/www.gravatar.com\\\/avatar\\\/d8d45f8901aadff40a4af72c0b826f1d?s=96&#038;r=g&#038;d=mm\",\"url\":\"\\\/\\\/www.gravatar.com\\\/avatar\\\/d8d45f8901aadff40a4af72c0b826f1d?s=96&#038;r=g&#038;d=mm\",\"contentUrl\":\"\\\/\\\/www.gravatar.com\\\/avatar\\\/d8d45f8901aadff40a4af72c0b826f1d?s=96&#038;r=g&#038;d=mm\",\"caption\":\"dorogimedence.hu\"}}]}<\/script>\n<!-- \/ Yoast SEO plugin. -->","yoast_head_json":{"title":"XII. L\u00e1batlan-Karva Ker\u00e9kp\u00e1rmaraton","robots":{"index":"index","follow":"follow","max-snippet":"max-snippet:-1","max-image-preview":"max-image-preview:large","max-video-preview":"max-video-preview:-1"},"canonical":"https:\/\/dorogimedence.hu\/index.php\/2024\/04\/13\/xii-labatlan-karva-kerekparmaraton\/","og_locale":"hu_HU","og_type":"article","og_title":"XII. L\u00e1batlan-Karva Ker\u00e9kp\u00e1rmaraton","og_description":"\u00d6t \u00e9v sz\u00fcnet ut\u00e1n 2024. \u00e1prilis 27-\u00e9n, szombaton tizenkettedik alkalommal ker\u00fcl megrendez\u00e9sre a L\u00e1batlan-Karva Ker\u00e9kp\u00e1rmaraton \u00e9s K\u00f6z\u00f6ss\u00e9gi programsorozat. Alapvet\u0151 c\u00e9lja ennek a napnak, hogy akt\u00edv, mozg\u00e1ssal, sz\u00f3rakoz\u00e1ssal f\u0171szerezett min\u0151s\u00e9gi id\u0151t t\u00f6ltsenek egy\u00fctt a r\u00e9gi\u00f3 csal\u00e1djai. Az eddigi hagyom\u00e1nyokat megtartva \u00e9s azokat jelent\u0151sen kieg\u00e9sz\u00edtve k\u00e9sz\u00fcl a szervez\u0151k csapata. Egy p\u00e1ratlanul informat\u00edv, ugyanakkor sokf\u00e9le \u00e9rdekl\u0151d\u00e9st lek\u00f6t\u0151 Duna-parti","og_url":"https:\/\/dorogimedence.hu\/index.php\/2024\/04\/13\/xii-labatlan-karva-kerekparmaraton\/","og_site_name":"Dorogi-medence Region\u00e1lis H\u00edrport\u00e1l","article_publisher":"https:\/\/www.facebook.com\/dorogimedence\/","article_published_time":"2024-04-13T11:09:17+00:00","og_image":[{"width":1920,"height":970,"url":"https:\/\/dorogimedence.hu\/wp-content\/uploads\/2024\/04\/labatlan-karva.jpg","type":"image\/jpeg"}],"author":"dorogimedence.hu","twitter_card":"summary_large_image","twitter_misc":{"Szerz\u0151:":"dorogimedence.hu","Becs\u00fclt olvas\u00e1si id\u0151":"4 perc"},"schema":{"@context":"https:\/\/schema.org","@graph":[{"@type":"Article","@id":"https:\/\/dorogimedence.hu\/index.php\/2024\/04\/13\/xii-labatlan-karva-kerekparmaraton\/#article","isPartOf":{"@id":"https:\/\/dorogimedence.hu\/index.php\/2024\/04\/13\/xii-labatlan-karva-kerekparmaraton\/"},"author":{"name":"dorogimedence.hu","@id":"https:\/\/dorogimedence.hu\/#\/schema\/person\/ce6091eeb7e95ecdc87890d6aa8e0fd4"},"headline":"XII. L\u00e1batlan-Karva Ker\u00e9kp\u00e1rmaraton","datePublished":"2024-04-13T11:09:17+00:00","mainEntityOfPage":{"@id":"https:\/\/dorogimedence.hu\/index.php\/2024\/04\/13\/xii-labatlan-karva-kerekparmaraton\/"},"wordCount":769,"publisher":{"@id":"https:\/\/dorogimedence.hu\/#organization"},"image":{"@id":"https:\/\/dorogimedence.hu\/index.php\/2024\/04\/13\/xii-labatlan-karva-kerekparmaraton\/#primaryimage"},"thumbnailUrl":"https:\/\/dorogimedence.hu\/wp-content\/uploads\/2024\/04\/labatlan-karva.jpg","keywords":["csal\u00e1di program","Karva","ker\u00e9kp\u00e1r","ker\u00e9kp\u00e1rmaraton","L\u00e1batlan","program","sport"],"articleSection":["H\u00edrek","Programok","Sport"],"inLanguage":"hu"},{"@type":"WebPage","@id":"https:\/\/dorogimedence.hu\/index.php\/2024\/04\/13\/xii-labatlan-karva-kerekparmaraton\/","url":"https:\/\/dorogimedence.hu\/index.php\/2024\/04\/13\/xii-labatlan-karva-kerekparmaraton\/","name":"XII. L\u00e1batlan-Karva Ker\u00e9kp\u00e1rmaraton","isPartOf":{"@id":"https:\/\/dorogimedence.hu\/#website"},"primaryImageOfPage":{"@id":"https:\/\/dorogimedence.hu\/index.php\/2024\/04\/13\/xii-labatlan-karva-kerekparmaraton\/#primaryimage"},"image":{"@id":"https:\/\/dorogimedence.hu\/index.php\/2024\/04\/13\/xii-labatlan-karva-kerekparmaraton\/#primaryimage"},"thumbnailUrl":"https:\/\/dorogimedence.hu\/wp-content\/uploads\/2024\/04\/labatlan-karva.jpg","datePublished":"2024-04-13T11:09:17+00:00","breadcrumb":{"@id":"https:\/\/dorogimedence.hu\/index.php\/2024\/04\/13\/xii-labatlan-karva-kerekparmaraton\/#breadcrumb"},"inLanguage":"hu","potentialAction":[{"@type":"ReadAction","target":["https:\/\/dorogimedence.hu\/index.php\/2024\/04\/13\/xii-labatlan-karva-kerekparmaraton\/"]}]},{"@type":"ImageObject","inLanguage":"hu","@id":"https:\/\/dorogimedence.hu\/index.php\/2024\/04\/13\/xii-labatlan-karva-kerekparmaraton\/#primaryimage","url":"https:\/\/dorogimedence.hu\/wp-content\/uploads\/2024\/04\/labatlan-karva.jpg","contentUrl":"https:\/\/dorogimedence.hu\/wp-content\/uploads\/2024\/04\/labatlan-karva.jpg","width":1920,"height":970},{"@type":"BreadcrumbList","@id":"https:\/\/dorogimedence.hu\/index.php\/2024\/04\/13\/xii-labatlan-karva-kerekparmaraton\/#breadcrumb","itemListElement":[{"@type":"ListItem","position":1,"name":"Kezd\u0151lap","item":"https:\/\/dorogimedence.hu\/"},{"@type":"ListItem","position":2,"name":"XII. L\u00e1batlan-Karva Ker\u00e9kp\u00e1rmaraton"}]},{"@type":"WebSite","@id":"https:\/\/dorogimedence.hu\/#website","url":"https:\/\/dorogimedence.hu\/","name":"Dorogi-medence Region\u00e1lis H\u00edrport\u00e1l","description":"Dorog, Keszt\u00f6lc, Le\u00e1nyv\u00e1r, Piliscs\u00e9v, Tokod, Tokodalt\u00e1r\u00f3, Csolnok, Esztergom-kertv\u00e1ros: h\u00edrek, programok","publisher":{"@id":"https:\/\/dorogimedence.hu\/#organization"},"potentialAction":[{"@type":"SearchAction","target":{"@type":"EntryPoint","urlTemplate":"https:\/\/dorogimedence.hu\/?s={search_term_string}"},"query-input":{"@type":"PropertyValueSpecification","valueRequired":true,"valueName":"search_term_string"}}],"inLanguage":"hu"},{"@type":"Organization","@id":"https:\/\/dorogimedence.hu\/#organization","name":"Dorogi-medence Region\u00e1lis H\u00edrport\u00e1l","url":"https:\/\/dorogimedence.hu\/","logo":{"@type":"ImageObject","inLanguage":"hu","@id":"https:\/\/dorogimedence.hu\/#\/schema\/logo\/image\/","url":"https:\/\/dorogimedence.hu\/wp-content\/uploads\/2021\/04\/logo-feher-600.png","contentUrl":"https:\/\/dorogimedence.hu\/wp-content\/uploads\/2021\/04\/logo-feher-600.png","width":600,"height":100,"caption":"Dorogi-medence Region\u00e1lis H\u00edrport\u00e1l"},"image":{"@id":"https:\/\/dorogimedence.hu\/#\/schema\/logo\/image\/"},"sameAs":["https:\/\/www.facebook.com\/dorogimedence\/"]},{"@type":"Person","@id":"https:\/\/dorogimedence.hu\/#\/schema\/person\/ce6091eeb7e95ecdc87890d6aa8e0fd4","name":"dorogimedence.hu","image":{"@type":"ImageObject","inLanguage":"hu","@id":"\/\/www.gravatar.com\/avatar\/d8d45f8901aadff40a4af72c0b826f1d?s=96&#038;r=g&#038;d=mm","url":"\/\/www.gravatar.com\/avatar\/d8d45f8901aadff40a4af72c0b826f1d?s=96&#038;r=g&#038;d=mm","contentUrl":"\/\/www.gravatar.com\/avatar\/d8d45f8901aadff40a4af72c0b826f1d?s=96&#038;r=g&#038;d=mm","caption":"dorogimedence.hu"}}]}},"_links":{"self":[{"href":"https:\/\/dorogimedence.hu\/index.php\/wp-json\/wp\/v2\/posts\/61192","targetHints":{"allow":["GET"]}}],"collection":[{"href":"https:\/\/dorogimedence.hu\/index.php\/wp-json\/wp\/v2\/posts"}],"about":[{"href":"https:\/\/dorogimedence.hu\/index.php\/wp-json\/wp\/v2\/types\/post"}],"author":[{"embeddable":true,"href":"https:\/\/dorogimedence.hu\/index.php\/wp-json\/wp\/v2\/users\/1"}],"replies":[{"embeddable":true,"href":"https:\/\/dorogimedence.hu\/index.php\/wp-json\/wp\/v2\/comments?post=61192"}],"version-history":[{"count":0,"href":"https:\/\/dorogimedence.hu\/index.php\/wp-json\/wp\/v2\/posts\/61192\/revisions"}],"wp:featuredmedia":[{"embeddable":true,"href":"https:\/\/dorogimedence.hu\/index.php\/wp-json\/wp\/v2\/media\/61194"}],"wp:attachment":[{"href":"https:\/\/dorogimedence.hu\/index.php\/wp-json\/wp\/v2\/media?parent=61192"}],"wp:term":[{"taxonomy":"category","embeddable":true,"href":"https:\/\/dorogimedence.hu\/index.php\/wp-json\/wp\/v2\/categories?post=61192"},{"taxonomy":"post_tag","embeddable":true,"href":"https:\/\/dorogimedence.hu\/index.php\/wp-json\/wp\/v2\/tags?post=61192"}],"curies":[{"name":"wp","href":"https:\/\/api.w.org\/{rel}","templated":true}]}}