{"id":60936,"date":"2024-04-05T09:40:16","date_gmt":"2024-04-05T07:40:16","guid":{"rendered":"https:\/\/dorogimedence.hu\/?p=60936"},"modified":"2024-04-05T09:40:16","modified_gmt":"2024-04-05T07:40:16","slug":"ikertestvere-adatait-hasznalta-a-tolvaj-vegul-az-orran-levo-anyajegy-buktatta-le","status":"publish","type":"post","link":"https:\/\/dorogimedence.hu\/index.php\/2024\/04\/05\/ikertestvere-adatait-hasznalta-a-tolvaj-vegul-az-orran-levo-anyajegy-buktatta-le\/","title":{"rendered":"Ikertestv\u00e9re adatait haszn\u00e1lta a tolvaj, v\u00e9g\u00fcl az orr\u00e1n l\u00e9v\u0151 anyajegy buktatta le"},"content":{"rendered":"<div class=\"lead-text\">\n<p><strong>Az esztergomi rend\u0151r\u00f6k j\u00f3l ismert\u00e9k a 32 \u00e9ves f\u00e9rfit \u00e9s tudt\u00e1k azt is, mi a k\u00fcl\u00f6nbs\u00e9g a testv\u00e9rek k\u00f6z\u00f6tt.<\/strong><\/p>\n<\/div>\n<div class=\"body-text\">\n<p>Az ikerp\u00e1r egyik tagja az ut\u00f3bbi id\u0151ben t\u00f6bb b\u0171ncselekm\u00e9nyt k\u00f6vetett el Esztergom t\u00e9rs\u00e9g\u00e9ben. Hogy elker\u00fclje a felel\u0151ss\u00e9gre von\u00e1st, a testv\u00e9re adatait haszn\u00e1lta, a rend\u0151r\u00f6k azonban tudt\u00e1k, az anyajegy megk\u00fcl\u00f6nb\u00f6zteti \u0151ket. L. Ferenc janu\u00e1r 22-\u00e9n 18 \u00f3ra k\u00f6r\u00fcl egy esztergomi h\u00e1zb\u00f3l ellopott egy t\u00e1sk\u00e1t, amiben a s\u00e9rtett \u00e9s k\u00e9t m\u00e1sik ember bankk\u00e1rty\u00e1ja is benne volt. A tettes alig egy \u00f3ra eltelt\u00e9vel az egyik k\u00e1rty\u00e1val t\u00f6bb mint 20 ezer forint\u00e9rt v\u00e1s\u00e1rolt. Kider\u00fclt az is, m\u00e9g ezen a napon kora d\u00e9lut\u00e1n, valamint m\u00e1rcius 29-\u00e9n is szab\u00e1lys\u00e9rt\u00e9st k\u00f6vetett el, ez\u00e9rt a rend\u0151r\u00f6k helysz\u00edni b\u00edrs\u00e1got szabtak ki.<\/p>\n<p>Hogy a b\u00fcntet\u00e9st elker\u00fclje olyan okm\u00e1nyt adott \u00e1t, amit tavaly az ikertestv\u00e9re nev\u00e9re k\u00e9sz\u00edttetett. Sz\u00e1nd\u00e9kosan ezeket az okm\u00e1nyokat adta \u00e1t, a nyomtatv\u00e1nyokat is az \u0151 nev\u00e9ben \u00edrta al\u00e1. A f\u00e9rfit v\u00e9g\u00fcl az orr\u00e1n l\u00e9v\u0151 anyajegy buktatta le. A rend\u0151r\u00f6k L. Ferencet felismert\u00e9k, el\u0151\u00e1ll\u00edtott\u00e1k \u00e9s gyan\u00fas\u00edtottk\u00e9nt hallgatt\u00e1k ki. Az Esztergomi Rend\u0151rkapit\u00e1nys\u00e1gon lop\u00e1s, k\u00f6zokirat-hamis\u00edt\u00e1s, csal\u00e1s miatt indult b\u00fcntet\u0151elj\u00e1r\u00e1s. A gyan\u00fas\u00edtott m\u00e1r nem volt ismeretlen az esztergomi rend\u0151r\u00f6k el\u0151tt. Kor\u00e1bban indult ellene elj\u00e1r\u00e1s kifoszt\u00e1s, lop\u00e1s, zaklat\u00e1s, hat\u00f3s\u00e1g f\u00e9lrevezet\u00e9se, hamis v\u00e1d, k\u00e1b\u00edt\u00f3szer birtokl\u00e1sa miatt is. A rend\u0151rs\u00e9g a kihallgat\u00e1sa ut\u00e1n \u0151rizetbe vette, a b\u00edr\u00f3s\u00e1g elrendelte letart\u00f3ztat\u00e1s\u00e1t.<\/p>\n<p><em>Forr\u00e1s: police.hu<\/em><\/p>\n<\/div>\n","protected":false},"excerpt":{"rendered":"<p>Az esztergomi rend\u0151r\u00f6k j\u00f3l ismert\u00e9k a 32 \u00e9ves f\u00e9rfit \u00e9s tudt\u00e1k azt is, mi a k\u00fcl\u00f6nbs\u00e9g a testv\u00e9rek k\u00f6z\u00f6tt. Az ikerp\u00e1r egyik tagja az ut\u00f3bbi id\u0151ben t\u00f6bb b\u0171ncselekm\u00e9nyt k\u00f6vetett el Esztergom t\u00e9rs\u00e9g\u00e9ben. Hogy elker\u00fclje a felel\u0151ss\u00e9gre von\u00e1st, a testv\u00e9re adatait haszn\u00e1lta, a rend\u0151r\u00f6k azonban tudt\u00e1k, az anyajegy megk\u00fcl\u00f6nb\u00f6zteti \u0151ket. L. Ferenc janu\u00e1r 22-\u00e9n 18 \u00f3ra<\/p>\n","protected":false},"author":1,"featured_media":33064,"comment_status":"closed","ping_status":"closed","sticky":false,"template":"","format":"standard","meta":{"ngg_post_thumbnail":0,"footnotes":""},"categories":[38,3,39],"tags":[63,42,447,61],"class_list":{"0":"post-60936","1":"post","2":"type-post","3":"status-publish","4":"format-standard","5":"has-post-thumbnail","7":"category-esztergom","8":"category-hirek","9":"category-kek-hirek","10":"tag-buncselekmeny","11":"tag-esztergom","12":"tag-lopas","13":"tag-rendorsegi-hirek"},"yoast_head":"<!-- This site is optimized with the Yoast SEO plugin v27.5 - https:\/\/yoast.com\/product\/yoast-seo-wordpress\/ -->\n<title>Ikertestv\u00e9re adatait haszn\u00e1lta a tolvaj, v\u00e9g\u00fcl az orr\u00e1n l\u00e9v\u0151 anyajegy buktatta le<\/title>\n<meta name=\"robots\" content=\"index, follow, max-snippet:-1, max-image-preview:large, max-video-preview:-1\" \/>\n<link rel=\"canonical\" href=\"https:\/\/dorogimedence.hu\/index.php\/2024\/04\/05\/ikertestvere-adatait-hasznalta-a-tolvaj-vegul-az-orran-levo-anyajegy-buktatta-le\/\" class=\"yoast-seo-meta-tag\" \/>\n<meta property=\"og:locale\" content=\"hu_HU\" class=\"yoast-seo-meta-tag\" \/>\n<meta property=\"og:type\" content=\"article\" class=\"yoast-seo-meta-tag\" \/>\n<meta property=\"og:title\" content=\"Ikertestv\u00e9re adatait haszn\u00e1lta a tolvaj, v\u00e9g\u00fcl az orr\u00e1n l\u00e9v\u0151 anyajegy buktatta le\" class=\"yoast-seo-meta-tag\" \/>\n<meta property=\"og:description\" content=\"Az esztergomi rend\u0151r\u00f6k j\u00f3l ismert\u00e9k a 32 \u00e9ves f\u00e9rfit \u00e9s tudt\u00e1k azt is, mi a k\u00fcl\u00f6nbs\u00e9g a testv\u00e9rek k\u00f6z\u00f6tt. Az ikerp\u00e1r egyik tagja az ut\u00f3bbi id\u0151ben t\u00f6bb b\u0171ncselekm\u00e9nyt k\u00f6vetett el Esztergom t\u00e9rs\u00e9g\u00e9ben. Hogy elker\u00fclje a felel\u0151ss\u00e9gre von\u00e1st, a testv\u00e9re adatait haszn\u00e1lta, a rend\u0151r\u00f6k azonban tudt\u00e1k, az anyajegy megk\u00fcl\u00f6nb\u00f6zteti \u0151ket. L. Ferenc janu\u00e1r 22-\u00e9n 18 \u00f3ra\" class=\"yoast-seo-meta-tag\" \/>\n<meta property=\"og:url\" content=\"https:\/\/dorogimedence.hu\/index.php\/2024\/04\/05\/ikertestvere-adatait-hasznalta-a-tolvaj-vegul-az-orran-levo-anyajegy-buktatta-le\/\" class=\"yoast-seo-meta-tag\" \/>\n<meta property=\"og:site_name\" content=\"Dorogi-medence Region\u00e1lis H\u00edrport\u00e1l\" class=\"yoast-seo-meta-tag\" \/>\n<meta property=\"article:publisher\" content=\"https:\/\/www.facebook.com\/dorogimedence\/\" class=\"yoast-seo-meta-tag\" \/>\n<meta property=\"article:published_time\" content=\"2024-04-05T07:40:16+00:00\" class=\"yoast-seo-meta-tag\" \/>\n<meta property=\"og:image\" content=\"https:\/\/dorogimedence.hu\/wp-content\/uploads\/2021\/05\/bilincs-07.jpg\" class=\"yoast-seo-meta-tag\" \/>\n\t<meta property=\"og:image:width\" content=\"1920\" class=\"yoast-seo-meta-tag\" \/>\n\t<meta property=\"og:image:height\" content=\"1280\" class=\"yoast-seo-meta-tag\" \/>\n\t<meta property=\"og:image:type\" content=\"image\/jpeg\" class=\"yoast-seo-meta-tag\" \/>\n<meta name=\"author\" content=\"dorogimedence.hu\" class=\"yoast-seo-meta-tag\" \/>\n<meta name=\"twitter:card\" content=\"summary_large_image\" class=\"yoast-seo-meta-tag\" \/>\n<meta name=\"twitter:label1\" content=\"Szerz\u0151:\" class=\"yoast-seo-meta-tag\" \/>\n\t<meta name=\"twitter:data1\" content=\"dorogimedence.hu\" class=\"yoast-seo-meta-tag\" \/>\n\t<meta name=\"twitter:label2\" content=\"Becs\u00fclt olvas\u00e1si id\u0151\" class=\"yoast-seo-meta-tag\" \/>\n\t<meta name=\"twitter:data2\" content=\"2 perc\" class=\"yoast-seo-meta-tag\" \/>\n<script type=\"application\/ld+json\" class=\"yoast-schema-graph\">{\"@context\":\"https:\\\/\\\/schema.org\",\"@graph\":[{\"@type\":\"Article\",\"@id\":\"https:\\\/\\\/dorogimedence.hu\\\/index.php\\\/2024\\\/04\\\/05\\\/ikertestvere-adatait-hasznalta-a-tolvaj-vegul-az-orran-levo-anyajegy-buktatta-le\\\/#article\",\"isPartOf\":{\"@id\":\"https:\\\/\\\/dorogimedence.hu\\\/index.php\\\/2024\\\/04\\\/05\\\/ikertestvere-adatait-hasznalta-a-tolvaj-vegul-az-orran-levo-anyajegy-buktatta-le\\\/\"},\"author\":{\"name\":\"dorogimedence.hu\",\"@id\":\"https:\\\/\\\/dorogimedence.hu\\\/#\\\/schema\\\/person\\\/ce6091eeb7e95ecdc87890d6aa8e0fd4\"},\"headline\":\"Ikertestv\u00e9re adatait haszn\u00e1lta a tolvaj, v\u00e9g\u00fcl az orr\u00e1n l\u00e9v\u0151 anyajegy buktatta le\",\"datePublished\":\"2024-04-05T07:40:16+00:00\",\"mainEntityOfPage\":{\"@id\":\"https:\\\/\\\/dorogimedence.hu\\\/index.php\\\/2024\\\/04\\\/05\\\/ikertestvere-adatait-hasznalta-a-tolvaj-vegul-az-orran-levo-anyajegy-buktatta-le\\\/\"},\"wordCount\":362,\"publisher\":{\"@id\":\"https:\\\/\\\/dorogimedence.hu\\\/#organization\"},\"image\":{\"@id\":\"https:\\\/\\\/dorogimedence.hu\\\/index.php\\\/2024\\\/04\\\/05\\\/ikertestvere-adatait-hasznalta-a-tolvaj-vegul-az-orran-levo-anyajegy-buktatta-le\\\/#primaryimage\"},\"thumbnailUrl\":\"https:\\\/\\\/dorogimedence.hu\\\/wp-content\\\/uploads\\\/2021\\\/05\\\/bilincs-07.jpg\",\"keywords\":[\"b\u0171ncselekm\u00e9ny\",\"esztergom\",\"lop\u00e1s\",\"rend\u0151rs\u00e9gi h\u00edrek\"],\"articleSection\":[\"Esztergom\",\"H\u00edrek\",\"K\u00e9k h\u00edrek\"],\"inLanguage\":\"hu\"},{\"@type\":\"WebPage\",\"@id\":\"https:\\\/\\\/dorogimedence.hu\\\/index.php\\\/2024\\\/04\\\/05\\\/ikertestvere-adatait-hasznalta-a-tolvaj-vegul-az-orran-levo-anyajegy-buktatta-le\\\/\",\"url\":\"https:\\\/\\\/dorogimedence.hu\\\/index.php\\\/2024\\\/04\\\/05\\\/ikertestvere-adatait-hasznalta-a-tolvaj-vegul-az-orran-levo-anyajegy-buktatta-le\\\/\",\"name\":\"Ikertestv\u00e9re adatait haszn\u00e1lta a tolvaj, v\u00e9g\u00fcl az orr\u00e1n l\u00e9v\u0151 anyajegy buktatta le\",\"isPartOf\":{\"@id\":\"https:\\\/\\\/dorogimedence.hu\\\/#website\"},\"primaryImageOfPage\":{\"@id\":\"https:\\\/\\\/dorogimedence.hu\\\/index.php\\\/2024\\\/04\\\/05\\\/ikertestvere-adatait-hasznalta-a-tolvaj-vegul-az-orran-levo-anyajegy-buktatta-le\\\/#primaryimage\"},\"image\":{\"@id\":\"https:\\\/\\\/dorogimedence.hu\\\/index.php\\\/2024\\\/04\\\/05\\\/ikertestvere-adatait-hasznalta-a-tolvaj-vegul-az-orran-levo-anyajegy-buktatta-le\\\/#primaryimage\"},\"thumbnailUrl\":\"https:\\\/\\\/dorogimedence.hu\\\/wp-content\\\/uploads\\\/2021\\\/05\\\/bilincs-07.jpg\",\"datePublished\":\"2024-04-05T07:40:16+00:00\",\"breadcrumb\":{\"@id\":\"https:\\\/\\\/dorogimedence.hu\\\/index.php\\\/2024\\\/04\\\/05\\\/ikertestvere-adatait-hasznalta-a-tolvaj-vegul-az-orran-levo-anyajegy-buktatta-le\\\/#breadcrumb\"},\"inLanguage\":\"hu\",\"potentialAction\":[{\"@type\":\"ReadAction\",\"target\":[\"https:\\\/\\\/dorogimedence.hu\\\/index.php\\\/2024\\\/04\\\/05\\\/ikertestvere-adatait-hasznalta-a-tolvaj-vegul-az-orran-levo-anyajegy-buktatta-le\\\/\"]}]},{\"@type\":\"ImageObject\",\"inLanguage\":\"hu\",\"@id\":\"https:\\\/\\\/dorogimedence.hu\\\/index.php\\\/2024\\\/04\\\/05\\\/ikertestvere-adatait-hasznalta-a-tolvaj-vegul-az-orran-levo-anyajegy-buktatta-le\\\/#primaryimage\",\"url\":\"https:\\\/\\\/dorogimedence.hu\\\/wp-content\\\/uploads\\\/2021\\\/05\\\/bilincs-07.jpg\",\"contentUrl\":\"https:\\\/\\\/dorogimedence.hu\\\/wp-content\\\/uploads\\\/2021\\\/05\\\/bilincs-07.jpg\",\"width\":1920,\"height\":1280},{\"@type\":\"BreadcrumbList\",\"@id\":\"https:\\\/\\\/dorogimedence.hu\\\/index.php\\\/2024\\\/04\\\/05\\\/ikertestvere-adatait-hasznalta-a-tolvaj-vegul-az-orran-levo-anyajegy-buktatta-le\\\/#breadcrumb\",\"itemListElement\":[{\"@type\":\"ListItem\",\"position\":1,\"name\":\"Kezd\u0151lap\",\"item\":\"https:\\\/\\\/dorogimedence.hu\\\/\"},{\"@type\":\"ListItem\",\"position\":2,\"name\":\"Ikertestv\u00e9re adatait haszn\u00e1lta a tolvaj, v\u00e9g\u00fcl az orr\u00e1n l\u00e9v\u0151 anyajegy buktatta le\"}]},{\"@type\":\"WebSite\",\"@id\":\"https:\\\/\\\/dorogimedence.hu\\\/#website\",\"url\":\"https:\\\/\\\/dorogimedence.hu\\\/\",\"name\":\"Dorogi-medence Region\u00e1lis H\u00edrport\u00e1l\",\"description\":\"Dorog, Keszt\u00f6lc, Le\u00e1nyv\u00e1r, Piliscs\u00e9v, Tokod, Tokodalt\u00e1r\u00f3, Csolnok, Esztergom-kertv\u00e1ros: h\u00edrek, programok\",\"publisher\":{\"@id\":\"https:\\\/\\\/dorogimedence.hu\\\/#organization\"},\"potentialAction\":[{\"@type\":\"SearchAction\",\"target\":{\"@type\":\"EntryPoint\",\"urlTemplate\":\"https:\\\/\\\/dorogimedence.hu\\\/?s={search_term_string}\"},\"query-input\":{\"@type\":\"PropertyValueSpecification\",\"valueRequired\":true,\"valueName\":\"search_term_string\"}}],\"inLanguage\":\"hu\"},{\"@type\":\"Organization\",\"@id\":\"https:\\\/\\\/dorogimedence.hu\\\/#organization\",\"name\":\"Dorogi-medence Region\u00e1lis H\u00edrport\u00e1l\",\"url\":\"https:\\\/\\\/dorogimedence.hu\\\/\",\"logo\":{\"@type\":\"ImageObject\",\"inLanguage\":\"hu\",\"@id\":\"https:\\\/\\\/dorogimedence.hu\\\/#\\\/schema\\\/logo\\\/image\\\/\",\"url\":\"https:\\\/\\\/dorogimedence.hu\\\/wp-content\\\/uploads\\\/2021\\\/04\\\/logo-feher-600.png\",\"contentUrl\":\"https:\\\/\\\/dorogimedence.hu\\\/wp-content\\\/uploads\\\/2021\\\/04\\\/logo-feher-600.png\",\"width\":600,\"height\":100,\"caption\":\"Dorogi-medence Region\u00e1lis H\u00edrport\u00e1l\"},\"image\":{\"@id\":\"https:\\\/\\\/dorogimedence.hu\\\/#\\\/schema\\\/logo\\\/image\\\/\"},\"sameAs\":[\"https:\\\/\\\/www.facebook.com\\\/dorogimedence\\\/\"]},{\"@type\":\"Person\",\"@id\":\"https:\\\/\\\/dorogimedence.hu\\\/#\\\/schema\\\/person\\\/ce6091eeb7e95ecdc87890d6aa8e0fd4\",\"name\":\"dorogimedence.hu\",\"image\":{\"@type\":\"ImageObject\",\"inLanguage\":\"hu\",\"@id\":\"\\\/\\\/www.gravatar.com\\\/avatar\\\/d8d45f8901aadff40a4af72c0b826f1d?s=96&#038;r=g&#038;d=mm\",\"url\":\"\\\/\\\/www.gravatar.com\\\/avatar\\\/d8d45f8901aadff40a4af72c0b826f1d?s=96&#038;r=g&#038;d=mm\",\"contentUrl\":\"\\\/\\\/www.gravatar.com\\\/avatar\\\/d8d45f8901aadff40a4af72c0b826f1d?s=96&#038;r=g&#038;d=mm\",\"caption\":\"dorogimedence.hu\"}}]}<\/script>\n<!-- \/ Yoast SEO plugin. -->","yoast_head_json":{"title":"Ikertestv\u00e9re adatait haszn\u00e1lta a tolvaj, v\u00e9g\u00fcl az orr\u00e1n l\u00e9v\u0151 anyajegy buktatta le","robots":{"index":"index","follow":"follow","max-snippet":"max-snippet:-1","max-image-preview":"max-image-preview:large","max-video-preview":"max-video-preview:-1"},"canonical":"https:\/\/dorogimedence.hu\/index.php\/2024\/04\/05\/ikertestvere-adatait-hasznalta-a-tolvaj-vegul-az-orran-levo-anyajegy-buktatta-le\/","og_locale":"hu_HU","og_type":"article","og_title":"Ikertestv\u00e9re adatait haszn\u00e1lta a tolvaj, v\u00e9g\u00fcl az orr\u00e1n l\u00e9v\u0151 anyajegy buktatta le","og_description":"Az esztergomi rend\u0151r\u00f6k j\u00f3l ismert\u00e9k a 32 \u00e9ves f\u00e9rfit \u00e9s tudt\u00e1k azt is, mi a k\u00fcl\u00f6nbs\u00e9g a testv\u00e9rek k\u00f6z\u00f6tt. Az ikerp\u00e1r egyik tagja az ut\u00f3bbi id\u0151ben t\u00f6bb b\u0171ncselekm\u00e9nyt k\u00f6vetett el Esztergom t\u00e9rs\u00e9g\u00e9ben. Hogy elker\u00fclje a felel\u0151ss\u00e9gre von\u00e1st, a testv\u00e9re adatait haszn\u00e1lta, a rend\u0151r\u00f6k azonban tudt\u00e1k, az anyajegy megk\u00fcl\u00f6nb\u00f6zteti \u0151ket. L. Ferenc janu\u00e1r 22-\u00e9n 18 \u00f3ra","og_url":"https:\/\/dorogimedence.hu\/index.php\/2024\/04\/05\/ikertestvere-adatait-hasznalta-a-tolvaj-vegul-az-orran-levo-anyajegy-buktatta-le\/","og_site_name":"Dorogi-medence Region\u00e1lis H\u00edrport\u00e1l","article_publisher":"https:\/\/www.facebook.com\/dorogimedence\/","article_published_time":"2024-04-05T07:40:16+00:00","og_image":[{"width":1920,"height":1280,"url":"https:\/\/dorogimedence.hu\/wp-content\/uploads\/2021\/05\/bilincs-07.jpg","type":"image\/jpeg"}],"author":"dorogimedence.hu","twitter_card":"summary_large_image","twitter_misc":{"Szerz\u0151:":"dorogimedence.hu","Becs\u00fclt olvas\u00e1si id\u0151":"2 perc"},"schema":{"@context":"https:\/\/schema.org","@graph":[{"@type":"Article","@id":"https:\/\/dorogimedence.hu\/index.php\/2024\/04\/05\/ikertestvere-adatait-hasznalta-a-tolvaj-vegul-az-orran-levo-anyajegy-buktatta-le\/#article","isPartOf":{"@id":"https:\/\/dorogimedence.hu\/index.php\/2024\/04\/05\/ikertestvere-adatait-hasznalta-a-tolvaj-vegul-az-orran-levo-anyajegy-buktatta-le\/"},"author":{"name":"dorogimedence.hu","@id":"https:\/\/dorogimedence.hu\/#\/schema\/person\/ce6091eeb7e95ecdc87890d6aa8e0fd4"},"headline":"Ikertestv\u00e9re adatait haszn\u00e1lta a tolvaj, v\u00e9g\u00fcl az orr\u00e1n l\u00e9v\u0151 anyajegy buktatta le","datePublished":"2024-04-05T07:40:16+00:00","mainEntityOfPage":{"@id":"https:\/\/dorogimedence.hu\/index.php\/2024\/04\/05\/ikertestvere-adatait-hasznalta-a-tolvaj-vegul-az-orran-levo-anyajegy-buktatta-le\/"},"wordCount":362,"publisher":{"@id":"https:\/\/dorogimedence.hu\/#organization"},"image":{"@id":"https:\/\/dorogimedence.hu\/index.php\/2024\/04\/05\/ikertestvere-adatait-hasznalta-a-tolvaj-vegul-az-orran-levo-anyajegy-buktatta-le\/#primaryimage"},"thumbnailUrl":"https:\/\/dorogimedence.hu\/wp-content\/uploads\/2021\/05\/bilincs-07.jpg","keywords":["b\u0171ncselekm\u00e9ny","esztergom","lop\u00e1s","rend\u0151rs\u00e9gi h\u00edrek"],"articleSection":["Esztergom","H\u00edrek","K\u00e9k h\u00edrek"],"inLanguage":"hu"},{"@type":"WebPage","@id":"https:\/\/dorogimedence.hu\/index.php\/2024\/04\/05\/ikertestvere-adatait-hasznalta-a-tolvaj-vegul-az-orran-levo-anyajegy-buktatta-le\/","url":"https:\/\/dorogimedence.hu\/index.php\/2024\/04\/05\/ikertestvere-adatait-hasznalta-a-tolvaj-vegul-az-orran-levo-anyajegy-buktatta-le\/","name":"Ikertestv\u00e9re adatait haszn\u00e1lta a tolvaj, v\u00e9g\u00fcl az orr\u00e1n l\u00e9v\u0151 anyajegy buktatta le","isPartOf":{"@id":"https:\/\/dorogimedence.hu\/#website"},"primaryImageOfPage":{"@id":"https:\/\/dorogimedence.hu\/index.php\/2024\/04\/05\/ikertestvere-adatait-hasznalta-a-tolvaj-vegul-az-orran-levo-anyajegy-buktatta-le\/#primaryimage"},"image":{"@id":"https:\/\/dorogimedence.hu\/index.php\/2024\/04\/05\/ikertestvere-adatait-hasznalta-a-tolvaj-vegul-az-orran-levo-anyajegy-buktatta-le\/#primaryimage"},"thumbnailUrl":"https:\/\/dorogimedence.hu\/wp-content\/uploads\/2021\/05\/bilincs-07.jpg","datePublished":"2024-04-05T07:40:16+00:00","breadcrumb":{"@id":"https:\/\/dorogimedence.hu\/index.php\/2024\/04\/05\/ikertestvere-adatait-hasznalta-a-tolvaj-vegul-az-orran-levo-anyajegy-buktatta-le\/#breadcrumb"},"inLanguage":"hu","potentialAction":[{"@type":"ReadAction","target":["https:\/\/dorogimedence.hu\/index.php\/2024\/04\/05\/ikertestvere-adatait-hasznalta-a-tolvaj-vegul-az-orran-levo-anyajegy-buktatta-le\/"]}]},{"@type":"ImageObject","inLanguage":"hu","@id":"https:\/\/dorogimedence.hu\/index.php\/2024\/04\/05\/ikertestvere-adatait-hasznalta-a-tolvaj-vegul-az-orran-levo-anyajegy-buktatta-le\/#primaryimage","url":"https:\/\/dorogimedence.hu\/wp-content\/uploads\/2021\/05\/bilincs-07.jpg","contentUrl":"https:\/\/dorogimedence.hu\/wp-content\/uploads\/2021\/05\/bilincs-07.jpg","width":1920,"height":1280},{"@type":"BreadcrumbList","@id":"https:\/\/dorogimedence.hu\/index.php\/2024\/04\/05\/ikertestvere-adatait-hasznalta-a-tolvaj-vegul-az-orran-levo-anyajegy-buktatta-le\/#breadcrumb","itemListElement":[{"@type":"ListItem","position":1,"name":"Kezd\u0151lap","item":"https:\/\/dorogimedence.hu\/"},{"@type":"ListItem","position":2,"name":"Ikertestv\u00e9re adatait haszn\u00e1lta a tolvaj, v\u00e9g\u00fcl az orr\u00e1n l\u00e9v\u0151 anyajegy buktatta le"}]},{"@type":"WebSite","@id":"https:\/\/dorogimedence.hu\/#website","url":"https:\/\/dorogimedence.hu\/","name":"Dorogi-medence Region\u00e1lis H\u00edrport\u00e1l","description":"Dorog, Keszt\u00f6lc, Le\u00e1nyv\u00e1r, Piliscs\u00e9v, Tokod, Tokodalt\u00e1r\u00f3, Csolnok, Esztergom-kertv\u00e1ros: h\u00edrek, programok","publisher":{"@id":"https:\/\/dorogimedence.hu\/#organization"},"potentialAction":[{"@type":"SearchAction","target":{"@type":"EntryPoint","urlTemplate":"https:\/\/dorogimedence.hu\/?s={search_term_string}"},"query-input":{"@type":"PropertyValueSpecification","valueRequired":true,"valueName":"search_term_string"}}],"inLanguage":"hu"},{"@type":"Organization","@id":"https:\/\/dorogimedence.hu\/#organization","name":"Dorogi-medence Region\u00e1lis H\u00edrport\u00e1l","url":"https:\/\/dorogimedence.hu\/","logo":{"@type":"ImageObject","inLanguage":"hu","@id":"https:\/\/dorogimedence.hu\/#\/schema\/logo\/image\/","url":"https:\/\/dorogimedence.hu\/wp-content\/uploads\/2021\/04\/logo-feher-600.png","contentUrl":"https:\/\/dorogimedence.hu\/wp-content\/uploads\/2021\/04\/logo-feher-600.png","width":600,"height":100,"caption":"Dorogi-medence Region\u00e1lis H\u00edrport\u00e1l"},"image":{"@id":"https:\/\/dorogimedence.hu\/#\/schema\/logo\/image\/"},"sameAs":["https:\/\/www.facebook.com\/dorogimedence\/"]},{"@type":"Person","@id":"https:\/\/dorogimedence.hu\/#\/schema\/person\/ce6091eeb7e95ecdc87890d6aa8e0fd4","name":"dorogimedence.hu","image":{"@type":"ImageObject","inLanguage":"hu","@id":"\/\/www.gravatar.com\/avatar\/d8d45f8901aadff40a4af72c0b826f1d?s=96&#038;r=g&#038;d=mm","url":"\/\/www.gravatar.com\/avatar\/d8d45f8901aadff40a4af72c0b826f1d?s=96&#038;r=g&#038;d=mm","contentUrl":"\/\/www.gravatar.com\/avatar\/d8d45f8901aadff40a4af72c0b826f1d?s=96&#038;r=g&#038;d=mm","caption":"dorogimedence.hu"}}]}},"_links":{"self":[{"href":"https:\/\/dorogimedence.hu\/index.php\/wp-json\/wp\/v2\/posts\/60936","targetHints":{"allow":["GET"]}}],"collection":[{"href":"https:\/\/dorogimedence.hu\/index.php\/wp-json\/wp\/v2\/posts"}],"about":[{"href":"https:\/\/dorogimedence.hu\/index.php\/wp-json\/wp\/v2\/types\/post"}],"author":[{"embeddable":true,"href":"https:\/\/dorogimedence.hu\/index.php\/wp-json\/wp\/v2\/users\/1"}],"replies":[{"embeddable":true,"href":"https:\/\/dorogimedence.hu\/index.php\/wp-json\/wp\/v2\/comments?post=60936"}],"version-history":[{"count":0,"href":"https:\/\/dorogimedence.hu\/index.php\/wp-json\/wp\/v2\/posts\/60936\/revisions"}],"wp:featuredmedia":[{"embeddable":true,"href":"https:\/\/dorogimedence.hu\/index.php\/wp-json\/wp\/v2\/media\/33064"}],"wp:attachment":[{"href":"https:\/\/dorogimedence.hu\/index.php\/wp-json\/wp\/v2\/media?parent=60936"}],"wp:term":[{"taxonomy":"category","embeddable":true,"href":"https:\/\/dorogimedence.hu\/index.php\/wp-json\/wp\/v2\/categories?post=60936"},{"taxonomy":"post_tag","embeddable":true,"href":"https:\/\/dorogimedence.hu\/index.php\/wp-json\/wp\/v2\/tags?post=60936"}],"curies":[{"name":"wp","href":"https:\/\/api.w.org\/{rel}","templated":true}]}}