{"id":60725,"date":"2024-03-27T17:49:20","date_gmt":"2024-03-27T16:49:20","guid":{"rendered":"https:\/\/dorogimedence.hu\/?p=60725"},"modified":"2024-03-27T17:49:20","modified_gmt":"2024-03-27T16:49:20","slug":"szensavmentes-vizet-hivott-vissza-a-szentkiralyi","status":"publish","type":"post","link":"https:\/\/dorogimedence.hu\/index.php\/2024\/03\/27\/szensavmentes-vizet-hivott-vissza-a-szentkiralyi\/","title":{"rendered":"Sz\u00e9nsavmentes vizet h\u00edvott vissza a Szentkir\u00e1lyi"},"content":{"rendered":"<p><strong>A Szentkir\u00e1lyi min\u0151s\u00e9gellen\u0151rz\u0151 laborat\u00f3riuma jelezte, hogy a palackoz\u00e1s sor\u00e1n a 1,5 literes sz\u00e9nsavmentes Szentkiralyi term\u00e9kbe csek\u00e9ly adagban tisztit\u00f3szer ker\u00fclt, ez\u00e9rt a Szentkir\u00e1lyi Magyarorsz\u00e1g k\u00e9ri a fogyaszt\u00f3kat, akik m\u00e1rcius 22-\u00e9n b\u00e1rmelyik Auchan \u00e1ruh\u00e1zban olyan 1,5 literes, sz\u00e9nsavmentes (r\u00f3zsasz\u00edn kupakos) Szentkir\u00e1lyi \u00e1sv\u00e1nyvizet v\u00e1s\u00e1roltak, amelynek a palack nyak\u00e1n l\u00e1that\u00f3 lej\u00e1ratai ideje 21.03.2025, hogy ne fogyassz\u00e1k el azt, hanem vigy\u00e9k vissza az \u00e1ruh\u00e1zba, ahol v\u00e1s\u00e1rolt\u00e1k.<\/strong><\/p>\n<p>A Szentkir\u00e1lyi k\u00f6zlem\u00e9ny\u00e9ben arra figyelmeztet, hogy a term\u00e9k nagyobb mennyis\u00e9gben t\u00f6rt\u00e9n\u0151 fogyaszt\u00e1s\u00e1nak eg\u00e9szs\u00e9gi kock\u00e1zata lehet, azonban a szennyez\u00e9s m\u00e1r a kibont\u00e1s ut\u00e1n felismerhet\u0151, mert a v\u00edznek kellemetlen szaga van, \u00e9s az \u00edze sem a megszokott Szentkir\u00e1lyi v\u00edz\u00e9.<\/p>\n<p>A term\u00e9kutat k\u00f6vet\u0151 rendszer seg\u00edts\u00e9g\u00e9vel a Szentkir\u00e1lyi id\u0151ben visszah\u00edvta az \u00e9rintett term\u00e9kek t\u00falnyom\u00f3 t\u00f6bbs\u00e9g\u00e9t a rakt\u00e1rakb\u00f3l \u00e9s boltokb\u00f3l, \u00e1m sajnos az Auchan \u00e1ruh\u00e1zakban n\u00e9h\u00e1ny fogyaszt\u00f3 m\u00e1r v\u00e1s\u00e1rolt a term\u00e9kb\u0151l, miel\u0151tt azokat elt\u00e1vol\u00edthatt\u00e1k volna a polcokr\u00f3l.<\/p>\n<p>A Szentkir\u00e1lyi k\u00e9ri a v\u00e1s\u00e1rl\u00f3kat, hogy a term\u00e9ket vigy\u00e9k vissza az \u00e1ruh\u00e1zba (blokk nem sz\u00fcks\u00e9ges), ahol vett\u00e9k, vagy h\u00edvj\u00e1k a Szentkir\u00e1lyi fogyaszt\u00f3i vonal\u00e1t a 06-80-200-329-es telefonsz\u00e1mon. A c\u00e9g megt\u00e9r\u00edti a nem megfelel\u0151 min\u0151s\u00e9g\u0171 term\u00e9kek \u00e1r\u00e1t vagy kicser\u00e9li azokat.<\/p>\n<p>Az <span style=\"text-decoration: underline; color: #0000ff;\"><a style=\"color: #0000ff; text-decoration: underline;\" href=\"https:\/\/www.auchan.hu\/reszletek\/hirek\/termekvisszahivas-szentkiralyi-szensavmentes-15l\" target=\"_blank\" rel=\"noopener\">AUCHAN Magyarorsz\u00e1g Kft. <\/a><\/span>\u00e9s a <span style=\"text-decoration: underline; color: #0000ff;\"><a style=\"color: #0000ff; text-decoration: underline;\" href=\"https:\/\/www.szentkiralyi.hu\/termekvisszahivas\/\" target=\"_blank\" rel=\"noopener\">Szentkir\u00e1lyi Magyarorsz\u00e1g Kft.<\/a><\/span> is t\u00e1j\u00e9koztatta honlapj\u00e1n v\u00e1s\u00e1rl\u00f3it a visszah\u00edv\u00e1sr\u00f3l.&nbsp; A term\u00e9kvisszah\u00edv\u00e1s kiz\u00e1r\u00f3lag a fenti adatokkal azonos\u00edtott term\u00e9kre vonatkozik.<\/p>\n<p>A kellemetlens\u00e9g\u00e9rt a Szentkir\u00e1lyi eln\u00e9z\u00e9st k\u00e9r a v\u00e1s\u00e1rl\u00f3it\u00f3l. A m\u00e1s szavatoss\u00e1gi id\u0151vel rendelkez\u0151, illetve m\u00e1s boltokban v\u00e1s\u00e1rolt Szentkir\u00e1lyi term\u00e9kek tov\u00e1bbra is biztons\u00e1ggal fogyaszthat\u00f3k.<\/p>\n<p>Az \u00e1sv\u00e1nyv\u00edzgy\u00e1rt\u00f3 c\u00e9g hangs\u00falyozta, hogy a Szentkir\u00e1lyi Magyarorsz\u00e1g sz\u00e1m\u00e1ra els\u0151dleges fontoss\u00e1g\u00fa a biztons\u00e1gos \u00e9lelmiszerek gy\u00e1rt\u00e1sa, ez\u00e9rt int\u00e9zkedett az \u00e9rintett term\u00e9k visszah\u00edv\u00e1s\u00e1r\u00f3l \u00e9s a fogyaszt\u00f3k t\u00e1j\u00e9koztat\u00e1s\u00e1r\u00f3l. Minden, jelenleg polcon l\u00e9v\u0151 Szentkir\u00e1lyi term\u00e9k fogyaszt\u00e1sa biztons\u00e1gos &#8211; tett\u00e9k hozz\u00e1.<\/p>\n<p><em>Forr\u00e1s: MTI \/ N\u00e9bih<\/em><\/p>\n","protected":false},"excerpt":{"rendered":"<p>A Szentkir\u00e1lyi min\u0151s\u00e9gellen\u0151rz\u0151 laborat\u00f3riuma jelezte, hogy a palackoz\u00e1s sor\u00e1n a 1,5 literes sz\u00e9nsavmentes Szentkiralyi term\u00e9kbe csek\u00e9ly adagban tisztit\u00f3szer ker\u00fclt, ez\u00e9rt a Szentkir\u00e1lyi Magyarorsz\u00e1g k\u00e9ri a fogyaszt\u00f3kat, akik m\u00e1rcius 22-\u00e9n b\u00e1rmelyik Auchan \u00e1ruh\u00e1zban olyan 1,5 literes, sz\u00e9nsavmentes (r\u00f3zsasz\u00edn kupakos) Szentkir\u00e1lyi \u00e1sv\u00e1nyvizet v\u00e1s\u00e1roltak, amelynek a palack nyak\u00e1n l\u00e1that\u00f3 lej\u00e1ratai ideje 21.03.2025, hogy ne fogyassz\u00e1k el azt, hanem<\/p>\n","protected":false},"author":1,"featured_media":60726,"comment_status":"closed","ping_status":"closed","sticky":false,"template":"","format":"standard","meta":{"ngg_post_thumbnail":0,"footnotes":""},"categories":[6934,3],"tags":[7780,6568,757,7779,2756],"class_list":{"0":"post-60725","1":"post","2":"type-post","3":"status-publish","4":"format-standard","5":"has-post-thumbnail","7":"category-belfold","8":"category-hirek","9":"tag-asvanyviz","10":"tag-auchan","11":"tag-nebih","12":"tag-szentkiralyi","13":"tag-termekvisszahivas"},"yoast_head":"<!-- This site is optimized with the Yoast SEO plugin v27.5 - https:\/\/yoast.com\/product\/yoast-seo-wordpress\/ -->\n<title>Sz\u00e9nsavmentes vizet h\u00edvott vissza a Szentkir\u00e1lyi<\/title>\n<meta name=\"robots\" content=\"index, follow, max-snippet:-1, max-image-preview:large, max-video-preview:-1\" \/>\n<link rel=\"canonical\" href=\"https:\/\/dorogimedence.hu\/index.php\/2024\/03\/27\/szensavmentes-vizet-hivott-vissza-a-szentkiralyi\/\" class=\"yoast-seo-meta-tag\" \/>\n<meta property=\"og:locale\" content=\"hu_HU\" class=\"yoast-seo-meta-tag\" \/>\n<meta property=\"og:type\" content=\"article\" class=\"yoast-seo-meta-tag\" \/>\n<meta property=\"og:title\" content=\"Sz\u00e9nsavmentes vizet h\u00edvott vissza a Szentkir\u00e1lyi\" class=\"yoast-seo-meta-tag\" \/>\n<meta property=\"og:description\" content=\"A Szentkir\u00e1lyi min\u0151s\u00e9gellen\u0151rz\u0151 laborat\u00f3riuma jelezte, hogy a palackoz\u00e1s sor\u00e1n a 1,5 literes sz\u00e9nsavmentes Szentkiralyi term\u00e9kbe csek\u00e9ly adagban tisztit\u00f3szer ker\u00fclt, ez\u00e9rt a Szentkir\u00e1lyi Magyarorsz\u00e1g k\u00e9ri a fogyaszt\u00f3kat, akik m\u00e1rcius 22-\u00e9n b\u00e1rmelyik Auchan \u00e1ruh\u00e1zban olyan 1,5 literes, sz\u00e9nsavmentes (r\u00f3zsasz\u00edn kupakos) Szentkir\u00e1lyi \u00e1sv\u00e1nyvizet v\u00e1s\u00e1roltak, amelynek a palack nyak\u00e1n l\u00e1that\u00f3 lej\u00e1ratai ideje 21.03.2025, hogy ne fogyassz\u00e1k el azt, hanem\" class=\"yoast-seo-meta-tag\" \/>\n<meta property=\"og:url\" content=\"https:\/\/dorogimedence.hu\/index.php\/2024\/03\/27\/szensavmentes-vizet-hivott-vissza-a-szentkiralyi\/\" class=\"yoast-seo-meta-tag\" \/>\n<meta property=\"og:site_name\" content=\"Dorogi-medence Region\u00e1lis H\u00edrport\u00e1l\" class=\"yoast-seo-meta-tag\" \/>\n<meta property=\"article:publisher\" content=\"https:\/\/www.facebook.com\/dorogimedence\/\" class=\"yoast-seo-meta-tag\" \/>\n<meta property=\"article:published_time\" content=\"2024-03-27T16:49:20+00:00\" class=\"yoast-seo-meta-tag\" \/>\n<meta property=\"og:image\" content=\"https:\/\/dorogimedence.hu\/wp-content\/uploads\/2024\/03\/szentkiralyi.jpg\" class=\"yoast-seo-meta-tag\" \/>\n\t<meta property=\"og:image:width\" content=\"1920\" class=\"yoast-seo-meta-tag\" \/>\n\t<meta property=\"og:image:height\" content=\"970\" class=\"yoast-seo-meta-tag\" \/>\n\t<meta property=\"og:image:type\" content=\"image\/jpeg\" class=\"yoast-seo-meta-tag\" \/>\n<meta name=\"author\" content=\"dorogimedence.hu\" class=\"yoast-seo-meta-tag\" \/>\n<meta name=\"twitter:card\" content=\"summary_large_image\" class=\"yoast-seo-meta-tag\" \/>\n<meta name=\"twitter:label1\" content=\"Szerz\u0151:\" class=\"yoast-seo-meta-tag\" \/>\n\t<meta name=\"twitter:data1\" content=\"dorogimedence.hu\" class=\"yoast-seo-meta-tag\" \/>\n\t<meta name=\"twitter:label2\" content=\"Becs\u00fclt olvas\u00e1si id\u0151\" class=\"yoast-seo-meta-tag\" \/>\n\t<meta name=\"twitter:data2\" content=\"2 perc\" class=\"yoast-seo-meta-tag\" \/>\n<script type=\"application\/ld+json\" class=\"yoast-schema-graph\">{\"@context\":\"https:\\\/\\\/schema.org\",\"@graph\":[{\"@type\":\"Article\",\"@id\":\"https:\\\/\\\/dorogimedence.hu\\\/index.php\\\/2024\\\/03\\\/27\\\/szensavmentes-vizet-hivott-vissza-a-szentkiralyi\\\/#article\",\"isPartOf\":{\"@id\":\"https:\\\/\\\/dorogimedence.hu\\\/index.php\\\/2024\\\/03\\\/27\\\/szensavmentes-vizet-hivott-vissza-a-szentkiralyi\\\/\"},\"author\":{\"name\":\"dorogimedence.hu\",\"@id\":\"https:\\\/\\\/dorogimedence.hu\\\/#\\\/schema\\\/person\\\/ce6091eeb7e95ecdc87890d6aa8e0fd4\"},\"headline\":\"Sz\u00e9nsavmentes vizet h\u00edvott vissza a Szentkir\u00e1lyi\",\"datePublished\":\"2024-03-27T16:49:20+00:00\",\"mainEntityOfPage\":{\"@id\":\"https:\\\/\\\/dorogimedence.hu\\\/index.php\\\/2024\\\/03\\\/27\\\/szensavmentes-vizet-hivott-vissza-a-szentkiralyi\\\/\"},\"wordCount\":453,\"publisher\":{\"@id\":\"https:\\\/\\\/dorogimedence.hu\\\/#organization\"},\"image\":{\"@id\":\"https:\\\/\\\/dorogimedence.hu\\\/index.php\\\/2024\\\/03\\\/27\\\/szensavmentes-vizet-hivott-vissza-a-szentkiralyi\\\/#primaryimage\"},\"thumbnailUrl\":\"https:\\\/\\\/dorogimedence.hu\\\/wp-content\\\/uploads\\\/2024\\\/03\\\/szentkiralyi.jpg\",\"keywords\":[\"\u00e1sv\u00e1nyv\u00edz\",\"Auchan\",\"n\u00e9bih\",\"Szentkir\u00e1lyi\",\"term\u00e9kvisszah\u00edv\u00e1s\"],\"articleSection\":[\"Belf\u00f6ld, Gazdas\u00e1g\",\"H\u00edrek\"],\"inLanguage\":\"hu\"},{\"@type\":\"WebPage\",\"@id\":\"https:\\\/\\\/dorogimedence.hu\\\/index.php\\\/2024\\\/03\\\/27\\\/szensavmentes-vizet-hivott-vissza-a-szentkiralyi\\\/\",\"url\":\"https:\\\/\\\/dorogimedence.hu\\\/index.php\\\/2024\\\/03\\\/27\\\/szensavmentes-vizet-hivott-vissza-a-szentkiralyi\\\/\",\"name\":\"Sz\u00e9nsavmentes vizet h\u00edvott vissza a Szentkir\u00e1lyi\",\"isPartOf\":{\"@id\":\"https:\\\/\\\/dorogimedence.hu\\\/#website\"},\"primaryImageOfPage\":{\"@id\":\"https:\\\/\\\/dorogimedence.hu\\\/index.php\\\/2024\\\/03\\\/27\\\/szensavmentes-vizet-hivott-vissza-a-szentkiralyi\\\/#primaryimage\"},\"image\":{\"@id\":\"https:\\\/\\\/dorogimedence.hu\\\/index.php\\\/2024\\\/03\\\/27\\\/szensavmentes-vizet-hivott-vissza-a-szentkiralyi\\\/#primaryimage\"},\"thumbnailUrl\":\"https:\\\/\\\/dorogimedence.hu\\\/wp-content\\\/uploads\\\/2024\\\/03\\\/szentkiralyi.jpg\",\"datePublished\":\"2024-03-27T16:49:20+00:00\",\"breadcrumb\":{\"@id\":\"https:\\\/\\\/dorogimedence.hu\\\/index.php\\\/2024\\\/03\\\/27\\\/szensavmentes-vizet-hivott-vissza-a-szentkiralyi\\\/#breadcrumb\"},\"inLanguage\":\"hu\",\"potentialAction\":[{\"@type\":\"ReadAction\",\"target\":[\"https:\\\/\\\/dorogimedence.hu\\\/index.php\\\/2024\\\/03\\\/27\\\/szensavmentes-vizet-hivott-vissza-a-szentkiralyi\\\/\"]}]},{\"@type\":\"ImageObject\",\"inLanguage\":\"hu\",\"@id\":\"https:\\\/\\\/dorogimedence.hu\\\/index.php\\\/2024\\\/03\\\/27\\\/szensavmentes-vizet-hivott-vissza-a-szentkiralyi\\\/#primaryimage\",\"url\":\"https:\\\/\\\/dorogimedence.hu\\\/wp-content\\\/uploads\\\/2024\\\/03\\\/szentkiralyi.jpg\",\"contentUrl\":\"https:\\\/\\\/dorogimedence.hu\\\/wp-content\\\/uploads\\\/2024\\\/03\\\/szentkiralyi.jpg\",\"width\":1920,\"height\":970},{\"@type\":\"BreadcrumbList\",\"@id\":\"https:\\\/\\\/dorogimedence.hu\\\/index.php\\\/2024\\\/03\\\/27\\\/szensavmentes-vizet-hivott-vissza-a-szentkiralyi\\\/#breadcrumb\",\"itemListElement\":[{\"@type\":\"ListItem\",\"position\":1,\"name\":\"Kezd\u0151lap\",\"item\":\"https:\\\/\\\/dorogimedence.hu\\\/\"},{\"@type\":\"ListItem\",\"position\":2,\"name\":\"Sz\u00e9nsavmentes vizet h\u00edvott vissza a Szentkir\u00e1lyi\"}]},{\"@type\":\"WebSite\",\"@id\":\"https:\\\/\\\/dorogimedence.hu\\\/#website\",\"url\":\"https:\\\/\\\/dorogimedence.hu\\\/\",\"name\":\"Dorogi-medence Region\u00e1lis H\u00edrport\u00e1l\",\"description\":\"Dorog, Keszt\u00f6lc, Le\u00e1nyv\u00e1r, Piliscs\u00e9v, Tokod, Tokodalt\u00e1r\u00f3, Csolnok, Esztergom-kertv\u00e1ros: h\u00edrek, programok\",\"publisher\":{\"@id\":\"https:\\\/\\\/dorogimedence.hu\\\/#organization\"},\"potentialAction\":[{\"@type\":\"SearchAction\",\"target\":{\"@type\":\"EntryPoint\",\"urlTemplate\":\"https:\\\/\\\/dorogimedence.hu\\\/?s={search_term_string}\"},\"query-input\":{\"@type\":\"PropertyValueSpecification\",\"valueRequired\":true,\"valueName\":\"search_term_string\"}}],\"inLanguage\":\"hu\"},{\"@type\":\"Organization\",\"@id\":\"https:\\\/\\\/dorogimedence.hu\\\/#organization\",\"name\":\"Dorogi-medence Region\u00e1lis H\u00edrport\u00e1l\",\"url\":\"https:\\\/\\\/dorogimedence.hu\\\/\",\"logo\":{\"@type\":\"ImageObject\",\"inLanguage\":\"hu\",\"@id\":\"https:\\\/\\\/dorogimedence.hu\\\/#\\\/schema\\\/logo\\\/image\\\/\",\"url\":\"https:\\\/\\\/dorogimedence.hu\\\/wp-content\\\/uploads\\\/2021\\\/04\\\/logo-feher-600.png\",\"contentUrl\":\"https:\\\/\\\/dorogimedence.hu\\\/wp-content\\\/uploads\\\/2021\\\/04\\\/logo-feher-600.png\",\"width\":600,\"height\":100,\"caption\":\"Dorogi-medence Region\u00e1lis H\u00edrport\u00e1l\"},\"image\":{\"@id\":\"https:\\\/\\\/dorogimedence.hu\\\/#\\\/schema\\\/logo\\\/image\\\/\"},\"sameAs\":[\"https:\\\/\\\/www.facebook.com\\\/dorogimedence\\\/\"]},{\"@type\":\"Person\",\"@id\":\"https:\\\/\\\/dorogimedence.hu\\\/#\\\/schema\\\/person\\\/ce6091eeb7e95ecdc87890d6aa8e0fd4\",\"name\":\"dorogimedence.hu\",\"image\":{\"@type\":\"ImageObject\",\"inLanguage\":\"hu\",\"@id\":\"\\\/\\\/www.gravatar.com\\\/avatar\\\/d8d45f8901aadff40a4af72c0b826f1d?s=96&#038;r=g&#038;d=mm\",\"url\":\"\\\/\\\/www.gravatar.com\\\/avatar\\\/d8d45f8901aadff40a4af72c0b826f1d?s=96&#038;r=g&#038;d=mm\",\"contentUrl\":\"\\\/\\\/www.gravatar.com\\\/avatar\\\/d8d45f8901aadff40a4af72c0b826f1d?s=96&#038;r=g&#038;d=mm\",\"caption\":\"dorogimedence.hu\"}}]}<\/script>\n<!-- \/ Yoast SEO plugin. -->","yoast_head_json":{"title":"Sz\u00e9nsavmentes vizet h\u00edvott vissza a Szentkir\u00e1lyi","robots":{"index":"index","follow":"follow","max-snippet":"max-snippet:-1","max-image-preview":"max-image-preview:large","max-video-preview":"max-video-preview:-1"},"canonical":"https:\/\/dorogimedence.hu\/index.php\/2024\/03\/27\/szensavmentes-vizet-hivott-vissza-a-szentkiralyi\/","og_locale":"hu_HU","og_type":"article","og_title":"Sz\u00e9nsavmentes vizet h\u00edvott vissza a Szentkir\u00e1lyi","og_description":"A Szentkir\u00e1lyi min\u0151s\u00e9gellen\u0151rz\u0151 laborat\u00f3riuma jelezte, hogy a palackoz\u00e1s sor\u00e1n a 1,5 literes sz\u00e9nsavmentes Szentkiralyi term\u00e9kbe csek\u00e9ly adagban tisztit\u00f3szer ker\u00fclt, ez\u00e9rt a Szentkir\u00e1lyi Magyarorsz\u00e1g k\u00e9ri a fogyaszt\u00f3kat, akik m\u00e1rcius 22-\u00e9n b\u00e1rmelyik Auchan \u00e1ruh\u00e1zban olyan 1,5 literes, sz\u00e9nsavmentes (r\u00f3zsasz\u00edn kupakos) Szentkir\u00e1lyi \u00e1sv\u00e1nyvizet v\u00e1s\u00e1roltak, amelynek a palack nyak\u00e1n l\u00e1that\u00f3 lej\u00e1ratai ideje 21.03.2025, hogy ne fogyassz\u00e1k el azt, hanem","og_url":"https:\/\/dorogimedence.hu\/index.php\/2024\/03\/27\/szensavmentes-vizet-hivott-vissza-a-szentkiralyi\/","og_site_name":"Dorogi-medence Region\u00e1lis H\u00edrport\u00e1l","article_publisher":"https:\/\/www.facebook.com\/dorogimedence\/","article_published_time":"2024-03-27T16:49:20+00:00","og_image":[{"width":1920,"height":970,"url":"https:\/\/dorogimedence.hu\/wp-content\/uploads\/2024\/03\/szentkiralyi.jpg","type":"image\/jpeg"}],"author":"dorogimedence.hu","twitter_card":"summary_large_image","twitter_misc":{"Szerz\u0151:":"dorogimedence.hu","Becs\u00fclt olvas\u00e1si id\u0151":"2 perc"},"schema":{"@context":"https:\/\/schema.org","@graph":[{"@type":"Article","@id":"https:\/\/dorogimedence.hu\/index.php\/2024\/03\/27\/szensavmentes-vizet-hivott-vissza-a-szentkiralyi\/#article","isPartOf":{"@id":"https:\/\/dorogimedence.hu\/index.php\/2024\/03\/27\/szensavmentes-vizet-hivott-vissza-a-szentkiralyi\/"},"author":{"name":"dorogimedence.hu","@id":"https:\/\/dorogimedence.hu\/#\/schema\/person\/ce6091eeb7e95ecdc87890d6aa8e0fd4"},"headline":"Sz\u00e9nsavmentes vizet h\u00edvott vissza a Szentkir\u00e1lyi","datePublished":"2024-03-27T16:49:20+00:00","mainEntityOfPage":{"@id":"https:\/\/dorogimedence.hu\/index.php\/2024\/03\/27\/szensavmentes-vizet-hivott-vissza-a-szentkiralyi\/"},"wordCount":453,"publisher":{"@id":"https:\/\/dorogimedence.hu\/#organization"},"image":{"@id":"https:\/\/dorogimedence.hu\/index.php\/2024\/03\/27\/szensavmentes-vizet-hivott-vissza-a-szentkiralyi\/#primaryimage"},"thumbnailUrl":"https:\/\/dorogimedence.hu\/wp-content\/uploads\/2024\/03\/szentkiralyi.jpg","keywords":["\u00e1sv\u00e1nyv\u00edz","Auchan","n\u00e9bih","Szentkir\u00e1lyi","term\u00e9kvisszah\u00edv\u00e1s"],"articleSection":["Belf\u00f6ld, Gazdas\u00e1g","H\u00edrek"],"inLanguage":"hu"},{"@type":"WebPage","@id":"https:\/\/dorogimedence.hu\/index.php\/2024\/03\/27\/szensavmentes-vizet-hivott-vissza-a-szentkiralyi\/","url":"https:\/\/dorogimedence.hu\/index.php\/2024\/03\/27\/szensavmentes-vizet-hivott-vissza-a-szentkiralyi\/","name":"Sz\u00e9nsavmentes vizet h\u00edvott vissza a Szentkir\u00e1lyi","isPartOf":{"@id":"https:\/\/dorogimedence.hu\/#website"},"primaryImageOfPage":{"@id":"https:\/\/dorogimedence.hu\/index.php\/2024\/03\/27\/szensavmentes-vizet-hivott-vissza-a-szentkiralyi\/#primaryimage"},"image":{"@id":"https:\/\/dorogimedence.hu\/index.php\/2024\/03\/27\/szensavmentes-vizet-hivott-vissza-a-szentkiralyi\/#primaryimage"},"thumbnailUrl":"https:\/\/dorogimedence.hu\/wp-content\/uploads\/2024\/03\/szentkiralyi.jpg","datePublished":"2024-03-27T16:49:20+00:00","breadcrumb":{"@id":"https:\/\/dorogimedence.hu\/index.php\/2024\/03\/27\/szensavmentes-vizet-hivott-vissza-a-szentkiralyi\/#breadcrumb"},"inLanguage":"hu","potentialAction":[{"@type":"ReadAction","target":["https:\/\/dorogimedence.hu\/index.php\/2024\/03\/27\/szensavmentes-vizet-hivott-vissza-a-szentkiralyi\/"]}]},{"@type":"ImageObject","inLanguage":"hu","@id":"https:\/\/dorogimedence.hu\/index.php\/2024\/03\/27\/szensavmentes-vizet-hivott-vissza-a-szentkiralyi\/#primaryimage","url":"https:\/\/dorogimedence.hu\/wp-content\/uploads\/2024\/03\/szentkiralyi.jpg","contentUrl":"https:\/\/dorogimedence.hu\/wp-content\/uploads\/2024\/03\/szentkiralyi.jpg","width":1920,"height":970},{"@type":"BreadcrumbList","@id":"https:\/\/dorogimedence.hu\/index.php\/2024\/03\/27\/szensavmentes-vizet-hivott-vissza-a-szentkiralyi\/#breadcrumb","itemListElement":[{"@type":"ListItem","position":1,"name":"Kezd\u0151lap","item":"https:\/\/dorogimedence.hu\/"},{"@type":"ListItem","position":2,"name":"Sz\u00e9nsavmentes vizet h\u00edvott vissza a Szentkir\u00e1lyi"}]},{"@type":"WebSite","@id":"https:\/\/dorogimedence.hu\/#website","url":"https:\/\/dorogimedence.hu\/","name":"Dorogi-medence Region\u00e1lis H\u00edrport\u00e1l","description":"Dorog, Keszt\u00f6lc, Le\u00e1nyv\u00e1r, Piliscs\u00e9v, Tokod, Tokodalt\u00e1r\u00f3, Csolnok, Esztergom-kertv\u00e1ros: h\u00edrek, programok","publisher":{"@id":"https:\/\/dorogimedence.hu\/#organization"},"potentialAction":[{"@type":"SearchAction","target":{"@type":"EntryPoint","urlTemplate":"https:\/\/dorogimedence.hu\/?s={search_term_string}"},"query-input":{"@type":"PropertyValueSpecification","valueRequired":true,"valueName":"search_term_string"}}],"inLanguage":"hu"},{"@type":"Organization","@id":"https:\/\/dorogimedence.hu\/#organization","name":"Dorogi-medence Region\u00e1lis H\u00edrport\u00e1l","url":"https:\/\/dorogimedence.hu\/","logo":{"@type":"ImageObject","inLanguage":"hu","@id":"https:\/\/dorogimedence.hu\/#\/schema\/logo\/image\/","url":"https:\/\/dorogimedence.hu\/wp-content\/uploads\/2021\/04\/logo-feher-600.png","contentUrl":"https:\/\/dorogimedence.hu\/wp-content\/uploads\/2021\/04\/logo-feher-600.png","width":600,"height":100,"caption":"Dorogi-medence Region\u00e1lis H\u00edrport\u00e1l"},"image":{"@id":"https:\/\/dorogimedence.hu\/#\/schema\/logo\/image\/"},"sameAs":["https:\/\/www.facebook.com\/dorogimedence\/"]},{"@type":"Person","@id":"https:\/\/dorogimedence.hu\/#\/schema\/person\/ce6091eeb7e95ecdc87890d6aa8e0fd4","name":"dorogimedence.hu","image":{"@type":"ImageObject","inLanguage":"hu","@id":"\/\/www.gravatar.com\/avatar\/d8d45f8901aadff40a4af72c0b826f1d?s=96&#038;r=g&#038;d=mm","url":"\/\/www.gravatar.com\/avatar\/d8d45f8901aadff40a4af72c0b826f1d?s=96&#038;r=g&#038;d=mm","contentUrl":"\/\/www.gravatar.com\/avatar\/d8d45f8901aadff40a4af72c0b826f1d?s=96&#038;r=g&#038;d=mm","caption":"dorogimedence.hu"}}]}},"_links":{"self":[{"href":"https:\/\/dorogimedence.hu\/index.php\/wp-json\/wp\/v2\/posts\/60725","targetHints":{"allow":["GET"]}}],"collection":[{"href":"https:\/\/dorogimedence.hu\/index.php\/wp-json\/wp\/v2\/posts"}],"about":[{"href":"https:\/\/dorogimedence.hu\/index.php\/wp-json\/wp\/v2\/types\/post"}],"author":[{"embeddable":true,"href":"https:\/\/dorogimedence.hu\/index.php\/wp-json\/wp\/v2\/users\/1"}],"replies":[{"embeddable":true,"href":"https:\/\/dorogimedence.hu\/index.php\/wp-json\/wp\/v2\/comments?post=60725"}],"version-history":[{"count":0,"href":"https:\/\/dorogimedence.hu\/index.php\/wp-json\/wp\/v2\/posts\/60725\/revisions"}],"wp:featuredmedia":[{"embeddable":true,"href":"https:\/\/dorogimedence.hu\/index.php\/wp-json\/wp\/v2\/media\/60726"}],"wp:attachment":[{"href":"https:\/\/dorogimedence.hu\/index.php\/wp-json\/wp\/v2\/media?parent=60725"}],"wp:term":[{"taxonomy":"category","embeddable":true,"href":"https:\/\/dorogimedence.hu\/index.php\/wp-json\/wp\/v2\/categories?post=60725"},{"taxonomy":"post_tag","embeddable":true,"href":"https:\/\/dorogimedence.hu\/index.php\/wp-json\/wp\/v2\/tags?post=60725"}],"curies":[{"name":"wp","href":"https:\/\/api.w.org\/{rel}","templated":true}]}}