{"id":60710,"date":"2024-03-27T17:14:12","date_gmt":"2024-03-27T16:14:12","guid":{"rendered":"https:\/\/dorogimedence.hu\/?p=60710"},"modified":"2024-03-27T17:14:31","modified_gmt":"2024-03-27T16:14:31","slug":"biztonsagban-a-tavaszi-szunetben-is","status":"publish","type":"post","link":"https:\/\/dorogimedence.hu\/index.php\/2024\/03\/27\/biztonsagban-a-tavaszi-szunetben-is\/","title":{"rendered":"Biztons\u00e1gban a tavaszi sz\u00fcnetben is"},"content":{"rendered":"<p><strong>A h\u00fasv\u00e9ti id\u0151szak az iskol\u00e1kban a tavaszi sz\u00fcnet ideje. Ahogy n\u00f6vekszik a gyermekek szabadideje, \u00fagy n\u0151 az \u00e1ldozatt\u00e1 v\u00e1l\u00e1suk lehet\u0151s\u00e9ge is.<\/strong><\/p>\n<p>Annak \u00e9rdek\u00e9ben, hogy a sz\u00fcnid\u0151 b\u0171n- \u00e9s balesetmentesen teljen, k\u00e9rj\u00fck, fogadj\u00e1tok meg a Kom\u00e1rom-Esztergom V\u00e1rmegyei Rend\u0151r-f\u0151kapit\u00e1nys\u00e1g tan\u00e1csait.<\/p>\n<ul>\n<li>Idegen locsol\u00f3kat ne engedjetek be a lak\u00e1sba, h\u00e1zba. Idegenekkel ne menjetek sehov\u00e1, m\u00e9g \u00fatbaigaz\u00edt\u00e1s c\u00e9lj\u00e1b\u00f3l sem!<\/li>\n<li>Bev\u00e1s\u00e1rl\u00f3k\u00f6zpontokban figyeljetek \u00e9rt\u00e9keitekre, a zs\u00fafolt t\u00f6megben k\u00f6nnyen v\u00e1lhattok zsebtolvajok \u00e1ldozat\u00e1v\u00e1.<\/li>\n<li>A gyermek \u00e9s sz\u00fcl\u0151 k\u00f6z\u00f6tti kommunik\u00e1ci\u00f3 nagy seg\u00edts\u00e9g, \u00e9s j\u00f3 ellen\u0151rz\u00e9si lehet\u0151s\u00e9g. Jegyezz\u00e9tek meg sz\u00fcleitek telefonsz\u00e1m\u00e1t, ha bajba ker\u00fclt\u00f6k, t\u00e1rcs\u00e1zz\u00e1tok a 112-es seg\u00e9lyh\u00edv\u00f3t!<\/li>\n<li>Sz\u00f3rakoz\u00f3- \u00e9s k\u00f6z\u00f6ss\u00e9gi helyeken italaitokat ne hagyj\u00e1tok \u0151rizetlen\u00fcl!<\/li>\n<li>Ne pr\u00f3b\u00e1lj\u00e1tok ki a k\u00fcl\u00f6nb\u00f6z\u0151 k\u00e1b\u00edt\u00f3szereket, mert hat\u00e1suk kisz\u00e1m\u00edthatatlan \u00e9s k\u00f6nnyebben v\u00e1lhattok \u00e1ldozatt\u00e1, valamint elk\u00f6vet\u0151v\u00e9 is.<\/li>\n<li>Ha interneten besz\u00e9lgettek ismeretlen szem\u00e9llyel, akkor sose adj\u00e1tok meg szem\u00e9lyes adataitokat, \u00e9s sose k\u00fcldjetek magatokr\u00f3l f\u00e9nyk\u00e9pet, hiszen nem tudhatj\u00e1tok, ki \u00fcl val\u00f3j\u00e1ban a k\u00e9perny\u0151 m\u00e1sik v\u00e9g\u00e9n. Tan\u00e1csosabb elker\u00fclni az interneten val\u00f3 ismerked\u00e9st!<\/li>\n<li>Ne t\u00f6ltsetek le mobiltelefonra, sz\u00e1m\u00edt\u00f3g\u00e9pre megb\u00edzhatatlan alkalmaz\u00e1sokat.<\/li>\n<li>Fontos, hogy tiszt\u00e1ban legyetek azzal, hogy a k\u00f6z\u00fat nem j\u00e1tsz\u00f3t\u00e9r! Figyeljetek, hogy mindig a kijel\u00f6lt gyalogos-\u00e1tkel\u0151helyen menjetek \u00e1t az \u00faton, \u00e9s el\u0151tte j\u00f3l n\u00e9zzetek k\u00f6rbe, hogy nem \u00e9rkezik-e aut\u00f3 egyik ir\u00e1nyb\u00f3l sem.<\/li>\n<\/ul>\n<p><em>Forr\u00e1s: Kom\u00e1rom-Esztergom V\u00e1rmegyei Rend\u0151r-f\u0151kapit\u00e1nys\u00e1g<\/em><\/p>\n","protected":false},"excerpt":{"rendered":"<p>A h\u00fasv\u00e9ti id\u0151szak az iskol\u00e1kban a tavaszi sz\u00fcnet ideje. Ahogy n\u00f6vekszik a gyermekek szabadideje, \u00fagy n\u0151 az \u00e1ldozatt\u00e1 v\u00e1l\u00e1suk lehet\u0151s\u00e9ge is. Annak \u00e9rdek\u00e9ben, hogy a sz\u00fcnid\u0151 b\u0171n- \u00e9s balesetmentesen teljen, k\u00e9rj\u00fck, fogadj\u00e1tok meg a Kom\u00e1rom-Esztergom V\u00e1rmegyei Rend\u0151r-f\u0151kapit\u00e1nys\u00e1g tan\u00e1csait. Idegen locsol\u00f3kat ne engedjetek be a lak\u00e1sba, h\u00e1zba. Idegenekkel ne menjetek sehov\u00e1, m\u00e9g \u00fatbaigaz\u00edt\u00e1s c\u00e9lj\u00e1b\u00f3l sem! Bev\u00e1s\u00e1rl\u00f3k\u00f6zpontokban<\/p>\n","protected":false},"author":1,"featured_media":60714,"comment_status":"closed","ping_status":"closed","sticky":false,"template":"","format":"standard","meta":{"ngg_post_thumbnail":0,"footnotes":""},"categories":[3],"tags":[76,506,61],"class_list":{"0":"post-60710","1":"post","2":"type-post","3":"status-publish","4":"format-standard","5":"has-post-thumbnail","7":"category-hirek","8":"tag-balesetmegelozes","9":"tag-bunmegelozes","10":"tag-rendorsegi-hirek"},"yoast_head":"<!-- This site is optimized with the Yoast SEO plugin v27.4 - https:\/\/yoast.com\/product\/yoast-seo-wordpress\/ -->\n<title>Biztons\u00e1gban a tavaszi sz\u00fcnetben is<\/title>\n<meta name=\"robots\" content=\"index, follow, max-snippet:-1, max-image-preview:large, max-video-preview:-1\" \/>\n<link rel=\"canonical\" href=\"https:\/\/dorogimedence.hu\/index.php\/2024\/03\/27\/biztonsagban-a-tavaszi-szunetben-is\/\" class=\"yoast-seo-meta-tag\" \/>\n<meta property=\"og:locale\" content=\"hu_HU\" class=\"yoast-seo-meta-tag\" \/>\n<meta property=\"og:type\" content=\"article\" class=\"yoast-seo-meta-tag\" \/>\n<meta property=\"og:title\" content=\"Biztons\u00e1gban a tavaszi sz\u00fcnetben is\" class=\"yoast-seo-meta-tag\" \/>\n<meta property=\"og:description\" content=\"A h\u00fasv\u00e9ti id\u0151szak az iskol\u00e1kban a tavaszi sz\u00fcnet ideje. Ahogy n\u00f6vekszik a gyermekek szabadideje, \u00fagy n\u0151 az \u00e1ldozatt\u00e1 v\u00e1l\u00e1suk lehet\u0151s\u00e9ge is. Annak \u00e9rdek\u00e9ben, hogy a sz\u00fcnid\u0151 b\u0171n- \u00e9s balesetmentesen teljen, k\u00e9rj\u00fck, fogadj\u00e1tok meg a Kom\u00e1rom-Esztergom V\u00e1rmegyei Rend\u0151r-f\u0151kapit\u00e1nys\u00e1g tan\u00e1csait. Idegen locsol\u00f3kat ne engedjetek be a lak\u00e1sba, h\u00e1zba. Idegenekkel ne menjetek sehov\u00e1, m\u00e9g \u00fatbaigaz\u00edt\u00e1s c\u00e9lj\u00e1b\u00f3l sem! Bev\u00e1s\u00e1rl\u00f3k\u00f6zpontokban\" class=\"yoast-seo-meta-tag\" \/>\n<meta property=\"og:url\" content=\"https:\/\/dorogimedence.hu\/index.php\/2024\/03\/27\/biztonsagban-a-tavaszi-szunetben-is\/\" class=\"yoast-seo-meta-tag\" \/>\n<meta property=\"og:site_name\" content=\"Dorogi-medence Region\u00e1lis H\u00edrport\u00e1l\" class=\"yoast-seo-meta-tag\" \/>\n<meta property=\"article:publisher\" content=\"https:\/\/www.facebook.com\/dorogimedence\/\" class=\"yoast-seo-meta-tag\" \/>\n<meta property=\"article:published_time\" content=\"2024-03-27T16:14:12+00:00\" class=\"yoast-seo-meta-tag\" \/>\n<meta property=\"article:modified_time\" content=\"2024-03-27T16:14:31+00:00\" class=\"yoast-seo-meta-tag\" \/>\n<meta property=\"og:image\" content=\"https:\/\/dorogimedence.hu\/wp-content\/uploads\/2024\/03\/tavaszi-szunet-rendorseg.jpg\" class=\"yoast-seo-meta-tag\" \/>\n\t<meta property=\"og:image:width\" content=\"1920\" class=\"yoast-seo-meta-tag\" \/>\n\t<meta property=\"og:image:height\" content=\"970\" class=\"yoast-seo-meta-tag\" \/>\n\t<meta property=\"og:image:type\" content=\"image\/jpeg\" class=\"yoast-seo-meta-tag\" \/>\n<meta name=\"author\" content=\"dorogimedence.hu\" class=\"yoast-seo-meta-tag\" \/>\n<meta name=\"twitter:card\" content=\"summary_large_image\" class=\"yoast-seo-meta-tag\" \/>\n<meta name=\"twitter:label1\" content=\"Szerz\u0151:\" class=\"yoast-seo-meta-tag\" \/>\n\t<meta name=\"twitter:data1\" content=\"dorogimedence.hu\" class=\"yoast-seo-meta-tag\" \/>\n\t<meta name=\"twitter:label2\" content=\"Becs\u00fclt olvas\u00e1si id\u0151\" class=\"yoast-seo-meta-tag\" \/>\n\t<meta name=\"twitter:data2\" content=\"2 perc\" class=\"yoast-seo-meta-tag\" \/>\n<script type=\"application\/ld+json\" class=\"yoast-schema-graph\">{\"@context\":\"https:\\\/\\\/schema.org\",\"@graph\":[{\"@type\":\"Article\",\"@id\":\"https:\\\/\\\/dorogimedence.hu\\\/index.php\\\/2024\\\/03\\\/27\\\/biztonsagban-a-tavaszi-szunetben-is\\\/#article\",\"isPartOf\":{\"@id\":\"https:\\\/\\\/dorogimedence.hu\\\/index.php\\\/2024\\\/03\\\/27\\\/biztonsagban-a-tavaszi-szunetben-is\\\/\"},\"author\":{\"name\":\"dorogimedence.hu\",\"@id\":\"https:\\\/\\\/dorogimedence.hu\\\/#\\\/schema\\\/person\\\/ce6091eeb7e95ecdc87890d6aa8e0fd4\"},\"headline\":\"Biztons\u00e1gban a tavaszi sz\u00fcnetben is\",\"datePublished\":\"2024-03-27T16:14:12+00:00\",\"dateModified\":\"2024-03-27T16:14:31+00:00\",\"mainEntityOfPage\":{\"@id\":\"https:\\\/\\\/dorogimedence.hu\\\/index.php\\\/2024\\\/03\\\/27\\\/biztonsagban-a-tavaszi-szunetben-is\\\/\"},\"wordCount\":327,\"publisher\":{\"@id\":\"https:\\\/\\\/dorogimedence.hu\\\/#organization\"},\"image\":{\"@id\":\"https:\\\/\\\/dorogimedence.hu\\\/index.php\\\/2024\\\/03\\\/27\\\/biztonsagban-a-tavaszi-szunetben-is\\\/#primaryimage\"},\"thumbnailUrl\":\"https:\\\/\\\/dorogimedence.hu\\\/wp-content\\\/uploads\\\/2024\\\/03\\\/tavaszi-szunet-rendorseg.jpg\",\"keywords\":[\"balesetmegel\u0151z\u00e9s\",\"b\u0171nmegel\u0151z\u00e9s\",\"rend\u0151rs\u00e9gi h\u00edrek\"],\"articleSection\":[\"H\u00edrek\"],\"inLanguage\":\"hu\"},{\"@type\":\"WebPage\",\"@id\":\"https:\\\/\\\/dorogimedence.hu\\\/index.php\\\/2024\\\/03\\\/27\\\/biztonsagban-a-tavaszi-szunetben-is\\\/\",\"url\":\"https:\\\/\\\/dorogimedence.hu\\\/index.php\\\/2024\\\/03\\\/27\\\/biztonsagban-a-tavaszi-szunetben-is\\\/\",\"name\":\"Biztons\u00e1gban a tavaszi sz\u00fcnetben is\",\"isPartOf\":{\"@id\":\"https:\\\/\\\/dorogimedence.hu\\\/#website\"},\"primaryImageOfPage\":{\"@id\":\"https:\\\/\\\/dorogimedence.hu\\\/index.php\\\/2024\\\/03\\\/27\\\/biztonsagban-a-tavaszi-szunetben-is\\\/#primaryimage\"},\"image\":{\"@id\":\"https:\\\/\\\/dorogimedence.hu\\\/index.php\\\/2024\\\/03\\\/27\\\/biztonsagban-a-tavaszi-szunetben-is\\\/#primaryimage\"},\"thumbnailUrl\":\"https:\\\/\\\/dorogimedence.hu\\\/wp-content\\\/uploads\\\/2024\\\/03\\\/tavaszi-szunet-rendorseg.jpg\",\"datePublished\":\"2024-03-27T16:14:12+00:00\",\"dateModified\":\"2024-03-27T16:14:31+00:00\",\"breadcrumb\":{\"@id\":\"https:\\\/\\\/dorogimedence.hu\\\/index.php\\\/2024\\\/03\\\/27\\\/biztonsagban-a-tavaszi-szunetben-is\\\/#breadcrumb\"},\"inLanguage\":\"hu\",\"potentialAction\":[{\"@type\":\"ReadAction\",\"target\":[\"https:\\\/\\\/dorogimedence.hu\\\/index.php\\\/2024\\\/03\\\/27\\\/biztonsagban-a-tavaszi-szunetben-is\\\/\"]}]},{\"@type\":\"ImageObject\",\"inLanguage\":\"hu\",\"@id\":\"https:\\\/\\\/dorogimedence.hu\\\/index.php\\\/2024\\\/03\\\/27\\\/biztonsagban-a-tavaszi-szunetben-is\\\/#primaryimage\",\"url\":\"https:\\\/\\\/dorogimedence.hu\\\/wp-content\\\/uploads\\\/2024\\\/03\\\/tavaszi-szunet-rendorseg.jpg\",\"contentUrl\":\"https:\\\/\\\/dorogimedence.hu\\\/wp-content\\\/uploads\\\/2024\\\/03\\\/tavaszi-szunet-rendorseg.jpg\",\"width\":1920,\"height\":970},{\"@type\":\"BreadcrumbList\",\"@id\":\"https:\\\/\\\/dorogimedence.hu\\\/index.php\\\/2024\\\/03\\\/27\\\/biztonsagban-a-tavaszi-szunetben-is\\\/#breadcrumb\",\"itemListElement\":[{\"@type\":\"ListItem\",\"position\":1,\"name\":\"Kezd\u0151lap\",\"item\":\"https:\\\/\\\/dorogimedence.hu\\\/\"},{\"@type\":\"ListItem\",\"position\":2,\"name\":\"Biztons\u00e1gban a tavaszi sz\u00fcnetben is\"}]},{\"@type\":\"WebSite\",\"@id\":\"https:\\\/\\\/dorogimedence.hu\\\/#website\",\"url\":\"https:\\\/\\\/dorogimedence.hu\\\/\",\"name\":\"Dorogi-medence Region\u00e1lis H\u00edrport\u00e1l\",\"description\":\"Dorog, Keszt\u00f6lc, Le\u00e1nyv\u00e1r, Piliscs\u00e9v, Tokod, Tokodalt\u00e1r\u00f3, Csolnok, Esztergom-kertv\u00e1ros: h\u00edrek, programok\",\"publisher\":{\"@id\":\"https:\\\/\\\/dorogimedence.hu\\\/#organization\"},\"potentialAction\":[{\"@type\":\"SearchAction\",\"target\":{\"@type\":\"EntryPoint\",\"urlTemplate\":\"https:\\\/\\\/dorogimedence.hu\\\/?s={search_term_string}\"},\"query-input\":{\"@type\":\"PropertyValueSpecification\",\"valueRequired\":true,\"valueName\":\"search_term_string\"}}],\"inLanguage\":\"hu\"},{\"@type\":\"Organization\",\"@id\":\"https:\\\/\\\/dorogimedence.hu\\\/#organization\",\"name\":\"Dorogi-medence Region\u00e1lis H\u00edrport\u00e1l\",\"url\":\"https:\\\/\\\/dorogimedence.hu\\\/\",\"logo\":{\"@type\":\"ImageObject\",\"inLanguage\":\"hu\",\"@id\":\"https:\\\/\\\/dorogimedence.hu\\\/#\\\/schema\\\/logo\\\/image\\\/\",\"url\":\"https:\\\/\\\/dorogimedence.hu\\\/wp-content\\\/uploads\\\/2021\\\/04\\\/logo-feher-600.png\",\"contentUrl\":\"https:\\\/\\\/dorogimedence.hu\\\/wp-content\\\/uploads\\\/2021\\\/04\\\/logo-feher-600.png\",\"width\":600,\"height\":100,\"caption\":\"Dorogi-medence Region\u00e1lis H\u00edrport\u00e1l\"},\"image\":{\"@id\":\"https:\\\/\\\/dorogimedence.hu\\\/#\\\/schema\\\/logo\\\/image\\\/\"},\"sameAs\":[\"https:\\\/\\\/www.facebook.com\\\/dorogimedence\\\/\"]},{\"@type\":\"Person\",\"@id\":\"https:\\\/\\\/dorogimedence.hu\\\/#\\\/schema\\\/person\\\/ce6091eeb7e95ecdc87890d6aa8e0fd4\",\"name\":\"dorogimedence.hu\",\"image\":{\"@type\":\"ImageObject\",\"inLanguage\":\"hu\",\"@id\":\"\\\/\\\/www.gravatar.com\\\/avatar\\\/d8d45f8901aadff40a4af72c0b826f1d?s=96&#038;r=g&#038;d=mm\",\"url\":\"\\\/\\\/www.gravatar.com\\\/avatar\\\/d8d45f8901aadff40a4af72c0b826f1d?s=96&#038;r=g&#038;d=mm\",\"contentUrl\":\"\\\/\\\/www.gravatar.com\\\/avatar\\\/d8d45f8901aadff40a4af72c0b826f1d?s=96&#038;r=g&#038;d=mm\",\"caption\":\"dorogimedence.hu\"}}]}<\/script>\n<!-- \/ Yoast SEO plugin. -->","yoast_head_json":{"title":"Biztons\u00e1gban a tavaszi sz\u00fcnetben is","robots":{"index":"index","follow":"follow","max-snippet":"max-snippet:-1","max-image-preview":"max-image-preview:large","max-video-preview":"max-video-preview:-1"},"canonical":"https:\/\/dorogimedence.hu\/index.php\/2024\/03\/27\/biztonsagban-a-tavaszi-szunetben-is\/","og_locale":"hu_HU","og_type":"article","og_title":"Biztons\u00e1gban a tavaszi sz\u00fcnetben is","og_description":"A h\u00fasv\u00e9ti id\u0151szak az iskol\u00e1kban a tavaszi sz\u00fcnet ideje. Ahogy n\u00f6vekszik a gyermekek szabadideje, \u00fagy n\u0151 az \u00e1ldozatt\u00e1 v\u00e1l\u00e1suk lehet\u0151s\u00e9ge is. Annak \u00e9rdek\u00e9ben, hogy a sz\u00fcnid\u0151 b\u0171n- \u00e9s balesetmentesen teljen, k\u00e9rj\u00fck, fogadj\u00e1tok meg a Kom\u00e1rom-Esztergom V\u00e1rmegyei Rend\u0151r-f\u0151kapit\u00e1nys\u00e1g tan\u00e1csait. Idegen locsol\u00f3kat ne engedjetek be a lak\u00e1sba, h\u00e1zba. Idegenekkel ne menjetek sehov\u00e1, m\u00e9g \u00fatbaigaz\u00edt\u00e1s c\u00e9lj\u00e1b\u00f3l sem! Bev\u00e1s\u00e1rl\u00f3k\u00f6zpontokban","og_url":"https:\/\/dorogimedence.hu\/index.php\/2024\/03\/27\/biztonsagban-a-tavaszi-szunetben-is\/","og_site_name":"Dorogi-medence Region\u00e1lis H\u00edrport\u00e1l","article_publisher":"https:\/\/www.facebook.com\/dorogimedence\/","article_published_time":"2024-03-27T16:14:12+00:00","article_modified_time":"2024-03-27T16:14:31+00:00","og_image":[{"width":1920,"height":970,"url":"https:\/\/dorogimedence.hu\/wp-content\/uploads\/2024\/03\/tavaszi-szunet-rendorseg.jpg","type":"image\/jpeg"}],"author":"dorogimedence.hu","twitter_card":"summary_large_image","twitter_misc":{"Szerz\u0151:":"dorogimedence.hu","Becs\u00fclt olvas\u00e1si id\u0151":"2 perc"},"schema":{"@context":"https:\/\/schema.org","@graph":[{"@type":"Article","@id":"https:\/\/dorogimedence.hu\/index.php\/2024\/03\/27\/biztonsagban-a-tavaszi-szunetben-is\/#article","isPartOf":{"@id":"https:\/\/dorogimedence.hu\/index.php\/2024\/03\/27\/biztonsagban-a-tavaszi-szunetben-is\/"},"author":{"name":"dorogimedence.hu","@id":"https:\/\/dorogimedence.hu\/#\/schema\/person\/ce6091eeb7e95ecdc87890d6aa8e0fd4"},"headline":"Biztons\u00e1gban a tavaszi sz\u00fcnetben is","datePublished":"2024-03-27T16:14:12+00:00","dateModified":"2024-03-27T16:14:31+00:00","mainEntityOfPage":{"@id":"https:\/\/dorogimedence.hu\/index.php\/2024\/03\/27\/biztonsagban-a-tavaszi-szunetben-is\/"},"wordCount":327,"publisher":{"@id":"https:\/\/dorogimedence.hu\/#organization"},"image":{"@id":"https:\/\/dorogimedence.hu\/index.php\/2024\/03\/27\/biztonsagban-a-tavaszi-szunetben-is\/#primaryimage"},"thumbnailUrl":"https:\/\/dorogimedence.hu\/wp-content\/uploads\/2024\/03\/tavaszi-szunet-rendorseg.jpg","keywords":["balesetmegel\u0151z\u00e9s","b\u0171nmegel\u0151z\u00e9s","rend\u0151rs\u00e9gi h\u00edrek"],"articleSection":["H\u00edrek"],"inLanguage":"hu"},{"@type":"WebPage","@id":"https:\/\/dorogimedence.hu\/index.php\/2024\/03\/27\/biztonsagban-a-tavaszi-szunetben-is\/","url":"https:\/\/dorogimedence.hu\/index.php\/2024\/03\/27\/biztonsagban-a-tavaszi-szunetben-is\/","name":"Biztons\u00e1gban a tavaszi sz\u00fcnetben is","isPartOf":{"@id":"https:\/\/dorogimedence.hu\/#website"},"primaryImageOfPage":{"@id":"https:\/\/dorogimedence.hu\/index.php\/2024\/03\/27\/biztonsagban-a-tavaszi-szunetben-is\/#primaryimage"},"image":{"@id":"https:\/\/dorogimedence.hu\/index.php\/2024\/03\/27\/biztonsagban-a-tavaszi-szunetben-is\/#primaryimage"},"thumbnailUrl":"https:\/\/dorogimedence.hu\/wp-content\/uploads\/2024\/03\/tavaszi-szunet-rendorseg.jpg","datePublished":"2024-03-27T16:14:12+00:00","dateModified":"2024-03-27T16:14:31+00:00","breadcrumb":{"@id":"https:\/\/dorogimedence.hu\/index.php\/2024\/03\/27\/biztonsagban-a-tavaszi-szunetben-is\/#breadcrumb"},"inLanguage":"hu","potentialAction":[{"@type":"ReadAction","target":["https:\/\/dorogimedence.hu\/index.php\/2024\/03\/27\/biztonsagban-a-tavaszi-szunetben-is\/"]}]},{"@type":"ImageObject","inLanguage":"hu","@id":"https:\/\/dorogimedence.hu\/index.php\/2024\/03\/27\/biztonsagban-a-tavaszi-szunetben-is\/#primaryimage","url":"https:\/\/dorogimedence.hu\/wp-content\/uploads\/2024\/03\/tavaszi-szunet-rendorseg.jpg","contentUrl":"https:\/\/dorogimedence.hu\/wp-content\/uploads\/2024\/03\/tavaszi-szunet-rendorseg.jpg","width":1920,"height":970},{"@type":"BreadcrumbList","@id":"https:\/\/dorogimedence.hu\/index.php\/2024\/03\/27\/biztonsagban-a-tavaszi-szunetben-is\/#breadcrumb","itemListElement":[{"@type":"ListItem","position":1,"name":"Kezd\u0151lap","item":"https:\/\/dorogimedence.hu\/"},{"@type":"ListItem","position":2,"name":"Biztons\u00e1gban a tavaszi sz\u00fcnetben is"}]},{"@type":"WebSite","@id":"https:\/\/dorogimedence.hu\/#website","url":"https:\/\/dorogimedence.hu\/","name":"Dorogi-medence Region\u00e1lis H\u00edrport\u00e1l","description":"Dorog, Keszt\u00f6lc, Le\u00e1nyv\u00e1r, Piliscs\u00e9v, Tokod, Tokodalt\u00e1r\u00f3, Csolnok, Esztergom-kertv\u00e1ros: h\u00edrek, programok","publisher":{"@id":"https:\/\/dorogimedence.hu\/#organization"},"potentialAction":[{"@type":"SearchAction","target":{"@type":"EntryPoint","urlTemplate":"https:\/\/dorogimedence.hu\/?s={search_term_string}"},"query-input":{"@type":"PropertyValueSpecification","valueRequired":true,"valueName":"search_term_string"}}],"inLanguage":"hu"},{"@type":"Organization","@id":"https:\/\/dorogimedence.hu\/#organization","name":"Dorogi-medence Region\u00e1lis H\u00edrport\u00e1l","url":"https:\/\/dorogimedence.hu\/","logo":{"@type":"ImageObject","inLanguage":"hu","@id":"https:\/\/dorogimedence.hu\/#\/schema\/logo\/image\/","url":"https:\/\/dorogimedence.hu\/wp-content\/uploads\/2021\/04\/logo-feher-600.png","contentUrl":"https:\/\/dorogimedence.hu\/wp-content\/uploads\/2021\/04\/logo-feher-600.png","width":600,"height":100,"caption":"Dorogi-medence Region\u00e1lis H\u00edrport\u00e1l"},"image":{"@id":"https:\/\/dorogimedence.hu\/#\/schema\/logo\/image\/"},"sameAs":["https:\/\/www.facebook.com\/dorogimedence\/"]},{"@type":"Person","@id":"https:\/\/dorogimedence.hu\/#\/schema\/person\/ce6091eeb7e95ecdc87890d6aa8e0fd4","name":"dorogimedence.hu","image":{"@type":"ImageObject","inLanguage":"hu","@id":"\/\/www.gravatar.com\/avatar\/d8d45f8901aadff40a4af72c0b826f1d?s=96&#038;r=g&#038;d=mm","url":"\/\/www.gravatar.com\/avatar\/d8d45f8901aadff40a4af72c0b826f1d?s=96&#038;r=g&#038;d=mm","contentUrl":"\/\/www.gravatar.com\/avatar\/d8d45f8901aadff40a4af72c0b826f1d?s=96&#038;r=g&#038;d=mm","caption":"dorogimedence.hu"}}]}},"_links":{"self":[{"href":"https:\/\/dorogimedence.hu\/index.php\/wp-json\/wp\/v2\/posts\/60710","targetHints":{"allow":["GET"]}}],"collection":[{"href":"https:\/\/dorogimedence.hu\/index.php\/wp-json\/wp\/v2\/posts"}],"about":[{"href":"https:\/\/dorogimedence.hu\/index.php\/wp-json\/wp\/v2\/types\/post"}],"author":[{"embeddable":true,"href":"https:\/\/dorogimedence.hu\/index.php\/wp-json\/wp\/v2\/users\/1"}],"replies":[{"embeddable":true,"href":"https:\/\/dorogimedence.hu\/index.php\/wp-json\/wp\/v2\/comments?post=60710"}],"version-history":[{"count":0,"href":"https:\/\/dorogimedence.hu\/index.php\/wp-json\/wp\/v2\/posts\/60710\/revisions"}],"wp:featuredmedia":[{"embeddable":true,"href":"https:\/\/dorogimedence.hu\/index.php\/wp-json\/wp\/v2\/media\/60714"}],"wp:attachment":[{"href":"https:\/\/dorogimedence.hu\/index.php\/wp-json\/wp\/v2\/media?parent=60710"}],"wp:term":[{"taxonomy":"category","embeddable":true,"href":"https:\/\/dorogimedence.hu\/index.php\/wp-json\/wp\/v2\/categories?post=60710"},{"taxonomy":"post_tag","embeddable":true,"href":"https:\/\/dorogimedence.hu\/index.php\/wp-json\/wp\/v2\/tags?post=60710"}],"curies":[{"name":"wp","href":"https:\/\/api.w.org\/{rel}","templated":true}]}}