{"id":60701,"date":"2024-03-27T15:24:31","date_gmt":"2024-03-27T14:24:31","guid":{"rendered":"https:\/\/dorogimedence.hu\/?p=60701"},"modified":"2024-03-27T15:24:31","modified_gmt":"2024-03-27T14:24:31","slug":"10-bol-4-embernek-nincs-gondja-a-parkolassal","status":"publish","type":"post","link":"https:\/\/dorogimedence.hu\/index.php\/2024\/03\/27\/10-bol-4-embernek-nincs-gondja-a-parkolassal\/","title":{"rendered":"10-b\u0151l 4 embernek nincs gondja a parkol\u00e1ssal"},"content":{"rendered":"<p><strong>K\u00e1rokoz\u00e1s (25%), t\u00fcrelmetlens\u00e9g \u00e9s akad\u00e1lyoztat\u00e1s (23%), fizet\u0151s, vagy ingyenes (10%) &#8211; legink\u00e1bb ezeken agyalunk a legt\u00f6bbet parkol\u00e1skor. Parkolni orral el\u0151re, mer\u0151legesen vagy halsz\u00e1lk\u00e1ban szeret\u00fcnk, de frusztr\u00e1l minket, ha a m\u00e1sik aut\u00f3s nem hagy el\u00e9g helyet a man\u0151verhez. J\u00f3 h\u00edr viszont, hogy a sof\u0151r\u00f6k nagy r\u00e9sze egy\u00e1ltal\u00e1n nem stresszel, annak ellen\u00e9re, hogy 10-b\u0151l 9 embert nyomasztottak m\u00e1r parkol\u00e1s k\u00f6zben<\/strong> <em>\u2013 ez der\u00fcl ki a Magyar Suzuki hazai aut\u00f3sok k\u00f6r\u00e9ben v\u00e9gzett kutat\u00e1s\u00e1b\u00f3l.*<\/em><\/p>\n<h3><strong>Ugyanannyira t\u00e1maszkodunk az oktat\u00f3ra, mint az ismer\u0151s\u00f6k tan\u00e1csaira<\/strong><\/h3>\n<p>10-b\u0151l 5-en \u00fagy \u00e9rzik, hogy a forgalmi vizsg\u00e1ra t\u00f6rt\u00e9n\u0151 felk\u00e9sz\u00fcl\u00e9s sor\u00e1n, illetve azt k\u00f6vet\u0151en, plusz \u00f3r\u00e1kon m\u00e1r megszerezt\u00e9k a parkol\u00e1shoz sz\u00fcks\u00e9ges rutint az oktat\u00f3jukt\u00f3l; ugyanennyien vannak viszont azok is, akik \u00fagy gondolj\u00e1k, egyed\u00fcl, vagy a k\u00f6rnyezet\u00fck tippjeinek seg\u00edts\u00e9g\u00e9vel m\u00e9g r\u00e1 kellett seg\u00edteni ezekre a k\u00e9szs\u00e9gekre.<\/p>\n<p>10-b\u0151l 4 vezet\u0151 azt \u00e1ll\u00edtja, mindegy neki, hogy hova parkol. Ha viszont kialakul preferencia, akkor egy\u00e9rtelm\u0171en az orral el\u0151re t\u00f6rt\u00e9n\u0151 mer\u0151leges, illetve a halsz\u00e1lk\u00e1ban t\u00f6rt\u00e9n\u0151 parkol\u00e1st (38%) r\u00e9szes\u00edtj\u00fck el\u0151nyben.<\/p>\n<p><img fetchpriority=\"high\" decoding=\"async\" class=\"alignnone size-full wp-image-60703\" src=\"https:\/\/dorogimedence.hu\/wp-content\/uploads\/2024\/03\/suzuki-oktato.jpg\" alt=\"\" width=\"1920\" height=\"1080\" srcset=\"https:\/\/dorogimedence.hu\/wp-content\/uploads\/2024\/03\/suzuki-oktato.jpg 1920w, https:\/\/dorogimedence.hu\/wp-content\/uploads\/2024\/03\/suzuki-oktato-600x338.jpg 600w, https:\/\/dorogimedence.hu\/wp-content\/uploads\/2024\/03\/suzuki-oktato-768x432.jpg 768w, https:\/\/dorogimedence.hu\/wp-content\/uploads\/2024\/03\/suzuki-oktato-1536x864.jpg 1536w, https:\/\/dorogimedence.hu\/wp-content\/uploads\/2024\/03\/suzuki-oktato-150x84.jpg 150w, https:\/\/dorogimedence.hu\/wp-content\/uploads\/2024\/03\/suzuki-oktato-450x253.jpg 450w, https:\/\/dorogimedence.hu\/wp-content\/uploads\/2024\/03\/suzuki-oktato-1200x675.jpg 1200w\" sizes=\"(max-width: 1920px) 100vw, 1920px\" \/><\/p>\n<h3><strong>A legt\u00f6bben nem stresszelnek parkol\u00e1skor<\/strong><\/h3>\n<p>10-b\u0151l 7-en \u2013 saj\u00e1t bevall\u00e1suk szerint \u2013 nem stresszelnek parkol\u00e1skor, mert megvan a kell\u0151 rutinjuk (66%), vagy a vezet\u00e9st\u00e1mogat\u00f3 rendszerre t\u00e1maszkodnak (5%).<\/p>\n<p>A t\u00f6bbs\u00e9g sz\u00e1m\u00e1ra m\u00e9gis vannak az\u00e9rt zavar\u00f3 t\u00e9nyez\u0151k (75%). Legink\u00e1bb azon agyalunk, nehogy k\u00e1rt tegy\u00fcnk a saj\u00e1t aut\u00f3nkban, vagy m\u00e1s j\u00e1rm\u0171v\u00e9ben (25%). Tartunk att\u00f3l, hogy a forgalom t\u00f6bbi r\u00e9sztvev\u0151je esetleg akad\u00e1lyoztat benn\u00fcnket (23%). 10 sz\u00e1zal\u00e9kunk izgul amiatt is, hogy fizet\u0151s, vagy ingyenes parkol\u00f3helyet siker\u00fcl-e v\u00e9g\u00fcl tal\u00e1lnia, 9 sz\u00e1zal\u00e9kunk pedig azon, hogy t\u00fal sok id\u0151t vesz\u00edt a szabad hely megtal\u00e1l\u00e1s\u00e1val. 8 sz\u00e1zal\u00e9kunk az\u00e9rt frusztr\u00e1lja mag\u00e1t, hogy a vezet\u00e9si rutinj\u00e1val nem tud minden helyre biztons\u00e1ggal beman\u0151verezni, ez\u00e9rt el kell mennie szabad helyek mellett. Minden negyedik v\u00e1laszad\u00f3 viszont semmit\u0151l sem zavartatja mag\u00e1t.<\/p>\n<p>\u00c9rdekess\u00e9g, hogy a f\u00e9rfiakat jobban foglalkoztatja, hogy fizet\u0151s, vagy ingyenes parkol\u00f3helyet tal\u00e1lnak-e, mint a n\u0151ket (f\u00e9rfi: 15%, n\u0151: 5%), \u00e9s az id\u0151vesztes\u00e9g is jelent\u0151sebb t\u00e9nyez\u0151 n\u00e1luk (f\u00e9rfi: 11% n\u0151: 7%). A n\u0151k viszont t\u00f6bbet agg\u00f3dnak azon, hogy k\u00e1rt tesznek egy j\u00e1rm\u0171ben (32%), illetve jobban frusztr\u00e1lja \u0151ket a forgalom t\u00f6bbi r\u00e9sztvev\u0151j\u00e9nek attit\u0171dje (28%).<\/p>\n<p><img decoding=\"async\" class=\"alignnone size-full wp-image-60702\" src=\"https:\/\/dorogimedence.hu\/wp-content\/uploads\/2024\/03\/suzuki-stressz.jpg\" alt=\"\" width=\"1920\" height=\"1079\" srcset=\"https:\/\/dorogimedence.hu\/wp-content\/uploads\/2024\/03\/suzuki-stressz.jpg 1920w, https:\/\/dorogimedence.hu\/wp-content\/uploads\/2024\/03\/suzuki-stressz-600x337.jpg 600w, https:\/\/dorogimedence.hu\/wp-content\/uploads\/2024\/03\/suzuki-stressz-768x432.jpg 768w, https:\/\/dorogimedence.hu\/wp-content\/uploads\/2024\/03\/suzuki-stressz-1536x863.jpg 1536w, https:\/\/dorogimedence.hu\/wp-content\/uploads\/2024\/03\/suzuki-stressz-150x84.jpg 150w, https:\/\/dorogimedence.hu\/wp-content\/uploads\/2024\/03\/suzuki-stressz-450x253.jpg 450w, https:\/\/dorogimedence.hu\/wp-content\/uploads\/2024\/03\/suzuki-stressz-1200x674.jpg 1200w\" sizes=\"(max-width: 1920px) 100vw, 1920px\" \/><\/p>\n<h3><strong>Hogyan seg\u00edti, illetve akad\u00e1lyozza a t\u00f6bbi aut\u00f3s a parkol\u00e1sunkat?<\/strong><\/h3>\n<p>Nincs egys\u00e9ges \u00e1ll\u00e1spont abban, hogy a t\u00f6bbi aut\u00f3s hogyan tudja t\u00e1mogatni, illetve h\u00e1tr\u00e1ltatni az \u00e9ppen parkol\u00f3 vezet\u0151ket, ez sok esetben egy\u00e9ni preferencia k\u00e9rd\u00e9se. Egy\u00e9rtelm\u0171en seg\u00edts\u00e9gnek \u00e9rezz\u00fck viszont, ha elegend\u0151 teret hagynak sz\u00e1munkra a man\u0151verez\u00e9shez (50%), a legink\u00e1bb akad\u00e1lyoz\u00f3 t\u00e9nyez\u0151t pedig abban l\u00e1tjuk, ha ezt nem teszik meg (50%). A dudasz\u00f3val, min\u0151s\u00edt\u0151 gesztusokat t\u00f6rt\u00e9n\u0151 motiv\u00e1l\u00e1st a gyorsabb man\u0151verez\u00e9sre (25%) szint\u00e9n akad\u00e1lyoz\u00f3 t\u00e9nyez\u0151nek tartjuk a parkol\u00e1sunk sor\u00e1n, azt viszont kev\u00e9ss\u00e9 vessz\u00fck fel, ha a j\u00e1r\u00f3kel\u0151k szoros figyelemmel k\u00eds\u00e9rik a parkol\u00e1sunkat (3%). A gyalogosok k\u00f6zrem\u0171k\u00f6d\u00e9s\u00e9t 98 sz\u00e1zal\u00e9kunk egy\u00e1ltal\u00e1n nem ig\u00e9nyli \u00e9s nem \u00e9rt\u00e9keli. Vegyesen \u00edt\u00e9lj\u00fck meg viszont azt, hogy az aut\u00f3sok tov\u00e1bb haladnak, vagy meg\u00e1llnak m\u00f6g\u00f6tt\u00fcnk mik\u00f6zben parkolunk.<\/p>\n<p><img decoding=\"async\" class=\"alignnone size-full wp-image-60704\" src=\"https:\/\/dorogimedence.hu\/wp-content\/uploads\/2024\/03\/suzuki-parkolas.jpg\" alt=\"\" width=\"1920\" height=\"1080\" srcset=\"https:\/\/dorogimedence.hu\/wp-content\/uploads\/2024\/03\/suzuki-parkolas.jpg 1920w, https:\/\/dorogimedence.hu\/wp-content\/uploads\/2024\/03\/suzuki-parkolas-600x338.jpg 600w, https:\/\/dorogimedence.hu\/wp-content\/uploads\/2024\/03\/suzuki-parkolas-768x432.jpg 768w, https:\/\/dorogimedence.hu\/wp-content\/uploads\/2024\/03\/suzuki-parkolas-1536x864.jpg 1536w, https:\/\/dorogimedence.hu\/wp-content\/uploads\/2024\/03\/suzuki-parkolas-150x84.jpg 150w, https:\/\/dorogimedence.hu\/wp-content\/uploads\/2024\/03\/suzuki-parkolas-450x253.jpg 450w, https:\/\/dorogimedence.hu\/wp-content\/uploads\/2024\/03\/suzuki-parkolas-1200x675.jpg 1200w\" sizes=\"(max-width: 1920px) 100vw, 1920px\" \/><\/p>\n<h3><strong>A forgalom r\u00e9sztvev\u0151jek\u00e9nt ezeket a parkol\u00e1si viselked\u00e9sform\u00e1kat tarjuk a legideges\u00edt\u0151bbnek<\/strong><\/h3>\n<p>A v\u00e1laszad\u00f3kat is zavarja azonban n\u00e9h\u00e1ny dolog az \u00e9ppen parkol\u00e1si man\u0151vert v\u00e9gz\u0151 aut\u00f3sokban pl.: amikor nem haszn\u00e1lj\u00e1k a t\u00fckr\u00f6ket, \u00e9s adott esetben tolat\u00e1ssal kell menek\u00fclni\u00fck el\u0151l\u00fck (33%), ha az \u00e9ppen parkol\u00f3 aut\u00f3 nem hagy el\u00e9g helyet a tov\u00e1bb halad\u00e1sra (23%), vagy elhagyja az ir\u00e1nyjelz\u0151t, illetve t\u00fal\u00f3vatoskodja a man\u0151vert (22%-22%).<\/p>\n<h3><strong>Nyomasztanak benn\u00fcnket, de mi nem tessz\u00fck ezt m\u00e1ssal?<\/strong><\/h3>\n<p>10-b\u0151l 9 embert nyomasztottak m\u00e1r parkol\u00e1skor. Viszont csak a v\u00e1laszad\u00f3k fele \u00e9rzi \u00fagy, hogy \u0151 maga tett m\u00e1r ilyet, ami arra enged k\u00f6vetkeztetni, hogy a saj\u00e1t viselked\u00e9s\u00fcnkkel szemben parkol\u00e1skor is megenged\u0151bbek vagyunk, mint m\u00e1sok\u00e9val.<\/p>\n<p><img loading=\"lazy\" decoding=\"async\" class=\"alignnone size-full wp-image-60705\" src=\"https:\/\/dorogimedence.hu\/wp-content\/uploads\/2024\/03\/suzuki-viselkedes.jpg\" alt=\"\" width=\"1920\" height=\"1080\" srcset=\"https:\/\/dorogimedence.hu\/wp-content\/uploads\/2024\/03\/suzuki-viselkedes.jpg 1920w, https:\/\/dorogimedence.hu\/wp-content\/uploads\/2024\/03\/suzuki-viselkedes-600x338.jpg 600w, https:\/\/dorogimedence.hu\/wp-content\/uploads\/2024\/03\/suzuki-viselkedes-768x432.jpg 768w, https:\/\/dorogimedence.hu\/wp-content\/uploads\/2024\/03\/suzuki-viselkedes-1536x864.jpg 1536w, https:\/\/dorogimedence.hu\/wp-content\/uploads\/2024\/03\/suzuki-viselkedes-150x84.jpg 150w, https:\/\/dorogimedence.hu\/wp-content\/uploads\/2024\/03\/suzuki-viselkedes-450x253.jpg 450w, https:\/\/dorogimedence.hu\/wp-content\/uploads\/2024\/03\/suzuki-viselkedes-1200x675.jpg 1200w\" sizes=\"(max-width: 1920px) 100vw, 1920px\" \/><\/p>\n<p><a href=\"#_ftnref1\" name=\"_ftn1\"><\/a><em>*<a href=\"#_ftnref1\" name=\"_ftn1\"><\/a>A Magyar Suzuki kutat\u00e1sa 2024. 02.12-02.18. k\u00f6z\u00f6tt zajlott le a Typeform fel\u00fclet\u00e9n kereszt\u00fcl. A kutat\u00e1s a parkol\u00e1si preferenci\u00e1kra \u00e9s painpontokra terjedt ki. \u00d6sszesen 672-en adtak v\u00e1laszt a k\u00e9rd\u00e9sekre.<\/em><\/p>\n<p><em>Forr\u00e1s: Magyar Suzuki Zrt.<\/em><\/p>\n","protected":false},"excerpt":{"rendered":"<p>K\u00e1rokoz\u00e1s (25%), t\u00fcrelmetlens\u00e9g \u00e9s akad\u00e1lyoztat\u00e1s (23%), fizet\u0151s, vagy ingyenes (10%) &#8211; legink\u00e1bb ezeken agyalunk a legt\u00f6bbet parkol\u00e1skor. Parkolni orral el\u0151re, mer\u0151legesen vagy halsz\u00e1lk\u00e1ban szeret\u00fcnk, de frusztr\u00e1l minket, ha a m\u00e1sik aut\u00f3s nem hagy el\u00e9g helyet a man\u0151verhez. J\u00f3 h\u00edr viszont, hogy a sof\u0151r\u00f6k nagy r\u00e9sze egy\u00e1ltal\u00e1n nem stresszel, annak ellen\u00e9re, hogy 10-b\u0151l 9 embert nyomasztottak<\/p>\n","protected":false},"author":1,"featured_media":60706,"comment_status":"closed","ping_status":"closed","sticky":false,"template":"","format":"standard","meta":{"ngg_post_thumbnail":0,"footnotes":""},"categories":[3],"tags":[4792,512,261],"class_list":{"0":"post-60701","1":"post","2":"type-post","3":"status-publish","4":"format-standard","5":"has-post-thumbnail","7":"category-hirek","8":"tag-magyar-suzuki","9":"tag-parkolas","10":"tag-suzuki"},"yoast_head":"<!-- This site is optimized with the Yoast SEO plugin v27.4 - https:\/\/yoast.com\/product\/yoast-seo-wordpress\/ -->\n<title>10-b\u0151l 4 embernek nincs gondja a parkol\u00e1ssal<\/title>\n<meta name=\"robots\" content=\"index, follow, max-snippet:-1, max-image-preview:large, max-video-preview:-1\" \/>\n<link rel=\"canonical\" href=\"https:\/\/dorogimedence.hu\/index.php\/2024\/03\/27\/10-bol-4-embernek-nincs-gondja-a-parkolassal\/\" class=\"yoast-seo-meta-tag\" \/>\n<meta property=\"og:locale\" content=\"hu_HU\" class=\"yoast-seo-meta-tag\" \/>\n<meta property=\"og:type\" content=\"article\" class=\"yoast-seo-meta-tag\" \/>\n<meta property=\"og:title\" content=\"10-b\u0151l 4 embernek nincs gondja a parkol\u00e1ssal\" class=\"yoast-seo-meta-tag\" \/>\n<meta property=\"og:description\" content=\"K\u00e1rokoz\u00e1s (25%), t\u00fcrelmetlens\u00e9g \u00e9s akad\u00e1lyoztat\u00e1s (23%), fizet\u0151s, vagy ingyenes (10%) &#8211; legink\u00e1bb ezeken agyalunk a legt\u00f6bbet parkol\u00e1skor. Parkolni orral el\u0151re, mer\u0151legesen vagy halsz\u00e1lk\u00e1ban szeret\u00fcnk, de frusztr\u00e1l minket, ha a m\u00e1sik aut\u00f3s nem hagy el\u00e9g helyet a man\u0151verhez. J\u00f3 h\u00edr viszont, hogy a sof\u0151r\u00f6k nagy r\u00e9sze egy\u00e1ltal\u00e1n nem stresszel, annak ellen\u00e9re, hogy 10-b\u0151l 9 embert nyomasztottak\" class=\"yoast-seo-meta-tag\" \/>\n<meta property=\"og:url\" content=\"https:\/\/dorogimedence.hu\/index.php\/2024\/03\/27\/10-bol-4-embernek-nincs-gondja-a-parkolassal\/\" class=\"yoast-seo-meta-tag\" \/>\n<meta property=\"og:site_name\" content=\"Dorogi-medence Region\u00e1lis H\u00edrport\u00e1l\" class=\"yoast-seo-meta-tag\" \/>\n<meta property=\"article:publisher\" content=\"https:\/\/www.facebook.com\/dorogimedence\/\" class=\"yoast-seo-meta-tag\" \/>\n<meta property=\"article:published_time\" content=\"2024-03-27T14:24:31+00:00\" class=\"yoast-seo-meta-tag\" \/>\n<meta property=\"og:image\" content=\"https:\/\/dorogimedence.hu\/wp-content\/uploads\/2024\/03\/suzuki-holloko.jpg\" class=\"yoast-seo-meta-tag\" \/>\n\t<meta property=\"og:image:width\" content=\"1920\" class=\"yoast-seo-meta-tag\" \/>\n\t<meta property=\"og:image:height\" content=\"970\" class=\"yoast-seo-meta-tag\" \/>\n\t<meta property=\"og:image:type\" content=\"image\/jpeg\" class=\"yoast-seo-meta-tag\" \/>\n<meta name=\"author\" content=\"dorogimedence.hu\" class=\"yoast-seo-meta-tag\" \/>\n<meta name=\"twitter:card\" content=\"summary_large_image\" class=\"yoast-seo-meta-tag\" \/>\n<meta name=\"twitter:label1\" content=\"Szerz\u0151:\" class=\"yoast-seo-meta-tag\" \/>\n\t<meta name=\"twitter:data1\" content=\"dorogimedence.hu\" class=\"yoast-seo-meta-tag\" \/>\n\t<meta name=\"twitter:label2\" content=\"Becs\u00fclt olvas\u00e1si id\u0151\" class=\"yoast-seo-meta-tag\" \/>\n\t<meta name=\"twitter:data2\" content=\"4 perc\" class=\"yoast-seo-meta-tag\" \/>\n<script type=\"application\/ld+json\" class=\"yoast-schema-graph\">{\"@context\":\"https:\\\/\\\/schema.org\",\"@graph\":[{\"@type\":\"Article\",\"@id\":\"https:\\\/\\\/dorogimedence.hu\\\/index.php\\\/2024\\\/03\\\/27\\\/10-bol-4-embernek-nincs-gondja-a-parkolassal\\\/#article\",\"isPartOf\":{\"@id\":\"https:\\\/\\\/dorogimedence.hu\\\/index.php\\\/2024\\\/03\\\/27\\\/10-bol-4-embernek-nincs-gondja-a-parkolassal\\\/\"},\"author\":{\"name\":\"dorogimedence.hu\",\"@id\":\"https:\\\/\\\/dorogimedence.hu\\\/#\\\/schema\\\/person\\\/ce6091eeb7e95ecdc87890d6aa8e0fd4\"},\"headline\":\"10-b\u0151l 4 embernek nincs gondja a parkol\u00e1ssal\",\"datePublished\":\"2024-03-27T14:24:31+00:00\",\"mainEntityOfPage\":{\"@id\":\"https:\\\/\\\/dorogimedence.hu\\\/index.php\\\/2024\\\/03\\\/27\\\/10-bol-4-embernek-nincs-gondja-a-parkolassal\\\/\"},\"wordCount\":853,\"publisher\":{\"@id\":\"https:\\\/\\\/dorogimedence.hu\\\/#organization\"},\"image\":{\"@id\":\"https:\\\/\\\/dorogimedence.hu\\\/index.php\\\/2024\\\/03\\\/27\\\/10-bol-4-embernek-nincs-gondja-a-parkolassal\\\/#primaryimage\"},\"thumbnailUrl\":\"https:\\\/\\\/dorogimedence.hu\\\/wp-content\\\/uploads\\\/2024\\\/03\\\/suzuki-holloko.jpg\",\"keywords\":[\"Magyar Suzuki\",\"parkol\u00e1s\",\"Suzuki\"],\"articleSection\":[\"H\u00edrek\"],\"inLanguage\":\"hu\"},{\"@type\":\"WebPage\",\"@id\":\"https:\\\/\\\/dorogimedence.hu\\\/index.php\\\/2024\\\/03\\\/27\\\/10-bol-4-embernek-nincs-gondja-a-parkolassal\\\/\",\"url\":\"https:\\\/\\\/dorogimedence.hu\\\/index.php\\\/2024\\\/03\\\/27\\\/10-bol-4-embernek-nincs-gondja-a-parkolassal\\\/\",\"name\":\"10-b\u0151l 4 embernek nincs gondja a parkol\u00e1ssal\",\"isPartOf\":{\"@id\":\"https:\\\/\\\/dorogimedence.hu\\\/#website\"},\"primaryImageOfPage\":{\"@id\":\"https:\\\/\\\/dorogimedence.hu\\\/index.php\\\/2024\\\/03\\\/27\\\/10-bol-4-embernek-nincs-gondja-a-parkolassal\\\/#primaryimage\"},\"image\":{\"@id\":\"https:\\\/\\\/dorogimedence.hu\\\/index.php\\\/2024\\\/03\\\/27\\\/10-bol-4-embernek-nincs-gondja-a-parkolassal\\\/#primaryimage\"},\"thumbnailUrl\":\"https:\\\/\\\/dorogimedence.hu\\\/wp-content\\\/uploads\\\/2024\\\/03\\\/suzuki-holloko.jpg\",\"datePublished\":\"2024-03-27T14:24:31+00:00\",\"breadcrumb\":{\"@id\":\"https:\\\/\\\/dorogimedence.hu\\\/index.php\\\/2024\\\/03\\\/27\\\/10-bol-4-embernek-nincs-gondja-a-parkolassal\\\/#breadcrumb\"},\"inLanguage\":\"hu\",\"potentialAction\":[{\"@type\":\"ReadAction\",\"target\":[\"https:\\\/\\\/dorogimedence.hu\\\/index.php\\\/2024\\\/03\\\/27\\\/10-bol-4-embernek-nincs-gondja-a-parkolassal\\\/\"]}]},{\"@type\":\"ImageObject\",\"inLanguage\":\"hu\",\"@id\":\"https:\\\/\\\/dorogimedence.hu\\\/index.php\\\/2024\\\/03\\\/27\\\/10-bol-4-embernek-nincs-gondja-a-parkolassal\\\/#primaryimage\",\"url\":\"https:\\\/\\\/dorogimedence.hu\\\/wp-content\\\/uploads\\\/2024\\\/03\\\/suzuki-holloko.jpg\",\"contentUrl\":\"https:\\\/\\\/dorogimedence.hu\\\/wp-content\\\/uploads\\\/2024\\\/03\\\/suzuki-holloko.jpg\",\"width\":1920,\"height\":970},{\"@type\":\"BreadcrumbList\",\"@id\":\"https:\\\/\\\/dorogimedence.hu\\\/index.php\\\/2024\\\/03\\\/27\\\/10-bol-4-embernek-nincs-gondja-a-parkolassal\\\/#breadcrumb\",\"itemListElement\":[{\"@type\":\"ListItem\",\"position\":1,\"name\":\"Kezd\u0151lap\",\"item\":\"https:\\\/\\\/dorogimedence.hu\\\/\"},{\"@type\":\"ListItem\",\"position\":2,\"name\":\"10-b\u0151l 4 embernek nincs gondja a parkol\u00e1ssal\"}]},{\"@type\":\"WebSite\",\"@id\":\"https:\\\/\\\/dorogimedence.hu\\\/#website\",\"url\":\"https:\\\/\\\/dorogimedence.hu\\\/\",\"name\":\"Dorogi-medence Region\u00e1lis H\u00edrport\u00e1l\",\"description\":\"Dorog, Keszt\u00f6lc, Le\u00e1nyv\u00e1r, Piliscs\u00e9v, Tokod, Tokodalt\u00e1r\u00f3, Csolnok, Esztergom-kertv\u00e1ros: h\u00edrek, programok\",\"publisher\":{\"@id\":\"https:\\\/\\\/dorogimedence.hu\\\/#organization\"},\"potentialAction\":[{\"@type\":\"SearchAction\",\"target\":{\"@type\":\"EntryPoint\",\"urlTemplate\":\"https:\\\/\\\/dorogimedence.hu\\\/?s={search_term_string}\"},\"query-input\":{\"@type\":\"PropertyValueSpecification\",\"valueRequired\":true,\"valueName\":\"search_term_string\"}}],\"inLanguage\":\"hu\"},{\"@type\":\"Organization\",\"@id\":\"https:\\\/\\\/dorogimedence.hu\\\/#organization\",\"name\":\"Dorogi-medence Region\u00e1lis H\u00edrport\u00e1l\",\"url\":\"https:\\\/\\\/dorogimedence.hu\\\/\",\"logo\":{\"@type\":\"ImageObject\",\"inLanguage\":\"hu\",\"@id\":\"https:\\\/\\\/dorogimedence.hu\\\/#\\\/schema\\\/logo\\\/image\\\/\",\"url\":\"https:\\\/\\\/dorogimedence.hu\\\/wp-content\\\/uploads\\\/2021\\\/04\\\/logo-feher-600.png\",\"contentUrl\":\"https:\\\/\\\/dorogimedence.hu\\\/wp-content\\\/uploads\\\/2021\\\/04\\\/logo-feher-600.png\",\"width\":600,\"height\":100,\"caption\":\"Dorogi-medence Region\u00e1lis H\u00edrport\u00e1l\"},\"image\":{\"@id\":\"https:\\\/\\\/dorogimedence.hu\\\/#\\\/schema\\\/logo\\\/image\\\/\"},\"sameAs\":[\"https:\\\/\\\/www.facebook.com\\\/dorogimedence\\\/\"]},{\"@type\":\"Person\",\"@id\":\"https:\\\/\\\/dorogimedence.hu\\\/#\\\/schema\\\/person\\\/ce6091eeb7e95ecdc87890d6aa8e0fd4\",\"name\":\"dorogimedence.hu\",\"image\":{\"@type\":\"ImageObject\",\"inLanguage\":\"hu\",\"@id\":\"\\\/\\\/www.gravatar.com\\\/avatar\\\/d8d45f8901aadff40a4af72c0b826f1d?s=96&#038;r=g&#038;d=mm\",\"url\":\"\\\/\\\/www.gravatar.com\\\/avatar\\\/d8d45f8901aadff40a4af72c0b826f1d?s=96&#038;r=g&#038;d=mm\",\"contentUrl\":\"\\\/\\\/www.gravatar.com\\\/avatar\\\/d8d45f8901aadff40a4af72c0b826f1d?s=96&#038;r=g&#038;d=mm\",\"caption\":\"dorogimedence.hu\"}}]}<\/script>\n<!-- \/ Yoast SEO plugin. -->","yoast_head_json":{"title":"10-b\u0151l 4 embernek nincs gondja a parkol\u00e1ssal","robots":{"index":"index","follow":"follow","max-snippet":"max-snippet:-1","max-image-preview":"max-image-preview:large","max-video-preview":"max-video-preview:-1"},"canonical":"https:\/\/dorogimedence.hu\/index.php\/2024\/03\/27\/10-bol-4-embernek-nincs-gondja-a-parkolassal\/","og_locale":"hu_HU","og_type":"article","og_title":"10-b\u0151l 4 embernek nincs gondja a parkol\u00e1ssal","og_description":"K\u00e1rokoz\u00e1s (25%), t\u00fcrelmetlens\u00e9g \u00e9s akad\u00e1lyoztat\u00e1s (23%), fizet\u0151s, vagy ingyenes (10%) &#8211; legink\u00e1bb ezeken agyalunk a legt\u00f6bbet parkol\u00e1skor. Parkolni orral el\u0151re, mer\u0151legesen vagy halsz\u00e1lk\u00e1ban szeret\u00fcnk, de frusztr\u00e1l minket, ha a m\u00e1sik aut\u00f3s nem hagy el\u00e9g helyet a man\u0151verhez. J\u00f3 h\u00edr viszont, hogy a sof\u0151r\u00f6k nagy r\u00e9sze egy\u00e1ltal\u00e1n nem stresszel, annak ellen\u00e9re, hogy 10-b\u0151l 9 embert nyomasztottak","og_url":"https:\/\/dorogimedence.hu\/index.php\/2024\/03\/27\/10-bol-4-embernek-nincs-gondja-a-parkolassal\/","og_site_name":"Dorogi-medence Region\u00e1lis H\u00edrport\u00e1l","article_publisher":"https:\/\/www.facebook.com\/dorogimedence\/","article_published_time":"2024-03-27T14:24:31+00:00","og_image":[{"width":1920,"height":970,"url":"https:\/\/dorogimedence.hu\/wp-content\/uploads\/2024\/03\/suzuki-holloko.jpg","type":"image\/jpeg"}],"author":"dorogimedence.hu","twitter_card":"summary_large_image","twitter_misc":{"Szerz\u0151:":"dorogimedence.hu","Becs\u00fclt olvas\u00e1si id\u0151":"4 perc"},"schema":{"@context":"https:\/\/schema.org","@graph":[{"@type":"Article","@id":"https:\/\/dorogimedence.hu\/index.php\/2024\/03\/27\/10-bol-4-embernek-nincs-gondja-a-parkolassal\/#article","isPartOf":{"@id":"https:\/\/dorogimedence.hu\/index.php\/2024\/03\/27\/10-bol-4-embernek-nincs-gondja-a-parkolassal\/"},"author":{"name":"dorogimedence.hu","@id":"https:\/\/dorogimedence.hu\/#\/schema\/person\/ce6091eeb7e95ecdc87890d6aa8e0fd4"},"headline":"10-b\u0151l 4 embernek nincs gondja a parkol\u00e1ssal","datePublished":"2024-03-27T14:24:31+00:00","mainEntityOfPage":{"@id":"https:\/\/dorogimedence.hu\/index.php\/2024\/03\/27\/10-bol-4-embernek-nincs-gondja-a-parkolassal\/"},"wordCount":853,"publisher":{"@id":"https:\/\/dorogimedence.hu\/#organization"},"image":{"@id":"https:\/\/dorogimedence.hu\/index.php\/2024\/03\/27\/10-bol-4-embernek-nincs-gondja-a-parkolassal\/#primaryimage"},"thumbnailUrl":"https:\/\/dorogimedence.hu\/wp-content\/uploads\/2024\/03\/suzuki-holloko.jpg","keywords":["Magyar Suzuki","parkol\u00e1s","Suzuki"],"articleSection":["H\u00edrek"],"inLanguage":"hu"},{"@type":"WebPage","@id":"https:\/\/dorogimedence.hu\/index.php\/2024\/03\/27\/10-bol-4-embernek-nincs-gondja-a-parkolassal\/","url":"https:\/\/dorogimedence.hu\/index.php\/2024\/03\/27\/10-bol-4-embernek-nincs-gondja-a-parkolassal\/","name":"10-b\u0151l 4 embernek nincs gondja a parkol\u00e1ssal","isPartOf":{"@id":"https:\/\/dorogimedence.hu\/#website"},"primaryImageOfPage":{"@id":"https:\/\/dorogimedence.hu\/index.php\/2024\/03\/27\/10-bol-4-embernek-nincs-gondja-a-parkolassal\/#primaryimage"},"image":{"@id":"https:\/\/dorogimedence.hu\/index.php\/2024\/03\/27\/10-bol-4-embernek-nincs-gondja-a-parkolassal\/#primaryimage"},"thumbnailUrl":"https:\/\/dorogimedence.hu\/wp-content\/uploads\/2024\/03\/suzuki-holloko.jpg","datePublished":"2024-03-27T14:24:31+00:00","breadcrumb":{"@id":"https:\/\/dorogimedence.hu\/index.php\/2024\/03\/27\/10-bol-4-embernek-nincs-gondja-a-parkolassal\/#breadcrumb"},"inLanguage":"hu","potentialAction":[{"@type":"ReadAction","target":["https:\/\/dorogimedence.hu\/index.php\/2024\/03\/27\/10-bol-4-embernek-nincs-gondja-a-parkolassal\/"]}]},{"@type":"ImageObject","inLanguage":"hu","@id":"https:\/\/dorogimedence.hu\/index.php\/2024\/03\/27\/10-bol-4-embernek-nincs-gondja-a-parkolassal\/#primaryimage","url":"https:\/\/dorogimedence.hu\/wp-content\/uploads\/2024\/03\/suzuki-holloko.jpg","contentUrl":"https:\/\/dorogimedence.hu\/wp-content\/uploads\/2024\/03\/suzuki-holloko.jpg","width":1920,"height":970},{"@type":"BreadcrumbList","@id":"https:\/\/dorogimedence.hu\/index.php\/2024\/03\/27\/10-bol-4-embernek-nincs-gondja-a-parkolassal\/#breadcrumb","itemListElement":[{"@type":"ListItem","position":1,"name":"Kezd\u0151lap","item":"https:\/\/dorogimedence.hu\/"},{"@type":"ListItem","position":2,"name":"10-b\u0151l 4 embernek nincs gondja a parkol\u00e1ssal"}]},{"@type":"WebSite","@id":"https:\/\/dorogimedence.hu\/#website","url":"https:\/\/dorogimedence.hu\/","name":"Dorogi-medence Region\u00e1lis H\u00edrport\u00e1l","description":"Dorog, Keszt\u00f6lc, Le\u00e1nyv\u00e1r, Piliscs\u00e9v, Tokod, Tokodalt\u00e1r\u00f3, Csolnok, Esztergom-kertv\u00e1ros: h\u00edrek, programok","publisher":{"@id":"https:\/\/dorogimedence.hu\/#organization"},"potentialAction":[{"@type":"SearchAction","target":{"@type":"EntryPoint","urlTemplate":"https:\/\/dorogimedence.hu\/?s={search_term_string}"},"query-input":{"@type":"PropertyValueSpecification","valueRequired":true,"valueName":"search_term_string"}}],"inLanguage":"hu"},{"@type":"Organization","@id":"https:\/\/dorogimedence.hu\/#organization","name":"Dorogi-medence Region\u00e1lis H\u00edrport\u00e1l","url":"https:\/\/dorogimedence.hu\/","logo":{"@type":"ImageObject","inLanguage":"hu","@id":"https:\/\/dorogimedence.hu\/#\/schema\/logo\/image\/","url":"https:\/\/dorogimedence.hu\/wp-content\/uploads\/2021\/04\/logo-feher-600.png","contentUrl":"https:\/\/dorogimedence.hu\/wp-content\/uploads\/2021\/04\/logo-feher-600.png","width":600,"height":100,"caption":"Dorogi-medence Region\u00e1lis H\u00edrport\u00e1l"},"image":{"@id":"https:\/\/dorogimedence.hu\/#\/schema\/logo\/image\/"},"sameAs":["https:\/\/www.facebook.com\/dorogimedence\/"]},{"@type":"Person","@id":"https:\/\/dorogimedence.hu\/#\/schema\/person\/ce6091eeb7e95ecdc87890d6aa8e0fd4","name":"dorogimedence.hu","image":{"@type":"ImageObject","inLanguage":"hu","@id":"\/\/www.gravatar.com\/avatar\/d8d45f8901aadff40a4af72c0b826f1d?s=96&#038;r=g&#038;d=mm","url":"\/\/www.gravatar.com\/avatar\/d8d45f8901aadff40a4af72c0b826f1d?s=96&#038;r=g&#038;d=mm","contentUrl":"\/\/www.gravatar.com\/avatar\/d8d45f8901aadff40a4af72c0b826f1d?s=96&#038;r=g&#038;d=mm","caption":"dorogimedence.hu"}}]}},"_links":{"self":[{"href":"https:\/\/dorogimedence.hu\/index.php\/wp-json\/wp\/v2\/posts\/60701","targetHints":{"allow":["GET"]}}],"collection":[{"href":"https:\/\/dorogimedence.hu\/index.php\/wp-json\/wp\/v2\/posts"}],"about":[{"href":"https:\/\/dorogimedence.hu\/index.php\/wp-json\/wp\/v2\/types\/post"}],"author":[{"embeddable":true,"href":"https:\/\/dorogimedence.hu\/index.php\/wp-json\/wp\/v2\/users\/1"}],"replies":[{"embeddable":true,"href":"https:\/\/dorogimedence.hu\/index.php\/wp-json\/wp\/v2\/comments?post=60701"}],"version-history":[{"count":0,"href":"https:\/\/dorogimedence.hu\/index.php\/wp-json\/wp\/v2\/posts\/60701\/revisions"}],"wp:featuredmedia":[{"embeddable":true,"href":"https:\/\/dorogimedence.hu\/index.php\/wp-json\/wp\/v2\/media\/60706"}],"wp:attachment":[{"href":"https:\/\/dorogimedence.hu\/index.php\/wp-json\/wp\/v2\/media?parent=60701"}],"wp:term":[{"taxonomy":"category","embeddable":true,"href":"https:\/\/dorogimedence.hu\/index.php\/wp-json\/wp\/v2\/categories?post=60701"},{"taxonomy":"post_tag","embeddable":true,"href":"https:\/\/dorogimedence.hu\/index.php\/wp-json\/wp\/v2\/tags?post=60701"}],"curies":[{"name":"wp","href":"https:\/\/api.w.org\/{rel}","templated":true}]}}