{"id":60563,"date":"2024-03-22T11:53:17","date_gmt":"2024-03-22T10:53:17","guid":{"rendered":"https:\/\/dorogimedence.hu\/?p=60563"},"modified":"2024-03-22T11:53:17","modified_gmt":"2024-03-22T10:53:17","slug":"megujult-a-suzuki-ikonikus-swiftje","status":"publish","type":"post","link":"https:\/\/dorogimedence.hu\/index.php\/2024\/03\/22\/megujult-a-suzuki-ikonikus-swiftje\/","title":{"rendered":"Meg\u00fajult a Suzuki ikonikus Swiftje"},"content":{"rendered":"<p><strong>A mai napon, Bordeauxban deb\u00fct\u00e1l a Suzuki Swift negyedik gener\u00e1ci\u00f3ja. A teljesen \u00faj modell el\u0151deinek \u00f6r\u00f6ks\u00e9g\u00e9re \u00e9p\u00edtve a k\u00e9nyelmet, a hat\u00e9konys\u00e1got \u00e9s a biztons\u00e1got el\u0151t\u00e9rbe helyezve sz\u00fcletett meg. A 1,2 literes motorral \u00e9s 12V SHVS l\u00e1gy hibrid rendszerrel szerelt sz\u00e9ria biztons\u00e1gi funkci\u00f3i, illetve k\u00fcls\u0151 \u00e9s bels\u0151 diz\u00e1jnja is meg\u00fajultak. A 169 orsz\u00e1gban el\u00e9rhet\u0151, sz\u00e1mos d\u00edjat elnyert Swiftb\u0151l, t\u00f6bb mint 9 milli\u00f3 darabot \u00e9rt\u00e9kes\u00edtettek 2004-es megjelen\u00e9se \u00f3ta.<\/strong><\/p>\n<h3><strong>Felt\u0171n\u0151en \u00faj k\u00fcls\u0151 \u00e9s bels\u0151 diz\u00e1jn<\/strong><\/h3>\n<p>Az \u00faj Swift el\u0151djei jellegzetes, a v\u00e1s\u00e1rl\u00f3k \u00e1ltal megszokott \u00e9s megszeretett megjelen\u00e9s\u00e9t megtartva jelent\u0151sen \u00e1talakult.<\/p>\n<h3><strong>K\u00fcls\u0151 megjelen\u00e9s<\/strong><\/h3>\n<p>Az \u00faj Swift zongorafekete h\u0171t\u0151r\u00e1cs\u00e1val \u00e9s lekerek\u00edtett v\u00e1llvonalakban v\u00e9gz\u0151d\u0151, L-alak\u00fa, jellegzetes l\u00e1mp\u00e1ival magabiztoss\u00e1got \u00e9s kalandv\u00e1gyat sug\u00e1roz, a hat\u00e1st tov\u00e1bb fokozz\u00e1k a sz\u00e9les\u00edtett s\u00e1rv\u00e9d\u0151k. Az \u00faj modell profilj\u00e1t er\u0151teljes kont\u00farok \u00e9s a tet\u0151 lebeg\u0151 kialak\u00edt\u00e1sa szabj\u00e1k energikusan k\u00f6nnyedre. A h\u00e1romdimenzi\u00f3s h\u00e1ts\u00f3 kombin\u00e1lt l\u00e1mp\u00e1k \u00e9s a sz\u00e9les h\u00e1ts\u00f3 l\u00f6kh\u00e1r\u00edt\u00f3 stabil, m\u00e9gis j\u00e1t\u00e9kos megjelen\u00e9st k\u00f6lcs\u00f6n\u00f6znek sz\u00e1m\u00e1ra.<\/p>\n<h3><strong>Gy\u00f6ngyh\u00e1z \u00e9s gy\u00f6ngymet\u00e1l karossz\u00e9riasz\u00ednek<\/strong><\/h3>\n<p>Az \u00faj Swift 13 f\u00e9le sz\u00ednkonstrukci\u00f3ban el\u00e9rhet\u0151: kilenc egysz\u00edn\u0171 \u00e9s n\u00e9gy k\u00e9tt\u00f3nus\u00fa v\u00e1ltozatban, k\u00f6zt\u00fck zaf\u00edrk\u00e9k gy\u00f6ngyh\u00e1z \u00e9s gy\u00f6ngys\u00e1rga met\u00e1l. Az \u00faj zaf\u00edrk\u00e9k gy\u00f6ngyh\u00e1z , a l\u00e1ngv\u00f6r\u00f6s gy\u00f6ngymet\u00e1l \u00e9s a gy\u00f6ngys\u00e1rga met\u00e1l f\u00e9nyez\u00e9sek \u00e9l\u00e9nk, cukorkaszer\u0171 sz\u00edn\u00e1rnyalatai a Suzuki egy \u00faj f\u00e9nyez\u00e9si korszak\u00e1nak szimb\u00f3lumai. Mindh\u00e1rom sz\u00ednv\u00e1ltozat h\u00e1romr\u00e9teg\u0171 bevonatb\u00f3l \u00e1ll, ami gazdag text\u00far\u00e1t \u00e9s rendk\u00edv\u00fcl tel\u00edtett \u00e1rnyalatokat eredm\u00e9nyez.<\/p>\n<h3><strong>Bels\u0151 diz\u00e1jn<\/strong><\/h3>\n<p>Az \u00faj Swift t\u00e1gas \u00e9s ergonomikus funkci\u00f3kkal felszerelt, k\u00e9nyelmes utast\u00e9rrel fokozza a vezet\u00e9si \u00e9lm\u00e9nyt, a k\u00f6zponti kijelz\u0151 \u00e9s kezel\u0151szervei finoman a vezet\u0151 fel\u00e9 d\u00f6ntve garant\u00e1lj\u00e1k a k\u00f6nny\u0171 kezelhet\u0151s\u00e9get.<\/p>\n<p>A k\u00e9tt\u00f3nus\u00fa fekete \u2013 vil\u00e1gossz\u00fcrke lekerek\u00edtett m\u0171szerfal \u00e9s els\u0151 ajt\u00f3k szat\u00e9n bevonat\u00fa d\u00edsz\u00edt\u00e9se, s\u00f6t\u00e9tez\u00fcst hangs\u00falyaival dinamikus \u00e9s sportos megjelen\u00e9st k\u00f6lcs\u00f6n\u00f6z az utast\u00e9rnek.<\/p>\n<p><img fetchpriority=\"high\" decoding=\"async\" class=\"alignnone size-full wp-image-60565\" src=\"https:\/\/dorogimedence.hu\/wp-content\/uploads\/2024\/03\/suzuki-02.jpg\" alt=\"\" width=\"1920\" height=\"1141\" srcset=\"https:\/\/dorogimedence.hu\/wp-content\/uploads\/2024\/03\/suzuki-02.jpg 1920w, https:\/\/dorogimedence.hu\/wp-content\/uploads\/2024\/03\/suzuki-02-600x357.jpg 600w, https:\/\/dorogimedence.hu\/wp-content\/uploads\/2024\/03\/suzuki-02-768x456.jpg 768w, https:\/\/dorogimedence.hu\/wp-content\/uploads\/2024\/03\/suzuki-02-1536x913.jpg 1536w, https:\/\/dorogimedence.hu\/wp-content\/uploads\/2024\/03\/suzuki-02-150x89.jpg 150w, https:\/\/dorogimedence.hu\/wp-content\/uploads\/2024\/03\/suzuki-02-450x267.jpg 450w, https:\/\/dorogimedence.hu\/wp-content\/uploads\/2024\/03\/suzuki-02-1200x713.jpg 1200w\" sizes=\"(max-width: 1920px) 100vw, 1920px\" \/><\/p>\n<h3><strong>9 colos multim\u00e9dia kijelz\u0151<\/strong><\/h3>\n<p>A 9 h\u00fcvelykes HD-kapacit\u00edv \u00e9rint\u0151k\u00e9perny\u0151 gyors \u00e9s pontos v\u00e1laszt ad. Rendelkezik okostelefon-kapcsolattal mind az Apple CarPlay\u00ae, mind az Android Auto\u2122 sz\u00e1m\u00e1ra Wi-Fi-n \u00e9s USB-n kereszt\u00fcl, hangfelismer\u00e9ssel, Bluetooth\u00ae zenelej\u00e1tsz\u00e1ssal, \u00e9s a j\u00e1rm\u0171 \u00e1llapot\u00e1r\u00f3l sz\u00f3l\u00f3 inform\u00e1ci\u00f3kat is megjelen\u00edti.<\/p>\n<h3><strong>L\u00e9gkond\u00edcion\u00e1l\u00f3<\/strong><\/h3>\n<p>A GL \u00e9s GL+ felszerelts\u00e9gek digit\u00e1lis vez\u00e9rl\u0151panellel ell\u00e1tott manu\u00e1lis kl\u00edmaberendez\u00e9ssel rendelkeznek. A GLX fokozat emellett automatikus h\u0151m\u00e9rs\u00e9klet-szab\u00e1lyoz\u00e1si funkci\u00f3val is rendelkezik.<\/p>\n<h3><strong>Fejlett biztons\u00e1gi funkci\u00f3k<\/strong><\/h3>\n<p>Kombin\u00e1lt \u00e9rz\u00e9kel\u0151s v\u00e9szf\u00e9kasszisztens II (DSBS II)<\/p>\n<p>A millim\u00e9terhull\u00e1m\u00fa radar \u00e9s a monokul\u00e1ris kamera a j\u00e1rm\u0171 el\u0151tt halad\u00f3 j\u00e1rm\u0171vek, ker\u00e9kp\u00e1rok \u00e9s gyalogosok \u00e9szlel\u00e9s\u00e9re szolg\u00e1l, \u00e9s seg\u00edt a front\u00e1lis, \u00e1tl\u00f3s \u00e9s oldalir\u00e1ny\u00fa \u00fctk\u00f6z\u00e9sek m\u00e9rs\u00e9kl\u00e9s\u00e9ben. A vezet\u0151 hang- \u00e9s vizu\u00e1lis figyelmeztet\u00e9s is kap, amennyiben \u00fctk\u00f6z\u00e9s vesz\u00e9lye \u00e1ll fenn. Ha a vezet\u0151 nem f\u00e9kez kell\u0151en er\u0151sen, automatikusan bekapcsol a f\u00e9kasszisztens a j\u00e1rm\u0171 megfelel\u0151 m\u00e9rt\u00e9k\u0171 lass\u00edt\u00e1sa \u00e9rdek\u00e9ben. Ha n\u0151 az \u00fctk\u00f6z\u00e9s val\u00f3sz\u00edn\u0171s\u00e9ge, a rendszer automatikusan f\u00e9kez, hogy cs\u00f6kkentse az \u00fctk\u00f6z\u00e9s erej\u00e9t, m\u00e9rs\u00e9kelje a k\u00e1rokat.<\/p>\n<h3><strong>S\u00e1vtart\u00f3 asszisztens (LKA)<\/strong><\/h3>\n<p>Az adapt\u00edv sebess\u00e9gtart\u00f3 automatika aktiv\u00e1l\u00e1sakor az LKA seg\u00edt a vezet\u0151nek megtartani a j\u00e1rm\u0171 helyzet\u00e9t a s\u00e1v k\u00f6zep\u00e9n. Ezenk\u00edv\u00fcl, ha azt \u00e9rz\u00e9keli, hogy egy szomsz\u00e9dos j\u00e1rm\u0171 vagy \u00e9p\u00edtm\u00e9ny, p\u00e9ld\u00e1ul egy ideiglenes \u00fat\u00e9p\u00edt\u00e9si akad\u00e1ly vagy m\u00e1s akad\u00e1ly t\u00fal k\u00f6zel van a halad\u00f3 j\u00e1rm\u0171h\u00f6z, korm\u00e1nyz\u00e1sseg\u00edts\u00e9get ny\u00fajt a vezet\u0151nek a biztons\u00e1gos t\u00e1vols\u00e1g megtart\u00e1s\u00e1hoz.<\/p>\n<h3><strong>Vezet\u0151fel\u00fcgyeleti rendszer (DMS)<\/strong><\/h3>\n<p>A m\u0171szerfalba \u00e9p\u00edtett kamera figyeli a vezet\u0151 szem\u00e9t \u00e9s arc\u00e1t. Ha a rendszer azt \u00e9szleli, hogy a vezet\u0151 \u00e1lmos, elalszik, vagy leveszi a szem\u00e9t az \u00fatr\u00f3l, figyelmeztet\u0151 hangjelz\u00e9st ad, \u00e9s -\u00fczenetet jelen\u00edt meg az inform\u00e1ci\u00f3s kijelz\u0151n.<\/p>\n<h3><strong>Egy\u00e9b technol\u00f3giai jellemz\u0151k:<\/strong><\/h3>\n<p>&#8211; S\u00e1velhagy\u00e1s figyelmeztet\u00e9s (LDP)<\/p>\n<p>&#8211; Adapt\u00edv temp\u00f3mat (ACC)<\/p>\n<p>&#8211; Forgalmi jelz\u00e9sek felismer\u00e9se (TSR), holtt\u00e9rfigyel\u00e9s (BMS)<\/p>\n<p>&#8211; H\u00e1ts\u00f3 keresztir\u00e1ny\u00fa forgalomra figyelmeztet\u0151 rendszer (RTCA)<\/p>\n<p>&#8211; eCall<\/p>\n<h3><strong>\u00daj 1,2 literes motor 12V-os SHVS l\u00e1gy hibrid rendszerrel <\/strong><\/h3>\n<p>Az \u00fajonnan kifejlesztett Z12E 1,2 literes, 3 hengeres benzinmotor az \u00faj Swiftben ak\u00e1r 40%-os (RON95) h\u0151hat\u00e9konys\u00e1got is el\u00e9rhet, ami optim\u00e1lisabb \u00fczemanyag-fogyaszt\u00e1st eredm\u00e9nyez. Tov\u00e1bbi jellemz\u0151i k\u00f6z\u00e9 tartozik a s\u00falycs\u00f6kkent\u00e9s, az alacsony fordulatsz\u00e1mon magasabb nyomat\u00e9kkal kombin\u00e1lt cs\u00f6kkentett k\u00e1rosanyag-kibocs\u00e1t\u00e1s, a jobb reakci\u00f3k\u00e9szs\u00e9g \u00e9s \u00e1ltal\u00e1nos teljes\u00edtm\u00e9ny biztos\u00edt\u00e1sa \u00e9rdek\u00e9ben.<\/p>\n<p>A kor\u00e1bbi K12D motorhoz k\u00e9pest optim\u00e1lisabb \u00fczemanyag-hat\u00e9konys\u00e1g \u00e9rhet\u0151 el, az al\u00e1bbiak seg\u00edts\u00e9g\u00e9vel:<\/p>\n<ol>\n<li>A hengerek turbulenci\u00e1j\u00e1nak finomhangol\u00e1sa a gyorsabb \u00e9g\u00e9s \u00e9rdek\u00e9ben.<\/li>\n<li>Egy k\u00f6zbens\u0151 z\u00e1r\u00f3mechanizmus alkalmaz\u00e1sa a VVT sz\u00edv\u00f3cs\u0151be\u00f6ml\u0151n.<\/li>\n<li>Az EGR-szelep \u00e1raml\u00e1si sebess\u00e9g\u00e9nek n\u00f6vel\u00e9se.<\/li>\n<li>Inga-fesz\u00edt\u0151 mechanizmus alkalmaz\u00e1sa \u00e9s elektromos v\u00edzszivatty\u00fa haszn\u00e1lata.<\/li>\n<\/ol>\n<p>A r\u00e9szecskesz\u00e1m (PN) kibocs\u00e1t\u00e1s is cs\u00f6kkent a nagyobb s\u0171r\u00edt\u00e9si ar\u00e1nyokn\u00e1l fell\u00e9p\u0151 nem teljes \u00e9g\u00e9s visszaszor\u00edt\u00e1s\u00e1nak k\u00f6sz\u00f6nhet\u0151en, valamint nagy porozit\u00e1s\u00fa h\u00e1romutas kataliz\u00e1tor \u00e9s egy \u00fagynevezett GPF (gasoline particulate filter) benzin r\u00e9szecskesz\u0171r\u0151 alkalmaz\u00e1s\u00e1val.<\/p>\n<p>Az \u00faj Swiftben a motor a 12V-os SHVS l\u00e1gy hibrid rendszerrel p\u00e1rosul, ami tov\u00e1bb jav\u00edtja a k\u00f6rnyezeti teljes\u00edtm\u00e9nyt. Az SHVS l\u00e1gy hibrid rendszer a lass\u00edt\u00e1s sor\u00e1n keletkez\u0151 mozg\u00e1si energi\u00e1t \u00e1talak\u00edtja \u00e9s a l\u00edtium-ion akkumul\u00e1torban t\u00e1rolja, az ISG (Integr\u00e1lt ind\u00edt\u00f3gener\u00e1tor) pedig gyors\u00edt\u00e1skor seg\u00edti a motort a nagyobb \u00fczemanyag-hat\u00e9konys\u00e1g \u00e9rdek\u00e9ben.<\/p>\n<h3><strong>\u00c1tvitel<\/strong><\/h3>\n<p>Az 5 fokozat\u00fa k\u00e9zi sebess\u00e9gv\u00e1lt\u00f3 \u00e1tt\u00e9telez\u00e9se kifejezetten az \u00faj motorhoz \u00e9s hajt\u00e1sl\u00e1nchoz lett igaz\u00edtva a magas \u00fczemanyag-hat\u00e9konys\u00e1g \u00e9s teljes\u00edtm\u00e9nylead\u00e1s \u00e9rdek\u00e9ben. A szinkroniz\u00e1tor kapacit\u00e1s\u00e1t \u00e9s a v\u00e1lt\u00f3kar \u00e1tt\u00e9tel\u00e9t a sz\u00fcks\u00e9ges kapcsol\u00e1si er\u0151 cs\u00f6kkent\u00e9se \u00e9rdek\u00e9ben optimaliz\u00e1lt\u00e1k, a konvergens v\u00e1lt\u00f3helyzet-szab\u00e1lyoz\u00f3 rug\u00f3erej\u00e9t pedig a sima \u00e9s k\u00f6nny\u0171 v\u00e1lt\u00e1s \u00e9rdek\u00e9ben finom\u00edtott\u00e1k.<\/p>\n<p>Az automata sebess\u00e9gv\u00e1lt\u00f3s modellek az \u00faj motorhoz illeszked\u0151, \u00fajonnan kifejlesztett \u00e9s nagy hat\u00e9konys\u00e1g\u00fa CVT v\u00e1lt\u00f3t alkalmaznak. A nyomat\u00e9kv\u00e1lt\u00f3 alacsonyabb merevs\u00e9g\u0171v\u00e9 tett leng\u00e9scsillap\u00edt\u00f3t haszn\u00e1l, amely hat\u00e9konyan elnyeli a motor rot\u00e1ci\u00f3s ingadoz\u00e1sait, ez\u00e1ltal jav\u00edtja az NVH-teljes\u00edtm\u00e9nyt \u00e9s az \u00fczemanyag-hat\u00e9konys\u00e1got.<\/p>\n<h3><strong>Els\u0151 \u00e9s h\u00e1ts\u00f3 felf\u00fcggeszt\u00e9s<\/strong><\/h3>\n<p>El\u00f6l a stabiliz\u00e1torr\u00fad \u00e1tm\u00e9r\u0151j\u00e9t megn\u00f6velt\u00e9k a rug\u00f3\u00e1lland\u00f3 n\u00f6vel\u00e9se \u00e9rdek\u00e9ben, a csukl\u00f3 \u00e1tm\u00e9r\u0151j\u00e9t pedig az er\u0151\u00e1tvitel hat\u00e9konys\u00e1g\u00e1nak n\u00f6vel\u00e9se \u00e9rdek\u00e9ben. Ezenk\u00edv\u00fcl a stabiliz\u00e1torok r\u00f6gz\u00edt\u00e9seihez teflon\u2122 lemezeket adtak, hogy a rezg\u00e9s k\u00f6zbeni s\u00farl\u00f3d\u00e1s cs\u00f6kkent\u00e9se r\u00e9v\u00e9n n\u00f6velj\u00e9k a g\u00f6rd\u00fcl\u00e9si merevs\u00e9get. Mindezek a fejleszt\u00e9sek megk\u00f6nny\u00edtik a kanyarod\u00e1st \u00e9s jobb kezelhet\u0151s\u00e9get, stabilit\u00e1st biztos\u00edtanak. H\u00e1tul megn\u00f6velt\u00e9k a felf\u00fcggeszt\u00e9s l\u00f6ket\u00e9t, hogy a h\u00e1ts\u00f3 kerekek jobban le tudj\u00e1k k\u00f6vetni az \u00fatfel\u00fcletet (csak a 2WD modellekn\u00e9l).<\/p>\n<p><img decoding=\"async\" class=\"alignnone size-full wp-image-60566\" src=\"https:\/\/dorogimedence.hu\/wp-content\/uploads\/2024\/03\/suzuki-03.jpg\" alt=\"\" width=\"1920\" height=\"1284\" srcset=\"https:\/\/dorogimedence.hu\/wp-content\/uploads\/2024\/03\/suzuki-03.jpg 1920w, https:\/\/dorogimedence.hu\/wp-content\/uploads\/2024\/03\/suzuki-03-600x401.jpg 600w, https:\/\/dorogimedence.hu\/wp-content\/uploads\/2024\/03\/suzuki-03-768x514.jpg 768w, https:\/\/dorogimedence.hu\/wp-content\/uploads\/2024\/03\/suzuki-03-1536x1027.jpg 1536w, https:\/\/dorogimedence.hu\/wp-content\/uploads\/2024\/03\/suzuki-03-150x100.jpg 150w, https:\/\/dorogimedence.hu\/wp-content\/uploads\/2024\/03\/suzuki-03-450x301.jpg 450w, https:\/\/dorogimedence.hu\/wp-content\/uploads\/2024\/03\/suzuki-03-1200x803.jpg 1200w, https:\/\/dorogimedence.hu\/wp-content\/uploads\/2024\/03\/suzuki-03-272x182.jpg 272w\" sizes=\"(max-width: 1920px) 100vw, 1920px\" \/><\/p>\n<h3>Vezet\u00e9si teljes\u00edtm\u00e9ny<\/h3>\n<p>A harmadik gener\u00e1ci\u00f3s Swifthez k\u00e9pest a vezet\u00e9si teljes\u00edtm\u00e9ny tov\u00e1bb fokoz\u00f3dott:<\/p>\n<ol>\n<li>K\u00f6nnyeds\u00e9g az \u00faj Z12E motor, az ISG asszisztens \u00e9s az 1000 kg alatti saj\u00e1t t\u00f6meg kombin\u00e1ci\u00f3j\u00e1val.<\/li>\n<li>A tapad\u00e1si teljes\u00edtm\u00e9ny javul\u00e1sa a kanyarod\u00e1s k\u00f6zbeni g\u00f6rd\u00fcl\u00e9si t\u00e9rfogat cs\u00f6kkent\u00e9se r\u00e9v\u00e9n.<\/li>\n<li>Term\u00e9szetes korm\u00e1ny\u00e9rzet a g\u00f6rd\u00fcl\u00e9si reakci\u00f3 k\u00e9sleltet\u00e9si id\u0151 cs\u00f6kkent\u00e9se \u00e1ltal.<\/li>\n<\/ol>\n<h3><strong>ALLGRIP AUTO<\/strong><\/h3>\n<p>Az ALLGRIP AUTO automatikus \u00f6sszker\u00e9khajt\u00e1si rendszer akkor kapcsol be, amikor az els\u0151 kerekek tapad\u00e1sa cs\u00f6kken. Ha az els\u0151 kerekek megcs\u00fasz\u00e1s\u00e1t \u00e9szleli a rendszer, a visco \u2013 kuplung bekapcsol \u00e9s \u00e1tteszi a nyomat\u00e9kot a h\u00e1ts\u00f3 kerekekre, \u00edgy plusz tapad\u00e1st biztos\u00edt a havas utakon vagy m\u00e1s cs\u00fasz\u00f3s fel\u00fcleteken t\u00f6rt\u00e9n\u0151 vezet\u00e9skor.<\/p>\n<h3><strong>Els\u0151oszt\u00e1ly\u00fa aerodinamikai teljes\u00edtm\u00e9ny<\/strong><\/h3>\n<p>A t\u00e9nyleges vezet\u00e9si k\u00f6r\u00fclm\u00e9nyeket reproduk\u00e1l\u00f3 sz\u00e9lcsatorn\u00e1ban v\u00e9gzett tesztek igazolj\u00e1k, hogy az \u00faj Swift els\u0151rang\u00fa aerodinamikai teljes\u00edtm\u00e9nyt ny\u00fajt.<\/p>\n<ul>\n<li>Els\u0151 l\u00f6kh\u00e1r\u00edt\u00f3: sima, d\u00edsz\u00edt\u00e9sekt\u0151l \u00e9s d\u00edsz\u00edt\u0151elemekt\u0151l mentes aerodinamikai forma.<\/li>\n<li>\u00dajratervezett els\u0151 l\u00e9gterel\u0151k: az els\u0151 gumiabroncsok k\u00f6r\u00fcli l\u00e9g\u00e1raml\u00e1s optimaliz\u00e1l\u00e1sa \u00e9rdek\u00e9ben.<\/li>\n<li>Oldals\u00f3 als\u00f3 l\u00e9gterel\u0151k: fokozz\u00e1k a l\u00e9g\u00e1raml\u00e1st a padl\u00f3 alatt \u00e9s a h\u00e1ts\u00f3 gumiabroncsok k\u00f6r\u00fcl.<\/li>\n<li>H\u00e1ts\u00f3 ajt\u00f3 oldals\u00f3 spoiler: tov\u00e1bb cs\u00f6kkenti az aerodinamikai l\u00e9gellen\u00e1ll\u00e1st.<\/li>\n<li>Tet\u0151v\u00e9g-spoiler: cs\u00f6kkenti az aerodinamikai l\u00e9gellen\u00e1ll\u00e1st \u00e9s optim\u00e1lis teljes\u00edtm\u00e9nyt biztos\u00edt.<\/li>\n<li>C-oszlop d\u00edszl\u00e9c: az aerodinamikai l\u00e9gellen\u00e1ll\u00e1s cs\u00f6kkent\u00e9s\u00e9re optimaliz\u00e1lt.<\/li>\n<li>Alufelni: a kerekek k\u00f6r\u00fcli l\u00e9g\u00e1raml\u00e1st optimaliz\u00e1lt\u00e1k a l\u00e9gellen\u00e1ll\u00e1s cs\u00f6kkent\u00e9se \u00e9rdek\u00e9ben.<\/li>\n<\/ul>\n<h3><strong>Kapcsolt szolg\u00e1ltat\u00e1sok ny\u00fajtotta k\u00e9nyelem<\/strong><\/h3>\n<p>A SUZUKI CONNECT szolg\u00e1ltat\u00e1s a j\u00e1rm\u0171 adatkommunik\u00e1ci\u00f3s modulj\u00e1t (DCM) haszn\u00e1lja, hogy val\u00f3s id\u0151ben \u00f6sszekapcsolja a felhaszn\u00e1l\u00f3kat a j\u00e1rm\u0171v\u00fckkel, lehet\u0151v\u00e9 t\u00e9ve a felhaszn\u00e1l\u00f3k sz\u00e1m\u00e1ra, hogy k\u00e9nyelmi funkci\u00f3kat haszn\u00e1ljanak a SUZUKI CONNECT okostelefon-app seg\u00edts\u00e9g\u00e9vel. S\u0151t, egyes SUZUKI CONNECT funkci\u00f3k, m\u00e1r az \u00faj Swift utaster\u00e9ben tal\u00e1lhat\u00f3 9 colos kijelz\u0151n is el\u00e9rhet\u0151k.<\/p>\n<p><strong>F\u0151bb funkci\u00f3k: <\/strong><\/p>\n<p>&#8211; \u00c1llapot\u00e9rtes\u00edt\u00e9s<\/p>\n<p>&#8211; Parkol\u00f3 aut\u00f3 keres\u0151<\/p>\n<p>&#8211; Vezet\u00e9si el\u0151zm\u00e9nyek<\/p>\n<p>&#8211; Geofencing \u00e9s kij\u00e1r\u00e1si tilalom figyelmeztet\u00e9s<\/p>\n<p>&#8211; Biztons\u00e1gi \u00e9rtes\u00edt\u00e9s<\/p>\n<p>&#8211; Figyelmeztet\u0151 f\u00e9nyjelz\u00e9s<\/p>\n<p>&#8211; Id\u0151szakos karbantart\u00e1s \/ visszah\u00edv\u00e1s \u00e9rtes\u00edt\u00e9s<\/p>\n<p><em>Fot\u00f3k, forr\u00e1s: Magyar Suzuki Zrt.<\/em><\/p>\n","protected":false},"excerpt":{"rendered":"<p>A mai napon, Bordeauxban deb\u00fct\u00e1l a Suzuki Swift negyedik gener\u00e1ci\u00f3ja. A teljesen \u00faj modell el\u0151deinek \u00f6r\u00f6ks\u00e9g\u00e9re \u00e9p\u00edtve a k\u00e9nyelmet, a hat\u00e9konys\u00e1got \u00e9s a biztons\u00e1got el\u0151t\u00e9rbe helyezve sz\u00fcletett meg. A 1,2 literes motorral \u00e9s 12V SHVS l\u00e1gy hibrid rendszerrel szerelt sz\u00e9ria biztons\u00e1gi funkci\u00f3i, illetve k\u00fcls\u0151 \u00e9s bels\u0151 diz\u00e1jnja is meg\u00fajultak. A 169 orsz\u00e1gban el\u00e9rhet\u0151, sz\u00e1mos d\u00edjat<\/p>\n","protected":false},"author":1,"featured_media":60564,"comment_status":"closed","ping_status":"closed","sticky":false,"template":"","format":"standard","meta":{"ngg_post_thumbnail":0,"footnotes":""},"categories":[3],"tags":[261],"class_list":{"0":"post-60563","1":"post","2":"type-post","3":"status-publish","4":"format-standard","5":"has-post-thumbnail","7":"category-hirek","8":"tag-suzuki"},"yoast_head":"<!-- This site is optimized with the Yoast SEO plugin v27.5 - https:\/\/yoast.com\/product\/yoast-seo-wordpress\/ -->\n<title>Meg\u00fajult a Suzuki ikonikus Swiftje<\/title>\n<meta name=\"robots\" content=\"index, follow, max-snippet:-1, max-image-preview:large, max-video-preview:-1\" \/>\n<link rel=\"canonical\" href=\"https:\/\/dorogimedence.hu\/index.php\/2024\/03\/22\/megujult-a-suzuki-ikonikus-swiftje\/\" class=\"yoast-seo-meta-tag\" \/>\n<meta property=\"og:locale\" content=\"hu_HU\" class=\"yoast-seo-meta-tag\" \/>\n<meta property=\"og:type\" content=\"article\" class=\"yoast-seo-meta-tag\" \/>\n<meta property=\"og:title\" content=\"Meg\u00fajult a Suzuki ikonikus Swiftje\" class=\"yoast-seo-meta-tag\" \/>\n<meta property=\"og:description\" content=\"A mai napon, Bordeauxban deb\u00fct\u00e1l a Suzuki Swift negyedik gener\u00e1ci\u00f3ja. A teljesen \u00faj modell el\u0151deinek \u00f6r\u00f6ks\u00e9g\u00e9re \u00e9p\u00edtve a k\u00e9nyelmet, a hat\u00e9konys\u00e1got \u00e9s a biztons\u00e1got el\u0151t\u00e9rbe helyezve sz\u00fcletett meg. A 1,2 literes motorral \u00e9s 12V SHVS l\u00e1gy hibrid rendszerrel szerelt sz\u00e9ria biztons\u00e1gi funkci\u00f3i, illetve k\u00fcls\u0151 \u00e9s bels\u0151 diz\u00e1jnja is meg\u00fajultak. A 169 orsz\u00e1gban el\u00e9rhet\u0151, sz\u00e1mos d\u00edjat\" class=\"yoast-seo-meta-tag\" \/>\n<meta property=\"og:url\" content=\"https:\/\/dorogimedence.hu\/index.php\/2024\/03\/22\/megujult-a-suzuki-ikonikus-swiftje\/\" class=\"yoast-seo-meta-tag\" \/>\n<meta property=\"og:site_name\" content=\"Dorogi-medence Region\u00e1lis H\u00edrport\u00e1l\" class=\"yoast-seo-meta-tag\" \/>\n<meta property=\"article:publisher\" content=\"https:\/\/www.facebook.com\/dorogimedence\/\" class=\"yoast-seo-meta-tag\" \/>\n<meta property=\"article:published_time\" content=\"2024-03-22T10:53:17+00:00\" class=\"yoast-seo-meta-tag\" \/>\n<meta property=\"og:image\" content=\"https:\/\/dorogimedence.hu\/wp-content\/uploads\/2024\/03\/suzuki-01.jpg\" class=\"yoast-seo-meta-tag\" \/>\n\t<meta property=\"og:image:width\" content=\"1920\" class=\"yoast-seo-meta-tag\" \/>\n\t<meta property=\"og:image:height\" content=\"998\" class=\"yoast-seo-meta-tag\" \/>\n\t<meta property=\"og:image:type\" content=\"image\/jpeg\" class=\"yoast-seo-meta-tag\" \/>\n<meta name=\"author\" content=\"dorogimedence.hu\" class=\"yoast-seo-meta-tag\" \/>\n<meta name=\"twitter:card\" content=\"summary_large_image\" class=\"yoast-seo-meta-tag\" \/>\n<meta name=\"twitter:label1\" content=\"Szerz\u0151:\" class=\"yoast-seo-meta-tag\" \/>\n\t<meta name=\"twitter:data1\" content=\"dorogimedence.hu\" class=\"yoast-seo-meta-tag\" \/>\n\t<meta name=\"twitter:label2\" content=\"Becs\u00fclt olvas\u00e1si id\u0151\" class=\"yoast-seo-meta-tag\" \/>\n\t<meta name=\"twitter:data2\" content=\"10 perc\" class=\"yoast-seo-meta-tag\" \/>\n<script type=\"application\/ld+json\" class=\"yoast-schema-graph\">{\"@context\":\"https:\\\/\\\/schema.org\",\"@graph\":[{\"@type\":\"Article\",\"@id\":\"https:\\\/\\\/dorogimedence.hu\\\/index.php\\\/2024\\\/03\\\/22\\\/megujult-a-suzuki-ikonikus-swiftje\\\/#article\",\"isPartOf\":{\"@id\":\"https:\\\/\\\/dorogimedence.hu\\\/index.php\\\/2024\\\/03\\\/22\\\/megujult-a-suzuki-ikonikus-swiftje\\\/\"},\"author\":{\"name\":\"dorogimedence.hu\",\"@id\":\"https:\\\/\\\/dorogimedence.hu\\\/#\\\/schema\\\/person\\\/ce6091eeb7e95ecdc87890d6aa8e0fd4\"},\"headline\":\"Meg\u00fajult a Suzuki ikonikus Swiftje\",\"datePublished\":\"2024-03-22T10:53:17+00:00\",\"mainEntityOfPage\":{\"@id\":\"https:\\\/\\\/dorogimedence.hu\\\/index.php\\\/2024\\\/03\\\/22\\\/megujult-a-suzuki-ikonikus-swiftje\\\/\"},\"wordCount\":1908,\"publisher\":{\"@id\":\"https:\\\/\\\/dorogimedence.hu\\\/#organization\"},\"image\":{\"@id\":\"https:\\\/\\\/dorogimedence.hu\\\/index.php\\\/2024\\\/03\\\/22\\\/megujult-a-suzuki-ikonikus-swiftje\\\/#primaryimage\"},\"thumbnailUrl\":\"https:\\\/\\\/dorogimedence.hu\\\/wp-content\\\/uploads\\\/2024\\\/03\\\/suzuki-01.jpg\",\"keywords\":[\"Suzuki\"],\"articleSection\":[\"H\u00edrek\"],\"inLanguage\":\"hu\"},{\"@type\":\"WebPage\",\"@id\":\"https:\\\/\\\/dorogimedence.hu\\\/index.php\\\/2024\\\/03\\\/22\\\/megujult-a-suzuki-ikonikus-swiftje\\\/\",\"url\":\"https:\\\/\\\/dorogimedence.hu\\\/index.php\\\/2024\\\/03\\\/22\\\/megujult-a-suzuki-ikonikus-swiftje\\\/\",\"name\":\"Meg\u00fajult a Suzuki ikonikus Swiftje\",\"isPartOf\":{\"@id\":\"https:\\\/\\\/dorogimedence.hu\\\/#website\"},\"primaryImageOfPage\":{\"@id\":\"https:\\\/\\\/dorogimedence.hu\\\/index.php\\\/2024\\\/03\\\/22\\\/megujult-a-suzuki-ikonikus-swiftje\\\/#primaryimage\"},\"image\":{\"@id\":\"https:\\\/\\\/dorogimedence.hu\\\/index.php\\\/2024\\\/03\\\/22\\\/megujult-a-suzuki-ikonikus-swiftje\\\/#primaryimage\"},\"thumbnailUrl\":\"https:\\\/\\\/dorogimedence.hu\\\/wp-content\\\/uploads\\\/2024\\\/03\\\/suzuki-01.jpg\",\"datePublished\":\"2024-03-22T10:53:17+00:00\",\"breadcrumb\":{\"@id\":\"https:\\\/\\\/dorogimedence.hu\\\/index.php\\\/2024\\\/03\\\/22\\\/megujult-a-suzuki-ikonikus-swiftje\\\/#breadcrumb\"},\"inLanguage\":\"hu\",\"potentialAction\":[{\"@type\":\"ReadAction\",\"target\":[\"https:\\\/\\\/dorogimedence.hu\\\/index.php\\\/2024\\\/03\\\/22\\\/megujult-a-suzuki-ikonikus-swiftje\\\/\"]}]},{\"@type\":\"ImageObject\",\"inLanguage\":\"hu\",\"@id\":\"https:\\\/\\\/dorogimedence.hu\\\/index.php\\\/2024\\\/03\\\/22\\\/megujult-a-suzuki-ikonikus-swiftje\\\/#primaryimage\",\"url\":\"https:\\\/\\\/dorogimedence.hu\\\/wp-content\\\/uploads\\\/2024\\\/03\\\/suzuki-01.jpg\",\"contentUrl\":\"https:\\\/\\\/dorogimedence.hu\\\/wp-content\\\/uploads\\\/2024\\\/03\\\/suzuki-01.jpg\",\"width\":1920,\"height\":998},{\"@type\":\"BreadcrumbList\",\"@id\":\"https:\\\/\\\/dorogimedence.hu\\\/index.php\\\/2024\\\/03\\\/22\\\/megujult-a-suzuki-ikonikus-swiftje\\\/#breadcrumb\",\"itemListElement\":[{\"@type\":\"ListItem\",\"position\":1,\"name\":\"Kezd\u0151lap\",\"item\":\"https:\\\/\\\/dorogimedence.hu\\\/\"},{\"@type\":\"ListItem\",\"position\":2,\"name\":\"Meg\u00fajult a Suzuki ikonikus Swiftje\"}]},{\"@type\":\"WebSite\",\"@id\":\"https:\\\/\\\/dorogimedence.hu\\\/#website\",\"url\":\"https:\\\/\\\/dorogimedence.hu\\\/\",\"name\":\"Dorogi-medence Region\u00e1lis H\u00edrport\u00e1l\",\"description\":\"Dorog, Keszt\u00f6lc, Le\u00e1nyv\u00e1r, Piliscs\u00e9v, Tokod, Tokodalt\u00e1r\u00f3, Csolnok, Esztergom-kertv\u00e1ros: h\u00edrek, programok\",\"publisher\":{\"@id\":\"https:\\\/\\\/dorogimedence.hu\\\/#organization\"},\"potentialAction\":[{\"@type\":\"SearchAction\",\"target\":{\"@type\":\"EntryPoint\",\"urlTemplate\":\"https:\\\/\\\/dorogimedence.hu\\\/?s={search_term_string}\"},\"query-input\":{\"@type\":\"PropertyValueSpecification\",\"valueRequired\":true,\"valueName\":\"search_term_string\"}}],\"inLanguage\":\"hu\"},{\"@type\":\"Organization\",\"@id\":\"https:\\\/\\\/dorogimedence.hu\\\/#organization\",\"name\":\"Dorogi-medence Region\u00e1lis H\u00edrport\u00e1l\",\"url\":\"https:\\\/\\\/dorogimedence.hu\\\/\",\"logo\":{\"@type\":\"ImageObject\",\"inLanguage\":\"hu\",\"@id\":\"https:\\\/\\\/dorogimedence.hu\\\/#\\\/schema\\\/logo\\\/image\\\/\",\"url\":\"https:\\\/\\\/dorogimedence.hu\\\/wp-content\\\/uploads\\\/2021\\\/04\\\/logo-feher-600.png\",\"contentUrl\":\"https:\\\/\\\/dorogimedence.hu\\\/wp-content\\\/uploads\\\/2021\\\/04\\\/logo-feher-600.png\",\"width\":600,\"height\":100,\"caption\":\"Dorogi-medence Region\u00e1lis H\u00edrport\u00e1l\"},\"image\":{\"@id\":\"https:\\\/\\\/dorogimedence.hu\\\/#\\\/schema\\\/logo\\\/image\\\/\"},\"sameAs\":[\"https:\\\/\\\/www.facebook.com\\\/dorogimedence\\\/\"]},{\"@type\":\"Person\",\"@id\":\"https:\\\/\\\/dorogimedence.hu\\\/#\\\/schema\\\/person\\\/ce6091eeb7e95ecdc87890d6aa8e0fd4\",\"name\":\"dorogimedence.hu\",\"image\":{\"@type\":\"ImageObject\",\"inLanguage\":\"hu\",\"@id\":\"\\\/\\\/www.gravatar.com\\\/avatar\\\/d8d45f8901aadff40a4af72c0b826f1d?s=96&#038;r=g&#038;d=mm\",\"url\":\"\\\/\\\/www.gravatar.com\\\/avatar\\\/d8d45f8901aadff40a4af72c0b826f1d?s=96&#038;r=g&#038;d=mm\",\"contentUrl\":\"\\\/\\\/www.gravatar.com\\\/avatar\\\/d8d45f8901aadff40a4af72c0b826f1d?s=96&#038;r=g&#038;d=mm\",\"caption\":\"dorogimedence.hu\"}}]}<\/script>\n<!-- \/ Yoast SEO plugin. -->","yoast_head_json":{"title":"Meg\u00fajult a Suzuki ikonikus Swiftje","robots":{"index":"index","follow":"follow","max-snippet":"max-snippet:-1","max-image-preview":"max-image-preview:large","max-video-preview":"max-video-preview:-1"},"canonical":"https:\/\/dorogimedence.hu\/index.php\/2024\/03\/22\/megujult-a-suzuki-ikonikus-swiftje\/","og_locale":"hu_HU","og_type":"article","og_title":"Meg\u00fajult a Suzuki ikonikus Swiftje","og_description":"A mai napon, Bordeauxban deb\u00fct\u00e1l a Suzuki Swift negyedik gener\u00e1ci\u00f3ja. A teljesen \u00faj modell el\u0151deinek \u00f6r\u00f6ks\u00e9g\u00e9re \u00e9p\u00edtve a k\u00e9nyelmet, a hat\u00e9konys\u00e1got \u00e9s a biztons\u00e1got el\u0151t\u00e9rbe helyezve sz\u00fcletett meg. A 1,2 literes motorral \u00e9s 12V SHVS l\u00e1gy hibrid rendszerrel szerelt sz\u00e9ria biztons\u00e1gi funkci\u00f3i, illetve k\u00fcls\u0151 \u00e9s bels\u0151 diz\u00e1jnja is meg\u00fajultak. A 169 orsz\u00e1gban el\u00e9rhet\u0151, sz\u00e1mos d\u00edjat","og_url":"https:\/\/dorogimedence.hu\/index.php\/2024\/03\/22\/megujult-a-suzuki-ikonikus-swiftje\/","og_site_name":"Dorogi-medence Region\u00e1lis H\u00edrport\u00e1l","article_publisher":"https:\/\/www.facebook.com\/dorogimedence\/","article_published_time":"2024-03-22T10:53:17+00:00","og_image":[{"width":1920,"height":998,"url":"https:\/\/dorogimedence.hu\/wp-content\/uploads\/2024\/03\/suzuki-01.jpg","type":"image\/jpeg"}],"author":"dorogimedence.hu","twitter_card":"summary_large_image","twitter_misc":{"Szerz\u0151:":"dorogimedence.hu","Becs\u00fclt olvas\u00e1si id\u0151":"10 perc"},"schema":{"@context":"https:\/\/schema.org","@graph":[{"@type":"Article","@id":"https:\/\/dorogimedence.hu\/index.php\/2024\/03\/22\/megujult-a-suzuki-ikonikus-swiftje\/#article","isPartOf":{"@id":"https:\/\/dorogimedence.hu\/index.php\/2024\/03\/22\/megujult-a-suzuki-ikonikus-swiftje\/"},"author":{"name":"dorogimedence.hu","@id":"https:\/\/dorogimedence.hu\/#\/schema\/person\/ce6091eeb7e95ecdc87890d6aa8e0fd4"},"headline":"Meg\u00fajult a Suzuki ikonikus Swiftje","datePublished":"2024-03-22T10:53:17+00:00","mainEntityOfPage":{"@id":"https:\/\/dorogimedence.hu\/index.php\/2024\/03\/22\/megujult-a-suzuki-ikonikus-swiftje\/"},"wordCount":1908,"publisher":{"@id":"https:\/\/dorogimedence.hu\/#organization"},"image":{"@id":"https:\/\/dorogimedence.hu\/index.php\/2024\/03\/22\/megujult-a-suzuki-ikonikus-swiftje\/#primaryimage"},"thumbnailUrl":"https:\/\/dorogimedence.hu\/wp-content\/uploads\/2024\/03\/suzuki-01.jpg","keywords":["Suzuki"],"articleSection":["H\u00edrek"],"inLanguage":"hu"},{"@type":"WebPage","@id":"https:\/\/dorogimedence.hu\/index.php\/2024\/03\/22\/megujult-a-suzuki-ikonikus-swiftje\/","url":"https:\/\/dorogimedence.hu\/index.php\/2024\/03\/22\/megujult-a-suzuki-ikonikus-swiftje\/","name":"Meg\u00fajult a Suzuki ikonikus Swiftje","isPartOf":{"@id":"https:\/\/dorogimedence.hu\/#website"},"primaryImageOfPage":{"@id":"https:\/\/dorogimedence.hu\/index.php\/2024\/03\/22\/megujult-a-suzuki-ikonikus-swiftje\/#primaryimage"},"image":{"@id":"https:\/\/dorogimedence.hu\/index.php\/2024\/03\/22\/megujult-a-suzuki-ikonikus-swiftje\/#primaryimage"},"thumbnailUrl":"https:\/\/dorogimedence.hu\/wp-content\/uploads\/2024\/03\/suzuki-01.jpg","datePublished":"2024-03-22T10:53:17+00:00","breadcrumb":{"@id":"https:\/\/dorogimedence.hu\/index.php\/2024\/03\/22\/megujult-a-suzuki-ikonikus-swiftje\/#breadcrumb"},"inLanguage":"hu","potentialAction":[{"@type":"ReadAction","target":["https:\/\/dorogimedence.hu\/index.php\/2024\/03\/22\/megujult-a-suzuki-ikonikus-swiftje\/"]}]},{"@type":"ImageObject","inLanguage":"hu","@id":"https:\/\/dorogimedence.hu\/index.php\/2024\/03\/22\/megujult-a-suzuki-ikonikus-swiftje\/#primaryimage","url":"https:\/\/dorogimedence.hu\/wp-content\/uploads\/2024\/03\/suzuki-01.jpg","contentUrl":"https:\/\/dorogimedence.hu\/wp-content\/uploads\/2024\/03\/suzuki-01.jpg","width":1920,"height":998},{"@type":"BreadcrumbList","@id":"https:\/\/dorogimedence.hu\/index.php\/2024\/03\/22\/megujult-a-suzuki-ikonikus-swiftje\/#breadcrumb","itemListElement":[{"@type":"ListItem","position":1,"name":"Kezd\u0151lap","item":"https:\/\/dorogimedence.hu\/"},{"@type":"ListItem","position":2,"name":"Meg\u00fajult a Suzuki ikonikus Swiftje"}]},{"@type":"WebSite","@id":"https:\/\/dorogimedence.hu\/#website","url":"https:\/\/dorogimedence.hu\/","name":"Dorogi-medence Region\u00e1lis H\u00edrport\u00e1l","description":"Dorog, Keszt\u00f6lc, Le\u00e1nyv\u00e1r, Piliscs\u00e9v, Tokod, Tokodalt\u00e1r\u00f3, Csolnok, Esztergom-kertv\u00e1ros: h\u00edrek, programok","publisher":{"@id":"https:\/\/dorogimedence.hu\/#organization"},"potentialAction":[{"@type":"SearchAction","target":{"@type":"EntryPoint","urlTemplate":"https:\/\/dorogimedence.hu\/?s={search_term_string}"},"query-input":{"@type":"PropertyValueSpecification","valueRequired":true,"valueName":"search_term_string"}}],"inLanguage":"hu"},{"@type":"Organization","@id":"https:\/\/dorogimedence.hu\/#organization","name":"Dorogi-medence Region\u00e1lis H\u00edrport\u00e1l","url":"https:\/\/dorogimedence.hu\/","logo":{"@type":"ImageObject","inLanguage":"hu","@id":"https:\/\/dorogimedence.hu\/#\/schema\/logo\/image\/","url":"https:\/\/dorogimedence.hu\/wp-content\/uploads\/2021\/04\/logo-feher-600.png","contentUrl":"https:\/\/dorogimedence.hu\/wp-content\/uploads\/2021\/04\/logo-feher-600.png","width":600,"height":100,"caption":"Dorogi-medence Region\u00e1lis H\u00edrport\u00e1l"},"image":{"@id":"https:\/\/dorogimedence.hu\/#\/schema\/logo\/image\/"},"sameAs":["https:\/\/www.facebook.com\/dorogimedence\/"]},{"@type":"Person","@id":"https:\/\/dorogimedence.hu\/#\/schema\/person\/ce6091eeb7e95ecdc87890d6aa8e0fd4","name":"dorogimedence.hu","image":{"@type":"ImageObject","inLanguage":"hu","@id":"\/\/www.gravatar.com\/avatar\/d8d45f8901aadff40a4af72c0b826f1d?s=96&#038;r=g&#038;d=mm","url":"\/\/www.gravatar.com\/avatar\/d8d45f8901aadff40a4af72c0b826f1d?s=96&#038;r=g&#038;d=mm","contentUrl":"\/\/www.gravatar.com\/avatar\/d8d45f8901aadff40a4af72c0b826f1d?s=96&#038;r=g&#038;d=mm","caption":"dorogimedence.hu"}}]}},"_links":{"self":[{"href":"https:\/\/dorogimedence.hu\/index.php\/wp-json\/wp\/v2\/posts\/60563","targetHints":{"allow":["GET"]}}],"collection":[{"href":"https:\/\/dorogimedence.hu\/index.php\/wp-json\/wp\/v2\/posts"}],"about":[{"href":"https:\/\/dorogimedence.hu\/index.php\/wp-json\/wp\/v2\/types\/post"}],"author":[{"embeddable":true,"href":"https:\/\/dorogimedence.hu\/index.php\/wp-json\/wp\/v2\/users\/1"}],"replies":[{"embeddable":true,"href":"https:\/\/dorogimedence.hu\/index.php\/wp-json\/wp\/v2\/comments?post=60563"}],"version-history":[{"count":0,"href":"https:\/\/dorogimedence.hu\/index.php\/wp-json\/wp\/v2\/posts\/60563\/revisions"}],"wp:featuredmedia":[{"embeddable":true,"href":"https:\/\/dorogimedence.hu\/index.php\/wp-json\/wp\/v2\/media\/60564"}],"wp:attachment":[{"href":"https:\/\/dorogimedence.hu\/index.php\/wp-json\/wp\/v2\/media?parent=60563"}],"wp:term":[{"taxonomy":"category","embeddable":true,"href":"https:\/\/dorogimedence.hu\/index.php\/wp-json\/wp\/v2\/categories?post=60563"},{"taxonomy":"post_tag","embeddable":true,"href":"https:\/\/dorogimedence.hu\/index.php\/wp-json\/wp\/v2\/tags?post=60563"}],"curies":[{"name":"wp","href":"https:\/\/api.w.org\/{rel}","templated":true}]}}