{"id":60416,"date":"2024-03-18T11:41:57","date_gmt":"2024-03-18T10:41:57","guid":{"rendered":"https:\/\/dorogimedence.hu\/?p=60416"},"modified":"2024-03-18T11:41:57","modified_gmt":"2024-03-18T10:41:57","slug":"710-alkoto-nevezett-a-richter-tett-mesepalyazat-harmadik-evadara","status":"publish","type":"post","link":"https:\/\/dorogimedence.hu\/index.php\/2024\/03\/18\/710-alkoto-nevezett-a-richter-tett-mesepalyazat-harmadik-evadara\/","title":{"rendered":"710 alkot\u00f3 nevezett a Richter TETT-mesep\u00e1ly\u00e1zat harmadik \u00e9vad\u00e1ra"},"content":{"rendered":"<p><strong>M\u00edg tavaly a kisebbek, id\u00e9n a 11 \u00e9s 14 \u00e9ves \u00e9letkor k\u00f6z\u00f6ttiek bizonyultak a legterm\u00e9kenyebbnek a \u201eRichter TETT: Te \u00e9s a term\u00e9szettudom\u00e1nyok \u2013 mes\u00e9s t\u00f6rt\u00e9netek 2023\u201d elnevez\u00e9s\u0171 mese- \u00e9s t\u00f6rt\u00e9net\u00edr\u00f3 p\u00e1ly\u00e1zaton: ebb\u0151l a koroszt\u00e1lyb\u00f3l \u00e9rkezett az alkot\u00e1sok csaknem fele. A gy\u0151ztes mes\u00e9k szerz\u0151i \u2013 akik k\u00f6z\u00f6tt akadt olyan, aki tavaly is els\u0151 helyez\u00e9st \u00e9rt el \u2013 a Budapest Music Centerben vehett\u00e9k \u00e1t j\u00f3l meg\u00e9rdemelt jutalmaikat.<\/strong><\/p>\n<p>A Richter Gedeon Nyrt. \u00e1ltal, A Term\u00e9szettudom\u00e1nyos Oktat\u00e1s\u00e9rt Szab\u00f3 Szabolcs Eml\u00e9k\u00e9re K\u00f6zhaszn\u00fa Alap\u00edtv\u00e1ny (Sz2A) szakmai egy\u00fcttm\u0171k\u00f6d\u00e9s\u00e9vel meghirdetett term\u00e9szettudom\u00e1nyos mese- \u00e9s t\u00f6rt\u00e9net\u00edr\u00f3 p\u00e1ly\u00e1zat ki\u00edr\u00e1s\u00e1ra nevezett 710 alkot\u00f3 k\u00f6z\u00f6tt t\u00f6bb olyan is akad, akinek m\u00e1r tavaly is kiemelte a mes\u00e9j\u00e9t a zs\u0171ri. \u201eAz idei, harmadik \u00e9vadunkban megbizonyosodtunk arr\u00f3l, hogy nemcsak a kisgyerekek, de a kamaszok is otthon \u00e9rzik magukat a mese birodalm\u00e1ban, besz\u00e9lnek, \u00edrnak, olvasnak \u00bbmes\u00e9\u00fcl\u00ab\u201d \u2013 fogalmazott<strong> D\u00f6brentey Ildik\u00f3<\/strong> Magyar \u00d6r\u00f6ks\u00e9g- \u00e9s Prima D\u00edjas \u00edr\u00f3, a zs\u0171ri tagja, arra utalva, hogy az idei p\u00e1lyamunk\u00e1k (618) k\u00f6z\u00fcl a legt\u00f6bbet (274) a 11 \u00e9s 14 \u00e9v k\u00f6z\u00f6ttiek k\u00fcldt\u00e9k be. Hozz\u00e1tette: a mese mindenre k\u00e9pes, m\u00e9g arra is, hogy elvezesse a di\u00e1kokat a term\u00e9szettudom\u00e1nyok megismer\u00e9s\u00e9hez, kutat\u00e1s\u00e1hoz \u00e9s tov\u00e1bbad\u00e1s\u00e1hoz.<\/p>\n<p>Hasonl\u00f3 v\u00e9lem\u00e9nyt fogalmazott meg <strong>Prof. Dr. Sz\u00e1ntay Csaba<\/strong>, a p\u00e1ly\u00e1zat zs\u0171rij\u00e9nek tagja, a Richter Gedeon tudom\u00e1nyos f\u0151tan\u00e1csad\u00f3ja, eg\u00e9szs\u00e9g\u00fcgy- \u00e9s oktat\u00e1st\u00e1mogat\u00e1si vezet\u0151je. Szerinte a Richter TETT-mesep\u00e1ly\u00e1zat egyed\u00fcl\u00e1ll\u00f3 \u00e9s \u00fajszer\u0171 m\u00f3don ad egy lehets\u00e9ges v\u00e1laszt arra a sokakat foglalkoztat\u00f3 probl\u00e9m\u00e1ra, hogy hogyan lehet fellobbantani a term\u00e9szettudom\u00e1nyok ir\u00e1nti szeretet a fiatalokban: az \u00f6nmegismer\u00e9sen alapul\u00f3 alkot\u00f3i szenved\u00e9ly felfedez\u00e9s\u00e9ben \u00e9s kibontakoztat\u00e1s\u00e1ban term\u00e9szettudom\u00e1nyos irodalmi m\u0171vek meg\u00edr\u00e1s\u00e1n kereszt\u00fcl.<\/p>\n<p>\u00dajszer\u0171 \u00e9s eredeti t\u00e9mav\u00e1laszt\u00e1sokr\u00f3l, b\u00e1tor k\u00e9rd\u00e9sfelvet\u00e9sekr\u0151l, humorr\u00f3l, \u00f6tletgazdags\u00e1gr\u00f3l, leny\u0171g\u00f6z\u0151 sz\u00f6vegalkot\u00f3 \u00e9s tudom\u00e1nyos felk\u00e9sz\u00fclts\u00e9gr\u0151l sz\u00e1molt be <strong>Bajz\u00e1th M\u00e1ria<\/strong> zs\u0171ritag, \u00c9v Gyerekk\u00f6nyve D\u00edjas, N\u0151k Lapja Irodalmi D\u00edjas \u00edr\u00f3, nevel\u00e9studom\u00e1nyi b\u00f6lcs\u00e9sz, pedag\u00f3gus, a N\u00e9pmesekincst\u00e1r Mesepedag\u00f3gia M\u0171hely szakmai vezet\u0151je, akinek saj\u00e1t bevall\u00e1sa szerint az idei p\u00e1lyam\u0171vek szerz\u0151i is sz\u00e1mtalan katartikus pillanatot szereztek.<\/p>\n<p>\u201eMesebeli sz\u00e1mhoz \u00e9rt\u00fcnk, harmadszor adjuk \u00e1t a Richter TETT-mesep\u00e1ly\u00e1zat legjobbjainak d\u00edjait, r\u00e1ad\u00e1sul egy mesebeli helysz\u00ednen, a magyar kult\u00far\u00e1t imm\u00e1r t\u00f6bb mint t\u00edz \u00e9ve szolg\u00e1l\u00f3 Budapest Music Centerben\u201d \u2013&nbsp; fogalmazott <strong>Holtzer P\u00e9ter<\/strong>, az Sz2A eln\u00f6ke, aki szerint az idei ki\u00edr\u00e1s is bebizony\u00edtotta: a term\u00e9szettudom\u00e1nyos t\u00f6rt\u00e9netek t\u00falmutatnak ugyan a kir\u00e1lykisasszonyok, hercegek, boszork\u00e1nyok \u00e9s var\u00e1zsl\u00f3k vil\u00e1g\u00e1n, ugyanakkor kell\u0151 b\u00e1tors\u00e1got, \u00f6tletess\u00e9get \u00e9s sz\u00e9pirodalmi v\u00e9n\u00e1t felt\u00e9telezve remek\u00fcl meg is f\u00e9rnek benne.<\/p>\n<p>Ak\u00e1rcsak a p\u00e1ly\u00e1zat kor\u00e1bbi \u00e9vadjaiban, az id\u00e9n 12 d\u00edjat \u00e9s 4 k\u00fcl\u00f6nd\u00edjat, valamint az ezekhez tartoz\u00f3 \u00e9rt\u00e9kes t\u00e1rgyjutalmakat kioszt\u00f3 zs\u0171ri a legink\u00e1bb figyelemrem\u00e9lt\u00f3nak tal\u00e1lt 76 alkot\u00e1s szerz\u0151it azzal ismeri el, hogy a mes\u00e9ik megjelennek a TETT soron k\u00f6vetkez\u0151 antol\u00f3gi\u00e1j\u00e1ban. A TETT-k\u00f6z\u00f6ss\u00e9g erej\u00e9t mutatja, hogy az id\u00e9n megjelen\u0151 k\u00f6nyvben 4 olyan szerz\u0151 \u00edr\u00e1sa is megjelenik, akiknek alkot\u00e1sai m\u00e1r az el\u0151z\u0151 k\u00e9t alkalommal is szerepeltek a k\u00f6nyvben.<\/p>\n<p><img fetchpriority=\"high\" decoding=\"async\" class=\"alignnone size-full wp-image-60418\" src=\"https:\/\/dorogimedence.hu\/wp-content\/uploads\/2024\/03\/richter-02.jpg\" alt=\"\" width=\"1920\" height=\"1280\" srcset=\"https:\/\/dorogimedence.hu\/wp-content\/uploads\/2024\/03\/richter-02.jpg 1920w, https:\/\/dorogimedence.hu\/wp-content\/uploads\/2024\/03\/richter-02-600x400.jpg 600w, https:\/\/dorogimedence.hu\/wp-content\/uploads\/2024\/03\/richter-02-768x512.jpg 768w, https:\/\/dorogimedence.hu\/wp-content\/uploads\/2024\/03\/richter-02-1536x1024.jpg 1536w, https:\/\/dorogimedence.hu\/wp-content\/uploads\/2024\/03\/richter-02-150x100.jpg 150w, https:\/\/dorogimedence.hu\/wp-content\/uploads\/2024\/03\/richter-02-450x300.jpg 450w, https:\/\/dorogimedence.hu\/wp-content\/uploads\/2024\/03\/richter-02-1200x800.jpg 1200w, https:\/\/dorogimedence.hu\/wp-content\/uploads\/2024\/03\/richter-02-272x182.jpg 272w\" sizes=\"(max-width: 1920px) 100vw, 1920px\" \/><\/p>\n<h3>Az Sz2A-r\u00f3l<\/h3>\n<p><span style=\"text-decoration: underline; color: #0000ff;\"><a style=\"color: #0000ff; text-decoration: underline;\" href=\"https:\/\/sz2a.hu\/\" target=\"_blank\" rel=\"noopener\">A Term\u00e9szettudom\u00e1nyos Oktat\u00e1s\u00e9rt Szab\u00f3 Szabolcs Eml\u00e9k\u00e9re K\u00f6zhaszn\u00fa Alap\u00edtv\u00e1ny<\/a><\/span> a tudom\u00e1nyos oktat\u00e1s f\u00e9nyes m\u00faltj\u00e1hoz m\u00e9lt\u00f3 platformk\u00e9nt k\u00edv\u00e1nja szolg\u00e1lni pedag\u00f3gusok, pedag\u00f3gushallgat\u00f3k, di\u00e1kok, sz\u00fcl\u0151k, tan\u00e1rk\u00e9pz\u0151 egyetemek, \u00e9s a szakembereket munkaad\u00f3k\u00e9nt foglalkoztat\u00f3 szervezetek \u00e9p\u00edt\u0151 egy\u00fcttm\u0171k\u00f6d\u00e9s\u00e9t a neh\u00e9zs\u00e9gekkel k\u00fczd\u0151 oktat\u00e1si rendszer t\u00e1mogat\u00e1s\u00e1ban, s ennek jegy\u00e9ben kezdem\u00e9nyez \u00e9s szervez programokat. Az Sz2A \u00f6szt\u00f6nzi a tan\u00e1rok, tan\u00e1ri p\u00e1ly\u00e1ra k\u00e9sz\u00fcl\u0151 hallgat\u00f3k \u00e9s di\u00e1kok mentor\u00e1l\u00e1s\u00e1t; n\u00e9vad\u00f3ja, a fiatalon elhunyt kit\u0171n\u0151 k\u00e9miatan\u00e1r, Szab\u00f3 Szabolcs kezdem\u00e9nyez\u00e9s\u00e9t folytatva di\u00e1kokat von be a k\u00eds\u00e9rletez\u00e9sbe a vid\u00e9ki iskol\u00e1kra f\u00f3kusz\u00e1l\u00f3 K\u00e9mia MobilLabor, valamint a 2024-ben indul\u00f3 Fizika MobilLabor keret\u00e9ben; komplex term\u00e9szettudom\u00e1nyos orsz\u00e1gos csapatversenyt, V\u00e1ndorkup\u00e1t szervez \u00e1ltal\u00e1nos iskol\u00e1k tanul\u00f3i sz\u00e1m\u00e1ra; seg\u00edti a term\u00e9szettudom\u00e1nyokat oktat\u00f3k napi munk\u00e1j\u00e1t a tanmenethez kapcsol\u00f3d\u00f3, lektor\u00e1lt (vide\u00f3t, feladatlapot, anim\u00e1ci\u00f3t \u00e9s m\u00e1s gy\u0171jtem\u00e9nyt tartalmaz\u00f3) honlapcsal\u00e1ddal; illetve a k\u00e9miatan\u00e1rokat k\u00e9thetente kik\u00fcld\u00f6tt h\u00edrlevel\u00e9vel inform\u00e1lja.<\/p>\n<h3>A Richter GedEon Nyrt.-r\u0151l<\/h3>\n<p>A r\u00e9gi\u00f3 vezet\u0151 gy\u00f3gyszerc\u00e9ge magyarorsz\u00e1gi k\u00f6zpont\u00fa, magyar ir\u00e1ny\u00edt\u00e1s\u00fa, magas hozz\u00e1adott \u00e9rt\u00e9kre \u00e9s nagyfok\u00fa innovativit\u00e1sra \u00e9p\u00fcl\u0151, specializ\u00e1lt multinacion\u00e1lis v\u00e1llalat. A min\u0151s\u00e9gi szaktud\u00e1s \u00e9s az innov\u00e1ci\u00f3s potenci\u00e1l megl\u00e9t\u00e9re \u00e9p\u00edt\u0151 nagyfoglalkoztat\u00f3k\u00e9nt a Richter a legjelent\u0151sebb hazai koncentr\u00e1lt tud\u00e1scentrum, amely \u2013 szinte egyed\u00fcl\u00e1ll\u00f3 m\u00f3don \u2013 az innov\u00e1ci\u00f3s l\u00e1nc teljes spektrum\u00e1ban folyamatosan akt\u00edv \u00e9s igen eredm\u00e9nyes. A v\u00e1llalat vertik\u00e1lisan integr\u00e1lt m\u00f3don gy\u00f3gyszergy\u00e1rt\u00e1ssal, kutat\u00e1s-fejleszt\u00e9ssel, kereskedelemmel, valamint marketinggel foglalkozik. A Richter az eg\u00e9szs\u00e9g\u00fcgy \u00e9s az oktat\u00e1s elk\u00f6telezett t\u00e1mogat\u00f3ja. Tov\u00e1bbi inform\u00e1ci\u00f3k a <a href=\"http:\/\/www.gedeonrichter.com\" target=\"_blank\" rel=\"noopener\"><span style=\"text-decoration: underline; color: #0000ff;\">www.gedeonrichter.com<\/span><\/a> weboldalon.<\/p>\n","protected":false},"excerpt":{"rendered":"<p>M\u00edg tavaly a kisebbek, id\u00e9n a 11 \u00e9s 14 \u00e9ves \u00e9letkor k\u00f6z\u00f6ttiek bizonyultak a legterm\u00e9kenyebbnek a \u201eRichter TETT: Te \u00e9s a term\u00e9szettudom\u00e1nyok \u2013 mes\u00e9s t\u00f6rt\u00e9netek 2023\u201d elnevez\u00e9s\u0171 mese- \u00e9s t\u00f6rt\u00e9net\u00edr\u00f3 p\u00e1ly\u00e1zaton: ebb\u0151l a koroszt\u00e1lyb\u00f3l \u00e9rkezett az alkot\u00e1sok csaknem fele. A gy\u0151ztes mes\u00e9k szerz\u0151i \u2013 akik k\u00f6z\u00f6tt akadt olyan, aki tavaly is els\u0151 helyez\u00e9st \u00e9rt el<\/p>\n","protected":false},"author":1,"featured_media":60417,"comment_status":"closed","ping_status":"closed","sticky":false,"template":"","format":"standard","meta":{"ngg_post_thumbnail":0,"footnotes":""},"categories":[3],"tags":[4060,4771,7755],"class_list":{"0":"post-60416","1":"post","2":"type-post","3":"status-publish","4":"format-standard","5":"has-post-thumbnail","7":"category-hirek","8":"tag-richter","9":"tag-richter-gedeon-nyrt","10":"tag-richter-tett-mesepalyazat"},"yoast_head":"<!-- This site is optimized with the Yoast SEO plugin v27.5 - https:\/\/yoast.com\/product\/yoast-seo-wordpress\/ -->\n<title>710 alkot\u00f3 nevezett a Richter TETT-mesep\u00e1ly\u00e1zat harmadik \u00e9vad\u00e1ra<\/title>\n<meta name=\"robots\" content=\"index, follow, max-snippet:-1, max-image-preview:large, max-video-preview:-1\" \/>\n<link rel=\"canonical\" href=\"https:\/\/dorogimedence.hu\/index.php\/2024\/03\/18\/710-alkoto-nevezett-a-richter-tett-mesepalyazat-harmadik-evadara\/\" class=\"yoast-seo-meta-tag\" \/>\n<meta property=\"og:locale\" content=\"hu_HU\" class=\"yoast-seo-meta-tag\" \/>\n<meta property=\"og:type\" content=\"article\" class=\"yoast-seo-meta-tag\" \/>\n<meta property=\"og:title\" content=\"710 alkot\u00f3 nevezett a Richter TETT-mesep\u00e1ly\u00e1zat harmadik \u00e9vad\u00e1ra\" class=\"yoast-seo-meta-tag\" \/>\n<meta property=\"og:description\" content=\"M\u00edg tavaly a kisebbek, id\u00e9n a 11 \u00e9s 14 \u00e9ves \u00e9letkor k\u00f6z\u00f6ttiek bizonyultak a legterm\u00e9kenyebbnek a \u201eRichter TETT: Te \u00e9s a term\u00e9szettudom\u00e1nyok \u2013 mes\u00e9s t\u00f6rt\u00e9netek 2023\u201d elnevez\u00e9s\u0171 mese- \u00e9s t\u00f6rt\u00e9net\u00edr\u00f3 p\u00e1ly\u00e1zaton: ebb\u0151l a koroszt\u00e1lyb\u00f3l \u00e9rkezett az alkot\u00e1sok csaknem fele. A gy\u0151ztes mes\u00e9k szerz\u0151i \u2013 akik k\u00f6z\u00f6tt akadt olyan, aki tavaly is els\u0151 helyez\u00e9st \u00e9rt el\" class=\"yoast-seo-meta-tag\" \/>\n<meta property=\"og:url\" content=\"https:\/\/dorogimedence.hu\/index.php\/2024\/03\/18\/710-alkoto-nevezett-a-richter-tett-mesepalyazat-harmadik-evadara\/\" class=\"yoast-seo-meta-tag\" \/>\n<meta property=\"og:site_name\" content=\"Dorogi-medence Region\u00e1lis H\u00edrport\u00e1l\" class=\"yoast-seo-meta-tag\" \/>\n<meta property=\"article:publisher\" content=\"https:\/\/www.facebook.com\/dorogimedence\/\" class=\"yoast-seo-meta-tag\" \/>\n<meta property=\"article:published_time\" content=\"2024-03-18T10:41:57+00:00\" class=\"yoast-seo-meta-tag\" \/>\n<meta property=\"og:image\" content=\"https:\/\/dorogimedence.hu\/wp-content\/uploads\/2024\/03\/richter-01.jpg\" class=\"yoast-seo-meta-tag\" \/>\n\t<meta property=\"og:image:width\" content=\"1920\" class=\"yoast-seo-meta-tag\" \/>\n\t<meta property=\"og:image:height\" content=\"970\" class=\"yoast-seo-meta-tag\" \/>\n\t<meta property=\"og:image:type\" content=\"image\/jpeg\" class=\"yoast-seo-meta-tag\" \/>\n<meta name=\"author\" content=\"dorogimedence.hu\" class=\"yoast-seo-meta-tag\" \/>\n<meta name=\"twitter:card\" content=\"summary_large_image\" class=\"yoast-seo-meta-tag\" \/>\n<meta name=\"twitter:label1\" content=\"Szerz\u0151:\" class=\"yoast-seo-meta-tag\" \/>\n\t<meta name=\"twitter:data1\" content=\"dorogimedence.hu\" class=\"yoast-seo-meta-tag\" \/>\n\t<meta name=\"twitter:label2\" content=\"Becs\u00fclt olvas\u00e1si id\u0151\" class=\"yoast-seo-meta-tag\" \/>\n\t<meta name=\"twitter:data2\" content=\"5 perc\" class=\"yoast-seo-meta-tag\" \/>\n<script type=\"application\/ld+json\" class=\"yoast-schema-graph\">{\"@context\":\"https:\\\/\\\/schema.org\",\"@graph\":[{\"@type\":\"Article\",\"@id\":\"https:\\\/\\\/dorogimedence.hu\\\/index.php\\\/2024\\\/03\\\/18\\\/710-alkoto-nevezett-a-richter-tett-mesepalyazat-harmadik-evadara\\\/#article\",\"isPartOf\":{\"@id\":\"https:\\\/\\\/dorogimedence.hu\\\/index.php\\\/2024\\\/03\\\/18\\\/710-alkoto-nevezett-a-richter-tett-mesepalyazat-harmadik-evadara\\\/\"},\"author\":{\"name\":\"dorogimedence.hu\",\"@id\":\"https:\\\/\\\/dorogimedence.hu\\\/#\\\/schema\\\/person\\\/ce6091eeb7e95ecdc87890d6aa8e0fd4\"},\"headline\":\"710 alkot\u00f3 nevezett a Richter TETT-mesep\u00e1ly\u00e1zat harmadik \u00e9vad\u00e1ra\",\"datePublished\":\"2024-03-18T10:41:57+00:00\",\"mainEntityOfPage\":{\"@id\":\"https:\\\/\\\/dorogimedence.hu\\\/index.php\\\/2024\\\/03\\\/18\\\/710-alkoto-nevezett-a-richter-tett-mesepalyazat-harmadik-evadara\\\/\"},\"wordCount\":1038,\"publisher\":{\"@id\":\"https:\\\/\\\/dorogimedence.hu\\\/#organization\"},\"image\":{\"@id\":\"https:\\\/\\\/dorogimedence.hu\\\/index.php\\\/2024\\\/03\\\/18\\\/710-alkoto-nevezett-a-richter-tett-mesepalyazat-harmadik-evadara\\\/#primaryimage\"},\"thumbnailUrl\":\"https:\\\/\\\/dorogimedence.hu\\\/wp-content\\\/uploads\\\/2024\\\/03\\\/richter-01.jpg\",\"keywords\":[\"richter\",\"Richter Gedeon Nyrt.\",\"Richter TETT-mesep\u00e1ly\u00e1zat\"],\"articleSection\":[\"H\u00edrek\"],\"inLanguage\":\"hu\"},{\"@type\":\"WebPage\",\"@id\":\"https:\\\/\\\/dorogimedence.hu\\\/index.php\\\/2024\\\/03\\\/18\\\/710-alkoto-nevezett-a-richter-tett-mesepalyazat-harmadik-evadara\\\/\",\"url\":\"https:\\\/\\\/dorogimedence.hu\\\/index.php\\\/2024\\\/03\\\/18\\\/710-alkoto-nevezett-a-richter-tett-mesepalyazat-harmadik-evadara\\\/\",\"name\":\"710 alkot\u00f3 nevezett a Richter TETT-mesep\u00e1ly\u00e1zat harmadik \u00e9vad\u00e1ra\",\"isPartOf\":{\"@id\":\"https:\\\/\\\/dorogimedence.hu\\\/#website\"},\"primaryImageOfPage\":{\"@id\":\"https:\\\/\\\/dorogimedence.hu\\\/index.php\\\/2024\\\/03\\\/18\\\/710-alkoto-nevezett-a-richter-tett-mesepalyazat-harmadik-evadara\\\/#primaryimage\"},\"image\":{\"@id\":\"https:\\\/\\\/dorogimedence.hu\\\/index.php\\\/2024\\\/03\\\/18\\\/710-alkoto-nevezett-a-richter-tett-mesepalyazat-harmadik-evadara\\\/#primaryimage\"},\"thumbnailUrl\":\"https:\\\/\\\/dorogimedence.hu\\\/wp-content\\\/uploads\\\/2024\\\/03\\\/richter-01.jpg\",\"datePublished\":\"2024-03-18T10:41:57+00:00\",\"breadcrumb\":{\"@id\":\"https:\\\/\\\/dorogimedence.hu\\\/index.php\\\/2024\\\/03\\\/18\\\/710-alkoto-nevezett-a-richter-tett-mesepalyazat-harmadik-evadara\\\/#breadcrumb\"},\"inLanguage\":\"hu\",\"potentialAction\":[{\"@type\":\"ReadAction\",\"target\":[\"https:\\\/\\\/dorogimedence.hu\\\/index.php\\\/2024\\\/03\\\/18\\\/710-alkoto-nevezett-a-richter-tett-mesepalyazat-harmadik-evadara\\\/\"]}]},{\"@type\":\"ImageObject\",\"inLanguage\":\"hu\",\"@id\":\"https:\\\/\\\/dorogimedence.hu\\\/index.php\\\/2024\\\/03\\\/18\\\/710-alkoto-nevezett-a-richter-tett-mesepalyazat-harmadik-evadara\\\/#primaryimage\",\"url\":\"https:\\\/\\\/dorogimedence.hu\\\/wp-content\\\/uploads\\\/2024\\\/03\\\/richter-01.jpg\",\"contentUrl\":\"https:\\\/\\\/dorogimedence.hu\\\/wp-content\\\/uploads\\\/2024\\\/03\\\/richter-01.jpg\",\"width\":1920,\"height\":970},{\"@type\":\"BreadcrumbList\",\"@id\":\"https:\\\/\\\/dorogimedence.hu\\\/index.php\\\/2024\\\/03\\\/18\\\/710-alkoto-nevezett-a-richter-tett-mesepalyazat-harmadik-evadara\\\/#breadcrumb\",\"itemListElement\":[{\"@type\":\"ListItem\",\"position\":1,\"name\":\"Kezd\u0151lap\",\"item\":\"https:\\\/\\\/dorogimedence.hu\\\/\"},{\"@type\":\"ListItem\",\"position\":2,\"name\":\"710 alkot\u00f3 nevezett a Richter TETT-mesep\u00e1ly\u00e1zat harmadik \u00e9vad\u00e1ra\"}]},{\"@type\":\"WebSite\",\"@id\":\"https:\\\/\\\/dorogimedence.hu\\\/#website\",\"url\":\"https:\\\/\\\/dorogimedence.hu\\\/\",\"name\":\"Dorogi-medence Region\u00e1lis H\u00edrport\u00e1l\",\"description\":\"Dorog, Keszt\u00f6lc, Le\u00e1nyv\u00e1r, Piliscs\u00e9v, Tokod, Tokodalt\u00e1r\u00f3, Csolnok, Esztergom-kertv\u00e1ros: h\u00edrek, programok\",\"publisher\":{\"@id\":\"https:\\\/\\\/dorogimedence.hu\\\/#organization\"},\"potentialAction\":[{\"@type\":\"SearchAction\",\"target\":{\"@type\":\"EntryPoint\",\"urlTemplate\":\"https:\\\/\\\/dorogimedence.hu\\\/?s={search_term_string}\"},\"query-input\":{\"@type\":\"PropertyValueSpecification\",\"valueRequired\":true,\"valueName\":\"search_term_string\"}}],\"inLanguage\":\"hu\"},{\"@type\":\"Organization\",\"@id\":\"https:\\\/\\\/dorogimedence.hu\\\/#organization\",\"name\":\"Dorogi-medence Region\u00e1lis H\u00edrport\u00e1l\",\"url\":\"https:\\\/\\\/dorogimedence.hu\\\/\",\"logo\":{\"@type\":\"ImageObject\",\"inLanguage\":\"hu\",\"@id\":\"https:\\\/\\\/dorogimedence.hu\\\/#\\\/schema\\\/logo\\\/image\\\/\",\"url\":\"https:\\\/\\\/dorogimedence.hu\\\/wp-content\\\/uploads\\\/2021\\\/04\\\/logo-feher-600.png\",\"contentUrl\":\"https:\\\/\\\/dorogimedence.hu\\\/wp-content\\\/uploads\\\/2021\\\/04\\\/logo-feher-600.png\",\"width\":600,\"height\":100,\"caption\":\"Dorogi-medence Region\u00e1lis H\u00edrport\u00e1l\"},\"image\":{\"@id\":\"https:\\\/\\\/dorogimedence.hu\\\/#\\\/schema\\\/logo\\\/image\\\/\"},\"sameAs\":[\"https:\\\/\\\/www.facebook.com\\\/dorogimedence\\\/\"]},{\"@type\":\"Person\",\"@id\":\"https:\\\/\\\/dorogimedence.hu\\\/#\\\/schema\\\/person\\\/ce6091eeb7e95ecdc87890d6aa8e0fd4\",\"name\":\"dorogimedence.hu\",\"image\":{\"@type\":\"ImageObject\",\"inLanguage\":\"hu\",\"@id\":\"\\\/\\\/www.gravatar.com\\\/avatar\\\/d8d45f8901aadff40a4af72c0b826f1d?s=96&#038;r=g&#038;d=mm\",\"url\":\"\\\/\\\/www.gravatar.com\\\/avatar\\\/d8d45f8901aadff40a4af72c0b826f1d?s=96&#038;r=g&#038;d=mm\",\"contentUrl\":\"\\\/\\\/www.gravatar.com\\\/avatar\\\/d8d45f8901aadff40a4af72c0b826f1d?s=96&#038;r=g&#038;d=mm\",\"caption\":\"dorogimedence.hu\"}}]}<\/script>\n<!-- \/ Yoast SEO plugin. -->","yoast_head_json":{"title":"710 alkot\u00f3 nevezett a Richter TETT-mesep\u00e1ly\u00e1zat harmadik \u00e9vad\u00e1ra","robots":{"index":"index","follow":"follow","max-snippet":"max-snippet:-1","max-image-preview":"max-image-preview:large","max-video-preview":"max-video-preview:-1"},"canonical":"https:\/\/dorogimedence.hu\/index.php\/2024\/03\/18\/710-alkoto-nevezett-a-richter-tett-mesepalyazat-harmadik-evadara\/","og_locale":"hu_HU","og_type":"article","og_title":"710 alkot\u00f3 nevezett a Richter TETT-mesep\u00e1ly\u00e1zat harmadik \u00e9vad\u00e1ra","og_description":"M\u00edg tavaly a kisebbek, id\u00e9n a 11 \u00e9s 14 \u00e9ves \u00e9letkor k\u00f6z\u00f6ttiek bizonyultak a legterm\u00e9kenyebbnek a \u201eRichter TETT: Te \u00e9s a term\u00e9szettudom\u00e1nyok \u2013 mes\u00e9s t\u00f6rt\u00e9netek 2023\u201d elnevez\u00e9s\u0171 mese- \u00e9s t\u00f6rt\u00e9net\u00edr\u00f3 p\u00e1ly\u00e1zaton: ebb\u0151l a koroszt\u00e1lyb\u00f3l \u00e9rkezett az alkot\u00e1sok csaknem fele. A gy\u0151ztes mes\u00e9k szerz\u0151i \u2013 akik k\u00f6z\u00f6tt akadt olyan, aki tavaly is els\u0151 helyez\u00e9st \u00e9rt el","og_url":"https:\/\/dorogimedence.hu\/index.php\/2024\/03\/18\/710-alkoto-nevezett-a-richter-tett-mesepalyazat-harmadik-evadara\/","og_site_name":"Dorogi-medence Region\u00e1lis H\u00edrport\u00e1l","article_publisher":"https:\/\/www.facebook.com\/dorogimedence\/","article_published_time":"2024-03-18T10:41:57+00:00","og_image":[{"width":1920,"height":970,"url":"https:\/\/dorogimedence.hu\/wp-content\/uploads\/2024\/03\/richter-01.jpg","type":"image\/jpeg"}],"author":"dorogimedence.hu","twitter_card":"summary_large_image","twitter_misc":{"Szerz\u0151:":"dorogimedence.hu","Becs\u00fclt olvas\u00e1si id\u0151":"5 perc"},"schema":{"@context":"https:\/\/schema.org","@graph":[{"@type":"Article","@id":"https:\/\/dorogimedence.hu\/index.php\/2024\/03\/18\/710-alkoto-nevezett-a-richter-tett-mesepalyazat-harmadik-evadara\/#article","isPartOf":{"@id":"https:\/\/dorogimedence.hu\/index.php\/2024\/03\/18\/710-alkoto-nevezett-a-richter-tett-mesepalyazat-harmadik-evadara\/"},"author":{"name":"dorogimedence.hu","@id":"https:\/\/dorogimedence.hu\/#\/schema\/person\/ce6091eeb7e95ecdc87890d6aa8e0fd4"},"headline":"710 alkot\u00f3 nevezett a Richter TETT-mesep\u00e1ly\u00e1zat harmadik \u00e9vad\u00e1ra","datePublished":"2024-03-18T10:41:57+00:00","mainEntityOfPage":{"@id":"https:\/\/dorogimedence.hu\/index.php\/2024\/03\/18\/710-alkoto-nevezett-a-richter-tett-mesepalyazat-harmadik-evadara\/"},"wordCount":1038,"publisher":{"@id":"https:\/\/dorogimedence.hu\/#organization"},"image":{"@id":"https:\/\/dorogimedence.hu\/index.php\/2024\/03\/18\/710-alkoto-nevezett-a-richter-tett-mesepalyazat-harmadik-evadara\/#primaryimage"},"thumbnailUrl":"https:\/\/dorogimedence.hu\/wp-content\/uploads\/2024\/03\/richter-01.jpg","keywords":["richter","Richter Gedeon Nyrt.","Richter TETT-mesep\u00e1ly\u00e1zat"],"articleSection":["H\u00edrek"],"inLanguage":"hu"},{"@type":"WebPage","@id":"https:\/\/dorogimedence.hu\/index.php\/2024\/03\/18\/710-alkoto-nevezett-a-richter-tett-mesepalyazat-harmadik-evadara\/","url":"https:\/\/dorogimedence.hu\/index.php\/2024\/03\/18\/710-alkoto-nevezett-a-richter-tett-mesepalyazat-harmadik-evadara\/","name":"710 alkot\u00f3 nevezett a Richter TETT-mesep\u00e1ly\u00e1zat harmadik \u00e9vad\u00e1ra","isPartOf":{"@id":"https:\/\/dorogimedence.hu\/#website"},"primaryImageOfPage":{"@id":"https:\/\/dorogimedence.hu\/index.php\/2024\/03\/18\/710-alkoto-nevezett-a-richter-tett-mesepalyazat-harmadik-evadara\/#primaryimage"},"image":{"@id":"https:\/\/dorogimedence.hu\/index.php\/2024\/03\/18\/710-alkoto-nevezett-a-richter-tett-mesepalyazat-harmadik-evadara\/#primaryimage"},"thumbnailUrl":"https:\/\/dorogimedence.hu\/wp-content\/uploads\/2024\/03\/richter-01.jpg","datePublished":"2024-03-18T10:41:57+00:00","breadcrumb":{"@id":"https:\/\/dorogimedence.hu\/index.php\/2024\/03\/18\/710-alkoto-nevezett-a-richter-tett-mesepalyazat-harmadik-evadara\/#breadcrumb"},"inLanguage":"hu","potentialAction":[{"@type":"ReadAction","target":["https:\/\/dorogimedence.hu\/index.php\/2024\/03\/18\/710-alkoto-nevezett-a-richter-tett-mesepalyazat-harmadik-evadara\/"]}]},{"@type":"ImageObject","inLanguage":"hu","@id":"https:\/\/dorogimedence.hu\/index.php\/2024\/03\/18\/710-alkoto-nevezett-a-richter-tett-mesepalyazat-harmadik-evadara\/#primaryimage","url":"https:\/\/dorogimedence.hu\/wp-content\/uploads\/2024\/03\/richter-01.jpg","contentUrl":"https:\/\/dorogimedence.hu\/wp-content\/uploads\/2024\/03\/richter-01.jpg","width":1920,"height":970},{"@type":"BreadcrumbList","@id":"https:\/\/dorogimedence.hu\/index.php\/2024\/03\/18\/710-alkoto-nevezett-a-richter-tett-mesepalyazat-harmadik-evadara\/#breadcrumb","itemListElement":[{"@type":"ListItem","position":1,"name":"Kezd\u0151lap","item":"https:\/\/dorogimedence.hu\/"},{"@type":"ListItem","position":2,"name":"710 alkot\u00f3 nevezett a Richter TETT-mesep\u00e1ly\u00e1zat harmadik \u00e9vad\u00e1ra"}]},{"@type":"WebSite","@id":"https:\/\/dorogimedence.hu\/#website","url":"https:\/\/dorogimedence.hu\/","name":"Dorogi-medence Region\u00e1lis H\u00edrport\u00e1l","description":"Dorog, Keszt\u00f6lc, Le\u00e1nyv\u00e1r, Piliscs\u00e9v, Tokod, Tokodalt\u00e1r\u00f3, Csolnok, Esztergom-kertv\u00e1ros: h\u00edrek, programok","publisher":{"@id":"https:\/\/dorogimedence.hu\/#organization"},"potentialAction":[{"@type":"SearchAction","target":{"@type":"EntryPoint","urlTemplate":"https:\/\/dorogimedence.hu\/?s={search_term_string}"},"query-input":{"@type":"PropertyValueSpecification","valueRequired":true,"valueName":"search_term_string"}}],"inLanguage":"hu"},{"@type":"Organization","@id":"https:\/\/dorogimedence.hu\/#organization","name":"Dorogi-medence Region\u00e1lis H\u00edrport\u00e1l","url":"https:\/\/dorogimedence.hu\/","logo":{"@type":"ImageObject","inLanguage":"hu","@id":"https:\/\/dorogimedence.hu\/#\/schema\/logo\/image\/","url":"https:\/\/dorogimedence.hu\/wp-content\/uploads\/2021\/04\/logo-feher-600.png","contentUrl":"https:\/\/dorogimedence.hu\/wp-content\/uploads\/2021\/04\/logo-feher-600.png","width":600,"height":100,"caption":"Dorogi-medence Region\u00e1lis H\u00edrport\u00e1l"},"image":{"@id":"https:\/\/dorogimedence.hu\/#\/schema\/logo\/image\/"},"sameAs":["https:\/\/www.facebook.com\/dorogimedence\/"]},{"@type":"Person","@id":"https:\/\/dorogimedence.hu\/#\/schema\/person\/ce6091eeb7e95ecdc87890d6aa8e0fd4","name":"dorogimedence.hu","image":{"@type":"ImageObject","inLanguage":"hu","@id":"\/\/www.gravatar.com\/avatar\/d8d45f8901aadff40a4af72c0b826f1d?s=96&#038;r=g&#038;d=mm","url":"\/\/www.gravatar.com\/avatar\/d8d45f8901aadff40a4af72c0b826f1d?s=96&#038;r=g&#038;d=mm","contentUrl":"\/\/www.gravatar.com\/avatar\/d8d45f8901aadff40a4af72c0b826f1d?s=96&#038;r=g&#038;d=mm","caption":"dorogimedence.hu"}}]}},"_links":{"self":[{"href":"https:\/\/dorogimedence.hu\/index.php\/wp-json\/wp\/v2\/posts\/60416","targetHints":{"allow":["GET"]}}],"collection":[{"href":"https:\/\/dorogimedence.hu\/index.php\/wp-json\/wp\/v2\/posts"}],"about":[{"href":"https:\/\/dorogimedence.hu\/index.php\/wp-json\/wp\/v2\/types\/post"}],"author":[{"embeddable":true,"href":"https:\/\/dorogimedence.hu\/index.php\/wp-json\/wp\/v2\/users\/1"}],"replies":[{"embeddable":true,"href":"https:\/\/dorogimedence.hu\/index.php\/wp-json\/wp\/v2\/comments?post=60416"}],"version-history":[{"count":0,"href":"https:\/\/dorogimedence.hu\/index.php\/wp-json\/wp\/v2\/posts\/60416\/revisions"}],"wp:featuredmedia":[{"embeddable":true,"href":"https:\/\/dorogimedence.hu\/index.php\/wp-json\/wp\/v2\/media\/60417"}],"wp:attachment":[{"href":"https:\/\/dorogimedence.hu\/index.php\/wp-json\/wp\/v2\/media?parent=60416"}],"wp:term":[{"taxonomy":"category","embeddable":true,"href":"https:\/\/dorogimedence.hu\/index.php\/wp-json\/wp\/v2\/categories?post=60416"},{"taxonomy":"post_tag","embeddable":true,"href":"https:\/\/dorogimedence.hu\/index.php\/wp-json\/wp\/v2\/tags?post=60416"}],"curies":[{"name":"wp","href":"https:\/\/api.w.org\/{rel}","templated":true}]}}