{"id":60386,"date":"2024-03-16T10:45:25","date_gmt":"2024-03-16T09:45:25","guid":{"rendered":"https:\/\/dorogimedence.hu\/?p=60386"},"modified":"2024-03-16T10:47:40","modified_gmt":"2024-03-16T09:47:40","slug":"egy-esztergomi-tuzolto-munkajat-is-elismertek","status":"publish","type":"post","link":"https:\/\/dorogimedence.hu\/index.php\/2024\/03\/16\/egy-esztergomi-tuzolto-munkajat-is-elismertek\/","title":{"rendered":"Egy esztergomi t\u0171zolt\u00f3 munk\u00e1j\u00e1t is elismert\u00e9k"},"content":{"rendered":"<div class=\"text\">\n<p><strong>Orsz\u00e1gos elismer\u00e9seket adtak \u00e1t a t\u0171zolt\u00f3knak Nemzeti \u00dcnnep\u00fcnk alkalm\u00e1b\u00f3l.<\/strong><\/p>\n<p>Nemzeti \u00fcnnep\u00fcnk, m\u00e1rcius 15-e, az 1848-49-es Forradalom \u00e9s Szabads\u00e1gharc 176. \u00e9vfordul\u00f3ja alkalm\u00e1b\u00f3l Sulyok Tam\u00e1s, Magyarorsz\u00e1g k\u00f6zt\u00e1rsas\u00e1gi eln\u00f6ke dr. Pint\u00e9r S\u00e1ndor, Magyarorsz\u00e1g bel\u00fcgyminiszter\u00e9nek el\u0151terjeszt\u00e9s\u00e9re, dr. G\u00f3ra Zolt\u00e1n t\u0171zolt\u00f3 alt\u00e1bornagy, a BM Orsz\u00e1gos Katasztr\u00f3fav\u00e9delmi F\u0151igazgat\u00f3s\u00e1g f\u0151igazgat\u00f3j\u00e1nak javaslat\u00e1ra a <strong>Magyar Arany \u00c9rdemkereszt<\/strong> katonai tagozata kit\u00fcntet\u00e9st adom\u00e1nyozta <strong>Kelk\u00f3 Bal\u00e1zs<\/strong> t\u0171zolt\u00f3 ezredesnek, a <strong>Kom\u00e1rom-Esztergom V\u00e1rmegyei Katasztr\u00f3fav\u00e9delmi Igazgat\u00f3s\u00e1g igazgat\u00f3helyettes<\/strong>\u00e9nek.<\/p>\n<p>Magyarorsz\u00e1g bel\u00fcgyminisztere kimagasl\u00f3 szolg\u00e1lati tev\u00e9kenys\u00e9ge elismer\u00e9sek\u00e9nt t\u0171zolt\u00f3s\u00e1gi tan\u00e1csosi c\u00edmet adom\u00e1nyozott <strong>Pok Tam\u00e1s<\/strong> t\u0171zolt\u00f3 sz\u00e1zadosnak, a <strong>Kom\u00e1romi Hivat\u00e1sos T\u0171zolt\u00f3parancsnoks\u00e1g m\u0171szaki biztons\u00e1gi tiszt<\/strong>j\u00e9nek.<\/p>\n<p><img fetchpriority=\"high\" decoding=\"async\" class=\"alignnone size-full wp-image-60389\" src=\"https:\/\/dorogimedence.hu\/wp-content\/uploads\/2024\/03\/tuzolto-02.jpg\" alt=\"\" width=\"1920\" height=\"999\" srcset=\"https:\/\/dorogimedence.hu\/wp-content\/uploads\/2024\/03\/tuzolto-02.jpg 1920w, https:\/\/dorogimedence.hu\/wp-content\/uploads\/2024\/03\/tuzolto-02-600x312.jpg 600w, https:\/\/dorogimedence.hu\/wp-content\/uploads\/2024\/03\/tuzolto-02-768x400.jpg 768w, https:\/\/dorogimedence.hu\/wp-content\/uploads\/2024\/03\/tuzolto-02-1536x799.jpg 1536w, https:\/\/dorogimedence.hu\/wp-content\/uploads\/2024\/03\/tuzolto-02-150x78.jpg 150w, https:\/\/dorogimedence.hu\/wp-content\/uploads\/2024\/03\/tuzolto-02-450x234.jpg 450w, https:\/\/dorogimedence.hu\/wp-content\/uploads\/2024\/03\/tuzolto-02-1200x624.jpg 1200w\" sizes=\"(max-width: 1920px) 100vw, 1920px\" \/><\/p>\n<p>A BM Orsz\u00e1gos Katasztr\u00f3fav\u00e9delmi F\u0151igazgat\u00f3s\u00e1g f\u0151igazgat\u00f3ja, dr. G\u00f3ra Zolt\u00e1n t\u0171zolt\u00f3 alt\u00e1bornagy kiemelked\u0151 szakmai tev\u00e9kenys\u00e9ge elismer\u00e9sek\u00e9nt dics\u00e9retben \u00e9s jutalomban r\u00e9szes\u00edtette <strong>Baksa \u00c1d\u00e1m<\/strong> t\u0171. \u0151rmestert, az <strong>Esztergomi Hivat\u00e1sos T\u0171zolt\u00f3parancsnoks\u00e1g beosztott t\u0171zolt\u00f3<\/strong>j\u00e1t.<\/p>\n<p>A v\u00e1rmegyei igazgat\u00f3s\u00e1g \u00fcnnepi \u00e1llom\u00e1nygy\u0171l\u00e9sen eml\u00e9kezett meg cs\u00fct\u00f6rt\u00f6k\u00f6n az 1848-49-es forradalom \u00e9s szabads\u00e1gharcr\u00f3l. A Himnusz elhangz\u00e1s\u00e1t k\u00f6vet\u0151en <strong>dr. Tak\u00e1cs Piroska<\/strong> t\u0171. \u0151rnagy, kiemelt f\u0151el\u0151ad\u00f3 eleven\u00edtette fel az 1848. m\u00e1rciusi 15-i majd az azt k\u00f6vet\u0151 esem\u00e9nyeket. Besz\u00e9d\u00e9ben a t\u00f6rt\u00e9nelmi \u00e1ttekint\u00e9s mellett, a tenni akar\u00e1s, &nbsp;a nemzeti \u00f6sszefog\u00e1s fontoss\u00e1g\u00e1t hangs\u00falyozta. A rendezv\u00e9nyt <strong>S\u00e1ri \u00c1kos t\u0171zolt\u00f3 ezredes igazgat\u00f3&nbsp;<\/strong>z\u00e1rta, aki kiemelte az eml\u00e9kez\u00e9s \u00e9s az \u00fcnnepi megeml\u00e9kez\u00e9seken val\u00f3 r\u00e9szv\u00e9tel fontoss\u00e1g\u00e1t.<\/p>\n<p>Fot\u00f3: Sz\u0151ke P\u00e9ter &#8211; BM Orsz\u00e1gos Katasztr\u00f3fav\u00e9delmi F\u0151igazgat\u00f3s\u00e1g, Benke Istv\u00e1n Roland t\u0171. sz\u00e1zados &#8211; Kom\u00e1rom-Esztergom VMKI<\/p>\n<\/div>\n","protected":false},"excerpt":{"rendered":"<p>Orsz\u00e1gos elismer\u00e9seket adtak \u00e1t a t\u0171zolt\u00f3knak Nemzeti \u00dcnnep\u00fcnk alkalm\u00e1b\u00f3l. Nemzeti \u00fcnnep\u00fcnk, m\u00e1rcius 15-e, az 1848-49-es Forradalom \u00e9s Szabads\u00e1gharc 176. \u00e9vfordul\u00f3ja alkalm\u00e1b\u00f3l Sulyok Tam\u00e1s, Magyarorsz\u00e1g k\u00f6zt\u00e1rsas\u00e1gi eln\u00f6ke dr. Pint\u00e9r S\u00e1ndor, Magyarorsz\u00e1g bel\u00fcgyminiszter\u00e9nek el\u0151terjeszt\u00e9s\u00e9re, dr. G\u00f3ra Zolt\u00e1n t\u0171zolt\u00f3 alt\u00e1bornagy, a BM Orsz\u00e1gos Katasztr\u00f3fav\u00e9delmi F\u0151igazgat\u00f3s\u00e1g f\u0151igazgat\u00f3j\u00e1nak javaslat\u00e1ra a Magyar Arany \u00c9rdemkereszt katonai tagozata kit\u00fcntet\u00e9st adom\u00e1nyozta Kelk\u00f3 Bal\u00e1zs t\u0171zolt\u00f3<\/p>\n","protected":false},"author":1,"featured_media":60388,"comment_status":"closed","ping_status":"closed","sticky":false,"template":"","format":"standard","meta":{"ngg_post_thumbnail":0,"footnotes":""},"categories":[38,3,56],"tags":[175,443,65],"class_list":{"0":"post-60386","1":"post","2":"type-post","3":"status-publish","4":"format-standard","5":"has-post-thumbnail","7":"category-esztergom","8":"category-hirek","9":"category-komarom-esztergom","10":"tag-katasztrofavedelem","11":"tag-marcius-15","12":"tag-tuzoltosag"},"yoast_head":"<!-- This site is optimized with the Yoast SEO plugin v27.5 - https:\/\/yoast.com\/product\/yoast-seo-wordpress\/ -->\n<title>Egy esztergomi t\u0171zolt\u00f3 munk\u00e1j\u00e1t is elismert\u00e9k<\/title>\n<meta name=\"robots\" content=\"index, follow, max-snippet:-1, max-image-preview:large, max-video-preview:-1\" \/>\n<link rel=\"canonical\" href=\"https:\/\/dorogimedence.hu\/index.php\/2024\/03\/16\/egy-esztergomi-tuzolto-munkajat-is-elismertek\/\" class=\"yoast-seo-meta-tag\" \/>\n<meta property=\"og:locale\" content=\"hu_HU\" class=\"yoast-seo-meta-tag\" \/>\n<meta property=\"og:type\" content=\"article\" class=\"yoast-seo-meta-tag\" \/>\n<meta property=\"og:title\" content=\"Egy esztergomi t\u0171zolt\u00f3 munk\u00e1j\u00e1t is elismert\u00e9k\" class=\"yoast-seo-meta-tag\" \/>\n<meta property=\"og:description\" content=\"Orsz\u00e1gos elismer\u00e9seket adtak \u00e1t a t\u0171zolt\u00f3knak Nemzeti \u00dcnnep\u00fcnk alkalm\u00e1b\u00f3l. Nemzeti \u00fcnnep\u00fcnk, m\u00e1rcius 15-e, az 1848-49-es Forradalom \u00e9s Szabads\u00e1gharc 176. \u00e9vfordul\u00f3ja alkalm\u00e1b\u00f3l Sulyok Tam\u00e1s, Magyarorsz\u00e1g k\u00f6zt\u00e1rsas\u00e1gi eln\u00f6ke dr. Pint\u00e9r S\u00e1ndor, Magyarorsz\u00e1g bel\u00fcgyminiszter\u00e9nek el\u0151terjeszt\u00e9s\u00e9re, dr. G\u00f3ra Zolt\u00e1n t\u0171zolt\u00f3 alt\u00e1bornagy, a BM Orsz\u00e1gos Katasztr\u00f3fav\u00e9delmi F\u0151igazgat\u00f3s\u00e1g f\u0151igazgat\u00f3j\u00e1nak javaslat\u00e1ra a Magyar Arany \u00c9rdemkereszt katonai tagozata kit\u00fcntet\u00e9st adom\u00e1nyozta Kelk\u00f3 Bal\u00e1zs t\u0171zolt\u00f3\" class=\"yoast-seo-meta-tag\" \/>\n<meta property=\"og:url\" content=\"https:\/\/dorogimedence.hu\/index.php\/2024\/03\/16\/egy-esztergomi-tuzolto-munkajat-is-elismertek\/\" class=\"yoast-seo-meta-tag\" \/>\n<meta property=\"og:site_name\" content=\"Dorogi-medence Region\u00e1lis H\u00edrport\u00e1l\" class=\"yoast-seo-meta-tag\" \/>\n<meta property=\"article:publisher\" content=\"https:\/\/www.facebook.com\/dorogimedence\/\" class=\"yoast-seo-meta-tag\" \/>\n<meta property=\"article:published_time\" content=\"2024-03-16T09:45:25+00:00\" class=\"yoast-seo-meta-tag\" \/>\n<meta property=\"article:modified_time\" content=\"2024-03-16T09:47:40+00:00\" class=\"yoast-seo-meta-tag\" \/>\n<meta property=\"og:image\" content=\"https:\/\/dorogimedence.hu\/wp-content\/uploads\/2024\/03\/tuzolto-01-1.jpg\" class=\"yoast-seo-meta-tag\" \/>\n\t<meta property=\"og:image:width\" content=\"1920\" class=\"yoast-seo-meta-tag\" \/>\n\t<meta property=\"og:image:height\" content=\"970\" class=\"yoast-seo-meta-tag\" \/>\n\t<meta property=\"og:image:type\" content=\"image\/jpeg\" class=\"yoast-seo-meta-tag\" \/>\n<meta name=\"author\" content=\"dorogimedence.hu\" class=\"yoast-seo-meta-tag\" \/>\n<meta name=\"twitter:card\" content=\"summary_large_image\" class=\"yoast-seo-meta-tag\" \/>\n<meta name=\"twitter:label1\" content=\"Szerz\u0151:\" class=\"yoast-seo-meta-tag\" \/>\n\t<meta name=\"twitter:data1\" content=\"dorogimedence.hu\" class=\"yoast-seo-meta-tag\" \/>\n\t<meta name=\"twitter:label2\" content=\"Becs\u00fclt olvas\u00e1si id\u0151\" class=\"yoast-seo-meta-tag\" \/>\n\t<meta name=\"twitter:data2\" content=\"2 perc\" class=\"yoast-seo-meta-tag\" \/>\n<script type=\"application\/ld+json\" class=\"yoast-schema-graph\">{\"@context\":\"https:\\\/\\\/schema.org\",\"@graph\":[{\"@type\":\"Article\",\"@id\":\"https:\\\/\\\/dorogimedence.hu\\\/index.php\\\/2024\\\/03\\\/16\\\/egy-esztergomi-tuzolto-munkajat-is-elismertek\\\/#article\",\"isPartOf\":{\"@id\":\"https:\\\/\\\/dorogimedence.hu\\\/index.php\\\/2024\\\/03\\\/16\\\/egy-esztergomi-tuzolto-munkajat-is-elismertek\\\/\"},\"author\":{\"name\":\"dorogimedence.hu\",\"@id\":\"https:\\\/\\\/dorogimedence.hu\\\/#\\\/schema\\\/person\\\/ce6091eeb7e95ecdc87890d6aa8e0fd4\"},\"headline\":\"Egy esztergomi t\u0171zolt\u00f3 munk\u00e1j\u00e1t is elismert\u00e9k\",\"datePublished\":\"2024-03-16T09:45:25+00:00\",\"dateModified\":\"2024-03-16T09:47:40+00:00\",\"mainEntityOfPage\":{\"@id\":\"https:\\\/\\\/dorogimedence.hu\\\/index.php\\\/2024\\\/03\\\/16\\\/egy-esztergomi-tuzolto-munkajat-is-elismertek\\\/\"},\"wordCount\":369,\"publisher\":{\"@id\":\"https:\\\/\\\/dorogimedence.hu\\\/#organization\"},\"image\":{\"@id\":\"https:\\\/\\\/dorogimedence.hu\\\/index.php\\\/2024\\\/03\\\/16\\\/egy-esztergomi-tuzolto-munkajat-is-elismertek\\\/#primaryimage\"},\"thumbnailUrl\":\"https:\\\/\\\/dorogimedence.hu\\\/wp-content\\\/uploads\\\/2024\\\/03\\\/tuzolto-01-1.jpg\",\"keywords\":[\"katasztr\u00f3fav\u00e9delem\",\"M\u00e1rcius 15\",\"t\u0171zolt\u00f3s\u00e1g\"],\"articleSection\":[\"Esztergom\",\"H\u00edrek\",\"Kom\u00e1rom-Esztergom\"],\"inLanguage\":\"hu\"},{\"@type\":\"WebPage\",\"@id\":\"https:\\\/\\\/dorogimedence.hu\\\/index.php\\\/2024\\\/03\\\/16\\\/egy-esztergomi-tuzolto-munkajat-is-elismertek\\\/\",\"url\":\"https:\\\/\\\/dorogimedence.hu\\\/index.php\\\/2024\\\/03\\\/16\\\/egy-esztergomi-tuzolto-munkajat-is-elismertek\\\/\",\"name\":\"Egy esztergomi t\u0171zolt\u00f3 munk\u00e1j\u00e1t is elismert\u00e9k\",\"isPartOf\":{\"@id\":\"https:\\\/\\\/dorogimedence.hu\\\/#website\"},\"primaryImageOfPage\":{\"@id\":\"https:\\\/\\\/dorogimedence.hu\\\/index.php\\\/2024\\\/03\\\/16\\\/egy-esztergomi-tuzolto-munkajat-is-elismertek\\\/#primaryimage\"},\"image\":{\"@id\":\"https:\\\/\\\/dorogimedence.hu\\\/index.php\\\/2024\\\/03\\\/16\\\/egy-esztergomi-tuzolto-munkajat-is-elismertek\\\/#primaryimage\"},\"thumbnailUrl\":\"https:\\\/\\\/dorogimedence.hu\\\/wp-content\\\/uploads\\\/2024\\\/03\\\/tuzolto-01-1.jpg\",\"datePublished\":\"2024-03-16T09:45:25+00:00\",\"dateModified\":\"2024-03-16T09:47:40+00:00\",\"breadcrumb\":{\"@id\":\"https:\\\/\\\/dorogimedence.hu\\\/index.php\\\/2024\\\/03\\\/16\\\/egy-esztergomi-tuzolto-munkajat-is-elismertek\\\/#breadcrumb\"},\"inLanguage\":\"hu\",\"potentialAction\":[{\"@type\":\"ReadAction\",\"target\":[\"https:\\\/\\\/dorogimedence.hu\\\/index.php\\\/2024\\\/03\\\/16\\\/egy-esztergomi-tuzolto-munkajat-is-elismertek\\\/\"]}]},{\"@type\":\"ImageObject\",\"inLanguage\":\"hu\",\"@id\":\"https:\\\/\\\/dorogimedence.hu\\\/index.php\\\/2024\\\/03\\\/16\\\/egy-esztergomi-tuzolto-munkajat-is-elismertek\\\/#primaryimage\",\"url\":\"https:\\\/\\\/dorogimedence.hu\\\/wp-content\\\/uploads\\\/2024\\\/03\\\/tuzolto-01-1.jpg\",\"contentUrl\":\"https:\\\/\\\/dorogimedence.hu\\\/wp-content\\\/uploads\\\/2024\\\/03\\\/tuzolto-01-1.jpg\",\"width\":1920,\"height\":970},{\"@type\":\"BreadcrumbList\",\"@id\":\"https:\\\/\\\/dorogimedence.hu\\\/index.php\\\/2024\\\/03\\\/16\\\/egy-esztergomi-tuzolto-munkajat-is-elismertek\\\/#breadcrumb\",\"itemListElement\":[{\"@type\":\"ListItem\",\"position\":1,\"name\":\"Kezd\u0151lap\",\"item\":\"https:\\\/\\\/dorogimedence.hu\\\/\"},{\"@type\":\"ListItem\",\"position\":2,\"name\":\"Egy esztergomi t\u0171zolt\u00f3 munk\u00e1j\u00e1t is elismert\u00e9k\"}]},{\"@type\":\"WebSite\",\"@id\":\"https:\\\/\\\/dorogimedence.hu\\\/#website\",\"url\":\"https:\\\/\\\/dorogimedence.hu\\\/\",\"name\":\"Dorogi-medence Region\u00e1lis H\u00edrport\u00e1l\",\"description\":\"Dorog, Keszt\u00f6lc, Le\u00e1nyv\u00e1r, Piliscs\u00e9v, Tokod, Tokodalt\u00e1r\u00f3, Csolnok, Esztergom-kertv\u00e1ros: h\u00edrek, programok\",\"publisher\":{\"@id\":\"https:\\\/\\\/dorogimedence.hu\\\/#organization\"},\"potentialAction\":[{\"@type\":\"SearchAction\",\"target\":{\"@type\":\"EntryPoint\",\"urlTemplate\":\"https:\\\/\\\/dorogimedence.hu\\\/?s={search_term_string}\"},\"query-input\":{\"@type\":\"PropertyValueSpecification\",\"valueRequired\":true,\"valueName\":\"search_term_string\"}}],\"inLanguage\":\"hu\"},{\"@type\":\"Organization\",\"@id\":\"https:\\\/\\\/dorogimedence.hu\\\/#organization\",\"name\":\"Dorogi-medence Region\u00e1lis H\u00edrport\u00e1l\",\"url\":\"https:\\\/\\\/dorogimedence.hu\\\/\",\"logo\":{\"@type\":\"ImageObject\",\"inLanguage\":\"hu\",\"@id\":\"https:\\\/\\\/dorogimedence.hu\\\/#\\\/schema\\\/logo\\\/image\\\/\",\"url\":\"https:\\\/\\\/dorogimedence.hu\\\/wp-content\\\/uploads\\\/2021\\\/04\\\/logo-feher-600.png\",\"contentUrl\":\"https:\\\/\\\/dorogimedence.hu\\\/wp-content\\\/uploads\\\/2021\\\/04\\\/logo-feher-600.png\",\"width\":600,\"height\":100,\"caption\":\"Dorogi-medence Region\u00e1lis H\u00edrport\u00e1l\"},\"image\":{\"@id\":\"https:\\\/\\\/dorogimedence.hu\\\/#\\\/schema\\\/logo\\\/image\\\/\"},\"sameAs\":[\"https:\\\/\\\/www.facebook.com\\\/dorogimedence\\\/\"]},{\"@type\":\"Person\",\"@id\":\"https:\\\/\\\/dorogimedence.hu\\\/#\\\/schema\\\/person\\\/ce6091eeb7e95ecdc87890d6aa8e0fd4\",\"name\":\"dorogimedence.hu\",\"image\":{\"@type\":\"ImageObject\",\"inLanguage\":\"hu\",\"@id\":\"\\\/\\\/www.gravatar.com\\\/avatar\\\/d8d45f8901aadff40a4af72c0b826f1d?s=96&#038;r=g&#038;d=mm\",\"url\":\"\\\/\\\/www.gravatar.com\\\/avatar\\\/d8d45f8901aadff40a4af72c0b826f1d?s=96&#038;r=g&#038;d=mm\",\"contentUrl\":\"\\\/\\\/www.gravatar.com\\\/avatar\\\/d8d45f8901aadff40a4af72c0b826f1d?s=96&#038;r=g&#038;d=mm\",\"caption\":\"dorogimedence.hu\"}}]}<\/script>\n<!-- \/ Yoast SEO plugin. -->","yoast_head_json":{"title":"Egy esztergomi t\u0171zolt\u00f3 munk\u00e1j\u00e1t is elismert\u00e9k","robots":{"index":"index","follow":"follow","max-snippet":"max-snippet:-1","max-image-preview":"max-image-preview:large","max-video-preview":"max-video-preview:-1"},"canonical":"https:\/\/dorogimedence.hu\/index.php\/2024\/03\/16\/egy-esztergomi-tuzolto-munkajat-is-elismertek\/","og_locale":"hu_HU","og_type":"article","og_title":"Egy esztergomi t\u0171zolt\u00f3 munk\u00e1j\u00e1t is elismert\u00e9k","og_description":"Orsz\u00e1gos elismer\u00e9seket adtak \u00e1t a t\u0171zolt\u00f3knak Nemzeti \u00dcnnep\u00fcnk alkalm\u00e1b\u00f3l. Nemzeti \u00fcnnep\u00fcnk, m\u00e1rcius 15-e, az 1848-49-es Forradalom \u00e9s Szabads\u00e1gharc 176. \u00e9vfordul\u00f3ja alkalm\u00e1b\u00f3l Sulyok Tam\u00e1s, Magyarorsz\u00e1g k\u00f6zt\u00e1rsas\u00e1gi eln\u00f6ke dr. Pint\u00e9r S\u00e1ndor, Magyarorsz\u00e1g bel\u00fcgyminiszter\u00e9nek el\u0151terjeszt\u00e9s\u00e9re, dr. G\u00f3ra Zolt\u00e1n t\u0171zolt\u00f3 alt\u00e1bornagy, a BM Orsz\u00e1gos Katasztr\u00f3fav\u00e9delmi F\u0151igazgat\u00f3s\u00e1g f\u0151igazgat\u00f3j\u00e1nak javaslat\u00e1ra a Magyar Arany \u00c9rdemkereszt katonai tagozata kit\u00fcntet\u00e9st adom\u00e1nyozta Kelk\u00f3 Bal\u00e1zs t\u0171zolt\u00f3","og_url":"https:\/\/dorogimedence.hu\/index.php\/2024\/03\/16\/egy-esztergomi-tuzolto-munkajat-is-elismertek\/","og_site_name":"Dorogi-medence Region\u00e1lis H\u00edrport\u00e1l","article_publisher":"https:\/\/www.facebook.com\/dorogimedence\/","article_published_time":"2024-03-16T09:45:25+00:00","article_modified_time":"2024-03-16T09:47:40+00:00","og_image":[{"width":1920,"height":970,"url":"https:\/\/dorogimedence.hu\/wp-content\/uploads\/2024\/03\/tuzolto-01-1.jpg","type":"image\/jpeg"}],"author":"dorogimedence.hu","twitter_card":"summary_large_image","twitter_misc":{"Szerz\u0151:":"dorogimedence.hu","Becs\u00fclt olvas\u00e1si id\u0151":"2 perc"},"schema":{"@context":"https:\/\/schema.org","@graph":[{"@type":"Article","@id":"https:\/\/dorogimedence.hu\/index.php\/2024\/03\/16\/egy-esztergomi-tuzolto-munkajat-is-elismertek\/#article","isPartOf":{"@id":"https:\/\/dorogimedence.hu\/index.php\/2024\/03\/16\/egy-esztergomi-tuzolto-munkajat-is-elismertek\/"},"author":{"name":"dorogimedence.hu","@id":"https:\/\/dorogimedence.hu\/#\/schema\/person\/ce6091eeb7e95ecdc87890d6aa8e0fd4"},"headline":"Egy esztergomi t\u0171zolt\u00f3 munk\u00e1j\u00e1t is elismert\u00e9k","datePublished":"2024-03-16T09:45:25+00:00","dateModified":"2024-03-16T09:47:40+00:00","mainEntityOfPage":{"@id":"https:\/\/dorogimedence.hu\/index.php\/2024\/03\/16\/egy-esztergomi-tuzolto-munkajat-is-elismertek\/"},"wordCount":369,"publisher":{"@id":"https:\/\/dorogimedence.hu\/#organization"},"image":{"@id":"https:\/\/dorogimedence.hu\/index.php\/2024\/03\/16\/egy-esztergomi-tuzolto-munkajat-is-elismertek\/#primaryimage"},"thumbnailUrl":"https:\/\/dorogimedence.hu\/wp-content\/uploads\/2024\/03\/tuzolto-01-1.jpg","keywords":["katasztr\u00f3fav\u00e9delem","M\u00e1rcius 15","t\u0171zolt\u00f3s\u00e1g"],"articleSection":["Esztergom","H\u00edrek","Kom\u00e1rom-Esztergom"],"inLanguage":"hu"},{"@type":"WebPage","@id":"https:\/\/dorogimedence.hu\/index.php\/2024\/03\/16\/egy-esztergomi-tuzolto-munkajat-is-elismertek\/","url":"https:\/\/dorogimedence.hu\/index.php\/2024\/03\/16\/egy-esztergomi-tuzolto-munkajat-is-elismertek\/","name":"Egy esztergomi t\u0171zolt\u00f3 munk\u00e1j\u00e1t is elismert\u00e9k","isPartOf":{"@id":"https:\/\/dorogimedence.hu\/#website"},"primaryImageOfPage":{"@id":"https:\/\/dorogimedence.hu\/index.php\/2024\/03\/16\/egy-esztergomi-tuzolto-munkajat-is-elismertek\/#primaryimage"},"image":{"@id":"https:\/\/dorogimedence.hu\/index.php\/2024\/03\/16\/egy-esztergomi-tuzolto-munkajat-is-elismertek\/#primaryimage"},"thumbnailUrl":"https:\/\/dorogimedence.hu\/wp-content\/uploads\/2024\/03\/tuzolto-01-1.jpg","datePublished":"2024-03-16T09:45:25+00:00","dateModified":"2024-03-16T09:47:40+00:00","breadcrumb":{"@id":"https:\/\/dorogimedence.hu\/index.php\/2024\/03\/16\/egy-esztergomi-tuzolto-munkajat-is-elismertek\/#breadcrumb"},"inLanguage":"hu","potentialAction":[{"@type":"ReadAction","target":["https:\/\/dorogimedence.hu\/index.php\/2024\/03\/16\/egy-esztergomi-tuzolto-munkajat-is-elismertek\/"]}]},{"@type":"ImageObject","inLanguage":"hu","@id":"https:\/\/dorogimedence.hu\/index.php\/2024\/03\/16\/egy-esztergomi-tuzolto-munkajat-is-elismertek\/#primaryimage","url":"https:\/\/dorogimedence.hu\/wp-content\/uploads\/2024\/03\/tuzolto-01-1.jpg","contentUrl":"https:\/\/dorogimedence.hu\/wp-content\/uploads\/2024\/03\/tuzolto-01-1.jpg","width":1920,"height":970},{"@type":"BreadcrumbList","@id":"https:\/\/dorogimedence.hu\/index.php\/2024\/03\/16\/egy-esztergomi-tuzolto-munkajat-is-elismertek\/#breadcrumb","itemListElement":[{"@type":"ListItem","position":1,"name":"Kezd\u0151lap","item":"https:\/\/dorogimedence.hu\/"},{"@type":"ListItem","position":2,"name":"Egy esztergomi t\u0171zolt\u00f3 munk\u00e1j\u00e1t is elismert\u00e9k"}]},{"@type":"WebSite","@id":"https:\/\/dorogimedence.hu\/#website","url":"https:\/\/dorogimedence.hu\/","name":"Dorogi-medence Region\u00e1lis H\u00edrport\u00e1l","description":"Dorog, Keszt\u00f6lc, Le\u00e1nyv\u00e1r, Piliscs\u00e9v, Tokod, Tokodalt\u00e1r\u00f3, Csolnok, Esztergom-kertv\u00e1ros: h\u00edrek, programok","publisher":{"@id":"https:\/\/dorogimedence.hu\/#organization"},"potentialAction":[{"@type":"SearchAction","target":{"@type":"EntryPoint","urlTemplate":"https:\/\/dorogimedence.hu\/?s={search_term_string}"},"query-input":{"@type":"PropertyValueSpecification","valueRequired":true,"valueName":"search_term_string"}}],"inLanguage":"hu"},{"@type":"Organization","@id":"https:\/\/dorogimedence.hu\/#organization","name":"Dorogi-medence Region\u00e1lis H\u00edrport\u00e1l","url":"https:\/\/dorogimedence.hu\/","logo":{"@type":"ImageObject","inLanguage":"hu","@id":"https:\/\/dorogimedence.hu\/#\/schema\/logo\/image\/","url":"https:\/\/dorogimedence.hu\/wp-content\/uploads\/2021\/04\/logo-feher-600.png","contentUrl":"https:\/\/dorogimedence.hu\/wp-content\/uploads\/2021\/04\/logo-feher-600.png","width":600,"height":100,"caption":"Dorogi-medence Region\u00e1lis H\u00edrport\u00e1l"},"image":{"@id":"https:\/\/dorogimedence.hu\/#\/schema\/logo\/image\/"},"sameAs":["https:\/\/www.facebook.com\/dorogimedence\/"]},{"@type":"Person","@id":"https:\/\/dorogimedence.hu\/#\/schema\/person\/ce6091eeb7e95ecdc87890d6aa8e0fd4","name":"dorogimedence.hu","image":{"@type":"ImageObject","inLanguage":"hu","@id":"\/\/www.gravatar.com\/avatar\/d8d45f8901aadff40a4af72c0b826f1d?s=96&#038;r=g&#038;d=mm","url":"\/\/www.gravatar.com\/avatar\/d8d45f8901aadff40a4af72c0b826f1d?s=96&#038;r=g&#038;d=mm","contentUrl":"\/\/www.gravatar.com\/avatar\/d8d45f8901aadff40a4af72c0b826f1d?s=96&#038;r=g&#038;d=mm","caption":"dorogimedence.hu"}}]}},"_links":{"self":[{"href":"https:\/\/dorogimedence.hu\/index.php\/wp-json\/wp\/v2\/posts\/60386","targetHints":{"allow":["GET"]}}],"collection":[{"href":"https:\/\/dorogimedence.hu\/index.php\/wp-json\/wp\/v2\/posts"}],"about":[{"href":"https:\/\/dorogimedence.hu\/index.php\/wp-json\/wp\/v2\/types\/post"}],"author":[{"embeddable":true,"href":"https:\/\/dorogimedence.hu\/index.php\/wp-json\/wp\/v2\/users\/1"}],"replies":[{"embeddable":true,"href":"https:\/\/dorogimedence.hu\/index.php\/wp-json\/wp\/v2\/comments?post=60386"}],"version-history":[{"count":0,"href":"https:\/\/dorogimedence.hu\/index.php\/wp-json\/wp\/v2\/posts\/60386\/revisions"}],"wp:featuredmedia":[{"embeddable":true,"href":"https:\/\/dorogimedence.hu\/index.php\/wp-json\/wp\/v2\/media\/60388"}],"wp:attachment":[{"href":"https:\/\/dorogimedence.hu\/index.php\/wp-json\/wp\/v2\/media?parent=60386"}],"wp:term":[{"taxonomy":"category","embeddable":true,"href":"https:\/\/dorogimedence.hu\/index.php\/wp-json\/wp\/v2\/categories?post=60386"},{"taxonomy":"post_tag","embeddable":true,"href":"https:\/\/dorogimedence.hu\/index.php\/wp-json\/wp\/v2\/tags?post=60386"}],"curies":[{"name":"wp","href":"https:\/\/api.w.org\/{rel}","templated":true}]}}