{"id":60324,"date":"2024-03-18T07:38:15","date_gmt":"2024-03-18T06:38:15","guid":{"rendered":"https:\/\/dorogimedence.hu\/?p=60324"},"modified":"2024-03-18T07:38:15","modified_gmt":"2024-03-18T06:38:15","slug":"10-eve-tortent-a-dorogi-labdarugo-klub-egyik-legnagyobb-ikonja-monostori-tivadar-az-egi-valogatottba-igazolt","status":"publish","type":"post","link":"https:\/\/dorogimedence.hu\/index.php\/2024\/03\/18\/10-eve-tortent-a-dorogi-labdarugo-klub-egyik-legnagyobb-ikonja-monostori-tivadar-az-egi-valogatottba-igazolt\/","title":{"rendered":"10 \u00e9ve t\u00f6rt\u00e9nt: A dorogi labdar\u00fag\u00f3 klub egyik legnagyobb ikonja; Monostori Tivadar az \u00c9gi v\u00e1logatottba igazolt"},"content":{"rendered":"<p style=\"text-align: justify;\"><strong>Kereken egy \u00e9vtizede, 2014. m\u00e1rcius 18-\u00e1n, \u00e9let\u00e9nek 78. \u00e9v\u00e9ben hunyt el Monostori Tivadar, minden id\u0151k egyik legkiemelked\u0151bb dorogi labdar\u00fag\u00f3ja, az egyetemes magyar futballt\u00f6rt\u00e9net meghat\u00e1roz\u00f3 szem\u00e9lye, akit nemzetk\u00f6zi szinten is elismert j\u00e1t\u00e9kosk\u00e9nt \u00e9s labdar\u00fag\u00f3 szakedz\u0151k\u00e9nt tartottak sz\u00e1mon. Eml\u00e9kezet\u00e9t e cikkel is k\u00edv\u00e1njuk tov\u00e1bb \u0151rizni \u00e9s er\u0151s\u00edteni.<\/strong><\/p>\n<p style=\"text-align: justify;\">Monostori Tivadar 1936. augusztus 24-\u00e9n, az 1947 \u00f3ta Tatab\u00e1nya v\u00e1rosr\u00e9sz\u00e9t k\u00e9pez\u0151 Fels\u0151gall\u00e1n sz\u00fcletett. M\u00e9g gyermekk\u00e9nt k\u00f6lt\u00f6z\u00f6tt csal\u00e1dj\u00e1val Tokodra, egyben ott indult labdar\u00fag\u00f3 p\u00e1lyafut\u00e1sa is, a Tokodi B\u00e1ny\u00e1sz egyes\u00fclet\u00e9ben, 1950-ben. 1954-ben ifistak\u00e9nt igazolta le a Dorogi B\u00e1ny\u00e1sz, ahol csakhamar bemutatkozhatott a Szab\u00f3 P\u00e9ter vezet\u0151edz\u0151 \u00e1ltal dirig\u00e1lt feln\u0151tt csapatban. V\u00e9rbeli t\u00e1mad\u00f3 volt, aki r\u00f6vid id\u0151 alatt a dorogi csat\u00e1rsor oszlopos tagj\u00e1v\u00e1 v\u00e1lt. Legels\u0151 bajnoki m\u00e9rk\u0151z\u00e9s\u00e9re a Szeged ellen ker\u00fclt sor 1954. okt\u00f3ber 10-\u00e9n, ahol vend\u00e9gk\u00e9nt g\u00f3l n\u00e9lk\u00fcli d\u00f6ntetlenre v\u00e9geztek, majd a m\u00e1sodik meccs\u00e9n m\u00e1r hazai k\u00f6rnyezetben l\u00e9phetett p\u00e1ly\u00e1ra a f\u00e9lelmetes h\u00edr\u0171 \u00dajpest ellen. Ez a tal\u00e1lkoz\u00f3 hozta legels\u0151 gy\u0151zelm\u00e9t is dorogi sz\u00ednekben, miut\u00e1n csapat\u00e1val 2 : 0 ar\u00e1nyban vert\u00e9k a kiv\u00e1l\u00f3 f\u0151v\u00e1rosi egy\u00fcttest. Els\u0151 g\u00f3lj\u00e1t a Gy\u0151r ellen, hazai p\u00e1ly\u00e1n \u00e9rte el.<\/p>\n<p><img fetchpriority=\"high\" decoding=\"async\" class=\"aligncenter wp-image-60347 size-full\" src=\"https:\/\/dorogimedence.hu\/wp-content\/uploads\/2024\/03\/Dorogi_Banyasz_1957.jpg\" alt=\"\" width=\"1536\" height=\"1033\" srcset=\"https:\/\/dorogimedence.hu\/wp-content\/uploads\/2024\/03\/Dorogi_Banyasz_1957.jpg 1536w, https:\/\/dorogimedence.hu\/wp-content\/uploads\/2024\/03\/Dorogi_Banyasz_1957-600x404.jpg 600w, https:\/\/dorogimedence.hu\/wp-content\/uploads\/2024\/03\/Dorogi_Banyasz_1957-768x517.jpg 768w, https:\/\/dorogimedence.hu\/wp-content\/uploads\/2024\/03\/Dorogi_Banyasz_1957-150x101.jpg 150w, https:\/\/dorogimedence.hu\/wp-content\/uploads\/2024\/03\/Dorogi_Banyasz_1957-450x303.jpg 450w, https:\/\/dorogimedence.hu\/wp-content\/uploads\/2024\/03\/Dorogi_Banyasz_1957-1200x807.jpg 1200w, https:\/\/dorogimedence.hu\/wp-content\/uploads\/2024\/03\/Dorogi_Banyasz_1957-272x182.jpg 272w\" sizes=\"(max-width: 1536px) 100vw, 1536px\" \/><\/p>\n<p style=\"text-align: center;\"><span style=\"font-size: 10pt;\"><em>A Dorogi B\u00e1ny\u00e1sz csapat\u00e1ban a Honv\u00e9d elleni bajnokin 1957-ben. Monostori balr\u00f3l a negyedik.<\/em><\/span><\/p>\n<p style=\"text-align: justify;\">Dorogon tizenk\u00e9t \u00e9v alatt \u00f6sszesen 243 bajnoki m\u00e9rk\u0151z\u00e9sen szerepelt \u00e9s 94 g\u00f3lt szerzett. Ezzel minden id\u0151k harmadik legg\u00f3ler\u0151sebb dorogi j\u00e1t\u00e9kosa, azonban ha csak az els\u0151 oszt\u00e1lyban szerzett g\u00f3lokat vessz\u00fck alapul, \u00fagy, Monostori \u00e1ll a g\u00f3ll\u00f6v\u0151 lista \u00e9l\u00e9n, amely szinte biztosra vehet\u0151, hogy \u00f6r\u00f6k\u00f6s rekord marad. Az 1958\u201359-es \u00e9vadban az NB I g\u00f3lkir\u00e1lya lett holtversenyben a honv\u00e9dos Tichyvel \u00e9s a csepeli Kisutczkyval. Mindh\u00e1rman egyar\u00e1nt 15 alkalommal voltak eredm\u00e9nyesek. Sz\u00e1mtalan egy\u00e9b t\u00e9tm\u00e9rk\u0151z\u00e9sen is szerepelt a Dorog-sz\u00edneiben, t\u00f6bbek k\u00f6z\u00f6tt kupameccseken \u00e9s nemzetk\u00f6zi tal\u00e1lkoz\u00f3kon. A Magyar N\u00e9pk\u00f6zt\u00e1rsas\u00e1gi Kupa-sorozatban egy\u00e9ni cs\u00facsot is be\u00e1ll\u00edtott, miut\u00e1n a Mosonszolnok ellen idegenben egymaga nyolc g\u00f3lt v\u00e1gott az ellenf\u00e9l kapuj\u00e1ba. Neves nemzetk\u00f6zi torn\u00e1kon is p\u00e1ly\u00e1ra l\u00e9pett a dorogiakkal, mint a H\u00fasv\u00e9ti Kup\u00e1n Belgiumban, ahol el is h\u00f3d\u00edtott\u00e1k a tr\u00f3fe\u00e1t, miut\u00e1n a d\u00f6nt\u0151ben a Bayern M\u00fcnchent is legy\u0151zt\u00e9k. Az el\u0151d\u00f6nt\u0151ben Br\u00fcsszelben a First Vienna FC ellen gy\u0151ztes g\u00f3lt szerzett. Ugyancsak szerepelt \u00e9s g\u00f3lszerz\u0151 is volt a Rappan Kup\u00e1ban. A dorogi klub legsikeresebb id\u0151szak\u00e1ban volt a csapat tagja, amellyel h\u00e1romszor is elnyert\u00e9k a Vid\u00e9k legjobbja c\u00edmet, m\u00e9gpedig 1954-ben, 1955-ben \u00e9s 1963-ban.<\/p>\n<p><img decoding=\"async\" class=\"aligncenter wp-image-60343 \" src=\"https:\/\/dorogimedence.hu\/wp-content\/uploads\/2024\/03\/Kepes-Sport-Cimlap.jpg\" alt=\"\" width=\"576\" height=\"730\" srcset=\"https:\/\/dorogimedence.hu\/wp-content\/uploads\/2024\/03\/Kepes-Sport-Cimlap.jpg 808w, https:\/\/dorogimedence.hu\/wp-content\/uploads\/2024\/03\/Kepes-Sport-Cimlap-473x600.jpg 473w, https:\/\/dorogimedence.hu\/wp-content\/uploads\/2024\/03\/Kepes-Sport-Cimlap-768x973.jpg 768w, https:\/\/dorogimedence.hu\/wp-content\/uploads\/2024\/03\/Kepes-Sport-Cimlap-150x190.jpg 150w, https:\/\/dorogimedence.hu\/wp-content\/uploads\/2024\/03\/Kepes-Sport-Cimlap-450x570.jpg 450w\" sizes=\"(max-width: 576px) 100vw, 576px\" \/><\/p>\n<p style=\"text-align: center;\"><span style=\"font-size: 10pt;\"><em>C\u00edmlapon a Hollandia elleni vb-selejtez\u0151t k\u00f6vet\u0151en (forr\u00e1s: Monostori csal\u00e1d albuma)<\/em><\/span><\/p>\n<p style=\"text-align: justify;\">Szem\u00e9lye megker\u00fclhetetlenn\u00e9 v\u00e1lt a v\u00e1logatott berkeiben is. Els\u0151k\u00e9nt a B\u00e1ny\u00e1sz-v\u00e1logatott oszlopos tagja volt, de volt ifj\u00fas\u00e1gi \u00e9s ut\u00e1np\u00f3tl\u00e1s-v\u00e1logatott is, m\u00edg a nagy v\u00e1logatott keret\u00e9be is megh\u00edv\u00e1st kapott. A v\u00e1logatottban a jugoszl\u00e1vok elleni 2\u20130-\u00e1s gy\u0151ztes tal\u00e1lkoz\u00f3n mutatkozott be, 1958. \u00e1prilis 20-\u00e1n. K\u00e9t vil\u00e1gbajnoks\u00e1gon is r\u00e9szt vett. El\u0151bb Sv\u00e9dorsz\u00e1gban 1958-ban, majd Chil\u00e9ben 1962-ben. Ut\u00f3bbin az Argent\u00edna elleni tal\u00e1lkoz\u00f3 h\u0151se lehetett volna, amennyiben a biztos g\u00f3lnak t\u0171n\u0151 bomb\u00e1j\u00e1t nem torn\u00e1ssza ki brav\u00farral a l\u00e9c al\u00f3l az ellenf\u00e9l kapusa. Sv\u00e9dorsz\u00e1gban a 6., m\u00edg Chil\u00e9ben az 5. helyen v\u00e9geztek. C\u00edmeres mezben n\u00e9gy g\u00f3lt szerzett. Minden bizonnyal Dorogon j\u00e1tszotta volna v\u00e9gig a teljes p\u00e1lyafut\u00e1s\u00e1t, azonban a csapat 1966 v\u00e9g\u00e9n szerencs\u00e9tlen\u00fcl kiesett az NB I-b\u0151l. Sz\u00e1mos els\u0151 oszt\u00e1ly\u00fa csapat versengett \u00e9rte, v\u00e9g\u00fcl a Tatab\u00e1nya igazolta le \u00e9s ott is fejezte be az akt\u00edv j\u00e1t\u00e9kot 1971-ben. A megyesz\u00e9khely csapat\u00e1ban 51 NB I-es meccsen szerepelt \u00e9s 11 g\u00f3lt szerzett. Teljes p\u00e1lyafut\u00e1sa sor\u00e1n az els\u0151 oszt\u00e1lyban szerepelt.<\/p>\n<p><img decoding=\"async\" class=\"aligncenter wp-image-60341 size-full\" src=\"https:\/\/dorogimedence.hu\/wp-content\/uploads\/2024\/03\/Badge-of-World-Cup-1962_1.jpg\" alt=\"\" width=\"1430\" height=\"1081\" srcset=\"https:\/\/dorogimedence.hu\/wp-content\/uploads\/2024\/03\/Badge-of-World-Cup-1962_1.jpg 1430w, https:\/\/dorogimedence.hu\/wp-content\/uploads\/2024\/03\/Badge-of-World-Cup-1962_1-600x454.jpg 600w, https:\/\/dorogimedence.hu\/wp-content\/uploads\/2024\/03\/Badge-of-World-Cup-1962_1-768x581.jpg 768w, https:\/\/dorogimedence.hu\/wp-content\/uploads\/2024\/03\/Badge-of-World-Cup-1962_1-150x113.jpg 150w, https:\/\/dorogimedence.hu\/wp-content\/uploads\/2024\/03\/Badge-of-World-Cup-1962_1-450x340.jpg 450w, https:\/\/dorogimedence.hu\/wp-content\/uploads\/2024\/03\/Badge-of-World-Cup-1962_1-1200x907.jpg 1200w\" sizes=\"(max-width: 1430px) 100vw, 1430px\" \/><\/p>\n<p style=\"text-align: center;\"><span style=\"font-size: 10pt;\"><em>A chilei vil\u00e1gbajnoks\u00e1gon viselt azonos\u00edt\u00f3 igazolv\u00e1nya (forr\u00e1s: Pusk\u00e1s Int\u00e9zet)<\/em><\/span><\/p>\n<p style=\"text-align: justify;\">Visszavonul\u00e1s\u00e1t k\u00f6vet\u0151en szakedz\u0151i vizsg\u00e1t tett a Testnevel\u00e9si Egyetemen \u00e9s hamarosan a Tatab\u00e1nya els\u0151 csapat\u00e1n\u00e1l edz\u0151sk\u00f6d\u00f6tt 1978-ig, majd kinevezt\u00e9k az ut\u00e1p\u00f3tl\u00e1s-v\u00e1logatott kapit\u00e1ny\u00e1v\u00e1. Ezt k\u00f6vet\u0151en a bajnok Ferencv\u00e1ros m\u00e1sodedz\u0151je volt, ut\u00e1na pedig Dubai-ba h\u00edvt\u00e1k sz\u00f6vets\u00e9gi edz\u0151nek. Hazat\u00e9rve t\u00f6bb hazai neves klubn\u00e1l kamatoztatta szak\u00e9rtelm\u00e9t, v\u00e9g\u00fcl pedig visszat\u00e9rt Dorogra, ahol az ut\u00e1np\u00f3tl\u00e1s nevel\u00e9sben v\u00e9gzett elismert munk\u00e1t. M\u00e9g a k\u00f6zelm\u00faltban szerepelt dorogi j\u00e1t\u00e9kosok k\u00f6z\u00f6tt is volt egy sor meghat\u00e1roz\u00f3 labdar\u00fag\u00f3, akik a keze al\u00f3l ker\u00fcltek ki. 1962-ben Kiv\u00e1l\u00f3 Sportol\u00f3 kit\u00fcntet\u00e9sben r\u00e9szes\u00fclt, 2001-ben pedig a Dorogi FC \u00d6r\u00f6k\u00f6s Tagja lett.<\/p>\n<p><img loading=\"lazy\" decoding=\"async\" class=\"aligncenter wp-image-60345 \" src=\"https:\/\/dorogimedence.hu\/wp-content\/uploads\/2024\/03\/Monostori-valogatott.jpg\" alt=\"\" width=\"480\" height=\"763\" srcset=\"https:\/\/dorogimedence.hu\/wp-content\/uploads\/2024\/03\/Monostori-valogatott.jpg 307w, https:\/\/dorogimedence.hu\/wp-content\/uploads\/2024\/03\/Monostori-valogatott-150x238.jpg 150w\" sizes=\"(max-width: 480px) 100vw, 480px\" \/><\/p>\n<p style=\"text-align: justify;\"><span style=\"font-size: 10pt;\"><em>1960-ban a v\u00e1logatott tagjak\u00e9nt a Himnuszra felsorakozott t\u00e1rsaival, a Lengyelorsz\u00e1g elleni m\u00e9rk\u0151z\u00e9sen a N\u00e9pstadionban Fenyvesi M\u00e1t\u00e9 \u00e9s M\u00e9sz\u00f6ly K\u00e1lm\u00e1n k\u00f6z\u00f6tt (forr\u00e1s: Magyar Futball.hu)<\/em><\/span><\/p>\n<p style=\"text-align: justify;\">Rendszeres r\u00e9sztvev\u0151je volt a Dorogi \u00d6regfi\u00fak rendezv\u00e9nyeinek \u00e9s m\u00e9rk\u0151z\u00e9seinek. Megh\u00edv\u00e1st kapott \u00e9s p\u00e1ly\u00e1ra is l\u00e9pett Pusk\u00e1s Ferenc hazal\u00e1togat\u00e1s\u00e1nak tisztelet\u00e9re rendezett g\u00e1lam\u00e9rk\u0151z\u00e9sen a N\u00e9pstadionban 1981-ben, a magyar\u2013angol vb-selejtez\u0151 el\u0151m\u00e9rk\u0151z\u00e9sen. Nagyszer\u0171 k\u00e9pess\u00e9geit sportszaklapok t\u00f6bbsz\u00f6r is m\u00e9ltatt\u00e1k. V\u00e9rbeli csat\u00e1rk\u00e9nt emlegett\u00e9k, aki t\u00f6k\u00e9letes technikai felk\u00e9sz\u00fclts\u00e9g mellett, mindk\u00e9t l\u00e1b\u00e1val kifog\u00e1stalanul l\u0151tt \u00e9s ragyog\u00f3 volt a fejel\u0151 k\u00e9pess\u00e9ge. A kapu el\u0151ter\u00e9ben \u00e9s messzir\u0151l is g\u00f3ler\u0151s volt. \u00c9lete jelent\u0151s r\u00e9sz\u00e9ben Tokodalt\u00e1r\u00f3n lakott, majd \u00e9lete v\u00e9g\u00e9ig Dorogon.<\/p>\n<p><img loading=\"lazy\" decoding=\"async\" class=\"aligncenter wp-image-60342 size-full\" src=\"https:\/\/dorogimedence.hu\/wp-content\/uploads\/2024\/03\/fortepan_1773-scaled.jpg\" alt=\"\" width=\"2560\" height=\"2384\" srcset=\"https:\/\/dorogimedence.hu\/wp-content\/uploads\/2024\/03\/fortepan_1773-scaled.jpg 2560w, https:\/\/dorogimedence.hu\/wp-content\/uploads\/2024\/03\/fortepan_1773-600x559.jpg 600w, https:\/\/dorogimedence.hu\/wp-content\/uploads\/2024\/03\/fortepan_1773-1920x1788.jpg 1920w, https:\/\/dorogimedence.hu\/wp-content\/uploads\/2024\/03\/fortepan_1773-768x715.jpg 768w, https:\/\/dorogimedence.hu\/wp-content\/uploads\/2024\/03\/fortepan_1773-1536x1430.jpg 1536w, https:\/\/dorogimedence.hu\/wp-content\/uploads\/2024\/03\/fortepan_1773-2048x1907.jpg 2048w, https:\/\/dorogimedence.hu\/wp-content\/uploads\/2024\/03\/fortepan_1773-150x140.jpg 150w, https:\/\/dorogimedence.hu\/wp-content\/uploads\/2024\/03\/fortepan_1773-450x419.jpg 450w, https:\/\/dorogimedence.hu\/wp-content\/uploads\/2024\/03\/fortepan_1773-1200x1117.jpg 1200w\" sizes=\"(max-width: 2560px) 100vw, 2560px\" \/><\/p>\n<p style=\"text-align: justify;\"><span style=\"font-size: 10pt;\"><em>Sz\u00e1mtalan k\u00fclf\u00f6di szerepl\u00e9se sor\u00e1n t\u00f6bb helyen is megfordult. Ezen a felv\u00e9telen egy tengerj\u00e1r\u00f3 fed\u00e9lzet\u00e9n l\u00e1that\u00f3 v\u00e1logatott csapatt\u00e1rsaival az \u00c9szaki-tengeren (forr\u00e1s: Fortepan online)<\/em><\/span><\/p>\n<p style=\"text-align: justify;\">Feles\u00e9g\u00e9vel, Marg\u00f3val val\u00f3 h\u00e1zass\u00e1gukb\u00f3l k\u00e9t le\u00e1nyuk, Mariann \u00e9s Erika sz\u00fcletett. Csal\u00e1dj\u00e1b\u00f3l t\u00f6bb neves \u00e9lsport\u00f3l\u00f3 ker\u00fclt ki. Fiv\u00e9re, Monostori Gy\u00f6rgy ugyancsak els\u0151 oszt\u00e1ly\u00fa labdar\u00fag\u00f3 volt, akivel Dorogon csapatt\u00e1rsak voltak.. A sportsajt\u00f3ban Monostori I. \u00e9s Monostori II. n\u00e9ven szerepeltek. Tivi volt a II., m\u00edg Gy\u00f6rgy az I.. Mariann \u00e1ltali veje, Holdampf S\u00e1ndor elismert labdar\u00fag\u00f3, majd massz\u0151r \u00e9s gy\u00far\u00f3 volt Dorogon, a k\u00e9s\u0151bbiekben pedig az ut\u00e1np\u00f3tl\u00e1s-v\u00e1logatottn\u00e1l. \u00cdg\u00e9retes tehets\u00e9g volt az ugyancsak labdar\u00fag\u00f3 Monostori P\u00e9ter is. Erika le\u00e1nya \u00e1g\u00e1n sz\u00fcletett unok\u00e1ja, Bula Benjamin szint\u00e9n a Dorog futballist\u00e1ja lett. Ezen fel\u00fcl a k\u00f6zvetlen rokons\u00e1gban ismert sporttud\u00f3s\u00edt\u00f3, illetve sportfot\u00f3s is akadt. Kiemelked\u0151 sportol\u00f3i kvalit\u00e1sain t\u00fal, a p\u00e1ly\u00e1n k\u00edv\u00fcl is egy igen rokonszenves, szer\u00e9ny, k\u00f6zvetlen emberk\u00e9nt ismert\u00e9k, aki m\u00e9lt\u00e1n v\u00edvta ki k\u00f6rnyezete szeretet\u00e9t \u00e9s megbecs\u00fcl\u00e9s\u00e9t. Egykori j\u00e1t\u00e9kost\u00e1rsaival s\u00edrig tart\u00f3 bar\u00e1ts\u00e1gban maradtak.<\/p>\n<p><img loading=\"lazy\" decoding=\"async\" class=\"aligncenter wp-image-60344 size-full\" src=\"https:\/\/dorogimedence.hu\/wp-content\/uploads\/2024\/03\/Monostori-lakas_1.jpg\" alt=\"\" width=\"2138\" height=\"1626\" srcset=\"https:\/\/dorogimedence.hu\/wp-content\/uploads\/2024\/03\/Monostori-lakas_1.jpg 2138w, https:\/\/dorogimedence.hu\/wp-content\/uploads\/2024\/03\/Monostori-lakas_1-600x456.jpg 600w, https:\/\/dorogimedence.hu\/wp-content\/uploads\/2024\/03\/Monostori-lakas_1-1920x1460.jpg 1920w, https:\/\/dorogimedence.hu\/wp-content\/uploads\/2024\/03\/Monostori-lakas_1-768x584.jpg 768w, https:\/\/dorogimedence.hu\/wp-content\/uploads\/2024\/03\/Monostori-lakas_1-1536x1168.jpg 1536w, https:\/\/dorogimedence.hu\/wp-content\/uploads\/2024\/03\/Monostori-lakas_1-2048x1558.jpg 2048w, https:\/\/dorogimedence.hu\/wp-content\/uploads\/2024\/03\/Monostori-lakas_1-150x114.jpg 150w, https:\/\/dorogimedence.hu\/wp-content\/uploads\/2024\/03\/Monostori-lakas_1-450x342.jpg 450w, https:\/\/dorogimedence.hu\/wp-content\/uploads\/2024\/03\/Monostori-lakas_1-1200x913.jpg 1200w\" sizes=\"(max-width: 2138px) 100vw, 2138px\" \/><\/p>\n<p style=\"text-align: center;\"><span style=\"font-size: 10pt;\"><em>Eml\u00e9ksarok dorogi lak\u00e1suk nappalij\u00e1ban (forr\u00e1s: Monostori csal\u00e1d albuma)<\/em><\/span><\/p>\n<p style=\"text-align: justify;\">Eml\u00e9k\u00e9t mind a dorogi egyes\u00fclet, mind a Magyar Labdar\u00fag\u00f3 Sz\u00f6vets\u00e9g kiemelten kezeli. A Dorogi FC ut\u00e1np\u00f3tl\u00e1s centruma a nev\u00e9t vette fel, tisztelet\u00e9re ut\u00e1np\u00f3tl\u00e1s torn\u00e1t rendeznek, az \u00e9v dorogi g\u00f3ll\u00f6v\u0151j\u00e9nek j\u00e1r\u00f3 d\u00edjat is r\u00f3la neves\u00edtett\u00e9k, valamint internetes port\u00e1lon l\u00e9trehozt\u00e1k \u00e9s m\u0171k\u00f6dtetik az eml\u00e9koldal\u00e1t. Az egykori labdar\u00fag\u00f3 csillag \u00e9ppen szeretett klubj\u00e1nak centen\u00e1rium\u00e1n hunyt el. Azonban, mint az igazi legend\u00e1k, \u00f6r\u00f6kre k\u00f6zt\u00fcnk marad.<\/p>\n<p><img loading=\"lazy\" decoding=\"async\" class=\"aligncenter wp-image-60346 size-full\" src=\"https:\/\/dorogimedence.hu\/wp-content\/uploads\/2024\/03\/Tivi-bacsi-sirhelye_1.jpg\" alt=\"\" width=\"573\" height=\"1008\" srcset=\"https:\/\/dorogimedence.hu\/wp-content\/uploads\/2024\/03\/Tivi-bacsi-sirhelye_1.jpg 573w, https:\/\/dorogimedence.hu\/wp-content\/uploads\/2024\/03\/Tivi-bacsi-sirhelye_1-341x600.jpg 341w, https:\/\/dorogimedence.hu\/wp-content\/uploads\/2024\/03\/Tivi-bacsi-sirhelye_1-150x264.jpg 150w, https:\/\/dorogimedence.hu\/wp-content\/uploads\/2024\/03\/Tivi-bacsi-sirhelye_1-450x792.jpg 450w\" sizes=\"(max-width: 573px) 100vw, 573px\" \/><\/p>\n<p style=\"text-align: center;\"><span style=\"font-size: 10pt;\"><em>S\u00edrja a tokodi temet\u0151ben (forr\u00e1s: Monostori csal\u00e1d albuma)<\/em><\/span><\/p>\n<p><span style=\"text-decoration: underline;\"><em>Bor\u00edt\u00f3k\u00e9p:<\/em><\/span> Monostori Tivadar dedik\u00e1lt fot\u00f3ja a Dorogi B\u00e1ny\u00e1sz j\u00e1t\u00e9kosak\u00e9nt a Vid\u00e9k legjobbja tisztelet\u00e9re k\u00e9sz\u00fclt tabl\u00f3n.<\/p>\n<p>K\u00fcl\u00f6n k\u00f6sz\u00f6net Monostori Tivadarn\u00e9 Marg\u00f3 r\u00e9sz\u00e9re a k\u00e9panyag\u00e9rt.<\/p>\n<p><em><strong>Szab\u00f3 Gyula<\/strong><\/em><\/p>\n","protected":false},"excerpt":{"rendered":"<p>Kereken egy \u00e9vtizede, 2014. m\u00e1rcius 18-\u00e1n, \u00e9let\u00e9nek 78. \u00e9v\u00e9ben hunyt el Monostori Tivadar, minden id\u0151k egyik legkiemelked\u0151bb dorogi labdar\u00fag\u00f3ja, az egyetemes magyar futballt\u00f6rt\u00e9net meghat\u00e1roz\u00f3 szem\u00e9lye, akit nemzetk\u00f6zi szinten is elismert j\u00e1t\u00e9kosk\u00e9nt \u00e9s labdar\u00fag\u00f3 szakedz\u0151k\u00e9nt tartottak sz\u00e1mon. Eml\u00e9kezet\u00e9t e cikkel is k\u00edv\u00e1njuk tov\u00e1bb \u0151rizni \u00e9s er\u0151s\u00edteni. Monostori Tivadar 1936. augusztus 24-\u00e9n, az 1947 \u00f3ta Tatab\u00e1nya v\u00e1rosr\u00e9sz\u00e9t<\/p>\n","protected":false},"author":4,"featured_media":60329,"comment_status":"closed","ping_status":"closed","sticky":false,"template":"","format":"standard","meta":{"ngg_post_thumbnail":0,"footnotes":""},"categories":[2,3,6031,5],"tags":[15,5006,70,69,72,16],"class_list":{"0":"post-60324","1":"post","2":"type-post","3":"status-publish","4":"format-standard","5":"has-post-thumbnail","7":"category-dorog","8":"category-hirek","9":"category-kerek-evfordulok","10":"category-sport","11":"tag-dorog","12":"tag-dorogi-banyasz","13":"tag-foci","14":"tag-futball","15":"tag-labdarugas","16":"tag-sport"},"yoast_head":"<!-- This site is optimized with the Yoast SEO plugin v27.5 - https:\/\/yoast.com\/product\/yoast-seo-wordpress\/ -->\n<title>10 \u00e9ve t\u00f6rt\u00e9nt: A dorogi labdar\u00fag\u00f3 klub egyik legnagyobb ikonja; Monostori Tivadar az \u00c9gi v\u00e1logatottba igazolt<\/title>\n<meta name=\"robots\" content=\"index, follow, max-snippet:-1, max-image-preview:large, max-video-preview:-1\" \/>\n<link rel=\"canonical\" href=\"https:\/\/dorogimedence.hu\/index.php\/2024\/03\/18\/10-eve-tortent-a-dorogi-labdarugo-klub-egyik-legnagyobb-ikonja-monostori-tivadar-az-egi-valogatottba-igazolt\/\" class=\"yoast-seo-meta-tag\" \/>\n<meta property=\"og:locale\" content=\"hu_HU\" class=\"yoast-seo-meta-tag\" \/>\n<meta property=\"og:type\" content=\"article\" class=\"yoast-seo-meta-tag\" \/>\n<meta property=\"og:title\" content=\"10 \u00e9ve t\u00f6rt\u00e9nt: A dorogi labdar\u00fag\u00f3 klub egyik legnagyobb ikonja; Monostori Tivadar az \u00c9gi v\u00e1logatottba igazolt\" class=\"yoast-seo-meta-tag\" \/>\n<meta property=\"og:description\" content=\"Kereken egy \u00e9vtizede, 2014. m\u00e1rcius 18-\u00e1n, \u00e9let\u00e9nek 78. \u00e9v\u00e9ben hunyt el Monostori Tivadar, minden id\u0151k egyik legkiemelked\u0151bb dorogi labdar\u00fag\u00f3ja, az egyetemes magyar futballt\u00f6rt\u00e9net meghat\u00e1roz\u00f3 szem\u00e9lye, akit nemzetk\u00f6zi szinten is elismert j\u00e1t\u00e9kosk\u00e9nt \u00e9s labdar\u00fag\u00f3 szakedz\u0151k\u00e9nt tartottak sz\u00e1mon. Eml\u00e9kezet\u00e9t e cikkel is k\u00edv\u00e1njuk tov\u00e1bb \u0151rizni \u00e9s er\u0151s\u00edteni. Monostori Tivadar 1936. augusztus 24-\u00e9n, az 1947 \u00f3ta Tatab\u00e1nya v\u00e1rosr\u00e9sz\u00e9t\" class=\"yoast-seo-meta-tag\" \/>\n<meta property=\"og:url\" content=\"https:\/\/dorogimedence.hu\/index.php\/2024\/03\/18\/10-eve-tortent-a-dorogi-labdarugo-klub-egyik-legnagyobb-ikonja-monostori-tivadar-az-egi-valogatottba-igazolt\/\" class=\"yoast-seo-meta-tag\" \/>\n<meta property=\"og:site_name\" content=\"Dorogi-medence Region\u00e1lis H\u00edrport\u00e1l\" class=\"yoast-seo-meta-tag\" \/>\n<meta property=\"article:publisher\" content=\"https:\/\/www.facebook.com\/dorogimedence\/\" class=\"yoast-seo-meta-tag\" \/>\n<meta property=\"article:published_time\" content=\"2024-03-18T06:38:15+00:00\" class=\"yoast-seo-meta-tag\" \/>\n<meta property=\"og:image\" content=\"https:\/\/dorogimedence.hu\/wp-content\/uploads\/2024\/03\/Bor_1.jpg\" class=\"yoast-seo-meta-tag\" \/>\n\t<meta property=\"og:image:width\" content=\"900\" class=\"yoast-seo-meta-tag\" \/>\n\t<meta property=\"og:image:height\" content=\"535\" class=\"yoast-seo-meta-tag\" \/>\n\t<meta property=\"og:image:type\" content=\"image\/jpeg\" class=\"yoast-seo-meta-tag\" \/>\n<meta name=\"author\" content=\"Szab\u00f3 Gyula\" class=\"yoast-seo-meta-tag\" \/>\n<meta name=\"twitter:card\" content=\"summary_large_image\" class=\"yoast-seo-meta-tag\" \/>\n<meta name=\"twitter:label1\" content=\"Szerz\u0151:\" class=\"yoast-seo-meta-tag\" \/>\n\t<meta name=\"twitter:data1\" content=\"Szab\u00f3 Gyula\" class=\"yoast-seo-meta-tag\" \/>\n\t<meta name=\"twitter:label2\" content=\"Becs\u00fclt olvas\u00e1si id\u0151\" class=\"yoast-seo-meta-tag\" \/>\n\t<meta name=\"twitter:data2\" content=\"8 perc\" class=\"yoast-seo-meta-tag\" \/>\n<script type=\"application\/ld+json\" class=\"yoast-schema-graph\">{\"@context\":\"https:\\\/\\\/schema.org\",\"@graph\":[{\"@type\":\"Article\",\"@id\":\"https:\\\/\\\/dorogimedence.hu\\\/index.php\\\/2024\\\/03\\\/18\\\/10-eve-tortent-a-dorogi-labdarugo-klub-egyik-legnagyobb-ikonja-monostori-tivadar-az-egi-valogatottba-igazolt\\\/#article\",\"isPartOf\":{\"@id\":\"https:\\\/\\\/dorogimedence.hu\\\/index.php\\\/2024\\\/03\\\/18\\\/10-eve-tortent-a-dorogi-labdarugo-klub-egyik-legnagyobb-ikonja-monostori-tivadar-az-egi-valogatottba-igazolt\\\/\"},\"author\":{\"name\":\"Szab\u00f3 Gyula\",\"@id\":\"https:\\\/\\\/dorogimedence.hu\\\/#\\\/schema\\\/person\\\/76605e8151ec1b7376385cd184ede973\"},\"headline\":\"10 \u00e9ve t\u00f6rt\u00e9nt: A dorogi labdar\u00fag\u00f3 klub egyik legnagyobb ikonja; Monostori Tivadar az \u00c9gi v\u00e1logatottba igazolt\",\"datePublished\":\"2024-03-18T06:38:15+00:00\",\"mainEntityOfPage\":{\"@id\":\"https:\\\/\\\/dorogimedence.hu\\\/index.php\\\/2024\\\/03\\\/18\\\/10-eve-tortent-a-dorogi-labdarugo-klub-egyik-legnagyobb-ikonja-monostori-tivadar-az-egi-valogatottba-igazolt\\\/\"},\"wordCount\":1526,\"publisher\":{\"@id\":\"https:\\\/\\\/dorogimedence.hu\\\/#organization\"},\"image\":{\"@id\":\"https:\\\/\\\/dorogimedence.hu\\\/index.php\\\/2024\\\/03\\\/18\\\/10-eve-tortent-a-dorogi-labdarugo-klub-egyik-legnagyobb-ikonja-monostori-tivadar-az-egi-valogatottba-igazolt\\\/#primaryimage\"},\"thumbnailUrl\":\"https:\\\/\\\/dorogimedence.hu\\\/wp-content\\\/uploads\\\/2024\\\/03\\\/Bor_1.jpg\",\"keywords\":[\"Dorog\",\"Dorogi B\u00e1ny\u00e1sz\",\"foci\",\"futball\",\"labdar\u00fag\u00e1s\",\"sport\"],\"articleSection\":[\"Dorog\",\"H\u00edrek\",\"Kerek \u00e9vfordul\u00f3k\",\"Sport\"],\"inLanguage\":\"hu\"},{\"@type\":\"WebPage\",\"@id\":\"https:\\\/\\\/dorogimedence.hu\\\/index.php\\\/2024\\\/03\\\/18\\\/10-eve-tortent-a-dorogi-labdarugo-klub-egyik-legnagyobb-ikonja-monostori-tivadar-az-egi-valogatottba-igazolt\\\/\",\"url\":\"https:\\\/\\\/dorogimedence.hu\\\/index.php\\\/2024\\\/03\\\/18\\\/10-eve-tortent-a-dorogi-labdarugo-klub-egyik-legnagyobb-ikonja-monostori-tivadar-az-egi-valogatottba-igazolt\\\/\",\"name\":\"10 \u00e9ve t\u00f6rt\u00e9nt: A dorogi labdar\u00fag\u00f3 klub egyik legnagyobb ikonja; Monostori Tivadar az \u00c9gi v\u00e1logatottba igazolt\",\"isPartOf\":{\"@id\":\"https:\\\/\\\/dorogimedence.hu\\\/#website\"},\"primaryImageOfPage\":{\"@id\":\"https:\\\/\\\/dorogimedence.hu\\\/index.php\\\/2024\\\/03\\\/18\\\/10-eve-tortent-a-dorogi-labdarugo-klub-egyik-legnagyobb-ikonja-monostori-tivadar-az-egi-valogatottba-igazolt\\\/#primaryimage\"},\"image\":{\"@id\":\"https:\\\/\\\/dorogimedence.hu\\\/index.php\\\/2024\\\/03\\\/18\\\/10-eve-tortent-a-dorogi-labdarugo-klub-egyik-legnagyobb-ikonja-monostori-tivadar-az-egi-valogatottba-igazolt\\\/#primaryimage\"},\"thumbnailUrl\":\"https:\\\/\\\/dorogimedence.hu\\\/wp-content\\\/uploads\\\/2024\\\/03\\\/Bor_1.jpg\",\"datePublished\":\"2024-03-18T06:38:15+00:00\",\"breadcrumb\":{\"@id\":\"https:\\\/\\\/dorogimedence.hu\\\/index.php\\\/2024\\\/03\\\/18\\\/10-eve-tortent-a-dorogi-labdarugo-klub-egyik-legnagyobb-ikonja-monostori-tivadar-az-egi-valogatottba-igazolt\\\/#breadcrumb\"},\"inLanguage\":\"hu\",\"potentialAction\":[{\"@type\":\"ReadAction\",\"target\":[\"https:\\\/\\\/dorogimedence.hu\\\/index.php\\\/2024\\\/03\\\/18\\\/10-eve-tortent-a-dorogi-labdarugo-klub-egyik-legnagyobb-ikonja-monostori-tivadar-az-egi-valogatottba-igazolt\\\/\"]}]},{\"@type\":\"ImageObject\",\"inLanguage\":\"hu\",\"@id\":\"https:\\\/\\\/dorogimedence.hu\\\/index.php\\\/2024\\\/03\\\/18\\\/10-eve-tortent-a-dorogi-labdarugo-klub-egyik-legnagyobb-ikonja-monostori-tivadar-az-egi-valogatottba-igazolt\\\/#primaryimage\",\"url\":\"https:\\\/\\\/dorogimedence.hu\\\/wp-content\\\/uploads\\\/2024\\\/03\\\/Bor_1.jpg\",\"contentUrl\":\"https:\\\/\\\/dorogimedence.hu\\\/wp-content\\\/uploads\\\/2024\\\/03\\\/Bor_1.jpg\",\"width\":900,\"height\":535},{\"@type\":\"BreadcrumbList\",\"@id\":\"https:\\\/\\\/dorogimedence.hu\\\/index.php\\\/2024\\\/03\\\/18\\\/10-eve-tortent-a-dorogi-labdarugo-klub-egyik-legnagyobb-ikonja-monostori-tivadar-az-egi-valogatottba-igazolt\\\/#breadcrumb\",\"itemListElement\":[{\"@type\":\"ListItem\",\"position\":1,\"name\":\"Kezd\u0151lap\",\"item\":\"https:\\\/\\\/dorogimedence.hu\\\/\"},{\"@type\":\"ListItem\",\"position\":2,\"name\":\"10 \u00e9ve t\u00f6rt\u00e9nt: A dorogi labdar\u00fag\u00f3 klub egyik legnagyobb ikonja; Monostori Tivadar az \u00c9gi v\u00e1logatottba igazolt\"}]},{\"@type\":\"WebSite\",\"@id\":\"https:\\\/\\\/dorogimedence.hu\\\/#website\",\"url\":\"https:\\\/\\\/dorogimedence.hu\\\/\",\"name\":\"Dorogi-medence Region\u00e1lis H\u00edrport\u00e1l\",\"description\":\"Dorog, Keszt\u00f6lc, Le\u00e1nyv\u00e1r, Piliscs\u00e9v, Tokod, Tokodalt\u00e1r\u00f3, Csolnok, Esztergom-kertv\u00e1ros: h\u00edrek, programok\",\"publisher\":{\"@id\":\"https:\\\/\\\/dorogimedence.hu\\\/#organization\"},\"potentialAction\":[{\"@type\":\"SearchAction\",\"target\":{\"@type\":\"EntryPoint\",\"urlTemplate\":\"https:\\\/\\\/dorogimedence.hu\\\/?s={search_term_string}\"},\"query-input\":{\"@type\":\"PropertyValueSpecification\",\"valueRequired\":true,\"valueName\":\"search_term_string\"}}],\"inLanguage\":\"hu\"},{\"@type\":\"Organization\",\"@id\":\"https:\\\/\\\/dorogimedence.hu\\\/#organization\",\"name\":\"Dorogi-medence Region\u00e1lis H\u00edrport\u00e1l\",\"url\":\"https:\\\/\\\/dorogimedence.hu\\\/\",\"logo\":{\"@type\":\"ImageObject\",\"inLanguage\":\"hu\",\"@id\":\"https:\\\/\\\/dorogimedence.hu\\\/#\\\/schema\\\/logo\\\/image\\\/\",\"url\":\"https:\\\/\\\/dorogimedence.hu\\\/wp-content\\\/uploads\\\/2021\\\/04\\\/logo-feher-600.png\",\"contentUrl\":\"https:\\\/\\\/dorogimedence.hu\\\/wp-content\\\/uploads\\\/2021\\\/04\\\/logo-feher-600.png\",\"width\":600,\"height\":100,\"caption\":\"Dorogi-medence Region\u00e1lis H\u00edrport\u00e1l\"},\"image\":{\"@id\":\"https:\\\/\\\/dorogimedence.hu\\\/#\\\/schema\\\/logo\\\/image\\\/\"},\"sameAs\":[\"https:\\\/\\\/www.facebook.com\\\/dorogimedence\\\/\"]},{\"@type\":\"Person\",\"@id\":\"https:\\\/\\\/dorogimedence.hu\\\/#\\\/schema\\\/person\\\/76605e8151ec1b7376385cd184ede973\",\"name\":\"Szab\u00f3 Gyula\",\"image\":{\"@type\":\"ImageObject\",\"inLanguage\":\"hu\",\"@id\":\"\\\/\\\/www.gravatar.com\\\/avatar\\\/3e44b6fb2ef9bcea3639958cc2a587cb?s=96&#038;r=g&#038;d=mm\",\"url\":\"\\\/\\\/www.gravatar.com\\\/avatar\\\/3e44b6fb2ef9bcea3639958cc2a587cb?s=96&#038;r=g&#038;d=mm\",\"contentUrl\":\"\\\/\\\/www.gravatar.com\\\/avatar\\\/3e44b6fb2ef9bcea3639958cc2a587cb?s=96&#038;r=g&#038;d=mm\",\"caption\":\"Szab\u00f3 Gyula\"}}]}<\/script>\n<!-- \/ Yoast SEO plugin. -->","yoast_head_json":{"title":"10 \u00e9ve t\u00f6rt\u00e9nt: A dorogi labdar\u00fag\u00f3 klub egyik legnagyobb ikonja; Monostori Tivadar az \u00c9gi v\u00e1logatottba igazolt","robots":{"index":"index","follow":"follow","max-snippet":"max-snippet:-1","max-image-preview":"max-image-preview:large","max-video-preview":"max-video-preview:-1"},"canonical":"https:\/\/dorogimedence.hu\/index.php\/2024\/03\/18\/10-eve-tortent-a-dorogi-labdarugo-klub-egyik-legnagyobb-ikonja-monostori-tivadar-az-egi-valogatottba-igazolt\/","og_locale":"hu_HU","og_type":"article","og_title":"10 \u00e9ve t\u00f6rt\u00e9nt: A dorogi labdar\u00fag\u00f3 klub egyik legnagyobb ikonja; Monostori Tivadar az \u00c9gi v\u00e1logatottba igazolt","og_description":"Kereken egy \u00e9vtizede, 2014. m\u00e1rcius 18-\u00e1n, \u00e9let\u00e9nek 78. \u00e9v\u00e9ben hunyt el Monostori Tivadar, minden id\u0151k egyik legkiemelked\u0151bb dorogi labdar\u00fag\u00f3ja, az egyetemes magyar futballt\u00f6rt\u00e9net meghat\u00e1roz\u00f3 szem\u00e9lye, akit nemzetk\u00f6zi szinten is elismert j\u00e1t\u00e9kosk\u00e9nt \u00e9s labdar\u00fag\u00f3 szakedz\u0151k\u00e9nt tartottak sz\u00e1mon. Eml\u00e9kezet\u00e9t e cikkel is k\u00edv\u00e1njuk tov\u00e1bb \u0151rizni \u00e9s er\u0151s\u00edteni. Monostori Tivadar 1936. augusztus 24-\u00e9n, az 1947 \u00f3ta Tatab\u00e1nya v\u00e1rosr\u00e9sz\u00e9t","og_url":"https:\/\/dorogimedence.hu\/index.php\/2024\/03\/18\/10-eve-tortent-a-dorogi-labdarugo-klub-egyik-legnagyobb-ikonja-monostori-tivadar-az-egi-valogatottba-igazolt\/","og_site_name":"Dorogi-medence Region\u00e1lis H\u00edrport\u00e1l","article_publisher":"https:\/\/www.facebook.com\/dorogimedence\/","article_published_time":"2024-03-18T06:38:15+00:00","og_image":[{"width":900,"height":535,"url":"https:\/\/dorogimedence.hu\/wp-content\/uploads\/2024\/03\/Bor_1.jpg","type":"image\/jpeg"}],"author":"Szab\u00f3 Gyula","twitter_card":"summary_large_image","twitter_misc":{"Szerz\u0151:":"Szab\u00f3 Gyula","Becs\u00fclt olvas\u00e1si id\u0151":"8 perc"},"schema":{"@context":"https:\/\/schema.org","@graph":[{"@type":"Article","@id":"https:\/\/dorogimedence.hu\/index.php\/2024\/03\/18\/10-eve-tortent-a-dorogi-labdarugo-klub-egyik-legnagyobb-ikonja-monostori-tivadar-az-egi-valogatottba-igazolt\/#article","isPartOf":{"@id":"https:\/\/dorogimedence.hu\/index.php\/2024\/03\/18\/10-eve-tortent-a-dorogi-labdarugo-klub-egyik-legnagyobb-ikonja-monostori-tivadar-az-egi-valogatottba-igazolt\/"},"author":{"name":"Szab\u00f3 Gyula","@id":"https:\/\/dorogimedence.hu\/#\/schema\/person\/76605e8151ec1b7376385cd184ede973"},"headline":"10 \u00e9ve t\u00f6rt\u00e9nt: A dorogi labdar\u00fag\u00f3 klub egyik legnagyobb ikonja; Monostori Tivadar az \u00c9gi v\u00e1logatottba igazolt","datePublished":"2024-03-18T06:38:15+00:00","mainEntityOfPage":{"@id":"https:\/\/dorogimedence.hu\/index.php\/2024\/03\/18\/10-eve-tortent-a-dorogi-labdarugo-klub-egyik-legnagyobb-ikonja-monostori-tivadar-az-egi-valogatottba-igazolt\/"},"wordCount":1526,"publisher":{"@id":"https:\/\/dorogimedence.hu\/#organization"},"image":{"@id":"https:\/\/dorogimedence.hu\/index.php\/2024\/03\/18\/10-eve-tortent-a-dorogi-labdarugo-klub-egyik-legnagyobb-ikonja-monostori-tivadar-az-egi-valogatottba-igazolt\/#primaryimage"},"thumbnailUrl":"https:\/\/dorogimedence.hu\/wp-content\/uploads\/2024\/03\/Bor_1.jpg","keywords":["Dorog","Dorogi B\u00e1ny\u00e1sz","foci","futball","labdar\u00fag\u00e1s","sport"],"articleSection":["Dorog","H\u00edrek","Kerek \u00e9vfordul\u00f3k","Sport"],"inLanguage":"hu"},{"@type":"WebPage","@id":"https:\/\/dorogimedence.hu\/index.php\/2024\/03\/18\/10-eve-tortent-a-dorogi-labdarugo-klub-egyik-legnagyobb-ikonja-monostori-tivadar-az-egi-valogatottba-igazolt\/","url":"https:\/\/dorogimedence.hu\/index.php\/2024\/03\/18\/10-eve-tortent-a-dorogi-labdarugo-klub-egyik-legnagyobb-ikonja-monostori-tivadar-az-egi-valogatottba-igazolt\/","name":"10 \u00e9ve t\u00f6rt\u00e9nt: A dorogi labdar\u00fag\u00f3 klub egyik legnagyobb ikonja; Monostori Tivadar az \u00c9gi v\u00e1logatottba igazolt","isPartOf":{"@id":"https:\/\/dorogimedence.hu\/#website"},"primaryImageOfPage":{"@id":"https:\/\/dorogimedence.hu\/index.php\/2024\/03\/18\/10-eve-tortent-a-dorogi-labdarugo-klub-egyik-legnagyobb-ikonja-monostori-tivadar-az-egi-valogatottba-igazolt\/#primaryimage"},"image":{"@id":"https:\/\/dorogimedence.hu\/index.php\/2024\/03\/18\/10-eve-tortent-a-dorogi-labdarugo-klub-egyik-legnagyobb-ikonja-monostori-tivadar-az-egi-valogatottba-igazolt\/#primaryimage"},"thumbnailUrl":"https:\/\/dorogimedence.hu\/wp-content\/uploads\/2024\/03\/Bor_1.jpg","datePublished":"2024-03-18T06:38:15+00:00","breadcrumb":{"@id":"https:\/\/dorogimedence.hu\/index.php\/2024\/03\/18\/10-eve-tortent-a-dorogi-labdarugo-klub-egyik-legnagyobb-ikonja-monostori-tivadar-az-egi-valogatottba-igazolt\/#breadcrumb"},"inLanguage":"hu","potentialAction":[{"@type":"ReadAction","target":["https:\/\/dorogimedence.hu\/index.php\/2024\/03\/18\/10-eve-tortent-a-dorogi-labdarugo-klub-egyik-legnagyobb-ikonja-monostori-tivadar-az-egi-valogatottba-igazolt\/"]}]},{"@type":"ImageObject","inLanguage":"hu","@id":"https:\/\/dorogimedence.hu\/index.php\/2024\/03\/18\/10-eve-tortent-a-dorogi-labdarugo-klub-egyik-legnagyobb-ikonja-monostori-tivadar-az-egi-valogatottba-igazolt\/#primaryimage","url":"https:\/\/dorogimedence.hu\/wp-content\/uploads\/2024\/03\/Bor_1.jpg","contentUrl":"https:\/\/dorogimedence.hu\/wp-content\/uploads\/2024\/03\/Bor_1.jpg","width":900,"height":535},{"@type":"BreadcrumbList","@id":"https:\/\/dorogimedence.hu\/index.php\/2024\/03\/18\/10-eve-tortent-a-dorogi-labdarugo-klub-egyik-legnagyobb-ikonja-monostori-tivadar-az-egi-valogatottba-igazolt\/#breadcrumb","itemListElement":[{"@type":"ListItem","position":1,"name":"Kezd\u0151lap","item":"https:\/\/dorogimedence.hu\/"},{"@type":"ListItem","position":2,"name":"10 \u00e9ve t\u00f6rt\u00e9nt: A dorogi labdar\u00fag\u00f3 klub egyik legnagyobb ikonja; Monostori Tivadar az \u00c9gi v\u00e1logatottba igazolt"}]},{"@type":"WebSite","@id":"https:\/\/dorogimedence.hu\/#website","url":"https:\/\/dorogimedence.hu\/","name":"Dorogi-medence Region\u00e1lis H\u00edrport\u00e1l","description":"Dorog, Keszt\u00f6lc, Le\u00e1nyv\u00e1r, Piliscs\u00e9v, Tokod, Tokodalt\u00e1r\u00f3, Csolnok, Esztergom-kertv\u00e1ros: h\u00edrek, programok","publisher":{"@id":"https:\/\/dorogimedence.hu\/#organization"},"potentialAction":[{"@type":"SearchAction","target":{"@type":"EntryPoint","urlTemplate":"https:\/\/dorogimedence.hu\/?s={search_term_string}"},"query-input":{"@type":"PropertyValueSpecification","valueRequired":true,"valueName":"search_term_string"}}],"inLanguage":"hu"},{"@type":"Organization","@id":"https:\/\/dorogimedence.hu\/#organization","name":"Dorogi-medence Region\u00e1lis H\u00edrport\u00e1l","url":"https:\/\/dorogimedence.hu\/","logo":{"@type":"ImageObject","inLanguage":"hu","@id":"https:\/\/dorogimedence.hu\/#\/schema\/logo\/image\/","url":"https:\/\/dorogimedence.hu\/wp-content\/uploads\/2021\/04\/logo-feher-600.png","contentUrl":"https:\/\/dorogimedence.hu\/wp-content\/uploads\/2021\/04\/logo-feher-600.png","width":600,"height":100,"caption":"Dorogi-medence Region\u00e1lis H\u00edrport\u00e1l"},"image":{"@id":"https:\/\/dorogimedence.hu\/#\/schema\/logo\/image\/"},"sameAs":["https:\/\/www.facebook.com\/dorogimedence\/"]},{"@type":"Person","@id":"https:\/\/dorogimedence.hu\/#\/schema\/person\/76605e8151ec1b7376385cd184ede973","name":"Szab\u00f3 Gyula","image":{"@type":"ImageObject","inLanguage":"hu","@id":"\/\/www.gravatar.com\/avatar\/3e44b6fb2ef9bcea3639958cc2a587cb?s=96&#038;r=g&#038;d=mm","url":"\/\/www.gravatar.com\/avatar\/3e44b6fb2ef9bcea3639958cc2a587cb?s=96&#038;r=g&#038;d=mm","contentUrl":"\/\/www.gravatar.com\/avatar\/3e44b6fb2ef9bcea3639958cc2a587cb?s=96&#038;r=g&#038;d=mm","caption":"Szab\u00f3 Gyula"}}]}},"_links":{"self":[{"href":"https:\/\/dorogimedence.hu\/index.php\/wp-json\/wp\/v2\/posts\/60324","targetHints":{"allow":["GET"]}}],"collection":[{"href":"https:\/\/dorogimedence.hu\/index.php\/wp-json\/wp\/v2\/posts"}],"about":[{"href":"https:\/\/dorogimedence.hu\/index.php\/wp-json\/wp\/v2\/types\/post"}],"author":[{"embeddable":true,"href":"https:\/\/dorogimedence.hu\/index.php\/wp-json\/wp\/v2\/users\/4"}],"replies":[{"embeddable":true,"href":"https:\/\/dorogimedence.hu\/index.php\/wp-json\/wp\/v2\/comments?post=60324"}],"version-history":[{"count":0,"href":"https:\/\/dorogimedence.hu\/index.php\/wp-json\/wp\/v2\/posts\/60324\/revisions"}],"wp:featuredmedia":[{"embeddable":true,"href":"https:\/\/dorogimedence.hu\/index.php\/wp-json\/wp\/v2\/media\/60329"}],"wp:attachment":[{"href":"https:\/\/dorogimedence.hu\/index.php\/wp-json\/wp\/v2\/media?parent=60324"}],"wp:term":[{"taxonomy":"category","embeddable":true,"href":"https:\/\/dorogimedence.hu\/index.php\/wp-json\/wp\/v2\/categories?post=60324"},{"taxonomy":"post_tag","embeddable":true,"href":"https:\/\/dorogimedence.hu\/index.php\/wp-json\/wp\/v2\/tags?post=60324"}],"curies":[{"name":"wp","href":"https:\/\/api.w.org\/{rel}","templated":true}]}}