{"id":60269,"date":"2024-03-12T16:08:52","date_gmt":"2024-03-12T15:08:52","guid":{"rendered":"https:\/\/dorogimedence.hu\/?p=60269"},"modified":"2024-03-12T16:08:52","modified_gmt":"2024-03-12T15:08:52","slug":"a-baratsag-kor-egyesulet-40-jubileumat-unnepeltek","status":"publish","type":"post","link":"https:\/\/dorogimedence.hu\/index.php\/2024\/03\/12\/a-baratsag-kor-egyesulet-40-jubileumat-unnepeltek\/","title":{"rendered":"A Bar\u00e1ts\u00e1g K\u00f6r Egyes\u00fclet 40. jubileum\u00e1t \u00fcnnepelt\u00e9k"},"content":{"rendered":"<p><strong>Negyvenedik \u00e9vfordul\u00f3j\u00e1t \u00fcnnepelte a nyerges\u00fajfalui Bar\u00e1ts\u00e1g K\u00f6r Egyes\u00fclet az Ady Endre M\u0171vel\u0151d\u00e9si K\u00f6zpontban m\u00e1rcius 9-\u00e9n, szombaton.<\/strong><\/p>\n<p>Az esem\u00e9nyen Jur\u00e1sek Bal\u00e1zs konferanszi\u00e9 \u00fcdv\u00f6z\u00f6lte a jelenl\u00e9v\u0151ket, majd Rem\u00e9nyi K\u00e1rolyn\u00e9 k\u00f6sz\u00f6nt\u0151je hangzott el. Ezt k\u00f6vet\u0151en S\u00fct\u0151 P\u00e9ter, Nyerges\u00fajfalu alpolg\u00e1rmestere elismer\u0151 okleveleket adott \u00e1t, ami ut\u00e1n Er\u0151s G\u00e1bor, a t\u00e9rs\u00e9g orsz\u00e1ggy\u0171l\u00e9si k\u00e9pvisel\u0151je \u00e9s Popovics Gy\u00f6rgy, a v\u00e1rmegyei k\u00f6zgy\u0171l\u00e9s eln\u00f6ke mondta el besz\u00e9f\u00e9t.<\/p>\n<p><img fetchpriority=\"high\" decoding=\"async\" class=\"alignnone size-full wp-image-60273\" src=\"https:\/\/dorogimedence.hu\/wp-content\/uploads\/2024\/03\/431144881_801843521979469_7954287781035365914_n.jpg\" alt=\"\" width=\"2048\" height=\"1364\" srcset=\"https:\/\/dorogimedence.hu\/wp-content\/uploads\/2024\/03\/431144881_801843521979469_7954287781035365914_n.jpg 2048w, https:\/\/dorogimedence.hu\/wp-content\/uploads\/2024\/03\/431144881_801843521979469_7954287781035365914_n-600x400.jpg 600w, https:\/\/dorogimedence.hu\/wp-content\/uploads\/2024\/03\/431144881_801843521979469_7954287781035365914_n-1920x1279.jpg 1920w, https:\/\/dorogimedence.hu\/wp-content\/uploads\/2024\/03\/431144881_801843521979469_7954287781035365914_n-768x512.jpg 768w, https:\/\/dorogimedence.hu\/wp-content\/uploads\/2024\/03\/431144881_801843521979469_7954287781035365914_n-1536x1023.jpg 1536w, https:\/\/dorogimedence.hu\/wp-content\/uploads\/2024\/03\/431144881_801843521979469_7954287781035365914_n-150x100.jpg 150w, https:\/\/dorogimedence.hu\/wp-content\/uploads\/2024\/03\/431144881_801843521979469_7954287781035365914_n-450x300.jpg 450w, https:\/\/dorogimedence.hu\/wp-content\/uploads\/2024\/03\/431144881_801843521979469_7954287781035365914_n-1200x799.jpg 1200w, https:\/\/dorogimedence.hu\/wp-content\/uploads\/2024\/03\/431144881_801843521979469_7954287781035365914_n-272x182.jpg 272w\" sizes=\"(max-width: 2048px) 100vw, 2048px\" \/><\/p>\n<p>Popovics Gy\u00f6rgy \u00edgy k\u00f6sz\u00f6nt\u00f6tte a k\u00f6z\u00f6ss\u00e9get \u00e9s Rem\u00e9nyi K\u00e1rolyn\u00e9 eln\u00f6k\u00f6t: \u201eA csaknem 150 tagot sz\u00e1ml\u00e1l\u00f3 klub sz\u00ednfoltja Nyerges\u00fajfalu k\u00f6z\u00f6ss\u00e9gi \u00e9let\u00e9nek, hiszen fenn\u00e1ll\u00e1suk \u00f3ta tev\u00e9kenys\u00e9g\u00fck sz\u00e9lesedett \u00e9s az kezdeti \u00e9nekkar kieg\u00e9sz\u00fclt a sz\u00ednj\u00e1tsz\u00e1s a t\u00e1nc \u00e9s egy\u00e9b m\u0171v\u00e9szti \u00e1gakban val\u00f3 j\u00e1rtass\u00e1ggal. \u00d6r\u00f6m v\u00e9gig n\u00e9zni a sok vid\u00e1m \u00e9s \u00f6r\u00f6m\u00f6t sug\u00e1rz\u00f3 arcon, ami bizony\u00edtja, hogy aki l\u00e9lekben nem \u00f6regszik az \u00e9lete v\u00e9g\u00e9ig akt\u00edv, hasznos tagja lehet koroszt\u00e1ly\u00e1nak.<\/p>\n<p>Az esem\u00e9nyen tov\u00e1bb\u00e1 jelen volt Romanek Etelka, a v\u00e1rmegyei k\u00f6zgy\u0171l\u00e9s aleln\u00f6ke, Mihelik Magdolna, Nyerges\u00fajfalu polg\u00e1rmester \u00e9s Troj\u00e1k Frigyes, az \u201e\u00c9letet az \u00e9veknek\u201d Orsz\u00e1gos Sz\u00f6vets\u00e9g v\u00e1rmegyei eln\u00f6ke is.<\/p>\n<p><img decoding=\"async\" class=\"alignnone size-full wp-image-60271\" src=\"https:\/\/dorogimedence.hu\/wp-content\/uploads\/2024\/03\/431454173_801843478646140_8524146995764548367_n.jpg\" alt=\"\" width=\"2048\" height=\"1364\" srcset=\"https:\/\/dorogimedence.hu\/wp-content\/uploads\/2024\/03\/431454173_801843478646140_8524146995764548367_n.jpg 2048w, https:\/\/dorogimedence.hu\/wp-content\/uploads\/2024\/03\/431454173_801843478646140_8524146995764548367_n-600x400.jpg 600w, https:\/\/dorogimedence.hu\/wp-content\/uploads\/2024\/03\/431454173_801843478646140_8524146995764548367_n-1920x1279.jpg 1920w, https:\/\/dorogimedence.hu\/wp-content\/uploads\/2024\/03\/431454173_801843478646140_8524146995764548367_n-768x512.jpg 768w, https:\/\/dorogimedence.hu\/wp-content\/uploads\/2024\/03\/431454173_801843478646140_8524146995764548367_n-1536x1023.jpg 1536w, https:\/\/dorogimedence.hu\/wp-content\/uploads\/2024\/03\/431454173_801843478646140_8524146995764548367_n-150x100.jpg 150w, https:\/\/dorogimedence.hu\/wp-content\/uploads\/2024\/03\/431454173_801843478646140_8524146995764548367_n-450x300.jpg 450w, https:\/\/dorogimedence.hu\/wp-content\/uploads\/2024\/03\/431454173_801843478646140_8524146995764548367_n-1200x799.jpg 1200w, https:\/\/dorogimedence.hu\/wp-content\/uploads\/2024\/03\/431454173_801843478646140_8524146995764548367_n-272x182.jpg 272w\" sizes=\"(max-width: 2048px) 100vw, 2048px\" \/><\/p>\n<p>A besz\u00e9dek ut\u00e1n L\u00e9dergerber Ferencn\u00e9 szavalata, a N\u00e9met Nemzetis\u00e9gi \u00d6nkorm\u00e1nyzat dalk\u00f6r\u00e9nek el\u0151ad\u00e1sa, a BKE Sz\u00ednj\u00e1tsz\u00f3 K\u00f6r\u00e9nek sz\u00edndarabja, a Szenior T\u00e1nccsoport m\u0171sora, valamint a BKE negyven \u00e9ves \u00e9nekkar\u00e1nak el\u0151ad\u00e1sa k\u00f6vetkezett. Az esem\u00e9nyt Borb\u00e9ly Rich\u00e1rd operettm\u0171sora z\u00e1rta, majd vend\u00e9g\u00fcl l\u00e1tt\u00e1k a jelenl\u00e9v\u0151ket.<\/p>\n<p><img decoding=\"async\" class=\"alignnone size-full wp-image-60272\" src=\"https:\/\/dorogimedence.hu\/wp-content\/uploads\/2024\/03\/431180494_801843011979520_5668365445957513520_n.jpg\" alt=\"\" width=\"2048\" height=\"1364\" srcset=\"https:\/\/dorogimedence.hu\/wp-content\/uploads\/2024\/03\/431180494_801843011979520_5668365445957513520_n.jpg 2048w, https:\/\/dorogimedence.hu\/wp-content\/uploads\/2024\/03\/431180494_801843011979520_5668365445957513520_n-600x400.jpg 600w, https:\/\/dorogimedence.hu\/wp-content\/uploads\/2024\/03\/431180494_801843011979520_5668365445957513520_n-1920x1279.jpg 1920w, https:\/\/dorogimedence.hu\/wp-content\/uploads\/2024\/03\/431180494_801843011979520_5668365445957513520_n-768x512.jpg 768w, https:\/\/dorogimedence.hu\/wp-content\/uploads\/2024\/03\/431180494_801843011979520_5668365445957513520_n-1536x1023.jpg 1536w, https:\/\/dorogimedence.hu\/wp-content\/uploads\/2024\/03\/431180494_801843011979520_5668365445957513520_n-150x100.jpg 150w, https:\/\/dorogimedence.hu\/wp-content\/uploads\/2024\/03\/431180494_801843011979520_5668365445957513520_n-450x300.jpg 450w, https:\/\/dorogimedence.hu\/wp-content\/uploads\/2024\/03\/431180494_801843011979520_5668365445957513520_n-1200x799.jpg 1200w, https:\/\/dorogimedence.hu\/wp-content\/uploads\/2024\/03\/431180494_801843011979520_5668365445957513520_n-272x182.jpg 272w\" sizes=\"(max-width: 2048px) 100vw, 2048px\" \/><\/p>\n<p><strong>H\u00e1tt\u00e9r:<\/strong> a Bar\u00e1ts\u00e1g K\u00f6r Egyes\u00fclet 1983-ban alakult, tagjai a k\u00f6z\u00e9let minden ter\u00fclet\u00e9n alkotnak. A n\u00e9met testv\u00e9rv\u00e1rosi kapcsolatokban \u00e1pol\u00e1s\u00e1ban r\u00e9szt vesznek, intenz\u00edv kapcsolatot \u00e1polnak Muzsl\u00e1val, kultur\u00e1lis k\u00f6r\u00f6ket m\u0171k\u00f6dtetnek, nemzetis\u00e9gi hagyom\u00e1nyokat \u0151riznek, valamint b\u00e1lokat, f\u00fcrd\u0151l\u00e1togat\u00e1sokat, belf\u00f6ldi \u00e9s k\u00fclf\u00f6ldi utaz\u00e1sokat szerveznek, tov\u00e1bb\u00e1 seg\u00edtik a nyugd\u00edjasok mindennapjait.<\/p>\n<p><em>Fot\u00f3k: Kom\u00e1rom-Esztergom V\u00e1rmegyei \u00d6nkorm\u00e1nyzat<\/em><\/p>\n","protected":false},"excerpt":{"rendered":"<p>Negyvenedik \u00e9vfordul\u00f3j\u00e1t \u00fcnnepelte a nyerges\u00fajfalui Bar\u00e1ts\u00e1g K\u00f6r Egyes\u00fclet az Ady Endre M\u0171vel\u0151d\u00e9si K\u00f6zpontban m\u00e1rcius 9-\u00e9n, szombaton. Az esem\u00e9nyen Jur\u00e1sek Bal\u00e1zs konferanszi\u00e9 \u00fcdv\u00f6z\u00f6lte a jelenl\u00e9v\u0151ket, majd Rem\u00e9nyi K\u00e1rolyn\u00e9 k\u00f6sz\u00f6nt\u0151je hangzott el. Ezt k\u00f6vet\u0151en S\u00fct\u0151 P\u00e9ter, Nyerges\u00fajfalu alpolg\u00e1rmestere elismer\u0151 okleveleket adott \u00e1t, ami ut\u00e1n Er\u0151s G\u00e1bor, a t\u00e9rs\u00e9g orsz\u00e1ggy\u0171l\u00e9si k\u00e9pvisel\u0151je \u00e9s Popovics Gy\u00f6rgy, a v\u00e1rmegyei k\u00f6zgy\u0171l\u00e9s eln\u00f6ke<\/p>\n","protected":false},"author":1,"featured_media":60270,"comment_status":"closed","ping_status":"closed","sticky":false,"template":"","format":"standard","meta":{"ngg_post_thumbnail":0,"footnotes":""},"categories":[3,1390],"tags":[7746,5624,140],"class_list":{"0":"post-60269","1":"post","2":"type-post","3":"status-publish","4":"format-standard","5":"has-post-thumbnail","7":"category-hirek","8":"category-nyergesujfalu","9":"tag-baratsag-kor-egyesulet","10":"tag-featured","11":"tag-nyergesujfalu"},"yoast_head":"<!-- This site is optimized with the Yoast SEO plugin v27.5 - https:\/\/yoast.com\/product\/yoast-seo-wordpress\/ -->\n<title>A Bar\u00e1ts\u00e1g K\u00f6r Egyes\u00fclet 40. jubileum\u00e1t \u00fcnnepelt\u00e9k<\/title>\n<meta name=\"robots\" content=\"index, follow, max-snippet:-1, max-image-preview:large, max-video-preview:-1\" \/>\n<link rel=\"canonical\" href=\"https:\/\/dorogimedence.hu\/index.php\/2024\/03\/12\/a-baratsag-kor-egyesulet-40-jubileumat-unnepeltek\/\" class=\"yoast-seo-meta-tag\" \/>\n<meta property=\"og:locale\" content=\"hu_HU\" class=\"yoast-seo-meta-tag\" \/>\n<meta property=\"og:type\" content=\"article\" class=\"yoast-seo-meta-tag\" \/>\n<meta property=\"og:title\" content=\"A Bar\u00e1ts\u00e1g K\u00f6r Egyes\u00fclet 40. jubileum\u00e1t \u00fcnnepelt\u00e9k\" class=\"yoast-seo-meta-tag\" \/>\n<meta property=\"og:description\" content=\"Negyvenedik \u00e9vfordul\u00f3j\u00e1t \u00fcnnepelte a nyerges\u00fajfalui Bar\u00e1ts\u00e1g K\u00f6r Egyes\u00fclet az Ady Endre M\u0171vel\u0151d\u00e9si K\u00f6zpontban m\u00e1rcius 9-\u00e9n, szombaton. Az esem\u00e9nyen Jur\u00e1sek Bal\u00e1zs konferanszi\u00e9 \u00fcdv\u00f6z\u00f6lte a jelenl\u00e9v\u0151ket, majd Rem\u00e9nyi K\u00e1rolyn\u00e9 k\u00f6sz\u00f6nt\u0151je hangzott el. Ezt k\u00f6vet\u0151en S\u00fct\u0151 P\u00e9ter, Nyerges\u00fajfalu alpolg\u00e1rmestere elismer\u0151 okleveleket adott \u00e1t, ami ut\u00e1n Er\u0151s G\u00e1bor, a t\u00e9rs\u00e9g orsz\u00e1ggy\u0171l\u00e9si k\u00e9pvisel\u0151je \u00e9s Popovics Gy\u00f6rgy, a v\u00e1rmegyei k\u00f6zgy\u0171l\u00e9s eln\u00f6ke\" class=\"yoast-seo-meta-tag\" \/>\n<meta property=\"og:url\" content=\"https:\/\/dorogimedence.hu\/index.php\/2024\/03\/12\/a-baratsag-kor-egyesulet-40-jubileumat-unnepeltek\/\" class=\"yoast-seo-meta-tag\" \/>\n<meta property=\"og:site_name\" content=\"Dorogi-medence Region\u00e1lis H\u00edrport\u00e1l\" class=\"yoast-seo-meta-tag\" \/>\n<meta property=\"article:publisher\" content=\"https:\/\/www.facebook.com\/dorogimedence\/\" class=\"yoast-seo-meta-tag\" \/>\n<meta property=\"article:published_time\" content=\"2024-03-12T15:08:52+00:00\" class=\"yoast-seo-meta-tag\" \/>\n<meta property=\"og:image\" content=\"https:\/\/dorogimedence.hu\/wp-content\/uploads\/2024\/03\/baratsag-kor-01.jpg\" class=\"yoast-seo-meta-tag\" \/>\n\t<meta property=\"og:image:width\" content=\"1920\" class=\"yoast-seo-meta-tag\" \/>\n\t<meta property=\"og:image:height\" content=\"970\" class=\"yoast-seo-meta-tag\" \/>\n\t<meta property=\"og:image:type\" content=\"image\/jpeg\" class=\"yoast-seo-meta-tag\" \/>\n<meta name=\"author\" content=\"dorogimedence.hu\" class=\"yoast-seo-meta-tag\" \/>\n<meta name=\"twitter:card\" content=\"summary_large_image\" class=\"yoast-seo-meta-tag\" \/>\n<meta name=\"twitter:label1\" content=\"Szerz\u0151:\" class=\"yoast-seo-meta-tag\" \/>\n\t<meta name=\"twitter:data1\" content=\"dorogimedence.hu\" class=\"yoast-seo-meta-tag\" \/>\n\t<meta name=\"twitter:label2\" content=\"Becs\u00fclt olvas\u00e1si id\u0151\" class=\"yoast-seo-meta-tag\" \/>\n\t<meta name=\"twitter:data2\" content=\"2 perc\" class=\"yoast-seo-meta-tag\" \/>\n<script type=\"application\/ld+json\" class=\"yoast-schema-graph\">{\"@context\":\"https:\\\/\\\/schema.org\",\"@graph\":[{\"@type\":\"Article\",\"@id\":\"https:\\\/\\\/dorogimedence.hu\\\/index.php\\\/2024\\\/03\\\/12\\\/a-baratsag-kor-egyesulet-40-jubileumat-unnepeltek\\\/#article\",\"isPartOf\":{\"@id\":\"https:\\\/\\\/dorogimedence.hu\\\/index.php\\\/2024\\\/03\\\/12\\\/a-baratsag-kor-egyesulet-40-jubileumat-unnepeltek\\\/\"},\"author\":{\"name\":\"dorogimedence.hu\",\"@id\":\"https:\\\/\\\/dorogimedence.hu\\\/#\\\/schema\\\/person\\\/ce6091eeb7e95ecdc87890d6aa8e0fd4\"},\"headline\":\"A Bar\u00e1ts\u00e1g K\u00f6r Egyes\u00fclet 40. jubileum\u00e1t \u00fcnnepelt\u00e9k\",\"datePublished\":\"2024-03-12T15:08:52+00:00\",\"mainEntityOfPage\":{\"@id\":\"https:\\\/\\\/dorogimedence.hu\\\/index.php\\\/2024\\\/03\\\/12\\\/a-baratsag-kor-egyesulet-40-jubileumat-unnepeltek\\\/\"},\"wordCount\":435,\"publisher\":{\"@id\":\"https:\\\/\\\/dorogimedence.hu\\\/#organization\"},\"image\":{\"@id\":\"https:\\\/\\\/dorogimedence.hu\\\/index.php\\\/2024\\\/03\\\/12\\\/a-baratsag-kor-egyesulet-40-jubileumat-unnepeltek\\\/#primaryimage\"},\"thumbnailUrl\":\"https:\\\/\\\/dorogimedence.hu\\\/wp-content\\\/uploads\\\/2024\\\/03\\\/baratsag-kor-01.jpg\",\"keywords\":[\"Bar\u00e1ts\u00e1g K\u00f6r Egyes\u00fclet\",\"featured\",\"Nyerges\u00fajfalu\"],\"articleSection\":[\"H\u00edrek\",\"Nyerges\u00fajfalu\"],\"inLanguage\":\"hu\"},{\"@type\":\"WebPage\",\"@id\":\"https:\\\/\\\/dorogimedence.hu\\\/index.php\\\/2024\\\/03\\\/12\\\/a-baratsag-kor-egyesulet-40-jubileumat-unnepeltek\\\/\",\"url\":\"https:\\\/\\\/dorogimedence.hu\\\/index.php\\\/2024\\\/03\\\/12\\\/a-baratsag-kor-egyesulet-40-jubileumat-unnepeltek\\\/\",\"name\":\"A Bar\u00e1ts\u00e1g K\u00f6r Egyes\u00fclet 40. jubileum\u00e1t \u00fcnnepelt\u00e9k\",\"isPartOf\":{\"@id\":\"https:\\\/\\\/dorogimedence.hu\\\/#website\"},\"primaryImageOfPage\":{\"@id\":\"https:\\\/\\\/dorogimedence.hu\\\/index.php\\\/2024\\\/03\\\/12\\\/a-baratsag-kor-egyesulet-40-jubileumat-unnepeltek\\\/#primaryimage\"},\"image\":{\"@id\":\"https:\\\/\\\/dorogimedence.hu\\\/index.php\\\/2024\\\/03\\\/12\\\/a-baratsag-kor-egyesulet-40-jubileumat-unnepeltek\\\/#primaryimage\"},\"thumbnailUrl\":\"https:\\\/\\\/dorogimedence.hu\\\/wp-content\\\/uploads\\\/2024\\\/03\\\/baratsag-kor-01.jpg\",\"datePublished\":\"2024-03-12T15:08:52+00:00\",\"breadcrumb\":{\"@id\":\"https:\\\/\\\/dorogimedence.hu\\\/index.php\\\/2024\\\/03\\\/12\\\/a-baratsag-kor-egyesulet-40-jubileumat-unnepeltek\\\/#breadcrumb\"},\"inLanguage\":\"hu\",\"potentialAction\":[{\"@type\":\"ReadAction\",\"target\":[\"https:\\\/\\\/dorogimedence.hu\\\/index.php\\\/2024\\\/03\\\/12\\\/a-baratsag-kor-egyesulet-40-jubileumat-unnepeltek\\\/\"]}]},{\"@type\":\"ImageObject\",\"inLanguage\":\"hu\",\"@id\":\"https:\\\/\\\/dorogimedence.hu\\\/index.php\\\/2024\\\/03\\\/12\\\/a-baratsag-kor-egyesulet-40-jubileumat-unnepeltek\\\/#primaryimage\",\"url\":\"https:\\\/\\\/dorogimedence.hu\\\/wp-content\\\/uploads\\\/2024\\\/03\\\/baratsag-kor-01.jpg\",\"contentUrl\":\"https:\\\/\\\/dorogimedence.hu\\\/wp-content\\\/uploads\\\/2024\\\/03\\\/baratsag-kor-01.jpg\",\"width\":1920,\"height\":970},{\"@type\":\"BreadcrumbList\",\"@id\":\"https:\\\/\\\/dorogimedence.hu\\\/index.php\\\/2024\\\/03\\\/12\\\/a-baratsag-kor-egyesulet-40-jubileumat-unnepeltek\\\/#breadcrumb\",\"itemListElement\":[{\"@type\":\"ListItem\",\"position\":1,\"name\":\"Kezd\u0151lap\",\"item\":\"https:\\\/\\\/dorogimedence.hu\\\/\"},{\"@type\":\"ListItem\",\"position\":2,\"name\":\"A Bar\u00e1ts\u00e1g K\u00f6r Egyes\u00fclet 40. jubileum\u00e1t \u00fcnnepelt\u00e9k\"}]},{\"@type\":\"WebSite\",\"@id\":\"https:\\\/\\\/dorogimedence.hu\\\/#website\",\"url\":\"https:\\\/\\\/dorogimedence.hu\\\/\",\"name\":\"Dorogi-medence Region\u00e1lis H\u00edrport\u00e1l\",\"description\":\"Dorog, Keszt\u00f6lc, Le\u00e1nyv\u00e1r, Piliscs\u00e9v, Tokod, Tokodalt\u00e1r\u00f3, Csolnok, Esztergom-kertv\u00e1ros: h\u00edrek, programok\",\"publisher\":{\"@id\":\"https:\\\/\\\/dorogimedence.hu\\\/#organization\"},\"potentialAction\":[{\"@type\":\"SearchAction\",\"target\":{\"@type\":\"EntryPoint\",\"urlTemplate\":\"https:\\\/\\\/dorogimedence.hu\\\/?s={search_term_string}\"},\"query-input\":{\"@type\":\"PropertyValueSpecification\",\"valueRequired\":true,\"valueName\":\"search_term_string\"}}],\"inLanguage\":\"hu\"},{\"@type\":\"Organization\",\"@id\":\"https:\\\/\\\/dorogimedence.hu\\\/#organization\",\"name\":\"Dorogi-medence Region\u00e1lis H\u00edrport\u00e1l\",\"url\":\"https:\\\/\\\/dorogimedence.hu\\\/\",\"logo\":{\"@type\":\"ImageObject\",\"inLanguage\":\"hu\",\"@id\":\"https:\\\/\\\/dorogimedence.hu\\\/#\\\/schema\\\/logo\\\/image\\\/\",\"url\":\"https:\\\/\\\/dorogimedence.hu\\\/wp-content\\\/uploads\\\/2021\\\/04\\\/logo-feher-600.png\",\"contentUrl\":\"https:\\\/\\\/dorogimedence.hu\\\/wp-content\\\/uploads\\\/2021\\\/04\\\/logo-feher-600.png\",\"width\":600,\"height\":100,\"caption\":\"Dorogi-medence Region\u00e1lis H\u00edrport\u00e1l\"},\"image\":{\"@id\":\"https:\\\/\\\/dorogimedence.hu\\\/#\\\/schema\\\/logo\\\/image\\\/\"},\"sameAs\":[\"https:\\\/\\\/www.facebook.com\\\/dorogimedence\\\/\"]},{\"@type\":\"Person\",\"@id\":\"https:\\\/\\\/dorogimedence.hu\\\/#\\\/schema\\\/person\\\/ce6091eeb7e95ecdc87890d6aa8e0fd4\",\"name\":\"dorogimedence.hu\",\"image\":{\"@type\":\"ImageObject\",\"inLanguage\":\"hu\",\"@id\":\"\\\/\\\/www.gravatar.com\\\/avatar\\\/d8d45f8901aadff40a4af72c0b826f1d?s=96&#038;r=g&#038;d=mm\",\"url\":\"\\\/\\\/www.gravatar.com\\\/avatar\\\/d8d45f8901aadff40a4af72c0b826f1d?s=96&#038;r=g&#038;d=mm\",\"contentUrl\":\"\\\/\\\/www.gravatar.com\\\/avatar\\\/d8d45f8901aadff40a4af72c0b826f1d?s=96&#038;r=g&#038;d=mm\",\"caption\":\"dorogimedence.hu\"}}]}<\/script>\n<!-- \/ Yoast SEO plugin. -->","yoast_head_json":{"title":"A Bar\u00e1ts\u00e1g K\u00f6r Egyes\u00fclet 40. jubileum\u00e1t \u00fcnnepelt\u00e9k","robots":{"index":"index","follow":"follow","max-snippet":"max-snippet:-1","max-image-preview":"max-image-preview:large","max-video-preview":"max-video-preview:-1"},"canonical":"https:\/\/dorogimedence.hu\/index.php\/2024\/03\/12\/a-baratsag-kor-egyesulet-40-jubileumat-unnepeltek\/","og_locale":"hu_HU","og_type":"article","og_title":"A Bar\u00e1ts\u00e1g K\u00f6r Egyes\u00fclet 40. jubileum\u00e1t \u00fcnnepelt\u00e9k","og_description":"Negyvenedik \u00e9vfordul\u00f3j\u00e1t \u00fcnnepelte a nyerges\u00fajfalui Bar\u00e1ts\u00e1g K\u00f6r Egyes\u00fclet az Ady Endre M\u0171vel\u0151d\u00e9si K\u00f6zpontban m\u00e1rcius 9-\u00e9n, szombaton. Az esem\u00e9nyen Jur\u00e1sek Bal\u00e1zs konferanszi\u00e9 \u00fcdv\u00f6z\u00f6lte a jelenl\u00e9v\u0151ket, majd Rem\u00e9nyi K\u00e1rolyn\u00e9 k\u00f6sz\u00f6nt\u0151je hangzott el. Ezt k\u00f6vet\u0151en S\u00fct\u0151 P\u00e9ter, Nyerges\u00fajfalu alpolg\u00e1rmestere elismer\u0151 okleveleket adott \u00e1t, ami ut\u00e1n Er\u0151s G\u00e1bor, a t\u00e9rs\u00e9g orsz\u00e1ggy\u0171l\u00e9si k\u00e9pvisel\u0151je \u00e9s Popovics Gy\u00f6rgy, a v\u00e1rmegyei k\u00f6zgy\u0171l\u00e9s eln\u00f6ke","og_url":"https:\/\/dorogimedence.hu\/index.php\/2024\/03\/12\/a-baratsag-kor-egyesulet-40-jubileumat-unnepeltek\/","og_site_name":"Dorogi-medence Region\u00e1lis H\u00edrport\u00e1l","article_publisher":"https:\/\/www.facebook.com\/dorogimedence\/","article_published_time":"2024-03-12T15:08:52+00:00","og_image":[{"width":1920,"height":970,"url":"https:\/\/dorogimedence.hu\/wp-content\/uploads\/2024\/03\/baratsag-kor-01.jpg","type":"image\/jpeg"}],"author":"dorogimedence.hu","twitter_card":"summary_large_image","twitter_misc":{"Szerz\u0151:":"dorogimedence.hu","Becs\u00fclt olvas\u00e1si id\u0151":"2 perc"},"schema":{"@context":"https:\/\/schema.org","@graph":[{"@type":"Article","@id":"https:\/\/dorogimedence.hu\/index.php\/2024\/03\/12\/a-baratsag-kor-egyesulet-40-jubileumat-unnepeltek\/#article","isPartOf":{"@id":"https:\/\/dorogimedence.hu\/index.php\/2024\/03\/12\/a-baratsag-kor-egyesulet-40-jubileumat-unnepeltek\/"},"author":{"name":"dorogimedence.hu","@id":"https:\/\/dorogimedence.hu\/#\/schema\/person\/ce6091eeb7e95ecdc87890d6aa8e0fd4"},"headline":"A Bar\u00e1ts\u00e1g K\u00f6r Egyes\u00fclet 40. jubileum\u00e1t \u00fcnnepelt\u00e9k","datePublished":"2024-03-12T15:08:52+00:00","mainEntityOfPage":{"@id":"https:\/\/dorogimedence.hu\/index.php\/2024\/03\/12\/a-baratsag-kor-egyesulet-40-jubileumat-unnepeltek\/"},"wordCount":435,"publisher":{"@id":"https:\/\/dorogimedence.hu\/#organization"},"image":{"@id":"https:\/\/dorogimedence.hu\/index.php\/2024\/03\/12\/a-baratsag-kor-egyesulet-40-jubileumat-unnepeltek\/#primaryimage"},"thumbnailUrl":"https:\/\/dorogimedence.hu\/wp-content\/uploads\/2024\/03\/baratsag-kor-01.jpg","keywords":["Bar\u00e1ts\u00e1g K\u00f6r Egyes\u00fclet","featured","Nyerges\u00fajfalu"],"articleSection":["H\u00edrek","Nyerges\u00fajfalu"],"inLanguage":"hu"},{"@type":"WebPage","@id":"https:\/\/dorogimedence.hu\/index.php\/2024\/03\/12\/a-baratsag-kor-egyesulet-40-jubileumat-unnepeltek\/","url":"https:\/\/dorogimedence.hu\/index.php\/2024\/03\/12\/a-baratsag-kor-egyesulet-40-jubileumat-unnepeltek\/","name":"A Bar\u00e1ts\u00e1g K\u00f6r Egyes\u00fclet 40. jubileum\u00e1t \u00fcnnepelt\u00e9k","isPartOf":{"@id":"https:\/\/dorogimedence.hu\/#website"},"primaryImageOfPage":{"@id":"https:\/\/dorogimedence.hu\/index.php\/2024\/03\/12\/a-baratsag-kor-egyesulet-40-jubileumat-unnepeltek\/#primaryimage"},"image":{"@id":"https:\/\/dorogimedence.hu\/index.php\/2024\/03\/12\/a-baratsag-kor-egyesulet-40-jubileumat-unnepeltek\/#primaryimage"},"thumbnailUrl":"https:\/\/dorogimedence.hu\/wp-content\/uploads\/2024\/03\/baratsag-kor-01.jpg","datePublished":"2024-03-12T15:08:52+00:00","breadcrumb":{"@id":"https:\/\/dorogimedence.hu\/index.php\/2024\/03\/12\/a-baratsag-kor-egyesulet-40-jubileumat-unnepeltek\/#breadcrumb"},"inLanguage":"hu","potentialAction":[{"@type":"ReadAction","target":["https:\/\/dorogimedence.hu\/index.php\/2024\/03\/12\/a-baratsag-kor-egyesulet-40-jubileumat-unnepeltek\/"]}]},{"@type":"ImageObject","inLanguage":"hu","@id":"https:\/\/dorogimedence.hu\/index.php\/2024\/03\/12\/a-baratsag-kor-egyesulet-40-jubileumat-unnepeltek\/#primaryimage","url":"https:\/\/dorogimedence.hu\/wp-content\/uploads\/2024\/03\/baratsag-kor-01.jpg","contentUrl":"https:\/\/dorogimedence.hu\/wp-content\/uploads\/2024\/03\/baratsag-kor-01.jpg","width":1920,"height":970},{"@type":"BreadcrumbList","@id":"https:\/\/dorogimedence.hu\/index.php\/2024\/03\/12\/a-baratsag-kor-egyesulet-40-jubileumat-unnepeltek\/#breadcrumb","itemListElement":[{"@type":"ListItem","position":1,"name":"Kezd\u0151lap","item":"https:\/\/dorogimedence.hu\/"},{"@type":"ListItem","position":2,"name":"A Bar\u00e1ts\u00e1g K\u00f6r Egyes\u00fclet 40. jubileum\u00e1t \u00fcnnepelt\u00e9k"}]},{"@type":"WebSite","@id":"https:\/\/dorogimedence.hu\/#website","url":"https:\/\/dorogimedence.hu\/","name":"Dorogi-medence Region\u00e1lis H\u00edrport\u00e1l","description":"Dorog, Keszt\u00f6lc, Le\u00e1nyv\u00e1r, Piliscs\u00e9v, Tokod, Tokodalt\u00e1r\u00f3, Csolnok, Esztergom-kertv\u00e1ros: h\u00edrek, programok","publisher":{"@id":"https:\/\/dorogimedence.hu\/#organization"},"potentialAction":[{"@type":"SearchAction","target":{"@type":"EntryPoint","urlTemplate":"https:\/\/dorogimedence.hu\/?s={search_term_string}"},"query-input":{"@type":"PropertyValueSpecification","valueRequired":true,"valueName":"search_term_string"}}],"inLanguage":"hu"},{"@type":"Organization","@id":"https:\/\/dorogimedence.hu\/#organization","name":"Dorogi-medence Region\u00e1lis H\u00edrport\u00e1l","url":"https:\/\/dorogimedence.hu\/","logo":{"@type":"ImageObject","inLanguage":"hu","@id":"https:\/\/dorogimedence.hu\/#\/schema\/logo\/image\/","url":"https:\/\/dorogimedence.hu\/wp-content\/uploads\/2021\/04\/logo-feher-600.png","contentUrl":"https:\/\/dorogimedence.hu\/wp-content\/uploads\/2021\/04\/logo-feher-600.png","width":600,"height":100,"caption":"Dorogi-medence Region\u00e1lis H\u00edrport\u00e1l"},"image":{"@id":"https:\/\/dorogimedence.hu\/#\/schema\/logo\/image\/"},"sameAs":["https:\/\/www.facebook.com\/dorogimedence\/"]},{"@type":"Person","@id":"https:\/\/dorogimedence.hu\/#\/schema\/person\/ce6091eeb7e95ecdc87890d6aa8e0fd4","name":"dorogimedence.hu","image":{"@type":"ImageObject","inLanguage":"hu","@id":"\/\/www.gravatar.com\/avatar\/d8d45f8901aadff40a4af72c0b826f1d?s=96&#038;r=g&#038;d=mm","url":"\/\/www.gravatar.com\/avatar\/d8d45f8901aadff40a4af72c0b826f1d?s=96&#038;r=g&#038;d=mm","contentUrl":"\/\/www.gravatar.com\/avatar\/d8d45f8901aadff40a4af72c0b826f1d?s=96&#038;r=g&#038;d=mm","caption":"dorogimedence.hu"}}]}},"_links":{"self":[{"href":"https:\/\/dorogimedence.hu\/index.php\/wp-json\/wp\/v2\/posts\/60269","targetHints":{"allow":["GET"]}}],"collection":[{"href":"https:\/\/dorogimedence.hu\/index.php\/wp-json\/wp\/v2\/posts"}],"about":[{"href":"https:\/\/dorogimedence.hu\/index.php\/wp-json\/wp\/v2\/types\/post"}],"author":[{"embeddable":true,"href":"https:\/\/dorogimedence.hu\/index.php\/wp-json\/wp\/v2\/users\/1"}],"replies":[{"embeddable":true,"href":"https:\/\/dorogimedence.hu\/index.php\/wp-json\/wp\/v2\/comments?post=60269"}],"version-history":[{"count":0,"href":"https:\/\/dorogimedence.hu\/index.php\/wp-json\/wp\/v2\/posts\/60269\/revisions"}],"wp:featuredmedia":[{"embeddable":true,"href":"https:\/\/dorogimedence.hu\/index.php\/wp-json\/wp\/v2\/media\/60270"}],"wp:attachment":[{"href":"https:\/\/dorogimedence.hu\/index.php\/wp-json\/wp\/v2\/media?parent=60269"}],"wp:term":[{"taxonomy":"category","embeddable":true,"href":"https:\/\/dorogimedence.hu\/index.php\/wp-json\/wp\/v2\/categories?post=60269"},{"taxonomy":"post_tag","embeddable":true,"href":"https:\/\/dorogimedence.hu\/index.php\/wp-json\/wp\/v2\/tags?post=60269"}],"curies":[{"name":"wp","href":"https:\/\/api.w.org\/{rel}","templated":true}]}}