{"id":60173,"date":"2024-03-08T12:46:19","date_gmt":"2024-03-08T11:46:19","guid":{"rendered":"https:\/\/dorogimedence.hu\/?p=60173"},"modified":"2024-03-08T12:46:19","modified_gmt":"2024-03-08T11:46:19","slug":"ideiglenesen-athelyezik-a-varoshaza-elnevezesu-buszmegallot-dorogon","status":"publish","type":"post","link":"https:\/\/dorogimedence.hu\/index.php\/2024\/03\/08\/ideiglenesen-athelyezik-a-varoshaza-elnevezesu-buszmegallot-dorogon\/","title":{"rendered":"Ideiglenesen \u00e1thelyezik a V\u00e1rosh\u00e1za elnevez\u00e9s\u0171 buszmeg\u00e1ll\u00f3t Dorogon"},"content":{"rendered":"<p><strong><a href=\"https:\/\/dorogimedence.hu\/index.php\/2024\/02\/07\/korlatozasok-csatorna-rekonstrukcios-munkalatokat-miatt\/\" target=\"_blank\" rel=\"noopener\"><span style=\"text-decoration: underline; color: #0000ff;\">Kor\u00e1bban \u00edrtuk<\/span><\/a>, hogy az \u00c9DV Zrt. megb\u00edz\u00e1s\u00e1b\u00f3l az ADONYI Kft. csatorna rekonstrukci\u00f3s munk\u00e1latokat v\u00e9gez (\u00fczemel\u0151 h\u00e1l\u00f3zat folyamatos fenntart\u00e1s\u00e1val) Dorogon, az Esztergomi \u00fat 1. \u00e9s 17. sz\u00e1m k\u00f6z\u00f6tt 2024. febru\u00e1r 8-t\u00f3l v\u00e1rhat\u00f3an 75 napig.<\/strong><\/p>\n<p>A munk\u00e1latok hamarosan a Dorog, V\u00e1rosh\u00e1za elnevez\u00e9s\u0171 buszmeg\u00e1ll\u00f3hoz \u00e9rnek, \u00edgy a COOP \u00e1ruh\u00e1z oldal\u00e1n tal\u00e1lhat\u00f3 buszmeg\u00e1ll\u00f3t 2024. m\u00e1rcius 14-t\u0151l ideiglenesen \u00e1thelyezik az Orgona \u00e9s Bimb\u00f3 utca k\u00f6z\u00f6tti &#8211; \u00c1szok S\u00f6r\u00f6z\u0151 el\u0151tti &#8211; ter\u00fcletre. Tov\u00e1bb\u00e1 ideiglenesen megsz\u00fcntetik a Bimb\u00f3 utca egyir\u00e1ny\u00fa forgalmi rendj\u00e9t az Er\u0151m\u0171 utca csatalkoz\u00e1s\u00e1ig, valamint az Orgona utca egyir\u00e1ny\u00fa forgalmi rendj\u00e9t a Nefelejcs utca csatalkoz\u00e1s\u00e1ig.<\/p>\n<p><img fetchpriority=\"high\" decoding=\"async\" class=\"alignnone size-full wp-image-60175\" src=\"https:\/\/dorogimedence.hu\/wp-content\/uploads\/2024\/03\/forgalmi-rend.jpg\" alt=\"\" width=\"2500\" height=\"928\" srcset=\"https:\/\/dorogimedence.hu\/wp-content\/uploads\/2024\/03\/forgalmi-rend.jpg 2500w, https:\/\/dorogimedence.hu\/wp-content\/uploads\/2024\/03\/forgalmi-rend-600x223.jpg 600w, https:\/\/dorogimedence.hu\/wp-content\/uploads\/2024\/03\/forgalmi-rend-1920x713.jpg 1920w, https:\/\/dorogimedence.hu\/wp-content\/uploads\/2024\/03\/forgalmi-rend-768x285.jpg 768w, https:\/\/dorogimedence.hu\/wp-content\/uploads\/2024\/03\/forgalmi-rend-1536x570.jpg 1536w, https:\/\/dorogimedence.hu\/wp-content\/uploads\/2024\/03\/forgalmi-rend-2048x760.jpg 2048w, https:\/\/dorogimedence.hu\/wp-content\/uploads\/2024\/03\/forgalmi-rend-150x56.jpg 150w, https:\/\/dorogimedence.hu\/wp-content\/uploads\/2024\/03\/forgalmi-rend-450x167.jpg 450w, https:\/\/dorogimedence.hu\/wp-content\/uploads\/2024\/03\/forgalmi-rend-1200x445.jpg 1200w\" sizes=\"(max-width: 2500px) 100vw, 2500px\" \/><\/p>\n<p>Az ideiglenes forgalomtechnika enged\u00e9lyez\u00e9si terve <a href=\"https:\/\/dorogimedence.hu\/wp-content\/uploads\/2024\/03\/FT_31B_HR_Dorog_FT_A_0208.pdf\" target=\"_blank\" rel=\"noopener\"><span style=\"text-decoration: underline; color: #0000ff;\">ide kattintva<\/span><\/a> t\u00f6lthet\u0151 le!<\/p>\n","protected":false},"excerpt":{"rendered":"<p>Kor\u00e1bban \u00edrtuk, hogy az \u00c9DV Zrt. megb\u00edz\u00e1s\u00e1b\u00f3l az ADONYI Kft. csatorna rekonstrukci\u00f3s munk\u00e1latokat v\u00e9gez (\u00fczemel\u0151 h\u00e1l\u00f3zat folyamatos fenntart\u00e1s\u00e1val) Dorogon, az Esztergomi \u00fat 1. \u00e9s 17. sz\u00e1m k\u00f6z\u00f6tt 2024. febru\u00e1r 8-t\u00f3l v\u00e1rhat\u00f3an 75 napig. A munk\u00e1latok hamarosan a Dorog, V\u00e1rosh\u00e1za elnevez\u00e9s\u0171 buszmeg\u00e1ll\u00f3hoz \u00e9rnek, \u00edgy a COOP \u00e1ruh\u00e1z oldal\u00e1n tal\u00e1lhat\u00f3 buszmeg\u00e1ll\u00f3t 2024. m\u00e1rcius 14-t\u0151l ideiglenesen \u00e1thelyezik az<\/p>\n","protected":false},"author":1,"featured_media":59543,"comment_status":"closed","ping_status":"closed","sticky":false,"template":"","format":"standard","meta":{"ngg_post_thumbnail":0,"footnotes":""},"categories":[2,3],"tags":[15,5624],"class_list":{"0":"post-60173","1":"post","2":"type-post","3":"status-publish","4":"format-standard","5":"has-post-thumbnail","7":"category-dorog","8":"category-hirek","9":"tag-dorog","10":"tag-featured"},"yoast_head":"<!-- This site is optimized with the Yoast SEO plugin v27.5 - https:\/\/yoast.com\/product\/yoast-seo-wordpress\/ -->\n<title>Ideiglenesen \u00e1thelyezik a V\u00e1rosh\u00e1za elnevez\u00e9s\u0171 buszmeg\u00e1ll\u00f3t Dorogon<\/title>\n<meta name=\"robots\" content=\"index, follow, max-snippet:-1, max-image-preview:large, max-video-preview:-1\" \/>\n<link rel=\"canonical\" href=\"https:\/\/dorogimedence.hu\/index.php\/2024\/03\/08\/ideiglenesen-athelyezik-a-varoshaza-elnevezesu-buszmegallot-dorogon\/\" class=\"yoast-seo-meta-tag\" \/>\n<meta property=\"og:locale\" content=\"hu_HU\" class=\"yoast-seo-meta-tag\" \/>\n<meta property=\"og:type\" content=\"article\" class=\"yoast-seo-meta-tag\" \/>\n<meta property=\"og:title\" content=\"Ideiglenesen \u00e1thelyezik a V\u00e1rosh\u00e1za elnevez\u00e9s\u0171 buszmeg\u00e1ll\u00f3t Dorogon\" class=\"yoast-seo-meta-tag\" \/>\n<meta property=\"og:description\" content=\"Kor\u00e1bban \u00edrtuk, hogy az \u00c9DV Zrt. megb\u00edz\u00e1s\u00e1b\u00f3l az ADONYI Kft. csatorna rekonstrukci\u00f3s munk\u00e1latokat v\u00e9gez (\u00fczemel\u0151 h\u00e1l\u00f3zat folyamatos fenntart\u00e1s\u00e1val) Dorogon, az Esztergomi \u00fat 1. \u00e9s 17. sz\u00e1m k\u00f6z\u00f6tt 2024. febru\u00e1r 8-t\u00f3l v\u00e1rhat\u00f3an 75 napig. A munk\u00e1latok hamarosan a Dorog, V\u00e1rosh\u00e1za elnevez\u00e9s\u0171 buszmeg\u00e1ll\u00f3hoz \u00e9rnek, \u00edgy a COOP \u00e1ruh\u00e1z oldal\u00e1n tal\u00e1lhat\u00f3 buszmeg\u00e1ll\u00f3t 2024. m\u00e1rcius 14-t\u0151l ideiglenesen \u00e1thelyezik az\" class=\"yoast-seo-meta-tag\" \/>\n<meta property=\"og:url\" content=\"https:\/\/dorogimedence.hu\/index.php\/2024\/03\/08\/ideiglenesen-athelyezik-a-varoshaza-elnevezesu-buszmegallot-dorogon\/\" class=\"yoast-seo-meta-tag\" \/>\n<meta property=\"og:site_name\" content=\"Dorogi-medence Region\u00e1lis H\u00edrport\u00e1l\" class=\"yoast-seo-meta-tag\" \/>\n<meta property=\"article:publisher\" content=\"https:\/\/www.facebook.com\/dorogimedence\/\" class=\"yoast-seo-meta-tag\" \/>\n<meta property=\"article:published_time\" content=\"2024-03-08T11:46:19+00:00\" class=\"yoast-seo-meta-tag\" \/>\n<meta property=\"og:image\" content=\"https:\/\/dorogimedence.hu\/wp-content\/uploads\/2024\/02\/dorog-munkalatok.jpg\" class=\"yoast-seo-meta-tag\" \/>\n\t<meta property=\"og:image:width\" content=\"1920\" class=\"yoast-seo-meta-tag\" \/>\n\t<meta property=\"og:image:height\" content=\"970\" class=\"yoast-seo-meta-tag\" \/>\n\t<meta property=\"og:image:type\" content=\"image\/jpeg\" class=\"yoast-seo-meta-tag\" \/>\n<meta name=\"author\" content=\"dorogimedence.hu\" class=\"yoast-seo-meta-tag\" \/>\n<meta name=\"twitter:card\" content=\"summary_large_image\" class=\"yoast-seo-meta-tag\" \/>\n<meta name=\"twitter:label1\" content=\"Szerz\u0151:\" class=\"yoast-seo-meta-tag\" \/>\n\t<meta name=\"twitter:data1\" content=\"dorogimedence.hu\" class=\"yoast-seo-meta-tag\" \/>\n\t<meta name=\"twitter:label2\" content=\"Becs\u00fclt olvas\u00e1si id\u0151\" class=\"yoast-seo-meta-tag\" \/>\n\t<meta name=\"twitter:data2\" content=\"1 perc\" class=\"yoast-seo-meta-tag\" \/>\n<script type=\"application\/ld+json\" class=\"yoast-schema-graph\">{\"@context\":\"https:\\\/\\\/schema.org\",\"@graph\":[{\"@type\":\"Article\",\"@id\":\"https:\\\/\\\/dorogimedence.hu\\\/index.php\\\/2024\\\/03\\\/08\\\/ideiglenesen-athelyezik-a-varoshaza-elnevezesu-buszmegallot-dorogon\\\/#article\",\"isPartOf\":{\"@id\":\"https:\\\/\\\/dorogimedence.hu\\\/index.php\\\/2024\\\/03\\\/08\\\/ideiglenesen-athelyezik-a-varoshaza-elnevezesu-buszmegallot-dorogon\\\/\"},\"author\":{\"name\":\"dorogimedence.hu\",\"@id\":\"https:\\\/\\\/dorogimedence.hu\\\/#\\\/schema\\\/person\\\/ce6091eeb7e95ecdc87890d6aa8e0fd4\"},\"headline\":\"Ideiglenesen \u00e1thelyezik a V\u00e1rosh\u00e1za elnevez\u00e9s\u0171 buszmeg\u00e1ll\u00f3t Dorogon\",\"datePublished\":\"2024-03-08T11:46:19+00:00\",\"mainEntityOfPage\":{\"@id\":\"https:\\\/\\\/dorogimedence.hu\\\/index.php\\\/2024\\\/03\\\/08\\\/ideiglenesen-athelyezik-a-varoshaza-elnevezesu-buszmegallot-dorogon\\\/\"},\"wordCount\":158,\"publisher\":{\"@id\":\"https:\\\/\\\/dorogimedence.hu\\\/#organization\"},\"image\":{\"@id\":\"https:\\\/\\\/dorogimedence.hu\\\/index.php\\\/2024\\\/03\\\/08\\\/ideiglenesen-athelyezik-a-varoshaza-elnevezesu-buszmegallot-dorogon\\\/#primaryimage\"},\"thumbnailUrl\":\"https:\\\/\\\/dorogimedence.hu\\\/wp-content\\\/uploads\\\/2024\\\/02\\\/dorog-munkalatok.jpg\",\"keywords\":[\"Dorog\",\"featured\"],\"articleSection\":[\"Dorog\",\"H\u00edrek\"],\"inLanguage\":\"hu\"},{\"@type\":\"WebPage\",\"@id\":\"https:\\\/\\\/dorogimedence.hu\\\/index.php\\\/2024\\\/03\\\/08\\\/ideiglenesen-athelyezik-a-varoshaza-elnevezesu-buszmegallot-dorogon\\\/\",\"url\":\"https:\\\/\\\/dorogimedence.hu\\\/index.php\\\/2024\\\/03\\\/08\\\/ideiglenesen-athelyezik-a-varoshaza-elnevezesu-buszmegallot-dorogon\\\/\",\"name\":\"Ideiglenesen \u00e1thelyezik a V\u00e1rosh\u00e1za elnevez\u00e9s\u0171 buszmeg\u00e1ll\u00f3t Dorogon\",\"isPartOf\":{\"@id\":\"https:\\\/\\\/dorogimedence.hu\\\/#website\"},\"primaryImageOfPage\":{\"@id\":\"https:\\\/\\\/dorogimedence.hu\\\/index.php\\\/2024\\\/03\\\/08\\\/ideiglenesen-athelyezik-a-varoshaza-elnevezesu-buszmegallot-dorogon\\\/#primaryimage\"},\"image\":{\"@id\":\"https:\\\/\\\/dorogimedence.hu\\\/index.php\\\/2024\\\/03\\\/08\\\/ideiglenesen-athelyezik-a-varoshaza-elnevezesu-buszmegallot-dorogon\\\/#primaryimage\"},\"thumbnailUrl\":\"https:\\\/\\\/dorogimedence.hu\\\/wp-content\\\/uploads\\\/2024\\\/02\\\/dorog-munkalatok.jpg\",\"datePublished\":\"2024-03-08T11:46:19+00:00\",\"breadcrumb\":{\"@id\":\"https:\\\/\\\/dorogimedence.hu\\\/index.php\\\/2024\\\/03\\\/08\\\/ideiglenesen-athelyezik-a-varoshaza-elnevezesu-buszmegallot-dorogon\\\/#breadcrumb\"},\"inLanguage\":\"hu\",\"potentialAction\":[{\"@type\":\"ReadAction\",\"target\":[\"https:\\\/\\\/dorogimedence.hu\\\/index.php\\\/2024\\\/03\\\/08\\\/ideiglenesen-athelyezik-a-varoshaza-elnevezesu-buszmegallot-dorogon\\\/\"]}]},{\"@type\":\"ImageObject\",\"inLanguage\":\"hu\",\"@id\":\"https:\\\/\\\/dorogimedence.hu\\\/index.php\\\/2024\\\/03\\\/08\\\/ideiglenesen-athelyezik-a-varoshaza-elnevezesu-buszmegallot-dorogon\\\/#primaryimage\",\"url\":\"https:\\\/\\\/dorogimedence.hu\\\/wp-content\\\/uploads\\\/2024\\\/02\\\/dorog-munkalatok.jpg\",\"contentUrl\":\"https:\\\/\\\/dorogimedence.hu\\\/wp-content\\\/uploads\\\/2024\\\/02\\\/dorog-munkalatok.jpg\",\"width\":1920,\"height\":970},{\"@type\":\"BreadcrumbList\",\"@id\":\"https:\\\/\\\/dorogimedence.hu\\\/index.php\\\/2024\\\/03\\\/08\\\/ideiglenesen-athelyezik-a-varoshaza-elnevezesu-buszmegallot-dorogon\\\/#breadcrumb\",\"itemListElement\":[{\"@type\":\"ListItem\",\"position\":1,\"name\":\"Kezd\u0151lap\",\"item\":\"https:\\\/\\\/dorogimedence.hu\\\/\"},{\"@type\":\"ListItem\",\"position\":2,\"name\":\"Ideiglenesen \u00e1thelyezik a V\u00e1rosh\u00e1za elnevez\u00e9s\u0171 buszmeg\u00e1ll\u00f3t Dorogon\"}]},{\"@type\":\"WebSite\",\"@id\":\"https:\\\/\\\/dorogimedence.hu\\\/#website\",\"url\":\"https:\\\/\\\/dorogimedence.hu\\\/\",\"name\":\"Dorogi-medence Region\u00e1lis H\u00edrport\u00e1l\",\"description\":\"Dorog, Keszt\u00f6lc, Le\u00e1nyv\u00e1r, Piliscs\u00e9v, Tokod, Tokodalt\u00e1r\u00f3, Csolnok, Esztergom-kertv\u00e1ros: h\u00edrek, programok\",\"publisher\":{\"@id\":\"https:\\\/\\\/dorogimedence.hu\\\/#organization\"},\"potentialAction\":[{\"@type\":\"SearchAction\",\"target\":{\"@type\":\"EntryPoint\",\"urlTemplate\":\"https:\\\/\\\/dorogimedence.hu\\\/?s={search_term_string}\"},\"query-input\":{\"@type\":\"PropertyValueSpecification\",\"valueRequired\":true,\"valueName\":\"search_term_string\"}}],\"inLanguage\":\"hu\"},{\"@type\":\"Organization\",\"@id\":\"https:\\\/\\\/dorogimedence.hu\\\/#organization\",\"name\":\"Dorogi-medence Region\u00e1lis H\u00edrport\u00e1l\",\"url\":\"https:\\\/\\\/dorogimedence.hu\\\/\",\"logo\":{\"@type\":\"ImageObject\",\"inLanguage\":\"hu\",\"@id\":\"https:\\\/\\\/dorogimedence.hu\\\/#\\\/schema\\\/logo\\\/image\\\/\",\"url\":\"https:\\\/\\\/dorogimedence.hu\\\/wp-content\\\/uploads\\\/2021\\\/04\\\/logo-feher-600.png\",\"contentUrl\":\"https:\\\/\\\/dorogimedence.hu\\\/wp-content\\\/uploads\\\/2021\\\/04\\\/logo-feher-600.png\",\"width\":600,\"height\":100,\"caption\":\"Dorogi-medence Region\u00e1lis H\u00edrport\u00e1l\"},\"image\":{\"@id\":\"https:\\\/\\\/dorogimedence.hu\\\/#\\\/schema\\\/logo\\\/image\\\/\"},\"sameAs\":[\"https:\\\/\\\/www.facebook.com\\\/dorogimedence\\\/\"]},{\"@type\":\"Person\",\"@id\":\"https:\\\/\\\/dorogimedence.hu\\\/#\\\/schema\\\/person\\\/ce6091eeb7e95ecdc87890d6aa8e0fd4\",\"name\":\"dorogimedence.hu\",\"image\":{\"@type\":\"ImageObject\",\"inLanguage\":\"hu\",\"@id\":\"\\\/\\\/www.gravatar.com\\\/avatar\\\/d8d45f8901aadff40a4af72c0b826f1d?s=96&#038;r=g&#038;d=mm\",\"url\":\"\\\/\\\/www.gravatar.com\\\/avatar\\\/d8d45f8901aadff40a4af72c0b826f1d?s=96&#038;r=g&#038;d=mm\",\"contentUrl\":\"\\\/\\\/www.gravatar.com\\\/avatar\\\/d8d45f8901aadff40a4af72c0b826f1d?s=96&#038;r=g&#038;d=mm\",\"caption\":\"dorogimedence.hu\"}}]}<\/script>\n<!-- \/ Yoast SEO plugin. -->","yoast_head_json":{"title":"Ideiglenesen \u00e1thelyezik a V\u00e1rosh\u00e1za elnevez\u00e9s\u0171 buszmeg\u00e1ll\u00f3t Dorogon","robots":{"index":"index","follow":"follow","max-snippet":"max-snippet:-1","max-image-preview":"max-image-preview:large","max-video-preview":"max-video-preview:-1"},"canonical":"https:\/\/dorogimedence.hu\/index.php\/2024\/03\/08\/ideiglenesen-athelyezik-a-varoshaza-elnevezesu-buszmegallot-dorogon\/","og_locale":"hu_HU","og_type":"article","og_title":"Ideiglenesen \u00e1thelyezik a V\u00e1rosh\u00e1za elnevez\u00e9s\u0171 buszmeg\u00e1ll\u00f3t Dorogon","og_description":"Kor\u00e1bban \u00edrtuk, hogy az \u00c9DV Zrt. megb\u00edz\u00e1s\u00e1b\u00f3l az ADONYI Kft. csatorna rekonstrukci\u00f3s munk\u00e1latokat v\u00e9gez (\u00fczemel\u0151 h\u00e1l\u00f3zat folyamatos fenntart\u00e1s\u00e1val) Dorogon, az Esztergomi \u00fat 1. \u00e9s 17. sz\u00e1m k\u00f6z\u00f6tt 2024. febru\u00e1r 8-t\u00f3l v\u00e1rhat\u00f3an 75 napig. A munk\u00e1latok hamarosan a Dorog, V\u00e1rosh\u00e1za elnevez\u00e9s\u0171 buszmeg\u00e1ll\u00f3hoz \u00e9rnek, \u00edgy a COOP \u00e1ruh\u00e1z oldal\u00e1n tal\u00e1lhat\u00f3 buszmeg\u00e1ll\u00f3t 2024. m\u00e1rcius 14-t\u0151l ideiglenesen \u00e1thelyezik az","og_url":"https:\/\/dorogimedence.hu\/index.php\/2024\/03\/08\/ideiglenesen-athelyezik-a-varoshaza-elnevezesu-buszmegallot-dorogon\/","og_site_name":"Dorogi-medence Region\u00e1lis H\u00edrport\u00e1l","article_publisher":"https:\/\/www.facebook.com\/dorogimedence\/","article_published_time":"2024-03-08T11:46:19+00:00","og_image":[{"width":1920,"height":970,"url":"https:\/\/dorogimedence.hu\/wp-content\/uploads\/2024\/02\/dorog-munkalatok.jpg","type":"image\/jpeg"}],"author":"dorogimedence.hu","twitter_card":"summary_large_image","twitter_misc":{"Szerz\u0151:":"dorogimedence.hu","Becs\u00fclt olvas\u00e1si id\u0151":"1 perc"},"schema":{"@context":"https:\/\/schema.org","@graph":[{"@type":"Article","@id":"https:\/\/dorogimedence.hu\/index.php\/2024\/03\/08\/ideiglenesen-athelyezik-a-varoshaza-elnevezesu-buszmegallot-dorogon\/#article","isPartOf":{"@id":"https:\/\/dorogimedence.hu\/index.php\/2024\/03\/08\/ideiglenesen-athelyezik-a-varoshaza-elnevezesu-buszmegallot-dorogon\/"},"author":{"name":"dorogimedence.hu","@id":"https:\/\/dorogimedence.hu\/#\/schema\/person\/ce6091eeb7e95ecdc87890d6aa8e0fd4"},"headline":"Ideiglenesen \u00e1thelyezik a V\u00e1rosh\u00e1za elnevez\u00e9s\u0171 buszmeg\u00e1ll\u00f3t Dorogon","datePublished":"2024-03-08T11:46:19+00:00","mainEntityOfPage":{"@id":"https:\/\/dorogimedence.hu\/index.php\/2024\/03\/08\/ideiglenesen-athelyezik-a-varoshaza-elnevezesu-buszmegallot-dorogon\/"},"wordCount":158,"publisher":{"@id":"https:\/\/dorogimedence.hu\/#organization"},"image":{"@id":"https:\/\/dorogimedence.hu\/index.php\/2024\/03\/08\/ideiglenesen-athelyezik-a-varoshaza-elnevezesu-buszmegallot-dorogon\/#primaryimage"},"thumbnailUrl":"https:\/\/dorogimedence.hu\/wp-content\/uploads\/2024\/02\/dorog-munkalatok.jpg","keywords":["Dorog","featured"],"articleSection":["Dorog","H\u00edrek"],"inLanguage":"hu"},{"@type":"WebPage","@id":"https:\/\/dorogimedence.hu\/index.php\/2024\/03\/08\/ideiglenesen-athelyezik-a-varoshaza-elnevezesu-buszmegallot-dorogon\/","url":"https:\/\/dorogimedence.hu\/index.php\/2024\/03\/08\/ideiglenesen-athelyezik-a-varoshaza-elnevezesu-buszmegallot-dorogon\/","name":"Ideiglenesen \u00e1thelyezik a V\u00e1rosh\u00e1za elnevez\u00e9s\u0171 buszmeg\u00e1ll\u00f3t Dorogon","isPartOf":{"@id":"https:\/\/dorogimedence.hu\/#website"},"primaryImageOfPage":{"@id":"https:\/\/dorogimedence.hu\/index.php\/2024\/03\/08\/ideiglenesen-athelyezik-a-varoshaza-elnevezesu-buszmegallot-dorogon\/#primaryimage"},"image":{"@id":"https:\/\/dorogimedence.hu\/index.php\/2024\/03\/08\/ideiglenesen-athelyezik-a-varoshaza-elnevezesu-buszmegallot-dorogon\/#primaryimage"},"thumbnailUrl":"https:\/\/dorogimedence.hu\/wp-content\/uploads\/2024\/02\/dorog-munkalatok.jpg","datePublished":"2024-03-08T11:46:19+00:00","breadcrumb":{"@id":"https:\/\/dorogimedence.hu\/index.php\/2024\/03\/08\/ideiglenesen-athelyezik-a-varoshaza-elnevezesu-buszmegallot-dorogon\/#breadcrumb"},"inLanguage":"hu","potentialAction":[{"@type":"ReadAction","target":["https:\/\/dorogimedence.hu\/index.php\/2024\/03\/08\/ideiglenesen-athelyezik-a-varoshaza-elnevezesu-buszmegallot-dorogon\/"]}]},{"@type":"ImageObject","inLanguage":"hu","@id":"https:\/\/dorogimedence.hu\/index.php\/2024\/03\/08\/ideiglenesen-athelyezik-a-varoshaza-elnevezesu-buszmegallot-dorogon\/#primaryimage","url":"https:\/\/dorogimedence.hu\/wp-content\/uploads\/2024\/02\/dorog-munkalatok.jpg","contentUrl":"https:\/\/dorogimedence.hu\/wp-content\/uploads\/2024\/02\/dorog-munkalatok.jpg","width":1920,"height":970},{"@type":"BreadcrumbList","@id":"https:\/\/dorogimedence.hu\/index.php\/2024\/03\/08\/ideiglenesen-athelyezik-a-varoshaza-elnevezesu-buszmegallot-dorogon\/#breadcrumb","itemListElement":[{"@type":"ListItem","position":1,"name":"Kezd\u0151lap","item":"https:\/\/dorogimedence.hu\/"},{"@type":"ListItem","position":2,"name":"Ideiglenesen \u00e1thelyezik a V\u00e1rosh\u00e1za elnevez\u00e9s\u0171 buszmeg\u00e1ll\u00f3t Dorogon"}]},{"@type":"WebSite","@id":"https:\/\/dorogimedence.hu\/#website","url":"https:\/\/dorogimedence.hu\/","name":"Dorogi-medence Region\u00e1lis H\u00edrport\u00e1l","description":"Dorog, Keszt\u00f6lc, Le\u00e1nyv\u00e1r, Piliscs\u00e9v, Tokod, Tokodalt\u00e1r\u00f3, Csolnok, Esztergom-kertv\u00e1ros: h\u00edrek, programok","publisher":{"@id":"https:\/\/dorogimedence.hu\/#organization"},"potentialAction":[{"@type":"SearchAction","target":{"@type":"EntryPoint","urlTemplate":"https:\/\/dorogimedence.hu\/?s={search_term_string}"},"query-input":{"@type":"PropertyValueSpecification","valueRequired":true,"valueName":"search_term_string"}}],"inLanguage":"hu"},{"@type":"Organization","@id":"https:\/\/dorogimedence.hu\/#organization","name":"Dorogi-medence Region\u00e1lis H\u00edrport\u00e1l","url":"https:\/\/dorogimedence.hu\/","logo":{"@type":"ImageObject","inLanguage":"hu","@id":"https:\/\/dorogimedence.hu\/#\/schema\/logo\/image\/","url":"https:\/\/dorogimedence.hu\/wp-content\/uploads\/2021\/04\/logo-feher-600.png","contentUrl":"https:\/\/dorogimedence.hu\/wp-content\/uploads\/2021\/04\/logo-feher-600.png","width":600,"height":100,"caption":"Dorogi-medence Region\u00e1lis H\u00edrport\u00e1l"},"image":{"@id":"https:\/\/dorogimedence.hu\/#\/schema\/logo\/image\/"},"sameAs":["https:\/\/www.facebook.com\/dorogimedence\/"]},{"@type":"Person","@id":"https:\/\/dorogimedence.hu\/#\/schema\/person\/ce6091eeb7e95ecdc87890d6aa8e0fd4","name":"dorogimedence.hu","image":{"@type":"ImageObject","inLanguage":"hu","@id":"\/\/www.gravatar.com\/avatar\/d8d45f8901aadff40a4af72c0b826f1d?s=96&#038;r=g&#038;d=mm","url":"\/\/www.gravatar.com\/avatar\/d8d45f8901aadff40a4af72c0b826f1d?s=96&#038;r=g&#038;d=mm","contentUrl":"\/\/www.gravatar.com\/avatar\/d8d45f8901aadff40a4af72c0b826f1d?s=96&#038;r=g&#038;d=mm","caption":"dorogimedence.hu"}}]}},"_links":{"self":[{"href":"https:\/\/dorogimedence.hu\/index.php\/wp-json\/wp\/v2\/posts\/60173","targetHints":{"allow":["GET"]}}],"collection":[{"href":"https:\/\/dorogimedence.hu\/index.php\/wp-json\/wp\/v2\/posts"}],"about":[{"href":"https:\/\/dorogimedence.hu\/index.php\/wp-json\/wp\/v2\/types\/post"}],"author":[{"embeddable":true,"href":"https:\/\/dorogimedence.hu\/index.php\/wp-json\/wp\/v2\/users\/1"}],"replies":[{"embeddable":true,"href":"https:\/\/dorogimedence.hu\/index.php\/wp-json\/wp\/v2\/comments?post=60173"}],"version-history":[{"count":0,"href":"https:\/\/dorogimedence.hu\/index.php\/wp-json\/wp\/v2\/posts\/60173\/revisions"}],"wp:featuredmedia":[{"embeddable":true,"href":"https:\/\/dorogimedence.hu\/index.php\/wp-json\/wp\/v2\/media\/59543"}],"wp:attachment":[{"href":"https:\/\/dorogimedence.hu\/index.php\/wp-json\/wp\/v2\/media?parent=60173"}],"wp:term":[{"taxonomy":"category","embeddable":true,"href":"https:\/\/dorogimedence.hu\/index.php\/wp-json\/wp\/v2\/categories?post=60173"},{"taxonomy":"post_tag","embeddable":true,"href":"https:\/\/dorogimedence.hu\/index.php\/wp-json\/wp\/v2\/tags?post=60173"}],"curies":[{"name":"wp","href":"https:\/\/api.w.org\/{rel}","templated":true}]}}